{"id":488028,"date":"2014-02-10T21:40:44","date_gmt":"2014-02-10T22:40:44","guid":{"rendered":"http:\/\/www.eldigitaldeasturias.com\/noticias\/?p=488028"},"modified":"2014-02-10T21:40:44","modified_gmt":"2014-02-10T22:40:44","slug":"trafico-intensifica-esta-semana-el-control-de-camiones-y-furgonetas","status":"publish","type":"post","link":"https:\/\/www.eldigitaldeasturias.com\/noticias\/trafico-intensifica-esta-semana-el-control-de-camiones-y-furgonetas\/","title":{"rendered":"Tr\u00e1fico intensifica esta semana el control de camiones y furgonetas"},"content":{"rendered":"<p><img loading=\"lazy\" decoding=\"async\" class=\"alignleft size-medium wp-image-488029\" alt=\"5927907w\" src=\"https:\/\/www.eldigitaldeasturias.com\/noticias\/wp-content\/uploads\/2014\/02\/5927907w-360x240.jpg\" width=\"360\" height=\"240\" \/>Madrid, 10 feb (EFE).- La Direcci\u00f3n General de Tr\u00e1fico (DGT) pondr\u00e1 en marcha a lo largo de toda esta semana una campa\u00f1a de control y vigilancia de camiones y furgonetas, un parque de veh\u00edculos que representa el 15 % del total y que implica el 14 % de los accidentes con v\u00edctimas ocurridos en 2012.<\/p>\n<p>Desde hoy hasta el domingo agentes de la Agrupaci\u00f3n de Tr\u00e1fico de la Guardia Civil, junto a polic\u00edas auton\u00f3micas y locales, controlar\u00e1n furgonetas y camiones y se centrar\u00e1n en revisar aspectos como la velocidad, las horas de conducci\u00f3n y tac\u00f3grafos, el exceso de peso y la seguridad de la carga transportada, defectos t\u00e9cnicos de los veh\u00edculos, uso del cintur\u00f3n de seguridad de los ocupantes, control de alcohol y drogas de los conductores y documentaci\u00f3n tanto del veh\u00edculo como del conductor.<\/p>\n<p>Seg\u00fan ha informado la DGT, los camiones y furgonetas son el segundo tipo de veh\u00edculos m\u00e1s numeroso (el 15 % del total del parque automovil\u00edstico, con casi 5 millones de veh\u00edculos), y en 2012 se vieron implicados en el 14 % de los accidentes con v\u00edctimas.<\/p>\n<p>A lo largo de 2012 (\u00faltimo a\u00f1o del que se tienen datos consolidados) se produjeron 11.231 accidentes con v\u00edctimas en los que un cami\u00f3n o furgoneta estuvo implicado, siniestros en los que fallecieron 463 personas, de las cuales 147 eran ocupantes de furgonetas o camiones.<\/p>\n<p>De estos 147 fallecidos, 41 no llevaba puesto el cintur\u00f3n de seguridad -40 de ellos en accidentes que tuvieron lugar en v\u00edas interurbanas-.<\/p>\n<p>Como principales causas de los accidentes de estos veh\u00edculos se encuentran la distracci\u00f3n (que estuvo presente en 4.642 de los 11.231 siniestros) y la velocidad inadecuada (que estuvo detr\u00e1s de m\u00e1s de 1.000 accidentes).<\/p>\n<p>Otra causa de siniestralidad es el alcohol y, seg\u00fan los datos que ofrece la DGT, 395 conductores de camiones y furgonetas implicados en accidentes con v\u00edctimas conduc\u00edan con una tasa de alcohol superior a la permitida.<\/p>\n<p>Junto con el peso, la correcta sujeci\u00f3n de la carga es vital en caso de accidente tanto para el conductor como para los ocupantes del otro veh\u00edculo o veh\u00edculos implicados, y por eso tr\u00e1fico ha editado un v\u00eddeo informativo -que se puede ver en el canal de YouTube de la DGT- en el que se explica c\u00f3mo se debe sujetar y colocar la mercanc\u00eda que se transporte en las furgonetas.<\/p>\n<p>La campa\u00f1a de Tr\u00e1fico coincide, como ya ocurri\u00f3 en a\u00f1os anteriores, con la que lleva a cabo la Organizaci\u00f3n Internacional de Polic\u00edas de Tr\u00e1fico (Tispol) simult\u00e1neamente en m\u00e1s de 25 pa\u00edses europeos.<\/p>\n<p>Por eso, cualquier conductor de cami\u00f3n o furgoneta que transite por carreteras de los pa\u00edses donde se lleva a cabo esta campa\u00f1a podr\u00e1 ser requerido para realizarle un control.<\/p>\n","protected":false},"excerpt":{"rendered":"<p>Madrid, 10 feb (EFE).- La Direcci\u00f3n General de Tr\u00e1fico (DGT) pondr\u00e1 en marcha a lo largo de toda esta semana una campa\u00f1a de control y vigilancia de camiones y furgonetas, un parque de veh\u00edculos que representa el 15 % del total y que implica el 14 % de los accidentes con v\u00edctimas ocurridos en 2012. [&hellip;]<\/p>\n","protected":false},"author":1,"featured_media":488029,"comment_status":"closed","ping_status":"closed","sticky":false,"template":"","format":"standard","meta":{"footnotes":""},"categories":[1],"tags":[],"class_list":["post-488028","post","type-post","status-publish","format-standard","has-post-thumbnail","hentry","category-actualidad"],"aioseo_notices":[],"aioseo_head":"\n\t\t<!-- All in One SEO Pro 5.0.1 - aioseo.com -->\n\t<meta name=\"description\" content=\"Madrid, 10 feb (EFE).- La Direcci\u00f3n General de Tr\u00e1fico (DGT) pondr\u00e1 en marcha a lo largo de toda esta semana una campa\u00f1a de control y vigilancia de camiones y furgonetas, un parque de veh\u00edculos que representa el 15 % del total y que implica el 14 % de los accidentes con v\u00edctimas ocurridos en 2012.\" \/>\n\t<meta name=\"robots\" content=\"max-image-preview:large\" \/>\n\t<meta name=\"author\" content=\"El Digital de Asturias\"\/>\n\t<meta name=\"google-site-verification\" content=\"UA-38556648-1\" \/>\n\t<meta name=\"msvalidate.01\" content=\"7dfe9f3f1b24437ab69f4f2559babe99\" \/>\n\t<meta name=\"keywords\" content=\"actualidad\" \/>\n\t<link rel=\"canonical\" href=\"https:\/\/www.eldigitaldeasturias.com\/noticias\/trafico-intensifica-esta-semana-el-control-de-camiones-y-furgonetas\/\" \/>\n\t<meta name=\"generator\" content=\"All in One SEO Pro (AIOSEO) 5.0.1\" \/>\n\t\t<meta property=\"og:locale\" content=\"es_ES\" \/>\n\t\t<meta property=\"og:site_name\" content=\"El Digital de Asturias\" \/>\n\t\t<meta property=\"og:type\" content=\"article\" \/>\n\t\t<meta property=\"og:title\" content=\"Tr\u00e1fico intensifica esta semana el control de camiones y furgonetas - El Digital de Asturias\" \/>\n\t\t<meta property=\"og:description\" content=\"Madrid, 10 feb (EFE).- La Direcci\u00f3n General de Tr\u00e1fico (DGT) pondr\u00e1 en marcha a lo largo de toda esta semana una campa\u00f1a de control y vigilancia de camiones y furgonetas, un parque de veh\u00edculos que representa el 15 % del total y que implica el 14 % de los accidentes con v\u00edctimas ocurridos en 2012.\" \/>\n\t\t<meta property=\"og:url\" content=\"https:\/\/www.eldigitaldeasturias.com\/noticias\/trafico-intensifica-esta-semana-el-control-de-camiones-y-furgonetas\/\" \/>\n\t\t<meta property=\"article:tag\" content=\"actualidad\" \/>\n\t\t<meta property=\"article:published_time\" content=\"2014-02-10T22:40:44+00:00\" \/>\n\t\t<meta property=\"article:modified_time\" content=\"2014-02-10T22:40:44+00:00\" \/>\n\t\t<meta property=\"article:publisher\" content=\"https:\/\/facebook.com\/eldigitaldeasturias\" \/>\n\t\t<meta name=\"twitter:card\" content=\"summary_large_image\" \/>\n\t\t<meta name=\"twitter:title\" content=\"Tr\u00e1fico intensifica esta semana el control de camiones y furgonetas - El Digital de Asturias\" \/>\n\t\t<meta name=\"twitter:description\" content=\"Madrid, 10 feb (EFE).- La Direcci\u00f3n General de Tr\u00e1fico (DGT) pondr\u00e1 en marcha a lo largo de toda esta semana una campa\u00f1a de control y vigilancia de camiones y furgonetas, un parque de veh\u00edculos que representa el 15 % del total y que implica el 14 % de los accidentes con v\u00edctimas ocurridos en 2012.\" \/>\n\t\t<meta name=\"twitter:label1\" content=\"Escrito por\" \/>\n\t\t<meta name=\"twitter:data1\" content=\"El Digital de Asturias\" \/>\n\t\t<meta name=\"twitter:label2\" content=\"Tiempo de lectura estimado\" \/>\n\t\t<meta name=\"twitter:data2\" content=\"2 minutos\" \/>\n\t\t<script type=\"application\/ld+json\" class=\"aioseo-schema\">\n\t\t\t{\"@context\":\"https:\\\/\\\/schema.org\",\"@graph\":[{\"@type\":\"BlogPosting\",\"@id\":\"https:\\\/\\\/www.eldigitaldeasturias.com\\\/noticias\\\/trafico-intensifica-esta-semana-el-control-de-camiones-y-furgonetas\\\/#blogposting\",\"name\":\"Tr\\u00e1fico intensifica esta semana el control de camiones y furgonetas - El Digital de Asturias\",\"headline\":\"Tr\\u00e1fico intensifica esta semana el control de camiones y furgonetas\",\"author\":{\"@id\":\"https:\\\/\\\/www.eldigitaldeasturias.com\\\/noticias\\\/author\\\/admin\\\/#author\"},\"publisher\":{\"@id\":\"https:\\\/\\\/www.eldigitaldeasturias.com\\\/noticias\\\/#organization\"},\"image\":{\"@type\":\"ImageObject\",\"url\":488029},\"datePublished\":\"2014-02-10T21:40:44+01:00\",\"dateModified\":\"2014-02-10T21:40:44+01:00\",\"inLanguage\":\"es-ES\",\"mainEntityOfPage\":{\"@id\":\"https:\\\/\\\/www.eldigitaldeasturias.com\\\/noticias\\\/trafico-intensifica-esta-semana-el-control-de-camiones-y-furgonetas\\\/#webpage\"},\"isPartOf\":{\"@id\":\"https:\\\/\\\/www.eldigitaldeasturias.com\\\/noticias\\\/trafico-intensifica-esta-semana-el-control-de-camiones-y-furgonetas\\\/#webpage\"},\"articleSection\":\"Actualidad\"},{\"@type\":\"BreadcrumbList\",\"@id\":\"https:\\\/\\\/www.eldigitaldeasturias.com\\\/noticias\\\/trafico-intensifica-esta-semana-el-control-de-camiones-y-furgonetas\\\/#breadcrumblist\",\"itemListElement\":[{\"@type\":\"ListItem\",\"@id\":\"https:\\\/\\\/www.eldigitaldeasturias.com\\\/noticias#listItem\",\"position\":1,\"name\":\"Home\",\"item\":\"https:\\\/\\\/www.eldigitaldeasturias.com\\\/noticias\",\"nextItem\":{\"@type\":\"ListItem\",\"@id\":\"https:\\\/\\\/www.eldigitaldeasturias.com\\\/noticias\\\/category\\\/actualidad\\\/#listItem\",\"name\":\"Actualidad\"}},{\"@type\":\"ListItem\",\"@id\":\"https:\\\/\\\/www.eldigitaldeasturias.com\\\/noticias\\\/category\\\/actualidad\\\/#listItem\",\"position\":2,\"name\":\"Actualidad\",\"item\":\"https:\\\/\\\/www.eldigitaldeasturias.com\\\/noticias\\\/category\\\/actualidad\\\/\",\"nextItem\":{\"@type\":\"ListItem\",\"@id\":\"https:\\\/\\\/www.eldigitaldeasturias.com\\\/noticias\\\/trafico-intensifica-esta-semana-el-control-de-camiones-y-furgonetas\\\/#listItem\",\"name\":\"Tr\\u00e1fico intensifica esta semana el control de camiones y furgonetas\"},\"previousItem\":{\"@type\":\"ListItem\",\"@id\":\"https:\\\/\\\/www.eldigitaldeasturias.com\\\/noticias#listItem\",\"name\":\"Home\"}},{\"@type\":\"ListItem\",\"@id\":\"https:\\\/\\\/www.eldigitaldeasturias.com\\\/noticias\\\/trafico-intensifica-esta-semana-el-control-de-camiones-y-furgonetas\\\/#listItem\",\"position\":3,\"name\":\"Tr\\u00e1fico intensifica esta semana el control de camiones y furgonetas\",\"previousItem\":{\"@type\":\"ListItem\",\"@id\":\"https:\\\/\\\/www.eldigitaldeasturias.com\\\/noticias\\\/category\\\/actualidad\\\/#listItem\",\"name\":\"Actualidad\"}}]},{\"@type\":\"Organization\",\"@id\":\"https:\\\/\\\/www.eldigitaldeasturias.com\\\/noticias\\\/#organization\",\"name\":\"El Digital de Asturias\",\"description\":\"Hemeroteca\",\"url\":\"https:\\\/\\\/www.eldigitaldeasturias.com\\\/noticias\\\/\",\"email\":\"info@eldigitaldeasturias.com\",\"telephone\":\"+34652131393\",\"logo\":{\"@type\":\"ImageObject\",\"url\":\"https:\\\/\\\/www.eldigitaldeasturias.com\\\/noticias\\\/wp-content\\\/uploads\\\/2020\\\/12\\\/EDA.jpg\",\"@id\":\"https:\\\/\\\/www.eldigitaldeasturias.com\\\/noticias\\\/trafico-intensifica-esta-semana-el-control-de-camiones-y-furgonetas\\\/#organizationLogo\"},\"image\":{\"@id\":\"https:\\\/\\\/www.eldigitaldeasturias.com\\\/noticias\\\/trafico-intensifica-esta-semana-el-control-de-camiones-y-furgonetas\\\/#organizationLogo\"},\"sameAs\":[\"https:\\\/\\\/facebook.com\\\/eldigitaldeasturias\",\"https:\\\/\\\/www.youtube.com\\\/channel\\\/UCZP-2wLEB9Rv6erhFmqVnvg\"],\"address\":{\"@id\":\"https:\\\/\\\/www.eldigitaldeasturias.com\\\/noticias\\\/#postaladdress\",\"@type\":\"PostalAddress\",\"streetAddress\":\"san antonio 4\",\"postalCode\":\"33430\",\"addressLocality\":\"Cand\\u00e1s\",\"addressRegion\":\"Asturias\",\"addressCountry\":\"ES\"}},{\"@type\":\"Person\",\"@id\":\"https:\\\/\\\/www.eldigitaldeasturias.com\\\/noticias\\\/author\\\/admin\\\/#author\",\"url\":\"https:\\\/\\\/www.eldigitaldeasturias.com\\\/noticias\\\/author\\\/admin\\\/\",\"name\":\"El Digital de Asturias\",\"image\":{\"@type\":\"ImageObject\",\"@id\":\"https:\\\/\\\/www.eldigitaldeasturias.com\\\/noticias\\\/trafico-intensifica-esta-semana-el-control-de-camiones-y-furgonetas\\\/#authorImage\",\"url\":\"https:\\\/\\\/secure.gravatar.com\\\/avatar\\\/df2aeffc32bcd13f8d26072ef8a91b623d677766deac7f97ca815868cd41bf5e?s=96&d=mm&r=g\",\"width\":96,\"height\":96,\"caption\":\"El Digital de Asturias\"}},{\"@type\":\"WebPage\",\"@id\":\"https:\\\/\\\/www.eldigitaldeasturias.com\\\/noticias\\\/trafico-intensifica-esta-semana-el-control-de-camiones-y-furgonetas\\\/#webpage\",\"url\":\"https:\\\/\\\/www.eldigitaldeasturias.com\\\/noticias\\\/trafico-intensifica-esta-semana-el-control-de-camiones-y-furgonetas\\\/\",\"name\":\"Tr\\u00e1fico intensifica esta semana el control de camiones y furgonetas - El Digital de Asturias\",\"description\":\"Madrid, 10 feb (EFE).- La Direcci\\u00f3n General de Tr\\u00e1fico (DGT) pondr\\u00e1 en marcha a lo largo de toda esta semana una campa\\u00f1a de control y vigilancia de camiones y furgonetas, un parque de veh\\u00edculos que representa el 15 % del total y que implica el 14 % de los accidentes con v\\u00edctimas ocurridos en 2012.\",\"inLanguage\":\"es-ES\",\"isPartOf\":{\"@id\":\"https:\\\/\\\/www.eldigitaldeasturias.com\\\/noticias\\\/#website\"},\"breadcrumb\":{\"@id\":\"https:\\\/\\\/www.eldigitaldeasturias.com\\\/noticias\\\/trafico-intensifica-esta-semana-el-control-de-camiones-y-furgonetas\\\/#breadcrumblist\"},\"author\":{\"@id\":\"https:\\\/\\\/www.eldigitaldeasturias.com\\\/noticias\\\/author\\\/admin\\\/#author\"},\"creator\":{\"@id\":\"https:\\\/\\\/www.eldigitaldeasturias.com\\\/noticias\\\/author\\\/admin\\\/#author\"},\"image\":{\"@type\":\"ImageObject\",\"url\":488029,\"@id\":\"https:\\\/\\\/www.eldigitaldeasturias.com\\\/noticias\\\/trafico-intensifica-esta-semana-el-control-de-camiones-y-furgonetas\\\/#mainImage\"},\"primaryImageOfPage\":{\"@id\":\"https:\\\/\\\/www.eldigitaldeasturias.com\\\/noticias\\\/trafico-intensifica-esta-semana-el-control-de-camiones-y-furgonetas\\\/#mainImage\"},\"datePublished\":\"2014-02-10T21:40:44+01:00\",\"dateModified\":\"2014-02-10T21:40:44+01:00\"},{\"@type\":\"WebSite\",\"@id\":\"https:\\\/\\\/www.eldigitaldeasturias.com\\\/noticias\\\/#website\",\"url\":\"https:\\\/\\\/www.eldigitaldeasturias.com\\\/noticias\\\/\",\"name\":\"El Digital de Asturias - Diario de actualidad y noticias\",\"alternateName\":\"El Digital de Asturias - Diario de actualidad y noticias\",\"description\":\"Hemeroteca\",\"inLanguage\":\"es-ES\",\"publisher\":{\"@id\":\"https:\\\/\\\/www.eldigitaldeasturias.com\\\/noticias\\\/#organization\"}}]}\n\t\t<\/script>\n\t\t<!-- All in One SEO Pro -->\r\n\t\t<title>Tr\u00e1fico intensifica esta semana el control de camiones y furgonetas - El Digital de Asturias<\/title>\n\n","aioseo_head_json":{"title":"Tr\u00e1fico intensifica esta semana el control de camiones y furgonetas - El Digital de Asturias","description":"Madrid, 10 feb (EFE).- La Direcci\u00f3n General de Tr\u00e1fico (DGT) pondr\u00e1 en marcha a lo largo de toda esta semana una campa\u00f1a de control y vigilancia de camiones y furgonetas, un parque de veh\u00edculos que representa el 15 % del total y que implica el 14 % de los accidentes con v\u00edctimas ocurridos en 2012.","canonical_url":"https:\/\/www.eldigitaldeasturias.com\/noticias\/trafico-intensifica-esta-semana-el-control-de-camiones-y-furgonetas\/","robots":"max-image-preview:large","keywords":"actualidad","webmasterTools":{"google-site-verification":"UA-38556648-1","msvalidate.01":"7dfe9f3f1b24437ab69f4f2559babe99","miscellaneous":""},"schema":{"@context":"https:\/\/schema.org","@graph":[{"@type":"BlogPosting","@id":"https:\/\/www.eldigitaldeasturias.com\/noticias\/trafico-intensifica-esta-semana-el-control-de-camiones-y-furgonetas\/#blogposting","name":"Tr\u00e1fico intensifica esta semana el control de camiones y furgonetas - El Digital de Asturias","headline":"Tr\u00e1fico intensifica esta semana el control de camiones y furgonetas","author":{"@id":"https:\/\/www.eldigitaldeasturias.com\/noticias\/author\/admin\/#author"},"publisher":{"@id":"https:\/\/www.eldigitaldeasturias.com\/noticias\/#organization"},"image":{"@type":"ImageObject","url":488029},"datePublished":"2014-02-10T21:40:44+01:00","dateModified":"2014-02-10T21:40:44+01:00","inLanguage":"es-ES","mainEntityOfPage":{"@id":"https:\/\/www.eldigitaldeasturias.com\/noticias\/trafico-intensifica-esta-semana-el-control-de-camiones-y-furgonetas\/#webpage"},"isPartOf":{"@id":"https:\/\/www.eldigitaldeasturias.com\/noticias\/trafico-intensifica-esta-semana-el-control-de-camiones-y-furgonetas\/#webpage"},"articleSection":"Actualidad"},{"@type":"BreadcrumbList","@id":"https:\/\/www.eldigitaldeasturias.com\/noticias\/trafico-intensifica-esta-semana-el-control-de-camiones-y-furgonetas\/#breadcrumblist","itemListElement":[{"@type":"ListItem","@id":"https:\/\/www.eldigitaldeasturias.com\/noticias#listItem","position":1,"name":"Home","item":"https:\/\/www.eldigitaldeasturias.com\/noticias","nextItem":{"@type":"ListItem","@id":"https:\/\/www.eldigitaldeasturias.com\/noticias\/category\/actualidad\/#listItem","name":"Actualidad"}},{"@type":"ListItem","@id":"https:\/\/www.eldigitaldeasturias.com\/noticias\/category\/actualidad\/#listItem","position":2,"name":"Actualidad","item":"https:\/\/www.eldigitaldeasturias.com\/noticias\/category\/actualidad\/","nextItem":{"@type":"ListItem","@id":"https:\/\/www.eldigitaldeasturias.com\/noticias\/trafico-intensifica-esta-semana-el-control-de-camiones-y-furgonetas\/#listItem","name":"Tr\u00e1fico intensifica esta semana el control de camiones y furgonetas"},"previousItem":{"@type":"ListItem","@id":"https:\/\/www.eldigitaldeasturias.com\/noticias#listItem","name":"Home"}},{"@type":"ListItem","@id":"https:\/\/www.eldigitaldeasturias.com\/noticias\/trafico-intensifica-esta-semana-el-control-de-camiones-y-furgonetas\/#listItem","position":3,"name":"Tr\u00e1fico intensifica esta semana el control de camiones y furgonetas","previousItem":{"@type":"ListItem","@id":"https:\/\/www.eldigitaldeasturias.com\/noticias\/category\/actualidad\/#listItem","name":"Actualidad"}}]},{"@type":"Organization","@id":"https:\/\/www.eldigitaldeasturias.com\/noticias\/#organization","name":"El Digital de Asturias","description":"Hemeroteca","url":"https:\/\/www.eldigitaldeasturias.com\/noticias\/","email":"info@eldigitaldeasturias.com","telephone":"+34652131393","logo":{"@type":"ImageObject","url":"https:\/\/www.eldigitaldeasturias.com\/noticias\/wp-content\/uploads\/2020\/12\/EDA.jpg","@id":"https:\/\/www.eldigitaldeasturias.com\/noticias\/trafico-intensifica-esta-semana-el-control-de-camiones-y-furgonetas\/#organizationLogo"},"image":{"@id":"https:\/\/www.eldigitaldeasturias.com\/noticias\/trafico-intensifica-esta-semana-el-control-de-camiones-y-furgonetas\/#organizationLogo"},"sameAs":["https:\/\/facebook.com\/eldigitaldeasturias","https:\/\/www.youtube.com\/channel\/UCZP-2wLEB9Rv6erhFmqVnvg"],"address":{"@id":"https:\/\/www.eldigitaldeasturias.com\/noticias\/#postaladdress","@type":"PostalAddress","streetAddress":"san antonio 4","postalCode":"33430","addressLocality":"Cand\u00e1s","addressRegion":"Asturias","addressCountry":"ES"}},{"@type":"Person","@id":"https:\/\/www.eldigitaldeasturias.com\/noticias\/author\/admin\/#author","url":"https:\/\/www.eldigitaldeasturias.com\/noticias\/author\/admin\/","name":"El Digital de Asturias","image":{"@type":"ImageObject","@id":"https:\/\/www.eldigitaldeasturias.com\/noticias\/trafico-intensifica-esta-semana-el-control-de-camiones-y-furgonetas\/#authorImage","url":"https:\/\/secure.gravatar.com\/avatar\/df2aeffc32bcd13f8d26072ef8a91b623d677766deac7f97ca815868cd41bf5e?s=96&d=mm&r=g","width":96,"height":96,"caption":"El Digital de Asturias"}},{"@type":"WebPage","@id":"https:\/\/www.eldigitaldeasturias.com\/noticias\/trafico-intensifica-esta-semana-el-control-de-camiones-y-furgonetas\/#webpage","url":"https:\/\/www.eldigitaldeasturias.com\/noticias\/trafico-intensifica-esta-semana-el-control-de-camiones-y-furgonetas\/","name":"Tr\u00e1fico intensifica esta semana el control de camiones y furgonetas - El Digital de Asturias","description":"Madrid, 10 feb (EFE).- La Direcci\u00f3n General de Tr\u00e1fico (DGT) pondr\u00e1 en marcha a lo largo de toda esta semana una campa\u00f1a de control y vigilancia de camiones y furgonetas, un parque de veh\u00edculos que representa el 15 % del total y que implica el 14 % de los accidentes con v\u00edctimas ocurridos en 2012.","inLanguage":"es-ES","isPartOf":{"@id":"https:\/\/www.eldigitaldeasturias.com\/noticias\/#website"},"breadcrumb":{"@id":"https:\/\/www.eldigitaldeasturias.com\/noticias\/trafico-intensifica-esta-semana-el-control-de-camiones-y-furgonetas\/#breadcrumblist"},"author":{"@id":"https:\/\/www.eldigitaldeasturias.com\/noticias\/author\/admin\/#author"},"creator":{"@id":"https:\/\/www.eldigitaldeasturias.com\/noticias\/author\/admin\/#author"},"image":{"@type":"ImageObject","url":488029,"@id":"https:\/\/www.eldigitaldeasturias.com\/noticias\/trafico-intensifica-esta-semana-el-control-de-camiones-y-furgonetas\/#mainImage"},"primaryImageOfPage":{"@id":"https:\/\/www.eldigitaldeasturias.com\/noticias\/trafico-intensifica-esta-semana-el-control-de-camiones-y-furgonetas\/#mainImage"},"datePublished":"2014-02-10T21:40:44+01:00","dateModified":"2014-02-10T21:40:44+01:00"},{"@type":"WebSite","@id":"https:\/\/www.eldigitaldeasturias.com\/noticias\/#website","url":"https:\/\/www.eldigitaldeasturias.com\/noticias\/","name":"El Digital de Asturias - Diario de actualidad y noticias","alternateName":"El Digital de Asturias - Diario de actualidad y noticias","description":"Hemeroteca","inLanguage":"es-ES","publisher":{"@id":"https:\/\/www.eldigitaldeasturias.com\/noticias\/#organization"}}]},"og:locale":"es_ES","og:site_name":"El Digital de Asturias","og:type":"article","og:title":"Tr\u00e1fico intensifica esta semana el control de camiones y furgonetas - El Digital de Asturias","og:description":"Madrid, 10 feb (EFE).- La Direcci\u00f3n General de Tr\u00e1fico (DGT) pondr\u00e1 en marcha a lo largo de toda esta semana una campa\u00f1a de control y vigilancia de camiones y furgonetas, un parque de veh\u00edculos que representa el 15 % del total y que implica el 14 % de los accidentes con v\u00edctimas ocurridos en 2012.","og:url":"https:\/\/www.eldigitaldeasturias.com\/noticias\/trafico-intensifica-esta-semana-el-control-de-camiones-y-furgonetas\/","article:tag":["actualidad"],"article:published_time":"2014-02-10T22:40:44+00:00","article:modified_time":"2014-02-10T22:40:44+00:00","article:publisher":"https:\/\/facebook.com\/eldigitaldeasturias","twitter:card":"summary_large_image","twitter:title":"Tr\u00e1fico intensifica esta semana el control de camiones y furgonetas - El Digital de Asturias","twitter:description":"Madrid, 10 feb (EFE).- La Direcci\u00f3n General de Tr\u00e1fico (DGT) pondr\u00e1 en marcha a lo largo de toda esta semana una campa\u00f1a de control y vigilancia de camiones y furgonetas, un parque de veh\u00edculos que representa el 15 % del total y que implica el 14 % de los accidentes con v\u00edctimas ocurridos en 2012.","twitter:label1":"Escrito por","twitter:data1":"El Digital de Asturias","twitter:label2":"Tiempo de lectura estimado","twitter:data2":"2 minutos"},"aioseo_meta_data":{"post_id":"488028","title":null,"description":null,"keywords":null,"keyphrases":null,"primary_term":null,"canonical_url":null,"og_title":null,"og_description":null,"og_object_type":"default","og_image_type":"default","og_image_url":null,"og_image_width":null,"og_image_height":null,"og_image_custom_url":null,"og_image_custom_fields":null,"og_video":null,"og_custom_url":null,"og_article_section":null,"og_article_tags":null,"twitter_use_og":true,"twitter_card":"default","twitter_image_type":"default","twitter_image_url":null,"twitter_image_custom_url":null,"twitter_image_custom_fields":null,"twitter_title":null,"twitter_description":null,"schema":{"blockGraphs":[],"customGraphs":[],"default":{"data":{"Article":[],"Course":[],"Dataset":[],"FAQPage":[],"Movie":[],"Person":[],"Product":[],"ProductReview":[],"Car":[],"Recipe":[],"Service":[],"SoftwareApplication":[],"WebPage":[]},"graphName":"","isEnabled":true},"graphs":[],"defaultGraph":"","defaultPostTypeGraph":""},"schema_type":null,"schema_type_options":null,"pillar_content":false,"robots_default":true,"robots_noindex":false,"robots_noarchive":false,"robots_nosnippet":false,"robots_nofollow":false,"robots_noimageindex":false,"robots_noodp":false,"robots_notranslate":false,"robots_max_snippet":null,"robots_max_videopreview":null,"robots_max_imagepreview":"none","priority":null,"frequency":null,"local_seo":null,"seo_analyzer_scan_date":"2026-06-03 06:42:27","breadcrumb_settings":null,"limit_modified_date":false,"open_ai":null,"ai":null,"created":"2020-11-14 22:57:06","updated":"2026-06-03 06:42:27","focus_keyword":null,"additional_keywords":null,"truseo_locale":null},"aioseo_breadcrumb":"<div class=\"aioseo-breadcrumbs\"><span class=\"aioseo-breadcrumb\">\n\t<a href=\"https:\/\/www.eldigitaldeasturias.com\/noticias\" title=\"Home\">Home<\/a>\n<\/span><span class=\"aioseo-breadcrumb-separator\">\u2013<\/span><span class=\"aioseo-breadcrumb\">\n\t<a href=\"https:\/\/www.eldigitaldeasturias.com\/noticias\/category\/actualidad\/\" title=\"Actualidad\">Actualidad<\/a>\n<\/span><span class=\"aioseo-breadcrumb-separator\">\u2013<\/span><span class=\"aioseo-breadcrumb\">\n\t<a href=\"https:\/\/www.eldigitaldeasturias.com\/noticias\/trafico-intensifica-esta-semana-el-control-de-camiones-y-furgonetas\/\" title=\"Tr\u00e1fico intensifica esta semana el control de camiones y furgonetas\">Tr\u00e1fico intensifica esta semana el control de camiones y furgonetas<\/a>\n<\/span><\/div>","aioseo_breadcrumb_json":[{"label":"Home","link":"https:\/\/www.eldigitaldeasturias.com\/noticias"},{"label":"Actualidad","link":"https:\/\/www.eldigitaldeasturias.com\/noticias\/category\/actualidad\/"},{"label":"Tr\u00e1fico intensifica esta semana el control de camiones y furgonetas","link":"https:\/\/www.eldigitaldeasturias.com\/noticias\/trafico-intensifica-esta-semana-el-control-de-camiones-y-furgonetas\/"}],"_links":{"self":[{"href":"https:\/\/www.eldigitaldeasturias.com\/noticias\/wp-json\/wp\/v2\/posts\/488028","targetHints":{"allow":["GET"]}}],"collection":[{"href":"https:\/\/www.eldigitaldeasturias.com\/noticias\/wp-json\/wp\/v2\/posts"}],"about":[{"href":"https:\/\/www.eldigitaldeasturias.com\/noticias\/wp-json\/wp\/v2\/types\/post"}],"author":[{"embeddable":true,"href":"https:\/\/www.eldigitaldeasturias.com\/noticias\/wp-json\/wp\/v2\/users\/1"}],"replies":[{"embeddable":true,"href":"https:\/\/www.eldigitaldeasturias.com\/noticias\/wp-json\/wp\/v2\/comments?post=488028"}],"version-history":[{"count":0,"href":"https:\/\/www.eldigitaldeasturias.com\/noticias\/wp-json\/wp\/v2\/posts\/488028\/revisions"}],"wp:attachment":[{"href":"https:\/\/www.eldigitaldeasturias.com\/noticias\/wp-json\/wp\/v2\/media?parent=488028"}],"wp:term":[{"taxonomy":"category","embeddable":true,"href":"https:\/\/www.eldigitaldeasturias.com\/noticias\/wp-json\/wp\/v2\/categories?post=488028"},{"taxonomy":"post_tag","embeddable":true,"href":"https:\/\/www.eldigitaldeasturias.com\/noticias\/wp-json\/wp\/v2\/tags?post=488028"}],"curies":[{"name":"wp","href":"https:\/\/api.w.org\/{rel}","templated":true}]}}