{"id":488019,"date":"2014-02-10T21:37:22","date_gmt":"2014-02-10T22:37:22","guid":{"rendered":"http:\/\/www.eldigitaldeasturias.com\/noticias\/?p=488019"},"modified":"2014-02-10T21:37:22","modified_gmt":"2014-02-10T22:37:22","slug":"sanchez-camacho-se-reunira-con-fabra-bauza-y-valcarcel-para-hablar-de-financiacion","status":"publish","type":"post","link":"https:\/\/www.eldigitaldeasturias.com\/noticias\/sanchez-camacho-se-reunira-con-fabra-bauza-y-valcarcel-para-hablar-de-financiacion\/","title":{"rendered":"S\u00e1nchez-Camacho se reunir\u00e1 con Fabra, Bauz\u00e1 y Valc\u00e1rcel para hablar de financiaci\u00f3n"},"content":{"rendered":"<p><img loading=\"lazy\" decoding=\"async\" class=\"alignleft size-medium wp-image-488020\" alt=\"5927854w\" src=\"https:\/\/www.eldigitaldeasturias.com\/noticias\/wp-content\/uploads\/2014\/02\/5927854w-360x290.jpg\" width=\"360\" height=\"290\" \/>Barcelona, 10 feb (EFE).- La presidenta del PPC, Alicia S\u00e1nchez-Camacho, ha afirmado hoy que se reunir\u00e1 con los presidentes de la Comunidad Valenciana, Alberto Fabra; de Baleares, Jos\u00e9 Ram\u00f3n Bauz\u00e1; y de Murcia, Ram\u00f3n Luis Valc\u00e1rcel, para hablar sobre la reforma del modelo de financiaci\u00f3n auton\u00f3mica.<\/p>\n<p>En rueda de prensa en la sede del PPC, S\u00e1nchez-Camacho ha se\u00f1alado que mejorar el modelo de financiaci\u00f3n es uno de los retos principales que el Estado debe afrontar en 2014, junto con la reforma tributaria y la bajada de impuestos, y que \u00e9sta se debe encarar desde el \u00abconsenso\u00bb y no desde el \u00abconfrontaci\u00f3n\u00bb.<\/p>\n<p>La presidenta de los populares catalanes ha explicado que esta mejora de la financiaci\u00f3n debe basarse en los principios de la \u00abparidad\u00bb y de la \u00abequidad\u00bb para que las que \u00abm\u00e1s aportan\u00bb puedan \u00abseguir creciendo\u00bb, pero sin dejar de lado la solidaridad entre CCAA.<\/p>\n<p>Para ello, S\u00e1nchez-Camacho se reunir\u00e1 con los presidentes auton\u00f3micos de la Comunidad Valenciana, de Baleares y de Murcia, dado que considera que ya est\u00e1n trabajando en el asunto y que estar\u00e1n de acuerdo en cuestiones como que los costes de los servicios p\u00fablicos y la presi\u00f3n fiscal sean iguales en todas las comunidades aut\u00f3nomas.<\/p>\n<p>\u00abHemos de solucionar el problema que tenemos y -el ministro de Hacienda- Crist\u00f3bal Montoro sabe que el modelo de financiaci\u00f3n actual no le gusta a nadie. El nuevo modelo ha de permitir crecer a las comunidades que aportan desde la equidad y paridad en los costes de los servicios p\u00fablicos y de la presi\u00f3n fiscal\u00bb, ha aseverado.<\/p>\n<p>\u00abSer\u00e1 un proceso largo y dif\u00edcil -ha a\u00f1adido S\u00e1nchez-Camacho- porque todos tendremos de ceder. Pero hemos de estar a la altura del gran reto del nuevo modelo de financiaci\u00f3n porque ser\u00e1 el garante de una mejor relaci\u00f3n entre todos\u00bb.<\/p>\n<p>La dirigente del PPC ha mantenido que las cuentas p\u00fablicas regionalizadas que el Ministerio de Hacienda publicar\u00e1 en marzo ayudar\u00e1n a conocer la diferencia de los precios de los servicios en las diferentes comunidades aut\u00f3nomas.<\/p>\n<p>S\u00e1nchez-Camacho ha avanzado tambi\u00e9n que a lo largo de la semana solicitar\u00e1 formalmente las balanzas fiscales entre las provincias y comarcas de Catalu\u00f1a para analizar la solidaridad en el territorio.<\/p>\n<p>En este sentido, S\u00e1nchez-Camacho ha lamentado que CiU y el presidente catal\u00e1n, Artur Mas, est\u00e9n \u00abdespreocupados\u00bb acerca de este tema, y considera que esto responde a que el Govern ya \u00abtiene decidido que estas medidas son recentralizadoras antes de que se hagan\u00bb.<\/p>\n<p>S\u00e1nchez-Camacho ha apuntado que se reunir\u00e1 de manera oficial en primer lugar con el presidente Fabra para que le explique el informe que ha solicitado a expertos con este objetivo, y que tambi\u00e9n mantendr\u00e1 reuniones con Bauz\u00e1 y Valc\u00e1rcel, para compartir posturas desde las comunidades que m\u00e1s aportan.<\/p>\n<p>La l\u00edder popular ha se\u00f1alado que no cierra la puerta a hablar con otros presidentes auton\u00f3micos del PP, por lo que tambi\u00e9n contempla reuniones con otros l\u00edderes regionales, como el gallego Alberto N\u00fa\u00f1ez Feij\u00f3o.<\/p>\n","protected":false},"excerpt":{"rendered":"<p>Barcelona, 10 feb (EFE).- La presidenta del PPC, Alicia S\u00e1nchez-Camacho, ha afirmado hoy que se reunir\u00e1 con los presidentes de la Comunidad Valenciana, Alberto Fabra; de Baleares, Jos\u00e9 Ram\u00f3n Bauz\u00e1; y de Murcia, Ram\u00f3n Luis Valc\u00e1rcel, para hablar sobre la reforma del modelo de financiaci\u00f3n auton\u00f3mica. En rueda de prensa en la sede del PPC, [&hellip;]<\/p>\n","protected":false},"author":1,"featured_media":488020,"comment_status":"closed","ping_status":"closed","sticky":false,"template":"","format":"standard","meta":{"footnotes":""},"categories":[1],"tags":[],"class_list":["post-488019","post","type-post","status-publish","format-standard","has-post-thumbnail","hentry","category-actualidad"],"aioseo_notices":[],"aioseo_head":"\n\t\t<!-- All in One SEO Pro 5.0.1 - aioseo.com -->\n\t<meta name=\"description\" content=\"Barcelona, 10 feb (EFE).- La presidenta del PPC, Alicia S\u00e1nchez-Camacho, ha afirmado hoy que se reunir\u00e1 con los presidentes de la Comunidad Valenciana, Alberto Fabra; de Baleares, Jos\u00e9 Ram\u00f3n Bauz\u00e1; y de Murcia, Ram\u00f3n Luis Valc\u00e1rcel, para hablar sobre la reforma del modelo de financiaci\u00f3n auton\u00f3mica. En rueda de prensa en la sede del PPC,\" \/>\n\t<meta name=\"robots\" content=\"max-image-preview:large\" \/>\n\t<meta name=\"author\" content=\"El Digital de Asturias\"\/>\n\t<meta name=\"google-site-verification\" content=\"UA-38556648-1\" \/>\n\t<meta name=\"msvalidate.01\" content=\"7dfe9f3f1b24437ab69f4f2559babe99\" \/>\n\t<meta name=\"keywords\" content=\"actualidad\" \/>\n\t<link rel=\"canonical\" href=\"https:\/\/www.eldigitaldeasturias.com\/noticias\/sanchez-camacho-se-reunira-con-fabra-bauza-y-valcarcel-para-hablar-de-financiacion\/\" \/>\n\t<meta name=\"generator\" content=\"All in One SEO Pro (AIOSEO) 5.0.1\" \/>\n\t\t<meta property=\"og:locale\" content=\"es_ES\" \/>\n\t\t<meta property=\"og:site_name\" content=\"El Digital de Asturias\" \/>\n\t\t<meta property=\"og:type\" content=\"article\" \/>\n\t\t<meta property=\"og:title\" content=\"S\u00e1nchez-Camacho se reunir\u00e1 con Fabra, Bauz\u00e1 y Valc\u00e1rcel para hablar de financiaci\u00f3n - El Digital de Asturias\" \/>\n\t\t<meta property=\"og:description\" content=\"Barcelona, 10 feb (EFE).- La presidenta del PPC, Alicia S\u00e1nchez-Camacho, ha afirmado hoy que se reunir\u00e1 con los presidentes de la Comunidad Valenciana, Alberto Fabra; de Baleares, Jos\u00e9 Ram\u00f3n Bauz\u00e1; y de Murcia, Ram\u00f3n Luis Valc\u00e1rcel, para hablar sobre la reforma del modelo de financiaci\u00f3n auton\u00f3mica. En rueda de prensa en la sede del PPC,\" \/>\n\t\t<meta property=\"og:url\" content=\"https:\/\/www.eldigitaldeasturias.com\/noticias\/sanchez-camacho-se-reunira-con-fabra-bauza-y-valcarcel-para-hablar-de-financiacion\/\" \/>\n\t\t<meta property=\"article:tag\" content=\"actualidad\" \/>\n\t\t<meta property=\"article:published_time\" content=\"2014-02-10T22:37:22+00:00\" \/>\n\t\t<meta property=\"article:modified_time\" content=\"2014-02-10T22:37:22+00:00\" \/>\n\t\t<meta property=\"article:publisher\" content=\"https:\/\/facebook.com\/eldigitaldeasturias\" \/>\n\t\t<meta name=\"twitter:card\" content=\"summary_large_image\" \/>\n\t\t<meta name=\"twitter:title\" content=\"S\u00e1nchez-Camacho se reunir\u00e1 con Fabra, Bauz\u00e1 y Valc\u00e1rcel para hablar de financiaci\u00f3n - El Digital de Asturias\" \/>\n\t\t<meta name=\"twitter:description\" content=\"Barcelona, 10 feb (EFE).- La presidenta del PPC, Alicia S\u00e1nchez-Camacho, ha afirmado hoy que se reunir\u00e1 con los presidentes de la Comunidad Valenciana, Alberto Fabra; de Baleares, Jos\u00e9 Ram\u00f3n Bauz\u00e1; y de Murcia, Ram\u00f3n Luis Valc\u00e1rcel, para hablar sobre la reforma del modelo de financiaci\u00f3n auton\u00f3mica. En rueda de prensa en la sede del PPC,\" \/>\n\t\t<meta name=\"twitter:label1\" content=\"Escrito por\" \/>\n\t\t<meta name=\"twitter:data1\" content=\"El Digital de Asturias\" \/>\n\t\t<meta name=\"twitter:label2\" content=\"Tiempo de lectura estimado\" \/>\n\t\t<meta name=\"twitter:data2\" content=\"3 minutos\" \/>\n\t\t<script type=\"application\/ld+json\" class=\"aioseo-schema\">\n\t\t\t{\"@context\":\"https:\\\/\\\/schema.org\",\"@graph\":[{\"@type\":\"BlogPosting\",\"@id\":\"https:\\\/\\\/www.eldigitaldeasturias.com\\\/noticias\\\/sanchez-camacho-se-reunira-con-fabra-bauza-y-valcarcel-para-hablar-de-financiacion\\\/#blogposting\",\"name\":\"S\\u00e1nchez-Camacho se reunir\\u00e1 con Fabra, Bauz\\u00e1 y Valc\\u00e1rcel para hablar de financiaci\\u00f3n - El Digital de Asturias\",\"headline\":\"S\\u00e1nchez-Camacho se reunir\\u00e1 con Fabra, Bauz\\u00e1 y Valc\\u00e1rcel para hablar de financiaci\\u00f3n\",\"author\":{\"@id\":\"https:\\\/\\\/www.eldigitaldeasturias.com\\\/noticias\\\/author\\\/admin\\\/#author\"},\"publisher\":{\"@id\":\"https:\\\/\\\/www.eldigitaldeasturias.com\\\/noticias\\\/#organization\"},\"image\":{\"@type\":\"ImageObject\",\"url\":488020},\"datePublished\":\"2014-02-10T21:37:22+01:00\",\"dateModified\":\"2014-02-10T21:37:22+01:00\",\"inLanguage\":\"es-ES\",\"mainEntityOfPage\":{\"@id\":\"https:\\\/\\\/www.eldigitaldeasturias.com\\\/noticias\\\/sanchez-camacho-se-reunira-con-fabra-bauza-y-valcarcel-para-hablar-de-financiacion\\\/#webpage\"},\"isPartOf\":{\"@id\":\"https:\\\/\\\/www.eldigitaldeasturias.com\\\/noticias\\\/sanchez-camacho-se-reunira-con-fabra-bauza-y-valcarcel-para-hablar-de-financiacion\\\/#webpage\"},\"articleSection\":\"Actualidad\"},{\"@type\":\"BreadcrumbList\",\"@id\":\"https:\\\/\\\/www.eldigitaldeasturias.com\\\/noticias\\\/sanchez-camacho-se-reunira-con-fabra-bauza-y-valcarcel-para-hablar-de-financiacion\\\/#breadcrumblist\",\"itemListElement\":[{\"@type\":\"ListItem\",\"@id\":\"https:\\\/\\\/www.eldigitaldeasturias.com\\\/noticias#listItem\",\"position\":1,\"name\":\"Home\",\"item\":\"https:\\\/\\\/www.eldigitaldeasturias.com\\\/noticias\",\"nextItem\":{\"@type\":\"ListItem\",\"@id\":\"https:\\\/\\\/www.eldigitaldeasturias.com\\\/noticias\\\/category\\\/actualidad\\\/#listItem\",\"name\":\"Actualidad\"}},{\"@type\":\"ListItem\",\"@id\":\"https:\\\/\\\/www.eldigitaldeasturias.com\\\/noticias\\\/category\\\/actualidad\\\/#listItem\",\"position\":2,\"name\":\"Actualidad\",\"item\":\"https:\\\/\\\/www.eldigitaldeasturias.com\\\/noticias\\\/category\\\/actualidad\\\/\",\"nextItem\":{\"@type\":\"ListItem\",\"@id\":\"https:\\\/\\\/www.eldigitaldeasturias.com\\\/noticias\\\/sanchez-camacho-se-reunira-con-fabra-bauza-y-valcarcel-para-hablar-de-financiacion\\\/#listItem\",\"name\":\"S\\u00e1nchez-Camacho se reunir\\u00e1 con Fabra, Bauz\\u00e1 y Valc\\u00e1rcel para hablar de financiaci\\u00f3n\"},\"previousItem\":{\"@type\":\"ListItem\",\"@id\":\"https:\\\/\\\/www.eldigitaldeasturias.com\\\/noticias#listItem\",\"name\":\"Home\"}},{\"@type\":\"ListItem\",\"@id\":\"https:\\\/\\\/www.eldigitaldeasturias.com\\\/noticias\\\/sanchez-camacho-se-reunira-con-fabra-bauza-y-valcarcel-para-hablar-de-financiacion\\\/#listItem\",\"position\":3,\"name\":\"S\\u00e1nchez-Camacho se reunir\\u00e1 con Fabra, Bauz\\u00e1 y Valc\\u00e1rcel para hablar de financiaci\\u00f3n\",\"previousItem\":{\"@type\":\"ListItem\",\"@id\":\"https:\\\/\\\/www.eldigitaldeasturias.com\\\/noticias\\\/category\\\/actualidad\\\/#listItem\",\"name\":\"Actualidad\"}}]},{\"@type\":\"Organization\",\"@id\":\"https:\\\/\\\/www.eldigitaldeasturias.com\\\/noticias\\\/#organization\",\"name\":\"El Digital de Asturias\",\"description\":\"Hemeroteca\",\"url\":\"https:\\\/\\\/www.eldigitaldeasturias.com\\\/noticias\\\/\",\"email\":\"info@eldigitaldeasturias.com\",\"telephone\":\"+34652131393\",\"logo\":{\"@type\":\"ImageObject\",\"url\":\"https:\\\/\\\/www.eldigitaldeasturias.com\\\/noticias\\\/wp-content\\\/uploads\\\/2020\\\/12\\\/EDA.jpg\",\"@id\":\"https:\\\/\\\/www.eldigitaldeasturias.com\\\/noticias\\\/sanchez-camacho-se-reunira-con-fabra-bauza-y-valcarcel-para-hablar-de-financiacion\\\/#organizationLogo\"},\"image\":{\"@id\":\"https:\\\/\\\/www.eldigitaldeasturias.com\\\/noticias\\\/sanchez-camacho-se-reunira-con-fabra-bauza-y-valcarcel-para-hablar-de-financiacion\\\/#organizationLogo\"},\"sameAs\":[\"https:\\\/\\\/facebook.com\\\/eldigitaldeasturias\",\"https:\\\/\\\/www.youtube.com\\\/channel\\\/UCZP-2wLEB9Rv6erhFmqVnvg\"],\"address\":{\"@id\":\"https:\\\/\\\/www.eldigitaldeasturias.com\\\/noticias\\\/#postaladdress\",\"@type\":\"PostalAddress\",\"streetAddress\":\"san antonio 4\",\"postalCode\":\"33430\",\"addressLocality\":\"Cand\\u00e1s\",\"addressRegion\":\"Asturias\",\"addressCountry\":\"ES\"}},{\"@type\":\"Person\",\"@id\":\"https:\\\/\\\/www.eldigitaldeasturias.com\\\/noticias\\\/author\\\/admin\\\/#author\",\"url\":\"https:\\\/\\\/www.eldigitaldeasturias.com\\\/noticias\\\/author\\\/admin\\\/\",\"name\":\"El Digital de Asturias\",\"image\":{\"@type\":\"ImageObject\",\"@id\":\"https:\\\/\\\/www.eldigitaldeasturias.com\\\/noticias\\\/sanchez-camacho-se-reunira-con-fabra-bauza-y-valcarcel-para-hablar-de-financiacion\\\/#authorImage\",\"url\":\"https:\\\/\\\/secure.gravatar.com\\\/avatar\\\/df2aeffc32bcd13f8d26072ef8a91b623d677766deac7f97ca815868cd41bf5e?s=96&d=mm&r=g\",\"width\":96,\"height\":96,\"caption\":\"El Digital de Asturias\"}},{\"@type\":\"WebPage\",\"@id\":\"https:\\\/\\\/www.eldigitaldeasturias.com\\\/noticias\\\/sanchez-camacho-se-reunira-con-fabra-bauza-y-valcarcel-para-hablar-de-financiacion\\\/#webpage\",\"url\":\"https:\\\/\\\/www.eldigitaldeasturias.com\\\/noticias\\\/sanchez-camacho-se-reunira-con-fabra-bauza-y-valcarcel-para-hablar-de-financiacion\\\/\",\"name\":\"S\\u00e1nchez-Camacho se reunir\\u00e1 con Fabra, Bauz\\u00e1 y Valc\\u00e1rcel para hablar de financiaci\\u00f3n - El Digital de Asturias\",\"description\":\"Barcelona, 10 feb (EFE).- La presidenta del PPC, Alicia S\\u00e1nchez-Camacho, ha afirmado hoy que se reunir\\u00e1 con los presidentes de la Comunidad Valenciana, Alberto Fabra; de Baleares, Jos\\u00e9 Ram\\u00f3n Bauz\\u00e1; y de Murcia, Ram\\u00f3n Luis Valc\\u00e1rcel, para hablar sobre la reforma del modelo de financiaci\\u00f3n auton\\u00f3mica. En rueda de prensa en la sede del PPC,\",\"inLanguage\":\"es-ES\",\"isPartOf\":{\"@id\":\"https:\\\/\\\/www.eldigitaldeasturias.com\\\/noticias\\\/#website\"},\"breadcrumb\":{\"@id\":\"https:\\\/\\\/www.eldigitaldeasturias.com\\\/noticias\\\/sanchez-camacho-se-reunira-con-fabra-bauza-y-valcarcel-para-hablar-de-financiacion\\\/#breadcrumblist\"},\"author\":{\"@id\":\"https:\\\/\\\/www.eldigitaldeasturias.com\\\/noticias\\\/author\\\/admin\\\/#author\"},\"creator\":{\"@id\":\"https:\\\/\\\/www.eldigitaldeasturias.com\\\/noticias\\\/author\\\/admin\\\/#author\"},\"image\":{\"@type\":\"ImageObject\",\"url\":488020,\"@id\":\"https:\\\/\\\/www.eldigitaldeasturias.com\\\/noticias\\\/sanchez-camacho-se-reunira-con-fabra-bauza-y-valcarcel-para-hablar-de-financiacion\\\/#mainImage\"},\"primaryImageOfPage\":{\"@id\":\"https:\\\/\\\/www.eldigitaldeasturias.com\\\/noticias\\\/sanchez-camacho-se-reunira-con-fabra-bauza-y-valcarcel-para-hablar-de-financiacion\\\/#mainImage\"},\"datePublished\":\"2014-02-10T21:37:22+01:00\",\"dateModified\":\"2014-02-10T21:37:22+01:00\"},{\"@type\":\"WebSite\",\"@id\":\"https:\\\/\\\/www.eldigitaldeasturias.com\\\/noticias\\\/#website\",\"url\":\"https:\\\/\\\/www.eldigitaldeasturias.com\\\/noticias\\\/\",\"name\":\"El Digital de Asturias - Diario de actualidad y noticias\",\"alternateName\":\"El Digital de Asturias - Diario de actualidad y noticias\",\"description\":\"Hemeroteca\",\"inLanguage\":\"es-ES\",\"publisher\":{\"@id\":\"https:\\\/\\\/www.eldigitaldeasturias.com\\\/noticias\\\/#organization\"}}]}\n\t\t<\/script>\n\t\t<!-- All in One SEO Pro -->\r\n\t\t<title>S\u00e1nchez-Camacho se reunir\u00e1 con Fabra, Bauz\u00e1 y Valc\u00e1rcel para hablar de financiaci\u00f3n - El Digital de Asturias<\/title>\n\n","aioseo_head_json":{"title":"S\u00e1nchez-Camacho se reunir\u00e1 con Fabra, Bauz\u00e1 y Valc\u00e1rcel para hablar de financiaci\u00f3n - El Digital de Asturias","description":"Barcelona, 10 feb (EFE).- La presidenta del PPC, Alicia S\u00e1nchez-Camacho, ha afirmado hoy que se reunir\u00e1 con los presidentes de la Comunidad Valenciana, Alberto Fabra; de Baleares, Jos\u00e9 Ram\u00f3n Bauz\u00e1; y de Murcia, Ram\u00f3n Luis Valc\u00e1rcel, para hablar sobre la reforma del modelo de financiaci\u00f3n auton\u00f3mica. En rueda de prensa en la sede del PPC,","canonical_url":"https:\/\/www.eldigitaldeasturias.com\/noticias\/sanchez-camacho-se-reunira-con-fabra-bauza-y-valcarcel-para-hablar-de-financiacion\/","robots":"max-image-preview:large","keywords":"actualidad","webmasterTools":{"google-site-verification":"UA-38556648-1","msvalidate.01":"7dfe9f3f1b24437ab69f4f2559babe99","miscellaneous":""},"schema":{"@context":"https:\/\/schema.org","@graph":[{"@type":"BlogPosting","@id":"https:\/\/www.eldigitaldeasturias.com\/noticias\/sanchez-camacho-se-reunira-con-fabra-bauza-y-valcarcel-para-hablar-de-financiacion\/#blogposting","name":"S\u00e1nchez-Camacho se reunir\u00e1 con Fabra, Bauz\u00e1 y Valc\u00e1rcel para hablar de financiaci\u00f3n - El Digital de Asturias","headline":"S\u00e1nchez-Camacho se reunir\u00e1 con Fabra, Bauz\u00e1 y Valc\u00e1rcel para hablar de financiaci\u00f3n","author":{"@id":"https:\/\/www.eldigitaldeasturias.com\/noticias\/author\/admin\/#author"},"publisher":{"@id":"https:\/\/www.eldigitaldeasturias.com\/noticias\/#organization"},"image":{"@type":"ImageObject","url":488020},"datePublished":"2014-02-10T21:37:22+01:00","dateModified":"2014-02-10T21:37:22+01:00","inLanguage":"es-ES","mainEntityOfPage":{"@id":"https:\/\/www.eldigitaldeasturias.com\/noticias\/sanchez-camacho-se-reunira-con-fabra-bauza-y-valcarcel-para-hablar-de-financiacion\/#webpage"},"isPartOf":{"@id":"https:\/\/www.eldigitaldeasturias.com\/noticias\/sanchez-camacho-se-reunira-con-fabra-bauza-y-valcarcel-para-hablar-de-financiacion\/#webpage"},"articleSection":"Actualidad"},{"@type":"BreadcrumbList","@id":"https:\/\/www.eldigitaldeasturias.com\/noticias\/sanchez-camacho-se-reunira-con-fabra-bauza-y-valcarcel-para-hablar-de-financiacion\/#breadcrumblist","itemListElement":[{"@type":"ListItem","@id":"https:\/\/www.eldigitaldeasturias.com\/noticias#listItem","position":1,"name":"Home","item":"https:\/\/www.eldigitaldeasturias.com\/noticias","nextItem":{"@type":"ListItem","@id":"https:\/\/www.eldigitaldeasturias.com\/noticias\/category\/actualidad\/#listItem","name":"Actualidad"}},{"@type":"ListItem","@id":"https:\/\/www.eldigitaldeasturias.com\/noticias\/category\/actualidad\/#listItem","position":2,"name":"Actualidad","item":"https:\/\/www.eldigitaldeasturias.com\/noticias\/category\/actualidad\/","nextItem":{"@type":"ListItem","@id":"https:\/\/www.eldigitaldeasturias.com\/noticias\/sanchez-camacho-se-reunira-con-fabra-bauza-y-valcarcel-para-hablar-de-financiacion\/#listItem","name":"S\u00e1nchez-Camacho se reunir\u00e1 con Fabra, Bauz\u00e1 y Valc\u00e1rcel para hablar de financiaci\u00f3n"},"previousItem":{"@type":"ListItem","@id":"https:\/\/www.eldigitaldeasturias.com\/noticias#listItem","name":"Home"}},{"@type":"ListItem","@id":"https:\/\/www.eldigitaldeasturias.com\/noticias\/sanchez-camacho-se-reunira-con-fabra-bauza-y-valcarcel-para-hablar-de-financiacion\/#listItem","position":3,"name":"S\u00e1nchez-Camacho se reunir\u00e1 con Fabra, Bauz\u00e1 y Valc\u00e1rcel para hablar de financiaci\u00f3n","previousItem":{"@type":"ListItem","@id":"https:\/\/www.eldigitaldeasturias.com\/noticias\/category\/actualidad\/#listItem","name":"Actualidad"}}]},{"@type":"Organization","@id":"https:\/\/www.eldigitaldeasturias.com\/noticias\/#organization","name":"El Digital de Asturias","description":"Hemeroteca","url":"https:\/\/www.eldigitaldeasturias.com\/noticias\/","email":"info@eldigitaldeasturias.com","telephone":"+34652131393","logo":{"@type":"ImageObject","url":"https:\/\/www.eldigitaldeasturias.com\/noticias\/wp-content\/uploads\/2020\/12\/EDA.jpg","@id":"https:\/\/www.eldigitaldeasturias.com\/noticias\/sanchez-camacho-se-reunira-con-fabra-bauza-y-valcarcel-para-hablar-de-financiacion\/#organizationLogo"},"image":{"@id":"https:\/\/www.eldigitaldeasturias.com\/noticias\/sanchez-camacho-se-reunira-con-fabra-bauza-y-valcarcel-para-hablar-de-financiacion\/#organizationLogo"},"sameAs":["https:\/\/facebook.com\/eldigitaldeasturias","https:\/\/www.youtube.com\/channel\/UCZP-2wLEB9Rv6erhFmqVnvg"],"address":{"@id":"https:\/\/www.eldigitaldeasturias.com\/noticias\/#postaladdress","@type":"PostalAddress","streetAddress":"san antonio 4","postalCode":"33430","addressLocality":"Cand\u00e1s","addressRegion":"Asturias","addressCountry":"ES"}},{"@type":"Person","@id":"https:\/\/www.eldigitaldeasturias.com\/noticias\/author\/admin\/#author","url":"https:\/\/www.eldigitaldeasturias.com\/noticias\/author\/admin\/","name":"El Digital de Asturias","image":{"@type":"ImageObject","@id":"https:\/\/www.eldigitaldeasturias.com\/noticias\/sanchez-camacho-se-reunira-con-fabra-bauza-y-valcarcel-para-hablar-de-financiacion\/#authorImage","url":"https:\/\/secure.gravatar.com\/avatar\/df2aeffc32bcd13f8d26072ef8a91b623d677766deac7f97ca815868cd41bf5e?s=96&d=mm&r=g","width":96,"height":96,"caption":"El Digital de Asturias"}},{"@type":"WebPage","@id":"https:\/\/www.eldigitaldeasturias.com\/noticias\/sanchez-camacho-se-reunira-con-fabra-bauza-y-valcarcel-para-hablar-de-financiacion\/#webpage","url":"https:\/\/www.eldigitaldeasturias.com\/noticias\/sanchez-camacho-se-reunira-con-fabra-bauza-y-valcarcel-para-hablar-de-financiacion\/","name":"S\u00e1nchez-Camacho se reunir\u00e1 con Fabra, Bauz\u00e1 y Valc\u00e1rcel para hablar de financiaci\u00f3n - El Digital de Asturias","description":"Barcelona, 10 feb (EFE).- La presidenta del PPC, Alicia S\u00e1nchez-Camacho, ha afirmado hoy que se reunir\u00e1 con los presidentes de la Comunidad Valenciana, Alberto Fabra; de Baleares, Jos\u00e9 Ram\u00f3n Bauz\u00e1; y de Murcia, Ram\u00f3n Luis Valc\u00e1rcel, para hablar sobre la reforma del modelo de financiaci\u00f3n auton\u00f3mica. En rueda de prensa en la sede del PPC,","inLanguage":"es-ES","isPartOf":{"@id":"https:\/\/www.eldigitaldeasturias.com\/noticias\/#website"},"breadcrumb":{"@id":"https:\/\/www.eldigitaldeasturias.com\/noticias\/sanchez-camacho-se-reunira-con-fabra-bauza-y-valcarcel-para-hablar-de-financiacion\/#breadcrumblist"},"author":{"@id":"https:\/\/www.eldigitaldeasturias.com\/noticias\/author\/admin\/#author"},"creator":{"@id":"https:\/\/www.eldigitaldeasturias.com\/noticias\/author\/admin\/#author"},"image":{"@type":"ImageObject","url":488020,"@id":"https:\/\/www.eldigitaldeasturias.com\/noticias\/sanchez-camacho-se-reunira-con-fabra-bauza-y-valcarcel-para-hablar-de-financiacion\/#mainImage"},"primaryImageOfPage":{"@id":"https:\/\/www.eldigitaldeasturias.com\/noticias\/sanchez-camacho-se-reunira-con-fabra-bauza-y-valcarcel-para-hablar-de-financiacion\/#mainImage"},"datePublished":"2014-02-10T21:37:22+01:00","dateModified":"2014-02-10T21:37:22+01:00"},{"@type":"WebSite","@id":"https:\/\/www.eldigitaldeasturias.com\/noticias\/#website","url":"https:\/\/www.eldigitaldeasturias.com\/noticias\/","name":"El Digital de Asturias - Diario de actualidad y noticias","alternateName":"El Digital de Asturias - Diario de actualidad y noticias","description":"Hemeroteca","inLanguage":"es-ES","publisher":{"@id":"https:\/\/www.eldigitaldeasturias.com\/noticias\/#organization"}}]},"og:locale":"es_ES","og:site_name":"El Digital de Asturias","og:type":"article","og:title":"S\u00e1nchez-Camacho se reunir\u00e1 con Fabra, Bauz\u00e1 y Valc\u00e1rcel para hablar de financiaci\u00f3n - El Digital de Asturias","og:description":"Barcelona, 10 feb (EFE).- La presidenta del PPC, Alicia S\u00e1nchez-Camacho, ha afirmado hoy que se reunir\u00e1 con los presidentes de la Comunidad Valenciana, Alberto Fabra; de Baleares, Jos\u00e9 Ram\u00f3n Bauz\u00e1; y de Murcia, Ram\u00f3n Luis Valc\u00e1rcel, para hablar sobre la reforma del modelo de financiaci\u00f3n auton\u00f3mica. En rueda de prensa en la sede del PPC,","og:url":"https:\/\/www.eldigitaldeasturias.com\/noticias\/sanchez-camacho-se-reunira-con-fabra-bauza-y-valcarcel-para-hablar-de-financiacion\/","article:tag":["actualidad"],"article:published_time":"2014-02-10T22:37:22+00:00","article:modified_time":"2014-02-10T22:37:22+00:00","article:publisher":"https:\/\/facebook.com\/eldigitaldeasturias","twitter:card":"summary_large_image","twitter:title":"S\u00e1nchez-Camacho se reunir\u00e1 con Fabra, Bauz\u00e1 y Valc\u00e1rcel para hablar de financiaci\u00f3n - El Digital de Asturias","twitter:description":"Barcelona, 10 feb (EFE).- La presidenta del PPC, Alicia S\u00e1nchez-Camacho, ha afirmado hoy que se reunir\u00e1 con los presidentes de la Comunidad Valenciana, Alberto Fabra; de Baleares, Jos\u00e9 Ram\u00f3n Bauz\u00e1; y de Murcia, Ram\u00f3n Luis Valc\u00e1rcel, para hablar sobre la reforma del modelo de financiaci\u00f3n auton\u00f3mica. En rueda de prensa en la sede del PPC,","twitter:label1":"Escrito por","twitter:data1":"El Digital de Asturias","twitter:label2":"Tiempo de lectura estimado","twitter:data2":"3 minutos"},"aioseo_meta_data":{"post_id":"488019","title":null,"description":null,"keywords":null,"keyphrases":null,"primary_term":null,"canonical_url":null,"og_title":null,"og_description":null,"og_object_type":"default","og_image_type":"default","og_image_url":null,"og_image_width":null,"og_image_height":null,"og_image_custom_url":null,"og_image_custom_fields":null,"og_video":null,"og_custom_url":null,"og_article_section":null,"og_article_tags":null,"twitter_use_og":true,"twitter_card":"default","twitter_image_type":"default","twitter_image_url":null,"twitter_image_custom_url":null,"twitter_image_custom_fields":null,"twitter_title":null,"twitter_description":null,"schema":{"blockGraphs":[],"customGraphs":[],"default":{"data":{"Article":[],"Course":[],"Dataset":[],"FAQPage":[],"Movie":[],"Person":[],"Product":[],"ProductReview":[],"Car":[],"Recipe":[],"Service":[],"SoftwareApplication":[],"WebPage":[]},"graphName":"","isEnabled":true},"graphs":[],"defaultGraph":"","defaultPostTypeGraph":""},"schema_type":null,"schema_type_options":null,"pillar_content":false,"robots_default":true,"robots_noindex":false,"robots_noarchive":false,"robots_nosnippet":false,"robots_nofollow":false,"robots_noimageindex":false,"robots_noodp":false,"robots_notranslate":false,"robots_max_snippet":null,"robots_max_videopreview":null,"robots_max_imagepreview":"none","priority":null,"frequency":null,"local_seo":null,"seo_analyzer_scan_date":"2026-06-03 06:40:13","breadcrumb_settings":null,"limit_modified_date":false,"open_ai":null,"ai":null,"created":"2020-11-14 22:57:06","updated":"2026-06-03 06:40:13","focus_keyword":null,"additional_keywords":null,"truseo_locale":null},"aioseo_breadcrumb":"<div class=\"aioseo-breadcrumbs\"><span class=\"aioseo-breadcrumb\">\n\t<a href=\"https:\/\/www.eldigitaldeasturias.com\/noticias\" title=\"Home\">Home<\/a>\n<\/span><span class=\"aioseo-breadcrumb-separator\">\u2013<\/span><span class=\"aioseo-breadcrumb\">\n\t<a href=\"https:\/\/www.eldigitaldeasturias.com\/noticias\/category\/actualidad\/\" title=\"Actualidad\">Actualidad<\/a>\n<\/span><span class=\"aioseo-breadcrumb-separator\">\u2013<\/span><span class=\"aioseo-breadcrumb\">\n\t<a href=\"https:\/\/www.eldigitaldeasturias.com\/noticias\/sanchez-camacho-se-reunira-con-fabra-bauza-y-valcarcel-para-hablar-de-financiacion\/\" title=\"S\u00e1nchez-Camacho se reunir\u00e1 con Fabra, Bauz\u00e1 y Valc\u00e1rcel para hablar de financiaci\u00f3n\">S\u00e1nchez-Camacho se reunir\u00e1 con Fabra, Bauz\u00e1 y Valc\u00e1rcel para hablar de financiaci\u00f3n<\/a>\n<\/span><\/div>","aioseo_breadcrumb_json":[{"label":"Home","link":"https:\/\/www.eldigitaldeasturias.com\/noticias"},{"label":"Actualidad","link":"https:\/\/www.eldigitaldeasturias.com\/noticias\/category\/actualidad\/"},{"label":"S\u00e1nchez-Camacho se reunir\u00e1 con Fabra, Bauz\u00e1 y Valc\u00e1rcel para hablar de financiaci\u00f3n","link":"https:\/\/www.eldigitaldeasturias.com\/noticias\/sanchez-camacho-se-reunira-con-fabra-bauza-y-valcarcel-para-hablar-de-financiacion\/"}],"_links":{"self":[{"href":"https:\/\/www.eldigitaldeasturias.com\/noticias\/wp-json\/wp\/v2\/posts\/488019","targetHints":{"allow":["GET"]}}],"collection":[{"href":"https:\/\/www.eldigitaldeasturias.com\/noticias\/wp-json\/wp\/v2\/posts"}],"about":[{"href":"https:\/\/www.eldigitaldeasturias.com\/noticias\/wp-json\/wp\/v2\/types\/post"}],"author":[{"embeddable":true,"href":"https:\/\/www.eldigitaldeasturias.com\/noticias\/wp-json\/wp\/v2\/users\/1"}],"replies":[{"embeddable":true,"href":"https:\/\/www.eldigitaldeasturias.com\/noticias\/wp-json\/wp\/v2\/comments?post=488019"}],"version-history":[{"count":0,"href":"https:\/\/www.eldigitaldeasturias.com\/noticias\/wp-json\/wp\/v2\/posts\/488019\/revisions"}],"wp:attachment":[{"href":"https:\/\/www.eldigitaldeasturias.com\/noticias\/wp-json\/wp\/v2\/media?parent=488019"}],"wp:term":[{"taxonomy":"category","embeddable":true,"href":"https:\/\/www.eldigitaldeasturias.com\/noticias\/wp-json\/wp\/v2\/categories?post=488019"},{"taxonomy":"post_tag","embeddable":true,"href":"https:\/\/www.eldigitaldeasturias.com\/noticias\/wp-json\/wp\/v2\/tags?post=488019"}],"curies":[{"name":"wp","href":"https:\/\/api.w.org\/{rel}","templated":true}]}}