{"id":488013,"date":"2014-02-10T21:28:08","date_gmt":"2014-02-10T22:28:08","guid":{"rendered":"http:\/\/www.eldigitaldeasturias.com\/noticias\/?p=488013"},"modified":"2014-02-10T21:28:08","modified_gmt":"2014-02-10T22:28:08","slug":"lara-pide-a-valenciano-que-aclare-si-defendera-la-quita-de-la-deuda-ilegitima","status":"publish","type":"post","link":"https:\/\/www.eldigitaldeasturias.com\/noticias\/lara-pide-a-valenciano-que-aclare-si-defendera-la-quita-de-la-deuda-ilegitima\/","title":{"rendered":"Lara pide a Valenciano que aclare si defender\u00e1 la quita de la deuda ileg\u00edtima"},"content":{"rendered":"<p><img loading=\"lazy\" decoding=\"async\" class=\"alignleft size-medium wp-image-488014\" alt=\"5927841w\" src=\"https:\/\/www.eldigitaldeasturias.com\/noticias\/wp-content\/uploads\/2014\/02\/5927841w-360x266.jpg\" width=\"360\" height=\"266\" \/>Madrid, 10 feb (EFE).- El l\u00edder de IU, Cayo Lara, ha emplazado a Elena Valenciano, elegida ayer cabeza de lista del PSOE para las europeas, a que aclare si va a defender la supresi\u00f3n del art\u00edculo 135 de la Constituci\u00f3n, que prioriza el pago de la deuda y la \u00abquita de la deuda ileg\u00edtima\u00bb.<\/p>\n<p>Los nombres que el PSOE incluya en su candidatura para las elecciones de mayo le \u00abdan igual\u00bb pero s\u00ed tiene inter\u00e9s en saber qu\u00e9 propuestas llevar\u00e1n los socialistas a Europa y, en concreto, las que tienen que ver con la deuda p\u00fablica.<\/p>\n<p>Y lo quiere saber porque, para IU, el poner por delante de cualquier otra cosa el pago de la deuda, algo que el anterior Gobierno socialista pact\u00f3 con el PP, lastra la recuperaci\u00f3n econ\u00f3mica como tambi\u00e9n lo hace el tener que hacer frente a la parte de la deuda \u00abileg\u00edtima\u00bb, la que corresponde a los bancos.<\/p>\n<p>La direcci\u00f3n del PSOE eligi\u00f3 ayer a Elena Valenciano para encabezar el cartel para las europeas, adelant\u00e1ndose as\u00ed al PP y a IU, que todav\u00eda no han decidido a sus cabezas de lista.<\/p>\n","protected":false},"excerpt":{"rendered":"<p>Madrid, 10 feb (EFE).- El l\u00edder de IU, Cayo Lara, ha emplazado a Elena Valenciano, elegida ayer cabeza de lista del PSOE para las europeas, a que aclare si va a defender la supresi\u00f3n del art\u00edculo 135 de la Constituci\u00f3n, que prioriza el pago de la deuda y la \u00abquita de la deuda ileg\u00edtima\u00bb. Los [&hellip;]<\/p>\n","protected":false},"author":1,"featured_media":488014,"comment_status":"closed","ping_status":"closed","sticky":false,"template":"","format":"standard","meta":{"footnotes":""},"categories":[1],"tags":[],"class_list":["post-488013","post","type-post","status-publish","format-standard","has-post-thumbnail","hentry","category-actualidad"],"aioseo_notices":[],"aioseo_head":"\n\t\t<!-- All in One SEO Pro 5.0.1 - aioseo.com -->\n\t<meta name=\"description\" content=\"Madrid, 10 feb (EFE).- El l\u00edder de IU, Cayo Lara, ha emplazado a Elena Valenciano, elegida ayer cabeza de lista del PSOE para las europeas, a que aclare si va a defender la supresi\u00f3n del art\u00edculo 135 de la Constituci\u00f3n, que prioriza el pago de la deuda y la &quot;quita de la deuda ileg\u00edtima&quot;. Los\" \/>\n\t<meta name=\"robots\" content=\"max-image-preview:large\" \/>\n\t<meta name=\"author\" content=\"El Digital de Asturias\"\/>\n\t<meta name=\"google-site-verification\" content=\"UA-38556648-1\" \/>\n\t<meta name=\"msvalidate.01\" content=\"7dfe9f3f1b24437ab69f4f2559babe99\" \/>\n\t<meta name=\"keywords\" content=\"actualidad\" \/>\n\t<link rel=\"canonical\" href=\"https:\/\/www.eldigitaldeasturias.com\/noticias\/lara-pide-a-valenciano-que-aclare-si-defendera-la-quita-de-la-deuda-ilegitima\/\" \/>\n\t<meta name=\"generator\" content=\"All in One SEO Pro (AIOSEO) 5.0.1\" \/>\n\t\t<meta property=\"og:locale\" content=\"es_ES\" \/>\n\t\t<meta property=\"og:site_name\" content=\"El Digital de Asturias\" \/>\n\t\t<meta property=\"og:type\" content=\"article\" \/>\n\t\t<meta property=\"og:title\" content=\"Lara pide a Valenciano que aclare si defender\u00e1 la quita de la deuda ileg\u00edtima - El Digital de Asturias\" \/>\n\t\t<meta property=\"og:description\" content=\"Madrid, 10 feb (EFE).- El l\u00edder de IU, Cayo Lara, ha emplazado a Elena Valenciano, elegida ayer cabeza de lista del PSOE para las europeas, a que aclare si va a defender la supresi\u00f3n del art\u00edculo 135 de la Constituci\u00f3n, que prioriza el pago de la deuda y la &quot;quita de la deuda ileg\u00edtima&quot;. Los\" \/>\n\t\t<meta property=\"og:url\" content=\"https:\/\/www.eldigitaldeasturias.com\/noticias\/lara-pide-a-valenciano-que-aclare-si-defendera-la-quita-de-la-deuda-ilegitima\/\" \/>\n\t\t<meta property=\"article:tag\" content=\"actualidad\" \/>\n\t\t<meta property=\"article:published_time\" content=\"2014-02-10T22:28:08+00:00\" \/>\n\t\t<meta property=\"article:modified_time\" content=\"2014-02-10T22:28:08+00:00\" \/>\n\t\t<meta property=\"article:publisher\" content=\"https:\/\/facebook.com\/eldigitaldeasturias\" \/>\n\t\t<meta name=\"twitter:card\" content=\"summary_large_image\" \/>\n\t\t<meta name=\"twitter:title\" content=\"Lara pide a Valenciano que aclare si defender\u00e1 la quita de la deuda ileg\u00edtima - El Digital de Asturias\" \/>\n\t\t<meta name=\"twitter:description\" content=\"Madrid, 10 feb (EFE).- El l\u00edder de IU, Cayo Lara, ha emplazado a Elena Valenciano, elegida ayer cabeza de lista del PSOE para las europeas, a que aclare si va a defender la supresi\u00f3n del art\u00edculo 135 de la Constituci\u00f3n, que prioriza el pago de la deuda y la &quot;quita de la deuda ileg\u00edtima&quot;. Los\" \/>\n\t\t<meta name=\"twitter:label1\" content=\"Escrito por\" \/>\n\t\t<meta name=\"twitter:data1\" content=\"El Digital de Asturias\" \/>\n\t\t<meta name=\"twitter:label2\" content=\"Tiempo de lectura estimado\" \/>\n\t\t<meta name=\"twitter:data2\" content=\"1 minuto\" \/>\n\t\t<script type=\"application\/ld+json\" class=\"aioseo-schema\">\n\t\t\t{\"@context\":\"https:\\\/\\\/schema.org\",\"@graph\":[{\"@type\":\"BlogPosting\",\"@id\":\"https:\\\/\\\/www.eldigitaldeasturias.com\\\/noticias\\\/lara-pide-a-valenciano-que-aclare-si-defendera-la-quita-de-la-deuda-ilegitima\\\/#blogposting\",\"name\":\"Lara pide a Valenciano que aclare si defender\\u00e1 la quita de la deuda ileg\\u00edtima - El Digital de Asturias\",\"headline\":\"Lara pide a Valenciano que aclare si defender\\u00e1 la quita de la deuda ileg\\u00edtima\",\"author\":{\"@id\":\"https:\\\/\\\/www.eldigitaldeasturias.com\\\/noticias\\\/author\\\/admin\\\/#author\"},\"publisher\":{\"@id\":\"https:\\\/\\\/www.eldigitaldeasturias.com\\\/noticias\\\/#organization\"},\"image\":{\"@type\":\"ImageObject\",\"url\":488014},\"datePublished\":\"2014-02-10T21:28:08+01:00\",\"dateModified\":\"2014-02-10T21:28:08+01:00\",\"inLanguage\":\"es-ES\",\"mainEntityOfPage\":{\"@id\":\"https:\\\/\\\/www.eldigitaldeasturias.com\\\/noticias\\\/lara-pide-a-valenciano-que-aclare-si-defendera-la-quita-de-la-deuda-ilegitima\\\/#webpage\"},\"isPartOf\":{\"@id\":\"https:\\\/\\\/www.eldigitaldeasturias.com\\\/noticias\\\/lara-pide-a-valenciano-que-aclare-si-defendera-la-quita-de-la-deuda-ilegitima\\\/#webpage\"},\"articleSection\":\"Actualidad\"},{\"@type\":\"BreadcrumbList\",\"@id\":\"https:\\\/\\\/www.eldigitaldeasturias.com\\\/noticias\\\/lara-pide-a-valenciano-que-aclare-si-defendera-la-quita-de-la-deuda-ilegitima\\\/#breadcrumblist\",\"itemListElement\":[{\"@type\":\"ListItem\",\"@id\":\"https:\\\/\\\/www.eldigitaldeasturias.com\\\/noticias#listItem\",\"position\":1,\"name\":\"Home\",\"item\":\"https:\\\/\\\/www.eldigitaldeasturias.com\\\/noticias\",\"nextItem\":{\"@type\":\"ListItem\",\"@id\":\"https:\\\/\\\/www.eldigitaldeasturias.com\\\/noticias\\\/category\\\/actualidad\\\/#listItem\",\"name\":\"Actualidad\"}},{\"@type\":\"ListItem\",\"@id\":\"https:\\\/\\\/www.eldigitaldeasturias.com\\\/noticias\\\/category\\\/actualidad\\\/#listItem\",\"position\":2,\"name\":\"Actualidad\",\"item\":\"https:\\\/\\\/www.eldigitaldeasturias.com\\\/noticias\\\/category\\\/actualidad\\\/\",\"nextItem\":{\"@type\":\"ListItem\",\"@id\":\"https:\\\/\\\/www.eldigitaldeasturias.com\\\/noticias\\\/lara-pide-a-valenciano-que-aclare-si-defendera-la-quita-de-la-deuda-ilegitima\\\/#listItem\",\"name\":\"Lara pide a Valenciano que aclare si defender\\u00e1 la quita de la deuda ileg\\u00edtima\"},\"previousItem\":{\"@type\":\"ListItem\",\"@id\":\"https:\\\/\\\/www.eldigitaldeasturias.com\\\/noticias#listItem\",\"name\":\"Home\"}},{\"@type\":\"ListItem\",\"@id\":\"https:\\\/\\\/www.eldigitaldeasturias.com\\\/noticias\\\/lara-pide-a-valenciano-que-aclare-si-defendera-la-quita-de-la-deuda-ilegitima\\\/#listItem\",\"position\":3,\"name\":\"Lara pide a Valenciano que aclare si defender\\u00e1 la quita de la deuda ileg\\u00edtima\",\"previousItem\":{\"@type\":\"ListItem\",\"@id\":\"https:\\\/\\\/www.eldigitaldeasturias.com\\\/noticias\\\/category\\\/actualidad\\\/#listItem\",\"name\":\"Actualidad\"}}]},{\"@type\":\"Organization\",\"@id\":\"https:\\\/\\\/www.eldigitaldeasturias.com\\\/noticias\\\/#organization\",\"name\":\"El Digital de Asturias\",\"description\":\"Hemeroteca\",\"url\":\"https:\\\/\\\/www.eldigitaldeasturias.com\\\/noticias\\\/\",\"email\":\"info@eldigitaldeasturias.com\",\"telephone\":\"+34652131393\",\"logo\":{\"@type\":\"ImageObject\",\"url\":\"https:\\\/\\\/www.eldigitaldeasturias.com\\\/noticias\\\/wp-content\\\/uploads\\\/2020\\\/12\\\/EDA.jpg\",\"@id\":\"https:\\\/\\\/www.eldigitaldeasturias.com\\\/noticias\\\/lara-pide-a-valenciano-que-aclare-si-defendera-la-quita-de-la-deuda-ilegitima\\\/#organizationLogo\"},\"image\":{\"@id\":\"https:\\\/\\\/www.eldigitaldeasturias.com\\\/noticias\\\/lara-pide-a-valenciano-que-aclare-si-defendera-la-quita-de-la-deuda-ilegitima\\\/#organizationLogo\"},\"sameAs\":[\"https:\\\/\\\/facebook.com\\\/eldigitaldeasturias\",\"https:\\\/\\\/www.youtube.com\\\/channel\\\/UCZP-2wLEB9Rv6erhFmqVnvg\"],\"address\":{\"@id\":\"https:\\\/\\\/www.eldigitaldeasturias.com\\\/noticias\\\/#postaladdress\",\"@type\":\"PostalAddress\",\"streetAddress\":\"san antonio 4\",\"postalCode\":\"33430\",\"addressLocality\":\"Cand\\u00e1s\",\"addressRegion\":\"Asturias\",\"addressCountry\":\"ES\"}},{\"@type\":\"Person\",\"@id\":\"https:\\\/\\\/www.eldigitaldeasturias.com\\\/noticias\\\/author\\\/admin\\\/#author\",\"url\":\"https:\\\/\\\/www.eldigitaldeasturias.com\\\/noticias\\\/author\\\/admin\\\/\",\"name\":\"El Digital de Asturias\",\"image\":{\"@type\":\"ImageObject\",\"@id\":\"https:\\\/\\\/www.eldigitaldeasturias.com\\\/noticias\\\/lara-pide-a-valenciano-que-aclare-si-defendera-la-quita-de-la-deuda-ilegitima\\\/#authorImage\",\"url\":\"https:\\\/\\\/secure.gravatar.com\\\/avatar\\\/df2aeffc32bcd13f8d26072ef8a91b623d677766deac7f97ca815868cd41bf5e?s=96&d=mm&r=g\",\"width\":96,\"height\":96,\"caption\":\"El Digital de Asturias\"}},{\"@type\":\"WebPage\",\"@id\":\"https:\\\/\\\/www.eldigitaldeasturias.com\\\/noticias\\\/lara-pide-a-valenciano-que-aclare-si-defendera-la-quita-de-la-deuda-ilegitima\\\/#webpage\",\"url\":\"https:\\\/\\\/www.eldigitaldeasturias.com\\\/noticias\\\/lara-pide-a-valenciano-que-aclare-si-defendera-la-quita-de-la-deuda-ilegitima\\\/\",\"name\":\"Lara pide a Valenciano que aclare si defender\\u00e1 la quita de la deuda ileg\\u00edtima - El Digital de Asturias\",\"description\":\"Madrid, 10 feb (EFE).- El l\\u00edder de IU, Cayo Lara, ha emplazado a Elena Valenciano, elegida ayer cabeza de lista del PSOE para las europeas, a que aclare si va a defender la supresi\\u00f3n del art\\u00edculo 135 de la Constituci\\u00f3n, que prioriza el pago de la deuda y la \\\"quita de la deuda ileg\\u00edtima\\\". Los\",\"inLanguage\":\"es-ES\",\"isPartOf\":{\"@id\":\"https:\\\/\\\/www.eldigitaldeasturias.com\\\/noticias\\\/#website\"},\"breadcrumb\":{\"@id\":\"https:\\\/\\\/www.eldigitaldeasturias.com\\\/noticias\\\/lara-pide-a-valenciano-que-aclare-si-defendera-la-quita-de-la-deuda-ilegitima\\\/#breadcrumblist\"},\"author\":{\"@id\":\"https:\\\/\\\/www.eldigitaldeasturias.com\\\/noticias\\\/author\\\/admin\\\/#author\"},\"creator\":{\"@id\":\"https:\\\/\\\/www.eldigitaldeasturias.com\\\/noticias\\\/author\\\/admin\\\/#author\"},\"image\":{\"@type\":\"ImageObject\",\"url\":488014,\"@id\":\"https:\\\/\\\/www.eldigitaldeasturias.com\\\/noticias\\\/lara-pide-a-valenciano-que-aclare-si-defendera-la-quita-de-la-deuda-ilegitima\\\/#mainImage\"},\"primaryImageOfPage\":{\"@id\":\"https:\\\/\\\/www.eldigitaldeasturias.com\\\/noticias\\\/lara-pide-a-valenciano-que-aclare-si-defendera-la-quita-de-la-deuda-ilegitima\\\/#mainImage\"},\"datePublished\":\"2014-02-10T21:28:08+01:00\",\"dateModified\":\"2014-02-10T21:28:08+01:00\"},{\"@type\":\"WebSite\",\"@id\":\"https:\\\/\\\/www.eldigitaldeasturias.com\\\/noticias\\\/#website\",\"url\":\"https:\\\/\\\/www.eldigitaldeasturias.com\\\/noticias\\\/\",\"name\":\"El Digital de Asturias - Diario de actualidad y noticias\",\"alternateName\":\"El Digital de Asturias - Diario de actualidad y noticias\",\"description\":\"Hemeroteca\",\"inLanguage\":\"es-ES\",\"publisher\":{\"@id\":\"https:\\\/\\\/www.eldigitaldeasturias.com\\\/noticias\\\/#organization\"}}]}\n\t\t<\/script>\n\t\t<!-- All in One SEO Pro -->\r\n\t\t<title>Lara pide a Valenciano que aclare si defender\u00e1 la quita de la deuda ileg\u00edtima - El Digital de Asturias<\/title>\n\n","aioseo_head_json":{"title":"Lara pide a Valenciano que aclare si defender\u00e1 la quita de la deuda ileg\u00edtima - El Digital de Asturias","description":"Madrid, 10 feb (EFE).- El l\u00edder de IU, Cayo Lara, ha emplazado a Elena Valenciano, elegida ayer cabeza de lista del PSOE para las europeas, a que aclare si va a defender la supresi\u00f3n del art\u00edculo 135 de la Constituci\u00f3n, que prioriza el pago de la deuda y la \"quita de la deuda ileg\u00edtima\". Los","canonical_url":"https:\/\/www.eldigitaldeasturias.com\/noticias\/lara-pide-a-valenciano-que-aclare-si-defendera-la-quita-de-la-deuda-ilegitima\/","robots":"max-image-preview:large","keywords":"actualidad","webmasterTools":{"google-site-verification":"UA-38556648-1","msvalidate.01":"7dfe9f3f1b24437ab69f4f2559babe99","miscellaneous":""},"schema":{"@context":"https:\/\/schema.org","@graph":[{"@type":"BlogPosting","@id":"https:\/\/www.eldigitaldeasturias.com\/noticias\/lara-pide-a-valenciano-que-aclare-si-defendera-la-quita-de-la-deuda-ilegitima\/#blogposting","name":"Lara pide a Valenciano que aclare si defender\u00e1 la quita de la deuda ileg\u00edtima - El Digital de Asturias","headline":"Lara pide a Valenciano que aclare si defender\u00e1 la quita de la deuda ileg\u00edtima","author":{"@id":"https:\/\/www.eldigitaldeasturias.com\/noticias\/author\/admin\/#author"},"publisher":{"@id":"https:\/\/www.eldigitaldeasturias.com\/noticias\/#organization"},"image":{"@type":"ImageObject","url":488014},"datePublished":"2014-02-10T21:28:08+01:00","dateModified":"2014-02-10T21:28:08+01:00","inLanguage":"es-ES","mainEntityOfPage":{"@id":"https:\/\/www.eldigitaldeasturias.com\/noticias\/lara-pide-a-valenciano-que-aclare-si-defendera-la-quita-de-la-deuda-ilegitima\/#webpage"},"isPartOf":{"@id":"https:\/\/www.eldigitaldeasturias.com\/noticias\/lara-pide-a-valenciano-que-aclare-si-defendera-la-quita-de-la-deuda-ilegitima\/#webpage"},"articleSection":"Actualidad"},{"@type":"BreadcrumbList","@id":"https:\/\/www.eldigitaldeasturias.com\/noticias\/lara-pide-a-valenciano-que-aclare-si-defendera-la-quita-de-la-deuda-ilegitima\/#breadcrumblist","itemListElement":[{"@type":"ListItem","@id":"https:\/\/www.eldigitaldeasturias.com\/noticias#listItem","position":1,"name":"Home","item":"https:\/\/www.eldigitaldeasturias.com\/noticias","nextItem":{"@type":"ListItem","@id":"https:\/\/www.eldigitaldeasturias.com\/noticias\/category\/actualidad\/#listItem","name":"Actualidad"}},{"@type":"ListItem","@id":"https:\/\/www.eldigitaldeasturias.com\/noticias\/category\/actualidad\/#listItem","position":2,"name":"Actualidad","item":"https:\/\/www.eldigitaldeasturias.com\/noticias\/category\/actualidad\/","nextItem":{"@type":"ListItem","@id":"https:\/\/www.eldigitaldeasturias.com\/noticias\/lara-pide-a-valenciano-que-aclare-si-defendera-la-quita-de-la-deuda-ilegitima\/#listItem","name":"Lara pide a Valenciano que aclare si defender\u00e1 la quita de la deuda ileg\u00edtima"},"previousItem":{"@type":"ListItem","@id":"https:\/\/www.eldigitaldeasturias.com\/noticias#listItem","name":"Home"}},{"@type":"ListItem","@id":"https:\/\/www.eldigitaldeasturias.com\/noticias\/lara-pide-a-valenciano-que-aclare-si-defendera-la-quita-de-la-deuda-ilegitima\/#listItem","position":3,"name":"Lara pide a Valenciano que aclare si defender\u00e1 la quita de la deuda ileg\u00edtima","previousItem":{"@type":"ListItem","@id":"https:\/\/www.eldigitaldeasturias.com\/noticias\/category\/actualidad\/#listItem","name":"Actualidad"}}]},{"@type":"Organization","@id":"https:\/\/www.eldigitaldeasturias.com\/noticias\/#organization","name":"El Digital de Asturias","description":"Hemeroteca","url":"https:\/\/www.eldigitaldeasturias.com\/noticias\/","email":"info@eldigitaldeasturias.com","telephone":"+34652131393","logo":{"@type":"ImageObject","url":"https:\/\/www.eldigitaldeasturias.com\/noticias\/wp-content\/uploads\/2020\/12\/EDA.jpg","@id":"https:\/\/www.eldigitaldeasturias.com\/noticias\/lara-pide-a-valenciano-que-aclare-si-defendera-la-quita-de-la-deuda-ilegitima\/#organizationLogo"},"image":{"@id":"https:\/\/www.eldigitaldeasturias.com\/noticias\/lara-pide-a-valenciano-que-aclare-si-defendera-la-quita-de-la-deuda-ilegitima\/#organizationLogo"},"sameAs":["https:\/\/facebook.com\/eldigitaldeasturias","https:\/\/www.youtube.com\/channel\/UCZP-2wLEB9Rv6erhFmqVnvg"],"address":{"@id":"https:\/\/www.eldigitaldeasturias.com\/noticias\/#postaladdress","@type":"PostalAddress","streetAddress":"san antonio 4","postalCode":"33430","addressLocality":"Cand\u00e1s","addressRegion":"Asturias","addressCountry":"ES"}},{"@type":"Person","@id":"https:\/\/www.eldigitaldeasturias.com\/noticias\/author\/admin\/#author","url":"https:\/\/www.eldigitaldeasturias.com\/noticias\/author\/admin\/","name":"El Digital de Asturias","image":{"@type":"ImageObject","@id":"https:\/\/www.eldigitaldeasturias.com\/noticias\/lara-pide-a-valenciano-que-aclare-si-defendera-la-quita-de-la-deuda-ilegitima\/#authorImage","url":"https:\/\/secure.gravatar.com\/avatar\/df2aeffc32bcd13f8d26072ef8a91b623d677766deac7f97ca815868cd41bf5e?s=96&d=mm&r=g","width":96,"height":96,"caption":"El Digital de Asturias"}},{"@type":"WebPage","@id":"https:\/\/www.eldigitaldeasturias.com\/noticias\/lara-pide-a-valenciano-que-aclare-si-defendera-la-quita-de-la-deuda-ilegitima\/#webpage","url":"https:\/\/www.eldigitaldeasturias.com\/noticias\/lara-pide-a-valenciano-que-aclare-si-defendera-la-quita-de-la-deuda-ilegitima\/","name":"Lara pide a Valenciano que aclare si defender\u00e1 la quita de la deuda ileg\u00edtima - El Digital de Asturias","description":"Madrid, 10 feb (EFE).- El l\u00edder de IU, Cayo Lara, ha emplazado a Elena Valenciano, elegida ayer cabeza de lista del PSOE para las europeas, a que aclare si va a defender la supresi\u00f3n del art\u00edculo 135 de la Constituci\u00f3n, que prioriza el pago de la deuda y la \"quita de la deuda ileg\u00edtima\". Los","inLanguage":"es-ES","isPartOf":{"@id":"https:\/\/www.eldigitaldeasturias.com\/noticias\/#website"},"breadcrumb":{"@id":"https:\/\/www.eldigitaldeasturias.com\/noticias\/lara-pide-a-valenciano-que-aclare-si-defendera-la-quita-de-la-deuda-ilegitima\/#breadcrumblist"},"author":{"@id":"https:\/\/www.eldigitaldeasturias.com\/noticias\/author\/admin\/#author"},"creator":{"@id":"https:\/\/www.eldigitaldeasturias.com\/noticias\/author\/admin\/#author"},"image":{"@type":"ImageObject","url":488014,"@id":"https:\/\/www.eldigitaldeasturias.com\/noticias\/lara-pide-a-valenciano-que-aclare-si-defendera-la-quita-de-la-deuda-ilegitima\/#mainImage"},"primaryImageOfPage":{"@id":"https:\/\/www.eldigitaldeasturias.com\/noticias\/lara-pide-a-valenciano-que-aclare-si-defendera-la-quita-de-la-deuda-ilegitima\/#mainImage"},"datePublished":"2014-02-10T21:28:08+01:00","dateModified":"2014-02-10T21:28:08+01:00"},{"@type":"WebSite","@id":"https:\/\/www.eldigitaldeasturias.com\/noticias\/#website","url":"https:\/\/www.eldigitaldeasturias.com\/noticias\/","name":"El Digital de Asturias - Diario de actualidad y noticias","alternateName":"El Digital de Asturias - Diario de actualidad y noticias","description":"Hemeroteca","inLanguage":"es-ES","publisher":{"@id":"https:\/\/www.eldigitaldeasturias.com\/noticias\/#organization"}}]},"og:locale":"es_ES","og:site_name":"El Digital de Asturias","og:type":"article","og:title":"Lara pide a Valenciano que aclare si defender\u00e1 la quita de la deuda ileg\u00edtima - El Digital de Asturias","og:description":"Madrid, 10 feb (EFE).- El l\u00edder de IU, Cayo Lara, ha emplazado a Elena Valenciano, elegida ayer cabeza de lista del PSOE para las europeas, a que aclare si va a defender la supresi\u00f3n del art\u00edculo 135 de la Constituci\u00f3n, que prioriza el pago de la deuda y la &quot;quita de la deuda ileg\u00edtima&quot;. Los","og:url":"https:\/\/www.eldigitaldeasturias.com\/noticias\/lara-pide-a-valenciano-que-aclare-si-defendera-la-quita-de-la-deuda-ilegitima\/","article:tag":["actualidad"],"article:published_time":"2014-02-10T22:28:08+00:00","article:modified_time":"2014-02-10T22:28:08+00:00","article:publisher":"https:\/\/facebook.com\/eldigitaldeasturias","twitter:card":"summary_large_image","twitter:title":"Lara pide a Valenciano que aclare si defender\u00e1 la quita de la deuda ileg\u00edtima - El Digital de Asturias","twitter:description":"Madrid, 10 feb (EFE).- El l\u00edder de IU, Cayo Lara, ha emplazado a Elena Valenciano, elegida ayer cabeza de lista del PSOE para las europeas, a que aclare si va a defender la supresi\u00f3n del art\u00edculo 135 de la Constituci\u00f3n, que prioriza el pago de la deuda y la &quot;quita de la deuda ileg\u00edtima&quot;. Los","twitter:label1":"Escrito por","twitter:data1":"El Digital de Asturias","twitter:label2":"Tiempo de lectura estimado","twitter:data2":"1 minuto"},"aioseo_meta_data":{"post_id":"488013","title":null,"description":null,"keywords":null,"keyphrases":null,"primary_term":null,"canonical_url":null,"og_title":null,"og_description":null,"og_object_type":"default","og_image_type":"default","og_image_url":null,"og_image_width":null,"og_image_height":null,"og_image_custom_url":null,"og_image_custom_fields":null,"og_video":null,"og_custom_url":null,"og_article_section":null,"og_article_tags":null,"twitter_use_og":true,"twitter_card":"default","twitter_image_type":"default","twitter_image_url":null,"twitter_image_custom_url":null,"twitter_image_custom_fields":null,"twitter_title":null,"twitter_description":null,"schema":{"blockGraphs":[],"customGraphs":[],"default":{"data":{"Article":[],"Course":[],"Dataset":[],"FAQPage":[],"Movie":[],"Person":[],"Product":[],"ProductReview":[],"Car":[],"Recipe":[],"Service":[],"SoftwareApplication":[],"WebPage":[]},"graphName":"","isEnabled":true},"graphs":[],"defaultGraph":"","defaultPostTypeGraph":""},"schema_type":null,"schema_type_options":null,"pillar_content":false,"robots_default":true,"robots_noindex":false,"robots_noarchive":false,"robots_nosnippet":false,"robots_nofollow":false,"robots_noimageindex":false,"robots_noodp":false,"robots_notranslate":false,"robots_max_snippet":null,"robots_max_videopreview":null,"robots_max_imagepreview":"none","priority":null,"frequency":null,"local_seo":null,"seo_analyzer_scan_date":"2026-06-03 06:38:04","breadcrumb_settings":null,"limit_modified_date":false,"open_ai":null,"ai":null,"created":"2020-11-14 22:57:06","updated":"2026-06-03 06:38:04","focus_keyword":null,"additional_keywords":null,"truseo_locale":null},"aioseo_breadcrumb":"<div class=\"aioseo-breadcrumbs\"><span class=\"aioseo-breadcrumb\">\n\t<a href=\"https:\/\/www.eldigitaldeasturias.com\/noticias\" title=\"Home\">Home<\/a>\n<\/span><span class=\"aioseo-breadcrumb-separator\">\u2013<\/span><span class=\"aioseo-breadcrumb\">\n\t<a href=\"https:\/\/www.eldigitaldeasturias.com\/noticias\/category\/actualidad\/\" title=\"Actualidad\">Actualidad<\/a>\n<\/span><span class=\"aioseo-breadcrumb-separator\">\u2013<\/span><span class=\"aioseo-breadcrumb\">\n\t<a href=\"https:\/\/www.eldigitaldeasturias.com\/noticias\/lara-pide-a-valenciano-que-aclare-si-defendera-la-quita-de-la-deuda-ilegitima\/\" title=\"Lara pide a Valenciano que aclare si defender\u00e1 la quita de la deuda ileg\u00edtima\">Lara pide a Valenciano que aclare si defender\u00e1 la quita de la deuda ileg\u00edtima<\/a>\n<\/span><\/div>","aioseo_breadcrumb_json":[{"label":"Home","link":"https:\/\/www.eldigitaldeasturias.com\/noticias"},{"label":"Actualidad","link":"https:\/\/www.eldigitaldeasturias.com\/noticias\/category\/actualidad\/"},{"label":"Lara pide a Valenciano que aclare si defender\u00e1 la quita de la deuda ileg\u00edtima","link":"https:\/\/www.eldigitaldeasturias.com\/noticias\/lara-pide-a-valenciano-que-aclare-si-defendera-la-quita-de-la-deuda-ilegitima\/"}],"_links":{"self":[{"href":"https:\/\/www.eldigitaldeasturias.com\/noticias\/wp-json\/wp\/v2\/posts\/488013","targetHints":{"allow":["GET"]}}],"collection":[{"href":"https:\/\/www.eldigitaldeasturias.com\/noticias\/wp-json\/wp\/v2\/posts"}],"about":[{"href":"https:\/\/www.eldigitaldeasturias.com\/noticias\/wp-json\/wp\/v2\/types\/post"}],"author":[{"embeddable":true,"href":"https:\/\/www.eldigitaldeasturias.com\/noticias\/wp-json\/wp\/v2\/users\/1"}],"replies":[{"embeddable":true,"href":"https:\/\/www.eldigitaldeasturias.com\/noticias\/wp-json\/wp\/v2\/comments?post=488013"}],"version-history":[{"count":0,"href":"https:\/\/www.eldigitaldeasturias.com\/noticias\/wp-json\/wp\/v2\/posts\/488013\/revisions"}],"wp:attachment":[{"href":"https:\/\/www.eldigitaldeasturias.com\/noticias\/wp-json\/wp\/v2\/media?parent=488013"}],"wp:term":[{"taxonomy":"category","embeddable":true,"href":"https:\/\/www.eldigitaldeasturias.com\/noticias\/wp-json\/wp\/v2\/categories?post=488013"},{"taxonomy":"post_tag","embeddable":true,"href":"https:\/\/www.eldigitaldeasturias.com\/noticias\/wp-json\/wp\/v2\/tags?post=488013"}],"curies":[{"name":"wp","href":"https:\/\/api.w.org\/{rel}","templated":true}]}}