{"id":487998,"date":"2014-02-10T21:22:24","date_gmt":"2014-02-10T22:22:24","guid":{"rendered":"http:\/\/www.eldigitaldeasturias.com\/noticias\/?p=487998"},"modified":"2014-02-10T21:22:24","modified_gmt":"2014-02-10T22:22:24","slug":"netanyahu-se-reunira-con-obama-en-washington-en-marzo-segun-un-diario","status":"publish","type":"post","link":"https:\/\/www.eldigitaldeasturias.com\/noticias\/netanyahu-se-reunira-con-obama-en-washington-en-marzo-segun-un-diario\/","title":{"rendered":"Netanyahu se reunir\u00e1 con Obama en Washington en marzo, seg\u00fan un diario"},"content":{"rendered":"<p><img loading=\"lazy\" decoding=\"async\" class=\"alignleft size-medium wp-image-487999\" alt=\"5927762w\" src=\"https:\/\/www.eldigitaldeasturias.com\/noticias\/wp-content\/uploads\/2014\/02\/5927762w-360x240.jpg\" width=\"360\" height=\"240\" \/>Jerusal\u00e9n, 10 feb (EFE).- El primer ministro israel\u00ed, Benjam\u00edn Netanyahu, tiene previsto viajar a EEUU para entrevistarse con el presidente norteamericano, Barack Obama, y abordar entre otros asuntos la cuesti\u00f3n iran\u00ed, inform\u00f3 hoy el diario \u00abYediot Aharonot\u00bb.<\/p>\n<p>El jefe del Gobierno israel\u00ed comenzar\u00e1 el viaje el pr\u00f3ximo 2 de marzo y, previsiblemente, se prolongar\u00e1 una semana.<\/p>\n<p>Netanyahu viajar\u00e1 a Washington acompa\u00f1ado por su esposa Sara y tiene previsto reunirse con el secretario de Estado, John Kerry, y otros dirigentes del Congreso estadounidense, seg\u00fan el peri\u00f3dico.<\/p>\n<p>El primer ministro israel\u00ed mantendr\u00e1 un encuentro con Obama en la Casa Blanca, en el que le transmitir\u00e1 el mensaje de que no deben levantarse las sanciones al r\u00e9gimen iran\u00ed a fin de impedir que Teher\u00e1n emprenda relaciones comerciales con el exterior.<\/p>\n<p>Israel considera que el programa nuclear que desarrolla Ir\u00e1n supone una amenaza y debe ser impedido a toda costa pues su fin \u00faltimo es lograr el arma nuclear.<\/p>\n<p>Teher\u00e1n aduce que su programa tiene fines pac\u00edficos, de lo que recela buena parte de la comunidad internacional.<\/p>\n<p>Por su parte, el presidente estadounidense centrar\u00e1 su reuni\u00f3n con Netanyahu en el proceso de di\u00e1logo que mantienen israel\u00edes y palestinos y la posibilidad de que las partes acuerden un marco que posibilite un tratado de paz definitivo, apunta el diario.<\/p>\n<p>El \u00faltimo encuentro entre ambos dirigentes tuvo lugar en EEUU en septiembre pasado, poco despu\u00e9s de que Obama conversara por tel\u00e9fono por primera vez con el presidente iran\u00ed, Has\u00e1n Rohan\u00ed, antes de que Occidente emprendiera un di\u00e1logo con su r\u00e9gimen.<\/p>\n<p>El periplo de Netanyahu a EEUU incluir\u00e1 una parada en Los \u00c1ngeles (California) para participar en la conferencia anual del Comit\u00e9 americano-israel\u00ed de actividades pol\u00edticas, considerado el principal grupo de cabildeo jud\u00edo en Washington.<\/p>\n","protected":false},"excerpt":{"rendered":"<p>Jerusal\u00e9n, 10 feb (EFE).- El primer ministro israel\u00ed, Benjam\u00edn Netanyahu, tiene previsto viajar a EEUU para entrevistarse con el presidente norteamericano, Barack Obama, y abordar entre otros asuntos la cuesti\u00f3n iran\u00ed, inform\u00f3 hoy el diario \u00abYediot Aharonot\u00bb. El jefe del Gobierno israel\u00ed comenzar\u00e1 el viaje el pr\u00f3ximo 2 de marzo y, previsiblemente, se prolongar\u00e1 una [&hellip;]<\/p>\n","protected":false},"author":1,"featured_media":487999,"comment_status":"closed","ping_status":"closed","sticky":false,"template":"","format":"standard","meta":{"footnotes":""},"categories":[1],"tags":[],"class_list":["post-487998","post","type-post","status-publish","format-standard","has-post-thumbnail","hentry","category-actualidad"],"aioseo_notices":[],"aioseo_head":"\n\t\t<!-- All in One SEO Pro 5.0.1 - aioseo.com -->\n\t<meta name=\"description\" content=\"Jerusal\u00e9n, 10 feb (EFE).- El primer ministro israel\u00ed, Benjam\u00edn Netanyahu, tiene previsto viajar a EEUU para entrevistarse con el presidente norteamericano, Barack Obama, y abordar entre otros asuntos la cuesti\u00f3n iran\u00ed, inform\u00f3 hoy el diario &quot;Yediot Aharonot&quot;. El jefe del Gobierno israel\u00ed comenzar\u00e1 el viaje el pr\u00f3ximo 2 de marzo y, previsiblemente, se prolongar\u00e1 una\" \/>\n\t<meta name=\"robots\" content=\"max-image-preview:large\" \/>\n\t<meta name=\"author\" content=\"El Digital de Asturias\"\/>\n\t<meta name=\"google-site-verification\" content=\"UA-38556648-1\" \/>\n\t<meta name=\"msvalidate.01\" content=\"7dfe9f3f1b24437ab69f4f2559babe99\" \/>\n\t<meta name=\"keywords\" content=\"actualidad\" \/>\n\t<link rel=\"canonical\" href=\"https:\/\/www.eldigitaldeasturias.com\/noticias\/netanyahu-se-reunira-con-obama-en-washington-en-marzo-segun-un-diario\/\" \/>\n\t<meta name=\"generator\" content=\"All in One SEO Pro (AIOSEO) 5.0.1\" \/>\n\t\t<meta property=\"og:locale\" content=\"es_ES\" \/>\n\t\t<meta property=\"og:site_name\" content=\"El Digital de Asturias\" \/>\n\t\t<meta property=\"og:type\" content=\"article\" \/>\n\t\t<meta property=\"og:title\" content=\"Netanyahu se reunir\u00e1 con Obama en Washington en marzo, seg\u00fan un diario - El Digital de Asturias\" \/>\n\t\t<meta property=\"og:description\" content=\"Jerusal\u00e9n, 10 feb (EFE).- El primer ministro israel\u00ed, Benjam\u00edn Netanyahu, tiene previsto viajar a EEUU para entrevistarse con el presidente norteamericano, Barack Obama, y abordar entre otros asuntos la cuesti\u00f3n iran\u00ed, inform\u00f3 hoy el diario &quot;Yediot Aharonot&quot;. El jefe del Gobierno israel\u00ed comenzar\u00e1 el viaje el pr\u00f3ximo 2 de marzo y, previsiblemente, se prolongar\u00e1 una\" \/>\n\t\t<meta property=\"og:url\" content=\"https:\/\/www.eldigitaldeasturias.com\/noticias\/netanyahu-se-reunira-con-obama-en-washington-en-marzo-segun-un-diario\/\" \/>\n\t\t<meta property=\"article:tag\" content=\"actualidad\" \/>\n\t\t<meta property=\"article:published_time\" content=\"2014-02-10T22:22:24+00:00\" \/>\n\t\t<meta property=\"article:modified_time\" content=\"2014-02-10T22:22:24+00:00\" \/>\n\t\t<meta property=\"article:publisher\" content=\"https:\/\/facebook.com\/eldigitaldeasturias\" \/>\n\t\t<meta name=\"twitter:card\" content=\"summary_large_image\" \/>\n\t\t<meta name=\"twitter:title\" content=\"Netanyahu se reunir\u00e1 con Obama en Washington en marzo, seg\u00fan un diario - El Digital de Asturias\" \/>\n\t\t<meta name=\"twitter:description\" content=\"Jerusal\u00e9n, 10 feb (EFE).- El primer ministro israel\u00ed, Benjam\u00edn Netanyahu, tiene previsto viajar a EEUU para entrevistarse con el presidente norteamericano, Barack Obama, y abordar entre otros asuntos la cuesti\u00f3n iran\u00ed, inform\u00f3 hoy el diario &quot;Yediot Aharonot&quot;. El jefe del Gobierno israel\u00ed comenzar\u00e1 el viaje el pr\u00f3ximo 2 de marzo y, previsiblemente, se prolongar\u00e1 una\" \/>\n\t\t<meta name=\"twitter:label1\" content=\"Escrito por\" \/>\n\t\t<meta name=\"twitter:data1\" content=\"El Digital de Asturias\" \/>\n\t\t<meta name=\"twitter:label2\" content=\"Tiempo de lectura estimado\" \/>\n\t\t<meta name=\"twitter:data2\" content=\"2 minutos\" \/>\n\t\t<script type=\"application\/ld+json\" class=\"aioseo-schema\">\n\t\t\t{\"@context\":\"https:\\\/\\\/schema.org\",\"@graph\":[{\"@type\":\"BlogPosting\",\"@id\":\"https:\\\/\\\/www.eldigitaldeasturias.com\\\/noticias\\\/netanyahu-se-reunira-con-obama-en-washington-en-marzo-segun-un-diario\\\/#blogposting\",\"name\":\"Netanyahu se reunir\\u00e1 con Obama en Washington en marzo, seg\\u00fan un diario - El Digital de Asturias\",\"headline\":\"Netanyahu se reunir\\u00e1 con Obama en Washington en marzo, seg\\u00fan un diario\",\"author\":{\"@id\":\"https:\\\/\\\/www.eldigitaldeasturias.com\\\/noticias\\\/author\\\/admin\\\/#author\"},\"publisher\":{\"@id\":\"https:\\\/\\\/www.eldigitaldeasturias.com\\\/noticias\\\/#organization\"},\"image\":{\"@type\":\"ImageObject\",\"url\":487999},\"datePublished\":\"2014-02-10T21:22:24+01:00\",\"dateModified\":\"2014-02-10T21:22:24+01:00\",\"inLanguage\":\"es-ES\",\"mainEntityOfPage\":{\"@id\":\"https:\\\/\\\/www.eldigitaldeasturias.com\\\/noticias\\\/netanyahu-se-reunira-con-obama-en-washington-en-marzo-segun-un-diario\\\/#webpage\"},\"isPartOf\":{\"@id\":\"https:\\\/\\\/www.eldigitaldeasturias.com\\\/noticias\\\/netanyahu-se-reunira-con-obama-en-washington-en-marzo-segun-un-diario\\\/#webpage\"},\"articleSection\":\"Actualidad\"},{\"@type\":\"BreadcrumbList\",\"@id\":\"https:\\\/\\\/www.eldigitaldeasturias.com\\\/noticias\\\/netanyahu-se-reunira-con-obama-en-washington-en-marzo-segun-un-diario\\\/#breadcrumblist\",\"itemListElement\":[{\"@type\":\"ListItem\",\"@id\":\"https:\\\/\\\/www.eldigitaldeasturias.com\\\/noticias#listItem\",\"position\":1,\"name\":\"Home\",\"item\":\"https:\\\/\\\/www.eldigitaldeasturias.com\\\/noticias\",\"nextItem\":{\"@type\":\"ListItem\",\"@id\":\"https:\\\/\\\/www.eldigitaldeasturias.com\\\/noticias\\\/category\\\/actualidad\\\/#listItem\",\"name\":\"Actualidad\"}},{\"@type\":\"ListItem\",\"@id\":\"https:\\\/\\\/www.eldigitaldeasturias.com\\\/noticias\\\/category\\\/actualidad\\\/#listItem\",\"position\":2,\"name\":\"Actualidad\",\"item\":\"https:\\\/\\\/www.eldigitaldeasturias.com\\\/noticias\\\/category\\\/actualidad\\\/\",\"nextItem\":{\"@type\":\"ListItem\",\"@id\":\"https:\\\/\\\/www.eldigitaldeasturias.com\\\/noticias\\\/netanyahu-se-reunira-con-obama-en-washington-en-marzo-segun-un-diario\\\/#listItem\",\"name\":\"Netanyahu se reunir\\u00e1 con Obama en Washington en marzo, seg\\u00fan un diario\"},\"previousItem\":{\"@type\":\"ListItem\",\"@id\":\"https:\\\/\\\/www.eldigitaldeasturias.com\\\/noticias#listItem\",\"name\":\"Home\"}},{\"@type\":\"ListItem\",\"@id\":\"https:\\\/\\\/www.eldigitaldeasturias.com\\\/noticias\\\/netanyahu-se-reunira-con-obama-en-washington-en-marzo-segun-un-diario\\\/#listItem\",\"position\":3,\"name\":\"Netanyahu se reunir\\u00e1 con Obama en Washington en marzo, seg\\u00fan un diario\",\"previousItem\":{\"@type\":\"ListItem\",\"@id\":\"https:\\\/\\\/www.eldigitaldeasturias.com\\\/noticias\\\/category\\\/actualidad\\\/#listItem\",\"name\":\"Actualidad\"}}]},{\"@type\":\"Organization\",\"@id\":\"https:\\\/\\\/www.eldigitaldeasturias.com\\\/noticias\\\/#organization\",\"name\":\"El Digital de Asturias\",\"description\":\"Hemeroteca\",\"url\":\"https:\\\/\\\/www.eldigitaldeasturias.com\\\/noticias\\\/\",\"email\":\"info@eldigitaldeasturias.com\",\"telephone\":\"+34652131393\",\"logo\":{\"@type\":\"ImageObject\",\"url\":\"https:\\\/\\\/www.eldigitaldeasturias.com\\\/noticias\\\/wp-content\\\/uploads\\\/2020\\\/12\\\/EDA.jpg\",\"@id\":\"https:\\\/\\\/www.eldigitaldeasturias.com\\\/noticias\\\/netanyahu-se-reunira-con-obama-en-washington-en-marzo-segun-un-diario\\\/#organizationLogo\"},\"image\":{\"@id\":\"https:\\\/\\\/www.eldigitaldeasturias.com\\\/noticias\\\/netanyahu-se-reunira-con-obama-en-washington-en-marzo-segun-un-diario\\\/#organizationLogo\"},\"sameAs\":[\"https:\\\/\\\/facebook.com\\\/eldigitaldeasturias\",\"https:\\\/\\\/www.youtube.com\\\/channel\\\/UCZP-2wLEB9Rv6erhFmqVnvg\"],\"address\":{\"@id\":\"https:\\\/\\\/www.eldigitaldeasturias.com\\\/noticias\\\/#postaladdress\",\"@type\":\"PostalAddress\",\"streetAddress\":\"san antonio 4\",\"postalCode\":\"33430\",\"addressLocality\":\"Cand\\u00e1s\",\"addressRegion\":\"Asturias\",\"addressCountry\":\"ES\"}},{\"@type\":\"Person\",\"@id\":\"https:\\\/\\\/www.eldigitaldeasturias.com\\\/noticias\\\/author\\\/admin\\\/#author\",\"url\":\"https:\\\/\\\/www.eldigitaldeasturias.com\\\/noticias\\\/author\\\/admin\\\/\",\"name\":\"El Digital de Asturias\",\"image\":{\"@type\":\"ImageObject\",\"@id\":\"https:\\\/\\\/www.eldigitaldeasturias.com\\\/noticias\\\/netanyahu-se-reunira-con-obama-en-washington-en-marzo-segun-un-diario\\\/#authorImage\",\"url\":\"https:\\\/\\\/secure.gravatar.com\\\/avatar\\\/df2aeffc32bcd13f8d26072ef8a91b623d677766deac7f97ca815868cd41bf5e?s=96&d=mm&r=g\",\"width\":96,\"height\":96,\"caption\":\"El Digital de Asturias\"}},{\"@type\":\"WebPage\",\"@id\":\"https:\\\/\\\/www.eldigitaldeasturias.com\\\/noticias\\\/netanyahu-se-reunira-con-obama-en-washington-en-marzo-segun-un-diario\\\/#webpage\",\"url\":\"https:\\\/\\\/www.eldigitaldeasturias.com\\\/noticias\\\/netanyahu-se-reunira-con-obama-en-washington-en-marzo-segun-un-diario\\\/\",\"name\":\"Netanyahu se reunir\\u00e1 con Obama en Washington en marzo, seg\\u00fan un diario - El Digital de Asturias\",\"description\":\"Jerusal\\u00e9n, 10 feb (EFE).- El primer ministro israel\\u00ed, Benjam\\u00edn Netanyahu, tiene previsto viajar a EEUU para entrevistarse con el presidente norteamericano, Barack Obama, y abordar entre otros asuntos la cuesti\\u00f3n iran\\u00ed, inform\\u00f3 hoy el diario \\\"Yediot Aharonot\\\". El jefe del Gobierno israel\\u00ed comenzar\\u00e1 el viaje el pr\\u00f3ximo 2 de marzo y, previsiblemente, se prolongar\\u00e1 una\",\"inLanguage\":\"es-ES\",\"isPartOf\":{\"@id\":\"https:\\\/\\\/www.eldigitaldeasturias.com\\\/noticias\\\/#website\"},\"breadcrumb\":{\"@id\":\"https:\\\/\\\/www.eldigitaldeasturias.com\\\/noticias\\\/netanyahu-se-reunira-con-obama-en-washington-en-marzo-segun-un-diario\\\/#breadcrumblist\"},\"author\":{\"@id\":\"https:\\\/\\\/www.eldigitaldeasturias.com\\\/noticias\\\/author\\\/admin\\\/#author\"},\"creator\":{\"@id\":\"https:\\\/\\\/www.eldigitaldeasturias.com\\\/noticias\\\/author\\\/admin\\\/#author\"},\"image\":{\"@type\":\"ImageObject\",\"url\":487999,\"@id\":\"https:\\\/\\\/www.eldigitaldeasturias.com\\\/noticias\\\/netanyahu-se-reunira-con-obama-en-washington-en-marzo-segun-un-diario\\\/#mainImage\"},\"primaryImageOfPage\":{\"@id\":\"https:\\\/\\\/www.eldigitaldeasturias.com\\\/noticias\\\/netanyahu-se-reunira-con-obama-en-washington-en-marzo-segun-un-diario\\\/#mainImage\"},\"datePublished\":\"2014-02-10T21:22:24+01:00\",\"dateModified\":\"2014-02-10T21:22:24+01:00\"},{\"@type\":\"WebSite\",\"@id\":\"https:\\\/\\\/www.eldigitaldeasturias.com\\\/noticias\\\/#website\",\"url\":\"https:\\\/\\\/www.eldigitaldeasturias.com\\\/noticias\\\/\",\"name\":\"El Digital de Asturias - Diario de actualidad y noticias\",\"alternateName\":\"El Digital de Asturias - Diario de actualidad y noticias\",\"description\":\"Hemeroteca\",\"inLanguage\":\"es-ES\",\"publisher\":{\"@id\":\"https:\\\/\\\/www.eldigitaldeasturias.com\\\/noticias\\\/#organization\"}}]}\n\t\t<\/script>\n\t\t<!-- All in One SEO Pro -->\r\n\t\t<title>Netanyahu se reunir\u00e1 con Obama en Washington en marzo, seg\u00fan un diario - El Digital de Asturias<\/title>\n\n","aioseo_head_json":{"title":"Netanyahu se reunir\u00e1 con Obama en Washington en marzo, seg\u00fan un diario - El Digital de Asturias","description":"Jerusal\u00e9n, 10 feb (EFE).- El primer ministro israel\u00ed, Benjam\u00edn Netanyahu, tiene previsto viajar a EEUU para entrevistarse con el presidente norteamericano, Barack Obama, y abordar entre otros asuntos la cuesti\u00f3n iran\u00ed, inform\u00f3 hoy el diario \"Yediot Aharonot\". El jefe del Gobierno israel\u00ed comenzar\u00e1 el viaje el pr\u00f3ximo 2 de marzo y, previsiblemente, se prolongar\u00e1 una","canonical_url":"https:\/\/www.eldigitaldeasturias.com\/noticias\/netanyahu-se-reunira-con-obama-en-washington-en-marzo-segun-un-diario\/","robots":"max-image-preview:large","keywords":"actualidad","webmasterTools":{"google-site-verification":"UA-38556648-1","msvalidate.01":"7dfe9f3f1b24437ab69f4f2559babe99","miscellaneous":""},"schema":{"@context":"https:\/\/schema.org","@graph":[{"@type":"BlogPosting","@id":"https:\/\/www.eldigitaldeasturias.com\/noticias\/netanyahu-se-reunira-con-obama-en-washington-en-marzo-segun-un-diario\/#blogposting","name":"Netanyahu se reunir\u00e1 con Obama en Washington en marzo, seg\u00fan un diario - El Digital de Asturias","headline":"Netanyahu se reunir\u00e1 con Obama en Washington en marzo, seg\u00fan un diario","author":{"@id":"https:\/\/www.eldigitaldeasturias.com\/noticias\/author\/admin\/#author"},"publisher":{"@id":"https:\/\/www.eldigitaldeasturias.com\/noticias\/#organization"},"image":{"@type":"ImageObject","url":487999},"datePublished":"2014-02-10T21:22:24+01:00","dateModified":"2014-02-10T21:22:24+01:00","inLanguage":"es-ES","mainEntityOfPage":{"@id":"https:\/\/www.eldigitaldeasturias.com\/noticias\/netanyahu-se-reunira-con-obama-en-washington-en-marzo-segun-un-diario\/#webpage"},"isPartOf":{"@id":"https:\/\/www.eldigitaldeasturias.com\/noticias\/netanyahu-se-reunira-con-obama-en-washington-en-marzo-segun-un-diario\/#webpage"},"articleSection":"Actualidad"},{"@type":"BreadcrumbList","@id":"https:\/\/www.eldigitaldeasturias.com\/noticias\/netanyahu-se-reunira-con-obama-en-washington-en-marzo-segun-un-diario\/#breadcrumblist","itemListElement":[{"@type":"ListItem","@id":"https:\/\/www.eldigitaldeasturias.com\/noticias#listItem","position":1,"name":"Home","item":"https:\/\/www.eldigitaldeasturias.com\/noticias","nextItem":{"@type":"ListItem","@id":"https:\/\/www.eldigitaldeasturias.com\/noticias\/category\/actualidad\/#listItem","name":"Actualidad"}},{"@type":"ListItem","@id":"https:\/\/www.eldigitaldeasturias.com\/noticias\/category\/actualidad\/#listItem","position":2,"name":"Actualidad","item":"https:\/\/www.eldigitaldeasturias.com\/noticias\/category\/actualidad\/","nextItem":{"@type":"ListItem","@id":"https:\/\/www.eldigitaldeasturias.com\/noticias\/netanyahu-se-reunira-con-obama-en-washington-en-marzo-segun-un-diario\/#listItem","name":"Netanyahu se reunir\u00e1 con Obama en Washington en marzo, seg\u00fan un diario"},"previousItem":{"@type":"ListItem","@id":"https:\/\/www.eldigitaldeasturias.com\/noticias#listItem","name":"Home"}},{"@type":"ListItem","@id":"https:\/\/www.eldigitaldeasturias.com\/noticias\/netanyahu-se-reunira-con-obama-en-washington-en-marzo-segun-un-diario\/#listItem","position":3,"name":"Netanyahu se reunir\u00e1 con Obama en Washington en marzo, seg\u00fan un diario","previousItem":{"@type":"ListItem","@id":"https:\/\/www.eldigitaldeasturias.com\/noticias\/category\/actualidad\/#listItem","name":"Actualidad"}}]},{"@type":"Organization","@id":"https:\/\/www.eldigitaldeasturias.com\/noticias\/#organization","name":"El Digital de Asturias","description":"Hemeroteca","url":"https:\/\/www.eldigitaldeasturias.com\/noticias\/","email":"info@eldigitaldeasturias.com","telephone":"+34652131393","logo":{"@type":"ImageObject","url":"https:\/\/www.eldigitaldeasturias.com\/noticias\/wp-content\/uploads\/2020\/12\/EDA.jpg","@id":"https:\/\/www.eldigitaldeasturias.com\/noticias\/netanyahu-se-reunira-con-obama-en-washington-en-marzo-segun-un-diario\/#organizationLogo"},"image":{"@id":"https:\/\/www.eldigitaldeasturias.com\/noticias\/netanyahu-se-reunira-con-obama-en-washington-en-marzo-segun-un-diario\/#organizationLogo"},"sameAs":["https:\/\/facebook.com\/eldigitaldeasturias","https:\/\/www.youtube.com\/channel\/UCZP-2wLEB9Rv6erhFmqVnvg"],"address":{"@id":"https:\/\/www.eldigitaldeasturias.com\/noticias\/#postaladdress","@type":"PostalAddress","streetAddress":"san antonio 4","postalCode":"33430","addressLocality":"Cand\u00e1s","addressRegion":"Asturias","addressCountry":"ES"}},{"@type":"Person","@id":"https:\/\/www.eldigitaldeasturias.com\/noticias\/author\/admin\/#author","url":"https:\/\/www.eldigitaldeasturias.com\/noticias\/author\/admin\/","name":"El Digital de Asturias","image":{"@type":"ImageObject","@id":"https:\/\/www.eldigitaldeasturias.com\/noticias\/netanyahu-se-reunira-con-obama-en-washington-en-marzo-segun-un-diario\/#authorImage","url":"https:\/\/secure.gravatar.com\/avatar\/df2aeffc32bcd13f8d26072ef8a91b623d677766deac7f97ca815868cd41bf5e?s=96&d=mm&r=g","width":96,"height":96,"caption":"El Digital de Asturias"}},{"@type":"WebPage","@id":"https:\/\/www.eldigitaldeasturias.com\/noticias\/netanyahu-se-reunira-con-obama-en-washington-en-marzo-segun-un-diario\/#webpage","url":"https:\/\/www.eldigitaldeasturias.com\/noticias\/netanyahu-se-reunira-con-obama-en-washington-en-marzo-segun-un-diario\/","name":"Netanyahu se reunir\u00e1 con Obama en Washington en marzo, seg\u00fan un diario - El Digital de Asturias","description":"Jerusal\u00e9n, 10 feb (EFE).- El primer ministro israel\u00ed, Benjam\u00edn Netanyahu, tiene previsto viajar a EEUU para entrevistarse con el presidente norteamericano, Barack Obama, y abordar entre otros asuntos la cuesti\u00f3n iran\u00ed, inform\u00f3 hoy el diario \"Yediot Aharonot\". El jefe del Gobierno israel\u00ed comenzar\u00e1 el viaje el pr\u00f3ximo 2 de marzo y, previsiblemente, se prolongar\u00e1 una","inLanguage":"es-ES","isPartOf":{"@id":"https:\/\/www.eldigitaldeasturias.com\/noticias\/#website"},"breadcrumb":{"@id":"https:\/\/www.eldigitaldeasturias.com\/noticias\/netanyahu-se-reunira-con-obama-en-washington-en-marzo-segun-un-diario\/#breadcrumblist"},"author":{"@id":"https:\/\/www.eldigitaldeasturias.com\/noticias\/author\/admin\/#author"},"creator":{"@id":"https:\/\/www.eldigitaldeasturias.com\/noticias\/author\/admin\/#author"},"image":{"@type":"ImageObject","url":487999,"@id":"https:\/\/www.eldigitaldeasturias.com\/noticias\/netanyahu-se-reunira-con-obama-en-washington-en-marzo-segun-un-diario\/#mainImage"},"primaryImageOfPage":{"@id":"https:\/\/www.eldigitaldeasturias.com\/noticias\/netanyahu-se-reunira-con-obama-en-washington-en-marzo-segun-un-diario\/#mainImage"},"datePublished":"2014-02-10T21:22:24+01:00","dateModified":"2014-02-10T21:22:24+01:00"},{"@type":"WebSite","@id":"https:\/\/www.eldigitaldeasturias.com\/noticias\/#website","url":"https:\/\/www.eldigitaldeasturias.com\/noticias\/","name":"El Digital de Asturias - Diario de actualidad y noticias","alternateName":"El Digital de Asturias - Diario de actualidad y noticias","description":"Hemeroteca","inLanguage":"es-ES","publisher":{"@id":"https:\/\/www.eldigitaldeasturias.com\/noticias\/#organization"}}]},"og:locale":"es_ES","og:site_name":"El Digital de Asturias","og:type":"article","og:title":"Netanyahu se reunir\u00e1 con Obama en Washington en marzo, seg\u00fan un diario - El Digital de Asturias","og:description":"Jerusal\u00e9n, 10 feb (EFE).- El primer ministro israel\u00ed, Benjam\u00edn Netanyahu, tiene previsto viajar a EEUU para entrevistarse con el presidente norteamericano, Barack Obama, y abordar entre otros asuntos la cuesti\u00f3n iran\u00ed, inform\u00f3 hoy el diario &quot;Yediot Aharonot&quot;. El jefe del Gobierno israel\u00ed comenzar\u00e1 el viaje el pr\u00f3ximo 2 de marzo y, previsiblemente, se prolongar\u00e1 una","og:url":"https:\/\/www.eldigitaldeasturias.com\/noticias\/netanyahu-se-reunira-con-obama-en-washington-en-marzo-segun-un-diario\/","article:tag":["actualidad"],"article:published_time":"2014-02-10T22:22:24+00:00","article:modified_time":"2014-02-10T22:22:24+00:00","article:publisher":"https:\/\/facebook.com\/eldigitaldeasturias","twitter:card":"summary_large_image","twitter:title":"Netanyahu se reunir\u00e1 con Obama en Washington en marzo, seg\u00fan un diario - El Digital de Asturias","twitter:description":"Jerusal\u00e9n, 10 feb (EFE).- El primer ministro israel\u00ed, Benjam\u00edn Netanyahu, tiene previsto viajar a EEUU para entrevistarse con el presidente norteamericano, Barack Obama, y abordar entre otros asuntos la cuesti\u00f3n iran\u00ed, inform\u00f3 hoy el diario &quot;Yediot Aharonot&quot;. El jefe del Gobierno israel\u00ed comenzar\u00e1 el viaje el pr\u00f3ximo 2 de marzo y, previsiblemente, se prolongar\u00e1 una","twitter:label1":"Escrito por","twitter:data1":"El Digital de Asturias","twitter:label2":"Tiempo de lectura estimado","twitter:data2":"2 minutos"},"aioseo_meta_data":{"post_id":"487998","title":null,"description":null,"keywords":null,"keyphrases":null,"primary_term":null,"canonical_url":null,"og_title":null,"og_description":null,"og_object_type":"default","og_image_type":"default","og_image_url":null,"og_image_width":null,"og_image_height":null,"og_image_custom_url":null,"og_image_custom_fields":null,"og_video":null,"og_custom_url":null,"og_article_section":null,"og_article_tags":null,"twitter_use_og":true,"twitter_card":"default","twitter_image_type":"default","twitter_image_url":null,"twitter_image_custom_url":null,"twitter_image_custom_fields":null,"twitter_title":null,"twitter_description":null,"schema":{"blockGraphs":[],"customGraphs":[],"default":{"data":{"Article":[],"Course":[],"Dataset":[],"FAQPage":[],"Movie":[],"Person":[],"Product":[],"ProductReview":[],"Car":[],"Recipe":[],"Service":[],"SoftwareApplication":[],"WebPage":[]},"graphName":"","isEnabled":true},"graphs":[],"defaultGraph":"","defaultPostTypeGraph":""},"schema_type":null,"schema_type_options":null,"pillar_content":false,"robots_default":true,"robots_noindex":false,"robots_noarchive":false,"robots_nosnippet":false,"robots_nofollow":false,"robots_noimageindex":false,"robots_noodp":false,"robots_notranslate":false,"robots_max_snippet":null,"robots_max_videopreview":null,"robots_max_imagepreview":"none","priority":null,"frequency":null,"local_seo":null,"seo_analyzer_scan_date":"2026-06-03 06:35:54","breadcrumb_settings":null,"limit_modified_date":false,"open_ai":null,"ai":null,"created":"2020-11-14 22:57:06","updated":"2026-06-03 06:35:54","focus_keyword":null,"additional_keywords":null,"truseo_locale":null},"aioseo_breadcrumb":"<div class=\"aioseo-breadcrumbs\"><span class=\"aioseo-breadcrumb\">\n\t<a href=\"https:\/\/www.eldigitaldeasturias.com\/noticias\" title=\"Home\">Home<\/a>\n<\/span><span class=\"aioseo-breadcrumb-separator\">\u2013<\/span><span class=\"aioseo-breadcrumb\">\n\t<a href=\"https:\/\/www.eldigitaldeasturias.com\/noticias\/category\/actualidad\/\" title=\"Actualidad\">Actualidad<\/a>\n<\/span><span class=\"aioseo-breadcrumb-separator\">\u2013<\/span><span class=\"aioseo-breadcrumb\">\n\t<a href=\"https:\/\/www.eldigitaldeasturias.com\/noticias\/netanyahu-se-reunira-con-obama-en-washington-en-marzo-segun-un-diario\/\" title=\"Netanyahu se reunir\u00e1 con Obama en Washington en marzo, seg\u00fan un diario\">Netanyahu se reunir\u00e1 con Obama en Washington en marzo, seg\u00fan un diario<\/a>\n<\/span><\/div>","aioseo_breadcrumb_json":[{"label":"Home","link":"https:\/\/www.eldigitaldeasturias.com\/noticias"},{"label":"Actualidad","link":"https:\/\/www.eldigitaldeasturias.com\/noticias\/category\/actualidad\/"},{"label":"Netanyahu se reunir\u00e1 con Obama en Washington en marzo, seg\u00fan un diario","link":"https:\/\/www.eldigitaldeasturias.com\/noticias\/netanyahu-se-reunira-con-obama-en-washington-en-marzo-segun-un-diario\/"}],"_links":{"self":[{"href":"https:\/\/www.eldigitaldeasturias.com\/noticias\/wp-json\/wp\/v2\/posts\/487998","targetHints":{"allow":["GET"]}}],"collection":[{"href":"https:\/\/www.eldigitaldeasturias.com\/noticias\/wp-json\/wp\/v2\/posts"}],"about":[{"href":"https:\/\/www.eldigitaldeasturias.com\/noticias\/wp-json\/wp\/v2\/types\/post"}],"author":[{"embeddable":true,"href":"https:\/\/www.eldigitaldeasturias.com\/noticias\/wp-json\/wp\/v2\/users\/1"}],"replies":[{"embeddable":true,"href":"https:\/\/www.eldigitaldeasturias.com\/noticias\/wp-json\/wp\/v2\/comments?post=487998"}],"version-history":[{"count":0,"href":"https:\/\/www.eldigitaldeasturias.com\/noticias\/wp-json\/wp\/v2\/posts\/487998\/revisions"}],"wp:attachment":[{"href":"https:\/\/www.eldigitaldeasturias.com\/noticias\/wp-json\/wp\/v2\/media?parent=487998"}],"wp:term":[{"taxonomy":"category","embeddable":true,"href":"https:\/\/www.eldigitaldeasturias.com\/noticias\/wp-json\/wp\/v2\/categories?post=487998"},{"taxonomy":"post_tag","embeddable":true,"href":"https:\/\/www.eldigitaldeasturias.com\/noticias\/wp-json\/wp\/v2\/tags?post=487998"}],"curies":[{"name":"wp","href":"https:\/\/api.w.org\/{rel}","templated":true}]}}