{"id":487992,"date":"2014-02-10T21:16:07","date_gmt":"2014-02-10T22:16:07","guid":{"rendered":"http:\/\/www.eldigitaldeasturias.com\/noticias\/?p=487992"},"modified":"2014-02-10T21:16:07","modified_gmt":"2014-02-10T22:16:07","slug":"lara-ve-un-plan-para-salvar-a-la-infanta-y-que-el-plebeyo-asuma-el-marron","status":"publish","type":"post","link":"https:\/\/www.eldigitaldeasturias.com\/noticias\/lara-ve-un-plan-para-salvar-a-la-infanta-y-que-el-plebeyo-asuma-el-marron\/","title":{"rendered":"Lara ve un plan para salvar a la infanta y que \u00abel plebeyo asuma el marr\u00f3n\u00bb"},"content":{"rendered":"<p><img loading=\"lazy\" decoding=\"async\" class=\"alignleft size-medium wp-image-487993\" alt=\"5927745w\" src=\"https:\/\/www.eldigitaldeasturias.com\/noticias\/wp-content\/uploads\/2014\/02\/5927745w-360x221.jpg\" width=\"360\" height=\"221\" \/>Madrid, 10 feb (EFE).- El l\u00edder de IU, Cayo Lara, ha dicho estar convencido de que hay una estrategia por parte del Ministerio P\u00fablico para dejar que sea \u00abel plebeyo (I\u00f1aki Urdangarin) el que asuma el &#8216;marr\u00f3n'\u00bb del caso N\u00f3os y salvar a la infanta Cristina, aunque cree que dif\u00edcilmente \u00e9sta podr\u00e1 \u00ablimpiar\u00bb su imagen.<\/p>\n<p>Cayo Lara, en una rueda de prensa en la sede de Olimpo, ha afirmado que la Corona \u00abno ha sido ejemplo de nada\u00bb y ha actuado a remolque de la Justicia, lo que, a su juicio, ha perjudicado a la hija del Rey porque \u00absocialmente\u00bb ya ha sido condenada.<\/p>\n<p>Y a esta percepci\u00f3n se suma, ha opinado, el hecho de que la infanta, en su comparecencia el s\u00e1bado ante el juez Jos\u00e9 Castro, se limitara a responder que no conoc\u00eda ni sab\u00eda nada de las actividades de la empresa Aizoon, de la que es copropietaria junto a su marido. \u00abTan mala memoria no se puede tener\u00bb, ha subrayado el l\u00edder de IU.<\/p>\n<p>Cree que en estas circunstancias la Casa Real est\u00e1 obligada a explicar por qu\u00e9 no act\u00fao desde el primer momento en que tuvo conocimiento de las presuntas irregularidades que estaba cometiendo el marido de la infanta, de las que ya se sab\u00eda, ha dicho, en 2006.<\/p>\n","protected":false},"excerpt":{"rendered":"<p>Madrid, 10 feb (EFE).- El l\u00edder de IU, Cayo Lara, ha dicho estar convencido de que hay una estrategia por parte del Ministerio P\u00fablico para dejar que sea \u00abel plebeyo (I\u00f1aki Urdangarin) el que asuma el &#8216;marr\u00f3n&#8217;\u00bb del caso N\u00f3os y salvar a la infanta Cristina, aunque cree que dif\u00edcilmente \u00e9sta podr\u00e1 \u00ablimpiar\u00bb su imagen. [&hellip;]<\/p>\n","protected":false},"author":1,"featured_media":487993,"comment_status":"closed","ping_status":"closed","sticky":false,"template":"","format":"standard","meta":{"footnotes":""},"categories":[1],"tags":[],"class_list":["post-487992","post","type-post","status-publish","format-standard","has-post-thumbnail","hentry","category-actualidad"],"aioseo_notices":[],"aioseo_head":"\n\t\t<!-- All in One SEO Pro 5.0.1 - aioseo.com -->\n\t<meta name=\"description\" content=\"Madrid, 10 feb (EFE).- El l\u00edder de IU, Cayo Lara, ha dicho estar convencido de que hay una estrategia por parte del Ministerio P\u00fablico para dejar que sea &quot;el plebeyo (I\u00f1aki Urdangarin) el que asuma el &#039;marr\u00f3n&#039;&quot; del caso N\u00f3os y salvar a la infanta Cristina, aunque cree que dif\u00edcilmente \u00e9sta podr\u00e1 &quot;limpiar&quot; su imagen.\" \/>\n\t<meta name=\"robots\" content=\"max-image-preview:large\" \/>\n\t<meta name=\"author\" content=\"El Digital de Asturias\"\/>\n\t<meta name=\"google-site-verification\" content=\"UA-38556648-1\" \/>\n\t<meta name=\"msvalidate.01\" content=\"7dfe9f3f1b24437ab69f4f2559babe99\" \/>\n\t<meta name=\"keywords\" content=\"actualidad\" \/>\n\t<link rel=\"canonical\" href=\"https:\/\/www.eldigitaldeasturias.com\/noticias\/lara-ve-un-plan-para-salvar-a-la-infanta-y-que-el-plebeyo-asuma-el-marron\/\" \/>\n\t<meta name=\"generator\" content=\"All in One SEO Pro (AIOSEO) 5.0.1\" \/>\n\t\t<meta property=\"og:locale\" content=\"es_ES\" \/>\n\t\t<meta property=\"og:site_name\" content=\"El Digital de Asturias\" \/>\n\t\t<meta property=\"og:type\" content=\"article\" \/>\n\t\t<meta property=\"og:title\" content=\"Lara ve un plan para salvar a la infanta y que \u00abel plebeyo asuma el marr\u00f3n\u00bb - El Digital de Asturias\" \/>\n\t\t<meta property=\"og:description\" content=\"Madrid, 10 feb (EFE).- El l\u00edder de IU, Cayo Lara, ha dicho estar convencido de que hay una estrategia por parte del Ministerio P\u00fablico para dejar que sea &quot;el plebeyo (I\u00f1aki Urdangarin) el que asuma el &#039;marr\u00f3n&#039;&quot; del caso N\u00f3os y salvar a la infanta Cristina, aunque cree que dif\u00edcilmente \u00e9sta podr\u00e1 &quot;limpiar&quot; su imagen.\" \/>\n\t\t<meta property=\"og:url\" content=\"https:\/\/www.eldigitaldeasturias.com\/noticias\/lara-ve-un-plan-para-salvar-a-la-infanta-y-que-el-plebeyo-asuma-el-marron\/\" \/>\n\t\t<meta property=\"article:tag\" content=\"actualidad\" \/>\n\t\t<meta property=\"article:published_time\" content=\"2014-02-10T22:16:07+00:00\" \/>\n\t\t<meta property=\"article:modified_time\" content=\"2014-02-10T22:16:07+00:00\" \/>\n\t\t<meta property=\"article:publisher\" content=\"https:\/\/facebook.com\/eldigitaldeasturias\" \/>\n\t\t<meta name=\"twitter:card\" content=\"summary_large_image\" \/>\n\t\t<meta name=\"twitter:title\" content=\"Lara ve un plan para salvar a la infanta y que \u00abel plebeyo asuma el marr\u00f3n\u00bb - El Digital de Asturias\" \/>\n\t\t<meta name=\"twitter:description\" content=\"Madrid, 10 feb (EFE).- El l\u00edder de IU, Cayo Lara, ha dicho estar convencido de que hay una estrategia por parte del Ministerio P\u00fablico para dejar que sea &quot;el plebeyo (I\u00f1aki Urdangarin) el que asuma el &#039;marr\u00f3n&#039;&quot; del caso N\u00f3os y salvar a la infanta Cristina, aunque cree que dif\u00edcilmente \u00e9sta podr\u00e1 &quot;limpiar&quot; su imagen.\" \/>\n\t\t<meta name=\"twitter:label1\" content=\"Escrito por\" \/>\n\t\t<meta name=\"twitter:data1\" content=\"El Digital de Asturias\" \/>\n\t\t<meta name=\"twitter:label2\" content=\"Tiempo de lectura estimado\" \/>\n\t\t<meta name=\"twitter:data2\" content=\"1 minuto\" \/>\n\t\t<script type=\"application\/ld+json\" class=\"aioseo-schema\">\n\t\t\t{\"@context\":\"https:\\\/\\\/schema.org\",\"@graph\":[{\"@type\":\"BlogPosting\",\"@id\":\"https:\\\/\\\/www.eldigitaldeasturias.com\\\/noticias\\\/lara-ve-un-plan-para-salvar-a-la-infanta-y-que-el-plebeyo-asuma-el-marron\\\/#blogposting\",\"name\":\"Lara ve un plan para salvar a la infanta y que \\u00abel plebeyo asuma el marr\\u00f3n\\u00bb - El Digital de Asturias\",\"headline\":\"Lara ve un plan para salvar a la infanta y que \\u00abel plebeyo asuma el marr\\u00f3n\\u00bb\",\"author\":{\"@id\":\"https:\\\/\\\/www.eldigitaldeasturias.com\\\/noticias\\\/author\\\/admin\\\/#author\"},\"publisher\":{\"@id\":\"https:\\\/\\\/www.eldigitaldeasturias.com\\\/noticias\\\/#organization\"},\"image\":{\"@type\":\"ImageObject\",\"url\":487993},\"datePublished\":\"2014-02-10T21:16:07+01:00\",\"dateModified\":\"2014-02-10T21:16:07+01:00\",\"inLanguage\":\"es-ES\",\"mainEntityOfPage\":{\"@id\":\"https:\\\/\\\/www.eldigitaldeasturias.com\\\/noticias\\\/lara-ve-un-plan-para-salvar-a-la-infanta-y-que-el-plebeyo-asuma-el-marron\\\/#webpage\"},\"isPartOf\":{\"@id\":\"https:\\\/\\\/www.eldigitaldeasturias.com\\\/noticias\\\/lara-ve-un-plan-para-salvar-a-la-infanta-y-que-el-plebeyo-asuma-el-marron\\\/#webpage\"},\"articleSection\":\"Actualidad\"},{\"@type\":\"BreadcrumbList\",\"@id\":\"https:\\\/\\\/www.eldigitaldeasturias.com\\\/noticias\\\/lara-ve-un-plan-para-salvar-a-la-infanta-y-que-el-plebeyo-asuma-el-marron\\\/#breadcrumblist\",\"itemListElement\":[{\"@type\":\"ListItem\",\"@id\":\"https:\\\/\\\/www.eldigitaldeasturias.com\\\/noticias#listItem\",\"position\":1,\"name\":\"Home\",\"item\":\"https:\\\/\\\/www.eldigitaldeasturias.com\\\/noticias\",\"nextItem\":{\"@type\":\"ListItem\",\"@id\":\"https:\\\/\\\/www.eldigitaldeasturias.com\\\/noticias\\\/category\\\/actualidad\\\/#listItem\",\"name\":\"Actualidad\"}},{\"@type\":\"ListItem\",\"@id\":\"https:\\\/\\\/www.eldigitaldeasturias.com\\\/noticias\\\/category\\\/actualidad\\\/#listItem\",\"position\":2,\"name\":\"Actualidad\",\"item\":\"https:\\\/\\\/www.eldigitaldeasturias.com\\\/noticias\\\/category\\\/actualidad\\\/\",\"nextItem\":{\"@type\":\"ListItem\",\"@id\":\"https:\\\/\\\/www.eldigitaldeasturias.com\\\/noticias\\\/lara-ve-un-plan-para-salvar-a-la-infanta-y-que-el-plebeyo-asuma-el-marron\\\/#listItem\",\"name\":\"Lara ve un plan para salvar a la infanta y que \\u00abel plebeyo asuma el marr\\u00f3n\\u00bb\"},\"previousItem\":{\"@type\":\"ListItem\",\"@id\":\"https:\\\/\\\/www.eldigitaldeasturias.com\\\/noticias#listItem\",\"name\":\"Home\"}},{\"@type\":\"ListItem\",\"@id\":\"https:\\\/\\\/www.eldigitaldeasturias.com\\\/noticias\\\/lara-ve-un-plan-para-salvar-a-la-infanta-y-que-el-plebeyo-asuma-el-marron\\\/#listItem\",\"position\":3,\"name\":\"Lara ve un plan para salvar a la infanta y que \\u00abel plebeyo asuma el marr\\u00f3n\\u00bb\",\"previousItem\":{\"@type\":\"ListItem\",\"@id\":\"https:\\\/\\\/www.eldigitaldeasturias.com\\\/noticias\\\/category\\\/actualidad\\\/#listItem\",\"name\":\"Actualidad\"}}]},{\"@type\":\"Organization\",\"@id\":\"https:\\\/\\\/www.eldigitaldeasturias.com\\\/noticias\\\/#organization\",\"name\":\"El Digital de Asturias\",\"description\":\"Hemeroteca\",\"url\":\"https:\\\/\\\/www.eldigitaldeasturias.com\\\/noticias\\\/\",\"email\":\"info@eldigitaldeasturias.com\",\"telephone\":\"+34652131393\",\"logo\":{\"@type\":\"ImageObject\",\"url\":\"https:\\\/\\\/www.eldigitaldeasturias.com\\\/noticias\\\/wp-content\\\/uploads\\\/2020\\\/12\\\/EDA.jpg\",\"@id\":\"https:\\\/\\\/www.eldigitaldeasturias.com\\\/noticias\\\/lara-ve-un-plan-para-salvar-a-la-infanta-y-que-el-plebeyo-asuma-el-marron\\\/#organizationLogo\"},\"image\":{\"@id\":\"https:\\\/\\\/www.eldigitaldeasturias.com\\\/noticias\\\/lara-ve-un-plan-para-salvar-a-la-infanta-y-que-el-plebeyo-asuma-el-marron\\\/#organizationLogo\"},\"sameAs\":[\"https:\\\/\\\/facebook.com\\\/eldigitaldeasturias\",\"https:\\\/\\\/www.youtube.com\\\/channel\\\/UCZP-2wLEB9Rv6erhFmqVnvg\"],\"address\":{\"@id\":\"https:\\\/\\\/www.eldigitaldeasturias.com\\\/noticias\\\/#postaladdress\",\"@type\":\"PostalAddress\",\"streetAddress\":\"san antonio 4\",\"postalCode\":\"33430\",\"addressLocality\":\"Cand\\u00e1s\",\"addressRegion\":\"Asturias\",\"addressCountry\":\"ES\"}},{\"@type\":\"Person\",\"@id\":\"https:\\\/\\\/www.eldigitaldeasturias.com\\\/noticias\\\/author\\\/admin\\\/#author\",\"url\":\"https:\\\/\\\/www.eldigitaldeasturias.com\\\/noticias\\\/author\\\/admin\\\/\",\"name\":\"El Digital de Asturias\",\"image\":{\"@type\":\"ImageObject\",\"@id\":\"https:\\\/\\\/www.eldigitaldeasturias.com\\\/noticias\\\/lara-ve-un-plan-para-salvar-a-la-infanta-y-que-el-plebeyo-asuma-el-marron\\\/#authorImage\",\"url\":\"https:\\\/\\\/secure.gravatar.com\\\/avatar\\\/df2aeffc32bcd13f8d26072ef8a91b623d677766deac7f97ca815868cd41bf5e?s=96&d=mm&r=g\",\"width\":96,\"height\":96,\"caption\":\"El Digital de Asturias\"}},{\"@type\":\"WebPage\",\"@id\":\"https:\\\/\\\/www.eldigitaldeasturias.com\\\/noticias\\\/lara-ve-un-plan-para-salvar-a-la-infanta-y-que-el-plebeyo-asuma-el-marron\\\/#webpage\",\"url\":\"https:\\\/\\\/www.eldigitaldeasturias.com\\\/noticias\\\/lara-ve-un-plan-para-salvar-a-la-infanta-y-que-el-plebeyo-asuma-el-marron\\\/\",\"name\":\"Lara ve un plan para salvar a la infanta y que \\u00abel plebeyo asuma el marr\\u00f3n\\u00bb - El Digital de Asturias\",\"description\":\"Madrid, 10 feb (EFE).- El l\\u00edder de IU, Cayo Lara, ha dicho estar convencido de que hay una estrategia por parte del Ministerio P\\u00fablico para dejar que sea \\\"el plebeyo (I\\u00f1aki Urdangarin) el que asuma el 'marr\\u00f3n'\\\" del caso N\\u00f3os y salvar a la infanta Cristina, aunque cree que dif\\u00edcilmente \\u00e9sta podr\\u00e1 \\\"limpiar\\\" su imagen.\",\"inLanguage\":\"es-ES\",\"isPartOf\":{\"@id\":\"https:\\\/\\\/www.eldigitaldeasturias.com\\\/noticias\\\/#website\"},\"breadcrumb\":{\"@id\":\"https:\\\/\\\/www.eldigitaldeasturias.com\\\/noticias\\\/lara-ve-un-plan-para-salvar-a-la-infanta-y-que-el-plebeyo-asuma-el-marron\\\/#breadcrumblist\"},\"author\":{\"@id\":\"https:\\\/\\\/www.eldigitaldeasturias.com\\\/noticias\\\/author\\\/admin\\\/#author\"},\"creator\":{\"@id\":\"https:\\\/\\\/www.eldigitaldeasturias.com\\\/noticias\\\/author\\\/admin\\\/#author\"},\"image\":{\"@type\":\"ImageObject\",\"url\":487993,\"@id\":\"https:\\\/\\\/www.eldigitaldeasturias.com\\\/noticias\\\/lara-ve-un-plan-para-salvar-a-la-infanta-y-que-el-plebeyo-asuma-el-marron\\\/#mainImage\"},\"primaryImageOfPage\":{\"@id\":\"https:\\\/\\\/www.eldigitaldeasturias.com\\\/noticias\\\/lara-ve-un-plan-para-salvar-a-la-infanta-y-que-el-plebeyo-asuma-el-marron\\\/#mainImage\"},\"datePublished\":\"2014-02-10T21:16:07+01:00\",\"dateModified\":\"2014-02-10T21:16:07+01:00\"},{\"@type\":\"WebSite\",\"@id\":\"https:\\\/\\\/www.eldigitaldeasturias.com\\\/noticias\\\/#website\",\"url\":\"https:\\\/\\\/www.eldigitaldeasturias.com\\\/noticias\\\/\",\"name\":\"El Digital de Asturias - Diario de actualidad y noticias\",\"alternateName\":\"El Digital de Asturias - Diario de actualidad y noticias\",\"description\":\"Hemeroteca\",\"inLanguage\":\"es-ES\",\"publisher\":{\"@id\":\"https:\\\/\\\/www.eldigitaldeasturias.com\\\/noticias\\\/#organization\"}}]}\n\t\t<\/script>\n\t\t<!-- All in One SEO Pro -->\r\n\t\t<title>Lara ve un plan para salvar a la infanta y que \u00abel plebeyo asuma el marr\u00f3n\u00bb - El Digital de Asturias<\/title>\n\n","aioseo_head_json":{"title":"Lara ve un plan para salvar a la infanta y que \u00abel plebeyo asuma el marr\u00f3n\u00bb - El Digital de Asturias","description":"Madrid, 10 feb (EFE).- El l\u00edder de IU, Cayo Lara, ha dicho estar convencido de que hay una estrategia por parte del Ministerio P\u00fablico para dejar que sea \"el plebeyo (I\u00f1aki Urdangarin) el que asuma el 'marr\u00f3n'\" del caso N\u00f3os y salvar a la infanta Cristina, aunque cree que dif\u00edcilmente \u00e9sta podr\u00e1 \"limpiar\" su imagen.","canonical_url":"https:\/\/www.eldigitaldeasturias.com\/noticias\/lara-ve-un-plan-para-salvar-a-la-infanta-y-que-el-plebeyo-asuma-el-marron\/","robots":"max-image-preview:large","keywords":"actualidad","webmasterTools":{"google-site-verification":"UA-38556648-1","msvalidate.01":"7dfe9f3f1b24437ab69f4f2559babe99","miscellaneous":""},"schema":{"@context":"https:\/\/schema.org","@graph":[{"@type":"BlogPosting","@id":"https:\/\/www.eldigitaldeasturias.com\/noticias\/lara-ve-un-plan-para-salvar-a-la-infanta-y-que-el-plebeyo-asuma-el-marron\/#blogposting","name":"Lara ve un plan para salvar a la infanta y que \u00abel plebeyo asuma el marr\u00f3n\u00bb - El Digital de Asturias","headline":"Lara ve un plan para salvar a la infanta y que \u00abel plebeyo asuma el marr\u00f3n\u00bb","author":{"@id":"https:\/\/www.eldigitaldeasturias.com\/noticias\/author\/admin\/#author"},"publisher":{"@id":"https:\/\/www.eldigitaldeasturias.com\/noticias\/#organization"},"image":{"@type":"ImageObject","url":487993},"datePublished":"2014-02-10T21:16:07+01:00","dateModified":"2014-02-10T21:16:07+01:00","inLanguage":"es-ES","mainEntityOfPage":{"@id":"https:\/\/www.eldigitaldeasturias.com\/noticias\/lara-ve-un-plan-para-salvar-a-la-infanta-y-que-el-plebeyo-asuma-el-marron\/#webpage"},"isPartOf":{"@id":"https:\/\/www.eldigitaldeasturias.com\/noticias\/lara-ve-un-plan-para-salvar-a-la-infanta-y-que-el-plebeyo-asuma-el-marron\/#webpage"},"articleSection":"Actualidad"},{"@type":"BreadcrumbList","@id":"https:\/\/www.eldigitaldeasturias.com\/noticias\/lara-ve-un-plan-para-salvar-a-la-infanta-y-que-el-plebeyo-asuma-el-marron\/#breadcrumblist","itemListElement":[{"@type":"ListItem","@id":"https:\/\/www.eldigitaldeasturias.com\/noticias#listItem","position":1,"name":"Home","item":"https:\/\/www.eldigitaldeasturias.com\/noticias","nextItem":{"@type":"ListItem","@id":"https:\/\/www.eldigitaldeasturias.com\/noticias\/category\/actualidad\/#listItem","name":"Actualidad"}},{"@type":"ListItem","@id":"https:\/\/www.eldigitaldeasturias.com\/noticias\/category\/actualidad\/#listItem","position":2,"name":"Actualidad","item":"https:\/\/www.eldigitaldeasturias.com\/noticias\/category\/actualidad\/","nextItem":{"@type":"ListItem","@id":"https:\/\/www.eldigitaldeasturias.com\/noticias\/lara-ve-un-plan-para-salvar-a-la-infanta-y-que-el-plebeyo-asuma-el-marron\/#listItem","name":"Lara ve un plan para salvar a la infanta y que \u00abel plebeyo asuma el marr\u00f3n\u00bb"},"previousItem":{"@type":"ListItem","@id":"https:\/\/www.eldigitaldeasturias.com\/noticias#listItem","name":"Home"}},{"@type":"ListItem","@id":"https:\/\/www.eldigitaldeasturias.com\/noticias\/lara-ve-un-plan-para-salvar-a-la-infanta-y-que-el-plebeyo-asuma-el-marron\/#listItem","position":3,"name":"Lara ve un plan para salvar a la infanta y que \u00abel plebeyo asuma el marr\u00f3n\u00bb","previousItem":{"@type":"ListItem","@id":"https:\/\/www.eldigitaldeasturias.com\/noticias\/category\/actualidad\/#listItem","name":"Actualidad"}}]},{"@type":"Organization","@id":"https:\/\/www.eldigitaldeasturias.com\/noticias\/#organization","name":"El Digital de Asturias","description":"Hemeroteca","url":"https:\/\/www.eldigitaldeasturias.com\/noticias\/","email":"info@eldigitaldeasturias.com","telephone":"+34652131393","logo":{"@type":"ImageObject","url":"https:\/\/www.eldigitaldeasturias.com\/noticias\/wp-content\/uploads\/2020\/12\/EDA.jpg","@id":"https:\/\/www.eldigitaldeasturias.com\/noticias\/lara-ve-un-plan-para-salvar-a-la-infanta-y-que-el-plebeyo-asuma-el-marron\/#organizationLogo"},"image":{"@id":"https:\/\/www.eldigitaldeasturias.com\/noticias\/lara-ve-un-plan-para-salvar-a-la-infanta-y-que-el-plebeyo-asuma-el-marron\/#organizationLogo"},"sameAs":["https:\/\/facebook.com\/eldigitaldeasturias","https:\/\/www.youtube.com\/channel\/UCZP-2wLEB9Rv6erhFmqVnvg"],"address":{"@id":"https:\/\/www.eldigitaldeasturias.com\/noticias\/#postaladdress","@type":"PostalAddress","streetAddress":"san antonio 4","postalCode":"33430","addressLocality":"Cand\u00e1s","addressRegion":"Asturias","addressCountry":"ES"}},{"@type":"Person","@id":"https:\/\/www.eldigitaldeasturias.com\/noticias\/author\/admin\/#author","url":"https:\/\/www.eldigitaldeasturias.com\/noticias\/author\/admin\/","name":"El Digital de Asturias","image":{"@type":"ImageObject","@id":"https:\/\/www.eldigitaldeasturias.com\/noticias\/lara-ve-un-plan-para-salvar-a-la-infanta-y-que-el-plebeyo-asuma-el-marron\/#authorImage","url":"https:\/\/secure.gravatar.com\/avatar\/df2aeffc32bcd13f8d26072ef8a91b623d677766deac7f97ca815868cd41bf5e?s=96&d=mm&r=g","width":96,"height":96,"caption":"El Digital de Asturias"}},{"@type":"WebPage","@id":"https:\/\/www.eldigitaldeasturias.com\/noticias\/lara-ve-un-plan-para-salvar-a-la-infanta-y-que-el-plebeyo-asuma-el-marron\/#webpage","url":"https:\/\/www.eldigitaldeasturias.com\/noticias\/lara-ve-un-plan-para-salvar-a-la-infanta-y-que-el-plebeyo-asuma-el-marron\/","name":"Lara ve un plan para salvar a la infanta y que \u00abel plebeyo asuma el marr\u00f3n\u00bb - El Digital de Asturias","description":"Madrid, 10 feb (EFE).- El l\u00edder de IU, Cayo Lara, ha dicho estar convencido de que hay una estrategia por parte del Ministerio P\u00fablico para dejar que sea \"el plebeyo (I\u00f1aki Urdangarin) el que asuma el 'marr\u00f3n'\" del caso N\u00f3os y salvar a la infanta Cristina, aunque cree que dif\u00edcilmente \u00e9sta podr\u00e1 \"limpiar\" su imagen.","inLanguage":"es-ES","isPartOf":{"@id":"https:\/\/www.eldigitaldeasturias.com\/noticias\/#website"},"breadcrumb":{"@id":"https:\/\/www.eldigitaldeasturias.com\/noticias\/lara-ve-un-plan-para-salvar-a-la-infanta-y-que-el-plebeyo-asuma-el-marron\/#breadcrumblist"},"author":{"@id":"https:\/\/www.eldigitaldeasturias.com\/noticias\/author\/admin\/#author"},"creator":{"@id":"https:\/\/www.eldigitaldeasturias.com\/noticias\/author\/admin\/#author"},"image":{"@type":"ImageObject","url":487993,"@id":"https:\/\/www.eldigitaldeasturias.com\/noticias\/lara-ve-un-plan-para-salvar-a-la-infanta-y-que-el-plebeyo-asuma-el-marron\/#mainImage"},"primaryImageOfPage":{"@id":"https:\/\/www.eldigitaldeasturias.com\/noticias\/lara-ve-un-plan-para-salvar-a-la-infanta-y-que-el-plebeyo-asuma-el-marron\/#mainImage"},"datePublished":"2014-02-10T21:16:07+01:00","dateModified":"2014-02-10T21:16:07+01:00"},{"@type":"WebSite","@id":"https:\/\/www.eldigitaldeasturias.com\/noticias\/#website","url":"https:\/\/www.eldigitaldeasturias.com\/noticias\/","name":"El Digital de Asturias - Diario de actualidad y noticias","alternateName":"El Digital de Asturias - Diario de actualidad y noticias","description":"Hemeroteca","inLanguage":"es-ES","publisher":{"@id":"https:\/\/www.eldigitaldeasturias.com\/noticias\/#organization"}}]},"og:locale":"es_ES","og:site_name":"El Digital de Asturias","og:type":"article","og:title":"Lara ve un plan para salvar a la infanta y que \u00abel plebeyo asuma el marr\u00f3n\u00bb - El Digital de Asturias","og:description":"Madrid, 10 feb (EFE).- El l\u00edder de IU, Cayo Lara, ha dicho estar convencido de que hay una estrategia por parte del Ministerio P\u00fablico para dejar que sea &quot;el plebeyo (I\u00f1aki Urdangarin) el que asuma el 'marr\u00f3n'&quot; del caso N\u00f3os y salvar a la infanta Cristina, aunque cree que dif\u00edcilmente \u00e9sta podr\u00e1 &quot;limpiar&quot; su imagen.","og:url":"https:\/\/www.eldigitaldeasturias.com\/noticias\/lara-ve-un-plan-para-salvar-a-la-infanta-y-que-el-plebeyo-asuma-el-marron\/","article:tag":["actualidad"],"article:published_time":"2014-02-10T22:16:07+00:00","article:modified_time":"2014-02-10T22:16:07+00:00","article:publisher":"https:\/\/facebook.com\/eldigitaldeasturias","twitter:card":"summary_large_image","twitter:title":"Lara ve un plan para salvar a la infanta y que \u00abel plebeyo asuma el marr\u00f3n\u00bb - El Digital de Asturias","twitter:description":"Madrid, 10 feb (EFE).- El l\u00edder de IU, Cayo Lara, ha dicho estar convencido de que hay una estrategia por parte del Ministerio P\u00fablico para dejar que sea &quot;el plebeyo (I\u00f1aki Urdangarin) el que asuma el 'marr\u00f3n'&quot; del caso N\u00f3os y salvar a la infanta Cristina, aunque cree que dif\u00edcilmente \u00e9sta podr\u00e1 &quot;limpiar&quot; su imagen.","twitter:label1":"Escrito por","twitter:data1":"El Digital de Asturias","twitter:label2":"Tiempo de lectura estimado","twitter:data2":"1 minuto"},"aioseo_meta_data":{"post_id":"487992","title":null,"description":null,"keywords":null,"keyphrases":null,"primary_term":null,"canonical_url":null,"og_title":null,"og_description":null,"og_object_type":"default","og_image_type":"default","og_image_url":null,"og_image_width":null,"og_image_height":null,"og_image_custom_url":null,"og_image_custom_fields":null,"og_video":null,"og_custom_url":null,"og_article_section":null,"og_article_tags":null,"twitter_use_og":true,"twitter_card":"default","twitter_image_type":"default","twitter_image_url":null,"twitter_image_custom_url":null,"twitter_image_custom_fields":null,"twitter_title":null,"twitter_description":null,"schema":{"blockGraphs":[],"customGraphs":[],"default":{"data":{"Article":[],"Course":[],"Dataset":[],"FAQPage":[],"Movie":[],"Person":[],"Product":[],"ProductReview":[],"Car":[],"Recipe":[],"Service":[],"SoftwareApplication":[],"WebPage":[]},"graphName":"","isEnabled":true},"graphs":[],"defaultGraph":"","defaultPostTypeGraph":""},"schema_type":null,"schema_type_options":null,"pillar_content":false,"robots_default":true,"robots_noindex":false,"robots_noarchive":false,"robots_nosnippet":false,"robots_nofollow":false,"robots_noimageindex":false,"robots_noodp":false,"robots_notranslate":false,"robots_max_snippet":null,"robots_max_videopreview":null,"robots_max_imagepreview":"none","priority":null,"frequency":null,"local_seo":null,"seo_analyzer_scan_date":"2026-06-03 06:35:53","breadcrumb_settings":null,"limit_modified_date":false,"open_ai":null,"ai":null,"created":"2020-11-14 22:57:06","updated":"2026-06-03 06:35:53","focus_keyword":null,"additional_keywords":null,"truseo_locale":null},"aioseo_breadcrumb":"<div class=\"aioseo-breadcrumbs\"><span class=\"aioseo-breadcrumb\">\n\t<a href=\"https:\/\/www.eldigitaldeasturias.com\/noticias\" title=\"Home\">Home<\/a>\n<\/span><span class=\"aioseo-breadcrumb-separator\">\u2013<\/span><span class=\"aioseo-breadcrumb\">\n\t<a href=\"https:\/\/www.eldigitaldeasturias.com\/noticias\/category\/actualidad\/\" title=\"Actualidad\">Actualidad<\/a>\n<\/span><span class=\"aioseo-breadcrumb-separator\">\u2013<\/span><span class=\"aioseo-breadcrumb\">\n\t<a href=\"https:\/\/www.eldigitaldeasturias.com\/noticias\/lara-ve-un-plan-para-salvar-a-la-infanta-y-que-el-plebeyo-asuma-el-marron\/\" title=\"Lara ve un plan para salvar a la infanta y que \u00abel plebeyo asuma el marr\u00f3n\u00bb\">Lara ve un plan para salvar a la infanta y que \u00abel plebeyo asuma el marr\u00f3n\u00bb<\/a>\n<\/span><\/div>","aioseo_breadcrumb_json":[{"label":"Home","link":"https:\/\/www.eldigitaldeasturias.com\/noticias"},{"label":"Actualidad","link":"https:\/\/www.eldigitaldeasturias.com\/noticias\/category\/actualidad\/"},{"label":"Lara ve un plan para salvar a la infanta y que \u00abel plebeyo asuma el marr\u00f3n\u00bb","link":"https:\/\/www.eldigitaldeasturias.com\/noticias\/lara-ve-un-plan-para-salvar-a-la-infanta-y-que-el-plebeyo-asuma-el-marron\/"}],"_links":{"self":[{"href":"https:\/\/www.eldigitaldeasturias.com\/noticias\/wp-json\/wp\/v2\/posts\/487992","targetHints":{"allow":["GET"]}}],"collection":[{"href":"https:\/\/www.eldigitaldeasturias.com\/noticias\/wp-json\/wp\/v2\/posts"}],"about":[{"href":"https:\/\/www.eldigitaldeasturias.com\/noticias\/wp-json\/wp\/v2\/types\/post"}],"author":[{"embeddable":true,"href":"https:\/\/www.eldigitaldeasturias.com\/noticias\/wp-json\/wp\/v2\/users\/1"}],"replies":[{"embeddable":true,"href":"https:\/\/www.eldigitaldeasturias.com\/noticias\/wp-json\/wp\/v2\/comments?post=487992"}],"version-history":[{"count":0,"href":"https:\/\/www.eldigitaldeasturias.com\/noticias\/wp-json\/wp\/v2\/posts\/487992\/revisions"}],"wp:attachment":[{"href":"https:\/\/www.eldigitaldeasturias.com\/noticias\/wp-json\/wp\/v2\/media?parent=487992"}],"wp:term":[{"taxonomy":"category","embeddable":true,"href":"https:\/\/www.eldigitaldeasturias.com\/noticias\/wp-json\/wp\/v2\/categories?post=487992"},{"taxonomy":"post_tag","embeddable":true,"href":"https:\/\/www.eldigitaldeasturias.com\/noticias\/wp-json\/wp\/v2\/tags?post=487992"}],"curies":[{"name":"wp","href":"https:\/\/api.w.org\/{rel}","templated":true}]}}