{"id":487986,"date":"2014-02-10T21:13:38","date_gmt":"2014-02-10T22:13:38","guid":{"rendered":"http:\/\/www.eldigitaldeasturias.com\/noticias\/?p=487986"},"modified":"2014-02-10T21:13:38","modified_gmt":"2014-02-10T22:13:38","slug":"eeuu-y-francia-quieren-compartir-con-otros-el-precio-y-el-peso-del-liderazgo","status":"publish","type":"post","link":"https:\/\/www.eldigitaldeasturias.com\/noticias\/eeuu-y-francia-quieren-compartir-con-otros-el-precio-y-el-peso-del-liderazgo\/","title":{"rendered":"EEUU y Francia quieren compartir con otros el precio y el peso del liderazgo"},"content":{"rendered":"<p><img loading=\"lazy\" decoding=\"async\" class=\"alignleft size-medium wp-image-487987\" alt=\"5927691w\" src=\"https:\/\/www.eldigitaldeasturias.com\/noticias\/wp-content\/uploads\/2014\/02\/5927691w-360x256.jpg\" width=\"360\" height=\"256\" \/>Par\u00eds, 10 feb (EFE).- Estados Unidos y Francia quieren compartir con otros pa\u00edses \u00abel precio y el peso del liderazgo\u00bb, al tiempo que dan cuenta del buen momento de las relaciones entre Par\u00eds y Washington en asuntos como Ir\u00e1n, Siria, \u00c1frica, el cambio clim\u00e1tico o la cooperaci\u00f3n econ\u00f3mica.<\/p>\n<p>As\u00ed se expresaron el presidente de EE.UU., Barack Obama, y su hom\u00f3logo franc\u00e9s, Fran\u00e7\u00f3is Hollande, en una tribuna publicada hoy en \u00abLe Monde\u00bb y \u00abThe Washington Post\u00bb, coincidiendo con el inicio del viaje oficial de cuatro d\u00edas del jefe del Estado franc\u00e9s a un pa\u00eds con el que Par\u00eds mantiene \u00abuna amistad de m\u00e1s de doscientos a\u00f1os\u00bb y que supone la primera visita de Estado de un presidente franc\u00e9s a Estados Unidos desde 1996.<\/p>\n<p>Las relaciones entre ambos pa\u00edses, insisten en ese texto, han mejorado en los cuatro \u00faltimos a\u00f1os, desde el regreso de Francia al mando conjunto de la OTAN, y EE.UU. y Francia comparten visi\u00f3n sobre gran parte de los principales asuntos internacionales.<\/p>\n<p>Por ejemplo, subrayan Hollande y Obama, ambos pa\u00edses celebran el primer acuerdo sobre el desarrollo nuclear de Ir\u00e1n y esperan que, a partir de la pr\u00f3xima semana en Viena, se pueda lograr \u00abuna soluci\u00f3n global para impedir que Ir\u00e1n obtenga el arma nuclear\u00bb.<\/p>\n<p>Sobre Siria, ambos presidentes creen que la guerra civil en ese pa\u00eds \u00abcompromete la estabilidad de la regi\u00f3n, incluido L\u00edbano\u00bb y sostienen que \u00abla comunidad internacional debe redoblar sus esfuerzos para aportar ayuda al pueblo sirio\u00bb y \u00abreforzar a la oposici\u00f3n moderada\u00bb para lograr \u00abuna transici\u00f3n pol\u00edtica que libere al pueblo sirio de la dictadura y del terrorismo\u00bb.<\/p>\n<p>Hollande y Obama agregan en su columna conjunta que la cooperaci\u00f3n entre ambos pa\u00edses encuentra \u00absu expresi\u00f3n m\u00e1s visible\u00bb en \u00c1frica, donde Estados Unidos ha aportado a Francia apoyo log\u00edstico militar en la intervenci\u00f3n gala en Mali y Rep\u00fablica Centroafricana.<\/p>\n<p>\u00abEn todo el continente, de Senegal a Somalia, contribuiremos al entrenamiento y la equipaci\u00f3n de las fuerzas locales para que puedan asegurar ellas mismas la seguridad\u00bb, a\u00f1aden Obama y Hollande, que aseguran que sus pa\u00edses ayudar\u00e1n tambi\u00e9n a ese continente en materia de agricultura, lucha contra el hambre, distribuci\u00f3n energ\u00e9tica y tratamientos para enfermedades como el sida.<\/p>\n<p>Otro de los puntos que destacan los presidentes de la primera y quinta econom\u00eda mundial son los intercambios comerciales entre Washington y Par\u00eds, que representan \u00abun mill\u00f3n de empleos\u00bb entre ambos pa\u00edses.<\/p>\n<p>Ambos l\u00edderes apoyaron \u00abla asociaci\u00f3n de comercio e inversi\u00f3n\u00bb entre la Uni\u00f3n Europea (UE) y los Estados Unidos porque crear\u00e1 \u00abm\u00e1s empleos y m\u00e1s posibilidades de exportaci\u00f3n\u00bb, adem\u00e1s de una \u00abbase perenne\u00bb para el crecimiento y la recuperaci\u00f3n de la econom\u00eda global.<\/p>\n<p>Por \u00faltimo, los presidentes estadounidense y franc\u00e9s se refieren al cambio clim\u00e1tico y sostienen que ambos pa\u00edses pueden \u00abdesarrollar acuerdos en materia de energ\u00eda limpia\u00bb que creen empleo y crecimiento sin CO2.<\/p>\n<p>Dicen tambi\u00e9n que pueden hacer mas para ayudar a los pa\u00edses en desarrollo en avanzar por el mismo camino y \u00abenfrentarse a la subida del nivel de los oc\u00e9anos y la violencia de los temporales\u00bb, de cara a la conferencia sobre el clima que se celebrar\u00e1 el a\u00f1o pr\u00f3ximo en Par\u00eds.<\/p>\n<p>\u00abComo siempre, el futuro que queremos debe merecerse. Durante m\u00e1s de doscientos a\u00f1os, nuestros dos pueblos han hecho frente com\u00fan para defender la libertad. Actualmente, asumimos, una vez m\u00e1s, nuestras responsabilidades no solo entre nosotros pero tambi\u00e9n respecto a un mundo que es m\u00e1s seguro gracias a la continuidad de nuestras actual alianza que aqu\u00ed reafirmamos\u00bb, concluye la tribuna firmada por Obama y Hollande.<\/p>\n","protected":false},"excerpt":{"rendered":"<p>Par\u00eds, 10 feb (EFE).- Estados Unidos y Francia quieren compartir con otros pa\u00edses \u00abel precio y el peso del liderazgo\u00bb, al tiempo que dan cuenta del buen momento de las relaciones entre Par\u00eds y Washington en asuntos como Ir\u00e1n, Siria, \u00c1frica, el cambio clim\u00e1tico o la cooperaci\u00f3n econ\u00f3mica. As\u00ed se expresaron el presidente de EE.UU., [&hellip;]<\/p>\n","protected":false},"author":1,"featured_media":487987,"comment_status":"closed","ping_status":"closed","sticky":false,"template":"","format":"standard","meta":{"footnotes":""},"categories":[1],"tags":[],"class_list":["post-487986","post","type-post","status-publish","format-standard","has-post-thumbnail","hentry","category-actualidad"],"aioseo_notices":[],"aioseo_head":"\n\t\t<!-- All in One SEO Pro 5.0.1 - aioseo.com -->\n\t<meta name=\"description\" content=\"Par\u00eds, 10 feb (EFE).- Estados Unidos y Francia quieren compartir con otros pa\u00edses &quot;el precio y el peso del liderazgo&quot;, al tiempo que dan cuenta del buen momento de las relaciones entre Par\u00eds y Washington en asuntos como Ir\u00e1n, Siria, \u00c1frica, el cambio clim\u00e1tico o la cooperaci\u00f3n econ\u00f3mica. As\u00ed se expresaron el presidente de EE.UU.,\" \/>\n\t<meta name=\"robots\" content=\"max-image-preview:large\" \/>\n\t<meta name=\"author\" content=\"El Digital de Asturias\"\/>\n\t<meta name=\"google-site-verification\" content=\"UA-38556648-1\" \/>\n\t<meta name=\"msvalidate.01\" content=\"7dfe9f3f1b24437ab69f4f2559babe99\" \/>\n\t<meta name=\"keywords\" content=\"actualidad\" \/>\n\t<link rel=\"canonical\" href=\"https:\/\/www.eldigitaldeasturias.com\/noticias\/eeuu-y-francia-quieren-compartir-con-otros-el-precio-y-el-peso-del-liderazgo\/\" \/>\n\t<meta name=\"generator\" content=\"All in One SEO Pro (AIOSEO) 5.0.1\" \/>\n\t\t<meta property=\"og:locale\" content=\"es_ES\" \/>\n\t\t<meta property=\"og:site_name\" content=\"El Digital de Asturias\" \/>\n\t\t<meta property=\"og:type\" content=\"article\" \/>\n\t\t<meta property=\"og:title\" content=\"EEUU y Francia quieren compartir con otros el precio y el peso del liderazgo - El Digital de Asturias\" \/>\n\t\t<meta property=\"og:description\" content=\"Par\u00eds, 10 feb (EFE).- Estados Unidos y Francia quieren compartir con otros pa\u00edses &quot;el precio y el peso del liderazgo&quot;, al tiempo que dan cuenta del buen momento de las relaciones entre Par\u00eds y Washington en asuntos como Ir\u00e1n, Siria, \u00c1frica, el cambio clim\u00e1tico o la cooperaci\u00f3n econ\u00f3mica. As\u00ed se expresaron el presidente de EE.UU.,\" \/>\n\t\t<meta property=\"og:url\" content=\"https:\/\/www.eldigitaldeasturias.com\/noticias\/eeuu-y-francia-quieren-compartir-con-otros-el-precio-y-el-peso-del-liderazgo\/\" \/>\n\t\t<meta property=\"article:tag\" content=\"actualidad\" \/>\n\t\t<meta property=\"article:published_time\" content=\"2014-02-10T22:13:38+00:00\" \/>\n\t\t<meta property=\"article:modified_time\" content=\"2014-02-10T22:13:38+00:00\" \/>\n\t\t<meta property=\"article:publisher\" content=\"https:\/\/facebook.com\/eldigitaldeasturias\" \/>\n\t\t<meta name=\"twitter:card\" content=\"summary_large_image\" \/>\n\t\t<meta name=\"twitter:title\" content=\"EEUU y Francia quieren compartir con otros el precio y el peso del liderazgo - El Digital de Asturias\" \/>\n\t\t<meta name=\"twitter:description\" content=\"Par\u00eds, 10 feb (EFE).- Estados Unidos y Francia quieren compartir con otros pa\u00edses &quot;el precio y el peso del liderazgo&quot;, al tiempo que dan cuenta del buen momento de las relaciones entre Par\u00eds y Washington en asuntos como Ir\u00e1n, Siria, \u00c1frica, el cambio clim\u00e1tico o la cooperaci\u00f3n econ\u00f3mica. As\u00ed se expresaron el presidente de EE.UU.,\" \/>\n\t\t<meta name=\"twitter:label1\" content=\"Escrito por\" \/>\n\t\t<meta name=\"twitter:data1\" content=\"El Digital de Asturias\" \/>\n\t\t<meta name=\"twitter:label2\" content=\"Tiempo de lectura estimado\" \/>\n\t\t<meta name=\"twitter:data2\" content=\"3 minutos\" \/>\n\t\t<script type=\"application\/ld+json\" class=\"aioseo-schema\">\n\t\t\t{\"@context\":\"https:\\\/\\\/schema.org\",\"@graph\":[{\"@type\":\"BlogPosting\",\"@id\":\"https:\\\/\\\/www.eldigitaldeasturias.com\\\/noticias\\\/eeuu-y-francia-quieren-compartir-con-otros-el-precio-y-el-peso-del-liderazgo\\\/#blogposting\",\"name\":\"EEUU y Francia quieren compartir con otros el precio y el peso del liderazgo - El Digital de Asturias\",\"headline\":\"EEUU y Francia quieren compartir con otros el precio y el peso del liderazgo\",\"author\":{\"@id\":\"https:\\\/\\\/www.eldigitaldeasturias.com\\\/noticias\\\/author\\\/admin\\\/#author\"},\"publisher\":{\"@id\":\"https:\\\/\\\/www.eldigitaldeasturias.com\\\/noticias\\\/#organization\"},\"image\":{\"@type\":\"ImageObject\",\"url\":487987},\"datePublished\":\"2014-02-10T21:13:38+01:00\",\"dateModified\":\"2014-02-10T21:13:38+01:00\",\"inLanguage\":\"es-ES\",\"mainEntityOfPage\":{\"@id\":\"https:\\\/\\\/www.eldigitaldeasturias.com\\\/noticias\\\/eeuu-y-francia-quieren-compartir-con-otros-el-precio-y-el-peso-del-liderazgo\\\/#webpage\"},\"isPartOf\":{\"@id\":\"https:\\\/\\\/www.eldigitaldeasturias.com\\\/noticias\\\/eeuu-y-francia-quieren-compartir-con-otros-el-precio-y-el-peso-del-liderazgo\\\/#webpage\"},\"articleSection\":\"Actualidad\"},{\"@type\":\"BreadcrumbList\",\"@id\":\"https:\\\/\\\/www.eldigitaldeasturias.com\\\/noticias\\\/eeuu-y-francia-quieren-compartir-con-otros-el-precio-y-el-peso-del-liderazgo\\\/#breadcrumblist\",\"itemListElement\":[{\"@type\":\"ListItem\",\"@id\":\"https:\\\/\\\/www.eldigitaldeasturias.com\\\/noticias#listItem\",\"position\":1,\"name\":\"Home\",\"item\":\"https:\\\/\\\/www.eldigitaldeasturias.com\\\/noticias\",\"nextItem\":{\"@type\":\"ListItem\",\"@id\":\"https:\\\/\\\/www.eldigitaldeasturias.com\\\/noticias\\\/category\\\/actualidad\\\/#listItem\",\"name\":\"Actualidad\"}},{\"@type\":\"ListItem\",\"@id\":\"https:\\\/\\\/www.eldigitaldeasturias.com\\\/noticias\\\/category\\\/actualidad\\\/#listItem\",\"position\":2,\"name\":\"Actualidad\",\"item\":\"https:\\\/\\\/www.eldigitaldeasturias.com\\\/noticias\\\/category\\\/actualidad\\\/\",\"nextItem\":{\"@type\":\"ListItem\",\"@id\":\"https:\\\/\\\/www.eldigitaldeasturias.com\\\/noticias\\\/eeuu-y-francia-quieren-compartir-con-otros-el-precio-y-el-peso-del-liderazgo\\\/#listItem\",\"name\":\"EEUU y Francia quieren compartir con otros el precio y el peso del liderazgo\"},\"previousItem\":{\"@type\":\"ListItem\",\"@id\":\"https:\\\/\\\/www.eldigitaldeasturias.com\\\/noticias#listItem\",\"name\":\"Home\"}},{\"@type\":\"ListItem\",\"@id\":\"https:\\\/\\\/www.eldigitaldeasturias.com\\\/noticias\\\/eeuu-y-francia-quieren-compartir-con-otros-el-precio-y-el-peso-del-liderazgo\\\/#listItem\",\"position\":3,\"name\":\"EEUU y Francia quieren compartir con otros el precio y el peso del liderazgo\",\"previousItem\":{\"@type\":\"ListItem\",\"@id\":\"https:\\\/\\\/www.eldigitaldeasturias.com\\\/noticias\\\/category\\\/actualidad\\\/#listItem\",\"name\":\"Actualidad\"}}]},{\"@type\":\"Organization\",\"@id\":\"https:\\\/\\\/www.eldigitaldeasturias.com\\\/noticias\\\/#organization\",\"name\":\"El Digital de Asturias\",\"description\":\"Hemeroteca\",\"url\":\"https:\\\/\\\/www.eldigitaldeasturias.com\\\/noticias\\\/\",\"email\":\"info@eldigitaldeasturias.com\",\"telephone\":\"+34652131393\",\"logo\":{\"@type\":\"ImageObject\",\"url\":\"https:\\\/\\\/www.eldigitaldeasturias.com\\\/noticias\\\/wp-content\\\/uploads\\\/2020\\\/12\\\/EDA.jpg\",\"@id\":\"https:\\\/\\\/www.eldigitaldeasturias.com\\\/noticias\\\/eeuu-y-francia-quieren-compartir-con-otros-el-precio-y-el-peso-del-liderazgo\\\/#organizationLogo\"},\"image\":{\"@id\":\"https:\\\/\\\/www.eldigitaldeasturias.com\\\/noticias\\\/eeuu-y-francia-quieren-compartir-con-otros-el-precio-y-el-peso-del-liderazgo\\\/#organizationLogo\"},\"sameAs\":[\"https:\\\/\\\/facebook.com\\\/eldigitaldeasturias\",\"https:\\\/\\\/www.youtube.com\\\/channel\\\/UCZP-2wLEB9Rv6erhFmqVnvg\"],\"address\":{\"@id\":\"https:\\\/\\\/www.eldigitaldeasturias.com\\\/noticias\\\/#postaladdress\",\"@type\":\"PostalAddress\",\"streetAddress\":\"san antonio 4\",\"postalCode\":\"33430\",\"addressLocality\":\"Cand\\u00e1s\",\"addressRegion\":\"Asturias\",\"addressCountry\":\"ES\"}},{\"@type\":\"Person\",\"@id\":\"https:\\\/\\\/www.eldigitaldeasturias.com\\\/noticias\\\/author\\\/admin\\\/#author\",\"url\":\"https:\\\/\\\/www.eldigitaldeasturias.com\\\/noticias\\\/author\\\/admin\\\/\",\"name\":\"El Digital de Asturias\",\"image\":{\"@type\":\"ImageObject\",\"@id\":\"https:\\\/\\\/www.eldigitaldeasturias.com\\\/noticias\\\/eeuu-y-francia-quieren-compartir-con-otros-el-precio-y-el-peso-del-liderazgo\\\/#authorImage\",\"url\":\"https:\\\/\\\/secure.gravatar.com\\\/avatar\\\/df2aeffc32bcd13f8d26072ef8a91b623d677766deac7f97ca815868cd41bf5e?s=96&d=mm&r=g\",\"width\":96,\"height\":96,\"caption\":\"El Digital de Asturias\"}},{\"@type\":\"WebPage\",\"@id\":\"https:\\\/\\\/www.eldigitaldeasturias.com\\\/noticias\\\/eeuu-y-francia-quieren-compartir-con-otros-el-precio-y-el-peso-del-liderazgo\\\/#webpage\",\"url\":\"https:\\\/\\\/www.eldigitaldeasturias.com\\\/noticias\\\/eeuu-y-francia-quieren-compartir-con-otros-el-precio-y-el-peso-del-liderazgo\\\/\",\"name\":\"EEUU y Francia quieren compartir con otros el precio y el peso del liderazgo - El Digital de Asturias\",\"description\":\"Par\\u00eds, 10 feb (EFE).- Estados Unidos y Francia quieren compartir con otros pa\\u00edses \\\"el precio y el peso del liderazgo\\\", al tiempo que dan cuenta del buen momento de las relaciones entre Par\\u00eds y Washington en asuntos como Ir\\u00e1n, Siria, \\u00c1frica, el cambio clim\\u00e1tico o la cooperaci\\u00f3n econ\\u00f3mica. As\\u00ed se expresaron el presidente de EE.UU.,\",\"inLanguage\":\"es-ES\",\"isPartOf\":{\"@id\":\"https:\\\/\\\/www.eldigitaldeasturias.com\\\/noticias\\\/#website\"},\"breadcrumb\":{\"@id\":\"https:\\\/\\\/www.eldigitaldeasturias.com\\\/noticias\\\/eeuu-y-francia-quieren-compartir-con-otros-el-precio-y-el-peso-del-liderazgo\\\/#breadcrumblist\"},\"author\":{\"@id\":\"https:\\\/\\\/www.eldigitaldeasturias.com\\\/noticias\\\/author\\\/admin\\\/#author\"},\"creator\":{\"@id\":\"https:\\\/\\\/www.eldigitaldeasturias.com\\\/noticias\\\/author\\\/admin\\\/#author\"},\"image\":{\"@type\":\"ImageObject\",\"url\":487987,\"@id\":\"https:\\\/\\\/www.eldigitaldeasturias.com\\\/noticias\\\/eeuu-y-francia-quieren-compartir-con-otros-el-precio-y-el-peso-del-liderazgo\\\/#mainImage\"},\"primaryImageOfPage\":{\"@id\":\"https:\\\/\\\/www.eldigitaldeasturias.com\\\/noticias\\\/eeuu-y-francia-quieren-compartir-con-otros-el-precio-y-el-peso-del-liderazgo\\\/#mainImage\"},\"datePublished\":\"2014-02-10T21:13:38+01:00\",\"dateModified\":\"2014-02-10T21:13:38+01:00\"},{\"@type\":\"WebSite\",\"@id\":\"https:\\\/\\\/www.eldigitaldeasturias.com\\\/noticias\\\/#website\",\"url\":\"https:\\\/\\\/www.eldigitaldeasturias.com\\\/noticias\\\/\",\"name\":\"El Digital de Asturias - Diario de actualidad y noticias\",\"alternateName\":\"El Digital de Asturias - Diario de actualidad y noticias\",\"description\":\"Hemeroteca\",\"inLanguage\":\"es-ES\",\"publisher\":{\"@id\":\"https:\\\/\\\/www.eldigitaldeasturias.com\\\/noticias\\\/#organization\"}}]}\n\t\t<\/script>\n\t\t<!-- All in One SEO Pro -->\r\n\t\t<title>EEUU y Francia quieren compartir con otros el precio y el peso del liderazgo - El Digital de Asturias<\/title>\n\n","aioseo_head_json":{"title":"EEUU y Francia quieren compartir con otros el precio y el peso del liderazgo - El Digital de Asturias","description":"Par\u00eds, 10 feb (EFE).- Estados Unidos y Francia quieren compartir con otros pa\u00edses \"el precio y el peso del liderazgo\", al tiempo que dan cuenta del buen momento de las relaciones entre Par\u00eds y Washington en asuntos como Ir\u00e1n, Siria, \u00c1frica, el cambio clim\u00e1tico o la cooperaci\u00f3n econ\u00f3mica. As\u00ed se expresaron el presidente de EE.UU.,","canonical_url":"https:\/\/www.eldigitaldeasturias.com\/noticias\/eeuu-y-francia-quieren-compartir-con-otros-el-precio-y-el-peso-del-liderazgo\/","robots":"max-image-preview:large","keywords":"actualidad","webmasterTools":{"google-site-verification":"UA-38556648-1","msvalidate.01":"7dfe9f3f1b24437ab69f4f2559babe99","miscellaneous":""},"schema":{"@context":"https:\/\/schema.org","@graph":[{"@type":"BlogPosting","@id":"https:\/\/www.eldigitaldeasturias.com\/noticias\/eeuu-y-francia-quieren-compartir-con-otros-el-precio-y-el-peso-del-liderazgo\/#blogposting","name":"EEUU y Francia quieren compartir con otros el precio y el peso del liderazgo - El Digital de Asturias","headline":"EEUU y Francia quieren compartir con otros el precio y el peso del liderazgo","author":{"@id":"https:\/\/www.eldigitaldeasturias.com\/noticias\/author\/admin\/#author"},"publisher":{"@id":"https:\/\/www.eldigitaldeasturias.com\/noticias\/#organization"},"image":{"@type":"ImageObject","url":487987},"datePublished":"2014-02-10T21:13:38+01:00","dateModified":"2014-02-10T21:13:38+01:00","inLanguage":"es-ES","mainEntityOfPage":{"@id":"https:\/\/www.eldigitaldeasturias.com\/noticias\/eeuu-y-francia-quieren-compartir-con-otros-el-precio-y-el-peso-del-liderazgo\/#webpage"},"isPartOf":{"@id":"https:\/\/www.eldigitaldeasturias.com\/noticias\/eeuu-y-francia-quieren-compartir-con-otros-el-precio-y-el-peso-del-liderazgo\/#webpage"},"articleSection":"Actualidad"},{"@type":"BreadcrumbList","@id":"https:\/\/www.eldigitaldeasturias.com\/noticias\/eeuu-y-francia-quieren-compartir-con-otros-el-precio-y-el-peso-del-liderazgo\/#breadcrumblist","itemListElement":[{"@type":"ListItem","@id":"https:\/\/www.eldigitaldeasturias.com\/noticias#listItem","position":1,"name":"Home","item":"https:\/\/www.eldigitaldeasturias.com\/noticias","nextItem":{"@type":"ListItem","@id":"https:\/\/www.eldigitaldeasturias.com\/noticias\/category\/actualidad\/#listItem","name":"Actualidad"}},{"@type":"ListItem","@id":"https:\/\/www.eldigitaldeasturias.com\/noticias\/category\/actualidad\/#listItem","position":2,"name":"Actualidad","item":"https:\/\/www.eldigitaldeasturias.com\/noticias\/category\/actualidad\/","nextItem":{"@type":"ListItem","@id":"https:\/\/www.eldigitaldeasturias.com\/noticias\/eeuu-y-francia-quieren-compartir-con-otros-el-precio-y-el-peso-del-liderazgo\/#listItem","name":"EEUU y Francia quieren compartir con otros el precio y el peso del liderazgo"},"previousItem":{"@type":"ListItem","@id":"https:\/\/www.eldigitaldeasturias.com\/noticias#listItem","name":"Home"}},{"@type":"ListItem","@id":"https:\/\/www.eldigitaldeasturias.com\/noticias\/eeuu-y-francia-quieren-compartir-con-otros-el-precio-y-el-peso-del-liderazgo\/#listItem","position":3,"name":"EEUU y Francia quieren compartir con otros el precio y el peso del liderazgo","previousItem":{"@type":"ListItem","@id":"https:\/\/www.eldigitaldeasturias.com\/noticias\/category\/actualidad\/#listItem","name":"Actualidad"}}]},{"@type":"Organization","@id":"https:\/\/www.eldigitaldeasturias.com\/noticias\/#organization","name":"El Digital de Asturias","description":"Hemeroteca","url":"https:\/\/www.eldigitaldeasturias.com\/noticias\/","email":"info@eldigitaldeasturias.com","telephone":"+34652131393","logo":{"@type":"ImageObject","url":"https:\/\/www.eldigitaldeasturias.com\/noticias\/wp-content\/uploads\/2020\/12\/EDA.jpg","@id":"https:\/\/www.eldigitaldeasturias.com\/noticias\/eeuu-y-francia-quieren-compartir-con-otros-el-precio-y-el-peso-del-liderazgo\/#organizationLogo"},"image":{"@id":"https:\/\/www.eldigitaldeasturias.com\/noticias\/eeuu-y-francia-quieren-compartir-con-otros-el-precio-y-el-peso-del-liderazgo\/#organizationLogo"},"sameAs":["https:\/\/facebook.com\/eldigitaldeasturias","https:\/\/www.youtube.com\/channel\/UCZP-2wLEB9Rv6erhFmqVnvg"],"address":{"@id":"https:\/\/www.eldigitaldeasturias.com\/noticias\/#postaladdress","@type":"PostalAddress","streetAddress":"san antonio 4","postalCode":"33430","addressLocality":"Cand\u00e1s","addressRegion":"Asturias","addressCountry":"ES"}},{"@type":"Person","@id":"https:\/\/www.eldigitaldeasturias.com\/noticias\/author\/admin\/#author","url":"https:\/\/www.eldigitaldeasturias.com\/noticias\/author\/admin\/","name":"El Digital de Asturias","image":{"@type":"ImageObject","@id":"https:\/\/www.eldigitaldeasturias.com\/noticias\/eeuu-y-francia-quieren-compartir-con-otros-el-precio-y-el-peso-del-liderazgo\/#authorImage","url":"https:\/\/secure.gravatar.com\/avatar\/df2aeffc32bcd13f8d26072ef8a91b623d677766deac7f97ca815868cd41bf5e?s=96&d=mm&r=g","width":96,"height":96,"caption":"El Digital de Asturias"}},{"@type":"WebPage","@id":"https:\/\/www.eldigitaldeasturias.com\/noticias\/eeuu-y-francia-quieren-compartir-con-otros-el-precio-y-el-peso-del-liderazgo\/#webpage","url":"https:\/\/www.eldigitaldeasturias.com\/noticias\/eeuu-y-francia-quieren-compartir-con-otros-el-precio-y-el-peso-del-liderazgo\/","name":"EEUU y Francia quieren compartir con otros el precio y el peso del liderazgo - El Digital de Asturias","description":"Par\u00eds, 10 feb (EFE).- Estados Unidos y Francia quieren compartir con otros pa\u00edses \"el precio y el peso del liderazgo\", al tiempo que dan cuenta del buen momento de las relaciones entre Par\u00eds y Washington en asuntos como Ir\u00e1n, Siria, \u00c1frica, el cambio clim\u00e1tico o la cooperaci\u00f3n econ\u00f3mica. As\u00ed se expresaron el presidente de EE.UU.,","inLanguage":"es-ES","isPartOf":{"@id":"https:\/\/www.eldigitaldeasturias.com\/noticias\/#website"},"breadcrumb":{"@id":"https:\/\/www.eldigitaldeasturias.com\/noticias\/eeuu-y-francia-quieren-compartir-con-otros-el-precio-y-el-peso-del-liderazgo\/#breadcrumblist"},"author":{"@id":"https:\/\/www.eldigitaldeasturias.com\/noticias\/author\/admin\/#author"},"creator":{"@id":"https:\/\/www.eldigitaldeasturias.com\/noticias\/author\/admin\/#author"},"image":{"@type":"ImageObject","url":487987,"@id":"https:\/\/www.eldigitaldeasturias.com\/noticias\/eeuu-y-francia-quieren-compartir-con-otros-el-precio-y-el-peso-del-liderazgo\/#mainImage"},"primaryImageOfPage":{"@id":"https:\/\/www.eldigitaldeasturias.com\/noticias\/eeuu-y-francia-quieren-compartir-con-otros-el-precio-y-el-peso-del-liderazgo\/#mainImage"},"datePublished":"2014-02-10T21:13:38+01:00","dateModified":"2014-02-10T21:13:38+01:00"},{"@type":"WebSite","@id":"https:\/\/www.eldigitaldeasturias.com\/noticias\/#website","url":"https:\/\/www.eldigitaldeasturias.com\/noticias\/","name":"El Digital de Asturias - Diario de actualidad y noticias","alternateName":"El Digital de Asturias - Diario de actualidad y noticias","description":"Hemeroteca","inLanguage":"es-ES","publisher":{"@id":"https:\/\/www.eldigitaldeasturias.com\/noticias\/#organization"}}]},"og:locale":"es_ES","og:site_name":"El Digital de Asturias","og:type":"article","og:title":"EEUU y Francia quieren compartir con otros el precio y el peso del liderazgo - El Digital de Asturias","og:description":"Par\u00eds, 10 feb (EFE).- Estados Unidos y Francia quieren compartir con otros pa\u00edses &quot;el precio y el peso del liderazgo&quot;, al tiempo que dan cuenta del buen momento de las relaciones entre Par\u00eds y Washington en asuntos como Ir\u00e1n, Siria, \u00c1frica, el cambio clim\u00e1tico o la cooperaci\u00f3n econ\u00f3mica. As\u00ed se expresaron el presidente de EE.UU.,","og:url":"https:\/\/www.eldigitaldeasturias.com\/noticias\/eeuu-y-francia-quieren-compartir-con-otros-el-precio-y-el-peso-del-liderazgo\/","article:tag":["actualidad"],"article:published_time":"2014-02-10T22:13:38+00:00","article:modified_time":"2014-02-10T22:13:38+00:00","article:publisher":"https:\/\/facebook.com\/eldigitaldeasturias","twitter:card":"summary_large_image","twitter:title":"EEUU y Francia quieren compartir con otros el precio y el peso del liderazgo - El Digital de Asturias","twitter:description":"Par\u00eds, 10 feb (EFE).- Estados Unidos y Francia quieren compartir con otros pa\u00edses &quot;el precio y el peso del liderazgo&quot;, al tiempo que dan cuenta del buen momento de las relaciones entre Par\u00eds y Washington en asuntos como Ir\u00e1n, Siria, \u00c1frica, el cambio clim\u00e1tico o la cooperaci\u00f3n econ\u00f3mica. As\u00ed se expresaron el presidente de EE.UU.,","twitter:label1":"Escrito por","twitter:data1":"El Digital de Asturias","twitter:label2":"Tiempo de lectura estimado","twitter:data2":"3 minutos"},"aioseo_meta_data":{"post_id":"487986","title":null,"description":null,"keywords":null,"keyphrases":null,"primary_term":null,"canonical_url":null,"og_title":null,"og_description":null,"og_object_type":"default","og_image_type":"default","og_image_url":null,"og_image_width":null,"og_image_height":null,"og_image_custom_url":null,"og_image_custom_fields":null,"og_video":null,"og_custom_url":null,"og_article_section":null,"og_article_tags":null,"twitter_use_og":true,"twitter_card":"default","twitter_image_type":"default","twitter_image_url":null,"twitter_image_custom_url":null,"twitter_image_custom_fields":null,"twitter_title":null,"twitter_description":null,"schema":{"blockGraphs":[],"customGraphs":[],"default":{"data":{"Article":[],"Course":[],"Dataset":[],"FAQPage":[],"Movie":[],"Person":[],"Product":[],"ProductReview":[],"Car":[],"Recipe":[],"Service":[],"SoftwareApplication":[],"WebPage":[]},"graphName":"","isEnabled":true},"graphs":[],"defaultGraph":"","defaultPostTypeGraph":""},"schema_type":null,"schema_type_options":null,"pillar_content":false,"robots_default":true,"robots_noindex":false,"robots_noarchive":false,"robots_nosnippet":false,"robots_nofollow":false,"robots_noimageindex":false,"robots_noodp":false,"robots_notranslate":false,"robots_max_snippet":null,"robots_max_videopreview":null,"robots_max_imagepreview":"none","priority":null,"frequency":null,"local_seo":null,"seo_analyzer_scan_date":"2026-06-03 06:32:47","breadcrumb_settings":null,"limit_modified_date":false,"open_ai":null,"ai":null,"created":"2020-11-14 22:57:05","updated":"2026-06-03 06:32:47","focus_keyword":null,"additional_keywords":null,"truseo_locale":null},"aioseo_breadcrumb":"<div class=\"aioseo-breadcrumbs\"><span class=\"aioseo-breadcrumb\">\n\t<a href=\"https:\/\/www.eldigitaldeasturias.com\/noticias\" title=\"Home\">Home<\/a>\n<\/span><span class=\"aioseo-breadcrumb-separator\">\u2013<\/span><span class=\"aioseo-breadcrumb\">\n\t<a href=\"https:\/\/www.eldigitaldeasturias.com\/noticias\/category\/actualidad\/\" title=\"Actualidad\">Actualidad<\/a>\n<\/span><span class=\"aioseo-breadcrumb-separator\">\u2013<\/span><span class=\"aioseo-breadcrumb\">\n\t<a href=\"https:\/\/www.eldigitaldeasturias.com\/noticias\/eeuu-y-francia-quieren-compartir-con-otros-el-precio-y-el-peso-del-liderazgo\/\" title=\"EEUU y Francia quieren compartir con otros el precio y el peso del liderazgo\">EEUU y Francia quieren compartir con otros el precio y el peso del liderazgo<\/a>\n<\/span><\/div>","aioseo_breadcrumb_json":[{"label":"Home","link":"https:\/\/www.eldigitaldeasturias.com\/noticias"},{"label":"Actualidad","link":"https:\/\/www.eldigitaldeasturias.com\/noticias\/category\/actualidad\/"},{"label":"EEUU y Francia quieren compartir con otros el precio y el peso del liderazgo","link":"https:\/\/www.eldigitaldeasturias.com\/noticias\/eeuu-y-francia-quieren-compartir-con-otros-el-precio-y-el-peso-del-liderazgo\/"}],"_links":{"self":[{"href":"https:\/\/www.eldigitaldeasturias.com\/noticias\/wp-json\/wp\/v2\/posts\/487986","targetHints":{"allow":["GET"]}}],"collection":[{"href":"https:\/\/www.eldigitaldeasturias.com\/noticias\/wp-json\/wp\/v2\/posts"}],"about":[{"href":"https:\/\/www.eldigitaldeasturias.com\/noticias\/wp-json\/wp\/v2\/types\/post"}],"author":[{"embeddable":true,"href":"https:\/\/www.eldigitaldeasturias.com\/noticias\/wp-json\/wp\/v2\/users\/1"}],"replies":[{"embeddable":true,"href":"https:\/\/www.eldigitaldeasturias.com\/noticias\/wp-json\/wp\/v2\/comments?post=487986"}],"version-history":[{"count":0,"href":"https:\/\/www.eldigitaldeasturias.com\/noticias\/wp-json\/wp\/v2\/posts\/487986\/revisions"}],"wp:attachment":[{"href":"https:\/\/www.eldigitaldeasturias.com\/noticias\/wp-json\/wp\/v2\/media?parent=487986"}],"wp:term":[{"taxonomy":"category","embeddable":true,"href":"https:\/\/www.eldigitaldeasturias.com\/noticias\/wp-json\/wp\/v2\/categories?post=487986"},{"taxonomy":"post_tag","embeddable":true,"href":"https:\/\/www.eldigitaldeasturias.com\/noticias\/wp-json\/wp\/v2\/tags?post=487986"}],"curies":[{"name":"wp","href":"https:\/\/api.w.org\/{rel}","templated":true}]}}