{"id":487983,"date":"2014-02-10T21:12:38","date_gmt":"2014-02-10T22:12:38","guid":{"rendered":"http:\/\/www.eldigitaldeasturias.com\/noticias\/?p=487983"},"modified":"2014-02-10T21:12:38","modified_gmt":"2014-02-10T22:12:38","slug":"el-25-por-ciento-de-la-facturacion-exterior-de-sacyr-hasta-septiembre-venia-de-panama","status":"publish","type":"post","link":"https:\/\/www.eldigitaldeasturias.com\/noticias\/el-25-por-ciento-de-la-facturacion-exterior-de-sacyr-hasta-septiembre-venia-de-panama\/","title":{"rendered":"El 25 por ciento de la facturaci\u00f3n exterior de Sacyr hasta septiembre ven\u00eda de Panam\u00e1"},"content":{"rendered":"<p><img loading=\"lazy\" decoding=\"async\" class=\"alignleft size-medium wp-image-487984\" alt=\"5927697w\" src=\"https:\/\/www.eldigitaldeasturias.com\/noticias\/wp-content\/uploads\/2014\/02\/5927697w-360x216.jpg\" width=\"360\" height=\"216\" \/>Madrid, 10 feb (EFE).- Panam\u00e1 concentr\u00f3 el 25 % de la cifra de negocios internacional que alcanz\u00f3 Sacyr en los nueve primeros meses del a\u00f1o, una cantidad que se situ\u00f3 en torno a los 331 millones de euros gracias a las obras de ampliaci\u00f3n del Canal, en suspenso tras la falta de acuerdo con la Autoridad del Canal (ACP).<\/p>\n<p>Panam\u00e1 fue el segundo mercado que m\u00e1s aport\u00f3 a los ingresos internacionales de la compa\u00f1\u00eda contabilizados hasta septiembre, que ascendieron 1.318,8 millones de euros, s\u00f3lo por detr\u00e1s de Chile, que aglutin\u00f3 el 26 % de la facturaci\u00f3n exterior.<\/p>\n<p>De hecho, el crecimiento experimentado en Panam\u00e1, Chile, Panam\u00e1, Bolivia y Brasil fue determinante para que la compa\u00f1\u00eda incrementase en dicho periodo sus ingresos internacionales un 23 %, un porcentaje que permiti\u00f3 paliar la contracci\u00f3n del 26 % registrada en Espa\u00f1a.<\/p>\n<p>Con todo ello, de los 2.407,5 millones de ingresos obtenidos por la compa\u00f1\u00eda en dicho periodo, m\u00e1s de la mitad provinieron del mercado internacional.<\/p>\n<p>A la espera de que la compa\u00f1\u00eda presente a finales de este mes las cuentas de 2013, a cierre del pasado ejercicio Panam\u00e1 aglutinaba el 15,7 % de la cifra de negocios del \u00e1rea de construcci\u00f3n, lo que representaba unos 310 millones.<\/p>\n<p>El porcentaje de ingresos alcanzados en el pa\u00eds paname\u00f1o, el mismo que contabiliz\u00f3 en 2012 en Angola, pone de manifiesto la importancia de Panam\u00e1 dentro de las regiones que m\u00e1s aportaron a la cifra de negocios de construcci\u00f3n.<\/p>\n<p>Adem\u00e1s, Panam\u00e1 aglutin\u00f3 el 10 % de los 5.998 millones de euros de cartera de obra que contabiliz\u00f3 la compa\u00f1\u00eda el pasado a\u00f1o, es decir cerca de 600 millones.<\/p>\n<p>En declaraciones a EFE, el presidente de Sacyr, Manuel Manrique, subray\u00f3 la semana pasada que el proyecto de ampliaci\u00f3n del Canal representaba una \u00abpeque\u00f1a parte\u00bb de la cartera de la compa\u00f1\u00eda y a\u00f1adi\u00f3 despu\u00e9s de la ruptura de las negociaciones con la ACP que \u00abla vida sigue\u00bb y que \u00abSacyr seguir\u00e1 adelante\u00bb.<\/p>\n<p>Adem\u00e1s del proyecto del tercer juego de esclusas del Canal, Sacyr, a trav\u00e9s de su participada lusa Somague, se adjudic\u00f3 en 2012 la construcci\u00f3n de la infraestructura portuaria necesaria para el funcionamiento de una mina para la extracci\u00f3n de mineral de cobre convencional en Panam\u00e1 por 34,6 millones.<\/p>\n<p>A pesar de que las negociaciones entre la Autoridad del Canal de Panam\u00e1 y el consorcio Grupos Unidos por el Canal (GUPC) -integrado por la espa\u00f1ola Sacyr, la italiana Impregilo, belga Jan de Nul y la paname\u00f1a CUSA- se rompieron oficialmente el pasado d\u00eda 4, desde entonces las partes han seguido intercambiando propuestas para financiar el final de las obras.<\/p>\n<p>En el caso de que no se llegue a un acuerdo, la ACP se dispone a reanudar en un m\u00e1ximo de 15 d\u00edas las obras de ampliaci\u00f3n de la v\u00eda interoce\u00e1nica por cuenta y riesgo con el fin de terminarlas a finales de 2015, seg\u00fan asegur\u00f3 el pasado s\u00e1bado a EFE una fuente cercana a la negociaci\u00f3n.<\/p>\n<p>El pasado viernes GUPC anunci\u00f3 que hab\u00eda entregado a la ACP una nueva propuesta para llegar a un acuerdo de cofinanciaci\u00f3n y confirm\u00f3 que se hab\u00edan suspendido los trabajos.<\/p>\n<p>Horas mas tarde, la ACP contest\u00f3 con otro comunicado en el que anunciaba que hab\u00eda enviado a GUPC una contrapropuesta que permite \u00abviabilizar\u00bb la continuaci\u00f3n del proyecto.<\/p>\n<p>El GUPC se adjudic\u00f3 en junio de 2009 el proyecto de dise\u00f1o y construcci\u00f3n del tercer juego de esclusas de la v\u00eda interoce\u00e1nica por su oferta de 3.118 millones de d\u00f3lares, por debajo del precio m\u00e1ximo establecido por la ACP de 3.481 millones.<\/p>\n<p>El proyecto deb\u00eda estar listo en octubre de ese a\u00f1o, seg\u00fan el contrato, pero ya en 2013 el consorcio anunci\u00f3 un retraso hasta junio de 2015, y el actual conflicto hace temer que se prolongue m\u00e1s all\u00e1 de ese a\u00f1o.<\/p>\n","protected":false},"excerpt":{"rendered":"<p>Madrid, 10 feb (EFE).- Panam\u00e1 concentr\u00f3 el 25 % de la cifra de negocios internacional que alcanz\u00f3 Sacyr en los nueve primeros meses del a\u00f1o, una cantidad que se situ\u00f3 en torno a los 331 millones de euros gracias a las obras de ampliaci\u00f3n del Canal, en suspenso tras la falta de acuerdo con la [&hellip;]<\/p>\n","protected":false},"author":1,"featured_media":487984,"comment_status":"closed","ping_status":"closed","sticky":false,"template":"","format":"standard","meta":{"footnotes":""},"categories":[1],"tags":[],"class_list":["post-487983","post","type-post","status-publish","format-standard","has-post-thumbnail","hentry","category-actualidad"],"aioseo_notices":[],"aioseo_head":"\n\t\t<!-- All in One SEO Pro 5.0.1 - aioseo.com -->\n\t<meta name=\"description\" content=\"Madrid, 10 feb (EFE).- Panam\u00e1 concentr\u00f3 el 25 % de la cifra de negocios internacional que alcanz\u00f3 Sacyr en los nueve primeros meses del a\u00f1o, una cantidad que se situ\u00f3 en torno a los 331 millones de euros gracias a las obras de ampliaci\u00f3n del Canal, en suspenso tras la falta de acuerdo con la\" \/>\n\t<meta name=\"robots\" content=\"max-image-preview:large\" \/>\n\t<meta name=\"author\" content=\"El Digital de Asturias\"\/>\n\t<meta name=\"google-site-verification\" content=\"UA-38556648-1\" \/>\n\t<meta name=\"msvalidate.01\" content=\"7dfe9f3f1b24437ab69f4f2559babe99\" \/>\n\t<meta name=\"keywords\" content=\"actualidad\" \/>\n\t<link rel=\"canonical\" href=\"https:\/\/www.eldigitaldeasturias.com\/noticias\/el-25-por-ciento-de-la-facturacion-exterior-de-sacyr-hasta-septiembre-venia-de-panama\/\" \/>\n\t<meta name=\"generator\" content=\"All in One SEO Pro (AIOSEO) 5.0.1\" \/>\n\t\t<meta property=\"og:locale\" content=\"es_ES\" \/>\n\t\t<meta property=\"og:site_name\" content=\"El Digital de Asturias\" \/>\n\t\t<meta property=\"og:type\" content=\"article\" \/>\n\t\t<meta property=\"og:title\" content=\"El 25 por ciento de la facturaci\u00f3n exterior de Sacyr hasta septiembre ven\u00eda de Panam\u00e1 - El Digital de Asturias\" \/>\n\t\t<meta property=\"og:description\" content=\"Madrid, 10 feb (EFE).- Panam\u00e1 concentr\u00f3 el 25 % de la cifra de negocios internacional que alcanz\u00f3 Sacyr en los nueve primeros meses del a\u00f1o, una cantidad que se situ\u00f3 en torno a los 331 millones de euros gracias a las obras de ampliaci\u00f3n del Canal, en suspenso tras la falta de acuerdo con la\" \/>\n\t\t<meta property=\"og:url\" content=\"https:\/\/www.eldigitaldeasturias.com\/noticias\/el-25-por-ciento-de-la-facturacion-exterior-de-sacyr-hasta-septiembre-venia-de-panama\/\" \/>\n\t\t<meta property=\"article:tag\" content=\"actualidad\" \/>\n\t\t<meta property=\"article:published_time\" content=\"2014-02-10T22:12:38+00:00\" \/>\n\t\t<meta property=\"article:modified_time\" content=\"2014-02-10T22:12:38+00:00\" \/>\n\t\t<meta property=\"article:publisher\" content=\"https:\/\/facebook.com\/eldigitaldeasturias\" \/>\n\t\t<meta name=\"twitter:card\" content=\"summary_large_image\" \/>\n\t\t<meta name=\"twitter:title\" content=\"El 25 por ciento de la facturaci\u00f3n exterior de Sacyr hasta septiembre ven\u00eda de Panam\u00e1 - El Digital de Asturias\" \/>\n\t\t<meta name=\"twitter:description\" content=\"Madrid, 10 feb (EFE).- Panam\u00e1 concentr\u00f3 el 25 % de la cifra de negocios internacional que alcanz\u00f3 Sacyr en los nueve primeros meses del a\u00f1o, una cantidad que se situ\u00f3 en torno a los 331 millones de euros gracias a las obras de ampliaci\u00f3n del Canal, en suspenso tras la falta de acuerdo con la\" \/>\n\t\t<meta name=\"twitter:label1\" content=\"Escrito por\" \/>\n\t\t<meta name=\"twitter:data1\" content=\"El Digital de Asturias\" \/>\n\t\t<meta name=\"twitter:label2\" content=\"Tiempo de lectura estimado\" \/>\n\t\t<meta name=\"twitter:data2\" content=\"3 minutos\" \/>\n\t\t<script type=\"application\/ld+json\" class=\"aioseo-schema\">\n\t\t\t{\"@context\":\"https:\\\/\\\/schema.org\",\"@graph\":[{\"@type\":\"BlogPosting\",\"@id\":\"https:\\\/\\\/www.eldigitaldeasturias.com\\\/noticias\\\/el-25-por-ciento-de-la-facturacion-exterior-de-sacyr-hasta-septiembre-venia-de-panama\\\/#blogposting\",\"name\":\"El 25 por ciento de la facturaci\\u00f3n exterior de Sacyr hasta septiembre ven\\u00eda de Panam\\u00e1 - El Digital de Asturias\",\"headline\":\"El 25 por ciento de la facturaci\\u00f3n exterior de Sacyr hasta septiembre ven\\u00eda de Panam\\u00e1\",\"author\":{\"@id\":\"https:\\\/\\\/www.eldigitaldeasturias.com\\\/noticias\\\/author\\\/admin\\\/#author\"},\"publisher\":{\"@id\":\"https:\\\/\\\/www.eldigitaldeasturias.com\\\/noticias\\\/#organization\"},\"image\":{\"@type\":\"ImageObject\",\"url\":487984},\"datePublished\":\"2014-02-10T21:12:38+01:00\",\"dateModified\":\"2014-02-10T21:12:38+01:00\",\"inLanguage\":\"es-ES\",\"mainEntityOfPage\":{\"@id\":\"https:\\\/\\\/www.eldigitaldeasturias.com\\\/noticias\\\/el-25-por-ciento-de-la-facturacion-exterior-de-sacyr-hasta-septiembre-venia-de-panama\\\/#webpage\"},\"isPartOf\":{\"@id\":\"https:\\\/\\\/www.eldigitaldeasturias.com\\\/noticias\\\/el-25-por-ciento-de-la-facturacion-exterior-de-sacyr-hasta-septiembre-venia-de-panama\\\/#webpage\"},\"articleSection\":\"Actualidad\"},{\"@type\":\"BreadcrumbList\",\"@id\":\"https:\\\/\\\/www.eldigitaldeasturias.com\\\/noticias\\\/el-25-por-ciento-de-la-facturacion-exterior-de-sacyr-hasta-septiembre-venia-de-panama\\\/#breadcrumblist\",\"itemListElement\":[{\"@type\":\"ListItem\",\"@id\":\"https:\\\/\\\/www.eldigitaldeasturias.com\\\/noticias#listItem\",\"position\":1,\"name\":\"Home\",\"item\":\"https:\\\/\\\/www.eldigitaldeasturias.com\\\/noticias\",\"nextItem\":{\"@type\":\"ListItem\",\"@id\":\"https:\\\/\\\/www.eldigitaldeasturias.com\\\/noticias\\\/category\\\/actualidad\\\/#listItem\",\"name\":\"Actualidad\"}},{\"@type\":\"ListItem\",\"@id\":\"https:\\\/\\\/www.eldigitaldeasturias.com\\\/noticias\\\/category\\\/actualidad\\\/#listItem\",\"position\":2,\"name\":\"Actualidad\",\"item\":\"https:\\\/\\\/www.eldigitaldeasturias.com\\\/noticias\\\/category\\\/actualidad\\\/\",\"nextItem\":{\"@type\":\"ListItem\",\"@id\":\"https:\\\/\\\/www.eldigitaldeasturias.com\\\/noticias\\\/el-25-por-ciento-de-la-facturacion-exterior-de-sacyr-hasta-septiembre-venia-de-panama\\\/#listItem\",\"name\":\"El 25 por ciento de la facturaci\\u00f3n exterior de Sacyr hasta septiembre ven\\u00eda de Panam\\u00e1\"},\"previousItem\":{\"@type\":\"ListItem\",\"@id\":\"https:\\\/\\\/www.eldigitaldeasturias.com\\\/noticias#listItem\",\"name\":\"Home\"}},{\"@type\":\"ListItem\",\"@id\":\"https:\\\/\\\/www.eldigitaldeasturias.com\\\/noticias\\\/el-25-por-ciento-de-la-facturacion-exterior-de-sacyr-hasta-septiembre-venia-de-panama\\\/#listItem\",\"position\":3,\"name\":\"El 25 por ciento de la facturaci\\u00f3n exterior de Sacyr hasta septiembre ven\\u00eda de Panam\\u00e1\",\"previousItem\":{\"@type\":\"ListItem\",\"@id\":\"https:\\\/\\\/www.eldigitaldeasturias.com\\\/noticias\\\/category\\\/actualidad\\\/#listItem\",\"name\":\"Actualidad\"}}]},{\"@type\":\"Organization\",\"@id\":\"https:\\\/\\\/www.eldigitaldeasturias.com\\\/noticias\\\/#organization\",\"name\":\"El Digital de Asturias\",\"description\":\"Hemeroteca\",\"url\":\"https:\\\/\\\/www.eldigitaldeasturias.com\\\/noticias\\\/\",\"email\":\"info@eldigitaldeasturias.com\",\"telephone\":\"+34652131393\",\"logo\":{\"@type\":\"ImageObject\",\"url\":\"https:\\\/\\\/www.eldigitaldeasturias.com\\\/noticias\\\/wp-content\\\/uploads\\\/2020\\\/12\\\/EDA.jpg\",\"@id\":\"https:\\\/\\\/www.eldigitaldeasturias.com\\\/noticias\\\/el-25-por-ciento-de-la-facturacion-exterior-de-sacyr-hasta-septiembre-venia-de-panama\\\/#organizationLogo\"},\"image\":{\"@id\":\"https:\\\/\\\/www.eldigitaldeasturias.com\\\/noticias\\\/el-25-por-ciento-de-la-facturacion-exterior-de-sacyr-hasta-septiembre-venia-de-panama\\\/#organizationLogo\"},\"sameAs\":[\"https:\\\/\\\/facebook.com\\\/eldigitaldeasturias\",\"https:\\\/\\\/www.youtube.com\\\/channel\\\/UCZP-2wLEB9Rv6erhFmqVnvg\"],\"address\":{\"@id\":\"https:\\\/\\\/www.eldigitaldeasturias.com\\\/noticias\\\/#postaladdress\",\"@type\":\"PostalAddress\",\"streetAddress\":\"san antonio 4\",\"postalCode\":\"33430\",\"addressLocality\":\"Cand\\u00e1s\",\"addressRegion\":\"Asturias\",\"addressCountry\":\"ES\"}},{\"@type\":\"Person\",\"@id\":\"https:\\\/\\\/www.eldigitaldeasturias.com\\\/noticias\\\/author\\\/admin\\\/#author\",\"url\":\"https:\\\/\\\/www.eldigitaldeasturias.com\\\/noticias\\\/author\\\/admin\\\/\",\"name\":\"El Digital de Asturias\",\"image\":{\"@type\":\"ImageObject\",\"@id\":\"https:\\\/\\\/www.eldigitaldeasturias.com\\\/noticias\\\/el-25-por-ciento-de-la-facturacion-exterior-de-sacyr-hasta-septiembre-venia-de-panama\\\/#authorImage\",\"url\":\"https:\\\/\\\/secure.gravatar.com\\\/avatar\\\/df2aeffc32bcd13f8d26072ef8a91b623d677766deac7f97ca815868cd41bf5e?s=96&d=mm&r=g\",\"width\":96,\"height\":96,\"caption\":\"El Digital de Asturias\"}},{\"@type\":\"WebPage\",\"@id\":\"https:\\\/\\\/www.eldigitaldeasturias.com\\\/noticias\\\/el-25-por-ciento-de-la-facturacion-exterior-de-sacyr-hasta-septiembre-venia-de-panama\\\/#webpage\",\"url\":\"https:\\\/\\\/www.eldigitaldeasturias.com\\\/noticias\\\/el-25-por-ciento-de-la-facturacion-exterior-de-sacyr-hasta-septiembre-venia-de-panama\\\/\",\"name\":\"El 25 por ciento de la facturaci\\u00f3n exterior de Sacyr hasta septiembre ven\\u00eda de Panam\\u00e1 - El Digital de Asturias\",\"description\":\"Madrid, 10 feb (EFE).- Panam\\u00e1 concentr\\u00f3 el 25 % de la cifra de negocios internacional que alcanz\\u00f3 Sacyr en los nueve primeros meses del a\\u00f1o, una cantidad que se situ\\u00f3 en torno a los 331 millones de euros gracias a las obras de ampliaci\\u00f3n del Canal, en suspenso tras la falta de acuerdo con la\",\"inLanguage\":\"es-ES\",\"isPartOf\":{\"@id\":\"https:\\\/\\\/www.eldigitaldeasturias.com\\\/noticias\\\/#website\"},\"breadcrumb\":{\"@id\":\"https:\\\/\\\/www.eldigitaldeasturias.com\\\/noticias\\\/el-25-por-ciento-de-la-facturacion-exterior-de-sacyr-hasta-septiembre-venia-de-panama\\\/#breadcrumblist\"},\"author\":{\"@id\":\"https:\\\/\\\/www.eldigitaldeasturias.com\\\/noticias\\\/author\\\/admin\\\/#author\"},\"creator\":{\"@id\":\"https:\\\/\\\/www.eldigitaldeasturias.com\\\/noticias\\\/author\\\/admin\\\/#author\"},\"image\":{\"@type\":\"ImageObject\",\"url\":487984,\"@id\":\"https:\\\/\\\/www.eldigitaldeasturias.com\\\/noticias\\\/el-25-por-ciento-de-la-facturacion-exterior-de-sacyr-hasta-septiembre-venia-de-panama\\\/#mainImage\"},\"primaryImageOfPage\":{\"@id\":\"https:\\\/\\\/www.eldigitaldeasturias.com\\\/noticias\\\/el-25-por-ciento-de-la-facturacion-exterior-de-sacyr-hasta-septiembre-venia-de-panama\\\/#mainImage\"},\"datePublished\":\"2014-02-10T21:12:38+01:00\",\"dateModified\":\"2014-02-10T21:12:38+01:00\"},{\"@type\":\"WebSite\",\"@id\":\"https:\\\/\\\/www.eldigitaldeasturias.com\\\/noticias\\\/#website\",\"url\":\"https:\\\/\\\/www.eldigitaldeasturias.com\\\/noticias\\\/\",\"name\":\"El Digital de Asturias - Diario de actualidad y noticias\",\"alternateName\":\"El Digital de Asturias - Diario de actualidad y noticias\",\"description\":\"Hemeroteca\",\"inLanguage\":\"es-ES\",\"publisher\":{\"@id\":\"https:\\\/\\\/www.eldigitaldeasturias.com\\\/noticias\\\/#organization\"}}]}\n\t\t<\/script>\n\t\t<!-- All in One SEO Pro -->\r\n\t\t<title>El 25 por ciento de la facturaci\u00f3n exterior de Sacyr hasta septiembre ven\u00eda de Panam\u00e1 - El Digital de Asturias<\/title>\n\n","aioseo_head_json":{"title":"El 25 por ciento de la facturaci\u00f3n exterior de Sacyr hasta septiembre ven\u00eda de Panam\u00e1 - El Digital de Asturias","description":"Madrid, 10 feb (EFE).- Panam\u00e1 concentr\u00f3 el 25 % de la cifra de negocios internacional que alcanz\u00f3 Sacyr en los nueve primeros meses del a\u00f1o, una cantidad que se situ\u00f3 en torno a los 331 millones de euros gracias a las obras de ampliaci\u00f3n del Canal, en suspenso tras la falta de acuerdo con la","canonical_url":"https:\/\/www.eldigitaldeasturias.com\/noticias\/el-25-por-ciento-de-la-facturacion-exterior-de-sacyr-hasta-septiembre-venia-de-panama\/","robots":"max-image-preview:large","keywords":"actualidad","webmasterTools":{"google-site-verification":"UA-38556648-1","msvalidate.01":"7dfe9f3f1b24437ab69f4f2559babe99","miscellaneous":""},"schema":{"@context":"https:\/\/schema.org","@graph":[{"@type":"BlogPosting","@id":"https:\/\/www.eldigitaldeasturias.com\/noticias\/el-25-por-ciento-de-la-facturacion-exterior-de-sacyr-hasta-septiembre-venia-de-panama\/#blogposting","name":"El 25 por ciento de la facturaci\u00f3n exterior de Sacyr hasta septiembre ven\u00eda de Panam\u00e1 - El Digital de Asturias","headline":"El 25 por ciento de la facturaci\u00f3n exterior de Sacyr hasta septiembre ven\u00eda de Panam\u00e1","author":{"@id":"https:\/\/www.eldigitaldeasturias.com\/noticias\/author\/admin\/#author"},"publisher":{"@id":"https:\/\/www.eldigitaldeasturias.com\/noticias\/#organization"},"image":{"@type":"ImageObject","url":487984},"datePublished":"2014-02-10T21:12:38+01:00","dateModified":"2014-02-10T21:12:38+01:00","inLanguage":"es-ES","mainEntityOfPage":{"@id":"https:\/\/www.eldigitaldeasturias.com\/noticias\/el-25-por-ciento-de-la-facturacion-exterior-de-sacyr-hasta-septiembre-venia-de-panama\/#webpage"},"isPartOf":{"@id":"https:\/\/www.eldigitaldeasturias.com\/noticias\/el-25-por-ciento-de-la-facturacion-exterior-de-sacyr-hasta-septiembre-venia-de-panama\/#webpage"},"articleSection":"Actualidad"},{"@type":"BreadcrumbList","@id":"https:\/\/www.eldigitaldeasturias.com\/noticias\/el-25-por-ciento-de-la-facturacion-exterior-de-sacyr-hasta-septiembre-venia-de-panama\/#breadcrumblist","itemListElement":[{"@type":"ListItem","@id":"https:\/\/www.eldigitaldeasturias.com\/noticias#listItem","position":1,"name":"Home","item":"https:\/\/www.eldigitaldeasturias.com\/noticias","nextItem":{"@type":"ListItem","@id":"https:\/\/www.eldigitaldeasturias.com\/noticias\/category\/actualidad\/#listItem","name":"Actualidad"}},{"@type":"ListItem","@id":"https:\/\/www.eldigitaldeasturias.com\/noticias\/category\/actualidad\/#listItem","position":2,"name":"Actualidad","item":"https:\/\/www.eldigitaldeasturias.com\/noticias\/category\/actualidad\/","nextItem":{"@type":"ListItem","@id":"https:\/\/www.eldigitaldeasturias.com\/noticias\/el-25-por-ciento-de-la-facturacion-exterior-de-sacyr-hasta-septiembre-venia-de-panama\/#listItem","name":"El 25 por ciento de la facturaci\u00f3n exterior de Sacyr hasta septiembre ven\u00eda de Panam\u00e1"},"previousItem":{"@type":"ListItem","@id":"https:\/\/www.eldigitaldeasturias.com\/noticias#listItem","name":"Home"}},{"@type":"ListItem","@id":"https:\/\/www.eldigitaldeasturias.com\/noticias\/el-25-por-ciento-de-la-facturacion-exterior-de-sacyr-hasta-septiembre-venia-de-panama\/#listItem","position":3,"name":"El 25 por ciento de la facturaci\u00f3n exterior de Sacyr hasta septiembre ven\u00eda de Panam\u00e1","previousItem":{"@type":"ListItem","@id":"https:\/\/www.eldigitaldeasturias.com\/noticias\/category\/actualidad\/#listItem","name":"Actualidad"}}]},{"@type":"Organization","@id":"https:\/\/www.eldigitaldeasturias.com\/noticias\/#organization","name":"El Digital de Asturias","description":"Hemeroteca","url":"https:\/\/www.eldigitaldeasturias.com\/noticias\/","email":"info@eldigitaldeasturias.com","telephone":"+34652131393","logo":{"@type":"ImageObject","url":"https:\/\/www.eldigitaldeasturias.com\/noticias\/wp-content\/uploads\/2020\/12\/EDA.jpg","@id":"https:\/\/www.eldigitaldeasturias.com\/noticias\/el-25-por-ciento-de-la-facturacion-exterior-de-sacyr-hasta-septiembre-venia-de-panama\/#organizationLogo"},"image":{"@id":"https:\/\/www.eldigitaldeasturias.com\/noticias\/el-25-por-ciento-de-la-facturacion-exterior-de-sacyr-hasta-septiembre-venia-de-panama\/#organizationLogo"},"sameAs":["https:\/\/facebook.com\/eldigitaldeasturias","https:\/\/www.youtube.com\/channel\/UCZP-2wLEB9Rv6erhFmqVnvg"],"address":{"@id":"https:\/\/www.eldigitaldeasturias.com\/noticias\/#postaladdress","@type":"PostalAddress","streetAddress":"san antonio 4","postalCode":"33430","addressLocality":"Cand\u00e1s","addressRegion":"Asturias","addressCountry":"ES"}},{"@type":"Person","@id":"https:\/\/www.eldigitaldeasturias.com\/noticias\/author\/admin\/#author","url":"https:\/\/www.eldigitaldeasturias.com\/noticias\/author\/admin\/","name":"El Digital de Asturias","image":{"@type":"ImageObject","@id":"https:\/\/www.eldigitaldeasturias.com\/noticias\/el-25-por-ciento-de-la-facturacion-exterior-de-sacyr-hasta-septiembre-venia-de-panama\/#authorImage","url":"https:\/\/secure.gravatar.com\/avatar\/df2aeffc32bcd13f8d26072ef8a91b623d677766deac7f97ca815868cd41bf5e?s=96&d=mm&r=g","width":96,"height":96,"caption":"El Digital de Asturias"}},{"@type":"WebPage","@id":"https:\/\/www.eldigitaldeasturias.com\/noticias\/el-25-por-ciento-de-la-facturacion-exterior-de-sacyr-hasta-septiembre-venia-de-panama\/#webpage","url":"https:\/\/www.eldigitaldeasturias.com\/noticias\/el-25-por-ciento-de-la-facturacion-exterior-de-sacyr-hasta-septiembre-venia-de-panama\/","name":"El 25 por ciento de la facturaci\u00f3n exterior de Sacyr hasta septiembre ven\u00eda de Panam\u00e1 - El Digital de Asturias","description":"Madrid, 10 feb (EFE).- Panam\u00e1 concentr\u00f3 el 25 % de la cifra de negocios internacional que alcanz\u00f3 Sacyr en los nueve primeros meses del a\u00f1o, una cantidad que se situ\u00f3 en torno a los 331 millones de euros gracias a las obras de ampliaci\u00f3n del Canal, en suspenso tras la falta de acuerdo con la","inLanguage":"es-ES","isPartOf":{"@id":"https:\/\/www.eldigitaldeasturias.com\/noticias\/#website"},"breadcrumb":{"@id":"https:\/\/www.eldigitaldeasturias.com\/noticias\/el-25-por-ciento-de-la-facturacion-exterior-de-sacyr-hasta-septiembre-venia-de-panama\/#breadcrumblist"},"author":{"@id":"https:\/\/www.eldigitaldeasturias.com\/noticias\/author\/admin\/#author"},"creator":{"@id":"https:\/\/www.eldigitaldeasturias.com\/noticias\/author\/admin\/#author"},"image":{"@type":"ImageObject","url":487984,"@id":"https:\/\/www.eldigitaldeasturias.com\/noticias\/el-25-por-ciento-de-la-facturacion-exterior-de-sacyr-hasta-septiembre-venia-de-panama\/#mainImage"},"primaryImageOfPage":{"@id":"https:\/\/www.eldigitaldeasturias.com\/noticias\/el-25-por-ciento-de-la-facturacion-exterior-de-sacyr-hasta-septiembre-venia-de-panama\/#mainImage"},"datePublished":"2014-02-10T21:12:38+01:00","dateModified":"2014-02-10T21:12:38+01:00"},{"@type":"WebSite","@id":"https:\/\/www.eldigitaldeasturias.com\/noticias\/#website","url":"https:\/\/www.eldigitaldeasturias.com\/noticias\/","name":"El Digital de Asturias - Diario de actualidad y noticias","alternateName":"El Digital de Asturias - Diario de actualidad y noticias","description":"Hemeroteca","inLanguage":"es-ES","publisher":{"@id":"https:\/\/www.eldigitaldeasturias.com\/noticias\/#organization"}}]},"og:locale":"es_ES","og:site_name":"El Digital de Asturias","og:type":"article","og:title":"El 25 por ciento de la facturaci\u00f3n exterior de Sacyr hasta septiembre ven\u00eda de Panam\u00e1 - El Digital de Asturias","og:description":"Madrid, 10 feb (EFE).- Panam\u00e1 concentr\u00f3 el 25 % de la cifra de negocios internacional que alcanz\u00f3 Sacyr en los nueve primeros meses del a\u00f1o, una cantidad que se situ\u00f3 en torno a los 331 millones de euros gracias a las obras de ampliaci\u00f3n del Canal, en suspenso tras la falta de acuerdo con la","og:url":"https:\/\/www.eldigitaldeasturias.com\/noticias\/el-25-por-ciento-de-la-facturacion-exterior-de-sacyr-hasta-septiembre-venia-de-panama\/","article:tag":["actualidad"],"article:published_time":"2014-02-10T22:12:38+00:00","article:modified_time":"2014-02-10T22:12:38+00:00","article:publisher":"https:\/\/facebook.com\/eldigitaldeasturias","twitter:card":"summary_large_image","twitter:title":"El 25 por ciento de la facturaci\u00f3n exterior de Sacyr hasta septiembre ven\u00eda de Panam\u00e1 - El Digital de Asturias","twitter:description":"Madrid, 10 feb (EFE).- Panam\u00e1 concentr\u00f3 el 25 % de la cifra de negocios internacional que alcanz\u00f3 Sacyr en los nueve primeros meses del a\u00f1o, una cantidad que se situ\u00f3 en torno a los 331 millones de euros gracias a las obras de ampliaci\u00f3n del Canal, en suspenso tras la falta de acuerdo con la","twitter:label1":"Escrito por","twitter:data1":"El Digital de Asturias","twitter:label2":"Tiempo de lectura estimado","twitter:data2":"3 minutos"},"aioseo_meta_data":{"post_id":"487983","title":null,"description":null,"keywords":null,"keyphrases":null,"primary_term":null,"canonical_url":null,"og_title":null,"og_description":null,"og_object_type":"default","og_image_type":"default","og_image_url":null,"og_image_width":null,"og_image_height":null,"og_image_custom_url":null,"og_image_custom_fields":null,"og_video":null,"og_custom_url":null,"og_article_section":null,"og_article_tags":null,"twitter_use_og":true,"twitter_card":"default","twitter_image_type":"default","twitter_image_url":null,"twitter_image_custom_url":null,"twitter_image_custom_fields":null,"twitter_title":null,"twitter_description":null,"schema":{"blockGraphs":[],"customGraphs":[],"default":{"data":{"Article":[],"Course":[],"Dataset":[],"FAQPage":[],"Movie":[],"Person":[],"Product":[],"ProductReview":[],"Car":[],"Recipe":[],"Service":[],"SoftwareApplication":[],"WebPage":[]},"graphName":"","isEnabled":true},"graphs":[],"defaultGraph":"","defaultPostTypeGraph":""},"schema_type":null,"schema_type_options":null,"pillar_content":false,"robots_default":true,"robots_noindex":false,"robots_noarchive":false,"robots_nosnippet":false,"robots_nofollow":false,"robots_noimageindex":false,"robots_noodp":false,"robots_notranslate":false,"robots_max_snippet":null,"robots_max_videopreview":null,"robots_max_imagepreview":"none","priority":null,"frequency":null,"local_seo":null,"seo_analyzer_scan_date":"2026-06-03 06:32:47","breadcrumb_settings":null,"limit_modified_date":false,"open_ai":null,"ai":null,"created":"2020-11-14 22:57:05","updated":"2026-06-03 06:32:47","focus_keyword":null,"additional_keywords":null,"truseo_locale":null},"aioseo_breadcrumb":"<div class=\"aioseo-breadcrumbs\"><span class=\"aioseo-breadcrumb\">\n\t<a href=\"https:\/\/www.eldigitaldeasturias.com\/noticias\" title=\"Home\">Home<\/a>\n<\/span><span class=\"aioseo-breadcrumb-separator\">\u2013<\/span><span class=\"aioseo-breadcrumb\">\n\t<a href=\"https:\/\/www.eldigitaldeasturias.com\/noticias\/category\/actualidad\/\" title=\"Actualidad\">Actualidad<\/a>\n<\/span><span class=\"aioseo-breadcrumb-separator\">\u2013<\/span><span class=\"aioseo-breadcrumb\">\n\t<a href=\"https:\/\/www.eldigitaldeasturias.com\/noticias\/el-25-por-ciento-de-la-facturacion-exterior-de-sacyr-hasta-septiembre-venia-de-panama\/\" title=\"El 25 por ciento de la facturaci\u00f3n exterior de Sacyr hasta septiembre ven\u00eda de Panam\u00e1\">El 25 por ciento de la facturaci\u00f3n exterior de Sacyr hasta septiembre ven\u00eda de Panam\u00e1<\/a>\n<\/span><\/div>","aioseo_breadcrumb_json":[{"label":"Home","link":"https:\/\/www.eldigitaldeasturias.com\/noticias"},{"label":"Actualidad","link":"https:\/\/www.eldigitaldeasturias.com\/noticias\/category\/actualidad\/"},{"label":"El 25 por ciento de la facturaci\u00f3n exterior de Sacyr hasta septiembre ven\u00eda de Panam\u00e1","link":"https:\/\/www.eldigitaldeasturias.com\/noticias\/el-25-por-ciento-de-la-facturacion-exterior-de-sacyr-hasta-septiembre-venia-de-panama\/"}],"_links":{"self":[{"href":"https:\/\/www.eldigitaldeasturias.com\/noticias\/wp-json\/wp\/v2\/posts\/487983","targetHints":{"allow":["GET"]}}],"collection":[{"href":"https:\/\/www.eldigitaldeasturias.com\/noticias\/wp-json\/wp\/v2\/posts"}],"about":[{"href":"https:\/\/www.eldigitaldeasturias.com\/noticias\/wp-json\/wp\/v2\/types\/post"}],"author":[{"embeddable":true,"href":"https:\/\/www.eldigitaldeasturias.com\/noticias\/wp-json\/wp\/v2\/users\/1"}],"replies":[{"embeddable":true,"href":"https:\/\/www.eldigitaldeasturias.com\/noticias\/wp-json\/wp\/v2\/comments?post=487983"}],"version-history":[{"count":0,"href":"https:\/\/www.eldigitaldeasturias.com\/noticias\/wp-json\/wp\/v2\/posts\/487983\/revisions"}],"wp:attachment":[{"href":"https:\/\/www.eldigitaldeasturias.com\/noticias\/wp-json\/wp\/v2\/media?parent=487983"}],"wp:term":[{"taxonomy":"category","embeddable":true,"href":"https:\/\/www.eldigitaldeasturias.com\/noticias\/wp-json\/wp\/v2\/categories?post=487983"},{"taxonomy":"post_tag","embeddable":true,"href":"https:\/\/www.eldigitaldeasturias.com\/noticias\/wp-json\/wp\/v2\/tags?post=487983"}],"curies":[{"name":"wp","href":"https:\/\/api.w.org\/{rel}","templated":true}]}}