{"id":487947,"date":"2014-02-10T20:56:59","date_gmt":"2014-02-10T21:56:59","guid":{"rendered":"http:\/\/www.eldigitaldeasturias.com\/noticias\/?p=487947"},"modified":"2014-02-10T20:56:59","modified_gmt":"2014-02-10T21:56:59","slug":"el-viento-tira-un-obelisco-ornamental-en-el-ensanche-de-vallecas","status":"publish","type":"post","link":"https:\/\/www.eldigitaldeasturias.com\/noticias\/el-viento-tira-un-obelisco-ornamental-en-el-ensanche-de-vallecas\/","title":{"rendered":"El viento tira un obelisco ornamental en el Ensanche de Vallecas"},"content":{"rendered":"<p><img loading=\"lazy\" decoding=\"async\" class=\"alignleft size-medium wp-image-487948\" alt=\"5927048w\" src=\"https:\/\/www.eldigitaldeasturias.com\/noticias\/wp-content\/uploads\/2014\/02\/5927048w-360x270.jpg\" width=\"360\" height=\"270\" \/>Madrid, 10 feb (EFE).- Uno de los dos obeliscos que adornan la rotonda situada en la Avenida del Ensanche de Vallecas sobre la carretera M-45 se ha ca\u00eddo esta madrugada sobre la calle al parecer por la fuerza del viento, ha informado a Efe una portavoz de Emergencias Madrid.<\/p>\n<p>El suceso ha ocurrido poco antes de la 01.00, cuando afortunadamente no circulaba veh\u00edculo alguno por la v\u00eda ni pasaban peatones.<\/p>\n<p>En su ca\u00edda, el obelisco ha roto cables de alta tensi\u00f3n, lo que ha dejado sin luz varios kil\u00f3metros de la M-45.<\/p>\n<p>Varias dotaciones de Bomberos del Ayuntamiento de Madrid han acudido al lugar para retirar el obelisco, de unos 45 metros de largo por 1,20 metros de ancho y 30 o 40 toneladas de peso, cuyos pernos de anclaje, tras una primera investigaci\u00f3n, son los que se han vencido.<\/p>\n<p>La Polic\u00eda Municipal ha cortado la circulaci\u00f3n por esa rotonda en ambos sentidos, mientras que los bomberos han troceado el obelisco, de acero, en tres partes, cort\u00e1ndolo con un soplete mediante la t\u00e9cnica del \u00aboxicorte\u00bb, ha detallado la portavoz de Emergencias.<\/p>\n<p>Los bomberos, que han trabajado durante tres horas, han puesto los trozos sobre la acera una vez cortado el obelisco con ayuda de una gr\u00faa de carga y han comprobado el anclaje del otro obelisco, pero la Polic\u00eda Municipal mantendr\u00e1 cortada la circulaci\u00f3n en previsi\u00f3n.<\/p>\n","protected":false},"excerpt":{"rendered":"<p>Madrid, 10 feb (EFE).- Uno de los dos obeliscos que adornan la rotonda situada en la Avenida del Ensanche de Vallecas sobre la carretera M-45 se ha ca\u00eddo esta madrugada sobre la calle al parecer por la fuerza del viento, ha informado a Efe una portavoz de Emergencias Madrid. El suceso ha ocurrido poco antes [&hellip;]<\/p>\n","protected":false},"author":1,"featured_media":487948,"comment_status":"closed","ping_status":"closed","sticky":false,"template":"","format":"standard","meta":{"footnotes":""},"categories":[1],"tags":[],"class_list":["post-487947","post","type-post","status-publish","format-standard","has-post-thumbnail","hentry","category-actualidad"],"aioseo_notices":[],"aioseo_head":"\n\t\t<!-- All in One SEO Pro 5.0.1 - aioseo.com -->\n\t<meta name=\"description\" content=\"Madrid, 10 feb (EFE).- Uno de los dos obeliscos que adornan la rotonda situada en la Avenida del Ensanche de Vallecas sobre la carretera M-45 se ha ca\u00eddo esta madrugada sobre la calle al parecer por la fuerza del viento, ha informado a Efe una portavoz de Emergencias Madrid. El suceso ha ocurrido poco antes\" \/>\n\t<meta name=\"robots\" content=\"max-image-preview:large\" \/>\n\t<meta name=\"author\" content=\"El Digital de Asturias\"\/>\n\t<meta name=\"google-site-verification\" content=\"UA-38556648-1\" \/>\n\t<meta name=\"msvalidate.01\" content=\"7dfe9f3f1b24437ab69f4f2559babe99\" \/>\n\t<meta name=\"keywords\" content=\"actualidad\" \/>\n\t<link rel=\"canonical\" href=\"https:\/\/www.eldigitaldeasturias.com\/noticias\/el-viento-tira-un-obelisco-ornamental-en-el-ensanche-de-vallecas\/\" \/>\n\t<meta name=\"generator\" content=\"All in One SEO Pro (AIOSEO) 5.0.1\" \/>\n\t\t<meta property=\"og:locale\" content=\"es_ES\" \/>\n\t\t<meta property=\"og:site_name\" content=\"El Digital de Asturias\" \/>\n\t\t<meta property=\"og:type\" content=\"article\" \/>\n\t\t<meta property=\"og:title\" content=\"El viento tira un obelisco ornamental en el Ensanche de Vallecas - El Digital de Asturias\" \/>\n\t\t<meta property=\"og:description\" content=\"Madrid, 10 feb (EFE).- Uno de los dos obeliscos que adornan la rotonda situada en la Avenida del Ensanche de Vallecas sobre la carretera M-45 se ha ca\u00eddo esta madrugada sobre la calle al parecer por la fuerza del viento, ha informado a Efe una portavoz de Emergencias Madrid. El suceso ha ocurrido poco antes\" \/>\n\t\t<meta property=\"og:url\" content=\"https:\/\/www.eldigitaldeasturias.com\/noticias\/el-viento-tira-un-obelisco-ornamental-en-el-ensanche-de-vallecas\/\" \/>\n\t\t<meta property=\"article:tag\" content=\"actualidad\" \/>\n\t\t<meta property=\"article:published_time\" content=\"2014-02-10T21:56:59+00:00\" \/>\n\t\t<meta property=\"article:modified_time\" content=\"2014-02-10T21:56:59+00:00\" \/>\n\t\t<meta property=\"article:publisher\" content=\"https:\/\/facebook.com\/eldigitaldeasturias\" \/>\n\t\t<meta name=\"twitter:card\" content=\"summary_large_image\" \/>\n\t\t<meta name=\"twitter:title\" content=\"El viento tira un obelisco ornamental en el Ensanche de Vallecas - El Digital de Asturias\" \/>\n\t\t<meta name=\"twitter:description\" content=\"Madrid, 10 feb (EFE).- Uno de los dos obeliscos que adornan la rotonda situada en la Avenida del Ensanche de Vallecas sobre la carretera M-45 se ha ca\u00eddo esta madrugada sobre la calle al parecer por la fuerza del viento, ha informado a Efe una portavoz de Emergencias Madrid. El suceso ha ocurrido poco antes\" \/>\n\t\t<meta name=\"twitter:label1\" content=\"Escrito por\" \/>\n\t\t<meta name=\"twitter:data1\" content=\"El Digital de Asturias\" \/>\n\t\t<meta name=\"twitter:label2\" content=\"Tiempo de lectura estimado\" \/>\n\t\t<meta name=\"twitter:data2\" content=\"1 minuto\" \/>\n\t\t<script type=\"application\/ld+json\" class=\"aioseo-schema\">\n\t\t\t{\"@context\":\"https:\\\/\\\/schema.org\",\"@graph\":[{\"@type\":\"BlogPosting\",\"@id\":\"https:\\\/\\\/www.eldigitaldeasturias.com\\\/noticias\\\/el-viento-tira-un-obelisco-ornamental-en-el-ensanche-de-vallecas\\\/#blogposting\",\"name\":\"El viento tira un obelisco ornamental en el Ensanche de Vallecas - El Digital de Asturias\",\"headline\":\"El viento tira un obelisco ornamental en el Ensanche de Vallecas\",\"author\":{\"@id\":\"https:\\\/\\\/www.eldigitaldeasturias.com\\\/noticias\\\/author\\\/admin\\\/#author\"},\"publisher\":{\"@id\":\"https:\\\/\\\/www.eldigitaldeasturias.com\\\/noticias\\\/#organization\"},\"image\":{\"@type\":\"ImageObject\",\"url\":487948},\"datePublished\":\"2014-02-10T20:56:59+01:00\",\"dateModified\":\"2014-02-10T20:56:59+01:00\",\"inLanguage\":\"es-ES\",\"mainEntityOfPage\":{\"@id\":\"https:\\\/\\\/www.eldigitaldeasturias.com\\\/noticias\\\/el-viento-tira-un-obelisco-ornamental-en-el-ensanche-de-vallecas\\\/#webpage\"},\"isPartOf\":{\"@id\":\"https:\\\/\\\/www.eldigitaldeasturias.com\\\/noticias\\\/el-viento-tira-un-obelisco-ornamental-en-el-ensanche-de-vallecas\\\/#webpage\"},\"articleSection\":\"Actualidad\"},{\"@type\":\"BreadcrumbList\",\"@id\":\"https:\\\/\\\/www.eldigitaldeasturias.com\\\/noticias\\\/el-viento-tira-un-obelisco-ornamental-en-el-ensanche-de-vallecas\\\/#breadcrumblist\",\"itemListElement\":[{\"@type\":\"ListItem\",\"@id\":\"https:\\\/\\\/www.eldigitaldeasturias.com\\\/noticias#listItem\",\"position\":1,\"name\":\"Home\",\"item\":\"https:\\\/\\\/www.eldigitaldeasturias.com\\\/noticias\",\"nextItem\":{\"@type\":\"ListItem\",\"@id\":\"https:\\\/\\\/www.eldigitaldeasturias.com\\\/noticias\\\/category\\\/actualidad\\\/#listItem\",\"name\":\"Actualidad\"}},{\"@type\":\"ListItem\",\"@id\":\"https:\\\/\\\/www.eldigitaldeasturias.com\\\/noticias\\\/category\\\/actualidad\\\/#listItem\",\"position\":2,\"name\":\"Actualidad\",\"item\":\"https:\\\/\\\/www.eldigitaldeasturias.com\\\/noticias\\\/category\\\/actualidad\\\/\",\"nextItem\":{\"@type\":\"ListItem\",\"@id\":\"https:\\\/\\\/www.eldigitaldeasturias.com\\\/noticias\\\/el-viento-tira-un-obelisco-ornamental-en-el-ensanche-de-vallecas\\\/#listItem\",\"name\":\"El viento tira un obelisco ornamental en el Ensanche de Vallecas\"},\"previousItem\":{\"@type\":\"ListItem\",\"@id\":\"https:\\\/\\\/www.eldigitaldeasturias.com\\\/noticias#listItem\",\"name\":\"Home\"}},{\"@type\":\"ListItem\",\"@id\":\"https:\\\/\\\/www.eldigitaldeasturias.com\\\/noticias\\\/el-viento-tira-un-obelisco-ornamental-en-el-ensanche-de-vallecas\\\/#listItem\",\"position\":3,\"name\":\"El viento tira un obelisco ornamental en el Ensanche de Vallecas\",\"previousItem\":{\"@type\":\"ListItem\",\"@id\":\"https:\\\/\\\/www.eldigitaldeasturias.com\\\/noticias\\\/category\\\/actualidad\\\/#listItem\",\"name\":\"Actualidad\"}}]},{\"@type\":\"Organization\",\"@id\":\"https:\\\/\\\/www.eldigitaldeasturias.com\\\/noticias\\\/#organization\",\"name\":\"El Digital de Asturias\",\"description\":\"Hemeroteca\",\"url\":\"https:\\\/\\\/www.eldigitaldeasturias.com\\\/noticias\\\/\",\"email\":\"info@eldigitaldeasturias.com\",\"telephone\":\"+34652131393\",\"logo\":{\"@type\":\"ImageObject\",\"url\":\"https:\\\/\\\/www.eldigitaldeasturias.com\\\/noticias\\\/wp-content\\\/uploads\\\/2020\\\/12\\\/EDA.jpg\",\"@id\":\"https:\\\/\\\/www.eldigitaldeasturias.com\\\/noticias\\\/el-viento-tira-un-obelisco-ornamental-en-el-ensanche-de-vallecas\\\/#organizationLogo\"},\"image\":{\"@id\":\"https:\\\/\\\/www.eldigitaldeasturias.com\\\/noticias\\\/el-viento-tira-un-obelisco-ornamental-en-el-ensanche-de-vallecas\\\/#organizationLogo\"},\"sameAs\":[\"https:\\\/\\\/facebook.com\\\/eldigitaldeasturias\",\"https:\\\/\\\/www.youtube.com\\\/channel\\\/UCZP-2wLEB9Rv6erhFmqVnvg\"],\"address\":{\"@id\":\"https:\\\/\\\/www.eldigitaldeasturias.com\\\/noticias\\\/#postaladdress\",\"@type\":\"PostalAddress\",\"streetAddress\":\"san antonio 4\",\"postalCode\":\"33430\",\"addressLocality\":\"Cand\\u00e1s\",\"addressRegion\":\"Asturias\",\"addressCountry\":\"ES\"}},{\"@type\":\"Person\",\"@id\":\"https:\\\/\\\/www.eldigitaldeasturias.com\\\/noticias\\\/author\\\/admin\\\/#author\",\"url\":\"https:\\\/\\\/www.eldigitaldeasturias.com\\\/noticias\\\/author\\\/admin\\\/\",\"name\":\"El Digital de Asturias\",\"image\":{\"@type\":\"ImageObject\",\"@id\":\"https:\\\/\\\/www.eldigitaldeasturias.com\\\/noticias\\\/el-viento-tira-un-obelisco-ornamental-en-el-ensanche-de-vallecas\\\/#authorImage\",\"url\":\"https:\\\/\\\/secure.gravatar.com\\\/avatar\\\/df2aeffc32bcd13f8d26072ef8a91b623d677766deac7f97ca815868cd41bf5e?s=96&d=mm&r=g\",\"width\":96,\"height\":96,\"caption\":\"El Digital de Asturias\"}},{\"@type\":\"WebPage\",\"@id\":\"https:\\\/\\\/www.eldigitaldeasturias.com\\\/noticias\\\/el-viento-tira-un-obelisco-ornamental-en-el-ensanche-de-vallecas\\\/#webpage\",\"url\":\"https:\\\/\\\/www.eldigitaldeasturias.com\\\/noticias\\\/el-viento-tira-un-obelisco-ornamental-en-el-ensanche-de-vallecas\\\/\",\"name\":\"El viento tira un obelisco ornamental en el Ensanche de Vallecas - El Digital de Asturias\",\"description\":\"Madrid, 10 feb (EFE).- Uno de los dos obeliscos que adornan la rotonda situada en la Avenida del Ensanche de Vallecas sobre la carretera M-45 se ha ca\\u00eddo esta madrugada sobre la calle al parecer por la fuerza del viento, ha informado a Efe una portavoz de Emergencias Madrid. El suceso ha ocurrido poco antes\",\"inLanguage\":\"es-ES\",\"isPartOf\":{\"@id\":\"https:\\\/\\\/www.eldigitaldeasturias.com\\\/noticias\\\/#website\"},\"breadcrumb\":{\"@id\":\"https:\\\/\\\/www.eldigitaldeasturias.com\\\/noticias\\\/el-viento-tira-un-obelisco-ornamental-en-el-ensanche-de-vallecas\\\/#breadcrumblist\"},\"author\":{\"@id\":\"https:\\\/\\\/www.eldigitaldeasturias.com\\\/noticias\\\/author\\\/admin\\\/#author\"},\"creator\":{\"@id\":\"https:\\\/\\\/www.eldigitaldeasturias.com\\\/noticias\\\/author\\\/admin\\\/#author\"},\"image\":{\"@type\":\"ImageObject\",\"url\":487948,\"@id\":\"https:\\\/\\\/www.eldigitaldeasturias.com\\\/noticias\\\/el-viento-tira-un-obelisco-ornamental-en-el-ensanche-de-vallecas\\\/#mainImage\"},\"primaryImageOfPage\":{\"@id\":\"https:\\\/\\\/www.eldigitaldeasturias.com\\\/noticias\\\/el-viento-tira-un-obelisco-ornamental-en-el-ensanche-de-vallecas\\\/#mainImage\"},\"datePublished\":\"2014-02-10T20:56:59+01:00\",\"dateModified\":\"2014-02-10T20:56:59+01:00\"},{\"@type\":\"WebSite\",\"@id\":\"https:\\\/\\\/www.eldigitaldeasturias.com\\\/noticias\\\/#website\",\"url\":\"https:\\\/\\\/www.eldigitaldeasturias.com\\\/noticias\\\/\",\"name\":\"El Digital de Asturias - Diario de actualidad y noticias\",\"alternateName\":\"El Digital de Asturias - Diario de actualidad y noticias\",\"description\":\"Hemeroteca\",\"inLanguage\":\"es-ES\",\"publisher\":{\"@id\":\"https:\\\/\\\/www.eldigitaldeasturias.com\\\/noticias\\\/#organization\"}}]}\n\t\t<\/script>\n\t\t<!-- All in One SEO Pro -->\r\n\t\t<title>El viento tira un obelisco ornamental en el Ensanche de Vallecas - El Digital de Asturias<\/title>\n\n","aioseo_head_json":{"title":"El viento tira un obelisco ornamental en el Ensanche de Vallecas - El Digital de Asturias","description":"Madrid, 10 feb (EFE).- Uno de los dos obeliscos que adornan la rotonda situada en la Avenida del Ensanche de Vallecas sobre la carretera M-45 se ha ca\u00eddo esta madrugada sobre la calle al parecer por la fuerza del viento, ha informado a Efe una portavoz de Emergencias Madrid. El suceso ha ocurrido poco antes","canonical_url":"https:\/\/www.eldigitaldeasturias.com\/noticias\/el-viento-tira-un-obelisco-ornamental-en-el-ensanche-de-vallecas\/","robots":"max-image-preview:large","keywords":"actualidad","webmasterTools":{"google-site-verification":"UA-38556648-1","msvalidate.01":"7dfe9f3f1b24437ab69f4f2559babe99","miscellaneous":""},"schema":{"@context":"https:\/\/schema.org","@graph":[{"@type":"BlogPosting","@id":"https:\/\/www.eldigitaldeasturias.com\/noticias\/el-viento-tira-un-obelisco-ornamental-en-el-ensanche-de-vallecas\/#blogposting","name":"El viento tira un obelisco ornamental en el Ensanche de Vallecas - El Digital de Asturias","headline":"El viento tira un obelisco ornamental en el Ensanche de Vallecas","author":{"@id":"https:\/\/www.eldigitaldeasturias.com\/noticias\/author\/admin\/#author"},"publisher":{"@id":"https:\/\/www.eldigitaldeasturias.com\/noticias\/#organization"},"image":{"@type":"ImageObject","url":487948},"datePublished":"2014-02-10T20:56:59+01:00","dateModified":"2014-02-10T20:56:59+01:00","inLanguage":"es-ES","mainEntityOfPage":{"@id":"https:\/\/www.eldigitaldeasturias.com\/noticias\/el-viento-tira-un-obelisco-ornamental-en-el-ensanche-de-vallecas\/#webpage"},"isPartOf":{"@id":"https:\/\/www.eldigitaldeasturias.com\/noticias\/el-viento-tira-un-obelisco-ornamental-en-el-ensanche-de-vallecas\/#webpage"},"articleSection":"Actualidad"},{"@type":"BreadcrumbList","@id":"https:\/\/www.eldigitaldeasturias.com\/noticias\/el-viento-tira-un-obelisco-ornamental-en-el-ensanche-de-vallecas\/#breadcrumblist","itemListElement":[{"@type":"ListItem","@id":"https:\/\/www.eldigitaldeasturias.com\/noticias#listItem","position":1,"name":"Home","item":"https:\/\/www.eldigitaldeasturias.com\/noticias","nextItem":{"@type":"ListItem","@id":"https:\/\/www.eldigitaldeasturias.com\/noticias\/category\/actualidad\/#listItem","name":"Actualidad"}},{"@type":"ListItem","@id":"https:\/\/www.eldigitaldeasturias.com\/noticias\/category\/actualidad\/#listItem","position":2,"name":"Actualidad","item":"https:\/\/www.eldigitaldeasturias.com\/noticias\/category\/actualidad\/","nextItem":{"@type":"ListItem","@id":"https:\/\/www.eldigitaldeasturias.com\/noticias\/el-viento-tira-un-obelisco-ornamental-en-el-ensanche-de-vallecas\/#listItem","name":"El viento tira un obelisco ornamental en el Ensanche de Vallecas"},"previousItem":{"@type":"ListItem","@id":"https:\/\/www.eldigitaldeasturias.com\/noticias#listItem","name":"Home"}},{"@type":"ListItem","@id":"https:\/\/www.eldigitaldeasturias.com\/noticias\/el-viento-tira-un-obelisco-ornamental-en-el-ensanche-de-vallecas\/#listItem","position":3,"name":"El viento tira un obelisco ornamental en el Ensanche de Vallecas","previousItem":{"@type":"ListItem","@id":"https:\/\/www.eldigitaldeasturias.com\/noticias\/category\/actualidad\/#listItem","name":"Actualidad"}}]},{"@type":"Organization","@id":"https:\/\/www.eldigitaldeasturias.com\/noticias\/#organization","name":"El Digital de Asturias","description":"Hemeroteca","url":"https:\/\/www.eldigitaldeasturias.com\/noticias\/","email":"info@eldigitaldeasturias.com","telephone":"+34652131393","logo":{"@type":"ImageObject","url":"https:\/\/www.eldigitaldeasturias.com\/noticias\/wp-content\/uploads\/2020\/12\/EDA.jpg","@id":"https:\/\/www.eldigitaldeasturias.com\/noticias\/el-viento-tira-un-obelisco-ornamental-en-el-ensanche-de-vallecas\/#organizationLogo"},"image":{"@id":"https:\/\/www.eldigitaldeasturias.com\/noticias\/el-viento-tira-un-obelisco-ornamental-en-el-ensanche-de-vallecas\/#organizationLogo"},"sameAs":["https:\/\/facebook.com\/eldigitaldeasturias","https:\/\/www.youtube.com\/channel\/UCZP-2wLEB9Rv6erhFmqVnvg"],"address":{"@id":"https:\/\/www.eldigitaldeasturias.com\/noticias\/#postaladdress","@type":"PostalAddress","streetAddress":"san antonio 4","postalCode":"33430","addressLocality":"Cand\u00e1s","addressRegion":"Asturias","addressCountry":"ES"}},{"@type":"Person","@id":"https:\/\/www.eldigitaldeasturias.com\/noticias\/author\/admin\/#author","url":"https:\/\/www.eldigitaldeasturias.com\/noticias\/author\/admin\/","name":"El Digital de Asturias","image":{"@type":"ImageObject","@id":"https:\/\/www.eldigitaldeasturias.com\/noticias\/el-viento-tira-un-obelisco-ornamental-en-el-ensanche-de-vallecas\/#authorImage","url":"https:\/\/secure.gravatar.com\/avatar\/df2aeffc32bcd13f8d26072ef8a91b623d677766deac7f97ca815868cd41bf5e?s=96&d=mm&r=g","width":96,"height":96,"caption":"El Digital de Asturias"}},{"@type":"WebPage","@id":"https:\/\/www.eldigitaldeasturias.com\/noticias\/el-viento-tira-un-obelisco-ornamental-en-el-ensanche-de-vallecas\/#webpage","url":"https:\/\/www.eldigitaldeasturias.com\/noticias\/el-viento-tira-un-obelisco-ornamental-en-el-ensanche-de-vallecas\/","name":"El viento tira un obelisco ornamental en el Ensanche de Vallecas - El Digital de Asturias","description":"Madrid, 10 feb (EFE).- Uno de los dos obeliscos que adornan la rotonda situada en la Avenida del Ensanche de Vallecas sobre la carretera M-45 se ha ca\u00eddo esta madrugada sobre la calle al parecer por la fuerza del viento, ha informado a Efe una portavoz de Emergencias Madrid. El suceso ha ocurrido poco antes","inLanguage":"es-ES","isPartOf":{"@id":"https:\/\/www.eldigitaldeasturias.com\/noticias\/#website"},"breadcrumb":{"@id":"https:\/\/www.eldigitaldeasturias.com\/noticias\/el-viento-tira-un-obelisco-ornamental-en-el-ensanche-de-vallecas\/#breadcrumblist"},"author":{"@id":"https:\/\/www.eldigitaldeasturias.com\/noticias\/author\/admin\/#author"},"creator":{"@id":"https:\/\/www.eldigitaldeasturias.com\/noticias\/author\/admin\/#author"},"image":{"@type":"ImageObject","url":487948,"@id":"https:\/\/www.eldigitaldeasturias.com\/noticias\/el-viento-tira-un-obelisco-ornamental-en-el-ensanche-de-vallecas\/#mainImage"},"primaryImageOfPage":{"@id":"https:\/\/www.eldigitaldeasturias.com\/noticias\/el-viento-tira-un-obelisco-ornamental-en-el-ensanche-de-vallecas\/#mainImage"},"datePublished":"2014-02-10T20:56:59+01:00","dateModified":"2014-02-10T20:56:59+01:00"},{"@type":"WebSite","@id":"https:\/\/www.eldigitaldeasturias.com\/noticias\/#website","url":"https:\/\/www.eldigitaldeasturias.com\/noticias\/","name":"El Digital de Asturias - Diario de actualidad y noticias","alternateName":"El Digital de Asturias - Diario de actualidad y noticias","description":"Hemeroteca","inLanguage":"es-ES","publisher":{"@id":"https:\/\/www.eldigitaldeasturias.com\/noticias\/#organization"}}]},"og:locale":"es_ES","og:site_name":"El Digital de Asturias","og:type":"article","og:title":"El viento tira un obelisco ornamental en el Ensanche de Vallecas - El Digital de Asturias","og:description":"Madrid, 10 feb (EFE).- Uno de los dos obeliscos que adornan la rotonda situada en la Avenida del Ensanche de Vallecas sobre la carretera M-45 se ha ca\u00eddo esta madrugada sobre la calle al parecer por la fuerza del viento, ha informado a Efe una portavoz de Emergencias Madrid. El suceso ha ocurrido poco antes","og:url":"https:\/\/www.eldigitaldeasturias.com\/noticias\/el-viento-tira-un-obelisco-ornamental-en-el-ensanche-de-vallecas\/","article:tag":["actualidad"],"article:published_time":"2014-02-10T21:56:59+00:00","article:modified_time":"2014-02-10T21:56:59+00:00","article:publisher":"https:\/\/facebook.com\/eldigitaldeasturias","twitter:card":"summary_large_image","twitter:title":"El viento tira un obelisco ornamental en el Ensanche de Vallecas - El Digital de Asturias","twitter:description":"Madrid, 10 feb (EFE).- Uno de los dos obeliscos que adornan la rotonda situada en la Avenida del Ensanche de Vallecas sobre la carretera M-45 se ha ca\u00eddo esta madrugada sobre la calle al parecer por la fuerza del viento, ha informado a Efe una portavoz de Emergencias Madrid. El suceso ha ocurrido poco antes","twitter:label1":"Escrito por","twitter:data1":"El Digital de Asturias","twitter:label2":"Tiempo de lectura estimado","twitter:data2":"1 minuto"},"aioseo_meta_data":{"post_id":"487947","title":null,"description":null,"keywords":null,"keyphrases":null,"primary_term":null,"canonical_url":null,"og_title":null,"og_description":null,"og_object_type":"default","og_image_type":"default","og_image_url":null,"og_image_width":null,"og_image_height":null,"og_image_custom_url":null,"og_image_custom_fields":null,"og_video":null,"og_custom_url":null,"og_article_section":null,"og_article_tags":null,"twitter_use_og":true,"twitter_card":"default","twitter_image_type":"default","twitter_image_url":null,"twitter_image_custom_url":null,"twitter_image_custom_fields":null,"twitter_title":null,"twitter_description":null,"schema":{"blockGraphs":[],"customGraphs":[],"default":{"data":{"Article":[],"Course":[],"Dataset":[],"FAQPage":[],"Movie":[],"Person":[],"Product":[],"ProductReview":[],"Car":[],"Recipe":[],"Service":[],"SoftwareApplication":[],"WebPage":[]},"graphName":"","isEnabled":true},"graphs":[],"defaultGraph":"","defaultPostTypeGraph":""},"schema_type":null,"schema_type_options":null,"pillar_content":false,"robots_default":true,"robots_noindex":false,"robots_noarchive":false,"robots_nosnippet":false,"robots_nofollow":false,"robots_noimageindex":false,"robots_noodp":false,"robots_notranslate":false,"robots_max_snippet":null,"robots_max_videopreview":null,"robots_max_imagepreview":"none","priority":null,"frequency":null,"local_seo":null,"seo_analyzer_scan_date":"2026-06-03 06:25:48","breadcrumb_settings":null,"limit_modified_date":false,"open_ai":null,"ai":null,"created":"2020-11-14 22:57:05","updated":"2026-06-03 06:25:48","focus_keyword":null,"additional_keywords":null,"truseo_locale":null},"aioseo_breadcrumb":"<div class=\"aioseo-breadcrumbs\"><span class=\"aioseo-breadcrumb\">\n\t<a href=\"https:\/\/www.eldigitaldeasturias.com\/noticias\" title=\"Home\">Home<\/a>\n<\/span><span class=\"aioseo-breadcrumb-separator\">\u2013<\/span><span class=\"aioseo-breadcrumb\">\n\t<a href=\"https:\/\/www.eldigitaldeasturias.com\/noticias\/category\/actualidad\/\" title=\"Actualidad\">Actualidad<\/a>\n<\/span><span class=\"aioseo-breadcrumb-separator\">\u2013<\/span><span class=\"aioseo-breadcrumb\">\n\t<a href=\"https:\/\/www.eldigitaldeasturias.com\/noticias\/el-viento-tira-un-obelisco-ornamental-en-el-ensanche-de-vallecas\/\" title=\"El viento tira un obelisco ornamental en el Ensanche de Vallecas\">El viento tira un obelisco ornamental en el Ensanche de Vallecas<\/a>\n<\/span><\/div>","aioseo_breadcrumb_json":[{"label":"Home","link":"https:\/\/www.eldigitaldeasturias.com\/noticias"},{"label":"Actualidad","link":"https:\/\/www.eldigitaldeasturias.com\/noticias\/category\/actualidad\/"},{"label":"El viento tira un obelisco ornamental en el Ensanche de Vallecas","link":"https:\/\/www.eldigitaldeasturias.com\/noticias\/el-viento-tira-un-obelisco-ornamental-en-el-ensanche-de-vallecas\/"}],"_links":{"self":[{"href":"https:\/\/www.eldigitaldeasturias.com\/noticias\/wp-json\/wp\/v2\/posts\/487947","targetHints":{"allow":["GET"]}}],"collection":[{"href":"https:\/\/www.eldigitaldeasturias.com\/noticias\/wp-json\/wp\/v2\/posts"}],"about":[{"href":"https:\/\/www.eldigitaldeasturias.com\/noticias\/wp-json\/wp\/v2\/types\/post"}],"author":[{"embeddable":true,"href":"https:\/\/www.eldigitaldeasturias.com\/noticias\/wp-json\/wp\/v2\/users\/1"}],"replies":[{"embeddable":true,"href":"https:\/\/www.eldigitaldeasturias.com\/noticias\/wp-json\/wp\/v2\/comments?post=487947"}],"version-history":[{"count":0,"href":"https:\/\/www.eldigitaldeasturias.com\/noticias\/wp-json\/wp\/v2\/posts\/487947\/revisions"}],"wp:attachment":[{"href":"https:\/\/www.eldigitaldeasturias.com\/noticias\/wp-json\/wp\/v2\/media?parent=487947"}],"wp:term":[{"taxonomy":"category","embeddable":true,"href":"https:\/\/www.eldigitaldeasturias.com\/noticias\/wp-json\/wp\/v2\/categories?post=487947"},{"taxonomy":"post_tag","embeddable":true,"href":"https:\/\/www.eldigitaldeasturias.com\/noticias\/wp-json\/wp\/v2\/tags?post=487947"}],"curies":[{"name":"wp","href":"https:\/\/api.w.org\/{rel}","templated":true}]}}