{"id":487944,"date":"2014-02-10T20:55:55","date_gmt":"2014-02-10T21:55:55","guid":{"rendered":"http:\/\/www.eldigitaldeasturias.com\/noticias\/?p=487944"},"modified":"2014-02-10T20:55:55","modified_gmt":"2014-02-10T21:55:55","slug":"la-agencia-catalana-de-consumo-denuncia-trabas-de-la-cnmv-y-defiende-su-gestion","status":"publish","type":"post","link":"https:\/\/www.eldigitaldeasturias.com\/noticias\/la-agencia-catalana-de-consumo-denuncia-trabas-de-la-cnmv-y-defiende-su-gestion\/","title":{"rendered":"La Agencia Catalana de Consumo denuncia trabas de la CNMV y defiende su gesti\u00f3n"},"content":{"rendered":"<p><img loading=\"lazy\" decoding=\"async\" class=\"alignleft size-medium wp-image-487945\" alt=\"5927409w\" src=\"https:\/\/www.eldigitaldeasturias.com\/noticias\/wp-content\/uploads\/2014\/02\/5927409w-360x242.jpg\" width=\"360\" height=\"242\" \/>Barcelona, 10 feb (EFE).- El director de la Agencia Catalana de Consumo, Alfons Conesa, ha denunciado hoy que la CNMV quiso evitar la actuaci\u00f3n de este organismo en defensa de los afectados por las preferentes en Catalu\u00f1a, y ha defendido la gesti\u00f3n de la Generalitat de impulsar el arbitraje en lugar de recurrir a la justicia.<\/p>\n<p>Durante su comparecencia en la comisi\u00f3n del Parlamento catal\u00e1n que investiga la quiebra de las cajas, ha explicado que en marzo de 2012 recibi\u00f3 una carta de la Comisi\u00f3n Nacional del Mercado de Valores (CNMV) en la que le instaba a abandonar la v\u00eda de las reclamaciones iniciada para defender los derechos de los preferentistas con el argumento de que estaba incurriendo en una invasi\u00f3n de competencias. Seg\u00fan Conesa, la CNMV recordaba en su misiva que la competencia para supervisar, velar por la transparencia del mercado, proteger a los inversores y sancionar posibles infracciones reca\u00eda sobre ella en el mercado de valores y no sobre la Agencia Catalana de Consumo.<\/p>\n<p>Pese a la intervenci\u00f3n de la CNMV, la Agencia Catalana mantuvo su iniciativa de abrir expedientes informativos a las entidades bancarias radicadas en Catalu\u00f1a que comercializaron participaciones preferentes a peque\u00f1os inversores sin conocimientos sobre productos financieros tan complejos acogi\u00e9ndose a la normativa de consumo y a las competencias que le otorga el Estatuto de Catalu\u00f1a.<\/p>\n<p>Ante las cr\u00edticas de los partidos de la oposici\u00f3n, Conesa ha defendido la actuaci\u00f3n de la Generalitat, aunque ha evitado calificar en repetidas ocasiones como estafa o fraude la colocaci\u00f3n de miles de estas participaciones a peque\u00f1os inversores, muchos ancianos y algunos analfabetos, y se ha limitado a considerar estas actuaciones como \u00abmala praxis\u00bb.<\/p>\n<p>\u00abSi hubi\u00e9ramos ido a la Fiscal\u00eda para denunciar los posibles casos de estafa o fraude, que hubi\u00e9ramos podido hacerlo, todas estas personas que han recuperado ya su dinero no lo hubieran hecho\u00bb, ha argumentado, frente a los reproches de ICV, ERC, la CUP y Ciutadans de \u00abfalta de valent\u00eda pol\u00edtica\u00bb y \u00abnegligencia\u00bb.<\/p>\n<p>Entre 200.000 y 300.000 personas, seg\u00fan algunas fuentes, han resultado afectadas en Catalu\u00f1a por la colocaci\u00f3n de participaciones preferentes a peque\u00f1os y medianos inversores sin conocimientos suficientes, la gran mayor\u00eda, para entender la complejidad de estos productos financieros.<\/p>\n<p>Los procesos de arbitraje instados por la Agencia Catalana de Consumo se saldaron en Catalu\u00f1a en 2013 con la emisi\u00f3n de un total de 11.415 laudos, que han permitido a estos peque\u00f1os inversores recuperar la totalidad de su inversi\u00f3n, seg\u00fan Conesa.<\/p>\n<p>En lo que va de 2014, la Agencia Catalana de Consumo ha recibido ya 11.600 peticiones de laudos, todos ellos de CatalunyaCaixa.<\/p>\n<p>Conesa, que ha admitido que esta cifra a\u00fan no es \u00absuficientemente satisfactoria\u00bb, se ha mostrado convencido de que el n\u00famero de laudos pueda crecer de manera importante en los pr\u00f3ximos meses.<\/p>\n","protected":false},"excerpt":{"rendered":"<p>Barcelona, 10 feb (EFE).- El director de la Agencia Catalana de Consumo, Alfons Conesa, ha denunciado hoy que la CNMV quiso evitar la actuaci\u00f3n de este organismo en defensa de los afectados por las preferentes en Catalu\u00f1a, y ha defendido la gesti\u00f3n de la Generalitat de impulsar el arbitraje en lugar de recurrir a la [&hellip;]<\/p>\n","protected":false},"author":1,"featured_media":487945,"comment_status":"closed","ping_status":"closed","sticky":false,"template":"","format":"standard","meta":{"footnotes":""},"categories":[1],"tags":[],"class_list":["post-487944","post","type-post","status-publish","format-standard","has-post-thumbnail","hentry","category-actualidad"],"aioseo_notices":[],"aioseo_head":"\n\t\t<!-- All in One SEO Pro 5.0.1 - aioseo.com -->\n\t<meta name=\"description\" content=\"Barcelona, 10 feb (EFE).- El director de la Agencia Catalana de Consumo, Alfons Conesa, ha denunciado hoy que la CNMV quiso evitar la actuaci\u00f3n de este organismo en defensa de los afectados por las preferentes en Catalu\u00f1a, y ha defendido la gesti\u00f3n de la Generalitat de impulsar el arbitraje en lugar de recurrir a la\" \/>\n\t<meta name=\"robots\" content=\"max-image-preview:large\" \/>\n\t<meta name=\"author\" content=\"El Digital de Asturias\"\/>\n\t<meta name=\"google-site-verification\" content=\"UA-38556648-1\" \/>\n\t<meta name=\"msvalidate.01\" content=\"7dfe9f3f1b24437ab69f4f2559babe99\" \/>\n\t<meta name=\"keywords\" content=\"actualidad\" \/>\n\t<link rel=\"canonical\" href=\"https:\/\/www.eldigitaldeasturias.com\/noticias\/la-agencia-catalana-de-consumo-denuncia-trabas-de-la-cnmv-y-defiende-su-gestion\/\" \/>\n\t<meta name=\"generator\" content=\"All in One SEO Pro (AIOSEO) 5.0.1\" \/>\n\t\t<meta property=\"og:locale\" content=\"es_ES\" \/>\n\t\t<meta property=\"og:site_name\" content=\"El Digital de Asturias\" \/>\n\t\t<meta property=\"og:type\" content=\"article\" \/>\n\t\t<meta property=\"og:title\" content=\"La Agencia Catalana de Consumo denuncia trabas de la CNMV y defiende su gesti\u00f3n - El Digital de Asturias\" \/>\n\t\t<meta property=\"og:description\" content=\"Barcelona, 10 feb (EFE).- El director de la Agencia Catalana de Consumo, Alfons Conesa, ha denunciado hoy que la CNMV quiso evitar la actuaci\u00f3n de este organismo en defensa de los afectados por las preferentes en Catalu\u00f1a, y ha defendido la gesti\u00f3n de la Generalitat de impulsar el arbitraje en lugar de recurrir a la\" \/>\n\t\t<meta property=\"og:url\" content=\"https:\/\/www.eldigitaldeasturias.com\/noticias\/la-agencia-catalana-de-consumo-denuncia-trabas-de-la-cnmv-y-defiende-su-gestion\/\" \/>\n\t\t<meta property=\"article:tag\" content=\"actualidad\" \/>\n\t\t<meta property=\"article:published_time\" content=\"2014-02-10T21:55:55+00:00\" \/>\n\t\t<meta property=\"article:modified_time\" content=\"2014-02-10T21:55:55+00:00\" \/>\n\t\t<meta property=\"article:publisher\" content=\"https:\/\/facebook.com\/eldigitaldeasturias\" \/>\n\t\t<meta name=\"twitter:card\" content=\"summary_large_image\" \/>\n\t\t<meta name=\"twitter:title\" content=\"La Agencia Catalana de Consumo denuncia trabas de la CNMV y defiende su gesti\u00f3n - El Digital de Asturias\" \/>\n\t\t<meta name=\"twitter:description\" content=\"Barcelona, 10 feb (EFE).- El director de la Agencia Catalana de Consumo, Alfons Conesa, ha denunciado hoy que la CNMV quiso evitar la actuaci\u00f3n de este organismo en defensa de los afectados por las preferentes en Catalu\u00f1a, y ha defendido la gesti\u00f3n de la Generalitat de impulsar el arbitraje en lugar de recurrir a la\" \/>\n\t\t<meta name=\"twitter:label1\" content=\"Escrito por\" \/>\n\t\t<meta name=\"twitter:data1\" content=\"El Digital de Asturias\" \/>\n\t\t<meta name=\"twitter:label2\" content=\"Tiempo de lectura estimado\" \/>\n\t\t<meta name=\"twitter:data2\" content=\"2 minutos\" \/>\n\t\t<script type=\"application\/ld+json\" class=\"aioseo-schema\">\n\t\t\t{\"@context\":\"https:\\\/\\\/schema.org\",\"@graph\":[{\"@type\":\"BlogPosting\",\"@id\":\"https:\\\/\\\/www.eldigitaldeasturias.com\\\/noticias\\\/la-agencia-catalana-de-consumo-denuncia-trabas-de-la-cnmv-y-defiende-su-gestion\\\/#blogposting\",\"name\":\"La Agencia Catalana de Consumo denuncia trabas de la CNMV y defiende su gesti\\u00f3n - El Digital de Asturias\",\"headline\":\"La Agencia Catalana de Consumo denuncia trabas de la CNMV y defiende su gesti\\u00f3n\",\"author\":{\"@id\":\"https:\\\/\\\/www.eldigitaldeasturias.com\\\/noticias\\\/author\\\/admin\\\/#author\"},\"publisher\":{\"@id\":\"https:\\\/\\\/www.eldigitaldeasturias.com\\\/noticias\\\/#organization\"},\"image\":{\"@type\":\"ImageObject\",\"url\":487945},\"datePublished\":\"2014-02-10T20:55:55+01:00\",\"dateModified\":\"2014-02-10T20:55:55+01:00\",\"inLanguage\":\"es-ES\",\"mainEntityOfPage\":{\"@id\":\"https:\\\/\\\/www.eldigitaldeasturias.com\\\/noticias\\\/la-agencia-catalana-de-consumo-denuncia-trabas-de-la-cnmv-y-defiende-su-gestion\\\/#webpage\"},\"isPartOf\":{\"@id\":\"https:\\\/\\\/www.eldigitaldeasturias.com\\\/noticias\\\/la-agencia-catalana-de-consumo-denuncia-trabas-de-la-cnmv-y-defiende-su-gestion\\\/#webpage\"},\"articleSection\":\"Actualidad\"},{\"@type\":\"BreadcrumbList\",\"@id\":\"https:\\\/\\\/www.eldigitaldeasturias.com\\\/noticias\\\/la-agencia-catalana-de-consumo-denuncia-trabas-de-la-cnmv-y-defiende-su-gestion\\\/#breadcrumblist\",\"itemListElement\":[{\"@type\":\"ListItem\",\"@id\":\"https:\\\/\\\/www.eldigitaldeasturias.com\\\/noticias#listItem\",\"position\":1,\"name\":\"Home\",\"item\":\"https:\\\/\\\/www.eldigitaldeasturias.com\\\/noticias\",\"nextItem\":{\"@type\":\"ListItem\",\"@id\":\"https:\\\/\\\/www.eldigitaldeasturias.com\\\/noticias\\\/category\\\/actualidad\\\/#listItem\",\"name\":\"Actualidad\"}},{\"@type\":\"ListItem\",\"@id\":\"https:\\\/\\\/www.eldigitaldeasturias.com\\\/noticias\\\/category\\\/actualidad\\\/#listItem\",\"position\":2,\"name\":\"Actualidad\",\"item\":\"https:\\\/\\\/www.eldigitaldeasturias.com\\\/noticias\\\/category\\\/actualidad\\\/\",\"nextItem\":{\"@type\":\"ListItem\",\"@id\":\"https:\\\/\\\/www.eldigitaldeasturias.com\\\/noticias\\\/la-agencia-catalana-de-consumo-denuncia-trabas-de-la-cnmv-y-defiende-su-gestion\\\/#listItem\",\"name\":\"La Agencia Catalana de Consumo denuncia trabas de la CNMV y defiende su gesti\\u00f3n\"},\"previousItem\":{\"@type\":\"ListItem\",\"@id\":\"https:\\\/\\\/www.eldigitaldeasturias.com\\\/noticias#listItem\",\"name\":\"Home\"}},{\"@type\":\"ListItem\",\"@id\":\"https:\\\/\\\/www.eldigitaldeasturias.com\\\/noticias\\\/la-agencia-catalana-de-consumo-denuncia-trabas-de-la-cnmv-y-defiende-su-gestion\\\/#listItem\",\"position\":3,\"name\":\"La Agencia Catalana de Consumo denuncia trabas de la CNMV y defiende su gesti\\u00f3n\",\"previousItem\":{\"@type\":\"ListItem\",\"@id\":\"https:\\\/\\\/www.eldigitaldeasturias.com\\\/noticias\\\/category\\\/actualidad\\\/#listItem\",\"name\":\"Actualidad\"}}]},{\"@type\":\"Organization\",\"@id\":\"https:\\\/\\\/www.eldigitaldeasturias.com\\\/noticias\\\/#organization\",\"name\":\"El Digital de Asturias\",\"description\":\"Hemeroteca\",\"url\":\"https:\\\/\\\/www.eldigitaldeasturias.com\\\/noticias\\\/\",\"email\":\"info@eldigitaldeasturias.com\",\"telephone\":\"+34652131393\",\"logo\":{\"@type\":\"ImageObject\",\"url\":\"https:\\\/\\\/www.eldigitaldeasturias.com\\\/noticias\\\/wp-content\\\/uploads\\\/2020\\\/12\\\/EDA.jpg\",\"@id\":\"https:\\\/\\\/www.eldigitaldeasturias.com\\\/noticias\\\/la-agencia-catalana-de-consumo-denuncia-trabas-de-la-cnmv-y-defiende-su-gestion\\\/#organizationLogo\"},\"image\":{\"@id\":\"https:\\\/\\\/www.eldigitaldeasturias.com\\\/noticias\\\/la-agencia-catalana-de-consumo-denuncia-trabas-de-la-cnmv-y-defiende-su-gestion\\\/#organizationLogo\"},\"sameAs\":[\"https:\\\/\\\/facebook.com\\\/eldigitaldeasturias\",\"https:\\\/\\\/www.youtube.com\\\/channel\\\/UCZP-2wLEB9Rv6erhFmqVnvg\"],\"address\":{\"@id\":\"https:\\\/\\\/www.eldigitaldeasturias.com\\\/noticias\\\/#postaladdress\",\"@type\":\"PostalAddress\",\"streetAddress\":\"san antonio 4\",\"postalCode\":\"33430\",\"addressLocality\":\"Cand\\u00e1s\",\"addressRegion\":\"Asturias\",\"addressCountry\":\"ES\"}},{\"@type\":\"Person\",\"@id\":\"https:\\\/\\\/www.eldigitaldeasturias.com\\\/noticias\\\/author\\\/admin\\\/#author\",\"url\":\"https:\\\/\\\/www.eldigitaldeasturias.com\\\/noticias\\\/author\\\/admin\\\/\",\"name\":\"El Digital de Asturias\",\"image\":{\"@type\":\"ImageObject\",\"@id\":\"https:\\\/\\\/www.eldigitaldeasturias.com\\\/noticias\\\/la-agencia-catalana-de-consumo-denuncia-trabas-de-la-cnmv-y-defiende-su-gestion\\\/#authorImage\",\"url\":\"https:\\\/\\\/secure.gravatar.com\\\/avatar\\\/df2aeffc32bcd13f8d26072ef8a91b623d677766deac7f97ca815868cd41bf5e?s=96&d=mm&r=g\",\"width\":96,\"height\":96,\"caption\":\"El Digital de Asturias\"}},{\"@type\":\"WebPage\",\"@id\":\"https:\\\/\\\/www.eldigitaldeasturias.com\\\/noticias\\\/la-agencia-catalana-de-consumo-denuncia-trabas-de-la-cnmv-y-defiende-su-gestion\\\/#webpage\",\"url\":\"https:\\\/\\\/www.eldigitaldeasturias.com\\\/noticias\\\/la-agencia-catalana-de-consumo-denuncia-trabas-de-la-cnmv-y-defiende-su-gestion\\\/\",\"name\":\"La Agencia Catalana de Consumo denuncia trabas de la CNMV y defiende su gesti\\u00f3n - El Digital de Asturias\",\"description\":\"Barcelona, 10 feb (EFE).- El director de la Agencia Catalana de Consumo, Alfons Conesa, ha denunciado hoy que la CNMV quiso evitar la actuaci\\u00f3n de este organismo en defensa de los afectados por las preferentes en Catalu\\u00f1a, y ha defendido la gesti\\u00f3n de la Generalitat de impulsar el arbitraje en lugar de recurrir a la\",\"inLanguage\":\"es-ES\",\"isPartOf\":{\"@id\":\"https:\\\/\\\/www.eldigitaldeasturias.com\\\/noticias\\\/#website\"},\"breadcrumb\":{\"@id\":\"https:\\\/\\\/www.eldigitaldeasturias.com\\\/noticias\\\/la-agencia-catalana-de-consumo-denuncia-trabas-de-la-cnmv-y-defiende-su-gestion\\\/#breadcrumblist\"},\"author\":{\"@id\":\"https:\\\/\\\/www.eldigitaldeasturias.com\\\/noticias\\\/author\\\/admin\\\/#author\"},\"creator\":{\"@id\":\"https:\\\/\\\/www.eldigitaldeasturias.com\\\/noticias\\\/author\\\/admin\\\/#author\"},\"image\":{\"@type\":\"ImageObject\",\"url\":487945,\"@id\":\"https:\\\/\\\/www.eldigitaldeasturias.com\\\/noticias\\\/la-agencia-catalana-de-consumo-denuncia-trabas-de-la-cnmv-y-defiende-su-gestion\\\/#mainImage\"},\"primaryImageOfPage\":{\"@id\":\"https:\\\/\\\/www.eldigitaldeasturias.com\\\/noticias\\\/la-agencia-catalana-de-consumo-denuncia-trabas-de-la-cnmv-y-defiende-su-gestion\\\/#mainImage\"},\"datePublished\":\"2014-02-10T20:55:55+01:00\",\"dateModified\":\"2014-02-10T20:55:55+01:00\"},{\"@type\":\"WebSite\",\"@id\":\"https:\\\/\\\/www.eldigitaldeasturias.com\\\/noticias\\\/#website\",\"url\":\"https:\\\/\\\/www.eldigitaldeasturias.com\\\/noticias\\\/\",\"name\":\"El Digital de Asturias - Diario de actualidad y noticias\",\"alternateName\":\"El Digital de Asturias - Diario de actualidad y noticias\",\"description\":\"Hemeroteca\",\"inLanguage\":\"es-ES\",\"publisher\":{\"@id\":\"https:\\\/\\\/www.eldigitaldeasturias.com\\\/noticias\\\/#organization\"}}]}\n\t\t<\/script>\n\t\t<!-- All in One SEO Pro -->\r\n\t\t<title>La Agencia Catalana de Consumo denuncia trabas de la CNMV y defiende su gesti\u00f3n - El Digital de Asturias<\/title>\n\n","aioseo_head_json":{"title":"La Agencia Catalana de Consumo denuncia trabas de la CNMV y defiende su gesti\u00f3n - El Digital de Asturias","description":"Barcelona, 10 feb (EFE).- El director de la Agencia Catalana de Consumo, Alfons Conesa, ha denunciado hoy que la CNMV quiso evitar la actuaci\u00f3n de este organismo en defensa de los afectados por las preferentes en Catalu\u00f1a, y ha defendido la gesti\u00f3n de la Generalitat de impulsar el arbitraje en lugar de recurrir a la","canonical_url":"https:\/\/www.eldigitaldeasturias.com\/noticias\/la-agencia-catalana-de-consumo-denuncia-trabas-de-la-cnmv-y-defiende-su-gestion\/","robots":"max-image-preview:large","keywords":"actualidad","webmasterTools":{"google-site-verification":"UA-38556648-1","msvalidate.01":"7dfe9f3f1b24437ab69f4f2559babe99","miscellaneous":""},"schema":{"@context":"https:\/\/schema.org","@graph":[{"@type":"BlogPosting","@id":"https:\/\/www.eldigitaldeasturias.com\/noticias\/la-agencia-catalana-de-consumo-denuncia-trabas-de-la-cnmv-y-defiende-su-gestion\/#blogposting","name":"La Agencia Catalana de Consumo denuncia trabas de la CNMV y defiende su gesti\u00f3n - El Digital de Asturias","headline":"La Agencia Catalana de Consumo denuncia trabas de la CNMV y defiende su gesti\u00f3n","author":{"@id":"https:\/\/www.eldigitaldeasturias.com\/noticias\/author\/admin\/#author"},"publisher":{"@id":"https:\/\/www.eldigitaldeasturias.com\/noticias\/#organization"},"image":{"@type":"ImageObject","url":487945},"datePublished":"2014-02-10T20:55:55+01:00","dateModified":"2014-02-10T20:55:55+01:00","inLanguage":"es-ES","mainEntityOfPage":{"@id":"https:\/\/www.eldigitaldeasturias.com\/noticias\/la-agencia-catalana-de-consumo-denuncia-trabas-de-la-cnmv-y-defiende-su-gestion\/#webpage"},"isPartOf":{"@id":"https:\/\/www.eldigitaldeasturias.com\/noticias\/la-agencia-catalana-de-consumo-denuncia-trabas-de-la-cnmv-y-defiende-su-gestion\/#webpage"},"articleSection":"Actualidad"},{"@type":"BreadcrumbList","@id":"https:\/\/www.eldigitaldeasturias.com\/noticias\/la-agencia-catalana-de-consumo-denuncia-trabas-de-la-cnmv-y-defiende-su-gestion\/#breadcrumblist","itemListElement":[{"@type":"ListItem","@id":"https:\/\/www.eldigitaldeasturias.com\/noticias#listItem","position":1,"name":"Home","item":"https:\/\/www.eldigitaldeasturias.com\/noticias","nextItem":{"@type":"ListItem","@id":"https:\/\/www.eldigitaldeasturias.com\/noticias\/category\/actualidad\/#listItem","name":"Actualidad"}},{"@type":"ListItem","@id":"https:\/\/www.eldigitaldeasturias.com\/noticias\/category\/actualidad\/#listItem","position":2,"name":"Actualidad","item":"https:\/\/www.eldigitaldeasturias.com\/noticias\/category\/actualidad\/","nextItem":{"@type":"ListItem","@id":"https:\/\/www.eldigitaldeasturias.com\/noticias\/la-agencia-catalana-de-consumo-denuncia-trabas-de-la-cnmv-y-defiende-su-gestion\/#listItem","name":"La Agencia Catalana de Consumo denuncia trabas de la CNMV y defiende su gesti\u00f3n"},"previousItem":{"@type":"ListItem","@id":"https:\/\/www.eldigitaldeasturias.com\/noticias#listItem","name":"Home"}},{"@type":"ListItem","@id":"https:\/\/www.eldigitaldeasturias.com\/noticias\/la-agencia-catalana-de-consumo-denuncia-trabas-de-la-cnmv-y-defiende-su-gestion\/#listItem","position":3,"name":"La Agencia Catalana de Consumo denuncia trabas de la CNMV y defiende su gesti\u00f3n","previousItem":{"@type":"ListItem","@id":"https:\/\/www.eldigitaldeasturias.com\/noticias\/category\/actualidad\/#listItem","name":"Actualidad"}}]},{"@type":"Organization","@id":"https:\/\/www.eldigitaldeasturias.com\/noticias\/#organization","name":"El Digital de Asturias","description":"Hemeroteca","url":"https:\/\/www.eldigitaldeasturias.com\/noticias\/","email":"info@eldigitaldeasturias.com","telephone":"+34652131393","logo":{"@type":"ImageObject","url":"https:\/\/www.eldigitaldeasturias.com\/noticias\/wp-content\/uploads\/2020\/12\/EDA.jpg","@id":"https:\/\/www.eldigitaldeasturias.com\/noticias\/la-agencia-catalana-de-consumo-denuncia-trabas-de-la-cnmv-y-defiende-su-gestion\/#organizationLogo"},"image":{"@id":"https:\/\/www.eldigitaldeasturias.com\/noticias\/la-agencia-catalana-de-consumo-denuncia-trabas-de-la-cnmv-y-defiende-su-gestion\/#organizationLogo"},"sameAs":["https:\/\/facebook.com\/eldigitaldeasturias","https:\/\/www.youtube.com\/channel\/UCZP-2wLEB9Rv6erhFmqVnvg"],"address":{"@id":"https:\/\/www.eldigitaldeasturias.com\/noticias\/#postaladdress","@type":"PostalAddress","streetAddress":"san antonio 4","postalCode":"33430","addressLocality":"Cand\u00e1s","addressRegion":"Asturias","addressCountry":"ES"}},{"@type":"Person","@id":"https:\/\/www.eldigitaldeasturias.com\/noticias\/author\/admin\/#author","url":"https:\/\/www.eldigitaldeasturias.com\/noticias\/author\/admin\/","name":"El Digital de Asturias","image":{"@type":"ImageObject","@id":"https:\/\/www.eldigitaldeasturias.com\/noticias\/la-agencia-catalana-de-consumo-denuncia-trabas-de-la-cnmv-y-defiende-su-gestion\/#authorImage","url":"https:\/\/secure.gravatar.com\/avatar\/df2aeffc32bcd13f8d26072ef8a91b623d677766deac7f97ca815868cd41bf5e?s=96&d=mm&r=g","width":96,"height":96,"caption":"El Digital de Asturias"}},{"@type":"WebPage","@id":"https:\/\/www.eldigitaldeasturias.com\/noticias\/la-agencia-catalana-de-consumo-denuncia-trabas-de-la-cnmv-y-defiende-su-gestion\/#webpage","url":"https:\/\/www.eldigitaldeasturias.com\/noticias\/la-agencia-catalana-de-consumo-denuncia-trabas-de-la-cnmv-y-defiende-su-gestion\/","name":"La Agencia Catalana de Consumo denuncia trabas de la CNMV y defiende su gesti\u00f3n - El Digital de Asturias","description":"Barcelona, 10 feb (EFE).- El director de la Agencia Catalana de Consumo, Alfons Conesa, ha denunciado hoy que la CNMV quiso evitar la actuaci\u00f3n de este organismo en defensa de los afectados por las preferentes en Catalu\u00f1a, y ha defendido la gesti\u00f3n de la Generalitat de impulsar el arbitraje en lugar de recurrir a la","inLanguage":"es-ES","isPartOf":{"@id":"https:\/\/www.eldigitaldeasturias.com\/noticias\/#website"},"breadcrumb":{"@id":"https:\/\/www.eldigitaldeasturias.com\/noticias\/la-agencia-catalana-de-consumo-denuncia-trabas-de-la-cnmv-y-defiende-su-gestion\/#breadcrumblist"},"author":{"@id":"https:\/\/www.eldigitaldeasturias.com\/noticias\/author\/admin\/#author"},"creator":{"@id":"https:\/\/www.eldigitaldeasturias.com\/noticias\/author\/admin\/#author"},"image":{"@type":"ImageObject","url":487945,"@id":"https:\/\/www.eldigitaldeasturias.com\/noticias\/la-agencia-catalana-de-consumo-denuncia-trabas-de-la-cnmv-y-defiende-su-gestion\/#mainImage"},"primaryImageOfPage":{"@id":"https:\/\/www.eldigitaldeasturias.com\/noticias\/la-agencia-catalana-de-consumo-denuncia-trabas-de-la-cnmv-y-defiende-su-gestion\/#mainImage"},"datePublished":"2014-02-10T20:55:55+01:00","dateModified":"2014-02-10T20:55:55+01:00"},{"@type":"WebSite","@id":"https:\/\/www.eldigitaldeasturias.com\/noticias\/#website","url":"https:\/\/www.eldigitaldeasturias.com\/noticias\/","name":"El Digital de Asturias - Diario de actualidad y noticias","alternateName":"El Digital de Asturias - Diario de actualidad y noticias","description":"Hemeroteca","inLanguage":"es-ES","publisher":{"@id":"https:\/\/www.eldigitaldeasturias.com\/noticias\/#organization"}}]},"og:locale":"es_ES","og:site_name":"El Digital de Asturias","og:type":"article","og:title":"La Agencia Catalana de Consumo denuncia trabas de la CNMV y defiende su gesti\u00f3n - El Digital de Asturias","og:description":"Barcelona, 10 feb (EFE).- El director de la Agencia Catalana de Consumo, Alfons Conesa, ha denunciado hoy que la CNMV quiso evitar la actuaci\u00f3n de este organismo en defensa de los afectados por las preferentes en Catalu\u00f1a, y ha defendido la gesti\u00f3n de la Generalitat de impulsar el arbitraje en lugar de recurrir a la","og:url":"https:\/\/www.eldigitaldeasturias.com\/noticias\/la-agencia-catalana-de-consumo-denuncia-trabas-de-la-cnmv-y-defiende-su-gestion\/","article:tag":["actualidad"],"article:published_time":"2014-02-10T21:55:55+00:00","article:modified_time":"2014-02-10T21:55:55+00:00","article:publisher":"https:\/\/facebook.com\/eldigitaldeasturias","twitter:card":"summary_large_image","twitter:title":"La Agencia Catalana de Consumo denuncia trabas de la CNMV y defiende su gesti\u00f3n - El Digital de Asturias","twitter:description":"Barcelona, 10 feb (EFE).- El director de la Agencia Catalana de Consumo, Alfons Conesa, ha denunciado hoy que la CNMV quiso evitar la actuaci\u00f3n de este organismo en defensa de los afectados por las preferentes en Catalu\u00f1a, y ha defendido la gesti\u00f3n de la Generalitat de impulsar el arbitraje en lugar de recurrir a la","twitter:label1":"Escrito por","twitter:data1":"El Digital de Asturias","twitter:label2":"Tiempo de lectura estimado","twitter:data2":"2 minutos"},"aioseo_meta_data":{"post_id":"487944","title":null,"description":null,"keywords":null,"keyphrases":null,"primary_term":null,"canonical_url":null,"og_title":null,"og_description":null,"og_object_type":"default","og_image_type":"default","og_image_url":null,"og_image_width":null,"og_image_height":null,"og_image_custom_url":null,"og_image_custom_fields":null,"og_video":null,"og_custom_url":null,"og_article_section":null,"og_article_tags":null,"twitter_use_og":true,"twitter_card":"default","twitter_image_type":"default","twitter_image_url":null,"twitter_image_custom_url":null,"twitter_image_custom_fields":null,"twitter_title":null,"twitter_description":null,"schema":{"blockGraphs":[],"customGraphs":[],"default":{"data":{"Article":[],"Course":[],"Dataset":[],"FAQPage":[],"Movie":[],"Person":[],"Product":[],"ProductReview":[],"Car":[],"Recipe":[],"Service":[],"SoftwareApplication":[],"WebPage":[]},"graphName":"","isEnabled":true},"graphs":[],"defaultGraph":"","defaultPostTypeGraph":""},"schema_type":null,"schema_type_options":null,"pillar_content":false,"robots_default":true,"robots_noindex":false,"robots_noarchive":false,"robots_nosnippet":false,"robots_nofollow":false,"robots_noimageindex":false,"robots_noodp":false,"robots_notranslate":false,"robots_max_snippet":null,"robots_max_videopreview":null,"robots_max_imagepreview":"none","priority":null,"frequency":null,"local_seo":null,"seo_analyzer_scan_date":"2026-06-03 06:25:47","breadcrumb_settings":null,"limit_modified_date":false,"open_ai":null,"ai":null,"created":"2020-11-14 22:57:05","updated":"2026-06-03 06:25:47","focus_keyword":null,"additional_keywords":null,"truseo_locale":null},"aioseo_breadcrumb":"<div class=\"aioseo-breadcrumbs\"><span class=\"aioseo-breadcrumb\">\n\t<a href=\"https:\/\/www.eldigitaldeasturias.com\/noticias\" title=\"Home\">Home<\/a>\n<\/span><span class=\"aioseo-breadcrumb-separator\">\u2013<\/span><span class=\"aioseo-breadcrumb\">\n\t<a href=\"https:\/\/www.eldigitaldeasturias.com\/noticias\/category\/actualidad\/\" title=\"Actualidad\">Actualidad<\/a>\n<\/span><span class=\"aioseo-breadcrumb-separator\">\u2013<\/span><span class=\"aioseo-breadcrumb\">\n\t<a href=\"https:\/\/www.eldigitaldeasturias.com\/noticias\/la-agencia-catalana-de-consumo-denuncia-trabas-de-la-cnmv-y-defiende-su-gestion\/\" title=\"La Agencia Catalana de Consumo denuncia trabas de la CNMV y defiende su gesti\u00f3n\">La Agencia Catalana de Consumo denuncia trabas de la CNMV y defiende su gesti\u00f3n<\/a>\n<\/span><\/div>","aioseo_breadcrumb_json":[{"label":"Home","link":"https:\/\/www.eldigitaldeasturias.com\/noticias"},{"label":"Actualidad","link":"https:\/\/www.eldigitaldeasturias.com\/noticias\/category\/actualidad\/"},{"label":"La Agencia Catalana de Consumo denuncia trabas de la CNMV y defiende su gesti\u00f3n","link":"https:\/\/www.eldigitaldeasturias.com\/noticias\/la-agencia-catalana-de-consumo-denuncia-trabas-de-la-cnmv-y-defiende-su-gestion\/"}],"_links":{"self":[{"href":"https:\/\/www.eldigitaldeasturias.com\/noticias\/wp-json\/wp\/v2\/posts\/487944","targetHints":{"allow":["GET"]}}],"collection":[{"href":"https:\/\/www.eldigitaldeasturias.com\/noticias\/wp-json\/wp\/v2\/posts"}],"about":[{"href":"https:\/\/www.eldigitaldeasturias.com\/noticias\/wp-json\/wp\/v2\/types\/post"}],"author":[{"embeddable":true,"href":"https:\/\/www.eldigitaldeasturias.com\/noticias\/wp-json\/wp\/v2\/users\/1"}],"replies":[{"embeddable":true,"href":"https:\/\/www.eldigitaldeasturias.com\/noticias\/wp-json\/wp\/v2\/comments?post=487944"}],"version-history":[{"count":0,"href":"https:\/\/www.eldigitaldeasturias.com\/noticias\/wp-json\/wp\/v2\/posts\/487944\/revisions"}],"wp:attachment":[{"href":"https:\/\/www.eldigitaldeasturias.com\/noticias\/wp-json\/wp\/v2\/media?parent=487944"}],"wp:term":[{"taxonomy":"category","embeddable":true,"href":"https:\/\/www.eldigitaldeasturias.com\/noticias\/wp-json\/wp\/v2\/categories?post=487944"},{"taxonomy":"post_tag","embeddable":true,"href":"https:\/\/www.eldigitaldeasturias.com\/noticias\/wp-json\/wp\/v2\/tags?post=487944"}],"curies":[{"name":"wp","href":"https:\/\/api.w.org\/{rel}","templated":true}]}}