{"id":487941,"date":"2014-02-10T20:53:28","date_gmt":"2014-02-10T21:53:28","guid":{"rendered":"http:\/\/www.eldigitaldeasturias.com\/noticias\/?p=487941"},"modified":"2014-02-10T20:53:28","modified_gmt":"2014-02-10T21:53:28","slug":"aguirre-pide-que-se-regule-el-plazo-que-tienen-los-jueces-para-instruir-los-casos","status":"publish","type":"post","link":"https:\/\/www.eldigitaldeasturias.com\/noticias\/aguirre-pide-que-se-regule-el-plazo-que-tienen-los-jueces-para-instruir-los-casos\/","title":{"rendered":"Aguirre pide que se regule el plazo que tienen los jueces para instruir los casos"},"content":{"rendered":"<p><img loading=\"lazy\" decoding=\"async\" class=\"alignleft size-medium wp-image-487942\" alt=\"5927212w\" src=\"https:\/\/www.eldigitaldeasturias.com\/noticias\/wp-content\/uploads\/2014\/02\/5927212w-360x271.jpg\" width=\"360\" height=\"271\" \/>Madrid, 10 feb (EFE).- La presidenta del PP de Madrid, Esperanza Aguirre, ha pedido hoy que se regule de alguna manera, incluso por ley, el plazo de los jueces para instruir los casos, porque quienes est\u00e1n imputados lo \u00absufren\u00bb durante a\u00f1os \u00abno como una imputaci\u00f3n, sino como una condena firme del Tribunal Supremo\u00bb.<\/p>\n<p>En declaraciones a la Cope, la presidenta de los populares madrile\u00f1os se ha referido a la declaraci\u00f3n de la infanta Cristina el pasado s\u00e1bado ante el juez del caso N\u00f3os, Jos\u00e9 Castro, y ha confiado en que su figura se recupere \u00abpor el bien de la Monarqu\u00eda y, por tanto, por el bien de Espa\u00f1a\u00bb.<\/p>\n<p>Aguirre ha criticado la lentitud de la Justicia, que hace que hoy se est\u00e9n juzgando casos que se remontan a 2006, sin que en algunos casos haya terminado la instrucci\u00f3n.<\/p>\n<p>\u00abNo se puede someter a nadie, y a la infanta (Cristina) tampoco, a esto durante ocho a\u00f1os\u00bb, ha asegurado Aguirre, que ha pedido que se regule de alguna manera el plazo de las instrucciones para que sean m\u00e1s breves, porque \u00ablos que est\u00e1n imputados sufren durante todo ese tiempo algo no como una imputaci\u00f3n, sino como una condena firme del Tribunal Supremo\u00bb aunque sean inocentes. \u00abY si son culpables, para cuando se les condene ya se les ha olvidado\u00bb, ha apuntado.<\/p>\n<p>Respecto a la declaraci\u00f3n de la infanta, ha subrayado que \u00abtodos somos iguales ante la ley, pero no ante los medios de comunicaci\u00f3n\u00bb, y ha opinado que est\u00e1 \u00abbien\u00bb que se le haya evitado caminar desde la calle hasta la puerta del juzgado \u00abporque ninguna ley impone la pena del pase\u00edllo\u00bb.<\/p>\n<p>La presidenta de los populares madrile\u00f1os se ha quejado tambi\u00e9n de que cuando ella tuvo que declarar por el caso G\u00fcrtel el pasado mes de diciembre nadie le facilitara tiempo antes las preguntas, como, seg\u00fan dice, s\u00ed se ha hecho con muchos ministros del PP o del PSOE, y que tuviera que responder a las cuestiones ante un secretario judicial \u00abpara que no consultase\u00bb nada.<\/p>\n","protected":false},"excerpt":{"rendered":"<p>Madrid, 10 feb (EFE).- La presidenta del PP de Madrid, Esperanza Aguirre, ha pedido hoy que se regule de alguna manera, incluso por ley, el plazo de los jueces para instruir los casos, porque quienes est\u00e1n imputados lo \u00absufren\u00bb durante a\u00f1os \u00abno como una imputaci\u00f3n, sino como una condena firme del Tribunal Supremo\u00bb. En declaraciones [&hellip;]<\/p>\n","protected":false},"author":1,"featured_media":487942,"comment_status":"closed","ping_status":"closed","sticky":false,"template":"","format":"standard","meta":{"footnotes":""},"categories":[1],"tags":[],"class_list":["post-487941","post","type-post","status-publish","format-standard","has-post-thumbnail","hentry","category-actualidad"],"aioseo_notices":[],"aioseo_head":"\n\t\t<!-- All in One SEO Pro 5.0.1 - aioseo.com -->\n\t<meta name=\"description\" content=\"Madrid, 10 feb (EFE).- La presidenta del PP de Madrid, Esperanza Aguirre, ha pedido hoy que se regule de alguna manera, incluso por ley, el plazo de los jueces para instruir los casos, porque quienes est\u00e1n imputados lo &quot;sufren&quot; durante a\u00f1os &quot;no como una imputaci\u00f3n, sino como una condena firme del Tribunal Supremo&quot;. En declaraciones\" \/>\n\t<meta name=\"robots\" content=\"max-image-preview:large\" \/>\n\t<meta name=\"author\" content=\"El Digital de Asturias\"\/>\n\t<meta name=\"google-site-verification\" content=\"UA-38556648-1\" \/>\n\t<meta name=\"msvalidate.01\" content=\"7dfe9f3f1b24437ab69f4f2559babe99\" \/>\n\t<meta name=\"keywords\" content=\"actualidad\" \/>\n\t<link rel=\"canonical\" href=\"https:\/\/www.eldigitaldeasturias.com\/noticias\/aguirre-pide-que-se-regule-el-plazo-que-tienen-los-jueces-para-instruir-los-casos\/\" \/>\n\t<meta name=\"generator\" content=\"All in One SEO Pro (AIOSEO) 5.0.1\" \/>\n\t\t<meta property=\"og:locale\" content=\"es_ES\" \/>\n\t\t<meta property=\"og:site_name\" content=\"El Digital de Asturias\" \/>\n\t\t<meta property=\"og:type\" content=\"article\" \/>\n\t\t<meta property=\"og:title\" content=\"Aguirre pide que se regule el plazo que tienen los jueces para instruir los casos - El Digital de Asturias\" \/>\n\t\t<meta property=\"og:description\" content=\"Madrid, 10 feb (EFE).- La presidenta del PP de Madrid, Esperanza Aguirre, ha pedido hoy que se regule de alguna manera, incluso por ley, el plazo de los jueces para instruir los casos, porque quienes est\u00e1n imputados lo &quot;sufren&quot; durante a\u00f1os &quot;no como una imputaci\u00f3n, sino como una condena firme del Tribunal Supremo&quot;. En declaraciones\" \/>\n\t\t<meta property=\"og:url\" content=\"https:\/\/www.eldigitaldeasturias.com\/noticias\/aguirre-pide-que-se-regule-el-plazo-que-tienen-los-jueces-para-instruir-los-casos\/\" \/>\n\t\t<meta property=\"article:tag\" content=\"actualidad\" \/>\n\t\t<meta property=\"article:published_time\" content=\"2014-02-10T21:53:28+00:00\" \/>\n\t\t<meta property=\"article:modified_time\" content=\"2014-02-10T21:53:28+00:00\" \/>\n\t\t<meta property=\"article:publisher\" content=\"https:\/\/facebook.com\/eldigitaldeasturias\" \/>\n\t\t<meta name=\"twitter:card\" content=\"summary_large_image\" \/>\n\t\t<meta name=\"twitter:title\" content=\"Aguirre pide que se regule el plazo que tienen los jueces para instruir los casos - El Digital de Asturias\" \/>\n\t\t<meta name=\"twitter:description\" content=\"Madrid, 10 feb (EFE).- La presidenta del PP de Madrid, Esperanza Aguirre, ha pedido hoy que se regule de alguna manera, incluso por ley, el plazo de los jueces para instruir los casos, porque quienes est\u00e1n imputados lo &quot;sufren&quot; durante a\u00f1os &quot;no como una imputaci\u00f3n, sino como una condena firme del Tribunal Supremo&quot;. En declaraciones\" \/>\n\t\t<meta name=\"twitter:label1\" content=\"Escrito por\" \/>\n\t\t<meta name=\"twitter:data1\" content=\"El Digital de Asturias\" \/>\n\t\t<meta name=\"twitter:label2\" content=\"Tiempo de lectura estimado\" \/>\n\t\t<meta name=\"twitter:data2\" content=\"2 minutos\" \/>\n\t\t<script type=\"application\/ld+json\" class=\"aioseo-schema\">\n\t\t\t{\"@context\":\"https:\\\/\\\/schema.org\",\"@graph\":[{\"@type\":\"BlogPosting\",\"@id\":\"https:\\\/\\\/www.eldigitaldeasturias.com\\\/noticias\\\/aguirre-pide-que-se-regule-el-plazo-que-tienen-los-jueces-para-instruir-los-casos\\\/#blogposting\",\"name\":\"Aguirre pide que se regule el plazo que tienen los jueces para instruir los casos - El Digital de Asturias\",\"headline\":\"Aguirre pide que se regule el plazo que tienen los jueces para instruir los casos\",\"author\":{\"@id\":\"https:\\\/\\\/www.eldigitaldeasturias.com\\\/noticias\\\/author\\\/admin\\\/#author\"},\"publisher\":{\"@id\":\"https:\\\/\\\/www.eldigitaldeasturias.com\\\/noticias\\\/#organization\"},\"image\":{\"@type\":\"ImageObject\",\"url\":487942},\"datePublished\":\"2014-02-10T20:53:28+01:00\",\"dateModified\":\"2014-02-10T20:53:28+01:00\",\"inLanguage\":\"es-ES\",\"mainEntityOfPage\":{\"@id\":\"https:\\\/\\\/www.eldigitaldeasturias.com\\\/noticias\\\/aguirre-pide-que-se-regule-el-plazo-que-tienen-los-jueces-para-instruir-los-casos\\\/#webpage\"},\"isPartOf\":{\"@id\":\"https:\\\/\\\/www.eldigitaldeasturias.com\\\/noticias\\\/aguirre-pide-que-se-regule-el-plazo-que-tienen-los-jueces-para-instruir-los-casos\\\/#webpage\"},\"articleSection\":\"Actualidad\"},{\"@type\":\"BreadcrumbList\",\"@id\":\"https:\\\/\\\/www.eldigitaldeasturias.com\\\/noticias\\\/aguirre-pide-que-se-regule-el-plazo-que-tienen-los-jueces-para-instruir-los-casos\\\/#breadcrumblist\",\"itemListElement\":[{\"@type\":\"ListItem\",\"@id\":\"https:\\\/\\\/www.eldigitaldeasturias.com\\\/noticias#listItem\",\"position\":1,\"name\":\"Home\",\"item\":\"https:\\\/\\\/www.eldigitaldeasturias.com\\\/noticias\",\"nextItem\":{\"@type\":\"ListItem\",\"@id\":\"https:\\\/\\\/www.eldigitaldeasturias.com\\\/noticias\\\/category\\\/actualidad\\\/#listItem\",\"name\":\"Actualidad\"}},{\"@type\":\"ListItem\",\"@id\":\"https:\\\/\\\/www.eldigitaldeasturias.com\\\/noticias\\\/category\\\/actualidad\\\/#listItem\",\"position\":2,\"name\":\"Actualidad\",\"item\":\"https:\\\/\\\/www.eldigitaldeasturias.com\\\/noticias\\\/category\\\/actualidad\\\/\",\"nextItem\":{\"@type\":\"ListItem\",\"@id\":\"https:\\\/\\\/www.eldigitaldeasturias.com\\\/noticias\\\/aguirre-pide-que-se-regule-el-plazo-que-tienen-los-jueces-para-instruir-los-casos\\\/#listItem\",\"name\":\"Aguirre pide que se regule el plazo que tienen los jueces para instruir los casos\"},\"previousItem\":{\"@type\":\"ListItem\",\"@id\":\"https:\\\/\\\/www.eldigitaldeasturias.com\\\/noticias#listItem\",\"name\":\"Home\"}},{\"@type\":\"ListItem\",\"@id\":\"https:\\\/\\\/www.eldigitaldeasturias.com\\\/noticias\\\/aguirre-pide-que-se-regule-el-plazo-que-tienen-los-jueces-para-instruir-los-casos\\\/#listItem\",\"position\":3,\"name\":\"Aguirre pide que se regule el plazo que tienen los jueces para instruir los casos\",\"previousItem\":{\"@type\":\"ListItem\",\"@id\":\"https:\\\/\\\/www.eldigitaldeasturias.com\\\/noticias\\\/category\\\/actualidad\\\/#listItem\",\"name\":\"Actualidad\"}}]},{\"@type\":\"Organization\",\"@id\":\"https:\\\/\\\/www.eldigitaldeasturias.com\\\/noticias\\\/#organization\",\"name\":\"El Digital de Asturias\",\"description\":\"Hemeroteca\",\"url\":\"https:\\\/\\\/www.eldigitaldeasturias.com\\\/noticias\\\/\",\"email\":\"info@eldigitaldeasturias.com\",\"telephone\":\"+34652131393\",\"logo\":{\"@type\":\"ImageObject\",\"url\":\"https:\\\/\\\/www.eldigitaldeasturias.com\\\/noticias\\\/wp-content\\\/uploads\\\/2020\\\/12\\\/EDA.jpg\",\"@id\":\"https:\\\/\\\/www.eldigitaldeasturias.com\\\/noticias\\\/aguirre-pide-que-se-regule-el-plazo-que-tienen-los-jueces-para-instruir-los-casos\\\/#organizationLogo\"},\"image\":{\"@id\":\"https:\\\/\\\/www.eldigitaldeasturias.com\\\/noticias\\\/aguirre-pide-que-se-regule-el-plazo-que-tienen-los-jueces-para-instruir-los-casos\\\/#organizationLogo\"},\"sameAs\":[\"https:\\\/\\\/facebook.com\\\/eldigitaldeasturias\",\"https:\\\/\\\/www.youtube.com\\\/channel\\\/UCZP-2wLEB9Rv6erhFmqVnvg\"],\"address\":{\"@id\":\"https:\\\/\\\/www.eldigitaldeasturias.com\\\/noticias\\\/#postaladdress\",\"@type\":\"PostalAddress\",\"streetAddress\":\"san antonio 4\",\"postalCode\":\"33430\",\"addressLocality\":\"Cand\\u00e1s\",\"addressRegion\":\"Asturias\",\"addressCountry\":\"ES\"}},{\"@type\":\"Person\",\"@id\":\"https:\\\/\\\/www.eldigitaldeasturias.com\\\/noticias\\\/author\\\/admin\\\/#author\",\"url\":\"https:\\\/\\\/www.eldigitaldeasturias.com\\\/noticias\\\/author\\\/admin\\\/\",\"name\":\"El Digital de Asturias\",\"image\":{\"@type\":\"ImageObject\",\"@id\":\"https:\\\/\\\/www.eldigitaldeasturias.com\\\/noticias\\\/aguirre-pide-que-se-regule-el-plazo-que-tienen-los-jueces-para-instruir-los-casos\\\/#authorImage\",\"url\":\"https:\\\/\\\/secure.gravatar.com\\\/avatar\\\/df2aeffc32bcd13f8d26072ef8a91b623d677766deac7f97ca815868cd41bf5e?s=96&d=mm&r=g\",\"width\":96,\"height\":96,\"caption\":\"El Digital de Asturias\"}},{\"@type\":\"WebPage\",\"@id\":\"https:\\\/\\\/www.eldigitaldeasturias.com\\\/noticias\\\/aguirre-pide-que-se-regule-el-plazo-que-tienen-los-jueces-para-instruir-los-casos\\\/#webpage\",\"url\":\"https:\\\/\\\/www.eldigitaldeasturias.com\\\/noticias\\\/aguirre-pide-que-se-regule-el-plazo-que-tienen-los-jueces-para-instruir-los-casos\\\/\",\"name\":\"Aguirre pide que se regule el plazo que tienen los jueces para instruir los casos - El Digital de Asturias\",\"description\":\"Madrid, 10 feb (EFE).- La presidenta del PP de Madrid, Esperanza Aguirre, ha pedido hoy que se regule de alguna manera, incluso por ley, el plazo de los jueces para instruir los casos, porque quienes est\\u00e1n imputados lo \\\"sufren\\\" durante a\\u00f1os \\\"no como una imputaci\\u00f3n, sino como una condena firme del Tribunal Supremo\\\". En declaraciones\",\"inLanguage\":\"es-ES\",\"isPartOf\":{\"@id\":\"https:\\\/\\\/www.eldigitaldeasturias.com\\\/noticias\\\/#website\"},\"breadcrumb\":{\"@id\":\"https:\\\/\\\/www.eldigitaldeasturias.com\\\/noticias\\\/aguirre-pide-que-se-regule-el-plazo-que-tienen-los-jueces-para-instruir-los-casos\\\/#breadcrumblist\"},\"author\":{\"@id\":\"https:\\\/\\\/www.eldigitaldeasturias.com\\\/noticias\\\/author\\\/admin\\\/#author\"},\"creator\":{\"@id\":\"https:\\\/\\\/www.eldigitaldeasturias.com\\\/noticias\\\/author\\\/admin\\\/#author\"},\"image\":{\"@type\":\"ImageObject\",\"url\":487942,\"@id\":\"https:\\\/\\\/www.eldigitaldeasturias.com\\\/noticias\\\/aguirre-pide-que-se-regule-el-plazo-que-tienen-los-jueces-para-instruir-los-casos\\\/#mainImage\"},\"primaryImageOfPage\":{\"@id\":\"https:\\\/\\\/www.eldigitaldeasturias.com\\\/noticias\\\/aguirre-pide-que-se-regule-el-plazo-que-tienen-los-jueces-para-instruir-los-casos\\\/#mainImage\"},\"datePublished\":\"2014-02-10T20:53:28+01:00\",\"dateModified\":\"2014-02-10T20:53:28+01:00\"},{\"@type\":\"WebSite\",\"@id\":\"https:\\\/\\\/www.eldigitaldeasturias.com\\\/noticias\\\/#website\",\"url\":\"https:\\\/\\\/www.eldigitaldeasturias.com\\\/noticias\\\/\",\"name\":\"El Digital de Asturias - Diario de actualidad y noticias\",\"alternateName\":\"El Digital de Asturias - Diario de actualidad y noticias\",\"description\":\"Hemeroteca\",\"inLanguage\":\"es-ES\",\"publisher\":{\"@id\":\"https:\\\/\\\/www.eldigitaldeasturias.com\\\/noticias\\\/#organization\"}}]}\n\t\t<\/script>\n\t\t<!-- All in One SEO Pro -->\r\n\t\t<title>Aguirre pide que se regule el plazo que tienen los jueces para instruir los casos - El Digital de Asturias<\/title>\n\n","aioseo_head_json":{"title":"Aguirre pide que se regule el plazo que tienen los jueces para instruir los casos - El Digital de Asturias","description":"Madrid, 10 feb (EFE).- La presidenta del PP de Madrid, Esperanza Aguirre, ha pedido hoy que se regule de alguna manera, incluso por ley, el plazo de los jueces para instruir los casos, porque quienes est\u00e1n imputados lo \"sufren\" durante a\u00f1os \"no como una imputaci\u00f3n, sino como una condena firme del Tribunal Supremo\". En declaraciones","canonical_url":"https:\/\/www.eldigitaldeasturias.com\/noticias\/aguirre-pide-que-se-regule-el-plazo-que-tienen-los-jueces-para-instruir-los-casos\/","robots":"max-image-preview:large","keywords":"actualidad","webmasterTools":{"google-site-verification":"UA-38556648-1","msvalidate.01":"7dfe9f3f1b24437ab69f4f2559babe99","miscellaneous":""},"schema":{"@context":"https:\/\/schema.org","@graph":[{"@type":"BlogPosting","@id":"https:\/\/www.eldigitaldeasturias.com\/noticias\/aguirre-pide-que-se-regule-el-plazo-que-tienen-los-jueces-para-instruir-los-casos\/#blogposting","name":"Aguirre pide que se regule el plazo que tienen los jueces para instruir los casos - El Digital de Asturias","headline":"Aguirre pide que se regule el plazo que tienen los jueces para instruir los casos","author":{"@id":"https:\/\/www.eldigitaldeasturias.com\/noticias\/author\/admin\/#author"},"publisher":{"@id":"https:\/\/www.eldigitaldeasturias.com\/noticias\/#organization"},"image":{"@type":"ImageObject","url":487942},"datePublished":"2014-02-10T20:53:28+01:00","dateModified":"2014-02-10T20:53:28+01:00","inLanguage":"es-ES","mainEntityOfPage":{"@id":"https:\/\/www.eldigitaldeasturias.com\/noticias\/aguirre-pide-que-se-regule-el-plazo-que-tienen-los-jueces-para-instruir-los-casos\/#webpage"},"isPartOf":{"@id":"https:\/\/www.eldigitaldeasturias.com\/noticias\/aguirre-pide-que-se-regule-el-plazo-que-tienen-los-jueces-para-instruir-los-casos\/#webpage"},"articleSection":"Actualidad"},{"@type":"BreadcrumbList","@id":"https:\/\/www.eldigitaldeasturias.com\/noticias\/aguirre-pide-que-se-regule-el-plazo-que-tienen-los-jueces-para-instruir-los-casos\/#breadcrumblist","itemListElement":[{"@type":"ListItem","@id":"https:\/\/www.eldigitaldeasturias.com\/noticias#listItem","position":1,"name":"Home","item":"https:\/\/www.eldigitaldeasturias.com\/noticias","nextItem":{"@type":"ListItem","@id":"https:\/\/www.eldigitaldeasturias.com\/noticias\/category\/actualidad\/#listItem","name":"Actualidad"}},{"@type":"ListItem","@id":"https:\/\/www.eldigitaldeasturias.com\/noticias\/category\/actualidad\/#listItem","position":2,"name":"Actualidad","item":"https:\/\/www.eldigitaldeasturias.com\/noticias\/category\/actualidad\/","nextItem":{"@type":"ListItem","@id":"https:\/\/www.eldigitaldeasturias.com\/noticias\/aguirre-pide-que-se-regule-el-plazo-que-tienen-los-jueces-para-instruir-los-casos\/#listItem","name":"Aguirre pide que se regule el plazo que tienen los jueces para instruir los casos"},"previousItem":{"@type":"ListItem","@id":"https:\/\/www.eldigitaldeasturias.com\/noticias#listItem","name":"Home"}},{"@type":"ListItem","@id":"https:\/\/www.eldigitaldeasturias.com\/noticias\/aguirre-pide-que-se-regule-el-plazo-que-tienen-los-jueces-para-instruir-los-casos\/#listItem","position":3,"name":"Aguirre pide que se regule el plazo que tienen los jueces para instruir los casos","previousItem":{"@type":"ListItem","@id":"https:\/\/www.eldigitaldeasturias.com\/noticias\/category\/actualidad\/#listItem","name":"Actualidad"}}]},{"@type":"Organization","@id":"https:\/\/www.eldigitaldeasturias.com\/noticias\/#organization","name":"El Digital de Asturias","description":"Hemeroteca","url":"https:\/\/www.eldigitaldeasturias.com\/noticias\/","email":"info@eldigitaldeasturias.com","telephone":"+34652131393","logo":{"@type":"ImageObject","url":"https:\/\/www.eldigitaldeasturias.com\/noticias\/wp-content\/uploads\/2020\/12\/EDA.jpg","@id":"https:\/\/www.eldigitaldeasturias.com\/noticias\/aguirre-pide-que-se-regule-el-plazo-que-tienen-los-jueces-para-instruir-los-casos\/#organizationLogo"},"image":{"@id":"https:\/\/www.eldigitaldeasturias.com\/noticias\/aguirre-pide-que-se-regule-el-plazo-que-tienen-los-jueces-para-instruir-los-casos\/#organizationLogo"},"sameAs":["https:\/\/facebook.com\/eldigitaldeasturias","https:\/\/www.youtube.com\/channel\/UCZP-2wLEB9Rv6erhFmqVnvg"],"address":{"@id":"https:\/\/www.eldigitaldeasturias.com\/noticias\/#postaladdress","@type":"PostalAddress","streetAddress":"san antonio 4","postalCode":"33430","addressLocality":"Cand\u00e1s","addressRegion":"Asturias","addressCountry":"ES"}},{"@type":"Person","@id":"https:\/\/www.eldigitaldeasturias.com\/noticias\/author\/admin\/#author","url":"https:\/\/www.eldigitaldeasturias.com\/noticias\/author\/admin\/","name":"El Digital de Asturias","image":{"@type":"ImageObject","@id":"https:\/\/www.eldigitaldeasturias.com\/noticias\/aguirre-pide-que-se-regule-el-plazo-que-tienen-los-jueces-para-instruir-los-casos\/#authorImage","url":"https:\/\/secure.gravatar.com\/avatar\/df2aeffc32bcd13f8d26072ef8a91b623d677766deac7f97ca815868cd41bf5e?s=96&d=mm&r=g","width":96,"height":96,"caption":"El Digital de Asturias"}},{"@type":"WebPage","@id":"https:\/\/www.eldigitaldeasturias.com\/noticias\/aguirre-pide-que-se-regule-el-plazo-que-tienen-los-jueces-para-instruir-los-casos\/#webpage","url":"https:\/\/www.eldigitaldeasturias.com\/noticias\/aguirre-pide-que-se-regule-el-plazo-que-tienen-los-jueces-para-instruir-los-casos\/","name":"Aguirre pide que se regule el plazo que tienen los jueces para instruir los casos - El Digital de Asturias","description":"Madrid, 10 feb (EFE).- La presidenta del PP de Madrid, Esperanza Aguirre, ha pedido hoy que se regule de alguna manera, incluso por ley, el plazo de los jueces para instruir los casos, porque quienes est\u00e1n imputados lo \"sufren\" durante a\u00f1os \"no como una imputaci\u00f3n, sino como una condena firme del Tribunal Supremo\". En declaraciones","inLanguage":"es-ES","isPartOf":{"@id":"https:\/\/www.eldigitaldeasturias.com\/noticias\/#website"},"breadcrumb":{"@id":"https:\/\/www.eldigitaldeasturias.com\/noticias\/aguirre-pide-que-se-regule-el-plazo-que-tienen-los-jueces-para-instruir-los-casos\/#breadcrumblist"},"author":{"@id":"https:\/\/www.eldigitaldeasturias.com\/noticias\/author\/admin\/#author"},"creator":{"@id":"https:\/\/www.eldigitaldeasturias.com\/noticias\/author\/admin\/#author"},"image":{"@type":"ImageObject","url":487942,"@id":"https:\/\/www.eldigitaldeasturias.com\/noticias\/aguirre-pide-que-se-regule-el-plazo-que-tienen-los-jueces-para-instruir-los-casos\/#mainImage"},"primaryImageOfPage":{"@id":"https:\/\/www.eldigitaldeasturias.com\/noticias\/aguirre-pide-que-se-regule-el-plazo-que-tienen-los-jueces-para-instruir-los-casos\/#mainImage"},"datePublished":"2014-02-10T20:53:28+01:00","dateModified":"2014-02-10T20:53:28+01:00"},{"@type":"WebSite","@id":"https:\/\/www.eldigitaldeasturias.com\/noticias\/#website","url":"https:\/\/www.eldigitaldeasturias.com\/noticias\/","name":"El Digital de Asturias - Diario de actualidad y noticias","alternateName":"El Digital de Asturias - Diario de actualidad y noticias","description":"Hemeroteca","inLanguage":"es-ES","publisher":{"@id":"https:\/\/www.eldigitaldeasturias.com\/noticias\/#organization"}}]},"og:locale":"es_ES","og:site_name":"El Digital de Asturias","og:type":"article","og:title":"Aguirre pide que se regule el plazo que tienen los jueces para instruir los casos - El Digital de Asturias","og:description":"Madrid, 10 feb (EFE).- La presidenta del PP de Madrid, Esperanza Aguirre, ha pedido hoy que se regule de alguna manera, incluso por ley, el plazo de los jueces para instruir los casos, porque quienes est\u00e1n imputados lo &quot;sufren&quot; durante a\u00f1os &quot;no como una imputaci\u00f3n, sino como una condena firme del Tribunal Supremo&quot;. En declaraciones","og:url":"https:\/\/www.eldigitaldeasturias.com\/noticias\/aguirre-pide-que-se-regule-el-plazo-que-tienen-los-jueces-para-instruir-los-casos\/","article:tag":["actualidad"],"article:published_time":"2014-02-10T21:53:28+00:00","article:modified_time":"2014-02-10T21:53:28+00:00","article:publisher":"https:\/\/facebook.com\/eldigitaldeasturias","twitter:card":"summary_large_image","twitter:title":"Aguirre pide que se regule el plazo que tienen los jueces para instruir los casos - El Digital de Asturias","twitter:description":"Madrid, 10 feb (EFE).- La presidenta del PP de Madrid, Esperanza Aguirre, ha pedido hoy que se regule de alguna manera, incluso por ley, el plazo de los jueces para instruir los casos, porque quienes est\u00e1n imputados lo &quot;sufren&quot; durante a\u00f1os &quot;no como una imputaci\u00f3n, sino como una condena firme del Tribunal Supremo&quot;. En declaraciones","twitter:label1":"Escrito por","twitter:data1":"El Digital de Asturias","twitter:label2":"Tiempo de lectura estimado","twitter:data2":"2 minutos"},"aioseo_meta_data":{"post_id":"487941","title":null,"description":null,"keywords":null,"keyphrases":null,"primary_term":null,"canonical_url":null,"og_title":null,"og_description":null,"og_object_type":"default","og_image_type":"default","og_image_url":null,"og_image_width":null,"og_image_height":null,"og_image_custom_url":null,"og_image_custom_fields":null,"og_video":null,"og_custom_url":null,"og_article_section":null,"og_article_tags":null,"twitter_use_og":true,"twitter_card":"default","twitter_image_type":"default","twitter_image_url":null,"twitter_image_custom_url":null,"twitter_image_custom_fields":null,"twitter_title":null,"twitter_description":null,"schema":{"blockGraphs":[],"customGraphs":[],"default":{"data":{"Article":[],"Course":[],"Dataset":[],"FAQPage":[],"Movie":[],"Person":[],"Product":[],"ProductReview":[],"Car":[],"Recipe":[],"Service":[],"SoftwareApplication":[],"WebPage":[]},"graphName":"","isEnabled":true},"graphs":[],"defaultGraph":"","defaultPostTypeGraph":""},"schema_type":null,"schema_type_options":null,"pillar_content":false,"robots_default":true,"robots_noindex":false,"robots_noarchive":false,"robots_nosnippet":false,"robots_nofollow":false,"robots_noimageindex":false,"robots_noodp":false,"robots_notranslate":false,"robots_max_snippet":null,"robots_max_videopreview":null,"robots_max_imagepreview":"none","priority":null,"frequency":null,"local_seo":null,"seo_analyzer_scan_date":"2026-06-03 06:23:00","breadcrumb_settings":null,"limit_modified_date":false,"open_ai":null,"ai":null,"created":"2020-11-14 22:57:05","updated":"2026-06-03 06:23:00","focus_keyword":null,"additional_keywords":null,"truseo_locale":null},"aioseo_breadcrumb":"<div class=\"aioseo-breadcrumbs\"><span class=\"aioseo-breadcrumb\">\n\t<a href=\"https:\/\/www.eldigitaldeasturias.com\/noticias\" title=\"Home\">Home<\/a>\n<\/span><span class=\"aioseo-breadcrumb-separator\">\u2013<\/span><span class=\"aioseo-breadcrumb\">\n\t<a href=\"https:\/\/www.eldigitaldeasturias.com\/noticias\/category\/actualidad\/\" title=\"Actualidad\">Actualidad<\/a>\n<\/span><span class=\"aioseo-breadcrumb-separator\">\u2013<\/span><span class=\"aioseo-breadcrumb\">\n\t<a href=\"https:\/\/www.eldigitaldeasturias.com\/noticias\/aguirre-pide-que-se-regule-el-plazo-que-tienen-los-jueces-para-instruir-los-casos\/\" title=\"Aguirre pide que se regule el plazo que tienen los jueces para instruir los casos\">Aguirre pide que se regule el plazo que tienen los jueces para instruir los casos<\/a>\n<\/span><\/div>","aioseo_breadcrumb_json":[{"label":"Home","link":"https:\/\/www.eldigitaldeasturias.com\/noticias"},{"label":"Actualidad","link":"https:\/\/www.eldigitaldeasturias.com\/noticias\/category\/actualidad\/"},{"label":"Aguirre pide que se regule el plazo que tienen los jueces para instruir los casos","link":"https:\/\/www.eldigitaldeasturias.com\/noticias\/aguirre-pide-que-se-regule-el-plazo-que-tienen-los-jueces-para-instruir-los-casos\/"}],"_links":{"self":[{"href":"https:\/\/www.eldigitaldeasturias.com\/noticias\/wp-json\/wp\/v2\/posts\/487941","targetHints":{"allow":["GET"]}}],"collection":[{"href":"https:\/\/www.eldigitaldeasturias.com\/noticias\/wp-json\/wp\/v2\/posts"}],"about":[{"href":"https:\/\/www.eldigitaldeasturias.com\/noticias\/wp-json\/wp\/v2\/types\/post"}],"author":[{"embeddable":true,"href":"https:\/\/www.eldigitaldeasturias.com\/noticias\/wp-json\/wp\/v2\/users\/1"}],"replies":[{"embeddable":true,"href":"https:\/\/www.eldigitaldeasturias.com\/noticias\/wp-json\/wp\/v2\/comments?post=487941"}],"version-history":[{"count":0,"href":"https:\/\/www.eldigitaldeasturias.com\/noticias\/wp-json\/wp\/v2\/posts\/487941\/revisions"}],"wp:attachment":[{"href":"https:\/\/www.eldigitaldeasturias.com\/noticias\/wp-json\/wp\/v2\/media?parent=487941"}],"wp:term":[{"taxonomy":"category","embeddable":true,"href":"https:\/\/www.eldigitaldeasturias.com\/noticias\/wp-json\/wp\/v2\/categories?post=487941"},{"taxonomy":"post_tag","embeddable":true,"href":"https:\/\/www.eldigitaldeasturias.com\/noticias\/wp-json\/wp\/v2\/tags?post=487941"}],"curies":[{"name":"wp","href":"https:\/\/api.w.org\/{rel}","templated":true}]}}