{"id":487935,"date":"2014-02-10T20:51:09","date_gmt":"2014-02-10T21:51:09","guid":{"rendered":"http:\/\/www.eldigitaldeasturias.com\/noticias\/?p=487935"},"modified":"2014-02-10T20:51:09","modified_gmt":"2014-02-10T21:51:09","slug":"el-vicente-calderon-y-anoeta-claman-la-heroica","status":"publish","type":"post","link":"https:\/\/www.eldigitaldeasturias.com\/noticias\/el-vicente-calderon-y-anoeta-claman-la-heroica\/","title":{"rendered":"El Vicente Calder\u00f3n y Anoeta claman la heroica"},"content":{"rendered":"<p><img loading=\"lazy\" decoding=\"async\" class=\"alignleft size-medium wp-image-487936\" alt=\"5927254w\" src=\"https:\/\/www.eldigitaldeasturias.com\/noticias\/wp-content\/uploads\/2014\/02\/5927254w-360x239.jpg\" width=\"360\" height=\"239\" \/>Madrid, 10 ene (EFE).- El Vicente Calder\u00f3n y Anoeta ser\u00e1n los escenarios de los partidos de vuelta de las semifinales de la Copa del Rey, sedes que retan la fortaleza de Real Madrid y Barcelona y alientan el sue\u00f1o de remontada heroica de Atl\u00e9tico y Real Sociedad.<\/p>\n<p>El derbi madrile\u00f1o se presenta con el desequilibrio que supone el 3-0 que consigui\u00f3 el cuadro del italiano Carlo Ancelotti en la ida, y el choque en San Sebasti\u00e1n con la importante ventaja de 2-0 adquirida por el cuadro del argentino Gerardo &#8216;Tata&#8217; Martino en el Camp Nou.<\/p>\n<p>Entre un encuentro y otro la jornada liguera sirvi\u00f3 para que el Barcelona, con su remontada en Sevilla, recuperase el liderato tras la inesperada derrota del Atl\u00e9tico en Almer\u00eda y el Real Madrid alcanzase a sus dos rivales tras vencer al Villarreal.<\/p>\n<p>De esta manera, el tr\u00edo de aspirantes al t\u00edtulo liguero est\u00e1 empatado a puntos y la lucha se presume encarnizada, mientras la Real Sociedad encaden\u00f3 su tercer partido sin marcar, aunque no fue por ocasiones, sino por la extraordinaria actuaci\u00f3n del costarricense Keylor Navas, meta del Levante.<\/p>\n<p>El Atl\u00e9tico no se rinde. Es se\u00f1a de identidad de Diego Simeone, aunque t\u00e9cnico y plantilla, que han encadenado las derrotas en el Bernab\u00e9u en el estadio de los Juegos Mediterr\u00e1neos, saben que es complicado revertir el 3-0.<\/p>\n<p>Para colmo de males, el hispano brasile\u00f1o Diego Costa, la referencia ofensiva del conjunto rojiblanco, se perder\u00e1 el encuentro por sanci\u00f3n por acumulaci\u00f3n de amonestaciones tras ver la amarilla en la &#8216;lucha&#8217; de la ida. Adem\u00e1s, David Villa y Thibaut Courtois est\u00e1n entre algodones y el portugu\u00e9s Tiago estar\u00e1 un mes de baja.<\/p>\n<p>El Real Madrid, reforzado tras anular la desventaja que ten\u00eda en la Liga, quiere completar en parte la revancha copera ante su eterno rival, frente al que perdi\u00f3 la pasada final. Puede haber minutos para hombres que han perdido como Isco Alarc\u00f3n e incluso se contempla la opci\u00f3n de la reaparici\u00f3n del joven zaguero franc\u00e9s Raphael Varane.<\/p>\n<p>Los de Ancelotti acuden, no obstante, sin confianza ni relajaci\u00f3n, dispuestos a asestar la puntilla y a meterse de nuevo en la final.<\/p>\n<p>Para el mi\u00e9rcoles est\u00e1 fijado el encuentro de Anoeta, donde el Barcelona presenta la credencial del 2-0 de la ida y el despertar de Leo Messi con su doblete en el Ram\u00f3n S\u00e1nchez Pizju\u00e1n.<\/p>\n<p>El Barcelona, &#8216;rey de copas&#8217;, gole\u00f3 en Sevilla pero dej\u00f3 entrever problemas en el dispositivo defensivo, tanto que el conjunto de Unai Emery dispuso de numerosas ocasiones, pero las malogr\u00f3 y lo pag\u00f3 ante la eficacia de los azulgrana, que no pueden cometer tantos errores ante los Carlos Vela, Antoine Griezmann y compa\u00f1\u00eda.<\/p>\n<p>Para la Real Sociedad se puede convertir en un momento hist\u00f3rico. Mucho ha llovido desde su \u00faltima final -perdi\u00f3 ante el Barcelona por 1-0 en el Bernab\u00e9u- y su desventaja no merma un \u00e1pice la ilusi\u00f3n de una plantilla dispuesta a dar un disgusto a los de Martino.<\/p>\n<p>Programa de la vuelta de semifinales:<\/p>\n<p>. Martes 11:<\/p>\n<p>21.00 At.Madrid-Real Madrid A. Undiano Mallenco (C.Navarro)<\/p>\n<p>. Mi\u00e9rcoles 12:<\/p>\n<p>22.00 Real Sociedad-Barcelona F. Teixeira Vitienes (C. C\u00e1ntabro)<\/p>\n","protected":false},"excerpt":{"rendered":"<p>Madrid, 10 ene (EFE).- El Vicente Calder\u00f3n y Anoeta ser\u00e1n los escenarios de los partidos de vuelta de las semifinales de la Copa del Rey, sedes que retan la fortaleza de Real Madrid y Barcelona y alientan el sue\u00f1o de remontada heroica de Atl\u00e9tico y Real Sociedad. El derbi madrile\u00f1o se presenta con el desequilibrio [&hellip;]<\/p>\n","protected":false},"author":1,"featured_media":487936,"comment_status":"closed","ping_status":"closed","sticky":false,"template":"","format":"standard","meta":{"footnotes":""},"categories":[1],"tags":[],"class_list":["post-487935","post","type-post","status-publish","format-standard","has-post-thumbnail","hentry","category-actualidad"],"aioseo_notices":[],"aioseo_head":"\n\t\t<!-- All in One SEO Pro 5.0.1 - aioseo.com -->\n\t<meta name=\"description\" content=\"Madrid, 10 ene (EFE).- El Vicente Calder\u00f3n y Anoeta ser\u00e1n los escenarios de los partidos de vuelta de las semifinales de la Copa del Rey, sedes que retan la fortaleza de Real Madrid y Barcelona y alientan el sue\u00f1o de remontada heroica de Atl\u00e9tico y Real Sociedad. El derbi madrile\u00f1o se presenta con el desequilibrio\" \/>\n\t<meta name=\"robots\" content=\"max-image-preview:large\" \/>\n\t<meta name=\"author\" content=\"El Digital de Asturias\"\/>\n\t<meta name=\"google-site-verification\" content=\"UA-38556648-1\" \/>\n\t<meta name=\"msvalidate.01\" content=\"7dfe9f3f1b24437ab69f4f2559babe99\" \/>\n\t<meta name=\"keywords\" content=\"actualidad\" \/>\n\t<link rel=\"canonical\" href=\"https:\/\/www.eldigitaldeasturias.com\/noticias\/el-vicente-calderon-y-anoeta-claman-la-heroica\/\" \/>\n\t<meta name=\"generator\" content=\"All in One SEO Pro (AIOSEO) 5.0.1\" \/>\n\t\t<meta property=\"og:locale\" content=\"es_ES\" \/>\n\t\t<meta property=\"og:site_name\" content=\"El Digital de Asturias\" \/>\n\t\t<meta property=\"og:type\" content=\"article\" \/>\n\t\t<meta property=\"og:title\" content=\"El Vicente Calder\u00f3n y Anoeta claman la heroica - El Digital de Asturias\" \/>\n\t\t<meta property=\"og:description\" content=\"Madrid, 10 ene (EFE).- El Vicente Calder\u00f3n y Anoeta ser\u00e1n los escenarios de los partidos de vuelta de las semifinales de la Copa del Rey, sedes que retan la fortaleza de Real Madrid y Barcelona y alientan el sue\u00f1o de remontada heroica de Atl\u00e9tico y Real Sociedad. El derbi madrile\u00f1o se presenta con el desequilibrio\" \/>\n\t\t<meta property=\"og:url\" content=\"https:\/\/www.eldigitaldeasturias.com\/noticias\/el-vicente-calderon-y-anoeta-claman-la-heroica\/\" \/>\n\t\t<meta property=\"article:tag\" content=\"actualidad\" \/>\n\t\t<meta property=\"article:published_time\" content=\"2014-02-10T21:51:09+00:00\" \/>\n\t\t<meta property=\"article:modified_time\" content=\"2014-02-10T21:51:09+00:00\" \/>\n\t\t<meta property=\"article:publisher\" content=\"https:\/\/facebook.com\/eldigitaldeasturias\" \/>\n\t\t<meta name=\"twitter:card\" content=\"summary_large_image\" \/>\n\t\t<meta name=\"twitter:title\" content=\"El Vicente Calder\u00f3n y Anoeta claman la heroica - El Digital de Asturias\" \/>\n\t\t<meta name=\"twitter:description\" content=\"Madrid, 10 ene (EFE).- El Vicente Calder\u00f3n y Anoeta ser\u00e1n los escenarios de los partidos de vuelta de las semifinales de la Copa del Rey, sedes que retan la fortaleza de Real Madrid y Barcelona y alientan el sue\u00f1o de remontada heroica de Atl\u00e9tico y Real Sociedad. El derbi madrile\u00f1o se presenta con el desequilibrio\" \/>\n\t\t<meta name=\"twitter:label1\" content=\"Escrito por\" \/>\n\t\t<meta name=\"twitter:data1\" content=\"El Digital de Asturias\" \/>\n\t\t<meta name=\"twitter:label2\" content=\"Tiempo de lectura estimado\" \/>\n\t\t<meta name=\"twitter:data2\" content=\"3 minutos\" \/>\n\t\t<script type=\"application\/ld+json\" class=\"aioseo-schema\">\n\t\t\t{\"@context\":\"https:\\\/\\\/schema.org\",\"@graph\":[{\"@type\":\"BlogPosting\",\"@id\":\"https:\\\/\\\/www.eldigitaldeasturias.com\\\/noticias\\\/el-vicente-calderon-y-anoeta-claman-la-heroica\\\/#blogposting\",\"name\":\"El Vicente Calder\\u00f3n y Anoeta claman la heroica - El Digital de Asturias\",\"headline\":\"El Vicente Calder\\u00f3n y Anoeta claman la heroica\",\"author\":{\"@id\":\"https:\\\/\\\/www.eldigitaldeasturias.com\\\/noticias\\\/author\\\/admin\\\/#author\"},\"publisher\":{\"@id\":\"https:\\\/\\\/www.eldigitaldeasturias.com\\\/noticias\\\/#organization\"},\"image\":{\"@type\":\"ImageObject\",\"url\":487936},\"datePublished\":\"2014-02-10T20:51:09+01:00\",\"dateModified\":\"2014-02-10T20:51:09+01:00\",\"inLanguage\":\"es-ES\",\"mainEntityOfPage\":{\"@id\":\"https:\\\/\\\/www.eldigitaldeasturias.com\\\/noticias\\\/el-vicente-calderon-y-anoeta-claman-la-heroica\\\/#webpage\"},\"isPartOf\":{\"@id\":\"https:\\\/\\\/www.eldigitaldeasturias.com\\\/noticias\\\/el-vicente-calderon-y-anoeta-claman-la-heroica\\\/#webpage\"},\"articleSection\":\"Actualidad\"},{\"@type\":\"BreadcrumbList\",\"@id\":\"https:\\\/\\\/www.eldigitaldeasturias.com\\\/noticias\\\/el-vicente-calderon-y-anoeta-claman-la-heroica\\\/#breadcrumblist\",\"itemListElement\":[{\"@type\":\"ListItem\",\"@id\":\"https:\\\/\\\/www.eldigitaldeasturias.com\\\/noticias#listItem\",\"position\":1,\"name\":\"Home\",\"item\":\"https:\\\/\\\/www.eldigitaldeasturias.com\\\/noticias\",\"nextItem\":{\"@type\":\"ListItem\",\"@id\":\"https:\\\/\\\/www.eldigitaldeasturias.com\\\/noticias\\\/category\\\/actualidad\\\/#listItem\",\"name\":\"Actualidad\"}},{\"@type\":\"ListItem\",\"@id\":\"https:\\\/\\\/www.eldigitaldeasturias.com\\\/noticias\\\/category\\\/actualidad\\\/#listItem\",\"position\":2,\"name\":\"Actualidad\",\"item\":\"https:\\\/\\\/www.eldigitaldeasturias.com\\\/noticias\\\/category\\\/actualidad\\\/\",\"nextItem\":{\"@type\":\"ListItem\",\"@id\":\"https:\\\/\\\/www.eldigitaldeasturias.com\\\/noticias\\\/el-vicente-calderon-y-anoeta-claman-la-heroica\\\/#listItem\",\"name\":\"El Vicente Calder\\u00f3n y Anoeta claman la heroica\"},\"previousItem\":{\"@type\":\"ListItem\",\"@id\":\"https:\\\/\\\/www.eldigitaldeasturias.com\\\/noticias#listItem\",\"name\":\"Home\"}},{\"@type\":\"ListItem\",\"@id\":\"https:\\\/\\\/www.eldigitaldeasturias.com\\\/noticias\\\/el-vicente-calderon-y-anoeta-claman-la-heroica\\\/#listItem\",\"position\":3,\"name\":\"El Vicente Calder\\u00f3n y Anoeta claman la heroica\",\"previousItem\":{\"@type\":\"ListItem\",\"@id\":\"https:\\\/\\\/www.eldigitaldeasturias.com\\\/noticias\\\/category\\\/actualidad\\\/#listItem\",\"name\":\"Actualidad\"}}]},{\"@type\":\"Organization\",\"@id\":\"https:\\\/\\\/www.eldigitaldeasturias.com\\\/noticias\\\/#organization\",\"name\":\"El Digital de Asturias\",\"description\":\"Hemeroteca\",\"url\":\"https:\\\/\\\/www.eldigitaldeasturias.com\\\/noticias\\\/\",\"email\":\"info@eldigitaldeasturias.com\",\"telephone\":\"+34652131393\",\"logo\":{\"@type\":\"ImageObject\",\"url\":\"https:\\\/\\\/www.eldigitaldeasturias.com\\\/noticias\\\/wp-content\\\/uploads\\\/2020\\\/12\\\/EDA.jpg\",\"@id\":\"https:\\\/\\\/www.eldigitaldeasturias.com\\\/noticias\\\/el-vicente-calderon-y-anoeta-claman-la-heroica\\\/#organizationLogo\"},\"image\":{\"@id\":\"https:\\\/\\\/www.eldigitaldeasturias.com\\\/noticias\\\/el-vicente-calderon-y-anoeta-claman-la-heroica\\\/#organizationLogo\"},\"sameAs\":[\"https:\\\/\\\/facebook.com\\\/eldigitaldeasturias\",\"https:\\\/\\\/www.youtube.com\\\/channel\\\/UCZP-2wLEB9Rv6erhFmqVnvg\"],\"address\":{\"@id\":\"https:\\\/\\\/www.eldigitaldeasturias.com\\\/noticias\\\/#postaladdress\",\"@type\":\"PostalAddress\",\"streetAddress\":\"san antonio 4\",\"postalCode\":\"33430\",\"addressLocality\":\"Cand\\u00e1s\",\"addressRegion\":\"Asturias\",\"addressCountry\":\"ES\"}},{\"@type\":\"Person\",\"@id\":\"https:\\\/\\\/www.eldigitaldeasturias.com\\\/noticias\\\/author\\\/admin\\\/#author\",\"url\":\"https:\\\/\\\/www.eldigitaldeasturias.com\\\/noticias\\\/author\\\/admin\\\/\",\"name\":\"El Digital de Asturias\",\"image\":{\"@type\":\"ImageObject\",\"@id\":\"https:\\\/\\\/www.eldigitaldeasturias.com\\\/noticias\\\/el-vicente-calderon-y-anoeta-claman-la-heroica\\\/#authorImage\",\"url\":\"https:\\\/\\\/secure.gravatar.com\\\/avatar\\\/df2aeffc32bcd13f8d26072ef8a91b623d677766deac7f97ca815868cd41bf5e?s=96&d=mm&r=g\",\"width\":96,\"height\":96,\"caption\":\"El Digital de Asturias\"}},{\"@type\":\"WebPage\",\"@id\":\"https:\\\/\\\/www.eldigitaldeasturias.com\\\/noticias\\\/el-vicente-calderon-y-anoeta-claman-la-heroica\\\/#webpage\",\"url\":\"https:\\\/\\\/www.eldigitaldeasturias.com\\\/noticias\\\/el-vicente-calderon-y-anoeta-claman-la-heroica\\\/\",\"name\":\"El Vicente Calder\\u00f3n y Anoeta claman la heroica - El Digital de Asturias\",\"description\":\"Madrid, 10 ene (EFE).- El Vicente Calder\\u00f3n y Anoeta ser\\u00e1n los escenarios de los partidos de vuelta de las semifinales de la Copa del Rey, sedes que retan la fortaleza de Real Madrid y Barcelona y alientan el sue\\u00f1o de remontada heroica de Atl\\u00e9tico y Real Sociedad. El derbi madrile\\u00f1o se presenta con el desequilibrio\",\"inLanguage\":\"es-ES\",\"isPartOf\":{\"@id\":\"https:\\\/\\\/www.eldigitaldeasturias.com\\\/noticias\\\/#website\"},\"breadcrumb\":{\"@id\":\"https:\\\/\\\/www.eldigitaldeasturias.com\\\/noticias\\\/el-vicente-calderon-y-anoeta-claman-la-heroica\\\/#breadcrumblist\"},\"author\":{\"@id\":\"https:\\\/\\\/www.eldigitaldeasturias.com\\\/noticias\\\/author\\\/admin\\\/#author\"},\"creator\":{\"@id\":\"https:\\\/\\\/www.eldigitaldeasturias.com\\\/noticias\\\/author\\\/admin\\\/#author\"},\"image\":{\"@type\":\"ImageObject\",\"url\":487936,\"@id\":\"https:\\\/\\\/www.eldigitaldeasturias.com\\\/noticias\\\/el-vicente-calderon-y-anoeta-claman-la-heroica\\\/#mainImage\"},\"primaryImageOfPage\":{\"@id\":\"https:\\\/\\\/www.eldigitaldeasturias.com\\\/noticias\\\/el-vicente-calderon-y-anoeta-claman-la-heroica\\\/#mainImage\"},\"datePublished\":\"2014-02-10T20:51:09+01:00\",\"dateModified\":\"2014-02-10T20:51:09+01:00\"},{\"@type\":\"WebSite\",\"@id\":\"https:\\\/\\\/www.eldigitaldeasturias.com\\\/noticias\\\/#website\",\"url\":\"https:\\\/\\\/www.eldigitaldeasturias.com\\\/noticias\\\/\",\"name\":\"El Digital de Asturias - Diario de actualidad y noticias\",\"alternateName\":\"El Digital de Asturias - Diario de actualidad y noticias\",\"description\":\"Hemeroteca\",\"inLanguage\":\"es-ES\",\"publisher\":{\"@id\":\"https:\\\/\\\/www.eldigitaldeasturias.com\\\/noticias\\\/#organization\"}}]}\n\t\t<\/script>\n\t\t<!-- All in One SEO Pro -->\r\n\t\t<title>El Vicente Calder\u00f3n y Anoeta claman la heroica - El Digital de Asturias<\/title>\n\n","aioseo_head_json":{"title":"El Vicente Calder\u00f3n y Anoeta claman la heroica - El Digital de Asturias","description":"Madrid, 10 ene (EFE).- El Vicente Calder\u00f3n y Anoeta ser\u00e1n los escenarios de los partidos de vuelta de las semifinales de la Copa del Rey, sedes que retan la fortaleza de Real Madrid y Barcelona y alientan el sue\u00f1o de remontada heroica de Atl\u00e9tico y Real Sociedad. El derbi madrile\u00f1o se presenta con el desequilibrio","canonical_url":"https:\/\/www.eldigitaldeasturias.com\/noticias\/el-vicente-calderon-y-anoeta-claman-la-heroica\/","robots":"max-image-preview:large","keywords":"actualidad","webmasterTools":{"google-site-verification":"UA-38556648-1","msvalidate.01":"7dfe9f3f1b24437ab69f4f2559babe99","miscellaneous":""},"schema":{"@context":"https:\/\/schema.org","@graph":[{"@type":"BlogPosting","@id":"https:\/\/www.eldigitaldeasturias.com\/noticias\/el-vicente-calderon-y-anoeta-claman-la-heroica\/#blogposting","name":"El Vicente Calder\u00f3n y Anoeta claman la heroica - El Digital de Asturias","headline":"El Vicente Calder\u00f3n y Anoeta claman la heroica","author":{"@id":"https:\/\/www.eldigitaldeasturias.com\/noticias\/author\/admin\/#author"},"publisher":{"@id":"https:\/\/www.eldigitaldeasturias.com\/noticias\/#organization"},"image":{"@type":"ImageObject","url":487936},"datePublished":"2014-02-10T20:51:09+01:00","dateModified":"2014-02-10T20:51:09+01:00","inLanguage":"es-ES","mainEntityOfPage":{"@id":"https:\/\/www.eldigitaldeasturias.com\/noticias\/el-vicente-calderon-y-anoeta-claman-la-heroica\/#webpage"},"isPartOf":{"@id":"https:\/\/www.eldigitaldeasturias.com\/noticias\/el-vicente-calderon-y-anoeta-claman-la-heroica\/#webpage"},"articleSection":"Actualidad"},{"@type":"BreadcrumbList","@id":"https:\/\/www.eldigitaldeasturias.com\/noticias\/el-vicente-calderon-y-anoeta-claman-la-heroica\/#breadcrumblist","itemListElement":[{"@type":"ListItem","@id":"https:\/\/www.eldigitaldeasturias.com\/noticias#listItem","position":1,"name":"Home","item":"https:\/\/www.eldigitaldeasturias.com\/noticias","nextItem":{"@type":"ListItem","@id":"https:\/\/www.eldigitaldeasturias.com\/noticias\/category\/actualidad\/#listItem","name":"Actualidad"}},{"@type":"ListItem","@id":"https:\/\/www.eldigitaldeasturias.com\/noticias\/category\/actualidad\/#listItem","position":2,"name":"Actualidad","item":"https:\/\/www.eldigitaldeasturias.com\/noticias\/category\/actualidad\/","nextItem":{"@type":"ListItem","@id":"https:\/\/www.eldigitaldeasturias.com\/noticias\/el-vicente-calderon-y-anoeta-claman-la-heroica\/#listItem","name":"El Vicente Calder\u00f3n y Anoeta claman la heroica"},"previousItem":{"@type":"ListItem","@id":"https:\/\/www.eldigitaldeasturias.com\/noticias#listItem","name":"Home"}},{"@type":"ListItem","@id":"https:\/\/www.eldigitaldeasturias.com\/noticias\/el-vicente-calderon-y-anoeta-claman-la-heroica\/#listItem","position":3,"name":"El Vicente Calder\u00f3n y Anoeta claman la heroica","previousItem":{"@type":"ListItem","@id":"https:\/\/www.eldigitaldeasturias.com\/noticias\/category\/actualidad\/#listItem","name":"Actualidad"}}]},{"@type":"Organization","@id":"https:\/\/www.eldigitaldeasturias.com\/noticias\/#organization","name":"El Digital de Asturias","description":"Hemeroteca","url":"https:\/\/www.eldigitaldeasturias.com\/noticias\/","email":"info@eldigitaldeasturias.com","telephone":"+34652131393","logo":{"@type":"ImageObject","url":"https:\/\/www.eldigitaldeasturias.com\/noticias\/wp-content\/uploads\/2020\/12\/EDA.jpg","@id":"https:\/\/www.eldigitaldeasturias.com\/noticias\/el-vicente-calderon-y-anoeta-claman-la-heroica\/#organizationLogo"},"image":{"@id":"https:\/\/www.eldigitaldeasturias.com\/noticias\/el-vicente-calderon-y-anoeta-claman-la-heroica\/#organizationLogo"},"sameAs":["https:\/\/facebook.com\/eldigitaldeasturias","https:\/\/www.youtube.com\/channel\/UCZP-2wLEB9Rv6erhFmqVnvg"],"address":{"@id":"https:\/\/www.eldigitaldeasturias.com\/noticias\/#postaladdress","@type":"PostalAddress","streetAddress":"san antonio 4","postalCode":"33430","addressLocality":"Cand\u00e1s","addressRegion":"Asturias","addressCountry":"ES"}},{"@type":"Person","@id":"https:\/\/www.eldigitaldeasturias.com\/noticias\/author\/admin\/#author","url":"https:\/\/www.eldigitaldeasturias.com\/noticias\/author\/admin\/","name":"El Digital de Asturias","image":{"@type":"ImageObject","@id":"https:\/\/www.eldigitaldeasturias.com\/noticias\/el-vicente-calderon-y-anoeta-claman-la-heroica\/#authorImage","url":"https:\/\/secure.gravatar.com\/avatar\/df2aeffc32bcd13f8d26072ef8a91b623d677766deac7f97ca815868cd41bf5e?s=96&d=mm&r=g","width":96,"height":96,"caption":"El Digital de Asturias"}},{"@type":"WebPage","@id":"https:\/\/www.eldigitaldeasturias.com\/noticias\/el-vicente-calderon-y-anoeta-claman-la-heroica\/#webpage","url":"https:\/\/www.eldigitaldeasturias.com\/noticias\/el-vicente-calderon-y-anoeta-claman-la-heroica\/","name":"El Vicente Calder\u00f3n y Anoeta claman la heroica - El Digital de Asturias","description":"Madrid, 10 ene (EFE).- El Vicente Calder\u00f3n y Anoeta ser\u00e1n los escenarios de los partidos de vuelta de las semifinales de la Copa del Rey, sedes que retan la fortaleza de Real Madrid y Barcelona y alientan el sue\u00f1o de remontada heroica de Atl\u00e9tico y Real Sociedad. El derbi madrile\u00f1o se presenta con el desequilibrio","inLanguage":"es-ES","isPartOf":{"@id":"https:\/\/www.eldigitaldeasturias.com\/noticias\/#website"},"breadcrumb":{"@id":"https:\/\/www.eldigitaldeasturias.com\/noticias\/el-vicente-calderon-y-anoeta-claman-la-heroica\/#breadcrumblist"},"author":{"@id":"https:\/\/www.eldigitaldeasturias.com\/noticias\/author\/admin\/#author"},"creator":{"@id":"https:\/\/www.eldigitaldeasturias.com\/noticias\/author\/admin\/#author"},"image":{"@type":"ImageObject","url":487936,"@id":"https:\/\/www.eldigitaldeasturias.com\/noticias\/el-vicente-calderon-y-anoeta-claman-la-heroica\/#mainImage"},"primaryImageOfPage":{"@id":"https:\/\/www.eldigitaldeasturias.com\/noticias\/el-vicente-calderon-y-anoeta-claman-la-heroica\/#mainImage"},"datePublished":"2014-02-10T20:51:09+01:00","dateModified":"2014-02-10T20:51:09+01:00"},{"@type":"WebSite","@id":"https:\/\/www.eldigitaldeasturias.com\/noticias\/#website","url":"https:\/\/www.eldigitaldeasturias.com\/noticias\/","name":"El Digital de Asturias - Diario de actualidad y noticias","alternateName":"El Digital de Asturias - Diario de actualidad y noticias","description":"Hemeroteca","inLanguage":"es-ES","publisher":{"@id":"https:\/\/www.eldigitaldeasturias.com\/noticias\/#organization"}}]},"og:locale":"es_ES","og:site_name":"El Digital de Asturias","og:type":"article","og:title":"El Vicente Calder\u00f3n y Anoeta claman la heroica - El Digital de Asturias","og:description":"Madrid, 10 ene (EFE).- El Vicente Calder\u00f3n y Anoeta ser\u00e1n los escenarios de los partidos de vuelta de las semifinales de la Copa del Rey, sedes que retan la fortaleza de Real Madrid y Barcelona y alientan el sue\u00f1o de remontada heroica de Atl\u00e9tico y Real Sociedad. El derbi madrile\u00f1o se presenta con el desequilibrio","og:url":"https:\/\/www.eldigitaldeasturias.com\/noticias\/el-vicente-calderon-y-anoeta-claman-la-heroica\/","article:tag":["actualidad"],"article:published_time":"2014-02-10T21:51:09+00:00","article:modified_time":"2014-02-10T21:51:09+00:00","article:publisher":"https:\/\/facebook.com\/eldigitaldeasturias","twitter:card":"summary_large_image","twitter:title":"El Vicente Calder\u00f3n y Anoeta claman la heroica - El Digital de Asturias","twitter:description":"Madrid, 10 ene (EFE).- El Vicente Calder\u00f3n y Anoeta ser\u00e1n los escenarios de los partidos de vuelta de las semifinales de la Copa del Rey, sedes que retan la fortaleza de Real Madrid y Barcelona y alientan el sue\u00f1o de remontada heroica de Atl\u00e9tico y Real Sociedad. El derbi madrile\u00f1o se presenta con el desequilibrio","twitter:label1":"Escrito por","twitter:data1":"El Digital de Asturias","twitter:label2":"Tiempo de lectura estimado","twitter:data2":"3 minutos"},"aioseo_meta_data":{"post_id":"487935","title":null,"description":null,"keywords":null,"keyphrases":null,"primary_term":null,"canonical_url":null,"og_title":null,"og_description":null,"og_object_type":"default","og_image_type":"default","og_image_url":null,"og_image_width":null,"og_image_height":null,"og_image_custom_url":null,"og_image_custom_fields":null,"og_video":null,"og_custom_url":null,"og_article_section":null,"og_article_tags":null,"twitter_use_og":true,"twitter_card":"default","twitter_image_type":"default","twitter_image_url":null,"twitter_image_custom_url":null,"twitter_image_custom_fields":null,"twitter_title":null,"twitter_description":null,"schema":{"blockGraphs":[],"customGraphs":[],"default":{"data":{"Article":[],"Course":[],"Dataset":[],"FAQPage":[],"Movie":[],"Person":[],"Product":[],"ProductReview":[],"Car":[],"Recipe":[],"Service":[],"SoftwareApplication":[],"WebPage":[]},"graphName":"","isEnabled":true},"graphs":[],"defaultGraph":"","defaultPostTypeGraph":""},"schema_type":null,"schema_type_options":null,"pillar_content":false,"robots_default":true,"robots_noindex":false,"robots_noarchive":false,"robots_nosnippet":false,"robots_nofollow":false,"robots_noimageindex":false,"robots_noodp":false,"robots_notranslate":false,"robots_max_snippet":null,"robots_max_videopreview":null,"robots_max_imagepreview":"none","priority":null,"frequency":null,"local_seo":null,"seo_analyzer_scan_date":"2026-06-03 06:22:59","breadcrumb_settings":null,"limit_modified_date":false,"open_ai":null,"ai":null,"created":"2020-11-14 22:57:05","updated":"2026-06-03 06:22:59","focus_keyword":null,"additional_keywords":null,"truseo_locale":null},"aioseo_breadcrumb":"<div class=\"aioseo-breadcrumbs\"><span class=\"aioseo-breadcrumb\">\n\t<a href=\"https:\/\/www.eldigitaldeasturias.com\/noticias\" title=\"Home\">Home<\/a>\n<\/span><span class=\"aioseo-breadcrumb-separator\">\u2013<\/span><span class=\"aioseo-breadcrumb\">\n\t<a href=\"https:\/\/www.eldigitaldeasturias.com\/noticias\/category\/actualidad\/\" title=\"Actualidad\">Actualidad<\/a>\n<\/span><span class=\"aioseo-breadcrumb-separator\">\u2013<\/span><span class=\"aioseo-breadcrumb\">\n\t<a href=\"https:\/\/www.eldigitaldeasturias.com\/noticias\/el-vicente-calderon-y-anoeta-claman-la-heroica\/\" title=\"El Vicente Calder\u00f3n y Anoeta claman la heroica\">El Vicente Calder\u00f3n y Anoeta claman la heroica<\/a>\n<\/span><\/div>","aioseo_breadcrumb_json":[{"label":"Home","link":"https:\/\/www.eldigitaldeasturias.com\/noticias"},{"label":"Actualidad","link":"https:\/\/www.eldigitaldeasturias.com\/noticias\/category\/actualidad\/"},{"label":"El Vicente Calder\u00f3n y Anoeta claman la heroica","link":"https:\/\/www.eldigitaldeasturias.com\/noticias\/el-vicente-calderon-y-anoeta-claman-la-heroica\/"}],"_links":{"self":[{"href":"https:\/\/www.eldigitaldeasturias.com\/noticias\/wp-json\/wp\/v2\/posts\/487935","targetHints":{"allow":["GET"]}}],"collection":[{"href":"https:\/\/www.eldigitaldeasturias.com\/noticias\/wp-json\/wp\/v2\/posts"}],"about":[{"href":"https:\/\/www.eldigitaldeasturias.com\/noticias\/wp-json\/wp\/v2\/types\/post"}],"author":[{"embeddable":true,"href":"https:\/\/www.eldigitaldeasturias.com\/noticias\/wp-json\/wp\/v2\/users\/1"}],"replies":[{"embeddable":true,"href":"https:\/\/www.eldigitaldeasturias.com\/noticias\/wp-json\/wp\/v2\/comments?post=487935"}],"version-history":[{"count":0,"href":"https:\/\/www.eldigitaldeasturias.com\/noticias\/wp-json\/wp\/v2\/posts\/487935\/revisions"}],"wp:attachment":[{"href":"https:\/\/www.eldigitaldeasturias.com\/noticias\/wp-json\/wp\/v2\/media?parent=487935"}],"wp:term":[{"taxonomy":"category","embeddable":true,"href":"https:\/\/www.eldigitaldeasturias.com\/noticias\/wp-json\/wp\/v2\/categories?post=487935"},{"taxonomy":"post_tag","embeddable":true,"href":"https:\/\/www.eldigitaldeasturias.com\/noticias\/wp-json\/wp\/v2\/tags?post=487935"}],"curies":[{"name":"wp","href":"https:\/\/api.w.org\/{rel}","templated":true}]}}