{"id":487905,"date":"2014-02-10T20:37:50","date_gmt":"2014-02-10T21:37:50","guid":{"rendered":"http:\/\/www.eldigitaldeasturias.com\/noticias\/?p=487905"},"modified":"2014-02-10T20:37:50","modified_gmt":"2014-02-10T21:37:50","slug":"manifestantes-queman-un-peaje-en-grecia-en-protesta-por-el-aumento-de-los-precios","status":"publish","type":"post","link":"https:\/\/www.eldigitaldeasturias.com\/noticias\/manifestantes-queman-un-peaje-en-grecia-en-protesta-por-el-aumento-de-los-precios\/","title":{"rendered":"Manifestantes queman un peaje en Grecia en protesta por el aumento de los precios"},"content":{"rendered":"<p><img loading=\"lazy\" decoding=\"async\" class=\"alignleft size-medium wp-image-487906\" alt=\"5927028w\" src=\"https:\/\/www.eldigitaldeasturias.com\/noticias\/wp-content\/uploads\/2014\/02\/5927028w-360x239.jpg\" width=\"360\" height=\"239\" \/>Atenas, 10 feb (EFE).- Unas 500 personas prendieron fuego a las cabinas de un peaje de la autopista entre Atenas y Sal\u00f3nica, las dos principales ciudades de Grecia, en protesta por el aumento de precios impuesto por el consorcio privado que la gestiona, informaron hoy los medios griegos.<\/p>\n<p>Los hechos ocurrieron durante la pasada noche en el peaje de Malakasa, en la regi\u00f3n capitalina de \u00c1tica, cuando residentes locales atacaron el peaje de incorporaci\u00f3n a la autopista y mantuvieron cerrado el tr\u00e1fico durante unos diez minutos, hasta que los materiales que ardieron fueron retirados.<\/p>\n<p>Los manifestantes corearon esl\u00f3ganes contra el Gobierno del conservador Andonis Samar\u00e1s y se desplazaron luego a otro peaje y, durante media hora, permitieron el paso de veh\u00edculos sin pagar.<\/p>\n<p>\u00abQuien obstruya el paso de los peajes, act\u00faa contra los intereses del pueblo griego\u00bb, denunci\u00f3 el ministro de Transporte, Mijalis Jrisojoidis, quien record\u00f3 que el incremento de los precios forma parte del contrato firmado con los operadores en 2007.<\/p>\n<p>La pasada semana, el consorcio de gesti\u00f3n de esta autopista decidi\u00f3 aumentar los precios tal y c\u00f3mo hab\u00eda acordado con el Gobierno, de manera que un conductor que haga el trayecto entre Atenas y Sal\u00f3nica, de unos 500 kil\u00f3metros, deber\u00e1 pagar unos 60 euros.<\/p>\n<p>Hasta ahora, el precio rondaba los 30 euros, mientras que hace unos a\u00f1os el peaje de todo el trayecto era diez veces menor.<\/p>\n<p>La gesti\u00f3n de las autopistas en Grecia es sumamente pol\u00e9mica ya que dada las desavenencias en la financiaci\u00f3n entre los consorcios constructores y gestores y los sucesivos Gobiernos, las obras de modernizaci\u00f3n han estado paradas durante a\u00f1os.<\/p>\n<p>De hecho, y aunque recientemente el Gobierno y los consorcios llegaron a acuerdos para reanudar las obras, muchos tramos de las diferentes autopistas son equivalentes a los de una carretera normal, pese a lo cual los usuarios deben pagar los peajes.<\/p>\n<p>Parte de la autopista entre Atenas y Sal\u00f3nica es gestionada por un consorcio en el que participan las espa\u00f1olas Ferrovial y ACS, que recibe el dinero de los peajes a cambio de la construcci\u00f3n de otras dos autopistas.<\/p>\n<p>El pasado verano las dos empresas espa\u00f1olas anunciaron su retirada de la parte de la construcci\u00f3n -que continuar\u00e1 su socio griego GEK TERNA- aunque participan en la parte gestora del consorcio.<\/p>\n<p>El aumento de precios han provocado, entre otras cosas, el surgimiento de movimientos como &#8216;Yo no pago&#8217; (Den Plirono), que promueve no abonar los peajes de la autopista y que ha sido exportado a otros pa\u00edses.<\/p>\n<p>Por otro lado, hoy est\u00e1 previsto que contin\u00faen los cortes en la autopista entre Atenas y Sal\u00f3nica y en otras carreteras del pa\u00eds como parte de las protestas de los agricultores contra el aumento de impuestos.<\/p>\n","protected":false},"excerpt":{"rendered":"<p>Atenas, 10 feb (EFE).- Unas 500 personas prendieron fuego a las cabinas de un peaje de la autopista entre Atenas y Sal\u00f3nica, las dos principales ciudades de Grecia, en protesta por el aumento de precios impuesto por el consorcio privado que la gestiona, informaron hoy los medios griegos. Los hechos ocurrieron durante la pasada noche [&hellip;]<\/p>\n","protected":false},"author":1,"featured_media":487906,"comment_status":"closed","ping_status":"closed","sticky":false,"template":"","format":"standard","meta":{"footnotes":""},"categories":[1],"tags":[],"class_list":["post-487905","post","type-post","status-publish","format-standard","has-post-thumbnail","hentry","category-actualidad"],"aioseo_notices":[],"aioseo_head":"\n\t\t<!-- All in One SEO Pro 5.0.1 - aioseo.com -->\n\t<meta name=\"description\" content=\"Atenas, 10 feb (EFE).- Unas 500 personas prendieron fuego a las cabinas de un peaje de la autopista entre Atenas y Sal\u00f3nica, las dos principales ciudades de Grecia, en protesta por el aumento de precios impuesto por el consorcio privado que la gestiona, informaron hoy los medios griegos. Los hechos ocurrieron durante la pasada noche\" \/>\n\t<meta name=\"robots\" content=\"max-image-preview:large\" \/>\n\t<meta name=\"author\" content=\"El Digital de Asturias\"\/>\n\t<meta name=\"google-site-verification\" content=\"UA-38556648-1\" \/>\n\t<meta name=\"msvalidate.01\" content=\"7dfe9f3f1b24437ab69f4f2559babe99\" \/>\n\t<meta name=\"keywords\" content=\"actualidad\" \/>\n\t<link rel=\"canonical\" href=\"https:\/\/www.eldigitaldeasturias.com\/noticias\/manifestantes-queman-un-peaje-en-grecia-en-protesta-por-el-aumento-de-los-precios\/\" \/>\n\t<meta name=\"generator\" content=\"All in One SEO Pro (AIOSEO) 5.0.1\" \/>\n\t\t<meta property=\"og:locale\" content=\"es_ES\" \/>\n\t\t<meta property=\"og:site_name\" content=\"El Digital de Asturias\" \/>\n\t\t<meta property=\"og:type\" content=\"article\" \/>\n\t\t<meta property=\"og:title\" content=\"Manifestantes queman un peaje en Grecia en protesta por el aumento de los precios - El Digital de Asturias\" \/>\n\t\t<meta property=\"og:description\" content=\"Atenas, 10 feb (EFE).- Unas 500 personas prendieron fuego a las cabinas de un peaje de la autopista entre Atenas y Sal\u00f3nica, las dos principales ciudades de Grecia, en protesta por el aumento de precios impuesto por el consorcio privado que la gestiona, informaron hoy los medios griegos. Los hechos ocurrieron durante la pasada noche\" \/>\n\t\t<meta property=\"og:url\" content=\"https:\/\/www.eldigitaldeasturias.com\/noticias\/manifestantes-queman-un-peaje-en-grecia-en-protesta-por-el-aumento-de-los-precios\/\" \/>\n\t\t<meta property=\"article:tag\" content=\"actualidad\" \/>\n\t\t<meta property=\"article:published_time\" content=\"2014-02-10T21:37:50+00:00\" \/>\n\t\t<meta property=\"article:modified_time\" content=\"2014-02-10T21:37:50+00:00\" \/>\n\t\t<meta property=\"article:publisher\" content=\"https:\/\/facebook.com\/eldigitaldeasturias\" \/>\n\t\t<meta name=\"twitter:card\" content=\"summary_large_image\" \/>\n\t\t<meta name=\"twitter:title\" content=\"Manifestantes queman un peaje en Grecia en protesta por el aumento de los precios - El Digital de Asturias\" \/>\n\t\t<meta name=\"twitter:description\" content=\"Atenas, 10 feb (EFE).- Unas 500 personas prendieron fuego a las cabinas de un peaje de la autopista entre Atenas y Sal\u00f3nica, las dos principales ciudades de Grecia, en protesta por el aumento de precios impuesto por el consorcio privado que la gestiona, informaron hoy los medios griegos. Los hechos ocurrieron durante la pasada noche\" \/>\n\t\t<meta name=\"twitter:label1\" content=\"Escrito por\" \/>\n\t\t<meta name=\"twitter:data1\" content=\"El Digital de Asturias\" \/>\n\t\t<meta name=\"twitter:label2\" content=\"Tiempo de lectura estimado\" \/>\n\t\t<meta name=\"twitter:data2\" content=\"2 minutos\" \/>\n\t\t<script type=\"application\/ld+json\" class=\"aioseo-schema\">\n\t\t\t{\"@context\":\"https:\\\/\\\/schema.org\",\"@graph\":[{\"@type\":\"BlogPosting\",\"@id\":\"https:\\\/\\\/www.eldigitaldeasturias.com\\\/noticias\\\/manifestantes-queman-un-peaje-en-grecia-en-protesta-por-el-aumento-de-los-precios\\\/#blogposting\",\"name\":\"Manifestantes queman un peaje en Grecia en protesta por el aumento de los precios - El Digital de Asturias\",\"headline\":\"Manifestantes queman un peaje en Grecia en protesta por el aumento de los precios\",\"author\":{\"@id\":\"https:\\\/\\\/www.eldigitaldeasturias.com\\\/noticias\\\/author\\\/admin\\\/#author\"},\"publisher\":{\"@id\":\"https:\\\/\\\/www.eldigitaldeasturias.com\\\/noticias\\\/#organization\"},\"image\":{\"@type\":\"ImageObject\",\"url\":487906},\"datePublished\":\"2014-02-10T20:37:50+01:00\",\"dateModified\":\"2014-02-10T20:37:50+01:00\",\"inLanguage\":\"es-ES\",\"mainEntityOfPage\":{\"@id\":\"https:\\\/\\\/www.eldigitaldeasturias.com\\\/noticias\\\/manifestantes-queman-un-peaje-en-grecia-en-protesta-por-el-aumento-de-los-precios\\\/#webpage\"},\"isPartOf\":{\"@id\":\"https:\\\/\\\/www.eldigitaldeasturias.com\\\/noticias\\\/manifestantes-queman-un-peaje-en-grecia-en-protesta-por-el-aumento-de-los-precios\\\/#webpage\"},\"articleSection\":\"Actualidad\"},{\"@type\":\"BreadcrumbList\",\"@id\":\"https:\\\/\\\/www.eldigitaldeasturias.com\\\/noticias\\\/manifestantes-queman-un-peaje-en-grecia-en-protesta-por-el-aumento-de-los-precios\\\/#breadcrumblist\",\"itemListElement\":[{\"@type\":\"ListItem\",\"@id\":\"https:\\\/\\\/www.eldigitaldeasturias.com\\\/noticias#listItem\",\"position\":1,\"name\":\"Home\",\"item\":\"https:\\\/\\\/www.eldigitaldeasturias.com\\\/noticias\",\"nextItem\":{\"@type\":\"ListItem\",\"@id\":\"https:\\\/\\\/www.eldigitaldeasturias.com\\\/noticias\\\/category\\\/actualidad\\\/#listItem\",\"name\":\"Actualidad\"}},{\"@type\":\"ListItem\",\"@id\":\"https:\\\/\\\/www.eldigitaldeasturias.com\\\/noticias\\\/category\\\/actualidad\\\/#listItem\",\"position\":2,\"name\":\"Actualidad\",\"item\":\"https:\\\/\\\/www.eldigitaldeasturias.com\\\/noticias\\\/category\\\/actualidad\\\/\",\"nextItem\":{\"@type\":\"ListItem\",\"@id\":\"https:\\\/\\\/www.eldigitaldeasturias.com\\\/noticias\\\/manifestantes-queman-un-peaje-en-grecia-en-protesta-por-el-aumento-de-los-precios\\\/#listItem\",\"name\":\"Manifestantes queman un peaje en Grecia en protesta por el aumento de los precios\"},\"previousItem\":{\"@type\":\"ListItem\",\"@id\":\"https:\\\/\\\/www.eldigitaldeasturias.com\\\/noticias#listItem\",\"name\":\"Home\"}},{\"@type\":\"ListItem\",\"@id\":\"https:\\\/\\\/www.eldigitaldeasturias.com\\\/noticias\\\/manifestantes-queman-un-peaje-en-grecia-en-protesta-por-el-aumento-de-los-precios\\\/#listItem\",\"position\":3,\"name\":\"Manifestantes queman un peaje en Grecia en protesta por el aumento de los precios\",\"previousItem\":{\"@type\":\"ListItem\",\"@id\":\"https:\\\/\\\/www.eldigitaldeasturias.com\\\/noticias\\\/category\\\/actualidad\\\/#listItem\",\"name\":\"Actualidad\"}}]},{\"@type\":\"Organization\",\"@id\":\"https:\\\/\\\/www.eldigitaldeasturias.com\\\/noticias\\\/#organization\",\"name\":\"El Digital de Asturias\",\"description\":\"Hemeroteca\",\"url\":\"https:\\\/\\\/www.eldigitaldeasturias.com\\\/noticias\\\/\",\"email\":\"info@eldigitaldeasturias.com\",\"telephone\":\"+34652131393\",\"logo\":{\"@type\":\"ImageObject\",\"url\":\"https:\\\/\\\/www.eldigitaldeasturias.com\\\/noticias\\\/wp-content\\\/uploads\\\/2020\\\/12\\\/EDA.jpg\",\"@id\":\"https:\\\/\\\/www.eldigitaldeasturias.com\\\/noticias\\\/manifestantes-queman-un-peaje-en-grecia-en-protesta-por-el-aumento-de-los-precios\\\/#organizationLogo\"},\"image\":{\"@id\":\"https:\\\/\\\/www.eldigitaldeasturias.com\\\/noticias\\\/manifestantes-queman-un-peaje-en-grecia-en-protesta-por-el-aumento-de-los-precios\\\/#organizationLogo\"},\"sameAs\":[\"https:\\\/\\\/facebook.com\\\/eldigitaldeasturias\",\"https:\\\/\\\/www.youtube.com\\\/channel\\\/UCZP-2wLEB9Rv6erhFmqVnvg\"],\"address\":{\"@id\":\"https:\\\/\\\/www.eldigitaldeasturias.com\\\/noticias\\\/#postaladdress\",\"@type\":\"PostalAddress\",\"streetAddress\":\"san antonio 4\",\"postalCode\":\"33430\",\"addressLocality\":\"Cand\\u00e1s\",\"addressRegion\":\"Asturias\",\"addressCountry\":\"ES\"}},{\"@type\":\"Person\",\"@id\":\"https:\\\/\\\/www.eldigitaldeasturias.com\\\/noticias\\\/author\\\/admin\\\/#author\",\"url\":\"https:\\\/\\\/www.eldigitaldeasturias.com\\\/noticias\\\/author\\\/admin\\\/\",\"name\":\"El Digital de Asturias\",\"image\":{\"@type\":\"ImageObject\",\"@id\":\"https:\\\/\\\/www.eldigitaldeasturias.com\\\/noticias\\\/manifestantes-queman-un-peaje-en-grecia-en-protesta-por-el-aumento-de-los-precios\\\/#authorImage\",\"url\":\"https:\\\/\\\/secure.gravatar.com\\\/avatar\\\/df2aeffc32bcd13f8d26072ef8a91b623d677766deac7f97ca815868cd41bf5e?s=96&d=mm&r=g\",\"width\":96,\"height\":96,\"caption\":\"El Digital de Asturias\"}},{\"@type\":\"WebPage\",\"@id\":\"https:\\\/\\\/www.eldigitaldeasturias.com\\\/noticias\\\/manifestantes-queman-un-peaje-en-grecia-en-protesta-por-el-aumento-de-los-precios\\\/#webpage\",\"url\":\"https:\\\/\\\/www.eldigitaldeasturias.com\\\/noticias\\\/manifestantes-queman-un-peaje-en-grecia-en-protesta-por-el-aumento-de-los-precios\\\/\",\"name\":\"Manifestantes queman un peaje en Grecia en protesta por el aumento de los precios - El Digital de Asturias\",\"description\":\"Atenas, 10 feb (EFE).- Unas 500 personas prendieron fuego a las cabinas de un peaje de la autopista entre Atenas y Sal\\u00f3nica, las dos principales ciudades de Grecia, en protesta por el aumento de precios impuesto por el consorcio privado que la gestiona, informaron hoy los medios griegos. Los hechos ocurrieron durante la pasada noche\",\"inLanguage\":\"es-ES\",\"isPartOf\":{\"@id\":\"https:\\\/\\\/www.eldigitaldeasturias.com\\\/noticias\\\/#website\"},\"breadcrumb\":{\"@id\":\"https:\\\/\\\/www.eldigitaldeasturias.com\\\/noticias\\\/manifestantes-queman-un-peaje-en-grecia-en-protesta-por-el-aumento-de-los-precios\\\/#breadcrumblist\"},\"author\":{\"@id\":\"https:\\\/\\\/www.eldigitaldeasturias.com\\\/noticias\\\/author\\\/admin\\\/#author\"},\"creator\":{\"@id\":\"https:\\\/\\\/www.eldigitaldeasturias.com\\\/noticias\\\/author\\\/admin\\\/#author\"},\"image\":{\"@type\":\"ImageObject\",\"url\":487906,\"@id\":\"https:\\\/\\\/www.eldigitaldeasturias.com\\\/noticias\\\/manifestantes-queman-un-peaje-en-grecia-en-protesta-por-el-aumento-de-los-precios\\\/#mainImage\"},\"primaryImageOfPage\":{\"@id\":\"https:\\\/\\\/www.eldigitaldeasturias.com\\\/noticias\\\/manifestantes-queman-un-peaje-en-grecia-en-protesta-por-el-aumento-de-los-precios\\\/#mainImage\"},\"datePublished\":\"2014-02-10T20:37:50+01:00\",\"dateModified\":\"2014-02-10T20:37:50+01:00\"},{\"@type\":\"WebSite\",\"@id\":\"https:\\\/\\\/www.eldigitaldeasturias.com\\\/noticias\\\/#website\",\"url\":\"https:\\\/\\\/www.eldigitaldeasturias.com\\\/noticias\\\/\",\"name\":\"El Digital de Asturias - Diario de actualidad y noticias\",\"alternateName\":\"El Digital de Asturias - Diario de actualidad y noticias\",\"description\":\"Hemeroteca\",\"inLanguage\":\"es-ES\",\"publisher\":{\"@id\":\"https:\\\/\\\/www.eldigitaldeasturias.com\\\/noticias\\\/#organization\"}}]}\n\t\t<\/script>\n\t\t<!-- All in One SEO Pro -->\r\n\t\t<title>Manifestantes queman un peaje en Grecia en protesta por el aumento de los precios - El Digital de Asturias<\/title>\n\n","aioseo_head_json":{"title":"Manifestantes queman un peaje en Grecia en protesta por el aumento de los precios - El Digital de Asturias","description":"Atenas, 10 feb (EFE).- Unas 500 personas prendieron fuego a las cabinas de un peaje de la autopista entre Atenas y Sal\u00f3nica, las dos principales ciudades de Grecia, en protesta por el aumento de precios impuesto por el consorcio privado que la gestiona, informaron hoy los medios griegos. Los hechos ocurrieron durante la pasada noche","canonical_url":"https:\/\/www.eldigitaldeasturias.com\/noticias\/manifestantes-queman-un-peaje-en-grecia-en-protesta-por-el-aumento-de-los-precios\/","robots":"max-image-preview:large","keywords":"actualidad","webmasterTools":{"google-site-verification":"UA-38556648-1","msvalidate.01":"7dfe9f3f1b24437ab69f4f2559babe99","miscellaneous":""},"schema":{"@context":"https:\/\/schema.org","@graph":[{"@type":"BlogPosting","@id":"https:\/\/www.eldigitaldeasturias.com\/noticias\/manifestantes-queman-un-peaje-en-grecia-en-protesta-por-el-aumento-de-los-precios\/#blogposting","name":"Manifestantes queman un peaje en Grecia en protesta por el aumento de los precios - El Digital de Asturias","headline":"Manifestantes queman un peaje en Grecia en protesta por el aumento de los precios","author":{"@id":"https:\/\/www.eldigitaldeasturias.com\/noticias\/author\/admin\/#author"},"publisher":{"@id":"https:\/\/www.eldigitaldeasturias.com\/noticias\/#organization"},"image":{"@type":"ImageObject","url":487906},"datePublished":"2014-02-10T20:37:50+01:00","dateModified":"2014-02-10T20:37:50+01:00","inLanguage":"es-ES","mainEntityOfPage":{"@id":"https:\/\/www.eldigitaldeasturias.com\/noticias\/manifestantes-queman-un-peaje-en-grecia-en-protesta-por-el-aumento-de-los-precios\/#webpage"},"isPartOf":{"@id":"https:\/\/www.eldigitaldeasturias.com\/noticias\/manifestantes-queman-un-peaje-en-grecia-en-protesta-por-el-aumento-de-los-precios\/#webpage"},"articleSection":"Actualidad"},{"@type":"BreadcrumbList","@id":"https:\/\/www.eldigitaldeasturias.com\/noticias\/manifestantes-queman-un-peaje-en-grecia-en-protesta-por-el-aumento-de-los-precios\/#breadcrumblist","itemListElement":[{"@type":"ListItem","@id":"https:\/\/www.eldigitaldeasturias.com\/noticias#listItem","position":1,"name":"Home","item":"https:\/\/www.eldigitaldeasturias.com\/noticias","nextItem":{"@type":"ListItem","@id":"https:\/\/www.eldigitaldeasturias.com\/noticias\/category\/actualidad\/#listItem","name":"Actualidad"}},{"@type":"ListItem","@id":"https:\/\/www.eldigitaldeasturias.com\/noticias\/category\/actualidad\/#listItem","position":2,"name":"Actualidad","item":"https:\/\/www.eldigitaldeasturias.com\/noticias\/category\/actualidad\/","nextItem":{"@type":"ListItem","@id":"https:\/\/www.eldigitaldeasturias.com\/noticias\/manifestantes-queman-un-peaje-en-grecia-en-protesta-por-el-aumento-de-los-precios\/#listItem","name":"Manifestantes queman un peaje en Grecia en protesta por el aumento de los precios"},"previousItem":{"@type":"ListItem","@id":"https:\/\/www.eldigitaldeasturias.com\/noticias#listItem","name":"Home"}},{"@type":"ListItem","@id":"https:\/\/www.eldigitaldeasturias.com\/noticias\/manifestantes-queman-un-peaje-en-grecia-en-protesta-por-el-aumento-de-los-precios\/#listItem","position":3,"name":"Manifestantes queman un peaje en Grecia en protesta por el aumento de los precios","previousItem":{"@type":"ListItem","@id":"https:\/\/www.eldigitaldeasturias.com\/noticias\/category\/actualidad\/#listItem","name":"Actualidad"}}]},{"@type":"Organization","@id":"https:\/\/www.eldigitaldeasturias.com\/noticias\/#organization","name":"El Digital de Asturias","description":"Hemeroteca","url":"https:\/\/www.eldigitaldeasturias.com\/noticias\/","email":"info@eldigitaldeasturias.com","telephone":"+34652131393","logo":{"@type":"ImageObject","url":"https:\/\/www.eldigitaldeasturias.com\/noticias\/wp-content\/uploads\/2020\/12\/EDA.jpg","@id":"https:\/\/www.eldigitaldeasturias.com\/noticias\/manifestantes-queman-un-peaje-en-grecia-en-protesta-por-el-aumento-de-los-precios\/#organizationLogo"},"image":{"@id":"https:\/\/www.eldigitaldeasturias.com\/noticias\/manifestantes-queman-un-peaje-en-grecia-en-protesta-por-el-aumento-de-los-precios\/#organizationLogo"},"sameAs":["https:\/\/facebook.com\/eldigitaldeasturias","https:\/\/www.youtube.com\/channel\/UCZP-2wLEB9Rv6erhFmqVnvg"],"address":{"@id":"https:\/\/www.eldigitaldeasturias.com\/noticias\/#postaladdress","@type":"PostalAddress","streetAddress":"san antonio 4","postalCode":"33430","addressLocality":"Cand\u00e1s","addressRegion":"Asturias","addressCountry":"ES"}},{"@type":"Person","@id":"https:\/\/www.eldigitaldeasturias.com\/noticias\/author\/admin\/#author","url":"https:\/\/www.eldigitaldeasturias.com\/noticias\/author\/admin\/","name":"El Digital de Asturias","image":{"@type":"ImageObject","@id":"https:\/\/www.eldigitaldeasturias.com\/noticias\/manifestantes-queman-un-peaje-en-grecia-en-protesta-por-el-aumento-de-los-precios\/#authorImage","url":"https:\/\/secure.gravatar.com\/avatar\/df2aeffc32bcd13f8d26072ef8a91b623d677766deac7f97ca815868cd41bf5e?s=96&d=mm&r=g","width":96,"height":96,"caption":"El Digital de Asturias"}},{"@type":"WebPage","@id":"https:\/\/www.eldigitaldeasturias.com\/noticias\/manifestantes-queman-un-peaje-en-grecia-en-protesta-por-el-aumento-de-los-precios\/#webpage","url":"https:\/\/www.eldigitaldeasturias.com\/noticias\/manifestantes-queman-un-peaje-en-grecia-en-protesta-por-el-aumento-de-los-precios\/","name":"Manifestantes queman un peaje en Grecia en protesta por el aumento de los precios - El Digital de Asturias","description":"Atenas, 10 feb (EFE).- Unas 500 personas prendieron fuego a las cabinas de un peaje de la autopista entre Atenas y Sal\u00f3nica, las dos principales ciudades de Grecia, en protesta por el aumento de precios impuesto por el consorcio privado que la gestiona, informaron hoy los medios griegos. Los hechos ocurrieron durante la pasada noche","inLanguage":"es-ES","isPartOf":{"@id":"https:\/\/www.eldigitaldeasturias.com\/noticias\/#website"},"breadcrumb":{"@id":"https:\/\/www.eldigitaldeasturias.com\/noticias\/manifestantes-queman-un-peaje-en-grecia-en-protesta-por-el-aumento-de-los-precios\/#breadcrumblist"},"author":{"@id":"https:\/\/www.eldigitaldeasturias.com\/noticias\/author\/admin\/#author"},"creator":{"@id":"https:\/\/www.eldigitaldeasturias.com\/noticias\/author\/admin\/#author"},"image":{"@type":"ImageObject","url":487906,"@id":"https:\/\/www.eldigitaldeasturias.com\/noticias\/manifestantes-queman-un-peaje-en-grecia-en-protesta-por-el-aumento-de-los-precios\/#mainImage"},"primaryImageOfPage":{"@id":"https:\/\/www.eldigitaldeasturias.com\/noticias\/manifestantes-queman-un-peaje-en-grecia-en-protesta-por-el-aumento-de-los-precios\/#mainImage"},"datePublished":"2014-02-10T20:37:50+01:00","dateModified":"2014-02-10T20:37:50+01:00"},{"@type":"WebSite","@id":"https:\/\/www.eldigitaldeasturias.com\/noticias\/#website","url":"https:\/\/www.eldigitaldeasturias.com\/noticias\/","name":"El Digital de Asturias - Diario de actualidad y noticias","alternateName":"El Digital de Asturias - Diario de actualidad y noticias","description":"Hemeroteca","inLanguage":"es-ES","publisher":{"@id":"https:\/\/www.eldigitaldeasturias.com\/noticias\/#organization"}}]},"og:locale":"es_ES","og:site_name":"El Digital de Asturias","og:type":"article","og:title":"Manifestantes queman un peaje en Grecia en protesta por el aumento de los precios - El Digital de Asturias","og:description":"Atenas, 10 feb (EFE).- Unas 500 personas prendieron fuego a las cabinas de un peaje de la autopista entre Atenas y Sal\u00f3nica, las dos principales ciudades de Grecia, en protesta por el aumento de precios impuesto por el consorcio privado que la gestiona, informaron hoy los medios griegos. Los hechos ocurrieron durante la pasada noche","og:url":"https:\/\/www.eldigitaldeasturias.com\/noticias\/manifestantes-queman-un-peaje-en-grecia-en-protesta-por-el-aumento-de-los-precios\/","article:tag":["actualidad"],"article:published_time":"2014-02-10T21:37:50+00:00","article:modified_time":"2014-02-10T21:37:50+00:00","article:publisher":"https:\/\/facebook.com\/eldigitaldeasturias","twitter:card":"summary_large_image","twitter:title":"Manifestantes queman un peaje en Grecia en protesta por el aumento de los precios - El Digital de Asturias","twitter:description":"Atenas, 10 feb (EFE).- Unas 500 personas prendieron fuego a las cabinas de un peaje de la autopista entre Atenas y Sal\u00f3nica, las dos principales ciudades de Grecia, en protesta por el aumento de precios impuesto por el consorcio privado que la gestiona, informaron hoy los medios griegos. Los hechos ocurrieron durante la pasada noche","twitter:label1":"Escrito por","twitter:data1":"El Digital de Asturias","twitter:label2":"Tiempo de lectura estimado","twitter:data2":"2 minutos"},"aioseo_meta_data":{"post_id":"487905","title":null,"description":null,"keywords":null,"keyphrases":null,"primary_term":null,"canonical_url":null,"og_title":null,"og_description":null,"og_object_type":"default","og_image_type":"default","og_image_url":null,"og_image_width":null,"og_image_height":null,"og_image_custom_url":null,"og_image_custom_fields":null,"og_video":null,"og_custom_url":null,"og_article_section":null,"og_article_tags":null,"twitter_use_og":true,"twitter_card":"default","twitter_image_type":"default","twitter_image_url":null,"twitter_image_custom_url":null,"twitter_image_custom_fields":null,"twitter_title":null,"twitter_description":null,"schema":{"blockGraphs":[],"customGraphs":[],"default":{"data":{"Article":[],"Course":[],"Dataset":[],"FAQPage":[],"Movie":[],"Person":[],"Product":[],"ProductReview":[],"Car":[],"Recipe":[],"Service":[],"SoftwareApplication":[],"WebPage":[]},"graphName":"","isEnabled":true},"graphs":[],"defaultGraph":"","defaultPostTypeGraph":""},"schema_type":null,"schema_type_options":null,"pillar_content":false,"robots_default":true,"robots_noindex":false,"robots_noarchive":false,"robots_nosnippet":false,"robots_nofollow":false,"robots_noimageindex":false,"robots_noodp":false,"robots_notranslate":false,"robots_max_snippet":null,"robots_max_videopreview":null,"robots_max_imagepreview":"none","priority":null,"frequency":null,"local_seo":null,"seo_analyzer_scan_date":"2026-06-03 06:15:53","breadcrumb_settings":null,"limit_modified_date":false,"open_ai":null,"ai":null,"created":"2020-11-14 22:57:04","updated":"2026-06-03 06:15:53","focus_keyword":null,"additional_keywords":null,"truseo_locale":null},"aioseo_breadcrumb":"<div class=\"aioseo-breadcrumbs\"><span class=\"aioseo-breadcrumb\">\n\t<a href=\"https:\/\/www.eldigitaldeasturias.com\/noticias\" title=\"Home\">Home<\/a>\n<\/span><span class=\"aioseo-breadcrumb-separator\">\u2013<\/span><span class=\"aioseo-breadcrumb\">\n\t<a href=\"https:\/\/www.eldigitaldeasturias.com\/noticias\/category\/actualidad\/\" title=\"Actualidad\">Actualidad<\/a>\n<\/span><span class=\"aioseo-breadcrumb-separator\">\u2013<\/span><span class=\"aioseo-breadcrumb\">\n\t<a href=\"https:\/\/www.eldigitaldeasturias.com\/noticias\/manifestantes-queman-un-peaje-en-grecia-en-protesta-por-el-aumento-de-los-precios\/\" title=\"Manifestantes queman un peaje en Grecia en protesta por el aumento de los precios\">Manifestantes queman un peaje en Grecia en protesta por el aumento de los precios<\/a>\n<\/span><\/div>","aioseo_breadcrumb_json":[{"label":"Home","link":"https:\/\/www.eldigitaldeasturias.com\/noticias"},{"label":"Actualidad","link":"https:\/\/www.eldigitaldeasturias.com\/noticias\/category\/actualidad\/"},{"label":"Manifestantes queman un peaje en Grecia en protesta por el aumento de los precios","link":"https:\/\/www.eldigitaldeasturias.com\/noticias\/manifestantes-queman-un-peaje-en-grecia-en-protesta-por-el-aumento-de-los-precios\/"}],"_links":{"self":[{"href":"https:\/\/www.eldigitaldeasturias.com\/noticias\/wp-json\/wp\/v2\/posts\/487905","targetHints":{"allow":["GET"]}}],"collection":[{"href":"https:\/\/www.eldigitaldeasturias.com\/noticias\/wp-json\/wp\/v2\/posts"}],"about":[{"href":"https:\/\/www.eldigitaldeasturias.com\/noticias\/wp-json\/wp\/v2\/types\/post"}],"author":[{"embeddable":true,"href":"https:\/\/www.eldigitaldeasturias.com\/noticias\/wp-json\/wp\/v2\/users\/1"}],"replies":[{"embeddable":true,"href":"https:\/\/www.eldigitaldeasturias.com\/noticias\/wp-json\/wp\/v2\/comments?post=487905"}],"version-history":[{"count":0,"href":"https:\/\/www.eldigitaldeasturias.com\/noticias\/wp-json\/wp\/v2\/posts\/487905\/revisions"}],"wp:attachment":[{"href":"https:\/\/www.eldigitaldeasturias.com\/noticias\/wp-json\/wp\/v2\/media?parent=487905"}],"wp:term":[{"taxonomy":"category","embeddable":true,"href":"https:\/\/www.eldigitaldeasturias.com\/noticias\/wp-json\/wp\/v2\/categories?post=487905"},{"taxonomy":"post_tag","embeddable":true,"href":"https:\/\/www.eldigitaldeasturias.com\/noticias\/wp-json\/wp\/v2\/tags?post=487905"}],"curies":[{"name":"wp","href":"https:\/\/api.w.org\/{rel}","templated":true}]}}