{"id":487899,"date":"2014-02-10T20:33:26","date_gmt":"2014-02-10T21:33:26","guid":{"rendered":"http:\/\/www.eldigitaldeasturias.com\/noticias\/?p=487899"},"modified":"2014-02-10T20:33:26","modified_gmt":"2014-02-10T21:33:26","slug":"hungria-se-enfrenta-a-austria-por-querer-expropiar-a-agricultores-extranjeros","status":"publish","type":"post","link":"https:\/\/www.eldigitaldeasturias.com\/noticias\/hungria-se-enfrenta-a-austria-por-querer-expropiar-a-agricultores-extranjeros\/","title":{"rendered":"Hungr\u00eda se enfrenta a Austria por querer expropiar a agricultores extranjeros"},"content":{"rendered":"<p><img loading=\"lazy\" decoding=\"async\" class=\"alignleft size-medium wp-image-487900\" alt=\"5926937w\" src=\"https:\/\/www.eldigitaldeasturias.com\/noticias\/wp-content\/uploads\/2014\/02\/5926937w-360x243.jpg\" width=\"360\" height=\"243\" \/>Budapest, 10 feb (EFE).- A menos de dos meses de las elecciones generales de Hungr\u00eda, el gobernante partido Fidesz, de orientaci\u00f3n nacionalista conservador, ha adoptado una controvertida ley que prev\u00e9 expropiar a agricultores extranjeros, sobre todo austr\u00edacos, e incluso amenaza con condenarlos a penas de c\u00e1rcel.<\/p>\n<p>La ley, aprobada la semana pasada gracias a la mayor\u00eda de dos tercios del Gobierno en el Parlamento, ha causado un enfriamiento de relaciones entre Budapest y Viena.<\/p>\n<p>Los austr\u00edacos han pedido por eso a la Comisi\u00f3n Europea que investigue la pol\u00e9mica normativa que afecta a unos 200 agricultores del pa\u00eds alpino.<\/p>\n<p>El trasfondo de la disputa, que se produce en plena campa\u00f1a electoral h\u00fangara de cara a las elecciones del 6 de abril, es que durante a\u00f1os se permit\u00eda en Hungr\u00eda la cesi\u00f3n de terrenos agr\u00edcolas por tiempo indefinido a cambio del pago por adelantado del arriendo.<\/p>\n<p>Si bien los ciudadanos extranjeros no pod\u00edan adquirir tierras directamente, los contratos de arriendo se efectuaban a trav\u00e9s de testaferros locales, una pr\u00e1ctica que utilizaron sobre todo agricultores de la vecina Austria.<\/p>\n<p>Con la entrada de Hungr\u00eda en la Uni\u00f3n Europea (UE) en 2004, el Gobierno magiar impuso entonces una moratoria de 10 a\u00f1os para vetar la venta de tierras a extranjeros, incluyendo a los comunitarios.<\/p>\n<p>Ese plazo vence el pr\u00f3ximo 1 de mayo, y a partir de entonces entra en vigor la ley, adoptada la semana pasada, que declara como ilegales los contratos de arriendo realizados en la d\u00e9cada de los a\u00f1os noventa del siglo pasado.<\/p>\n<p>Se estima que los austr\u00edacos cultivan unos 200.000 hect\u00e1reas en el pa\u00eds vecino, una cifra que el Gobierno h\u00fangaro eleva incluso hasta 700.000 hect\u00e1reas, lo que ser\u00eda m\u00e1s del 10 % del total de tierra cultivable.<\/p>\n<p>Viena critica que con la nueva ley no solo sus agricultores perder\u00edan los terrenos que cultivan, sino que tampoco se les indemnizar\u00eda a pesar de haber pagado por adelantado el arriendo, al tiempo que se les amenaza con hasta cinco a\u00f1os de c\u00e1rcel<\/p>\n<p>El ministro austr\u00edaco de Agricultura, Andr\u00e4 Rupprechter, asegura que esa ley es \u00abinaceptable y contrario al derecho comunitario\u00bb.<\/p>\n<p>En dos ocasiones el ministro austr\u00edaco trat\u00f3 de reunirse en enero con su hom\u00f3logo h\u00fangaro, Sandor Fazekas, quien sin embargo esquiv\u00f3 las citas alegando problemas de agenda, lo que Rupprechter calific\u00f3 como \u00abincre\u00edble acto de rechazo al di\u00e1logo\u00bb.<\/p>\n<p>\u00abEs in\u00e9dito en Europa que un ministro se niegue a debatir sobre un asunto europeo\u00bb, asever\u00f3 el ministro austr\u00edaco.<\/p>\n<p>Fazekas, por su parte, considera como \u00abinnecesario\u00bb encontrase con su hom\u00f3logo austr\u00edaco, ya que seg\u00fan la legislaci\u00f3n h\u00fangara los agricultores extranjeros consiguieron el derecho de arrendamiento en Hungr\u00eda de forma ilegal, \u00abalgo que no se puede cuestionar\u00bb.<\/p>\n<p>Con la nueva ley, Budapest pretende \u00abrestablecer una situaci\u00f3n normal\u00bb, dice el ministro, aunque algunos expertos, tambi\u00e9n h\u00fangaros, advierten de lo contrario.<\/p>\n<p>El abogado G\u00e1bor Magyar, especialista en derecho comunitario, asegura en declaraciones a Efe que la norma aprobada \u00abplantea la posibilidad de herir el derecho comunitario sobre la propiedad\u00bb.<\/p>\n<p>Adem\u00e1s, la pol\u00e9mica ley en s\u00ed no sirve para identificar cu\u00e1les fueron las adquisiciones de tierras ilegales, agrega el jurista.<\/p>\n<p>\u00abSe trata de una intervenci\u00f3n agresiva del Estado en asuntos penales civiles\u00bb, se\u00f1ala el abogado, que alerta que solo habr\u00eda bastado fijar que estos contratos se realicen ante un notario.<\/p>\n<p>\u00abDe esta manera los contratos realizados sin fecha (\u00abilegales\u00bb seg\u00fan el Gobierno), no servir\u00edan para nada durante la moratoria\u00bb, concluye el abogado.<\/p>\n<p>Mientras tanto, Austria ha retirado su amenaza de presentar la disputa lo antes posible al consejo de ministro de Agricultura, ya que desea esperar primero la opini\u00f3n de la Comisi\u00f3n Europea.<\/p>\n<p>Y \u00e9sta podr\u00eda exigirle a Budapest que revise su ley y en caso de que eso no suceda, podr\u00eda luego iniciar un expediente legal contra Hungr\u00eda por violaci\u00f3n de derecho comunitario.<\/p>\n<p>Marcelo Nagy<\/p>\n<p>&nbsp;<\/p>\n","protected":false},"excerpt":{"rendered":"<p>Budapest, 10 feb (EFE).- A menos de dos meses de las elecciones generales de Hungr\u00eda, el gobernante partido Fidesz, de orientaci\u00f3n nacionalista conservador, ha adoptado una controvertida ley que prev\u00e9 expropiar a agricultores extranjeros, sobre todo austr\u00edacos, e incluso amenaza con condenarlos a penas de c\u00e1rcel. La ley, aprobada la semana pasada gracias a la [&hellip;]<\/p>\n","protected":false},"author":1,"featured_media":487900,"comment_status":"closed","ping_status":"closed","sticky":false,"template":"","format":"standard","meta":{"footnotes":""},"categories":[1],"tags":[],"class_list":["post-487899","post","type-post","status-publish","format-standard","has-post-thumbnail","hentry","category-actualidad"],"aioseo_notices":[],"aioseo_head":"\n\t\t<!-- All in One SEO Pro 5.0.1 - aioseo.com -->\n\t<meta name=\"description\" content=\"Budapest, 10 feb (EFE).- A menos de dos meses de las elecciones generales de Hungr\u00eda, el gobernante partido Fidesz, de orientaci\u00f3n nacionalista conservador, ha adoptado una controvertida ley que prev\u00e9 expropiar a agricultores extranjeros, sobre todo austr\u00edacos, e incluso amenaza con condenarlos a penas de c\u00e1rcel. La ley, aprobada la semana pasada gracias a la\" \/>\n\t<meta name=\"robots\" content=\"max-image-preview:large\" \/>\n\t<meta name=\"author\" content=\"El Digital de Asturias\"\/>\n\t<meta name=\"google-site-verification\" content=\"UA-38556648-1\" \/>\n\t<meta name=\"msvalidate.01\" content=\"7dfe9f3f1b24437ab69f4f2559babe99\" \/>\n\t<meta name=\"keywords\" content=\"actualidad\" \/>\n\t<link rel=\"canonical\" href=\"https:\/\/www.eldigitaldeasturias.com\/noticias\/hungria-se-enfrenta-a-austria-por-querer-expropiar-a-agricultores-extranjeros\/\" \/>\n\t<meta name=\"generator\" content=\"All in One SEO Pro (AIOSEO) 5.0.1\" \/>\n\t\t<meta property=\"og:locale\" content=\"es_ES\" \/>\n\t\t<meta property=\"og:site_name\" content=\"El Digital de Asturias\" \/>\n\t\t<meta property=\"og:type\" content=\"article\" \/>\n\t\t<meta property=\"og:title\" content=\"Hungr\u00eda se enfrenta a Austria por querer expropiar a agricultores extranjeros - El Digital de Asturias\" \/>\n\t\t<meta property=\"og:description\" content=\"Budapest, 10 feb (EFE).- A menos de dos meses de las elecciones generales de Hungr\u00eda, el gobernante partido Fidesz, de orientaci\u00f3n nacionalista conservador, ha adoptado una controvertida ley que prev\u00e9 expropiar a agricultores extranjeros, sobre todo austr\u00edacos, e incluso amenaza con condenarlos a penas de c\u00e1rcel. La ley, aprobada la semana pasada gracias a la\" \/>\n\t\t<meta property=\"og:url\" content=\"https:\/\/www.eldigitaldeasturias.com\/noticias\/hungria-se-enfrenta-a-austria-por-querer-expropiar-a-agricultores-extranjeros\/\" \/>\n\t\t<meta property=\"article:tag\" content=\"actualidad\" \/>\n\t\t<meta property=\"article:published_time\" content=\"2014-02-10T21:33:26+00:00\" \/>\n\t\t<meta property=\"article:modified_time\" content=\"2014-02-10T21:33:26+00:00\" \/>\n\t\t<meta property=\"article:publisher\" content=\"https:\/\/facebook.com\/eldigitaldeasturias\" \/>\n\t\t<meta name=\"twitter:card\" content=\"summary_large_image\" \/>\n\t\t<meta name=\"twitter:title\" content=\"Hungr\u00eda se enfrenta a Austria por querer expropiar a agricultores extranjeros - El Digital de Asturias\" \/>\n\t\t<meta name=\"twitter:description\" content=\"Budapest, 10 feb (EFE).- A menos de dos meses de las elecciones generales de Hungr\u00eda, el gobernante partido Fidesz, de orientaci\u00f3n nacionalista conservador, ha adoptado una controvertida ley que prev\u00e9 expropiar a agricultores extranjeros, sobre todo austr\u00edacos, e incluso amenaza con condenarlos a penas de c\u00e1rcel. La ley, aprobada la semana pasada gracias a la\" \/>\n\t\t<meta name=\"twitter:label1\" content=\"Escrito por\" \/>\n\t\t<meta name=\"twitter:data1\" content=\"El Digital de Asturias\" \/>\n\t\t<meta name=\"twitter:label2\" content=\"Tiempo de lectura estimado\" \/>\n\t\t<meta name=\"twitter:data2\" content=\"3 minutos\" \/>\n\t\t<script type=\"application\/ld+json\" class=\"aioseo-schema\">\n\t\t\t{\"@context\":\"https:\\\/\\\/schema.org\",\"@graph\":[{\"@type\":\"BlogPosting\",\"@id\":\"https:\\\/\\\/www.eldigitaldeasturias.com\\\/noticias\\\/hungria-se-enfrenta-a-austria-por-querer-expropiar-a-agricultores-extranjeros\\\/#blogposting\",\"name\":\"Hungr\\u00eda se enfrenta a Austria por querer expropiar a agricultores extranjeros - El Digital de Asturias\",\"headline\":\"Hungr\\u00eda se enfrenta a Austria por querer expropiar a agricultores extranjeros\",\"author\":{\"@id\":\"https:\\\/\\\/www.eldigitaldeasturias.com\\\/noticias\\\/author\\\/admin\\\/#author\"},\"publisher\":{\"@id\":\"https:\\\/\\\/www.eldigitaldeasturias.com\\\/noticias\\\/#organization\"},\"image\":{\"@type\":\"ImageObject\",\"url\":487900},\"datePublished\":\"2014-02-10T20:33:26+01:00\",\"dateModified\":\"2014-02-10T20:33:26+01:00\",\"inLanguage\":\"es-ES\",\"mainEntityOfPage\":{\"@id\":\"https:\\\/\\\/www.eldigitaldeasturias.com\\\/noticias\\\/hungria-se-enfrenta-a-austria-por-querer-expropiar-a-agricultores-extranjeros\\\/#webpage\"},\"isPartOf\":{\"@id\":\"https:\\\/\\\/www.eldigitaldeasturias.com\\\/noticias\\\/hungria-se-enfrenta-a-austria-por-querer-expropiar-a-agricultores-extranjeros\\\/#webpage\"},\"articleSection\":\"Actualidad\"},{\"@type\":\"BreadcrumbList\",\"@id\":\"https:\\\/\\\/www.eldigitaldeasturias.com\\\/noticias\\\/hungria-se-enfrenta-a-austria-por-querer-expropiar-a-agricultores-extranjeros\\\/#breadcrumblist\",\"itemListElement\":[{\"@type\":\"ListItem\",\"@id\":\"https:\\\/\\\/www.eldigitaldeasturias.com\\\/noticias#listItem\",\"position\":1,\"name\":\"Home\",\"item\":\"https:\\\/\\\/www.eldigitaldeasturias.com\\\/noticias\",\"nextItem\":{\"@type\":\"ListItem\",\"@id\":\"https:\\\/\\\/www.eldigitaldeasturias.com\\\/noticias\\\/category\\\/actualidad\\\/#listItem\",\"name\":\"Actualidad\"}},{\"@type\":\"ListItem\",\"@id\":\"https:\\\/\\\/www.eldigitaldeasturias.com\\\/noticias\\\/category\\\/actualidad\\\/#listItem\",\"position\":2,\"name\":\"Actualidad\",\"item\":\"https:\\\/\\\/www.eldigitaldeasturias.com\\\/noticias\\\/category\\\/actualidad\\\/\",\"nextItem\":{\"@type\":\"ListItem\",\"@id\":\"https:\\\/\\\/www.eldigitaldeasturias.com\\\/noticias\\\/hungria-se-enfrenta-a-austria-por-querer-expropiar-a-agricultores-extranjeros\\\/#listItem\",\"name\":\"Hungr\\u00eda se enfrenta a Austria por querer expropiar a agricultores extranjeros\"},\"previousItem\":{\"@type\":\"ListItem\",\"@id\":\"https:\\\/\\\/www.eldigitaldeasturias.com\\\/noticias#listItem\",\"name\":\"Home\"}},{\"@type\":\"ListItem\",\"@id\":\"https:\\\/\\\/www.eldigitaldeasturias.com\\\/noticias\\\/hungria-se-enfrenta-a-austria-por-querer-expropiar-a-agricultores-extranjeros\\\/#listItem\",\"position\":3,\"name\":\"Hungr\\u00eda se enfrenta a Austria por querer expropiar a agricultores extranjeros\",\"previousItem\":{\"@type\":\"ListItem\",\"@id\":\"https:\\\/\\\/www.eldigitaldeasturias.com\\\/noticias\\\/category\\\/actualidad\\\/#listItem\",\"name\":\"Actualidad\"}}]},{\"@type\":\"Organization\",\"@id\":\"https:\\\/\\\/www.eldigitaldeasturias.com\\\/noticias\\\/#organization\",\"name\":\"El Digital de Asturias\",\"description\":\"Hemeroteca\",\"url\":\"https:\\\/\\\/www.eldigitaldeasturias.com\\\/noticias\\\/\",\"email\":\"info@eldigitaldeasturias.com\",\"telephone\":\"+34652131393\",\"logo\":{\"@type\":\"ImageObject\",\"url\":\"https:\\\/\\\/www.eldigitaldeasturias.com\\\/noticias\\\/wp-content\\\/uploads\\\/2020\\\/12\\\/EDA.jpg\",\"@id\":\"https:\\\/\\\/www.eldigitaldeasturias.com\\\/noticias\\\/hungria-se-enfrenta-a-austria-por-querer-expropiar-a-agricultores-extranjeros\\\/#organizationLogo\"},\"image\":{\"@id\":\"https:\\\/\\\/www.eldigitaldeasturias.com\\\/noticias\\\/hungria-se-enfrenta-a-austria-por-querer-expropiar-a-agricultores-extranjeros\\\/#organizationLogo\"},\"sameAs\":[\"https:\\\/\\\/facebook.com\\\/eldigitaldeasturias\",\"https:\\\/\\\/www.youtube.com\\\/channel\\\/UCZP-2wLEB9Rv6erhFmqVnvg\"],\"address\":{\"@id\":\"https:\\\/\\\/www.eldigitaldeasturias.com\\\/noticias\\\/#postaladdress\",\"@type\":\"PostalAddress\",\"streetAddress\":\"san antonio 4\",\"postalCode\":\"33430\",\"addressLocality\":\"Cand\\u00e1s\",\"addressRegion\":\"Asturias\",\"addressCountry\":\"ES\"}},{\"@type\":\"Person\",\"@id\":\"https:\\\/\\\/www.eldigitaldeasturias.com\\\/noticias\\\/author\\\/admin\\\/#author\",\"url\":\"https:\\\/\\\/www.eldigitaldeasturias.com\\\/noticias\\\/author\\\/admin\\\/\",\"name\":\"El Digital de Asturias\",\"image\":{\"@type\":\"ImageObject\",\"@id\":\"https:\\\/\\\/www.eldigitaldeasturias.com\\\/noticias\\\/hungria-se-enfrenta-a-austria-por-querer-expropiar-a-agricultores-extranjeros\\\/#authorImage\",\"url\":\"https:\\\/\\\/secure.gravatar.com\\\/avatar\\\/df2aeffc32bcd13f8d26072ef8a91b623d677766deac7f97ca815868cd41bf5e?s=96&d=mm&r=g\",\"width\":96,\"height\":96,\"caption\":\"El Digital de Asturias\"}},{\"@type\":\"WebPage\",\"@id\":\"https:\\\/\\\/www.eldigitaldeasturias.com\\\/noticias\\\/hungria-se-enfrenta-a-austria-por-querer-expropiar-a-agricultores-extranjeros\\\/#webpage\",\"url\":\"https:\\\/\\\/www.eldigitaldeasturias.com\\\/noticias\\\/hungria-se-enfrenta-a-austria-por-querer-expropiar-a-agricultores-extranjeros\\\/\",\"name\":\"Hungr\\u00eda se enfrenta a Austria por querer expropiar a agricultores extranjeros - El Digital de Asturias\",\"description\":\"Budapest, 10 feb (EFE).- A menos de dos meses de las elecciones generales de Hungr\\u00eda, el gobernante partido Fidesz, de orientaci\\u00f3n nacionalista conservador, ha adoptado una controvertida ley que prev\\u00e9 expropiar a agricultores extranjeros, sobre todo austr\\u00edacos, e incluso amenaza con condenarlos a penas de c\\u00e1rcel. La ley, aprobada la semana pasada gracias a la\",\"inLanguage\":\"es-ES\",\"isPartOf\":{\"@id\":\"https:\\\/\\\/www.eldigitaldeasturias.com\\\/noticias\\\/#website\"},\"breadcrumb\":{\"@id\":\"https:\\\/\\\/www.eldigitaldeasturias.com\\\/noticias\\\/hungria-se-enfrenta-a-austria-por-querer-expropiar-a-agricultores-extranjeros\\\/#breadcrumblist\"},\"author\":{\"@id\":\"https:\\\/\\\/www.eldigitaldeasturias.com\\\/noticias\\\/author\\\/admin\\\/#author\"},\"creator\":{\"@id\":\"https:\\\/\\\/www.eldigitaldeasturias.com\\\/noticias\\\/author\\\/admin\\\/#author\"},\"image\":{\"@type\":\"ImageObject\",\"url\":487900,\"@id\":\"https:\\\/\\\/www.eldigitaldeasturias.com\\\/noticias\\\/hungria-se-enfrenta-a-austria-por-querer-expropiar-a-agricultores-extranjeros\\\/#mainImage\"},\"primaryImageOfPage\":{\"@id\":\"https:\\\/\\\/www.eldigitaldeasturias.com\\\/noticias\\\/hungria-se-enfrenta-a-austria-por-querer-expropiar-a-agricultores-extranjeros\\\/#mainImage\"},\"datePublished\":\"2014-02-10T20:33:26+01:00\",\"dateModified\":\"2014-02-10T20:33:26+01:00\"},{\"@type\":\"WebSite\",\"@id\":\"https:\\\/\\\/www.eldigitaldeasturias.com\\\/noticias\\\/#website\",\"url\":\"https:\\\/\\\/www.eldigitaldeasturias.com\\\/noticias\\\/\",\"name\":\"El Digital de Asturias - Diario de actualidad y noticias\",\"alternateName\":\"El Digital de Asturias - Diario de actualidad y noticias\",\"description\":\"Hemeroteca\",\"inLanguage\":\"es-ES\",\"publisher\":{\"@id\":\"https:\\\/\\\/www.eldigitaldeasturias.com\\\/noticias\\\/#organization\"}}]}\n\t\t<\/script>\n\t\t<!-- All in One SEO Pro -->\r\n\t\t<title>Hungr\u00eda se enfrenta a Austria por querer expropiar a agricultores extranjeros - El Digital de Asturias<\/title>\n\n","aioseo_head_json":{"title":"Hungr\u00eda se enfrenta a Austria por querer expropiar a agricultores extranjeros - El Digital de Asturias","description":"Budapest, 10 feb (EFE).- A menos de dos meses de las elecciones generales de Hungr\u00eda, el gobernante partido Fidesz, de orientaci\u00f3n nacionalista conservador, ha adoptado una controvertida ley que prev\u00e9 expropiar a agricultores extranjeros, sobre todo austr\u00edacos, e incluso amenaza con condenarlos a penas de c\u00e1rcel. La ley, aprobada la semana pasada gracias a la","canonical_url":"https:\/\/www.eldigitaldeasturias.com\/noticias\/hungria-se-enfrenta-a-austria-por-querer-expropiar-a-agricultores-extranjeros\/","robots":"max-image-preview:large","keywords":"actualidad","webmasterTools":{"google-site-verification":"UA-38556648-1","msvalidate.01":"7dfe9f3f1b24437ab69f4f2559babe99","miscellaneous":""},"schema":{"@context":"https:\/\/schema.org","@graph":[{"@type":"BlogPosting","@id":"https:\/\/www.eldigitaldeasturias.com\/noticias\/hungria-se-enfrenta-a-austria-por-querer-expropiar-a-agricultores-extranjeros\/#blogposting","name":"Hungr\u00eda se enfrenta a Austria por querer expropiar a agricultores extranjeros - El Digital de Asturias","headline":"Hungr\u00eda se enfrenta a Austria por querer expropiar a agricultores extranjeros","author":{"@id":"https:\/\/www.eldigitaldeasturias.com\/noticias\/author\/admin\/#author"},"publisher":{"@id":"https:\/\/www.eldigitaldeasturias.com\/noticias\/#organization"},"image":{"@type":"ImageObject","url":487900},"datePublished":"2014-02-10T20:33:26+01:00","dateModified":"2014-02-10T20:33:26+01:00","inLanguage":"es-ES","mainEntityOfPage":{"@id":"https:\/\/www.eldigitaldeasturias.com\/noticias\/hungria-se-enfrenta-a-austria-por-querer-expropiar-a-agricultores-extranjeros\/#webpage"},"isPartOf":{"@id":"https:\/\/www.eldigitaldeasturias.com\/noticias\/hungria-se-enfrenta-a-austria-por-querer-expropiar-a-agricultores-extranjeros\/#webpage"},"articleSection":"Actualidad"},{"@type":"BreadcrumbList","@id":"https:\/\/www.eldigitaldeasturias.com\/noticias\/hungria-se-enfrenta-a-austria-por-querer-expropiar-a-agricultores-extranjeros\/#breadcrumblist","itemListElement":[{"@type":"ListItem","@id":"https:\/\/www.eldigitaldeasturias.com\/noticias#listItem","position":1,"name":"Home","item":"https:\/\/www.eldigitaldeasturias.com\/noticias","nextItem":{"@type":"ListItem","@id":"https:\/\/www.eldigitaldeasturias.com\/noticias\/category\/actualidad\/#listItem","name":"Actualidad"}},{"@type":"ListItem","@id":"https:\/\/www.eldigitaldeasturias.com\/noticias\/category\/actualidad\/#listItem","position":2,"name":"Actualidad","item":"https:\/\/www.eldigitaldeasturias.com\/noticias\/category\/actualidad\/","nextItem":{"@type":"ListItem","@id":"https:\/\/www.eldigitaldeasturias.com\/noticias\/hungria-se-enfrenta-a-austria-por-querer-expropiar-a-agricultores-extranjeros\/#listItem","name":"Hungr\u00eda se enfrenta a Austria por querer expropiar a agricultores extranjeros"},"previousItem":{"@type":"ListItem","@id":"https:\/\/www.eldigitaldeasturias.com\/noticias#listItem","name":"Home"}},{"@type":"ListItem","@id":"https:\/\/www.eldigitaldeasturias.com\/noticias\/hungria-se-enfrenta-a-austria-por-querer-expropiar-a-agricultores-extranjeros\/#listItem","position":3,"name":"Hungr\u00eda se enfrenta a Austria por querer expropiar a agricultores extranjeros","previousItem":{"@type":"ListItem","@id":"https:\/\/www.eldigitaldeasturias.com\/noticias\/category\/actualidad\/#listItem","name":"Actualidad"}}]},{"@type":"Organization","@id":"https:\/\/www.eldigitaldeasturias.com\/noticias\/#organization","name":"El Digital de Asturias","description":"Hemeroteca","url":"https:\/\/www.eldigitaldeasturias.com\/noticias\/","email":"info@eldigitaldeasturias.com","telephone":"+34652131393","logo":{"@type":"ImageObject","url":"https:\/\/www.eldigitaldeasturias.com\/noticias\/wp-content\/uploads\/2020\/12\/EDA.jpg","@id":"https:\/\/www.eldigitaldeasturias.com\/noticias\/hungria-se-enfrenta-a-austria-por-querer-expropiar-a-agricultores-extranjeros\/#organizationLogo"},"image":{"@id":"https:\/\/www.eldigitaldeasturias.com\/noticias\/hungria-se-enfrenta-a-austria-por-querer-expropiar-a-agricultores-extranjeros\/#organizationLogo"},"sameAs":["https:\/\/facebook.com\/eldigitaldeasturias","https:\/\/www.youtube.com\/channel\/UCZP-2wLEB9Rv6erhFmqVnvg"],"address":{"@id":"https:\/\/www.eldigitaldeasturias.com\/noticias\/#postaladdress","@type":"PostalAddress","streetAddress":"san antonio 4","postalCode":"33430","addressLocality":"Cand\u00e1s","addressRegion":"Asturias","addressCountry":"ES"}},{"@type":"Person","@id":"https:\/\/www.eldigitaldeasturias.com\/noticias\/author\/admin\/#author","url":"https:\/\/www.eldigitaldeasturias.com\/noticias\/author\/admin\/","name":"El Digital de Asturias","image":{"@type":"ImageObject","@id":"https:\/\/www.eldigitaldeasturias.com\/noticias\/hungria-se-enfrenta-a-austria-por-querer-expropiar-a-agricultores-extranjeros\/#authorImage","url":"https:\/\/secure.gravatar.com\/avatar\/df2aeffc32bcd13f8d26072ef8a91b623d677766deac7f97ca815868cd41bf5e?s=96&d=mm&r=g","width":96,"height":96,"caption":"El Digital de Asturias"}},{"@type":"WebPage","@id":"https:\/\/www.eldigitaldeasturias.com\/noticias\/hungria-se-enfrenta-a-austria-por-querer-expropiar-a-agricultores-extranjeros\/#webpage","url":"https:\/\/www.eldigitaldeasturias.com\/noticias\/hungria-se-enfrenta-a-austria-por-querer-expropiar-a-agricultores-extranjeros\/","name":"Hungr\u00eda se enfrenta a Austria por querer expropiar a agricultores extranjeros - El Digital de Asturias","description":"Budapest, 10 feb (EFE).- A menos de dos meses de las elecciones generales de Hungr\u00eda, el gobernante partido Fidesz, de orientaci\u00f3n nacionalista conservador, ha adoptado una controvertida ley que prev\u00e9 expropiar a agricultores extranjeros, sobre todo austr\u00edacos, e incluso amenaza con condenarlos a penas de c\u00e1rcel. La ley, aprobada la semana pasada gracias a la","inLanguage":"es-ES","isPartOf":{"@id":"https:\/\/www.eldigitaldeasturias.com\/noticias\/#website"},"breadcrumb":{"@id":"https:\/\/www.eldigitaldeasturias.com\/noticias\/hungria-se-enfrenta-a-austria-por-querer-expropiar-a-agricultores-extranjeros\/#breadcrumblist"},"author":{"@id":"https:\/\/www.eldigitaldeasturias.com\/noticias\/author\/admin\/#author"},"creator":{"@id":"https:\/\/www.eldigitaldeasturias.com\/noticias\/author\/admin\/#author"},"image":{"@type":"ImageObject","url":487900,"@id":"https:\/\/www.eldigitaldeasturias.com\/noticias\/hungria-se-enfrenta-a-austria-por-querer-expropiar-a-agricultores-extranjeros\/#mainImage"},"primaryImageOfPage":{"@id":"https:\/\/www.eldigitaldeasturias.com\/noticias\/hungria-se-enfrenta-a-austria-por-querer-expropiar-a-agricultores-extranjeros\/#mainImage"},"datePublished":"2014-02-10T20:33:26+01:00","dateModified":"2014-02-10T20:33:26+01:00"},{"@type":"WebSite","@id":"https:\/\/www.eldigitaldeasturias.com\/noticias\/#website","url":"https:\/\/www.eldigitaldeasturias.com\/noticias\/","name":"El Digital de Asturias - Diario de actualidad y noticias","alternateName":"El Digital de Asturias - Diario de actualidad y noticias","description":"Hemeroteca","inLanguage":"es-ES","publisher":{"@id":"https:\/\/www.eldigitaldeasturias.com\/noticias\/#organization"}}]},"og:locale":"es_ES","og:site_name":"El Digital de Asturias","og:type":"article","og:title":"Hungr\u00eda se enfrenta a Austria por querer expropiar a agricultores extranjeros - El Digital de Asturias","og:description":"Budapest, 10 feb (EFE).- A menos de dos meses de las elecciones generales de Hungr\u00eda, el gobernante partido Fidesz, de orientaci\u00f3n nacionalista conservador, ha adoptado una controvertida ley que prev\u00e9 expropiar a agricultores extranjeros, sobre todo austr\u00edacos, e incluso amenaza con condenarlos a penas de c\u00e1rcel. La ley, aprobada la semana pasada gracias a la","og:url":"https:\/\/www.eldigitaldeasturias.com\/noticias\/hungria-se-enfrenta-a-austria-por-querer-expropiar-a-agricultores-extranjeros\/","article:tag":["actualidad"],"article:published_time":"2014-02-10T21:33:26+00:00","article:modified_time":"2014-02-10T21:33:26+00:00","article:publisher":"https:\/\/facebook.com\/eldigitaldeasturias","twitter:card":"summary_large_image","twitter:title":"Hungr\u00eda se enfrenta a Austria por querer expropiar a agricultores extranjeros - El Digital de Asturias","twitter:description":"Budapest, 10 feb (EFE).- A menos de dos meses de las elecciones generales de Hungr\u00eda, el gobernante partido Fidesz, de orientaci\u00f3n nacionalista conservador, ha adoptado una controvertida ley que prev\u00e9 expropiar a agricultores extranjeros, sobre todo austr\u00edacos, e incluso amenaza con condenarlos a penas de c\u00e1rcel. La ley, aprobada la semana pasada gracias a la","twitter:label1":"Escrito por","twitter:data1":"El Digital de Asturias","twitter:label2":"Tiempo de lectura estimado","twitter:data2":"3 minutos"},"aioseo_meta_data":{"post_id":"487899","title":null,"description":null,"keywords":null,"keyphrases":null,"primary_term":null,"canonical_url":null,"og_title":null,"og_description":null,"og_object_type":"default","og_image_type":"default","og_image_url":null,"og_image_width":null,"og_image_height":null,"og_image_custom_url":null,"og_image_custom_fields":null,"og_video":null,"og_custom_url":null,"og_article_section":null,"og_article_tags":null,"twitter_use_og":true,"twitter_card":"default","twitter_image_type":"default","twitter_image_url":null,"twitter_image_custom_url":null,"twitter_image_custom_fields":null,"twitter_title":null,"twitter_description":null,"schema":{"blockGraphs":[],"customGraphs":[],"default":{"data":{"Article":[],"Course":[],"Dataset":[],"FAQPage":[],"Movie":[],"Person":[],"Product":[],"ProductReview":[],"Car":[],"Recipe":[],"Service":[],"SoftwareApplication":[],"WebPage":[]},"graphName":"","isEnabled":true},"graphs":[],"defaultGraph":"","defaultPostTypeGraph":""},"schema_type":null,"schema_type_options":null,"pillar_content":false,"robots_default":true,"robots_noindex":false,"robots_noarchive":false,"robots_nosnippet":false,"robots_nofollow":false,"robots_noimageindex":false,"robots_noodp":false,"robots_notranslate":false,"robots_max_snippet":null,"robots_max_videopreview":null,"robots_max_imagepreview":"none","priority":null,"frequency":null,"local_seo":null,"seo_analyzer_scan_date":"2026-06-03 06:15:51","breadcrumb_settings":null,"limit_modified_date":false,"open_ai":null,"ai":null,"created":"2020-11-14 22:57:04","updated":"2026-06-03 06:15:51","focus_keyword":null,"additional_keywords":null,"truseo_locale":null},"aioseo_breadcrumb":"<div class=\"aioseo-breadcrumbs\"><span class=\"aioseo-breadcrumb\">\n\t<a href=\"https:\/\/www.eldigitaldeasturias.com\/noticias\" title=\"Home\">Home<\/a>\n<\/span><span class=\"aioseo-breadcrumb-separator\">\u2013<\/span><span class=\"aioseo-breadcrumb\">\n\t<a href=\"https:\/\/www.eldigitaldeasturias.com\/noticias\/category\/actualidad\/\" title=\"Actualidad\">Actualidad<\/a>\n<\/span><span class=\"aioseo-breadcrumb-separator\">\u2013<\/span><span class=\"aioseo-breadcrumb\">\n\t<a href=\"https:\/\/www.eldigitaldeasturias.com\/noticias\/hungria-se-enfrenta-a-austria-por-querer-expropiar-a-agricultores-extranjeros\/\" title=\"Hungr\u00eda se enfrenta a Austria por querer expropiar a agricultores extranjeros\">Hungr\u00eda se enfrenta a Austria por querer expropiar a agricultores extranjeros<\/a>\n<\/span><\/div>","aioseo_breadcrumb_json":[{"label":"Home","link":"https:\/\/www.eldigitaldeasturias.com\/noticias"},{"label":"Actualidad","link":"https:\/\/www.eldigitaldeasturias.com\/noticias\/category\/actualidad\/"},{"label":"Hungr\u00eda se enfrenta a Austria por querer expropiar a agricultores extranjeros","link":"https:\/\/www.eldigitaldeasturias.com\/noticias\/hungria-se-enfrenta-a-austria-por-querer-expropiar-a-agricultores-extranjeros\/"}],"_links":{"self":[{"href":"https:\/\/www.eldigitaldeasturias.com\/noticias\/wp-json\/wp\/v2\/posts\/487899","targetHints":{"allow":["GET"]}}],"collection":[{"href":"https:\/\/www.eldigitaldeasturias.com\/noticias\/wp-json\/wp\/v2\/posts"}],"about":[{"href":"https:\/\/www.eldigitaldeasturias.com\/noticias\/wp-json\/wp\/v2\/types\/post"}],"author":[{"embeddable":true,"href":"https:\/\/www.eldigitaldeasturias.com\/noticias\/wp-json\/wp\/v2\/users\/1"}],"replies":[{"embeddable":true,"href":"https:\/\/www.eldigitaldeasturias.com\/noticias\/wp-json\/wp\/v2\/comments?post=487899"}],"version-history":[{"count":0,"href":"https:\/\/www.eldigitaldeasturias.com\/noticias\/wp-json\/wp\/v2\/posts\/487899\/revisions"}],"wp:attachment":[{"href":"https:\/\/www.eldigitaldeasturias.com\/noticias\/wp-json\/wp\/v2\/media?parent=487899"}],"wp:term":[{"taxonomy":"category","embeddable":true,"href":"https:\/\/www.eldigitaldeasturias.com\/noticias\/wp-json\/wp\/v2\/categories?post=487899"},{"taxonomy":"post_tag","embeddable":true,"href":"https:\/\/www.eldigitaldeasturias.com\/noticias\/wp-json\/wp\/v2\/tags?post=487899"}],"curies":[{"name":"wp","href":"https:\/\/api.w.org\/{rel}","templated":true}]}}