{"id":487865,"date":"2014-02-10T20:22:10","date_gmt":"2014-02-10T21:22:10","guid":{"rendered":"http:\/\/www.eldigitaldeasturias.com\/noticias\/?p=487865"},"modified":"2014-02-10T20:22:10","modified_gmt":"2014-02-10T21:22:10","slug":"rajoy-explica-hoy-a-cinco-ministros-europeos-su-reforma-de-la-administracion","status":"publish","type":"post","link":"https:\/\/www.eldigitaldeasturias.com\/noticias\/rajoy-explica-hoy-a-cinco-ministros-europeos-su-reforma-de-la-administracion\/","title":{"rendered":"Rajoy explica hoy a cinco ministros europeos su reforma de la Administraci\u00f3n"},"content":{"rendered":"<p><img loading=\"lazy\" decoding=\"async\" class=\"alignleft size-medium wp-image-487866\" alt=\"5926758w\" src=\"https:\/\/www.eldigitaldeasturias.com\/noticias\/wp-content\/uploads\/2014\/02\/5926758w-360x239.jpg\" width=\"360\" height=\"239\" \/>Madrid, 10 feb (EFE).- El presidente del Gobierno, Mariano Rajoy, preside hoy lunes en el Palacio de la Moncloa un acto con ministros de Francia, Reino Unido, Italia, Portugal y Polonia para explicarles la reforma de la administraci\u00f3n que se ha puesto en marcha en Espa\u00f1a y escuchar sus experiencias en este \u00e1mbito.<\/p>\n<p>Seg\u00fan el Ejecutivo, el objetivo de esta jornada es hacer part\u00edcipes a estos ministros, encargados de las reformas de la Administraci\u00f3n en sus respectivos pa\u00edses, de las acciones que se est\u00e1n llevando a cabo en Espa\u00f1a, los avances y sus efectos, intercambiar impresiones e impulsar nuevas iniciativas.<\/p>\n<p>Rajoy ser\u00e1 el encargado de clausurar el acto, en el que tambi\u00e9n intervendr\u00e1n la vicepresidenta, Soraya S\u00e1enz de Santamar\u00eda, que preside la Comisi\u00f3n para la Reforma de las Administraciones P\u00fablicas (CORA), as\u00ed como el ministro de Hacienda y Administraciones P\u00fablicas, Crist\u00f3bal Montoro.<\/p>\n<p>Por parte de Portugal participar\u00e1 el viceprimer ministro, Paulo Portas; mientras que por Reino Unido lo har\u00e1 el ministro del Gabinete, Francis Maude; por Francia, su ministra de Reforma del Estado, Descentralizaci\u00f3n y Funci\u00f3n P\u00fablica, Marylise Lebranchu; por Italia, el ministro de Administraci\u00f3n P\u00fablica y Simplificaci\u00f3n, Gianpero D&#8217;Alia; y por Polonia, Rafal Trzaskowski, ministro de Administraciones y Digitalizaci\u00f3n.<\/p>\n<p>Entre los hitos de la reforma administrativa emprendida en Espa\u00f1a destaca la reducci\u00f3n del empleo p\u00fablico en un 16,5 por ciento, hasta los 2.795.000 trabajadores, lo que supone caer a niveles del segundo trimestre de 2004.<\/p>\n<p>Seg\u00fan fuentes del Ejecutivo, esta reforma es \u00abrevolucionaria\u00bb no s\u00f3lo por el ahorro que supone para las arcas p\u00fablicas sino por la modernizaci\u00f3n de los m\u00e9todos de gesti\u00f3n y la relaci\u00f3n entre la administraci\u00f3n y el ciudadano, con un control \u00abmucho m\u00e1s estricto\u00bb del dinero p\u00fablico.<\/p>\n<p>Sin ir m\u00e1s lejos, el pasado viernes el Consejo de Ministros autoriz\u00f3 sendos acuerdos para la contrataci\u00f3n centralizada del suministro de combustibles de automoci\u00f3n en el sector p\u00fablico y para la adquisici\u00f3n de motocicletas que permitir\u00e1n un ahorro a las arcas del Estado de al menos nueve millones de euros.<\/p>\n<p>A lo largo del a\u00f1o, el Gobierno centralizar\u00e1 otras compras para la administraci\u00f3n.<\/p>\n<p>Est\u00e1 previsto que se tramiten las compras centralizadas de publicidad institucional, adquisici\u00f3n de veh\u00edculos, contratos de comunicaciones, seguridad de edificios, suministro el\u00e9ctrico, comunicaciones postales, limpieza, combustible de edificios, agencia de viajes, mantenimiento integral de edificios y seguros de coches.<\/p>\n","protected":false},"excerpt":{"rendered":"<p>Madrid, 10 feb (EFE).- El presidente del Gobierno, Mariano Rajoy, preside hoy lunes en el Palacio de la Moncloa un acto con ministros de Francia, Reino Unido, Italia, Portugal y Polonia para explicarles la reforma de la administraci\u00f3n que se ha puesto en marcha en Espa\u00f1a y escuchar sus experiencias en este \u00e1mbito. Seg\u00fan el [&hellip;]<\/p>\n","protected":false},"author":1,"featured_media":487866,"comment_status":"closed","ping_status":"closed","sticky":false,"template":"","format":"standard","meta":{"footnotes":""},"categories":[1],"tags":[],"class_list":["post-487865","post","type-post","status-publish","format-standard","has-post-thumbnail","hentry","category-actualidad"],"aioseo_notices":[],"aioseo_head":"\n\t\t<!-- All in One SEO Pro 5.0.1 - aioseo.com -->\n\t<meta name=\"description\" content=\"Madrid, 10 feb (EFE).- El presidente del Gobierno, Mariano Rajoy, preside hoy lunes en el Palacio de la Moncloa un acto con ministros de Francia, Reino Unido, Italia, Portugal y Polonia para explicarles la reforma de la administraci\u00f3n que se ha puesto en marcha en Espa\u00f1a y escuchar sus experiencias en este \u00e1mbito. Seg\u00fan el\" \/>\n\t<meta name=\"robots\" content=\"max-image-preview:large\" \/>\n\t<meta name=\"author\" content=\"El Digital de Asturias\"\/>\n\t<meta name=\"google-site-verification\" content=\"UA-38556648-1\" \/>\n\t<meta name=\"msvalidate.01\" content=\"7dfe9f3f1b24437ab69f4f2559babe99\" \/>\n\t<meta name=\"keywords\" content=\"actualidad\" \/>\n\t<link rel=\"canonical\" href=\"https:\/\/www.eldigitaldeasturias.com\/noticias\/rajoy-explica-hoy-a-cinco-ministros-europeos-su-reforma-de-la-administracion\/\" \/>\n\t<meta name=\"generator\" content=\"All in One SEO Pro (AIOSEO) 5.0.1\" \/>\n\t\t<meta property=\"og:locale\" content=\"es_ES\" \/>\n\t\t<meta property=\"og:site_name\" content=\"El Digital de Asturias\" \/>\n\t\t<meta property=\"og:type\" content=\"article\" \/>\n\t\t<meta property=\"og:title\" content=\"Rajoy explica hoy a cinco ministros europeos su reforma de la Administraci\u00f3n - El Digital de Asturias\" \/>\n\t\t<meta property=\"og:description\" content=\"Madrid, 10 feb (EFE).- El presidente del Gobierno, Mariano Rajoy, preside hoy lunes en el Palacio de la Moncloa un acto con ministros de Francia, Reino Unido, Italia, Portugal y Polonia para explicarles la reforma de la administraci\u00f3n que se ha puesto en marcha en Espa\u00f1a y escuchar sus experiencias en este \u00e1mbito. Seg\u00fan el\" \/>\n\t\t<meta property=\"og:url\" content=\"https:\/\/www.eldigitaldeasturias.com\/noticias\/rajoy-explica-hoy-a-cinco-ministros-europeos-su-reforma-de-la-administracion\/\" \/>\n\t\t<meta property=\"article:tag\" content=\"actualidad\" \/>\n\t\t<meta property=\"article:published_time\" content=\"2014-02-10T21:22:10+00:00\" \/>\n\t\t<meta property=\"article:modified_time\" content=\"2014-02-10T21:22:10+00:00\" \/>\n\t\t<meta property=\"article:publisher\" content=\"https:\/\/facebook.com\/eldigitaldeasturias\" \/>\n\t\t<meta name=\"twitter:card\" content=\"summary_large_image\" \/>\n\t\t<meta name=\"twitter:title\" content=\"Rajoy explica hoy a cinco ministros europeos su reforma de la Administraci\u00f3n - El Digital de Asturias\" \/>\n\t\t<meta name=\"twitter:description\" content=\"Madrid, 10 feb (EFE).- El presidente del Gobierno, Mariano Rajoy, preside hoy lunes en el Palacio de la Moncloa un acto con ministros de Francia, Reino Unido, Italia, Portugal y Polonia para explicarles la reforma de la administraci\u00f3n que se ha puesto en marcha en Espa\u00f1a y escuchar sus experiencias en este \u00e1mbito. Seg\u00fan el\" \/>\n\t\t<meta name=\"twitter:label1\" content=\"Escrito por\" \/>\n\t\t<meta name=\"twitter:data1\" content=\"El Digital de Asturias\" \/>\n\t\t<meta name=\"twitter:label2\" content=\"Tiempo de lectura estimado\" \/>\n\t\t<meta name=\"twitter:data2\" content=\"2 minutos\" \/>\n\t\t<script type=\"application\/ld+json\" class=\"aioseo-schema\">\n\t\t\t{\"@context\":\"https:\\\/\\\/schema.org\",\"@graph\":[{\"@type\":\"BlogPosting\",\"@id\":\"https:\\\/\\\/www.eldigitaldeasturias.com\\\/noticias\\\/rajoy-explica-hoy-a-cinco-ministros-europeos-su-reforma-de-la-administracion\\\/#blogposting\",\"name\":\"Rajoy explica hoy a cinco ministros europeos su reforma de la Administraci\\u00f3n - El Digital de Asturias\",\"headline\":\"Rajoy explica hoy a cinco ministros europeos su reforma de la Administraci\\u00f3n\",\"author\":{\"@id\":\"https:\\\/\\\/www.eldigitaldeasturias.com\\\/noticias\\\/author\\\/admin\\\/#author\"},\"publisher\":{\"@id\":\"https:\\\/\\\/www.eldigitaldeasturias.com\\\/noticias\\\/#organization\"},\"image\":{\"@type\":\"ImageObject\",\"url\":487866},\"datePublished\":\"2014-02-10T20:22:10+01:00\",\"dateModified\":\"2014-02-10T20:22:10+01:00\",\"inLanguage\":\"es-ES\",\"mainEntityOfPage\":{\"@id\":\"https:\\\/\\\/www.eldigitaldeasturias.com\\\/noticias\\\/rajoy-explica-hoy-a-cinco-ministros-europeos-su-reforma-de-la-administracion\\\/#webpage\"},\"isPartOf\":{\"@id\":\"https:\\\/\\\/www.eldigitaldeasturias.com\\\/noticias\\\/rajoy-explica-hoy-a-cinco-ministros-europeos-su-reforma-de-la-administracion\\\/#webpage\"},\"articleSection\":\"Actualidad\"},{\"@type\":\"BreadcrumbList\",\"@id\":\"https:\\\/\\\/www.eldigitaldeasturias.com\\\/noticias\\\/rajoy-explica-hoy-a-cinco-ministros-europeos-su-reforma-de-la-administracion\\\/#breadcrumblist\",\"itemListElement\":[{\"@type\":\"ListItem\",\"@id\":\"https:\\\/\\\/www.eldigitaldeasturias.com\\\/noticias#listItem\",\"position\":1,\"name\":\"Home\",\"item\":\"https:\\\/\\\/www.eldigitaldeasturias.com\\\/noticias\",\"nextItem\":{\"@type\":\"ListItem\",\"@id\":\"https:\\\/\\\/www.eldigitaldeasturias.com\\\/noticias\\\/category\\\/actualidad\\\/#listItem\",\"name\":\"Actualidad\"}},{\"@type\":\"ListItem\",\"@id\":\"https:\\\/\\\/www.eldigitaldeasturias.com\\\/noticias\\\/category\\\/actualidad\\\/#listItem\",\"position\":2,\"name\":\"Actualidad\",\"item\":\"https:\\\/\\\/www.eldigitaldeasturias.com\\\/noticias\\\/category\\\/actualidad\\\/\",\"nextItem\":{\"@type\":\"ListItem\",\"@id\":\"https:\\\/\\\/www.eldigitaldeasturias.com\\\/noticias\\\/rajoy-explica-hoy-a-cinco-ministros-europeos-su-reforma-de-la-administracion\\\/#listItem\",\"name\":\"Rajoy explica hoy a cinco ministros europeos su reforma de la Administraci\\u00f3n\"},\"previousItem\":{\"@type\":\"ListItem\",\"@id\":\"https:\\\/\\\/www.eldigitaldeasturias.com\\\/noticias#listItem\",\"name\":\"Home\"}},{\"@type\":\"ListItem\",\"@id\":\"https:\\\/\\\/www.eldigitaldeasturias.com\\\/noticias\\\/rajoy-explica-hoy-a-cinco-ministros-europeos-su-reforma-de-la-administracion\\\/#listItem\",\"position\":3,\"name\":\"Rajoy explica hoy a cinco ministros europeos su reforma de la Administraci\\u00f3n\",\"previousItem\":{\"@type\":\"ListItem\",\"@id\":\"https:\\\/\\\/www.eldigitaldeasturias.com\\\/noticias\\\/category\\\/actualidad\\\/#listItem\",\"name\":\"Actualidad\"}}]},{\"@type\":\"Organization\",\"@id\":\"https:\\\/\\\/www.eldigitaldeasturias.com\\\/noticias\\\/#organization\",\"name\":\"El Digital de Asturias\",\"description\":\"Hemeroteca\",\"url\":\"https:\\\/\\\/www.eldigitaldeasturias.com\\\/noticias\\\/\",\"email\":\"info@eldigitaldeasturias.com\",\"telephone\":\"+34652131393\",\"logo\":{\"@type\":\"ImageObject\",\"url\":\"https:\\\/\\\/www.eldigitaldeasturias.com\\\/noticias\\\/wp-content\\\/uploads\\\/2020\\\/12\\\/EDA.jpg\",\"@id\":\"https:\\\/\\\/www.eldigitaldeasturias.com\\\/noticias\\\/rajoy-explica-hoy-a-cinco-ministros-europeos-su-reforma-de-la-administracion\\\/#organizationLogo\"},\"image\":{\"@id\":\"https:\\\/\\\/www.eldigitaldeasturias.com\\\/noticias\\\/rajoy-explica-hoy-a-cinco-ministros-europeos-su-reforma-de-la-administracion\\\/#organizationLogo\"},\"sameAs\":[\"https:\\\/\\\/facebook.com\\\/eldigitaldeasturias\",\"https:\\\/\\\/www.youtube.com\\\/channel\\\/UCZP-2wLEB9Rv6erhFmqVnvg\"],\"address\":{\"@id\":\"https:\\\/\\\/www.eldigitaldeasturias.com\\\/noticias\\\/#postaladdress\",\"@type\":\"PostalAddress\",\"streetAddress\":\"san antonio 4\",\"postalCode\":\"33430\",\"addressLocality\":\"Cand\\u00e1s\",\"addressRegion\":\"Asturias\",\"addressCountry\":\"ES\"}},{\"@type\":\"Person\",\"@id\":\"https:\\\/\\\/www.eldigitaldeasturias.com\\\/noticias\\\/author\\\/admin\\\/#author\",\"url\":\"https:\\\/\\\/www.eldigitaldeasturias.com\\\/noticias\\\/author\\\/admin\\\/\",\"name\":\"El Digital de Asturias\",\"image\":{\"@type\":\"ImageObject\",\"@id\":\"https:\\\/\\\/www.eldigitaldeasturias.com\\\/noticias\\\/rajoy-explica-hoy-a-cinco-ministros-europeos-su-reforma-de-la-administracion\\\/#authorImage\",\"url\":\"https:\\\/\\\/secure.gravatar.com\\\/avatar\\\/df2aeffc32bcd13f8d26072ef8a91b623d677766deac7f97ca815868cd41bf5e?s=96&d=mm&r=g\",\"width\":96,\"height\":96,\"caption\":\"El Digital de Asturias\"}},{\"@type\":\"WebPage\",\"@id\":\"https:\\\/\\\/www.eldigitaldeasturias.com\\\/noticias\\\/rajoy-explica-hoy-a-cinco-ministros-europeos-su-reforma-de-la-administracion\\\/#webpage\",\"url\":\"https:\\\/\\\/www.eldigitaldeasturias.com\\\/noticias\\\/rajoy-explica-hoy-a-cinco-ministros-europeos-su-reforma-de-la-administracion\\\/\",\"name\":\"Rajoy explica hoy a cinco ministros europeos su reforma de la Administraci\\u00f3n - El Digital de Asturias\",\"description\":\"Madrid, 10 feb (EFE).- El presidente del Gobierno, Mariano Rajoy, preside hoy lunes en el Palacio de la Moncloa un acto con ministros de Francia, Reino Unido, Italia, Portugal y Polonia para explicarles la reforma de la administraci\\u00f3n que se ha puesto en marcha en Espa\\u00f1a y escuchar sus experiencias en este \\u00e1mbito. Seg\\u00fan el\",\"inLanguage\":\"es-ES\",\"isPartOf\":{\"@id\":\"https:\\\/\\\/www.eldigitaldeasturias.com\\\/noticias\\\/#website\"},\"breadcrumb\":{\"@id\":\"https:\\\/\\\/www.eldigitaldeasturias.com\\\/noticias\\\/rajoy-explica-hoy-a-cinco-ministros-europeos-su-reforma-de-la-administracion\\\/#breadcrumblist\"},\"author\":{\"@id\":\"https:\\\/\\\/www.eldigitaldeasturias.com\\\/noticias\\\/author\\\/admin\\\/#author\"},\"creator\":{\"@id\":\"https:\\\/\\\/www.eldigitaldeasturias.com\\\/noticias\\\/author\\\/admin\\\/#author\"},\"image\":{\"@type\":\"ImageObject\",\"url\":487866,\"@id\":\"https:\\\/\\\/www.eldigitaldeasturias.com\\\/noticias\\\/rajoy-explica-hoy-a-cinco-ministros-europeos-su-reforma-de-la-administracion\\\/#mainImage\"},\"primaryImageOfPage\":{\"@id\":\"https:\\\/\\\/www.eldigitaldeasturias.com\\\/noticias\\\/rajoy-explica-hoy-a-cinco-ministros-europeos-su-reforma-de-la-administracion\\\/#mainImage\"},\"datePublished\":\"2014-02-10T20:22:10+01:00\",\"dateModified\":\"2014-02-10T20:22:10+01:00\"},{\"@type\":\"WebSite\",\"@id\":\"https:\\\/\\\/www.eldigitaldeasturias.com\\\/noticias\\\/#website\",\"url\":\"https:\\\/\\\/www.eldigitaldeasturias.com\\\/noticias\\\/\",\"name\":\"El Digital de Asturias - Diario de actualidad y noticias\",\"alternateName\":\"El Digital de Asturias - Diario de actualidad y noticias\",\"description\":\"Hemeroteca\",\"inLanguage\":\"es-ES\",\"publisher\":{\"@id\":\"https:\\\/\\\/www.eldigitaldeasturias.com\\\/noticias\\\/#organization\"}}]}\n\t\t<\/script>\n\t\t<!-- All in One SEO Pro -->\r\n\t\t<title>Rajoy explica hoy a cinco ministros europeos su reforma de la Administraci\u00f3n - El Digital de Asturias<\/title>\n\n","aioseo_head_json":{"title":"Rajoy explica hoy a cinco ministros europeos su reforma de la Administraci\u00f3n - El Digital de Asturias","description":"Madrid, 10 feb (EFE).- El presidente del Gobierno, Mariano Rajoy, preside hoy lunes en el Palacio de la Moncloa un acto con ministros de Francia, Reino Unido, Italia, Portugal y Polonia para explicarles la reforma de la administraci\u00f3n que se ha puesto en marcha en Espa\u00f1a y escuchar sus experiencias en este \u00e1mbito. Seg\u00fan el","canonical_url":"https:\/\/www.eldigitaldeasturias.com\/noticias\/rajoy-explica-hoy-a-cinco-ministros-europeos-su-reforma-de-la-administracion\/","robots":"max-image-preview:large","keywords":"actualidad","webmasterTools":{"google-site-verification":"UA-38556648-1","msvalidate.01":"7dfe9f3f1b24437ab69f4f2559babe99","miscellaneous":""},"schema":{"@context":"https:\/\/schema.org","@graph":[{"@type":"BlogPosting","@id":"https:\/\/www.eldigitaldeasturias.com\/noticias\/rajoy-explica-hoy-a-cinco-ministros-europeos-su-reforma-de-la-administracion\/#blogposting","name":"Rajoy explica hoy a cinco ministros europeos su reforma de la Administraci\u00f3n - El Digital de Asturias","headline":"Rajoy explica hoy a cinco ministros europeos su reforma de la Administraci\u00f3n","author":{"@id":"https:\/\/www.eldigitaldeasturias.com\/noticias\/author\/admin\/#author"},"publisher":{"@id":"https:\/\/www.eldigitaldeasturias.com\/noticias\/#organization"},"image":{"@type":"ImageObject","url":487866},"datePublished":"2014-02-10T20:22:10+01:00","dateModified":"2014-02-10T20:22:10+01:00","inLanguage":"es-ES","mainEntityOfPage":{"@id":"https:\/\/www.eldigitaldeasturias.com\/noticias\/rajoy-explica-hoy-a-cinco-ministros-europeos-su-reforma-de-la-administracion\/#webpage"},"isPartOf":{"@id":"https:\/\/www.eldigitaldeasturias.com\/noticias\/rajoy-explica-hoy-a-cinco-ministros-europeos-su-reforma-de-la-administracion\/#webpage"},"articleSection":"Actualidad"},{"@type":"BreadcrumbList","@id":"https:\/\/www.eldigitaldeasturias.com\/noticias\/rajoy-explica-hoy-a-cinco-ministros-europeos-su-reforma-de-la-administracion\/#breadcrumblist","itemListElement":[{"@type":"ListItem","@id":"https:\/\/www.eldigitaldeasturias.com\/noticias#listItem","position":1,"name":"Home","item":"https:\/\/www.eldigitaldeasturias.com\/noticias","nextItem":{"@type":"ListItem","@id":"https:\/\/www.eldigitaldeasturias.com\/noticias\/category\/actualidad\/#listItem","name":"Actualidad"}},{"@type":"ListItem","@id":"https:\/\/www.eldigitaldeasturias.com\/noticias\/category\/actualidad\/#listItem","position":2,"name":"Actualidad","item":"https:\/\/www.eldigitaldeasturias.com\/noticias\/category\/actualidad\/","nextItem":{"@type":"ListItem","@id":"https:\/\/www.eldigitaldeasturias.com\/noticias\/rajoy-explica-hoy-a-cinco-ministros-europeos-su-reforma-de-la-administracion\/#listItem","name":"Rajoy explica hoy a cinco ministros europeos su reforma de la Administraci\u00f3n"},"previousItem":{"@type":"ListItem","@id":"https:\/\/www.eldigitaldeasturias.com\/noticias#listItem","name":"Home"}},{"@type":"ListItem","@id":"https:\/\/www.eldigitaldeasturias.com\/noticias\/rajoy-explica-hoy-a-cinco-ministros-europeos-su-reforma-de-la-administracion\/#listItem","position":3,"name":"Rajoy explica hoy a cinco ministros europeos su reforma de la Administraci\u00f3n","previousItem":{"@type":"ListItem","@id":"https:\/\/www.eldigitaldeasturias.com\/noticias\/category\/actualidad\/#listItem","name":"Actualidad"}}]},{"@type":"Organization","@id":"https:\/\/www.eldigitaldeasturias.com\/noticias\/#organization","name":"El Digital de Asturias","description":"Hemeroteca","url":"https:\/\/www.eldigitaldeasturias.com\/noticias\/","email":"info@eldigitaldeasturias.com","telephone":"+34652131393","logo":{"@type":"ImageObject","url":"https:\/\/www.eldigitaldeasturias.com\/noticias\/wp-content\/uploads\/2020\/12\/EDA.jpg","@id":"https:\/\/www.eldigitaldeasturias.com\/noticias\/rajoy-explica-hoy-a-cinco-ministros-europeos-su-reforma-de-la-administracion\/#organizationLogo"},"image":{"@id":"https:\/\/www.eldigitaldeasturias.com\/noticias\/rajoy-explica-hoy-a-cinco-ministros-europeos-su-reforma-de-la-administracion\/#organizationLogo"},"sameAs":["https:\/\/facebook.com\/eldigitaldeasturias","https:\/\/www.youtube.com\/channel\/UCZP-2wLEB9Rv6erhFmqVnvg"],"address":{"@id":"https:\/\/www.eldigitaldeasturias.com\/noticias\/#postaladdress","@type":"PostalAddress","streetAddress":"san antonio 4","postalCode":"33430","addressLocality":"Cand\u00e1s","addressRegion":"Asturias","addressCountry":"ES"}},{"@type":"Person","@id":"https:\/\/www.eldigitaldeasturias.com\/noticias\/author\/admin\/#author","url":"https:\/\/www.eldigitaldeasturias.com\/noticias\/author\/admin\/","name":"El Digital de Asturias","image":{"@type":"ImageObject","@id":"https:\/\/www.eldigitaldeasturias.com\/noticias\/rajoy-explica-hoy-a-cinco-ministros-europeos-su-reforma-de-la-administracion\/#authorImage","url":"https:\/\/secure.gravatar.com\/avatar\/df2aeffc32bcd13f8d26072ef8a91b623d677766deac7f97ca815868cd41bf5e?s=96&d=mm&r=g","width":96,"height":96,"caption":"El Digital de Asturias"}},{"@type":"WebPage","@id":"https:\/\/www.eldigitaldeasturias.com\/noticias\/rajoy-explica-hoy-a-cinco-ministros-europeos-su-reforma-de-la-administracion\/#webpage","url":"https:\/\/www.eldigitaldeasturias.com\/noticias\/rajoy-explica-hoy-a-cinco-ministros-europeos-su-reforma-de-la-administracion\/","name":"Rajoy explica hoy a cinco ministros europeos su reforma de la Administraci\u00f3n - El Digital de Asturias","description":"Madrid, 10 feb (EFE).- El presidente del Gobierno, Mariano Rajoy, preside hoy lunes en el Palacio de la Moncloa un acto con ministros de Francia, Reino Unido, Italia, Portugal y Polonia para explicarles la reforma de la administraci\u00f3n que se ha puesto en marcha en Espa\u00f1a y escuchar sus experiencias en este \u00e1mbito. Seg\u00fan el","inLanguage":"es-ES","isPartOf":{"@id":"https:\/\/www.eldigitaldeasturias.com\/noticias\/#website"},"breadcrumb":{"@id":"https:\/\/www.eldigitaldeasturias.com\/noticias\/rajoy-explica-hoy-a-cinco-ministros-europeos-su-reforma-de-la-administracion\/#breadcrumblist"},"author":{"@id":"https:\/\/www.eldigitaldeasturias.com\/noticias\/author\/admin\/#author"},"creator":{"@id":"https:\/\/www.eldigitaldeasturias.com\/noticias\/author\/admin\/#author"},"image":{"@type":"ImageObject","url":487866,"@id":"https:\/\/www.eldigitaldeasturias.com\/noticias\/rajoy-explica-hoy-a-cinco-ministros-europeos-su-reforma-de-la-administracion\/#mainImage"},"primaryImageOfPage":{"@id":"https:\/\/www.eldigitaldeasturias.com\/noticias\/rajoy-explica-hoy-a-cinco-ministros-europeos-su-reforma-de-la-administracion\/#mainImage"},"datePublished":"2014-02-10T20:22:10+01:00","dateModified":"2014-02-10T20:22:10+01:00"},{"@type":"WebSite","@id":"https:\/\/www.eldigitaldeasturias.com\/noticias\/#website","url":"https:\/\/www.eldigitaldeasturias.com\/noticias\/","name":"El Digital de Asturias - Diario de actualidad y noticias","alternateName":"El Digital de Asturias - Diario de actualidad y noticias","description":"Hemeroteca","inLanguage":"es-ES","publisher":{"@id":"https:\/\/www.eldigitaldeasturias.com\/noticias\/#organization"}}]},"og:locale":"es_ES","og:site_name":"El Digital de Asturias","og:type":"article","og:title":"Rajoy explica hoy a cinco ministros europeos su reforma de la Administraci\u00f3n - El Digital de Asturias","og:description":"Madrid, 10 feb (EFE).- El presidente del Gobierno, Mariano Rajoy, preside hoy lunes en el Palacio de la Moncloa un acto con ministros de Francia, Reino Unido, Italia, Portugal y Polonia para explicarles la reforma de la administraci\u00f3n que se ha puesto en marcha en Espa\u00f1a y escuchar sus experiencias en este \u00e1mbito. Seg\u00fan el","og:url":"https:\/\/www.eldigitaldeasturias.com\/noticias\/rajoy-explica-hoy-a-cinco-ministros-europeos-su-reforma-de-la-administracion\/","article:tag":["actualidad"],"article:published_time":"2014-02-10T21:22:10+00:00","article:modified_time":"2014-02-10T21:22:10+00:00","article:publisher":"https:\/\/facebook.com\/eldigitaldeasturias","twitter:card":"summary_large_image","twitter:title":"Rajoy explica hoy a cinco ministros europeos su reforma de la Administraci\u00f3n - El Digital de Asturias","twitter:description":"Madrid, 10 feb (EFE).- El presidente del Gobierno, Mariano Rajoy, preside hoy lunes en el Palacio de la Moncloa un acto con ministros de Francia, Reino Unido, Italia, Portugal y Polonia para explicarles la reforma de la administraci\u00f3n que se ha puesto en marcha en Espa\u00f1a y escuchar sus experiencias en este \u00e1mbito. Seg\u00fan el","twitter:label1":"Escrito por","twitter:data1":"El Digital de Asturias","twitter:label2":"Tiempo de lectura estimado","twitter:data2":"2 minutos"},"aioseo_meta_data":{"post_id":"487865","title":null,"description":null,"keywords":null,"keyphrases":null,"primary_term":null,"canonical_url":null,"og_title":null,"og_description":null,"og_object_type":"default","og_image_type":"default","og_image_url":null,"og_image_width":null,"og_image_height":null,"og_image_custom_url":null,"og_image_custom_fields":null,"og_video":null,"og_custom_url":null,"og_article_section":null,"og_article_tags":null,"twitter_use_og":true,"twitter_card":"default","twitter_image_type":"default","twitter_image_url":null,"twitter_image_custom_url":null,"twitter_image_custom_fields":null,"twitter_title":null,"twitter_description":null,"schema":{"blockGraphs":[],"customGraphs":[],"default":{"data":{"Article":[],"Course":[],"Dataset":[],"FAQPage":[],"Movie":[],"Person":[],"Product":[],"ProductReview":[],"Car":[],"Recipe":[],"Service":[],"SoftwareApplication":[],"WebPage":[]},"graphName":"","isEnabled":true},"graphs":[],"defaultGraph":"","defaultPostTypeGraph":""},"schema_type":null,"schema_type_options":null,"pillar_content":false,"robots_default":true,"robots_noindex":false,"robots_noarchive":false,"robots_nosnippet":false,"robots_nofollow":false,"robots_noimageindex":false,"robots_noodp":false,"robots_notranslate":false,"robots_max_snippet":null,"robots_max_videopreview":null,"robots_max_imagepreview":"none","priority":null,"frequency":null,"local_seo":null,"seo_analyzer_scan_date":"2026-06-03 06:09:54","breadcrumb_settings":null,"limit_modified_date":false,"open_ai":null,"ai":null,"created":"2020-11-14 22:57:04","updated":"2026-06-03 06:09:54","focus_keyword":null,"additional_keywords":null,"truseo_locale":null},"aioseo_breadcrumb":"<div class=\"aioseo-breadcrumbs\"><span class=\"aioseo-breadcrumb\">\n\t<a href=\"https:\/\/www.eldigitaldeasturias.com\/noticias\" title=\"Home\">Home<\/a>\n<\/span><span class=\"aioseo-breadcrumb-separator\">\u2013<\/span><span class=\"aioseo-breadcrumb\">\n\t<a href=\"https:\/\/www.eldigitaldeasturias.com\/noticias\/category\/actualidad\/\" title=\"Actualidad\">Actualidad<\/a>\n<\/span><span class=\"aioseo-breadcrumb-separator\">\u2013<\/span><span class=\"aioseo-breadcrumb\">\n\t<a href=\"https:\/\/www.eldigitaldeasturias.com\/noticias\/rajoy-explica-hoy-a-cinco-ministros-europeos-su-reforma-de-la-administracion\/\" title=\"Rajoy explica hoy a cinco ministros europeos su reforma de la Administraci\u00f3n\">Rajoy explica hoy a cinco ministros europeos su reforma de la Administraci\u00f3n<\/a>\n<\/span><\/div>","aioseo_breadcrumb_json":[{"label":"Home","link":"https:\/\/www.eldigitaldeasturias.com\/noticias"},{"label":"Actualidad","link":"https:\/\/www.eldigitaldeasturias.com\/noticias\/category\/actualidad\/"},{"label":"Rajoy explica hoy a cinco ministros europeos su reforma de la Administraci\u00f3n","link":"https:\/\/www.eldigitaldeasturias.com\/noticias\/rajoy-explica-hoy-a-cinco-ministros-europeos-su-reforma-de-la-administracion\/"}],"_links":{"self":[{"href":"https:\/\/www.eldigitaldeasturias.com\/noticias\/wp-json\/wp\/v2\/posts\/487865","targetHints":{"allow":["GET"]}}],"collection":[{"href":"https:\/\/www.eldigitaldeasturias.com\/noticias\/wp-json\/wp\/v2\/posts"}],"about":[{"href":"https:\/\/www.eldigitaldeasturias.com\/noticias\/wp-json\/wp\/v2\/types\/post"}],"author":[{"embeddable":true,"href":"https:\/\/www.eldigitaldeasturias.com\/noticias\/wp-json\/wp\/v2\/users\/1"}],"replies":[{"embeddable":true,"href":"https:\/\/www.eldigitaldeasturias.com\/noticias\/wp-json\/wp\/v2\/comments?post=487865"}],"version-history":[{"count":0,"href":"https:\/\/www.eldigitaldeasturias.com\/noticias\/wp-json\/wp\/v2\/posts\/487865\/revisions"}],"wp:attachment":[{"href":"https:\/\/www.eldigitaldeasturias.com\/noticias\/wp-json\/wp\/v2\/media?parent=487865"}],"wp:term":[{"taxonomy":"category","embeddable":true,"href":"https:\/\/www.eldigitaldeasturias.com\/noticias\/wp-json\/wp\/v2\/categories?post=487865"},{"taxonomy":"post_tag","embeddable":true,"href":"https:\/\/www.eldigitaldeasturias.com\/noticias\/wp-json\/wp\/v2\/tags?post=487865"}],"curies":[{"name":"wp","href":"https:\/\/api.w.org\/{rel}","templated":true}]}}