{"id":487862,"date":"2014-02-10T20:21:11","date_gmt":"2014-02-10T21:21:11","guid":{"rendered":"http:\/\/www.eldigitaldeasturias.com\/noticias\/?p=487862"},"modified":"2014-02-10T20:21:11","modified_gmt":"2014-02-10T21:21:11","slug":"corea-del-norte-cancela-la-visita-del-enviado-de-ee-uu-para-hablar-sobre-un-detenido","status":"publish","type":"post","link":"https:\/\/www.eldigitaldeasturias.com\/noticias\/corea-del-norte-cancela-la-visita-del-enviado-de-ee-uu-para-hablar-sobre-un-detenido\/","title":{"rendered":"Corea del Norte cancela la visita del enviado de EE.UU. para hablar sobre un detenido"},"content":{"rendered":"<p><img loading=\"lazy\" decoding=\"async\" class=\"alignleft size-medium wp-image-487863\" alt=\"5926780w\" src=\"https:\/\/www.eldigitaldeasturias.com\/noticias\/wp-content\/uploads\/2014\/02\/5926780w-360x239.jpg\" width=\"360\" height=\"239\" \/>Washington, 10 feb (EFE).- Corea del Norte cancel\u00f3 este domingo su invitaci\u00f3n para que el enviado de Washington Robert King visitase Pyongyang con el fin de hablar sobre el ciudadano estadounidense Kenneth Bae, preso en el pa\u00eds desde 2012, inform\u00f3 el Departamento de Estado a la cadena CNN.<\/p>\n<p>El misionero, de 45 a\u00f1os, que regentaba un negocio como touroperador en la regi\u00f3n fronteriza de China con Corea del Norte, fue sentenciado a 15 a\u00f1os de trabajos forzados por violar el art\u00edculo 60 de la Constituci\u00f3n del pa\u00eds, lo que implica cometer un delito con el objetivo \u00abde derrocar al r\u00e9gimen\u00bb.<\/p>\n<p>Las autoridades norcoreanas no explicaron los motivos de su decisi\u00f3n.<\/p>\n<p>La portavoz del Departamento de Estado Jen Psaki se\u00f1al\u00f3 en declaraciones de las que se hace eco CNN su decepci\u00f3n con la decisi\u00f3n de Pyongyang, y record\u00f3 que Corea del Norte hab\u00eda asegurado que no utilizar\u00eda a Bae como una \u00abherramienta de regateo pol\u00edtico\u00bb.<\/p>\n<p>Esta es la segunda vez que Corea del Norte cancela una visita planificada de King.<\/p>\n<p>Bae fue ingresado en un hospital el a\u00f1o pasado tras deteriorarse su salud pero EE.UU. se\u00f1al\u00f3 la semana pasada que hab\u00eda vuelto a ser internado en un campo de trabajos forzados, una noticia que su familia calific\u00f3 de \u00abdevastadora\u00bb.<\/p>\n<p>\u00abPedimos nuevamente a Corea del Norte que garantice a Bae una amnist\u00eda especial de forma inmediata como un gesto humanitario para que pueda reunirse con su familia y recibir atenci\u00f3n m\u00e9dica\u00bb, se\u00f1al\u00f3 Psaki, quien a\u00f1adi\u00f3 que Washington seguir\u00e1 trabajando para lograr su liberaci\u00f3n.<\/p>\n<p>La portavoz del Departamento de Estado indic\u00f3 que las maniobras militares conjuntas de este a\u00f1o de EE.UU. y Corea del Sur previstas para este mes \u00abno est\u00e1n conectados con el caso de Bae\u00bb.<\/p>\n<p>Corea del Norte ha expresado su malestar con las maniobras militares que dice considerar como un preludio de una invasi\u00f3n.<\/p>\n<p>Las operaciones conjuntas de este a\u00f1o comenzar\u00e1n el 24 de febrero y se prolongar\u00e1n hasta el 18 de abril, seg\u00fan confirmaron este lunes Washington y Se\u00fal.<\/p>\n<p>Uno de los ejercicios, \u00abKey Resolve\u00bb, en el que participar\u00e1n unos 5.200 soldados estadounidenses, se prolongar\u00e1 hasta el 6 de marzo.<\/p>\n<p>El ej\u00e9rcito estadounidense asegura que esas maniobras garantizan que las tropas est\u00e1n preparadas para defender Corea del Sur y las entrena para \u00abresponder a cualquier potencial evento en la pen\u00ednsula\u00bb.<\/p>\n<p>El otro ejercicio, \u00abFaol Eagle\u00bb, en el que participar\u00e1n 7.500 soldados estadounidense se prolongar\u00e1 hasta el 18 de abril e incluye maniobras terrestres, a\u00e9reas y navales.<\/p>\n<p>El Departamento de Estado anunci\u00f3 hoy que el jefe de la diplomacia estadounidense, John Kerry, visitar\u00e1 Se\u00fal esta semana en el marco de una gira por varios pa\u00edses asi\u00e1ticos.<\/p>\n","protected":false},"excerpt":{"rendered":"<p>Washington, 10 feb (EFE).- Corea del Norte cancel\u00f3 este domingo su invitaci\u00f3n para que el enviado de Washington Robert King visitase Pyongyang con el fin de hablar sobre el ciudadano estadounidense Kenneth Bae, preso en el pa\u00eds desde 2012, inform\u00f3 el Departamento de Estado a la cadena CNN. El misionero, de 45 a\u00f1os, que regentaba [&hellip;]<\/p>\n","protected":false},"author":1,"featured_media":487863,"comment_status":"closed","ping_status":"closed","sticky":false,"template":"","format":"standard","meta":{"footnotes":""},"categories":[1],"tags":[],"class_list":["post-487862","post","type-post","status-publish","format-standard","has-post-thumbnail","hentry","category-actualidad"],"aioseo_notices":[],"aioseo_head":"\n\t\t<!-- All in One SEO Pro 5.0.1 - aioseo.com -->\n\t<meta name=\"description\" content=\"Washington, 10 feb (EFE).- Corea del Norte cancel\u00f3 este domingo su invitaci\u00f3n para que el enviado de Washington Robert King visitase Pyongyang con el fin de hablar sobre el ciudadano estadounidense Kenneth Bae, preso en el pa\u00eds desde 2012, inform\u00f3 el Departamento de Estado a la cadena CNN. El misionero, de 45 a\u00f1os, que regentaba\" \/>\n\t<meta name=\"robots\" content=\"max-image-preview:large\" \/>\n\t<meta name=\"author\" content=\"El Digital de Asturias\"\/>\n\t<meta name=\"google-site-verification\" content=\"UA-38556648-1\" \/>\n\t<meta name=\"msvalidate.01\" content=\"7dfe9f3f1b24437ab69f4f2559babe99\" \/>\n\t<meta name=\"keywords\" content=\"actualidad\" \/>\n\t<link rel=\"canonical\" href=\"https:\/\/www.eldigitaldeasturias.com\/noticias\/corea-del-norte-cancela-la-visita-del-enviado-de-ee-uu-para-hablar-sobre-un-detenido\/\" \/>\n\t<meta name=\"generator\" content=\"All in One SEO Pro (AIOSEO) 5.0.1\" \/>\n\t\t<meta property=\"og:locale\" content=\"es_ES\" \/>\n\t\t<meta property=\"og:site_name\" content=\"El Digital de Asturias\" \/>\n\t\t<meta property=\"og:type\" content=\"article\" \/>\n\t\t<meta property=\"og:title\" content=\"Corea del Norte cancela la visita del enviado de EE.UU. para hablar sobre un detenido - El Digital de Asturias\" \/>\n\t\t<meta property=\"og:description\" content=\"Washington, 10 feb (EFE).- Corea del Norte cancel\u00f3 este domingo su invitaci\u00f3n para que el enviado de Washington Robert King visitase Pyongyang con el fin de hablar sobre el ciudadano estadounidense Kenneth Bae, preso en el pa\u00eds desde 2012, inform\u00f3 el Departamento de Estado a la cadena CNN. El misionero, de 45 a\u00f1os, que regentaba\" \/>\n\t\t<meta property=\"og:url\" content=\"https:\/\/www.eldigitaldeasturias.com\/noticias\/corea-del-norte-cancela-la-visita-del-enviado-de-ee-uu-para-hablar-sobre-un-detenido\/\" \/>\n\t\t<meta property=\"article:tag\" content=\"actualidad\" \/>\n\t\t<meta property=\"article:published_time\" content=\"2014-02-10T21:21:11+00:00\" \/>\n\t\t<meta property=\"article:modified_time\" content=\"2014-02-10T21:21:11+00:00\" \/>\n\t\t<meta property=\"article:publisher\" content=\"https:\/\/facebook.com\/eldigitaldeasturias\" \/>\n\t\t<meta name=\"twitter:card\" content=\"summary_large_image\" \/>\n\t\t<meta name=\"twitter:title\" content=\"Corea del Norte cancela la visita del enviado de EE.UU. para hablar sobre un detenido - El Digital de Asturias\" \/>\n\t\t<meta name=\"twitter:description\" content=\"Washington, 10 feb (EFE).- Corea del Norte cancel\u00f3 este domingo su invitaci\u00f3n para que el enviado de Washington Robert King visitase Pyongyang con el fin de hablar sobre el ciudadano estadounidense Kenneth Bae, preso en el pa\u00eds desde 2012, inform\u00f3 el Departamento de Estado a la cadena CNN. El misionero, de 45 a\u00f1os, que regentaba\" \/>\n\t\t<meta name=\"twitter:label1\" content=\"Escrito por\" \/>\n\t\t<meta name=\"twitter:data1\" content=\"El Digital de Asturias\" \/>\n\t\t<meta name=\"twitter:label2\" content=\"Tiempo de lectura estimado\" \/>\n\t\t<meta name=\"twitter:data2\" content=\"2 minutos\" \/>\n\t\t<script type=\"application\/ld+json\" class=\"aioseo-schema\">\n\t\t\t{\"@context\":\"https:\\\/\\\/schema.org\",\"@graph\":[{\"@type\":\"BlogPosting\",\"@id\":\"https:\\\/\\\/www.eldigitaldeasturias.com\\\/noticias\\\/corea-del-norte-cancela-la-visita-del-enviado-de-ee-uu-para-hablar-sobre-un-detenido\\\/#blogposting\",\"name\":\"Corea del Norte cancela la visita del enviado de EE.UU. para hablar sobre un detenido - El Digital de Asturias\",\"headline\":\"Corea del Norte cancela la visita del enviado de EE.UU. para hablar sobre un detenido\",\"author\":{\"@id\":\"https:\\\/\\\/www.eldigitaldeasturias.com\\\/noticias\\\/author\\\/admin\\\/#author\"},\"publisher\":{\"@id\":\"https:\\\/\\\/www.eldigitaldeasturias.com\\\/noticias\\\/#organization\"},\"image\":{\"@type\":\"ImageObject\",\"url\":487863},\"datePublished\":\"2014-02-10T20:21:11+01:00\",\"dateModified\":\"2014-02-10T20:21:11+01:00\",\"inLanguage\":\"es-ES\",\"mainEntityOfPage\":{\"@id\":\"https:\\\/\\\/www.eldigitaldeasturias.com\\\/noticias\\\/corea-del-norte-cancela-la-visita-del-enviado-de-ee-uu-para-hablar-sobre-un-detenido\\\/#webpage\"},\"isPartOf\":{\"@id\":\"https:\\\/\\\/www.eldigitaldeasturias.com\\\/noticias\\\/corea-del-norte-cancela-la-visita-del-enviado-de-ee-uu-para-hablar-sobre-un-detenido\\\/#webpage\"},\"articleSection\":\"Actualidad\"},{\"@type\":\"BreadcrumbList\",\"@id\":\"https:\\\/\\\/www.eldigitaldeasturias.com\\\/noticias\\\/corea-del-norte-cancela-la-visita-del-enviado-de-ee-uu-para-hablar-sobre-un-detenido\\\/#breadcrumblist\",\"itemListElement\":[{\"@type\":\"ListItem\",\"@id\":\"https:\\\/\\\/www.eldigitaldeasturias.com\\\/noticias#listItem\",\"position\":1,\"name\":\"Home\",\"item\":\"https:\\\/\\\/www.eldigitaldeasturias.com\\\/noticias\",\"nextItem\":{\"@type\":\"ListItem\",\"@id\":\"https:\\\/\\\/www.eldigitaldeasturias.com\\\/noticias\\\/category\\\/actualidad\\\/#listItem\",\"name\":\"Actualidad\"}},{\"@type\":\"ListItem\",\"@id\":\"https:\\\/\\\/www.eldigitaldeasturias.com\\\/noticias\\\/category\\\/actualidad\\\/#listItem\",\"position\":2,\"name\":\"Actualidad\",\"item\":\"https:\\\/\\\/www.eldigitaldeasturias.com\\\/noticias\\\/category\\\/actualidad\\\/\",\"nextItem\":{\"@type\":\"ListItem\",\"@id\":\"https:\\\/\\\/www.eldigitaldeasturias.com\\\/noticias\\\/corea-del-norte-cancela-la-visita-del-enviado-de-ee-uu-para-hablar-sobre-un-detenido\\\/#listItem\",\"name\":\"Corea del Norte cancela la visita del enviado de EE.UU. para hablar sobre un detenido\"},\"previousItem\":{\"@type\":\"ListItem\",\"@id\":\"https:\\\/\\\/www.eldigitaldeasturias.com\\\/noticias#listItem\",\"name\":\"Home\"}},{\"@type\":\"ListItem\",\"@id\":\"https:\\\/\\\/www.eldigitaldeasturias.com\\\/noticias\\\/corea-del-norte-cancela-la-visita-del-enviado-de-ee-uu-para-hablar-sobre-un-detenido\\\/#listItem\",\"position\":3,\"name\":\"Corea del Norte cancela la visita del enviado de EE.UU. para hablar sobre un detenido\",\"previousItem\":{\"@type\":\"ListItem\",\"@id\":\"https:\\\/\\\/www.eldigitaldeasturias.com\\\/noticias\\\/category\\\/actualidad\\\/#listItem\",\"name\":\"Actualidad\"}}]},{\"@type\":\"Organization\",\"@id\":\"https:\\\/\\\/www.eldigitaldeasturias.com\\\/noticias\\\/#organization\",\"name\":\"El Digital de Asturias\",\"description\":\"Hemeroteca\",\"url\":\"https:\\\/\\\/www.eldigitaldeasturias.com\\\/noticias\\\/\",\"email\":\"info@eldigitaldeasturias.com\",\"telephone\":\"+34652131393\",\"logo\":{\"@type\":\"ImageObject\",\"url\":\"https:\\\/\\\/www.eldigitaldeasturias.com\\\/noticias\\\/wp-content\\\/uploads\\\/2020\\\/12\\\/EDA.jpg\",\"@id\":\"https:\\\/\\\/www.eldigitaldeasturias.com\\\/noticias\\\/corea-del-norte-cancela-la-visita-del-enviado-de-ee-uu-para-hablar-sobre-un-detenido\\\/#organizationLogo\"},\"image\":{\"@id\":\"https:\\\/\\\/www.eldigitaldeasturias.com\\\/noticias\\\/corea-del-norte-cancela-la-visita-del-enviado-de-ee-uu-para-hablar-sobre-un-detenido\\\/#organizationLogo\"},\"sameAs\":[\"https:\\\/\\\/facebook.com\\\/eldigitaldeasturias\",\"https:\\\/\\\/www.youtube.com\\\/channel\\\/UCZP-2wLEB9Rv6erhFmqVnvg\"],\"address\":{\"@id\":\"https:\\\/\\\/www.eldigitaldeasturias.com\\\/noticias\\\/#postaladdress\",\"@type\":\"PostalAddress\",\"streetAddress\":\"san antonio 4\",\"postalCode\":\"33430\",\"addressLocality\":\"Cand\\u00e1s\",\"addressRegion\":\"Asturias\",\"addressCountry\":\"ES\"}},{\"@type\":\"Person\",\"@id\":\"https:\\\/\\\/www.eldigitaldeasturias.com\\\/noticias\\\/author\\\/admin\\\/#author\",\"url\":\"https:\\\/\\\/www.eldigitaldeasturias.com\\\/noticias\\\/author\\\/admin\\\/\",\"name\":\"El Digital de Asturias\",\"image\":{\"@type\":\"ImageObject\",\"@id\":\"https:\\\/\\\/www.eldigitaldeasturias.com\\\/noticias\\\/corea-del-norte-cancela-la-visita-del-enviado-de-ee-uu-para-hablar-sobre-un-detenido\\\/#authorImage\",\"url\":\"https:\\\/\\\/secure.gravatar.com\\\/avatar\\\/df2aeffc32bcd13f8d26072ef8a91b623d677766deac7f97ca815868cd41bf5e?s=96&d=mm&r=g\",\"width\":96,\"height\":96,\"caption\":\"El Digital de Asturias\"}},{\"@type\":\"WebPage\",\"@id\":\"https:\\\/\\\/www.eldigitaldeasturias.com\\\/noticias\\\/corea-del-norte-cancela-la-visita-del-enviado-de-ee-uu-para-hablar-sobre-un-detenido\\\/#webpage\",\"url\":\"https:\\\/\\\/www.eldigitaldeasturias.com\\\/noticias\\\/corea-del-norte-cancela-la-visita-del-enviado-de-ee-uu-para-hablar-sobre-un-detenido\\\/\",\"name\":\"Corea del Norte cancela la visita del enviado de EE.UU. para hablar sobre un detenido - El Digital de Asturias\",\"description\":\"Washington, 10 feb (EFE).- Corea del Norte cancel\\u00f3 este domingo su invitaci\\u00f3n para que el enviado de Washington Robert King visitase Pyongyang con el fin de hablar sobre el ciudadano estadounidense Kenneth Bae, preso en el pa\\u00eds desde 2012, inform\\u00f3 el Departamento de Estado a la cadena CNN. El misionero, de 45 a\\u00f1os, que regentaba\",\"inLanguage\":\"es-ES\",\"isPartOf\":{\"@id\":\"https:\\\/\\\/www.eldigitaldeasturias.com\\\/noticias\\\/#website\"},\"breadcrumb\":{\"@id\":\"https:\\\/\\\/www.eldigitaldeasturias.com\\\/noticias\\\/corea-del-norte-cancela-la-visita-del-enviado-de-ee-uu-para-hablar-sobre-un-detenido\\\/#breadcrumblist\"},\"author\":{\"@id\":\"https:\\\/\\\/www.eldigitaldeasturias.com\\\/noticias\\\/author\\\/admin\\\/#author\"},\"creator\":{\"@id\":\"https:\\\/\\\/www.eldigitaldeasturias.com\\\/noticias\\\/author\\\/admin\\\/#author\"},\"image\":{\"@type\":\"ImageObject\",\"url\":487863,\"@id\":\"https:\\\/\\\/www.eldigitaldeasturias.com\\\/noticias\\\/corea-del-norte-cancela-la-visita-del-enviado-de-ee-uu-para-hablar-sobre-un-detenido\\\/#mainImage\"},\"primaryImageOfPage\":{\"@id\":\"https:\\\/\\\/www.eldigitaldeasturias.com\\\/noticias\\\/corea-del-norte-cancela-la-visita-del-enviado-de-ee-uu-para-hablar-sobre-un-detenido\\\/#mainImage\"},\"datePublished\":\"2014-02-10T20:21:11+01:00\",\"dateModified\":\"2014-02-10T20:21:11+01:00\"},{\"@type\":\"WebSite\",\"@id\":\"https:\\\/\\\/www.eldigitaldeasturias.com\\\/noticias\\\/#website\",\"url\":\"https:\\\/\\\/www.eldigitaldeasturias.com\\\/noticias\\\/\",\"name\":\"El Digital de Asturias - Diario de actualidad y noticias\",\"alternateName\":\"El Digital de Asturias - Diario de actualidad y noticias\",\"description\":\"Hemeroteca\",\"inLanguage\":\"es-ES\",\"publisher\":{\"@id\":\"https:\\\/\\\/www.eldigitaldeasturias.com\\\/noticias\\\/#organization\"}}]}\n\t\t<\/script>\n\t\t<!-- All in One SEO Pro -->\r\n\t\t<title>Corea del Norte cancela la visita del enviado de EE.UU. para hablar sobre un detenido - El Digital de Asturias<\/title>\n\n","aioseo_head_json":{"title":"Corea del Norte cancela la visita del enviado de EE.UU. para hablar sobre un detenido - El Digital de Asturias","description":"Washington, 10 feb (EFE).- Corea del Norte cancel\u00f3 este domingo su invitaci\u00f3n para que el enviado de Washington Robert King visitase Pyongyang con el fin de hablar sobre el ciudadano estadounidense Kenneth Bae, preso en el pa\u00eds desde 2012, inform\u00f3 el Departamento de Estado a la cadena CNN. El misionero, de 45 a\u00f1os, que regentaba","canonical_url":"https:\/\/www.eldigitaldeasturias.com\/noticias\/corea-del-norte-cancela-la-visita-del-enviado-de-ee-uu-para-hablar-sobre-un-detenido\/","robots":"max-image-preview:large","keywords":"actualidad","webmasterTools":{"google-site-verification":"UA-38556648-1","msvalidate.01":"7dfe9f3f1b24437ab69f4f2559babe99","miscellaneous":""},"schema":{"@context":"https:\/\/schema.org","@graph":[{"@type":"BlogPosting","@id":"https:\/\/www.eldigitaldeasturias.com\/noticias\/corea-del-norte-cancela-la-visita-del-enviado-de-ee-uu-para-hablar-sobre-un-detenido\/#blogposting","name":"Corea del Norte cancela la visita del enviado de EE.UU. para hablar sobre un detenido - El Digital de Asturias","headline":"Corea del Norte cancela la visita del enviado de EE.UU. para hablar sobre un detenido","author":{"@id":"https:\/\/www.eldigitaldeasturias.com\/noticias\/author\/admin\/#author"},"publisher":{"@id":"https:\/\/www.eldigitaldeasturias.com\/noticias\/#organization"},"image":{"@type":"ImageObject","url":487863},"datePublished":"2014-02-10T20:21:11+01:00","dateModified":"2014-02-10T20:21:11+01:00","inLanguage":"es-ES","mainEntityOfPage":{"@id":"https:\/\/www.eldigitaldeasturias.com\/noticias\/corea-del-norte-cancela-la-visita-del-enviado-de-ee-uu-para-hablar-sobre-un-detenido\/#webpage"},"isPartOf":{"@id":"https:\/\/www.eldigitaldeasturias.com\/noticias\/corea-del-norte-cancela-la-visita-del-enviado-de-ee-uu-para-hablar-sobre-un-detenido\/#webpage"},"articleSection":"Actualidad"},{"@type":"BreadcrumbList","@id":"https:\/\/www.eldigitaldeasturias.com\/noticias\/corea-del-norte-cancela-la-visita-del-enviado-de-ee-uu-para-hablar-sobre-un-detenido\/#breadcrumblist","itemListElement":[{"@type":"ListItem","@id":"https:\/\/www.eldigitaldeasturias.com\/noticias#listItem","position":1,"name":"Home","item":"https:\/\/www.eldigitaldeasturias.com\/noticias","nextItem":{"@type":"ListItem","@id":"https:\/\/www.eldigitaldeasturias.com\/noticias\/category\/actualidad\/#listItem","name":"Actualidad"}},{"@type":"ListItem","@id":"https:\/\/www.eldigitaldeasturias.com\/noticias\/category\/actualidad\/#listItem","position":2,"name":"Actualidad","item":"https:\/\/www.eldigitaldeasturias.com\/noticias\/category\/actualidad\/","nextItem":{"@type":"ListItem","@id":"https:\/\/www.eldigitaldeasturias.com\/noticias\/corea-del-norte-cancela-la-visita-del-enviado-de-ee-uu-para-hablar-sobre-un-detenido\/#listItem","name":"Corea del Norte cancela la visita del enviado de EE.UU. para hablar sobre un detenido"},"previousItem":{"@type":"ListItem","@id":"https:\/\/www.eldigitaldeasturias.com\/noticias#listItem","name":"Home"}},{"@type":"ListItem","@id":"https:\/\/www.eldigitaldeasturias.com\/noticias\/corea-del-norte-cancela-la-visita-del-enviado-de-ee-uu-para-hablar-sobre-un-detenido\/#listItem","position":3,"name":"Corea del Norte cancela la visita del enviado de EE.UU. para hablar sobre un detenido","previousItem":{"@type":"ListItem","@id":"https:\/\/www.eldigitaldeasturias.com\/noticias\/category\/actualidad\/#listItem","name":"Actualidad"}}]},{"@type":"Organization","@id":"https:\/\/www.eldigitaldeasturias.com\/noticias\/#organization","name":"El Digital de Asturias","description":"Hemeroteca","url":"https:\/\/www.eldigitaldeasturias.com\/noticias\/","email":"info@eldigitaldeasturias.com","telephone":"+34652131393","logo":{"@type":"ImageObject","url":"https:\/\/www.eldigitaldeasturias.com\/noticias\/wp-content\/uploads\/2020\/12\/EDA.jpg","@id":"https:\/\/www.eldigitaldeasturias.com\/noticias\/corea-del-norte-cancela-la-visita-del-enviado-de-ee-uu-para-hablar-sobre-un-detenido\/#organizationLogo"},"image":{"@id":"https:\/\/www.eldigitaldeasturias.com\/noticias\/corea-del-norte-cancela-la-visita-del-enviado-de-ee-uu-para-hablar-sobre-un-detenido\/#organizationLogo"},"sameAs":["https:\/\/facebook.com\/eldigitaldeasturias","https:\/\/www.youtube.com\/channel\/UCZP-2wLEB9Rv6erhFmqVnvg"],"address":{"@id":"https:\/\/www.eldigitaldeasturias.com\/noticias\/#postaladdress","@type":"PostalAddress","streetAddress":"san antonio 4","postalCode":"33430","addressLocality":"Cand\u00e1s","addressRegion":"Asturias","addressCountry":"ES"}},{"@type":"Person","@id":"https:\/\/www.eldigitaldeasturias.com\/noticias\/author\/admin\/#author","url":"https:\/\/www.eldigitaldeasturias.com\/noticias\/author\/admin\/","name":"El Digital de Asturias","image":{"@type":"ImageObject","@id":"https:\/\/www.eldigitaldeasturias.com\/noticias\/corea-del-norte-cancela-la-visita-del-enviado-de-ee-uu-para-hablar-sobre-un-detenido\/#authorImage","url":"https:\/\/secure.gravatar.com\/avatar\/df2aeffc32bcd13f8d26072ef8a91b623d677766deac7f97ca815868cd41bf5e?s=96&d=mm&r=g","width":96,"height":96,"caption":"El Digital de Asturias"}},{"@type":"WebPage","@id":"https:\/\/www.eldigitaldeasturias.com\/noticias\/corea-del-norte-cancela-la-visita-del-enviado-de-ee-uu-para-hablar-sobre-un-detenido\/#webpage","url":"https:\/\/www.eldigitaldeasturias.com\/noticias\/corea-del-norte-cancela-la-visita-del-enviado-de-ee-uu-para-hablar-sobre-un-detenido\/","name":"Corea del Norte cancela la visita del enviado de EE.UU. para hablar sobre un detenido - El Digital de Asturias","description":"Washington, 10 feb (EFE).- Corea del Norte cancel\u00f3 este domingo su invitaci\u00f3n para que el enviado de Washington Robert King visitase Pyongyang con el fin de hablar sobre el ciudadano estadounidense Kenneth Bae, preso en el pa\u00eds desde 2012, inform\u00f3 el Departamento de Estado a la cadena CNN. El misionero, de 45 a\u00f1os, que regentaba","inLanguage":"es-ES","isPartOf":{"@id":"https:\/\/www.eldigitaldeasturias.com\/noticias\/#website"},"breadcrumb":{"@id":"https:\/\/www.eldigitaldeasturias.com\/noticias\/corea-del-norte-cancela-la-visita-del-enviado-de-ee-uu-para-hablar-sobre-un-detenido\/#breadcrumblist"},"author":{"@id":"https:\/\/www.eldigitaldeasturias.com\/noticias\/author\/admin\/#author"},"creator":{"@id":"https:\/\/www.eldigitaldeasturias.com\/noticias\/author\/admin\/#author"},"image":{"@type":"ImageObject","url":487863,"@id":"https:\/\/www.eldigitaldeasturias.com\/noticias\/corea-del-norte-cancela-la-visita-del-enviado-de-ee-uu-para-hablar-sobre-un-detenido\/#mainImage"},"primaryImageOfPage":{"@id":"https:\/\/www.eldigitaldeasturias.com\/noticias\/corea-del-norte-cancela-la-visita-del-enviado-de-ee-uu-para-hablar-sobre-un-detenido\/#mainImage"},"datePublished":"2014-02-10T20:21:11+01:00","dateModified":"2014-02-10T20:21:11+01:00"},{"@type":"WebSite","@id":"https:\/\/www.eldigitaldeasturias.com\/noticias\/#website","url":"https:\/\/www.eldigitaldeasturias.com\/noticias\/","name":"El Digital de Asturias - Diario de actualidad y noticias","alternateName":"El Digital de Asturias - Diario de actualidad y noticias","description":"Hemeroteca","inLanguage":"es-ES","publisher":{"@id":"https:\/\/www.eldigitaldeasturias.com\/noticias\/#organization"}}]},"og:locale":"es_ES","og:site_name":"El Digital de Asturias","og:type":"article","og:title":"Corea del Norte cancela la visita del enviado de EE.UU. para hablar sobre un detenido - El Digital de Asturias","og:description":"Washington, 10 feb (EFE).- Corea del Norte cancel\u00f3 este domingo su invitaci\u00f3n para que el enviado de Washington Robert King visitase Pyongyang con el fin de hablar sobre el ciudadano estadounidense Kenneth Bae, preso en el pa\u00eds desde 2012, inform\u00f3 el Departamento de Estado a la cadena CNN. El misionero, de 45 a\u00f1os, que regentaba","og:url":"https:\/\/www.eldigitaldeasturias.com\/noticias\/corea-del-norte-cancela-la-visita-del-enviado-de-ee-uu-para-hablar-sobre-un-detenido\/","article:tag":["actualidad"],"article:published_time":"2014-02-10T21:21:11+00:00","article:modified_time":"2014-02-10T21:21:11+00:00","article:publisher":"https:\/\/facebook.com\/eldigitaldeasturias","twitter:card":"summary_large_image","twitter:title":"Corea del Norte cancela la visita del enviado de EE.UU. para hablar sobre un detenido - El Digital de Asturias","twitter:description":"Washington, 10 feb (EFE).- Corea del Norte cancel\u00f3 este domingo su invitaci\u00f3n para que el enviado de Washington Robert King visitase Pyongyang con el fin de hablar sobre el ciudadano estadounidense Kenneth Bae, preso en el pa\u00eds desde 2012, inform\u00f3 el Departamento de Estado a la cadena CNN. El misionero, de 45 a\u00f1os, que regentaba","twitter:label1":"Escrito por","twitter:data1":"El Digital de Asturias","twitter:label2":"Tiempo de lectura estimado","twitter:data2":"2 minutos"},"aioseo_meta_data":{"post_id":"487862","title":null,"description":null,"keywords":null,"keyphrases":null,"primary_term":null,"canonical_url":null,"og_title":null,"og_description":null,"og_object_type":"default","og_image_type":"default","og_image_url":null,"og_image_width":null,"og_image_height":null,"og_image_custom_url":null,"og_image_custom_fields":null,"og_video":null,"og_custom_url":null,"og_article_section":null,"og_article_tags":null,"twitter_use_og":true,"twitter_card":"default","twitter_image_type":"default","twitter_image_url":null,"twitter_image_custom_url":null,"twitter_image_custom_fields":null,"twitter_title":null,"twitter_description":null,"schema":{"blockGraphs":[],"customGraphs":[],"default":{"data":{"Article":[],"Course":[],"Dataset":[],"FAQPage":[],"Movie":[],"Person":[],"Product":[],"ProductReview":[],"Car":[],"Recipe":[],"Service":[],"SoftwareApplication":[],"WebPage":[]},"graphName":"","isEnabled":true},"graphs":[],"defaultGraph":"","defaultPostTypeGraph":""},"schema_type":null,"schema_type_options":null,"pillar_content":false,"robots_default":true,"robots_noindex":false,"robots_noarchive":false,"robots_nosnippet":false,"robots_nofollow":false,"robots_noimageindex":false,"robots_noodp":false,"robots_notranslate":false,"robots_max_snippet":null,"robots_max_videopreview":null,"robots_max_imagepreview":"none","priority":null,"frequency":null,"local_seo":null,"seo_analyzer_scan_date":"2026-06-03 06:09:53","breadcrumb_settings":null,"limit_modified_date":false,"open_ai":null,"ai":null,"created":"2020-11-14 22:57:04","updated":"2026-06-03 06:09:53","focus_keyword":null,"additional_keywords":null,"truseo_locale":null},"aioseo_breadcrumb":"<div class=\"aioseo-breadcrumbs\"><span class=\"aioseo-breadcrumb\">\n\t<a href=\"https:\/\/www.eldigitaldeasturias.com\/noticias\" title=\"Home\">Home<\/a>\n<\/span><span class=\"aioseo-breadcrumb-separator\">\u2013<\/span><span class=\"aioseo-breadcrumb\">\n\t<a href=\"https:\/\/www.eldigitaldeasturias.com\/noticias\/category\/actualidad\/\" title=\"Actualidad\">Actualidad<\/a>\n<\/span><span class=\"aioseo-breadcrumb-separator\">\u2013<\/span><span class=\"aioseo-breadcrumb\">\n\t<a href=\"https:\/\/www.eldigitaldeasturias.com\/noticias\/corea-del-norte-cancela-la-visita-del-enviado-de-ee-uu-para-hablar-sobre-un-detenido\/\" title=\"Corea del Norte cancela la visita del enviado de EE.UU. para hablar sobre un detenido\">Corea del Norte cancela la visita del enviado de EE.UU. para hablar sobre un detenido<\/a>\n<\/span><\/div>","aioseo_breadcrumb_json":[{"label":"Home","link":"https:\/\/www.eldigitaldeasturias.com\/noticias"},{"label":"Actualidad","link":"https:\/\/www.eldigitaldeasturias.com\/noticias\/category\/actualidad\/"},{"label":"Corea del Norte cancela la visita del enviado de EE.UU. para hablar sobre un detenido","link":"https:\/\/www.eldigitaldeasturias.com\/noticias\/corea-del-norte-cancela-la-visita-del-enviado-de-ee-uu-para-hablar-sobre-un-detenido\/"}],"_links":{"self":[{"href":"https:\/\/www.eldigitaldeasturias.com\/noticias\/wp-json\/wp\/v2\/posts\/487862","targetHints":{"allow":["GET"]}}],"collection":[{"href":"https:\/\/www.eldigitaldeasturias.com\/noticias\/wp-json\/wp\/v2\/posts"}],"about":[{"href":"https:\/\/www.eldigitaldeasturias.com\/noticias\/wp-json\/wp\/v2\/types\/post"}],"author":[{"embeddable":true,"href":"https:\/\/www.eldigitaldeasturias.com\/noticias\/wp-json\/wp\/v2\/users\/1"}],"replies":[{"embeddable":true,"href":"https:\/\/www.eldigitaldeasturias.com\/noticias\/wp-json\/wp\/v2\/comments?post=487862"}],"version-history":[{"count":0,"href":"https:\/\/www.eldigitaldeasturias.com\/noticias\/wp-json\/wp\/v2\/posts\/487862\/revisions"}],"wp:attachment":[{"href":"https:\/\/www.eldigitaldeasturias.com\/noticias\/wp-json\/wp\/v2\/media?parent=487862"}],"wp:term":[{"taxonomy":"category","embeddable":true,"href":"https:\/\/www.eldigitaldeasturias.com\/noticias\/wp-json\/wp\/v2\/categories?post=487862"},{"taxonomy":"post_tag","embeddable":true,"href":"https:\/\/www.eldigitaldeasturias.com\/noticias\/wp-json\/wp\/v2\/tags?post=487862"}],"curies":[{"name":"wp","href":"https:\/\/api.w.org\/{rel}","templated":true}]}}