{"id":487806,"date":"2014-02-10T15:51:53","date_gmt":"2014-02-10T16:51:53","guid":{"rendered":"http:\/\/www.eldigitaldeasturias.com\/noticias\/?p=487806"},"modified":"2014-02-10T15:51:53","modified_gmt":"2014-02-10T16:51:53","slug":"asturias-en-alerta-naranja-por-fenomenos-costeros-vientos-y-nevadas","status":"publish","type":"post","link":"https:\/\/www.eldigitaldeasturias.com\/noticias\/asturias-en-alerta-naranja-por-fenomenos-costeros-vientos-y-nevadas\/","title":{"rendered":"Asturias en alerta naranja por fen\u00f3menos costeros, vientos y nevadas"},"content":{"rendered":"<p><img loading=\"lazy\" decoding=\"async\" class=\"alignleft size-medium wp-image-469759\" alt=\"olas\" src=\"https:\/\/www.eldigitaldeasturias.com\/noticias\/wp-content\/uploads\/2014\/01\/olas-360x276.jpg\" width=\"360\" height=\"276\" \/>Madrid\/Oviedo, 10 feb (EFE).- Asturias se encuentra hoy en alerta naranja por riesgo importante de fen\u00f3menos costeros, vientos y nevadas, seg\u00fan informa la Agencia Estatal de Meteorolog\u00eda en su p\u00e1gina web.<\/p>\n<p>Las previsiones sit\u00faan a la cordillera y Picos de Europa adem\u00e1s de la zona suroccidental en alerta naranja por nevadas con posible acumulaci\u00f3n de 25 cent\u00edmetros de nieve, que caer\u00e1 en cotas entre 700 y 500 metros, entre las 9 y las 18 horas de hoy, pasando despu\u00e9s a nivel amarillo.<\/p>\n<p>La zona central y los valles mineros tambi\u00e9n cuentan con alerta naranja por nevadas desde las 9 a las 18 horas en cotas m\u00ednimas entre 700 y 500 metros.<\/p>\n<p>El litoral occidental asturiano est\u00e1 en riesgo importante por fen\u00f3menos costeros, entre las 9 y las 21 horas, al igual que el oriental, entre las 9 y las 00:00 horas, con Noroeste fuerza 8 o 9 y mar significativa del Noroeste de 5 a 7 metros.<\/p>\n<p>Todas las comunidades aut\u00f3nomas m\u00e1s las ciudades de Ceuta y Melilla est\u00e1n hoy en alerta naranja o amarilla por nieve, vientos o intenso oleaje que en puntos de la costa atl\u00e1ntica alcanzar\u00e1 los 7 metros de altura.<\/p>\n<p>En Andaluc\u00eda, las provincias de Almer\u00eda, C\u00e1diz, Granada, C\u00f3rdoba, Huelva, Ja\u00e9n, M\u00e1laga y Sevilla tienen aviso naranja por vientos o fen\u00f3menos costeros adversos; en Granada y Ja\u00e9n hay tambi\u00e9n alerta naranja por nevadas con una acumulaci\u00f3n de 5 cent\u00edmetros de espesor.<\/p>\n<p>La nieve afecta con especial intensidad a la provincia de Huesca (Arag\u00f3n) donde hay alerta naranja por nevadas de 20 cent\u00edmetros de espesor en el Pirineo oscense; Huesca, Teruel y Zaragoza siguen con aviso naranja por vientos con rachas m\u00e1ximas de 120 kil\u00f3metros por hora y en Zaragoza se mantiene la alerta amarilla por nieve.<\/p>\n<p>Cantabria, en alerta naranja por nieve, viento y fen\u00f3menos costeros adversos y alerta amarilla por lluvias.<\/p>\n<p>Castilla-La Mancha tiene aviso naranja en la provincia de Albacete y Guadalajara por viento y en Ciudad Real, Cuenca y Toledo hay aviso amarillo tambi\u00e9n por vientos; en Albacete se esperan nevadas con una acumulaci\u00f3n de 8 cent\u00edmetros de espesor.<\/p>\n<p>Toda Castilla y Le\u00f3n sigue en alerta amarilla por viento o nevadas aunque en la provincia de Le\u00f3n la alerta por nieve es naranja.<\/p>\n<p>En Catalu\u00f1a se mantiene la alerta naranja por vientos en Barcelona, Lleida y Tarragona por vientos y amarilla por fen\u00f3menos costeros, mientras que en Lleida est\u00e1 activada la alerta amarilla por nieve en el Pirineo.<\/p>\n<p>Madrid sigue en alerta naranja por vientos con rachas m\u00e1ximas de 100 kil\u00f3metros por hora en \u00e1reas de la sierra.<\/p>\n<p>La Comunidad Foral de Navarra tiene alerta naranja por vientos que alcanzar\u00e1n los 100 kil\u00f3metros por hora en la vertiente cant\u00e1brica y alerta amarilla por nieve.<\/p>\n<p>Las rachas de fuerte viento ponen en alerta naranja a todas las provincias de la Comunidad de Valencia y sigue la alerta amarilla por fen\u00f3menos costeros adversos en Alicante y Castell\u00f3n.<\/p>\n<p>Extremadura est\u00e1 en alerta naranja por viento en sus provincias de C\u00e1ceres y Badajoz, y amarilla por nieve en el norte de C\u00e1ceres.<\/p>\n<p>Galicia sigue en alerta naranja por costeros en A Coru\u00f1a, Lugo y Pontevedra y amarilla por nieve en Lugo, y Ourense.<\/p>\n<p>En La Rioja hay aviso amarillo por nieve y viento y en Asturias se mantiene el aviso naranja por vientos, fen\u00f3menos costeros adversos y nevadas.<\/p>\n<p>El Pa\u00eds Vasco tiene alerta naranja por viento y costeros en Vizcaya y Guip\u00fazcoa, y amarilla por nevadas en todas las provincias.<\/p>\n<p>Murcia tiene alerta naranja por viento y amarilla por nevadas y costeros, en tanto que las ciudades aut\u00f3nomas de Ceuta y melilla tienen activada la alerta naranja por vientos o costeros.<\/p>\n<p>En Canarias, la alerta amarilla por fen\u00f3menos costeros se extiende a Lanzarote y La Palma, y Baleares tiene tambi\u00e9n aviso amarillo por vientos o fen\u00f3menos costeros adversos.<\/p>\n<p>La Aemet avisa de que con la alerta naranja existe un riesgo meteorol\u00f3gico importante, fen\u00f3menos meteorol\u00f3gicos no habituales y con cierto grado de peligro para las actividades usuales, y con la amarilla no existe riesgo meteorol\u00f3gico para la poblaci\u00f3n en general, aunque s\u00ed para alguna actividad concreta.<\/p>\n","protected":false},"excerpt":{"rendered":"<p>Madrid\/Oviedo, 10 feb (EFE).- Asturias se encuentra hoy en alerta naranja por riesgo importante de fen\u00f3menos costeros, vientos y nevadas, seg\u00fan informa la Agencia Estatal de Meteorolog\u00eda en su p\u00e1gina web. Las previsiones sit\u00faan a la cordillera y Picos de Europa adem\u00e1s de la zona suroccidental en alerta naranja por nevadas con posible acumulaci\u00f3n de [&hellip;]<\/p>\n","protected":false},"author":1,"featured_media":469759,"comment_status":"closed","ping_status":"closed","sticky":false,"template":"","format":"standard","meta":{"footnotes":""},"categories":[1,12],"tags":[],"class_list":["post-487806","post","type-post","status-publish","format-standard","has-post-thumbnail","hentry","category-actualidad","category-actualidad-asturias"],"aioseo_notices":[],"aioseo_head":"\n\t\t<!-- All in One SEO Pro 5.0.1 - aioseo.com -->\n\t<meta name=\"description\" content=\"Madrid\/Oviedo, 10 feb (EFE).- Asturias se encuentra hoy en alerta naranja por riesgo importante de fen\u00f3menos costeros, vientos y nevadas, seg\u00fan informa la Agencia Estatal de Meteorolog\u00eda en su p\u00e1gina web. Las previsiones sit\u00faan a la cordillera y Picos de Europa adem\u00e1s de la zona suroccidental en alerta naranja por nevadas con posible acumulaci\u00f3n de\" \/>\n\t<meta name=\"robots\" content=\"max-image-preview:large\" \/>\n\t<meta name=\"author\" content=\"El Digital de Asturias\"\/>\n\t<meta name=\"google-site-verification\" content=\"UA-38556648-1\" \/>\n\t<meta name=\"msvalidate.01\" content=\"7dfe9f3f1b24437ab69f4f2559babe99\" \/>\n\t<meta name=\"keywords\" content=\"actualidad,actualidad asturias\" \/>\n\t<link rel=\"canonical\" href=\"https:\/\/www.eldigitaldeasturias.com\/noticias\/asturias-en-alerta-naranja-por-fenomenos-costeros-vientos-y-nevadas\/\" \/>\n\t<meta name=\"generator\" content=\"All in One SEO Pro (AIOSEO) 5.0.1\" \/>\n\t\t<meta property=\"og:locale\" content=\"es_ES\" \/>\n\t\t<meta property=\"og:site_name\" content=\"El Digital de Asturias\" \/>\n\t\t<meta property=\"og:type\" content=\"article\" \/>\n\t\t<meta property=\"og:title\" content=\"Asturias en alerta naranja por fen\u00f3menos costeros, vientos y nevadas - El Digital de Asturias\" \/>\n\t\t<meta property=\"og:description\" content=\"Madrid\/Oviedo, 10 feb (EFE).- Asturias se encuentra hoy en alerta naranja por riesgo importante de fen\u00f3menos costeros, vientos y nevadas, seg\u00fan informa la Agencia Estatal de Meteorolog\u00eda en su p\u00e1gina web. Las previsiones sit\u00faan a la cordillera y Picos de Europa adem\u00e1s de la zona suroccidental en alerta naranja por nevadas con posible acumulaci\u00f3n de\" \/>\n\t\t<meta property=\"og:url\" content=\"https:\/\/www.eldigitaldeasturias.com\/noticias\/asturias-en-alerta-naranja-por-fenomenos-costeros-vientos-y-nevadas\/\" \/>\n\t\t<meta property=\"article:tag\" content=\"actualidad\" \/>\n\t\t<meta property=\"article:tag\" content=\"actualidad asturias\" \/>\n\t\t<meta property=\"article:published_time\" content=\"2014-02-10T16:51:53+00:00\" \/>\n\t\t<meta property=\"article:modified_time\" content=\"2014-02-10T16:51:53+00:00\" \/>\n\t\t<meta property=\"article:publisher\" content=\"https:\/\/facebook.com\/eldigitaldeasturias\" \/>\n\t\t<meta name=\"twitter:card\" content=\"summary_large_image\" \/>\n\t\t<meta name=\"twitter:title\" content=\"Asturias en alerta naranja por fen\u00f3menos costeros, vientos y nevadas - El Digital de Asturias\" \/>\n\t\t<meta name=\"twitter:description\" content=\"Madrid\/Oviedo, 10 feb (EFE).- Asturias se encuentra hoy en alerta naranja por riesgo importante de fen\u00f3menos costeros, vientos y nevadas, seg\u00fan informa la Agencia Estatal de Meteorolog\u00eda en su p\u00e1gina web. Las previsiones sit\u00faan a la cordillera y Picos de Europa adem\u00e1s de la zona suroccidental en alerta naranja por nevadas con posible acumulaci\u00f3n de\" \/>\n\t\t<meta name=\"twitter:label1\" content=\"Escrito por\" \/>\n\t\t<meta name=\"twitter:data1\" content=\"El Digital de Asturias\" \/>\n\t\t<meta name=\"twitter:label2\" content=\"Tiempo de lectura estimado\" \/>\n\t\t<meta name=\"twitter:data2\" content=\"4 minutos\" \/>\n\t\t<script type=\"application\/ld+json\" class=\"aioseo-schema\">\n\t\t\t{\"@context\":\"https:\\\/\\\/schema.org\",\"@graph\":[{\"@type\":\"BlogPosting\",\"@id\":\"https:\\\/\\\/www.eldigitaldeasturias.com\\\/noticias\\\/asturias-en-alerta-naranja-por-fenomenos-costeros-vientos-y-nevadas\\\/#blogposting\",\"name\":\"Asturias en alerta naranja por fen\\u00f3menos costeros, vientos y nevadas - El Digital de Asturias\",\"headline\":\"Asturias en alerta naranja por fen\\u00f3menos costeros, vientos y nevadas\",\"author\":{\"@id\":\"https:\\\/\\\/www.eldigitaldeasturias.com\\\/noticias\\\/author\\\/admin\\\/#author\"},\"publisher\":{\"@id\":\"https:\\\/\\\/www.eldigitaldeasturias.com\\\/noticias\\\/#organization\"},\"image\":{\"@type\":\"ImageObject\",\"url\":469759},\"datePublished\":\"2014-02-10T15:51:53+01:00\",\"dateModified\":\"2014-02-10T15:51:53+01:00\",\"inLanguage\":\"es-ES\",\"mainEntityOfPage\":{\"@id\":\"https:\\\/\\\/www.eldigitaldeasturias.com\\\/noticias\\\/asturias-en-alerta-naranja-por-fenomenos-costeros-vientos-y-nevadas\\\/#webpage\"},\"isPartOf\":{\"@id\":\"https:\\\/\\\/www.eldigitaldeasturias.com\\\/noticias\\\/asturias-en-alerta-naranja-por-fenomenos-costeros-vientos-y-nevadas\\\/#webpage\"},\"articleSection\":\"Actualidad, Actualidad Asturias\"},{\"@type\":\"BreadcrumbList\",\"@id\":\"https:\\\/\\\/www.eldigitaldeasturias.com\\\/noticias\\\/asturias-en-alerta-naranja-por-fenomenos-costeros-vientos-y-nevadas\\\/#breadcrumblist\",\"itemListElement\":[{\"@type\":\"ListItem\",\"@id\":\"https:\\\/\\\/www.eldigitaldeasturias.com\\\/noticias#listItem\",\"position\":1,\"name\":\"Home\",\"item\":\"https:\\\/\\\/www.eldigitaldeasturias.com\\\/noticias\",\"nextItem\":{\"@type\":\"ListItem\",\"@id\":\"https:\\\/\\\/www.eldigitaldeasturias.com\\\/noticias\\\/category\\\/actualidad\\\/#listItem\",\"name\":\"Actualidad\"}},{\"@type\":\"ListItem\",\"@id\":\"https:\\\/\\\/www.eldigitaldeasturias.com\\\/noticias\\\/category\\\/actualidad\\\/#listItem\",\"position\":2,\"name\":\"Actualidad\",\"item\":\"https:\\\/\\\/www.eldigitaldeasturias.com\\\/noticias\\\/category\\\/actualidad\\\/\",\"nextItem\":{\"@type\":\"ListItem\",\"@id\":\"https:\\\/\\\/www.eldigitaldeasturias.com\\\/noticias\\\/asturias-en-alerta-naranja-por-fenomenos-costeros-vientos-y-nevadas\\\/#listItem\",\"name\":\"Asturias en alerta naranja por fen\\u00f3menos costeros, vientos y nevadas\"},\"previousItem\":{\"@type\":\"ListItem\",\"@id\":\"https:\\\/\\\/www.eldigitaldeasturias.com\\\/noticias#listItem\",\"name\":\"Home\"}},{\"@type\":\"ListItem\",\"@id\":\"https:\\\/\\\/www.eldigitaldeasturias.com\\\/noticias\\\/asturias-en-alerta-naranja-por-fenomenos-costeros-vientos-y-nevadas\\\/#listItem\",\"position\":3,\"name\":\"Asturias en alerta naranja por fen\\u00f3menos costeros, vientos y nevadas\",\"previousItem\":{\"@type\":\"ListItem\",\"@id\":\"https:\\\/\\\/www.eldigitaldeasturias.com\\\/noticias\\\/category\\\/actualidad\\\/#listItem\",\"name\":\"Actualidad\"}}]},{\"@type\":\"Organization\",\"@id\":\"https:\\\/\\\/www.eldigitaldeasturias.com\\\/noticias\\\/#organization\",\"name\":\"El Digital de Asturias\",\"description\":\"Hemeroteca\",\"url\":\"https:\\\/\\\/www.eldigitaldeasturias.com\\\/noticias\\\/\",\"email\":\"info@eldigitaldeasturias.com\",\"telephone\":\"+34652131393\",\"logo\":{\"@type\":\"ImageObject\",\"url\":\"https:\\\/\\\/www.eldigitaldeasturias.com\\\/noticias\\\/wp-content\\\/uploads\\\/2020\\\/12\\\/EDA.jpg\",\"@id\":\"https:\\\/\\\/www.eldigitaldeasturias.com\\\/noticias\\\/asturias-en-alerta-naranja-por-fenomenos-costeros-vientos-y-nevadas\\\/#organizationLogo\"},\"image\":{\"@id\":\"https:\\\/\\\/www.eldigitaldeasturias.com\\\/noticias\\\/asturias-en-alerta-naranja-por-fenomenos-costeros-vientos-y-nevadas\\\/#organizationLogo\"},\"sameAs\":[\"https:\\\/\\\/facebook.com\\\/eldigitaldeasturias\",\"https:\\\/\\\/www.youtube.com\\\/channel\\\/UCZP-2wLEB9Rv6erhFmqVnvg\"],\"address\":{\"@id\":\"https:\\\/\\\/www.eldigitaldeasturias.com\\\/noticias\\\/#postaladdress\",\"@type\":\"PostalAddress\",\"streetAddress\":\"san antonio 4\",\"postalCode\":\"33430\",\"addressLocality\":\"Cand\\u00e1s\",\"addressRegion\":\"Asturias\",\"addressCountry\":\"ES\"}},{\"@type\":\"Person\",\"@id\":\"https:\\\/\\\/www.eldigitaldeasturias.com\\\/noticias\\\/author\\\/admin\\\/#author\",\"url\":\"https:\\\/\\\/www.eldigitaldeasturias.com\\\/noticias\\\/author\\\/admin\\\/\",\"name\":\"El Digital de Asturias\",\"image\":{\"@type\":\"ImageObject\",\"@id\":\"https:\\\/\\\/www.eldigitaldeasturias.com\\\/noticias\\\/asturias-en-alerta-naranja-por-fenomenos-costeros-vientos-y-nevadas\\\/#authorImage\",\"url\":\"https:\\\/\\\/secure.gravatar.com\\\/avatar\\\/df2aeffc32bcd13f8d26072ef8a91b623d677766deac7f97ca815868cd41bf5e?s=96&d=mm&r=g\",\"width\":96,\"height\":96,\"caption\":\"El Digital de Asturias\"}},{\"@type\":\"WebPage\",\"@id\":\"https:\\\/\\\/www.eldigitaldeasturias.com\\\/noticias\\\/asturias-en-alerta-naranja-por-fenomenos-costeros-vientos-y-nevadas\\\/#webpage\",\"url\":\"https:\\\/\\\/www.eldigitaldeasturias.com\\\/noticias\\\/asturias-en-alerta-naranja-por-fenomenos-costeros-vientos-y-nevadas\\\/\",\"name\":\"Asturias en alerta naranja por fen\\u00f3menos costeros, vientos y nevadas - El Digital de Asturias\",\"description\":\"Madrid\\\/Oviedo, 10 feb (EFE).- Asturias se encuentra hoy en alerta naranja por riesgo importante de fen\\u00f3menos costeros, vientos y nevadas, seg\\u00fan informa la Agencia Estatal de Meteorolog\\u00eda en su p\\u00e1gina web. Las previsiones sit\\u00faan a la cordillera y Picos de Europa adem\\u00e1s de la zona suroccidental en alerta naranja por nevadas con posible acumulaci\\u00f3n de\",\"inLanguage\":\"es-ES\",\"isPartOf\":{\"@id\":\"https:\\\/\\\/www.eldigitaldeasturias.com\\\/noticias\\\/#website\"},\"breadcrumb\":{\"@id\":\"https:\\\/\\\/www.eldigitaldeasturias.com\\\/noticias\\\/asturias-en-alerta-naranja-por-fenomenos-costeros-vientos-y-nevadas\\\/#breadcrumblist\"},\"author\":{\"@id\":\"https:\\\/\\\/www.eldigitaldeasturias.com\\\/noticias\\\/author\\\/admin\\\/#author\"},\"creator\":{\"@id\":\"https:\\\/\\\/www.eldigitaldeasturias.com\\\/noticias\\\/author\\\/admin\\\/#author\"},\"image\":{\"@type\":\"ImageObject\",\"url\":469759,\"@id\":\"https:\\\/\\\/www.eldigitaldeasturias.com\\\/noticias\\\/asturias-en-alerta-naranja-por-fenomenos-costeros-vientos-y-nevadas\\\/#mainImage\"},\"primaryImageOfPage\":{\"@id\":\"https:\\\/\\\/www.eldigitaldeasturias.com\\\/noticias\\\/asturias-en-alerta-naranja-por-fenomenos-costeros-vientos-y-nevadas\\\/#mainImage\"},\"datePublished\":\"2014-02-10T15:51:53+01:00\",\"dateModified\":\"2014-02-10T15:51:53+01:00\"},{\"@type\":\"WebSite\",\"@id\":\"https:\\\/\\\/www.eldigitaldeasturias.com\\\/noticias\\\/#website\",\"url\":\"https:\\\/\\\/www.eldigitaldeasturias.com\\\/noticias\\\/\",\"name\":\"El Digital de Asturias - Diario de actualidad y noticias\",\"alternateName\":\"El Digital de Asturias - Diario de actualidad y noticias\",\"description\":\"Hemeroteca\",\"inLanguage\":\"es-ES\",\"publisher\":{\"@id\":\"https:\\\/\\\/www.eldigitaldeasturias.com\\\/noticias\\\/#organization\"}}]}\n\t\t<\/script>\n\t\t<!-- All in One SEO Pro -->\r\n\t\t<title>Asturias en alerta naranja por fen\u00f3menos costeros, vientos y nevadas - El Digital de Asturias<\/title>\n\n","aioseo_head_json":{"title":"Asturias en alerta naranja por fen\u00f3menos costeros, vientos y nevadas - El Digital de Asturias","description":"Madrid\/Oviedo, 10 feb (EFE).- Asturias se encuentra hoy en alerta naranja por riesgo importante de fen\u00f3menos costeros, vientos y nevadas, seg\u00fan informa la Agencia Estatal de Meteorolog\u00eda en su p\u00e1gina web. Las previsiones sit\u00faan a la cordillera y Picos de Europa adem\u00e1s de la zona suroccidental en alerta naranja por nevadas con posible acumulaci\u00f3n de","canonical_url":"https:\/\/www.eldigitaldeasturias.com\/noticias\/asturias-en-alerta-naranja-por-fenomenos-costeros-vientos-y-nevadas\/","robots":"max-image-preview:large","keywords":"actualidad,actualidad asturias","webmasterTools":{"google-site-verification":"UA-38556648-1","msvalidate.01":"7dfe9f3f1b24437ab69f4f2559babe99","miscellaneous":""},"schema":{"@context":"https:\/\/schema.org","@graph":[{"@type":"BlogPosting","@id":"https:\/\/www.eldigitaldeasturias.com\/noticias\/asturias-en-alerta-naranja-por-fenomenos-costeros-vientos-y-nevadas\/#blogposting","name":"Asturias en alerta naranja por fen\u00f3menos costeros, vientos y nevadas - El Digital de Asturias","headline":"Asturias en alerta naranja por fen\u00f3menos costeros, vientos y nevadas","author":{"@id":"https:\/\/www.eldigitaldeasturias.com\/noticias\/author\/admin\/#author"},"publisher":{"@id":"https:\/\/www.eldigitaldeasturias.com\/noticias\/#organization"},"image":{"@type":"ImageObject","url":469759},"datePublished":"2014-02-10T15:51:53+01:00","dateModified":"2014-02-10T15:51:53+01:00","inLanguage":"es-ES","mainEntityOfPage":{"@id":"https:\/\/www.eldigitaldeasturias.com\/noticias\/asturias-en-alerta-naranja-por-fenomenos-costeros-vientos-y-nevadas\/#webpage"},"isPartOf":{"@id":"https:\/\/www.eldigitaldeasturias.com\/noticias\/asturias-en-alerta-naranja-por-fenomenos-costeros-vientos-y-nevadas\/#webpage"},"articleSection":"Actualidad, Actualidad Asturias"},{"@type":"BreadcrumbList","@id":"https:\/\/www.eldigitaldeasturias.com\/noticias\/asturias-en-alerta-naranja-por-fenomenos-costeros-vientos-y-nevadas\/#breadcrumblist","itemListElement":[{"@type":"ListItem","@id":"https:\/\/www.eldigitaldeasturias.com\/noticias#listItem","position":1,"name":"Home","item":"https:\/\/www.eldigitaldeasturias.com\/noticias","nextItem":{"@type":"ListItem","@id":"https:\/\/www.eldigitaldeasturias.com\/noticias\/category\/actualidad\/#listItem","name":"Actualidad"}},{"@type":"ListItem","@id":"https:\/\/www.eldigitaldeasturias.com\/noticias\/category\/actualidad\/#listItem","position":2,"name":"Actualidad","item":"https:\/\/www.eldigitaldeasturias.com\/noticias\/category\/actualidad\/","nextItem":{"@type":"ListItem","@id":"https:\/\/www.eldigitaldeasturias.com\/noticias\/asturias-en-alerta-naranja-por-fenomenos-costeros-vientos-y-nevadas\/#listItem","name":"Asturias en alerta naranja por fen\u00f3menos costeros, vientos y nevadas"},"previousItem":{"@type":"ListItem","@id":"https:\/\/www.eldigitaldeasturias.com\/noticias#listItem","name":"Home"}},{"@type":"ListItem","@id":"https:\/\/www.eldigitaldeasturias.com\/noticias\/asturias-en-alerta-naranja-por-fenomenos-costeros-vientos-y-nevadas\/#listItem","position":3,"name":"Asturias en alerta naranja por fen\u00f3menos costeros, vientos y nevadas","previousItem":{"@type":"ListItem","@id":"https:\/\/www.eldigitaldeasturias.com\/noticias\/category\/actualidad\/#listItem","name":"Actualidad"}}]},{"@type":"Organization","@id":"https:\/\/www.eldigitaldeasturias.com\/noticias\/#organization","name":"El Digital de Asturias","description":"Hemeroteca","url":"https:\/\/www.eldigitaldeasturias.com\/noticias\/","email":"info@eldigitaldeasturias.com","telephone":"+34652131393","logo":{"@type":"ImageObject","url":"https:\/\/www.eldigitaldeasturias.com\/noticias\/wp-content\/uploads\/2020\/12\/EDA.jpg","@id":"https:\/\/www.eldigitaldeasturias.com\/noticias\/asturias-en-alerta-naranja-por-fenomenos-costeros-vientos-y-nevadas\/#organizationLogo"},"image":{"@id":"https:\/\/www.eldigitaldeasturias.com\/noticias\/asturias-en-alerta-naranja-por-fenomenos-costeros-vientos-y-nevadas\/#organizationLogo"},"sameAs":["https:\/\/facebook.com\/eldigitaldeasturias","https:\/\/www.youtube.com\/channel\/UCZP-2wLEB9Rv6erhFmqVnvg"],"address":{"@id":"https:\/\/www.eldigitaldeasturias.com\/noticias\/#postaladdress","@type":"PostalAddress","streetAddress":"san antonio 4","postalCode":"33430","addressLocality":"Cand\u00e1s","addressRegion":"Asturias","addressCountry":"ES"}},{"@type":"Person","@id":"https:\/\/www.eldigitaldeasturias.com\/noticias\/author\/admin\/#author","url":"https:\/\/www.eldigitaldeasturias.com\/noticias\/author\/admin\/","name":"El Digital de Asturias","image":{"@type":"ImageObject","@id":"https:\/\/www.eldigitaldeasturias.com\/noticias\/asturias-en-alerta-naranja-por-fenomenos-costeros-vientos-y-nevadas\/#authorImage","url":"https:\/\/secure.gravatar.com\/avatar\/df2aeffc32bcd13f8d26072ef8a91b623d677766deac7f97ca815868cd41bf5e?s=96&d=mm&r=g","width":96,"height":96,"caption":"El Digital de Asturias"}},{"@type":"WebPage","@id":"https:\/\/www.eldigitaldeasturias.com\/noticias\/asturias-en-alerta-naranja-por-fenomenos-costeros-vientos-y-nevadas\/#webpage","url":"https:\/\/www.eldigitaldeasturias.com\/noticias\/asturias-en-alerta-naranja-por-fenomenos-costeros-vientos-y-nevadas\/","name":"Asturias en alerta naranja por fen\u00f3menos costeros, vientos y nevadas - El Digital de Asturias","description":"Madrid\/Oviedo, 10 feb (EFE).- Asturias se encuentra hoy en alerta naranja por riesgo importante de fen\u00f3menos costeros, vientos y nevadas, seg\u00fan informa la Agencia Estatal de Meteorolog\u00eda en su p\u00e1gina web. Las previsiones sit\u00faan a la cordillera y Picos de Europa adem\u00e1s de la zona suroccidental en alerta naranja por nevadas con posible acumulaci\u00f3n de","inLanguage":"es-ES","isPartOf":{"@id":"https:\/\/www.eldigitaldeasturias.com\/noticias\/#website"},"breadcrumb":{"@id":"https:\/\/www.eldigitaldeasturias.com\/noticias\/asturias-en-alerta-naranja-por-fenomenos-costeros-vientos-y-nevadas\/#breadcrumblist"},"author":{"@id":"https:\/\/www.eldigitaldeasturias.com\/noticias\/author\/admin\/#author"},"creator":{"@id":"https:\/\/www.eldigitaldeasturias.com\/noticias\/author\/admin\/#author"},"image":{"@type":"ImageObject","url":469759,"@id":"https:\/\/www.eldigitaldeasturias.com\/noticias\/asturias-en-alerta-naranja-por-fenomenos-costeros-vientos-y-nevadas\/#mainImage"},"primaryImageOfPage":{"@id":"https:\/\/www.eldigitaldeasturias.com\/noticias\/asturias-en-alerta-naranja-por-fenomenos-costeros-vientos-y-nevadas\/#mainImage"},"datePublished":"2014-02-10T15:51:53+01:00","dateModified":"2014-02-10T15:51:53+01:00"},{"@type":"WebSite","@id":"https:\/\/www.eldigitaldeasturias.com\/noticias\/#website","url":"https:\/\/www.eldigitaldeasturias.com\/noticias\/","name":"El Digital de Asturias - Diario de actualidad y noticias","alternateName":"El Digital de Asturias - Diario de actualidad y noticias","description":"Hemeroteca","inLanguage":"es-ES","publisher":{"@id":"https:\/\/www.eldigitaldeasturias.com\/noticias\/#organization"}}]},"og:locale":"es_ES","og:site_name":"El Digital de Asturias","og:type":"article","og:title":"Asturias en alerta naranja por fen\u00f3menos costeros, vientos y nevadas - El Digital de Asturias","og:description":"Madrid\/Oviedo, 10 feb (EFE).- Asturias se encuentra hoy en alerta naranja por riesgo importante de fen\u00f3menos costeros, vientos y nevadas, seg\u00fan informa la Agencia Estatal de Meteorolog\u00eda en su p\u00e1gina web. Las previsiones sit\u00faan a la cordillera y Picos de Europa adem\u00e1s de la zona suroccidental en alerta naranja por nevadas con posible acumulaci\u00f3n de","og:url":"https:\/\/www.eldigitaldeasturias.com\/noticias\/asturias-en-alerta-naranja-por-fenomenos-costeros-vientos-y-nevadas\/","article:tag":["actualidad","actualidad asturias"],"article:published_time":"2014-02-10T16:51:53+00:00","article:modified_time":"2014-02-10T16:51:53+00:00","article:publisher":"https:\/\/facebook.com\/eldigitaldeasturias","twitter:card":"summary_large_image","twitter:title":"Asturias en alerta naranja por fen\u00f3menos costeros, vientos y nevadas - El Digital de Asturias","twitter:description":"Madrid\/Oviedo, 10 feb (EFE).- Asturias se encuentra hoy en alerta naranja por riesgo importante de fen\u00f3menos costeros, vientos y nevadas, seg\u00fan informa la Agencia Estatal de Meteorolog\u00eda en su p\u00e1gina web. Las previsiones sit\u00faan a la cordillera y Picos de Europa adem\u00e1s de la zona suroccidental en alerta naranja por nevadas con posible acumulaci\u00f3n de","twitter:label1":"Escrito por","twitter:data1":"El Digital de Asturias","twitter:label2":"Tiempo de lectura estimado","twitter:data2":"4 minutos"},"aioseo_meta_data":{"post_id":"487806","title":null,"description":null,"keywords":null,"keyphrases":null,"primary_term":null,"canonical_url":null,"og_title":null,"og_description":null,"og_object_type":"default","og_image_type":"default","og_image_url":null,"og_image_width":null,"og_image_height":null,"og_image_custom_url":null,"og_image_custom_fields":null,"og_video":null,"og_custom_url":null,"og_article_section":null,"og_article_tags":null,"twitter_use_og":true,"twitter_card":"default","twitter_image_type":"default","twitter_image_url":null,"twitter_image_custom_url":null,"twitter_image_custom_fields":null,"twitter_title":null,"twitter_description":null,"schema":{"blockGraphs":[],"customGraphs":[],"default":{"data":{"Article":[],"Course":[],"Dataset":[],"FAQPage":[],"Movie":[],"Person":[],"Product":[],"ProductReview":[],"Car":[],"Recipe":[],"Service":[],"SoftwareApplication":[],"WebPage":[]},"graphName":"","isEnabled":true},"graphs":[],"defaultGraph":"","defaultPostTypeGraph":""},"schema_type":null,"schema_type_options":null,"pillar_content":false,"robots_default":true,"robots_noindex":false,"robots_noarchive":false,"robots_nosnippet":false,"robots_nofollow":false,"robots_noimageindex":false,"robots_noodp":false,"robots_notranslate":false,"robots_max_snippet":null,"robots_max_videopreview":null,"robots_max_imagepreview":"none","priority":null,"frequency":null,"local_seo":null,"seo_analyzer_scan_date":"2026-06-03 05:54:48","breadcrumb_settings":null,"limit_modified_date":false,"open_ai":null,"ai":null,"created":"2020-11-14 22:57:04","updated":"2026-06-03 05:54:48","focus_keyword":null,"additional_keywords":null,"truseo_locale":null},"aioseo_breadcrumb":"<div class=\"aioseo-breadcrumbs\"><span class=\"aioseo-breadcrumb\">\n\t<a href=\"https:\/\/www.eldigitaldeasturias.com\/noticias\" title=\"Home\">Home<\/a>\n<\/span><span class=\"aioseo-breadcrumb-separator\">\u2013<\/span><span class=\"aioseo-breadcrumb\">\n\t<a href=\"https:\/\/www.eldigitaldeasturias.com\/noticias\/category\/actualidad\/\" title=\"Actualidad\">Actualidad<\/a>\n<\/span><span class=\"aioseo-breadcrumb-separator\">\u2013<\/span><span class=\"aioseo-breadcrumb\">\n\t<a href=\"https:\/\/www.eldigitaldeasturias.com\/noticias\/asturias-en-alerta-naranja-por-fenomenos-costeros-vientos-y-nevadas\/\" title=\"Asturias en alerta naranja por fen\u00f3menos costeros, vientos y nevadas\">Asturias en alerta naranja por fen\u00f3menos costeros, vientos y nevadas<\/a>\n<\/span><\/div>","aioseo_breadcrumb_json":[{"label":"Home","link":"https:\/\/www.eldigitaldeasturias.com\/noticias"},{"label":"Actualidad","link":"https:\/\/www.eldigitaldeasturias.com\/noticias\/category\/actualidad\/"},{"label":"Asturias en alerta naranja por fen\u00f3menos costeros, vientos y nevadas","link":"https:\/\/www.eldigitaldeasturias.com\/noticias\/asturias-en-alerta-naranja-por-fenomenos-costeros-vientos-y-nevadas\/"}],"_links":{"self":[{"href":"https:\/\/www.eldigitaldeasturias.com\/noticias\/wp-json\/wp\/v2\/posts\/487806","targetHints":{"allow":["GET"]}}],"collection":[{"href":"https:\/\/www.eldigitaldeasturias.com\/noticias\/wp-json\/wp\/v2\/posts"}],"about":[{"href":"https:\/\/www.eldigitaldeasturias.com\/noticias\/wp-json\/wp\/v2\/types\/post"}],"author":[{"embeddable":true,"href":"https:\/\/www.eldigitaldeasturias.com\/noticias\/wp-json\/wp\/v2\/users\/1"}],"replies":[{"embeddable":true,"href":"https:\/\/www.eldigitaldeasturias.com\/noticias\/wp-json\/wp\/v2\/comments?post=487806"}],"version-history":[{"count":0,"href":"https:\/\/www.eldigitaldeasturias.com\/noticias\/wp-json\/wp\/v2\/posts\/487806\/revisions"}],"wp:attachment":[{"href":"https:\/\/www.eldigitaldeasturias.com\/noticias\/wp-json\/wp\/v2\/media?parent=487806"}],"wp:term":[{"taxonomy":"category","embeddable":true,"href":"https:\/\/www.eldigitaldeasturias.com\/noticias\/wp-json\/wp\/v2\/categories?post=487806"},{"taxonomy":"post_tag","embeddable":true,"href":"https:\/\/www.eldigitaldeasturias.com\/noticias\/wp-json\/wp\/v2\/tags?post=487806"}],"curies":[{"name":"wp","href":"https:\/\/api.w.org\/{rel}","templated":true}]}}