{"id":487769,"date":"2014-02-10T14:33:58","date_gmt":"2014-02-10T15:33:58","guid":{"rendered":"http:\/\/www.eldigitaldeasturias.com\/noticias\/?p=487769"},"modified":"2014-02-10T14:33:58","modified_gmt":"2014-02-10T15:33:58","slug":"periodistas-que-cubren-el-proceso-de-paz-con-las-farc-fueron-espiados-segun-univision","status":"publish","type":"post","link":"https:\/\/www.eldigitaldeasturias.com\/noticias\/periodistas-que-cubren-el-proceso-de-paz-con-las-farc-fueron-espiados-segun-univision\/","title":{"rendered":"Periodistas que cubren el proceso de paz con las FARC fueron espiados, seg\u00fan Univisi\u00f3n"},"content":{"rendered":"<p><img loading=\"lazy\" decoding=\"async\" class=\"alignleft size-medium wp-image-487770\" alt=\"5926736w\" src=\"https:\/\/www.eldigitaldeasturias.com\/noticias\/wp-content\/uploads\/2014\/02\/5926736w-360x196.jpg\" width=\"360\" height=\"196\" \/>Bogot\u00e1, 9 feb (EFE).- Un numeroso grupo de periodistas colombianos y extranjeros que cubren el di\u00e1logo de paz del Gobierno con la guerrilla de las FARC han sido espiados por la inteligencia militar colombiana, que lleg\u00f3 a interceptar m\u00e1s de 2.600 correos electr\u00f3nicos, inform\u00f3 hoy la cadena Univisi\u00f3n.<\/p>\n<p>La investigaci\u00f3n, realizada por el periodista colombiano Gerardo Reyes y el venezolano Casto Ocando, indica que \u00ab&#8216;hackers&#8217; de la inteligencia militar colombiana\u00bb accedieron a las comunicaciones entre periodistas y portavoces de las Fuerzas Armadas Revolucionarias de Colombia (FARC) en Cuba.<\/p>\n<p>Los correos interceptados, \u00aba los cuales tuvo acceso exclusivo Univision\u00bb, seg\u00fan inform\u00f3 esta cadena, \u00abincluyen m\u00e1s de 2.600 comunicaciones entre Hermes Aguilar y Bernardo Salcedo -ambos portavoces de las FARC en Cuba- con periodistas de agencias de noticias internacionales como AP, Reuters, Notimex, Prensa Latina, Efe, la alemana DPA, la francesa AFP\u00bb.<\/p>\n<p>Tambi\u00e9n con medios colombianos, entre ellos, El Tiempo y Caracol Radio; europeos como Televisi\u00f3n Espa\u00f1ola (TVE), el diario vasco GARA, los holandeses RTL y Telgraaf, y los alemanes Suddeutschen Zeitung y Junge Welt.<\/p>\n<p>\u00abLos correos incluyen solicitudes de entrevistas e informaci\u00f3n en general a miembros de las FARC que forman parte de la delegaci\u00f3n de las conversaciones de paz en Cuba\u00bb, matiz\u00f3 Univisi\u00f3n.<\/p>\n<p>Esta revelaci\u00f3n sigue al esc\u00e1ndalo desatado esta semana en Colombia, donde la revista Semana inform\u00f3 en exclusiva de la existencia de un centro de inteligencia, ubicado en un restaurante fachada de Bogot\u00e1, donde se estaba espiando a los negociadores del Gobierno en Cuba y a distintos l\u00edderes de la izquierda colombiana.<\/p>\n<p>Por este caso, el ministro de Defensa, Juan Carlos Pinz\u00f3n, relev\u00f3 de sus cargos a dos generales de los servicios de inteligencia del Ej\u00e9rcito para garantizar la transparencia de las investigaciones.<\/p>\n<p>Ahora Univisi\u00f3n afirma que \u00ablogr\u00f3 el acceso a dos cuentas de correos interceptados con un total de 2.638 mensajes\u00bb, todos ellos de periodistas.<\/p>\n","protected":false},"excerpt":{"rendered":"<p>Bogot\u00e1, 9 feb (EFE).- Un numeroso grupo de periodistas colombianos y extranjeros que cubren el di\u00e1logo de paz del Gobierno con la guerrilla de las FARC han sido espiados por la inteligencia militar colombiana, que lleg\u00f3 a interceptar m\u00e1s de 2.600 correos electr\u00f3nicos, inform\u00f3 hoy la cadena Univisi\u00f3n. La investigaci\u00f3n, realizada por el periodista colombiano [&hellip;]<\/p>\n","protected":false},"author":1,"featured_media":487770,"comment_status":"open","ping_status":"open","sticky":false,"template":"","format":"standard","meta":{"footnotes":""},"categories":[1],"tags":[],"class_list":["post-487769","post","type-post","status-publish","format-standard","has-post-thumbnail","hentry","category-actualidad"],"aioseo_notices":[],"aioseo_head":"\n\t\t<!-- All in One SEO Pro 5.0.1 - aioseo.com -->\n\t<meta name=\"description\" content=\"Bogot\u00e1, 9 feb (EFE).- Un numeroso grupo de periodistas colombianos y extranjeros que cubren el di\u00e1logo de paz del Gobierno con la guerrilla de las FARC han sido espiados por la inteligencia militar colombiana, que lleg\u00f3 a interceptar m\u00e1s de 2.600 correos electr\u00f3nicos, inform\u00f3 hoy la cadena Univisi\u00f3n. La investigaci\u00f3n, realizada por el periodista colombiano\" \/>\n\t<meta name=\"robots\" content=\"max-image-preview:large\" \/>\n\t<meta name=\"author\" content=\"El Digital de Asturias\"\/>\n\t<meta name=\"google-site-verification\" content=\"UA-38556648-1\" \/>\n\t<meta name=\"msvalidate.01\" content=\"7dfe9f3f1b24437ab69f4f2559babe99\" \/>\n\t<meta name=\"keywords\" content=\"actualidad\" \/>\n\t<link rel=\"canonical\" href=\"https:\/\/www.eldigitaldeasturias.com\/noticias\/periodistas-que-cubren-el-proceso-de-paz-con-las-farc-fueron-espiados-segun-univision\/\" \/>\n\t<meta name=\"generator\" content=\"All in One SEO Pro (AIOSEO) 5.0.1\" \/>\n\t\t<meta property=\"og:locale\" content=\"es_ES\" \/>\n\t\t<meta property=\"og:site_name\" content=\"El Digital de Asturias\" \/>\n\t\t<meta property=\"og:type\" content=\"article\" \/>\n\t\t<meta property=\"og:title\" content=\"Periodistas que cubren el proceso de paz con las FARC fueron espiados, seg\u00fan Univisi\u00f3n - El Digital de Asturias\" \/>\n\t\t<meta property=\"og:description\" content=\"Bogot\u00e1, 9 feb (EFE).- Un numeroso grupo de periodistas colombianos y extranjeros que cubren el di\u00e1logo de paz del Gobierno con la guerrilla de las FARC han sido espiados por la inteligencia militar colombiana, que lleg\u00f3 a interceptar m\u00e1s de 2.600 correos electr\u00f3nicos, inform\u00f3 hoy la cadena Univisi\u00f3n. La investigaci\u00f3n, realizada por el periodista colombiano\" \/>\n\t\t<meta property=\"og:url\" content=\"https:\/\/www.eldigitaldeasturias.com\/noticias\/periodistas-que-cubren-el-proceso-de-paz-con-las-farc-fueron-espiados-segun-univision\/\" \/>\n\t\t<meta property=\"article:tag\" content=\"actualidad\" \/>\n\t\t<meta property=\"article:published_time\" content=\"2014-02-10T15:33:58+00:00\" \/>\n\t\t<meta property=\"article:modified_time\" content=\"2014-02-10T15:33:58+00:00\" \/>\n\t\t<meta property=\"article:publisher\" content=\"https:\/\/facebook.com\/eldigitaldeasturias\" \/>\n\t\t<meta name=\"twitter:card\" content=\"summary_large_image\" \/>\n\t\t<meta name=\"twitter:title\" content=\"Periodistas que cubren el proceso de paz con las FARC fueron espiados, seg\u00fan Univisi\u00f3n - El Digital de Asturias\" \/>\n\t\t<meta name=\"twitter:description\" content=\"Bogot\u00e1, 9 feb (EFE).- Un numeroso grupo de periodistas colombianos y extranjeros que cubren el di\u00e1logo de paz del Gobierno con la guerrilla de las FARC han sido espiados por la inteligencia militar colombiana, que lleg\u00f3 a interceptar m\u00e1s de 2.600 correos electr\u00f3nicos, inform\u00f3 hoy la cadena Univisi\u00f3n. La investigaci\u00f3n, realizada por el periodista colombiano\" \/>\n\t\t<meta name=\"twitter:label1\" content=\"Escrito por\" \/>\n\t\t<meta name=\"twitter:data1\" content=\"El Digital de Asturias\" \/>\n\t\t<meta name=\"twitter:label2\" content=\"Tiempo de lectura estimado\" \/>\n\t\t<meta name=\"twitter:data2\" content=\"2 minutos\" \/>\n\t\t<script type=\"application\/ld+json\" class=\"aioseo-schema\">\n\t\t\t{\"@context\":\"https:\\\/\\\/schema.org\",\"@graph\":[{\"@type\":\"BlogPosting\",\"@id\":\"https:\\\/\\\/www.eldigitaldeasturias.com\\\/noticias\\\/periodistas-que-cubren-el-proceso-de-paz-con-las-farc-fueron-espiados-segun-univision\\\/#blogposting\",\"name\":\"Periodistas que cubren el proceso de paz con las FARC fueron espiados, seg\\u00fan Univisi\\u00f3n - El Digital de Asturias\",\"headline\":\"Periodistas que cubren el proceso de paz con las FARC fueron espiados, seg\\u00fan Univisi\\u00f3n\",\"author\":{\"@id\":\"https:\\\/\\\/www.eldigitaldeasturias.com\\\/noticias\\\/author\\\/admin\\\/#author\"},\"publisher\":{\"@id\":\"https:\\\/\\\/www.eldigitaldeasturias.com\\\/noticias\\\/#organization\"},\"image\":{\"@type\":\"ImageObject\",\"url\":487770},\"datePublished\":\"2014-02-10T14:33:58+01:00\",\"dateModified\":\"2014-02-10T14:33:58+01:00\",\"inLanguage\":\"es-ES\",\"mainEntityOfPage\":{\"@id\":\"https:\\\/\\\/www.eldigitaldeasturias.com\\\/noticias\\\/periodistas-que-cubren-el-proceso-de-paz-con-las-farc-fueron-espiados-segun-univision\\\/#webpage\"},\"isPartOf\":{\"@id\":\"https:\\\/\\\/www.eldigitaldeasturias.com\\\/noticias\\\/periodistas-que-cubren-el-proceso-de-paz-con-las-farc-fueron-espiados-segun-univision\\\/#webpage\"},\"articleSection\":\"Actualidad\"},{\"@type\":\"BreadcrumbList\",\"@id\":\"https:\\\/\\\/www.eldigitaldeasturias.com\\\/noticias\\\/periodistas-que-cubren-el-proceso-de-paz-con-las-farc-fueron-espiados-segun-univision\\\/#breadcrumblist\",\"itemListElement\":[{\"@type\":\"ListItem\",\"@id\":\"https:\\\/\\\/www.eldigitaldeasturias.com\\\/noticias#listItem\",\"position\":1,\"name\":\"Home\",\"item\":\"https:\\\/\\\/www.eldigitaldeasturias.com\\\/noticias\",\"nextItem\":{\"@type\":\"ListItem\",\"@id\":\"https:\\\/\\\/www.eldigitaldeasturias.com\\\/noticias\\\/category\\\/actualidad\\\/#listItem\",\"name\":\"Actualidad\"}},{\"@type\":\"ListItem\",\"@id\":\"https:\\\/\\\/www.eldigitaldeasturias.com\\\/noticias\\\/category\\\/actualidad\\\/#listItem\",\"position\":2,\"name\":\"Actualidad\",\"item\":\"https:\\\/\\\/www.eldigitaldeasturias.com\\\/noticias\\\/category\\\/actualidad\\\/\",\"nextItem\":{\"@type\":\"ListItem\",\"@id\":\"https:\\\/\\\/www.eldigitaldeasturias.com\\\/noticias\\\/periodistas-que-cubren-el-proceso-de-paz-con-las-farc-fueron-espiados-segun-univision\\\/#listItem\",\"name\":\"Periodistas que cubren el proceso de paz con las FARC fueron espiados, seg\\u00fan Univisi\\u00f3n\"},\"previousItem\":{\"@type\":\"ListItem\",\"@id\":\"https:\\\/\\\/www.eldigitaldeasturias.com\\\/noticias#listItem\",\"name\":\"Home\"}},{\"@type\":\"ListItem\",\"@id\":\"https:\\\/\\\/www.eldigitaldeasturias.com\\\/noticias\\\/periodistas-que-cubren-el-proceso-de-paz-con-las-farc-fueron-espiados-segun-univision\\\/#listItem\",\"position\":3,\"name\":\"Periodistas que cubren el proceso de paz con las FARC fueron espiados, seg\\u00fan Univisi\\u00f3n\",\"previousItem\":{\"@type\":\"ListItem\",\"@id\":\"https:\\\/\\\/www.eldigitaldeasturias.com\\\/noticias\\\/category\\\/actualidad\\\/#listItem\",\"name\":\"Actualidad\"}}]},{\"@type\":\"Organization\",\"@id\":\"https:\\\/\\\/www.eldigitaldeasturias.com\\\/noticias\\\/#organization\",\"name\":\"El Digital de Asturias\",\"description\":\"Hemeroteca\",\"url\":\"https:\\\/\\\/www.eldigitaldeasturias.com\\\/noticias\\\/\",\"email\":\"info@eldigitaldeasturias.com\",\"telephone\":\"+34652131393\",\"logo\":{\"@type\":\"ImageObject\",\"url\":\"https:\\\/\\\/www.eldigitaldeasturias.com\\\/noticias\\\/wp-content\\\/uploads\\\/2020\\\/12\\\/EDA.jpg\",\"@id\":\"https:\\\/\\\/www.eldigitaldeasturias.com\\\/noticias\\\/periodistas-que-cubren-el-proceso-de-paz-con-las-farc-fueron-espiados-segun-univision\\\/#organizationLogo\"},\"image\":{\"@id\":\"https:\\\/\\\/www.eldigitaldeasturias.com\\\/noticias\\\/periodistas-que-cubren-el-proceso-de-paz-con-las-farc-fueron-espiados-segun-univision\\\/#organizationLogo\"},\"sameAs\":[\"https:\\\/\\\/facebook.com\\\/eldigitaldeasturias\",\"https:\\\/\\\/www.youtube.com\\\/channel\\\/UCZP-2wLEB9Rv6erhFmqVnvg\"],\"address\":{\"@id\":\"https:\\\/\\\/www.eldigitaldeasturias.com\\\/noticias\\\/#postaladdress\",\"@type\":\"PostalAddress\",\"streetAddress\":\"san antonio 4\",\"postalCode\":\"33430\",\"addressLocality\":\"Cand\\u00e1s\",\"addressRegion\":\"Asturias\",\"addressCountry\":\"ES\"}},{\"@type\":\"Person\",\"@id\":\"https:\\\/\\\/www.eldigitaldeasturias.com\\\/noticias\\\/author\\\/admin\\\/#author\",\"url\":\"https:\\\/\\\/www.eldigitaldeasturias.com\\\/noticias\\\/author\\\/admin\\\/\",\"name\":\"El Digital de Asturias\",\"image\":{\"@type\":\"ImageObject\",\"@id\":\"https:\\\/\\\/www.eldigitaldeasturias.com\\\/noticias\\\/periodistas-que-cubren-el-proceso-de-paz-con-las-farc-fueron-espiados-segun-univision\\\/#authorImage\",\"url\":\"https:\\\/\\\/secure.gravatar.com\\\/avatar\\\/df2aeffc32bcd13f8d26072ef8a91b623d677766deac7f97ca815868cd41bf5e?s=96&d=mm&r=g\",\"width\":96,\"height\":96,\"caption\":\"El Digital de Asturias\"}},{\"@type\":\"WebPage\",\"@id\":\"https:\\\/\\\/www.eldigitaldeasturias.com\\\/noticias\\\/periodistas-que-cubren-el-proceso-de-paz-con-las-farc-fueron-espiados-segun-univision\\\/#webpage\",\"url\":\"https:\\\/\\\/www.eldigitaldeasturias.com\\\/noticias\\\/periodistas-que-cubren-el-proceso-de-paz-con-las-farc-fueron-espiados-segun-univision\\\/\",\"name\":\"Periodistas que cubren el proceso de paz con las FARC fueron espiados, seg\\u00fan Univisi\\u00f3n - El Digital de Asturias\",\"description\":\"Bogot\\u00e1, 9 feb (EFE).- Un numeroso grupo de periodistas colombianos y extranjeros que cubren el di\\u00e1logo de paz del Gobierno con la guerrilla de las FARC han sido espiados por la inteligencia militar colombiana, que lleg\\u00f3 a interceptar m\\u00e1s de 2.600 correos electr\\u00f3nicos, inform\\u00f3 hoy la cadena Univisi\\u00f3n. La investigaci\\u00f3n, realizada por el periodista colombiano\",\"inLanguage\":\"es-ES\",\"isPartOf\":{\"@id\":\"https:\\\/\\\/www.eldigitaldeasturias.com\\\/noticias\\\/#website\"},\"breadcrumb\":{\"@id\":\"https:\\\/\\\/www.eldigitaldeasturias.com\\\/noticias\\\/periodistas-que-cubren-el-proceso-de-paz-con-las-farc-fueron-espiados-segun-univision\\\/#breadcrumblist\"},\"author\":{\"@id\":\"https:\\\/\\\/www.eldigitaldeasturias.com\\\/noticias\\\/author\\\/admin\\\/#author\"},\"creator\":{\"@id\":\"https:\\\/\\\/www.eldigitaldeasturias.com\\\/noticias\\\/author\\\/admin\\\/#author\"},\"image\":{\"@type\":\"ImageObject\",\"url\":487770,\"@id\":\"https:\\\/\\\/www.eldigitaldeasturias.com\\\/noticias\\\/periodistas-que-cubren-el-proceso-de-paz-con-las-farc-fueron-espiados-segun-univision\\\/#mainImage\"},\"primaryImageOfPage\":{\"@id\":\"https:\\\/\\\/www.eldigitaldeasturias.com\\\/noticias\\\/periodistas-que-cubren-el-proceso-de-paz-con-las-farc-fueron-espiados-segun-univision\\\/#mainImage\"},\"datePublished\":\"2014-02-10T14:33:58+01:00\",\"dateModified\":\"2014-02-10T14:33:58+01:00\"},{\"@type\":\"WebSite\",\"@id\":\"https:\\\/\\\/www.eldigitaldeasturias.com\\\/noticias\\\/#website\",\"url\":\"https:\\\/\\\/www.eldigitaldeasturias.com\\\/noticias\\\/\",\"name\":\"El Digital de Asturias - Diario de actualidad y noticias\",\"alternateName\":\"El Digital de Asturias - Diario de actualidad y noticias\",\"description\":\"Hemeroteca\",\"inLanguage\":\"es-ES\",\"publisher\":{\"@id\":\"https:\\\/\\\/www.eldigitaldeasturias.com\\\/noticias\\\/#organization\"}}]}\n\t\t<\/script>\n\t\t<!-- All in One SEO Pro -->\r\n\t\t<title>Periodistas que cubren el proceso de paz con las FARC fueron espiados, seg\u00fan Univisi\u00f3n - El Digital de Asturias<\/title>\n\n","aioseo_head_json":{"title":"Periodistas que cubren el proceso de paz con las FARC fueron espiados, seg\u00fan Univisi\u00f3n - El Digital de Asturias","description":"Bogot\u00e1, 9 feb (EFE).- Un numeroso grupo de periodistas colombianos y extranjeros que cubren el di\u00e1logo de paz del Gobierno con la guerrilla de las FARC han sido espiados por la inteligencia militar colombiana, que lleg\u00f3 a interceptar m\u00e1s de 2.600 correos electr\u00f3nicos, inform\u00f3 hoy la cadena Univisi\u00f3n. La investigaci\u00f3n, realizada por el periodista colombiano","canonical_url":"https:\/\/www.eldigitaldeasturias.com\/noticias\/periodistas-que-cubren-el-proceso-de-paz-con-las-farc-fueron-espiados-segun-univision\/","robots":"max-image-preview:large","keywords":"actualidad","webmasterTools":{"google-site-verification":"UA-38556648-1","msvalidate.01":"7dfe9f3f1b24437ab69f4f2559babe99","miscellaneous":""},"schema":{"@context":"https:\/\/schema.org","@graph":[{"@type":"BlogPosting","@id":"https:\/\/www.eldigitaldeasturias.com\/noticias\/periodistas-que-cubren-el-proceso-de-paz-con-las-farc-fueron-espiados-segun-univision\/#blogposting","name":"Periodistas que cubren el proceso de paz con las FARC fueron espiados, seg\u00fan Univisi\u00f3n - El Digital de Asturias","headline":"Periodistas que cubren el proceso de paz con las FARC fueron espiados, seg\u00fan Univisi\u00f3n","author":{"@id":"https:\/\/www.eldigitaldeasturias.com\/noticias\/author\/admin\/#author"},"publisher":{"@id":"https:\/\/www.eldigitaldeasturias.com\/noticias\/#organization"},"image":{"@type":"ImageObject","url":487770},"datePublished":"2014-02-10T14:33:58+01:00","dateModified":"2014-02-10T14:33:58+01:00","inLanguage":"es-ES","mainEntityOfPage":{"@id":"https:\/\/www.eldigitaldeasturias.com\/noticias\/periodistas-que-cubren-el-proceso-de-paz-con-las-farc-fueron-espiados-segun-univision\/#webpage"},"isPartOf":{"@id":"https:\/\/www.eldigitaldeasturias.com\/noticias\/periodistas-que-cubren-el-proceso-de-paz-con-las-farc-fueron-espiados-segun-univision\/#webpage"},"articleSection":"Actualidad"},{"@type":"BreadcrumbList","@id":"https:\/\/www.eldigitaldeasturias.com\/noticias\/periodistas-que-cubren-el-proceso-de-paz-con-las-farc-fueron-espiados-segun-univision\/#breadcrumblist","itemListElement":[{"@type":"ListItem","@id":"https:\/\/www.eldigitaldeasturias.com\/noticias#listItem","position":1,"name":"Home","item":"https:\/\/www.eldigitaldeasturias.com\/noticias","nextItem":{"@type":"ListItem","@id":"https:\/\/www.eldigitaldeasturias.com\/noticias\/category\/actualidad\/#listItem","name":"Actualidad"}},{"@type":"ListItem","@id":"https:\/\/www.eldigitaldeasturias.com\/noticias\/category\/actualidad\/#listItem","position":2,"name":"Actualidad","item":"https:\/\/www.eldigitaldeasturias.com\/noticias\/category\/actualidad\/","nextItem":{"@type":"ListItem","@id":"https:\/\/www.eldigitaldeasturias.com\/noticias\/periodistas-que-cubren-el-proceso-de-paz-con-las-farc-fueron-espiados-segun-univision\/#listItem","name":"Periodistas que cubren el proceso de paz con las FARC fueron espiados, seg\u00fan Univisi\u00f3n"},"previousItem":{"@type":"ListItem","@id":"https:\/\/www.eldigitaldeasturias.com\/noticias#listItem","name":"Home"}},{"@type":"ListItem","@id":"https:\/\/www.eldigitaldeasturias.com\/noticias\/periodistas-que-cubren-el-proceso-de-paz-con-las-farc-fueron-espiados-segun-univision\/#listItem","position":3,"name":"Periodistas que cubren el proceso de paz con las FARC fueron espiados, seg\u00fan Univisi\u00f3n","previousItem":{"@type":"ListItem","@id":"https:\/\/www.eldigitaldeasturias.com\/noticias\/category\/actualidad\/#listItem","name":"Actualidad"}}]},{"@type":"Organization","@id":"https:\/\/www.eldigitaldeasturias.com\/noticias\/#organization","name":"El Digital de Asturias","description":"Hemeroteca","url":"https:\/\/www.eldigitaldeasturias.com\/noticias\/","email":"info@eldigitaldeasturias.com","telephone":"+34652131393","logo":{"@type":"ImageObject","url":"https:\/\/www.eldigitaldeasturias.com\/noticias\/wp-content\/uploads\/2020\/12\/EDA.jpg","@id":"https:\/\/www.eldigitaldeasturias.com\/noticias\/periodistas-que-cubren-el-proceso-de-paz-con-las-farc-fueron-espiados-segun-univision\/#organizationLogo"},"image":{"@id":"https:\/\/www.eldigitaldeasturias.com\/noticias\/periodistas-que-cubren-el-proceso-de-paz-con-las-farc-fueron-espiados-segun-univision\/#organizationLogo"},"sameAs":["https:\/\/facebook.com\/eldigitaldeasturias","https:\/\/www.youtube.com\/channel\/UCZP-2wLEB9Rv6erhFmqVnvg"],"address":{"@id":"https:\/\/www.eldigitaldeasturias.com\/noticias\/#postaladdress","@type":"PostalAddress","streetAddress":"san antonio 4","postalCode":"33430","addressLocality":"Cand\u00e1s","addressRegion":"Asturias","addressCountry":"ES"}},{"@type":"Person","@id":"https:\/\/www.eldigitaldeasturias.com\/noticias\/author\/admin\/#author","url":"https:\/\/www.eldigitaldeasturias.com\/noticias\/author\/admin\/","name":"El Digital de Asturias","image":{"@type":"ImageObject","@id":"https:\/\/www.eldigitaldeasturias.com\/noticias\/periodistas-que-cubren-el-proceso-de-paz-con-las-farc-fueron-espiados-segun-univision\/#authorImage","url":"https:\/\/secure.gravatar.com\/avatar\/df2aeffc32bcd13f8d26072ef8a91b623d677766deac7f97ca815868cd41bf5e?s=96&d=mm&r=g","width":96,"height":96,"caption":"El Digital de Asturias"}},{"@type":"WebPage","@id":"https:\/\/www.eldigitaldeasturias.com\/noticias\/periodistas-que-cubren-el-proceso-de-paz-con-las-farc-fueron-espiados-segun-univision\/#webpage","url":"https:\/\/www.eldigitaldeasturias.com\/noticias\/periodistas-que-cubren-el-proceso-de-paz-con-las-farc-fueron-espiados-segun-univision\/","name":"Periodistas que cubren el proceso de paz con las FARC fueron espiados, seg\u00fan Univisi\u00f3n - El Digital de Asturias","description":"Bogot\u00e1, 9 feb (EFE).- Un numeroso grupo de periodistas colombianos y extranjeros que cubren el di\u00e1logo de paz del Gobierno con la guerrilla de las FARC han sido espiados por la inteligencia militar colombiana, que lleg\u00f3 a interceptar m\u00e1s de 2.600 correos electr\u00f3nicos, inform\u00f3 hoy la cadena Univisi\u00f3n. La investigaci\u00f3n, realizada por el periodista colombiano","inLanguage":"es-ES","isPartOf":{"@id":"https:\/\/www.eldigitaldeasturias.com\/noticias\/#website"},"breadcrumb":{"@id":"https:\/\/www.eldigitaldeasturias.com\/noticias\/periodistas-que-cubren-el-proceso-de-paz-con-las-farc-fueron-espiados-segun-univision\/#breadcrumblist"},"author":{"@id":"https:\/\/www.eldigitaldeasturias.com\/noticias\/author\/admin\/#author"},"creator":{"@id":"https:\/\/www.eldigitaldeasturias.com\/noticias\/author\/admin\/#author"},"image":{"@type":"ImageObject","url":487770,"@id":"https:\/\/www.eldigitaldeasturias.com\/noticias\/periodistas-que-cubren-el-proceso-de-paz-con-las-farc-fueron-espiados-segun-univision\/#mainImage"},"primaryImageOfPage":{"@id":"https:\/\/www.eldigitaldeasturias.com\/noticias\/periodistas-que-cubren-el-proceso-de-paz-con-las-farc-fueron-espiados-segun-univision\/#mainImage"},"datePublished":"2014-02-10T14:33:58+01:00","dateModified":"2014-02-10T14:33:58+01:00"},{"@type":"WebSite","@id":"https:\/\/www.eldigitaldeasturias.com\/noticias\/#website","url":"https:\/\/www.eldigitaldeasturias.com\/noticias\/","name":"El Digital de Asturias - Diario de actualidad y noticias","alternateName":"El Digital de Asturias - Diario de actualidad y noticias","description":"Hemeroteca","inLanguage":"es-ES","publisher":{"@id":"https:\/\/www.eldigitaldeasturias.com\/noticias\/#organization"}}]},"og:locale":"es_ES","og:site_name":"El Digital de Asturias","og:type":"article","og:title":"Periodistas que cubren el proceso de paz con las FARC fueron espiados, seg\u00fan Univisi\u00f3n - El Digital de Asturias","og:description":"Bogot\u00e1, 9 feb (EFE).- Un numeroso grupo de periodistas colombianos y extranjeros que cubren el di\u00e1logo de paz del Gobierno con la guerrilla de las FARC han sido espiados por la inteligencia militar colombiana, que lleg\u00f3 a interceptar m\u00e1s de 2.600 correos electr\u00f3nicos, inform\u00f3 hoy la cadena Univisi\u00f3n. La investigaci\u00f3n, realizada por el periodista colombiano","og:url":"https:\/\/www.eldigitaldeasturias.com\/noticias\/periodistas-que-cubren-el-proceso-de-paz-con-las-farc-fueron-espiados-segun-univision\/","article:tag":["actualidad"],"article:published_time":"2014-02-10T15:33:58+00:00","article:modified_time":"2014-02-10T15:33:58+00:00","article:publisher":"https:\/\/facebook.com\/eldigitaldeasturias","twitter:card":"summary_large_image","twitter:title":"Periodistas que cubren el proceso de paz con las FARC fueron espiados, seg\u00fan Univisi\u00f3n - El Digital de Asturias","twitter:description":"Bogot\u00e1, 9 feb (EFE).- Un numeroso grupo de periodistas colombianos y extranjeros que cubren el di\u00e1logo de paz del Gobierno con la guerrilla de las FARC han sido espiados por la inteligencia militar colombiana, que lleg\u00f3 a interceptar m\u00e1s de 2.600 correos electr\u00f3nicos, inform\u00f3 hoy la cadena Univisi\u00f3n. La investigaci\u00f3n, realizada por el periodista colombiano","twitter:label1":"Escrito por","twitter:data1":"El Digital de Asturias","twitter:label2":"Tiempo de lectura estimado","twitter:data2":"2 minutos"},"aioseo_meta_data":{"post_id":"487769","title":null,"description":null,"keywords":null,"keyphrases":null,"primary_term":null,"canonical_url":null,"og_title":null,"og_description":null,"og_object_type":"default","og_image_type":"default","og_image_url":null,"og_image_width":null,"og_image_height":null,"og_image_custom_url":null,"og_image_custom_fields":null,"og_video":null,"og_custom_url":null,"og_article_section":null,"og_article_tags":null,"twitter_use_og":true,"twitter_card":"default","twitter_image_type":"default","twitter_image_url":null,"twitter_image_custom_url":null,"twitter_image_custom_fields":null,"twitter_title":null,"twitter_description":null,"schema":{"blockGraphs":[],"customGraphs":[],"default":{"data":{"Article":[],"Course":[],"Dataset":[],"FAQPage":[],"Movie":[],"Person":[],"Product":[],"ProductReview":[],"Car":[],"Recipe":[],"Service":[],"SoftwareApplication":[],"WebPage":[]},"graphName":"","isEnabled":true},"graphs":[],"defaultGraph":"","defaultPostTypeGraph":""},"schema_type":null,"schema_type_options":null,"pillar_content":false,"robots_default":true,"robots_noindex":false,"robots_noarchive":false,"robots_nosnippet":false,"robots_nofollow":false,"robots_noimageindex":false,"robots_noodp":false,"robots_notranslate":false,"robots_max_snippet":null,"robots_max_videopreview":null,"robots_max_imagepreview":"none","priority":null,"frequency":null,"local_seo":null,"seo_analyzer_scan_date":"2026-06-03 05:46:50","breadcrumb_settings":null,"limit_modified_date":false,"open_ai":null,"ai":null,"created":"2020-11-14 22:56:59","updated":"2026-06-03 05:46:50","focus_keyword":null,"additional_keywords":null,"truseo_locale":null},"aioseo_breadcrumb":"<div class=\"aioseo-breadcrumbs\"><span class=\"aioseo-breadcrumb\">\n\t<a href=\"https:\/\/www.eldigitaldeasturias.com\/noticias\" title=\"Home\">Home<\/a>\n<\/span><span class=\"aioseo-breadcrumb-separator\">\u2013<\/span><span class=\"aioseo-breadcrumb\">\n\t<a href=\"https:\/\/www.eldigitaldeasturias.com\/noticias\/category\/actualidad\/\" title=\"Actualidad\">Actualidad<\/a>\n<\/span><span class=\"aioseo-breadcrumb-separator\">\u2013<\/span><span class=\"aioseo-breadcrumb\">\n\t<a href=\"https:\/\/www.eldigitaldeasturias.com\/noticias\/periodistas-que-cubren-el-proceso-de-paz-con-las-farc-fueron-espiados-segun-univision\/\" title=\"Periodistas que cubren el proceso de paz con las FARC fueron espiados, seg\u00fan Univisi\u00f3n\">Periodistas que cubren el proceso de paz con las FARC fueron espiados, seg\u00fan Univisi\u00f3n<\/a>\n<\/span><\/div>","aioseo_breadcrumb_json":[{"label":"Home","link":"https:\/\/www.eldigitaldeasturias.com\/noticias"},{"label":"Actualidad","link":"https:\/\/www.eldigitaldeasturias.com\/noticias\/category\/actualidad\/"},{"label":"Periodistas que cubren el proceso de paz con las FARC fueron espiados, seg\u00fan Univisi\u00f3n","link":"https:\/\/www.eldigitaldeasturias.com\/noticias\/periodistas-que-cubren-el-proceso-de-paz-con-las-farc-fueron-espiados-segun-univision\/"}],"_links":{"self":[{"href":"https:\/\/www.eldigitaldeasturias.com\/noticias\/wp-json\/wp\/v2\/posts\/487769","targetHints":{"allow":["GET"]}}],"collection":[{"href":"https:\/\/www.eldigitaldeasturias.com\/noticias\/wp-json\/wp\/v2\/posts"}],"about":[{"href":"https:\/\/www.eldigitaldeasturias.com\/noticias\/wp-json\/wp\/v2\/types\/post"}],"author":[{"embeddable":true,"href":"https:\/\/www.eldigitaldeasturias.com\/noticias\/wp-json\/wp\/v2\/users\/1"}],"replies":[{"embeddable":true,"href":"https:\/\/www.eldigitaldeasturias.com\/noticias\/wp-json\/wp\/v2\/comments?post=487769"}],"version-history":[{"count":0,"href":"https:\/\/www.eldigitaldeasturias.com\/noticias\/wp-json\/wp\/v2\/posts\/487769\/revisions"}],"wp:attachment":[{"href":"https:\/\/www.eldigitaldeasturias.com\/noticias\/wp-json\/wp\/v2\/media?parent=487769"}],"wp:term":[{"taxonomy":"category","embeddable":true,"href":"https:\/\/www.eldigitaldeasturias.com\/noticias\/wp-json\/wp\/v2\/categories?post=487769"},{"taxonomy":"post_tag","embeddable":true,"href":"https:\/\/www.eldigitaldeasturias.com\/noticias\/wp-json\/wp\/v2\/tags?post=487769"}],"curies":[{"name":"wp","href":"https:\/\/api.w.org\/{rel}","templated":true}]}}