{"id":487766,"date":"2014-02-10T14:32:44","date_gmt":"2014-02-10T15:32:44","guid":{"rendered":"http:\/\/www.eldigitaldeasturias.com\/noticias\/?p=487766"},"modified":"2014-02-10T14:32:44","modified_gmt":"2014-02-10T15:32:44","slug":"pinera-dice-que-chile-evalua-su-permanencia-en-el-pacto-de-bogota","status":"publish","type":"post","link":"https:\/\/www.eldigitaldeasturias.com\/noticias\/pinera-dice-que-chile-evalua-su-permanencia-en-el-pacto-de-bogota\/","title":{"rendered":"Pi\u00f1era dice que Chile eval\u00faa su permanencia en el Pacto de Bogot\u00e1"},"content":{"rendered":"<p><img loading=\"lazy\" decoding=\"async\" class=\"alignleft size-medium wp-image-487767\" alt=\"5926731w\" src=\"https:\/\/www.eldigitaldeasturias.com\/noticias\/wp-content\/uploads\/2014\/02\/5926731w-360x292.jpg\" width=\"360\" height=\"292\" \/>Santiago de Chile, 10 feb (EFE).- El presidente chileno, Sebasti\u00e1n Pi\u00f1era, afirm\u00f3 hoy que Chile deber\u00e1 evaluar su permanencia en el Pacto de Bogot\u00e1 tras perder 22.000 kil\u00f3metros cuadrados de mar que la Corte Internacional de Justicia (CIJ) otorg\u00f3 a Per\u00fa y a las puertas de que Bolivia presente un recurso tambi\u00e9n a esa instancia.<\/p>\n<p>\u00abChile tendr\u00e1 que evaluar si se mantiene o retira del Pacto de Bogot\u00e1\u00bb, dijo Pi\u00f1era en una entrevista a Televisi\u00f3n Nacional de Chile desde Carategena de Indias, Colombia, donde se encuentra para participar en la Cumbre de la Alianza del Pac\u00edfico.<\/p>\n<p>\u00abLo estamos estudiando\u00bb, afirm\u00f3, al tiempo que indic\u00f3 que \u00abes un tema que hemos conversado con la presidenta electa, Michelle Bachelet\u00bb.<\/p>\n<p>Chile suscribi\u00f3 el Pacto de Bogot\u00e1 de 1948, que da competencia a la CIJ para resolver los conflictos que surjan entre las naciones que se adhieran al convenio.<\/p>\n<p>Sin embargo, tras la sentencia del pasado 27 de enero emitida por la CIJ por el nuevo l\u00edmite mar\u00edtimo demandado por Per\u00fa, en Chile han surgido muchas voces cr\u00edticas sobre la conveniencia de mantenerse en el pacto.<\/p>\n<p>Chile y Per\u00fa acataron el fallo de La Haya y ya iniciaron las negociaciones para implementar la aplicaci\u00f3n del nuevo l\u00edmite, que reconoce una l\u00ednea paralela desde la costa chilena, pero s\u00f3lo hasta la milla 80. De ah\u00ed hasta la milla 200 estableci\u00f3 una l\u00ednea transversal, que debe ser definida cartogr\u00e1ficamente.<\/p>\n<p>Sobre la demanda que prepara Bolivia, para exigir una salida a trav\u00e9s de Chile a las costas del Pac\u00edfico, que perdi\u00f3 en una guerra en el siglo XIX, Pi\u00f1era sostuvo que esa petici\u00f3n carece de fundamento.<\/p>\n<p>\u00abHemos estudiado el derecho y la jurisprudencia internacional y Bolivia en esta materia no tiene ninguna raz\u00f3n ni argumento, ni en el derecho internacional ni en los hechos que han caracterizado nuestra historia y, por tanto, creo que esa demanda no tiene destino\u00bb, afirm\u00f3 el mandatario.<\/p>\n<p>El presidente de Bolivia, Evo Morales, ha acusado a Chile de obstruir cualquier posibilidad de di\u00e1logo para buscar una soluci\u00f3n a la demanda mar\u00edtima de su pa\u00eds.<\/p>\n<p>Por ello, ha argumentado que debe ser CIJ la que resuelva el tema en base a lo que ha denominado \u00abderechos expectantes\u00bb, cuya existencia Chile niega.<\/p>\n<p>Bolivia pretende interponer su demanda en abril, por lo cual deber\u00e1 ser abordada por el Gobierno de Bachelet, que asumir\u00e1 el 11 de marzo.<\/p>\n","protected":false},"excerpt":{"rendered":"<p>Santiago de Chile, 10 feb (EFE).- El presidente chileno, Sebasti\u00e1n Pi\u00f1era, afirm\u00f3 hoy que Chile deber\u00e1 evaluar su permanencia en el Pacto de Bogot\u00e1 tras perder 22.000 kil\u00f3metros cuadrados de mar que la Corte Internacional de Justicia (CIJ) otorg\u00f3 a Per\u00fa y a las puertas de que Bolivia presente un recurso tambi\u00e9n a esa instancia. [&hellip;]<\/p>\n","protected":false},"author":1,"featured_media":487767,"comment_status":"open","ping_status":"open","sticky":false,"template":"","format":"standard","meta":{"footnotes":""},"categories":[1],"tags":[],"class_list":["post-487766","post","type-post","status-publish","format-standard","has-post-thumbnail","hentry","category-actualidad"],"aioseo_notices":[],"aioseo_head":"\n\t\t<!-- All in One SEO Pro 5.0.1 - aioseo.com -->\n\t<meta name=\"description\" content=\"Santiago de Chile, 10 feb (EFE).- El presidente chileno, Sebasti\u00e1n Pi\u00f1era, afirm\u00f3 hoy que Chile deber\u00e1 evaluar su permanencia en el Pacto de Bogot\u00e1 tras perder 22.000 kil\u00f3metros cuadrados de mar que la Corte Internacional de Justicia (CIJ) otorg\u00f3 a Per\u00fa y a las puertas de que Bolivia presente un recurso tambi\u00e9n a esa instancia.\" \/>\n\t<meta name=\"robots\" content=\"max-image-preview:large\" \/>\n\t<meta name=\"author\" content=\"El Digital de Asturias\"\/>\n\t<meta name=\"google-site-verification\" content=\"UA-38556648-1\" \/>\n\t<meta name=\"msvalidate.01\" content=\"7dfe9f3f1b24437ab69f4f2559babe99\" \/>\n\t<meta name=\"keywords\" content=\"actualidad\" \/>\n\t<link rel=\"canonical\" href=\"https:\/\/www.eldigitaldeasturias.com\/noticias\/pinera-dice-que-chile-evalua-su-permanencia-en-el-pacto-de-bogota\/\" \/>\n\t<meta name=\"generator\" content=\"All in One SEO Pro (AIOSEO) 5.0.1\" \/>\n\t\t<meta property=\"og:locale\" content=\"es_ES\" \/>\n\t\t<meta property=\"og:site_name\" content=\"El Digital de Asturias\" \/>\n\t\t<meta property=\"og:type\" content=\"article\" \/>\n\t\t<meta property=\"og:title\" content=\"Pi\u00f1era dice que Chile eval\u00faa su permanencia en el Pacto de Bogot\u00e1 - El Digital de Asturias\" \/>\n\t\t<meta property=\"og:description\" content=\"Santiago de Chile, 10 feb (EFE).- El presidente chileno, Sebasti\u00e1n Pi\u00f1era, afirm\u00f3 hoy que Chile deber\u00e1 evaluar su permanencia en el Pacto de Bogot\u00e1 tras perder 22.000 kil\u00f3metros cuadrados de mar que la Corte Internacional de Justicia (CIJ) otorg\u00f3 a Per\u00fa y a las puertas de que Bolivia presente un recurso tambi\u00e9n a esa instancia.\" \/>\n\t\t<meta property=\"og:url\" content=\"https:\/\/www.eldigitaldeasturias.com\/noticias\/pinera-dice-que-chile-evalua-su-permanencia-en-el-pacto-de-bogota\/\" \/>\n\t\t<meta property=\"article:tag\" content=\"actualidad\" \/>\n\t\t<meta property=\"article:published_time\" content=\"2014-02-10T15:32:44+00:00\" \/>\n\t\t<meta property=\"article:modified_time\" content=\"2014-02-10T15:32:44+00:00\" \/>\n\t\t<meta property=\"article:publisher\" content=\"https:\/\/facebook.com\/eldigitaldeasturias\" \/>\n\t\t<meta name=\"twitter:card\" content=\"summary_large_image\" \/>\n\t\t<meta name=\"twitter:title\" content=\"Pi\u00f1era dice que Chile eval\u00faa su permanencia en el Pacto de Bogot\u00e1 - El Digital de Asturias\" \/>\n\t\t<meta name=\"twitter:description\" content=\"Santiago de Chile, 10 feb (EFE).- El presidente chileno, Sebasti\u00e1n Pi\u00f1era, afirm\u00f3 hoy que Chile deber\u00e1 evaluar su permanencia en el Pacto de Bogot\u00e1 tras perder 22.000 kil\u00f3metros cuadrados de mar que la Corte Internacional de Justicia (CIJ) otorg\u00f3 a Per\u00fa y a las puertas de que Bolivia presente un recurso tambi\u00e9n a esa instancia.\" \/>\n\t\t<meta name=\"twitter:label1\" content=\"Escrito por\" \/>\n\t\t<meta name=\"twitter:data1\" content=\"El Digital de Asturias\" \/>\n\t\t<meta name=\"twitter:label2\" content=\"Tiempo de lectura estimado\" \/>\n\t\t<meta name=\"twitter:data2\" content=\"2 minutos\" \/>\n\t\t<script type=\"application\/ld+json\" class=\"aioseo-schema\">\n\t\t\t{\"@context\":\"https:\\\/\\\/schema.org\",\"@graph\":[{\"@type\":\"BlogPosting\",\"@id\":\"https:\\\/\\\/www.eldigitaldeasturias.com\\\/noticias\\\/pinera-dice-que-chile-evalua-su-permanencia-en-el-pacto-de-bogota\\\/#blogposting\",\"name\":\"Pi\\u00f1era dice que Chile eval\\u00faa su permanencia en el Pacto de Bogot\\u00e1 - El Digital de Asturias\",\"headline\":\"Pi\\u00f1era dice que Chile eval\\u00faa su permanencia en el Pacto de Bogot\\u00e1\",\"author\":{\"@id\":\"https:\\\/\\\/www.eldigitaldeasturias.com\\\/noticias\\\/author\\\/admin\\\/#author\"},\"publisher\":{\"@id\":\"https:\\\/\\\/www.eldigitaldeasturias.com\\\/noticias\\\/#organization\"},\"image\":{\"@type\":\"ImageObject\",\"url\":487767},\"datePublished\":\"2014-02-10T14:32:44+01:00\",\"dateModified\":\"2014-02-10T14:32:44+01:00\",\"inLanguage\":\"es-ES\",\"mainEntityOfPage\":{\"@id\":\"https:\\\/\\\/www.eldigitaldeasturias.com\\\/noticias\\\/pinera-dice-que-chile-evalua-su-permanencia-en-el-pacto-de-bogota\\\/#webpage\"},\"isPartOf\":{\"@id\":\"https:\\\/\\\/www.eldigitaldeasturias.com\\\/noticias\\\/pinera-dice-que-chile-evalua-su-permanencia-en-el-pacto-de-bogota\\\/#webpage\"},\"articleSection\":\"Actualidad\"},{\"@type\":\"BreadcrumbList\",\"@id\":\"https:\\\/\\\/www.eldigitaldeasturias.com\\\/noticias\\\/pinera-dice-que-chile-evalua-su-permanencia-en-el-pacto-de-bogota\\\/#breadcrumblist\",\"itemListElement\":[{\"@type\":\"ListItem\",\"@id\":\"https:\\\/\\\/www.eldigitaldeasturias.com\\\/noticias#listItem\",\"position\":1,\"name\":\"Home\",\"item\":\"https:\\\/\\\/www.eldigitaldeasturias.com\\\/noticias\",\"nextItem\":{\"@type\":\"ListItem\",\"@id\":\"https:\\\/\\\/www.eldigitaldeasturias.com\\\/noticias\\\/category\\\/actualidad\\\/#listItem\",\"name\":\"Actualidad\"}},{\"@type\":\"ListItem\",\"@id\":\"https:\\\/\\\/www.eldigitaldeasturias.com\\\/noticias\\\/category\\\/actualidad\\\/#listItem\",\"position\":2,\"name\":\"Actualidad\",\"item\":\"https:\\\/\\\/www.eldigitaldeasturias.com\\\/noticias\\\/category\\\/actualidad\\\/\",\"nextItem\":{\"@type\":\"ListItem\",\"@id\":\"https:\\\/\\\/www.eldigitaldeasturias.com\\\/noticias\\\/pinera-dice-que-chile-evalua-su-permanencia-en-el-pacto-de-bogota\\\/#listItem\",\"name\":\"Pi\\u00f1era dice que Chile eval\\u00faa su permanencia en el Pacto de Bogot\\u00e1\"},\"previousItem\":{\"@type\":\"ListItem\",\"@id\":\"https:\\\/\\\/www.eldigitaldeasturias.com\\\/noticias#listItem\",\"name\":\"Home\"}},{\"@type\":\"ListItem\",\"@id\":\"https:\\\/\\\/www.eldigitaldeasturias.com\\\/noticias\\\/pinera-dice-que-chile-evalua-su-permanencia-en-el-pacto-de-bogota\\\/#listItem\",\"position\":3,\"name\":\"Pi\\u00f1era dice que Chile eval\\u00faa su permanencia en el Pacto de Bogot\\u00e1\",\"previousItem\":{\"@type\":\"ListItem\",\"@id\":\"https:\\\/\\\/www.eldigitaldeasturias.com\\\/noticias\\\/category\\\/actualidad\\\/#listItem\",\"name\":\"Actualidad\"}}]},{\"@type\":\"Organization\",\"@id\":\"https:\\\/\\\/www.eldigitaldeasturias.com\\\/noticias\\\/#organization\",\"name\":\"El Digital de Asturias\",\"description\":\"Hemeroteca\",\"url\":\"https:\\\/\\\/www.eldigitaldeasturias.com\\\/noticias\\\/\",\"email\":\"info@eldigitaldeasturias.com\",\"telephone\":\"+34652131393\",\"logo\":{\"@type\":\"ImageObject\",\"url\":\"https:\\\/\\\/www.eldigitaldeasturias.com\\\/noticias\\\/wp-content\\\/uploads\\\/2020\\\/12\\\/EDA.jpg\",\"@id\":\"https:\\\/\\\/www.eldigitaldeasturias.com\\\/noticias\\\/pinera-dice-que-chile-evalua-su-permanencia-en-el-pacto-de-bogota\\\/#organizationLogo\"},\"image\":{\"@id\":\"https:\\\/\\\/www.eldigitaldeasturias.com\\\/noticias\\\/pinera-dice-que-chile-evalua-su-permanencia-en-el-pacto-de-bogota\\\/#organizationLogo\"},\"sameAs\":[\"https:\\\/\\\/facebook.com\\\/eldigitaldeasturias\",\"https:\\\/\\\/www.youtube.com\\\/channel\\\/UCZP-2wLEB9Rv6erhFmqVnvg\"],\"address\":{\"@id\":\"https:\\\/\\\/www.eldigitaldeasturias.com\\\/noticias\\\/#postaladdress\",\"@type\":\"PostalAddress\",\"streetAddress\":\"san antonio 4\",\"postalCode\":\"33430\",\"addressLocality\":\"Cand\\u00e1s\",\"addressRegion\":\"Asturias\",\"addressCountry\":\"ES\"}},{\"@type\":\"Person\",\"@id\":\"https:\\\/\\\/www.eldigitaldeasturias.com\\\/noticias\\\/author\\\/admin\\\/#author\",\"url\":\"https:\\\/\\\/www.eldigitaldeasturias.com\\\/noticias\\\/author\\\/admin\\\/\",\"name\":\"El Digital de Asturias\",\"image\":{\"@type\":\"ImageObject\",\"@id\":\"https:\\\/\\\/www.eldigitaldeasturias.com\\\/noticias\\\/pinera-dice-que-chile-evalua-su-permanencia-en-el-pacto-de-bogota\\\/#authorImage\",\"url\":\"https:\\\/\\\/secure.gravatar.com\\\/avatar\\\/df2aeffc32bcd13f8d26072ef8a91b623d677766deac7f97ca815868cd41bf5e?s=96&d=mm&r=g\",\"width\":96,\"height\":96,\"caption\":\"El Digital de Asturias\"}},{\"@type\":\"WebPage\",\"@id\":\"https:\\\/\\\/www.eldigitaldeasturias.com\\\/noticias\\\/pinera-dice-que-chile-evalua-su-permanencia-en-el-pacto-de-bogota\\\/#webpage\",\"url\":\"https:\\\/\\\/www.eldigitaldeasturias.com\\\/noticias\\\/pinera-dice-que-chile-evalua-su-permanencia-en-el-pacto-de-bogota\\\/\",\"name\":\"Pi\\u00f1era dice que Chile eval\\u00faa su permanencia en el Pacto de Bogot\\u00e1 - El Digital de Asturias\",\"description\":\"Santiago de Chile, 10 feb (EFE).- El presidente chileno, Sebasti\\u00e1n Pi\\u00f1era, afirm\\u00f3 hoy que Chile deber\\u00e1 evaluar su permanencia en el Pacto de Bogot\\u00e1 tras perder 22.000 kil\\u00f3metros cuadrados de mar que la Corte Internacional de Justicia (CIJ) otorg\\u00f3 a Per\\u00fa y a las puertas de que Bolivia presente un recurso tambi\\u00e9n a esa instancia.\",\"inLanguage\":\"es-ES\",\"isPartOf\":{\"@id\":\"https:\\\/\\\/www.eldigitaldeasturias.com\\\/noticias\\\/#website\"},\"breadcrumb\":{\"@id\":\"https:\\\/\\\/www.eldigitaldeasturias.com\\\/noticias\\\/pinera-dice-que-chile-evalua-su-permanencia-en-el-pacto-de-bogota\\\/#breadcrumblist\"},\"author\":{\"@id\":\"https:\\\/\\\/www.eldigitaldeasturias.com\\\/noticias\\\/author\\\/admin\\\/#author\"},\"creator\":{\"@id\":\"https:\\\/\\\/www.eldigitaldeasturias.com\\\/noticias\\\/author\\\/admin\\\/#author\"},\"image\":{\"@type\":\"ImageObject\",\"url\":487767,\"@id\":\"https:\\\/\\\/www.eldigitaldeasturias.com\\\/noticias\\\/pinera-dice-que-chile-evalua-su-permanencia-en-el-pacto-de-bogota\\\/#mainImage\"},\"primaryImageOfPage\":{\"@id\":\"https:\\\/\\\/www.eldigitaldeasturias.com\\\/noticias\\\/pinera-dice-que-chile-evalua-su-permanencia-en-el-pacto-de-bogota\\\/#mainImage\"},\"datePublished\":\"2014-02-10T14:32:44+01:00\",\"dateModified\":\"2014-02-10T14:32:44+01:00\"},{\"@type\":\"WebSite\",\"@id\":\"https:\\\/\\\/www.eldigitaldeasturias.com\\\/noticias\\\/#website\",\"url\":\"https:\\\/\\\/www.eldigitaldeasturias.com\\\/noticias\\\/\",\"name\":\"El Digital de Asturias - Diario de actualidad y noticias\",\"alternateName\":\"El Digital de Asturias - Diario de actualidad y noticias\",\"description\":\"Hemeroteca\",\"inLanguage\":\"es-ES\",\"publisher\":{\"@id\":\"https:\\\/\\\/www.eldigitaldeasturias.com\\\/noticias\\\/#organization\"}}]}\n\t\t<\/script>\n\t\t<!-- All in One SEO Pro -->\r\n\t\t<title>Pi\u00f1era dice que Chile eval\u00faa su permanencia en el Pacto de Bogot\u00e1 - El Digital de Asturias<\/title>\n\n","aioseo_head_json":{"title":"Pi\u00f1era dice que Chile eval\u00faa su permanencia en el Pacto de Bogot\u00e1 - El Digital de Asturias","description":"Santiago de Chile, 10 feb (EFE).- El presidente chileno, Sebasti\u00e1n Pi\u00f1era, afirm\u00f3 hoy que Chile deber\u00e1 evaluar su permanencia en el Pacto de Bogot\u00e1 tras perder 22.000 kil\u00f3metros cuadrados de mar que la Corte Internacional de Justicia (CIJ) otorg\u00f3 a Per\u00fa y a las puertas de que Bolivia presente un recurso tambi\u00e9n a esa instancia.","canonical_url":"https:\/\/www.eldigitaldeasturias.com\/noticias\/pinera-dice-que-chile-evalua-su-permanencia-en-el-pacto-de-bogota\/","robots":"max-image-preview:large","keywords":"actualidad","webmasterTools":{"google-site-verification":"UA-38556648-1","msvalidate.01":"7dfe9f3f1b24437ab69f4f2559babe99","miscellaneous":""},"schema":{"@context":"https:\/\/schema.org","@graph":[{"@type":"BlogPosting","@id":"https:\/\/www.eldigitaldeasturias.com\/noticias\/pinera-dice-que-chile-evalua-su-permanencia-en-el-pacto-de-bogota\/#blogposting","name":"Pi\u00f1era dice que Chile eval\u00faa su permanencia en el Pacto de Bogot\u00e1 - El Digital de Asturias","headline":"Pi\u00f1era dice que Chile eval\u00faa su permanencia en el Pacto de Bogot\u00e1","author":{"@id":"https:\/\/www.eldigitaldeasturias.com\/noticias\/author\/admin\/#author"},"publisher":{"@id":"https:\/\/www.eldigitaldeasturias.com\/noticias\/#organization"},"image":{"@type":"ImageObject","url":487767},"datePublished":"2014-02-10T14:32:44+01:00","dateModified":"2014-02-10T14:32:44+01:00","inLanguage":"es-ES","mainEntityOfPage":{"@id":"https:\/\/www.eldigitaldeasturias.com\/noticias\/pinera-dice-que-chile-evalua-su-permanencia-en-el-pacto-de-bogota\/#webpage"},"isPartOf":{"@id":"https:\/\/www.eldigitaldeasturias.com\/noticias\/pinera-dice-que-chile-evalua-su-permanencia-en-el-pacto-de-bogota\/#webpage"},"articleSection":"Actualidad"},{"@type":"BreadcrumbList","@id":"https:\/\/www.eldigitaldeasturias.com\/noticias\/pinera-dice-que-chile-evalua-su-permanencia-en-el-pacto-de-bogota\/#breadcrumblist","itemListElement":[{"@type":"ListItem","@id":"https:\/\/www.eldigitaldeasturias.com\/noticias#listItem","position":1,"name":"Home","item":"https:\/\/www.eldigitaldeasturias.com\/noticias","nextItem":{"@type":"ListItem","@id":"https:\/\/www.eldigitaldeasturias.com\/noticias\/category\/actualidad\/#listItem","name":"Actualidad"}},{"@type":"ListItem","@id":"https:\/\/www.eldigitaldeasturias.com\/noticias\/category\/actualidad\/#listItem","position":2,"name":"Actualidad","item":"https:\/\/www.eldigitaldeasturias.com\/noticias\/category\/actualidad\/","nextItem":{"@type":"ListItem","@id":"https:\/\/www.eldigitaldeasturias.com\/noticias\/pinera-dice-que-chile-evalua-su-permanencia-en-el-pacto-de-bogota\/#listItem","name":"Pi\u00f1era dice que Chile eval\u00faa su permanencia en el Pacto de Bogot\u00e1"},"previousItem":{"@type":"ListItem","@id":"https:\/\/www.eldigitaldeasturias.com\/noticias#listItem","name":"Home"}},{"@type":"ListItem","@id":"https:\/\/www.eldigitaldeasturias.com\/noticias\/pinera-dice-que-chile-evalua-su-permanencia-en-el-pacto-de-bogota\/#listItem","position":3,"name":"Pi\u00f1era dice que Chile eval\u00faa su permanencia en el Pacto de Bogot\u00e1","previousItem":{"@type":"ListItem","@id":"https:\/\/www.eldigitaldeasturias.com\/noticias\/category\/actualidad\/#listItem","name":"Actualidad"}}]},{"@type":"Organization","@id":"https:\/\/www.eldigitaldeasturias.com\/noticias\/#organization","name":"El Digital de Asturias","description":"Hemeroteca","url":"https:\/\/www.eldigitaldeasturias.com\/noticias\/","email":"info@eldigitaldeasturias.com","telephone":"+34652131393","logo":{"@type":"ImageObject","url":"https:\/\/www.eldigitaldeasturias.com\/noticias\/wp-content\/uploads\/2020\/12\/EDA.jpg","@id":"https:\/\/www.eldigitaldeasturias.com\/noticias\/pinera-dice-que-chile-evalua-su-permanencia-en-el-pacto-de-bogota\/#organizationLogo"},"image":{"@id":"https:\/\/www.eldigitaldeasturias.com\/noticias\/pinera-dice-que-chile-evalua-su-permanencia-en-el-pacto-de-bogota\/#organizationLogo"},"sameAs":["https:\/\/facebook.com\/eldigitaldeasturias","https:\/\/www.youtube.com\/channel\/UCZP-2wLEB9Rv6erhFmqVnvg"],"address":{"@id":"https:\/\/www.eldigitaldeasturias.com\/noticias\/#postaladdress","@type":"PostalAddress","streetAddress":"san antonio 4","postalCode":"33430","addressLocality":"Cand\u00e1s","addressRegion":"Asturias","addressCountry":"ES"}},{"@type":"Person","@id":"https:\/\/www.eldigitaldeasturias.com\/noticias\/author\/admin\/#author","url":"https:\/\/www.eldigitaldeasturias.com\/noticias\/author\/admin\/","name":"El Digital de Asturias","image":{"@type":"ImageObject","@id":"https:\/\/www.eldigitaldeasturias.com\/noticias\/pinera-dice-que-chile-evalua-su-permanencia-en-el-pacto-de-bogota\/#authorImage","url":"https:\/\/secure.gravatar.com\/avatar\/df2aeffc32bcd13f8d26072ef8a91b623d677766deac7f97ca815868cd41bf5e?s=96&d=mm&r=g","width":96,"height":96,"caption":"El Digital de Asturias"}},{"@type":"WebPage","@id":"https:\/\/www.eldigitaldeasturias.com\/noticias\/pinera-dice-que-chile-evalua-su-permanencia-en-el-pacto-de-bogota\/#webpage","url":"https:\/\/www.eldigitaldeasturias.com\/noticias\/pinera-dice-que-chile-evalua-su-permanencia-en-el-pacto-de-bogota\/","name":"Pi\u00f1era dice que Chile eval\u00faa su permanencia en el Pacto de Bogot\u00e1 - El Digital de Asturias","description":"Santiago de Chile, 10 feb (EFE).- El presidente chileno, Sebasti\u00e1n Pi\u00f1era, afirm\u00f3 hoy que Chile deber\u00e1 evaluar su permanencia en el Pacto de Bogot\u00e1 tras perder 22.000 kil\u00f3metros cuadrados de mar que la Corte Internacional de Justicia (CIJ) otorg\u00f3 a Per\u00fa y a las puertas de que Bolivia presente un recurso tambi\u00e9n a esa instancia.","inLanguage":"es-ES","isPartOf":{"@id":"https:\/\/www.eldigitaldeasturias.com\/noticias\/#website"},"breadcrumb":{"@id":"https:\/\/www.eldigitaldeasturias.com\/noticias\/pinera-dice-que-chile-evalua-su-permanencia-en-el-pacto-de-bogota\/#breadcrumblist"},"author":{"@id":"https:\/\/www.eldigitaldeasturias.com\/noticias\/author\/admin\/#author"},"creator":{"@id":"https:\/\/www.eldigitaldeasturias.com\/noticias\/author\/admin\/#author"},"image":{"@type":"ImageObject","url":487767,"@id":"https:\/\/www.eldigitaldeasturias.com\/noticias\/pinera-dice-que-chile-evalua-su-permanencia-en-el-pacto-de-bogota\/#mainImage"},"primaryImageOfPage":{"@id":"https:\/\/www.eldigitaldeasturias.com\/noticias\/pinera-dice-que-chile-evalua-su-permanencia-en-el-pacto-de-bogota\/#mainImage"},"datePublished":"2014-02-10T14:32:44+01:00","dateModified":"2014-02-10T14:32:44+01:00"},{"@type":"WebSite","@id":"https:\/\/www.eldigitaldeasturias.com\/noticias\/#website","url":"https:\/\/www.eldigitaldeasturias.com\/noticias\/","name":"El Digital de Asturias - Diario de actualidad y noticias","alternateName":"El Digital de Asturias - Diario de actualidad y noticias","description":"Hemeroteca","inLanguage":"es-ES","publisher":{"@id":"https:\/\/www.eldigitaldeasturias.com\/noticias\/#organization"}}]},"og:locale":"es_ES","og:site_name":"El Digital de Asturias","og:type":"article","og:title":"Pi\u00f1era dice que Chile eval\u00faa su permanencia en el Pacto de Bogot\u00e1 - El Digital de Asturias","og:description":"Santiago de Chile, 10 feb (EFE).- El presidente chileno, Sebasti\u00e1n Pi\u00f1era, afirm\u00f3 hoy que Chile deber\u00e1 evaluar su permanencia en el Pacto de Bogot\u00e1 tras perder 22.000 kil\u00f3metros cuadrados de mar que la Corte Internacional de Justicia (CIJ) otorg\u00f3 a Per\u00fa y a las puertas de que Bolivia presente un recurso tambi\u00e9n a esa instancia.","og:url":"https:\/\/www.eldigitaldeasturias.com\/noticias\/pinera-dice-que-chile-evalua-su-permanencia-en-el-pacto-de-bogota\/","article:tag":["actualidad"],"article:published_time":"2014-02-10T15:32:44+00:00","article:modified_time":"2014-02-10T15:32:44+00:00","article:publisher":"https:\/\/facebook.com\/eldigitaldeasturias","twitter:card":"summary_large_image","twitter:title":"Pi\u00f1era dice que Chile eval\u00faa su permanencia en el Pacto de Bogot\u00e1 - El Digital de Asturias","twitter:description":"Santiago de Chile, 10 feb (EFE).- El presidente chileno, Sebasti\u00e1n Pi\u00f1era, afirm\u00f3 hoy que Chile deber\u00e1 evaluar su permanencia en el Pacto de Bogot\u00e1 tras perder 22.000 kil\u00f3metros cuadrados de mar que la Corte Internacional de Justicia (CIJ) otorg\u00f3 a Per\u00fa y a las puertas de que Bolivia presente un recurso tambi\u00e9n a esa instancia.","twitter:label1":"Escrito por","twitter:data1":"El Digital de Asturias","twitter:label2":"Tiempo de lectura estimado","twitter:data2":"2 minutos"},"aioseo_meta_data":{"post_id":"487766","title":null,"description":null,"keywords":null,"keyphrases":null,"primary_term":null,"canonical_url":null,"og_title":null,"og_description":null,"og_object_type":"default","og_image_type":"default","og_image_url":null,"og_image_width":null,"og_image_height":null,"og_image_custom_url":null,"og_image_custom_fields":null,"og_video":null,"og_custom_url":null,"og_article_section":null,"og_article_tags":null,"twitter_use_og":true,"twitter_card":"default","twitter_image_type":"default","twitter_image_url":null,"twitter_image_custom_url":null,"twitter_image_custom_fields":null,"twitter_title":null,"twitter_description":null,"schema":{"blockGraphs":[],"customGraphs":[],"default":{"data":{"Article":[],"Course":[],"Dataset":[],"FAQPage":[],"Movie":[],"Person":[],"Product":[],"ProductReview":[],"Car":[],"Recipe":[],"Service":[],"SoftwareApplication":[],"WebPage":[]},"graphName":"","isEnabled":true},"graphs":[],"defaultGraph":"","defaultPostTypeGraph":""},"schema_type":null,"schema_type_options":null,"pillar_content":false,"robots_default":true,"robots_noindex":false,"robots_noarchive":false,"robots_nosnippet":false,"robots_nofollow":false,"robots_noimageindex":false,"robots_noodp":false,"robots_notranslate":false,"robots_max_snippet":null,"robots_max_videopreview":null,"robots_max_imagepreview":"none","priority":null,"frequency":null,"local_seo":null,"seo_analyzer_scan_date":"2026-06-03 05:44:48","breadcrumb_settings":null,"limit_modified_date":false,"open_ai":null,"ai":null,"created":"2020-11-14 22:56:59","updated":"2026-06-03 05:44:48","focus_keyword":null,"additional_keywords":null,"truseo_locale":null},"aioseo_breadcrumb":"<div class=\"aioseo-breadcrumbs\"><span class=\"aioseo-breadcrumb\">\n\t<a href=\"https:\/\/www.eldigitaldeasturias.com\/noticias\" title=\"Home\">Home<\/a>\n<\/span><span class=\"aioseo-breadcrumb-separator\">\u2013<\/span><span class=\"aioseo-breadcrumb\">\n\t<a href=\"https:\/\/www.eldigitaldeasturias.com\/noticias\/category\/actualidad\/\" title=\"Actualidad\">Actualidad<\/a>\n<\/span><span class=\"aioseo-breadcrumb-separator\">\u2013<\/span><span class=\"aioseo-breadcrumb\">\n\t<a href=\"https:\/\/www.eldigitaldeasturias.com\/noticias\/pinera-dice-que-chile-evalua-su-permanencia-en-el-pacto-de-bogota\/\" title=\"Pi\u00f1era dice que Chile eval\u00faa su permanencia en el Pacto de Bogot\u00e1\">Pi\u00f1era dice que Chile eval\u00faa su permanencia en el Pacto de Bogot\u00e1<\/a>\n<\/span><\/div>","aioseo_breadcrumb_json":[{"label":"Home","link":"https:\/\/www.eldigitaldeasturias.com\/noticias"},{"label":"Actualidad","link":"https:\/\/www.eldigitaldeasturias.com\/noticias\/category\/actualidad\/"},{"label":"Pi\u00f1era dice que Chile eval\u00faa su permanencia en el Pacto de Bogot\u00e1","link":"https:\/\/www.eldigitaldeasturias.com\/noticias\/pinera-dice-que-chile-evalua-su-permanencia-en-el-pacto-de-bogota\/"}],"_links":{"self":[{"href":"https:\/\/www.eldigitaldeasturias.com\/noticias\/wp-json\/wp\/v2\/posts\/487766","targetHints":{"allow":["GET"]}}],"collection":[{"href":"https:\/\/www.eldigitaldeasturias.com\/noticias\/wp-json\/wp\/v2\/posts"}],"about":[{"href":"https:\/\/www.eldigitaldeasturias.com\/noticias\/wp-json\/wp\/v2\/types\/post"}],"author":[{"embeddable":true,"href":"https:\/\/www.eldigitaldeasturias.com\/noticias\/wp-json\/wp\/v2\/users\/1"}],"replies":[{"embeddable":true,"href":"https:\/\/www.eldigitaldeasturias.com\/noticias\/wp-json\/wp\/v2\/comments?post=487766"}],"version-history":[{"count":0,"href":"https:\/\/www.eldigitaldeasturias.com\/noticias\/wp-json\/wp\/v2\/posts\/487766\/revisions"}],"wp:attachment":[{"href":"https:\/\/www.eldigitaldeasturias.com\/noticias\/wp-json\/wp\/v2\/media?parent=487766"}],"wp:term":[{"taxonomy":"category","embeddable":true,"href":"https:\/\/www.eldigitaldeasturias.com\/noticias\/wp-json\/wp\/v2\/categories?post=487766"},{"taxonomy":"post_tag","embeddable":true,"href":"https:\/\/www.eldigitaldeasturias.com\/noticias\/wp-json\/wp\/v2\/tags?post=487766"}],"curies":[{"name":"wp","href":"https:\/\/api.w.org\/{rel}","templated":true}]}}