{"id":487754,"date":"2014-02-10T14:28:15","date_gmt":"2014-02-10T15:28:15","guid":{"rendered":"http:\/\/www.eldigitaldeasturias.com\/noticias\/?p=487754"},"modified":"2014-02-10T14:28:15","modified_gmt":"2014-02-10T15:28:15","slug":"el-italiano-fabio-fognini-es-campeon-del-atp-de-vina-del-mar","status":"publish","type":"post","link":"https:\/\/www.eldigitaldeasturias.com\/noticias\/el-italiano-fabio-fognini-es-campeon-del-atp-de-vina-del-mar\/","title":{"rendered":"El italiano Fabio Fognini es campe\u00f3n del ATP de Vi\u00f1a del Mar"},"content":{"rendered":"<p><img loading=\"lazy\" decoding=\"async\" class=\"alignleft size-medium wp-image-487755\" alt=\"5926640w\" src=\"https:\/\/www.eldigitaldeasturias.com\/noticias\/wp-content\/uploads\/2014\/02\/5926640w-360x239.jpg\" width=\"360\" height=\"239\" \/>Vi\u00f1a del Mar (Chile), 9 feb (EFE).- El italiano Fabio Fognini, n\u00famero 15 del r\u00e1nking mundial, conquist\u00f3 hoy el t\u00edtulo del ATP Royal Guard Open Vi\u00f1a del Mar 2014 al imponerse en la final al argentino Leonardo Mayer.<\/p>\n<p>Fognini, quien fue eliminado en octavos de final por el serbio Novak Djokovic en el reciente Abierto de Australia, s\u00f3lo necesit\u00f3 de una hora y 23 minutos de juego para imponerse a Mayer, 91 de la ATP, con parciales de 6-2 y 6-4.<\/p>\n<p>En la primera manga, el italiano quebr\u00f3 dos veces el servicio al natural de Corrientes para imponerse en s\u00f3lo treinta y dos minutos por 6-2.<\/p>\n<p>En el segundo set, el sudamericano levant\u00f3 su nivel para complicar a Fognini, pero el &#8216;top 20&#8217; pudo quedarse con la manga por 6-4.<\/p>\n<p>Fognini se adjudic\u00f3 en Vi\u00f1a del Mar una bolsa de 77.315 d\u00f3lares.<\/p>\n<p>A ello el italiano sumar\u00e1 250 puntos a su cuenta para el r\u00e1nking mundial al obtener su primer t\u00edtulo de la temporada y el tercero de su carrera.<\/p>\n","protected":false},"excerpt":{"rendered":"<p>Vi\u00f1a del Mar (Chile), 9 feb (EFE).- El italiano Fabio Fognini, n\u00famero 15 del r\u00e1nking mundial, conquist\u00f3 hoy el t\u00edtulo del ATP Royal Guard Open Vi\u00f1a del Mar 2014 al imponerse en la final al argentino Leonardo Mayer. Fognini, quien fue eliminado en octavos de final por el serbio Novak Djokovic en el reciente Abierto [&hellip;]<\/p>\n","protected":false},"author":1,"featured_media":487755,"comment_status":"open","ping_status":"open","sticky":false,"template":"","format":"standard","meta":{"footnotes":""},"categories":[1],"tags":[],"class_list":["post-487754","post","type-post","status-publish","format-standard","has-post-thumbnail","hentry","category-actualidad"],"aioseo_notices":[],"aioseo_head":"\n\t\t<!-- All in One SEO Pro 5.0.1 - aioseo.com -->\n\t<meta name=\"description\" content=\"Vi\u00f1a del Mar (Chile), 9 feb (EFE).- El italiano Fabio Fognini, n\u00famero 15 del r\u00e1nking mundial, conquist\u00f3 hoy el t\u00edtulo del ATP Royal Guard Open Vi\u00f1a del Mar 2014 al imponerse en la final al argentino Leonardo Mayer. Fognini, quien fue eliminado en octavos de final por el serbio Novak Djokovic en el reciente Abierto\" \/>\n\t<meta name=\"robots\" content=\"max-image-preview:large\" \/>\n\t<meta name=\"author\" content=\"El Digital de Asturias\"\/>\n\t<meta name=\"google-site-verification\" content=\"UA-38556648-1\" \/>\n\t<meta name=\"msvalidate.01\" content=\"7dfe9f3f1b24437ab69f4f2559babe99\" \/>\n\t<meta name=\"keywords\" content=\"actualidad\" \/>\n\t<link rel=\"canonical\" href=\"https:\/\/www.eldigitaldeasturias.com\/noticias\/el-italiano-fabio-fognini-es-campeon-del-atp-de-vina-del-mar\/\" \/>\n\t<meta name=\"generator\" content=\"All in One SEO Pro (AIOSEO) 5.0.1\" \/>\n\t\t<meta property=\"og:locale\" content=\"es_ES\" \/>\n\t\t<meta property=\"og:site_name\" content=\"El Digital de Asturias\" \/>\n\t\t<meta property=\"og:type\" content=\"article\" \/>\n\t\t<meta property=\"og:title\" content=\"El italiano Fabio Fognini es campe\u00f3n del ATP de Vi\u00f1a del Mar - El Digital de Asturias\" \/>\n\t\t<meta property=\"og:description\" content=\"Vi\u00f1a del Mar (Chile), 9 feb (EFE).- El italiano Fabio Fognini, n\u00famero 15 del r\u00e1nking mundial, conquist\u00f3 hoy el t\u00edtulo del ATP Royal Guard Open Vi\u00f1a del Mar 2014 al imponerse en la final al argentino Leonardo Mayer. Fognini, quien fue eliminado en octavos de final por el serbio Novak Djokovic en el reciente Abierto\" \/>\n\t\t<meta property=\"og:url\" content=\"https:\/\/www.eldigitaldeasturias.com\/noticias\/el-italiano-fabio-fognini-es-campeon-del-atp-de-vina-del-mar\/\" \/>\n\t\t<meta property=\"article:tag\" content=\"actualidad\" \/>\n\t\t<meta property=\"article:published_time\" content=\"2014-02-10T15:28:15+00:00\" \/>\n\t\t<meta property=\"article:modified_time\" content=\"2014-02-10T15:28:15+00:00\" \/>\n\t\t<meta property=\"article:publisher\" content=\"https:\/\/facebook.com\/eldigitaldeasturias\" \/>\n\t\t<meta name=\"twitter:card\" content=\"summary_large_image\" \/>\n\t\t<meta name=\"twitter:title\" content=\"El italiano Fabio Fognini es campe\u00f3n del ATP de Vi\u00f1a del Mar - El Digital de Asturias\" \/>\n\t\t<meta name=\"twitter:description\" content=\"Vi\u00f1a del Mar (Chile), 9 feb (EFE).- El italiano Fabio Fognini, n\u00famero 15 del r\u00e1nking mundial, conquist\u00f3 hoy el t\u00edtulo del ATP Royal Guard Open Vi\u00f1a del Mar 2014 al imponerse en la final al argentino Leonardo Mayer. Fognini, quien fue eliminado en octavos de final por el serbio Novak Djokovic en el reciente Abierto\" \/>\n\t\t<meta name=\"twitter:label1\" content=\"Escrito por\" \/>\n\t\t<meta name=\"twitter:data1\" content=\"El Digital de Asturias\" \/>\n\t\t<meta name=\"twitter:label2\" content=\"Tiempo de lectura estimado\" \/>\n\t\t<meta name=\"twitter:data2\" content=\"1 minuto\" \/>\n\t\t<script type=\"application\/ld+json\" class=\"aioseo-schema\">\n\t\t\t{\"@context\":\"https:\\\/\\\/schema.org\",\"@graph\":[{\"@type\":\"BlogPosting\",\"@id\":\"https:\\\/\\\/www.eldigitaldeasturias.com\\\/noticias\\\/el-italiano-fabio-fognini-es-campeon-del-atp-de-vina-del-mar\\\/#blogposting\",\"name\":\"El italiano Fabio Fognini es campe\\u00f3n del ATP de Vi\\u00f1a del Mar - El Digital de Asturias\",\"headline\":\"El italiano Fabio Fognini es campe\\u00f3n del ATP de Vi\\u00f1a del Mar\",\"author\":{\"@id\":\"https:\\\/\\\/www.eldigitaldeasturias.com\\\/noticias\\\/author\\\/admin\\\/#author\"},\"publisher\":{\"@id\":\"https:\\\/\\\/www.eldigitaldeasturias.com\\\/noticias\\\/#organization\"},\"image\":{\"@type\":\"ImageObject\",\"url\":487755},\"datePublished\":\"2014-02-10T14:28:15+01:00\",\"dateModified\":\"2014-02-10T14:28:15+01:00\",\"inLanguage\":\"es-ES\",\"mainEntityOfPage\":{\"@id\":\"https:\\\/\\\/www.eldigitaldeasturias.com\\\/noticias\\\/el-italiano-fabio-fognini-es-campeon-del-atp-de-vina-del-mar\\\/#webpage\"},\"isPartOf\":{\"@id\":\"https:\\\/\\\/www.eldigitaldeasturias.com\\\/noticias\\\/el-italiano-fabio-fognini-es-campeon-del-atp-de-vina-del-mar\\\/#webpage\"},\"articleSection\":\"Actualidad\"},{\"@type\":\"BreadcrumbList\",\"@id\":\"https:\\\/\\\/www.eldigitaldeasturias.com\\\/noticias\\\/el-italiano-fabio-fognini-es-campeon-del-atp-de-vina-del-mar\\\/#breadcrumblist\",\"itemListElement\":[{\"@type\":\"ListItem\",\"@id\":\"https:\\\/\\\/www.eldigitaldeasturias.com\\\/noticias#listItem\",\"position\":1,\"name\":\"Home\",\"item\":\"https:\\\/\\\/www.eldigitaldeasturias.com\\\/noticias\",\"nextItem\":{\"@type\":\"ListItem\",\"@id\":\"https:\\\/\\\/www.eldigitaldeasturias.com\\\/noticias\\\/category\\\/actualidad\\\/#listItem\",\"name\":\"Actualidad\"}},{\"@type\":\"ListItem\",\"@id\":\"https:\\\/\\\/www.eldigitaldeasturias.com\\\/noticias\\\/category\\\/actualidad\\\/#listItem\",\"position\":2,\"name\":\"Actualidad\",\"item\":\"https:\\\/\\\/www.eldigitaldeasturias.com\\\/noticias\\\/category\\\/actualidad\\\/\",\"nextItem\":{\"@type\":\"ListItem\",\"@id\":\"https:\\\/\\\/www.eldigitaldeasturias.com\\\/noticias\\\/el-italiano-fabio-fognini-es-campeon-del-atp-de-vina-del-mar\\\/#listItem\",\"name\":\"El italiano Fabio Fognini es campe\\u00f3n del ATP de Vi\\u00f1a del Mar\"},\"previousItem\":{\"@type\":\"ListItem\",\"@id\":\"https:\\\/\\\/www.eldigitaldeasturias.com\\\/noticias#listItem\",\"name\":\"Home\"}},{\"@type\":\"ListItem\",\"@id\":\"https:\\\/\\\/www.eldigitaldeasturias.com\\\/noticias\\\/el-italiano-fabio-fognini-es-campeon-del-atp-de-vina-del-mar\\\/#listItem\",\"position\":3,\"name\":\"El italiano Fabio Fognini es campe\\u00f3n del ATP de Vi\\u00f1a del Mar\",\"previousItem\":{\"@type\":\"ListItem\",\"@id\":\"https:\\\/\\\/www.eldigitaldeasturias.com\\\/noticias\\\/category\\\/actualidad\\\/#listItem\",\"name\":\"Actualidad\"}}]},{\"@type\":\"Organization\",\"@id\":\"https:\\\/\\\/www.eldigitaldeasturias.com\\\/noticias\\\/#organization\",\"name\":\"El Digital de Asturias\",\"description\":\"Hemeroteca\",\"url\":\"https:\\\/\\\/www.eldigitaldeasturias.com\\\/noticias\\\/\",\"email\":\"info@eldigitaldeasturias.com\",\"telephone\":\"+34652131393\",\"logo\":{\"@type\":\"ImageObject\",\"url\":\"https:\\\/\\\/www.eldigitaldeasturias.com\\\/noticias\\\/wp-content\\\/uploads\\\/2020\\\/12\\\/EDA.jpg\",\"@id\":\"https:\\\/\\\/www.eldigitaldeasturias.com\\\/noticias\\\/el-italiano-fabio-fognini-es-campeon-del-atp-de-vina-del-mar\\\/#organizationLogo\"},\"image\":{\"@id\":\"https:\\\/\\\/www.eldigitaldeasturias.com\\\/noticias\\\/el-italiano-fabio-fognini-es-campeon-del-atp-de-vina-del-mar\\\/#organizationLogo\"},\"sameAs\":[\"https:\\\/\\\/facebook.com\\\/eldigitaldeasturias\",\"https:\\\/\\\/www.youtube.com\\\/channel\\\/UCZP-2wLEB9Rv6erhFmqVnvg\"],\"address\":{\"@id\":\"https:\\\/\\\/www.eldigitaldeasturias.com\\\/noticias\\\/#postaladdress\",\"@type\":\"PostalAddress\",\"streetAddress\":\"san antonio 4\",\"postalCode\":\"33430\",\"addressLocality\":\"Cand\\u00e1s\",\"addressRegion\":\"Asturias\",\"addressCountry\":\"ES\"}},{\"@type\":\"Person\",\"@id\":\"https:\\\/\\\/www.eldigitaldeasturias.com\\\/noticias\\\/author\\\/admin\\\/#author\",\"url\":\"https:\\\/\\\/www.eldigitaldeasturias.com\\\/noticias\\\/author\\\/admin\\\/\",\"name\":\"El Digital de Asturias\",\"image\":{\"@type\":\"ImageObject\",\"@id\":\"https:\\\/\\\/www.eldigitaldeasturias.com\\\/noticias\\\/el-italiano-fabio-fognini-es-campeon-del-atp-de-vina-del-mar\\\/#authorImage\",\"url\":\"https:\\\/\\\/secure.gravatar.com\\\/avatar\\\/df2aeffc32bcd13f8d26072ef8a91b623d677766deac7f97ca815868cd41bf5e?s=96&d=mm&r=g\",\"width\":96,\"height\":96,\"caption\":\"El Digital de Asturias\"}},{\"@type\":\"WebPage\",\"@id\":\"https:\\\/\\\/www.eldigitaldeasturias.com\\\/noticias\\\/el-italiano-fabio-fognini-es-campeon-del-atp-de-vina-del-mar\\\/#webpage\",\"url\":\"https:\\\/\\\/www.eldigitaldeasturias.com\\\/noticias\\\/el-italiano-fabio-fognini-es-campeon-del-atp-de-vina-del-mar\\\/\",\"name\":\"El italiano Fabio Fognini es campe\\u00f3n del ATP de Vi\\u00f1a del Mar - El Digital de Asturias\",\"description\":\"Vi\\u00f1a del Mar (Chile), 9 feb (EFE).- El italiano Fabio Fognini, n\\u00famero 15 del r\\u00e1nking mundial, conquist\\u00f3 hoy el t\\u00edtulo del ATP Royal Guard Open Vi\\u00f1a del Mar 2014 al imponerse en la final al argentino Leonardo Mayer. Fognini, quien fue eliminado en octavos de final por el serbio Novak Djokovic en el reciente Abierto\",\"inLanguage\":\"es-ES\",\"isPartOf\":{\"@id\":\"https:\\\/\\\/www.eldigitaldeasturias.com\\\/noticias\\\/#website\"},\"breadcrumb\":{\"@id\":\"https:\\\/\\\/www.eldigitaldeasturias.com\\\/noticias\\\/el-italiano-fabio-fognini-es-campeon-del-atp-de-vina-del-mar\\\/#breadcrumblist\"},\"author\":{\"@id\":\"https:\\\/\\\/www.eldigitaldeasturias.com\\\/noticias\\\/author\\\/admin\\\/#author\"},\"creator\":{\"@id\":\"https:\\\/\\\/www.eldigitaldeasturias.com\\\/noticias\\\/author\\\/admin\\\/#author\"},\"image\":{\"@type\":\"ImageObject\",\"url\":487755,\"@id\":\"https:\\\/\\\/www.eldigitaldeasturias.com\\\/noticias\\\/el-italiano-fabio-fognini-es-campeon-del-atp-de-vina-del-mar\\\/#mainImage\"},\"primaryImageOfPage\":{\"@id\":\"https:\\\/\\\/www.eldigitaldeasturias.com\\\/noticias\\\/el-italiano-fabio-fognini-es-campeon-del-atp-de-vina-del-mar\\\/#mainImage\"},\"datePublished\":\"2014-02-10T14:28:15+01:00\",\"dateModified\":\"2014-02-10T14:28:15+01:00\"},{\"@type\":\"WebSite\",\"@id\":\"https:\\\/\\\/www.eldigitaldeasturias.com\\\/noticias\\\/#website\",\"url\":\"https:\\\/\\\/www.eldigitaldeasturias.com\\\/noticias\\\/\",\"name\":\"El Digital de Asturias - Diario de actualidad y noticias\",\"alternateName\":\"El Digital de Asturias - Diario de actualidad y noticias\",\"description\":\"Hemeroteca\",\"inLanguage\":\"es-ES\",\"publisher\":{\"@id\":\"https:\\\/\\\/www.eldigitaldeasturias.com\\\/noticias\\\/#organization\"}}]}\n\t\t<\/script>\n\t\t<!-- All in One SEO Pro -->\r\n\t\t<title>El italiano Fabio Fognini es campe\u00f3n del ATP de Vi\u00f1a del Mar - El Digital de Asturias<\/title>\n\n","aioseo_head_json":{"title":"El italiano Fabio Fognini es campe\u00f3n del ATP de Vi\u00f1a del Mar - El Digital de Asturias","description":"Vi\u00f1a del Mar (Chile), 9 feb (EFE).- El italiano Fabio Fognini, n\u00famero 15 del r\u00e1nking mundial, conquist\u00f3 hoy el t\u00edtulo del ATP Royal Guard Open Vi\u00f1a del Mar 2014 al imponerse en la final al argentino Leonardo Mayer. Fognini, quien fue eliminado en octavos de final por el serbio Novak Djokovic en el reciente Abierto","canonical_url":"https:\/\/www.eldigitaldeasturias.com\/noticias\/el-italiano-fabio-fognini-es-campeon-del-atp-de-vina-del-mar\/","robots":"max-image-preview:large","keywords":"actualidad","webmasterTools":{"google-site-verification":"UA-38556648-1","msvalidate.01":"7dfe9f3f1b24437ab69f4f2559babe99","miscellaneous":""},"schema":{"@context":"https:\/\/schema.org","@graph":[{"@type":"BlogPosting","@id":"https:\/\/www.eldigitaldeasturias.com\/noticias\/el-italiano-fabio-fognini-es-campeon-del-atp-de-vina-del-mar\/#blogposting","name":"El italiano Fabio Fognini es campe\u00f3n del ATP de Vi\u00f1a del Mar - El Digital de Asturias","headline":"El italiano Fabio Fognini es campe\u00f3n del ATP de Vi\u00f1a del Mar","author":{"@id":"https:\/\/www.eldigitaldeasturias.com\/noticias\/author\/admin\/#author"},"publisher":{"@id":"https:\/\/www.eldigitaldeasturias.com\/noticias\/#organization"},"image":{"@type":"ImageObject","url":487755},"datePublished":"2014-02-10T14:28:15+01:00","dateModified":"2014-02-10T14:28:15+01:00","inLanguage":"es-ES","mainEntityOfPage":{"@id":"https:\/\/www.eldigitaldeasturias.com\/noticias\/el-italiano-fabio-fognini-es-campeon-del-atp-de-vina-del-mar\/#webpage"},"isPartOf":{"@id":"https:\/\/www.eldigitaldeasturias.com\/noticias\/el-italiano-fabio-fognini-es-campeon-del-atp-de-vina-del-mar\/#webpage"},"articleSection":"Actualidad"},{"@type":"BreadcrumbList","@id":"https:\/\/www.eldigitaldeasturias.com\/noticias\/el-italiano-fabio-fognini-es-campeon-del-atp-de-vina-del-mar\/#breadcrumblist","itemListElement":[{"@type":"ListItem","@id":"https:\/\/www.eldigitaldeasturias.com\/noticias#listItem","position":1,"name":"Home","item":"https:\/\/www.eldigitaldeasturias.com\/noticias","nextItem":{"@type":"ListItem","@id":"https:\/\/www.eldigitaldeasturias.com\/noticias\/category\/actualidad\/#listItem","name":"Actualidad"}},{"@type":"ListItem","@id":"https:\/\/www.eldigitaldeasturias.com\/noticias\/category\/actualidad\/#listItem","position":2,"name":"Actualidad","item":"https:\/\/www.eldigitaldeasturias.com\/noticias\/category\/actualidad\/","nextItem":{"@type":"ListItem","@id":"https:\/\/www.eldigitaldeasturias.com\/noticias\/el-italiano-fabio-fognini-es-campeon-del-atp-de-vina-del-mar\/#listItem","name":"El italiano Fabio Fognini es campe\u00f3n del ATP de Vi\u00f1a del Mar"},"previousItem":{"@type":"ListItem","@id":"https:\/\/www.eldigitaldeasturias.com\/noticias#listItem","name":"Home"}},{"@type":"ListItem","@id":"https:\/\/www.eldigitaldeasturias.com\/noticias\/el-italiano-fabio-fognini-es-campeon-del-atp-de-vina-del-mar\/#listItem","position":3,"name":"El italiano Fabio Fognini es campe\u00f3n del ATP de Vi\u00f1a del Mar","previousItem":{"@type":"ListItem","@id":"https:\/\/www.eldigitaldeasturias.com\/noticias\/category\/actualidad\/#listItem","name":"Actualidad"}}]},{"@type":"Organization","@id":"https:\/\/www.eldigitaldeasturias.com\/noticias\/#organization","name":"El Digital de Asturias","description":"Hemeroteca","url":"https:\/\/www.eldigitaldeasturias.com\/noticias\/","email":"info@eldigitaldeasturias.com","telephone":"+34652131393","logo":{"@type":"ImageObject","url":"https:\/\/www.eldigitaldeasturias.com\/noticias\/wp-content\/uploads\/2020\/12\/EDA.jpg","@id":"https:\/\/www.eldigitaldeasturias.com\/noticias\/el-italiano-fabio-fognini-es-campeon-del-atp-de-vina-del-mar\/#organizationLogo"},"image":{"@id":"https:\/\/www.eldigitaldeasturias.com\/noticias\/el-italiano-fabio-fognini-es-campeon-del-atp-de-vina-del-mar\/#organizationLogo"},"sameAs":["https:\/\/facebook.com\/eldigitaldeasturias","https:\/\/www.youtube.com\/channel\/UCZP-2wLEB9Rv6erhFmqVnvg"],"address":{"@id":"https:\/\/www.eldigitaldeasturias.com\/noticias\/#postaladdress","@type":"PostalAddress","streetAddress":"san antonio 4","postalCode":"33430","addressLocality":"Cand\u00e1s","addressRegion":"Asturias","addressCountry":"ES"}},{"@type":"Person","@id":"https:\/\/www.eldigitaldeasturias.com\/noticias\/author\/admin\/#author","url":"https:\/\/www.eldigitaldeasturias.com\/noticias\/author\/admin\/","name":"El Digital de Asturias","image":{"@type":"ImageObject","@id":"https:\/\/www.eldigitaldeasturias.com\/noticias\/el-italiano-fabio-fognini-es-campeon-del-atp-de-vina-del-mar\/#authorImage","url":"https:\/\/secure.gravatar.com\/avatar\/df2aeffc32bcd13f8d26072ef8a91b623d677766deac7f97ca815868cd41bf5e?s=96&d=mm&r=g","width":96,"height":96,"caption":"El Digital de Asturias"}},{"@type":"WebPage","@id":"https:\/\/www.eldigitaldeasturias.com\/noticias\/el-italiano-fabio-fognini-es-campeon-del-atp-de-vina-del-mar\/#webpage","url":"https:\/\/www.eldigitaldeasturias.com\/noticias\/el-italiano-fabio-fognini-es-campeon-del-atp-de-vina-del-mar\/","name":"El italiano Fabio Fognini es campe\u00f3n del ATP de Vi\u00f1a del Mar - El Digital de Asturias","description":"Vi\u00f1a del Mar (Chile), 9 feb (EFE).- El italiano Fabio Fognini, n\u00famero 15 del r\u00e1nking mundial, conquist\u00f3 hoy el t\u00edtulo del ATP Royal Guard Open Vi\u00f1a del Mar 2014 al imponerse en la final al argentino Leonardo Mayer. Fognini, quien fue eliminado en octavos de final por el serbio Novak Djokovic en el reciente Abierto","inLanguage":"es-ES","isPartOf":{"@id":"https:\/\/www.eldigitaldeasturias.com\/noticias\/#website"},"breadcrumb":{"@id":"https:\/\/www.eldigitaldeasturias.com\/noticias\/el-italiano-fabio-fognini-es-campeon-del-atp-de-vina-del-mar\/#breadcrumblist"},"author":{"@id":"https:\/\/www.eldigitaldeasturias.com\/noticias\/author\/admin\/#author"},"creator":{"@id":"https:\/\/www.eldigitaldeasturias.com\/noticias\/author\/admin\/#author"},"image":{"@type":"ImageObject","url":487755,"@id":"https:\/\/www.eldigitaldeasturias.com\/noticias\/el-italiano-fabio-fognini-es-campeon-del-atp-de-vina-del-mar\/#mainImage"},"primaryImageOfPage":{"@id":"https:\/\/www.eldigitaldeasturias.com\/noticias\/el-italiano-fabio-fognini-es-campeon-del-atp-de-vina-del-mar\/#mainImage"},"datePublished":"2014-02-10T14:28:15+01:00","dateModified":"2014-02-10T14:28:15+01:00"},{"@type":"WebSite","@id":"https:\/\/www.eldigitaldeasturias.com\/noticias\/#website","url":"https:\/\/www.eldigitaldeasturias.com\/noticias\/","name":"El Digital de Asturias - Diario de actualidad y noticias","alternateName":"El Digital de Asturias - Diario de actualidad y noticias","description":"Hemeroteca","inLanguage":"es-ES","publisher":{"@id":"https:\/\/www.eldigitaldeasturias.com\/noticias\/#organization"}}]},"og:locale":"es_ES","og:site_name":"El Digital de Asturias","og:type":"article","og:title":"El italiano Fabio Fognini es campe\u00f3n del ATP de Vi\u00f1a del Mar - El Digital de Asturias","og:description":"Vi\u00f1a del Mar (Chile), 9 feb (EFE).- El italiano Fabio Fognini, n\u00famero 15 del r\u00e1nking mundial, conquist\u00f3 hoy el t\u00edtulo del ATP Royal Guard Open Vi\u00f1a del Mar 2014 al imponerse en la final al argentino Leonardo Mayer. Fognini, quien fue eliminado en octavos de final por el serbio Novak Djokovic en el reciente Abierto","og:url":"https:\/\/www.eldigitaldeasturias.com\/noticias\/el-italiano-fabio-fognini-es-campeon-del-atp-de-vina-del-mar\/","article:tag":["actualidad"],"article:published_time":"2014-02-10T15:28:15+00:00","article:modified_time":"2014-02-10T15:28:15+00:00","article:publisher":"https:\/\/facebook.com\/eldigitaldeasturias","twitter:card":"summary_large_image","twitter:title":"El italiano Fabio Fognini es campe\u00f3n del ATP de Vi\u00f1a del Mar - El Digital de Asturias","twitter:description":"Vi\u00f1a del Mar (Chile), 9 feb (EFE).- El italiano Fabio Fognini, n\u00famero 15 del r\u00e1nking mundial, conquist\u00f3 hoy el t\u00edtulo del ATP Royal Guard Open Vi\u00f1a del Mar 2014 al imponerse en la final al argentino Leonardo Mayer. Fognini, quien fue eliminado en octavos de final por el serbio Novak Djokovic en el reciente Abierto","twitter:label1":"Escrito por","twitter:data1":"El Digital de Asturias","twitter:label2":"Tiempo de lectura estimado","twitter:data2":"1 minuto"},"aioseo_meta_data":{"post_id":"487754","title":null,"description":null,"keywords":null,"keyphrases":null,"primary_term":null,"canonical_url":null,"og_title":null,"og_description":null,"og_object_type":"default","og_image_type":"default","og_image_url":null,"og_image_width":null,"og_image_height":null,"og_image_custom_url":null,"og_image_custom_fields":null,"og_video":null,"og_custom_url":null,"og_article_section":null,"og_article_tags":null,"twitter_use_og":true,"twitter_card":"default","twitter_image_type":"default","twitter_image_url":null,"twitter_image_custom_url":null,"twitter_image_custom_fields":null,"twitter_title":null,"twitter_description":null,"schema":{"blockGraphs":[],"customGraphs":[],"default":{"data":{"Article":[],"Course":[],"Dataset":[],"FAQPage":[],"Movie":[],"Person":[],"Product":[],"ProductReview":[],"Car":[],"Recipe":[],"Service":[],"SoftwareApplication":[],"WebPage":[]},"graphName":"","isEnabled":true},"graphs":[],"defaultGraph":"","defaultPostTypeGraph":""},"schema_type":null,"schema_type_options":null,"pillar_content":false,"robots_default":true,"robots_noindex":false,"robots_noarchive":false,"robots_nosnippet":false,"robots_nofollow":false,"robots_noimageindex":false,"robots_noodp":false,"robots_notranslate":false,"robots_max_snippet":null,"robots_max_videopreview":null,"robots_max_imagepreview":"none","priority":null,"frequency":null,"local_seo":null,"seo_analyzer_scan_date":"2026-06-03 05:43:03","breadcrumb_settings":null,"limit_modified_date":false,"open_ai":null,"ai":null,"created":"2020-11-14 22:56:59","updated":"2026-06-03 05:43:03","focus_keyword":null,"additional_keywords":null,"truseo_locale":null},"aioseo_breadcrumb":"<div class=\"aioseo-breadcrumbs\"><span class=\"aioseo-breadcrumb\">\n\t<a href=\"https:\/\/www.eldigitaldeasturias.com\/noticias\" title=\"Home\">Home<\/a>\n<\/span><span class=\"aioseo-breadcrumb-separator\">\u2013<\/span><span class=\"aioseo-breadcrumb\">\n\t<a href=\"https:\/\/www.eldigitaldeasturias.com\/noticias\/category\/actualidad\/\" title=\"Actualidad\">Actualidad<\/a>\n<\/span><span class=\"aioseo-breadcrumb-separator\">\u2013<\/span><span class=\"aioseo-breadcrumb\">\n\t<a href=\"https:\/\/www.eldigitaldeasturias.com\/noticias\/el-italiano-fabio-fognini-es-campeon-del-atp-de-vina-del-mar\/\" title=\"El italiano Fabio Fognini es campe\u00f3n del ATP de Vi\u00f1a del Mar\">El italiano Fabio Fognini es campe\u00f3n del ATP de Vi\u00f1a del Mar<\/a>\n<\/span><\/div>","aioseo_breadcrumb_json":[{"label":"Home","link":"https:\/\/www.eldigitaldeasturias.com\/noticias"},{"label":"Actualidad","link":"https:\/\/www.eldigitaldeasturias.com\/noticias\/category\/actualidad\/"},{"label":"El italiano Fabio Fognini es campe\u00f3n del ATP de Vi\u00f1a del Mar","link":"https:\/\/www.eldigitaldeasturias.com\/noticias\/el-italiano-fabio-fognini-es-campeon-del-atp-de-vina-del-mar\/"}],"_links":{"self":[{"href":"https:\/\/www.eldigitaldeasturias.com\/noticias\/wp-json\/wp\/v2\/posts\/487754","targetHints":{"allow":["GET"]}}],"collection":[{"href":"https:\/\/www.eldigitaldeasturias.com\/noticias\/wp-json\/wp\/v2\/posts"}],"about":[{"href":"https:\/\/www.eldigitaldeasturias.com\/noticias\/wp-json\/wp\/v2\/types\/post"}],"author":[{"embeddable":true,"href":"https:\/\/www.eldigitaldeasturias.com\/noticias\/wp-json\/wp\/v2\/users\/1"}],"replies":[{"embeddable":true,"href":"https:\/\/www.eldigitaldeasturias.com\/noticias\/wp-json\/wp\/v2\/comments?post=487754"}],"version-history":[{"count":0,"href":"https:\/\/www.eldigitaldeasturias.com\/noticias\/wp-json\/wp\/v2\/posts\/487754\/revisions"}],"wp:attachment":[{"href":"https:\/\/www.eldigitaldeasturias.com\/noticias\/wp-json\/wp\/v2\/media?parent=487754"}],"wp:term":[{"taxonomy":"category","embeddable":true,"href":"https:\/\/www.eldigitaldeasturias.com\/noticias\/wp-json\/wp\/v2\/categories?post=487754"},{"taxonomy":"post_tag","embeddable":true,"href":"https:\/\/www.eldigitaldeasturias.com\/noticias\/wp-json\/wp\/v2\/tags?post=487754"}],"curies":[{"name":"wp","href":"https:\/\/api.w.org\/{rel}","templated":true}]}}