{"id":487751,"date":"2014-02-10T14:27:01","date_gmt":"2014-02-10T15:27:01","guid":{"rendered":"http:\/\/www.eldigitaldeasturias.com\/noticias\/?p=487751"},"modified":"2014-02-10T14:27:01","modified_gmt":"2014-02-10T15:27:01","slug":"pena-nieto-confia-en-el-poder-de-alianza-pacifico-para-la-integracion-de-america-latina","status":"publish","type":"post","link":"https:\/\/www.eldigitaldeasturias.com\/noticias\/pena-nieto-confia-en-el-poder-de-alianza-pacifico-para-la-integracion-de-america-latina\/","title":{"rendered":"Pe\u00f1a Nieto conf\u00eda en el poder de Alianza Pac\u00edfico para la integraci\u00f3n de Am\u00e9rica Latina"},"content":{"rendered":"<p><img loading=\"lazy\" decoding=\"async\" class=\"alignleft size-medium wp-image-487752\" alt=\"5926636w\" src=\"https:\/\/www.eldigitaldeasturias.com\/noticias\/wp-content\/uploads\/2014\/02\/5926636w-360x233.jpg\" width=\"360\" height=\"233\" \/>Cartagena (Colombia), 9 feb (EFE).- El gobernante mexicano, Enrique Pe\u00f1a Nieto, lleg\u00f3 hoy a la ciudad colombiana de Cartagena de Indias para participar en la VII Cumbre Presidencial de la Alianza del Pac\u00edfico, en cuyo poder conf\u00eda para la integraci\u00f3n latinoamericana.<\/p>\n<p>As\u00ed lo dijo Pe\u00f1a Nieto a su llegada al aeropuerto internacional Rafael N\u00fa\u00f1ez de Cartagena, tras aterrizar junto a su esposa, Ang\u00e9lica Rivera, en un avi\u00f3n de la Fuerza A\u00e9rea Mexicana.<\/p>\n<p>El presidente destac\u00f3 su participaci\u00f3n en la cumbre como una oportunidad para reafirmar la consolidaci\u00f3n del comercio de su pa\u00eds con los dem\u00e1s miembros de la Alianza del Pac\u00edfico, que son Colombia, Chile y Per\u00fa, y para favorecer la integraci\u00f3n.<\/p>\n<p>Adem\u00e1s, invit\u00f3 a trabajar para \u00abasegurar y lograr una mayor integraci\u00f3n de los pa\u00edses que hoy lo conformamos, que somos pa\u00edses fundadores de la Alianza del Pac\u00edfico, que ha generado una gran expectativa de la regi\u00f3n hermana de Am\u00e9rica Latina y de otros pa\u00edses de diferentes latitudes\u00bb.<\/p>\n<p>Este mecanismo, concebido en Lima en 2011 y consolidado en Chile en 2012, cuenta ya con un grupo de al menos 25 pa\u00edses observadores, adem\u00e1s de Costa Rica y Panam\u00e1, que son candidatos a adherirse como miembros de pleno derecho.<\/p>\n<p>Desde una regi\u00f3n de libre comercio de bienes, servicios, personas y capitales, la Alianza del Pac\u00edfico persigue estrechar lazos con la pujante regi\u00f3n de Asia-Pac\u00edfico.<\/p>\n<p>Pe\u00f1a Nieto destac\u00f3 la importancia que tendr\u00e1 la octava cumbre de Cartagena, pues est\u00e1 previsto que en ella se firmen \u00abdocumentos que permitir\u00e1n materializar los acuerdos, especialmente en materia de comercio e inversi\u00f3n (en los que) se ha venido trabajando desde la creaci\u00f3n de la Alianza del Pac\u00edfico en abril de 2011\u00bb.<\/p>\n<p>Acompa\u00f1ado de una delegaci\u00f3n de 35 periodistas mexicanos acreditados, la m\u00e1s numerosa de los pa\u00edses invitados, el presidente fue recibido por la canciller colombiana, Mar\u00eda \u00c1ngela Holgu\u00edn.<\/p>\n<p>Con su llegada, todos los mandatarios invitados a esta cumbre se encuentran ya en Cartagena y se disponen a participar en la cena que ofrecer\u00e1 en su honor el jefe de Estado colombiano, Juan Manuel Santos, en la Casa de Hu\u00e9spedes, que es la residencia presidencial en Cartagena.<\/p>\n<p>Los presidentes de Chile, Sebasti\u00e1n Pi\u00f1era, y de Costa Rica, Laura Chinchilla, participar\u00e1n por \u00faltima vez en una cumbre en su mandato, mientras que Santos, Pe\u00f1a Nieto y el mandatario peruano, Ollanta Humala, seguir\u00e1n al frente de la integraci\u00f3n de este mecanismo.<\/p>\n<p>Los cancilleres y ministros de Comercio se reunieron hoy para trabajar sobre el borrador de la declaraci\u00f3n final que prepararon ayer los viceministros del Grupo de Alto Nivel (GAN) y que firmar\u00e1n los presidentes ma\u00f1ana sobre el desmonte del 92 % de los aranceles del comercio del bloque.<\/p>\n","protected":false},"excerpt":{"rendered":"<p>Cartagena (Colombia), 9 feb (EFE).- El gobernante mexicano, Enrique Pe\u00f1a Nieto, lleg\u00f3 hoy a la ciudad colombiana de Cartagena de Indias para participar en la VII Cumbre Presidencial de la Alianza del Pac\u00edfico, en cuyo poder conf\u00eda para la integraci\u00f3n latinoamericana. As\u00ed lo dijo Pe\u00f1a Nieto a su llegada al aeropuerto internacional Rafael N\u00fa\u00f1ez de [&hellip;]<\/p>\n","protected":false},"author":1,"featured_media":487752,"comment_status":"open","ping_status":"open","sticky":false,"template":"","format":"standard","meta":{"footnotes":""},"categories":[1],"tags":[],"class_list":["post-487751","post","type-post","status-publish","format-standard","has-post-thumbnail","hentry","category-actualidad"],"aioseo_notices":[],"aioseo_head":"\n\t\t<!-- All in One SEO Pro 5.0.1 - aioseo.com -->\n\t<meta name=\"description\" content=\"Cartagena (Colombia), 9 feb (EFE).- El gobernante mexicano, Enrique Pe\u00f1a Nieto, lleg\u00f3 hoy a la ciudad colombiana de Cartagena de Indias para participar en la VII Cumbre Presidencial de la Alianza del Pac\u00edfico, en cuyo poder conf\u00eda para la integraci\u00f3n latinoamericana. As\u00ed lo dijo Pe\u00f1a Nieto a su llegada al aeropuerto internacional Rafael N\u00fa\u00f1ez de\" \/>\n\t<meta name=\"robots\" content=\"max-image-preview:large\" \/>\n\t<meta name=\"author\" content=\"El Digital de Asturias\"\/>\n\t<meta name=\"google-site-verification\" content=\"UA-38556648-1\" \/>\n\t<meta name=\"msvalidate.01\" content=\"7dfe9f3f1b24437ab69f4f2559babe99\" \/>\n\t<meta name=\"keywords\" content=\"actualidad\" \/>\n\t<link rel=\"canonical\" href=\"https:\/\/www.eldigitaldeasturias.com\/noticias\/pena-nieto-confia-en-el-poder-de-alianza-pacifico-para-la-integracion-de-america-latina\/\" \/>\n\t<meta name=\"generator\" content=\"All in One SEO Pro (AIOSEO) 5.0.1\" \/>\n\t\t<meta property=\"og:locale\" content=\"es_ES\" \/>\n\t\t<meta property=\"og:site_name\" content=\"El Digital de Asturias\" \/>\n\t\t<meta property=\"og:type\" content=\"article\" \/>\n\t\t<meta property=\"og:title\" content=\"Pe\u00f1a Nieto conf\u00eda en el poder de Alianza Pac\u00edfico para la integraci\u00f3n de Am\u00e9rica Latina - El Digital de Asturias\" \/>\n\t\t<meta property=\"og:description\" content=\"Cartagena (Colombia), 9 feb (EFE).- El gobernante mexicano, Enrique Pe\u00f1a Nieto, lleg\u00f3 hoy a la ciudad colombiana de Cartagena de Indias para participar en la VII Cumbre Presidencial de la Alianza del Pac\u00edfico, en cuyo poder conf\u00eda para la integraci\u00f3n latinoamericana. As\u00ed lo dijo Pe\u00f1a Nieto a su llegada al aeropuerto internacional Rafael N\u00fa\u00f1ez de\" \/>\n\t\t<meta property=\"og:url\" content=\"https:\/\/www.eldigitaldeasturias.com\/noticias\/pena-nieto-confia-en-el-poder-de-alianza-pacifico-para-la-integracion-de-america-latina\/\" \/>\n\t\t<meta property=\"article:tag\" content=\"actualidad\" \/>\n\t\t<meta property=\"article:published_time\" content=\"2014-02-10T15:27:01+00:00\" \/>\n\t\t<meta property=\"article:modified_time\" content=\"2014-02-10T15:27:01+00:00\" \/>\n\t\t<meta property=\"article:publisher\" content=\"https:\/\/facebook.com\/eldigitaldeasturias\" \/>\n\t\t<meta name=\"twitter:card\" content=\"summary_large_image\" \/>\n\t\t<meta name=\"twitter:title\" content=\"Pe\u00f1a Nieto conf\u00eda en el poder de Alianza Pac\u00edfico para la integraci\u00f3n de Am\u00e9rica Latina - El Digital de Asturias\" \/>\n\t\t<meta name=\"twitter:description\" content=\"Cartagena (Colombia), 9 feb (EFE).- El gobernante mexicano, Enrique Pe\u00f1a Nieto, lleg\u00f3 hoy a la ciudad colombiana de Cartagena de Indias para participar en la VII Cumbre Presidencial de la Alianza del Pac\u00edfico, en cuyo poder conf\u00eda para la integraci\u00f3n latinoamericana. As\u00ed lo dijo Pe\u00f1a Nieto a su llegada al aeropuerto internacional Rafael N\u00fa\u00f1ez de\" \/>\n\t\t<meta name=\"twitter:label1\" content=\"Escrito por\" \/>\n\t\t<meta name=\"twitter:data1\" content=\"El Digital de Asturias\" \/>\n\t\t<meta name=\"twitter:label2\" content=\"Tiempo de lectura estimado\" \/>\n\t\t<meta name=\"twitter:data2\" content=\"2 minutos\" \/>\n\t\t<script type=\"application\/ld+json\" class=\"aioseo-schema\">\n\t\t\t{\"@context\":\"https:\\\/\\\/schema.org\",\"@graph\":[{\"@type\":\"BlogPosting\",\"@id\":\"https:\\\/\\\/www.eldigitaldeasturias.com\\\/noticias\\\/pena-nieto-confia-en-el-poder-de-alianza-pacifico-para-la-integracion-de-america-latina\\\/#blogposting\",\"name\":\"Pe\\u00f1a Nieto conf\\u00eda en el poder de Alianza Pac\\u00edfico para la integraci\\u00f3n de Am\\u00e9rica Latina - El Digital de Asturias\",\"headline\":\"Pe\\u00f1a Nieto conf\\u00eda en el poder de Alianza Pac\\u00edfico para la integraci\\u00f3n de Am\\u00e9rica Latina\",\"author\":{\"@id\":\"https:\\\/\\\/www.eldigitaldeasturias.com\\\/noticias\\\/author\\\/admin\\\/#author\"},\"publisher\":{\"@id\":\"https:\\\/\\\/www.eldigitaldeasturias.com\\\/noticias\\\/#organization\"},\"image\":{\"@type\":\"ImageObject\",\"url\":487752},\"datePublished\":\"2014-02-10T14:27:01+01:00\",\"dateModified\":\"2014-02-10T14:27:01+01:00\",\"inLanguage\":\"es-ES\",\"mainEntityOfPage\":{\"@id\":\"https:\\\/\\\/www.eldigitaldeasturias.com\\\/noticias\\\/pena-nieto-confia-en-el-poder-de-alianza-pacifico-para-la-integracion-de-america-latina\\\/#webpage\"},\"isPartOf\":{\"@id\":\"https:\\\/\\\/www.eldigitaldeasturias.com\\\/noticias\\\/pena-nieto-confia-en-el-poder-de-alianza-pacifico-para-la-integracion-de-america-latina\\\/#webpage\"},\"articleSection\":\"Actualidad\"},{\"@type\":\"BreadcrumbList\",\"@id\":\"https:\\\/\\\/www.eldigitaldeasturias.com\\\/noticias\\\/pena-nieto-confia-en-el-poder-de-alianza-pacifico-para-la-integracion-de-america-latina\\\/#breadcrumblist\",\"itemListElement\":[{\"@type\":\"ListItem\",\"@id\":\"https:\\\/\\\/www.eldigitaldeasturias.com\\\/noticias#listItem\",\"position\":1,\"name\":\"Home\",\"item\":\"https:\\\/\\\/www.eldigitaldeasturias.com\\\/noticias\",\"nextItem\":{\"@type\":\"ListItem\",\"@id\":\"https:\\\/\\\/www.eldigitaldeasturias.com\\\/noticias\\\/category\\\/actualidad\\\/#listItem\",\"name\":\"Actualidad\"}},{\"@type\":\"ListItem\",\"@id\":\"https:\\\/\\\/www.eldigitaldeasturias.com\\\/noticias\\\/category\\\/actualidad\\\/#listItem\",\"position\":2,\"name\":\"Actualidad\",\"item\":\"https:\\\/\\\/www.eldigitaldeasturias.com\\\/noticias\\\/category\\\/actualidad\\\/\",\"nextItem\":{\"@type\":\"ListItem\",\"@id\":\"https:\\\/\\\/www.eldigitaldeasturias.com\\\/noticias\\\/pena-nieto-confia-en-el-poder-de-alianza-pacifico-para-la-integracion-de-america-latina\\\/#listItem\",\"name\":\"Pe\\u00f1a Nieto conf\\u00eda en el poder de Alianza Pac\\u00edfico para la integraci\\u00f3n de Am\\u00e9rica Latina\"},\"previousItem\":{\"@type\":\"ListItem\",\"@id\":\"https:\\\/\\\/www.eldigitaldeasturias.com\\\/noticias#listItem\",\"name\":\"Home\"}},{\"@type\":\"ListItem\",\"@id\":\"https:\\\/\\\/www.eldigitaldeasturias.com\\\/noticias\\\/pena-nieto-confia-en-el-poder-de-alianza-pacifico-para-la-integracion-de-america-latina\\\/#listItem\",\"position\":3,\"name\":\"Pe\\u00f1a Nieto conf\\u00eda en el poder de Alianza Pac\\u00edfico para la integraci\\u00f3n de Am\\u00e9rica Latina\",\"previousItem\":{\"@type\":\"ListItem\",\"@id\":\"https:\\\/\\\/www.eldigitaldeasturias.com\\\/noticias\\\/category\\\/actualidad\\\/#listItem\",\"name\":\"Actualidad\"}}]},{\"@type\":\"Organization\",\"@id\":\"https:\\\/\\\/www.eldigitaldeasturias.com\\\/noticias\\\/#organization\",\"name\":\"El Digital de Asturias\",\"description\":\"Hemeroteca\",\"url\":\"https:\\\/\\\/www.eldigitaldeasturias.com\\\/noticias\\\/\",\"email\":\"info@eldigitaldeasturias.com\",\"telephone\":\"+34652131393\",\"logo\":{\"@type\":\"ImageObject\",\"url\":\"https:\\\/\\\/www.eldigitaldeasturias.com\\\/noticias\\\/wp-content\\\/uploads\\\/2020\\\/12\\\/EDA.jpg\",\"@id\":\"https:\\\/\\\/www.eldigitaldeasturias.com\\\/noticias\\\/pena-nieto-confia-en-el-poder-de-alianza-pacifico-para-la-integracion-de-america-latina\\\/#organizationLogo\"},\"image\":{\"@id\":\"https:\\\/\\\/www.eldigitaldeasturias.com\\\/noticias\\\/pena-nieto-confia-en-el-poder-de-alianza-pacifico-para-la-integracion-de-america-latina\\\/#organizationLogo\"},\"sameAs\":[\"https:\\\/\\\/facebook.com\\\/eldigitaldeasturias\",\"https:\\\/\\\/www.youtube.com\\\/channel\\\/UCZP-2wLEB9Rv6erhFmqVnvg\"],\"address\":{\"@id\":\"https:\\\/\\\/www.eldigitaldeasturias.com\\\/noticias\\\/#postaladdress\",\"@type\":\"PostalAddress\",\"streetAddress\":\"san antonio 4\",\"postalCode\":\"33430\",\"addressLocality\":\"Cand\\u00e1s\",\"addressRegion\":\"Asturias\",\"addressCountry\":\"ES\"}},{\"@type\":\"Person\",\"@id\":\"https:\\\/\\\/www.eldigitaldeasturias.com\\\/noticias\\\/author\\\/admin\\\/#author\",\"url\":\"https:\\\/\\\/www.eldigitaldeasturias.com\\\/noticias\\\/author\\\/admin\\\/\",\"name\":\"El Digital de Asturias\",\"image\":{\"@type\":\"ImageObject\",\"@id\":\"https:\\\/\\\/www.eldigitaldeasturias.com\\\/noticias\\\/pena-nieto-confia-en-el-poder-de-alianza-pacifico-para-la-integracion-de-america-latina\\\/#authorImage\",\"url\":\"https:\\\/\\\/secure.gravatar.com\\\/avatar\\\/df2aeffc32bcd13f8d26072ef8a91b623d677766deac7f97ca815868cd41bf5e?s=96&d=mm&r=g\",\"width\":96,\"height\":96,\"caption\":\"El Digital de Asturias\"}},{\"@type\":\"WebPage\",\"@id\":\"https:\\\/\\\/www.eldigitaldeasturias.com\\\/noticias\\\/pena-nieto-confia-en-el-poder-de-alianza-pacifico-para-la-integracion-de-america-latina\\\/#webpage\",\"url\":\"https:\\\/\\\/www.eldigitaldeasturias.com\\\/noticias\\\/pena-nieto-confia-en-el-poder-de-alianza-pacifico-para-la-integracion-de-america-latina\\\/\",\"name\":\"Pe\\u00f1a Nieto conf\\u00eda en el poder de Alianza Pac\\u00edfico para la integraci\\u00f3n de Am\\u00e9rica Latina - El Digital de Asturias\",\"description\":\"Cartagena (Colombia), 9 feb (EFE).- El gobernante mexicano, Enrique Pe\\u00f1a Nieto, lleg\\u00f3 hoy a la ciudad colombiana de Cartagena de Indias para participar en la VII Cumbre Presidencial de la Alianza del Pac\\u00edfico, en cuyo poder conf\\u00eda para la integraci\\u00f3n latinoamericana. As\\u00ed lo dijo Pe\\u00f1a Nieto a su llegada al aeropuerto internacional Rafael N\\u00fa\\u00f1ez de\",\"inLanguage\":\"es-ES\",\"isPartOf\":{\"@id\":\"https:\\\/\\\/www.eldigitaldeasturias.com\\\/noticias\\\/#website\"},\"breadcrumb\":{\"@id\":\"https:\\\/\\\/www.eldigitaldeasturias.com\\\/noticias\\\/pena-nieto-confia-en-el-poder-de-alianza-pacifico-para-la-integracion-de-america-latina\\\/#breadcrumblist\"},\"author\":{\"@id\":\"https:\\\/\\\/www.eldigitaldeasturias.com\\\/noticias\\\/author\\\/admin\\\/#author\"},\"creator\":{\"@id\":\"https:\\\/\\\/www.eldigitaldeasturias.com\\\/noticias\\\/author\\\/admin\\\/#author\"},\"image\":{\"@type\":\"ImageObject\",\"url\":487752,\"@id\":\"https:\\\/\\\/www.eldigitaldeasturias.com\\\/noticias\\\/pena-nieto-confia-en-el-poder-de-alianza-pacifico-para-la-integracion-de-america-latina\\\/#mainImage\"},\"primaryImageOfPage\":{\"@id\":\"https:\\\/\\\/www.eldigitaldeasturias.com\\\/noticias\\\/pena-nieto-confia-en-el-poder-de-alianza-pacifico-para-la-integracion-de-america-latina\\\/#mainImage\"},\"datePublished\":\"2014-02-10T14:27:01+01:00\",\"dateModified\":\"2014-02-10T14:27:01+01:00\"},{\"@type\":\"WebSite\",\"@id\":\"https:\\\/\\\/www.eldigitaldeasturias.com\\\/noticias\\\/#website\",\"url\":\"https:\\\/\\\/www.eldigitaldeasturias.com\\\/noticias\\\/\",\"name\":\"El Digital de Asturias - Diario de actualidad y noticias\",\"alternateName\":\"El Digital de Asturias - Diario de actualidad y noticias\",\"description\":\"Hemeroteca\",\"inLanguage\":\"es-ES\",\"publisher\":{\"@id\":\"https:\\\/\\\/www.eldigitaldeasturias.com\\\/noticias\\\/#organization\"}}]}\n\t\t<\/script>\n\t\t<!-- All in One SEO Pro -->\r\n\t\t<title>Pe\u00f1a Nieto conf\u00eda en el poder de Alianza Pac\u00edfico para la integraci\u00f3n de Am\u00e9rica Latina - El Digital de Asturias<\/title>\n\n","aioseo_head_json":{"title":"Pe\u00f1a Nieto conf\u00eda en el poder de Alianza Pac\u00edfico para la integraci\u00f3n de Am\u00e9rica Latina - El Digital de Asturias","description":"Cartagena (Colombia), 9 feb (EFE).- El gobernante mexicano, Enrique Pe\u00f1a Nieto, lleg\u00f3 hoy a la ciudad colombiana de Cartagena de Indias para participar en la VII Cumbre Presidencial de la Alianza del Pac\u00edfico, en cuyo poder conf\u00eda para la integraci\u00f3n latinoamericana. As\u00ed lo dijo Pe\u00f1a Nieto a su llegada al aeropuerto internacional Rafael N\u00fa\u00f1ez de","canonical_url":"https:\/\/www.eldigitaldeasturias.com\/noticias\/pena-nieto-confia-en-el-poder-de-alianza-pacifico-para-la-integracion-de-america-latina\/","robots":"max-image-preview:large","keywords":"actualidad","webmasterTools":{"google-site-verification":"UA-38556648-1","msvalidate.01":"7dfe9f3f1b24437ab69f4f2559babe99","miscellaneous":""},"schema":{"@context":"https:\/\/schema.org","@graph":[{"@type":"BlogPosting","@id":"https:\/\/www.eldigitaldeasturias.com\/noticias\/pena-nieto-confia-en-el-poder-de-alianza-pacifico-para-la-integracion-de-america-latina\/#blogposting","name":"Pe\u00f1a Nieto conf\u00eda en el poder de Alianza Pac\u00edfico para la integraci\u00f3n de Am\u00e9rica Latina - El Digital de Asturias","headline":"Pe\u00f1a Nieto conf\u00eda en el poder de Alianza Pac\u00edfico para la integraci\u00f3n de Am\u00e9rica Latina","author":{"@id":"https:\/\/www.eldigitaldeasturias.com\/noticias\/author\/admin\/#author"},"publisher":{"@id":"https:\/\/www.eldigitaldeasturias.com\/noticias\/#organization"},"image":{"@type":"ImageObject","url":487752},"datePublished":"2014-02-10T14:27:01+01:00","dateModified":"2014-02-10T14:27:01+01:00","inLanguage":"es-ES","mainEntityOfPage":{"@id":"https:\/\/www.eldigitaldeasturias.com\/noticias\/pena-nieto-confia-en-el-poder-de-alianza-pacifico-para-la-integracion-de-america-latina\/#webpage"},"isPartOf":{"@id":"https:\/\/www.eldigitaldeasturias.com\/noticias\/pena-nieto-confia-en-el-poder-de-alianza-pacifico-para-la-integracion-de-america-latina\/#webpage"},"articleSection":"Actualidad"},{"@type":"BreadcrumbList","@id":"https:\/\/www.eldigitaldeasturias.com\/noticias\/pena-nieto-confia-en-el-poder-de-alianza-pacifico-para-la-integracion-de-america-latina\/#breadcrumblist","itemListElement":[{"@type":"ListItem","@id":"https:\/\/www.eldigitaldeasturias.com\/noticias#listItem","position":1,"name":"Home","item":"https:\/\/www.eldigitaldeasturias.com\/noticias","nextItem":{"@type":"ListItem","@id":"https:\/\/www.eldigitaldeasturias.com\/noticias\/category\/actualidad\/#listItem","name":"Actualidad"}},{"@type":"ListItem","@id":"https:\/\/www.eldigitaldeasturias.com\/noticias\/category\/actualidad\/#listItem","position":2,"name":"Actualidad","item":"https:\/\/www.eldigitaldeasturias.com\/noticias\/category\/actualidad\/","nextItem":{"@type":"ListItem","@id":"https:\/\/www.eldigitaldeasturias.com\/noticias\/pena-nieto-confia-en-el-poder-de-alianza-pacifico-para-la-integracion-de-america-latina\/#listItem","name":"Pe\u00f1a Nieto conf\u00eda en el poder de Alianza Pac\u00edfico para la integraci\u00f3n de Am\u00e9rica Latina"},"previousItem":{"@type":"ListItem","@id":"https:\/\/www.eldigitaldeasturias.com\/noticias#listItem","name":"Home"}},{"@type":"ListItem","@id":"https:\/\/www.eldigitaldeasturias.com\/noticias\/pena-nieto-confia-en-el-poder-de-alianza-pacifico-para-la-integracion-de-america-latina\/#listItem","position":3,"name":"Pe\u00f1a Nieto conf\u00eda en el poder de Alianza Pac\u00edfico para la integraci\u00f3n de Am\u00e9rica Latina","previousItem":{"@type":"ListItem","@id":"https:\/\/www.eldigitaldeasturias.com\/noticias\/category\/actualidad\/#listItem","name":"Actualidad"}}]},{"@type":"Organization","@id":"https:\/\/www.eldigitaldeasturias.com\/noticias\/#organization","name":"El Digital de Asturias","description":"Hemeroteca","url":"https:\/\/www.eldigitaldeasturias.com\/noticias\/","email":"info@eldigitaldeasturias.com","telephone":"+34652131393","logo":{"@type":"ImageObject","url":"https:\/\/www.eldigitaldeasturias.com\/noticias\/wp-content\/uploads\/2020\/12\/EDA.jpg","@id":"https:\/\/www.eldigitaldeasturias.com\/noticias\/pena-nieto-confia-en-el-poder-de-alianza-pacifico-para-la-integracion-de-america-latina\/#organizationLogo"},"image":{"@id":"https:\/\/www.eldigitaldeasturias.com\/noticias\/pena-nieto-confia-en-el-poder-de-alianza-pacifico-para-la-integracion-de-america-latina\/#organizationLogo"},"sameAs":["https:\/\/facebook.com\/eldigitaldeasturias","https:\/\/www.youtube.com\/channel\/UCZP-2wLEB9Rv6erhFmqVnvg"],"address":{"@id":"https:\/\/www.eldigitaldeasturias.com\/noticias\/#postaladdress","@type":"PostalAddress","streetAddress":"san antonio 4","postalCode":"33430","addressLocality":"Cand\u00e1s","addressRegion":"Asturias","addressCountry":"ES"}},{"@type":"Person","@id":"https:\/\/www.eldigitaldeasturias.com\/noticias\/author\/admin\/#author","url":"https:\/\/www.eldigitaldeasturias.com\/noticias\/author\/admin\/","name":"El Digital de Asturias","image":{"@type":"ImageObject","@id":"https:\/\/www.eldigitaldeasturias.com\/noticias\/pena-nieto-confia-en-el-poder-de-alianza-pacifico-para-la-integracion-de-america-latina\/#authorImage","url":"https:\/\/secure.gravatar.com\/avatar\/df2aeffc32bcd13f8d26072ef8a91b623d677766deac7f97ca815868cd41bf5e?s=96&d=mm&r=g","width":96,"height":96,"caption":"El Digital de Asturias"}},{"@type":"WebPage","@id":"https:\/\/www.eldigitaldeasturias.com\/noticias\/pena-nieto-confia-en-el-poder-de-alianza-pacifico-para-la-integracion-de-america-latina\/#webpage","url":"https:\/\/www.eldigitaldeasturias.com\/noticias\/pena-nieto-confia-en-el-poder-de-alianza-pacifico-para-la-integracion-de-america-latina\/","name":"Pe\u00f1a Nieto conf\u00eda en el poder de Alianza Pac\u00edfico para la integraci\u00f3n de Am\u00e9rica Latina - El Digital de Asturias","description":"Cartagena (Colombia), 9 feb (EFE).- El gobernante mexicano, Enrique Pe\u00f1a Nieto, lleg\u00f3 hoy a la ciudad colombiana de Cartagena de Indias para participar en la VII Cumbre Presidencial de la Alianza del Pac\u00edfico, en cuyo poder conf\u00eda para la integraci\u00f3n latinoamericana. As\u00ed lo dijo Pe\u00f1a Nieto a su llegada al aeropuerto internacional Rafael N\u00fa\u00f1ez de","inLanguage":"es-ES","isPartOf":{"@id":"https:\/\/www.eldigitaldeasturias.com\/noticias\/#website"},"breadcrumb":{"@id":"https:\/\/www.eldigitaldeasturias.com\/noticias\/pena-nieto-confia-en-el-poder-de-alianza-pacifico-para-la-integracion-de-america-latina\/#breadcrumblist"},"author":{"@id":"https:\/\/www.eldigitaldeasturias.com\/noticias\/author\/admin\/#author"},"creator":{"@id":"https:\/\/www.eldigitaldeasturias.com\/noticias\/author\/admin\/#author"},"image":{"@type":"ImageObject","url":487752,"@id":"https:\/\/www.eldigitaldeasturias.com\/noticias\/pena-nieto-confia-en-el-poder-de-alianza-pacifico-para-la-integracion-de-america-latina\/#mainImage"},"primaryImageOfPage":{"@id":"https:\/\/www.eldigitaldeasturias.com\/noticias\/pena-nieto-confia-en-el-poder-de-alianza-pacifico-para-la-integracion-de-america-latina\/#mainImage"},"datePublished":"2014-02-10T14:27:01+01:00","dateModified":"2014-02-10T14:27:01+01:00"},{"@type":"WebSite","@id":"https:\/\/www.eldigitaldeasturias.com\/noticias\/#website","url":"https:\/\/www.eldigitaldeasturias.com\/noticias\/","name":"El Digital de Asturias - Diario de actualidad y noticias","alternateName":"El Digital de Asturias - Diario de actualidad y noticias","description":"Hemeroteca","inLanguage":"es-ES","publisher":{"@id":"https:\/\/www.eldigitaldeasturias.com\/noticias\/#organization"}}]},"og:locale":"es_ES","og:site_name":"El Digital de Asturias","og:type":"article","og:title":"Pe\u00f1a Nieto conf\u00eda en el poder de Alianza Pac\u00edfico para la integraci\u00f3n de Am\u00e9rica Latina - El Digital de Asturias","og:description":"Cartagena (Colombia), 9 feb (EFE).- El gobernante mexicano, Enrique Pe\u00f1a Nieto, lleg\u00f3 hoy a la ciudad colombiana de Cartagena de Indias para participar en la VII Cumbre Presidencial de la Alianza del Pac\u00edfico, en cuyo poder conf\u00eda para la integraci\u00f3n latinoamericana. As\u00ed lo dijo Pe\u00f1a Nieto a su llegada al aeropuerto internacional Rafael N\u00fa\u00f1ez de","og:url":"https:\/\/www.eldigitaldeasturias.com\/noticias\/pena-nieto-confia-en-el-poder-de-alianza-pacifico-para-la-integracion-de-america-latina\/","article:tag":["actualidad"],"article:published_time":"2014-02-10T15:27:01+00:00","article:modified_time":"2014-02-10T15:27:01+00:00","article:publisher":"https:\/\/facebook.com\/eldigitaldeasturias","twitter:card":"summary_large_image","twitter:title":"Pe\u00f1a Nieto conf\u00eda en el poder de Alianza Pac\u00edfico para la integraci\u00f3n de Am\u00e9rica Latina - El Digital de Asturias","twitter:description":"Cartagena (Colombia), 9 feb (EFE).- El gobernante mexicano, Enrique Pe\u00f1a Nieto, lleg\u00f3 hoy a la ciudad colombiana de Cartagena de Indias para participar en la VII Cumbre Presidencial de la Alianza del Pac\u00edfico, en cuyo poder conf\u00eda para la integraci\u00f3n latinoamericana. As\u00ed lo dijo Pe\u00f1a Nieto a su llegada al aeropuerto internacional Rafael N\u00fa\u00f1ez de","twitter:label1":"Escrito por","twitter:data1":"El Digital de Asturias","twitter:label2":"Tiempo de lectura estimado","twitter:data2":"2 minutos"},"aioseo_meta_data":{"post_id":"487751","title":null,"description":null,"keywords":null,"keyphrases":null,"primary_term":null,"canonical_url":null,"og_title":null,"og_description":null,"og_object_type":"default","og_image_type":"default","og_image_url":null,"og_image_width":null,"og_image_height":null,"og_image_custom_url":null,"og_image_custom_fields":null,"og_video":null,"og_custom_url":null,"og_article_section":null,"og_article_tags":null,"twitter_use_og":true,"twitter_card":"default","twitter_image_type":"default","twitter_image_url":null,"twitter_image_custom_url":null,"twitter_image_custom_fields":null,"twitter_title":null,"twitter_description":null,"schema":{"blockGraphs":[],"customGraphs":[],"default":{"data":{"Article":[],"Course":[],"Dataset":[],"FAQPage":[],"Movie":[],"Person":[],"Product":[],"ProductReview":[],"Car":[],"Recipe":[],"Service":[],"SoftwareApplication":[],"WebPage":[]},"graphName":"","isEnabled":true},"graphs":[],"defaultGraph":"","defaultPostTypeGraph":""},"schema_type":null,"schema_type_options":null,"pillar_content":false,"robots_default":true,"robots_noindex":false,"robots_noarchive":false,"robots_nosnippet":false,"robots_nofollow":false,"robots_noimageindex":false,"robots_noodp":false,"robots_notranslate":false,"robots_max_snippet":null,"robots_max_videopreview":null,"robots_max_imagepreview":"none","priority":null,"frequency":null,"local_seo":null,"seo_analyzer_scan_date":"2026-06-03 05:43:02","breadcrumb_settings":null,"limit_modified_date":false,"open_ai":null,"ai":null,"created":"2020-11-14 22:56:59","updated":"2026-06-03 05:43:02","focus_keyword":null,"additional_keywords":null,"truseo_locale":null},"aioseo_breadcrumb":"<div class=\"aioseo-breadcrumbs\"><span class=\"aioseo-breadcrumb\">\n\t<a href=\"https:\/\/www.eldigitaldeasturias.com\/noticias\" title=\"Home\">Home<\/a>\n<\/span><span class=\"aioseo-breadcrumb-separator\">\u2013<\/span><span class=\"aioseo-breadcrumb\">\n\t<a href=\"https:\/\/www.eldigitaldeasturias.com\/noticias\/category\/actualidad\/\" title=\"Actualidad\">Actualidad<\/a>\n<\/span><span class=\"aioseo-breadcrumb-separator\">\u2013<\/span><span class=\"aioseo-breadcrumb\">\n\t<a href=\"https:\/\/www.eldigitaldeasturias.com\/noticias\/pena-nieto-confia-en-el-poder-de-alianza-pacifico-para-la-integracion-de-america-latina\/\" title=\"Pe\u00f1a Nieto conf\u00eda en el poder de Alianza Pac\u00edfico para la integraci\u00f3n de Am\u00e9rica Latina\">Pe\u00f1a Nieto conf\u00eda en el poder de Alianza Pac\u00edfico para la integraci\u00f3n de Am\u00e9rica Latina<\/a>\n<\/span><\/div>","aioseo_breadcrumb_json":[{"label":"Home","link":"https:\/\/www.eldigitaldeasturias.com\/noticias"},{"label":"Actualidad","link":"https:\/\/www.eldigitaldeasturias.com\/noticias\/category\/actualidad\/"},{"label":"Pe\u00f1a Nieto conf\u00eda en el poder de Alianza Pac\u00edfico para la integraci\u00f3n de Am\u00e9rica Latina","link":"https:\/\/www.eldigitaldeasturias.com\/noticias\/pena-nieto-confia-en-el-poder-de-alianza-pacifico-para-la-integracion-de-america-latina\/"}],"_links":{"self":[{"href":"https:\/\/www.eldigitaldeasturias.com\/noticias\/wp-json\/wp\/v2\/posts\/487751","targetHints":{"allow":["GET"]}}],"collection":[{"href":"https:\/\/www.eldigitaldeasturias.com\/noticias\/wp-json\/wp\/v2\/posts"}],"about":[{"href":"https:\/\/www.eldigitaldeasturias.com\/noticias\/wp-json\/wp\/v2\/types\/post"}],"author":[{"embeddable":true,"href":"https:\/\/www.eldigitaldeasturias.com\/noticias\/wp-json\/wp\/v2\/users\/1"}],"replies":[{"embeddable":true,"href":"https:\/\/www.eldigitaldeasturias.com\/noticias\/wp-json\/wp\/v2\/comments?post=487751"}],"version-history":[{"count":0,"href":"https:\/\/www.eldigitaldeasturias.com\/noticias\/wp-json\/wp\/v2\/posts\/487751\/revisions"}],"wp:attachment":[{"href":"https:\/\/www.eldigitaldeasturias.com\/noticias\/wp-json\/wp\/v2\/media?parent=487751"}],"wp:term":[{"taxonomy":"category","embeddable":true,"href":"https:\/\/www.eldigitaldeasturias.com\/noticias\/wp-json\/wp\/v2\/categories?post=487751"},{"taxonomy":"post_tag","embeddable":true,"href":"https:\/\/www.eldigitaldeasturias.com\/noticias\/wp-json\/wp\/v2\/tags?post=487751"}],"curies":[{"name":"wp","href":"https:\/\/api.w.org\/{rel}","templated":true}]}}