{"id":487748,"date":"2014-02-10T14:25:47","date_gmt":"2014-02-10T15:25:47","guid":{"rendered":"http:\/\/www.eldigitaldeasturias.com\/noticias\/?p=487748"},"modified":"2014-02-10T14:25:47","modified_gmt":"2014-02-10T15:25:47","slug":"john-kerry-viajara-a-seul-pekin-yakarta-y-abu-dhabi","status":"publish","type":"post","link":"https:\/\/www.eldigitaldeasturias.com\/noticias\/john-kerry-viajara-a-seul-pekin-yakarta-y-abu-dhabi\/","title":{"rendered":"John Kerry viajar\u00e1 a Se\u00fal, Pek\u00edn, Yakarta y Abu Dhabi"},"content":{"rendered":"<p><img loading=\"lazy\" decoding=\"async\" class=\"alignleft size-medium wp-image-487749\" alt=\"5926634w\" src=\"https:\/\/www.eldigitaldeasturias.com\/noticias\/wp-content\/uploads\/2014\/02\/5926634w-360x239.jpg\" width=\"360\" height=\"239\" \/>Washington, 9 feb (EFE).- El jefe de la diplomacia estadounidense, John Kerry, viajar\u00e1 entre el 13 y 19 de este mes a Se\u00fal, Pek\u00edn, Yakarta y Abu Dhabi en el que supone su quinto viaje a Asia en el \u00faltimo a\u00f1o, inform\u00f3 hoy el Departamento de Estado.<\/p>\n<p>El titular de Exteriores estadounidense abordar\u00e1 durante su viaje una serie de asuntos bilaterales, regionales y globales, indic\u00f3 el Departamento de Estado en un comunicado.<\/p>\n<p>El secretario de Estado tiene previsto reunirse en Se\u00fal con altos funcionarios del Gobierno, con quienes abordar\u00e1 formas de extender la cooperaci\u00f3n en asuntos regionales y globales, as\u00ed como el mantenimiento de las actuaciones coordinadas sobre Corea del Norte.<\/p>\n<p>Durante su escala en Pek\u00edn, Kerry transmitir\u00e1 el mensaje de que EEUU est\u00e1 comprometido con la b\u00fasqueda de una relaci\u00f3n \u00abpositiva, cooperativa y amplia\u00bb.<\/p>\n<p>El jefe de la diplomacia estadounidense har\u00e1 hincapi\u00e9, adem\u00e1s, en la importancia de la colaboraci\u00f3n con Pek\u00edn en temas como el cambio clim\u00e1tico y las energ\u00edas renovables.<\/p>\n<p>Durante su paso por Yakarta, reiterar\u00e1 que EEUU valora el creciente liderazgo de Indonesia en asuntos globales y la intenci\u00f3n de Washington de seguir colaborando con el pa\u00eds en temas como el cambio clim\u00e1tico, la seguridad, la democracia, la integraci\u00f3n regional y los derechos humanos.<\/p>\n<p>En Abu Dhabi, abordar\u00e1 temas regionales y bilaterales.<\/p>\n","protected":false},"excerpt":{"rendered":"<p>Washington, 9 feb (EFE).- El jefe de la diplomacia estadounidense, John Kerry, viajar\u00e1 entre el 13 y 19 de este mes a Se\u00fal, Pek\u00edn, Yakarta y Abu Dhabi en el que supone su quinto viaje a Asia en el \u00faltimo a\u00f1o, inform\u00f3 hoy el Departamento de Estado. El titular de Exteriores estadounidense abordar\u00e1 durante su [&hellip;]<\/p>\n","protected":false},"author":1,"featured_media":487749,"comment_status":"open","ping_status":"open","sticky":false,"template":"","format":"standard","meta":{"footnotes":""},"categories":[1],"tags":[],"class_list":["post-487748","post","type-post","status-publish","format-standard","has-post-thumbnail","hentry","category-actualidad"],"aioseo_notices":[],"aioseo_head":"\n\t\t<!-- All in One SEO Pro 5.0.1 - aioseo.com -->\n\t<meta name=\"description\" content=\"Washington, 9 feb (EFE).- El jefe de la diplomacia estadounidense, John Kerry, viajar\u00e1 entre el 13 y 19 de este mes a Se\u00fal, Pek\u00edn, Yakarta y Abu Dhabi en el que supone su quinto viaje a Asia en el \u00faltimo a\u00f1o, inform\u00f3 hoy el Departamento de Estado. El titular de Exteriores estadounidense abordar\u00e1 durante su\" \/>\n\t<meta name=\"robots\" content=\"max-image-preview:large\" \/>\n\t<meta name=\"author\" content=\"El Digital de Asturias\"\/>\n\t<meta name=\"google-site-verification\" content=\"UA-38556648-1\" \/>\n\t<meta name=\"msvalidate.01\" content=\"7dfe9f3f1b24437ab69f4f2559babe99\" \/>\n\t<meta name=\"keywords\" content=\"actualidad\" \/>\n\t<link rel=\"canonical\" href=\"https:\/\/www.eldigitaldeasturias.com\/noticias\/john-kerry-viajara-a-seul-pekin-yakarta-y-abu-dhabi\/\" \/>\n\t<meta name=\"generator\" content=\"All in One SEO Pro (AIOSEO) 5.0.1\" \/>\n\t\t<meta property=\"og:locale\" content=\"es_ES\" \/>\n\t\t<meta property=\"og:site_name\" content=\"El Digital de Asturias\" \/>\n\t\t<meta property=\"og:type\" content=\"article\" \/>\n\t\t<meta property=\"og:title\" content=\"John Kerry viajar\u00e1 a Se\u00fal, Pek\u00edn, Yakarta y Abu Dhabi - El Digital de Asturias\" \/>\n\t\t<meta property=\"og:description\" content=\"Washington, 9 feb (EFE).- El jefe de la diplomacia estadounidense, John Kerry, viajar\u00e1 entre el 13 y 19 de este mes a Se\u00fal, Pek\u00edn, Yakarta y Abu Dhabi en el que supone su quinto viaje a Asia en el \u00faltimo a\u00f1o, inform\u00f3 hoy el Departamento de Estado. El titular de Exteriores estadounidense abordar\u00e1 durante su\" \/>\n\t\t<meta property=\"og:url\" content=\"https:\/\/www.eldigitaldeasturias.com\/noticias\/john-kerry-viajara-a-seul-pekin-yakarta-y-abu-dhabi\/\" \/>\n\t\t<meta property=\"article:tag\" content=\"actualidad\" \/>\n\t\t<meta property=\"article:published_time\" content=\"2014-02-10T15:25:47+00:00\" \/>\n\t\t<meta property=\"article:modified_time\" content=\"2014-02-10T15:25:47+00:00\" \/>\n\t\t<meta property=\"article:publisher\" content=\"https:\/\/facebook.com\/eldigitaldeasturias\" \/>\n\t\t<meta name=\"twitter:card\" content=\"summary_large_image\" \/>\n\t\t<meta name=\"twitter:title\" content=\"John Kerry viajar\u00e1 a Se\u00fal, Pek\u00edn, Yakarta y Abu Dhabi - El Digital de Asturias\" \/>\n\t\t<meta name=\"twitter:description\" content=\"Washington, 9 feb (EFE).- El jefe de la diplomacia estadounidense, John Kerry, viajar\u00e1 entre el 13 y 19 de este mes a Se\u00fal, Pek\u00edn, Yakarta y Abu Dhabi en el que supone su quinto viaje a Asia en el \u00faltimo a\u00f1o, inform\u00f3 hoy el Departamento de Estado. El titular de Exteriores estadounidense abordar\u00e1 durante su\" \/>\n\t\t<meta name=\"twitter:label1\" content=\"Escrito por\" \/>\n\t\t<meta name=\"twitter:data1\" content=\"El Digital de Asturias\" \/>\n\t\t<meta name=\"twitter:label2\" content=\"Tiempo de lectura estimado\" \/>\n\t\t<meta name=\"twitter:data2\" content=\"1 minuto\" \/>\n\t\t<script type=\"application\/ld+json\" class=\"aioseo-schema\">\n\t\t\t{\"@context\":\"https:\\\/\\\/schema.org\",\"@graph\":[{\"@type\":\"BlogPosting\",\"@id\":\"https:\\\/\\\/www.eldigitaldeasturias.com\\\/noticias\\\/john-kerry-viajara-a-seul-pekin-yakarta-y-abu-dhabi\\\/#blogposting\",\"name\":\"John Kerry viajar\\u00e1 a Se\\u00fal, Pek\\u00edn, Yakarta y Abu Dhabi - El Digital de Asturias\",\"headline\":\"John Kerry viajar\\u00e1 a Se\\u00fal, Pek\\u00edn, Yakarta y Abu Dhabi\",\"author\":{\"@id\":\"https:\\\/\\\/www.eldigitaldeasturias.com\\\/noticias\\\/author\\\/admin\\\/#author\"},\"publisher\":{\"@id\":\"https:\\\/\\\/www.eldigitaldeasturias.com\\\/noticias\\\/#organization\"},\"image\":{\"@type\":\"ImageObject\",\"url\":487749},\"datePublished\":\"2014-02-10T14:25:47+01:00\",\"dateModified\":\"2014-02-10T14:25:47+01:00\",\"inLanguage\":\"es-ES\",\"mainEntityOfPage\":{\"@id\":\"https:\\\/\\\/www.eldigitaldeasturias.com\\\/noticias\\\/john-kerry-viajara-a-seul-pekin-yakarta-y-abu-dhabi\\\/#webpage\"},\"isPartOf\":{\"@id\":\"https:\\\/\\\/www.eldigitaldeasturias.com\\\/noticias\\\/john-kerry-viajara-a-seul-pekin-yakarta-y-abu-dhabi\\\/#webpage\"},\"articleSection\":\"Actualidad\"},{\"@type\":\"BreadcrumbList\",\"@id\":\"https:\\\/\\\/www.eldigitaldeasturias.com\\\/noticias\\\/john-kerry-viajara-a-seul-pekin-yakarta-y-abu-dhabi\\\/#breadcrumblist\",\"itemListElement\":[{\"@type\":\"ListItem\",\"@id\":\"https:\\\/\\\/www.eldigitaldeasturias.com\\\/noticias#listItem\",\"position\":1,\"name\":\"Home\",\"item\":\"https:\\\/\\\/www.eldigitaldeasturias.com\\\/noticias\",\"nextItem\":{\"@type\":\"ListItem\",\"@id\":\"https:\\\/\\\/www.eldigitaldeasturias.com\\\/noticias\\\/category\\\/actualidad\\\/#listItem\",\"name\":\"Actualidad\"}},{\"@type\":\"ListItem\",\"@id\":\"https:\\\/\\\/www.eldigitaldeasturias.com\\\/noticias\\\/category\\\/actualidad\\\/#listItem\",\"position\":2,\"name\":\"Actualidad\",\"item\":\"https:\\\/\\\/www.eldigitaldeasturias.com\\\/noticias\\\/category\\\/actualidad\\\/\",\"nextItem\":{\"@type\":\"ListItem\",\"@id\":\"https:\\\/\\\/www.eldigitaldeasturias.com\\\/noticias\\\/john-kerry-viajara-a-seul-pekin-yakarta-y-abu-dhabi\\\/#listItem\",\"name\":\"John Kerry viajar\\u00e1 a Se\\u00fal, Pek\\u00edn, Yakarta y Abu Dhabi\"},\"previousItem\":{\"@type\":\"ListItem\",\"@id\":\"https:\\\/\\\/www.eldigitaldeasturias.com\\\/noticias#listItem\",\"name\":\"Home\"}},{\"@type\":\"ListItem\",\"@id\":\"https:\\\/\\\/www.eldigitaldeasturias.com\\\/noticias\\\/john-kerry-viajara-a-seul-pekin-yakarta-y-abu-dhabi\\\/#listItem\",\"position\":3,\"name\":\"John Kerry viajar\\u00e1 a Se\\u00fal, Pek\\u00edn, Yakarta y Abu Dhabi\",\"previousItem\":{\"@type\":\"ListItem\",\"@id\":\"https:\\\/\\\/www.eldigitaldeasturias.com\\\/noticias\\\/category\\\/actualidad\\\/#listItem\",\"name\":\"Actualidad\"}}]},{\"@type\":\"Organization\",\"@id\":\"https:\\\/\\\/www.eldigitaldeasturias.com\\\/noticias\\\/#organization\",\"name\":\"El Digital de Asturias\",\"description\":\"Hemeroteca\",\"url\":\"https:\\\/\\\/www.eldigitaldeasturias.com\\\/noticias\\\/\",\"email\":\"info@eldigitaldeasturias.com\",\"telephone\":\"+34652131393\",\"logo\":{\"@type\":\"ImageObject\",\"url\":\"https:\\\/\\\/www.eldigitaldeasturias.com\\\/noticias\\\/wp-content\\\/uploads\\\/2020\\\/12\\\/EDA.jpg\",\"@id\":\"https:\\\/\\\/www.eldigitaldeasturias.com\\\/noticias\\\/john-kerry-viajara-a-seul-pekin-yakarta-y-abu-dhabi\\\/#organizationLogo\"},\"image\":{\"@id\":\"https:\\\/\\\/www.eldigitaldeasturias.com\\\/noticias\\\/john-kerry-viajara-a-seul-pekin-yakarta-y-abu-dhabi\\\/#organizationLogo\"},\"sameAs\":[\"https:\\\/\\\/facebook.com\\\/eldigitaldeasturias\",\"https:\\\/\\\/www.youtube.com\\\/channel\\\/UCZP-2wLEB9Rv6erhFmqVnvg\"],\"address\":{\"@id\":\"https:\\\/\\\/www.eldigitaldeasturias.com\\\/noticias\\\/#postaladdress\",\"@type\":\"PostalAddress\",\"streetAddress\":\"san antonio 4\",\"postalCode\":\"33430\",\"addressLocality\":\"Cand\\u00e1s\",\"addressRegion\":\"Asturias\",\"addressCountry\":\"ES\"}},{\"@type\":\"Person\",\"@id\":\"https:\\\/\\\/www.eldigitaldeasturias.com\\\/noticias\\\/author\\\/admin\\\/#author\",\"url\":\"https:\\\/\\\/www.eldigitaldeasturias.com\\\/noticias\\\/author\\\/admin\\\/\",\"name\":\"El Digital de Asturias\",\"image\":{\"@type\":\"ImageObject\",\"@id\":\"https:\\\/\\\/www.eldigitaldeasturias.com\\\/noticias\\\/john-kerry-viajara-a-seul-pekin-yakarta-y-abu-dhabi\\\/#authorImage\",\"url\":\"https:\\\/\\\/secure.gravatar.com\\\/avatar\\\/df2aeffc32bcd13f8d26072ef8a91b623d677766deac7f97ca815868cd41bf5e?s=96&d=mm&r=g\",\"width\":96,\"height\":96,\"caption\":\"El Digital de Asturias\"}},{\"@type\":\"WebPage\",\"@id\":\"https:\\\/\\\/www.eldigitaldeasturias.com\\\/noticias\\\/john-kerry-viajara-a-seul-pekin-yakarta-y-abu-dhabi\\\/#webpage\",\"url\":\"https:\\\/\\\/www.eldigitaldeasturias.com\\\/noticias\\\/john-kerry-viajara-a-seul-pekin-yakarta-y-abu-dhabi\\\/\",\"name\":\"John Kerry viajar\\u00e1 a Se\\u00fal, Pek\\u00edn, Yakarta y Abu Dhabi - El Digital de Asturias\",\"description\":\"Washington, 9 feb (EFE).- El jefe de la diplomacia estadounidense, John Kerry, viajar\\u00e1 entre el 13 y 19 de este mes a Se\\u00fal, Pek\\u00edn, Yakarta y Abu Dhabi en el que supone su quinto viaje a Asia en el \\u00faltimo a\\u00f1o, inform\\u00f3 hoy el Departamento de Estado. El titular de Exteriores estadounidense abordar\\u00e1 durante su\",\"inLanguage\":\"es-ES\",\"isPartOf\":{\"@id\":\"https:\\\/\\\/www.eldigitaldeasturias.com\\\/noticias\\\/#website\"},\"breadcrumb\":{\"@id\":\"https:\\\/\\\/www.eldigitaldeasturias.com\\\/noticias\\\/john-kerry-viajara-a-seul-pekin-yakarta-y-abu-dhabi\\\/#breadcrumblist\"},\"author\":{\"@id\":\"https:\\\/\\\/www.eldigitaldeasturias.com\\\/noticias\\\/author\\\/admin\\\/#author\"},\"creator\":{\"@id\":\"https:\\\/\\\/www.eldigitaldeasturias.com\\\/noticias\\\/author\\\/admin\\\/#author\"},\"image\":{\"@type\":\"ImageObject\",\"url\":487749,\"@id\":\"https:\\\/\\\/www.eldigitaldeasturias.com\\\/noticias\\\/john-kerry-viajara-a-seul-pekin-yakarta-y-abu-dhabi\\\/#mainImage\"},\"primaryImageOfPage\":{\"@id\":\"https:\\\/\\\/www.eldigitaldeasturias.com\\\/noticias\\\/john-kerry-viajara-a-seul-pekin-yakarta-y-abu-dhabi\\\/#mainImage\"},\"datePublished\":\"2014-02-10T14:25:47+01:00\",\"dateModified\":\"2014-02-10T14:25:47+01:00\"},{\"@type\":\"WebSite\",\"@id\":\"https:\\\/\\\/www.eldigitaldeasturias.com\\\/noticias\\\/#website\",\"url\":\"https:\\\/\\\/www.eldigitaldeasturias.com\\\/noticias\\\/\",\"name\":\"El Digital de Asturias - Diario de actualidad y noticias\",\"alternateName\":\"El Digital de Asturias - Diario de actualidad y noticias\",\"description\":\"Hemeroteca\",\"inLanguage\":\"es-ES\",\"publisher\":{\"@id\":\"https:\\\/\\\/www.eldigitaldeasturias.com\\\/noticias\\\/#organization\"}}]}\n\t\t<\/script>\n\t\t<!-- All in One SEO Pro -->\r\n\t\t<title>John Kerry viajar\u00e1 a Se\u00fal, Pek\u00edn, Yakarta y Abu Dhabi - El Digital de Asturias<\/title>\n\n","aioseo_head_json":{"title":"John Kerry viajar\u00e1 a Se\u00fal, Pek\u00edn, Yakarta y Abu Dhabi - El Digital de Asturias","description":"Washington, 9 feb (EFE).- El jefe de la diplomacia estadounidense, John Kerry, viajar\u00e1 entre el 13 y 19 de este mes a Se\u00fal, Pek\u00edn, Yakarta y Abu Dhabi en el que supone su quinto viaje a Asia en el \u00faltimo a\u00f1o, inform\u00f3 hoy el Departamento de Estado. El titular de Exteriores estadounidense abordar\u00e1 durante su","canonical_url":"https:\/\/www.eldigitaldeasturias.com\/noticias\/john-kerry-viajara-a-seul-pekin-yakarta-y-abu-dhabi\/","robots":"max-image-preview:large","keywords":"actualidad","webmasterTools":{"google-site-verification":"UA-38556648-1","msvalidate.01":"7dfe9f3f1b24437ab69f4f2559babe99","miscellaneous":""},"schema":{"@context":"https:\/\/schema.org","@graph":[{"@type":"BlogPosting","@id":"https:\/\/www.eldigitaldeasturias.com\/noticias\/john-kerry-viajara-a-seul-pekin-yakarta-y-abu-dhabi\/#blogposting","name":"John Kerry viajar\u00e1 a Se\u00fal, Pek\u00edn, Yakarta y Abu Dhabi - El Digital de Asturias","headline":"John Kerry viajar\u00e1 a Se\u00fal, Pek\u00edn, Yakarta y Abu Dhabi","author":{"@id":"https:\/\/www.eldigitaldeasturias.com\/noticias\/author\/admin\/#author"},"publisher":{"@id":"https:\/\/www.eldigitaldeasturias.com\/noticias\/#organization"},"image":{"@type":"ImageObject","url":487749},"datePublished":"2014-02-10T14:25:47+01:00","dateModified":"2014-02-10T14:25:47+01:00","inLanguage":"es-ES","mainEntityOfPage":{"@id":"https:\/\/www.eldigitaldeasturias.com\/noticias\/john-kerry-viajara-a-seul-pekin-yakarta-y-abu-dhabi\/#webpage"},"isPartOf":{"@id":"https:\/\/www.eldigitaldeasturias.com\/noticias\/john-kerry-viajara-a-seul-pekin-yakarta-y-abu-dhabi\/#webpage"},"articleSection":"Actualidad"},{"@type":"BreadcrumbList","@id":"https:\/\/www.eldigitaldeasturias.com\/noticias\/john-kerry-viajara-a-seul-pekin-yakarta-y-abu-dhabi\/#breadcrumblist","itemListElement":[{"@type":"ListItem","@id":"https:\/\/www.eldigitaldeasturias.com\/noticias#listItem","position":1,"name":"Home","item":"https:\/\/www.eldigitaldeasturias.com\/noticias","nextItem":{"@type":"ListItem","@id":"https:\/\/www.eldigitaldeasturias.com\/noticias\/category\/actualidad\/#listItem","name":"Actualidad"}},{"@type":"ListItem","@id":"https:\/\/www.eldigitaldeasturias.com\/noticias\/category\/actualidad\/#listItem","position":2,"name":"Actualidad","item":"https:\/\/www.eldigitaldeasturias.com\/noticias\/category\/actualidad\/","nextItem":{"@type":"ListItem","@id":"https:\/\/www.eldigitaldeasturias.com\/noticias\/john-kerry-viajara-a-seul-pekin-yakarta-y-abu-dhabi\/#listItem","name":"John Kerry viajar\u00e1 a Se\u00fal, Pek\u00edn, Yakarta y Abu Dhabi"},"previousItem":{"@type":"ListItem","@id":"https:\/\/www.eldigitaldeasturias.com\/noticias#listItem","name":"Home"}},{"@type":"ListItem","@id":"https:\/\/www.eldigitaldeasturias.com\/noticias\/john-kerry-viajara-a-seul-pekin-yakarta-y-abu-dhabi\/#listItem","position":3,"name":"John Kerry viajar\u00e1 a Se\u00fal, Pek\u00edn, Yakarta y Abu Dhabi","previousItem":{"@type":"ListItem","@id":"https:\/\/www.eldigitaldeasturias.com\/noticias\/category\/actualidad\/#listItem","name":"Actualidad"}}]},{"@type":"Organization","@id":"https:\/\/www.eldigitaldeasturias.com\/noticias\/#organization","name":"El Digital de Asturias","description":"Hemeroteca","url":"https:\/\/www.eldigitaldeasturias.com\/noticias\/","email":"info@eldigitaldeasturias.com","telephone":"+34652131393","logo":{"@type":"ImageObject","url":"https:\/\/www.eldigitaldeasturias.com\/noticias\/wp-content\/uploads\/2020\/12\/EDA.jpg","@id":"https:\/\/www.eldigitaldeasturias.com\/noticias\/john-kerry-viajara-a-seul-pekin-yakarta-y-abu-dhabi\/#organizationLogo"},"image":{"@id":"https:\/\/www.eldigitaldeasturias.com\/noticias\/john-kerry-viajara-a-seul-pekin-yakarta-y-abu-dhabi\/#organizationLogo"},"sameAs":["https:\/\/facebook.com\/eldigitaldeasturias","https:\/\/www.youtube.com\/channel\/UCZP-2wLEB9Rv6erhFmqVnvg"],"address":{"@id":"https:\/\/www.eldigitaldeasturias.com\/noticias\/#postaladdress","@type":"PostalAddress","streetAddress":"san antonio 4","postalCode":"33430","addressLocality":"Cand\u00e1s","addressRegion":"Asturias","addressCountry":"ES"}},{"@type":"Person","@id":"https:\/\/www.eldigitaldeasturias.com\/noticias\/author\/admin\/#author","url":"https:\/\/www.eldigitaldeasturias.com\/noticias\/author\/admin\/","name":"El Digital de Asturias","image":{"@type":"ImageObject","@id":"https:\/\/www.eldigitaldeasturias.com\/noticias\/john-kerry-viajara-a-seul-pekin-yakarta-y-abu-dhabi\/#authorImage","url":"https:\/\/secure.gravatar.com\/avatar\/df2aeffc32bcd13f8d26072ef8a91b623d677766deac7f97ca815868cd41bf5e?s=96&d=mm&r=g","width":96,"height":96,"caption":"El Digital de Asturias"}},{"@type":"WebPage","@id":"https:\/\/www.eldigitaldeasturias.com\/noticias\/john-kerry-viajara-a-seul-pekin-yakarta-y-abu-dhabi\/#webpage","url":"https:\/\/www.eldigitaldeasturias.com\/noticias\/john-kerry-viajara-a-seul-pekin-yakarta-y-abu-dhabi\/","name":"John Kerry viajar\u00e1 a Se\u00fal, Pek\u00edn, Yakarta y Abu Dhabi - El Digital de Asturias","description":"Washington, 9 feb (EFE).- El jefe de la diplomacia estadounidense, John Kerry, viajar\u00e1 entre el 13 y 19 de este mes a Se\u00fal, Pek\u00edn, Yakarta y Abu Dhabi en el que supone su quinto viaje a Asia en el \u00faltimo a\u00f1o, inform\u00f3 hoy el Departamento de Estado. El titular de Exteriores estadounidense abordar\u00e1 durante su","inLanguage":"es-ES","isPartOf":{"@id":"https:\/\/www.eldigitaldeasturias.com\/noticias\/#website"},"breadcrumb":{"@id":"https:\/\/www.eldigitaldeasturias.com\/noticias\/john-kerry-viajara-a-seul-pekin-yakarta-y-abu-dhabi\/#breadcrumblist"},"author":{"@id":"https:\/\/www.eldigitaldeasturias.com\/noticias\/author\/admin\/#author"},"creator":{"@id":"https:\/\/www.eldigitaldeasturias.com\/noticias\/author\/admin\/#author"},"image":{"@type":"ImageObject","url":487749,"@id":"https:\/\/www.eldigitaldeasturias.com\/noticias\/john-kerry-viajara-a-seul-pekin-yakarta-y-abu-dhabi\/#mainImage"},"primaryImageOfPage":{"@id":"https:\/\/www.eldigitaldeasturias.com\/noticias\/john-kerry-viajara-a-seul-pekin-yakarta-y-abu-dhabi\/#mainImage"},"datePublished":"2014-02-10T14:25:47+01:00","dateModified":"2014-02-10T14:25:47+01:00"},{"@type":"WebSite","@id":"https:\/\/www.eldigitaldeasturias.com\/noticias\/#website","url":"https:\/\/www.eldigitaldeasturias.com\/noticias\/","name":"El Digital de Asturias - Diario de actualidad y noticias","alternateName":"El Digital de Asturias - Diario de actualidad y noticias","description":"Hemeroteca","inLanguage":"es-ES","publisher":{"@id":"https:\/\/www.eldigitaldeasturias.com\/noticias\/#organization"}}]},"og:locale":"es_ES","og:site_name":"El Digital de Asturias","og:type":"article","og:title":"John Kerry viajar\u00e1 a Se\u00fal, Pek\u00edn, Yakarta y Abu Dhabi - El Digital de Asturias","og:description":"Washington, 9 feb (EFE).- El jefe de la diplomacia estadounidense, John Kerry, viajar\u00e1 entre el 13 y 19 de este mes a Se\u00fal, Pek\u00edn, Yakarta y Abu Dhabi en el que supone su quinto viaje a Asia en el \u00faltimo a\u00f1o, inform\u00f3 hoy el Departamento de Estado. El titular de Exteriores estadounidense abordar\u00e1 durante su","og:url":"https:\/\/www.eldigitaldeasturias.com\/noticias\/john-kerry-viajara-a-seul-pekin-yakarta-y-abu-dhabi\/","article:tag":["actualidad"],"article:published_time":"2014-02-10T15:25:47+00:00","article:modified_time":"2014-02-10T15:25:47+00:00","article:publisher":"https:\/\/facebook.com\/eldigitaldeasturias","twitter:card":"summary_large_image","twitter:title":"John Kerry viajar\u00e1 a Se\u00fal, Pek\u00edn, Yakarta y Abu Dhabi - El Digital de Asturias","twitter:description":"Washington, 9 feb (EFE).- El jefe de la diplomacia estadounidense, John Kerry, viajar\u00e1 entre el 13 y 19 de este mes a Se\u00fal, Pek\u00edn, Yakarta y Abu Dhabi en el que supone su quinto viaje a Asia en el \u00faltimo a\u00f1o, inform\u00f3 hoy el Departamento de Estado. El titular de Exteriores estadounidense abordar\u00e1 durante su","twitter:label1":"Escrito por","twitter:data1":"El Digital de Asturias","twitter:label2":"Tiempo de lectura estimado","twitter:data2":"1 minuto"},"aioseo_meta_data":{"post_id":"487748","title":null,"description":null,"keywords":null,"keyphrases":null,"primary_term":null,"canonical_url":null,"og_title":null,"og_description":null,"og_object_type":"default","og_image_type":"default","og_image_url":null,"og_image_width":null,"og_image_height":null,"og_image_custom_url":null,"og_image_custom_fields":null,"og_video":null,"og_custom_url":null,"og_article_section":null,"og_article_tags":null,"twitter_use_og":true,"twitter_card":"default","twitter_image_type":"default","twitter_image_url":null,"twitter_image_custom_url":null,"twitter_image_custom_fields":null,"twitter_title":null,"twitter_description":null,"schema":{"blockGraphs":[],"customGraphs":[],"default":{"data":{"Article":[],"Course":[],"Dataset":[],"FAQPage":[],"Movie":[],"Person":[],"Product":[],"ProductReview":[],"Car":[],"Recipe":[],"Service":[],"SoftwareApplication":[],"WebPage":[]},"graphName":"","isEnabled":true},"graphs":[],"defaultGraph":"","defaultPostTypeGraph":""},"schema_type":null,"schema_type_options":null,"pillar_content":false,"robots_default":true,"robots_noindex":false,"robots_noarchive":false,"robots_nosnippet":false,"robots_nofollow":false,"robots_noimageindex":false,"robots_noodp":false,"robots_notranslate":false,"robots_max_snippet":null,"robots_max_videopreview":null,"robots_max_imagepreview":"none","priority":null,"frequency":null,"local_seo":null,"seo_analyzer_scan_date":"2026-06-03 05:43:01","breadcrumb_settings":null,"limit_modified_date":false,"open_ai":null,"ai":null,"created":"2020-11-14 22:56:59","updated":"2026-06-03 05:43:01","focus_keyword":null,"additional_keywords":null,"truseo_locale":null},"aioseo_breadcrumb":"<div class=\"aioseo-breadcrumbs\"><span class=\"aioseo-breadcrumb\">\n\t<a href=\"https:\/\/www.eldigitaldeasturias.com\/noticias\" title=\"Home\">Home<\/a>\n<\/span><span class=\"aioseo-breadcrumb-separator\">\u2013<\/span><span class=\"aioseo-breadcrumb\">\n\t<a href=\"https:\/\/www.eldigitaldeasturias.com\/noticias\/category\/actualidad\/\" title=\"Actualidad\">Actualidad<\/a>\n<\/span><span class=\"aioseo-breadcrumb-separator\">\u2013<\/span><span class=\"aioseo-breadcrumb\">\n\t<a href=\"https:\/\/www.eldigitaldeasturias.com\/noticias\/john-kerry-viajara-a-seul-pekin-yakarta-y-abu-dhabi\/\" title=\"John Kerry viajar\u00e1 a Se\u00fal, Pek\u00edn, Yakarta y Abu Dhabi\">John Kerry viajar\u00e1 a Se\u00fal, Pek\u00edn, Yakarta y Abu Dhabi<\/a>\n<\/span><\/div>","aioseo_breadcrumb_json":[{"label":"Home","link":"https:\/\/www.eldigitaldeasturias.com\/noticias"},{"label":"Actualidad","link":"https:\/\/www.eldigitaldeasturias.com\/noticias\/category\/actualidad\/"},{"label":"John Kerry viajar\u00e1 a Se\u00fal, Pek\u00edn, Yakarta y Abu Dhabi","link":"https:\/\/www.eldigitaldeasturias.com\/noticias\/john-kerry-viajara-a-seul-pekin-yakarta-y-abu-dhabi\/"}],"_links":{"self":[{"href":"https:\/\/www.eldigitaldeasturias.com\/noticias\/wp-json\/wp\/v2\/posts\/487748","targetHints":{"allow":["GET"]}}],"collection":[{"href":"https:\/\/www.eldigitaldeasturias.com\/noticias\/wp-json\/wp\/v2\/posts"}],"about":[{"href":"https:\/\/www.eldigitaldeasturias.com\/noticias\/wp-json\/wp\/v2\/types\/post"}],"author":[{"embeddable":true,"href":"https:\/\/www.eldigitaldeasturias.com\/noticias\/wp-json\/wp\/v2\/users\/1"}],"replies":[{"embeddable":true,"href":"https:\/\/www.eldigitaldeasturias.com\/noticias\/wp-json\/wp\/v2\/comments?post=487748"}],"version-history":[{"count":0,"href":"https:\/\/www.eldigitaldeasturias.com\/noticias\/wp-json\/wp\/v2\/posts\/487748\/revisions"}],"wp:attachment":[{"href":"https:\/\/www.eldigitaldeasturias.com\/noticias\/wp-json\/wp\/v2\/media?parent=487748"}],"wp:term":[{"taxonomy":"category","embeddable":true,"href":"https:\/\/www.eldigitaldeasturias.com\/noticias\/wp-json\/wp\/v2\/categories?post=487748"},{"taxonomy":"post_tag","embeddable":true,"href":"https:\/\/www.eldigitaldeasturias.com\/noticias\/wp-json\/wp\/v2\/tags?post=487748"}],"curies":[{"name":"wp","href":"https:\/\/api.w.org\/{rel}","templated":true}]}}