{"id":487664,"date":"2014-02-09T23:56:48","date_gmt":"2014-02-10T00:56:48","guid":{"rendered":"http:\/\/www.eldigitaldeasturias.com\/noticias\/?p=487664"},"modified":"2014-02-09T23:56:48","modified_gmt":"2014-02-10T00:56:48","slug":"miles-de-manifestantes-vuelven-a-salir-a-las-calles-de-kiev","status":"publish","type":"post","link":"https:\/\/www.eldigitaldeasturias.com\/noticias\/miles-de-manifestantes-vuelven-a-salir-a-las-calles-de-kiev\/","title":{"rendered":"Miles de manifestantes vuelven a salir a las calles de Kiev"},"content":{"rendered":"<p><img loading=\"lazy\" decoding=\"async\" class=\"alignleft size-medium wp-image-478695\" alt=\"5875616wucrania\" src=\"https:\/\/www.eldigitaldeasturias.com\/noticias\/wp-content\/uploads\/2014\/01\/5875616w3-360x197.jpg\" width=\"360\" height=\"197\" \/>Kiev, 9 feb (dpa) &#8211; Decenas de miles de ucranianos volvieron a desafiar hoy las bajas temperaturas en Kiev para salir a protestar en una marcha multitudinaria contra lo que consideran una injerencia de Rusia en la lucha de poder en Ucrania.<\/p>\n<p>\u00abNo s\u00f3lo tememos al presidente Viktor Yanukovich, sino tambi\u00e9n a quien le respalda, (el presidente ruso) Vladimir Putin\u00bb, dijo la reportera Tatiana Chornovol, que fue atacada a finales de diciembre por un comando violento.<\/p>\n<p>Yanukovich se reuni\u00f3 con Putin en Sochi en la noche del viernes durante la inauguraci\u00f3n de los Juegos Ol\u00edmpicos de invierno que all\u00ed se celebran, pero no se conocen los detalles del encuentro: El portavoz del Kremlin, Dmitri Peskov, hab\u00eda hablado antes de posibles \u00abayudas\u00bb de Rusia a Ucrania.<\/p>\n<p>En la manifestaci\u00f3n en la central plaza de la Independencia (Maidan), el l\u00edder de la oposici\u00f3n Vitali Klitschko volvi\u00f3 a exigir a la Uni\u00f3n Europea (UE) medidas de castigo contra Yanukovich.<\/p>\n<p>\u00abSanciones, sanciones\u00bb, gritaban los en torno a 30.000 manifestantes que desafiaban temperaturas bajo cero. Klitschko exigi\u00f3 a Yanukovich que se someta a sus preguntas en debate televisivo.<\/p>\n<p>A la manifestaci\u00f3n se conect\u00f3 por v\u00eda telef\u00f3nica el opositor Dmitri Bulatov, que se encuentra en Lituania donde est\u00e1 siendo tratado de los da\u00f1os sufridos por supuestos abusos de las autoridades.<\/p>\n<p>Bulatov, que calific\u00f3 a sus torturadores como \u00abenviados de Putin\u00bb, advirti\u00f3 tambi\u00e9n de la intervenci\u00f3n de Rusia en la grave crisis pol\u00edtica en la ex rep\u00fablica sovi\u00e9tica. Y ante una gran ovaci\u00f3n de la multitud, llam\u00f3 a los opositores a resistir.<\/p>\n<p>En un emotivo discurso, la cantante Ruslana, ganadora de Eurovisi\u00f3n en 2004, habl\u00f3 de amenazas a gran escala. \u00abM\u00e1rchate a Estados Unidos antes de que te eliminemos con un Kalashnikov\u00bb, dec\u00eda un SMS que recibi\u00f3 de un desconocido, cont\u00f3. Adem\u00e1s su casa est\u00e1 asediada por \u00abmatones\u00bb.<\/p>\n<p>Las protestas en Ucrania se desencadenaron en noviembre cuando Yanukovich se neg\u00f3 en \u00faltimo momento y por presi\u00f3n de Rusia a firmar un acuerdo de asociaci\u00f3n ya negociado con la Uni\u00f3n Europea. Las protestas se dirigieron enseguida contra su gobierno, que ha obtenido cr\u00e9ditos millonarios de Mosc\u00fa.<\/p>\n<p>El ministro de Finanzas ruso, Anton Siluanov, se\u00f1al\u00f3 sin embargo que Rusia congelar\u00eda de momento el pago de las ayudas a su vecino y que esperar\u00e1 a ver c\u00f3mo evoluciona la lucha de poder, tras la dimisi\u00f3n del gobierno ucraniano ante la presi\u00f3n de las protestas opositoras.<\/p>\n","protected":false},"excerpt":{"rendered":"<p>Kiev, 9 feb (dpa) &#8211; Decenas de miles de ucranianos volvieron a desafiar hoy las bajas temperaturas en Kiev para salir a protestar en una marcha multitudinaria contra lo que consideran una injerencia de Rusia en la lucha de poder en Ucrania. \u00abNo s\u00f3lo tememos al presidente Viktor Yanukovich, sino tambi\u00e9n a quien le respalda, [&hellip;]<\/p>\n","protected":false},"author":1,"featured_media":1132184,"comment_status":"open","ping_status":"open","sticky":false,"template":"","format":"standard","meta":{"footnotes":""},"categories":[1],"tags":[],"class_list":["post-487664","post","type-post","status-publish","format-standard","has-post-thumbnail","hentry","category-actualidad"],"aioseo_notices":[],"aioseo_head":"\n\t\t<!-- All in One SEO Pro 5.0.1 - aioseo.com -->\n\t<meta name=\"description\" content=\"Kiev, 9 feb (dpa) - Decenas de miles de ucranianos volvieron a desafiar hoy las bajas temperaturas en Kiev para salir a protestar en una marcha multitudinaria contra lo que consideran una injerencia de Rusia en la lucha de poder en Ucrania. &quot;No s\u00f3lo tememos al presidente Viktor Yanukovich, sino tambi\u00e9n a quien le respalda,\" \/>\n\t<meta name=\"robots\" content=\"max-image-preview:large\" \/>\n\t<meta name=\"author\" content=\"El Digital de Asturias\"\/>\n\t<meta name=\"google-site-verification\" content=\"UA-38556648-1\" \/>\n\t<meta name=\"msvalidate.01\" content=\"7dfe9f3f1b24437ab69f4f2559babe99\" \/>\n\t<meta name=\"keywords\" content=\"actualidad\" \/>\n\t<link rel=\"canonical\" href=\"https:\/\/www.eldigitaldeasturias.com\/noticias\/miles-de-manifestantes-vuelven-a-salir-a-las-calles-de-kiev\/\" \/>\n\t<meta name=\"generator\" content=\"All in One SEO Pro (AIOSEO) 5.0.1\" \/>\n\t\t<meta property=\"og:locale\" content=\"es_ES\" \/>\n\t\t<meta property=\"og:site_name\" content=\"El Digital de Asturias\" \/>\n\t\t<meta property=\"og:type\" content=\"article\" \/>\n\t\t<meta property=\"og:title\" content=\"Miles de manifestantes vuelven a salir a las calles de Kiev - El Digital de Asturias\" \/>\n\t\t<meta property=\"og:description\" content=\"Kiev, 9 feb (dpa) - Decenas de miles de ucranianos volvieron a desafiar hoy las bajas temperaturas en Kiev para salir a protestar en una marcha multitudinaria contra lo que consideran una injerencia de Rusia en la lucha de poder en Ucrania. &quot;No s\u00f3lo tememos al presidente Viktor Yanukovich, sino tambi\u00e9n a quien le respalda,\" \/>\n\t\t<meta property=\"og:url\" content=\"https:\/\/www.eldigitaldeasturias.com\/noticias\/miles-de-manifestantes-vuelven-a-salir-a-las-calles-de-kiev\/\" \/>\n\t\t<meta property=\"og:image\" content=\"https:\/\/www.eldigitaldeasturias.com\/noticias\/wp-content\/uploads\/2026\/06\/Contenidos.jpg\" \/>\n\t\t<meta property=\"og:image:secure_url\" content=\"https:\/\/www.eldigitaldeasturias.com\/noticias\/wp-content\/uploads\/2026\/06\/Contenidos.jpg\" \/>\n\t\t<meta property=\"og:image:width\" content=\"1265\" \/>\n\t\t<meta property=\"og:image:height\" content=\"697\" \/>\n\t\t<meta property=\"article:tag\" content=\"actualidad\" \/>\n\t\t<meta property=\"article:published_time\" content=\"2014-02-10T00:56:48+00:00\" \/>\n\t\t<meta property=\"article:modified_time\" content=\"2014-02-10T00:56:48+00:00\" \/>\n\t\t<meta property=\"article:publisher\" content=\"https:\/\/facebook.com\/eldigitaldeasturias\" \/>\n\t\t<meta name=\"twitter:card\" content=\"summary_large_image\" \/>\n\t\t<meta name=\"twitter:title\" content=\"Miles de manifestantes vuelven a salir a las calles de Kiev - El Digital de Asturias\" \/>\n\t\t<meta name=\"twitter:description\" content=\"Kiev, 9 feb (dpa) - Decenas de miles de ucranianos volvieron a desafiar hoy las bajas temperaturas en Kiev para salir a protestar en una marcha multitudinaria contra lo que consideran una injerencia de Rusia en la lucha de poder en Ucrania. &quot;No s\u00f3lo tememos al presidente Viktor Yanukovich, sino tambi\u00e9n a quien le respalda,\" \/>\n\t\t<meta name=\"twitter:image\" content=\"https:\/\/www.eldigitaldeasturias.com\/noticias\/wp-content\/uploads\/2026\/06\/Contenidos.jpg\" \/>\n\t\t<meta name=\"twitter:label1\" content=\"Escrito por\" \/>\n\t\t<meta name=\"twitter:data1\" content=\"El Digital de Asturias\" \/>\n\t\t<meta name=\"twitter:label2\" content=\"Tiempo de lectura estimado\" \/>\n\t\t<meta name=\"twitter:data2\" content=\"2 minutos\" \/>\n\t\t<script type=\"application\/ld+json\" class=\"aioseo-schema\">\n\t\t\t{\"@context\":\"https:\\\/\\\/schema.org\",\"@graph\":[{\"@type\":\"BlogPosting\",\"@id\":\"https:\\\/\\\/www.eldigitaldeasturias.com\\\/noticias\\\/miles-de-manifestantes-vuelven-a-salir-a-las-calles-de-kiev\\\/#blogposting\",\"name\":\"Miles de manifestantes vuelven a salir a las calles de Kiev - El Digital de Asturias\",\"headline\":\"Miles de manifestantes vuelven a salir a las calles de Kiev\",\"author\":{\"@id\":\"https:\\\/\\\/www.eldigitaldeasturias.com\\\/noticias\\\/author\\\/admin\\\/#author\"},\"publisher\":{\"@id\":\"https:\\\/\\\/www.eldigitaldeasturias.com\\\/noticias\\\/#organization\"},\"image\":{\"@type\":\"ImageObject\",\"url\":\"https:\\\/\\\/www.eldigitaldeasturias.com\\\/noticias\\\/wp-content\\\/uploads\\\/2026\\\/06\\\/Contenidos.jpg\",\"width\":1265,\"height\":697,\"caption\":\"Contenidos\"},\"datePublished\":\"2014-02-09T23:56:48+01:00\",\"dateModified\":\"2014-02-09T23:56:48+01:00\",\"inLanguage\":\"es-ES\",\"mainEntityOfPage\":{\"@id\":\"https:\\\/\\\/www.eldigitaldeasturias.com\\\/noticias\\\/miles-de-manifestantes-vuelven-a-salir-a-las-calles-de-kiev\\\/#webpage\"},\"isPartOf\":{\"@id\":\"https:\\\/\\\/www.eldigitaldeasturias.com\\\/noticias\\\/miles-de-manifestantes-vuelven-a-salir-a-las-calles-de-kiev\\\/#webpage\"},\"articleSection\":\"Actualidad\"},{\"@type\":\"BreadcrumbList\",\"@id\":\"https:\\\/\\\/www.eldigitaldeasturias.com\\\/noticias\\\/miles-de-manifestantes-vuelven-a-salir-a-las-calles-de-kiev\\\/#breadcrumblist\",\"itemListElement\":[{\"@type\":\"ListItem\",\"@id\":\"https:\\\/\\\/www.eldigitaldeasturias.com\\\/noticias#listItem\",\"position\":1,\"name\":\"Home\",\"item\":\"https:\\\/\\\/www.eldigitaldeasturias.com\\\/noticias\",\"nextItem\":{\"@type\":\"ListItem\",\"@id\":\"https:\\\/\\\/www.eldigitaldeasturias.com\\\/noticias\\\/category\\\/actualidad\\\/#listItem\",\"name\":\"Actualidad\"}},{\"@type\":\"ListItem\",\"@id\":\"https:\\\/\\\/www.eldigitaldeasturias.com\\\/noticias\\\/category\\\/actualidad\\\/#listItem\",\"position\":2,\"name\":\"Actualidad\",\"item\":\"https:\\\/\\\/www.eldigitaldeasturias.com\\\/noticias\\\/category\\\/actualidad\\\/\",\"nextItem\":{\"@type\":\"ListItem\",\"@id\":\"https:\\\/\\\/www.eldigitaldeasturias.com\\\/noticias\\\/miles-de-manifestantes-vuelven-a-salir-a-las-calles-de-kiev\\\/#listItem\",\"name\":\"Miles de manifestantes vuelven a salir a las calles de Kiev\"},\"previousItem\":{\"@type\":\"ListItem\",\"@id\":\"https:\\\/\\\/www.eldigitaldeasturias.com\\\/noticias#listItem\",\"name\":\"Home\"}},{\"@type\":\"ListItem\",\"@id\":\"https:\\\/\\\/www.eldigitaldeasturias.com\\\/noticias\\\/miles-de-manifestantes-vuelven-a-salir-a-las-calles-de-kiev\\\/#listItem\",\"position\":3,\"name\":\"Miles de manifestantes vuelven a salir a las calles de Kiev\",\"previousItem\":{\"@type\":\"ListItem\",\"@id\":\"https:\\\/\\\/www.eldigitaldeasturias.com\\\/noticias\\\/category\\\/actualidad\\\/#listItem\",\"name\":\"Actualidad\"}}]},{\"@type\":\"Organization\",\"@id\":\"https:\\\/\\\/www.eldigitaldeasturias.com\\\/noticias\\\/#organization\",\"name\":\"El Digital de Asturias\",\"description\":\"Hemeroteca\",\"url\":\"https:\\\/\\\/www.eldigitaldeasturias.com\\\/noticias\\\/\",\"email\":\"info@eldigitaldeasturias.com\",\"telephone\":\"+34652131393\",\"logo\":{\"@type\":\"ImageObject\",\"url\":\"https:\\\/\\\/www.eldigitaldeasturias.com\\\/noticias\\\/wp-content\\\/uploads\\\/2020\\\/12\\\/EDA.jpg\",\"@id\":\"https:\\\/\\\/www.eldigitaldeasturias.com\\\/noticias\\\/miles-de-manifestantes-vuelven-a-salir-a-las-calles-de-kiev\\\/#organizationLogo\"},\"image\":{\"@id\":\"https:\\\/\\\/www.eldigitaldeasturias.com\\\/noticias\\\/miles-de-manifestantes-vuelven-a-salir-a-las-calles-de-kiev\\\/#organizationLogo\"},\"sameAs\":[\"https:\\\/\\\/facebook.com\\\/eldigitaldeasturias\",\"https:\\\/\\\/www.youtube.com\\\/channel\\\/UCZP-2wLEB9Rv6erhFmqVnvg\"],\"address\":{\"@id\":\"https:\\\/\\\/www.eldigitaldeasturias.com\\\/noticias\\\/#postaladdress\",\"@type\":\"PostalAddress\",\"streetAddress\":\"san antonio 4\",\"postalCode\":\"33430\",\"addressLocality\":\"Cand\\u00e1s\",\"addressRegion\":\"Asturias\",\"addressCountry\":\"ES\"}},{\"@type\":\"Person\",\"@id\":\"https:\\\/\\\/www.eldigitaldeasturias.com\\\/noticias\\\/author\\\/admin\\\/#author\",\"url\":\"https:\\\/\\\/www.eldigitaldeasturias.com\\\/noticias\\\/author\\\/admin\\\/\",\"name\":\"El Digital de Asturias\",\"image\":{\"@type\":\"ImageObject\",\"@id\":\"https:\\\/\\\/www.eldigitaldeasturias.com\\\/noticias\\\/miles-de-manifestantes-vuelven-a-salir-a-las-calles-de-kiev\\\/#authorImage\",\"url\":\"https:\\\/\\\/secure.gravatar.com\\\/avatar\\\/df2aeffc32bcd13f8d26072ef8a91b623d677766deac7f97ca815868cd41bf5e?s=96&d=mm&r=g\",\"width\":96,\"height\":96,\"caption\":\"El Digital de Asturias\"}},{\"@type\":\"WebPage\",\"@id\":\"https:\\\/\\\/www.eldigitaldeasturias.com\\\/noticias\\\/miles-de-manifestantes-vuelven-a-salir-a-las-calles-de-kiev\\\/#webpage\",\"url\":\"https:\\\/\\\/www.eldigitaldeasturias.com\\\/noticias\\\/miles-de-manifestantes-vuelven-a-salir-a-las-calles-de-kiev\\\/\",\"name\":\"Miles de manifestantes vuelven a salir a las calles de Kiev - El Digital de Asturias\",\"description\":\"Kiev, 9 feb (dpa) - Decenas de miles de ucranianos volvieron a desafiar hoy las bajas temperaturas en Kiev para salir a protestar en una marcha multitudinaria contra lo que consideran una injerencia de Rusia en la lucha de poder en Ucrania. \\\"No s\\u00f3lo tememos al presidente Viktor Yanukovich, sino tambi\\u00e9n a quien le respalda,\",\"inLanguage\":\"es-ES\",\"isPartOf\":{\"@id\":\"https:\\\/\\\/www.eldigitaldeasturias.com\\\/noticias\\\/#website\"},\"breadcrumb\":{\"@id\":\"https:\\\/\\\/www.eldigitaldeasturias.com\\\/noticias\\\/miles-de-manifestantes-vuelven-a-salir-a-las-calles-de-kiev\\\/#breadcrumblist\"},\"author\":{\"@id\":\"https:\\\/\\\/www.eldigitaldeasturias.com\\\/noticias\\\/author\\\/admin\\\/#author\"},\"creator\":{\"@id\":\"https:\\\/\\\/www.eldigitaldeasturias.com\\\/noticias\\\/author\\\/admin\\\/#author\"},\"image\":{\"@type\":\"ImageObject\",\"url\":\"https:\\\/\\\/www.eldigitaldeasturias.com\\\/noticias\\\/wp-content\\\/uploads\\\/2026\\\/06\\\/Contenidos.jpg\",\"@id\":\"https:\\\/\\\/www.eldigitaldeasturias.com\\\/noticias\\\/miles-de-manifestantes-vuelven-a-salir-a-las-calles-de-kiev\\\/#mainImage\",\"width\":1265,\"height\":697,\"caption\":\"Contenidos\"},\"primaryImageOfPage\":{\"@id\":\"https:\\\/\\\/www.eldigitaldeasturias.com\\\/noticias\\\/miles-de-manifestantes-vuelven-a-salir-a-las-calles-de-kiev\\\/#mainImage\"},\"datePublished\":\"2014-02-09T23:56:48+01:00\",\"dateModified\":\"2014-02-09T23:56:48+01:00\"},{\"@type\":\"WebSite\",\"@id\":\"https:\\\/\\\/www.eldigitaldeasturias.com\\\/noticias\\\/#website\",\"url\":\"https:\\\/\\\/www.eldigitaldeasturias.com\\\/noticias\\\/\",\"name\":\"El Digital de Asturias - Diario de actualidad y noticias\",\"alternateName\":\"El Digital de Asturias - Diario de actualidad y noticias\",\"description\":\"Hemeroteca\",\"inLanguage\":\"es-ES\",\"publisher\":{\"@id\":\"https:\\\/\\\/www.eldigitaldeasturias.com\\\/noticias\\\/#organization\"}}]}\n\t\t<\/script>\n\t\t<!-- All in One SEO Pro -->\r\n\t\t<title>Miles de manifestantes vuelven a salir a las calles de Kiev - El Digital de Asturias<\/title>\n\n","aioseo_head_json":{"title":"Miles de manifestantes vuelven a salir a las calles de Kiev - El Digital de Asturias","description":"Kiev, 9 feb (dpa) - Decenas de miles de ucranianos volvieron a desafiar hoy las bajas temperaturas en Kiev para salir a protestar en una marcha multitudinaria contra lo que consideran una injerencia de Rusia en la lucha de poder en Ucrania. \"No s\u00f3lo tememos al presidente Viktor Yanukovich, sino tambi\u00e9n a quien le respalda,","canonical_url":"https:\/\/www.eldigitaldeasturias.com\/noticias\/miles-de-manifestantes-vuelven-a-salir-a-las-calles-de-kiev\/","robots":"max-image-preview:large","keywords":"actualidad","webmasterTools":{"google-site-verification":"UA-38556648-1","msvalidate.01":"7dfe9f3f1b24437ab69f4f2559babe99","miscellaneous":""},"schema":{"@context":"https:\/\/schema.org","@graph":[{"@type":"BlogPosting","@id":"https:\/\/www.eldigitaldeasturias.com\/noticias\/miles-de-manifestantes-vuelven-a-salir-a-las-calles-de-kiev\/#blogposting","name":"Miles de manifestantes vuelven a salir a las calles de Kiev - El Digital de Asturias","headline":"Miles de manifestantes vuelven a salir a las calles de Kiev","author":{"@id":"https:\/\/www.eldigitaldeasturias.com\/noticias\/author\/admin\/#author"},"publisher":{"@id":"https:\/\/www.eldigitaldeasturias.com\/noticias\/#organization"},"image":{"@type":"ImageObject","url":"https:\/\/www.eldigitaldeasturias.com\/noticias\/wp-content\/uploads\/2026\/06\/Contenidos.jpg","width":1265,"height":697,"caption":"Contenidos"},"datePublished":"2014-02-09T23:56:48+01:00","dateModified":"2014-02-09T23:56:48+01:00","inLanguage":"es-ES","mainEntityOfPage":{"@id":"https:\/\/www.eldigitaldeasturias.com\/noticias\/miles-de-manifestantes-vuelven-a-salir-a-las-calles-de-kiev\/#webpage"},"isPartOf":{"@id":"https:\/\/www.eldigitaldeasturias.com\/noticias\/miles-de-manifestantes-vuelven-a-salir-a-las-calles-de-kiev\/#webpage"},"articleSection":"Actualidad"},{"@type":"BreadcrumbList","@id":"https:\/\/www.eldigitaldeasturias.com\/noticias\/miles-de-manifestantes-vuelven-a-salir-a-las-calles-de-kiev\/#breadcrumblist","itemListElement":[{"@type":"ListItem","@id":"https:\/\/www.eldigitaldeasturias.com\/noticias#listItem","position":1,"name":"Home","item":"https:\/\/www.eldigitaldeasturias.com\/noticias","nextItem":{"@type":"ListItem","@id":"https:\/\/www.eldigitaldeasturias.com\/noticias\/category\/actualidad\/#listItem","name":"Actualidad"}},{"@type":"ListItem","@id":"https:\/\/www.eldigitaldeasturias.com\/noticias\/category\/actualidad\/#listItem","position":2,"name":"Actualidad","item":"https:\/\/www.eldigitaldeasturias.com\/noticias\/category\/actualidad\/","nextItem":{"@type":"ListItem","@id":"https:\/\/www.eldigitaldeasturias.com\/noticias\/miles-de-manifestantes-vuelven-a-salir-a-las-calles-de-kiev\/#listItem","name":"Miles de manifestantes vuelven a salir a las calles de Kiev"},"previousItem":{"@type":"ListItem","@id":"https:\/\/www.eldigitaldeasturias.com\/noticias#listItem","name":"Home"}},{"@type":"ListItem","@id":"https:\/\/www.eldigitaldeasturias.com\/noticias\/miles-de-manifestantes-vuelven-a-salir-a-las-calles-de-kiev\/#listItem","position":3,"name":"Miles de manifestantes vuelven a salir a las calles de Kiev","previousItem":{"@type":"ListItem","@id":"https:\/\/www.eldigitaldeasturias.com\/noticias\/category\/actualidad\/#listItem","name":"Actualidad"}}]},{"@type":"Organization","@id":"https:\/\/www.eldigitaldeasturias.com\/noticias\/#organization","name":"El Digital de Asturias","description":"Hemeroteca","url":"https:\/\/www.eldigitaldeasturias.com\/noticias\/","email":"info@eldigitaldeasturias.com","telephone":"+34652131393","logo":{"@type":"ImageObject","url":"https:\/\/www.eldigitaldeasturias.com\/noticias\/wp-content\/uploads\/2020\/12\/EDA.jpg","@id":"https:\/\/www.eldigitaldeasturias.com\/noticias\/miles-de-manifestantes-vuelven-a-salir-a-las-calles-de-kiev\/#organizationLogo"},"image":{"@id":"https:\/\/www.eldigitaldeasturias.com\/noticias\/miles-de-manifestantes-vuelven-a-salir-a-las-calles-de-kiev\/#organizationLogo"},"sameAs":["https:\/\/facebook.com\/eldigitaldeasturias","https:\/\/www.youtube.com\/channel\/UCZP-2wLEB9Rv6erhFmqVnvg"],"address":{"@id":"https:\/\/www.eldigitaldeasturias.com\/noticias\/#postaladdress","@type":"PostalAddress","streetAddress":"san antonio 4","postalCode":"33430","addressLocality":"Cand\u00e1s","addressRegion":"Asturias","addressCountry":"ES"}},{"@type":"Person","@id":"https:\/\/www.eldigitaldeasturias.com\/noticias\/author\/admin\/#author","url":"https:\/\/www.eldigitaldeasturias.com\/noticias\/author\/admin\/","name":"El Digital de Asturias","image":{"@type":"ImageObject","@id":"https:\/\/www.eldigitaldeasturias.com\/noticias\/miles-de-manifestantes-vuelven-a-salir-a-las-calles-de-kiev\/#authorImage","url":"https:\/\/secure.gravatar.com\/avatar\/df2aeffc32bcd13f8d26072ef8a91b623d677766deac7f97ca815868cd41bf5e?s=96&d=mm&r=g","width":96,"height":96,"caption":"El Digital de Asturias"}},{"@type":"WebPage","@id":"https:\/\/www.eldigitaldeasturias.com\/noticias\/miles-de-manifestantes-vuelven-a-salir-a-las-calles-de-kiev\/#webpage","url":"https:\/\/www.eldigitaldeasturias.com\/noticias\/miles-de-manifestantes-vuelven-a-salir-a-las-calles-de-kiev\/","name":"Miles de manifestantes vuelven a salir a las calles de Kiev - El Digital de Asturias","description":"Kiev, 9 feb (dpa) - Decenas de miles de ucranianos volvieron a desafiar hoy las bajas temperaturas en Kiev para salir a protestar en una marcha multitudinaria contra lo que consideran una injerencia de Rusia en la lucha de poder en Ucrania. \"No s\u00f3lo tememos al presidente Viktor Yanukovich, sino tambi\u00e9n a quien le respalda,","inLanguage":"es-ES","isPartOf":{"@id":"https:\/\/www.eldigitaldeasturias.com\/noticias\/#website"},"breadcrumb":{"@id":"https:\/\/www.eldigitaldeasturias.com\/noticias\/miles-de-manifestantes-vuelven-a-salir-a-las-calles-de-kiev\/#breadcrumblist"},"author":{"@id":"https:\/\/www.eldigitaldeasturias.com\/noticias\/author\/admin\/#author"},"creator":{"@id":"https:\/\/www.eldigitaldeasturias.com\/noticias\/author\/admin\/#author"},"image":{"@type":"ImageObject","url":"https:\/\/www.eldigitaldeasturias.com\/noticias\/wp-content\/uploads\/2026\/06\/Contenidos.jpg","@id":"https:\/\/www.eldigitaldeasturias.com\/noticias\/miles-de-manifestantes-vuelven-a-salir-a-las-calles-de-kiev\/#mainImage","width":1265,"height":697,"caption":"Contenidos"},"primaryImageOfPage":{"@id":"https:\/\/www.eldigitaldeasturias.com\/noticias\/miles-de-manifestantes-vuelven-a-salir-a-las-calles-de-kiev\/#mainImage"},"datePublished":"2014-02-09T23:56:48+01:00","dateModified":"2014-02-09T23:56:48+01:00"},{"@type":"WebSite","@id":"https:\/\/www.eldigitaldeasturias.com\/noticias\/#website","url":"https:\/\/www.eldigitaldeasturias.com\/noticias\/","name":"El Digital de Asturias - Diario de actualidad y noticias","alternateName":"El Digital de Asturias - Diario de actualidad y noticias","description":"Hemeroteca","inLanguage":"es-ES","publisher":{"@id":"https:\/\/www.eldigitaldeasturias.com\/noticias\/#organization"}}]},"og:locale":"es_ES","og:site_name":"El Digital de Asturias","og:type":"article","og:title":"Miles de manifestantes vuelven a salir a las calles de Kiev - El Digital de Asturias","og:description":"Kiev, 9 feb (dpa) - Decenas de miles de ucranianos volvieron a desafiar hoy las bajas temperaturas en Kiev para salir a protestar en una marcha multitudinaria contra lo que consideran una injerencia de Rusia en la lucha de poder en Ucrania. &quot;No s\u00f3lo tememos al presidente Viktor Yanukovich, sino tambi\u00e9n a quien le respalda,","og:url":"https:\/\/www.eldigitaldeasturias.com\/noticias\/miles-de-manifestantes-vuelven-a-salir-a-las-calles-de-kiev\/","og:image":"https:\/\/www.eldigitaldeasturias.com\/noticias\/wp-content\/uploads\/2026\/06\/Contenidos.jpg","og:image:secure_url":"https:\/\/www.eldigitaldeasturias.com\/noticias\/wp-content\/uploads\/2026\/06\/Contenidos.jpg","og:image:width":1265,"og:image:height":697,"article:tag":["actualidad"],"article:published_time":"2014-02-10T00:56:48+00:00","article:modified_time":"2014-02-10T00:56:48+00:00","article:publisher":"https:\/\/facebook.com\/eldigitaldeasturias","twitter:card":"summary_large_image","twitter:title":"Miles de manifestantes vuelven a salir a las calles de Kiev - El Digital de Asturias","twitter:description":"Kiev, 9 feb (dpa) - Decenas de miles de ucranianos volvieron a desafiar hoy las bajas temperaturas en Kiev para salir a protestar en una marcha multitudinaria contra lo que consideran una injerencia de Rusia en la lucha de poder en Ucrania. &quot;No s\u00f3lo tememos al presidente Viktor Yanukovich, sino tambi\u00e9n a quien le respalda,","twitter:image":"https:\/\/www.eldigitaldeasturias.com\/noticias\/wp-content\/uploads\/2026\/06\/Contenidos.jpg","twitter:label1":"Escrito por","twitter:data1":"El Digital de Asturias","twitter:label2":"Tiempo de lectura estimado","twitter:data2":"2 minutos"},"aioseo_meta_data":{"post_id":"487664","title":null,"description":null,"keywords":null,"keyphrases":null,"primary_term":null,"canonical_url":null,"og_title":null,"og_description":null,"og_object_type":"default","og_image_type":"default","og_image_url":null,"og_image_width":null,"og_image_height":null,"og_image_custom_url":null,"og_image_custom_fields":null,"og_video":null,"og_custom_url":null,"og_article_section":null,"og_article_tags":null,"twitter_use_og":true,"twitter_card":"default","twitter_image_type":"default","twitter_image_url":null,"twitter_image_custom_url":null,"twitter_image_custom_fields":null,"twitter_title":null,"twitter_description":null,"schema":{"blockGraphs":[],"customGraphs":[],"default":{"data":{"Article":[],"Course":[],"Dataset":[],"FAQPage":[],"Movie":[],"Person":[],"Product":[],"ProductReview":[],"Car":[],"Recipe":[],"Service":[],"SoftwareApplication":[],"WebPage":[]},"graphName":"","isEnabled":true},"graphs":[],"defaultGraph":"","defaultPostTypeGraph":""},"schema_type":null,"schema_type_options":null,"pillar_content":false,"robots_default":true,"robots_noindex":false,"robots_noarchive":false,"robots_nosnippet":false,"robots_nofollow":false,"robots_noimageindex":false,"robots_noodp":false,"robots_notranslate":false,"robots_max_snippet":null,"robots_max_videopreview":null,"robots_max_imagepreview":"none","priority":null,"frequency":null,"local_seo":null,"seo_analyzer_scan_date":"2026-06-03 05:27:01","breadcrumb_settings":null,"limit_modified_date":false,"open_ai":null,"ai":null,"created":"2020-11-14 22:56:58","updated":"2026-06-03 05:27:01","focus_keyword":null,"additional_keywords":null,"truseo_locale":null},"aioseo_breadcrumb":"<div class=\"aioseo-breadcrumbs\"><span class=\"aioseo-breadcrumb\">\n\t<a href=\"https:\/\/www.eldigitaldeasturias.com\/noticias\" title=\"Home\">Home<\/a>\n<\/span><span class=\"aioseo-breadcrumb-separator\">\u2013<\/span><span class=\"aioseo-breadcrumb\">\n\t<a href=\"https:\/\/www.eldigitaldeasturias.com\/noticias\/category\/actualidad\/\" title=\"Actualidad\">Actualidad<\/a>\n<\/span><span class=\"aioseo-breadcrumb-separator\">\u2013<\/span><span class=\"aioseo-breadcrumb\">\n\t<a href=\"https:\/\/www.eldigitaldeasturias.com\/noticias\/miles-de-manifestantes-vuelven-a-salir-a-las-calles-de-kiev\/\" title=\"Miles de manifestantes vuelven a salir a las calles de Kiev\">Miles de manifestantes vuelven a salir a las calles de Kiev<\/a>\n<\/span><\/div>","aioseo_breadcrumb_json":[{"label":"Home","link":"https:\/\/www.eldigitaldeasturias.com\/noticias"},{"label":"Actualidad","link":"https:\/\/www.eldigitaldeasturias.com\/noticias\/category\/actualidad\/"},{"label":"Miles de manifestantes vuelven a salir a las calles de Kiev","link":"https:\/\/www.eldigitaldeasturias.com\/noticias\/miles-de-manifestantes-vuelven-a-salir-a-las-calles-de-kiev\/"}],"_links":{"self":[{"href":"https:\/\/www.eldigitaldeasturias.com\/noticias\/wp-json\/wp\/v2\/posts\/487664","targetHints":{"allow":["GET"]}}],"collection":[{"href":"https:\/\/www.eldigitaldeasturias.com\/noticias\/wp-json\/wp\/v2\/posts"}],"about":[{"href":"https:\/\/www.eldigitaldeasturias.com\/noticias\/wp-json\/wp\/v2\/types\/post"}],"author":[{"embeddable":true,"href":"https:\/\/www.eldigitaldeasturias.com\/noticias\/wp-json\/wp\/v2\/users\/1"}],"replies":[{"embeddable":true,"href":"https:\/\/www.eldigitaldeasturias.com\/noticias\/wp-json\/wp\/v2\/comments?post=487664"}],"version-history":[{"count":0,"href":"https:\/\/www.eldigitaldeasturias.com\/noticias\/wp-json\/wp\/v2\/posts\/487664\/revisions"}],"wp:featuredmedia":[{"embeddable":true,"href":"https:\/\/www.eldigitaldeasturias.com\/noticias\/wp-json\/wp\/v2\/media\/1132184"}],"wp:attachment":[{"href":"https:\/\/www.eldigitaldeasturias.com\/noticias\/wp-json\/wp\/v2\/media?parent=487664"}],"wp:term":[{"taxonomy":"category","embeddable":true,"href":"https:\/\/www.eldigitaldeasturias.com\/noticias\/wp-json\/wp\/v2\/categories?post=487664"},{"taxonomy":"post_tag","embeddable":true,"href":"https:\/\/www.eldigitaldeasturias.com\/noticias\/wp-json\/wp\/v2\/tags?post=487664"}],"curies":[{"name":"wp","href":"https:\/\/api.w.org\/{rel}","templated":true}]}}