{"id":487658,"date":"2014-02-09T23:49:05","date_gmt":"2014-02-10T00:49:05","guid":{"rendered":"http:\/\/www.eldigitaldeasturias.com\/noticias\/?p=487658"},"modified":"2014-02-09T23:49:05","modified_gmt":"2014-02-10T00:49:05","slug":"alianza-del-pacifico-y-su-reto-de-integracion","status":"publish","type":"post","link":"https:\/\/www.eldigitaldeasturias.com\/noticias\/alianza-del-pacifico-y-su-reto-de-integracion\/","title":{"rendered":"Alianza del Pac\u00edfico y su reto de integraci\u00f3n"},"content":{"rendered":"<p><img loading=\"lazy\" decoding=\"async\" class=\"alignleft size-medium wp-image-487617\" alt=\"5926265w\" src=\"https:\/\/www.eldigitaldeasturias.com\/noticias\/wp-content\/uploads\/2014\/02\/5926265w-360x227.jpg\" width=\"360\" height=\"227\" \/>Cartagena de Indias (Colombia), 9 feb (dpa) &#8211; La Alianza del Pac\u00edfico surgi\u00f3 en Lima en abril de 2011 y se constituy\u00f3 formalmente en junio de 2012 mediante un Acuerdo Marco, con el objetivo de formar entre Colombia, Chile, M\u00e9xico y Per\u00fa una zona de libre circulaci\u00f3n de bienes, servicios, capitales y personas.<\/p>\n<p>Sus socios ya lograron la libre circulaci\u00f3n de personas, pues el a\u00f1o pasado M\u00e9xico dio el \u00faltimo paso para suprimir el visado para colombianos y peruanos, y el reto ahora es llegar a un libre comercio total a m\u00e1s tardar en 17 a\u00f1os.<\/p>\n<p>Los presidentes Juan Manuel Santos (Colombia), Sebasti\u00e1n Pi\u00f1era (Chile), Enrique Pe\u00f1a Nieto (M\u00e9xico) y Ollanta Humala (Per\u00fa) firmar\u00e1n ma\u00f1ana en Cartagena de Indias un Protocolo Adicional al Acuerdo Marco con el cual se desgravar\u00e1 el 92 por ciento de los productos que comercian entre s\u00ed sus miembros. El restante ocho por ciento llegar\u00e1 al arancel cero hasta en 17 a\u00f1os.<\/p>\n<p>El bloque no solo busca estrechar sus v\u00ednculos, sino tambi\u00e9n proyectar sus exportaciones, b\u00e1sicamente hacia los pa\u00edses asi\u00e1ticos con los que se conecta por el oc\u00e9ano Pac\u00edfico.<\/p>\n<p>Colombia, Chile, M\u00e9xico y Per\u00fa tienen una poblaci\u00f3n de 212 millones de habitantes, cerca del 35 por ciento de Am\u00e9rica Latina, con un Producto Interno Bruto (PIB) por habitante cercano a los 10.000 d\u00f3lares. Si fuera un solo pa\u00eds, el bloque ser\u00eda la octava econom\u00eda del mundo.<\/p>\n<p>La tasa promedio del crecimiento econ\u00f3mico de los socios de la Alianza del Pac\u00edfico fue en promedio del cinco por ciento en 2012, superior al mundial de 2,2 por ciento para ese a\u00f1o, seg\u00fan cifras del gobierno colombiano.<\/p>\n<p>El \u00edndice promedio de desempleo de los cuatro pa\u00edses es de 7,0 por ciento y el de inflaci\u00f3n fue de 2,7 por ciento en 2012.<\/p>\n<p>Colombia, Chile, M\u00e9xico y Per\u00fa constituyen el 36 por ciento del Producto Interno Bruto de Am\u00e9rica Latina y representaron en 2012 el 50 por ciento del comercio exterior de la regi\u00f3n.<\/p>\n","protected":false},"excerpt":{"rendered":"<p>Cartagena de Indias (Colombia), 9 feb (dpa) &#8211; La Alianza del Pac\u00edfico surgi\u00f3 en Lima en abril de 2011 y se constituy\u00f3 formalmente en junio de 2012 mediante un Acuerdo Marco, con el objetivo de formar entre Colombia, Chile, M\u00e9xico y Per\u00fa una zona de libre circulaci\u00f3n de bienes, servicios, capitales y personas. Sus socios [&hellip;]<\/p>\n","protected":false},"author":1,"featured_media":487617,"comment_status":"open","ping_status":"open","sticky":false,"template":"","format":"standard","meta":{"footnotes":""},"categories":[1],"tags":[],"class_list":["post-487658","post","type-post","status-publish","format-standard","has-post-thumbnail","hentry","category-actualidad"],"aioseo_notices":[],"aioseo_head":"\n\t\t<!-- All in One SEO Pro 5.0.1 - aioseo.com -->\n\t<meta name=\"description\" content=\"Cartagena de Indias (Colombia), 9 feb (dpa) - La Alianza del Pac\u00edfico surgi\u00f3 en Lima en abril de 2011 y se constituy\u00f3 formalmente en junio de 2012 mediante un Acuerdo Marco, con el objetivo de formar entre Colombia, Chile, M\u00e9xico y Per\u00fa una zona de libre circulaci\u00f3n de bienes, servicios, capitales y personas. Sus socios\" \/>\n\t<meta name=\"robots\" content=\"max-image-preview:large\" \/>\n\t<meta name=\"author\" content=\"El Digital de Asturias\"\/>\n\t<meta name=\"google-site-verification\" content=\"UA-38556648-1\" \/>\n\t<meta name=\"msvalidate.01\" content=\"7dfe9f3f1b24437ab69f4f2559babe99\" \/>\n\t<meta name=\"keywords\" content=\"actualidad\" \/>\n\t<link rel=\"canonical\" href=\"https:\/\/www.eldigitaldeasturias.com\/noticias\/alianza-del-pacifico-y-su-reto-de-integracion\/\" \/>\n\t<meta name=\"generator\" content=\"All in One SEO Pro (AIOSEO) 5.0.1\" \/>\n\t\t<meta property=\"og:locale\" content=\"es_ES\" \/>\n\t\t<meta property=\"og:site_name\" content=\"El Digital de Asturias\" \/>\n\t\t<meta property=\"og:type\" content=\"article\" \/>\n\t\t<meta property=\"og:title\" content=\"Alianza del Pac\u00edfico y su reto de integraci\u00f3n - El Digital de Asturias\" \/>\n\t\t<meta property=\"og:description\" content=\"Cartagena de Indias (Colombia), 9 feb (dpa) - La Alianza del Pac\u00edfico surgi\u00f3 en Lima en abril de 2011 y se constituy\u00f3 formalmente en junio de 2012 mediante un Acuerdo Marco, con el objetivo de formar entre Colombia, Chile, M\u00e9xico y Per\u00fa una zona de libre circulaci\u00f3n de bienes, servicios, capitales y personas. Sus socios\" \/>\n\t\t<meta property=\"og:url\" content=\"https:\/\/www.eldigitaldeasturias.com\/noticias\/alianza-del-pacifico-y-su-reto-de-integracion\/\" \/>\n\t\t<meta property=\"article:tag\" content=\"actualidad\" \/>\n\t\t<meta property=\"article:published_time\" content=\"2014-02-10T00:49:05+00:00\" \/>\n\t\t<meta property=\"article:modified_time\" content=\"2014-02-10T00:49:05+00:00\" \/>\n\t\t<meta property=\"article:publisher\" content=\"https:\/\/facebook.com\/eldigitaldeasturias\" \/>\n\t\t<meta name=\"twitter:card\" content=\"summary_large_image\" \/>\n\t\t<meta name=\"twitter:title\" content=\"Alianza del Pac\u00edfico y su reto de integraci\u00f3n - El Digital de Asturias\" \/>\n\t\t<meta name=\"twitter:description\" content=\"Cartagena de Indias (Colombia), 9 feb (dpa) - La Alianza del Pac\u00edfico surgi\u00f3 en Lima en abril de 2011 y se constituy\u00f3 formalmente en junio de 2012 mediante un Acuerdo Marco, con el objetivo de formar entre Colombia, Chile, M\u00e9xico y Per\u00fa una zona de libre circulaci\u00f3n de bienes, servicios, capitales y personas. Sus socios\" \/>\n\t\t<meta name=\"twitter:label1\" content=\"Escrito por\" \/>\n\t\t<meta name=\"twitter:data1\" content=\"El Digital de Asturias\" \/>\n\t\t<meta name=\"twitter:label2\" content=\"Tiempo de lectura estimado\" \/>\n\t\t<meta name=\"twitter:data2\" content=\"2 minutos\" \/>\n\t\t<script type=\"application\/ld+json\" class=\"aioseo-schema\">\n\t\t\t{\"@context\":\"https:\\\/\\\/schema.org\",\"@graph\":[{\"@type\":\"BlogPosting\",\"@id\":\"https:\\\/\\\/www.eldigitaldeasturias.com\\\/noticias\\\/alianza-del-pacifico-y-su-reto-de-integracion\\\/#blogposting\",\"name\":\"Alianza del Pac\\u00edfico y su reto de integraci\\u00f3n - El Digital de Asturias\",\"headline\":\"Alianza del Pac\\u00edfico y su reto de integraci\\u00f3n\",\"author\":{\"@id\":\"https:\\\/\\\/www.eldigitaldeasturias.com\\\/noticias\\\/author\\\/admin\\\/#author\"},\"publisher\":{\"@id\":\"https:\\\/\\\/www.eldigitaldeasturias.com\\\/noticias\\\/#organization\"},\"image\":{\"@type\":\"ImageObject\",\"url\":487617},\"datePublished\":\"2014-02-09T23:49:05+01:00\",\"dateModified\":\"2014-02-09T23:49:05+01:00\",\"inLanguage\":\"es-ES\",\"mainEntityOfPage\":{\"@id\":\"https:\\\/\\\/www.eldigitaldeasturias.com\\\/noticias\\\/alianza-del-pacifico-y-su-reto-de-integracion\\\/#webpage\"},\"isPartOf\":{\"@id\":\"https:\\\/\\\/www.eldigitaldeasturias.com\\\/noticias\\\/alianza-del-pacifico-y-su-reto-de-integracion\\\/#webpage\"},\"articleSection\":\"Actualidad\"},{\"@type\":\"BreadcrumbList\",\"@id\":\"https:\\\/\\\/www.eldigitaldeasturias.com\\\/noticias\\\/alianza-del-pacifico-y-su-reto-de-integracion\\\/#breadcrumblist\",\"itemListElement\":[{\"@type\":\"ListItem\",\"@id\":\"https:\\\/\\\/www.eldigitaldeasturias.com\\\/noticias#listItem\",\"position\":1,\"name\":\"Home\",\"item\":\"https:\\\/\\\/www.eldigitaldeasturias.com\\\/noticias\",\"nextItem\":{\"@type\":\"ListItem\",\"@id\":\"https:\\\/\\\/www.eldigitaldeasturias.com\\\/noticias\\\/category\\\/actualidad\\\/#listItem\",\"name\":\"Actualidad\"}},{\"@type\":\"ListItem\",\"@id\":\"https:\\\/\\\/www.eldigitaldeasturias.com\\\/noticias\\\/category\\\/actualidad\\\/#listItem\",\"position\":2,\"name\":\"Actualidad\",\"item\":\"https:\\\/\\\/www.eldigitaldeasturias.com\\\/noticias\\\/category\\\/actualidad\\\/\",\"nextItem\":{\"@type\":\"ListItem\",\"@id\":\"https:\\\/\\\/www.eldigitaldeasturias.com\\\/noticias\\\/alianza-del-pacifico-y-su-reto-de-integracion\\\/#listItem\",\"name\":\"Alianza del Pac\\u00edfico y su reto de integraci\\u00f3n\"},\"previousItem\":{\"@type\":\"ListItem\",\"@id\":\"https:\\\/\\\/www.eldigitaldeasturias.com\\\/noticias#listItem\",\"name\":\"Home\"}},{\"@type\":\"ListItem\",\"@id\":\"https:\\\/\\\/www.eldigitaldeasturias.com\\\/noticias\\\/alianza-del-pacifico-y-su-reto-de-integracion\\\/#listItem\",\"position\":3,\"name\":\"Alianza del Pac\\u00edfico y su reto de integraci\\u00f3n\",\"previousItem\":{\"@type\":\"ListItem\",\"@id\":\"https:\\\/\\\/www.eldigitaldeasturias.com\\\/noticias\\\/category\\\/actualidad\\\/#listItem\",\"name\":\"Actualidad\"}}]},{\"@type\":\"Organization\",\"@id\":\"https:\\\/\\\/www.eldigitaldeasturias.com\\\/noticias\\\/#organization\",\"name\":\"El Digital de Asturias\",\"description\":\"Hemeroteca\",\"url\":\"https:\\\/\\\/www.eldigitaldeasturias.com\\\/noticias\\\/\",\"email\":\"info@eldigitaldeasturias.com\",\"telephone\":\"+34652131393\",\"logo\":{\"@type\":\"ImageObject\",\"url\":\"https:\\\/\\\/www.eldigitaldeasturias.com\\\/noticias\\\/wp-content\\\/uploads\\\/2020\\\/12\\\/EDA.jpg\",\"@id\":\"https:\\\/\\\/www.eldigitaldeasturias.com\\\/noticias\\\/alianza-del-pacifico-y-su-reto-de-integracion\\\/#organizationLogo\"},\"image\":{\"@id\":\"https:\\\/\\\/www.eldigitaldeasturias.com\\\/noticias\\\/alianza-del-pacifico-y-su-reto-de-integracion\\\/#organizationLogo\"},\"sameAs\":[\"https:\\\/\\\/facebook.com\\\/eldigitaldeasturias\",\"https:\\\/\\\/www.youtube.com\\\/channel\\\/UCZP-2wLEB9Rv6erhFmqVnvg\"],\"address\":{\"@id\":\"https:\\\/\\\/www.eldigitaldeasturias.com\\\/noticias\\\/#postaladdress\",\"@type\":\"PostalAddress\",\"streetAddress\":\"san antonio 4\",\"postalCode\":\"33430\",\"addressLocality\":\"Cand\\u00e1s\",\"addressRegion\":\"Asturias\",\"addressCountry\":\"ES\"}},{\"@type\":\"Person\",\"@id\":\"https:\\\/\\\/www.eldigitaldeasturias.com\\\/noticias\\\/author\\\/admin\\\/#author\",\"url\":\"https:\\\/\\\/www.eldigitaldeasturias.com\\\/noticias\\\/author\\\/admin\\\/\",\"name\":\"El Digital de Asturias\",\"image\":{\"@type\":\"ImageObject\",\"@id\":\"https:\\\/\\\/www.eldigitaldeasturias.com\\\/noticias\\\/alianza-del-pacifico-y-su-reto-de-integracion\\\/#authorImage\",\"url\":\"https:\\\/\\\/secure.gravatar.com\\\/avatar\\\/df2aeffc32bcd13f8d26072ef8a91b623d677766deac7f97ca815868cd41bf5e?s=96&d=mm&r=g\",\"width\":96,\"height\":96,\"caption\":\"El Digital de Asturias\"}},{\"@type\":\"WebPage\",\"@id\":\"https:\\\/\\\/www.eldigitaldeasturias.com\\\/noticias\\\/alianza-del-pacifico-y-su-reto-de-integracion\\\/#webpage\",\"url\":\"https:\\\/\\\/www.eldigitaldeasturias.com\\\/noticias\\\/alianza-del-pacifico-y-su-reto-de-integracion\\\/\",\"name\":\"Alianza del Pac\\u00edfico y su reto de integraci\\u00f3n - El Digital de Asturias\",\"description\":\"Cartagena de Indias (Colombia), 9 feb (dpa) - La Alianza del Pac\\u00edfico surgi\\u00f3 en Lima en abril de 2011 y se constituy\\u00f3 formalmente en junio de 2012 mediante un Acuerdo Marco, con el objetivo de formar entre Colombia, Chile, M\\u00e9xico y Per\\u00fa una zona de libre circulaci\\u00f3n de bienes, servicios, capitales y personas. Sus socios\",\"inLanguage\":\"es-ES\",\"isPartOf\":{\"@id\":\"https:\\\/\\\/www.eldigitaldeasturias.com\\\/noticias\\\/#website\"},\"breadcrumb\":{\"@id\":\"https:\\\/\\\/www.eldigitaldeasturias.com\\\/noticias\\\/alianza-del-pacifico-y-su-reto-de-integracion\\\/#breadcrumblist\"},\"author\":{\"@id\":\"https:\\\/\\\/www.eldigitaldeasturias.com\\\/noticias\\\/author\\\/admin\\\/#author\"},\"creator\":{\"@id\":\"https:\\\/\\\/www.eldigitaldeasturias.com\\\/noticias\\\/author\\\/admin\\\/#author\"},\"image\":{\"@type\":\"ImageObject\",\"url\":487617,\"@id\":\"https:\\\/\\\/www.eldigitaldeasturias.com\\\/noticias\\\/alianza-del-pacifico-y-su-reto-de-integracion\\\/#mainImage\"},\"primaryImageOfPage\":{\"@id\":\"https:\\\/\\\/www.eldigitaldeasturias.com\\\/noticias\\\/alianza-del-pacifico-y-su-reto-de-integracion\\\/#mainImage\"},\"datePublished\":\"2014-02-09T23:49:05+01:00\",\"dateModified\":\"2014-02-09T23:49:05+01:00\"},{\"@type\":\"WebSite\",\"@id\":\"https:\\\/\\\/www.eldigitaldeasturias.com\\\/noticias\\\/#website\",\"url\":\"https:\\\/\\\/www.eldigitaldeasturias.com\\\/noticias\\\/\",\"name\":\"El Digital de Asturias - Diario de actualidad y noticias\",\"alternateName\":\"El Digital de Asturias - Diario de actualidad y noticias\",\"description\":\"Hemeroteca\",\"inLanguage\":\"es-ES\",\"publisher\":{\"@id\":\"https:\\\/\\\/www.eldigitaldeasturias.com\\\/noticias\\\/#organization\"}}]}\n\t\t<\/script>\n\t\t<!-- All in One SEO Pro -->\r\n\t\t<title>Alianza del Pac\u00edfico y su reto de integraci\u00f3n - El Digital de Asturias<\/title>\n\n","aioseo_head_json":{"title":"Alianza del Pac\u00edfico y su reto de integraci\u00f3n - El Digital de Asturias","description":"Cartagena de Indias (Colombia), 9 feb (dpa) - La Alianza del Pac\u00edfico surgi\u00f3 en Lima en abril de 2011 y se constituy\u00f3 formalmente en junio de 2012 mediante un Acuerdo Marco, con el objetivo de formar entre Colombia, Chile, M\u00e9xico y Per\u00fa una zona de libre circulaci\u00f3n de bienes, servicios, capitales y personas. Sus socios","canonical_url":"https:\/\/www.eldigitaldeasturias.com\/noticias\/alianza-del-pacifico-y-su-reto-de-integracion\/","robots":"max-image-preview:large","keywords":"actualidad","webmasterTools":{"google-site-verification":"UA-38556648-1","msvalidate.01":"7dfe9f3f1b24437ab69f4f2559babe99","miscellaneous":""},"schema":{"@context":"https:\/\/schema.org","@graph":[{"@type":"BlogPosting","@id":"https:\/\/www.eldigitaldeasturias.com\/noticias\/alianza-del-pacifico-y-su-reto-de-integracion\/#blogposting","name":"Alianza del Pac\u00edfico y su reto de integraci\u00f3n - El Digital de Asturias","headline":"Alianza del Pac\u00edfico y su reto de integraci\u00f3n","author":{"@id":"https:\/\/www.eldigitaldeasturias.com\/noticias\/author\/admin\/#author"},"publisher":{"@id":"https:\/\/www.eldigitaldeasturias.com\/noticias\/#organization"},"image":{"@type":"ImageObject","url":487617},"datePublished":"2014-02-09T23:49:05+01:00","dateModified":"2014-02-09T23:49:05+01:00","inLanguage":"es-ES","mainEntityOfPage":{"@id":"https:\/\/www.eldigitaldeasturias.com\/noticias\/alianza-del-pacifico-y-su-reto-de-integracion\/#webpage"},"isPartOf":{"@id":"https:\/\/www.eldigitaldeasturias.com\/noticias\/alianza-del-pacifico-y-su-reto-de-integracion\/#webpage"},"articleSection":"Actualidad"},{"@type":"BreadcrumbList","@id":"https:\/\/www.eldigitaldeasturias.com\/noticias\/alianza-del-pacifico-y-su-reto-de-integracion\/#breadcrumblist","itemListElement":[{"@type":"ListItem","@id":"https:\/\/www.eldigitaldeasturias.com\/noticias#listItem","position":1,"name":"Home","item":"https:\/\/www.eldigitaldeasturias.com\/noticias","nextItem":{"@type":"ListItem","@id":"https:\/\/www.eldigitaldeasturias.com\/noticias\/category\/actualidad\/#listItem","name":"Actualidad"}},{"@type":"ListItem","@id":"https:\/\/www.eldigitaldeasturias.com\/noticias\/category\/actualidad\/#listItem","position":2,"name":"Actualidad","item":"https:\/\/www.eldigitaldeasturias.com\/noticias\/category\/actualidad\/","nextItem":{"@type":"ListItem","@id":"https:\/\/www.eldigitaldeasturias.com\/noticias\/alianza-del-pacifico-y-su-reto-de-integracion\/#listItem","name":"Alianza del Pac\u00edfico y su reto de integraci\u00f3n"},"previousItem":{"@type":"ListItem","@id":"https:\/\/www.eldigitaldeasturias.com\/noticias#listItem","name":"Home"}},{"@type":"ListItem","@id":"https:\/\/www.eldigitaldeasturias.com\/noticias\/alianza-del-pacifico-y-su-reto-de-integracion\/#listItem","position":3,"name":"Alianza del Pac\u00edfico y su reto de integraci\u00f3n","previousItem":{"@type":"ListItem","@id":"https:\/\/www.eldigitaldeasturias.com\/noticias\/category\/actualidad\/#listItem","name":"Actualidad"}}]},{"@type":"Organization","@id":"https:\/\/www.eldigitaldeasturias.com\/noticias\/#organization","name":"El Digital de Asturias","description":"Hemeroteca","url":"https:\/\/www.eldigitaldeasturias.com\/noticias\/","email":"info@eldigitaldeasturias.com","telephone":"+34652131393","logo":{"@type":"ImageObject","url":"https:\/\/www.eldigitaldeasturias.com\/noticias\/wp-content\/uploads\/2020\/12\/EDA.jpg","@id":"https:\/\/www.eldigitaldeasturias.com\/noticias\/alianza-del-pacifico-y-su-reto-de-integracion\/#organizationLogo"},"image":{"@id":"https:\/\/www.eldigitaldeasturias.com\/noticias\/alianza-del-pacifico-y-su-reto-de-integracion\/#organizationLogo"},"sameAs":["https:\/\/facebook.com\/eldigitaldeasturias","https:\/\/www.youtube.com\/channel\/UCZP-2wLEB9Rv6erhFmqVnvg"],"address":{"@id":"https:\/\/www.eldigitaldeasturias.com\/noticias\/#postaladdress","@type":"PostalAddress","streetAddress":"san antonio 4","postalCode":"33430","addressLocality":"Cand\u00e1s","addressRegion":"Asturias","addressCountry":"ES"}},{"@type":"Person","@id":"https:\/\/www.eldigitaldeasturias.com\/noticias\/author\/admin\/#author","url":"https:\/\/www.eldigitaldeasturias.com\/noticias\/author\/admin\/","name":"El Digital de Asturias","image":{"@type":"ImageObject","@id":"https:\/\/www.eldigitaldeasturias.com\/noticias\/alianza-del-pacifico-y-su-reto-de-integracion\/#authorImage","url":"https:\/\/secure.gravatar.com\/avatar\/df2aeffc32bcd13f8d26072ef8a91b623d677766deac7f97ca815868cd41bf5e?s=96&d=mm&r=g","width":96,"height":96,"caption":"El Digital de Asturias"}},{"@type":"WebPage","@id":"https:\/\/www.eldigitaldeasturias.com\/noticias\/alianza-del-pacifico-y-su-reto-de-integracion\/#webpage","url":"https:\/\/www.eldigitaldeasturias.com\/noticias\/alianza-del-pacifico-y-su-reto-de-integracion\/","name":"Alianza del Pac\u00edfico y su reto de integraci\u00f3n - El Digital de Asturias","description":"Cartagena de Indias (Colombia), 9 feb (dpa) - La Alianza del Pac\u00edfico surgi\u00f3 en Lima en abril de 2011 y se constituy\u00f3 formalmente en junio de 2012 mediante un Acuerdo Marco, con el objetivo de formar entre Colombia, Chile, M\u00e9xico y Per\u00fa una zona de libre circulaci\u00f3n de bienes, servicios, capitales y personas. Sus socios","inLanguage":"es-ES","isPartOf":{"@id":"https:\/\/www.eldigitaldeasturias.com\/noticias\/#website"},"breadcrumb":{"@id":"https:\/\/www.eldigitaldeasturias.com\/noticias\/alianza-del-pacifico-y-su-reto-de-integracion\/#breadcrumblist"},"author":{"@id":"https:\/\/www.eldigitaldeasturias.com\/noticias\/author\/admin\/#author"},"creator":{"@id":"https:\/\/www.eldigitaldeasturias.com\/noticias\/author\/admin\/#author"},"image":{"@type":"ImageObject","url":487617,"@id":"https:\/\/www.eldigitaldeasturias.com\/noticias\/alianza-del-pacifico-y-su-reto-de-integracion\/#mainImage"},"primaryImageOfPage":{"@id":"https:\/\/www.eldigitaldeasturias.com\/noticias\/alianza-del-pacifico-y-su-reto-de-integracion\/#mainImage"},"datePublished":"2014-02-09T23:49:05+01:00","dateModified":"2014-02-09T23:49:05+01:00"},{"@type":"WebSite","@id":"https:\/\/www.eldigitaldeasturias.com\/noticias\/#website","url":"https:\/\/www.eldigitaldeasturias.com\/noticias\/","name":"El Digital de Asturias - Diario de actualidad y noticias","alternateName":"El Digital de Asturias - Diario de actualidad y noticias","description":"Hemeroteca","inLanguage":"es-ES","publisher":{"@id":"https:\/\/www.eldigitaldeasturias.com\/noticias\/#organization"}}]},"og:locale":"es_ES","og:site_name":"El Digital de Asturias","og:type":"article","og:title":"Alianza del Pac\u00edfico y su reto de integraci\u00f3n - El Digital de Asturias","og:description":"Cartagena de Indias (Colombia), 9 feb (dpa) - La Alianza del Pac\u00edfico surgi\u00f3 en Lima en abril de 2011 y se constituy\u00f3 formalmente en junio de 2012 mediante un Acuerdo Marco, con el objetivo de formar entre Colombia, Chile, M\u00e9xico y Per\u00fa una zona de libre circulaci\u00f3n de bienes, servicios, capitales y personas. Sus socios","og:url":"https:\/\/www.eldigitaldeasturias.com\/noticias\/alianza-del-pacifico-y-su-reto-de-integracion\/","article:tag":["actualidad"],"article:published_time":"2014-02-10T00:49:05+00:00","article:modified_time":"2014-02-10T00:49:05+00:00","article:publisher":"https:\/\/facebook.com\/eldigitaldeasturias","twitter:card":"summary_large_image","twitter:title":"Alianza del Pac\u00edfico y su reto de integraci\u00f3n - El Digital de Asturias","twitter:description":"Cartagena de Indias (Colombia), 9 feb (dpa) - La Alianza del Pac\u00edfico surgi\u00f3 en Lima en abril de 2011 y se constituy\u00f3 formalmente en junio de 2012 mediante un Acuerdo Marco, con el objetivo de formar entre Colombia, Chile, M\u00e9xico y Per\u00fa una zona de libre circulaci\u00f3n de bienes, servicios, capitales y personas. Sus socios","twitter:label1":"Escrito por","twitter:data1":"El Digital de Asturias","twitter:label2":"Tiempo de lectura estimado","twitter:data2":"2 minutos"},"aioseo_meta_data":{"post_id":"487658","title":null,"description":null,"keywords":null,"keyphrases":null,"primary_term":null,"canonical_url":null,"og_title":null,"og_description":null,"og_object_type":"default","og_image_type":"default","og_image_url":null,"og_image_width":null,"og_image_height":null,"og_image_custom_url":null,"og_image_custom_fields":null,"og_video":null,"og_custom_url":null,"og_article_section":null,"og_article_tags":null,"twitter_use_og":true,"twitter_card":"default","twitter_image_type":"default","twitter_image_url":null,"twitter_image_custom_url":null,"twitter_image_custom_fields":null,"twitter_title":null,"twitter_description":null,"schema":{"blockGraphs":[],"customGraphs":[],"default":{"data":{"Article":[],"Course":[],"Dataset":[],"FAQPage":[],"Movie":[],"Person":[],"Product":[],"ProductReview":[],"Car":[],"Recipe":[],"Service":[],"SoftwareApplication":[],"WebPage":[]},"graphName":"","isEnabled":true},"graphs":[],"defaultGraph":"","defaultPostTypeGraph":""},"schema_type":null,"schema_type_options":null,"pillar_content":false,"robots_default":true,"robots_noindex":false,"robots_noarchive":false,"robots_nosnippet":false,"robots_nofollow":false,"robots_noimageindex":false,"robots_noodp":false,"robots_notranslate":false,"robots_max_snippet":null,"robots_max_videopreview":null,"robots_max_imagepreview":"none","priority":null,"frequency":null,"local_seo":null,"seo_analyzer_scan_date":"2026-06-03 05:24:28","breadcrumb_settings":null,"limit_modified_date":false,"open_ai":null,"ai":null,"created":"2020-11-14 22:56:58","updated":"2026-06-03 05:24:28","focus_keyword":null,"additional_keywords":null,"truseo_locale":null},"aioseo_breadcrumb":"<div class=\"aioseo-breadcrumbs\"><span class=\"aioseo-breadcrumb\">\n\t<a href=\"https:\/\/www.eldigitaldeasturias.com\/noticias\" title=\"Home\">Home<\/a>\n<\/span><span class=\"aioseo-breadcrumb-separator\">\u2013<\/span><span class=\"aioseo-breadcrumb\">\n\t<a href=\"https:\/\/www.eldigitaldeasturias.com\/noticias\/category\/actualidad\/\" title=\"Actualidad\">Actualidad<\/a>\n<\/span><span class=\"aioseo-breadcrumb-separator\">\u2013<\/span><span class=\"aioseo-breadcrumb\">\n\t<a href=\"https:\/\/www.eldigitaldeasturias.com\/noticias\/alianza-del-pacifico-y-su-reto-de-integracion\/\" title=\"Alianza del Pac\u00edfico y su reto de integraci\u00f3n\">Alianza del Pac\u00edfico y su reto de integraci\u00f3n<\/a>\n<\/span><\/div>","aioseo_breadcrumb_json":[{"label":"Home","link":"https:\/\/www.eldigitaldeasturias.com\/noticias"},{"label":"Actualidad","link":"https:\/\/www.eldigitaldeasturias.com\/noticias\/category\/actualidad\/"},{"label":"Alianza del Pac\u00edfico y su reto de integraci\u00f3n","link":"https:\/\/www.eldigitaldeasturias.com\/noticias\/alianza-del-pacifico-y-su-reto-de-integracion\/"}],"_links":{"self":[{"href":"https:\/\/www.eldigitaldeasturias.com\/noticias\/wp-json\/wp\/v2\/posts\/487658","targetHints":{"allow":["GET"]}}],"collection":[{"href":"https:\/\/www.eldigitaldeasturias.com\/noticias\/wp-json\/wp\/v2\/posts"}],"about":[{"href":"https:\/\/www.eldigitaldeasturias.com\/noticias\/wp-json\/wp\/v2\/types\/post"}],"author":[{"embeddable":true,"href":"https:\/\/www.eldigitaldeasturias.com\/noticias\/wp-json\/wp\/v2\/users\/1"}],"replies":[{"embeddable":true,"href":"https:\/\/www.eldigitaldeasturias.com\/noticias\/wp-json\/wp\/v2\/comments?post=487658"}],"version-history":[{"count":0,"href":"https:\/\/www.eldigitaldeasturias.com\/noticias\/wp-json\/wp\/v2\/posts\/487658\/revisions"}],"wp:attachment":[{"href":"https:\/\/www.eldigitaldeasturias.com\/noticias\/wp-json\/wp\/v2\/media?parent=487658"}],"wp:term":[{"taxonomy":"category","embeddable":true,"href":"https:\/\/www.eldigitaldeasturias.com\/noticias\/wp-json\/wp\/v2\/categories?post=487658"},{"taxonomy":"post_tag","embeddable":true,"href":"https:\/\/www.eldigitaldeasturias.com\/noticias\/wp-json\/wp\/v2\/tags?post=487658"}],"curies":[{"name":"wp","href":"https:\/\/api.w.org\/{rel}","templated":true}]}}