{"id":487656,"date":"2014-02-09T23:46:15","date_gmt":"2014-02-10T00:46:15","guid":{"rendered":"http:\/\/www.eldigitaldeasturias.com\/noticias\/?p=487656"},"modified":"2014-02-09T23:46:15","modified_gmt":"2014-02-10T00:46:15","slug":"mesut-ozil-el-blanco-de-las-criticas-tras-la-debacle-del-arsenal","status":"publish","type":"post","link":"https:\/\/www.eldigitaldeasturias.com\/noticias\/mesut-ozil-el-blanco-de-las-criticas-tras-la-debacle-del-arsenal\/","title":{"rendered":"Mesut \u00d6zil, el blanco de las cr\u00edticas tras la debacle del Arsenal"},"content":{"rendered":"<p><img loading=\"lazy\" decoding=\"async\" class=\"alignleft size-medium wp-image-486864\" alt=\"5923940w\" src=\"https:\/\/www.eldigitaldeasturias.com\/noticias\/wp-content\/uploads\/2014\/02\/5923940w-360x237.jpg\" width=\"360\" height=\"237\" \/>Londres, 9 feb (dpa) &#8211; El alem\u00e1n Mesut \u00d6zil sali\u00f3 cabizbajo del campo cuando fue cambiado durante el contundente 5-1 con el que el Liverpool humill\u00f3 el s\u00e1bado al Arsenal en la Liga inglesa de f\u00fatbol.<\/p>\n<p>Ni un saludo con su entrenador, Ars\u00e8ne Wenger, ni un gesto a los hinchas: al internacional germano ni se le vio la cara cuando dej\u00f3 la cancha en Anfield en el minuto 60. Varios medios brit\u00e1nicos vieron hoy la situaci\u00f3n de todo el equipo personificada en \u00d6zil.<\/p>\n<p>\u00abDesangelado y sin inter\u00e9s\u00bb, concluy\u00f3 el \u00abIndependent\u00bb. \u00ab\u00d6zil es uno de los mejores jugadores del mundo cuando su equipo est\u00e1 adelante 2-0, pero si es al rev\u00e9s es mejor no tenerlo en el equipo\u00bb, lo fustig\u00f3 el diario.<\/p>\n<p>\u00abLos jugadores de Wenger se negaron a cumplir sus tareas b\u00e1sicas, en el caso de \u00d6zil incluso a correr\u00bb, critic\u00f3 tambi\u00e9n el \u00abGuardian\u00bb.<\/p>\n<p>El alem\u00e1n apenas puede impulsar el juego, analiz\u00f3 el \u00abTelegraph\u00bb, que aconsej\u00f3 al t\u00e9cnico dosificar al jugador, pese a los partidos claves por venir frente al Manchester en la Liga, el Liverpool en la FA Cup y el Bayern M\u00fanich en la Champions League.<\/p>\n<p>\u00d6zil parece agotado. El alem\u00e1n ha jugado 20 de 22 partidos en la Premier, 12 de ellos a lo largo de los 90 minutos, en los restantes ocho no sali\u00f3 nunca del campo antes del 80&#8242;. Su \u00faltimo gol lo marc\u00f3 el 8 de diciembre.<\/p>\n<p>Despu\u00e9s de brillar con cuatro asistencias en sus primeros partidos, su balance como generador de juego tiende tambi\u00e9n a cero. Las estad\u00edsticas deben empezar a preocupar tambi\u00e9n al entrenador de Alemania, Joachim L\u00f6w, cuatro meses antes del Mundial de Brasil.<\/p>\n<p>En Liverpool, el mediapunta de la selecci\u00f3n germana no s\u00f3lo no aport\u00f3 nada al ataque, sino que fue en parte responsable de los goles de los \u00abreds\u00bb despu\u00e9s del 2-0.<\/p>\n<p>Primero al no disputar casi una pelota y luego con un pase en falso, que permitieron al Liverpool ponerse 4-0 a los 20 minutos con goles de Raheem Sterling (16&#8242;) y Daniel Sturrudige (20&#8242;) tras el temprano doblete de Martin Skrtel (1&#8242; y 10&#8242;).<\/p>\n<p>\u00abEl futuro se decide por lo que uno hace despu\u00e9s de las derrotas. Tenemos un mont\u00f3n de respuestas que encontrar\u00bb, advirti\u00f3 Wenger a su equipo tras la debacle.<\/p>\n<p>Simb\u00f3licamente, el t\u00e9cnico franc\u00e9s se cay\u00f3 tras resbalarse en la estaci\u00f3n de Liverpool, cuando su equipo volv\u00eda a Londres.<\/p>\n<p>El \u00fanico consuelo para los \u00abgunners\u00bb estuvo en el resultado de otro rival directo en la lucha por el t\u00edtulo. Aunque el Chelsea se puso a la cabeza de la tabla con 56 puntos tras derrotar 3-0 al Newcastle, el Manchester City tambi\u00e9n se dej\u00f3 puntos tras su empate sin goles en su visita al Norwich City.<\/p>\n<p>El Arsenal qued\u00f3 segundo con 55 unidades, por delante de los \u00abcitizen\u00bb con 54. Liverpool se coloc\u00f3 por su parte a s\u00f3lo seis puntos del l\u00edder en el cuarto puesto.<\/p>\n<p>Por Marc Sch\u00e4fer<\/p>\n","protected":false},"excerpt":{"rendered":"<p>Londres, 9 feb (dpa) &#8211; El alem\u00e1n Mesut \u00d6zil sali\u00f3 cabizbajo del campo cuando fue cambiado durante el contundente 5-1 con el que el Liverpool humill\u00f3 el s\u00e1bado al Arsenal en la Liga inglesa de f\u00fatbol. Ni un saludo con su entrenador, Ars\u00e8ne Wenger, ni un gesto a los hinchas: al internacional germano ni se [&hellip;]<\/p>\n","protected":false},"author":1,"featured_media":486864,"comment_status":"open","ping_status":"open","sticky":false,"template":"","format":"standard","meta":{"footnotes":""},"categories":[1],"tags":[],"class_list":["post-487656","post","type-post","status-publish","format-standard","has-post-thumbnail","hentry","category-actualidad"],"aioseo_notices":[],"aioseo_head":"\n\t\t<!-- All in One SEO Pro 5.0.1 - aioseo.com -->\n\t<meta name=\"description\" content=\"Londres, 9 feb (dpa) - El alem\u00e1n Mesut \u00d6zil sali\u00f3 cabizbajo del campo cuando fue cambiado durante el contundente 5-1 con el que el Liverpool humill\u00f3 el s\u00e1bado al Arsenal en la Liga inglesa de f\u00fatbol. Ni un saludo con su entrenador, Ars\u00e8ne Wenger, ni un gesto a los hinchas: al internacional germano ni se\" \/>\n\t<meta name=\"robots\" content=\"max-image-preview:large\" \/>\n\t<meta name=\"author\" content=\"El Digital de Asturias\"\/>\n\t<meta name=\"google-site-verification\" content=\"UA-38556648-1\" \/>\n\t<meta name=\"msvalidate.01\" content=\"7dfe9f3f1b24437ab69f4f2559babe99\" \/>\n\t<meta name=\"keywords\" content=\"actualidad\" \/>\n\t<link rel=\"canonical\" href=\"https:\/\/www.eldigitaldeasturias.com\/noticias\/mesut-ozil-el-blanco-de-las-criticas-tras-la-debacle-del-arsenal\/\" \/>\n\t<meta name=\"generator\" content=\"All in One SEO Pro (AIOSEO) 5.0.1\" \/>\n\t\t<meta property=\"og:locale\" content=\"es_ES\" \/>\n\t\t<meta property=\"og:site_name\" content=\"El Digital de Asturias\" \/>\n\t\t<meta property=\"og:type\" content=\"article\" \/>\n\t\t<meta property=\"og:title\" content=\"Mesut \u00d6zil, el blanco de las cr\u00edticas tras la debacle del Arsenal - El Digital de Asturias\" \/>\n\t\t<meta property=\"og:description\" content=\"Londres, 9 feb (dpa) - El alem\u00e1n Mesut \u00d6zil sali\u00f3 cabizbajo del campo cuando fue cambiado durante el contundente 5-1 con el que el Liverpool humill\u00f3 el s\u00e1bado al Arsenal en la Liga inglesa de f\u00fatbol. Ni un saludo con su entrenador, Ars\u00e8ne Wenger, ni un gesto a los hinchas: al internacional germano ni se\" \/>\n\t\t<meta property=\"og:url\" content=\"https:\/\/www.eldigitaldeasturias.com\/noticias\/mesut-ozil-el-blanco-de-las-criticas-tras-la-debacle-del-arsenal\/\" \/>\n\t\t<meta property=\"article:tag\" content=\"actualidad\" \/>\n\t\t<meta property=\"article:published_time\" content=\"2014-02-10T00:46:15+00:00\" \/>\n\t\t<meta property=\"article:modified_time\" content=\"2014-02-10T00:46:15+00:00\" \/>\n\t\t<meta property=\"article:publisher\" content=\"https:\/\/facebook.com\/eldigitaldeasturias\" \/>\n\t\t<meta name=\"twitter:card\" content=\"summary_large_image\" \/>\n\t\t<meta name=\"twitter:title\" content=\"Mesut \u00d6zil, el blanco de las cr\u00edticas tras la debacle del Arsenal - El Digital de Asturias\" \/>\n\t\t<meta name=\"twitter:description\" content=\"Londres, 9 feb (dpa) - El alem\u00e1n Mesut \u00d6zil sali\u00f3 cabizbajo del campo cuando fue cambiado durante el contundente 5-1 con el que el Liverpool humill\u00f3 el s\u00e1bado al Arsenal en la Liga inglesa de f\u00fatbol. Ni un saludo con su entrenador, Ars\u00e8ne Wenger, ni un gesto a los hinchas: al internacional germano ni se\" \/>\n\t\t<meta name=\"twitter:label1\" content=\"Escrito por\" \/>\n\t\t<meta name=\"twitter:data1\" content=\"El Digital de Asturias\" \/>\n\t\t<meta name=\"twitter:label2\" content=\"Tiempo de lectura estimado\" \/>\n\t\t<meta name=\"twitter:data2\" content=\"3 minutos\" \/>\n\t\t<script type=\"application\/ld+json\" class=\"aioseo-schema\">\n\t\t\t{\"@context\":\"https:\\\/\\\/schema.org\",\"@graph\":[{\"@type\":\"BlogPosting\",\"@id\":\"https:\\\/\\\/www.eldigitaldeasturias.com\\\/noticias\\\/mesut-ozil-el-blanco-de-las-criticas-tras-la-debacle-del-arsenal\\\/#blogposting\",\"name\":\"Mesut \\u00d6zil, el blanco de las cr\\u00edticas tras la debacle del Arsenal - El Digital de Asturias\",\"headline\":\"Mesut \\u00d6zil, el blanco de las cr\\u00edticas tras la debacle del Arsenal\",\"author\":{\"@id\":\"https:\\\/\\\/www.eldigitaldeasturias.com\\\/noticias\\\/author\\\/admin\\\/#author\"},\"publisher\":{\"@id\":\"https:\\\/\\\/www.eldigitaldeasturias.com\\\/noticias\\\/#organization\"},\"image\":{\"@type\":\"ImageObject\",\"url\":486864},\"datePublished\":\"2014-02-09T23:46:15+01:00\",\"dateModified\":\"2014-02-09T23:46:15+01:00\",\"inLanguage\":\"es-ES\",\"mainEntityOfPage\":{\"@id\":\"https:\\\/\\\/www.eldigitaldeasturias.com\\\/noticias\\\/mesut-ozil-el-blanco-de-las-criticas-tras-la-debacle-del-arsenal\\\/#webpage\"},\"isPartOf\":{\"@id\":\"https:\\\/\\\/www.eldigitaldeasturias.com\\\/noticias\\\/mesut-ozil-el-blanco-de-las-criticas-tras-la-debacle-del-arsenal\\\/#webpage\"},\"articleSection\":\"Actualidad\"},{\"@type\":\"BreadcrumbList\",\"@id\":\"https:\\\/\\\/www.eldigitaldeasturias.com\\\/noticias\\\/mesut-ozil-el-blanco-de-las-criticas-tras-la-debacle-del-arsenal\\\/#breadcrumblist\",\"itemListElement\":[{\"@type\":\"ListItem\",\"@id\":\"https:\\\/\\\/www.eldigitaldeasturias.com\\\/noticias#listItem\",\"position\":1,\"name\":\"Home\",\"item\":\"https:\\\/\\\/www.eldigitaldeasturias.com\\\/noticias\",\"nextItem\":{\"@type\":\"ListItem\",\"@id\":\"https:\\\/\\\/www.eldigitaldeasturias.com\\\/noticias\\\/category\\\/actualidad\\\/#listItem\",\"name\":\"Actualidad\"}},{\"@type\":\"ListItem\",\"@id\":\"https:\\\/\\\/www.eldigitaldeasturias.com\\\/noticias\\\/category\\\/actualidad\\\/#listItem\",\"position\":2,\"name\":\"Actualidad\",\"item\":\"https:\\\/\\\/www.eldigitaldeasturias.com\\\/noticias\\\/category\\\/actualidad\\\/\",\"nextItem\":{\"@type\":\"ListItem\",\"@id\":\"https:\\\/\\\/www.eldigitaldeasturias.com\\\/noticias\\\/mesut-ozil-el-blanco-de-las-criticas-tras-la-debacle-del-arsenal\\\/#listItem\",\"name\":\"Mesut \\u00d6zil, el blanco de las cr\\u00edticas tras la debacle del Arsenal\"},\"previousItem\":{\"@type\":\"ListItem\",\"@id\":\"https:\\\/\\\/www.eldigitaldeasturias.com\\\/noticias#listItem\",\"name\":\"Home\"}},{\"@type\":\"ListItem\",\"@id\":\"https:\\\/\\\/www.eldigitaldeasturias.com\\\/noticias\\\/mesut-ozil-el-blanco-de-las-criticas-tras-la-debacle-del-arsenal\\\/#listItem\",\"position\":3,\"name\":\"Mesut \\u00d6zil, el blanco de las cr\\u00edticas tras la debacle del Arsenal\",\"previousItem\":{\"@type\":\"ListItem\",\"@id\":\"https:\\\/\\\/www.eldigitaldeasturias.com\\\/noticias\\\/category\\\/actualidad\\\/#listItem\",\"name\":\"Actualidad\"}}]},{\"@type\":\"Organization\",\"@id\":\"https:\\\/\\\/www.eldigitaldeasturias.com\\\/noticias\\\/#organization\",\"name\":\"El Digital de Asturias\",\"description\":\"Hemeroteca\",\"url\":\"https:\\\/\\\/www.eldigitaldeasturias.com\\\/noticias\\\/\",\"email\":\"info@eldigitaldeasturias.com\",\"telephone\":\"+34652131393\",\"logo\":{\"@type\":\"ImageObject\",\"url\":\"https:\\\/\\\/www.eldigitaldeasturias.com\\\/noticias\\\/wp-content\\\/uploads\\\/2020\\\/12\\\/EDA.jpg\",\"@id\":\"https:\\\/\\\/www.eldigitaldeasturias.com\\\/noticias\\\/mesut-ozil-el-blanco-de-las-criticas-tras-la-debacle-del-arsenal\\\/#organizationLogo\"},\"image\":{\"@id\":\"https:\\\/\\\/www.eldigitaldeasturias.com\\\/noticias\\\/mesut-ozil-el-blanco-de-las-criticas-tras-la-debacle-del-arsenal\\\/#organizationLogo\"},\"sameAs\":[\"https:\\\/\\\/facebook.com\\\/eldigitaldeasturias\",\"https:\\\/\\\/www.youtube.com\\\/channel\\\/UCZP-2wLEB9Rv6erhFmqVnvg\"],\"address\":{\"@id\":\"https:\\\/\\\/www.eldigitaldeasturias.com\\\/noticias\\\/#postaladdress\",\"@type\":\"PostalAddress\",\"streetAddress\":\"san antonio 4\",\"postalCode\":\"33430\",\"addressLocality\":\"Cand\\u00e1s\",\"addressRegion\":\"Asturias\",\"addressCountry\":\"ES\"}},{\"@type\":\"Person\",\"@id\":\"https:\\\/\\\/www.eldigitaldeasturias.com\\\/noticias\\\/author\\\/admin\\\/#author\",\"url\":\"https:\\\/\\\/www.eldigitaldeasturias.com\\\/noticias\\\/author\\\/admin\\\/\",\"name\":\"El Digital de Asturias\",\"image\":{\"@type\":\"ImageObject\",\"@id\":\"https:\\\/\\\/www.eldigitaldeasturias.com\\\/noticias\\\/mesut-ozil-el-blanco-de-las-criticas-tras-la-debacle-del-arsenal\\\/#authorImage\",\"url\":\"https:\\\/\\\/secure.gravatar.com\\\/avatar\\\/df2aeffc32bcd13f8d26072ef8a91b623d677766deac7f97ca815868cd41bf5e?s=96&d=mm&r=g\",\"width\":96,\"height\":96,\"caption\":\"El Digital de Asturias\"}},{\"@type\":\"WebPage\",\"@id\":\"https:\\\/\\\/www.eldigitaldeasturias.com\\\/noticias\\\/mesut-ozil-el-blanco-de-las-criticas-tras-la-debacle-del-arsenal\\\/#webpage\",\"url\":\"https:\\\/\\\/www.eldigitaldeasturias.com\\\/noticias\\\/mesut-ozil-el-blanco-de-las-criticas-tras-la-debacle-del-arsenal\\\/\",\"name\":\"Mesut \\u00d6zil, el blanco de las cr\\u00edticas tras la debacle del Arsenal - El Digital de Asturias\",\"description\":\"Londres, 9 feb (dpa) - El alem\\u00e1n Mesut \\u00d6zil sali\\u00f3 cabizbajo del campo cuando fue cambiado durante el contundente 5-1 con el que el Liverpool humill\\u00f3 el s\\u00e1bado al Arsenal en la Liga inglesa de f\\u00fatbol. Ni un saludo con su entrenador, Ars\\u00e8ne Wenger, ni un gesto a los hinchas: al internacional germano ni se\",\"inLanguage\":\"es-ES\",\"isPartOf\":{\"@id\":\"https:\\\/\\\/www.eldigitaldeasturias.com\\\/noticias\\\/#website\"},\"breadcrumb\":{\"@id\":\"https:\\\/\\\/www.eldigitaldeasturias.com\\\/noticias\\\/mesut-ozil-el-blanco-de-las-criticas-tras-la-debacle-del-arsenal\\\/#breadcrumblist\"},\"author\":{\"@id\":\"https:\\\/\\\/www.eldigitaldeasturias.com\\\/noticias\\\/author\\\/admin\\\/#author\"},\"creator\":{\"@id\":\"https:\\\/\\\/www.eldigitaldeasturias.com\\\/noticias\\\/author\\\/admin\\\/#author\"},\"image\":{\"@type\":\"ImageObject\",\"url\":486864,\"@id\":\"https:\\\/\\\/www.eldigitaldeasturias.com\\\/noticias\\\/mesut-ozil-el-blanco-de-las-criticas-tras-la-debacle-del-arsenal\\\/#mainImage\"},\"primaryImageOfPage\":{\"@id\":\"https:\\\/\\\/www.eldigitaldeasturias.com\\\/noticias\\\/mesut-ozil-el-blanco-de-las-criticas-tras-la-debacle-del-arsenal\\\/#mainImage\"},\"datePublished\":\"2014-02-09T23:46:15+01:00\",\"dateModified\":\"2014-02-09T23:46:15+01:00\"},{\"@type\":\"WebSite\",\"@id\":\"https:\\\/\\\/www.eldigitaldeasturias.com\\\/noticias\\\/#website\",\"url\":\"https:\\\/\\\/www.eldigitaldeasturias.com\\\/noticias\\\/\",\"name\":\"El Digital de Asturias - Diario de actualidad y noticias\",\"alternateName\":\"El Digital de Asturias - Diario de actualidad y noticias\",\"description\":\"Hemeroteca\",\"inLanguage\":\"es-ES\",\"publisher\":{\"@id\":\"https:\\\/\\\/www.eldigitaldeasturias.com\\\/noticias\\\/#organization\"}}]}\n\t\t<\/script>\n\t\t<!-- All in One SEO Pro -->\r\n\t\t<title>Mesut \u00d6zil, el blanco de las cr\u00edticas tras la debacle del Arsenal - El Digital de Asturias<\/title>\n\n","aioseo_head_json":{"title":"Mesut \u00d6zil, el blanco de las cr\u00edticas tras la debacle del Arsenal - El Digital de Asturias","description":"Londres, 9 feb (dpa) - El alem\u00e1n Mesut \u00d6zil sali\u00f3 cabizbajo del campo cuando fue cambiado durante el contundente 5-1 con el que el Liverpool humill\u00f3 el s\u00e1bado al Arsenal en la Liga inglesa de f\u00fatbol. Ni un saludo con su entrenador, Ars\u00e8ne Wenger, ni un gesto a los hinchas: al internacional germano ni se","canonical_url":"https:\/\/www.eldigitaldeasturias.com\/noticias\/mesut-ozil-el-blanco-de-las-criticas-tras-la-debacle-del-arsenal\/","robots":"max-image-preview:large","keywords":"actualidad","webmasterTools":{"google-site-verification":"UA-38556648-1","msvalidate.01":"7dfe9f3f1b24437ab69f4f2559babe99","miscellaneous":""},"schema":{"@context":"https:\/\/schema.org","@graph":[{"@type":"BlogPosting","@id":"https:\/\/www.eldigitaldeasturias.com\/noticias\/mesut-ozil-el-blanco-de-las-criticas-tras-la-debacle-del-arsenal\/#blogposting","name":"Mesut \u00d6zil, el blanco de las cr\u00edticas tras la debacle del Arsenal - El Digital de Asturias","headline":"Mesut \u00d6zil, el blanco de las cr\u00edticas tras la debacle del Arsenal","author":{"@id":"https:\/\/www.eldigitaldeasturias.com\/noticias\/author\/admin\/#author"},"publisher":{"@id":"https:\/\/www.eldigitaldeasturias.com\/noticias\/#organization"},"image":{"@type":"ImageObject","url":486864},"datePublished":"2014-02-09T23:46:15+01:00","dateModified":"2014-02-09T23:46:15+01:00","inLanguage":"es-ES","mainEntityOfPage":{"@id":"https:\/\/www.eldigitaldeasturias.com\/noticias\/mesut-ozil-el-blanco-de-las-criticas-tras-la-debacle-del-arsenal\/#webpage"},"isPartOf":{"@id":"https:\/\/www.eldigitaldeasturias.com\/noticias\/mesut-ozil-el-blanco-de-las-criticas-tras-la-debacle-del-arsenal\/#webpage"},"articleSection":"Actualidad"},{"@type":"BreadcrumbList","@id":"https:\/\/www.eldigitaldeasturias.com\/noticias\/mesut-ozil-el-blanco-de-las-criticas-tras-la-debacle-del-arsenal\/#breadcrumblist","itemListElement":[{"@type":"ListItem","@id":"https:\/\/www.eldigitaldeasturias.com\/noticias#listItem","position":1,"name":"Home","item":"https:\/\/www.eldigitaldeasturias.com\/noticias","nextItem":{"@type":"ListItem","@id":"https:\/\/www.eldigitaldeasturias.com\/noticias\/category\/actualidad\/#listItem","name":"Actualidad"}},{"@type":"ListItem","@id":"https:\/\/www.eldigitaldeasturias.com\/noticias\/category\/actualidad\/#listItem","position":2,"name":"Actualidad","item":"https:\/\/www.eldigitaldeasturias.com\/noticias\/category\/actualidad\/","nextItem":{"@type":"ListItem","@id":"https:\/\/www.eldigitaldeasturias.com\/noticias\/mesut-ozil-el-blanco-de-las-criticas-tras-la-debacle-del-arsenal\/#listItem","name":"Mesut \u00d6zil, el blanco de las cr\u00edticas tras la debacle del Arsenal"},"previousItem":{"@type":"ListItem","@id":"https:\/\/www.eldigitaldeasturias.com\/noticias#listItem","name":"Home"}},{"@type":"ListItem","@id":"https:\/\/www.eldigitaldeasturias.com\/noticias\/mesut-ozil-el-blanco-de-las-criticas-tras-la-debacle-del-arsenal\/#listItem","position":3,"name":"Mesut \u00d6zil, el blanco de las cr\u00edticas tras la debacle del Arsenal","previousItem":{"@type":"ListItem","@id":"https:\/\/www.eldigitaldeasturias.com\/noticias\/category\/actualidad\/#listItem","name":"Actualidad"}}]},{"@type":"Organization","@id":"https:\/\/www.eldigitaldeasturias.com\/noticias\/#organization","name":"El Digital de Asturias","description":"Hemeroteca","url":"https:\/\/www.eldigitaldeasturias.com\/noticias\/","email":"info@eldigitaldeasturias.com","telephone":"+34652131393","logo":{"@type":"ImageObject","url":"https:\/\/www.eldigitaldeasturias.com\/noticias\/wp-content\/uploads\/2020\/12\/EDA.jpg","@id":"https:\/\/www.eldigitaldeasturias.com\/noticias\/mesut-ozil-el-blanco-de-las-criticas-tras-la-debacle-del-arsenal\/#organizationLogo"},"image":{"@id":"https:\/\/www.eldigitaldeasturias.com\/noticias\/mesut-ozil-el-blanco-de-las-criticas-tras-la-debacle-del-arsenal\/#organizationLogo"},"sameAs":["https:\/\/facebook.com\/eldigitaldeasturias","https:\/\/www.youtube.com\/channel\/UCZP-2wLEB9Rv6erhFmqVnvg"],"address":{"@id":"https:\/\/www.eldigitaldeasturias.com\/noticias\/#postaladdress","@type":"PostalAddress","streetAddress":"san antonio 4","postalCode":"33430","addressLocality":"Cand\u00e1s","addressRegion":"Asturias","addressCountry":"ES"}},{"@type":"Person","@id":"https:\/\/www.eldigitaldeasturias.com\/noticias\/author\/admin\/#author","url":"https:\/\/www.eldigitaldeasturias.com\/noticias\/author\/admin\/","name":"El Digital de Asturias","image":{"@type":"ImageObject","@id":"https:\/\/www.eldigitaldeasturias.com\/noticias\/mesut-ozil-el-blanco-de-las-criticas-tras-la-debacle-del-arsenal\/#authorImage","url":"https:\/\/secure.gravatar.com\/avatar\/df2aeffc32bcd13f8d26072ef8a91b623d677766deac7f97ca815868cd41bf5e?s=96&d=mm&r=g","width":96,"height":96,"caption":"El Digital de Asturias"}},{"@type":"WebPage","@id":"https:\/\/www.eldigitaldeasturias.com\/noticias\/mesut-ozil-el-blanco-de-las-criticas-tras-la-debacle-del-arsenal\/#webpage","url":"https:\/\/www.eldigitaldeasturias.com\/noticias\/mesut-ozil-el-blanco-de-las-criticas-tras-la-debacle-del-arsenal\/","name":"Mesut \u00d6zil, el blanco de las cr\u00edticas tras la debacle del Arsenal - El Digital de Asturias","description":"Londres, 9 feb (dpa) - El alem\u00e1n Mesut \u00d6zil sali\u00f3 cabizbajo del campo cuando fue cambiado durante el contundente 5-1 con el que el Liverpool humill\u00f3 el s\u00e1bado al Arsenal en la Liga inglesa de f\u00fatbol. Ni un saludo con su entrenador, Ars\u00e8ne Wenger, ni un gesto a los hinchas: al internacional germano ni se","inLanguage":"es-ES","isPartOf":{"@id":"https:\/\/www.eldigitaldeasturias.com\/noticias\/#website"},"breadcrumb":{"@id":"https:\/\/www.eldigitaldeasturias.com\/noticias\/mesut-ozil-el-blanco-de-las-criticas-tras-la-debacle-del-arsenal\/#breadcrumblist"},"author":{"@id":"https:\/\/www.eldigitaldeasturias.com\/noticias\/author\/admin\/#author"},"creator":{"@id":"https:\/\/www.eldigitaldeasturias.com\/noticias\/author\/admin\/#author"},"image":{"@type":"ImageObject","url":486864,"@id":"https:\/\/www.eldigitaldeasturias.com\/noticias\/mesut-ozil-el-blanco-de-las-criticas-tras-la-debacle-del-arsenal\/#mainImage"},"primaryImageOfPage":{"@id":"https:\/\/www.eldigitaldeasturias.com\/noticias\/mesut-ozil-el-blanco-de-las-criticas-tras-la-debacle-del-arsenal\/#mainImage"},"datePublished":"2014-02-09T23:46:15+01:00","dateModified":"2014-02-09T23:46:15+01:00"},{"@type":"WebSite","@id":"https:\/\/www.eldigitaldeasturias.com\/noticias\/#website","url":"https:\/\/www.eldigitaldeasturias.com\/noticias\/","name":"El Digital de Asturias - Diario de actualidad y noticias","alternateName":"El Digital de Asturias - Diario de actualidad y noticias","description":"Hemeroteca","inLanguage":"es-ES","publisher":{"@id":"https:\/\/www.eldigitaldeasturias.com\/noticias\/#organization"}}]},"og:locale":"es_ES","og:site_name":"El Digital de Asturias","og:type":"article","og:title":"Mesut \u00d6zil, el blanco de las cr\u00edticas tras la debacle del Arsenal - El Digital de Asturias","og:description":"Londres, 9 feb (dpa) - El alem\u00e1n Mesut \u00d6zil sali\u00f3 cabizbajo del campo cuando fue cambiado durante el contundente 5-1 con el que el Liverpool humill\u00f3 el s\u00e1bado al Arsenal en la Liga inglesa de f\u00fatbol. Ni un saludo con su entrenador, Ars\u00e8ne Wenger, ni un gesto a los hinchas: al internacional germano ni se","og:url":"https:\/\/www.eldigitaldeasturias.com\/noticias\/mesut-ozil-el-blanco-de-las-criticas-tras-la-debacle-del-arsenal\/","article:tag":["actualidad"],"article:published_time":"2014-02-10T00:46:15+00:00","article:modified_time":"2014-02-10T00:46:15+00:00","article:publisher":"https:\/\/facebook.com\/eldigitaldeasturias","twitter:card":"summary_large_image","twitter:title":"Mesut \u00d6zil, el blanco de las cr\u00edticas tras la debacle del Arsenal - El Digital de Asturias","twitter:description":"Londres, 9 feb (dpa) - El alem\u00e1n Mesut \u00d6zil sali\u00f3 cabizbajo del campo cuando fue cambiado durante el contundente 5-1 con el que el Liverpool humill\u00f3 el s\u00e1bado al Arsenal en la Liga inglesa de f\u00fatbol. Ni un saludo con su entrenador, Ars\u00e8ne Wenger, ni un gesto a los hinchas: al internacional germano ni se","twitter:label1":"Escrito por","twitter:data1":"El Digital de Asturias","twitter:label2":"Tiempo de lectura estimado","twitter:data2":"3 minutos"},"aioseo_meta_data":{"post_id":"487656","title":null,"description":null,"keywords":null,"keyphrases":null,"primary_term":null,"canonical_url":null,"og_title":null,"og_description":null,"og_object_type":"default","og_image_type":"default","og_image_url":null,"og_image_width":null,"og_image_height":null,"og_image_custom_url":null,"og_image_custom_fields":null,"og_video":null,"og_custom_url":null,"og_article_section":null,"og_article_tags":null,"twitter_use_og":true,"twitter_card":"default","twitter_image_type":"default","twitter_image_url":null,"twitter_image_custom_url":null,"twitter_image_custom_fields":null,"twitter_title":null,"twitter_description":null,"schema":{"blockGraphs":[],"customGraphs":[],"default":{"data":{"Article":[],"Course":[],"Dataset":[],"FAQPage":[],"Movie":[],"Person":[],"Product":[],"ProductReview":[],"Car":[],"Recipe":[],"Service":[],"SoftwareApplication":[],"WebPage":[]},"graphName":"","isEnabled":true},"graphs":[],"defaultGraph":"","defaultPostTypeGraph":""},"schema_type":null,"schema_type_options":null,"pillar_content":false,"robots_default":true,"robots_noindex":false,"robots_noarchive":false,"robots_nosnippet":false,"robots_nofollow":false,"robots_noimageindex":false,"robots_noodp":false,"robots_notranslate":false,"robots_max_snippet":null,"robots_max_videopreview":null,"robots_max_imagepreview":"none","priority":null,"frequency":null,"local_seo":null,"seo_analyzer_scan_date":"2026-06-03 05:24:27","breadcrumb_settings":null,"limit_modified_date":false,"open_ai":null,"ai":null,"created":"2020-11-14 22:56:58","updated":"2026-06-03 05:24:27","focus_keyword":null,"additional_keywords":null,"truseo_locale":null},"aioseo_breadcrumb":"<div class=\"aioseo-breadcrumbs\"><span class=\"aioseo-breadcrumb\">\n\t<a href=\"https:\/\/www.eldigitaldeasturias.com\/noticias\" title=\"Home\">Home<\/a>\n<\/span><span class=\"aioseo-breadcrumb-separator\">\u2013<\/span><span class=\"aioseo-breadcrumb\">\n\t<a href=\"https:\/\/www.eldigitaldeasturias.com\/noticias\/category\/actualidad\/\" title=\"Actualidad\">Actualidad<\/a>\n<\/span><span class=\"aioseo-breadcrumb-separator\">\u2013<\/span><span class=\"aioseo-breadcrumb\">\n\t<a href=\"https:\/\/www.eldigitaldeasturias.com\/noticias\/mesut-ozil-el-blanco-de-las-criticas-tras-la-debacle-del-arsenal\/\" title=\"Mesut \u00d6zil, el blanco de las cr\u00edticas tras la debacle del Arsenal\">Mesut \u00d6zil, el blanco de las cr\u00edticas tras la debacle del Arsenal<\/a>\n<\/span><\/div>","aioseo_breadcrumb_json":[{"label":"Home","link":"https:\/\/www.eldigitaldeasturias.com\/noticias"},{"label":"Actualidad","link":"https:\/\/www.eldigitaldeasturias.com\/noticias\/category\/actualidad\/"},{"label":"Mesut \u00d6zil, el blanco de las cr\u00edticas tras la debacle del Arsenal","link":"https:\/\/www.eldigitaldeasturias.com\/noticias\/mesut-ozil-el-blanco-de-las-criticas-tras-la-debacle-del-arsenal\/"}],"_links":{"self":[{"href":"https:\/\/www.eldigitaldeasturias.com\/noticias\/wp-json\/wp\/v2\/posts\/487656","targetHints":{"allow":["GET"]}}],"collection":[{"href":"https:\/\/www.eldigitaldeasturias.com\/noticias\/wp-json\/wp\/v2\/posts"}],"about":[{"href":"https:\/\/www.eldigitaldeasturias.com\/noticias\/wp-json\/wp\/v2\/types\/post"}],"author":[{"embeddable":true,"href":"https:\/\/www.eldigitaldeasturias.com\/noticias\/wp-json\/wp\/v2\/users\/1"}],"replies":[{"embeddable":true,"href":"https:\/\/www.eldigitaldeasturias.com\/noticias\/wp-json\/wp\/v2\/comments?post=487656"}],"version-history":[{"count":0,"href":"https:\/\/www.eldigitaldeasturias.com\/noticias\/wp-json\/wp\/v2\/posts\/487656\/revisions"}],"wp:attachment":[{"href":"https:\/\/www.eldigitaldeasturias.com\/noticias\/wp-json\/wp\/v2\/media?parent=487656"}],"wp:term":[{"taxonomy":"category","embeddable":true,"href":"https:\/\/www.eldigitaldeasturias.com\/noticias\/wp-json\/wp\/v2\/categories?post=487656"},{"taxonomy":"post_tag","embeddable":true,"href":"https:\/\/www.eldigitaldeasturias.com\/noticias\/wp-json\/wp\/v2\/tags?post=487656"}],"curies":[{"name":"wp","href":"https:\/\/api.w.org\/{rel}","templated":true}]}}