{"id":487654,"date":"2014-02-09T23:43:14","date_gmt":"2014-02-10T00:43:14","guid":{"rendered":"http:\/\/www.eldigitaldeasturias.com\/noticias\/?p=487654"},"modified":"2014-02-09T23:43:14","modified_gmt":"2014-02-10T00:43:14","slug":"siete-horas-de-interrogatorio-el-balance-para-la-corona-aun-tardara","status":"publish","type":"post","link":"https:\/\/www.eldigitaldeasturias.com\/noticias\/siete-horas-de-interrogatorio-el-balance-para-la-corona-aun-tardara\/","title":{"rendered":"Siete horas de interrogatorio : el balance para la Corona a\u00fan tardar\u00e1"},"content":{"rendered":"<p><img loading=\"lazy\" decoding=\"async\" class=\"alignleft size-medium wp-image-486964\" alt=\"infanta\" src=\"https:\/\/www.eldigitaldeasturias.com\/noticias\/wp-content\/uploads\/2014\/02\/infanta-360x268.jpg\" width=\"360\" height=\"268\" \/>Palma, 9 feb (dpa) &#8211; \u00abCreo que en siete horas de interrogatorio se ha podido esclarecer todo y despertar en su se\u00f1or\u00eda, en las administraciones p\u00fablicas y, esperemos que tambi\u00e9n en la opini\u00f3n p\u00fablica, cu\u00e1n inocente es la infanta\u00bb. Las palabras son de Jes\u00fas Silva, uno de los abogados de la infanta Cristina de Borb\u00f3n.<\/p>\n<p>Las pronunci\u00f3 el s\u00e1bado ante decenas de c\u00e1maras, flashes y periodistas libreta en mano a las puertas del juzgado de Palma de Mallorca, apenas cinco minutos despu\u00e9s de que la hija menor del rey Juan Carlos de Espa\u00f1a lo abandonara en un d\u00eda hist\u00f3rico.<\/p>\n<p>No solo dan cuenta del \u00ab\u00e9xito\u00bb que la defensa de la infanta proclam\u00f3 que fue la declaraci\u00f3n como imputada ante la Justicia de un miembro de la familia real espa\u00f1ola, un hecho in\u00e9dito.<\/p>\n<p>Tambi\u00e9n apuntan los objetivos en esa declaraci\u00f3n que el juez la oblig\u00f3 a prestar como sospechosa de fraude fiscal y blanqueo de dinero: convencer al magistrado de su inocencia, pero tambi\u00e9n a la opini\u00f3n p\u00fablica de la honestidad de la casa real.<\/p>\n<p>Porque la infanta no solo respond\u00eda el s\u00e1bado ante el juez. Lo hac\u00eda tambi\u00e9n ante la sociedad espa\u00f1ola como miembro de una instituci\u00f3n que, seg\u00fan repiten fuentes oficiales, vive un \u00abmartirio\u00bb desde hace m\u00e1s de dos a\u00f1os con este caso.<\/p>\n<p>La Corona fue durante m\u00e1s de tres d\u00e9cadas una de las instituciones mejor valoradas por los espa\u00f1oles. El apoyo de los ciudadanos al rey Juan Carlos era envidiable para otros monarcas. Hasta que todo se vino abajo. La valoraci\u00f3n de la instituci\u00f3n no es ahora ni de 4 puntos sobre 10 en las encuestas.<\/p>\n<p>La crisis de Botsuana -cuando una Espa\u00f1a en crisis se enter\u00f3 por una rotura de cadera de que su rey se divert\u00eda en lujosas y cuestionables cacer\u00edas en \u00c1frica junto a una \u00abamiga entra\u00f1able\u00bb- supuso un golpe muy duro para la imagen de la monarqu\u00eda y del rey.<\/p>\n<p>Pero por muy grave que fuera -que lo fue, y el rey pidi\u00f3 perd\u00f3n p\u00fablicamente en un intento del equipo de Zarzuela por cerrar y cicatrizar la herida- nada es comparable al \u00abcaso N\u00f3os\u00bb.<\/p>\n<p>El esc\u00e1ndalo de corrupci\u00f3n en el que el yerno del monarca, I\u00f1aki Urdangarin, est\u00e1 imputado desde hace m\u00e1s de dos a\u00f1os y por el que lo ha sido la infanta Cristina es un calvario para la instituci\u00f3n.<\/p>\n<p>La familia real ha dejado de estar en los titulares de la prensa por inauguraciones, discursos institucionales o actos ben\u00e9ficos. Ahora ocupa las portadas por uno de los asuntos que m\u00e1s preocupan en las encuestas a una sociedad espa\u00f1ola que sufre las consecuencias de la crisis econ\u00f3mica desde hace m\u00e1s de cinco a\u00f1os: la corrupci\u00f3n.<\/p>\n<p>La hija menor del rey Juan Carlos no vivi\u00f3 abucheos el s\u00e1bado porque la polic\u00eda situ\u00f3 muy lejos, en otra calle, a los manifestantes que acudieron a protestar contra la monarqu\u00eda y la corrupci\u00f3n. Ni siquiera vieron pasar su autom\u00f3vil.<\/p>\n<p>Esa es la suerte, sin embargo, que corren otros miembros de la familia real en actos p\u00fablicos desde hace tiempo. Abucheos y pitos. Ya sea en un teatro o al aire libre, con mayor o menor contundencia y entre alguna pancarta alusiva al \u00abcaso N\u00f3os\u00bb.<\/p>\n<p>Los \u00faltimos episodios, los pr\u00edncipes Felipe y Letizia en Tenerife y la infanta Elena en Madrid hace pocos d\u00edas. La reina Sof\u00eda tambi\u00e9n es objeto de enfado ciudadano. El rey, convaleciente, hace tiempo que no aparece en p\u00fablico fuera de los muros protectores de La Zarzuela o del Palacio Real.<\/p>\n<p>La sonrisa esbozada -y estudiada- en la cara de la infanta Cristina al entrar y salir del juzgado era parte de la estrategia de reconquista de la opini\u00f3n p\u00fablica. Tranquilidad e inocencia. \u00abBuenos d\u00edas\u00bb. \u00abHasta luego. Gracias\u00bb. La infanta ante la prensa y por ende, ante la ciudadan\u00eda, en los informativos y en las portadas.<\/p>\n<p>Del interrogatorio del s\u00e1bado no depend\u00eda solo su futuro judicial, sobre el que el juez Jos\u00e9 Castro debe decidir. Depend\u00eda tambi\u00e9n el prestigio de la monarqu\u00eda. La posibilidad de remontar.<\/p>\n<p>De momento, est\u00e1n marcadas las distancias, aunque entre medias la casa real haya cometido errores que ha tenido que pagar, como cuando tras el primer intento de imputaci\u00f3n del juez Castro, en abril del a\u00f1o pasado, expres\u00f3 su \u00absorpresa\u00bb y se aline\u00f3 con el fiscal, en un movimiento interpretado como una presi\u00f3n sobre el magistrado.<\/p>\n<p>Cuando a finales de 2011 apart\u00f3 a I\u00f1aki Urdangarin de la agenda oficial, apart\u00f3 tambi\u00e9n de facto a la infanta, y desde la fiesta nacional del 12 de octubre de ese a\u00f1o no ha vuelto a aparecer en un acto oficial. La Zarzuela no envi\u00f3 a ning\u00fan representante el s\u00e1bado a Palma de Mallorca. La infanta pas\u00f3 el mal trago sola junto a sus letrados. Y nadie en la casa del rey emiti\u00f3 despu\u00e9s reacci\u00f3n alguna.<\/p>\n<p>El juez Castro no resolver\u00e1 de inmediato la situaci\u00f3n procesal de la infanta. Pero cuando decida si sobresee su causa o la incluye en el escrito final como procesada, camino del juicio, llegar\u00e1 el momento de hacer el verdadero balance de da\u00f1os.<\/p>\n<p>Que la infanta, y con ella la Corona, quede libre de sospecha judicial no conllevar\u00eda autom\u00e1ticamente lo mismo ante la sociedad.<\/p>\n<p>Por Sara Barderas<\/p>\n","protected":false},"excerpt":{"rendered":"<p>Palma, 9 feb (dpa) &#8211; \u00abCreo que en siete horas de interrogatorio se ha podido esclarecer todo y despertar en su se\u00f1or\u00eda, en las administraciones p\u00fablicas y, esperemos que tambi\u00e9n en la opini\u00f3n p\u00fablica, cu\u00e1n inocente es la infanta\u00bb. Las palabras son de Jes\u00fas Silva, uno de los abogados de la infanta Cristina de Borb\u00f3n. [&hellip;]<\/p>\n","protected":false},"author":1,"featured_media":486964,"comment_status":"open","ping_status":"open","sticky":false,"template":"","format":"standard","meta":{"footnotes":""},"categories":[1],"tags":[],"class_list":["post-487654","post","type-post","status-publish","format-standard","has-post-thumbnail","hentry","category-actualidad"],"aioseo_notices":[],"aioseo_head":"\n\t\t<!-- All in One SEO Pro 5.0.1 - aioseo.com -->\n\t<meta name=\"description\" content=\"Palma, 9 feb (dpa) - &quot;Creo que en siete horas de interrogatorio se ha podido esclarecer todo y despertar en su se\u00f1or\u00eda, en las administraciones p\u00fablicas y, esperemos que tambi\u00e9n en la opini\u00f3n p\u00fablica, cu\u00e1n inocente es la infanta&quot;. Las palabras son de Jes\u00fas Silva, uno de los abogados de la infanta Cristina de Borb\u00f3n.\" \/>\n\t<meta name=\"robots\" content=\"max-image-preview:large\" \/>\n\t<meta name=\"author\" content=\"El Digital de Asturias\"\/>\n\t<meta name=\"google-site-verification\" content=\"UA-38556648-1\" \/>\n\t<meta name=\"msvalidate.01\" content=\"7dfe9f3f1b24437ab69f4f2559babe99\" \/>\n\t<meta name=\"keywords\" content=\"actualidad\" \/>\n\t<link rel=\"canonical\" href=\"https:\/\/www.eldigitaldeasturias.com\/noticias\/siete-horas-de-interrogatorio-el-balance-para-la-corona-aun-tardara\/\" \/>\n\t<meta name=\"generator\" content=\"All in One SEO Pro (AIOSEO) 5.0.1\" \/>\n\t\t<meta property=\"og:locale\" content=\"es_ES\" \/>\n\t\t<meta property=\"og:site_name\" content=\"El Digital de Asturias\" \/>\n\t\t<meta property=\"og:type\" content=\"article\" \/>\n\t\t<meta property=\"og:title\" content=\"Siete horas de interrogatorio : el balance para la Corona a\u00fan tardar\u00e1 - El Digital de Asturias\" \/>\n\t\t<meta property=\"og:description\" content=\"Palma, 9 feb (dpa) - &quot;Creo que en siete horas de interrogatorio se ha podido esclarecer todo y despertar en su se\u00f1or\u00eda, en las administraciones p\u00fablicas y, esperemos que tambi\u00e9n en la opini\u00f3n p\u00fablica, cu\u00e1n inocente es la infanta&quot;. Las palabras son de Jes\u00fas Silva, uno de los abogados de la infanta Cristina de Borb\u00f3n.\" \/>\n\t\t<meta property=\"og:url\" content=\"https:\/\/www.eldigitaldeasturias.com\/noticias\/siete-horas-de-interrogatorio-el-balance-para-la-corona-aun-tardara\/\" \/>\n\t\t<meta property=\"article:tag\" content=\"actualidad\" \/>\n\t\t<meta property=\"article:published_time\" content=\"2014-02-10T00:43:14+00:00\" \/>\n\t\t<meta property=\"article:modified_time\" content=\"2014-02-10T00:43:14+00:00\" \/>\n\t\t<meta property=\"article:publisher\" content=\"https:\/\/facebook.com\/eldigitaldeasturias\" \/>\n\t\t<meta name=\"twitter:card\" content=\"summary_large_image\" \/>\n\t\t<meta name=\"twitter:title\" content=\"Siete horas de interrogatorio : el balance para la Corona a\u00fan tardar\u00e1 - El Digital de Asturias\" \/>\n\t\t<meta name=\"twitter:description\" content=\"Palma, 9 feb (dpa) - &quot;Creo que en siete horas de interrogatorio se ha podido esclarecer todo y despertar en su se\u00f1or\u00eda, en las administraciones p\u00fablicas y, esperemos que tambi\u00e9n en la opini\u00f3n p\u00fablica, cu\u00e1n inocente es la infanta&quot;. Las palabras son de Jes\u00fas Silva, uno de los abogados de la infanta Cristina de Borb\u00f3n.\" \/>\n\t\t<meta name=\"twitter:label1\" content=\"Escrito por\" \/>\n\t\t<meta name=\"twitter:data1\" content=\"El Digital de Asturias\" \/>\n\t\t<meta name=\"twitter:label2\" content=\"Tiempo de lectura estimado\" \/>\n\t\t<meta name=\"twitter:data2\" content=\"5 minutos\" \/>\n\t\t<script type=\"application\/ld+json\" class=\"aioseo-schema\">\n\t\t\t{\"@context\":\"https:\\\/\\\/schema.org\",\"@graph\":[{\"@type\":\"BlogPosting\",\"@id\":\"https:\\\/\\\/www.eldigitaldeasturias.com\\\/noticias\\\/siete-horas-de-interrogatorio-el-balance-para-la-corona-aun-tardara\\\/#blogposting\",\"name\":\"Siete horas de interrogatorio : el balance para la Corona a\\u00fan tardar\\u00e1 - El Digital de Asturias\",\"headline\":\"Siete horas de interrogatorio : el balance para la Corona a\\u00fan tardar\\u00e1\",\"author\":{\"@id\":\"https:\\\/\\\/www.eldigitaldeasturias.com\\\/noticias\\\/author\\\/admin\\\/#author\"},\"publisher\":{\"@id\":\"https:\\\/\\\/www.eldigitaldeasturias.com\\\/noticias\\\/#organization\"},\"image\":{\"@type\":\"ImageObject\",\"url\":486964},\"datePublished\":\"2014-02-09T23:43:14+01:00\",\"dateModified\":\"2014-02-09T23:43:14+01:00\",\"inLanguage\":\"es-ES\",\"mainEntityOfPage\":{\"@id\":\"https:\\\/\\\/www.eldigitaldeasturias.com\\\/noticias\\\/siete-horas-de-interrogatorio-el-balance-para-la-corona-aun-tardara\\\/#webpage\"},\"isPartOf\":{\"@id\":\"https:\\\/\\\/www.eldigitaldeasturias.com\\\/noticias\\\/siete-horas-de-interrogatorio-el-balance-para-la-corona-aun-tardara\\\/#webpage\"},\"articleSection\":\"Actualidad\"},{\"@type\":\"BreadcrumbList\",\"@id\":\"https:\\\/\\\/www.eldigitaldeasturias.com\\\/noticias\\\/siete-horas-de-interrogatorio-el-balance-para-la-corona-aun-tardara\\\/#breadcrumblist\",\"itemListElement\":[{\"@type\":\"ListItem\",\"@id\":\"https:\\\/\\\/www.eldigitaldeasturias.com\\\/noticias#listItem\",\"position\":1,\"name\":\"Home\",\"item\":\"https:\\\/\\\/www.eldigitaldeasturias.com\\\/noticias\",\"nextItem\":{\"@type\":\"ListItem\",\"@id\":\"https:\\\/\\\/www.eldigitaldeasturias.com\\\/noticias\\\/category\\\/actualidad\\\/#listItem\",\"name\":\"Actualidad\"}},{\"@type\":\"ListItem\",\"@id\":\"https:\\\/\\\/www.eldigitaldeasturias.com\\\/noticias\\\/category\\\/actualidad\\\/#listItem\",\"position\":2,\"name\":\"Actualidad\",\"item\":\"https:\\\/\\\/www.eldigitaldeasturias.com\\\/noticias\\\/category\\\/actualidad\\\/\",\"nextItem\":{\"@type\":\"ListItem\",\"@id\":\"https:\\\/\\\/www.eldigitaldeasturias.com\\\/noticias\\\/siete-horas-de-interrogatorio-el-balance-para-la-corona-aun-tardara\\\/#listItem\",\"name\":\"Siete horas de interrogatorio : el balance para la Corona a\\u00fan tardar\\u00e1\"},\"previousItem\":{\"@type\":\"ListItem\",\"@id\":\"https:\\\/\\\/www.eldigitaldeasturias.com\\\/noticias#listItem\",\"name\":\"Home\"}},{\"@type\":\"ListItem\",\"@id\":\"https:\\\/\\\/www.eldigitaldeasturias.com\\\/noticias\\\/siete-horas-de-interrogatorio-el-balance-para-la-corona-aun-tardara\\\/#listItem\",\"position\":3,\"name\":\"Siete horas de interrogatorio : el balance para la Corona a\\u00fan tardar\\u00e1\",\"previousItem\":{\"@type\":\"ListItem\",\"@id\":\"https:\\\/\\\/www.eldigitaldeasturias.com\\\/noticias\\\/category\\\/actualidad\\\/#listItem\",\"name\":\"Actualidad\"}}]},{\"@type\":\"Organization\",\"@id\":\"https:\\\/\\\/www.eldigitaldeasturias.com\\\/noticias\\\/#organization\",\"name\":\"El Digital de Asturias\",\"description\":\"Hemeroteca\",\"url\":\"https:\\\/\\\/www.eldigitaldeasturias.com\\\/noticias\\\/\",\"email\":\"info@eldigitaldeasturias.com\",\"telephone\":\"+34652131393\",\"logo\":{\"@type\":\"ImageObject\",\"url\":\"https:\\\/\\\/www.eldigitaldeasturias.com\\\/noticias\\\/wp-content\\\/uploads\\\/2020\\\/12\\\/EDA.jpg\",\"@id\":\"https:\\\/\\\/www.eldigitaldeasturias.com\\\/noticias\\\/siete-horas-de-interrogatorio-el-balance-para-la-corona-aun-tardara\\\/#organizationLogo\"},\"image\":{\"@id\":\"https:\\\/\\\/www.eldigitaldeasturias.com\\\/noticias\\\/siete-horas-de-interrogatorio-el-balance-para-la-corona-aun-tardara\\\/#organizationLogo\"},\"sameAs\":[\"https:\\\/\\\/facebook.com\\\/eldigitaldeasturias\",\"https:\\\/\\\/www.youtube.com\\\/channel\\\/UCZP-2wLEB9Rv6erhFmqVnvg\"],\"address\":{\"@id\":\"https:\\\/\\\/www.eldigitaldeasturias.com\\\/noticias\\\/#postaladdress\",\"@type\":\"PostalAddress\",\"streetAddress\":\"san antonio 4\",\"postalCode\":\"33430\",\"addressLocality\":\"Cand\\u00e1s\",\"addressRegion\":\"Asturias\",\"addressCountry\":\"ES\"}},{\"@type\":\"Person\",\"@id\":\"https:\\\/\\\/www.eldigitaldeasturias.com\\\/noticias\\\/author\\\/admin\\\/#author\",\"url\":\"https:\\\/\\\/www.eldigitaldeasturias.com\\\/noticias\\\/author\\\/admin\\\/\",\"name\":\"El Digital de Asturias\",\"image\":{\"@type\":\"ImageObject\",\"@id\":\"https:\\\/\\\/www.eldigitaldeasturias.com\\\/noticias\\\/siete-horas-de-interrogatorio-el-balance-para-la-corona-aun-tardara\\\/#authorImage\",\"url\":\"https:\\\/\\\/secure.gravatar.com\\\/avatar\\\/df2aeffc32bcd13f8d26072ef8a91b623d677766deac7f97ca815868cd41bf5e?s=96&d=mm&r=g\",\"width\":96,\"height\":96,\"caption\":\"El Digital de Asturias\"}},{\"@type\":\"WebPage\",\"@id\":\"https:\\\/\\\/www.eldigitaldeasturias.com\\\/noticias\\\/siete-horas-de-interrogatorio-el-balance-para-la-corona-aun-tardara\\\/#webpage\",\"url\":\"https:\\\/\\\/www.eldigitaldeasturias.com\\\/noticias\\\/siete-horas-de-interrogatorio-el-balance-para-la-corona-aun-tardara\\\/\",\"name\":\"Siete horas de interrogatorio : el balance para la Corona a\\u00fan tardar\\u00e1 - El Digital de Asturias\",\"description\":\"Palma, 9 feb (dpa) - \\\"Creo que en siete horas de interrogatorio se ha podido esclarecer todo y despertar en su se\\u00f1or\\u00eda, en las administraciones p\\u00fablicas y, esperemos que tambi\\u00e9n en la opini\\u00f3n p\\u00fablica, cu\\u00e1n inocente es la infanta\\\". Las palabras son de Jes\\u00fas Silva, uno de los abogados de la infanta Cristina de Borb\\u00f3n.\",\"inLanguage\":\"es-ES\",\"isPartOf\":{\"@id\":\"https:\\\/\\\/www.eldigitaldeasturias.com\\\/noticias\\\/#website\"},\"breadcrumb\":{\"@id\":\"https:\\\/\\\/www.eldigitaldeasturias.com\\\/noticias\\\/siete-horas-de-interrogatorio-el-balance-para-la-corona-aun-tardara\\\/#breadcrumblist\"},\"author\":{\"@id\":\"https:\\\/\\\/www.eldigitaldeasturias.com\\\/noticias\\\/author\\\/admin\\\/#author\"},\"creator\":{\"@id\":\"https:\\\/\\\/www.eldigitaldeasturias.com\\\/noticias\\\/author\\\/admin\\\/#author\"},\"image\":{\"@type\":\"ImageObject\",\"url\":486964,\"@id\":\"https:\\\/\\\/www.eldigitaldeasturias.com\\\/noticias\\\/siete-horas-de-interrogatorio-el-balance-para-la-corona-aun-tardara\\\/#mainImage\"},\"primaryImageOfPage\":{\"@id\":\"https:\\\/\\\/www.eldigitaldeasturias.com\\\/noticias\\\/siete-horas-de-interrogatorio-el-balance-para-la-corona-aun-tardara\\\/#mainImage\"},\"datePublished\":\"2014-02-09T23:43:14+01:00\",\"dateModified\":\"2014-02-09T23:43:14+01:00\"},{\"@type\":\"WebSite\",\"@id\":\"https:\\\/\\\/www.eldigitaldeasturias.com\\\/noticias\\\/#website\",\"url\":\"https:\\\/\\\/www.eldigitaldeasturias.com\\\/noticias\\\/\",\"name\":\"El Digital de Asturias - Diario de actualidad y noticias\",\"alternateName\":\"El Digital de Asturias - Diario de actualidad y noticias\",\"description\":\"Hemeroteca\",\"inLanguage\":\"es-ES\",\"publisher\":{\"@id\":\"https:\\\/\\\/www.eldigitaldeasturias.com\\\/noticias\\\/#organization\"}}]}\n\t\t<\/script>\n\t\t<!-- All in One SEO Pro -->\r\n\t\t<title>Siete horas de interrogatorio : el balance para la Corona a\u00fan tardar\u00e1 - El Digital de Asturias<\/title>\n\n","aioseo_head_json":{"title":"Siete horas de interrogatorio : el balance para la Corona a\u00fan tardar\u00e1 - El Digital de Asturias","description":"Palma, 9 feb (dpa) - \"Creo que en siete horas de interrogatorio se ha podido esclarecer todo y despertar en su se\u00f1or\u00eda, en las administraciones p\u00fablicas y, esperemos que tambi\u00e9n en la opini\u00f3n p\u00fablica, cu\u00e1n inocente es la infanta\". Las palabras son de Jes\u00fas Silva, uno de los abogados de la infanta Cristina de Borb\u00f3n.","canonical_url":"https:\/\/www.eldigitaldeasturias.com\/noticias\/siete-horas-de-interrogatorio-el-balance-para-la-corona-aun-tardara\/","robots":"max-image-preview:large","keywords":"actualidad","webmasterTools":{"google-site-verification":"UA-38556648-1","msvalidate.01":"7dfe9f3f1b24437ab69f4f2559babe99","miscellaneous":""},"schema":{"@context":"https:\/\/schema.org","@graph":[{"@type":"BlogPosting","@id":"https:\/\/www.eldigitaldeasturias.com\/noticias\/siete-horas-de-interrogatorio-el-balance-para-la-corona-aun-tardara\/#blogposting","name":"Siete horas de interrogatorio : el balance para la Corona a\u00fan tardar\u00e1 - El Digital de Asturias","headline":"Siete horas de interrogatorio : el balance para la Corona a\u00fan tardar\u00e1","author":{"@id":"https:\/\/www.eldigitaldeasturias.com\/noticias\/author\/admin\/#author"},"publisher":{"@id":"https:\/\/www.eldigitaldeasturias.com\/noticias\/#organization"},"image":{"@type":"ImageObject","url":486964},"datePublished":"2014-02-09T23:43:14+01:00","dateModified":"2014-02-09T23:43:14+01:00","inLanguage":"es-ES","mainEntityOfPage":{"@id":"https:\/\/www.eldigitaldeasturias.com\/noticias\/siete-horas-de-interrogatorio-el-balance-para-la-corona-aun-tardara\/#webpage"},"isPartOf":{"@id":"https:\/\/www.eldigitaldeasturias.com\/noticias\/siete-horas-de-interrogatorio-el-balance-para-la-corona-aun-tardara\/#webpage"},"articleSection":"Actualidad"},{"@type":"BreadcrumbList","@id":"https:\/\/www.eldigitaldeasturias.com\/noticias\/siete-horas-de-interrogatorio-el-balance-para-la-corona-aun-tardara\/#breadcrumblist","itemListElement":[{"@type":"ListItem","@id":"https:\/\/www.eldigitaldeasturias.com\/noticias#listItem","position":1,"name":"Home","item":"https:\/\/www.eldigitaldeasturias.com\/noticias","nextItem":{"@type":"ListItem","@id":"https:\/\/www.eldigitaldeasturias.com\/noticias\/category\/actualidad\/#listItem","name":"Actualidad"}},{"@type":"ListItem","@id":"https:\/\/www.eldigitaldeasturias.com\/noticias\/category\/actualidad\/#listItem","position":2,"name":"Actualidad","item":"https:\/\/www.eldigitaldeasturias.com\/noticias\/category\/actualidad\/","nextItem":{"@type":"ListItem","@id":"https:\/\/www.eldigitaldeasturias.com\/noticias\/siete-horas-de-interrogatorio-el-balance-para-la-corona-aun-tardara\/#listItem","name":"Siete horas de interrogatorio : el balance para la Corona a\u00fan tardar\u00e1"},"previousItem":{"@type":"ListItem","@id":"https:\/\/www.eldigitaldeasturias.com\/noticias#listItem","name":"Home"}},{"@type":"ListItem","@id":"https:\/\/www.eldigitaldeasturias.com\/noticias\/siete-horas-de-interrogatorio-el-balance-para-la-corona-aun-tardara\/#listItem","position":3,"name":"Siete horas de interrogatorio : el balance para la Corona a\u00fan tardar\u00e1","previousItem":{"@type":"ListItem","@id":"https:\/\/www.eldigitaldeasturias.com\/noticias\/category\/actualidad\/#listItem","name":"Actualidad"}}]},{"@type":"Organization","@id":"https:\/\/www.eldigitaldeasturias.com\/noticias\/#organization","name":"El Digital de Asturias","description":"Hemeroteca","url":"https:\/\/www.eldigitaldeasturias.com\/noticias\/","email":"info@eldigitaldeasturias.com","telephone":"+34652131393","logo":{"@type":"ImageObject","url":"https:\/\/www.eldigitaldeasturias.com\/noticias\/wp-content\/uploads\/2020\/12\/EDA.jpg","@id":"https:\/\/www.eldigitaldeasturias.com\/noticias\/siete-horas-de-interrogatorio-el-balance-para-la-corona-aun-tardara\/#organizationLogo"},"image":{"@id":"https:\/\/www.eldigitaldeasturias.com\/noticias\/siete-horas-de-interrogatorio-el-balance-para-la-corona-aun-tardara\/#organizationLogo"},"sameAs":["https:\/\/facebook.com\/eldigitaldeasturias","https:\/\/www.youtube.com\/channel\/UCZP-2wLEB9Rv6erhFmqVnvg"],"address":{"@id":"https:\/\/www.eldigitaldeasturias.com\/noticias\/#postaladdress","@type":"PostalAddress","streetAddress":"san antonio 4","postalCode":"33430","addressLocality":"Cand\u00e1s","addressRegion":"Asturias","addressCountry":"ES"}},{"@type":"Person","@id":"https:\/\/www.eldigitaldeasturias.com\/noticias\/author\/admin\/#author","url":"https:\/\/www.eldigitaldeasturias.com\/noticias\/author\/admin\/","name":"El Digital de Asturias","image":{"@type":"ImageObject","@id":"https:\/\/www.eldigitaldeasturias.com\/noticias\/siete-horas-de-interrogatorio-el-balance-para-la-corona-aun-tardara\/#authorImage","url":"https:\/\/secure.gravatar.com\/avatar\/df2aeffc32bcd13f8d26072ef8a91b623d677766deac7f97ca815868cd41bf5e?s=96&d=mm&r=g","width":96,"height":96,"caption":"El Digital de Asturias"}},{"@type":"WebPage","@id":"https:\/\/www.eldigitaldeasturias.com\/noticias\/siete-horas-de-interrogatorio-el-balance-para-la-corona-aun-tardara\/#webpage","url":"https:\/\/www.eldigitaldeasturias.com\/noticias\/siete-horas-de-interrogatorio-el-balance-para-la-corona-aun-tardara\/","name":"Siete horas de interrogatorio : el balance para la Corona a\u00fan tardar\u00e1 - El Digital de Asturias","description":"Palma, 9 feb (dpa) - \"Creo que en siete horas de interrogatorio se ha podido esclarecer todo y despertar en su se\u00f1or\u00eda, en las administraciones p\u00fablicas y, esperemos que tambi\u00e9n en la opini\u00f3n p\u00fablica, cu\u00e1n inocente es la infanta\". Las palabras son de Jes\u00fas Silva, uno de los abogados de la infanta Cristina de Borb\u00f3n.","inLanguage":"es-ES","isPartOf":{"@id":"https:\/\/www.eldigitaldeasturias.com\/noticias\/#website"},"breadcrumb":{"@id":"https:\/\/www.eldigitaldeasturias.com\/noticias\/siete-horas-de-interrogatorio-el-balance-para-la-corona-aun-tardara\/#breadcrumblist"},"author":{"@id":"https:\/\/www.eldigitaldeasturias.com\/noticias\/author\/admin\/#author"},"creator":{"@id":"https:\/\/www.eldigitaldeasturias.com\/noticias\/author\/admin\/#author"},"image":{"@type":"ImageObject","url":486964,"@id":"https:\/\/www.eldigitaldeasturias.com\/noticias\/siete-horas-de-interrogatorio-el-balance-para-la-corona-aun-tardara\/#mainImage"},"primaryImageOfPage":{"@id":"https:\/\/www.eldigitaldeasturias.com\/noticias\/siete-horas-de-interrogatorio-el-balance-para-la-corona-aun-tardara\/#mainImage"},"datePublished":"2014-02-09T23:43:14+01:00","dateModified":"2014-02-09T23:43:14+01:00"},{"@type":"WebSite","@id":"https:\/\/www.eldigitaldeasturias.com\/noticias\/#website","url":"https:\/\/www.eldigitaldeasturias.com\/noticias\/","name":"El Digital de Asturias - Diario de actualidad y noticias","alternateName":"El Digital de Asturias - Diario de actualidad y noticias","description":"Hemeroteca","inLanguage":"es-ES","publisher":{"@id":"https:\/\/www.eldigitaldeasturias.com\/noticias\/#organization"}}]},"og:locale":"es_ES","og:site_name":"El Digital de Asturias","og:type":"article","og:title":"Siete horas de interrogatorio : el balance para la Corona a\u00fan tardar\u00e1 - El Digital de Asturias","og:description":"Palma, 9 feb (dpa) - &quot;Creo que en siete horas de interrogatorio se ha podido esclarecer todo y despertar en su se\u00f1or\u00eda, en las administraciones p\u00fablicas y, esperemos que tambi\u00e9n en la opini\u00f3n p\u00fablica, cu\u00e1n inocente es la infanta&quot;. Las palabras son de Jes\u00fas Silva, uno de los abogados de la infanta Cristina de Borb\u00f3n.","og:url":"https:\/\/www.eldigitaldeasturias.com\/noticias\/siete-horas-de-interrogatorio-el-balance-para-la-corona-aun-tardara\/","article:tag":["actualidad"],"article:published_time":"2014-02-10T00:43:14+00:00","article:modified_time":"2014-02-10T00:43:14+00:00","article:publisher":"https:\/\/facebook.com\/eldigitaldeasturias","twitter:card":"summary_large_image","twitter:title":"Siete horas de interrogatorio : el balance para la Corona a\u00fan tardar\u00e1 - El Digital de Asturias","twitter:description":"Palma, 9 feb (dpa) - &quot;Creo que en siete horas de interrogatorio se ha podido esclarecer todo y despertar en su se\u00f1or\u00eda, en las administraciones p\u00fablicas y, esperemos que tambi\u00e9n en la opini\u00f3n p\u00fablica, cu\u00e1n inocente es la infanta&quot;. Las palabras son de Jes\u00fas Silva, uno de los abogados de la infanta Cristina de Borb\u00f3n.","twitter:label1":"Escrito por","twitter:data1":"El Digital de Asturias","twitter:label2":"Tiempo de lectura estimado","twitter:data2":"5 minutos"},"aioseo_meta_data":{"post_id":"487654","title":null,"description":null,"keywords":null,"keyphrases":null,"primary_term":null,"canonical_url":null,"og_title":null,"og_description":null,"og_object_type":"default","og_image_type":"default","og_image_url":null,"og_image_width":null,"og_image_height":null,"og_image_custom_url":null,"og_image_custom_fields":null,"og_video":null,"og_custom_url":null,"og_article_section":null,"og_article_tags":null,"twitter_use_og":true,"twitter_card":"default","twitter_image_type":"default","twitter_image_url":null,"twitter_image_custom_url":null,"twitter_image_custom_fields":null,"twitter_title":null,"twitter_description":null,"schema":{"blockGraphs":[],"customGraphs":[],"default":{"data":{"Article":[],"Course":[],"Dataset":[],"FAQPage":[],"Movie":[],"Person":[],"Product":[],"ProductReview":[],"Car":[],"Recipe":[],"Service":[],"SoftwareApplication":[],"WebPage":[]},"graphName":"","isEnabled":true},"graphs":[],"defaultGraph":"","defaultPostTypeGraph":""},"schema_type":null,"schema_type_options":null,"pillar_content":false,"robots_default":true,"robots_noindex":false,"robots_noarchive":false,"robots_nosnippet":false,"robots_nofollow":false,"robots_noimageindex":false,"robots_noodp":false,"robots_notranslate":false,"robots_max_snippet":null,"robots_max_videopreview":null,"robots_max_imagepreview":"none","priority":null,"frequency":null,"local_seo":null,"seo_analyzer_scan_date":"2026-06-03 05:24:26","breadcrumb_settings":null,"limit_modified_date":false,"open_ai":null,"ai":null,"created":"2020-11-14 22:56:58","updated":"2026-06-03 05:24:26","focus_keyword":null,"additional_keywords":null,"truseo_locale":null},"aioseo_breadcrumb":"<div class=\"aioseo-breadcrumbs\"><span class=\"aioseo-breadcrumb\">\n\t<a href=\"https:\/\/www.eldigitaldeasturias.com\/noticias\" title=\"Home\">Home<\/a>\n<\/span><span class=\"aioseo-breadcrumb-separator\">\u2013<\/span><span class=\"aioseo-breadcrumb\">\n\t<a href=\"https:\/\/www.eldigitaldeasturias.com\/noticias\/category\/actualidad\/\" title=\"Actualidad\">Actualidad<\/a>\n<\/span><span class=\"aioseo-breadcrumb-separator\">\u2013<\/span><span class=\"aioseo-breadcrumb\">\n\t<a href=\"https:\/\/www.eldigitaldeasturias.com\/noticias\/siete-horas-de-interrogatorio-el-balance-para-la-corona-aun-tardara\/\" title=\"Siete horas de interrogatorio : el balance para la Corona a\u00fan tardar\u00e1\">Siete horas de interrogatorio : el balance para la Corona a\u00fan tardar\u00e1<\/a>\n<\/span><\/div>","aioseo_breadcrumb_json":[{"label":"Home","link":"https:\/\/www.eldigitaldeasturias.com\/noticias"},{"label":"Actualidad","link":"https:\/\/www.eldigitaldeasturias.com\/noticias\/category\/actualidad\/"},{"label":"Siete horas de interrogatorio : el balance para la Corona a\u00fan tardar\u00e1","link":"https:\/\/www.eldigitaldeasturias.com\/noticias\/siete-horas-de-interrogatorio-el-balance-para-la-corona-aun-tardara\/"}],"_links":{"self":[{"href":"https:\/\/www.eldigitaldeasturias.com\/noticias\/wp-json\/wp\/v2\/posts\/487654","targetHints":{"allow":["GET"]}}],"collection":[{"href":"https:\/\/www.eldigitaldeasturias.com\/noticias\/wp-json\/wp\/v2\/posts"}],"about":[{"href":"https:\/\/www.eldigitaldeasturias.com\/noticias\/wp-json\/wp\/v2\/types\/post"}],"author":[{"embeddable":true,"href":"https:\/\/www.eldigitaldeasturias.com\/noticias\/wp-json\/wp\/v2\/users\/1"}],"replies":[{"embeddable":true,"href":"https:\/\/www.eldigitaldeasturias.com\/noticias\/wp-json\/wp\/v2\/comments?post=487654"}],"version-history":[{"count":0,"href":"https:\/\/www.eldigitaldeasturias.com\/noticias\/wp-json\/wp\/v2\/posts\/487654\/revisions"}],"wp:attachment":[{"href":"https:\/\/www.eldigitaldeasturias.com\/noticias\/wp-json\/wp\/v2\/media?parent=487654"}],"wp:term":[{"taxonomy":"category","embeddable":true,"href":"https:\/\/www.eldigitaldeasturias.com\/noticias\/wp-json\/wp\/v2\/categories?post=487654"},{"taxonomy":"post_tag","embeddable":true,"href":"https:\/\/www.eldigitaldeasturias.com\/noticias\/wp-json\/wp\/v2\/tags?post=487654"}],"curies":[{"name":"wp","href":"https:\/\/api.w.org\/{rel}","templated":true}]}}