{"id":487649,"date":"2014-02-09T23:18:51","date_gmt":"2014-02-10T00:18:51","guid":{"rendered":"http:\/\/www.eldigitaldeasturias.com\/noticias\/?p=487649"},"modified":"2014-02-09T23:24:54","modified_gmt":"2014-02-10T00:24:54","slug":"el-espanol-brazalez-con-goles-se-comenzo-a-ganar-a-la-aficion-del-america","status":"publish","type":"post","link":"https:\/\/www.eldigitaldeasturias.com\/noticias\/el-espanol-brazalez-con-goles-se-comenzo-a-ganar-a-la-aficion-del-america\/","title":{"rendered":"El espa\u00f1ol Brazalez con goles se comenz\u00f3 a ganar a la afici\u00f3n del Am\u00e9rica"},"content":{"rendered":"<p><img loading=\"lazy\" decoding=\"async\" class=\"alignleft size-medium wp-image-487650\" alt=\"5926363w\" src=\"https:\/\/www.eldigitaldeasturias.com\/noticias\/wp-content\/uploads\/2014\/02\/5926363w-360x239.jpg\" width=\"360\" height=\"239\" \/>Bogot\u00e1, 9 feb (EFE).- El delantero espa\u00f1ol Jorge Brazalez, quien a sus 25 a\u00f1os decidi\u00f3 cruzar el Atl\u00e1ntico para embarcase en una nueva aventura con el Am\u00e9rica colombiano, de la segunda divisi\u00f3n, se ha asegurado su titularidad en el equipo por el buen desempe\u00f1o que mostr\u00f3 en su debut.<\/p>\n<p>Brazalez marc\u00f3 dos de los tres goles con los que el Am\u00e9rica derrot\u00f3 por 3-1 a Expreso Rojo en la tercera jornada de la categor\u00eda B, resultado que tiene al equipo en los m\u00e1s alto de la clasificaci\u00f3n con 9 puntos.<\/p>\n<p>El partido contra el Expreso Rojo signific\u00f3 el debut del jugador espa\u00f1ol en Colombia con una excelente respuesta para la afici\u00f3n, no no solo por las dos anotaciones que marc\u00f3, sino por haber sido protagonista de otras jugadas importante del juego.<\/p>\n<p>Su desempe\u00f1o en ese partido le vali\u00f3 al espa\u00f1ol ser titular tambi\u00e9n hoy en el partido en el que enfrentan al Jaguares de C\u00f3rdoba por la cuarta jornada del torneo.<\/p>\n<p>Desde su llegada a Colombia, al lado de su compatriota Jes\u00fas Su\u00e1rez, Brazalez se sinti\u00f3 acogido por sus compa\u00f1eros de equipo, confiado adem\u00e1s en sus capacidades para aportarle lo mejor a los dirigidos por John Jairo L\u00f3pez.<\/p>\n<p>\u00abNosotros debemos demostrar nuestro juego en la cancha y all\u00ed se ver\u00e1n nuestras capacidades\u00bb, hab\u00eda se\u00f1alado Brazalez a su llegada a Colombia en enero pasado.<\/p>\n<p>\u00abEs normal que existan ciertas dudas porque pocas veces sucede que vengan jugadores de Europa a Latinoam\u00e9rica, pero tengo esp\u00edritu aventurero y esta es una buena oportunidad para jugar en un gran club\u00bb, coment\u00f3 el delantero.<\/p>\n<p>Brazalez ven\u00eda de jugar en equipos peque\u00f1os de su pa\u00eds como el Puertollano, Gimn\u00e1stica de Torrelavega, Hu\u00e9tor T\u00e1jar, Macarena y Linares Deportivo, raz\u00f3n por la cual le sedujo la idea de llegar a uno de los clubes con m\u00e1s historia en Colombia, el Am\u00e9rica, que tiene como objetivo para el pr\u00f3ximo a\u00f1o retornar a la primera divisi\u00f3n, en la que ha ganado trece t\u00edtulos.<\/p>\n","protected":false},"excerpt":{"rendered":"<p>Bogot\u00e1, 9 feb (EFE).- El delantero espa\u00f1ol Jorge Brazalez, quien a sus 25 a\u00f1os decidi\u00f3 cruzar el Atl\u00e1ntico para embarcase en una nueva aventura con el Am\u00e9rica colombiano, de la segunda divisi\u00f3n, se ha asegurado su titularidad en el equipo por el buen desempe\u00f1o que mostr\u00f3 en su debut. Brazalez marc\u00f3 dos de los tres [&hellip;]<\/p>\n","protected":false},"author":1,"featured_media":487650,"comment_status":"open","ping_status":"open","sticky":false,"template":"","format":"standard","meta":{"footnotes":""},"categories":[1],"tags":[],"class_list":["post-487649","post","type-post","status-publish","format-standard","has-post-thumbnail","hentry","category-actualidad"],"aioseo_notices":[],"aioseo_head":"\n\t\t<!-- All in One SEO Pro 5.0.1 - aioseo.com -->\n\t<meta name=\"description\" content=\"Bogot\u00e1, 9 feb (EFE).- El delantero espa\u00f1ol Jorge Brazalez, quien a sus 25 a\u00f1os decidi\u00f3 cruzar el Atl\u00e1ntico para embarcase en una nueva aventura con el Am\u00e9rica colombiano, de la segunda divisi\u00f3n, se ha asegurado su titularidad en el equipo por el buen desempe\u00f1o que mostr\u00f3 en su debut. Brazalez marc\u00f3 dos de los tres\" \/>\n\t<meta name=\"robots\" content=\"max-image-preview:large\" \/>\n\t<meta name=\"author\" content=\"El Digital de Asturias\"\/>\n\t<meta name=\"google-site-verification\" content=\"UA-38556648-1\" \/>\n\t<meta name=\"msvalidate.01\" content=\"7dfe9f3f1b24437ab69f4f2559babe99\" \/>\n\t<meta name=\"keywords\" content=\"actualidad\" \/>\n\t<link rel=\"canonical\" href=\"https:\/\/www.eldigitaldeasturias.com\/noticias\/el-espanol-brazalez-con-goles-se-comenzo-a-ganar-a-la-aficion-del-america\/\" \/>\n\t<meta name=\"generator\" content=\"All in One SEO Pro (AIOSEO) 5.0.1\" \/>\n\t\t<meta property=\"og:locale\" content=\"es_ES\" \/>\n\t\t<meta property=\"og:site_name\" content=\"El Digital de Asturias\" \/>\n\t\t<meta property=\"og:type\" content=\"article\" \/>\n\t\t<meta property=\"og:title\" content=\"El espa\u00f1ol Brazalez con goles se comenz\u00f3 a ganar a la afici\u00f3n del Am\u00e9rica - El Digital de Asturias\" \/>\n\t\t<meta property=\"og:description\" content=\"Bogot\u00e1, 9 feb (EFE).- El delantero espa\u00f1ol Jorge Brazalez, quien a sus 25 a\u00f1os decidi\u00f3 cruzar el Atl\u00e1ntico para embarcase en una nueva aventura con el Am\u00e9rica colombiano, de la segunda divisi\u00f3n, se ha asegurado su titularidad en el equipo por el buen desempe\u00f1o que mostr\u00f3 en su debut. Brazalez marc\u00f3 dos de los tres\" \/>\n\t\t<meta property=\"og:url\" content=\"https:\/\/www.eldigitaldeasturias.com\/noticias\/el-espanol-brazalez-con-goles-se-comenzo-a-ganar-a-la-aficion-del-america\/\" \/>\n\t\t<meta property=\"article:tag\" content=\"actualidad\" \/>\n\t\t<meta property=\"article:published_time\" content=\"2014-02-10T00:18:51+00:00\" \/>\n\t\t<meta property=\"article:modified_time\" content=\"2014-02-10T00:24:54+00:00\" \/>\n\t\t<meta property=\"article:publisher\" content=\"https:\/\/facebook.com\/eldigitaldeasturias\" \/>\n\t\t<meta name=\"twitter:card\" content=\"summary_large_image\" \/>\n\t\t<meta name=\"twitter:title\" content=\"El espa\u00f1ol Brazalez con goles se comenz\u00f3 a ganar a la afici\u00f3n del Am\u00e9rica - El Digital de Asturias\" \/>\n\t\t<meta name=\"twitter:description\" content=\"Bogot\u00e1, 9 feb (EFE).- El delantero espa\u00f1ol Jorge Brazalez, quien a sus 25 a\u00f1os decidi\u00f3 cruzar el Atl\u00e1ntico para embarcase en una nueva aventura con el Am\u00e9rica colombiano, de la segunda divisi\u00f3n, se ha asegurado su titularidad en el equipo por el buen desempe\u00f1o que mostr\u00f3 en su debut. Brazalez marc\u00f3 dos de los tres\" \/>\n\t\t<meta name=\"twitter:label1\" content=\"Escrito por\" \/>\n\t\t<meta name=\"twitter:data1\" content=\"El Digital de Asturias\" \/>\n\t\t<meta name=\"twitter:label2\" content=\"Tiempo de lectura estimado\" \/>\n\t\t<meta name=\"twitter:data2\" content=\"2 minutos\" \/>\n\t\t<script type=\"application\/ld+json\" class=\"aioseo-schema\">\n\t\t\t{\"@context\":\"https:\\\/\\\/schema.org\",\"@graph\":[{\"@type\":\"BlogPosting\",\"@id\":\"https:\\\/\\\/www.eldigitaldeasturias.com\\\/noticias\\\/el-espanol-brazalez-con-goles-se-comenzo-a-ganar-a-la-aficion-del-america\\\/#blogposting\",\"name\":\"El espa\\u00f1ol Brazalez con goles se comenz\\u00f3 a ganar a la afici\\u00f3n del Am\\u00e9rica - El Digital de Asturias\",\"headline\":\"El espa\\u00f1ol Brazalez con goles se comenz\\u00f3 a ganar a la afici\\u00f3n del Am\\u00e9rica\",\"author\":{\"@id\":\"https:\\\/\\\/www.eldigitaldeasturias.com\\\/noticias\\\/author\\\/admin\\\/#author\"},\"publisher\":{\"@id\":\"https:\\\/\\\/www.eldigitaldeasturias.com\\\/noticias\\\/#organization\"},\"image\":{\"@type\":\"ImageObject\",\"url\":487650},\"datePublished\":\"2014-02-09T23:18:51+01:00\",\"dateModified\":\"2014-02-09T23:24:54+01:00\",\"inLanguage\":\"es-ES\",\"mainEntityOfPage\":{\"@id\":\"https:\\\/\\\/www.eldigitaldeasturias.com\\\/noticias\\\/el-espanol-brazalez-con-goles-se-comenzo-a-ganar-a-la-aficion-del-america\\\/#webpage\"},\"isPartOf\":{\"@id\":\"https:\\\/\\\/www.eldigitaldeasturias.com\\\/noticias\\\/el-espanol-brazalez-con-goles-se-comenzo-a-ganar-a-la-aficion-del-america\\\/#webpage\"},\"articleSection\":\"Actualidad\"},{\"@type\":\"BreadcrumbList\",\"@id\":\"https:\\\/\\\/www.eldigitaldeasturias.com\\\/noticias\\\/el-espanol-brazalez-con-goles-se-comenzo-a-ganar-a-la-aficion-del-america\\\/#breadcrumblist\",\"itemListElement\":[{\"@type\":\"ListItem\",\"@id\":\"https:\\\/\\\/www.eldigitaldeasturias.com\\\/noticias#listItem\",\"position\":1,\"name\":\"Home\",\"item\":\"https:\\\/\\\/www.eldigitaldeasturias.com\\\/noticias\",\"nextItem\":{\"@type\":\"ListItem\",\"@id\":\"https:\\\/\\\/www.eldigitaldeasturias.com\\\/noticias\\\/category\\\/actualidad\\\/#listItem\",\"name\":\"Actualidad\"}},{\"@type\":\"ListItem\",\"@id\":\"https:\\\/\\\/www.eldigitaldeasturias.com\\\/noticias\\\/category\\\/actualidad\\\/#listItem\",\"position\":2,\"name\":\"Actualidad\",\"item\":\"https:\\\/\\\/www.eldigitaldeasturias.com\\\/noticias\\\/category\\\/actualidad\\\/\",\"nextItem\":{\"@type\":\"ListItem\",\"@id\":\"https:\\\/\\\/www.eldigitaldeasturias.com\\\/noticias\\\/el-espanol-brazalez-con-goles-se-comenzo-a-ganar-a-la-aficion-del-america\\\/#listItem\",\"name\":\"El espa\\u00f1ol Brazalez con goles se comenz\\u00f3 a ganar a la afici\\u00f3n del Am\\u00e9rica\"},\"previousItem\":{\"@type\":\"ListItem\",\"@id\":\"https:\\\/\\\/www.eldigitaldeasturias.com\\\/noticias#listItem\",\"name\":\"Home\"}},{\"@type\":\"ListItem\",\"@id\":\"https:\\\/\\\/www.eldigitaldeasturias.com\\\/noticias\\\/el-espanol-brazalez-con-goles-se-comenzo-a-ganar-a-la-aficion-del-america\\\/#listItem\",\"position\":3,\"name\":\"El espa\\u00f1ol Brazalez con goles se comenz\\u00f3 a ganar a la afici\\u00f3n del Am\\u00e9rica\",\"previousItem\":{\"@type\":\"ListItem\",\"@id\":\"https:\\\/\\\/www.eldigitaldeasturias.com\\\/noticias\\\/category\\\/actualidad\\\/#listItem\",\"name\":\"Actualidad\"}}]},{\"@type\":\"Organization\",\"@id\":\"https:\\\/\\\/www.eldigitaldeasturias.com\\\/noticias\\\/#organization\",\"name\":\"El Digital de Asturias\",\"description\":\"Hemeroteca\",\"url\":\"https:\\\/\\\/www.eldigitaldeasturias.com\\\/noticias\\\/\",\"email\":\"info@eldigitaldeasturias.com\",\"telephone\":\"+34652131393\",\"logo\":{\"@type\":\"ImageObject\",\"url\":\"https:\\\/\\\/www.eldigitaldeasturias.com\\\/noticias\\\/wp-content\\\/uploads\\\/2020\\\/12\\\/EDA.jpg\",\"@id\":\"https:\\\/\\\/www.eldigitaldeasturias.com\\\/noticias\\\/el-espanol-brazalez-con-goles-se-comenzo-a-ganar-a-la-aficion-del-america\\\/#organizationLogo\"},\"image\":{\"@id\":\"https:\\\/\\\/www.eldigitaldeasturias.com\\\/noticias\\\/el-espanol-brazalez-con-goles-se-comenzo-a-ganar-a-la-aficion-del-america\\\/#organizationLogo\"},\"sameAs\":[\"https:\\\/\\\/facebook.com\\\/eldigitaldeasturias\",\"https:\\\/\\\/www.youtube.com\\\/channel\\\/UCZP-2wLEB9Rv6erhFmqVnvg\"],\"address\":{\"@id\":\"https:\\\/\\\/www.eldigitaldeasturias.com\\\/noticias\\\/#postaladdress\",\"@type\":\"PostalAddress\",\"streetAddress\":\"san antonio 4\",\"postalCode\":\"33430\",\"addressLocality\":\"Cand\\u00e1s\",\"addressRegion\":\"Asturias\",\"addressCountry\":\"ES\"}},{\"@type\":\"Person\",\"@id\":\"https:\\\/\\\/www.eldigitaldeasturias.com\\\/noticias\\\/author\\\/admin\\\/#author\",\"url\":\"https:\\\/\\\/www.eldigitaldeasturias.com\\\/noticias\\\/author\\\/admin\\\/\",\"name\":\"El Digital de Asturias\",\"image\":{\"@type\":\"ImageObject\",\"@id\":\"https:\\\/\\\/www.eldigitaldeasturias.com\\\/noticias\\\/el-espanol-brazalez-con-goles-se-comenzo-a-ganar-a-la-aficion-del-america\\\/#authorImage\",\"url\":\"https:\\\/\\\/secure.gravatar.com\\\/avatar\\\/df2aeffc32bcd13f8d26072ef8a91b623d677766deac7f97ca815868cd41bf5e?s=96&d=mm&r=g\",\"width\":96,\"height\":96,\"caption\":\"El Digital de Asturias\"}},{\"@type\":\"WebPage\",\"@id\":\"https:\\\/\\\/www.eldigitaldeasturias.com\\\/noticias\\\/el-espanol-brazalez-con-goles-se-comenzo-a-ganar-a-la-aficion-del-america\\\/#webpage\",\"url\":\"https:\\\/\\\/www.eldigitaldeasturias.com\\\/noticias\\\/el-espanol-brazalez-con-goles-se-comenzo-a-ganar-a-la-aficion-del-america\\\/\",\"name\":\"El espa\\u00f1ol Brazalez con goles se comenz\\u00f3 a ganar a la afici\\u00f3n del Am\\u00e9rica - El Digital de Asturias\",\"description\":\"Bogot\\u00e1, 9 feb (EFE).- El delantero espa\\u00f1ol Jorge Brazalez, quien a sus 25 a\\u00f1os decidi\\u00f3 cruzar el Atl\\u00e1ntico para embarcase en una nueva aventura con el Am\\u00e9rica colombiano, de la segunda divisi\\u00f3n, se ha asegurado su titularidad en el equipo por el buen desempe\\u00f1o que mostr\\u00f3 en su debut. Brazalez marc\\u00f3 dos de los tres\",\"inLanguage\":\"es-ES\",\"isPartOf\":{\"@id\":\"https:\\\/\\\/www.eldigitaldeasturias.com\\\/noticias\\\/#website\"},\"breadcrumb\":{\"@id\":\"https:\\\/\\\/www.eldigitaldeasturias.com\\\/noticias\\\/el-espanol-brazalez-con-goles-se-comenzo-a-ganar-a-la-aficion-del-america\\\/#breadcrumblist\"},\"author\":{\"@id\":\"https:\\\/\\\/www.eldigitaldeasturias.com\\\/noticias\\\/author\\\/admin\\\/#author\"},\"creator\":{\"@id\":\"https:\\\/\\\/www.eldigitaldeasturias.com\\\/noticias\\\/author\\\/admin\\\/#author\"},\"image\":{\"@type\":\"ImageObject\",\"url\":487650,\"@id\":\"https:\\\/\\\/www.eldigitaldeasturias.com\\\/noticias\\\/el-espanol-brazalez-con-goles-se-comenzo-a-ganar-a-la-aficion-del-america\\\/#mainImage\"},\"primaryImageOfPage\":{\"@id\":\"https:\\\/\\\/www.eldigitaldeasturias.com\\\/noticias\\\/el-espanol-brazalez-con-goles-se-comenzo-a-ganar-a-la-aficion-del-america\\\/#mainImage\"},\"datePublished\":\"2014-02-09T23:18:51+01:00\",\"dateModified\":\"2014-02-09T23:24:54+01:00\"},{\"@type\":\"WebSite\",\"@id\":\"https:\\\/\\\/www.eldigitaldeasturias.com\\\/noticias\\\/#website\",\"url\":\"https:\\\/\\\/www.eldigitaldeasturias.com\\\/noticias\\\/\",\"name\":\"El Digital de Asturias - Diario de actualidad y noticias\",\"alternateName\":\"El Digital de Asturias - Diario de actualidad y noticias\",\"description\":\"Hemeroteca\",\"inLanguage\":\"es-ES\",\"publisher\":{\"@id\":\"https:\\\/\\\/www.eldigitaldeasturias.com\\\/noticias\\\/#organization\"}}]}\n\t\t<\/script>\n\t\t<!-- All in One SEO Pro -->\r\n\t\t<title>El espa\u00f1ol Brazalez con goles se comenz\u00f3 a ganar a la afici\u00f3n del Am\u00e9rica - El Digital de Asturias<\/title>\n\n","aioseo_head_json":{"title":"El espa\u00f1ol Brazalez con goles se comenz\u00f3 a ganar a la afici\u00f3n del Am\u00e9rica - El Digital de Asturias","description":"Bogot\u00e1, 9 feb (EFE).- El delantero espa\u00f1ol Jorge Brazalez, quien a sus 25 a\u00f1os decidi\u00f3 cruzar el Atl\u00e1ntico para embarcase en una nueva aventura con el Am\u00e9rica colombiano, de la segunda divisi\u00f3n, se ha asegurado su titularidad en el equipo por el buen desempe\u00f1o que mostr\u00f3 en su debut. Brazalez marc\u00f3 dos de los tres","canonical_url":"https:\/\/www.eldigitaldeasturias.com\/noticias\/el-espanol-brazalez-con-goles-se-comenzo-a-ganar-a-la-aficion-del-america\/","robots":"max-image-preview:large","keywords":"actualidad","webmasterTools":{"google-site-verification":"UA-38556648-1","msvalidate.01":"7dfe9f3f1b24437ab69f4f2559babe99","miscellaneous":""},"schema":{"@context":"https:\/\/schema.org","@graph":[{"@type":"BlogPosting","@id":"https:\/\/www.eldigitaldeasturias.com\/noticias\/el-espanol-brazalez-con-goles-se-comenzo-a-ganar-a-la-aficion-del-america\/#blogposting","name":"El espa\u00f1ol Brazalez con goles se comenz\u00f3 a ganar a la afici\u00f3n del Am\u00e9rica - El Digital de Asturias","headline":"El espa\u00f1ol Brazalez con goles se comenz\u00f3 a ganar a la afici\u00f3n del Am\u00e9rica","author":{"@id":"https:\/\/www.eldigitaldeasturias.com\/noticias\/author\/admin\/#author"},"publisher":{"@id":"https:\/\/www.eldigitaldeasturias.com\/noticias\/#organization"},"image":{"@type":"ImageObject","url":487650},"datePublished":"2014-02-09T23:18:51+01:00","dateModified":"2014-02-09T23:24:54+01:00","inLanguage":"es-ES","mainEntityOfPage":{"@id":"https:\/\/www.eldigitaldeasturias.com\/noticias\/el-espanol-brazalez-con-goles-se-comenzo-a-ganar-a-la-aficion-del-america\/#webpage"},"isPartOf":{"@id":"https:\/\/www.eldigitaldeasturias.com\/noticias\/el-espanol-brazalez-con-goles-se-comenzo-a-ganar-a-la-aficion-del-america\/#webpage"},"articleSection":"Actualidad"},{"@type":"BreadcrumbList","@id":"https:\/\/www.eldigitaldeasturias.com\/noticias\/el-espanol-brazalez-con-goles-se-comenzo-a-ganar-a-la-aficion-del-america\/#breadcrumblist","itemListElement":[{"@type":"ListItem","@id":"https:\/\/www.eldigitaldeasturias.com\/noticias#listItem","position":1,"name":"Home","item":"https:\/\/www.eldigitaldeasturias.com\/noticias","nextItem":{"@type":"ListItem","@id":"https:\/\/www.eldigitaldeasturias.com\/noticias\/category\/actualidad\/#listItem","name":"Actualidad"}},{"@type":"ListItem","@id":"https:\/\/www.eldigitaldeasturias.com\/noticias\/category\/actualidad\/#listItem","position":2,"name":"Actualidad","item":"https:\/\/www.eldigitaldeasturias.com\/noticias\/category\/actualidad\/","nextItem":{"@type":"ListItem","@id":"https:\/\/www.eldigitaldeasturias.com\/noticias\/el-espanol-brazalez-con-goles-se-comenzo-a-ganar-a-la-aficion-del-america\/#listItem","name":"El espa\u00f1ol Brazalez con goles se comenz\u00f3 a ganar a la afici\u00f3n del Am\u00e9rica"},"previousItem":{"@type":"ListItem","@id":"https:\/\/www.eldigitaldeasturias.com\/noticias#listItem","name":"Home"}},{"@type":"ListItem","@id":"https:\/\/www.eldigitaldeasturias.com\/noticias\/el-espanol-brazalez-con-goles-se-comenzo-a-ganar-a-la-aficion-del-america\/#listItem","position":3,"name":"El espa\u00f1ol Brazalez con goles se comenz\u00f3 a ganar a la afici\u00f3n del Am\u00e9rica","previousItem":{"@type":"ListItem","@id":"https:\/\/www.eldigitaldeasturias.com\/noticias\/category\/actualidad\/#listItem","name":"Actualidad"}}]},{"@type":"Organization","@id":"https:\/\/www.eldigitaldeasturias.com\/noticias\/#organization","name":"El Digital de Asturias","description":"Hemeroteca","url":"https:\/\/www.eldigitaldeasturias.com\/noticias\/","email":"info@eldigitaldeasturias.com","telephone":"+34652131393","logo":{"@type":"ImageObject","url":"https:\/\/www.eldigitaldeasturias.com\/noticias\/wp-content\/uploads\/2020\/12\/EDA.jpg","@id":"https:\/\/www.eldigitaldeasturias.com\/noticias\/el-espanol-brazalez-con-goles-se-comenzo-a-ganar-a-la-aficion-del-america\/#organizationLogo"},"image":{"@id":"https:\/\/www.eldigitaldeasturias.com\/noticias\/el-espanol-brazalez-con-goles-se-comenzo-a-ganar-a-la-aficion-del-america\/#organizationLogo"},"sameAs":["https:\/\/facebook.com\/eldigitaldeasturias","https:\/\/www.youtube.com\/channel\/UCZP-2wLEB9Rv6erhFmqVnvg"],"address":{"@id":"https:\/\/www.eldigitaldeasturias.com\/noticias\/#postaladdress","@type":"PostalAddress","streetAddress":"san antonio 4","postalCode":"33430","addressLocality":"Cand\u00e1s","addressRegion":"Asturias","addressCountry":"ES"}},{"@type":"Person","@id":"https:\/\/www.eldigitaldeasturias.com\/noticias\/author\/admin\/#author","url":"https:\/\/www.eldigitaldeasturias.com\/noticias\/author\/admin\/","name":"El Digital de Asturias","image":{"@type":"ImageObject","@id":"https:\/\/www.eldigitaldeasturias.com\/noticias\/el-espanol-brazalez-con-goles-se-comenzo-a-ganar-a-la-aficion-del-america\/#authorImage","url":"https:\/\/secure.gravatar.com\/avatar\/df2aeffc32bcd13f8d26072ef8a91b623d677766deac7f97ca815868cd41bf5e?s=96&d=mm&r=g","width":96,"height":96,"caption":"El Digital de Asturias"}},{"@type":"WebPage","@id":"https:\/\/www.eldigitaldeasturias.com\/noticias\/el-espanol-brazalez-con-goles-se-comenzo-a-ganar-a-la-aficion-del-america\/#webpage","url":"https:\/\/www.eldigitaldeasturias.com\/noticias\/el-espanol-brazalez-con-goles-se-comenzo-a-ganar-a-la-aficion-del-america\/","name":"El espa\u00f1ol Brazalez con goles se comenz\u00f3 a ganar a la afici\u00f3n del Am\u00e9rica - El Digital de Asturias","description":"Bogot\u00e1, 9 feb (EFE).- El delantero espa\u00f1ol Jorge Brazalez, quien a sus 25 a\u00f1os decidi\u00f3 cruzar el Atl\u00e1ntico para embarcase en una nueva aventura con el Am\u00e9rica colombiano, de la segunda divisi\u00f3n, se ha asegurado su titularidad en el equipo por el buen desempe\u00f1o que mostr\u00f3 en su debut. Brazalez marc\u00f3 dos de los tres","inLanguage":"es-ES","isPartOf":{"@id":"https:\/\/www.eldigitaldeasturias.com\/noticias\/#website"},"breadcrumb":{"@id":"https:\/\/www.eldigitaldeasturias.com\/noticias\/el-espanol-brazalez-con-goles-se-comenzo-a-ganar-a-la-aficion-del-america\/#breadcrumblist"},"author":{"@id":"https:\/\/www.eldigitaldeasturias.com\/noticias\/author\/admin\/#author"},"creator":{"@id":"https:\/\/www.eldigitaldeasturias.com\/noticias\/author\/admin\/#author"},"image":{"@type":"ImageObject","url":487650,"@id":"https:\/\/www.eldigitaldeasturias.com\/noticias\/el-espanol-brazalez-con-goles-se-comenzo-a-ganar-a-la-aficion-del-america\/#mainImage"},"primaryImageOfPage":{"@id":"https:\/\/www.eldigitaldeasturias.com\/noticias\/el-espanol-brazalez-con-goles-se-comenzo-a-ganar-a-la-aficion-del-america\/#mainImage"},"datePublished":"2014-02-09T23:18:51+01:00","dateModified":"2014-02-09T23:24:54+01:00"},{"@type":"WebSite","@id":"https:\/\/www.eldigitaldeasturias.com\/noticias\/#website","url":"https:\/\/www.eldigitaldeasturias.com\/noticias\/","name":"El Digital de Asturias - Diario de actualidad y noticias","alternateName":"El Digital de Asturias - Diario de actualidad y noticias","description":"Hemeroteca","inLanguage":"es-ES","publisher":{"@id":"https:\/\/www.eldigitaldeasturias.com\/noticias\/#organization"}}]},"og:locale":"es_ES","og:site_name":"El Digital de Asturias","og:type":"article","og:title":"El espa\u00f1ol Brazalez con goles se comenz\u00f3 a ganar a la afici\u00f3n del Am\u00e9rica - El Digital de Asturias","og:description":"Bogot\u00e1, 9 feb (EFE).- El delantero espa\u00f1ol Jorge Brazalez, quien a sus 25 a\u00f1os decidi\u00f3 cruzar el Atl\u00e1ntico para embarcase en una nueva aventura con el Am\u00e9rica colombiano, de la segunda divisi\u00f3n, se ha asegurado su titularidad en el equipo por el buen desempe\u00f1o que mostr\u00f3 en su debut. Brazalez marc\u00f3 dos de los tres","og:url":"https:\/\/www.eldigitaldeasturias.com\/noticias\/el-espanol-brazalez-con-goles-se-comenzo-a-ganar-a-la-aficion-del-america\/","article:tag":["actualidad"],"article:published_time":"2014-02-10T00:18:51+00:00","article:modified_time":"2014-02-10T00:24:54+00:00","article:publisher":"https:\/\/facebook.com\/eldigitaldeasturias","twitter:card":"summary_large_image","twitter:title":"El espa\u00f1ol Brazalez con goles se comenz\u00f3 a ganar a la afici\u00f3n del Am\u00e9rica - El Digital de Asturias","twitter:description":"Bogot\u00e1, 9 feb (EFE).- El delantero espa\u00f1ol Jorge Brazalez, quien a sus 25 a\u00f1os decidi\u00f3 cruzar el Atl\u00e1ntico para embarcase en una nueva aventura con el Am\u00e9rica colombiano, de la segunda divisi\u00f3n, se ha asegurado su titularidad en el equipo por el buen desempe\u00f1o que mostr\u00f3 en su debut. Brazalez marc\u00f3 dos de los tres","twitter:label1":"Escrito por","twitter:data1":"El Digital de Asturias","twitter:label2":"Tiempo de lectura estimado","twitter:data2":"2 minutos"},"aioseo_meta_data":{"post_id":"487649","title":null,"description":null,"keywords":null,"keyphrases":null,"primary_term":null,"canonical_url":null,"og_title":null,"og_description":null,"og_object_type":"default","og_image_type":"default","og_image_url":null,"og_image_width":null,"og_image_height":null,"og_image_custom_url":null,"og_image_custom_fields":null,"og_video":null,"og_custom_url":null,"og_article_section":null,"og_article_tags":null,"twitter_use_og":true,"twitter_card":"default","twitter_image_type":"default","twitter_image_url":null,"twitter_image_custom_url":null,"twitter_image_custom_fields":null,"twitter_title":null,"twitter_description":null,"schema":{"blockGraphs":[],"customGraphs":[],"default":{"data":{"Article":[],"Course":[],"Dataset":[],"FAQPage":[],"Movie":[],"Person":[],"Product":[],"ProductReview":[],"Car":[],"Recipe":[],"Service":[],"SoftwareApplication":[],"WebPage":[]},"graphName":"","isEnabled":true},"graphs":[],"defaultGraph":"","defaultPostTypeGraph":""},"schema_type":null,"schema_type_options":null,"pillar_content":false,"robots_default":true,"robots_noindex":false,"robots_noarchive":false,"robots_nosnippet":false,"robots_nofollow":false,"robots_noimageindex":false,"robots_noodp":false,"robots_notranslate":false,"robots_max_snippet":null,"robots_max_videopreview":null,"robots_max_imagepreview":"none","priority":null,"frequency":null,"local_seo":null,"seo_analyzer_scan_date":"2026-06-03 05:24:27","breadcrumb_settings":null,"limit_modified_date":false,"open_ai":null,"ai":null,"created":"2020-11-14 22:56:58","updated":"2026-06-03 05:24:27","focus_keyword":null,"additional_keywords":null,"truseo_locale":null},"aioseo_breadcrumb":"<div class=\"aioseo-breadcrumbs\"><span class=\"aioseo-breadcrumb\">\n\t<a href=\"https:\/\/www.eldigitaldeasturias.com\/noticias\" title=\"Home\">Home<\/a>\n<\/span><span class=\"aioseo-breadcrumb-separator\">\u2013<\/span><span class=\"aioseo-breadcrumb\">\n\t<a href=\"https:\/\/www.eldigitaldeasturias.com\/noticias\/category\/actualidad\/\" title=\"Actualidad\">Actualidad<\/a>\n<\/span><span class=\"aioseo-breadcrumb-separator\">\u2013<\/span><span class=\"aioseo-breadcrumb\">\n\t<a href=\"https:\/\/www.eldigitaldeasturias.com\/noticias\/el-espanol-brazalez-con-goles-se-comenzo-a-ganar-a-la-aficion-del-america\/\" title=\"El espa\u00f1ol Brazalez con goles se comenz\u00f3 a ganar a la afici\u00f3n del Am\u00e9rica\">El espa\u00f1ol Brazalez con goles se comenz\u00f3 a ganar a la afici\u00f3n del Am\u00e9rica<\/a>\n<\/span><\/div>","aioseo_breadcrumb_json":[{"label":"Home","link":"https:\/\/www.eldigitaldeasturias.com\/noticias"},{"label":"Actualidad","link":"https:\/\/www.eldigitaldeasturias.com\/noticias\/category\/actualidad\/"},{"label":"El espa\u00f1ol Brazalez con goles se comenz\u00f3 a ganar a la afici\u00f3n del Am\u00e9rica","link":"https:\/\/www.eldigitaldeasturias.com\/noticias\/el-espanol-brazalez-con-goles-se-comenzo-a-ganar-a-la-aficion-del-america\/"}],"_links":{"self":[{"href":"https:\/\/www.eldigitaldeasturias.com\/noticias\/wp-json\/wp\/v2\/posts\/487649","targetHints":{"allow":["GET"]}}],"collection":[{"href":"https:\/\/www.eldigitaldeasturias.com\/noticias\/wp-json\/wp\/v2\/posts"}],"about":[{"href":"https:\/\/www.eldigitaldeasturias.com\/noticias\/wp-json\/wp\/v2\/types\/post"}],"author":[{"embeddable":true,"href":"https:\/\/www.eldigitaldeasturias.com\/noticias\/wp-json\/wp\/v2\/users\/1"}],"replies":[{"embeddable":true,"href":"https:\/\/www.eldigitaldeasturias.com\/noticias\/wp-json\/wp\/v2\/comments?post=487649"}],"version-history":[{"count":0,"href":"https:\/\/www.eldigitaldeasturias.com\/noticias\/wp-json\/wp\/v2\/posts\/487649\/revisions"}],"wp:attachment":[{"href":"https:\/\/www.eldigitaldeasturias.com\/noticias\/wp-json\/wp\/v2\/media?parent=487649"}],"wp:term":[{"taxonomy":"category","embeddable":true,"href":"https:\/\/www.eldigitaldeasturias.com\/noticias\/wp-json\/wp\/v2\/categories?post=487649"},{"taxonomy":"post_tag","embeddable":true,"href":"https:\/\/www.eldigitaldeasturias.com\/noticias\/wp-json\/wp\/v2\/tags?post=487649"}],"curies":[{"name":"wp","href":"https:\/\/api.w.org\/{rel}","templated":true}]}}