{"id":487625,"date":"2014-02-09T23:07:49","date_gmt":"2014-02-10T00:07:49","guid":{"rendered":"http:\/\/www.eldigitaldeasturias.com\/noticias\/?p=487625"},"modified":"2014-02-09T23:07:49","modified_gmt":"2014-02-10T00:07:49","slug":"el-temporal-pone-en-alerta-a-casi-toda-espana","status":"publish","type":"post","link":"https:\/\/www.eldigitaldeasturias.com\/noticias\/el-temporal-pone-en-alerta-a-casi-toda-espana\/","title":{"rendered":"El temporal pone en alerta a casi toda Espa\u00f1a"},"content":{"rendered":"<p><img loading=\"lazy\" decoding=\"async\" class=\"alignleft size-medium wp-image-487626\" alt=\"5925522w\" src=\"https:\/\/www.eldigitaldeasturias.com\/noticias\/wp-content\/uploads\/2014\/02\/5925522w-360x239.jpg\" width=\"360\" height=\"239\" \/>Madrid, 9 feb (EFE).- La nueva borrasca procedente del Atl\u00e1ntico Norte que llegar\u00e1 esta tarde a la pen\u00ednsula y cruzar\u00e1 el pa\u00eds de oeste a este ha vuelto a poner en alerta a casi toda Espa\u00f1a, seg\u00fan la Agencia Estatal de Meteorolog\u00eda (Aemet).<\/p>\n<p>La nota dominante del temporal ser\u00e1 nuevamente el viento, que soplar\u00e1 muy fuerte en toda la pen\u00ednsula.<\/p>\n<p>En nivel de riesgo importante (naranja) por viento est\u00e1n todas las provincias andaluzas, salvo Almer\u00eda, donde las rachas rondar\u00e1n los 90 y 95 kil\u00f3metros hora y llegar\u00e1n a los 100 en el Estrecho.<\/p>\n<p>Tambi\u00e9n en nivel naranja por viento se encuentran Albacete, Toledo, Ciudad Real, Navarra, C\u00e1ceres y Badajoz, todas ellas con rachas que llegar\u00e1n a los 90 km\/h.<\/p>\n<p>Adem\u00e1s, en nivel de riesgo amarillo, tambi\u00e9n por viento, est\u00e1n Almer\u00eda, Cantabria, Cuenca, Guadalajara, todas las provincias de Castilla y Le\u00f3n, Ceuta, Madrid, A Coru\u00f1a, Ourense, Pontevedra, La Rioja, \u00c1lava, Vizcaya, Guip\u00fazcoa y Murcia.<\/p>\n<p>En todas estas provincias, el viento alcanzar\u00e1 rachas m\u00e1ximas que oscilar\u00e1n entre los 70 y los 90 kil\u00f3metros hora.<\/p>\n<p>El temporal tambi\u00e9n ha puesto en aviso por fen\u00f3menos costeros de nivel importante (naranja) a C\u00e1diz, Huelva, M\u00e1laga, Cantabria, Alicante, A Coru\u00f1a, Lugo, Pontevedra, Vizcaya, Guip\u00fazcoa, Asturias y Murcia.<\/p>\n<p>En todas estas provincias, el temporal ir\u00e1 aumentando progresivamente la mar gruesa hasta dejar olas de cinco y seis metros en todas ellas, y de siete en el litoral gallego y vasco.<\/p>\n<p>En nivel amarillo por fen\u00f3menos costeros est\u00e1n: Almer\u00eda, Granada, Ceuta, Ibiza y Formentera.<\/p>\n<p>La nueva borrasca atl\u00e1ntica dejar\u00e1 tambi\u00e9n copiosas nevadas en la mitad norte peninsular, aunque todas las provincias afectadas est\u00e1n en aviso amarillo, salvo Madrid (nivel naranja), donde la nieve dejar\u00e1 22 cent\u00edmetros en la Sierra.<\/p>\n<p>En Huesca, Teruel, Zaragoza, Cantabria, Lleida, C\u00e1ceres, Ourense y Asturias se acumular\u00e1n 5 cent\u00edmetros de nieve; 10 cent\u00edmetros en \u00c1vila, Burgos, Palencia, Segovia y Soria; 12 en La Rioja; 15 en Salamanca, Zamora, Le\u00f3n y Cuenca, y 17 en Guadalajara.<\/p>\n<p>Adem\u00e1s, en pr\u00e1cticamente la mitad sur peninsular, los restos de la borrasca atl\u00e1ntica que ha cruzado el pa\u00eds durante este fin de semana dejar\u00e1n abundantes lluvias en toda Andaluc\u00eda, as\u00ed como en Ciudad Real, Toledo, C\u00e1ceres y Badajoz (todas ellas con 40 litros por metro cuadrado en doce horas).<\/p>\n<p>En M\u00e1laga, advierte la Aemet, podr\u00e1n caer 70 litros en menos de doce horas.<\/p>\n","protected":false},"excerpt":{"rendered":"<p>Madrid, 9 feb (EFE).- La nueva borrasca procedente del Atl\u00e1ntico Norte que llegar\u00e1 esta tarde a la pen\u00ednsula y cruzar\u00e1 el pa\u00eds de oeste a este ha vuelto a poner en alerta a casi toda Espa\u00f1a, seg\u00fan la Agencia Estatal de Meteorolog\u00eda (Aemet). La nota dominante del temporal ser\u00e1 nuevamente el viento, que soplar\u00e1 muy [&hellip;]<\/p>\n","protected":false},"author":1,"featured_media":487626,"comment_status":"open","ping_status":"open","sticky":false,"template":"","format":"standard","meta":{"footnotes":""},"categories":[1],"tags":[],"class_list":["post-487625","post","type-post","status-publish","format-standard","has-post-thumbnail","hentry","category-actualidad"],"aioseo_notices":[],"aioseo_head":"\n\t\t<!-- All in One SEO Pro 5.0.1 - aioseo.com -->\n\t<meta name=\"description\" content=\"Madrid, 9 feb (EFE).- La nueva borrasca procedente del Atl\u00e1ntico Norte que llegar\u00e1 esta tarde a la pen\u00ednsula y cruzar\u00e1 el pa\u00eds de oeste a este ha vuelto a poner en alerta a casi toda Espa\u00f1a, seg\u00fan la Agencia Estatal de Meteorolog\u00eda (Aemet). La nota dominante del temporal ser\u00e1 nuevamente el viento, que soplar\u00e1 muy\" \/>\n\t<meta name=\"robots\" content=\"max-image-preview:large\" \/>\n\t<meta name=\"author\" content=\"El Digital de Asturias\"\/>\n\t<meta name=\"google-site-verification\" content=\"UA-38556648-1\" \/>\n\t<meta name=\"msvalidate.01\" content=\"7dfe9f3f1b24437ab69f4f2559babe99\" \/>\n\t<meta name=\"keywords\" content=\"actualidad\" \/>\n\t<link rel=\"canonical\" href=\"https:\/\/www.eldigitaldeasturias.com\/noticias\/el-temporal-pone-en-alerta-a-casi-toda-espana\/\" \/>\n\t<meta name=\"generator\" content=\"All in One SEO Pro (AIOSEO) 5.0.1\" \/>\n\t\t<meta property=\"og:locale\" content=\"es_ES\" \/>\n\t\t<meta property=\"og:site_name\" content=\"El Digital de Asturias\" \/>\n\t\t<meta property=\"og:type\" content=\"article\" \/>\n\t\t<meta property=\"og:title\" content=\"El temporal pone en alerta a casi toda Espa\u00f1a - El Digital de Asturias\" \/>\n\t\t<meta property=\"og:description\" content=\"Madrid, 9 feb (EFE).- La nueva borrasca procedente del Atl\u00e1ntico Norte que llegar\u00e1 esta tarde a la pen\u00ednsula y cruzar\u00e1 el pa\u00eds de oeste a este ha vuelto a poner en alerta a casi toda Espa\u00f1a, seg\u00fan la Agencia Estatal de Meteorolog\u00eda (Aemet). La nota dominante del temporal ser\u00e1 nuevamente el viento, que soplar\u00e1 muy\" \/>\n\t\t<meta property=\"og:url\" content=\"https:\/\/www.eldigitaldeasturias.com\/noticias\/el-temporal-pone-en-alerta-a-casi-toda-espana\/\" \/>\n\t\t<meta property=\"article:tag\" content=\"actualidad\" \/>\n\t\t<meta property=\"article:published_time\" content=\"2014-02-10T00:07:49+00:00\" \/>\n\t\t<meta property=\"article:modified_time\" content=\"2014-02-10T00:07:49+00:00\" \/>\n\t\t<meta property=\"article:publisher\" content=\"https:\/\/facebook.com\/eldigitaldeasturias\" \/>\n\t\t<meta name=\"twitter:card\" content=\"summary_large_image\" \/>\n\t\t<meta name=\"twitter:title\" content=\"El temporal pone en alerta a casi toda Espa\u00f1a - El Digital de Asturias\" \/>\n\t\t<meta name=\"twitter:description\" content=\"Madrid, 9 feb (EFE).- La nueva borrasca procedente del Atl\u00e1ntico Norte que llegar\u00e1 esta tarde a la pen\u00ednsula y cruzar\u00e1 el pa\u00eds de oeste a este ha vuelto a poner en alerta a casi toda Espa\u00f1a, seg\u00fan la Agencia Estatal de Meteorolog\u00eda (Aemet). La nota dominante del temporal ser\u00e1 nuevamente el viento, que soplar\u00e1 muy\" \/>\n\t\t<meta name=\"twitter:label1\" content=\"Escrito por\" \/>\n\t\t<meta name=\"twitter:data1\" content=\"El Digital de Asturias\" \/>\n\t\t<meta name=\"twitter:label2\" content=\"Tiempo de lectura estimado\" \/>\n\t\t<meta name=\"twitter:data2\" content=\"2 minutos\" \/>\n\t\t<script type=\"application\/ld+json\" class=\"aioseo-schema\">\n\t\t\t{\"@context\":\"https:\\\/\\\/schema.org\",\"@graph\":[{\"@type\":\"BlogPosting\",\"@id\":\"https:\\\/\\\/www.eldigitaldeasturias.com\\\/noticias\\\/el-temporal-pone-en-alerta-a-casi-toda-espana\\\/#blogposting\",\"name\":\"El temporal pone en alerta a casi toda Espa\\u00f1a - El Digital de Asturias\",\"headline\":\"El temporal pone en alerta a casi toda Espa\\u00f1a\",\"author\":{\"@id\":\"https:\\\/\\\/www.eldigitaldeasturias.com\\\/noticias\\\/author\\\/admin\\\/#author\"},\"publisher\":{\"@id\":\"https:\\\/\\\/www.eldigitaldeasturias.com\\\/noticias\\\/#organization\"},\"image\":{\"@type\":\"ImageObject\",\"url\":487626},\"datePublished\":\"2014-02-09T23:07:49+01:00\",\"dateModified\":\"2014-02-09T23:07:49+01:00\",\"inLanguage\":\"es-ES\",\"mainEntityOfPage\":{\"@id\":\"https:\\\/\\\/www.eldigitaldeasturias.com\\\/noticias\\\/el-temporal-pone-en-alerta-a-casi-toda-espana\\\/#webpage\"},\"isPartOf\":{\"@id\":\"https:\\\/\\\/www.eldigitaldeasturias.com\\\/noticias\\\/el-temporal-pone-en-alerta-a-casi-toda-espana\\\/#webpage\"},\"articleSection\":\"Actualidad\"},{\"@type\":\"BreadcrumbList\",\"@id\":\"https:\\\/\\\/www.eldigitaldeasturias.com\\\/noticias\\\/el-temporal-pone-en-alerta-a-casi-toda-espana\\\/#breadcrumblist\",\"itemListElement\":[{\"@type\":\"ListItem\",\"@id\":\"https:\\\/\\\/www.eldigitaldeasturias.com\\\/noticias#listItem\",\"position\":1,\"name\":\"Home\",\"item\":\"https:\\\/\\\/www.eldigitaldeasturias.com\\\/noticias\",\"nextItem\":{\"@type\":\"ListItem\",\"@id\":\"https:\\\/\\\/www.eldigitaldeasturias.com\\\/noticias\\\/category\\\/actualidad\\\/#listItem\",\"name\":\"Actualidad\"}},{\"@type\":\"ListItem\",\"@id\":\"https:\\\/\\\/www.eldigitaldeasturias.com\\\/noticias\\\/category\\\/actualidad\\\/#listItem\",\"position\":2,\"name\":\"Actualidad\",\"item\":\"https:\\\/\\\/www.eldigitaldeasturias.com\\\/noticias\\\/category\\\/actualidad\\\/\",\"nextItem\":{\"@type\":\"ListItem\",\"@id\":\"https:\\\/\\\/www.eldigitaldeasturias.com\\\/noticias\\\/el-temporal-pone-en-alerta-a-casi-toda-espana\\\/#listItem\",\"name\":\"El temporal pone en alerta a casi toda Espa\\u00f1a\"},\"previousItem\":{\"@type\":\"ListItem\",\"@id\":\"https:\\\/\\\/www.eldigitaldeasturias.com\\\/noticias#listItem\",\"name\":\"Home\"}},{\"@type\":\"ListItem\",\"@id\":\"https:\\\/\\\/www.eldigitaldeasturias.com\\\/noticias\\\/el-temporal-pone-en-alerta-a-casi-toda-espana\\\/#listItem\",\"position\":3,\"name\":\"El temporal pone en alerta a casi toda Espa\\u00f1a\",\"previousItem\":{\"@type\":\"ListItem\",\"@id\":\"https:\\\/\\\/www.eldigitaldeasturias.com\\\/noticias\\\/category\\\/actualidad\\\/#listItem\",\"name\":\"Actualidad\"}}]},{\"@type\":\"Organization\",\"@id\":\"https:\\\/\\\/www.eldigitaldeasturias.com\\\/noticias\\\/#organization\",\"name\":\"El Digital de Asturias\",\"description\":\"Hemeroteca\",\"url\":\"https:\\\/\\\/www.eldigitaldeasturias.com\\\/noticias\\\/\",\"email\":\"info@eldigitaldeasturias.com\",\"telephone\":\"+34652131393\",\"logo\":{\"@type\":\"ImageObject\",\"url\":\"https:\\\/\\\/www.eldigitaldeasturias.com\\\/noticias\\\/wp-content\\\/uploads\\\/2020\\\/12\\\/EDA.jpg\",\"@id\":\"https:\\\/\\\/www.eldigitaldeasturias.com\\\/noticias\\\/el-temporal-pone-en-alerta-a-casi-toda-espana\\\/#organizationLogo\"},\"image\":{\"@id\":\"https:\\\/\\\/www.eldigitaldeasturias.com\\\/noticias\\\/el-temporal-pone-en-alerta-a-casi-toda-espana\\\/#organizationLogo\"},\"sameAs\":[\"https:\\\/\\\/facebook.com\\\/eldigitaldeasturias\",\"https:\\\/\\\/www.youtube.com\\\/channel\\\/UCZP-2wLEB9Rv6erhFmqVnvg\"],\"address\":{\"@id\":\"https:\\\/\\\/www.eldigitaldeasturias.com\\\/noticias\\\/#postaladdress\",\"@type\":\"PostalAddress\",\"streetAddress\":\"san antonio 4\",\"postalCode\":\"33430\",\"addressLocality\":\"Cand\\u00e1s\",\"addressRegion\":\"Asturias\",\"addressCountry\":\"ES\"}},{\"@type\":\"Person\",\"@id\":\"https:\\\/\\\/www.eldigitaldeasturias.com\\\/noticias\\\/author\\\/admin\\\/#author\",\"url\":\"https:\\\/\\\/www.eldigitaldeasturias.com\\\/noticias\\\/author\\\/admin\\\/\",\"name\":\"El Digital de Asturias\",\"image\":{\"@type\":\"ImageObject\",\"@id\":\"https:\\\/\\\/www.eldigitaldeasturias.com\\\/noticias\\\/el-temporal-pone-en-alerta-a-casi-toda-espana\\\/#authorImage\",\"url\":\"https:\\\/\\\/secure.gravatar.com\\\/avatar\\\/df2aeffc32bcd13f8d26072ef8a91b623d677766deac7f97ca815868cd41bf5e?s=96&d=mm&r=g\",\"width\":96,\"height\":96,\"caption\":\"El Digital de Asturias\"}},{\"@type\":\"WebPage\",\"@id\":\"https:\\\/\\\/www.eldigitaldeasturias.com\\\/noticias\\\/el-temporal-pone-en-alerta-a-casi-toda-espana\\\/#webpage\",\"url\":\"https:\\\/\\\/www.eldigitaldeasturias.com\\\/noticias\\\/el-temporal-pone-en-alerta-a-casi-toda-espana\\\/\",\"name\":\"El temporal pone en alerta a casi toda Espa\\u00f1a - El Digital de Asturias\",\"description\":\"Madrid, 9 feb (EFE).- La nueva borrasca procedente del Atl\\u00e1ntico Norte que llegar\\u00e1 esta tarde a la pen\\u00ednsula y cruzar\\u00e1 el pa\\u00eds de oeste a este ha vuelto a poner en alerta a casi toda Espa\\u00f1a, seg\\u00fan la Agencia Estatal de Meteorolog\\u00eda (Aemet). La nota dominante del temporal ser\\u00e1 nuevamente el viento, que soplar\\u00e1 muy\",\"inLanguage\":\"es-ES\",\"isPartOf\":{\"@id\":\"https:\\\/\\\/www.eldigitaldeasturias.com\\\/noticias\\\/#website\"},\"breadcrumb\":{\"@id\":\"https:\\\/\\\/www.eldigitaldeasturias.com\\\/noticias\\\/el-temporal-pone-en-alerta-a-casi-toda-espana\\\/#breadcrumblist\"},\"author\":{\"@id\":\"https:\\\/\\\/www.eldigitaldeasturias.com\\\/noticias\\\/author\\\/admin\\\/#author\"},\"creator\":{\"@id\":\"https:\\\/\\\/www.eldigitaldeasturias.com\\\/noticias\\\/author\\\/admin\\\/#author\"},\"image\":{\"@type\":\"ImageObject\",\"url\":487626,\"@id\":\"https:\\\/\\\/www.eldigitaldeasturias.com\\\/noticias\\\/el-temporal-pone-en-alerta-a-casi-toda-espana\\\/#mainImage\"},\"primaryImageOfPage\":{\"@id\":\"https:\\\/\\\/www.eldigitaldeasturias.com\\\/noticias\\\/el-temporal-pone-en-alerta-a-casi-toda-espana\\\/#mainImage\"},\"datePublished\":\"2014-02-09T23:07:49+01:00\",\"dateModified\":\"2014-02-09T23:07:49+01:00\"},{\"@type\":\"WebSite\",\"@id\":\"https:\\\/\\\/www.eldigitaldeasturias.com\\\/noticias\\\/#website\",\"url\":\"https:\\\/\\\/www.eldigitaldeasturias.com\\\/noticias\\\/\",\"name\":\"El Digital de Asturias - Diario de actualidad y noticias\",\"alternateName\":\"El Digital de Asturias - Diario de actualidad y noticias\",\"description\":\"Hemeroteca\",\"inLanguage\":\"es-ES\",\"publisher\":{\"@id\":\"https:\\\/\\\/www.eldigitaldeasturias.com\\\/noticias\\\/#organization\"}}]}\n\t\t<\/script>\n\t\t<!-- All in One SEO Pro -->\r\n\t\t<title>El temporal pone en alerta a casi toda Espa\u00f1a - El Digital de Asturias<\/title>\n\n","aioseo_head_json":{"title":"El temporal pone en alerta a casi toda Espa\u00f1a - El Digital de Asturias","description":"Madrid, 9 feb (EFE).- La nueva borrasca procedente del Atl\u00e1ntico Norte que llegar\u00e1 esta tarde a la pen\u00ednsula y cruzar\u00e1 el pa\u00eds de oeste a este ha vuelto a poner en alerta a casi toda Espa\u00f1a, seg\u00fan la Agencia Estatal de Meteorolog\u00eda (Aemet). La nota dominante del temporal ser\u00e1 nuevamente el viento, que soplar\u00e1 muy","canonical_url":"https:\/\/www.eldigitaldeasturias.com\/noticias\/el-temporal-pone-en-alerta-a-casi-toda-espana\/","robots":"max-image-preview:large","keywords":"actualidad","webmasterTools":{"google-site-verification":"UA-38556648-1","msvalidate.01":"7dfe9f3f1b24437ab69f4f2559babe99","miscellaneous":""},"schema":{"@context":"https:\/\/schema.org","@graph":[{"@type":"BlogPosting","@id":"https:\/\/www.eldigitaldeasturias.com\/noticias\/el-temporal-pone-en-alerta-a-casi-toda-espana\/#blogposting","name":"El temporal pone en alerta a casi toda Espa\u00f1a - El Digital de Asturias","headline":"El temporal pone en alerta a casi toda Espa\u00f1a","author":{"@id":"https:\/\/www.eldigitaldeasturias.com\/noticias\/author\/admin\/#author"},"publisher":{"@id":"https:\/\/www.eldigitaldeasturias.com\/noticias\/#organization"},"image":{"@type":"ImageObject","url":487626},"datePublished":"2014-02-09T23:07:49+01:00","dateModified":"2014-02-09T23:07:49+01:00","inLanguage":"es-ES","mainEntityOfPage":{"@id":"https:\/\/www.eldigitaldeasturias.com\/noticias\/el-temporal-pone-en-alerta-a-casi-toda-espana\/#webpage"},"isPartOf":{"@id":"https:\/\/www.eldigitaldeasturias.com\/noticias\/el-temporal-pone-en-alerta-a-casi-toda-espana\/#webpage"},"articleSection":"Actualidad"},{"@type":"BreadcrumbList","@id":"https:\/\/www.eldigitaldeasturias.com\/noticias\/el-temporal-pone-en-alerta-a-casi-toda-espana\/#breadcrumblist","itemListElement":[{"@type":"ListItem","@id":"https:\/\/www.eldigitaldeasturias.com\/noticias#listItem","position":1,"name":"Home","item":"https:\/\/www.eldigitaldeasturias.com\/noticias","nextItem":{"@type":"ListItem","@id":"https:\/\/www.eldigitaldeasturias.com\/noticias\/category\/actualidad\/#listItem","name":"Actualidad"}},{"@type":"ListItem","@id":"https:\/\/www.eldigitaldeasturias.com\/noticias\/category\/actualidad\/#listItem","position":2,"name":"Actualidad","item":"https:\/\/www.eldigitaldeasturias.com\/noticias\/category\/actualidad\/","nextItem":{"@type":"ListItem","@id":"https:\/\/www.eldigitaldeasturias.com\/noticias\/el-temporal-pone-en-alerta-a-casi-toda-espana\/#listItem","name":"El temporal pone en alerta a casi toda Espa\u00f1a"},"previousItem":{"@type":"ListItem","@id":"https:\/\/www.eldigitaldeasturias.com\/noticias#listItem","name":"Home"}},{"@type":"ListItem","@id":"https:\/\/www.eldigitaldeasturias.com\/noticias\/el-temporal-pone-en-alerta-a-casi-toda-espana\/#listItem","position":3,"name":"El temporal pone en alerta a casi toda Espa\u00f1a","previousItem":{"@type":"ListItem","@id":"https:\/\/www.eldigitaldeasturias.com\/noticias\/category\/actualidad\/#listItem","name":"Actualidad"}}]},{"@type":"Organization","@id":"https:\/\/www.eldigitaldeasturias.com\/noticias\/#organization","name":"El Digital de Asturias","description":"Hemeroteca","url":"https:\/\/www.eldigitaldeasturias.com\/noticias\/","email":"info@eldigitaldeasturias.com","telephone":"+34652131393","logo":{"@type":"ImageObject","url":"https:\/\/www.eldigitaldeasturias.com\/noticias\/wp-content\/uploads\/2020\/12\/EDA.jpg","@id":"https:\/\/www.eldigitaldeasturias.com\/noticias\/el-temporal-pone-en-alerta-a-casi-toda-espana\/#organizationLogo"},"image":{"@id":"https:\/\/www.eldigitaldeasturias.com\/noticias\/el-temporal-pone-en-alerta-a-casi-toda-espana\/#organizationLogo"},"sameAs":["https:\/\/facebook.com\/eldigitaldeasturias","https:\/\/www.youtube.com\/channel\/UCZP-2wLEB9Rv6erhFmqVnvg"],"address":{"@id":"https:\/\/www.eldigitaldeasturias.com\/noticias\/#postaladdress","@type":"PostalAddress","streetAddress":"san antonio 4","postalCode":"33430","addressLocality":"Cand\u00e1s","addressRegion":"Asturias","addressCountry":"ES"}},{"@type":"Person","@id":"https:\/\/www.eldigitaldeasturias.com\/noticias\/author\/admin\/#author","url":"https:\/\/www.eldigitaldeasturias.com\/noticias\/author\/admin\/","name":"El Digital de Asturias","image":{"@type":"ImageObject","@id":"https:\/\/www.eldigitaldeasturias.com\/noticias\/el-temporal-pone-en-alerta-a-casi-toda-espana\/#authorImage","url":"https:\/\/secure.gravatar.com\/avatar\/df2aeffc32bcd13f8d26072ef8a91b623d677766deac7f97ca815868cd41bf5e?s=96&d=mm&r=g","width":96,"height":96,"caption":"El Digital de Asturias"}},{"@type":"WebPage","@id":"https:\/\/www.eldigitaldeasturias.com\/noticias\/el-temporal-pone-en-alerta-a-casi-toda-espana\/#webpage","url":"https:\/\/www.eldigitaldeasturias.com\/noticias\/el-temporal-pone-en-alerta-a-casi-toda-espana\/","name":"El temporal pone en alerta a casi toda Espa\u00f1a - El Digital de Asturias","description":"Madrid, 9 feb (EFE).- La nueva borrasca procedente del Atl\u00e1ntico Norte que llegar\u00e1 esta tarde a la pen\u00ednsula y cruzar\u00e1 el pa\u00eds de oeste a este ha vuelto a poner en alerta a casi toda Espa\u00f1a, seg\u00fan la Agencia Estatal de Meteorolog\u00eda (Aemet). La nota dominante del temporal ser\u00e1 nuevamente el viento, que soplar\u00e1 muy","inLanguage":"es-ES","isPartOf":{"@id":"https:\/\/www.eldigitaldeasturias.com\/noticias\/#website"},"breadcrumb":{"@id":"https:\/\/www.eldigitaldeasturias.com\/noticias\/el-temporal-pone-en-alerta-a-casi-toda-espana\/#breadcrumblist"},"author":{"@id":"https:\/\/www.eldigitaldeasturias.com\/noticias\/author\/admin\/#author"},"creator":{"@id":"https:\/\/www.eldigitaldeasturias.com\/noticias\/author\/admin\/#author"},"image":{"@type":"ImageObject","url":487626,"@id":"https:\/\/www.eldigitaldeasturias.com\/noticias\/el-temporal-pone-en-alerta-a-casi-toda-espana\/#mainImage"},"primaryImageOfPage":{"@id":"https:\/\/www.eldigitaldeasturias.com\/noticias\/el-temporal-pone-en-alerta-a-casi-toda-espana\/#mainImage"},"datePublished":"2014-02-09T23:07:49+01:00","dateModified":"2014-02-09T23:07:49+01:00"},{"@type":"WebSite","@id":"https:\/\/www.eldigitaldeasturias.com\/noticias\/#website","url":"https:\/\/www.eldigitaldeasturias.com\/noticias\/","name":"El Digital de Asturias - Diario de actualidad y noticias","alternateName":"El Digital de Asturias - Diario de actualidad y noticias","description":"Hemeroteca","inLanguage":"es-ES","publisher":{"@id":"https:\/\/www.eldigitaldeasturias.com\/noticias\/#organization"}}]},"og:locale":"es_ES","og:site_name":"El Digital de Asturias","og:type":"article","og:title":"El temporal pone en alerta a casi toda Espa\u00f1a - El Digital de Asturias","og:description":"Madrid, 9 feb (EFE).- La nueva borrasca procedente del Atl\u00e1ntico Norte que llegar\u00e1 esta tarde a la pen\u00ednsula y cruzar\u00e1 el pa\u00eds de oeste a este ha vuelto a poner en alerta a casi toda Espa\u00f1a, seg\u00fan la Agencia Estatal de Meteorolog\u00eda (Aemet). La nota dominante del temporal ser\u00e1 nuevamente el viento, que soplar\u00e1 muy","og:url":"https:\/\/www.eldigitaldeasturias.com\/noticias\/el-temporal-pone-en-alerta-a-casi-toda-espana\/","article:tag":["actualidad"],"article:published_time":"2014-02-10T00:07:49+00:00","article:modified_time":"2014-02-10T00:07:49+00:00","article:publisher":"https:\/\/facebook.com\/eldigitaldeasturias","twitter:card":"summary_large_image","twitter:title":"El temporal pone en alerta a casi toda Espa\u00f1a - El Digital de Asturias","twitter:description":"Madrid, 9 feb (EFE).- La nueva borrasca procedente del Atl\u00e1ntico Norte que llegar\u00e1 esta tarde a la pen\u00ednsula y cruzar\u00e1 el pa\u00eds de oeste a este ha vuelto a poner en alerta a casi toda Espa\u00f1a, seg\u00fan la Agencia Estatal de Meteorolog\u00eda (Aemet). La nota dominante del temporal ser\u00e1 nuevamente el viento, que soplar\u00e1 muy","twitter:label1":"Escrito por","twitter:data1":"El Digital de Asturias","twitter:label2":"Tiempo de lectura estimado","twitter:data2":"2 minutos"},"aioseo_meta_data":{"post_id":"487625","title":null,"description":null,"keywords":null,"keyphrases":null,"primary_term":null,"canonical_url":null,"og_title":null,"og_description":null,"og_object_type":"default","og_image_type":"default","og_image_url":null,"og_image_width":null,"og_image_height":null,"og_image_custom_url":null,"og_image_custom_fields":null,"og_video":null,"og_custom_url":null,"og_article_section":null,"og_article_tags":null,"twitter_use_og":true,"twitter_card":"default","twitter_image_type":"default","twitter_image_url":null,"twitter_image_custom_url":null,"twitter_image_custom_fields":null,"twitter_title":null,"twitter_description":null,"schema":{"blockGraphs":[],"customGraphs":[],"default":{"data":{"Article":[],"Course":[],"Dataset":[],"FAQPage":[],"Movie":[],"Person":[],"Product":[],"ProductReview":[],"Car":[],"Recipe":[],"Service":[],"SoftwareApplication":[],"WebPage":[]},"graphName":"","isEnabled":true},"graphs":[],"defaultGraph":"","defaultPostTypeGraph":""},"schema_type":null,"schema_type_options":null,"pillar_content":false,"robots_default":true,"robots_noindex":false,"robots_noarchive":false,"robots_nosnippet":false,"robots_nofollow":false,"robots_noimageindex":false,"robots_noodp":false,"robots_notranslate":false,"robots_max_snippet":null,"robots_max_videopreview":null,"robots_max_imagepreview":"none","priority":null,"frequency":null,"local_seo":null,"seo_analyzer_scan_date":"2026-06-03 05:19:47","breadcrumb_settings":null,"limit_modified_date":false,"open_ai":null,"ai":null,"created":"2020-11-14 22:56:26","updated":"2026-06-03 05:19:47","focus_keyword":null,"additional_keywords":null,"truseo_locale":null},"aioseo_breadcrumb":"<div class=\"aioseo-breadcrumbs\"><span class=\"aioseo-breadcrumb\">\n\t<a href=\"https:\/\/www.eldigitaldeasturias.com\/noticias\" title=\"Home\">Home<\/a>\n<\/span><span class=\"aioseo-breadcrumb-separator\">\u2013<\/span><span class=\"aioseo-breadcrumb\">\n\t<a href=\"https:\/\/www.eldigitaldeasturias.com\/noticias\/category\/actualidad\/\" title=\"Actualidad\">Actualidad<\/a>\n<\/span><span class=\"aioseo-breadcrumb-separator\">\u2013<\/span><span class=\"aioseo-breadcrumb\">\n\t<a href=\"https:\/\/www.eldigitaldeasturias.com\/noticias\/el-temporal-pone-en-alerta-a-casi-toda-espana\/\" title=\"El temporal pone en alerta a casi toda Espa\u00f1a\">El temporal pone en alerta a casi toda Espa\u00f1a<\/a>\n<\/span><\/div>","aioseo_breadcrumb_json":[{"label":"Home","link":"https:\/\/www.eldigitaldeasturias.com\/noticias"},{"label":"Actualidad","link":"https:\/\/www.eldigitaldeasturias.com\/noticias\/category\/actualidad\/"},{"label":"El temporal pone en alerta a casi toda Espa\u00f1a","link":"https:\/\/www.eldigitaldeasturias.com\/noticias\/el-temporal-pone-en-alerta-a-casi-toda-espana\/"}],"_links":{"self":[{"href":"https:\/\/www.eldigitaldeasturias.com\/noticias\/wp-json\/wp\/v2\/posts\/487625","targetHints":{"allow":["GET"]}}],"collection":[{"href":"https:\/\/www.eldigitaldeasturias.com\/noticias\/wp-json\/wp\/v2\/posts"}],"about":[{"href":"https:\/\/www.eldigitaldeasturias.com\/noticias\/wp-json\/wp\/v2\/types\/post"}],"author":[{"embeddable":true,"href":"https:\/\/www.eldigitaldeasturias.com\/noticias\/wp-json\/wp\/v2\/users\/1"}],"replies":[{"embeddable":true,"href":"https:\/\/www.eldigitaldeasturias.com\/noticias\/wp-json\/wp\/v2\/comments?post=487625"}],"version-history":[{"count":0,"href":"https:\/\/www.eldigitaldeasturias.com\/noticias\/wp-json\/wp\/v2\/posts\/487625\/revisions"}],"wp:attachment":[{"href":"https:\/\/www.eldigitaldeasturias.com\/noticias\/wp-json\/wp\/v2\/media?parent=487625"}],"wp:term":[{"taxonomy":"category","embeddable":true,"href":"https:\/\/www.eldigitaldeasturias.com\/noticias\/wp-json\/wp\/v2\/categories?post=487625"},{"taxonomy":"post_tag","embeddable":true,"href":"https:\/\/www.eldigitaldeasturias.com\/noticias\/wp-json\/wp\/v2\/tags?post=487625"}],"curies":[{"name":"wp","href":"https:\/\/api.w.org\/{rel}","templated":true}]}}