{"id":487616,"date":"2014-02-09T23:04:13","date_gmt":"2014-02-10T00:04:13","guid":{"rendered":"http:\/\/www.eldigitaldeasturias.com\/noticias\/?p=487616"},"modified":"2014-02-09T23:04:13","modified_gmt":"2014-02-10T00:04:13","slug":"pinera-y-humala-abordaran-nuevamente-el-fallo-de-la-haya-en-la-cumbre-en-colombia","status":"publish","type":"post","link":"https:\/\/www.eldigitaldeasturias.com\/noticias\/pinera-y-humala-abordaran-nuevamente-el-fallo-de-la-haya-en-la-cumbre-en-colombia\/","title":{"rendered":"Pi\u00f1era y Humala abordar\u00e1n nuevamente el fallo de La Haya en la cumbre en Colombia"},"content":{"rendered":"<p><img loading=\"lazy\" decoding=\"async\" class=\"alignleft size-medium wp-image-487617\" alt=\"5926265w\" src=\"https:\/\/www.eldigitaldeasturias.com\/noticias\/wp-content\/uploads\/2014\/02\/5926265w-360x227.jpg\" width=\"360\" height=\"227\" \/>Santiago de Chile, 9 feb (EFE).- El presidente de Chile, Sebasti\u00e1n Pi\u00f1era, hablar\u00e1 con su hom\u00f3logo peruano, Ollanta Humala, sobre el reciente fallo de la Corte Internacional de Justicia (CJI) sobre los l\u00edmites mar\u00edtimos entre los dos pa\u00edses en el marco de la cumbre de la Alianza del Pac\u00edfico que se inicia hoy en Colombia, inform\u00f3 el canciller chileno, Alfredo Moreno.<\/p>\n<p>\u00abNo tenemos formalizado nada (&#8230;) pero estoy seguro de que ambos mandatarios se van a dar un espacio para conversar y de intercambiar opiniones (sobre el fallo) y tambi\u00e9n de las relaciones en general entre Chile y Per\u00fa\u00bb, declar\u00f3 Moreno a los periodistas que acompa\u00f1an a la delegaci\u00f3n chilena a la cumbre.<\/p>\n<p>Esta ser\u00eda la segunda vez en que ambos gobernantes se re\u00fanen tras el fallo de la CIJ, que resolvi\u00f3 una demanda interpuesta por Per\u00fa en contra de Chile y que modific\u00f3 parcialmente el l\u00edmite de las aguas entre ambas naciones.<\/p>\n<p>Anteriormente, Pi\u00f1era y Humala se reunieron en La Habana, durante la Cubre de Celac, dos d\u00edas despu\u00e9s de que el tribunal hubiese emitido su veredicto, el 27 de enero.<\/p>\n<p>Pi\u00f1era y Moreno viajaron la noche del viernes a Cartagena de Indias, donde se celebrar\u00e1 la Cumbre, tras la primera y maratoniana reuni\u00f3n efectuada en Santiago de coordinaci\u00f3n para la ejecuci\u00f3n del fallo, conocida como 2+2.<\/p>\n<p>Delegaciones de Per\u00fa y Chile, encabezadas por sus cancilleres, comenzaron a discutir la forma en que se aplicar\u00e1 la sentencia y se acord\u00f3 que la nueva delimitaci\u00f3n mar\u00edtima estar\u00e1 lista en los \u00faltimos d\u00edas de marzo.<\/p>\n<p>La participaci\u00f3n de Pi\u00f1era en la cumbre de la Alianza del Pac\u00edfico, integrada por Chile, Per\u00fa, Colombia y M\u00e9xico, ser\u00e1 la \u00faltima en esta instancia como presidente, ya que el 11 de marzo debe traspasar el poder a su sucesora, la presidenta electa Michelle Bachelet.<\/p>\n","protected":false},"excerpt":{"rendered":"<p>Santiago de Chile, 9 feb (EFE).- El presidente de Chile, Sebasti\u00e1n Pi\u00f1era, hablar\u00e1 con su hom\u00f3logo peruano, Ollanta Humala, sobre el reciente fallo de la Corte Internacional de Justicia (CJI) sobre los l\u00edmites mar\u00edtimos entre los dos pa\u00edses en el marco de la cumbre de la Alianza del Pac\u00edfico que se inicia hoy en Colombia, [&hellip;]<\/p>\n","protected":false},"author":1,"featured_media":487617,"comment_status":"open","ping_status":"open","sticky":false,"template":"","format":"standard","meta":{"footnotes":""},"categories":[1],"tags":[],"class_list":["post-487616","post","type-post","status-publish","format-standard","has-post-thumbnail","hentry","category-actualidad"],"aioseo_notices":[],"aioseo_head":"\n\t\t<!-- All in One SEO Pro 5.0.1 - aioseo.com -->\n\t<meta name=\"description\" content=\"Santiago de Chile, 9 feb (EFE).- El presidente de Chile, Sebasti\u00e1n Pi\u00f1era, hablar\u00e1 con su hom\u00f3logo peruano, Ollanta Humala, sobre el reciente fallo de la Corte Internacional de Justicia (CJI) sobre los l\u00edmites mar\u00edtimos entre los dos pa\u00edses en el marco de la cumbre de la Alianza del Pac\u00edfico que se inicia hoy en Colombia,\" \/>\n\t<meta name=\"robots\" content=\"max-image-preview:large\" \/>\n\t<meta name=\"author\" content=\"El Digital de Asturias\"\/>\n\t<meta name=\"google-site-verification\" content=\"UA-38556648-1\" \/>\n\t<meta name=\"msvalidate.01\" content=\"7dfe9f3f1b24437ab69f4f2559babe99\" \/>\n\t<meta name=\"keywords\" content=\"actualidad\" \/>\n\t<link rel=\"canonical\" href=\"https:\/\/www.eldigitaldeasturias.com\/noticias\/pinera-y-humala-abordaran-nuevamente-el-fallo-de-la-haya-en-la-cumbre-en-colombia\/\" \/>\n\t<meta name=\"generator\" content=\"All in One SEO Pro (AIOSEO) 5.0.1\" \/>\n\t\t<meta property=\"og:locale\" content=\"es_ES\" \/>\n\t\t<meta property=\"og:site_name\" content=\"El Digital de Asturias\" \/>\n\t\t<meta property=\"og:type\" content=\"article\" \/>\n\t\t<meta property=\"og:title\" content=\"Pi\u00f1era y Humala abordar\u00e1n nuevamente el fallo de La Haya en la cumbre en Colombia - El Digital de Asturias\" \/>\n\t\t<meta property=\"og:description\" content=\"Santiago de Chile, 9 feb (EFE).- El presidente de Chile, Sebasti\u00e1n Pi\u00f1era, hablar\u00e1 con su hom\u00f3logo peruano, Ollanta Humala, sobre el reciente fallo de la Corte Internacional de Justicia (CJI) sobre los l\u00edmites mar\u00edtimos entre los dos pa\u00edses en el marco de la cumbre de la Alianza del Pac\u00edfico que se inicia hoy en Colombia,\" \/>\n\t\t<meta property=\"og:url\" content=\"https:\/\/www.eldigitaldeasturias.com\/noticias\/pinera-y-humala-abordaran-nuevamente-el-fallo-de-la-haya-en-la-cumbre-en-colombia\/\" \/>\n\t\t<meta property=\"article:tag\" content=\"actualidad\" \/>\n\t\t<meta property=\"article:published_time\" content=\"2014-02-10T00:04:13+00:00\" \/>\n\t\t<meta property=\"article:modified_time\" content=\"2014-02-10T00:04:13+00:00\" \/>\n\t\t<meta property=\"article:publisher\" content=\"https:\/\/facebook.com\/eldigitaldeasturias\" \/>\n\t\t<meta name=\"twitter:card\" content=\"summary_large_image\" \/>\n\t\t<meta name=\"twitter:title\" content=\"Pi\u00f1era y Humala abordar\u00e1n nuevamente el fallo de La Haya en la cumbre en Colombia - El Digital de Asturias\" \/>\n\t\t<meta name=\"twitter:description\" content=\"Santiago de Chile, 9 feb (EFE).- El presidente de Chile, Sebasti\u00e1n Pi\u00f1era, hablar\u00e1 con su hom\u00f3logo peruano, Ollanta Humala, sobre el reciente fallo de la Corte Internacional de Justicia (CJI) sobre los l\u00edmites mar\u00edtimos entre los dos pa\u00edses en el marco de la cumbre de la Alianza del Pac\u00edfico que se inicia hoy en Colombia,\" \/>\n\t\t<meta name=\"twitter:label1\" content=\"Escrito por\" \/>\n\t\t<meta name=\"twitter:data1\" content=\"El Digital de Asturias\" \/>\n\t\t<meta name=\"twitter:label2\" content=\"Tiempo de lectura estimado\" \/>\n\t\t<meta name=\"twitter:data2\" content=\"2 minutos\" \/>\n\t\t<script type=\"application\/ld+json\" class=\"aioseo-schema\">\n\t\t\t{\"@context\":\"https:\\\/\\\/schema.org\",\"@graph\":[{\"@type\":\"BlogPosting\",\"@id\":\"https:\\\/\\\/www.eldigitaldeasturias.com\\\/noticias\\\/pinera-y-humala-abordaran-nuevamente-el-fallo-de-la-haya-en-la-cumbre-en-colombia\\\/#blogposting\",\"name\":\"Pi\\u00f1era y Humala abordar\\u00e1n nuevamente el fallo de La Haya en la cumbre en Colombia - El Digital de Asturias\",\"headline\":\"Pi\\u00f1era y Humala abordar\\u00e1n nuevamente el fallo de La Haya en la cumbre en Colombia\",\"author\":{\"@id\":\"https:\\\/\\\/www.eldigitaldeasturias.com\\\/noticias\\\/author\\\/admin\\\/#author\"},\"publisher\":{\"@id\":\"https:\\\/\\\/www.eldigitaldeasturias.com\\\/noticias\\\/#organization\"},\"image\":{\"@type\":\"ImageObject\",\"url\":487617},\"datePublished\":\"2014-02-09T23:04:13+01:00\",\"dateModified\":\"2014-02-09T23:04:13+01:00\",\"inLanguage\":\"es-ES\",\"mainEntityOfPage\":{\"@id\":\"https:\\\/\\\/www.eldigitaldeasturias.com\\\/noticias\\\/pinera-y-humala-abordaran-nuevamente-el-fallo-de-la-haya-en-la-cumbre-en-colombia\\\/#webpage\"},\"isPartOf\":{\"@id\":\"https:\\\/\\\/www.eldigitaldeasturias.com\\\/noticias\\\/pinera-y-humala-abordaran-nuevamente-el-fallo-de-la-haya-en-la-cumbre-en-colombia\\\/#webpage\"},\"articleSection\":\"Actualidad\"},{\"@type\":\"BreadcrumbList\",\"@id\":\"https:\\\/\\\/www.eldigitaldeasturias.com\\\/noticias\\\/pinera-y-humala-abordaran-nuevamente-el-fallo-de-la-haya-en-la-cumbre-en-colombia\\\/#breadcrumblist\",\"itemListElement\":[{\"@type\":\"ListItem\",\"@id\":\"https:\\\/\\\/www.eldigitaldeasturias.com\\\/noticias#listItem\",\"position\":1,\"name\":\"Home\",\"item\":\"https:\\\/\\\/www.eldigitaldeasturias.com\\\/noticias\",\"nextItem\":{\"@type\":\"ListItem\",\"@id\":\"https:\\\/\\\/www.eldigitaldeasturias.com\\\/noticias\\\/category\\\/actualidad\\\/#listItem\",\"name\":\"Actualidad\"}},{\"@type\":\"ListItem\",\"@id\":\"https:\\\/\\\/www.eldigitaldeasturias.com\\\/noticias\\\/category\\\/actualidad\\\/#listItem\",\"position\":2,\"name\":\"Actualidad\",\"item\":\"https:\\\/\\\/www.eldigitaldeasturias.com\\\/noticias\\\/category\\\/actualidad\\\/\",\"nextItem\":{\"@type\":\"ListItem\",\"@id\":\"https:\\\/\\\/www.eldigitaldeasturias.com\\\/noticias\\\/pinera-y-humala-abordaran-nuevamente-el-fallo-de-la-haya-en-la-cumbre-en-colombia\\\/#listItem\",\"name\":\"Pi\\u00f1era y Humala abordar\\u00e1n nuevamente el fallo de La Haya en la cumbre en Colombia\"},\"previousItem\":{\"@type\":\"ListItem\",\"@id\":\"https:\\\/\\\/www.eldigitaldeasturias.com\\\/noticias#listItem\",\"name\":\"Home\"}},{\"@type\":\"ListItem\",\"@id\":\"https:\\\/\\\/www.eldigitaldeasturias.com\\\/noticias\\\/pinera-y-humala-abordaran-nuevamente-el-fallo-de-la-haya-en-la-cumbre-en-colombia\\\/#listItem\",\"position\":3,\"name\":\"Pi\\u00f1era y Humala abordar\\u00e1n nuevamente el fallo de La Haya en la cumbre en Colombia\",\"previousItem\":{\"@type\":\"ListItem\",\"@id\":\"https:\\\/\\\/www.eldigitaldeasturias.com\\\/noticias\\\/category\\\/actualidad\\\/#listItem\",\"name\":\"Actualidad\"}}]},{\"@type\":\"Organization\",\"@id\":\"https:\\\/\\\/www.eldigitaldeasturias.com\\\/noticias\\\/#organization\",\"name\":\"El Digital de Asturias\",\"description\":\"Hemeroteca\",\"url\":\"https:\\\/\\\/www.eldigitaldeasturias.com\\\/noticias\\\/\",\"email\":\"info@eldigitaldeasturias.com\",\"telephone\":\"+34652131393\",\"logo\":{\"@type\":\"ImageObject\",\"url\":\"https:\\\/\\\/www.eldigitaldeasturias.com\\\/noticias\\\/wp-content\\\/uploads\\\/2020\\\/12\\\/EDA.jpg\",\"@id\":\"https:\\\/\\\/www.eldigitaldeasturias.com\\\/noticias\\\/pinera-y-humala-abordaran-nuevamente-el-fallo-de-la-haya-en-la-cumbre-en-colombia\\\/#organizationLogo\"},\"image\":{\"@id\":\"https:\\\/\\\/www.eldigitaldeasturias.com\\\/noticias\\\/pinera-y-humala-abordaran-nuevamente-el-fallo-de-la-haya-en-la-cumbre-en-colombia\\\/#organizationLogo\"},\"sameAs\":[\"https:\\\/\\\/facebook.com\\\/eldigitaldeasturias\",\"https:\\\/\\\/www.youtube.com\\\/channel\\\/UCZP-2wLEB9Rv6erhFmqVnvg\"],\"address\":{\"@id\":\"https:\\\/\\\/www.eldigitaldeasturias.com\\\/noticias\\\/#postaladdress\",\"@type\":\"PostalAddress\",\"streetAddress\":\"san antonio 4\",\"postalCode\":\"33430\",\"addressLocality\":\"Cand\\u00e1s\",\"addressRegion\":\"Asturias\",\"addressCountry\":\"ES\"}},{\"@type\":\"Person\",\"@id\":\"https:\\\/\\\/www.eldigitaldeasturias.com\\\/noticias\\\/author\\\/admin\\\/#author\",\"url\":\"https:\\\/\\\/www.eldigitaldeasturias.com\\\/noticias\\\/author\\\/admin\\\/\",\"name\":\"El Digital de Asturias\",\"image\":{\"@type\":\"ImageObject\",\"@id\":\"https:\\\/\\\/www.eldigitaldeasturias.com\\\/noticias\\\/pinera-y-humala-abordaran-nuevamente-el-fallo-de-la-haya-en-la-cumbre-en-colombia\\\/#authorImage\",\"url\":\"https:\\\/\\\/secure.gravatar.com\\\/avatar\\\/df2aeffc32bcd13f8d26072ef8a91b623d677766deac7f97ca815868cd41bf5e?s=96&d=mm&r=g\",\"width\":96,\"height\":96,\"caption\":\"El Digital de Asturias\"}},{\"@type\":\"WebPage\",\"@id\":\"https:\\\/\\\/www.eldigitaldeasturias.com\\\/noticias\\\/pinera-y-humala-abordaran-nuevamente-el-fallo-de-la-haya-en-la-cumbre-en-colombia\\\/#webpage\",\"url\":\"https:\\\/\\\/www.eldigitaldeasturias.com\\\/noticias\\\/pinera-y-humala-abordaran-nuevamente-el-fallo-de-la-haya-en-la-cumbre-en-colombia\\\/\",\"name\":\"Pi\\u00f1era y Humala abordar\\u00e1n nuevamente el fallo de La Haya en la cumbre en Colombia - El Digital de Asturias\",\"description\":\"Santiago de Chile, 9 feb (EFE).- El presidente de Chile, Sebasti\\u00e1n Pi\\u00f1era, hablar\\u00e1 con su hom\\u00f3logo peruano, Ollanta Humala, sobre el reciente fallo de la Corte Internacional de Justicia (CJI) sobre los l\\u00edmites mar\\u00edtimos entre los dos pa\\u00edses en el marco de la cumbre de la Alianza del Pac\\u00edfico que se inicia hoy en Colombia,\",\"inLanguage\":\"es-ES\",\"isPartOf\":{\"@id\":\"https:\\\/\\\/www.eldigitaldeasturias.com\\\/noticias\\\/#website\"},\"breadcrumb\":{\"@id\":\"https:\\\/\\\/www.eldigitaldeasturias.com\\\/noticias\\\/pinera-y-humala-abordaran-nuevamente-el-fallo-de-la-haya-en-la-cumbre-en-colombia\\\/#breadcrumblist\"},\"author\":{\"@id\":\"https:\\\/\\\/www.eldigitaldeasturias.com\\\/noticias\\\/author\\\/admin\\\/#author\"},\"creator\":{\"@id\":\"https:\\\/\\\/www.eldigitaldeasturias.com\\\/noticias\\\/author\\\/admin\\\/#author\"},\"image\":{\"@type\":\"ImageObject\",\"url\":487617,\"@id\":\"https:\\\/\\\/www.eldigitaldeasturias.com\\\/noticias\\\/pinera-y-humala-abordaran-nuevamente-el-fallo-de-la-haya-en-la-cumbre-en-colombia\\\/#mainImage\"},\"primaryImageOfPage\":{\"@id\":\"https:\\\/\\\/www.eldigitaldeasturias.com\\\/noticias\\\/pinera-y-humala-abordaran-nuevamente-el-fallo-de-la-haya-en-la-cumbre-en-colombia\\\/#mainImage\"},\"datePublished\":\"2014-02-09T23:04:13+01:00\",\"dateModified\":\"2014-02-09T23:04:13+01:00\"},{\"@type\":\"WebSite\",\"@id\":\"https:\\\/\\\/www.eldigitaldeasturias.com\\\/noticias\\\/#website\",\"url\":\"https:\\\/\\\/www.eldigitaldeasturias.com\\\/noticias\\\/\",\"name\":\"El Digital de Asturias - Diario de actualidad y noticias\",\"alternateName\":\"El Digital de Asturias - Diario de actualidad y noticias\",\"description\":\"Hemeroteca\",\"inLanguage\":\"es-ES\",\"publisher\":{\"@id\":\"https:\\\/\\\/www.eldigitaldeasturias.com\\\/noticias\\\/#organization\"}}]}\n\t\t<\/script>\n\t\t<!-- All in One SEO Pro -->\r\n\t\t<title>Pi\u00f1era y Humala abordar\u00e1n nuevamente el fallo de La Haya en la cumbre en Colombia - El Digital de Asturias<\/title>\n\n","aioseo_head_json":{"title":"Pi\u00f1era y Humala abordar\u00e1n nuevamente el fallo de La Haya en la cumbre en Colombia - El Digital de Asturias","description":"Santiago de Chile, 9 feb (EFE).- El presidente de Chile, Sebasti\u00e1n Pi\u00f1era, hablar\u00e1 con su hom\u00f3logo peruano, Ollanta Humala, sobre el reciente fallo de la Corte Internacional de Justicia (CJI) sobre los l\u00edmites mar\u00edtimos entre los dos pa\u00edses en el marco de la cumbre de la Alianza del Pac\u00edfico que se inicia hoy en Colombia,","canonical_url":"https:\/\/www.eldigitaldeasturias.com\/noticias\/pinera-y-humala-abordaran-nuevamente-el-fallo-de-la-haya-en-la-cumbre-en-colombia\/","robots":"max-image-preview:large","keywords":"actualidad","webmasterTools":{"google-site-verification":"UA-38556648-1","msvalidate.01":"7dfe9f3f1b24437ab69f4f2559babe99","miscellaneous":""},"schema":{"@context":"https:\/\/schema.org","@graph":[{"@type":"BlogPosting","@id":"https:\/\/www.eldigitaldeasturias.com\/noticias\/pinera-y-humala-abordaran-nuevamente-el-fallo-de-la-haya-en-la-cumbre-en-colombia\/#blogposting","name":"Pi\u00f1era y Humala abordar\u00e1n nuevamente el fallo de La Haya en la cumbre en Colombia - El Digital de Asturias","headline":"Pi\u00f1era y Humala abordar\u00e1n nuevamente el fallo de La Haya en la cumbre en Colombia","author":{"@id":"https:\/\/www.eldigitaldeasturias.com\/noticias\/author\/admin\/#author"},"publisher":{"@id":"https:\/\/www.eldigitaldeasturias.com\/noticias\/#organization"},"image":{"@type":"ImageObject","url":487617},"datePublished":"2014-02-09T23:04:13+01:00","dateModified":"2014-02-09T23:04:13+01:00","inLanguage":"es-ES","mainEntityOfPage":{"@id":"https:\/\/www.eldigitaldeasturias.com\/noticias\/pinera-y-humala-abordaran-nuevamente-el-fallo-de-la-haya-en-la-cumbre-en-colombia\/#webpage"},"isPartOf":{"@id":"https:\/\/www.eldigitaldeasturias.com\/noticias\/pinera-y-humala-abordaran-nuevamente-el-fallo-de-la-haya-en-la-cumbre-en-colombia\/#webpage"},"articleSection":"Actualidad"},{"@type":"BreadcrumbList","@id":"https:\/\/www.eldigitaldeasturias.com\/noticias\/pinera-y-humala-abordaran-nuevamente-el-fallo-de-la-haya-en-la-cumbre-en-colombia\/#breadcrumblist","itemListElement":[{"@type":"ListItem","@id":"https:\/\/www.eldigitaldeasturias.com\/noticias#listItem","position":1,"name":"Home","item":"https:\/\/www.eldigitaldeasturias.com\/noticias","nextItem":{"@type":"ListItem","@id":"https:\/\/www.eldigitaldeasturias.com\/noticias\/category\/actualidad\/#listItem","name":"Actualidad"}},{"@type":"ListItem","@id":"https:\/\/www.eldigitaldeasturias.com\/noticias\/category\/actualidad\/#listItem","position":2,"name":"Actualidad","item":"https:\/\/www.eldigitaldeasturias.com\/noticias\/category\/actualidad\/","nextItem":{"@type":"ListItem","@id":"https:\/\/www.eldigitaldeasturias.com\/noticias\/pinera-y-humala-abordaran-nuevamente-el-fallo-de-la-haya-en-la-cumbre-en-colombia\/#listItem","name":"Pi\u00f1era y Humala abordar\u00e1n nuevamente el fallo de La Haya en la cumbre en Colombia"},"previousItem":{"@type":"ListItem","@id":"https:\/\/www.eldigitaldeasturias.com\/noticias#listItem","name":"Home"}},{"@type":"ListItem","@id":"https:\/\/www.eldigitaldeasturias.com\/noticias\/pinera-y-humala-abordaran-nuevamente-el-fallo-de-la-haya-en-la-cumbre-en-colombia\/#listItem","position":3,"name":"Pi\u00f1era y Humala abordar\u00e1n nuevamente el fallo de La Haya en la cumbre en Colombia","previousItem":{"@type":"ListItem","@id":"https:\/\/www.eldigitaldeasturias.com\/noticias\/category\/actualidad\/#listItem","name":"Actualidad"}}]},{"@type":"Organization","@id":"https:\/\/www.eldigitaldeasturias.com\/noticias\/#organization","name":"El Digital de Asturias","description":"Hemeroteca","url":"https:\/\/www.eldigitaldeasturias.com\/noticias\/","email":"info@eldigitaldeasturias.com","telephone":"+34652131393","logo":{"@type":"ImageObject","url":"https:\/\/www.eldigitaldeasturias.com\/noticias\/wp-content\/uploads\/2020\/12\/EDA.jpg","@id":"https:\/\/www.eldigitaldeasturias.com\/noticias\/pinera-y-humala-abordaran-nuevamente-el-fallo-de-la-haya-en-la-cumbre-en-colombia\/#organizationLogo"},"image":{"@id":"https:\/\/www.eldigitaldeasturias.com\/noticias\/pinera-y-humala-abordaran-nuevamente-el-fallo-de-la-haya-en-la-cumbre-en-colombia\/#organizationLogo"},"sameAs":["https:\/\/facebook.com\/eldigitaldeasturias","https:\/\/www.youtube.com\/channel\/UCZP-2wLEB9Rv6erhFmqVnvg"],"address":{"@id":"https:\/\/www.eldigitaldeasturias.com\/noticias\/#postaladdress","@type":"PostalAddress","streetAddress":"san antonio 4","postalCode":"33430","addressLocality":"Cand\u00e1s","addressRegion":"Asturias","addressCountry":"ES"}},{"@type":"Person","@id":"https:\/\/www.eldigitaldeasturias.com\/noticias\/author\/admin\/#author","url":"https:\/\/www.eldigitaldeasturias.com\/noticias\/author\/admin\/","name":"El Digital de Asturias","image":{"@type":"ImageObject","@id":"https:\/\/www.eldigitaldeasturias.com\/noticias\/pinera-y-humala-abordaran-nuevamente-el-fallo-de-la-haya-en-la-cumbre-en-colombia\/#authorImage","url":"https:\/\/secure.gravatar.com\/avatar\/df2aeffc32bcd13f8d26072ef8a91b623d677766deac7f97ca815868cd41bf5e?s=96&d=mm&r=g","width":96,"height":96,"caption":"El Digital de Asturias"}},{"@type":"WebPage","@id":"https:\/\/www.eldigitaldeasturias.com\/noticias\/pinera-y-humala-abordaran-nuevamente-el-fallo-de-la-haya-en-la-cumbre-en-colombia\/#webpage","url":"https:\/\/www.eldigitaldeasturias.com\/noticias\/pinera-y-humala-abordaran-nuevamente-el-fallo-de-la-haya-en-la-cumbre-en-colombia\/","name":"Pi\u00f1era y Humala abordar\u00e1n nuevamente el fallo de La Haya en la cumbre en Colombia - El Digital de Asturias","description":"Santiago de Chile, 9 feb (EFE).- El presidente de Chile, Sebasti\u00e1n Pi\u00f1era, hablar\u00e1 con su hom\u00f3logo peruano, Ollanta Humala, sobre el reciente fallo de la Corte Internacional de Justicia (CJI) sobre los l\u00edmites mar\u00edtimos entre los dos pa\u00edses en el marco de la cumbre de la Alianza del Pac\u00edfico que se inicia hoy en Colombia,","inLanguage":"es-ES","isPartOf":{"@id":"https:\/\/www.eldigitaldeasturias.com\/noticias\/#website"},"breadcrumb":{"@id":"https:\/\/www.eldigitaldeasturias.com\/noticias\/pinera-y-humala-abordaran-nuevamente-el-fallo-de-la-haya-en-la-cumbre-en-colombia\/#breadcrumblist"},"author":{"@id":"https:\/\/www.eldigitaldeasturias.com\/noticias\/author\/admin\/#author"},"creator":{"@id":"https:\/\/www.eldigitaldeasturias.com\/noticias\/author\/admin\/#author"},"image":{"@type":"ImageObject","url":487617,"@id":"https:\/\/www.eldigitaldeasturias.com\/noticias\/pinera-y-humala-abordaran-nuevamente-el-fallo-de-la-haya-en-la-cumbre-en-colombia\/#mainImage"},"primaryImageOfPage":{"@id":"https:\/\/www.eldigitaldeasturias.com\/noticias\/pinera-y-humala-abordaran-nuevamente-el-fallo-de-la-haya-en-la-cumbre-en-colombia\/#mainImage"},"datePublished":"2014-02-09T23:04:13+01:00","dateModified":"2014-02-09T23:04:13+01:00"},{"@type":"WebSite","@id":"https:\/\/www.eldigitaldeasturias.com\/noticias\/#website","url":"https:\/\/www.eldigitaldeasturias.com\/noticias\/","name":"El Digital de Asturias - Diario de actualidad y noticias","alternateName":"El Digital de Asturias - Diario de actualidad y noticias","description":"Hemeroteca","inLanguage":"es-ES","publisher":{"@id":"https:\/\/www.eldigitaldeasturias.com\/noticias\/#organization"}}]},"og:locale":"es_ES","og:site_name":"El Digital de Asturias","og:type":"article","og:title":"Pi\u00f1era y Humala abordar\u00e1n nuevamente el fallo de La Haya en la cumbre en Colombia - El Digital de Asturias","og:description":"Santiago de Chile, 9 feb (EFE).- El presidente de Chile, Sebasti\u00e1n Pi\u00f1era, hablar\u00e1 con su hom\u00f3logo peruano, Ollanta Humala, sobre el reciente fallo de la Corte Internacional de Justicia (CJI) sobre los l\u00edmites mar\u00edtimos entre los dos pa\u00edses en el marco de la cumbre de la Alianza del Pac\u00edfico que se inicia hoy en Colombia,","og:url":"https:\/\/www.eldigitaldeasturias.com\/noticias\/pinera-y-humala-abordaran-nuevamente-el-fallo-de-la-haya-en-la-cumbre-en-colombia\/","article:tag":["actualidad"],"article:published_time":"2014-02-10T00:04:13+00:00","article:modified_time":"2014-02-10T00:04:13+00:00","article:publisher":"https:\/\/facebook.com\/eldigitaldeasturias","twitter:card":"summary_large_image","twitter:title":"Pi\u00f1era y Humala abordar\u00e1n nuevamente el fallo de La Haya en la cumbre en Colombia - El Digital de Asturias","twitter:description":"Santiago de Chile, 9 feb (EFE).- El presidente de Chile, Sebasti\u00e1n Pi\u00f1era, hablar\u00e1 con su hom\u00f3logo peruano, Ollanta Humala, sobre el reciente fallo de la Corte Internacional de Justicia (CJI) sobre los l\u00edmites mar\u00edtimos entre los dos pa\u00edses en el marco de la cumbre de la Alianza del Pac\u00edfico que se inicia hoy en Colombia,","twitter:label1":"Escrito por","twitter:data1":"El Digital de Asturias","twitter:label2":"Tiempo de lectura estimado","twitter:data2":"2 minutos"},"aioseo_meta_data":{"post_id":"487616","title":null,"description":null,"keywords":null,"keyphrases":null,"primary_term":null,"canonical_url":null,"og_title":null,"og_description":null,"og_object_type":"default","og_image_type":"default","og_image_url":null,"og_image_width":null,"og_image_height":null,"og_image_custom_url":null,"og_image_custom_fields":null,"og_video":null,"og_custom_url":null,"og_article_section":null,"og_article_tags":null,"twitter_use_og":true,"twitter_card":"default","twitter_image_type":"default","twitter_image_url":null,"twitter_image_custom_url":null,"twitter_image_custom_fields":null,"twitter_title":null,"twitter_description":null,"schema":{"blockGraphs":[],"customGraphs":[],"default":{"data":{"Article":[],"Course":[],"Dataset":[],"FAQPage":[],"Movie":[],"Person":[],"Product":[],"ProductReview":[],"Car":[],"Recipe":[],"Service":[],"SoftwareApplication":[],"WebPage":[]},"graphName":"","isEnabled":true},"graphs":[],"defaultGraph":"","defaultPostTypeGraph":""},"schema_type":null,"schema_type_options":null,"pillar_content":false,"robots_default":true,"robots_noindex":false,"robots_noarchive":false,"robots_nosnippet":false,"robots_nofollow":false,"robots_noimageindex":false,"robots_noodp":false,"robots_notranslate":false,"robots_max_snippet":null,"robots_max_videopreview":null,"robots_max_imagepreview":"none","priority":null,"frequency":null,"local_seo":null,"seo_analyzer_scan_date":"2026-06-03 05:17:55","breadcrumb_settings":null,"limit_modified_date":false,"open_ai":null,"ai":null,"created":"2020-11-14 22:56:26","updated":"2026-06-03 05:17:55","focus_keyword":null,"additional_keywords":null,"truseo_locale":null},"aioseo_breadcrumb":"<div class=\"aioseo-breadcrumbs\"><span class=\"aioseo-breadcrumb\">\n\t<a href=\"https:\/\/www.eldigitaldeasturias.com\/noticias\" title=\"Home\">Home<\/a>\n<\/span><span class=\"aioseo-breadcrumb-separator\">\u2013<\/span><span class=\"aioseo-breadcrumb\">\n\t<a href=\"https:\/\/www.eldigitaldeasturias.com\/noticias\/category\/actualidad\/\" title=\"Actualidad\">Actualidad<\/a>\n<\/span><span class=\"aioseo-breadcrumb-separator\">\u2013<\/span><span class=\"aioseo-breadcrumb\">\n\t<a href=\"https:\/\/www.eldigitaldeasturias.com\/noticias\/pinera-y-humala-abordaran-nuevamente-el-fallo-de-la-haya-en-la-cumbre-en-colombia\/\" title=\"Pi\u00f1era y Humala abordar\u00e1n nuevamente el fallo de La Haya en la cumbre en Colombia\">Pi\u00f1era y Humala abordar\u00e1n nuevamente el fallo de La Haya en la cumbre en Colombia<\/a>\n<\/span><\/div>","aioseo_breadcrumb_json":[{"label":"Home","link":"https:\/\/www.eldigitaldeasturias.com\/noticias"},{"label":"Actualidad","link":"https:\/\/www.eldigitaldeasturias.com\/noticias\/category\/actualidad\/"},{"label":"Pi\u00f1era y Humala abordar\u00e1n nuevamente el fallo de La Haya en la cumbre en Colombia","link":"https:\/\/www.eldigitaldeasturias.com\/noticias\/pinera-y-humala-abordaran-nuevamente-el-fallo-de-la-haya-en-la-cumbre-en-colombia\/"}],"_links":{"self":[{"href":"https:\/\/www.eldigitaldeasturias.com\/noticias\/wp-json\/wp\/v2\/posts\/487616","targetHints":{"allow":["GET"]}}],"collection":[{"href":"https:\/\/www.eldigitaldeasturias.com\/noticias\/wp-json\/wp\/v2\/posts"}],"about":[{"href":"https:\/\/www.eldigitaldeasturias.com\/noticias\/wp-json\/wp\/v2\/types\/post"}],"author":[{"embeddable":true,"href":"https:\/\/www.eldigitaldeasturias.com\/noticias\/wp-json\/wp\/v2\/users\/1"}],"replies":[{"embeddable":true,"href":"https:\/\/www.eldigitaldeasturias.com\/noticias\/wp-json\/wp\/v2\/comments?post=487616"}],"version-history":[{"count":0,"href":"https:\/\/www.eldigitaldeasturias.com\/noticias\/wp-json\/wp\/v2\/posts\/487616\/revisions"}],"wp:attachment":[{"href":"https:\/\/www.eldigitaldeasturias.com\/noticias\/wp-json\/wp\/v2\/media?parent=487616"}],"wp:term":[{"taxonomy":"category","embeddable":true,"href":"https:\/\/www.eldigitaldeasturias.com\/noticias\/wp-json\/wp\/v2\/categories?post=487616"},{"taxonomy":"post_tag","embeddable":true,"href":"https:\/\/www.eldigitaldeasturias.com\/noticias\/wp-json\/wp\/v2\/tags?post=487616"}],"curies":[{"name":"wp","href":"https:\/\/api.w.org\/{rel}","templated":true}]}}