{"id":487604,"date":"2014-02-09T22:59:51","date_gmt":"2014-02-09T23:59:51","guid":{"rendered":"http:\/\/www.eldigitaldeasturias.com\/noticias\/?p=487604"},"modified":"2014-02-09T22:59:51","modified_gmt":"2014-02-09T23:59:51","slug":"varane-e-isco-jugaran-en-el-calderon","status":"publish","type":"post","link":"https:\/\/www.eldigitaldeasturias.com\/noticias\/varane-e-isco-jugaran-en-el-calderon\/","title":{"rendered":"Varane e Isco jugar\u00e1n en el Calder\u00f3n"},"content":{"rendered":"<p><img loading=\"lazy\" decoding=\"async\" class=\"alignleft size-medium wp-image-487605\" alt=\"5926213w\" src=\"https:\/\/www.eldigitaldeasturias.com\/noticias\/wp-content\/uploads\/2014\/02\/5926213w-360x275.jpg\" width=\"360\" height=\"275\" \/>Madrid, 9 feb (EFE).- Carlo Ancelotti, t\u00e9cnico del Real Madrid, comienza a confeccionar el equipo titular que alinear\u00e1 en el Vicente Calder\u00f3n para el partido de vuelta de las semifinales de Copa del Rey, tras el 3-0 de la ida, con el franc\u00e9s Raphael Varane e Isco Alarc\u00f3n como titulares, junto al regreso de Cristiano Ronaldo.<\/p>\n<p>Afront\u00f3 el Real Madrid con \u00e9xito ante el Villarreal el primer partido de los tres ligueros que debe cumplir de sanci\u00f3n Cristiano Ronaldo. El portugu\u00e9s volver\u00e1 a jugar en Copa del Rey, ante el Atl\u00e9tico de Madrid, en un partido en el que Ancelotti piensa proteger el centro de su defensa.<\/p>\n<p>El portugu\u00e9s Pepe y Sergio Ramos est\u00e1n apercibidos de sanci\u00f3n, una cartulina les impedir\u00eda disputar la final. Provocar\u00e1 que Ancelotti apueste por el regreso de Varane, que no juega un partido desde el 19 de noviembre, cuando sus molestias de rodilla se agravaron y se vio obligado a parar.<\/p>\n<p>Podr\u00eda apostar tambi\u00e9n Ancelotti por Nacho Fern\u00e1ndez, aunque parece poco probable tras escuchar sus advertencias p\u00fablicas del partido de vuelta en el Calder\u00f3n y su insistencia en afirmar que no est\u00e1 sentenciada la eliminatoria pese a los tres goles de ventaja.<\/p>\n<p>En porter\u00eda regresar\u00e1 Iker Casillas que no ha encajado ning\u00fan gol en Copa del Rey, r\u00e9cord hist\u00f3rico del club madridista, y aumenta su racha de imbatibilidad a 772 minutos.<\/p>\n<p>En defensa la buena evoluci\u00f3n del brasile\u00f1o Marcelo del problema lumbar que le impidi\u00f3 acabar el partido de ayer, permitir\u00e1 a Ancelotti a ubicar a \u00c1lvaro Arbeloa en el lateral derecho y Marcelo en el izquierdo. El mando del equipo lo llevar\u00e1 Xabi Alonso, que descans\u00f3 en Liga, previsiblemente junto a Asier Illarramendi.<\/p>\n<p>Ya que Luka Modric podr\u00eda descansar para hacer hueco a Isco Alarc\u00f3n, jugador del que confirm\u00f3 su titularidad Ancelotti en Copa tras no jugar frente al Villarreal por los cambios tras las lesiones de los dos laterales izquierdos. El gal\u00e9s Gareth Bale, Cristiano y el franc\u00e9s Karim Benzema completar\u00edan el &#8216;once&#8217;, con descanso para el argentino \u00c1ngel Di Mar\u00eda y Jes\u00e9 Rodr\u00edguez.<\/p>\n","protected":false},"excerpt":{"rendered":"<p>Madrid, 9 feb (EFE).- Carlo Ancelotti, t\u00e9cnico del Real Madrid, comienza a confeccionar el equipo titular que alinear\u00e1 en el Vicente Calder\u00f3n para el partido de vuelta de las semifinales de Copa del Rey, tras el 3-0 de la ida, con el franc\u00e9s Raphael Varane e Isco Alarc\u00f3n como titulares, junto al regreso de Cristiano [&hellip;]<\/p>\n","protected":false},"author":1,"featured_media":487605,"comment_status":"open","ping_status":"open","sticky":false,"template":"","format":"standard","meta":{"footnotes":""},"categories":[1],"tags":[],"class_list":["post-487604","post","type-post","status-publish","format-standard","has-post-thumbnail","hentry","category-actualidad"],"aioseo_notices":[],"aioseo_head":"\n\t\t<!-- All in One SEO Pro 5.0.1 - aioseo.com -->\n\t<meta name=\"description\" content=\"Madrid, 9 feb (EFE).- Carlo Ancelotti, t\u00e9cnico del Real Madrid, comienza a confeccionar el equipo titular que alinear\u00e1 en el Vicente Calder\u00f3n para el partido de vuelta de las semifinales de Copa del Rey, tras el 3-0 de la ida, con el franc\u00e9s Raphael Varane e Isco Alarc\u00f3n como titulares, junto al regreso de Cristiano\" \/>\n\t<meta name=\"robots\" content=\"max-image-preview:large\" \/>\n\t<meta name=\"author\" content=\"El Digital de Asturias\"\/>\n\t<meta name=\"google-site-verification\" content=\"UA-38556648-1\" \/>\n\t<meta name=\"msvalidate.01\" content=\"7dfe9f3f1b24437ab69f4f2559babe99\" \/>\n\t<meta name=\"keywords\" content=\"actualidad\" \/>\n\t<link rel=\"canonical\" href=\"https:\/\/www.eldigitaldeasturias.com\/noticias\/varane-e-isco-jugaran-en-el-calderon\/\" \/>\n\t<meta name=\"generator\" content=\"All in One SEO Pro (AIOSEO) 5.0.1\" \/>\n\t\t<meta property=\"og:locale\" content=\"es_ES\" \/>\n\t\t<meta property=\"og:site_name\" content=\"El Digital de Asturias\" \/>\n\t\t<meta property=\"og:type\" content=\"article\" \/>\n\t\t<meta property=\"og:title\" content=\"Varane e Isco jugar\u00e1n en el Calder\u00f3n - El Digital de Asturias\" \/>\n\t\t<meta property=\"og:description\" content=\"Madrid, 9 feb (EFE).- Carlo Ancelotti, t\u00e9cnico del Real Madrid, comienza a confeccionar el equipo titular que alinear\u00e1 en el Vicente Calder\u00f3n para el partido de vuelta de las semifinales de Copa del Rey, tras el 3-0 de la ida, con el franc\u00e9s Raphael Varane e Isco Alarc\u00f3n como titulares, junto al regreso de Cristiano\" \/>\n\t\t<meta property=\"og:url\" content=\"https:\/\/www.eldigitaldeasturias.com\/noticias\/varane-e-isco-jugaran-en-el-calderon\/\" \/>\n\t\t<meta property=\"article:tag\" content=\"actualidad\" \/>\n\t\t<meta property=\"article:published_time\" content=\"2014-02-09T23:59:51+00:00\" \/>\n\t\t<meta property=\"article:modified_time\" content=\"2014-02-09T23:59:51+00:00\" \/>\n\t\t<meta property=\"article:publisher\" content=\"https:\/\/facebook.com\/eldigitaldeasturias\" \/>\n\t\t<meta name=\"twitter:card\" content=\"summary_large_image\" \/>\n\t\t<meta name=\"twitter:title\" content=\"Varane e Isco jugar\u00e1n en el Calder\u00f3n - El Digital de Asturias\" \/>\n\t\t<meta name=\"twitter:description\" content=\"Madrid, 9 feb (EFE).- Carlo Ancelotti, t\u00e9cnico del Real Madrid, comienza a confeccionar el equipo titular que alinear\u00e1 en el Vicente Calder\u00f3n para el partido de vuelta de las semifinales de Copa del Rey, tras el 3-0 de la ida, con el franc\u00e9s Raphael Varane e Isco Alarc\u00f3n como titulares, junto al regreso de Cristiano\" \/>\n\t\t<meta name=\"twitter:label1\" content=\"Escrito por\" \/>\n\t\t<meta name=\"twitter:data1\" content=\"El Digital de Asturias\" \/>\n\t\t<meta name=\"twitter:label2\" content=\"Tiempo de lectura estimado\" \/>\n\t\t<meta name=\"twitter:data2\" content=\"2 minutos\" \/>\n\t\t<script type=\"application\/ld+json\" class=\"aioseo-schema\">\n\t\t\t{\"@context\":\"https:\\\/\\\/schema.org\",\"@graph\":[{\"@type\":\"BlogPosting\",\"@id\":\"https:\\\/\\\/www.eldigitaldeasturias.com\\\/noticias\\\/varane-e-isco-jugaran-en-el-calderon\\\/#blogposting\",\"name\":\"Varane e Isco jugar\\u00e1n en el Calder\\u00f3n - El Digital de Asturias\",\"headline\":\"Varane e Isco jugar\\u00e1n en el Calder\\u00f3n\",\"author\":{\"@id\":\"https:\\\/\\\/www.eldigitaldeasturias.com\\\/noticias\\\/author\\\/admin\\\/#author\"},\"publisher\":{\"@id\":\"https:\\\/\\\/www.eldigitaldeasturias.com\\\/noticias\\\/#organization\"},\"image\":{\"@type\":\"ImageObject\",\"url\":487605},\"datePublished\":\"2014-02-09T22:59:51+01:00\",\"dateModified\":\"2014-02-09T22:59:51+01:00\",\"inLanguage\":\"es-ES\",\"mainEntityOfPage\":{\"@id\":\"https:\\\/\\\/www.eldigitaldeasturias.com\\\/noticias\\\/varane-e-isco-jugaran-en-el-calderon\\\/#webpage\"},\"isPartOf\":{\"@id\":\"https:\\\/\\\/www.eldigitaldeasturias.com\\\/noticias\\\/varane-e-isco-jugaran-en-el-calderon\\\/#webpage\"},\"articleSection\":\"Actualidad\"},{\"@type\":\"BreadcrumbList\",\"@id\":\"https:\\\/\\\/www.eldigitaldeasturias.com\\\/noticias\\\/varane-e-isco-jugaran-en-el-calderon\\\/#breadcrumblist\",\"itemListElement\":[{\"@type\":\"ListItem\",\"@id\":\"https:\\\/\\\/www.eldigitaldeasturias.com\\\/noticias#listItem\",\"position\":1,\"name\":\"Home\",\"item\":\"https:\\\/\\\/www.eldigitaldeasturias.com\\\/noticias\",\"nextItem\":{\"@type\":\"ListItem\",\"@id\":\"https:\\\/\\\/www.eldigitaldeasturias.com\\\/noticias\\\/category\\\/actualidad\\\/#listItem\",\"name\":\"Actualidad\"}},{\"@type\":\"ListItem\",\"@id\":\"https:\\\/\\\/www.eldigitaldeasturias.com\\\/noticias\\\/category\\\/actualidad\\\/#listItem\",\"position\":2,\"name\":\"Actualidad\",\"item\":\"https:\\\/\\\/www.eldigitaldeasturias.com\\\/noticias\\\/category\\\/actualidad\\\/\",\"nextItem\":{\"@type\":\"ListItem\",\"@id\":\"https:\\\/\\\/www.eldigitaldeasturias.com\\\/noticias\\\/varane-e-isco-jugaran-en-el-calderon\\\/#listItem\",\"name\":\"Varane e Isco jugar\\u00e1n en el Calder\\u00f3n\"},\"previousItem\":{\"@type\":\"ListItem\",\"@id\":\"https:\\\/\\\/www.eldigitaldeasturias.com\\\/noticias#listItem\",\"name\":\"Home\"}},{\"@type\":\"ListItem\",\"@id\":\"https:\\\/\\\/www.eldigitaldeasturias.com\\\/noticias\\\/varane-e-isco-jugaran-en-el-calderon\\\/#listItem\",\"position\":3,\"name\":\"Varane e Isco jugar\\u00e1n en el Calder\\u00f3n\",\"previousItem\":{\"@type\":\"ListItem\",\"@id\":\"https:\\\/\\\/www.eldigitaldeasturias.com\\\/noticias\\\/category\\\/actualidad\\\/#listItem\",\"name\":\"Actualidad\"}}]},{\"@type\":\"Organization\",\"@id\":\"https:\\\/\\\/www.eldigitaldeasturias.com\\\/noticias\\\/#organization\",\"name\":\"El Digital de Asturias\",\"description\":\"Hemeroteca\",\"url\":\"https:\\\/\\\/www.eldigitaldeasturias.com\\\/noticias\\\/\",\"email\":\"info@eldigitaldeasturias.com\",\"telephone\":\"+34652131393\",\"logo\":{\"@type\":\"ImageObject\",\"url\":\"https:\\\/\\\/www.eldigitaldeasturias.com\\\/noticias\\\/wp-content\\\/uploads\\\/2020\\\/12\\\/EDA.jpg\",\"@id\":\"https:\\\/\\\/www.eldigitaldeasturias.com\\\/noticias\\\/varane-e-isco-jugaran-en-el-calderon\\\/#organizationLogo\"},\"image\":{\"@id\":\"https:\\\/\\\/www.eldigitaldeasturias.com\\\/noticias\\\/varane-e-isco-jugaran-en-el-calderon\\\/#organizationLogo\"},\"sameAs\":[\"https:\\\/\\\/facebook.com\\\/eldigitaldeasturias\",\"https:\\\/\\\/www.youtube.com\\\/channel\\\/UCZP-2wLEB9Rv6erhFmqVnvg\"],\"address\":{\"@id\":\"https:\\\/\\\/www.eldigitaldeasturias.com\\\/noticias\\\/#postaladdress\",\"@type\":\"PostalAddress\",\"streetAddress\":\"san antonio 4\",\"postalCode\":\"33430\",\"addressLocality\":\"Cand\\u00e1s\",\"addressRegion\":\"Asturias\",\"addressCountry\":\"ES\"}},{\"@type\":\"Person\",\"@id\":\"https:\\\/\\\/www.eldigitaldeasturias.com\\\/noticias\\\/author\\\/admin\\\/#author\",\"url\":\"https:\\\/\\\/www.eldigitaldeasturias.com\\\/noticias\\\/author\\\/admin\\\/\",\"name\":\"El Digital de Asturias\",\"image\":{\"@type\":\"ImageObject\",\"@id\":\"https:\\\/\\\/www.eldigitaldeasturias.com\\\/noticias\\\/varane-e-isco-jugaran-en-el-calderon\\\/#authorImage\",\"url\":\"https:\\\/\\\/secure.gravatar.com\\\/avatar\\\/df2aeffc32bcd13f8d26072ef8a91b623d677766deac7f97ca815868cd41bf5e?s=96&d=mm&r=g\",\"width\":96,\"height\":96,\"caption\":\"El Digital de Asturias\"}},{\"@type\":\"WebPage\",\"@id\":\"https:\\\/\\\/www.eldigitaldeasturias.com\\\/noticias\\\/varane-e-isco-jugaran-en-el-calderon\\\/#webpage\",\"url\":\"https:\\\/\\\/www.eldigitaldeasturias.com\\\/noticias\\\/varane-e-isco-jugaran-en-el-calderon\\\/\",\"name\":\"Varane e Isco jugar\\u00e1n en el Calder\\u00f3n - El Digital de Asturias\",\"description\":\"Madrid, 9 feb (EFE).- Carlo Ancelotti, t\\u00e9cnico del Real Madrid, comienza a confeccionar el equipo titular que alinear\\u00e1 en el Vicente Calder\\u00f3n para el partido de vuelta de las semifinales de Copa del Rey, tras el 3-0 de la ida, con el franc\\u00e9s Raphael Varane e Isco Alarc\\u00f3n como titulares, junto al regreso de Cristiano\",\"inLanguage\":\"es-ES\",\"isPartOf\":{\"@id\":\"https:\\\/\\\/www.eldigitaldeasturias.com\\\/noticias\\\/#website\"},\"breadcrumb\":{\"@id\":\"https:\\\/\\\/www.eldigitaldeasturias.com\\\/noticias\\\/varane-e-isco-jugaran-en-el-calderon\\\/#breadcrumblist\"},\"author\":{\"@id\":\"https:\\\/\\\/www.eldigitaldeasturias.com\\\/noticias\\\/author\\\/admin\\\/#author\"},\"creator\":{\"@id\":\"https:\\\/\\\/www.eldigitaldeasturias.com\\\/noticias\\\/author\\\/admin\\\/#author\"},\"image\":{\"@type\":\"ImageObject\",\"url\":487605,\"@id\":\"https:\\\/\\\/www.eldigitaldeasturias.com\\\/noticias\\\/varane-e-isco-jugaran-en-el-calderon\\\/#mainImage\"},\"primaryImageOfPage\":{\"@id\":\"https:\\\/\\\/www.eldigitaldeasturias.com\\\/noticias\\\/varane-e-isco-jugaran-en-el-calderon\\\/#mainImage\"},\"datePublished\":\"2014-02-09T22:59:51+01:00\",\"dateModified\":\"2014-02-09T22:59:51+01:00\"},{\"@type\":\"WebSite\",\"@id\":\"https:\\\/\\\/www.eldigitaldeasturias.com\\\/noticias\\\/#website\",\"url\":\"https:\\\/\\\/www.eldigitaldeasturias.com\\\/noticias\\\/\",\"name\":\"El Digital de Asturias - Diario de actualidad y noticias\",\"alternateName\":\"El Digital de Asturias - Diario de actualidad y noticias\",\"description\":\"Hemeroteca\",\"inLanguage\":\"es-ES\",\"publisher\":{\"@id\":\"https:\\\/\\\/www.eldigitaldeasturias.com\\\/noticias\\\/#organization\"}}]}\n\t\t<\/script>\n\t\t<!-- All in One SEO Pro -->\r\n\t\t<title>Varane e Isco jugar\u00e1n en el Calder\u00f3n - El Digital de Asturias<\/title>\n\n","aioseo_head_json":{"title":"Varane e Isco jugar\u00e1n en el Calder\u00f3n - El Digital de Asturias","description":"Madrid, 9 feb (EFE).- Carlo Ancelotti, t\u00e9cnico del Real Madrid, comienza a confeccionar el equipo titular que alinear\u00e1 en el Vicente Calder\u00f3n para el partido de vuelta de las semifinales de Copa del Rey, tras el 3-0 de la ida, con el franc\u00e9s Raphael Varane e Isco Alarc\u00f3n como titulares, junto al regreso de Cristiano","canonical_url":"https:\/\/www.eldigitaldeasturias.com\/noticias\/varane-e-isco-jugaran-en-el-calderon\/","robots":"max-image-preview:large","keywords":"actualidad","webmasterTools":{"google-site-verification":"UA-38556648-1","msvalidate.01":"7dfe9f3f1b24437ab69f4f2559babe99","miscellaneous":""},"schema":{"@context":"https:\/\/schema.org","@graph":[{"@type":"BlogPosting","@id":"https:\/\/www.eldigitaldeasturias.com\/noticias\/varane-e-isco-jugaran-en-el-calderon\/#blogposting","name":"Varane e Isco jugar\u00e1n en el Calder\u00f3n - El Digital de Asturias","headline":"Varane e Isco jugar\u00e1n en el Calder\u00f3n","author":{"@id":"https:\/\/www.eldigitaldeasturias.com\/noticias\/author\/admin\/#author"},"publisher":{"@id":"https:\/\/www.eldigitaldeasturias.com\/noticias\/#organization"},"image":{"@type":"ImageObject","url":487605},"datePublished":"2014-02-09T22:59:51+01:00","dateModified":"2014-02-09T22:59:51+01:00","inLanguage":"es-ES","mainEntityOfPage":{"@id":"https:\/\/www.eldigitaldeasturias.com\/noticias\/varane-e-isco-jugaran-en-el-calderon\/#webpage"},"isPartOf":{"@id":"https:\/\/www.eldigitaldeasturias.com\/noticias\/varane-e-isco-jugaran-en-el-calderon\/#webpage"},"articleSection":"Actualidad"},{"@type":"BreadcrumbList","@id":"https:\/\/www.eldigitaldeasturias.com\/noticias\/varane-e-isco-jugaran-en-el-calderon\/#breadcrumblist","itemListElement":[{"@type":"ListItem","@id":"https:\/\/www.eldigitaldeasturias.com\/noticias#listItem","position":1,"name":"Home","item":"https:\/\/www.eldigitaldeasturias.com\/noticias","nextItem":{"@type":"ListItem","@id":"https:\/\/www.eldigitaldeasturias.com\/noticias\/category\/actualidad\/#listItem","name":"Actualidad"}},{"@type":"ListItem","@id":"https:\/\/www.eldigitaldeasturias.com\/noticias\/category\/actualidad\/#listItem","position":2,"name":"Actualidad","item":"https:\/\/www.eldigitaldeasturias.com\/noticias\/category\/actualidad\/","nextItem":{"@type":"ListItem","@id":"https:\/\/www.eldigitaldeasturias.com\/noticias\/varane-e-isco-jugaran-en-el-calderon\/#listItem","name":"Varane e Isco jugar\u00e1n en el Calder\u00f3n"},"previousItem":{"@type":"ListItem","@id":"https:\/\/www.eldigitaldeasturias.com\/noticias#listItem","name":"Home"}},{"@type":"ListItem","@id":"https:\/\/www.eldigitaldeasturias.com\/noticias\/varane-e-isco-jugaran-en-el-calderon\/#listItem","position":3,"name":"Varane e Isco jugar\u00e1n en el Calder\u00f3n","previousItem":{"@type":"ListItem","@id":"https:\/\/www.eldigitaldeasturias.com\/noticias\/category\/actualidad\/#listItem","name":"Actualidad"}}]},{"@type":"Organization","@id":"https:\/\/www.eldigitaldeasturias.com\/noticias\/#organization","name":"El Digital de Asturias","description":"Hemeroteca","url":"https:\/\/www.eldigitaldeasturias.com\/noticias\/","email":"info@eldigitaldeasturias.com","telephone":"+34652131393","logo":{"@type":"ImageObject","url":"https:\/\/www.eldigitaldeasturias.com\/noticias\/wp-content\/uploads\/2020\/12\/EDA.jpg","@id":"https:\/\/www.eldigitaldeasturias.com\/noticias\/varane-e-isco-jugaran-en-el-calderon\/#organizationLogo"},"image":{"@id":"https:\/\/www.eldigitaldeasturias.com\/noticias\/varane-e-isco-jugaran-en-el-calderon\/#organizationLogo"},"sameAs":["https:\/\/facebook.com\/eldigitaldeasturias","https:\/\/www.youtube.com\/channel\/UCZP-2wLEB9Rv6erhFmqVnvg"],"address":{"@id":"https:\/\/www.eldigitaldeasturias.com\/noticias\/#postaladdress","@type":"PostalAddress","streetAddress":"san antonio 4","postalCode":"33430","addressLocality":"Cand\u00e1s","addressRegion":"Asturias","addressCountry":"ES"}},{"@type":"Person","@id":"https:\/\/www.eldigitaldeasturias.com\/noticias\/author\/admin\/#author","url":"https:\/\/www.eldigitaldeasturias.com\/noticias\/author\/admin\/","name":"El Digital de Asturias","image":{"@type":"ImageObject","@id":"https:\/\/www.eldigitaldeasturias.com\/noticias\/varane-e-isco-jugaran-en-el-calderon\/#authorImage","url":"https:\/\/secure.gravatar.com\/avatar\/df2aeffc32bcd13f8d26072ef8a91b623d677766deac7f97ca815868cd41bf5e?s=96&d=mm&r=g","width":96,"height":96,"caption":"El Digital de Asturias"}},{"@type":"WebPage","@id":"https:\/\/www.eldigitaldeasturias.com\/noticias\/varane-e-isco-jugaran-en-el-calderon\/#webpage","url":"https:\/\/www.eldigitaldeasturias.com\/noticias\/varane-e-isco-jugaran-en-el-calderon\/","name":"Varane e Isco jugar\u00e1n en el Calder\u00f3n - El Digital de Asturias","description":"Madrid, 9 feb (EFE).- Carlo Ancelotti, t\u00e9cnico del Real Madrid, comienza a confeccionar el equipo titular que alinear\u00e1 en el Vicente Calder\u00f3n para el partido de vuelta de las semifinales de Copa del Rey, tras el 3-0 de la ida, con el franc\u00e9s Raphael Varane e Isco Alarc\u00f3n como titulares, junto al regreso de Cristiano","inLanguage":"es-ES","isPartOf":{"@id":"https:\/\/www.eldigitaldeasturias.com\/noticias\/#website"},"breadcrumb":{"@id":"https:\/\/www.eldigitaldeasturias.com\/noticias\/varane-e-isco-jugaran-en-el-calderon\/#breadcrumblist"},"author":{"@id":"https:\/\/www.eldigitaldeasturias.com\/noticias\/author\/admin\/#author"},"creator":{"@id":"https:\/\/www.eldigitaldeasturias.com\/noticias\/author\/admin\/#author"},"image":{"@type":"ImageObject","url":487605,"@id":"https:\/\/www.eldigitaldeasturias.com\/noticias\/varane-e-isco-jugaran-en-el-calderon\/#mainImage"},"primaryImageOfPage":{"@id":"https:\/\/www.eldigitaldeasturias.com\/noticias\/varane-e-isco-jugaran-en-el-calderon\/#mainImage"},"datePublished":"2014-02-09T22:59:51+01:00","dateModified":"2014-02-09T22:59:51+01:00"},{"@type":"WebSite","@id":"https:\/\/www.eldigitaldeasturias.com\/noticias\/#website","url":"https:\/\/www.eldigitaldeasturias.com\/noticias\/","name":"El Digital de Asturias - Diario de actualidad y noticias","alternateName":"El Digital de Asturias - Diario de actualidad y noticias","description":"Hemeroteca","inLanguage":"es-ES","publisher":{"@id":"https:\/\/www.eldigitaldeasturias.com\/noticias\/#organization"}}]},"og:locale":"es_ES","og:site_name":"El Digital de Asturias","og:type":"article","og:title":"Varane e Isco jugar\u00e1n en el Calder\u00f3n - El Digital de Asturias","og:description":"Madrid, 9 feb (EFE).- Carlo Ancelotti, t\u00e9cnico del Real Madrid, comienza a confeccionar el equipo titular que alinear\u00e1 en el Vicente Calder\u00f3n para el partido de vuelta de las semifinales de Copa del Rey, tras el 3-0 de la ida, con el franc\u00e9s Raphael Varane e Isco Alarc\u00f3n como titulares, junto al regreso de Cristiano","og:url":"https:\/\/www.eldigitaldeasturias.com\/noticias\/varane-e-isco-jugaran-en-el-calderon\/","article:tag":["actualidad"],"article:published_time":"2014-02-09T23:59:51+00:00","article:modified_time":"2014-02-09T23:59:51+00:00","article:publisher":"https:\/\/facebook.com\/eldigitaldeasturias","twitter:card":"summary_large_image","twitter:title":"Varane e Isco jugar\u00e1n en el Calder\u00f3n - El Digital de Asturias","twitter:description":"Madrid, 9 feb (EFE).- Carlo Ancelotti, t\u00e9cnico del Real Madrid, comienza a confeccionar el equipo titular que alinear\u00e1 en el Vicente Calder\u00f3n para el partido de vuelta de las semifinales de Copa del Rey, tras el 3-0 de la ida, con el franc\u00e9s Raphael Varane e Isco Alarc\u00f3n como titulares, junto al regreso de Cristiano","twitter:label1":"Escrito por","twitter:data1":"El Digital de Asturias","twitter:label2":"Tiempo de lectura estimado","twitter:data2":"2 minutos"},"aioseo_meta_data":{"post_id":"487604","title":null,"description":null,"keywords":null,"keyphrases":null,"primary_term":null,"canonical_url":null,"og_title":null,"og_description":null,"og_object_type":"default","og_image_type":"default","og_image_url":null,"og_image_width":null,"og_image_height":null,"og_image_custom_url":null,"og_image_custom_fields":null,"og_video":null,"og_custom_url":null,"og_article_section":null,"og_article_tags":null,"twitter_use_og":true,"twitter_card":"default","twitter_image_type":"default","twitter_image_url":null,"twitter_image_custom_url":null,"twitter_image_custom_fields":null,"twitter_title":null,"twitter_description":null,"schema":{"blockGraphs":[],"customGraphs":[],"default":{"data":{"Article":[],"Course":[],"Dataset":[],"FAQPage":[],"Movie":[],"Person":[],"Product":[],"ProductReview":[],"Car":[],"Recipe":[],"Service":[],"SoftwareApplication":[],"WebPage":[]},"graphName":"","isEnabled":true},"graphs":[],"defaultGraph":"","defaultPostTypeGraph":""},"schema_type":null,"schema_type_options":null,"pillar_content":false,"robots_default":true,"robots_noindex":false,"robots_noarchive":false,"robots_nosnippet":false,"robots_nofollow":false,"robots_noimageindex":false,"robots_noodp":false,"robots_notranslate":false,"robots_max_snippet":null,"robots_max_videopreview":null,"robots_max_imagepreview":"none","priority":null,"frequency":null,"local_seo":null,"seo_analyzer_scan_date":"2026-06-03 05:15:51","breadcrumb_settings":null,"limit_modified_date":false,"open_ai":null,"ai":null,"created":"2020-11-14 22:56:26","updated":"2026-06-03 05:15:51","focus_keyword":null,"additional_keywords":null,"truseo_locale":null},"aioseo_breadcrumb":"<div class=\"aioseo-breadcrumbs\"><span class=\"aioseo-breadcrumb\">\n\t<a href=\"https:\/\/www.eldigitaldeasturias.com\/noticias\" title=\"Home\">Home<\/a>\n<\/span><span class=\"aioseo-breadcrumb-separator\">\u2013<\/span><span class=\"aioseo-breadcrumb\">\n\t<a href=\"https:\/\/www.eldigitaldeasturias.com\/noticias\/category\/actualidad\/\" title=\"Actualidad\">Actualidad<\/a>\n<\/span><span class=\"aioseo-breadcrumb-separator\">\u2013<\/span><span class=\"aioseo-breadcrumb\">\n\t<a href=\"https:\/\/www.eldigitaldeasturias.com\/noticias\/varane-e-isco-jugaran-en-el-calderon\/\" title=\"Varane e Isco jugar\u00e1n en el Calder\u00f3n\">Varane e Isco jugar\u00e1n en el Calder\u00f3n<\/a>\n<\/span><\/div>","aioseo_breadcrumb_json":[{"label":"Home","link":"https:\/\/www.eldigitaldeasturias.com\/noticias"},{"label":"Actualidad","link":"https:\/\/www.eldigitaldeasturias.com\/noticias\/category\/actualidad\/"},{"label":"Varane e Isco jugar\u00e1n en el Calder\u00f3n","link":"https:\/\/www.eldigitaldeasturias.com\/noticias\/varane-e-isco-jugaran-en-el-calderon\/"}],"_links":{"self":[{"href":"https:\/\/www.eldigitaldeasturias.com\/noticias\/wp-json\/wp\/v2\/posts\/487604","targetHints":{"allow":["GET"]}}],"collection":[{"href":"https:\/\/www.eldigitaldeasturias.com\/noticias\/wp-json\/wp\/v2\/posts"}],"about":[{"href":"https:\/\/www.eldigitaldeasturias.com\/noticias\/wp-json\/wp\/v2\/types\/post"}],"author":[{"embeddable":true,"href":"https:\/\/www.eldigitaldeasturias.com\/noticias\/wp-json\/wp\/v2\/users\/1"}],"replies":[{"embeddable":true,"href":"https:\/\/www.eldigitaldeasturias.com\/noticias\/wp-json\/wp\/v2\/comments?post=487604"}],"version-history":[{"count":0,"href":"https:\/\/www.eldigitaldeasturias.com\/noticias\/wp-json\/wp\/v2\/posts\/487604\/revisions"}],"wp:attachment":[{"href":"https:\/\/www.eldigitaldeasturias.com\/noticias\/wp-json\/wp\/v2\/media?parent=487604"}],"wp:term":[{"taxonomy":"category","embeddable":true,"href":"https:\/\/www.eldigitaldeasturias.com\/noticias\/wp-json\/wp\/v2\/categories?post=487604"},{"taxonomy":"post_tag","embeddable":true,"href":"https:\/\/www.eldigitaldeasturias.com\/noticias\/wp-json\/wp\/v2\/tags?post=487604"}],"curies":[{"name":"wp","href":"https:\/\/api.w.org\/{rel}","templated":true}]}}