{"id":487601,"date":"2014-02-09T22:58:39","date_gmt":"2014-02-09T23:58:39","guid":{"rendered":"http:\/\/www.eldigitaldeasturias.com\/noticias\/?p=487601"},"modified":"2014-02-09T22:58:39","modified_gmt":"2014-02-09T23:58:39","slug":"un-millar-de-manifestantes-en-sarajevo-pide-justicia-social","status":"publish","type":"post","link":"https:\/\/www.eldigitaldeasturias.com\/noticias\/un-millar-de-manifestantes-en-sarajevo-pide-justicia-social\/","title":{"rendered":"Un millar de manifestantes en Sarajevo pide justicia social"},"content":{"rendered":"<p><img loading=\"lazy\" decoding=\"async\" class=\"alignleft size-medium wp-image-487602\" alt=\"5926208wbosnia\" src=\"https:\/\/www.eldigitaldeasturias.com\/noticias\/wp-content\/uploads\/2014\/02\/5926208w-360x239.jpg\" width=\"360\" height=\"239\" \/>Sarajevo, 9 feb (EFE).- Unas mil personas se manifestaron hoy en Sarajevo, en frente de la sede de la Presidencia de Bosnia, para pedir por cuarto d\u00eda consecutivo m\u00e1s justicia social y la dimisi\u00f3n de numerosos pol\u00edticos en ese pa\u00eds balc\u00e1nico.<\/p>\n<p>Los congregados corearon lemas como \u00abladrones fuera\u00bb, \u00abqueremos leyes\u00bb o \u00abdimisiones\u00bb, y bloquearon al tr\u00e1fico unas de las principales arterias de la capital, informan los medios de comunicaci\u00f3n locales.<\/p>\n<p>Tras la dimisi\u00f3n, el s\u00e1bado, del primer ministro del cant\u00f3n de Sarajevo, los manifestantes exigieron la formaci\u00f3n de un gobierno de expertos y han dado a las autoridades un plazo hasta el 1 de marzo.<\/p>\n<p>Los manifestantes tambi\u00e9n exigen la dimisi\u00f3n del Gobierno de la Federaci\u00f3n bosnia, el ente aut\u00f3nomo com\u00fan de musulmanes y croatas de Bosnia, as\u00ed como la lucha contra la corrupci\u00f3n y el nepotismo.<\/p>\n<p>En la ciudad de Bihac, en el extremo oeste, donde el s\u00e1bado hubo unos choques entre los manifestantes y la polic\u00eda, unas 500 personas se volvieron a congregar hoy en la principal plaza para exigir la dimisi\u00f3n del ministro cantonal, quien seg\u00fan algunos medios se ha fugado del pa\u00eds.<\/p>\n<p>Desde el comienzo de las protestas sociales del mi\u00e9rcoles pasado, han dimitido en Bosnia los gobiernos de tres de los diez cantones que forman la Federaci\u00f3n croata-musulmana.<\/p>\n<p>Adem\u00e1s, el director del cuerpo de coordinaci\u00f3n de la polic\u00eda bosnia, Himzo Selimovic, anunci\u00f3 hoy su dimisi\u00f3n alegando que le faltan poderes para reaccionar a los disturbios vividos esta semana.<\/p>\n<p>Seg\u00fan el acuerdo de paz de Dayton de 1995, el pa\u00eds balc\u00e1nico est\u00e1 compuesto por dos entes aut\u00f3nomos -uno para los serbios y otro conjunto para croatas y musulmanes de Bosnia, y su complicada estructura supone una administraci\u00f3n grande, ineficaz y costosa.<\/p>\n<p>Las protestas sociales comenzaron en Tuzla, noreste de Bosnia, por el cierre de varias f\u00e1bricas industriales tras su privatizaci\u00f3n.<\/p>\n<p>El viernes, las protestas vivieron su momento m\u00e1s duro con decenas de miles de manifestantes en una treintena de ciudades que expresaban su malestar con la pobreza y la corrupci\u00f3n.<\/p>\n<p>En Sarajevo y otras varias ciudades las protestas derivaron en violencia y destrucciones de dependencias de instituciones de poder.<\/p>\n<p>Mientras, el viceprimer ministro de la vecina Serbia, Aleksandar Vucic, recalc\u00f3 hoy la importancia de la estabilidad regional.<\/p>\n<p>Vucic se reuni\u00f3 hoy en Belgrado con el presidente del ente serbio de Bosnia, Milorad Dodik, quien asegur\u00f3 que las protestas tuvieron el origen social pero que luego adquirieron un motivo pol\u00edtico y que se pretende que se desborden ahora al ente serbobosnio.<\/p>\n<p>\u00abCualquier escalada ser\u00e1 impedida en conformidad con la ley\u00bb, advirti\u00f3 Dodik, citado por la agencia de noticias Tanjug.<\/p>\n<p>Por su parte, el primer ministro de la vecina Croacia, Zoran Milanovic, visit\u00f3 hoy la dividida ciudad meridional bosnia de Mostar, donde abog\u00f3 por que se tranquilice la situaci\u00f3n en Bosnia.<\/p>\n<p>Milanovic se reuni\u00f3 all\u00ed con el primer ministro bosnio, el croatobosnio Vjekoslav Bevanda, y visit\u00f3 los edificios afectados en la violencia del pasado viernes.<\/p>\n","protected":false},"excerpt":{"rendered":"<p>Sarajevo, 9 feb (EFE).- Unas mil personas se manifestaron hoy en Sarajevo, en frente de la sede de la Presidencia de Bosnia, para pedir por cuarto d\u00eda consecutivo m\u00e1s justicia social y la dimisi\u00f3n de numerosos pol\u00edticos en ese pa\u00eds balc\u00e1nico. Los congregados corearon lemas como \u00abladrones fuera\u00bb, \u00abqueremos leyes\u00bb o \u00abdimisiones\u00bb, y bloquearon al [&hellip;]<\/p>\n","protected":false},"author":1,"featured_media":487602,"comment_status":"open","ping_status":"open","sticky":false,"template":"","format":"standard","meta":{"footnotes":""},"categories":[1],"tags":[],"class_list":["post-487601","post","type-post","status-publish","format-standard","has-post-thumbnail","hentry","category-actualidad"],"aioseo_notices":[],"aioseo_head":"\n\t\t<!-- All in One SEO Pro 5.0.1 - aioseo.com -->\n\t<meta name=\"description\" content=\"Sarajevo, 9 feb (EFE).- Unas mil personas se manifestaron hoy en Sarajevo, en frente de la sede de la Presidencia de Bosnia, para pedir por cuarto d\u00eda consecutivo m\u00e1s justicia social y la dimisi\u00f3n de numerosos pol\u00edticos en ese pa\u00eds balc\u00e1nico. Los congregados corearon lemas como &quot;ladrones fuera&quot;, &quot;queremos leyes&quot; o &quot;dimisiones&quot;, y bloquearon al\" \/>\n\t<meta name=\"robots\" content=\"max-image-preview:large\" \/>\n\t<meta name=\"author\" content=\"El Digital de Asturias\"\/>\n\t<meta name=\"google-site-verification\" content=\"UA-38556648-1\" \/>\n\t<meta name=\"msvalidate.01\" content=\"7dfe9f3f1b24437ab69f4f2559babe99\" \/>\n\t<meta name=\"keywords\" content=\"actualidad\" \/>\n\t<link rel=\"canonical\" href=\"https:\/\/www.eldigitaldeasturias.com\/noticias\/un-millar-de-manifestantes-en-sarajevo-pide-justicia-social\/\" \/>\n\t<meta name=\"generator\" content=\"All in One SEO Pro (AIOSEO) 5.0.1\" \/>\n\t\t<meta property=\"og:locale\" content=\"es_ES\" \/>\n\t\t<meta property=\"og:site_name\" content=\"El Digital de Asturias\" \/>\n\t\t<meta property=\"og:type\" content=\"article\" \/>\n\t\t<meta property=\"og:title\" content=\"Un millar de manifestantes en Sarajevo pide justicia social - El Digital de Asturias\" \/>\n\t\t<meta property=\"og:description\" content=\"Sarajevo, 9 feb (EFE).- Unas mil personas se manifestaron hoy en Sarajevo, en frente de la sede de la Presidencia de Bosnia, para pedir por cuarto d\u00eda consecutivo m\u00e1s justicia social y la dimisi\u00f3n de numerosos pol\u00edticos en ese pa\u00eds balc\u00e1nico. Los congregados corearon lemas como &quot;ladrones fuera&quot;, &quot;queremos leyes&quot; o &quot;dimisiones&quot;, y bloquearon al\" \/>\n\t\t<meta property=\"og:url\" content=\"https:\/\/www.eldigitaldeasturias.com\/noticias\/un-millar-de-manifestantes-en-sarajevo-pide-justicia-social\/\" \/>\n\t\t<meta property=\"article:tag\" content=\"actualidad\" \/>\n\t\t<meta property=\"article:published_time\" content=\"2014-02-09T23:58:39+00:00\" \/>\n\t\t<meta property=\"article:modified_time\" content=\"2014-02-09T23:58:39+00:00\" \/>\n\t\t<meta property=\"article:publisher\" content=\"https:\/\/facebook.com\/eldigitaldeasturias\" \/>\n\t\t<meta name=\"twitter:card\" content=\"summary_large_image\" \/>\n\t\t<meta name=\"twitter:title\" content=\"Un millar de manifestantes en Sarajevo pide justicia social - El Digital de Asturias\" \/>\n\t\t<meta name=\"twitter:description\" content=\"Sarajevo, 9 feb (EFE).- Unas mil personas se manifestaron hoy en Sarajevo, en frente de la sede de la Presidencia de Bosnia, para pedir por cuarto d\u00eda consecutivo m\u00e1s justicia social y la dimisi\u00f3n de numerosos pol\u00edticos en ese pa\u00eds balc\u00e1nico. Los congregados corearon lemas como &quot;ladrones fuera&quot;, &quot;queremos leyes&quot; o &quot;dimisiones&quot;, y bloquearon al\" \/>\n\t\t<meta name=\"twitter:label1\" content=\"Escrito por\" \/>\n\t\t<meta name=\"twitter:data1\" content=\"El Digital de Asturias\" \/>\n\t\t<meta name=\"twitter:label2\" content=\"Tiempo de lectura estimado\" \/>\n\t\t<meta name=\"twitter:data2\" content=\"3 minutos\" \/>\n\t\t<script type=\"application\/ld+json\" class=\"aioseo-schema\">\n\t\t\t{\"@context\":\"https:\\\/\\\/schema.org\",\"@graph\":[{\"@type\":\"BlogPosting\",\"@id\":\"https:\\\/\\\/www.eldigitaldeasturias.com\\\/noticias\\\/un-millar-de-manifestantes-en-sarajevo-pide-justicia-social\\\/#blogposting\",\"name\":\"Un millar de manifestantes en Sarajevo pide justicia social - El Digital de Asturias\",\"headline\":\"Un millar de manifestantes en Sarajevo pide justicia social\",\"author\":{\"@id\":\"https:\\\/\\\/www.eldigitaldeasturias.com\\\/noticias\\\/author\\\/admin\\\/#author\"},\"publisher\":{\"@id\":\"https:\\\/\\\/www.eldigitaldeasturias.com\\\/noticias\\\/#organization\"},\"image\":{\"@type\":\"ImageObject\",\"url\":487602},\"datePublished\":\"2014-02-09T22:58:39+01:00\",\"dateModified\":\"2014-02-09T22:58:39+01:00\",\"inLanguage\":\"es-ES\",\"mainEntityOfPage\":{\"@id\":\"https:\\\/\\\/www.eldigitaldeasturias.com\\\/noticias\\\/un-millar-de-manifestantes-en-sarajevo-pide-justicia-social\\\/#webpage\"},\"isPartOf\":{\"@id\":\"https:\\\/\\\/www.eldigitaldeasturias.com\\\/noticias\\\/un-millar-de-manifestantes-en-sarajevo-pide-justicia-social\\\/#webpage\"},\"articleSection\":\"Actualidad\"},{\"@type\":\"BreadcrumbList\",\"@id\":\"https:\\\/\\\/www.eldigitaldeasturias.com\\\/noticias\\\/un-millar-de-manifestantes-en-sarajevo-pide-justicia-social\\\/#breadcrumblist\",\"itemListElement\":[{\"@type\":\"ListItem\",\"@id\":\"https:\\\/\\\/www.eldigitaldeasturias.com\\\/noticias#listItem\",\"position\":1,\"name\":\"Home\",\"item\":\"https:\\\/\\\/www.eldigitaldeasturias.com\\\/noticias\",\"nextItem\":{\"@type\":\"ListItem\",\"@id\":\"https:\\\/\\\/www.eldigitaldeasturias.com\\\/noticias\\\/category\\\/actualidad\\\/#listItem\",\"name\":\"Actualidad\"}},{\"@type\":\"ListItem\",\"@id\":\"https:\\\/\\\/www.eldigitaldeasturias.com\\\/noticias\\\/category\\\/actualidad\\\/#listItem\",\"position\":2,\"name\":\"Actualidad\",\"item\":\"https:\\\/\\\/www.eldigitaldeasturias.com\\\/noticias\\\/category\\\/actualidad\\\/\",\"nextItem\":{\"@type\":\"ListItem\",\"@id\":\"https:\\\/\\\/www.eldigitaldeasturias.com\\\/noticias\\\/un-millar-de-manifestantes-en-sarajevo-pide-justicia-social\\\/#listItem\",\"name\":\"Un millar de manifestantes en Sarajevo pide justicia social\"},\"previousItem\":{\"@type\":\"ListItem\",\"@id\":\"https:\\\/\\\/www.eldigitaldeasturias.com\\\/noticias#listItem\",\"name\":\"Home\"}},{\"@type\":\"ListItem\",\"@id\":\"https:\\\/\\\/www.eldigitaldeasturias.com\\\/noticias\\\/un-millar-de-manifestantes-en-sarajevo-pide-justicia-social\\\/#listItem\",\"position\":3,\"name\":\"Un millar de manifestantes en Sarajevo pide justicia social\",\"previousItem\":{\"@type\":\"ListItem\",\"@id\":\"https:\\\/\\\/www.eldigitaldeasturias.com\\\/noticias\\\/category\\\/actualidad\\\/#listItem\",\"name\":\"Actualidad\"}}]},{\"@type\":\"Organization\",\"@id\":\"https:\\\/\\\/www.eldigitaldeasturias.com\\\/noticias\\\/#organization\",\"name\":\"El Digital de Asturias\",\"description\":\"Hemeroteca\",\"url\":\"https:\\\/\\\/www.eldigitaldeasturias.com\\\/noticias\\\/\",\"email\":\"info@eldigitaldeasturias.com\",\"telephone\":\"+34652131393\",\"logo\":{\"@type\":\"ImageObject\",\"url\":\"https:\\\/\\\/www.eldigitaldeasturias.com\\\/noticias\\\/wp-content\\\/uploads\\\/2020\\\/12\\\/EDA.jpg\",\"@id\":\"https:\\\/\\\/www.eldigitaldeasturias.com\\\/noticias\\\/un-millar-de-manifestantes-en-sarajevo-pide-justicia-social\\\/#organizationLogo\"},\"image\":{\"@id\":\"https:\\\/\\\/www.eldigitaldeasturias.com\\\/noticias\\\/un-millar-de-manifestantes-en-sarajevo-pide-justicia-social\\\/#organizationLogo\"},\"sameAs\":[\"https:\\\/\\\/facebook.com\\\/eldigitaldeasturias\",\"https:\\\/\\\/www.youtube.com\\\/channel\\\/UCZP-2wLEB9Rv6erhFmqVnvg\"],\"address\":{\"@id\":\"https:\\\/\\\/www.eldigitaldeasturias.com\\\/noticias\\\/#postaladdress\",\"@type\":\"PostalAddress\",\"streetAddress\":\"san antonio 4\",\"postalCode\":\"33430\",\"addressLocality\":\"Cand\\u00e1s\",\"addressRegion\":\"Asturias\",\"addressCountry\":\"ES\"}},{\"@type\":\"Person\",\"@id\":\"https:\\\/\\\/www.eldigitaldeasturias.com\\\/noticias\\\/author\\\/admin\\\/#author\",\"url\":\"https:\\\/\\\/www.eldigitaldeasturias.com\\\/noticias\\\/author\\\/admin\\\/\",\"name\":\"El Digital de Asturias\",\"image\":{\"@type\":\"ImageObject\",\"@id\":\"https:\\\/\\\/www.eldigitaldeasturias.com\\\/noticias\\\/un-millar-de-manifestantes-en-sarajevo-pide-justicia-social\\\/#authorImage\",\"url\":\"https:\\\/\\\/secure.gravatar.com\\\/avatar\\\/df2aeffc32bcd13f8d26072ef8a91b623d677766deac7f97ca815868cd41bf5e?s=96&d=mm&r=g\",\"width\":96,\"height\":96,\"caption\":\"El Digital de Asturias\"}},{\"@type\":\"WebPage\",\"@id\":\"https:\\\/\\\/www.eldigitaldeasturias.com\\\/noticias\\\/un-millar-de-manifestantes-en-sarajevo-pide-justicia-social\\\/#webpage\",\"url\":\"https:\\\/\\\/www.eldigitaldeasturias.com\\\/noticias\\\/un-millar-de-manifestantes-en-sarajevo-pide-justicia-social\\\/\",\"name\":\"Un millar de manifestantes en Sarajevo pide justicia social - El Digital de Asturias\",\"description\":\"Sarajevo, 9 feb (EFE).- Unas mil personas se manifestaron hoy en Sarajevo, en frente de la sede de la Presidencia de Bosnia, para pedir por cuarto d\\u00eda consecutivo m\\u00e1s justicia social y la dimisi\\u00f3n de numerosos pol\\u00edticos en ese pa\\u00eds balc\\u00e1nico. Los congregados corearon lemas como \\\"ladrones fuera\\\", \\\"queremos leyes\\\" o \\\"dimisiones\\\", y bloquearon al\",\"inLanguage\":\"es-ES\",\"isPartOf\":{\"@id\":\"https:\\\/\\\/www.eldigitaldeasturias.com\\\/noticias\\\/#website\"},\"breadcrumb\":{\"@id\":\"https:\\\/\\\/www.eldigitaldeasturias.com\\\/noticias\\\/un-millar-de-manifestantes-en-sarajevo-pide-justicia-social\\\/#breadcrumblist\"},\"author\":{\"@id\":\"https:\\\/\\\/www.eldigitaldeasturias.com\\\/noticias\\\/author\\\/admin\\\/#author\"},\"creator\":{\"@id\":\"https:\\\/\\\/www.eldigitaldeasturias.com\\\/noticias\\\/author\\\/admin\\\/#author\"},\"image\":{\"@type\":\"ImageObject\",\"url\":487602,\"@id\":\"https:\\\/\\\/www.eldigitaldeasturias.com\\\/noticias\\\/un-millar-de-manifestantes-en-sarajevo-pide-justicia-social\\\/#mainImage\"},\"primaryImageOfPage\":{\"@id\":\"https:\\\/\\\/www.eldigitaldeasturias.com\\\/noticias\\\/un-millar-de-manifestantes-en-sarajevo-pide-justicia-social\\\/#mainImage\"},\"datePublished\":\"2014-02-09T22:58:39+01:00\",\"dateModified\":\"2014-02-09T22:58:39+01:00\"},{\"@type\":\"WebSite\",\"@id\":\"https:\\\/\\\/www.eldigitaldeasturias.com\\\/noticias\\\/#website\",\"url\":\"https:\\\/\\\/www.eldigitaldeasturias.com\\\/noticias\\\/\",\"name\":\"El Digital de Asturias - Diario de actualidad y noticias\",\"alternateName\":\"El Digital de Asturias - Diario de actualidad y noticias\",\"description\":\"Hemeroteca\",\"inLanguage\":\"es-ES\",\"publisher\":{\"@id\":\"https:\\\/\\\/www.eldigitaldeasturias.com\\\/noticias\\\/#organization\"}}]}\n\t\t<\/script>\n\t\t<!-- All in One SEO Pro -->\r\n\t\t<title>Un millar de manifestantes en Sarajevo pide justicia social - El Digital de Asturias<\/title>\n\n","aioseo_head_json":{"title":"Un millar de manifestantes en Sarajevo pide justicia social - El Digital de Asturias","description":"Sarajevo, 9 feb (EFE).- Unas mil personas se manifestaron hoy en Sarajevo, en frente de la sede de la Presidencia de Bosnia, para pedir por cuarto d\u00eda consecutivo m\u00e1s justicia social y la dimisi\u00f3n de numerosos pol\u00edticos en ese pa\u00eds balc\u00e1nico. Los congregados corearon lemas como \"ladrones fuera\", \"queremos leyes\" o \"dimisiones\", y bloquearon al","canonical_url":"https:\/\/www.eldigitaldeasturias.com\/noticias\/un-millar-de-manifestantes-en-sarajevo-pide-justicia-social\/","robots":"max-image-preview:large","keywords":"actualidad","webmasterTools":{"google-site-verification":"UA-38556648-1","msvalidate.01":"7dfe9f3f1b24437ab69f4f2559babe99","miscellaneous":""},"schema":{"@context":"https:\/\/schema.org","@graph":[{"@type":"BlogPosting","@id":"https:\/\/www.eldigitaldeasturias.com\/noticias\/un-millar-de-manifestantes-en-sarajevo-pide-justicia-social\/#blogposting","name":"Un millar de manifestantes en Sarajevo pide justicia social - El Digital de Asturias","headline":"Un millar de manifestantes en Sarajevo pide justicia social","author":{"@id":"https:\/\/www.eldigitaldeasturias.com\/noticias\/author\/admin\/#author"},"publisher":{"@id":"https:\/\/www.eldigitaldeasturias.com\/noticias\/#organization"},"image":{"@type":"ImageObject","url":487602},"datePublished":"2014-02-09T22:58:39+01:00","dateModified":"2014-02-09T22:58:39+01:00","inLanguage":"es-ES","mainEntityOfPage":{"@id":"https:\/\/www.eldigitaldeasturias.com\/noticias\/un-millar-de-manifestantes-en-sarajevo-pide-justicia-social\/#webpage"},"isPartOf":{"@id":"https:\/\/www.eldigitaldeasturias.com\/noticias\/un-millar-de-manifestantes-en-sarajevo-pide-justicia-social\/#webpage"},"articleSection":"Actualidad"},{"@type":"BreadcrumbList","@id":"https:\/\/www.eldigitaldeasturias.com\/noticias\/un-millar-de-manifestantes-en-sarajevo-pide-justicia-social\/#breadcrumblist","itemListElement":[{"@type":"ListItem","@id":"https:\/\/www.eldigitaldeasturias.com\/noticias#listItem","position":1,"name":"Home","item":"https:\/\/www.eldigitaldeasturias.com\/noticias","nextItem":{"@type":"ListItem","@id":"https:\/\/www.eldigitaldeasturias.com\/noticias\/category\/actualidad\/#listItem","name":"Actualidad"}},{"@type":"ListItem","@id":"https:\/\/www.eldigitaldeasturias.com\/noticias\/category\/actualidad\/#listItem","position":2,"name":"Actualidad","item":"https:\/\/www.eldigitaldeasturias.com\/noticias\/category\/actualidad\/","nextItem":{"@type":"ListItem","@id":"https:\/\/www.eldigitaldeasturias.com\/noticias\/un-millar-de-manifestantes-en-sarajevo-pide-justicia-social\/#listItem","name":"Un millar de manifestantes en Sarajevo pide justicia social"},"previousItem":{"@type":"ListItem","@id":"https:\/\/www.eldigitaldeasturias.com\/noticias#listItem","name":"Home"}},{"@type":"ListItem","@id":"https:\/\/www.eldigitaldeasturias.com\/noticias\/un-millar-de-manifestantes-en-sarajevo-pide-justicia-social\/#listItem","position":3,"name":"Un millar de manifestantes en Sarajevo pide justicia social","previousItem":{"@type":"ListItem","@id":"https:\/\/www.eldigitaldeasturias.com\/noticias\/category\/actualidad\/#listItem","name":"Actualidad"}}]},{"@type":"Organization","@id":"https:\/\/www.eldigitaldeasturias.com\/noticias\/#organization","name":"El Digital de Asturias","description":"Hemeroteca","url":"https:\/\/www.eldigitaldeasturias.com\/noticias\/","email":"info@eldigitaldeasturias.com","telephone":"+34652131393","logo":{"@type":"ImageObject","url":"https:\/\/www.eldigitaldeasturias.com\/noticias\/wp-content\/uploads\/2020\/12\/EDA.jpg","@id":"https:\/\/www.eldigitaldeasturias.com\/noticias\/un-millar-de-manifestantes-en-sarajevo-pide-justicia-social\/#organizationLogo"},"image":{"@id":"https:\/\/www.eldigitaldeasturias.com\/noticias\/un-millar-de-manifestantes-en-sarajevo-pide-justicia-social\/#organizationLogo"},"sameAs":["https:\/\/facebook.com\/eldigitaldeasturias","https:\/\/www.youtube.com\/channel\/UCZP-2wLEB9Rv6erhFmqVnvg"],"address":{"@id":"https:\/\/www.eldigitaldeasturias.com\/noticias\/#postaladdress","@type":"PostalAddress","streetAddress":"san antonio 4","postalCode":"33430","addressLocality":"Cand\u00e1s","addressRegion":"Asturias","addressCountry":"ES"}},{"@type":"Person","@id":"https:\/\/www.eldigitaldeasturias.com\/noticias\/author\/admin\/#author","url":"https:\/\/www.eldigitaldeasturias.com\/noticias\/author\/admin\/","name":"El Digital de Asturias","image":{"@type":"ImageObject","@id":"https:\/\/www.eldigitaldeasturias.com\/noticias\/un-millar-de-manifestantes-en-sarajevo-pide-justicia-social\/#authorImage","url":"https:\/\/secure.gravatar.com\/avatar\/df2aeffc32bcd13f8d26072ef8a91b623d677766deac7f97ca815868cd41bf5e?s=96&d=mm&r=g","width":96,"height":96,"caption":"El Digital de Asturias"}},{"@type":"WebPage","@id":"https:\/\/www.eldigitaldeasturias.com\/noticias\/un-millar-de-manifestantes-en-sarajevo-pide-justicia-social\/#webpage","url":"https:\/\/www.eldigitaldeasturias.com\/noticias\/un-millar-de-manifestantes-en-sarajevo-pide-justicia-social\/","name":"Un millar de manifestantes en Sarajevo pide justicia social - El Digital de Asturias","description":"Sarajevo, 9 feb (EFE).- Unas mil personas se manifestaron hoy en Sarajevo, en frente de la sede de la Presidencia de Bosnia, para pedir por cuarto d\u00eda consecutivo m\u00e1s justicia social y la dimisi\u00f3n de numerosos pol\u00edticos en ese pa\u00eds balc\u00e1nico. Los congregados corearon lemas como \"ladrones fuera\", \"queremos leyes\" o \"dimisiones\", y bloquearon al","inLanguage":"es-ES","isPartOf":{"@id":"https:\/\/www.eldigitaldeasturias.com\/noticias\/#website"},"breadcrumb":{"@id":"https:\/\/www.eldigitaldeasturias.com\/noticias\/un-millar-de-manifestantes-en-sarajevo-pide-justicia-social\/#breadcrumblist"},"author":{"@id":"https:\/\/www.eldigitaldeasturias.com\/noticias\/author\/admin\/#author"},"creator":{"@id":"https:\/\/www.eldigitaldeasturias.com\/noticias\/author\/admin\/#author"},"image":{"@type":"ImageObject","url":487602,"@id":"https:\/\/www.eldigitaldeasturias.com\/noticias\/un-millar-de-manifestantes-en-sarajevo-pide-justicia-social\/#mainImage"},"primaryImageOfPage":{"@id":"https:\/\/www.eldigitaldeasturias.com\/noticias\/un-millar-de-manifestantes-en-sarajevo-pide-justicia-social\/#mainImage"},"datePublished":"2014-02-09T22:58:39+01:00","dateModified":"2014-02-09T22:58:39+01:00"},{"@type":"WebSite","@id":"https:\/\/www.eldigitaldeasturias.com\/noticias\/#website","url":"https:\/\/www.eldigitaldeasturias.com\/noticias\/","name":"El Digital de Asturias - Diario de actualidad y noticias","alternateName":"El Digital de Asturias - Diario de actualidad y noticias","description":"Hemeroteca","inLanguage":"es-ES","publisher":{"@id":"https:\/\/www.eldigitaldeasturias.com\/noticias\/#organization"}}]},"og:locale":"es_ES","og:site_name":"El Digital de Asturias","og:type":"article","og:title":"Un millar de manifestantes en Sarajevo pide justicia social - El Digital de Asturias","og:description":"Sarajevo, 9 feb (EFE).- Unas mil personas se manifestaron hoy en Sarajevo, en frente de la sede de la Presidencia de Bosnia, para pedir por cuarto d\u00eda consecutivo m\u00e1s justicia social y la dimisi\u00f3n de numerosos pol\u00edticos en ese pa\u00eds balc\u00e1nico. Los congregados corearon lemas como &quot;ladrones fuera&quot;, &quot;queremos leyes&quot; o &quot;dimisiones&quot;, y bloquearon al","og:url":"https:\/\/www.eldigitaldeasturias.com\/noticias\/un-millar-de-manifestantes-en-sarajevo-pide-justicia-social\/","article:tag":["actualidad"],"article:published_time":"2014-02-09T23:58:39+00:00","article:modified_time":"2014-02-09T23:58:39+00:00","article:publisher":"https:\/\/facebook.com\/eldigitaldeasturias","twitter:card":"summary_large_image","twitter:title":"Un millar de manifestantes en Sarajevo pide justicia social - El Digital de Asturias","twitter:description":"Sarajevo, 9 feb (EFE).- Unas mil personas se manifestaron hoy en Sarajevo, en frente de la sede de la Presidencia de Bosnia, para pedir por cuarto d\u00eda consecutivo m\u00e1s justicia social y la dimisi\u00f3n de numerosos pol\u00edticos en ese pa\u00eds balc\u00e1nico. Los congregados corearon lemas como &quot;ladrones fuera&quot;, &quot;queremos leyes&quot; o &quot;dimisiones&quot;, y bloquearon al","twitter:label1":"Escrito por","twitter:data1":"El Digital de Asturias","twitter:label2":"Tiempo de lectura estimado","twitter:data2":"3 minutos"},"aioseo_meta_data":{"post_id":"487601","title":null,"description":null,"keywords":null,"keyphrases":null,"primary_term":null,"canonical_url":null,"og_title":null,"og_description":null,"og_object_type":"default","og_image_type":"default","og_image_url":null,"og_image_width":null,"og_image_height":null,"og_image_custom_url":null,"og_image_custom_fields":null,"og_video":null,"og_custom_url":null,"og_article_section":null,"og_article_tags":null,"twitter_use_og":true,"twitter_card":"default","twitter_image_type":"default","twitter_image_url":null,"twitter_image_custom_url":null,"twitter_image_custom_fields":null,"twitter_title":null,"twitter_description":null,"schema":{"blockGraphs":[],"customGraphs":[],"default":{"data":{"Article":[],"Course":[],"Dataset":[],"FAQPage":[],"Movie":[],"Person":[],"Product":[],"ProductReview":[],"Car":[],"Recipe":[],"Service":[],"SoftwareApplication":[],"WebPage":[]},"graphName":"","isEnabled":true},"graphs":[],"defaultGraph":"","defaultPostTypeGraph":""},"schema_type":null,"schema_type_options":null,"pillar_content":false,"robots_default":true,"robots_noindex":false,"robots_noarchive":false,"robots_nosnippet":false,"robots_nofollow":false,"robots_noimageindex":false,"robots_noodp":false,"robots_notranslate":false,"robots_max_snippet":null,"robots_max_videopreview":null,"robots_max_imagepreview":"none","priority":null,"frequency":null,"local_seo":null,"seo_analyzer_scan_date":"2026-06-03 05:15:51","breadcrumb_settings":null,"limit_modified_date":false,"open_ai":null,"ai":null,"created":"2020-11-14 22:56:26","updated":"2026-06-03 05:15:51","focus_keyword":null,"additional_keywords":null,"truseo_locale":null},"aioseo_breadcrumb":"<div class=\"aioseo-breadcrumbs\"><span class=\"aioseo-breadcrumb\">\n\t<a href=\"https:\/\/www.eldigitaldeasturias.com\/noticias\" title=\"Home\">Home<\/a>\n<\/span><span class=\"aioseo-breadcrumb-separator\">\u2013<\/span><span class=\"aioseo-breadcrumb\">\n\t<a href=\"https:\/\/www.eldigitaldeasturias.com\/noticias\/category\/actualidad\/\" title=\"Actualidad\">Actualidad<\/a>\n<\/span><span class=\"aioseo-breadcrumb-separator\">\u2013<\/span><span class=\"aioseo-breadcrumb\">\n\t<a href=\"https:\/\/www.eldigitaldeasturias.com\/noticias\/un-millar-de-manifestantes-en-sarajevo-pide-justicia-social\/\" title=\"Un millar de manifestantes en Sarajevo pide justicia social\">Un millar de manifestantes en Sarajevo pide justicia social<\/a>\n<\/span><\/div>","aioseo_breadcrumb_json":[{"label":"Home","link":"https:\/\/www.eldigitaldeasturias.com\/noticias"},{"label":"Actualidad","link":"https:\/\/www.eldigitaldeasturias.com\/noticias\/category\/actualidad\/"},{"label":"Un millar de manifestantes en Sarajevo pide justicia social","link":"https:\/\/www.eldigitaldeasturias.com\/noticias\/un-millar-de-manifestantes-en-sarajevo-pide-justicia-social\/"}],"_links":{"self":[{"href":"https:\/\/www.eldigitaldeasturias.com\/noticias\/wp-json\/wp\/v2\/posts\/487601","targetHints":{"allow":["GET"]}}],"collection":[{"href":"https:\/\/www.eldigitaldeasturias.com\/noticias\/wp-json\/wp\/v2\/posts"}],"about":[{"href":"https:\/\/www.eldigitaldeasturias.com\/noticias\/wp-json\/wp\/v2\/types\/post"}],"author":[{"embeddable":true,"href":"https:\/\/www.eldigitaldeasturias.com\/noticias\/wp-json\/wp\/v2\/users\/1"}],"replies":[{"embeddable":true,"href":"https:\/\/www.eldigitaldeasturias.com\/noticias\/wp-json\/wp\/v2\/comments?post=487601"}],"version-history":[{"count":0,"href":"https:\/\/www.eldigitaldeasturias.com\/noticias\/wp-json\/wp\/v2\/posts\/487601\/revisions"}],"wp:attachment":[{"href":"https:\/\/www.eldigitaldeasturias.com\/noticias\/wp-json\/wp\/v2\/media?parent=487601"}],"wp:term":[{"taxonomy":"category","embeddable":true,"href":"https:\/\/www.eldigitaldeasturias.com\/noticias\/wp-json\/wp\/v2\/categories?post=487601"},{"taxonomy":"post_tag","embeddable":true,"href":"https:\/\/www.eldigitaldeasturias.com\/noticias\/wp-json\/wp\/v2\/tags?post=487601"}],"curies":[{"name":"wp","href":"https:\/\/api.w.org\/{rel}","templated":true}]}}