{"id":487595,"date":"2014-02-09T22:56:40","date_gmt":"2014-02-09T23:56:40","guid":{"rendered":"http:\/\/www.eldigitaldeasturias.com\/noticias\/?p=487595"},"modified":"2014-02-09T22:56:40","modified_gmt":"2014-02-09T23:56:40","slug":"mueren-ocho-personas-y-otras-16-resultan-heridas-en-un-tiroteo-en-karachi","status":"publish","type":"post","link":"https:\/\/www.eldigitaldeasturias.com\/noticias\/mueren-ocho-personas-y-otras-16-resultan-heridas-en-un-tiroteo-en-karachi\/","title":{"rendered":"Mueren ocho personas y otras 16 resultan heridas en un tiroteo en Karachi"},"content":{"rendered":"<p><img loading=\"lazy\" decoding=\"async\" class=\"alignleft size-medium wp-image-487596\" alt=\"5926194w\" src=\"https:\/\/www.eldigitaldeasturias.com\/noticias\/wp-content\/uploads\/2014\/02\/5926194w-360x221.jpg\" width=\"360\" height=\"221\" \/>Islamabad, 9 feb (EFE).- Al menos ocho personas murieron hoy y otras 16 resultaron heridas cuando seis desconocidos que iban en tres motos dispararon contra un grupo de personas en la ciudad meridional paquistan\u00ed de Karachi, informaron fuentes policiales.<\/p>\n<p>El ataque se produjo en el \u00e1rea de la ciudad conocida como Aastana, en Baldia Town, cuando los seis desconocidos, que llevaban casco, abrieron fuego y huyeron, afirm\u00f3 al medio local Dawn una fuente policial no identificada, que no aclar\u00f3 el motivo del ataque.<\/p>\n<p>El canal local Geo, que no identific\u00f3 sus fuentes, revel\u00f3 que el lugar del ataque se hallaba pr\u00f3ximo a la vivienda de un \u00abl\u00edder espiritual\u00bb.<\/p>\n<p>Seg\u00fan la Polic\u00eda hay un ni\u00f1o entre los muertos y los heridos fueron trasladados a un hospital cercano, cuatro de ellos en estado grave.<\/p>\n<p>Con cerca de 20 millones de habitantes, la localidad portuaria de Karachi es la ciudad m\u00e1s poblada de Pakist\u00e1n y tambi\u00e9n su capital financiera.<\/p>\n<p>La urbe es escenario de continuos sucesos violentos que incluyen enfrentamientos entre bandas mafiosas, ataques sectarios entre grupos religiosos de distinto signo y acciones armadas de la insurgencia talib\u00e1n.<\/p>\n<p>El mes pasado los integristas asestaron un duro golpe a las fuerzas del orden con el asesinato en una acci\u00f3n suicida de uno de los m\u00e1ximos responsables de la lucha contra la violencia organizada en la ciudad, el superintendente Chaudhry Aslam.<\/p>\n<p>El atentado contra \u00abel comandante m\u00e1s conocido de Pakist\u00e1n\u00bb, como lo denominaba la prensa local, fue perpetrado por dos insurgentes que empotraron su veh\u00edculo contra el coche en el que viajaba Aslam.<\/p>\n","protected":false},"excerpt":{"rendered":"<p>Islamabad, 9 feb (EFE).- Al menos ocho personas murieron hoy y otras 16 resultaron heridas cuando seis desconocidos que iban en tres motos dispararon contra un grupo de personas en la ciudad meridional paquistan\u00ed de Karachi, informaron fuentes policiales. El ataque se produjo en el \u00e1rea de la ciudad conocida como Aastana, en Baldia Town, [&hellip;]<\/p>\n","protected":false},"author":1,"featured_media":487596,"comment_status":"open","ping_status":"open","sticky":false,"template":"","format":"standard","meta":{"footnotes":""},"categories":[1],"tags":[],"class_list":["post-487595","post","type-post","status-publish","format-standard","has-post-thumbnail","hentry","category-actualidad"],"aioseo_notices":[],"aioseo_head":"\n\t\t<!-- All in One SEO Pro 5.0.1 - aioseo.com -->\n\t<meta name=\"description\" content=\"Islamabad, 9 feb (EFE).- Al menos ocho personas murieron hoy y otras 16 resultaron heridas cuando seis desconocidos que iban en tres motos dispararon contra un grupo de personas en la ciudad meridional paquistan\u00ed de Karachi, informaron fuentes policiales. El ataque se produjo en el \u00e1rea de la ciudad conocida como Aastana, en Baldia Town,\" \/>\n\t<meta name=\"robots\" content=\"max-image-preview:large\" \/>\n\t<meta name=\"author\" content=\"El Digital de Asturias\"\/>\n\t<meta name=\"google-site-verification\" content=\"UA-38556648-1\" \/>\n\t<meta name=\"msvalidate.01\" content=\"7dfe9f3f1b24437ab69f4f2559babe99\" \/>\n\t<meta name=\"keywords\" content=\"actualidad\" \/>\n\t<link rel=\"canonical\" href=\"https:\/\/www.eldigitaldeasturias.com\/noticias\/mueren-ocho-personas-y-otras-16-resultan-heridas-en-un-tiroteo-en-karachi\/\" \/>\n\t<meta name=\"generator\" content=\"All in One SEO Pro (AIOSEO) 5.0.1\" \/>\n\t\t<meta property=\"og:locale\" content=\"es_ES\" \/>\n\t\t<meta property=\"og:site_name\" content=\"El Digital de Asturias\" \/>\n\t\t<meta property=\"og:type\" content=\"article\" \/>\n\t\t<meta property=\"og:title\" content=\"Mueren ocho personas y otras 16 resultan heridas en un tiroteo en Karachi - El Digital de Asturias\" \/>\n\t\t<meta property=\"og:description\" content=\"Islamabad, 9 feb (EFE).- Al menos ocho personas murieron hoy y otras 16 resultaron heridas cuando seis desconocidos que iban en tres motos dispararon contra un grupo de personas en la ciudad meridional paquistan\u00ed de Karachi, informaron fuentes policiales. El ataque se produjo en el \u00e1rea de la ciudad conocida como Aastana, en Baldia Town,\" \/>\n\t\t<meta property=\"og:url\" content=\"https:\/\/www.eldigitaldeasturias.com\/noticias\/mueren-ocho-personas-y-otras-16-resultan-heridas-en-un-tiroteo-en-karachi\/\" \/>\n\t\t<meta property=\"article:tag\" content=\"actualidad\" \/>\n\t\t<meta property=\"article:published_time\" content=\"2014-02-09T23:56:40+00:00\" \/>\n\t\t<meta property=\"article:modified_time\" content=\"2014-02-09T23:56:40+00:00\" \/>\n\t\t<meta property=\"article:publisher\" content=\"https:\/\/facebook.com\/eldigitaldeasturias\" \/>\n\t\t<meta name=\"twitter:card\" content=\"summary_large_image\" \/>\n\t\t<meta name=\"twitter:title\" content=\"Mueren ocho personas y otras 16 resultan heridas en un tiroteo en Karachi - El Digital de Asturias\" \/>\n\t\t<meta name=\"twitter:description\" content=\"Islamabad, 9 feb (EFE).- Al menos ocho personas murieron hoy y otras 16 resultaron heridas cuando seis desconocidos que iban en tres motos dispararon contra un grupo de personas en la ciudad meridional paquistan\u00ed de Karachi, informaron fuentes policiales. El ataque se produjo en el \u00e1rea de la ciudad conocida como Aastana, en Baldia Town,\" \/>\n\t\t<meta name=\"twitter:label1\" content=\"Escrito por\" \/>\n\t\t<meta name=\"twitter:data1\" content=\"El Digital de Asturias\" \/>\n\t\t<meta name=\"twitter:label2\" content=\"Tiempo de lectura estimado\" \/>\n\t\t<meta name=\"twitter:data2\" content=\"1 minuto\" \/>\n\t\t<script type=\"application\/ld+json\" class=\"aioseo-schema\">\n\t\t\t{\"@context\":\"https:\\\/\\\/schema.org\",\"@graph\":[{\"@type\":\"BlogPosting\",\"@id\":\"https:\\\/\\\/www.eldigitaldeasturias.com\\\/noticias\\\/mueren-ocho-personas-y-otras-16-resultan-heridas-en-un-tiroteo-en-karachi\\\/#blogposting\",\"name\":\"Mueren ocho personas y otras 16 resultan heridas en un tiroteo en Karachi - El Digital de Asturias\",\"headline\":\"Mueren ocho personas y otras 16 resultan heridas en un tiroteo en Karachi\",\"author\":{\"@id\":\"https:\\\/\\\/www.eldigitaldeasturias.com\\\/noticias\\\/author\\\/admin\\\/#author\"},\"publisher\":{\"@id\":\"https:\\\/\\\/www.eldigitaldeasturias.com\\\/noticias\\\/#organization\"},\"image\":{\"@type\":\"ImageObject\",\"url\":487596},\"datePublished\":\"2014-02-09T22:56:40+01:00\",\"dateModified\":\"2014-02-09T22:56:40+01:00\",\"inLanguage\":\"es-ES\",\"mainEntityOfPage\":{\"@id\":\"https:\\\/\\\/www.eldigitaldeasturias.com\\\/noticias\\\/mueren-ocho-personas-y-otras-16-resultan-heridas-en-un-tiroteo-en-karachi\\\/#webpage\"},\"isPartOf\":{\"@id\":\"https:\\\/\\\/www.eldigitaldeasturias.com\\\/noticias\\\/mueren-ocho-personas-y-otras-16-resultan-heridas-en-un-tiroteo-en-karachi\\\/#webpage\"},\"articleSection\":\"Actualidad\"},{\"@type\":\"BreadcrumbList\",\"@id\":\"https:\\\/\\\/www.eldigitaldeasturias.com\\\/noticias\\\/mueren-ocho-personas-y-otras-16-resultan-heridas-en-un-tiroteo-en-karachi\\\/#breadcrumblist\",\"itemListElement\":[{\"@type\":\"ListItem\",\"@id\":\"https:\\\/\\\/www.eldigitaldeasturias.com\\\/noticias#listItem\",\"position\":1,\"name\":\"Home\",\"item\":\"https:\\\/\\\/www.eldigitaldeasturias.com\\\/noticias\",\"nextItem\":{\"@type\":\"ListItem\",\"@id\":\"https:\\\/\\\/www.eldigitaldeasturias.com\\\/noticias\\\/category\\\/actualidad\\\/#listItem\",\"name\":\"Actualidad\"}},{\"@type\":\"ListItem\",\"@id\":\"https:\\\/\\\/www.eldigitaldeasturias.com\\\/noticias\\\/category\\\/actualidad\\\/#listItem\",\"position\":2,\"name\":\"Actualidad\",\"item\":\"https:\\\/\\\/www.eldigitaldeasturias.com\\\/noticias\\\/category\\\/actualidad\\\/\",\"nextItem\":{\"@type\":\"ListItem\",\"@id\":\"https:\\\/\\\/www.eldigitaldeasturias.com\\\/noticias\\\/mueren-ocho-personas-y-otras-16-resultan-heridas-en-un-tiroteo-en-karachi\\\/#listItem\",\"name\":\"Mueren ocho personas y otras 16 resultan heridas en un tiroteo en Karachi\"},\"previousItem\":{\"@type\":\"ListItem\",\"@id\":\"https:\\\/\\\/www.eldigitaldeasturias.com\\\/noticias#listItem\",\"name\":\"Home\"}},{\"@type\":\"ListItem\",\"@id\":\"https:\\\/\\\/www.eldigitaldeasturias.com\\\/noticias\\\/mueren-ocho-personas-y-otras-16-resultan-heridas-en-un-tiroteo-en-karachi\\\/#listItem\",\"position\":3,\"name\":\"Mueren ocho personas y otras 16 resultan heridas en un tiroteo en Karachi\",\"previousItem\":{\"@type\":\"ListItem\",\"@id\":\"https:\\\/\\\/www.eldigitaldeasturias.com\\\/noticias\\\/category\\\/actualidad\\\/#listItem\",\"name\":\"Actualidad\"}}]},{\"@type\":\"Organization\",\"@id\":\"https:\\\/\\\/www.eldigitaldeasturias.com\\\/noticias\\\/#organization\",\"name\":\"El Digital de Asturias\",\"description\":\"Hemeroteca\",\"url\":\"https:\\\/\\\/www.eldigitaldeasturias.com\\\/noticias\\\/\",\"email\":\"info@eldigitaldeasturias.com\",\"telephone\":\"+34652131393\",\"logo\":{\"@type\":\"ImageObject\",\"url\":\"https:\\\/\\\/www.eldigitaldeasturias.com\\\/noticias\\\/wp-content\\\/uploads\\\/2020\\\/12\\\/EDA.jpg\",\"@id\":\"https:\\\/\\\/www.eldigitaldeasturias.com\\\/noticias\\\/mueren-ocho-personas-y-otras-16-resultan-heridas-en-un-tiroteo-en-karachi\\\/#organizationLogo\"},\"image\":{\"@id\":\"https:\\\/\\\/www.eldigitaldeasturias.com\\\/noticias\\\/mueren-ocho-personas-y-otras-16-resultan-heridas-en-un-tiroteo-en-karachi\\\/#organizationLogo\"},\"sameAs\":[\"https:\\\/\\\/facebook.com\\\/eldigitaldeasturias\",\"https:\\\/\\\/www.youtube.com\\\/channel\\\/UCZP-2wLEB9Rv6erhFmqVnvg\"],\"address\":{\"@id\":\"https:\\\/\\\/www.eldigitaldeasturias.com\\\/noticias\\\/#postaladdress\",\"@type\":\"PostalAddress\",\"streetAddress\":\"san antonio 4\",\"postalCode\":\"33430\",\"addressLocality\":\"Cand\\u00e1s\",\"addressRegion\":\"Asturias\",\"addressCountry\":\"ES\"}},{\"@type\":\"Person\",\"@id\":\"https:\\\/\\\/www.eldigitaldeasturias.com\\\/noticias\\\/author\\\/admin\\\/#author\",\"url\":\"https:\\\/\\\/www.eldigitaldeasturias.com\\\/noticias\\\/author\\\/admin\\\/\",\"name\":\"El Digital de Asturias\",\"image\":{\"@type\":\"ImageObject\",\"@id\":\"https:\\\/\\\/www.eldigitaldeasturias.com\\\/noticias\\\/mueren-ocho-personas-y-otras-16-resultan-heridas-en-un-tiroteo-en-karachi\\\/#authorImage\",\"url\":\"https:\\\/\\\/secure.gravatar.com\\\/avatar\\\/df2aeffc32bcd13f8d26072ef8a91b623d677766deac7f97ca815868cd41bf5e?s=96&d=mm&r=g\",\"width\":96,\"height\":96,\"caption\":\"El Digital de Asturias\"}},{\"@type\":\"WebPage\",\"@id\":\"https:\\\/\\\/www.eldigitaldeasturias.com\\\/noticias\\\/mueren-ocho-personas-y-otras-16-resultan-heridas-en-un-tiroteo-en-karachi\\\/#webpage\",\"url\":\"https:\\\/\\\/www.eldigitaldeasturias.com\\\/noticias\\\/mueren-ocho-personas-y-otras-16-resultan-heridas-en-un-tiroteo-en-karachi\\\/\",\"name\":\"Mueren ocho personas y otras 16 resultan heridas en un tiroteo en Karachi - El Digital de Asturias\",\"description\":\"Islamabad, 9 feb (EFE).- Al menos ocho personas murieron hoy y otras 16 resultaron heridas cuando seis desconocidos que iban en tres motos dispararon contra un grupo de personas en la ciudad meridional paquistan\\u00ed de Karachi, informaron fuentes policiales. El ataque se produjo en el \\u00e1rea de la ciudad conocida como Aastana, en Baldia Town,\",\"inLanguage\":\"es-ES\",\"isPartOf\":{\"@id\":\"https:\\\/\\\/www.eldigitaldeasturias.com\\\/noticias\\\/#website\"},\"breadcrumb\":{\"@id\":\"https:\\\/\\\/www.eldigitaldeasturias.com\\\/noticias\\\/mueren-ocho-personas-y-otras-16-resultan-heridas-en-un-tiroteo-en-karachi\\\/#breadcrumblist\"},\"author\":{\"@id\":\"https:\\\/\\\/www.eldigitaldeasturias.com\\\/noticias\\\/author\\\/admin\\\/#author\"},\"creator\":{\"@id\":\"https:\\\/\\\/www.eldigitaldeasturias.com\\\/noticias\\\/author\\\/admin\\\/#author\"},\"image\":{\"@type\":\"ImageObject\",\"url\":487596,\"@id\":\"https:\\\/\\\/www.eldigitaldeasturias.com\\\/noticias\\\/mueren-ocho-personas-y-otras-16-resultan-heridas-en-un-tiroteo-en-karachi\\\/#mainImage\"},\"primaryImageOfPage\":{\"@id\":\"https:\\\/\\\/www.eldigitaldeasturias.com\\\/noticias\\\/mueren-ocho-personas-y-otras-16-resultan-heridas-en-un-tiroteo-en-karachi\\\/#mainImage\"},\"datePublished\":\"2014-02-09T22:56:40+01:00\",\"dateModified\":\"2014-02-09T22:56:40+01:00\"},{\"@type\":\"WebSite\",\"@id\":\"https:\\\/\\\/www.eldigitaldeasturias.com\\\/noticias\\\/#website\",\"url\":\"https:\\\/\\\/www.eldigitaldeasturias.com\\\/noticias\\\/\",\"name\":\"El Digital de Asturias - Diario de actualidad y noticias\",\"alternateName\":\"El Digital de Asturias - Diario de actualidad y noticias\",\"description\":\"Hemeroteca\",\"inLanguage\":\"es-ES\",\"publisher\":{\"@id\":\"https:\\\/\\\/www.eldigitaldeasturias.com\\\/noticias\\\/#organization\"}}]}\n\t\t<\/script>\n\t\t<!-- All in One SEO Pro -->\r\n\t\t<title>Mueren ocho personas y otras 16 resultan heridas en un tiroteo en Karachi - El Digital de Asturias<\/title>\n\n","aioseo_head_json":{"title":"Mueren ocho personas y otras 16 resultan heridas en un tiroteo en Karachi - El Digital de Asturias","description":"Islamabad, 9 feb (EFE).- Al menos ocho personas murieron hoy y otras 16 resultaron heridas cuando seis desconocidos que iban en tres motos dispararon contra un grupo de personas en la ciudad meridional paquistan\u00ed de Karachi, informaron fuentes policiales. El ataque se produjo en el \u00e1rea de la ciudad conocida como Aastana, en Baldia Town,","canonical_url":"https:\/\/www.eldigitaldeasturias.com\/noticias\/mueren-ocho-personas-y-otras-16-resultan-heridas-en-un-tiroteo-en-karachi\/","robots":"max-image-preview:large","keywords":"actualidad","webmasterTools":{"google-site-verification":"UA-38556648-1","msvalidate.01":"7dfe9f3f1b24437ab69f4f2559babe99","miscellaneous":""},"schema":{"@context":"https:\/\/schema.org","@graph":[{"@type":"BlogPosting","@id":"https:\/\/www.eldigitaldeasturias.com\/noticias\/mueren-ocho-personas-y-otras-16-resultan-heridas-en-un-tiroteo-en-karachi\/#blogposting","name":"Mueren ocho personas y otras 16 resultan heridas en un tiroteo en Karachi - El Digital de Asturias","headline":"Mueren ocho personas y otras 16 resultan heridas en un tiroteo en Karachi","author":{"@id":"https:\/\/www.eldigitaldeasturias.com\/noticias\/author\/admin\/#author"},"publisher":{"@id":"https:\/\/www.eldigitaldeasturias.com\/noticias\/#organization"},"image":{"@type":"ImageObject","url":487596},"datePublished":"2014-02-09T22:56:40+01:00","dateModified":"2014-02-09T22:56:40+01:00","inLanguage":"es-ES","mainEntityOfPage":{"@id":"https:\/\/www.eldigitaldeasturias.com\/noticias\/mueren-ocho-personas-y-otras-16-resultan-heridas-en-un-tiroteo-en-karachi\/#webpage"},"isPartOf":{"@id":"https:\/\/www.eldigitaldeasturias.com\/noticias\/mueren-ocho-personas-y-otras-16-resultan-heridas-en-un-tiroteo-en-karachi\/#webpage"},"articleSection":"Actualidad"},{"@type":"BreadcrumbList","@id":"https:\/\/www.eldigitaldeasturias.com\/noticias\/mueren-ocho-personas-y-otras-16-resultan-heridas-en-un-tiroteo-en-karachi\/#breadcrumblist","itemListElement":[{"@type":"ListItem","@id":"https:\/\/www.eldigitaldeasturias.com\/noticias#listItem","position":1,"name":"Home","item":"https:\/\/www.eldigitaldeasturias.com\/noticias","nextItem":{"@type":"ListItem","@id":"https:\/\/www.eldigitaldeasturias.com\/noticias\/category\/actualidad\/#listItem","name":"Actualidad"}},{"@type":"ListItem","@id":"https:\/\/www.eldigitaldeasturias.com\/noticias\/category\/actualidad\/#listItem","position":2,"name":"Actualidad","item":"https:\/\/www.eldigitaldeasturias.com\/noticias\/category\/actualidad\/","nextItem":{"@type":"ListItem","@id":"https:\/\/www.eldigitaldeasturias.com\/noticias\/mueren-ocho-personas-y-otras-16-resultan-heridas-en-un-tiroteo-en-karachi\/#listItem","name":"Mueren ocho personas y otras 16 resultan heridas en un tiroteo en Karachi"},"previousItem":{"@type":"ListItem","@id":"https:\/\/www.eldigitaldeasturias.com\/noticias#listItem","name":"Home"}},{"@type":"ListItem","@id":"https:\/\/www.eldigitaldeasturias.com\/noticias\/mueren-ocho-personas-y-otras-16-resultan-heridas-en-un-tiroteo-en-karachi\/#listItem","position":3,"name":"Mueren ocho personas y otras 16 resultan heridas en un tiroteo en Karachi","previousItem":{"@type":"ListItem","@id":"https:\/\/www.eldigitaldeasturias.com\/noticias\/category\/actualidad\/#listItem","name":"Actualidad"}}]},{"@type":"Organization","@id":"https:\/\/www.eldigitaldeasturias.com\/noticias\/#organization","name":"El Digital de Asturias","description":"Hemeroteca","url":"https:\/\/www.eldigitaldeasturias.com\/noticias\/","email":"info@eldigitaldeasturias.com","telephone":"+34652131393","logo":{"@type":"ImageObject","url":"https:\/\/www.eldigitaldeasturias.com\/noticias\/wp-content\/uploads\/2020\/12\/EDA.jpg","@id":"https:\/\/www.eldigitaldeasturias.com\/noticias\/mueren-ocho-personas-y-otras-16-resultan-heridas-en-un-tiroteo-en-karachi\/#organizationLogo"},"image":{"@id":"https:\/\/www.eldigitaldeasturias.com\/noticias\/mueren-ocho-personas-y-otras-16-resultan-heridas-en-un-tiroteo-en-karachi\/#organizationLogo"},"sameAs":["https:\/\/facebook.com\/eldigitaldeasturias","https:\/\/www.youtube.com\/channel\/UCZP-2wLEB9Rv6erhFmqVnvg"],"address":{"@id":"https:\/\/www.eldigitaldeasturias.com\/noticias\/#postaladdress","@type":"PostalAddress","streetAddress":"san antonio 4","postalCode":"33430","addressLocality":"Cand\u00e1s","addressRegion":"Asturias","addressCountry":"ES"}},{"@type":"Person","@id":"https:\/\/www.eldigitaldeasturias.com\/noticias\/author\/admin\/#author","url":"https:\/\/www.eldigitaldeasturias.com\/noticias\/author\/admin\/","name":"El Digital de Asturias","image":{"@type":"ImageObject","@id":"https:\/\/www.eldigitaldeasturias.com\/noticias\/mueren-ocho-personas-y-otras-16-resultan-heridas-en-un-tiroteo-en-karachi\/#authorImage","url":"https:\/\/secure.gravatar.com\/avatar\/df2aeffc32bcd13f8d26072ef8a91b623d677766deac7f97ca815868cd41bf5e?s=96&d=mm&r=g","width":96,"height":96,"caption":"El Digital de Asturias"}},{"@type":"WebPage","@id":"https:\/\/www.eldigitaldeasturias.com\/noticias\/mueren-ocho-personas-y-otras-16-resultan-heridas-en-un-tiroteo-en-karachi\/#webpage","url":"https:\/\/www.eldigitaldeasturias.com\/noticias\/mueren-ocho-personas-y-otras-16-resultan-heridas-en-un-tiroteo-en-karachi\/","name":"Mueren ocho personas y otras 16 resultan heridas en un tiroteo en Karachi - El Digital de Asturias","description":"Islamabad, 9 feb (EFE).- Al menos ocho personas murieron hoy y otras 16 resultaron heridas cuando seis desconocidos que iban en tres motos dispararon contra un grupo de personas en la ciudad meridional paquistan\u00ed de Karachi, informaron fuentes policiales. El ataque se produjo en el \u00e1rea de la ciudad conocida como Aastana, en Baldia Town,","inLanguage":"es-ES","isPartOf":{"@id":"https:\/\/www.eldigitaldeasturias.com\/noticias\/#website"},"breadcrumb":{"@id":"https:\/\/www.eldigitaldeasturias.com\/noticias\/mueren-ocho-personas-y-otras-16-resultan-heridas-en-un-tiroteo-en-karachi\/#breadcrumblist"},"author":{"@id":"https:\/\/www.eldigitaldeasturias.com\/noticias\/author\/admin\/#author"},"creator":{"@id":"https:\/\/www.eldigitaldeasturias.com\/noticias\/author\/admin\/#author"},"image":{"@type":"ImageObject","url":487596,"@id":"https:\/\/www.eldigitaldeasturias.com\/noticias\/mueren-ocho-personas-y-otras-16-resultan-heridas-en-un-tiroteo-en-karachi\/#mainImage"},"primaryImageOfPage":{"@id":"https:\/\/www.eldigitaldeasturias.com\/noticias\/mueren-ocho-personas-y-otras-16-resultan-heridas-en-un-tiroteo-en-karachi\/#mainImage"},"datePublished":"2014-02-09T22:56:40+01:00","dateModified":"2014-02-09T22:56:40+01:00"},{"@type":"WebSite","@id":"https:\/\/www.eldigitaldeasturias.com\/noticias\/#website","url":"https:\/\/www.eldigitaldeasturias.com\/noticias\/","name":"El Digital de Asturias - Diario de actualidad y noticias","alternateName":"El Digital de Asturias - Diario de actualidad y noticias","description":"Hemeroteca","inLanguage":"es-ES","publisher":{"@id":"https:\/\/www.eldigitaldeasturias.com\/noticias\/#organization"}}]},"og:locale":"es_ES","og:site_name":"El Digital de Asturias","og:type":"article","og:title":"Mueren ocho personas y otras 16 resultan heridas en un tiroteo en Karachi - El Digital de Asturias","og:description":"Islamabad, 9 feb (EFE).- Al menos ocho personas murieron hoy y otras 16 resultaron heridas cuando seis desconocidos que iban en tres motos dispararon contra un grupo de personas en la ciudad meridional paquistan\u00ed de Karachi, informaron fuentes policiales. El ataque se produjo en el \u00e1rea de la ciudad conocida como Aastana, en Baldia Town,","og:url":"https:\/\/www.eldigitaldeasturias.com\/noticias\/mueren-ocho-personas-y-otras-16-resultan-heridas-en-un-tiroteo-en-karachi\/","article:tag":["actualidad"],"article:published_time":"2014-02-09T23:56:40+00:00","article:modified_time":"2014-02-09T23:56:40+00:00","article:publisher":"https:\/\/facebook.com\/eldigitaldeasturias","twitter:card":"summary_large_image","twitter:title":"Mueren ocho personas y otras 16 resultan heridas en un tiroteo en Karachi - El Digital de Asturias","twitter:description":"Islamabad, 9 feb (EFE).- Al menos ocho personas murieron hoy y otras 16 resultaron heridas cuando seis desconocidos que iban en tres motos dispararon contra un grupo de personas en la ciudad meridional paquistan\u00ed de Karachi, informaron fuentes policiales. El ataque se produjo en el \u00e1rea de la ciudad conocida como Aastana, en Baldia Town,","twitter:label1":"Escrito por","twitter:data1":"El Digital de Asturias","twitter:label2":"Tiempo de lectura estimado","twitter:data2":"1 minuto"},"aioseo_meta_data":{"post_id":"487595","title":null,"description":null,"keywords":null,"keyphrases":null,"primary_term":null,"canonical_url":null,"og_title":null,"og_description":null,"og_object_type":"default","og_image_type":"default","og_image_url":null,"og_image_width":null,"og_image_height":null,"og_image_custom_url":null,"og_image_custom_fields":null,"og_video":null,"og_custom_url":null,"og_article_section":null,"og_article_tags":null,"twitter_use_og":true,"twitter_card":"default","twitter_image_type":"default","twitter_image_url":null,"twitter_image_custom_url":null,"twitter_image_custom_fields":null,"twitter_title":null,"twitter_description":null,"schema":{"blockGraphs":[],"customGraphs":[],"default":{"data":{"Article":[],"Course":[],"Dataset":[],"FAQPage":[],"Movie":[],"Person":[],"Product":[],"ProductReview":[],"Car":[],"Recipe":[],"Service":[],"SoftwareApplication":[],"WebPage":[]},"graphName":"","isEnabled":true},"graphs":[],"defaultGraph":"","defaultPostTypeGraph":""},"schema_type":null,"schema_type_options":null,"pillar_content":false,"robots_default":true,"robots_noindex":false,"robots_noarchive":false,"robots_nosnippet":false,"robots_nofollow":false,"robots_noimageindex":false,"robots_noodp":false,"robots_notranslate":false,"robots_max_snippet":null,"robots_max_videopreview":null,"robots_max_imagepreview":"none","priority":null,"frequency":null,"local_seo":null,"seo_analyzer_scan_date":"2026-06-03 05:13:45","breadcrumb_settings":null,"limit_modified_date":false,"open_ai":null,"ai":null,"created":"2020-11-14 22:56:26","updated":"2026-06-03 05:13:45","focus_keyword":null,"additional_keywords":null,"truseo_locale":null},"aioseo_breadcrumb":"<div class=\"aioseo-breadcrumbs\"><span class=\"aioseo-breadcrumb\">\n\t<a href=\"https:\/\/www.eldigitaldeasturias.com\/noticias\" title=\"Home\">Home<\/a>\n<\/span><span class=\"aioseo-breadcrumb-separator\">\u2013<\/span><span class=\"aioseo-breadcrumb\">\n\t<a href=\"https:\/\/www.eldigitaldeasturias.com\/noticias\/category\/actualidad\/\" title=\"Actualidad\">Actualidad<\/a>\n<\/span><span class=\"aioseo-breadcrumb-separator\">\u2013<\/span><span class=\"aioseo-breadcrumb\">\n\t<a href=\"https:\/\/www.eldigitaldeasturias.com\/noticias\/mueren-ocho-personas-y-otras-16-resultan-heridas-en-un-tiroteo-en-karachi\/\" title=\"Mueren ocho personas y otras 16 resultan heridas en un tiroteo en Karachi\">Mueren ocho personas y otras 16 resultan heridas en un tiroteo en Karachi<\/a>\n<\/span><\/div>","aioseo_breadcrumb_json":[{"label":"Home","link":"https:\/\/www.eldigitaldeasturias.com\/noticias"},{"label":"Actualidad","link":"https:\/\/www.eldigitaldeasturias.com\/noticias\/category\/actualidad\/"},{"label":"Mueren ocho personas y otras 16 resultan heridas en un tiroteo en Karachi","link":"https:\/\/www.eldigitaldeasturias.com\/noticias\/mueren-ocho-personas-y-otras-16-resultan-heridas-en-un-tiroteo-en-karachi\/"}],"_links":{"self":[{"href":"https:\/\/www.eldigitaldeasturias.com\/noticias\/wp-json\/wp\/v2\/posts\/487595","targetHints":{"allow":["GET"]}}],"collection":[{"href":"https:\/\/www.eldigitaldeasturias.com\/noticias\/wp-json\/wp\/v2\/posts"}],"about":[{"href":"https:\/\/www.eldigitaldeasturias.com\/noticias\/wp-json\/wp\/v2\/types\/post"}],"author":[{"embeddable":true,"href":"https:\/\/www.eldigitaldeasturias.com\/noticias\/wp-json\/wp\/v2\/users\/1"}],"replies":[{"embeddable":true,"href":"https:\/\/www.eldigitaldeasturias.com\/noticias\/wp-json\/wp\/v2\/comments?post=487595"}],"version-history":[{"count":0,"href":"https:\/\/www.eldigitaldeasturias.com\/noticias\/wp-json\/wp\/v2\/posts\/487595\/revisions"}],"wp:attachment":[{"href":"https:\/\/www.eldigitaldeasturias.com\/noticias\/wp-json\/wp\/v2\/media?parent=487595"}],"wp:term":[{"taxonomy":"category","embeddable":true,"href":"https:\/\/www.eldigitaldeasturias.com\/noticias\/wp-json\/wp\/v2\/categories?post=487595"},{"taxonomy":"post_tag","embeddable":true,"href":"https:\/\/www.eldigitaldeasturias.com\/noticias\/wp-json\/wp\/v2\/tags?post=487595"}],"curies":[{"name":"wp","href":"https:\/\/api.w.org\/{rel}","templated":true}]}}