{"id":487592,"date":"2014-02-09T22:55:38","date_gmt":"2014-02-09T23:55:38","guid":{"rendered":"http:\/\/www.eldigitaldeasturias.com\/noticias\/?p=487592"},"modified":"2014-02-09T22:55:38","modified_gmt":"2014-02-09T23:55:38","slug":"un-total-de-142-periodistas-asesinados-en-colombia-desde-1977","status":"publish","type":"post","link":"https:\/\/www.eldigitaldeasturias.com\/noticias\/un-total-de-142-periodistas-asesinados-en-colombia-desde-1977\/","title":{"rendered":"Un total de 142 periodistas asesinados en Colombia desde 1977"},"content":{"rendered":"<p><img loading=\"lazy\" decoding=\"async\" class=\"alignleft size-medium wp-image-487593\" alt=\"5926176w\" src=\"https:\/\/www.eldigitaldeasturias.com\/noticias\/wp-content\/uploads\/2014\/02\/5926176w-360x262.jpg\" width=\"360\" height=\"262\" \/>Bogot\u00e1, 9 feb (EFE).- Un total de 142 periodistas han sido asesinados en Colombia por el ejercicio de su trabajo desde 1977, seg\u00fan inform\u00f3 hoy la Fundaci\u00f3n para la Libertad de Prensa (FLIP) de este pa\u00eds, a prop\u00f3sito del d\u00eda del periodista.<\/p>\n<p>El representante de la FLIP, Pedro Baca, dijo a la emisora Caracol radio que de estos 142 casos s\u00f3lo en 19 ha habido condenas, todas de autores materiales y ninguna de inductores.<\/p>\n<p>El caso del subdirector del diario La Patria de la ciudad de Manizales, en el departamento central de Caldas, Orlando Sierra Hern\u00e1ndez, asesinado hace 12 a\u00f1os, es el primero en el que hay expectativas de que pueda ser condenado un presunto autor intelectual.<\/p>\n<p>La FLIP, en su pagina web, apunta adem\u00e1s que, en 2013, se presentaron 123 casos de \u00abviolaciones del ejercicio period\u00edstico\u00bb con 194 v\u00edctimas.<\/p>\n<p>Entre esas violaciones se encuentran agresiones, amenazas, dos asesinatos y la obstaculizaci\u00f3n de trabajo period\u00edstico.<\/p>\n<p>Baca explic\u00f3 que, con el paso de los a\u00f1os, han cambiado los autores de los asesinatos de periodistas: \u00abA mediados de los a\u00f1os 80 y principios de los 90 el narcotr\u00e1fico afect\u00f3 duramente a la prensa e incluso se dirigi\u00f3 con acciones criminales a varios medios de comunicaci\u00f3n\u00bb.<\/p>\n<p>El siguiente ciclo se inici\u00f3 con el asesinato Jaime Garz\u00f3n, en agosto de 1999 y se produjo \u00abel asesinato de 39 periodistas en s\u00f3lo tres a\u00f1os, cifra que ning\u00fan otro pa\u00eds ha registrado en su historia\u00bb, se\u00f1al\u00f3 Baca.<\/p>\n<p>Seg\u00fan esta Fundaci\u00f3n, las zonas m\u00e1s peligrosas para ejercer el periodismo en Colombia son los departamentos de Antioquia (noroeste), Norte de Santander (noreste), Cauca (suroeste), Sucre y C\u00f3rdoba (norte).<\/p>\n<p>El pr\u00f3ximo martes 11 de febrero, la FLIP presentar\u00e1 en Bogot\u00e1 un informe completo de 2013 sobre el panorama del periodismo en el pa\u00eds, denominado \u00abProtestas: Sin garant\u00edas para cubrir\u00bb.<\/p>\n","protected":false},"excerpt":{"rendered":"<p>Bogot\u00e1, 9 feb (EFE).- Un total de 142 periodistas han sido asesinados en Colombia por el ejercicio de su trabajo desde 1977, seg\u00fan inform\u00f3 hoy la Fundaci\u00f3n para la Libertad de Prensa (FLIP) de este pa\u00eds, a prop\u00f3sito del d\u00eda del periodista. El representante de la FLIP, Pedro Baca, dijo a la emisora Caracol radio [&hellip;]<\/p>\n","protected":false},"author":1,"featured_media":487593,"comment_status":"open","ping_status":"open","sticky":false,"template":"","format":"standard","meta":{"footnotes":""},"categories":[1],"tags":[],"class_list":["post-487592","post","type-post","status-publish","format-standard","has-post-thumbnail","hentry","category-actualidad"],"aioseo_notices":[],"aioseo_head":"\n\t\t<!-- All in One SEO Pro 5.0.1 - aioseo.com -->\n\t<meta name=\"description\" content=\"Bogot\u00e1, 9 feb (EFE).- Un total de 142 periodistas han sido asesinados en Colombia por el ejercicio de su trabajo desde 1977, seg\u00fan inform\u00f3 hoy la Fundaci\u00f3n para la Libertad de Prensa (FLIP) de este pa\u00eds, a prop\u00f3sito del d\u00eda del periodista. El representante de la FLIP, Pedro Baca, dijo a la emisora Caracol radio\" \/>\n\t<meta name=\"robots\" content=\"max-image-preview:large\" \/>\n\t<meta name=\"author\" content=\"El Digital de Asturias\"\/>\n\t<meta name=\"google-site-verification\" content=\"UA-38556648-1\" \/>\n\t<meta name=\"msvalidate.01\" content=\"7dfe9f3f1b24437ab69f4f2559babe99\" \/>\n\t<meta name=\"keywords\" content=\"actualidad\" \/>\n\t<link rel=\"canonical\" href=\"https:\/\/www.eldigitaldeasturias.com\/noticias\/un-total-de-142-periodistas-asesinados-en-colombia-desde-1977\/\" \/>\n\t<meta name=\"generator\" content=\"All in One SEO Pro (AIOSEO) 5.0.1\" \/>\n\t\t<meta property=\"og:locale\" content=\"es_ES\" \/>\n\t\t<meta property=\"og:site_name\" content=\"El Digital de Asturias\" \/>\n\t\t<meta property=\"og:type\" content=\"article\" \/>\n\t\t<meta property=\"og:title\" content=\"Un total de 142 periodistas asesinados en Colombia desde 1977 - El Digital de Asturias\" \/>\n\t\t<meta property=\"og:description\" content=\"Bogot\u00e1, 9 feb (EFE).- Un total de 142 periodistas han sido asesinados en Colombia por el ejercicio de su trabajo desde 1977, seg\u00fan inform\u00f3 hoy la Fundaci\u00f3n para la Libertad de Prensa (FLIP) de este pa\u00eds, a prop\u00f3sito del d\u00eda del periodista. El representante de la FLIP, Pedro Baca, dijo a la emisora Caracol radio\" \/>\n\t\t<meta property=\"og:url\" content=\"https:\/\/www.eldigitaldeasturias.com\/noticias\/un-total-de-142-periodistas-asesinados-en-colombia-desde-1977\/\" \/>\n\t\t<meta property=\"article:tag\" content=\"actualidad\" \/>\n\t\t<meta property=\"article:published_time\" content=\"2014-02-09T23:55:38+00:00\" \/>\n\t\t<meta property=\"article:modified_time\" content=\"2014-02-09T23:55:38+00:00\" \/>\n\t\t<meta property=\"article:publisher\" content=\"https:\/\/facebook.com\/eldigitaldeasturias\" \/>\n\t\t<meta name=\"twitter:card\" content=\"summary_large_image\" \/>\n\t\t<meta name=\"twitter:title\" content=\"Un total de 142 periodistas asesinados en Colombia desde 1977 - El Digital de Asturias\" \/>\n\t\t<meta name=\"twitter:description\" content=\"Bogot\u00e1, 9 feb (EFE).- Un total de 142 periodistas han sido asesinados en Colombia por el ejercicio de su trabajo desde 1977, seg\u00fan inform\u00f3 hoy la Fundaci\u00f3n para la Libertad de Prensa (FLIP) de este pa\u00eds, a prop\u00f3sito del d\u00eda del periodista. El representante de la FLIP, Pedro Baca, dijo a la emisora Caracol radio\" \/>\n\t\t<meta name=\"twitter:label1\" content=\"Escrito por\" \/>\n\t\t<meta name=\"twitter:data1\" content=\"El Digital de Asturias\" \/>\n\t\t<meta name=\"twitter:label2\" content=\"Tiempo de lectura estimado\" \/>\n\t\t<meta name=\"twitter:data2\" content=\"2 minutos\" \/>\n\t\t<script type=\"application\/ld+json\" class=\"aioseo-schema\">\n\t\t\t{\"@context\":\"https:\\\/\\\/schema.org\",\"@graph\":[{\"@type\":\"BlogPosting\",\"@id\":\"https:\\\/\\\/www.eldigitaldeasturias.com\\\/noticias\\\/un-total-de-142-periodistas-asesinados-en-colombia-desde-1977\\\/#blogposting\",\"name\":\"Un total de 142 periodistas asesinados en Colombia desde 1977 - El Digital de Asturias\",\"headline\":\"Un total de 142 periodistas asesinados en Colombia desde 1977\",\"author\":{\"@id\":\"https:\\\/\\\/www.eldigitaldeasturias.com\\\/noticias\\\/author\\\/admin\\\/#author\"},\"publisher\":{\"@id\":\"https:\\\/\\\/www.eldigitaldeasturias.com\\\/noticias\\\/#organization\"},\"image\":{\"@type\":\"ImageObject\",\"url\":487593},\"datePublished\":\"2014-02-09T22:55:38+01:00\",\"dateModified\":\"2014-02-09T22:55:38+01:00\",\"inLanguage\":\"es-ES\",\"mainEntityOfPage\":{\"@id\":\"https:\\\/\\\/www.eldigitaldeasturias.com\\\/noticias\\\/un-total-de-142-periodistas-asesinados-en-colombia-desde-1977\\\/#webpage\"},\"isPartOf\":{\"@id\":\"https:\\\/\\\/www.eldigitaldeasturias.com\\\/noticias\\\/un-total-de-142-periodistas-asesinados-en-colombia-desde-1977\\\/#webpage\"},\"articleSection\":\"Actualidad\"},{\"@type\":\"BreadcrumbList\",\"@id\":\"https:\\\/\\\/www.eldigitaldeasturias.com\\\/noticias\\\/un-total-de-142-periodistas-asesinados-en-colombia-desde-1977\\\/#breadcrumblist\",\"itemListElement\":[{\"@type\":\"ListItem\",\"@id\":\"https:\\\/\\\/www.eldigitaldeasturias.com\\\/noticias#listItem\",\"position\":1,\"name\":\"Home\",\"item\":\"https:\\\/\\\/www.eldigitaldeasturias.com\\\/noticias\",\"nextItem\":{\"@type\":\"ListItem\",\"@id\":\"https:\\\/\\\/www.eldigitaldeasturias.com\\\/noticias\\\/category\\\/actualidad\\\/#listItem\",\"name\":\"Actualidad\"}},{\"@type\":\"ListItem\",\"@id\":\"https:\\\/\\\/www.eldigitaldeasturias.com\\\/noticias\\\/category\\\/actualidad\\\/#listItem\",\"position\":2,\"name\":\"Actualidad\",\"item\":\"https:\\\/\\\/www.eldigitaldeasturias.com\\\/noticias\\\/category\\\/actualidad\\\/\",\"nextItem\":{\"@type\":\"ListItem\",\"@id\":\"https:\\\/\\\/www.eldigitaldeasturias.com\\\/noticias\\\/un-total-de-142-periodistas-asesinados-en-colombia-desde-1977\\\/#listItem\",\"name\":\"Un total de 142 periodistas asesinados en Colombia desde 1977\"},\"previousItem\":{\"@type\":\"ListItem\",\"@id\":\"https:\\\/\\\/www.eldigitaldeasturias.com\\\/noticias#listItem\",\"name\":\"Home\"}},{\"@type\":\"ListItem\",\"@id\":\"https:\\\/\\\/www.eldigitaldeasturias.com\\\/noticias\\\/un-total-de-142-periodistas-asesinados-en-colombia-desde-1977\\\/#listItem\",\"position\":3,\"name\":\"Un total de 142 periodistas asesinados en Colombia desde 1977\",\"previousItem\":{\"@type\":\"ListItem\",\"@id\":\"https:\\\/\\\/www.eldigitaldeasturias.com\\\/noticias\\\/category\\\/actualidad\\\/#listItem\",\"name\":\"Actualidad\"}}]},{\"@type\":\"Organization\",\"@id\":\"https:\\\/\\\/www.eldigitaldeasturias.com\\\/noticias\\\/#organization\",\"name\":\"El Digital de Asturias\",\"description\":\"Hemeroteca\",\"url\":\"https:\\\/\\\/www.eldigitaldeasturias.com\\\/noticias\\\/\",\"email\":\"info@eldigitaldeasturias.com\",\"telephone\":\"+34652131393\",\"logo\":{\"@type\":\"ImageObject\",\"url\":\"https:\\\/\\\/www.eldigitaldeasturias.com\\\/noticias\\\/wp-content\\\/uploads\\\/2020\\\/12\\\/EDA.jpg\",\"@id\":\"https:\\\/\\\/www.eldigitaldeasturias.com\\\/noticias\\\/un-total-de-142-periodistas-asesinados-en-colombia-desde-1977\\\/#organizationLogo\"},\"image\":{\"@id\":\"https:\\\/\\\/www.eldigitaldeasturias.com\\\/noticias\\\/un-total-de-142-periodistas-asesinados-en-colombia-desde-1977\\\/#organizationLogo\"},\"sameAs\":[\"https:\\\/\\\/facebook.com\\\/eldigitaldeasturias\",\"https:\\\/\\\/www.youtube.com\\\/channel\\\/UCZP-2wLEB9Rv6erhFmqVnvg\"],\"address\":{\"@id\":\"https:\\\/\\\/www.eldigitaldeasturias.com\\\/noticias\\\/#postaladdress\",\"@type\":\"PostalAddress\",\"streetAddress\":\"san antonio 4\",\"postalCode\":\"33430\",\"addressLocality\":\"Cand\\u00e1s\",\"addressRegion\":\"Asturias\",\"addressCountry\":\"ES\"}},{\"@type\":\"Person\",\"@id\":\"https:\\\/\\\/www.eldigitaldeasturias.com\\\/noticias\\\/author\\\/admin\\\/#author\",\"url\":\"https:\\\/\\\/www.eldigitaldeasturias.com\\\/noticias\\\/author\\\/admin\\\/\",\"name\":\"El Digital de Asturias\",\"image\":{\"@type\":\"ImageObject\",\"@id\":\"https:\\\/\\\/www.eldigitaldeasturias.com\\\/noticias\\\/un-total-de-142-periodistas-asesinados-en-colombia-desde-1977\\\/#authorImage\",\"url\":\"https:\\\/\\\/secure.gravatar.com\\\/avatar\\\/df2aeffc32bcd13f8d26072ef8a91b623d677766deac7f97ca815868cd41bf5e?s=96&d=mm&r=g\",\"width\":96,\"height\":96,\"caption\":\"El Digital de Asturias\"}},{\"@type\":\"WebPage\",\"@id\":\"https:\\\/\\\/www.eldigitaldeasturias.com\\\/noticias\\\/un-total-de-142-periodistas-asesinados-en-colombia-desde-1977\\\/#webpage\",\"url\":\"https:\\\/\\\/www.eldigitaldeasturias.com\\\/noticias\\\/un-total-de-142-periodistas-asesinados-en-colombia-desde-1977\\\/\",\"name\":\"Un total de 142 periodistas asesinados en Colombia desde 1977 - El Digital de Asturias\",\"description\":\"Bogot\\u00e1, 9 feb (EFE).- Un total de 142 periodistas han sido asesinados en Colombia por el ejercicio de su trabajo desde 1977, seg\\u00fan inform\\u00f3 hoy la Fundaci\\u00f3n para la Libertad de Prensa (FLIP) de este pa\\u00eds, a prop\\u00f3sito del d\\u00eda del periodista. El representante de la FLIP, Pedro Baca, dijo a la emisora Caracol radio\",\"inLanguage\":\"es-ES\",\"isPartOf\":{\"@id\":\"https:\\\/\\\/www.eldigitaldeasturias.com\\\/noticias\\\/#website\"},\"breadcrumb\":{\"@id\":\"https:\\\/\\\/www.eldigitaldeasturias.com\\\/noticias\\\/un-total-de-142-periodistas-asesinados-en-colombia-desde-1977\\\/#breadcrumblist\"},\"author\":{\"@id\":\"https:\\\/\\\/www.eldigitaldeasturias.com\\\/noticias\\\/author\\\/admin\\\/#author\"},\"creator\":{\"@id\":\"https:\\\/\\\/www.eldigitaldeasturias.com\\\/noticias\\\/author\\\/admin\\\/#author\"},\"image\":{\"@type\":\"ImageObject\",\"url\":487593,\"@id\":\"https:\\\/\\\/www.eldigitaldeasturias.com\\\/noticias\\\/un-total-de-142-periodistas-asesinados-en-colombia-desde-1977\\\/#mainImage\"},\"primaryImageOfPage\":{\"@id\":\"https:\\\/\\\/www.eldigitaldeasturias.com\\\/noticias\\\/un-total-de-142-periodistas-asesinados-en-colombia-desde-1977\\\/#mainImage\"},\"datePublished\":\"2014-02-09T22:55:38+01:00\",\"dateModified\":\"2014-02-09T22:55:38+01:00\"},{\"@type\":\"WebSite\",\"@id\":\"https:\\\/\\\/www.eldigitaldeasturias.com\\\/noticias\\\/#website\",\"url\":\"https:\\\/\\\/www.eldigitaldeasturias.com\\\/noticias\\\/\",\"name\":\"El Digital de Asturias - Diario de actualidad y noticias\",\"alternateName\":\"El Digital de Asturias - Diario de actualidad y noticias\",\"description\":\"Hemeroteca\",\"inLanguage\":\"es-ES\",\"publisher\":{\"@id\":\"https:\\\/\\\/www.eldigitaldeasturias.com\\\/noticias\\\/#organization\"}}]}\n\t\t<\/script>\n\t\t<!-- All in One SEO Pro -->\r\n\t\t<title>Un total de 142 periodistas asesinados en Colombia desde 1977 - El Digital de Asturias<\/title>\n\n","aioseo_head_json":{"title":"Un total de 142 periodistas asesinados en Colombia desde 1977 - El Digital de Asturias","description":"Bogot\u00e1, 9 feb (EFE).- Un total de 142 periodistas han sido asesinados en Colombia por el ejercicio de su trabajo desde 1977, seg\u00fan inform\u00f3 hoy la Fundaci\u00f3n para la Libertad de Prensa (FLIP) de este pa\u00eds, a prop\u00f3sito del d\u00eda del periodista. El representante de la FLIP, Pedro Baca, dijo a la emisora Caracol radio","canonical_url":"https:\/\/www.eldigitaldeasturias.com\/noticias\/un-total-de-142-periodistas-asesinados-en-colombia-desde-1977\/","robots":"max-image-preview:large","keywords":"actualidad","webmasterTools":{"google-site-verification":"UA-38556648-1","msvalidate.01":"7dfe9f3f1b24437ab69f4f2559babe99","miscellaneous":""},"schema":{"@context":"https:\/\/schema.org","@graph":[{"@type":"BlogPosting","@id":"https:\/\/www.eldigitaldeasturias.com\/noticias\/un-total-de-142-periodistas-asesinados-en-colombia-desde-1977\/#blogposting","name":"Un total de 142 periodistas asesinados en Colombia desde 1977 - El Digital de Asturias","headline":"Un total de 142 periodistas asesinados en Colombia desde 1977","author":{"@id":"https:\/\/www.eldigitaldeasturias.com\/noticias\/author\/admin\/#author"},"publisher":{"@id":"https:\/\/www.eldigitaldeasturias.com\/noticias\/#organization"},"image":{"@type":"ImageObject","url":487593},"datePublished":"2014-02-09T22:55:38+01:00","dateModified":"2014-02-09T22:55:38+01:00","inLanguage":"es-ES","mainEntityOfPage":{"@id":"https:\/\/www.eldigitaldeasturias.com\/noticias\/un-total-de-142-periodistas-asesinados-en-colombia-desde-1977\/#webpage"},"isPartOf":{"@id":"https:\/\/www.eldigitaldeasturias.com\/noticias\/un-total-de-142-periodistas-asesinados-en-colombia-desde-1977\/#webpage"},"articleSection":"Actualidad"},{"@type":"BreadcrumbList","@id":"https:\/\/www.eldigitaldeasturias.com\/noticias\/un-total-de-142-periodistas-asesinados-en-colombia-desde-1977\/#breadcrumblist","itemListElement":[{"@type":"ListItem","@id":"https:\/\/www.eldigitaldeasturias.com\/noticias#listItem","position":1,"name":"Home","item":"https:\/\/www.eldigitaldeasturias.com\/noticias","nextItem":{"@type":"ListItem","@id":"https:\/\/www.eldigitaldeasturias.com\/noticias\/category\/actualidad\/#listItem","name":"Actualidad"}},{"@type":"ListItem","@id":"https:\/\/www.eldigitaldeasturias.com\/noticias\/category\/actualidad\/#listItem","position":2,"name":"Actualidad","item":"https:\/\/www.eldigitaldeasturias.com\/noticias\/category\/actualidad\/","nextItem":{"@type":"ListItem","@id":"https:\/\/www.eldigitaldeasturias.com\/noticias\/un-total-de-142-periodistas-asesinados-en-colombia-desde-1977\/#listItem","name":"Un total de 142 periodistas asesinados en Colombia desde 1977"},"previousItem":{"@type":"ListItem","@id":"https:\/\/www.eldigitaldeasturias.com\/noticias#listItem","name":"Home"}},{"@type":"ListItem","@id":"https:\/\/www.eldigitaldeasturias.com\/noticias\/un-total-de-142-periodistas-asesinados-en-colombia-desde-1977\/#listItem","position":3,"name":"Un total de 142 periodistas asesinados en Colombia desde 1977","previousItem":{"@type":"ListItem","@id":"https:\/\/www.eldigitaldeasturias.com\/noticias\/category\/actualidad\/#listItem","name":"Actualidad"}}]},{"@type":"Organization","@id":"https:\/\/www.eldigitaldeasturias.com\/noticias\/#organization","name":"El Digital de Asturias","description":"Hemeroteca","url":"https:\/\/www.eldigitaldeasturias.com\/noticias\/","email":"info@eldigitaldeasturias.com","telephone":"+34652131393","logo":{"@type":"ImageObject","url":"https:\/\/www.eldigitaldeasturias.com\/noticias\/wp-content\/uploads\/2020\/12\/EDA.jpg","@id":"https:\/\/www.eldigitaldeasturias.com\/noticias\/un-total-de-142-periodistas-asesinados-en-colombia-desde-1977\/#organizationLogo"},"image":{"@id":"https:\/\/www.eldigitaldeasturias.com\/noticias\/un-total-de-142-periodistas-asesinados-en-colombia-desde-1977\/#organizationLogo"},"sameAs":["https:\/\/facebook.com\/eldigitaldeasturias","https:\/\/www.youtube.com\/channel\/UCZP-2wLEB9Rv6erhFmqVnvg"],"address":{"@id":"https:\/\/www.eldigitaldeasturias.com\/noticias\/#postaladdress","@type":"PostalAddress","streetAddress":"san antonio 4","postalCode":"33430","addressLocality":"Cand\u00e1s","addressRegion":"Asturias","addressCountry":"ES"}},{"@type":"Person","@id":"https:\/\/www.eldigitaldeasturias.com\/noticias\/author\/admin\/#author","url":"https:\/\/www.eldigitaldeasturias.com\/noticias\/author\/admin\/","name":"El Digital de Asturias","image":{"@type":"ImageObject","@id":"https:\/\/www.eldigitaldeasturias.com\/noticias\/un-total-de-142-periodistas-asesinados-en-colombia-desde-1977\/#authorImage","url":"https:\/\/secure.gravatar.com\/avatar\/df2aeffc32bcd13f8d26072ef8a91b623d677766deac7f97ca815868cd41bf5e?s=96&d=mm&r=g","width":96,"height":96,"caption":"El Digital de Asturias"}},{"@type":"WebPage","@id":"https:\/\/www.eldigitaldeasturias.com\/noticias\/un-total-de-142-periodistas-asesinados-en-colombia-desde-1977\/#webpage","url":"https:\/\/www.eldigitaldeasturias.com\/noticias\/un-total-de-142-periodistas-asesinados-en-colombia-desde-1977\/","name":"Un total de 142 periodistas asesinados en Colombia desde 1977 - El Digital de Asturias","description":"Bogot\u00e1, 9 feb (EFE).- Un total de 142 periodistas han sido asesinados en Colombia por el ejercicio de su trabajo desde 1977, seg\u00fan inform\u00f3 hoy la Fundaci\u00f3n para la Libertad de Prensa (FLIP) de este pa\u00eds, a prop\u00f3sito del d\u00eda del periodista. El representante de la FLIP, Pedro Baca, dijo a la emisora Caracol radio","inLanguage":"es-ES","isPartOf":{"@id":"https:\/\/www.eldigitaldeasturias.com\/noticias\/#website"},"breadcrumb":{"@id":"https:\/\/www.eldigitaldeasturias.com\/noticias\/un-total-de-142-periodistas-asesinados-en-colombia-desde-1977\/#breadcrumblist"},"author":{"@id":"https:\/\/www.eldigitaldeasturias.com\/noticias\/author\/admin\/#author"},"creator":{"@id":"https:\/\/www.eldigitaldeasturias.com\/noticias\/author\/admin\/#author"},"image":{"@type":"ImageObject","url":487593,"@id":"https:\/\/www.eldigitaldeasturias.com\/noticias\/un-total-de-142-periodistas-asesinados-en-colombia-desde-1977\/#mainImage"},"primaryImageOfPage":{"@id":"https:\/\/www.eldigitaldeasturias.com\/noticias\/un-total-de-142-periodistas-asesinados-en-colombia-desde-1977\/#mainImage"},"datePublished":"2014-02-09T22:55:38+01:00","dateModified":"2014-02-09T22:55:38+01:00"},{"@type":"WebSite","@id":"https:\/\/www.eldigitaldeasturias.com\/noticias\/#website","url":"https:\/\/www.eldigitaldeasturias.com\/noticias\/","name":"El Digital de Asturias - Diario de actualidad y noticias","alternateName":"El Digital de Asturias - Diario de actualidad y noticias","description":"Hemeroteca","inLanguage":"es-ES","publisher":{"@id":"https:\/\/www.eldigitaldeasturias.com\/noticias\/#organization"}}]},"og:locale":"es_ES","og:site_name":"El Digital de Asturias","og:type":"article","og:title":"Un total de 142 periodistas asesinados en Colombia desde 1977 - El Digital de Asturias","og:description":"Bogot\u00e1, 9 feb (EFE).- Un total de 142 periodistas han sido asesinados en Colombia por el ejercicio de su trabajo desde 1977, seg\u00fan inform\u00f3 hoy la Fundaci\u00f3n para la Libertad de Prensa (FLIP) de este pa\u00eds, a prop\u00f3sito del d\u00eda del periodista. El representante de la FLIP, Pedro Baca, dijo a la emisora Caracol radio","og:url":"https:\/\/www.eldigitaldeasturias.com\/noticias\/un-total-de-142-periodistas-asesinados-en-colombia-desde-1977\/","article:tag":["actualidad"],"article:published_time":"2014-02-09T23:55:38+00:00","article:modified_time":"2014-02-09T23:55:38+00:00","article:publisher":"https:\/\/facebook.com\/eldigitaldeasturias","twitter:card":"summary_large_image","twitter:title":"Un total de 142 periodistas asesinados en Colombia desde 1977 - El Digital de Asturias","twitter:description":"Bogot\u00e1, 9 feb (EFE).- Un total de 142 periodistas han sido asesinados en Colombia por el ejercicio de su trabajo desde 1977, seg\u00fan inform\u00f3 hoy la Fundaci\u00f3n para la Libertad de Prensa (FLIP) de este pa\u00eds, a prop\u00f3sito del d\u00eda del periodista. El representante de la FLIP, Pedro Baca, dijo a la emisora Caracol radio","twitter:label1":"Escrito por","twitter:data1":"El Digital de Asturias","twitter:label2":"Tiempo de lectura estimado","twitter:data2":"2 minutos"},"aioseo_meta_data":{"post_id":"487592","title":null,"description":null,"keywords":null,"keyphrases":null,"primary_term":null,"canonical_url":null,"og_title":null,"og_description":null,"og_object_type":"default","og_image_type":"default","og_image_url":null,"og_image_width":null,"og_image_height":null,"og_image_custom_url":null,"og_image_custom_fields":null,"og_video":null,"og_custom_url":null,"og_article_section":null,"og_article_tags":null,"twitter_use_og":true,"twitter_card":"default","twitter_image_type":"default","twitter_image_url":null,"twitter_image_custom_url":null,"twitter_image_custom_fields":null,"twitter_title":null,"twitter_description":null,"schema":{"blockGraphs":[],"customGraphs":[],"default":{"data":{"Article":[],"Course":[],"Dataset":[],"FAQPage":[],"Movie":[],"Person":[],"Product":[],"ProductReview":[],"Car":[],"Recipe":[],"Service":[],"SoftwareApplication":[],"WebPage":[]},"graphName":"","isEnabled":true},"graphs":[],"defaultGraph":"","defaultPostTypeGraph":""},"schema_type":null,"schema_type_options":null,"pillar_content":false,"robots_default":true,"robots_noindex":false,"robots_noarchive":false,"robots_nosnippet":false,"robots_nofollow":false,"robots_noimageindex":false,"robots_noodp":false,"robots_notranslate":false,"robots_max_snippet":null,"robots_max_videopreview":null,"robots_max_imagepreview":"none","priority":null,"frequency":null,"local_seo":null,"seo_analyzer_scan_date":"2026-06-03 05:13:43","breadcrumb_settings":null,"limit_modified_date":false,"open_ai":null,"ai":null,"created":"2020-11-14 22:56:26","updated":"2026-06-03 05:13:43","focus_keyword":null,"additional_keywords":null,"truseo_locale":null},"aioseo_breadcrumb":"<div class=\"aioseo-breadcrumbs\"><span class=\"aioseo-breadcrumb\">\n\t<a href=\"https:\/\/www.eldigitaldeasturias.com\/noticias\" title=\"Home\">Home<\/a>\n<\/span><span class=\"aioseo-breadcrumb-separator\">\u2013<\/span><span class=\"aioseo-breadcrumb\">\n\t<a href=\"https:\/\/www.eldigitaldeasturias.com\/noticias\/category\/actualidad\/\" title=\"Actualidad\">Actualidad<\/a>\n<\/span><span class=\"aioseo-breadcrumb-separator\">\u2013<\/span><span class=\"aioseo-breadcrumb\">\n\t<a href=\"https:\/\/www.eldigitaldeasturias.com\/noticias\/un-total-de-142-periodistas-asesinados-en-colombia-desde-1977\/\" title=\"Un total de 142 periodistas asesinados en Colombia desde 1977\">Un total de 142 periodistas asesinados en Colombia desde 1977<\/a>\n<\/span><\/div>","aioseo_breadcrumb_json":[{"label":"Home","link":"https:\/\/www.eldigitaldeasturias.com\/noticias"},{"label":"Actualidad","link":"https:\/\/www.eldigitaldeasturias.com\/noticias\/category\/actualidad\/"},{"label":"Un total de 142 periodistas asesinados en Colombia desde 1977","link":"https:\/\/www.eldigitaldeasturias.com\/noticias\/un-total-de-142-periodistas-asesinados-en-colombia-desde-1977\/"}],"_links":{"self":[{"href":"https:\/\/www.eldigitaldeasturias.com\/noticias\/wp-json\/wp\/v2\/posts\/487592","targetHints":{"allow":["GET"]}}],"collection":[{"href":"https:\/\/www.eldigitaldeasturias.com\/noticias\/wp-json\/wp\/v2\/posts"}],"about":[{"href":"https:\/\/www.eldigitaldeasturias.com\/noticias\/wp-json\/wp\/v2\/types\/post"}],"author":[{"embeddable":true,"href":"https:\/\/www.eldigitaldeasturias.com\/noticias\/wp-json\/wp\/v2\/users\/1"}],"replies":[{"embeddable":true,"href":"https:\/\/www.eldigitaldeasturias.com\/noticias\/wp-json\/wp\/v2\/comments?post=487592"}],"version-history":[{"count":0,"href":"https:\/\/www.eldigitaldeasturias.com\/noticias\/wp-json\/wp\/v2\/posts\/487592\/revisions"}],"wp:attachment":[{"href":"https:\/\/www.eldigitaldeasturias.com\/noticias\/wp-json\/wp\/v2\/media?parent=487592"}],"wp:term":[{"taxonomy":"category","embeddable":true,"href":"https:\/\/www.eldigitaldeasturias.com\/noticias\/wp-json\/wp\/v2\/categories?post=487592"},{"taxonomy":"post_tag","embeddable":true,"href":"https:\/\/www.eldigitaldeasturias.com\/noticias\/wp-json\/wp\/v2\/tags?post=487592"}],"curies":[{"name":"wp","href":"https:\/\/api.w.org\/{rel}","templated":true}]}}