{"id":487586,"date":"2014-02-09T22:53:45","date_gmt":"2014-02-09T23:53:45","guid":{"rendered":"http:\/\/www.eldigitaldeasturias.com\/noticias\/?p=487586"},"modified":"2014-02-09T22:53:45","modified_gmt":"2014-02-09T23:53:45","slug":"el-principal-grupo-judio-de-hungria-boicotea-los-actos-del-holocausto-2014","status":"publish","type":"post","link":"https:\/\/www.eldigitaldeasturias.com\/noticias\/el-principal-grupo-judio-de-hungria-boicotea-los-actos-del-holocausto-2014\/","title":{"rendered":"El principal grupo jud\u00edo de Hungr\u00eda boicotea los actos del Holocausto 2014"},"content":{"rendered":"<p><img loading=\"lazy\" decoding=\"async\" class=\"alignleft size-medium wp-image-487587\" alt=\"5926135w\" src=\"https:\/\/www.eldigitaldeasturias.com\/noticias\/wp-content\/uploads\/2014\/02\/5926135w-360x266.jpg\" width=\"360\" height=\"266\" \/>Budapest, 9 feb (EFE).- La principal organizaci\u00f3n jud\u00eda de Hungr\u00eda decidi\u00f3 hoy boicotear las conmemoraciones oficiales del 70 aniversario del comienzo del Holocausto jud\u00edo en ese pa\u00eds por una disputa con el Gobierno por un monumento que sugiere que Hungr\u00eda solo fue v\u00edctima del nazismo y no activo colaborador.<\/p>\n<p>Seg\u00fan la instituci\u00f3n que aglutina a los principales grupos jud\u00edos de Hungr\u00eda, esa estatua, que se colocar\u00e1 en el centro de Budapest, niega \u00abla responsabilidad nacional\u00bb en el asesinato de cientos de miles de jud\u00edos h\u00fangaros, que comenz\u00f3 en la primavera de 1944.<\/p>\n<p>\u00abLos planes (del Gobierno conservador nacionalista) no tienen en cuenta la sensibilidad y los argumentos de aquellos que sufrieron los horrores del Holocausto\u00bb, indic\u00f3 la organizaci\u00f3n en un comunicado emitido en Budapest.<\/p>\n<p>Por eso, \u00abMazsihisz\u00bb decidi\u00f3 \u00abmantenerse alejado\u00bb de los actos oficiales de conmemoraci\u00f3n convocado por el gobierno para este a\u00f1o.<\/p>\n<p>La organizaci\u00f3n jud\u00eda pidi\u00f3 adem\u00e1s que el Gobierno del primer ministro Viktor Orb\u00e1n pare el proyecto de la llamada \u00abCasa de los Destinos\u00bb, en conmemoraci\u00f3n a las v\u00edctimas del Holocausto, ya que no se consult\u00f3 con los representantes de la organizaci\u00f3n.<\/p>\n<p>\u00abMazsihisz\u00bb asegur\u00f3 que participar\u00e1 en las conmemoraciones s\u00f3lo en caso de que el Gobierno de Orb\u00e1n cambie de actitud.<\/p>\n<p>Durante la Segunda Guerra Mundial, los nazis, apoyados por sus aliados h\u00fangaros del movimiento de la Cruz Flechada, deportaron y asesinaron en Hungr\u00eda a m\u00e1s de 400.000 jud\u00edos.<\/p>\n<p>En las \u00faltimas semanas, varios altos cargos del Estado, como el presidente h\u00fangaro, J\u00e1nos \u00c1der, admitieron la responsabilidad de los h\u00fangaros en el Holocausto jud\u00edo.<\/p>\n<p>Pero desde la llegada al poder del conservador Orb\u00e1n en 2010 el antisemitismo ha aumentado en Hungr\u00eda, impulsado por el extremista partido Jobbik y tolerado por el gobernante partido Fidesz.<\/p>\n<p>Seg\u00fan un reciente estudio de la Agencia de Derechos Fundamentales de la Uni\u00f3n Europea, m\u00e1s de la mitad de los jud\u00edos h\u00fangaros piensa en abandonar su pa\u00eds por el creciente sentimiento antijud\u00edo, tanto en la pol\u00edtica, como en la prensa y en la sociedad en general.<\/p>\n<p>La comunidad hebrea de Hungr\u00eda, de unas 100.000 personas, es una de las m\u00e1s grandes de la UE, solo por detr\u00e1s de Francia, el Reino Unido y Alemania.<\/p>\n","protected":false},"excerpt":{"rendered":"<p>Budapest, 9 feb (EFE).- La principal organizaci\u00f3n jud\u00eda de Hungr\u00eda decidi\u00f3 hoy boicotear las conmemoraciones oficiales del 70 aniversario del comienzo del Holocausto jud\u00edo en ese pa\u00eds por una disputa con el Gobierno por un monumento que sugiere que Hungr\u00eda solo fue v\u00edctima del nazismo y no activo colaborador. Seg\u00fan la instituci\u00f3n que aglutina a [&hellip;]<\/p>\n","protected":false},"author":1,"featured_media":487587,"comment_status":"open","ping_status":"open","sticky":false,"template":"","format":"standard","meta":{"footnotes":""},"categories":[1],"tags":[],"class_list":["post-487586","post","type-post","status-publish","format-standard","has-post-thumbnail","hentry","category-actualidad"],"aioseo_notices":[],"aioseo_head":"\n\t\t<!-- All in One SEO Pro 5.0.1 - aioseo.com -->\n\t<meta name=\"description\" content=\"Budapest, 9 feb (EFE).- La principal organizaci\u00f3n jud\u00eda de Hungr\u00eda decidi\u00f3 hoy boicotear las conmemoraciones oficiales del 70 aniversario del comienzo del Holocausto jud\u00edo en ese pa\u00eds por una disputa con el Gobierno por un monumento que sugiere que Hungr\u00eda solo fue v\u00edctima del nazismo y no activo colaborador. Seg\u00fan la instituci\u00f3n que aglutina a\" \/>\n\t<meta name=\"robots\" content=\"max-image-preview:large\" \/>\n\t<meta name=\"author\" content=\"El Digital de Asturias\"\/>\n\t<meta name=\"google-site-verification\" content=\"UA-38556648-1\" \/>\n\t<meta name=\"msvalidate.01\" content=\"7dfe9f3f1b24437ab69f4f2559babe99\" \/>\n\t<meta name=\"keywords\" content=\"actualidad\" \/>\n\t<link rel=\"canonical\" href=\"https:\/\/www.eldigitaldeasturias.com\/noticias\/el-principal-grupo-judio-de-hungria-boicotea-los-actos-del-holocausto-2014\/\" \/>\n\t<meta name=\"generator\" content=\"All in One SEO Pro (AIOSEO) 5.0.1\" \/>\n\t\t<meta property=\"og:locale\" content=\"es_ES\" \/>\n\t\t<meta property=\"og:site_name\" content=\"El Digital de Asturias\" \/>\n\t\t<meta property=\"og:type\" content=\"article\" \/>\n\t\t<meta property=\"og:title\" content=\"El principal grupo jud\u00edo de Hungr\u00eda boicotea los actos del Holocausto 2014 - El Digital de Asturias\" \/>\n\t\t<meta property=\"og:description\" content=\"Budapest, 9 feb (EFE).- La principal organizaci\u00f3n jud\u00eda de Hungr\u00eda decidi\u00f3 hoy boicotear las conmemoraciones oficiales del 70 aniversario del comienzo del Holocausto jud\u00edo en ese pa\u00eds por una disputa con el Gobierno por un monumento que sugiere que Hungr\u00eda solo fue v\u00edctima del nazismo y no activo colaborador. Seg\u00fan la instituci\u00f3n que aglutina a\" \/>\n\t\t<meta property=\"og:url\" content=\"https:\/\/www.eldigitaldeasturias.com\/noticias\/el-principal-grupo-judio-de-hungria-boicotea-los-actos-del-holocausto-2014\/\" \/>\n\t\t<meta property=\"article:tag\" content=\"actualidad\" \/>\n\t\t<meta property=\"article:published_time\" content=\"2014-02-09T23:53:45+00:00\" \/>\n\t\t<meta property=\"article:modified_time\" content=\"2014-02-09T23:53:45+00:00\" \/>\n\t\t<meta property=\"article:publisher\" content=\"https:\/\/facebook.com\/eldigitaldeasturias\" \/>\n\t\t<meta name=\"twitter:card\" content=\"summary_large_image\" \/>\n\t\t<meta name=\"twitter:title\" content=\"El principal grupo jud\u00edo de Hungr\u00eda boicotea los actos del Holocausto 2014 - El Digital de Asturias\" \/>\n\t\t<meta name=\"twitter:description\" content=\"Budapest, 9 feb (EFE).- La principal organizaci\u00f3n jud\u00eda de Hungr\u00eda decidi\u00f3 hoy boicotear las conmemoraciones oficiales del 70 aniversario del comienzo del Holocausto jud\u00edo en ese pa\u00eds por una disputa con el Gobierno por un monumento que sugiere que Hungr\u00eda solo fue v\u00edctima del nazismo y no activo colaborador. Seg\u00fan la instituci\u00f3n que aglutina a\" \/>\n\t\t<meta name=\"twitter:label1\" content=\"Escrito por\" \/>\n\t\t<meta name=\"twitter:data1\" content=\"El Digital de Asturias\" \/>\n\t\t<meta name=\"twitter:label2\" content=\"Tiempo de lectura estimado\" \/>\n\t\t<meta name=\"twitter:data2\" content=\"2 minutos\" \/>\n\t\t<script type=\"application\/ld+json\" class=\"aioseo-schema\">\n\t\t\t{\"@context\":\"https:\\\/\\\/schema.org\",\"@graph\":[{\"@type\":\"BlogPosting\",\"@id\":\"https:\\\/\\\/www.eldigitaldeasturias.com\\\/noticias\\\/el-principal-grupo-judio-de-hungria-boicotea-los-actos-del-holocausto-2014\\\/#blogposting\",\"name\":\"El principal grupo jud\\u00edo de Hungr\\u00eda boicotea los actos del Holocausto 2014 - El Digital de Asturias\",\"headline\":\"El principal grupo jud\\u00edo de Hungr\\u00eda boicotea los actos del Holocausto 2014\",\"author\":{\"@id\":\"https:\\\/\\\/www.eldigitaldeasturias.com\\\/noticias\\\/author\\\/admin\\\/#author\"},\"publisher\":{\"@id\":\"https:\\\/\\\/www.eldigitaldeasturias.com\\\/noticias\\\/#organization\"},\"image\":{\"@type\":\"ImageObject\",\"url\":487587},\"datePublished\":\"2014-02-09T22:53:45+01:00\",\"dateModified\":\"2014-02-09T22:53:45+01:00\",\"inLanguage\":\"es-ES\",\"mainEntityOfPage\":{\"@id\":\"https:\\\/\\\/www.eldigitaldeasturias.com\\\/noticias\\\/el-principal-grupo-judio-de-hungria-boicotea-los-actos-del-holocausto-2014\\\/#webpage\"},\"isPartOf\":{\"@id\":\"https:\\\/\\\/www.eldigitaldeasturias.com\\\/noticias\\\/el-principal-grupo-judio-de-hungria-boicotea-los-actos-del-holocausto-2014\\\/#webpage\"},\"articleSection\":\"Actualidad\"},{\"@type\":\"BreadcrumbList\",\"@id\":\"https:\\\/\\\/www.eldigitaldeasturias.com\\\/noticias\\\/el-principal-grupo-judio-de-hungria-boicotea-los-actos-del-holocausto-2014\\\/#breadcrumblist\",\"itemListElement\":[{\"@type\":\"ListItem\",\"@id\":\"https:\\\/\\\/www.eldigitaldeasturias.com\\\/noticias#listItem\",\"position\":1,\"name\":\"Home\",\"item\":\"https:\\\/\\\/www.eldigitaldeasturias.com\\\/noticias\",\"nextItem\":{\"@type\":\"ListItem\",\"@id\":\"https:\\\/\\\/www.eldigitaldeasturias.com\\\/noticias\\\/category\\\/actualidad\\\/#listItem\",\"name\":\"Actualidad\"}},{\"@type\":\"ListItem\",\"@id\":\"https:\\\/\\\/www.eldigitaldeasturias.com\\\/noticias\\\/category\\\/actualidad\\\/#listItem\",\"position\":2,\"name\":\"Actualidad\",\"item\":\"https:\\\/\\\/www.eldigitaldeasturias.com\\\/noticias\\\/category\\\/actualidad\\\/\",\"nextItem\":{\"@type\":\"ListItem\",\"@id\":\"https:\\\/\\\/www.eldigitaldeasturias.com\\\/noticias\\\/el-principal-grupo-judio-de-hungria-boicotea-los-actos-del-holocausto-2014\\\/#listItem\",\"name\":\"El principal grupo jud\\u00edo de Hungr\\u00eda boicotea los actos del Holocausto 2014\"},\"previousItem\":{\"@type\":\"ListItem\",\"@id\":\"https:\\\/\\\/www.eldigitaldeasturias.com\\\/noticias#listItem\",\"name\":\"Home\"}},{\"@type\":\"ListItem\",\"@id\":\"https:\\\/\\\/www.eldigitaldeasturias.com\\\/noticias\\\/el-principal-grupo-judio-de-hungria-boicotea-los-actos-del-holocausto-2014\\\/#listItem\",\"position\":3,\"name\":\"El principal grupo jud\\u00edo de Hungr\\u00eda boicotea los actos del Holocausto 2014\",\"previousItem\":{\"@type\":\"ListItem\",\"@id\":\"https:\\\/\\\/www.eldigitaldeasturias.com\\\/noticias\\\/category\\\/actualidad\\\/#listItem\",\"name\":\"Actualidad\"}}]},{\"@type\":\"Organization\",\"@id\":\"https:\\\/\\\/www.eldigitaldeasturias.com\\\/noticias\\\/#organization\",\"name\":\"El Digital de Asturias\",\"description\":\"Hemeroteca\",\"url\":\"https:\\\/\\\/www.eldigitaldeasturias.com\\\/noticias\\\/\",\"email\":\"info@eldigitaldeasturias.com\",\"telephone\":\"+34652131393\",\"logo\":{\"@type\":\"ImageObject\",\"url\":\"https:\\\/\\\/www.eldigitaldeasturias.com\\\/noticias\\\/wp-content\\\/uploads\\\/2020\\\/12\\\/EDA.jpg\",\"@id\":\"https:\\\/\\\/www.eldigitaldeasturias.com\\\/noticias\\\/el-principal-grupo-judio-de-hungria-boicotea-los-actos-del-holocausto-2014\\\/#organizationLogo\"},\"image\":{\"@id\":\"https:\\\/\\\/www.eldigitaldeasturias.com\\\/noticias\\\/el-principal-grupo-judio-de-hungria-boicotea-los-actos-del-holocausto-2014\\\/#organizationLogo\"},\"sameAs\":[\"https:\\\/\\\/facebook.com\\\/eldigitaldeasturias\",\"https:\\\/\\\/www.youtube.com\\\/channel\\\/UCZP-2wLEB9Rv6erhFmqVnvg\"],\"address\":{\"@id\":\"https:\\\/\\\/www.eldigitaldeasturias.com\\\/noticias\\\/#postaladdress\",\"@type\":\"PostalAddress\",\"streetAddress\":\"san antonio 4\",\"postalCode\":\"33430\",\"addressLocality\":\"Cand\\u00e1s\",\"addressRegion\":\"Asturias\",\"addressCountry\":\"ES\"}},{\"@type\":\"Person\",\"@id\":\"https:\\\/\\\/www.eldigitaldeasturias.com\\\/noticias\\\/author\\\/admin\\\/#author\",\"url\":\"https:\\\/\\\/www.eldigitaldeasturias.com\\\/noticias\\\/author\\\/admin\\\/\",\"name\":\"El Digital de Asturias\",\"image\":{\"@type\":\"ImageObject\",\"@id\":\"https:\\\/\\\/www.eldigitaldeasturias.com\\\/noticias\\\/el-principal-grupo-judio-de-hungria-boicotea-los-actos-del-holocausto-2014\\\/#authorImage\",\"url\":\"https:\\\/\\\/secure.gravatar.com\\\/avatar\\\/df2aeffc32bcd13f8d26072ef8a91b623d677766deac7f97ca815868cd41bf5e?s=96&d=mm&r=g\",\"width\":96,\"height\":96,\"caption\":\"El Digital de Asturias\"}},{\"@type\":\"WebPage\",\"@id\":\"https:\\\/\\\/www.eldigitaldeasturias.com\\\/noticias\\\/el-principal-grupo-judio-de-hungria-boicotea-los-actos-del-holocausto-2014\\\/#webpage\",\"url\":\"https:\\\/\\\/www.eldigitaldeasturias.com\\\/noticias\\\/el-principal-grupo-judio-de-hungria-boicotea-los-actos-del-holocausto-2014\\\/\",\"name\":\"El principal grupo jud\\u00edo de Hungr\\u00eda boicotea los actos del Holocausto 2014 - El Digital de Asturias\",\"description\":\"Budapest, 9 feb (EFE).- La principal organizaci\\u00f3n jud\\u00eda de Hungr\\u00eda decidi\\u00f3 hoy boicotear las conmemoraciones oficiales del 70 aniversario del comienzo del Holocausto jud\\u00edo en ese pa\\u00eds por una disputa con el Gobierno por un monumento que sugiere que Hungr\\u00eda solo fue v\\u00edctima del nazismo y no activo colaborador. Seg\\u00fan la instituci\\u00f3n que aglutina a\",\"inLanguage\":\"es-ES\",\"isPartOf\":{\"@id\":\"https:\\\/\\\/www.eldigitaldeasturias.com\\\/noticias\\\/#website\"},\"breadcrumb\":{\"@id\":\"https:\\\/\\\/www.eldigitaldeasturias.com\\\/noticias\\\/el-principal-grupo-judio-de-hungria-boicotea-los-actos-del-holocausto-2014\\\/#breadcrumblist\"},\"author\":{\"@id\":\"https:\\\/\\\/www.eldigitaldeasturias.com\\\/noticias\\\/author\\\/admin\\\/#author\"},\"creator\":{\"@id\":\"https:\\\/\\\/www.eldigitaldeasturias.com\\\/noticias\\\/author\\\/admin\\\/#author\"},\"image\":{\"@type\":\"ImageObject\",\"url\":487587,\"@id\":\"https:\\\/\\\/www.eldigitaldeasturias.com\\\/noticias\\\/el-principal-grupo-judio-de-hungria-boicotea-los-actos-del-holocausto-2014\\\/#mainImage\"},\"primaryImageOfPage\":{\"@id\":\"https:\\\/\\\/www.eldigitaldeasturias.com\\\/noticias\\\/el-principal-grupo-judio-de-hungria-boicotea-los-actos-del-holocausto-2014\\\/#mainImage\"},\"datePublished\":\"2014-02-09T22:53:45+01:00\",\"dateModified\":\"2014-02-09T22:53:45+01:00\"},{\"@type\":\"WebSite\",\"@id\":\"https:\\\/\\\/www.eldigitaldeasturias.com\\\/noticias\\\/#website\",\"url\":\"https:\\\/\\\/www.eldigitaldeasturias.com\\\/noticias\\\/\",\"name\":\"El Digital de Asturias - Diario de actualidad y noticias\",\"alternateName\":\"El Digital de Asturias - Diario de actualidad y noticias\",\"description\":\"Hemeroteca\",\"inLanguage\":\"es-ES\",\"publisher\":{\"@id\":\"https:\\\/\\\/www.eldigitaldeasturias.com\\\/noticias\\\/#organization\"}}]}\n\t\t<\/script>\n\t\t<!-- All in One SEO Pro -->\r\n\t\t<title>El principal grupo jud\u00edo de Hungr\u00eda boicotea los actos del Holocausto 2014 - El Digital de Asturias<\/title>\n\n","aioseo_head_json":{"title":"El principal grupo jud\u00edo de Hungr\u00eda boicotea los actos del Holocausto 2014 - El Digital de Asturias","description":"Budapest, 9 feb (EFE).- La principal organizaci\u00f3n jud\u00eda de Hungr\u00eda decidi\u00f3 hoy boicotear las conmemoraciones oficiales del 70 aniversario del comienzo del Holocausto jud\u00edo en ese pa\u00eds por una disputa con el Gobierno por un monumento que sugiere que Hungr\u00eda solo fue v\u00edctima del nazismo y no activo colaborador. Seg\u00fan la instituci\u00f3n que aglutina a","canonical_url":"https:\/\/www.eldigitaldeasturias.com\/noticias\/el-principal-grupo-judio-de-hungria-boicotea-los-actos-del-holocausto-2014\/","robots":"max-image-preview:large","keywords":"actualidad","webmasterTools":{"google-site-verification":"UA-38556648-1","msvalidate.01":"7dfe9f3f1b24437ab69f4f2559babe99","miscellaneous":""},"schema":{"@context":"https:\/\/schema.org","@graph":[{"@type":"BlogPosting","@id":"https:\/\/www.eldigitaldeasturias.com\/noticias\/el-principal-grupo-judio-de-hungria-boicotea-los-actos-del-holocausto-2014\/#blogposting","name":"El principal grupo jud\u00edo de Hungr\u00eda boicotea los actos del Holocausto 2014 - El Digital de Asturias","headline":"El principal grupo jud\u00edo de Hungr\u00eda boicotea los actos del Holocausto 2014","author":{"@id":"https:\/\/www.eldigitaldeasturias.com\/noticias\/author\/admin\/#author"},"publisher":{"@id":"https:\/\/www.eldigitaldeasturias.com\/noticias\/#organization"},"image":{"@type":"ImageObject","url":487587},"datePublished":"2014-02-09T22:53:45+01:00","dateModified":"2014-02-09T22:53:45+01:00","inLanguage":"es-ES","mainEntityOfPage":{"@id":"https:\/\/www.eldigitaldeasturias.com\/noticias\/el-principal-grupo-judio-de-hungria-boicotea-los-actos-del-holocausto-2014\/#webpage"},"isPartOf":{"@id":"https:\/\/www.eldigitaldeasturias.com\/noticias\/el-principal-grupo-judio-de-hungria-boicotea-los-actos-del-holocausto-2014\/#webpage"},"articleSection":"Actualidad"},{"@type":"BreadcrumbList","@id":"https:\/\/www.eldigitaldeasturias.com\/noticias\/el-principal-grupo-judio-de-hungria-boicotea-los-actos-del-holocausto-2014\/#breadcrumblist","itemListElement":[{"@type":"ListItem","@id":"https:\/\/www.eldigitaldeasturias.com\/noticias#listItem","position":1,"name":"Home","item":"https:\/\/www.eldigitaldeasturias.com\/noticias","nextItem":{"@type":"ListItem","@id":"https:\/\/www.eldigitaldeasturias.com\/noticias\/category\/actualidad\/#listItem","name":"Actualidad"}},{"@type":"ListItem","@id":"https:\/\/www.eldigitaldeasturias.com\/noticias\/category\/actualidad\/#listItem","position":2,"name":"Actualidad","item":"https:\/\/www.eldigitaldeasturias.com\/noticias\/category\/actualidad\/","nextItem":{"@type":"ListItem","@id":"https:\/\/www.eldigitaldeasturias.com\/noticias\/el-principal-grupo-judio-de-hungria-boicotea-los-actos-del-holocausto-2014\/#listItem","name":"El principal grupo jud\u00edo de Hungr\u00eda boicotea los actos del Holocausto 2014"},"previousItem":{"@type":"ListItem","@id":"https:\/\/www.eldigitaldeasturias.com\/noticias#listItem","name":"Home"}},{"@type":"ListItem","@id":"https:\/\/www.eldigitaldeasturias.com\/noticias\/el-principal-grupo-judio-de-hungria-boicotea-los-actos-del-holocausto-2014\/#listItem","position":3,"name":"El principal grupo jud\u00edo de Hungr\u00eda boicotea los actos del Holocausto 2014","previousItem":{"@type":"ListItem","@id":"https:\/\/www.eldigitaldeasturias.com\/noticias\/category\/actualidad\/#listItem","name":"Actualidad"}}]},{"@type":"Organization","@id":"https:\/\/www.eldigitaldeasturias.com\/noticias\/#organization","name":"El Digital de Asturias","description":"Hemeroteca","url":"https:\/\/www.eldigitaldeasturias.com\/noticias\/","email":"info@eldigitaldeasturias.com","telephone":"+34652131393","logo":{"@type":"ImageObject","url":"https:\/\/www.eldigitaldeasturias.com\/noticias\/wp-content\/uploads\/2020\/12\/EDA.jpg","@id":"https:\/\/www.eldigitaldeasturias.com\/noticias\/el-principal-grupo-judio-de-hungria-boicotea-los-actos-del-holocausto-2014\/#organizationLogo"},"image":{"@id":"https:\/\/www.eldigitaldeasturias.com\/noticias\/el-principal-grupo-judio-de-hungria-boicotea-los-actos-del-holocausto-2014\/#organizationLogo"},"sameAs":["https:\/\/facebook.com\/eldigitaldeasturias","https:\/\/www.youtube.com\/channel\/UCZP-2wLEB9Rv6erhFmqVnvg"],"address":{"@id":"https:\/\/www.eldigitaldeasturias.com\/noticias\/#postaladdress","@type":"PostalAddress","streetAddress":"san antonio 4","postalCode":"33430","addressLocality":"Cand\u00e1s","addressRegion":"Asturias","addressCountry":"ES"}},{"@type":"Person","@id":"https:\/\/www.eldigitaldeasturias.com\/noticias\/author\/admin\/#author","url":"https:\/\/www.eldigitaldeasturias.com\/noticias\/author\/admin\/","name":"El Digital de Asturias","image":{"@type":"ImageObject","@id":"https:\/\/www.eldigitaldeasturias.com\/noticias\/el-principal-grupo-judio-de-hungria-boicotea-los-actos-del-holocausto-2014\/#authorImage","url":"https:\/\/secure.gravatar.com\/avatar\/df2aeffc32bcd13f8d26072ef8a91b623d677766deac7f97ca815868cd41bf5e?s=96&d=mm&r=g","width":96,"height":96,"caption":"El Digital de Asturias"}},{"@type":"WebPage","@id":"https:\/\/www.eldigitaldeasturias.com\/noticias\/el-principal-grupo-judio-de-hungria-boicotea-los-actos-del-holocausto-2014\/#webpage","url":"https:\/\/www.eldigitaldeasturias.com\/noticias\/el-principal-grupo-judio-de-hungria-boicotea-los-actos-del-holocausto-2014\/","name":"El principal grupo jud\u00edo de Hungr\u00eda boicotea los actos del Holocausto 2014 - El Digital de Asturias","description":"Budapest, 9 feb (EFE).- La principal organizaci\u00f3n jud\u00eda de Hungr\u00eda decidi\u00f3 hoy boicotear las conmemoraciones oficiales del 70 aniversario del comienzo del Holocausto jud\u00edo en ese pa\u00eds por una disputa con el Gobierno por un monumento que sugiere que Hungr\u00eda solo fue v\u00edctima del nazismo y no activo colaborador. Seg\u00fan la instituci\u00f3n que aglutina a","inLanguage":"es-ES","isPartOf":{"@id":"https:\/\/www.eldigitaldeasturias.com\/noticias\/#website"},"breadcrumb":{"@id":"https:\/\/www.eldigitaldeasturias.com\/noticias\/el-principal-grupo-judio-de-hungria-boicotea-los-actos-del-holocausto-2014\/#breadcrumblist"},"author":{"@id":"https:\/\/www.eldigitaldeasturias.com\/noticias\/author\/admin\/#author"},"creator":{"@id":"https:\/\/www.eldigitaldeasturias.com\/noticias\/author\/admin\/#author"},"image":{"@type":"ImageObject","url":487587,"@id":"https:\/\/www.eldigitaldeasturias.com\/noticias\/el-principal-grupo-judio-de-hungria-boicotea-los-actos-del-holocausto-2014\/#mainImage"},"primaryImageOfPage":{"@id":"https:\/\/www.eldigitaldeasturias.com\/noticias\/el-principal-grupo-judio-de-hungria-boicotea-los-actos-del-holocausto-2014\/#mainImage"},"datePublished":"2014-02-09T22:53:45+01:00","dateModified":"2014-02-09T22:53:45+01:00"},{"@type":"WebSite","@id":"https:\/\/www.eldigitaldeasturias.com\/noticias\/#website","url":"https:\/\/www.eldigitaldeasturias.com\/noticias\/","name":"El Digital de Asturias - Diario de actualidad y noticias","alternateName":"El Digital de Asturias - Diario de actualidad y noticias","description":"Hemeroteca","inLanguage":"es-ES","publisher":{"@id":"https:\/\/www.eldigitaldeasturias.com\/noticias\/#organization"}}]},"og:locale":"es_ES","og:site_name":"El Digital de Asturias","og:type":"article","og:title":"El principal grupo jud\u00edo de Hungr\u00eda boicotea los actos del Holocausto 2014 - El Digital de Asturias","og:description":"Budapest, 9 feb (EFE).- La principal organizaci\u00f3n jud\u00eda de Hungr\u00eda decidi\u00f3 hoy boicotear las conmemoraciones oficiales del 70 aniversario del comienzo del Holocausto jud\u00edo en ese pa\u00eds por una disputa con el Gobierno por un monumento que sugiere que Hungr\u00eda solo fue v\u00edctima del nazismo y no activo colaborador. Seg\u00fan la instituci\u00f3n que aglutina a","og:url":"https:\/\/www.eldigitaldeasturias.com\/noticias\/el-principal-grupo-judio-de-hungria-boicotea-los-actos-del-holocausto-2014\/","article:tag":["actualidad"],"article:published_time":"2014-02-09T23:53:45+00:00","article:modified_time":"2014-02-09T23:53:45+00:00","article:publisher":"https:\/\/facebook.com\/eldigitaldeasturias","twitter:card":"summary_large_image","twitter:title":"El principal grupo jud\u00edo de Hungr\u00eda boicotea los actos del Holocausto 2014 - El Digital de Asturias","twitter:description":"Budapest, 9 feb (EFE).- La principal organizaci\u00f3n jud\u00eda de Hungr\u00eda decidi\u00f3 hoy boicotear las conmemoraciones oficiales del 70 aniversario del comienzo del Holocausto jud\u00edo en ese pa\u00eds por una disputa con el Gobierno por un monumento que sugiere que Hungr\u00eda solo fue v\u00edctima del nazismo y no activo colaborador. Seg\u00fan la instituci\u00f3n que aglutina a","twitter:label1":"Escrito por","twitter:data1":"El Digital de Asturias","twitter:label2":"Tiempo de lectura estimado","twitter:data2":"2 minutos"},"aioseo_meta_data":{"post_id":"487586","title":null,"description":null,"keywords":null,"keyphrases":null,"primary_term":null,"canonical_url":null,"og_title":null,"og_description":null,"og_object_type":"default","og_image_type":"default","og_image_url":null,"og_image_width":null,"og_image_height":null,"og_image_custom_url":null,"og_image_custom_fields":null,"og_video":null,"og_custom_url":null,"og_article_section":null,"og_article_tags":null,"twitter_use_og":true,"twitter_card":"default","twitter_image_type":"default","twitter_image_url":null,"twitter_image_custom_url":null,"twitter_image_custom_fields":null,"twitter_title":null,"twitter_description":null,"schema":{"blockGraphs":[],"customGraphs":[],"default":{"data":{"Article":[],"Course":[],"Dataset":[],"FAQPage":[],"Movie":[],"Person":[],"Product":[],"ProductReview":[],"Car":[],"Recipe":[],"Service":[],"SoftwareApplication":[],"WebPage":[]},"graphName":"","isEnabled":true},"graphs":[],"defaultGraph":"","defaultPostTypeGraph":""},"schema_type":null,"schema_type_options":null,"pillar_content":false,"robots_default":true,"robots_noindex":false,"robots_noarchive":false,"robots_nosnippet":false,"robots_nofollow":false,"robots_noimageindex":false,"robots_noodp":false,"robots_notranslate":false,"robots_max_snippet":null,"robots_max_videopreview":null,"robots_max_imagepreview":"none","priority":null,"frequency":null,"local_seo":null,"seo_analyzer_scan_date":"2026-06-03 05:11:48","breadcrumb_settings":null,"limit_modified_date":false,"open_ai":null,"ai":null,"created":"2020-11-14 22:56:26","updated":"2026-06-03 05:11:48","focus_keyword":null,"additional_keywords":null,"truseo_locale":null},"aioseo_breadcrumb":"<div class=\"aioseo-breadcrumbs\"><span class=\"aioseo-breadcrumb\">\n\t<a href=\"https:\/\/www.eldigitaldeasturias.com\/noticias\" title=\"Home\">Home<\/a>\n<\/span><span class=\"aioseo-breadcrumb-separator\">\u2013<\/span><span class=\"aioseo-breadcrumb\">\n\t<a href=\"https:\/\/www.eldigitaldeasturias.com\/noticias\/category\/actualidad\/\" title=\"Actualidad\">Actualidad<\/a>\n<\/span><span class=\"aioseo-breadcrumb-separator\">\u2013<\/span><span class=\"aioseo-breadcrumb\">\n\t<a href=\"https:\/\/www.eldigitaldeasturias.com\/noticias\/el-principal-grupo-judio-de-hungria-boicotea-los-actos-del-holocausto-2014\/\" title=\"El principal grupo jud\u00edo de Hungr\u00eda boicotea los actos del Holocausto 2014\">El principal grupo jud\u00edo de Hungr\u00eda boicotea los actos del Holocausto 2014<\/a>\n<\/span><\/div>","aioseo_breadcrumb_json":[{"label":"Home","link":"https:\/\/www.eldigitaldeasturias.com\/noticias"},{"label":"Actualidad","link":"https:\/\/www.eldigitaldeasturias.com\/noticias\/category\/actualidad\/"},{"label":"El principal grupo jud\u00edo de Hungr\u00eda boicotea los actos del Holocausto 2014","link":"https:\/\/www.eldigitaldeasturias.com\/noticias\/el-principal-grupo-judio-de-hungria-boicotea-los-actos-del-holocausto-2014\/"}],"_links":{"self":[{"href":"https:\/\/www.eldigitaldeasturias.com\/noticias\/wp-json\/wp\/v2\/posts\/487586","targetHints":{"allow":["GET"]}}],"collection":[{"href":"https:\/\/www.eldigitaldeasturias.com\/noticias\/wp-json\/wp\/v2\/posts"}],"about":[{"href":"https:\/\/www.eldigitaldeasturias.com\/noticias\/wp-json\/wp\/v2\/types\/post"}],"author":[{"embeddable":true,"href":"https:\/\/www.eldigitaldeasturias.com\/noticias\/wp-json\/wp\/v2\/users\/1"}],"replies":[{"embeddable":true,"href":"https:\/\/www.eldigitaldeasturias.com\/noticias\/wp-json\/wp\/v2\/comments?post=487586"}],"version-history":[{"count":0,"href":"https:\/\/www.eldigitaldeasturias.com\/noticias\/wp-json\/wp\/v2\/posts\/487586\/revisions"}],"wp:attachment":[{"href":"https:\/\/www.eldigitaldeasturias.com\/noticias\/wp-json\/wp\/v2\/media?parent=487586"}],"wp:term":[{"taxonomy":"category","embeddable":true,"href":"https:\/\/www.eldigitaldeasturias.com\/noticias\/wp-json\/wp\/v2\/categories?post=487586"},{"taxonomy":"post_tag","embeddable":true,"href":"https:\/\/www.eldigitaldeasturias.com\/noticias\/wp-json\/wp\/v2\/tags?post=487586"}],"curies":[{"name":"wp","href":"https:\/\/api.w.org\/{rel}","templated":true}]}}