{"id":487574,"date":"2014-02-09T22:49:59","date_gmt":"2014-02-09T23:49:59","guid":{"rendered":"http:\/\/www.eldigitaldeasturias.com\/noticias\/?p=487574"},"modified":"2014-02-09T22:49:59","modified_gmt":"2014-02-09T23:49:59","slug":"elena-valenciano-sera-la-cabeza-de-lista-del-psoe-a-las-elecciones-europeas","status":"publish","type":"post","link":"https:\/\/www.eldigitaldeasturias.com\/noticias\/elena-valenciano-sera-la-cabeza-de-lista-del-psoe-a-las-elecciones-europeas\/","title":{"rendered":"Elena Valenciano ser\u00e1 la cabeza de lista del PSOE a las elecciones europeas"},"content":{"rendered":"<p><img loading=\"lazy\" decoding=\"async\" class=\"alignleft size-medium wp-image-487575\" alt=\"5925993w\" src=\"https:\/\/www.eldigitaldeasturias.com\/noticias\/wp-content\/uploads\/2014\/02\/5925993w-360x223.jpg\" width=\"360\" height=\"223\" \/>Madrid, 9 feb (EFE).- La vicesecretaria general del PSOE, Elena Valenciano, encabezar\u00e1 la candidatura socialista a las elecciones europeas de mayo, a expensas de que su designaci\u00f3n sea ratificada por el Comit\u00e9 Federal del partido en marzo.<\/p>\n<p>Seg\u00fan han informado hoy a Efe fuentes socialistas, el secretario general del PSOE, Alfredo P\u00e9rez Rubalcaba, presentar\u00e1 ma\u00f1ana a la Ejecutiva Federal la propuesta para que Valenciano sea la \u00abn\u00famero uno\u00bb a los comicios de mayo, los primeros de \u00e1mbito nacional tras las generales de 2011.<\/p>\n<p>Despu\u00e9s, en marzo, el Comit\u00e9 Federal aprobar\u00e1 la lista completa, que probablemente incluir\u00e1 nombres como los de Ram\u00f3n J\u00e1uregui, Juan Fernando L\u00f3pez Aguilar, Jos\u00e9 Blanco, Sergio Guti\u00e9rrez o Carmen Romero.<\/p>\n<p>Rubalcaba ha hablado en los \u00faltimos d\u00edas con los secretarios generales del PSOE de todas las federaciones, que han acogido con buenos ojos la propuesta, de acuerdo con las fuentes, que interpretan que hay un \u00abapoyo un\u00e1nime\u00bb a la elecci\u00f3n de Elena Valenciano.<\/p>\n<p>Con la presencia de Valenciano al frente de la candidatura europea los socialistas consideran que dan \u00abla m\u00e1xima relevancia\u00bb a estas elecciones, convencidos de la \u00abextraordinaria importancia\u00bb que van a tener estos comicios para el futuro de Espa\u00f1a y de Europa.<\/p>\n<p>Adem\u00e1s, se\u00f1alan las fuentes, la designaci\u00f3n de Valenciano demuestra la apuesta de Rubalcaba para ganarle al PP en las primeras elecciones nacionales desde el 20-N.<\/p>\n<p>El PSOE sigue la estela de otros grandes partidos socialdem\u00f3cratas que han puesto al frente de sus listas para las europeas de mayo a personalidades muy destacadas, como el propio secretario general de los socialistas franceses, Harlem Desir, o el presidente del Parlamento Europeo, Martin Schulz, candidato del SPD y cabeza de lista del PES.<\/p>\n<p>Valenciano ya es vicepresidenta primera del PES y su objetivo -aseguran las fuentes- es \u00abganar la batalla ideol\u00f3gica a la derecha y cambiar Europa para cambiar Espa\u00f1a\u00bb.<\/p>\n<p>La vicesecretaria general del PSOE, que ya fue eurodiputada entre 1999 y 2008, tambi\u00e9n es la encargada de las relaciones europeas e internacionales, responsabilidad que mantendr\u00e1 hasta el pr\u00f3ximo congreso federal del partido.<\/p>\n","protected":false},"excerpt":{"rendered":"<p>Madrid, 9 feb (EFE).- La vicesecretaria general del PSOE, Elena Valenciano, encabezar\u00e1 la candidatura socialista a las elecciones europeas de mayo, a expensas de que su designaci\u00f3n sea ratificada por el Comit\u00e9 Federal del partido en marzo. Seg\u00fan han informado hoy a Efe fuentes socialistas, el secretario general del PSOE, Alfredo P\u00e9rez Rubalcaba, presentar\u00e1 ma\u00f1ana [&hellip;]<\/p>\n","protected":false},"author":1,"featured_media":487575,"comment_status":"open","ping_status":"open","sticky":false,"template":"","format":"standard","meta":{"footnotes":""},"categories":[1],"tags":[],"class_list":["post-487574","post","type-post","status-publish","format-standard","has-post-thumbnail","hentry","category-actualidad"],"aioseo_notices":[],"aioseo_head":"\n\t\t<!-- All in One SEO Pro 5.0.1 - aioseo.com -->\n\t<meta name=\"description\" content=\"Madrid, 9 feb (EFE).- La vicesecretaria general del PSOE, Elena Valenciano, encabezar\u00e1 la candidatura socialista a las elecciones europeas de mayo, a expensas de que su designaci\u00f3n sea ratificada por el Comit\u00e9 Federal del partido en marzo. Seg\u00fan han informado hoy a Efe fuentes socialistas, el secretario general del PSOE, Alfredo P\u00e9rez Rubalcaba, presentar\u00e1 ma\u00f1ana\" \/>\n\t<meta name=\"robots\" content=\"max-image-preview:large\" \/>\n\t<meta name=\"author\" content=\"El Digital de Asturias\"\/>\n\t<meta name=\"google-site-verification\" content=\"UA-38556648-1\" \/>\n\t<meta name=\"msvalidate.01\" content=\"7dfe9f3f1b24437ab69f4f2559babe99\" \/>\n\t<meta name=\"keywords\" content=\"actualidad\" \/>\n\t<link rel=\"canonical\" href=\"https:\/\/www.eldigitaldeasturias.com\/noticias\/elena-valenciano-sera-la-cabeza-de-lista-del-psoe-a-las-elecciones-europeas\/\" \/>\n\t<meta name=\"generator\" content=\"All in One SEO Pro (AIOSEO) 5.0.1\" \/>\n\t\t<meta property=\"og:locale\" content=\"es_ES\" \/>\n\t\t<meta property=\"og:site_name\" content=\"El Digital de Asturias\" \/>\n\t\t<meta property=\"og:type\" content=\"article\" \/>\n\t\t<meta property=\"og:title\" content=\"Elena Valenciano ser\u00e1 la cabeza de lista del PSOE a las elecciones europeas - El Digital de Asturias\" \/>\n\t\t<meta property=\"og:description\" content=\"Madrid, 9 feb (EFE).- La vicesecretaria general del PSOE, Elena Valenciano, encabezar\u00e1 la candidatura socialista a las elecciones europeas de mayo, a expensas de que su designaci\u00f3n sea ratificada por el Comit\u00e9 Federal del partido en marzo. Seg\u00fan han informado hoy a Efe fuentes socialistas, el secretario general del PSOE, Alfredo P\u00e9rez Rubalcaba, presentar\u00e1 ma\u00f1ana\" \/>\n\t\t<meta property=\"og:url\" content=\"https:\/\/www.eldigitaldeasturias.com\/noticias\/elena-valenciano-sera-la-cabeza-de-lista-del-psoe-a-las-elecciones-europeas\/\" \/>\n\t\t<meta property=\"article:tag\" content=\"actualidad\" \/>\n\t\t<meta property=\"article:published_time\" content=\"2014-02-09T23:49:59+00:00\" \/>\n\t\t<meta property=\"article:modified_time\" content=\"2014-02-09T23:49:59+00:00\" \/>\n\t\t<meta property=\"article:publisher\" content=\"https:\/\/facebook.com\/eldigitaldeasturias\" \/>\n\t\t<meta name=\"twitter:card\" content=\"summary_large_image\" \/>\n\t\t<meta name=\"twitter:title\" content=\"Elena Valenciano ser\u00e1 la cabeza de lista del PSOE a las elecciones europeas - El Digital de Asturias\" \/>\n\t\t<meta name=\"twitter:description\" content=\"Madrid, 9 feb (EFE).- La vicesecretaria general del PSOE, Elena Valenciano, encabezar\u00e1 la candidatura socialista a las elecciones europeas de mayo, a expensas de que su designaci\u00f3n sea ratificada por el Comit\u00e9 Federal del partido en marzo. Seg\u00fan han informado hoy a Efe fuentes socialistas, el secretario general del PSOE, Alfredo P\u00e9rez Rubalcaba, presentar\u00e1 ma\u00f1ana\" \/>\n\t\t<meta name=\"twitter:label1\" content=\"Escrito por\" \/>\n\t\t<meta name=\"twitter:data1\" content=\"El Digital de Asturias\" \/>\n\t\t<meta name=\"twitter:label2\" content=\"Tiempo de lectura estimado\" \/>\n\t\t<meta name=\"twitter:data2\" content=\"2 minutos\" \/>\n\t\t<script type=\"application\/ld+json\" class=\"aioseo-schema\">\n\t\t\t{\"@context\":\"https:\\\/\\\/schema.org\",\"@graph\":[{\"@type\":\"BlogPosting\",\"@id\":\"https:\\\/\\\/www.eldigitaldeasturias.com\\\/noticias\\\/elena-valenciano-sera-la-cabeza-de-lista-del-psoe-a-las-elecciones-europeas\\\/#blogposting\",\"name\":\"Elena Valenciano ser\\u00e1 la cabeza de lista del PSOE a las elecciones europeas - El Digital de Asturias\",\"headline\":\"Elena Valenciano ser\\u00e1 la cabeza de lista del PSOE a las elecciones europeas\",\"author\":{\"@id\":\"https:\\\/\\\/www.eldigitaldeasturias.com\\\/noticias\\\/author\\\/admin\\\/#author\"},\"publisher\":{\"@id\":\"https:\\\/\\\/www.eldigitaldeasturias.com\\\/noticias\\\/#organization\"},\"image\":{\"@type\":\"ImageObject\",\"url\":487575},\"datePublished\":\"2014-02-09T22:49:59+01:00\",\"dateModified\":\"2014-02-09T22:49:59+01:00\",\"inLanguage\":\"es-ES\",\"mainEntityOfPage\":{\"@id\":\"https:\\\/\\\/www.eldigitaldeasturias.com\\\/noticias\\\/elena-valenciano-sera-la-cabeza-de-lista-del-psoe-a-las-elecciones-europeas\\\/#webpage\"},\"isPartOf\":{\"@id\":\"https:\\\/\\\/www.eldigitaldeasturias.com\\\/noticias\\\/elena-valenciano-sera-la-cabeza-de-lista-del-psoe-a-las-elecciones-europeas\\\/#webpage\"},\"articleSection\":\"Actualidad\"},{\"@type\":\"BreadcrumbList\",\"@id\":\"https:\\\/\\\/www.eldigitaldeasturias.com\\\/noticias\\\/elena-valenciano-sera-la-cabeza-de-lista-del-psoe-a-las-elecciones-europeas\\\/#breadcrumblist\",\"itemListElement\":[{\"@type\":\"ListItem\",\"@id\":\"https:\\\/\\\/www.eldigitaldeasturias.com\\\/noticias#listItem\",\"position\":1,\"name\":\"Home\",\"item\":\"https:\\\/\\\/www.eldigitaldeasturias.com\\\/noticias\",\"nextItem\":{\"@type\":\"ListItem\",\"@id\":\"https:\\\/\\\/www.eldigitaldeasturias.com\\\/noticias\\\/category\\\/actualidad\\\/#listItem\",\"name\":\"Actualidad\"}},{\"@type\":\"ListItem\",\"@id\":\"https:\\\/\\\/www.eldigitaldeasturias.com\\\/noticias\\\/category\\\/actualidad\\\/#listItem\",\"position\":2,\"name\":\"Actualidad\",\"item\":\"https:\\\/\\\/www.eldigitaldeasturias.com\\\/noticias\\\/category\\\/actualidad\\\/\",\"nextItem\":{\"@type\":\"ListItem\",\"@id\":\"https:\\\/\\\/www.eldigitaldeasturias.com\\\/noticias\\\/elena-valenciano-sera-la-cabeza-de-lista-del-psoe-a-las-elecciones-europeas\\\/#listItem\",\"name\":\"Elena Valenciano ser\\u00e1 la cabeza de lista del PSOE a las elecciones europeas\"},\"previousItem\":{\"@type\":\"ListItem\",\"@id\":\"https:\\\/\\\/www.eldigitaldeasturias.com\\\/noticias#listItem\",\"name\":\"Home\"}},{\"@type\":\"ListItem\",\"@id\":\"https:\\\/\\\/www.eldigitaldeasturias.com\\\/noticias\\\/elena-valenciano-sera-la-cabeza-de-lista-del-psoe-a-las-elecciones-europeas\\\/#listItem\",\"position\":3,\"name\":\"Elena Valenciano ser\\u00e1 la cabeza de lista del PSOE a las elecciones europeas\",\"previousItem\":{\"@type\":\"ListItem\",\"@id\":\"https:\\\/\\\/www.eldigitaldeasturias.com\\\/noticias\\\/category\\\/actualidad\\\/#listItem\",\"name\":\"Actualidad\"}}]},{\"@type\":\"Organization\",\"@id\":\"https:\\\/\\\/www.eldigitaldeasturias.com\\\/noticias\\\/#organization\",\"name\":\"El Digital de Asturias\",\"description\":\"Hemeroteca\",\"url\":\"https:\\\/\\\/www.eldigitaldeasturias.com\\\/noticias\\\/\",\"email\":\"info@eldigitaldeasturias.com\",\"telephone\":\"+34652131393\",\"logo\":{\"@type\":\"ImageObject\",\"url\":\"https:\\\/\\\/www.eldigitaldeasturias.com\\\/noticias\\\/wp-content\\\/uploads\\\/2020\\\/12\\\/EDA.jpg\",\"@id\":\"https:\\\/\\\/www.eldigitaldeasturias.com\\\/noticias\\\/elena-valenciano-sera-la-cabeza-de-lista-del-psoe-a-las-elecciones-europeas\\\/#organizationLogo\"},\"image\":{\"@id\":\"https:\\\/\\\/www.eldigitaldeasturias.com\\\/noticias\\\/elena-valenciano-sera-la-cabeza-de-lista-del-psoe-a-las-elecciones-europeas\\\/#organizationLogo\"},\"sameAs\":[\"https:\\\/\\\/facebook.com\\\/eldigitaldeasturias\",\"https:\\\/\\\/www.youtube.com\\\/channel\\\/UCZP-2wLEB9Rv6erhFmqVnvg\"],\"address\":{\"@id\":\"https:\\\/\\\/www.eldigitaldeasturias.com\\\/noticias\\\/#postaladdress\",\"@type\":\"PostalAddress\",\"streetAddress\":\"san antonio 4\",\"postalCode\":\"33430\",\"addressLocality\":\"Cand\\u00e1s\",\"addressRegion\":\"Asturias\",\"addressCountry\":\"ES\"}},{\"@type\":\"Person\",\"@id\":\"https:\\\/\\\/www.eldigitaldeasturias.com\\\/noticias\\\/author\\\/admin\\\/#author\",\"url\":\"https:\\\/\\\/www.eldigitaldeasturias.com\\\/noticias\\\/author\\\/admin\\\/\",\"name\":\"El Digital de Asturias\",\"image\":{\"@type\":\"ImageObject\",\"@id\":\"https:\\\/\\\/www.eldigitaldeasturias.com\\\/noticias\\\/elena-valenciano-sera-la-cabeza-de-lista-del-psoe-a-las-elecciones-europeas\\\/#authorImage\",\"url\":\"https:\\\/\\\/secure.gravatar.com\\\/avatar\\\/df2aeffc32bcd13f8d26072ef8a91b623d677766deac7f97ca815868cd41bf5e?s=96&d=mm&r=g\",\"width\":96,\"height\":96,\"caption\":\"El Digital de Asturias\"}},{\"@type\":\"WebPage\",\"@id\":\"https:\\\/\\\/www.eldigitaldeasturias.com\\\/noticias\\\/elena-valenciano-sera-la-cabeza-de-lista-del-psoe-a-las-elecciones-europeas\\\/#webpage\",\"url\":\"https:\\\/\\\/www.eldigitaldeasturias.com\\\/noticias\\\/elena-valenciano-sera-la-cabeza-de-lista-del-psoe-a-las-elecciones-europeas\\\/\",\"name\":\"Elena Valenciano ser\\u00e1 la cabeza de lista del PSOE a las elecciones europeas - El Digital de Asturias\",\"description\":\"Madrid, 9 feb (EFE).- La vicesecretaria general del PSOE, Elena Valenciano, encabezar\\u00e1 la candidatura socialista a las elecciones europeas de mayo, a expensas de que su designaci\\u00f3n sea ratificada por el Comit\\u00e9 Federal del partido en marzo. Seg\\u00fan han informado hoy a Efe fuentes socialistas, el secretario general del PSOE, Alfredo P\\u00e9rez Rubalcaba, presentar\\u00e1 ma\\u00f1ana\",\"inLanguage\":\"es-ES\",\"isPartOf\":{\"@id\":\"https:\\\/\\\/www.eldigitaldeasturias.com\\\/noticias\\\/#website\"},\"breadcrumb\":{\"@id\":\"https:\\\/\\\/www.eldigitaldeasturias.com\\\/noticias\\\/elena-valenciano-sera-la-cabeza-de-lista-del-psoe-a-las-elecciones-europeas\\\/#breadcrumblist\"},\"author\":{\"@id\":\"https:\\\/\\\/www.eldigitaldeasturias.com\\\/noticias\\\/author\\\/admin\\\/#author\"},\"creator\":{\"@id\":\"https:\\\/\\\/www.eldigitaldeasturias.com\\\/noticias\\\/author\\\/admin\\\/#author\"},\"image\":{\"@type\":\"ImageObject\",\"url\":487575,\"@id\":\"https:\\\/\\\/www.eldigitaldeasturias.com\\\/noticias\\\/elena-valenciano-sera-la-cabeza-de-lista-del-psoe-a-las-elecciones-europeas\\\/#mainImage\"},\"primaryImageOfPage\":{\"@id\":\"https:\\\/\\\/www.eldigitaldeasturias.com\\\/noticias\\\/elena-valenciano-sera-la-cabeza-de-lista-del-psoe-a-las-elecciones-europeas\\\/#mainImage\"},\"datePublished\":\"2014-02-09T22:49:59+01:00\",\"dateModified\":\"2014-02-09T22:49:59+01:00\"},{\"@type\":\"WebSite\",\"@id\":\"https:\\\/\\\/www.eldigitaldeasturias.com\\\/noticias\\\/#website\",\"url\":\"https:\\\/\\\/www.eldigitaldeasturias.com\\\/noticias\\\/\",\"name\":\"El Digital de Asturias - Diario de actualidad y noticias\",\"alternateName\":\"El Digital de Asturias - Diario de actualidad y noticias\",\"description\":\"Hemeroteca\",\"inLanguage\":\"es-ES\",\"publisher\":{\"@id\":\"https:\\\/\\\/www.eldigitaldeasturias.com\\\/noticias\\\/#organization\"}}]}\n\t\t<\/script>\n\t\t<!-- All in One SEO Pro -->\r\n\t\t<title>Elena Valenciano ser\u00e1 la cabeza de lista del PSOE a las elecciones europeas - El Digital de Asturias<\/title>\n\n","aioseo_head_json":{"title":"Elena Valenciano ser\u00e1 la cabeza de lista del PSOE a las elecciones europeas - El Digital de Asturias","description":"Madrid, 9 feb (EFE).- La vicesecretaria general del PSOE, Elena Valenciano, encabezar\u00e1 la candidatura socialista a las elecciones europeas de mayo, a expensas de que su designaci\u00f3n sea ratificada por el Comit\u00e9 Federal del partido en marzo. Seg\u00fan han informado hoy a Efe fuentes socialistas, el secretario general del PSOE, Alfredo P\u00e9rez Rubalcaba, presentar\u00e1 ma\u00f1ana","canonical_url":"https:\/\/www.eldigitaldeasturias.com\/noticias\/elena-valenciano-sera-la-cabeza-de-lista-del-psoe-a-las-elecciones-europeas\/","robots":"max-image-preview:large","keywords":"actualidad","webmasterTools":{"google-site-verification":"UA-38556648-1","msvalidate.01":"7dfe9f3f1b24437ab69f4f2559babe99","miscellaneous":""},"schema":{"@context":"https:\/\/schema.org","@graph":[{"@type":"BlogPosting","@id":"https:\/\/www.eldigitaldeasturias.com\/noticias\/elena-valenciano-sera-la-cabeza-de-lista-del-psoe-a-las-elecciones-europeas\/#blogposting","name":"Elena Valenciano ser\u00e1 la cabeza de lista del PSOE a las elecciones europeas - El Digital de Asturias","headline":"Elena Valenciano ser\u00e1 la cabeza de lista del PSOE a las elecciones europeas","author":{"@id":"https:\/\/www.eldigitaldeasturias.com\/noticias\/author\/admin\/#author"},"publisher":{"@id":"https:\/\/www.eldigitaldeasturias.com\/noticias\/#organization"},"image":{"@type":"ImageObject","url":487575},"datePublished":"2014-02-09T22:49:59+01:00","dateModified":"2014-02-09T22:49:59+01:00","inLanguage":"es-ES","mainEntityOfPage":{"@id":"https:\/\/www.eldigitaldeasturias.com\/noticias\/elena-valenciano-sera-la-cabeza-de-lista-del-psoe-a-las-elecciones-europeas\/#webpage"},"isPartOf":{"@id":"https:\/\/www.eldigitaldeasturias.com\/noticias\/elena-valenciano-sera-la-cabeza-de-lista-del-psoe-a-las-elecciones-europeas\/#webpage"},"articleSection":"Actualidad"},{"@type":"BreadcrumbList","@id":"https:\/\/www.eldigitaldeasturias.com\/noticias\/elena-valenciano-sera-la-cabeza-de-lista-del-psoe-a-las-elecciones-europeas\/#breadcrumblist","itemListElement":[{"@type":"ListItem","@id":"https:\/\/www.eldigitaldeasturias.com\/noticias#listItem","position":1,"name":"Home","item":"https:\/\/www.eldigitaldeasturias.com\/noticias","nextItem":{"@type":"ListItem","@id":"https:\/\/www.eldigitaldeasturias.com\/noticias\/category\/actualidad\/#listItem","name":"Actualidad"}},{"@type":"ListItem","@id":"https:\/\/www.eldigitaldeasturias.com\/noticias\/category\/actualidad\/#listItem","position":2,"name":"Actualidad","item":"https:\/\/www.eldigitaldeasturias.com\/noticias\/category\/actualidad\/","nextItem":{"@type":"ListItem","@id":"https:\/\/www.eldigitaldeasturias.com\/noticias\/elena-valenciano-sera-la-cabeza-de-lista-del-psoe-a-las-elecciones-europeas\/#listItem","name":"Elena Valenciano ser\u00e1 la cabeza de lista del PSOE a las elecciones europeas"},"previousItem":{"@type":"ListItem","@id":"https:\/\/www.eldigitaldeasturias.com\/noticias#listItem","name":"Home"}},{"@type":"ListItem","@id":"https:\/\/www.eldigitaldeasturias.com\/noticias\/elena-valenciano-sera-la-cabeza-de-lista-del-psoe-a-las-elecciones-europeas\/#listItem","position":3,"name":"Elena Valenciano ser\u00e1 la cabeza de lista del PSOE a las elecciones europeas","previousItem":{"@type":"ListItem","@id":"https:\/\/www.eldigitaldeasturias.com\/noticias\/category\/actualidad\/#listItem","name":"Actualidad"}}]},{"@type":"Organization","@id":"https:\/\/www.eldigitaldeasturias.com\/noticias\/#organization","name":"El Digital de Asturias","description":"Hemeroteca","url":"https:\/\/www.eldigitaldeasturias.com\/noticias\/","email":"info@eldigitaldeasturias.com","telephone":"+34652131393","logo":{"@type":"ImageObject","url":"https:\/\/www.eldigitaldeasturias.com\/noticias\/wp-content\/uploads\/2020\/12\/EDA.jpg","@id":"https:\/\/www.eldigitaldeasturias.com\/noticias\/elena-valenciano-sera-la-cabeza-de-lista-del-psoe-a-las-elecciones-europeas\/#organizationLogo"},"image":{"@id":"https:\/\/www.eldigitaldeasturias.com\/noticias\/elena-valenciano-sera-la-cabeza-de-lista-del-psoe-a-las-elecciones-europeas\/#organizationLogo"},"sameAs":["https:\/\/facebook.com\/eldigitaldeasturias","https:\/\/www.youtube.com\/channel\/UCZP-2wLEB9Rv6erhFmqVnvg"],"address":{"@id":"https:\/\/www.eldigitaldeasturias.com\/noticias\/#postaladdress","@type":"PostalAddress","streetAddress":"san antonio 4","postalCode":"33430","addressLocality":"Cand\u00e1s","addressRegion":"Asturias","addressCountry":"ES"}},{"@type":"Person","@id":"https:\/\/www.eldigitaldeasturias.com\/noticias\/author\/admin\/#author","url":"https:\/\/www.eldigitaldeasturias.com\/noticias\/author\/admin\/","name":"El Digital de Asturias","image":{"@type":"ImageObject","@id":"https:\/\/www.eldigitaldeasturias.com\/noticias\/elena-valenciano-sera-la-cabeza-de-lista-del-psoe-a-las-elecciones-europeas\/#authorImage","url":"https:\/\/secure.gravatar.com\/avatar\/df2aeffc32bcd13f8d26072ef8a91b623d677766deac7f97ca815868cd41bf5e?s=96&d=mm&r=g","width":96,"height":96,"caption":"El Digital de Asturias"}},{"@type":"WebPage","@id":"https:\/\/www.eldigitaldeasturias.com\/noticias\/elena-valenciano-sera-la-cabeza-de-lista-del-psoe-a-las-elecciones-europeas\/#webpage","url":"https:\/\/www.eldigitaldeasturias.com\/noticias\/elena-valenciano-sera-la-cabeza-de-lista-del-psoe-a-las-elecciones-europeas\/","name":"Elena Valenciano ser\u00e1 la cabeza de lista del PSOE a las elecciones europeas - El Digital de Asturias","description":"Madrid, 9 feb (EFE).- La vicesecretaria general del PSOE, Elena Valenciano, encabezar\u00e1 la candidatura socialista a las elecciones europeas de mayo, a expensas de que su designaci\u00f3n sea ratificada por el Comit\u00e9 Federal del partido en marzo. Seg\u00fan han informado hoy a Efe fuentes socialistas, el secretario general del PSOE, Alfredo P\u00e9rez Rubalcaba, presentar\u00e1 ma\u00f1ana","inLanguage":"es-ES","isPartOf":{"@id":"https:\/\/www.eldigitaldeasturias.com\/noticias\/#website"},"breadcrumb":{"@id":"https:\/\/www.eldigitaldeasturias.com\/noticias\/elena-valenciano-sera-la-cabeza-de-lista-del-psoe-a-las-elecciones-europeas\/#breadcrumblist"},"author":{"@id":"https:\/\/www.eldigitaldeasturias.com\/noticias\/author\/admin\/#author"},"creator":{"@id":"https:\/\/www.eldigitaldeasturias.com\/noticias\/author\/admin\/#author"},"image":{"@type":"ImageObject","url":487575,"@id":"https:\/\/www.eldigitaldeasturias.com\/noticias\/elena-valenciano-sera-la-cabeza-de-lista-del-psoe-a-las-elecciones-europeas\/#mainImage"},"primaryImageOfPage":{"@id":"https:\/\/www.eldigitaldeasturias.com\/noticias\/elena-valenciano-sera-la-cabeza-de-lista-del-psoe-a-las-elecciones-europeas\/#mainImage"},"datePublished":"2014-02-09T22:49:59+01:00","dateModified":"2014-02-09T22:49:59+01:00"},{"@type":"WebSite","@id":"https:\/\/www.eldigitaldeasturias.com\/noticias\/#website","url":"https:\/\/www.eldigitaldeasturias.com\/noticias\/","name":"El Digital de Asturias - Diario de actualidad y noticias","alternateName":"El Digital de Asturias - Diario de actualidad y noticias","description":"Hemeroteca","inLanguage":"es-ES","publisher":{"@id":"https:\/\/www.eldigitaldeasturias.com\/noticias\/#organization"}}]},"og:locale":"es_ES","og:site_name":"El Digital de Asturias","og:type":"article","og:title":"Elena Valenciano ser\u00e1 la cabeza de lista del PSOE a las elecciones europeas - El Digital de Asturias","og:description":"Madrid, 9 feb (EFE).- La vicesecretaria general del PSOE, Elena Valenciano, encabezar\u00e1 la candidatura socialista a las elecciones europeas de mayo, a expensas de que su designaci\u00f3n sea ratificada por el Comit\u00e9 Federal del partido en marzo. Seg\u00fan han informado hoy a Efe fuentes socialistas, el secretario general del PSOE, Alfredo P\u00e9rez Rubalcaba, presentar\u00e1 ma\u00f1ana","og:url":"https:\/\/www.eldigitaldeasturias.com\/noticias\/elena-valenciano-sera-la-cabeza-de-lista-del-psoe-a-las-elecciones-europeas\/","article:tag":["actualidad"],"article:published_time":"2014-02-09T23:49:59+00:00","article:modified_time":"2014-02-09T23:49:59+00:00","article:publisher":"https:\/\/facebook.com\/eldigitaldeasturias","twitter:card":"summary_large_image","twitter:title":"Elena Valenciano ser\u00e1 la cabeza de lista del PSOE a las elecciones europeas - El Digital de Asturias","twitter:description":"Madrid, 9 feb (EFE).- La vicesecretaria general del PSOE, Elena Valenciano, encabezar\u00e1 la candidatura socialista a las elecciones europeas de mayo, a expensas de que su designaci\u00f3n sea ratificada por el Comit\u00e9 Federal del partido en marzo. Seg\u00fan han informado hoy a Efe fuentes socialistas, el secretario general del PSOE, Alfredo P\u00e9rez Rubalcaba, presentar\u00e1 ma\u00f1ana","twitter:label1":"Escrito por","twitter:data1":"El Digital de Asturias","twitter:label2":"Tiempo de lectura estimado","twitter:data2":"2 minutos"},"aioseo_meta_data":{"post_id":"487574","title":null,"description":null,"keywords":null,"keyphrases":null,"primary_term":null,"canonical_url":null,"og_title":null,"og_description":null,"og_object_type":"default","og_image_type":"default","og_image_url":null,"og_image_width":null,"og_image_height":null,"og_image_custom_url":null,"og_image_custom_fields":null,"og_video":null,"og_custom_url":null,"og_article_section":null,"og_article_tags":null,"twitter_use_og":true,"twitter_card":"default","twitter_image_type":"default","twitter_image_url":null,"twitter_image_custom_url":null,"twitter_image_custom_fields":null,"twitter_title":null,"twitter_description":null,"schema":{"blockGraphs":[],"customGraphs":[],"default":{"data":{"Article":[],"Course":[],"Dataset":[],"FAQPage":[],"Movie":[],"Person":[],"Product":[],"ProductReview":[],"Car":[],"Recipe":[],"Service":[],"SoftwareApplication":[],"WebPage":[]},"graphName":"","isEnabled":true},"graphs":[],"defaultGraph":"","defaultPostTypeGraph":""},"schema_type":null,"schema_type_options":null,"pillar_content":false,"robots_default":true,"robots_noindex":false,"robots_noarchive":false,"robots_nosnippet":false,"robots_nofollow":false,"robots_noimageindex":false,"robots_noodp":false,"robots_notranslate":false,"robots_max_snippet":null,"robots_max_videopreview":null,"robots_max_imagepreview":"none","priority":null,"frequency":null,"local_seo":null,"seo_analyzer_scan_date":"2026-06-03 05:11:47","breadcrumb_settings":null,"limit_modified_date":false,"open_ai":null,"ai":null,"created":"2020-11-14 22:56:26","updated":"2026-06-03 05:11:47","focus_keyword":null,"additional_keywords":null,"truseo_locale":null},"aioseo_breadcrumb":"<div class=\"aioseo-breadcrumbs\"><span class=\"aioseo-breadcrumb\">\n\t<a href=\"https:\/\/www.eldigitaldeasturias.com\/noticias\" title=\"Home\">Home<\/a>\n<\/span><span class=\"aioseo-breadcrumb-separator\">\u2013<\/span><span class=\"aioseo-breadcrumb\">\n\t<a href=\"https:\/\/www.eldigitaldeasturias.com\/noticias\/category\/actualidad\/\" title=\"Actualidad\">Actualidad<\/a>\n<\/span><span class=\"aioseo-breadcrumb-separator\">\u2013<\/span><span class=\"aioseo-breadcrumb\">\n\t<a href=\"https:\/\/www.eldigitaldeasturias.com\/noticias\/elena-valenciano-sera-la-cabeza-de-lista-del-psoe-a-las-elecciones-europeas\/\" title=\"Elena Valenciano ser\u00e1 la cabeza de lista del PSOE a las elecciones europeas\">Elena Valenciano ser\u00e1 la cabeza de lista del PSOE a las elecciones europeas<\/a>\n<\/span><\/div>","aioseo_breadcrumb_json":[{"label":"Home","link":"https:\/\/www.eldigitaldeasturias.com\/noticias"},{"label":"Actualidad","link":"https:\/\/www.eldigitaldeasturias.com\/noticias\/category\/actualidad\/"},{"label":"Elena Valenciano ser\u00e1 la cabeza de lista del PSOE a las elecciones europeas","link":"https:\/\/www.eldigitaldeasturias.com\/noticias\/elena-valenciano-sera-la-cabeza-de-lista-del-psoe-a-las-elecciones-europeas\/"}],"_links":{"self":[{"href":"https:\/\/www.eldigitaldeasturias.com\/noticias\/wp-json\/wp\/v2\/posts\/487574","targetHints":{"allow":["GET"]}}],"collection":[{"href":"https:\/\/www.eldigitaldeasturias.com\/noticias\/wp-json\/wp\/v2\/posts"}],"about":[{"href":"https:\/\/www.eldigitaldeasturias.com\/noticias\/wp-json\/wp\/v2\/types\/post"}],"author":[{"embeddable":true,"href":"https:\/\/www.eldigitaldeasturias.com\/noticias\/wp-json\/wp\/v2\/users\/1"}],"replies":[{"embeddable":true,"href":"https:\/\/www.eldigitaldeasturias.com\/noticias\/wp-json\/wp\/v2\/comments?post=487574"}],"version-history":[{"count":0,"href":"https:\/\/www.eldigitaldeasturias.com\/noticias\/wp-json\/wp\/v2\/posts\/487574\/revisions"}],"wp:attachment":[{"href":"https:\/\/www.eldigitaldeasturias.com\/noticias\/wp-json\/wp\/v2\/media?parent=487574"}],"wp:term":[{"taxonomy":"category","embeddable":true,"href":"https:\/\/www.eldigitaldeasturias.com\/noticias\/wp-json\/wp\/v2\/categories?post=487574"},{"taxonomy":"post_tag","embeddable":true,"href":"https:\/\/www.eldigitaldeasturias.com\/noticias\/wp-json\/wp\/v2\/tags?post=487574"}],"curies":[{"name":"wp","href":"https:\/\/api.w.org\/{rel}","templated":true}]}}