{"id":487556,"date":"2014-02-09T22:41:50","date_gmt":"2014-02-09T23:41:50","guid":{"rendered":"http:\/\/www.eldigitaldeasturias.com\/noticias\/?p=487556"},"modified":"2014-02-09T22:41:50","modified_gmt":"2014-02-09T23:41:50","slug":"la-delegacion-sursudanesa-llega-a-adis-abeba-para-la-segunda-ronda-de-negociaciones","status":"publish","type":"post","link":"https:\/\/www.eldigitaldeasturias.com\/noticias\/la-delegacion-sursudanesa-llega-a-adis-abeba-para-la-segunda-ronda-de-negociaciones\/","title":{"rendered":"La delegaci\u00f3n sursudanesa llega a Adis Abeba para la segunda ronda de negociaciones"},"content":{"rendered":"<p><img loading=\"lazy\" decoding=\"async\" class=\"alignleft size-medium wp-image-487557\" alt=\"5926054w\" src=\"https:\/\/www.eldigitaldeasturias.com\/noticias\/wp-content\/uploads\/2014\/02\/5926054w-360x246.jpg\" width=\"360\" height=\"246\" \/>Yuba, 9 feb (EFE).- La delegaci\u00f3n negociadora del gobierno sursudan\u00e9s lleg\u00f3 hoy a Addis Abeba para participar junto a los rebeldes en la segunda ronda de negociaciones con \u00ablos temas m\u00e1s controvertidos sobre la mesa\u00bb, seg\u00fan su ministro de Informaci\u00f3n, Michael Makuei.<\/p>\n<p>\u00abNosotros, como gobierno, rechazamos negociaciones para repartir el poder y la riqueza del pa\u00eds. De la misma manera, rechazamos que formen parte de la agenda conversaciones sobre un gobierno de transici\u00f3n con los rebeldes, porque solo quieren obtener esca\u00f1os en el parlamento\u00bb, advirti\u00f3 Makuei.<\/p>\n<p>El ministro, tambi\u00e9n portavoz oficial de la delegaci\u00f3n sursudanesa, asegur\u00f3 en declaraciones a la prensa antes de viajar a Addis Abeba, que la delegaci\u00f3n tiene plena autorizaci\u00f3n del presidente para negociar los temas m\u00e1s controvertidos.<\/p>\n<p>Makuei tambi\u00e9n descart\u00f3 la posibilidad de que participen en la ronda de negociaciones los siete pol\u00edticos detenidos, liberados por el gobierno el pasado 30 de enero y entregados a Nairobi, seg\u00fan informaron las propias autoridades kenianas.<\/p>\n<p>El portavoz de la delegaci\u00f3n acus\u00f3 a la Autoridad Intergubernamental para el Desarrollo (IGAD, en sus siglas en ingl\u00e9s) de fracasar en su intento de establecer mecanismos de supervisi\u00f3n y verificaci\u00f3n de la aplicaci\u00f3n del acuerdo para el cese de las hostilidad entre gobierno y rebeldes.<\/p>\n<p>Se espera que este lunes comience la segunda ronda de conversaciones entre el gobierno y los rebeldes, liderados por el exvicepresidente sursudan\u00e9s, Riek Machar, mientras las dos partes siguen acus\u00e1ndose mutuamente de violar el acuerdo de alto el fuego y atacar posiciones militares de cada parte en los estados de Jonglei y Unidad.<\/p>\n<p>Seg\u00fan un comunicado emitido el s\u00e1bado por los mediadores africanos, esta ronda incluir\u00e1 un debate sobre la agenda pol\u00edtica y la reconciliaci\u00f3n nacional.<\/p>\n<p>Desde el pasado 15 de diciembre, cuando estallaron los enfrentamientos y Kiir acus\u00f3 a Machar de un intento de golpe de Estado, miles de personas han muerto y cientos de miles se han visto desplazadas huyendo de la violencia en Sud\u00e1n del Sur, que se independiz\u00f3 de Sud\u00e1n en julio de 2011.<\/p>\n","protected":false},"excerpt":{"rendered":"<p>Yuba, 9 feb (EFE).- La delegaci\u00f3n negociadora del gobierno sursudan\u00e9s lleg\u00f3 hoy a Addis Abeba para participar junto a los rebeldes en la segunda ronda de negociaciones con \u00ablos temas m\u00e1s controvertidos sobre la mesa\u00bb, seg\u00fan su ministro de Informaci\u00f3n, Michael Makuei. \u00abNosotros, como gobierno, rechazamos negociaciones para repartir el poder y la riqueza del [&hellip;]<\/p>\n","protected":false},"author":1,"featured_media":487557,"comment_status":"open","ping_status":"open","sticky":false,"template":"","format":"standard","meta":{"footnotes":""},"categories":[1],"tags":[],"class_list":["post-487556","post","type-post","status-publish","format-standard","has-post-thumbnail","hentry","category-actualidad"],"aioseo_notices":[],"aioseo_head":"\n\t\t<!-- All in One SEO Pro 5.0.1 - aioseo.com -->\n\t<meta name=\"description\" content=\"Yuba, 9 feb (EFE).- La delegaci\u00f3n negociadora del gobierno sursudan\u00e9s lleg\u00f3 hoy a Addis Abeba para participar junto a los rebeldes en la segunda ronda de negociaciones con &quot;los temas m\u00e1s controvertidos sobre la mesa&quot;, seg\u00fan su ministro de Informaci\u00f3n, Michael Makuei. &quot;Nosotros, como gobierno, rechazamos negociaciones para repartir el poder y la riqueza del\" \/>\n\t<meta name=\"robots\" content=\"max-image-preview:large\" \/>\n\t<meta name=\"author\" content=\"El Digital de Asturias\"\/>\n\t<meta name=\"google-site-verification\" content=\"UA-38556648-1\" \/>\n\t<meta name=\"msvalidate.01\" content=\"7dfe9f3f1b24437ab69f4f2559babe99\" \/>\n\t<meta name=\"keywords\" content=\"actualidad\" \/>\n\t<link rel=\"canonical\" href=\"https:\/\/www.eldigitaldeasturias.com\/noticias\/la-delegacion-sursudanesa-llega-a-adis-abeba-para-la-segunda-ronda-de-negociaciones\/\" \/>\n\t<meta name=\"generator\" content=\"All in One SEO Pro (AIOSEO) 5.0.1\" \/>\n\t\t<meta property=\"og:locale\" content=\"es_ES\" \/>\n\t\t<meta property=\"og:site_name\" content=\"El Digital de Asturias\" \/>\n\t\t<meta property=\"og:type\" content=\"article\" \/>\n\t\t<meta property=\"og:title\" content=\"La delegaci\u00f3n sursudanesa llega a Adis Abeba para la segunda ronda de negociaciones - El Digital de Asturias\" \/>\n\t\t<meta property=\"og:description\" content=\"Yuba, 9 feb (EFE).- La delegaci\u00f3n negociadora del gobierno sursudan\u00e9s lleg\u00f3 hoy a Addis Abeba para participar junto a los rebeldes en la segunda ronda de negociaciones con &quot;los temas m\u00e1s controvertidos sobre la mesa&quot;, seg\u00fan su ministro de Informaci\u00f3n, Michael Makuei. &quot;Nosotros, como gobierno, rechazamos negociaciones para repartir el poder y la riqueza del\" \/>\n\t\t<meta property=\"og:url\" content=\"https:\/\/www.eldigitaldeasturias.com\/noticias\/la-delegacion-sursudanesa-llega-a-adis-abeba-para-la-segunda-ronda-de-negociaciones\/\" \/>\n\t\t<meta property=\"article:tag\" content=\"actualidad\" \/>\n\t\t<meta property=\"article:published_time\" content=\"2014-02-09T23:41:50+00:00\" \/>\n\t\t<meta property=\"article:modified_time\" content=\"2014-02-09T23:41:50+00:00\" \/>\n\t\t<meta property=\"article:publisher\" content=\"https:\/\/facebook.com\/eldigitaldeasturias\" \/>\n\t\t<meta name=\"twitter:card\" content=\"summary_large_image\" \/>\n\t\t<meta name=\"twitter:title\" content=\"La delegaci\u00f3n sursudanesa llega a Adis Abeba para la segunda ronda de negociaciones - El Digital de Asturias\" \/>\n\t\t<meta name=\"twitter:description\" content=\"Yuba, 9 feb (EFE).- La delegaci\u00f3n negociadora del gobierno sursudan\u00e9s lleg\u00f3 hoy a Addis Abeba para participar junto a los rebeldes en la segunda ronda de negociaciones con &quot;los temas m\u00e1s controvertidos sobre la mesa&quot;, seg\u00fan su ministro de Informaci\u00f3n, Michael Makuei. &quot;Nosotros, como gobierno, rechazamos negociaciones para repartir el poder y la riqueza del\" \/>\n\t\t<meta name=\"twitter:label1\" content=\"Escrito por\" \/>\n\t\t<meta name=\"twitter:data1\" content=\"El Digital de Asturias\" \/>\n\t\t<meta name=\"twitter:label2\" content=\"Tiempo de lectura estimado\" \/>\n\t\t<meta name=\"twitter:data2\" content=\"2 minutos\" \/>\n\t\t<script type=\"application\/ld+json\" class=\"aioseo-schema\">\n\t\t\t{\"@context\":\"https:\\\/\\\/schema.org\",\"@graph\":[{\"@type\":\"BlogPosting\",\"@id\":\"https:\\\/\\\/www.eldigitaldeasturias.com\\\/noticias\\\/la-delegacion-sursudanesa-llega-a-adis-abeba-para-la-segunda-ronda-de-negociaciones\\\/#blogposting\",\"name\":\"La delegaci\\u00f3n sursudanesa llega a Adis Abeba para la segunda ronda de negociaciones - El Digital de Asturias\",\"headline\":\"La delegaci\\u00f3n sursudanesa llega a Adis Abeba para la segunda ronda de negociaciones\",\"author\":{\"@id\":\"https:\\\/\\\/www.eldigitaldeasturias.com\\\/noticias\\\/author\\\/admin\\\/#author\"},\"publisher\":{\"@id\":\"https:\\\/\\\/www.eldigitaldeasturias.com\\\/noticias\\\/#organization\"},\"image\":{\"@type\":\"ImageObject\",\"url\":487557},\"datePublished\":\"2014-02-09T22:41:50+01:00\",\"dateModified\":\"2014-02-09T22:41:50+01:00\",\"inLanguage\":\"es-ES\",\"mainEntityOfPage\":{\"@id\":\"https:\\\/\\\/www.eldigitaldeasturias.com\\\/noticias\\\/la-delegacion-sursudanesa-llega-a-adis-abeba-para-la-segunda-ronda-de-negociaciones\\\/#webpage\"},\"isPartOf\":{\"@id\":\"https:\\\/\\\/www.eldigitaldeasturias.com\\\/noticias\\\/la-delegacion-sursudanesa-llega-a-adis-abeba-para-la-segunda-ronda-de-negociaciones\\\/#webpage\"},\"articleSection\":\"Actualidad\"},{\"@type\":\"BreadcrumbList\",\"@id\":\"https:\\\/\\\/www.eldigitaldeasturias.com\\\/noticias\\\/la-delegacion-sursudanesa-llega-a-adis-abeba-para-la-segunda-ronda-de-negociaciones\\\/#breadcrumblist\",\"itemListElement\":[{\"@type\":\"ListItem\",\"@id\":\"https:\\\/\\\/www.eldigitaldeasturias.com\\\/noticias#listItem\",\"position\":1,\"name\":\"Home\",\"item\":\"https:\\\/\\\/www.eldigitaldeasturias.com\\\/noticias\",\"nextItem\":{\"@type\":\"ListItem\",\"@id\":\"https:\\\/\\\/www.eldigitaldeasturias.com\\\/noticias\\\/category\\\/actualidad\\\/#listItem\",\"name\":\"Actualidad\"}},{\"@type\":\"ListItem\",\"@id\":\"https:\\\/\\\/www.eldigitaldeasturias.com\\\/noticias\\\/category\\\/actualidad\\\/#listItem\",\"position\":2,\"name\":\"Actualidad\",\"item\":\"https:\\\/\\\/www.eldigitaldeasturias.com\\\/noticias\\\/category\\\/actualidad\\\/\",\"nextItem\":{\"@type\":\"ListItem\",\"@id\":\"https:\\\/\\\/www.eldigitaldeasturias.com\\\/noticias\\\/la-delegacion-sursudanesa-llega-a-adis-abeba-para-la-segunda-ronda-de-negociaciones\\\/#listItem\",\"name\":\"La delegaci\\u00f3n sursudanesa llega a Adis Abeba para la segunda ronda de negociaciones\"},\"previousItem\":{\"@type\":\"ListItem\",\"@id\":\"https:\\\/\\\/www.eldigitaldeasturias.com\\\/noticias#listItem\",\"name\":\"Home\"}},{\"@type\":\"ListItem\",\"@id\":\"https:\\\/\\\/www.eldigitaldeasturias.com\\\/noticias\\\/la-delegacion-sursudanesa-llega-a-adis-abeba-para-la-segunda-ronda-de-negociaciones\\\/#listItem\",\"position\":3,\"name\":\"La delegaci\\u00f3n sursudanesa llega a Adis Abeba para la segunda ronda de negociaciones\",\"previousItem\":{\"@type\":\"ListItem\",\"@id\":\"https:\\\/\\\/www.eldigitaldeasturias.com\\\/noticias\\\/category\\\/actualidad\\\/#listItem\",\"name\":\"Actualidad\"}}]},{\"@type\":\"Organization\",\"@id\":\"https:\\\/\\\/www.eldigitaldeasturias.com\\\/noticias\\\/#organization\",\"name\":\"El Digital de Asturias\",\"description\":\"Hemeroteca\",\"url\":\"https:\\\/\\\/www.eldigitaldeasturias.com\\\/noticias\\\/\",\"email\":\"info@eldigitaldeasturias.com\",\"telephone\":\"+34652131393\",\"logo\":{\"@type\":\"ImageObject\",\"url\":\"https:\\\/\\\/www.eldigitaldeasturias.com\\\/noticias\\\/wp-content\\\/uploads\\\/2020\\\/12\\\/EDA.jpg\",\"@id\":\"https:\\\/\\\/www.eldigitaldeasturias.com\\\/noticias\\\/la-delegacion-sursudanesa-llega-a-adis-abeba-para-la-segunda-ronda-de-negociaciones\\\/#organizationLogo\"},\"image\":{\"@id\":\"https:\\\/\\\/www.eldigitaldeasturias.com\\\/noticias\\\/la-delegacion-sursudanesa-llega-a-adis-abeba-para-la-segunda-ronda-de-negociaciones\\\/#organizationLogo\"},\"sameAs\":[\"https:\\\/\\\/facebook.com\\\/eldigitaldeasturias\",\"https:\\\/\\\/www.youtube.com\\\/channel\\\/UCZP-2wLEB9Rv6erhFmqVnvg\"],\"address\":{\"@id\":\"https:\\\/\\\/www.eldigitaldeasturias.com\\\/noticias\\\/#postaladdress\",\"@type\":\"PostalAddress\",\"streetAddress\":\"san antonio 4\",\"postalCode\":\"33430\",\"addressLocality\":\"Cand\\u00e1s\",\"addressRegion\":\"Asturias\",\"addressCountry\":\"ES\"}},{\"@type\":\"Person\",\"@id\":\"https:\\\/\\\/www.eldigitaldeasturias.com\\\/noticias\\\/author\\\/admin\\\/#author\",\"url\":\"https:\\\/\\\/www.eldigitaldeasturias.com\\\/noticias\\\/author\\\/admin\\\/\",\"name\":\"El Digital de Asturias\",\"image\":{\"@type\":\"ImageObject\",\"@id\":\"https:\\\/\\\/www.eldigitaldeasturias.com\\\/noticias\\\/la-delegacion-sursudanesa-llega-a-adis-abeba-para-la-segunda-ronda-de-negociaciones\\\/#authorImage\",\"url\":\"https:\\\/\\\/secure.gravatar.com\\\/avatar\\\/df2aeffc32bcd13f8d26072ef8a91b623d677766deac7f97ca815868cd41bf5e?s=96&d=mm&r=g\",\"width\":96,\"height\":96,\"caption\":\"El Digital de Asturias\"}},{\"@type\":\"WebPage\",\"@id\":\"https:\\\/\\\/www.eldigitaldeasturias.com\\\/noticias\\\/la-delegacion-sursudanesa-llega-a-adis-abeba-para-la-segunda-ronda-de-negociaciones\\\/#webpage\",\"url\":\"https:\\\/\\\/www.eldigitaldeasturias.com\\\/noticias\\\/la-delegacion-sursudanesa-llega-a-adis-abeba-para-la-segunda-ronda-de-negociaciones\\\/\",\"name\":\"La delegaci\\u00f3n sursudanesa llega a Adis Abeba para la segunda ronda de negociaciones - El Digital de Asturias\",\"description\":\"Yuba, 9 feb (EFE).- La delegaci\\u00f3n negociadora del gobierno sursudan\\u00e9s lleg\\u00f3 hoy a Addis Abeba para participar junto a los rebeldes en la segunda ronda de negociaciones con \\\"los temas m\\u00e1s controvertidos sobre la mesa\\\", seg\\u00fan su ministro de Informaci\\u00f3n, Michael Makuei. \\\"Nosotros, como gobierno, rechazamos negociaciones para repartir el poder y la riqueza del\",\"inLanguage\":\"es-ES\",\"isPartOf\":{\"@id\":\"https:\\\/\\\/www.eldigitaldeasturias.com\\\/noticias\\\/#website\"},\"breadcrumb\":{\"@id\":\"https:\\\/\\\/www.eldigitaldeasturias.com\\\/noticias\\\/la-delegacion-sursudanesa-llega-a-adis-abeba-para-la-segunda-ronda-de-negociaciones\\\/#breadcrumblist\"},\"author\":{\"@id\":\"https:\\\/\\\/www.eldigitaldeasturias.com\\\/noticias\\\/author\\\/admin\\\/#author\"},\"creator\":{\"@id\":\"https:\\\/\\\/www.eldigitaldeasturias.com\\\/noticias\\\/author\\\/admin\\\/#author\"},\"image\":{\"@type\":\"ImageObject\",\"url\":487557,\"@id\":\"https:\\\/\\\/www.eldigitaldeasturias.com\\\/noticias\\\/la-delegacion-sursudanesa-llega-a-adis-abeba-para-la-segunda-ronda-de-negociaciones\\\/#mainImage\"},\"primaryImageOfPage\":{\"@id\":\"https:\\\/\\\/www.eldigitaldeasturias.com\\\/noticias\\\/la-delegacion-sursudanesa-llega-a-adis-abeba-para-la-segunda-ronda-de-negociaciones\\\/#mainImage\"},\"datePublished\":\"2014-02-09T22:41:50+01:00\",\"dateModified\":\"2014-02-09T22:41:50+01:00\"},{\"@type\":\"WebSite\",\"@id\":\"https:\\\/\\\/www.eldigitaldeasturias.com\\\/noticias\\\/#website\",\"url\":\"https:\\\/\\\/www.eldigitaldeasturias.com\\\/noticias\\\/\",\"name\":\"El Digital de Asturias - Diario de actualidad y noticias\",\"alternateName\":\"El Digital de Asturias - Diario de actualidad y noticias\",\"description\":\"Hemeroteca\",\"inLanguage\":\"es-ES\",\"publisher\":{\"@id\":\"https:\\\/\\\/www.eldigitaldeasturias.com\\\/noticias\\\/#organization\"}}]}\n\t\t<\/script>\n\t\t<!-- All in One SEO Pro -->\r\n\t\t<title>La delegaci\u00f3n sursudanesa llega a Adis Abeba para la segunda ronda de negociaciones - El Digital de Asturias<\/title>\n\n","aioseo_head_json":{"title":"La delegaci\u00f3n sursudanesa llega a Adis Abeba para la segunda ronda de negociaciones - El Digital de Asturias","description":"Yuba, 9 feb (EFE).- La delegaci\u00f3n negociadora del gobierno sursudan\u00e9s lleg\u00f3 hoy a Addis Abeba para participar junto a los rebeldes en la segunda ronda de negociaciones con \"los temas m\u00e1s controvertidos sobre la mesa\", seg\u00fan su ministro de Informaci\u00f3n, Michael Makuei. \"Nosotros, como gobierno, rechazamos negociaciones para repartir el poder y la riqueza del","canonical_url":"https:\/\/www.eldigitaldeasturias.com\/noticias\/la-delegacion-sursudanesa-llega-a-adis-abeba-para-la-segunda-ronda-de-negociaciones\/","robots":"max-image-preview:large","keywords":"actualidad","webmasterTools":{"google-site-verification":"UA-38556648-1","msvalidate.01":"7dfe9f3f1b24437ab69f4f2559babe99","miscellaneous":""},"schema":{"@context":"https:\/\/schema.org","@graph":[{"@type":"BlogPosting","@id":"https:\/\/www.eldigitaldeasturias.com\/noticias\/la-delegacion-sursudanesa-llega-a-adis-abeba-para-la-segunda-ronda-de-negociaciones\/#blogposting","name":"La delegaci\u00f3n sursudanesa llega a Adis Abeba para la segunda ronda de negociaciones - El Digital de Asturias","headline":"La delegaci\u00f3n sursudanesa llega a Adis Abeba para la segunda ronda de negociaciones","author":{"@id":"https:\/\/www.eldigitaldeasturias.com\/noticias\/author\/admin\/#author"},"publisher":{"@id":"https:\/\/www.eldigitaldeasturias.com\/noticias\/#organization"},"image":{"@type":"ImageObject","url":487557},"datePublished":"2014-02-09T22:41:50+01:00","dateModified":"2014-02-09T22:41:50+01:00","inLanguage":"es-ES","mainEntityOfPage":{"@id":"https:\/\/www.eldigitaldeasturias.com\/noticias\/la-delegacion-sursudanesa-llega-a-adis-abeba-para-la-segunda-ronda-de-negociaciones\/#webpage"},"isPartOf":{"@id":"https:\/\/www.eldigitaldeasturias.com\/noticias\/la-delegacion-sursudanesa-llega-a-adis-abeba-para-la-segunda-ronda-de-negociaciones\/#webpage"},"articleSection":"Actualidad"},{"@type":"BreadcrumbList","@id":"https:\/\/www.eldigitaldeasturias.com\/noticias\/la-delegacion-sursudanesa-llega-a-adis-abeba-para-la-segunda-ronda-de-negociaciones\/#breadcrumblist","itemListElement":[{"@type":"ListItem","@id":"https:\/\/www.eldigitaldeasturias.com\/noticias#listItem","position":1,"name":"Home","item":"https:\/\/www.eldigitaldeasturias.com\/noticias","nextItem":{"@type":"ListItem","@id":"https:\/\/www.eldigitaldeasturias.com\/noticias\/category\/actualidad\/#listItem","name":"Actualidad"}},{"@type":"ListItem","@id":"https:\/\/www.eldigitaldeasturias.com\/noticias\/category\/actualidad\/#listItem","position":2,"name":"Actualidad","item":"https:\/\/www.eldigitaldeasturias.com\/noticias\/category\/actualidad\/","nextItem":{"@type":"ListItem","@id":"https:\/\/www.eldigitaldeasturias.com\/noticias\/la-delegacion-sursudanesa-llega-a-adis-abeba-para-la-segunda-ronda-de-negociaciones\/#listItem","name":"La delegaci\u00f3n sursudanesa llega a Adis Abeba para la segunda ronda de negociaciones"},"previousItem":{"@type":"ListItem","@id":"https:\/\/www.eldigitaldeasturias.com\/noticias#listItem","name":"Home"}},{"@type":"ListItem","@id":"https:\/\/www.eldigitaldeasturias.com\/noticias\/la-delegacion-sursudanesa-llega-a-adis-abeba-para-la-segunda-ronda-de-negociaciones\/#listItem","position":3,"name":"La delegaci\u00f3n sursudanesa llega a Adis Abeba para la segunda ronda de negociaciones","previousItem":{"@type":"ListItem","@id":"https:\/\/www.eldigitaldeasturias.com\/noticias\/category\/actualidad\/#listItem","name":"Actualidad"}}]},{"@type":"Organization","@id":"https:\/\/www.eldigitaldeasturias.com\/noticias\/#organization","name":"El Digital de Asturias","description":"Hemeroteca","url":"https:\/\/www.eldigitaldeasturias.com\/noticias\/","email":"info@eldigitaldeasturias.com","telephone":"+34652131393","logo":{"@type":"ImageObject","url":"https:\/\/www.eldigitaldeasturias.com\/noticias\/wp-content\/uploads\/2020\/12\/EDA.jpg","@id":"https:\/\/www.eldigitaldeasturias.com\/noticias\/la-delegacion-sursudanesa-llega-a-adis-abeba-para-la-segunda-ronda-de-negociaciones\/#organizationLogo"},"image":{"@id":"https:\/\/www.eldigitaldeasturias.com\/noticias\/la-delegacion-sursudanesa-llega-a-adis-abeba-para-la-segunda-ronda-de-negociaciones\/#organizationLogo"},"sameAs":["https:\/\/facebook.com\/eldigitaldeasturias","https:\/\/www.youtube.com\/channel\/UCZP-2wLEB9Rv6erhFmqVnvg"],"address":{"@id":"https:\/\/www.eldigitaldeasturias.com\/noticias\/#postaladdress","@type":"PostalAddress","streetAddress":"san antonio 4","postalCode":"33430","addressLocality":"Cand\u00e1s","addressRegion":"Asturias","addressCountry":"ES"}},{"@type":"Person","@id":"https:\/\/www.eldigitaldeasturias.com\/noticias\/author\/admin\/#author","url":"https:\/\/www.eldigitaldeasturias.com\/noticias\/author\/admin\/","name":"El Digital de Asturias","image":{"@type":"ImageObject","@id":"https:\/\/www.eldigitaldeasturias.com\/noticias\/la-delegacion-sursudanesa-llega-a-adis-abeba-para-la-segunda-ronda-de-negociaciones\/#authorImage","url":"https:\/\/secure.gravatar.com\/avatar\/df2aeffc32bcd13f8d26072ef8a91b623d677766deac7f97ca815868cd41bf5e?s=96&d=mm&r=g","width":96,"height":96,"caption":"El Digital de Asturias"}},{"@type":"WebPage","@id":"https:\/\/www.eldigitaldeasturias.com\/noticias\/la-delegacion-sursudanesa-llega-a-adis-abeba-para-la-segunda-ronda-de-negociaciones\/#webpage","url":"https:\/\/www.eldigitaldeasturias.com\/noticias\/la-delegacion-sursudanesa-llega-a-adis-abeba-para-la-segunda-ronda-de-negociaciones\/","name":"La delegaci\u00f3n sursudanesa llega a Adis Abeba para la segunda ronda de negociaciones - El Digital de Asturias","description":"Yuba, 9 feb (EFE).- La delegaci\u00f3n negociadora del gobierno sursudan\u00e9s lleg\u00f3 hoy a Addis Abeba para participar junto a los rebeldes en la segunda ronda de negociaciones con \"los temas m\u00e1s controvertidos sobre la mesa\", seg\u00fan su ministro de Informaci\u00f3n, Michael Makuei. \"Nosotros, como gobierno, rechazamos negociaciones para repartir el poder y la riqueza del","inLanguage":"es-ES","isPartOf":{"@id":"https:\/\/www.eldigitaldeasturias.com\/noticias\/#website"},"breadcrumb":{"@id":"https:\/\/www.eldigitaldeasturias.com\/noticias\/la-delegacion-sursudanesa-llega-a-adis-abeba-para-la-segunda-ronda-de-negociaciones\/#breadcrumblist"},"author":{"@id":"https:\/\/www.eldigitaldeasturias.com\/noticias\/author\/admin\/#author"},"creator":{"@id":"https:\/\/www.eldigitaldeasturias.com\/noticias\/author\/admin\/#author"},"image":{"@type":"ImageObject","url":487557,"@id":"https:\/\/www.eldigitaldeasturias.com\/noticias\/la-delegacion-sursudanesa-llega-a-adis-abeba-para-la-segunda-ronda-de-negociaciones\/#mainImage"},"primaryImageOfPage":{"@id":"https:\/\/www.eldigitaldeasturias.com\/noticias\/la-delegacion-sursudanesa-llega-a-adis-abeba-para-la-segunda-ronda-de-negociaciones\/#mainImage"},"datePublished":"2014-02-09T22:41:50+01:00","dateModified":"2014-02-09T22:41:50+01:00"},{"@type":"WebSite","@id":"https:\/\/www.eldigitaldeasturias.com\/noticias\/#website","url":"https:\/\/www.eldigitaldeasturias.com\/noticias\/","name":"El Digital de Asturias - Diario de actualidad y noticias","alternateName":"El Digital de Asturias - Diario de actualidad y noticias","description":"Hemeroteca","inLanguage":"es-ES","publisher":{"@id":"https:\/\/www.eldigitaldeasturias.com\/noticias\/#organization"}}]},"og:locale":"es_ES","og:site_name":"El Digital de Asturias","og:type":"article","og:title":"La delegaci\u00f3n sursudanesa llega a Adis Abeba para la segunda ronda de negociaciones - El Digital de Asturias","og:description":"Yuba, 9 feb (EFE).- La delegaci\u00f3n negociadora del gobierno sursudan\u00e9s lleg\u00f3 hoy a Addis Abeba para participar junto a los rebeldes en la segunda ronda de negociaciones con &quot;los temas m\u00e1s controvertidos sobre la mesa&quot;, seg\u00fan su ministro de Informaci\u00f3n, Michael Makuei. &quot;Nosotros, como gobierno, rechazamos negociaciones para repartir el poder y la riqueza del","og:url":"https:\/\/www.eldigitaldeasturias.com\/noticias\/la-delegacion-sursudanesa-llega-a-adis-abeba-para-la-segunda-ronda-de-negociaciones\/","article:tag":["actualidad"],"article:published_time":"2014-02-09T23:41:50+00:00","article:modified_time":"2014-02-09T23:41:50+00:00","article:publisher":"https:\/\/facebook.com\/eldigitaldeasturias","twitter:card":"summary_large_image","twitter:title":"La delegaci\u00f3n sursudanesa llega a Adis Abeba para la segunda ronda de negociaciones - El Digital de Asturias","twitter:description":"Yuba, 9 feb (EFE).- La delegaci\u00f3n negociadora del gobierno sursudan\u00e9s lleg\u00f3 hoy a Addis Abeba para participar junto a los rebeldes en la segunda ronda de negociaciones con &quot;los temas m\u00e1s controvertidos sobre la mesa&quot;, seg\u00fan su ministro de Informaci\u00f3n, Michael Makuei. &quot;Nosotros, como gobierno, rechazamos negociaciones para repartir el poder y la riqueza del","twitter:label1":"Escrito por","twitter:data1":"El Digital de Asturias","twitter:label2":"Tiempo de lectura estimado","twitter:data2":"2 minutos"},"aioseo_meta_data":{"post_id":"487556","title":null,"description":null,"keywords":null,"keyphrases":null,"primary_term":null,"canonical_url":null,"og_title":null,"og_description":null,"og_object_type":"default","og_image_type":"default","og_image_url":null,"og_image_width":null,"og_image_height":null,"og_image_custom_url":null,"og_image_custom_fields":null,"og_video":null,"og_custom_url":null,"og_article_section":null,"og_article_tags":null,"twitter_use_og":true,"twitter_card":"default","twitter_image_type":"default","twitter_image_url":null,"twitter_image_custom_url":null,"twitter_image_custom_fields":null,"twitter_title":null,"twitter_description":null,"schema":{"blockGraphs":[],"customGraphs":[],"default":{"data":{"Article":[],"Course":[],"Dataset":[],"FAQPage":[],"Movie":[],"Person":[],"Product":[],"ProductReview":[],"Car":[],"Recipe":[],"Service":[],"SoftwareApplication":[],"WebPage":[]},"graphName":"","isEnabled":true},"graphs":[],"defaultGraph":"","defaultPostTypeGraph":""},"schema_type":null,"schema_type_options":null,"pillar_content":false,"robots_default":true,"robots_noindex":false,"robots_noarchive":false,"robots_nosnippet":false,"robots_nofollow":false,"robots_noimageindex":false,"robots_noodp":false,"robots_notranslate":false,"robots_max_snippet":null,"robots_max_videopreview":null,"robots_max_imagepreview":"none","priority":null,"frequency":null,"local_seo":null,"seo_analyzer_scan_date":"2026-06-03 05:07:42","breadcrumb_settings":null,"limit_modified_date":false,"open_ai":null,"ai":null,"created":"2020-11-14 22:56:26","updated":"2026-06-03 05:07:42","focus_keyword":null,"additional_keywords":null,"truseo_locale":null},"aioseo_breadcrumb":"<div class=\"aioseo-breadcrumbs\"><span class=\"aioseo-breadcrumb\">\n\t<a href=\"https:\/\/www.eldigitaldeasturias.com\/noticias\" title=\"Home\">Home<\/a>\n<\/span><span class=\"aioseo-breadcrumb-separator\">\u2013<\/span><span class=\"aioseo-breadcrumb\">\n\t<a href=\"https:\/\/www.eldigitaldeasturias.com\/noticias\/category\/actualidad\/\" title=\"Actualidad\">Actualidad<\/a>\n<\/span><span class=\"aioseo-breadcrumb-separator\">\u2013<\/span><span class=\"aioseo-breadcrumb\">\n\t<a href=\"https:\/\/www.eldigitaldeasturias.com\/noticias\/la-delegacion-sursudanesa-llega-a-adis-abeba-para-la-segunda-ronda-de-negociaciones\/\" title=\"La delegaci\u00f3n sursudanesa llega a Adis Abeba para la segunda ronda de negociaciones\">La delegaci\u00f3n sursudanesa llega a Adis Abeba para la segunda ronda de negociaciones<\/a>\n<\/span><\/div>","aioseo_breadcrumb_json":[{"label":"Home","link":"https:\/\/www.eldigitaldeasturias.com\/noticias"},{"label":"Actualidad","link":"https:\/\/www.eldigitaldeasturias.com\/noticias\/category\/actualidad\/"},{"label":"La delegaci\u00f3n sursudanesa llega a Adis Abeba para la segunda ronda de negociaciones","link":"https:\/\/www.eldigitaldeasturias.com\/noticias\/la-delegacion-sursudanesa-llega-a-adis-abeba-para-la-segunda-ronda-de-negociaciones\/"}],"_links":{"self":[{"href":"https:\/\/www.eldigitaldeasturias.com\/noticias\/wp-json\/wp\/v2\/posts\/487556","targetHints":{"allow":["GET"]}}],"collection":[{"href":"https:\/\/www.eldigitaldeasturias.com\/noticias\/wp-json\/wp\/v2\/posts"}],"about":[{"href":"https:\/\/www.eldigitaldeasturias.com\/noticias\/wp-json\/wp\/v2\/types\/post"}],"author":[{"embeddable":true,"href":"https:\/\/www.eldigitaldeasturias.com\/noticias\/wp-json\/wp\/v2\/users\/1"}],"replies":[{"embeddable":true,"href":"https:\/\/www.eldigitaldeasturias.com\/noticias\/wp-json\/wp\/v2\/comments?post=487556"}],"version-history":[{"count":0,"href":"https:\/\/www.eldigitaldeasturias.com\/noticias\/wp-json\/wp\/v2\/posts\/487556\/revisions"}],"wp:attachment":[{"href":"https:\/\/www.eldigitaldeasturias.com\/noticias\/wp-json\/wp\/v2\/media?parent=487556"}],"wp:term":[{"taxonomy":"category","embeddable":true,"href":"https:\/\/www.eldigitaldeasturias.com\/noticias\/wp-json\/wp\/v2\/categories?post=487556"},{"taxonomy":"post_tag","embeddable":true,"href":"https:\/\/www.eldigitaldeasturias.com\/noticias\/wp-json\/wp\/v2\/tags?post=487556"}],"curies":[{"name":"wp","href":"https:\/\/api.w.org\/{rel}","templated":true}]}}