{"id":487547,"date":"2014-02-09T22:38:21","date_gmt":"2014-02-09T23:38:21","guid":{"rendered":"http:\/\/www.eldigitaldeasturias.com\/noticias\/?p=487547"},"modified":"2014-02-09T22:38:21","modified_gmt":"2014-02-09T23:38:21","slug":"el-miedo-al-trabajador-europeo-inmigrante-se-impone-entre-los-suizos","status":"publish","type":"post","link":"https:\/\/www.eldigitaldeasturias.com\/noticias\/el-miedo-al-trabajador-europeo-inmigrante-se-impone-entre-los-suizos\/","title":{"rendered":"El miedo al trabajador europeo inmigrante se impone entre los suizos"},"content":{"rendered":"<p><img loading=\"lazy\" decoding=\"async\" class=\"alignleft size-medium wp-image-487548\" alt=\"5925746w\" src=\"https:\/\/www.eldigitaldeasturias.com\/noticias\/wp-content\/uploads\/2014\/02\/5925746w-360x239.jpg\" width=\"360\" height=\"239\" \/>Ginebra, 9 feb (EFE).- El miedo al trabajador inmigrante procedente de la Uni\u00f3n Europea se ha impuesto frente a todos los argumentos en su defensa de la clase pol\u00edtica y de las organizaciones econ\u00f3micas de Suiza, que en tres a\u00f1os restablecer\u00e1 el sistema de cuotas para regular su entrada al mercado laboral.<\/p>\n<p>El Gobierno Federal suizo reaccion\u00f3 se\u00f1alando que este desenlace \u00abes la expresi\u00f3n de un malestar\u00bb social provocado por el aumento de la poblaci\u00f3n y admiti\u00f3 que \u00abmarca un punto de inflexi\u00f3n que tendr\u00e1 repercusiones\u00bb.<\/p>\n<p>Las dos principales organizaciones empresariales de Suiza manifestaron su decepci\u00f3n y pidieron a las autoridades \u00absoluciones modernas y no burocr\u00e1ticas\u00bb para reducir los da\u00f1os a la econom\u00eda nacional.<\/p>\n<p>Por un estrech\u00edsimo margen, de apenas 0,3 por ciento, los votantes suizos aprobaron hoy en refer\u00e9ndum volver al antiguo sistema para limitar la entrada de trabajadores de la UE, como lo hace en el caso de todo el resto de pa\u00edses.<\/p>\n<p>Esta iniciativa fue apoyada con el 50,3 de votos, as\u00ed como por la mayor\u00eda de los 26 cantones suizos, una situaci\u00f3n que se vive como un verdadero terremoto pol\u00edtico y que ya ha levantado los temores sobre sus consecuencias en el conjunto de las relaciones con Bruselas.<\/p>\n<p>Este refer\u00e9ndum fue promovido por la Uni\u00f3n Democr\u00e1tica de Centro (UDC), un partido de extrema derecha que tiene en sus registros numerosas iniciativas contra los extranjeros y los solicitantes de asilo.<\/p>\n<p>El lema elegido hablaba por si s\u00f3lo: \u00abContra la inmigraci\u00f3n en masa\u00bb, en alusi\u00f3n a la importante entrada en Suiza de europeos en busca de empleo, particularmente desde el inicio de la crisis econ\u00f3mica mundial.<\/p>\n<p>El resultado de hoy restablece, adem\u00e1s de las cuotas, el principio de la preferencia por el trabajador nacional frente al extranjero, que estaba abolida desde 2002, en aplicaci\u00f3n del acuerdo con la UE sobre la libre circulaci\u00f3n de personas.<\/p>\n<p>Todos los comentarios coinciden en que el resultado de esta consulta popular abre un periodo de gran incertidumbre en las relaciones con el bloque comunitario, del que Suiza es evidentemente muy dependiente desde el punto de vista comercial y econ\u00f3mico.<\/p>\n<p>Sin embargo, el argumento del grave impacto macroecon\u00f3mico que pod\u00eda tener entrar en una renegociaci\u00f3n con la UE no fue suficiente para calmar los temores de un importante sector de la poblaci\u00f3n.<\/p>\n<p>La UDC acus\u00f3 a la inmigraci\u00f3n del aumento insostenible de la poblaci\u00f3n y del supuesto aumento del desempleo, particularmente en las regiones fronterizas.<\/p>\n<p>A nivel nacional, sin embargo, las cifras oficiales desmienten el impacto negativo de la entrada de trabajadores europeos en Suiza, donde la tasa de desempleo de 3,2 por ciento hace palidecer de envidia a casi a cualquier otro pa\u00eds.<\/p>\n<p>Los promotores del refer\u00e9ndum acusaban tambi\u00e9n a los trabajadores inmigrantes del incremento de precios en el sector inmobiliario, de la sobrecarga en los trenes, de los problemas de circulaci\u00f3n en las carreteras, as\u00ed como de competencia salarial desleal, al aceptar remuneraciones menores a las que se ofrecer\u00eda a un suizo.<\/p>\n<p>Se considera que este resultado har\u00e1 inevitablemente una renegociaci\u00f3n no s\u00f3lo del acuerdo sobre la libre circulaci\u00f3n de personas, sino de todo el paquete de acuerdos bilaterales del que forma parte y que est\u00e1n vinculados jur\u00eddicamente.<\/p>\n<p>Esto lleva a que, si uno de los acuerdos cae, el conjunto caduca, en virtud de la denominada \u00abcl\u00e1usula guillotina\u00bb, que varios pol\u00edticos temen que la UE pueda decidirse a aplicar.<\/p>\n<p>Por Isabel Saco<\/p>\n","protected":false},"excerpt":{"rendered":"<p>Ginebra, 9 feb (EFE).- El miedo al trabajador inmigrante procedente de la Uni\u00f3n Europea se ha impuesto frente a todos los argumentos en su defensa de la clase pol\u00edtica y de las organizaciones econ\u00f3micas de Suiza, que en tres a\u00f1os restablecer\u00e1 el sistema de cuotas para regular su entrada al mercado laboral. El Gobierno Federal [&hellip;]<\/p>\n","protected":false},"author":1,"featured_media":487548,"comment_status":"open","ping_status":"open","sticky":false,"template":"","format":"standard","meta":{"footnotes":""},"categories":[1],"tags":[],"class_list":["post-487547","post","type-post","status-publish","format-standard","has-post-thumbnail","hentry","category-actualidad"],"aioseo_notices":[],"aioseo_head":"\n\t\t<!-- All in One SEO Pro 5.0.1 - aioseo.com -->\n\t<meta name=\"description\" content=\"Ginebra, 9 feb (EFE).- El miedo al trabajador inmigrante procedente de la Uni\u00f3n Europea se ha impuesto frente a todos los argumentos en su defensa de la clase pol\u00edtica y de las organizaciones econ\u00f3micas de Suiza, que en tres a\u00f1os restablecer\u00e1 el sistema de cuotas para regular su entrada al mercado laboral. El Gobierno Federal\" \/>\n\t<meta name=\"robots\" content=\"max-image-preview:large\" \/>\n\t<meta name=\"author\" content=\"El Digital de Asturias\"\/>\n\t<meta name=\"google-site-verification\" content=\"UA-38556648-1\" \/>\n\t<meta name=\"msvalidate.01\" content=\"7dfe9f3f1b24437ab69f4f2559babe99\" \/>\n\t<meta name=\"keywords\" content=\"actualidad\" \/>\n\t<link rel=\"canonical\" href=\"https:\/\/www.eldigitaldeasturias.com\/noticias\/el-miedo-al-trabajador-europeo-inmigrante-se-impone-entre-los-suizos\/\" \/>\n\t<meta name=\"generator\" content=\"All in One SEO Pro (AIOSEO) 5.0.1\" \/>\n\t\t<meta property=\"og:locale\" content=\"es_ES\" \/>\n\t\t<meta property=\"og:site_name\" content=\"El Digital de Asturias\" \/>\n\t\t<meta property=\"og:type\" content=\"article\" \/>\n\t\t<meta property=\"og:title\" content=\"El miedo al trabajador europeo inmigrante se impone entre los suizos - El Digital de Asturias\" \/>\n\t\t<meta property=\"og:description\" content=\"Ginebra, 9 feb (EFE).- El miedo al trabajador inmigrante procedente de la Uni\u00f3n Europea se ha impuesto frente a todos los argumentos en su defensa de la clase pol\u00edtica y de las organizaciones econ\u00f3micas de Suiza, que en tres a\u00f1os restablecer\u00e1 el sistema de cuotas para regular su entrada al mercado laboral. El Gobierno Federal\" \/>\n\t\t<meta property=\"og:url\" content=\"https:\/\/www.eldigitaldeasturias.com\/noticias\/el-miedo-al-trabajador-europeo-inmigrante-se-impone-entre-los-suizos\/\" \/>\n\t\t<meta property=\"article:tag\" content=\"actualidad\" \/>\n\t\t<meta property=\"article:published_time\" content=\"2014-02-09T23:38:21+00:00\" \/>\n\t\t<meta property=\"article:modified_time\" content=\"2014-02-09T23:38:21+00:00\" \/>\n\t\t<meta property=\"article:publisher\" content=\"https:\/\/facebook.com\/eldigitaldeasturias\" \/>\n\t\t<meta name=\"twitter:card\" content=\"summary_large_image\" \/>\n\t\t<meta name=\"twitter:title\" content=\"El miedo al trabajador europeo inmigrante se impone entre los suizos - El Digital de Asturias\" \/>\n\t\t<meta name=\"twitter:description\" content=\"Ginebra, 9 feb (EFE).- El miedo al trabajador inmigrante procedente de la Uni\u00f3n Europea se ha impuesto frente a todos los argumentos en su defensa de la clase pol\u00edtica y de las organizaciones econ\u00f3micas de Suiza, que en tres a\u00f1os restablecer\u00e1 el sistema de cuotas para regular su entrada al mercado laboral. El Gobierno Federal\" \/>\n\t\t<meta name=\"twitter:label1\" content=\"Escrito por\" \/>\n\t\t<meta name=\"twitter:data1\" content=\"El Digital de Asturias\" \/>\n\t\t<meta name=\"twitter:label2\" content=\"Tiempo de lectura estimado\" \/>\n\t\t<meta name=\"twitter:data2\" content=\"3 minutos\" \/>\n\t\t<script type=\"application\/ld+json\" class=\"aioseo-schema\">\n\t\t\t{\"@context\":\"https:\\\/\\\/schema.org\",\"@graph\":[{\"@type\":\"BlogPosting\",\"@id\":\"https:\\\/\\\/www.eldigitaldeasturias.com\\\/noticias\\\/el-miedo-al-trabajador-europeo-inmigrante-se-impone-entre-los-suizos\\\/#blogposting\",\"name\":\"El miedo al trabajador europeo inmigrante se impone entre los suizos - El Digital de Asturias\",\"headline\":\"El miedo al trabajador europeo inmigrante se impone entre los suizos\",\"author\":{\"@id\":\"https:\\\/\\\/www.eldigitaldeasturias.com\\\/noticias\\\/author\\\/admin\\\/#author\"},\"publisher\":{\"@id\":\"https:\\\/\\\/www.eldigitaldeasturias.com\\\/noticias\\\/#organization\"},\"image\":{\"@type\":\"ImageObject\",\"url\":487548},\"datePublished\":\"2014-02-09T22:38:21+01:00\",\"dateModified\":\"2014-02-09T22:38:21+01:00\",\"inLanguage\":\"es-ES\",\"mainEntityOfPage\":{\"@id\":\"https:\\\/\\\/www.eldigitaldeasturias.com\\\/noticias\\\/el-miedo-al-trabajador-europeo-inmigrante-se-impone-entre-los-suizos\\\/#webpage\"},\"isPartOf\":{\"@id\":\"https:\\\/\\\/www.eldigitaldeasturias.com\\\/noticias\\\/el-miedo-al-trabajador-europeo-inmigrante-se-impone-entre-los-suizos\\\/#webpage\"},\"articleSection\":\"Actualidad\"},{\"@type\":\"BreadcrumbList\",\"@id\":\"https:\\\/\\\/www.eldigitaldeasturias.com\\\/noticias\\\/el-miedo-al-trabajador-europeo-inmigrante-se-impone-entre-los-suizos\\\/#breadcrumblist\",\"itemListElement\":[{\"@type\":\"ListItem\",\"@id\":\"https:\\\/\\\/www.eldigitaldeasturias.com\\\/noticias#listItem\",\"position\":1,\"name\":\"Home\",\"item\":\"https:\\\/\\\/www.eldigitaldeasturias.com\\\/noticias\",\"nextItem\":{\"@type\":\"ListItem\",\"@id\":\"https:\\\/\\\/www.eldigitaldeasturias.com\\\/noticias\\\/category\\\/actualidad\\\/#listItem\",\"name\":\"Actualidad\"}},{\"@type\":\"ListItem\",\"@id\":\"https:\\\/\\\/www.eldigitaldeasturias.com\\\/noticias\\\/category\\\/actualidad\\\/#listItem\",\"position\":2,\"name\":\"Actualidad\",\"item\":\"https:\\\/\\\/www.eldigitaldeasturias.com\\\/noticias\\\/category\\\/actualidad\\\/\",\"nextItem\":{\"@type\":\"ListItem\",\"@id\":\"https:\\\/\\\/www.eldigitaldeasturias.com\\\/noticias\\\/el-miedo-al-trabajador-europeo-inmigrante-se-impone-entre-los-suizos\\\/#listItem\",\"name\":\"El miedo al trabajador europeo inmigrante se impone entre los suizos\"},\"previousItem\":{\"@type\":\"ListItem\",\"@id\":\"https:\\\/\\\/www.eldigitaldeasturias.com\\\/noticias#listItem\",\"name\":\"Home\"}},{\"@type\":\"ListItem\",\"@id\":\"https:\\\/\\\/www.eldigitaldeasturias.com\\\/noticias\\\/el-miedo-al-trabajador-europeo-inmigrante-se-impone-entre-los-suizos\\\/#listItem\",\"position\":3,\"name\":\"El miedo al trabajador europeo inmigrante se impone entre los suizos\",\"previousItem\":{\"@type\":\"ListItem\",\"@id\":\"https:\\\/\\\/www.eldigitaldeasturias.com\\\/noticias\\\/category\\\/actualidad\\\/#listItem\",\"name\":\"Actualidad\"}}]},{\"@type\":\"Organization\",\"@id\":\"https:\\\/\\\/www.eldigitaldeasturias.com\\\/noticias\\\/#organization\",\"name\":\"El Digital de Asturias\",\"description\":\"Hemeroteca\",\"url\":\"https:\\\/\\\/www.eldigitaldeasturias.com\\\/noticias\\\/\",\"email\":\"info@eldigitaldeasturias.com\",\"telephone\":\"+34652131393\",\"logo\":{\"@type\":\"ImageObject\",\"url\":\"https:\\\/\\\/www.eldigitaldeasturias.com\\\/noticias\\\/wp-content\\\/uploads\\\/2020\\\/12\\\/EDA.jpg\",\"@id\":\"https:\\\/\\\/www.eldigitaldeasturias.com\\\/noticias\\\/el-miedo-al-trabajador-europeo-inmigrante-se-impone-entre-los-suizos\\\/#organizationLogo\"},\"image\":{\"@id\":\"https:\\\/\\\/www.eldigitaldeasturias.com\\\/noticias\\\/el-miedo-al-trabajador-europeo-inmigrante-se-impone-entre-los-suizos\\\/#organizationLogo\"},\"sameAs\":[\"https:\\\/\\\/facebook.com\\\/eldigitaldeasturias\",\"https:\\\/\\\/www.youtube.com\\\/channel\\\/UCZP-2wLEB9Rv6erhFmqVnvg\"],\"address\":{\"@id\":\"https:\\\/\\\/www.eldigitaldeasturias.com\\\/noticias\\\/#postaladdress\",\"@type\":\"PostalAddress\",\"streetAddress\":\"san antonio 4\",\"postalCode\":\"33430\",\"addressLocality\":\"Cand\\u00e1s\",\"addressRegion\":\"Asturias\",\"addressCountry\":\"ES\"}},{\"@type\":\"Person\",\"@id\":\"https:\\\/\\\/www.eldigitaldeasturias.com\\\/noticias\\\/author\\\/admin\\\/#author\",\"url\":\"https:\\\/\\\/www.eldigitaldeasturias.com\\\/noticias\\\/author\\\/admin\\\/\",\"name\":\"El Digital de Asturias\",\"image\":{\"@type\":\"ImageObject\",\"@id\":\"https:\\\/\\\/www.eldigitaldeasturias.com\\\/noticias\\\/el-miedo-al-trabajador-europeo-inmigrante-se-impone-entre-los-suizos\\\/#authorImage\",\"url\":\"https:\\\/\\\/secure.gravatar.com\\\/avatar\\\/df2aeffc32bcd13f8d26072ef8a91b623d677766deac7f97ca815868cd41bf5e?s=96&d=mm&r=g\",\"width\":96,\"height\":96,\"caption\":\"El Digital de Asturias\"}},{\"@type\":\"WebPage\",\"@id\":\"https:\\\/\\\/www.eldigitaldeasturias.com\\\/noticias\\\/el-miedo-al-trabajador-europeo-inmigrante-se-impone-entre-los-suizos\\\/#webpage\",\"url\":\"https:\\\/\\\/www.eldigitaldeasturias.com\\\/noticias\\\/el-miedo-al-trabajador-europeo-inmigrante-se-impone-entre-los-suizos\\\/\",\"name\":\"El miedo al trabajador europeo inmigrante se impone entre los suizos - El Digital de Asturias\",\"description\":\"Ginebra, 9 feb (EFE).- El miedo al trabajador inmigrante procedente de la Uni\\u00f3n Europea se ha impuesto frente a todos los argumentos en su defensa de la clase pol\\u00edtica y de las organizaciones econ\\u00f3micas de Suiza, que en tres a\\u00f1os restablecer\\u00e1 el sistema de cuotas para regular su entrada al mercado laboral. El Gobierno Federal\",\"inLanguage\":\"es-ES\",\"isPartOf\":{\"@id\":\"https:\\\/\\\/www.eldigitaldeasturias.com\\\/noticias\\\/#website\"},\"breadcrumb\":{\"@id\":\"https:\\\/\\\/www.eldigitaldeasturias.com\\\/noticias\\\/el-miedo-al-trabajador-europeo-inmigrante-se-impone-entre-los-suizos\\\/#breadcrumblist\"},\"author\":{\"@id\":\"https:\\\/\\\/www.eldigitaldeasturias.com\\\/noticias\\\/author\\\/admin\\\/#author\"},\"creator\":{\"@id\":\"https:\\\/\\\/www.eldigitaldeasturias.com\\\/noticias\\\/author\\\/admin\\\/#author\"},\"image\":{\"@type\":\"ImageObject\",\"url\":487548,\"@id\":\"https:\\\/\\\/www.eldigitaldeasturias.com\\\/noticias\\\/el-miedo-al-trabajador-europeo-inmigrante-se-impone-entre-los-suizos\\\/#mainImage\"},\"primaryImageOfPage\":{\"@id\":\"https:\\\/\\\/www.eldigitaldeasturias.com\\\/noticias\\\/el-miedo-al-trabajador-europeo-inmigrante-se-impone-entre-los-suizos\\\/#mainImage\"},\"datePublished\":\"2014-02-09T22:38:21+01:00\",\"dateModified\":\"2014-02-09T22:38:21+01:00\"},{\"@type\":\"WebSite\",\"@id\":\"https:\\\/\\\/www.eldigitaldeasturias.com\\\/noticias\\\/#website\",\"url\":\"https:\\\/\\\/www.eldigitaldeasturias.com\\\/noticias\\\/\",\"name\":\"El Digital de Asturias - Diario de actualidad y noticias\",\"alternateName\":\"El Digital de Asturias - Diario de actualidad y noticias\",\"description\":\"Hemeroteca\",\"inLanguage\":\"es-ES\",\"publisher\":{\"@id\":\"https:\\\/\\\/www.eldigitaldeasturias.com\\\/noticias\\\/#organization\"}}]}\n\t\t<\/script>\n\t\t<!-- All in One SEO Pro -->\r\n\t\t<title>El miedo al trabajador europeo inmigrante se impone entre los suizos - El Digital de Asturias<\/title>\n\n","aioseo_head_json":{"title":"El miedo al trabajador europeo inmigrante se impone entre los suizos - El Digital de Asturias","description":"Ginebra, 9 feb (EFE).- El miedo al trabajador inmigrante procedente de la Uni\u00f3n Europea se ha impuesto frente a todos los argumentos en su defensa de la clase pol\u00edtica y de las organizaciones econ\u00f3micas de Suiza, que en tres a\u00f1os restablecer\u00e1 el sistema de cuotas para regular su entrada al mercado laboral. El Gobierno Federal","canonical_url":"https:\/\/www.eldigitaldeasturias.com\/noticias\/el-miedo-al-trabajador-europeo-inmigrante-se-impone-entre-los-suizos\/","robots":"max-image-preview:large","keywords":"actualidad","webmasterTools":{"google-site-verification":"UA-38556648-1","msvalidate.01":"7dfe9f3f1b24437ab69f4f2559babe99","miscellaneous":""},"schema":{"@context":"https:\/\/schema.org","@graph":[{"@type":"BlogPosting","@id":"https:\/\/www.eldigitaldeasturias.com\/noticias\/el-miedo-al-trabajador-europeo-inmigrante-se-impone-entre-los-suizos\/#blogposting","name":"El miedo al trabajador europeo inmigrante se impone entre los suizos - El Digital de Asturias","headline":"El miedo al trabajador europeo inmigrante se impone entre los suizos","author":{"@id":"https:\/\/www.eldigitaldeasturias.com\/noticias\/author\/admin\/#author"},"publisher":{"@id":"https:\/\/www.eldigitaldeasturias.com\/noticias\/#organization"},"image":{"@type":"ImageObject","url":487548},"datePublished":"2014-02-09T22:38:21+01:00","dateModified":"2014-02-09T22:38:21+01:00","inLanguage":"es-ES","mainEntityOfPage":{"@id":"https:\/\/www.eldigitaldeasturias.com\/noticias\/el-miedo-al-trabajador-europeo-inmigrante-se-impone-entre-los-suizos\/#webpage"},"isPartOf":{"@id":"https:\/\/www.eldigitaldeasturias.com\/noticias\/el-miedo-al-trabajador-europeo-inmigrante-se-impone-entre-los-suizos\/#webpage"},"articleSection":"Actualidad"},{"@type":"BreadcrumbList","@id":"https:\/\/www.eldigitaldeasturias.com\/noticias\/el-miedo-al-trabajador-europeo-inmigrante-se-impone-entre-los-suizos\/#breadcrumblist","itemListElement":[{"@type":"ListItem","@id":"https:\/\/www.eldigitaldeasturias.com\/noticias#listItem","position":1,"name":"Home","item":"https:\/\/www.eldigitaldeasturias.com\/noticias","nextItem":{"@type":"ListItem","@id":"https:\/\/www.eldigitaldeasturias.com\/noticias\/category\/actualidad\/#listItem","name":"Actualidad"}},{"@type":"ListItem","@id":"https:\/\/www.eldigitaldeasturias.com\/noticias\/category\/actualidad\/#listItem","position":2,"name":"Actualidad","item":"https:\/\/www.eldigitaldeasturias.com\/noticias\/category\/actualidad\/","nextItem":{"@type":"ListItem","@id":"https:\/\/www.eldigitaldeasturias.com\/noticias\/el-miedo-al-trabajador-europeo-inmigrante-se-impone-entre-los-suizos\/#listItem","name":"El miedo al trabajador europeo inmigrante se impone entre los suizos"},"previousItem":{"@type":"ListItem","@id":"https:\/\/www.eldigitaldeasturias.com\/noticias#listItem","name":"Home"}},{"@type":"ListItem","@id":"https:\/\/www.eldigitaldeasturias.com\/noticias\/el-miedo-al-trabajador-europeo-inmigrante-se-impone-entre-los-suizos\/#listItem","position":3,"name":"El miedo al trabajador europeo inmigrante se impone entre los suizos","previousItem":{"@type":"ListItem","@id":"https:\/\/www.eldigitaldeasturias.com\/noticias\/category\/actualidad\/#listItem","name":"Actualidad"}}]},{"@type":"Organization","@id":"https:\/\/www.eldigitaldeasturias.com\/noticias\/#organization","name":"El Digital de Asturias","description":"Hemeroteca","url":"https:\/\/www.eldigitaldeasturias.com\/noticias\/","email":"info@eldigitaldeasturias.com","telephone":"+34652131393","logo":{"@type":"ImageObject","url":"https:\/\/www.eldigitaldeasturias.com\/noticias\/wp-content\/uploads\/2020\/12\/EDA.jpg","@id":"https:\/\/www.eldigitaldeasturias.com\/noticias\/el-miedo-al-trabajador-europeo-inmigrante-se-impone-entre-los-suizos\/#organizationLogo"},"image":{"@id":"https:\/\/www.eldigitaldeasturias.com\/noticias\/el-miedo-al-trabajador-europeo-inmigrante-se-impone-entre-los-suizos\/#organizationLogo"},"sameAs":["https:\/\/facebook.com\/eldigitaldeasturias","https:\/\/www.youtube.com\/channel\/UCZP-2wLEB9Rv6erhFmqVnvg"],"address":{"@id":"https:\/\/www.eldigitaldeasturias.com\/noticias\/#postaladdress","@type":"PostalAddress","streetAddress":"san antonio 4","postalCode":"33430","addressLocality":"Cand\u00e1s","addressRegion":"Asturias","addressCountry":"ES"}},{"@type":"Person","@id":"https:\/\/www.eldigitaldeasturias.com\/noticias\/author\/admin\/#author","url":"https:\/\/www.eldigitaldeasturias.com\/noticias\/author\/admin\/","name":"El Digital de Asturias","image":{"@type":"ImageObject","@id":"https:\/\/www.eldigitaldeasturias.com\/noticias\/el-miedo-al-trabajador-europeo-inmigrante-se-impone-entre-los-suizos\/#authorImage","url":"https:\/\/secure.gravatar.com\/avatar\/df2aeffc32bcd13f8d26072ef8a91b623d677766deac7f97ca815868cd41bf5e?s=96&d=mm&r=g","width":96,"height":96,"caption":"El Digital de Asturias"}},{"@type":"WebPage","@id":"https:\/\/www.eldigitaldeasturias.com\/noticias\/el-miedo-al-trabajador-europeo-inmigrante-se-impone-entre-los-suizos\/#webpage","url":"https:\/\/www.eldigitaldeasturias.com\/noticias\/el-miedo-al-trabajador-europeo-inmigrante-se-impone-entre-los-suizos\/","name":"El miedo al trabajador europeo inmigrante se impone entre los suizos - El Digital de Asturias","description":"Ginebra, 9 feb (EFE).- El miedo al trabajador inmigrante procedente de la Uni\u00f3n Europea se ha impuesto frente a todos los argumentos en su defensa de la clase pol\u00edtica y de las organizaciones econ\u00f3micas de Suiza, que en tres a\u00f1os restablecer\u00e1 el sistema de cuotas para regular su entrada al mercado laboral. El Gobierno Federal","inLanguage":"es-ES","isPartOf":{"@id":"https:\/\/www.eldigitaldeasturias.com\/noticias\/#website"},"breadcrumb":{"@id":"https:\/\/www.eldigitaldeasturias.com\/noticias\/el-miedo-al-trabajador-europeo-inmigrante-se-impone-entre-los-suizos\/#breadcrumblist"},"author":{"@id":"https:\/\/www.eldigitaldeasturias.com\/noticias\/author\/admin\/#author"},"creator":{"@id":"https:\/\/www.eldigitaldeasturias.com\/noticias\/author\/admin\/#author"},"image":{"@type":"ImageObject","url":487548,"@id":"https:\/\/www.eldigitaldeasturias.com\/noticias\/el-miedo-al-trabajador-europeo-inmigrante-se-impone-entre-los-suizos\/#mainImage"},"primaryImageOfPage":{"@id":"https:\/\/www.eldigitaldeasturias.com\/noticias\/el-miedo-al-trabajador-europeo-inmigrante-se-impone-entre-los-suizos\/#mainImage"},"datePublished":"2014-02-09T22:38:21+01:00","dateModified":"2014-02-09T22:38:21+01:00"},{"@type":"WebSite","@id":"https:\/\/www.eldigitaldeasturias.com\/noticias\/#website","url":"https:\/\/www.eldigitaldeasturias.com\/noticias\/","name":"El Digital de Asturias - Diario de actualidad y noticias","alternateName":"El Digital de Asturias - Diario de actualidad y noticias","description":"Hemeroteca","inLanguage":"es-ES","publisher":{"@id":"https:\/\/www.eldigitaldeasturias.com\/noticias\/#organization"}}]},"og:locale":"es_ES","og:site_name":"El Digital de Asturias","og:type":"article","og:title":"El miedo al trabajador europeo inmigrante se impone entre los suizos - El Digital de Asturias","og:description":"Ginebra, 9 feb (EFE).- El miedo al trabajador inmigrante procedente de la Uni\u00f3n Europea se ha impuesto frente a todos los argumentos en su defensa de la clase pol\u00edtica y de las organizaciones econ\u00f3micas de Suiza, que en tres a\u00f1os restablecer\u00e1 el sistema de cuotas para regular su entrada al mercado laboral. El Gobierno Federal","og:url":"https:\/\/www.eldigitaldeasturias.com\/noticias\/el-miedo-al-trabajador-europeo-inmigrante-se-impone-entre-los-suizos\/","article:tag":["actualidad"],"article:published_time":"2014-02-09T23:38:21+00:00","article:modified_time":"2014-02-09T23:38:21+00:00","article:publisher":"https:\/\/facebook.com\/eldigitaldeasturias","twitter:card":"summary_large_image","twitter:title":"El miedo al trabajador europeo inmigrante se impone entre los suizos - El Digital de Asturias","twitter:description":"Ginebra, 9 feb (EFE).- El miedo al trabajador inmigrante procedente de la Uni\u00f3n Europea se ha impuesto frente a todos los argumentos en su defensa de la clase pol\u00edtica y de las organizaciones econ\u00f3micas de Suiza, que en tres a\u00f1os restablecer\u00e1 el sistema de cuotas para regular su entrada al mercado laboral. El Gobierno Federal","twitter:label1":"Escrito por","twitter:data1":"El Digital de Asturias","twitter:label2":"Tiempo de lectura estimado","twitter:data2":"3 minutos"},"aioseo_meta_data":{"post_id":"487547","title":null,"description":null,"keywords":null,"keyphrases":null,"primary_term":null,"canonical_url":null,"og_title":null,"og_description":null,"og_object_type":"default","og_image_type":"default","og_image_url":null,"og_image_width":null,"og_image_height":null,"og_image_custom_url":null,"og_image_custom_fields":null,"og_video":null,"og_custom_url":null,"og_article_section":null,"og_article_tags":null,"twitter_use_og":true,"twitter_card":"default","twitter_image_type":"default","twitter_image_url":null,"twitter_image_custom_url":null,"twitter_image_custom_fields":null,"twitter_title":null,"twitter_description":null,"schema":{"blockGraphs":[],"customGraphs":[],"default":{"data":{"Article":[],"Course":[],"Dataset":[],"FAQPage":[],"Movie":[],"Person":[],"Product":[],"ProductReview":[],"Car":[],"Recipe":[],"Service":[],"SoftwareApplication":[],"WebPage":[]},"graphName":"","isEnabled":true},"graphs":[],"defaultGraph":"","defaultPostTypeGraph":""},"schema_type":null,"schema_type_options":null,"pillar_content":false,"robots_default":true,"robots_noindex":false,"robots_noarchive":false,"robots_nosnippet":false,"robots_nofollow":false,"robots_noimageindex":false,"robots_noodp":false,"robots_notranslate":false,"robots_max_snippet":null,"robots_max_videopreview":null,"robots_max_imagepreview":"none","priority":null,"frequency":null,"local_seo":null,"seo_analyzer_scan_date":"2026-06-03 05:05:40","breadcrumb_settings":null,"limit_modified_date":false,"open_ai":null,"ai":null,"created":"2020-11-14 22:56:26","updated":"2026-06-03 05:05:40","focus_keyword":null,"additional_keywords":null,"truseo_locale":null},"aioseo_breadcrumb":"<div class=\"aioseo-breadcrumbs\"><span class=\"aioseo-breadcrumb\">\n\t<a href=\"https:\/\/www.eldigitaldeasturias.com\/noticias\" title=\"Home\">Home<\/a>\n<\/span><span class=\"aioseo-breadcrumb-separator\">\u2013<\/span><span class=\"aioseo-breadcrumb\">\n\t<a href=\"https:\/\/www.eldigitaldeasturias.com\/noticias\/category\/actualidad\/\" title=\"Actualidad\">Actualidad<\/a>\n<\/span><span class=\"aioseo-breadcrumb-separator\">\u2013<\/span><span class=\"aioseo-breadcrumb\">\n\t<a href=\"https:\/\/www.eldigitaldeasturias.com\/noticias\/el-miedo-al-trabajador-europeo-inmigrante-se-impone-entre-los-suizos\/\" title=\"El miedo al trabajador europeo inmigrante se impone entre los suizos\">El miedo al trabajador europeo inmigrante se impone entre los suizos<\/a>\n<\/span><\/div>","aioseo_breadcrumb_json":[{"label":"Home","link":"https:\/\/www.eldigitaldeasturias.com\/noticias"},{"label":"Actualidad","link":"https:\/\/www.eldigitaldeasturias.com\/noticias\/category\/actualidad\/"},{"label":"El miedo al trabajador europeo inmigrante se impone entre los suizos","link":"https:\/\/www.eldigitaldeasturias.com\/noticias\/el-miedo-al-trabajador-europeo-inmigrante-se-impone-entre-los-suizos\/"}],"_links":{"self":[{"href":"https:\/\/www.eldigitaldeasturias.com\/noticias\/wp-json\/wp\/v2\/posts\/487547","targetHints":{"allow":["GET"]}}],"collection":[{"href":"https:\/\/www.eldigitaldeasturias.com\/noticias\/wp-json\/wp\/v2\/posts"}],"about":[{"href":"https:\/\/www.eldigitaldeasturias.com\/noticias\/wp-json\/wp\/v2\/types\/post"}],"author":[{"embeddable":true,"href":"https:\/\/www.eldigitaldeasturias.com\/noticias\/wp-json\/wp\/v2\/users\/1"}],"replies":[{"embeddable":true,"href":"https:\/\/www.eldigitaldeasturias.com\/noticias\/wp-json\/wp\/v2\/comments?post=487547"}],"version-history":[{"count":0,"href":"https:\/\/www.eldigitaldeasturias.com\/noticias\/wp-json\/wp\/v2\/posts\/487547\/revisions"}],"wp:attachment":[{"href":"https:\/\/www.eldigitaldeasturias.com\/noticias\/wp-json\/wp\/v2\/media?parent=487547"}],"wp:term":[{"taxonomy":"category","embeddable":true,"href":"https:\/\/www.eldigitaldeasturias.com\/noticias\/wp-json\/wp\/v2\/categories?post=487547"},{"taxonomy":"post_tag","embeddable":true,"href":"https:\/\/www.eldigitaldeasturias.com\/noticias\/wp-json\/wp\/v2\/tags?post=487547"}],"curies":[{"name":"wp","href":"https:\/\/api.w.org\/{rel}","templated":true}]}}