{"id":487541,"date":"2014-02-09T22:36:06","date_gmt":"2014-02-09T23:36:06","guid":{"rendered":"http:\/\/www.eldigitaldeasturias.com\/noticias\/?p=487541"},"modified":"2014-02-09T22:36:06","modified_gmt":"2014-02-09T23:36:06","slug":"muere-un-oficial-de-la-inteligencia-yemeni-en-un-atentado-en-sana","status":"publish","type":"post","link":"https:\/\/www.eldigitaldeasturias.com\/noticias\/muere-un-oficial-de-la-inteligencia-yemeni-en-un-atentado-en-sana\/","title":{"rendered":"Muere un oficial de la inteligencia yemen\u00ed en un atentado en San\u00e1"},"content":{"rendered":"<p><img loading=\"lazy\" decoding=\"async\" class=\"alignleft size-medium wp-image-487542\" alt=\"5925545w\" src=\"https:\/\/www.eldigitaldeasturias.com\/noticias\/wp-content\/uploads\/2014\/02\/5925545w-360x239.jpg\" width=\"360\" height=\"239\" \/>San\u00e1, 9 feb (EFE).- Un oficial de los servicios secretos de Yemen muri\u00f3 hoy y dos civiles resultaron heridos por el estallido de una bomba, colocada en el veh\u00edculo del militar, en las proximidades del Ministerio yemen\u00ed del Petr\u00f3leo, en San\u00e1.<\/p>\n<p>Una fuente de seguridad inform\u00f3 a Efe de que la v\u00edctima mortal es el coronel del departamento de Seguridad Pol\u00edtica (la inteligencia yemen\u00ed) Mohamed Sabel, y que los heridos son civiles que pasaban por el lugar.<\/p>\n<p>La bomba estaba situada bajo el asiento del veh\u00edculo del coronel, cuyo asesinato todav\u00eda no ha sido reivindicado por ning\u00fan grupo.<\/p>\n<p>La agencia oficial de noticias yemen\u00ed Saba se\u00f1al\u00f3 que dicha explosi\u00f3n caus\u00f3 la muerte a dos personas, sin especificar si el citado general se encuentra entre las v\u00edctimas.<\/p>\n<p>Los oficiales y miembros del departamento de Seguridad Pol\u00edtica se encargan de perseguir a los combatientes de Al Qaeda, por lo que se han convertido en objetivo preferido de los extremistas.<\/p>\n","protected":false},"excerpt":{"rendered":"<p>San\u00e1, 9 feb (EFE).- Un oficial de los servicios secretos de Yemen muri\u00f3 hoy y dos civiles resultaron heridos por el estallido de una bomba, colocada en el veh\u00edculo del militar, en las proximidades del Ministerio yemen\u00ed del Petr\u00f3leo, en San\u00e1. Una fuente de seguridad inform\u00f3 a Efe de que la v\u00edctima mortal es el [&hellip;]<\/p>\n","protected":false},"author":1,"featured_media":487542,"comment_status":"open","ping_status":"open","sticky":false,"template":"","format":"standard","meta":{"footnotes":""},"categories":[1],"tags":[],"class_list":["post-487541","post","type-post","status-publish","format-standard","has-post-thumbnail","hentry","category-actualidad"],"aioseo_notices":[],"aioseo_head":"\n\t\t<!-- All in One SEO Pro 5.0.1 - aioseo.com -->\n\t<meta name=\"description\" content=\"San\u00e1, 9 feb (EFE).- Un oficial de los servicios secretos de Yemen muri\u00f3 hoy y dos civiles resultaron heridos por el estallido de una bomba, colocada en el veh\u00edculo del militar, en las proximidades del Ministerio yemen\u00ed del Petr\u00f3leo, en San\u00e1. Una fuente de seguridad inform\u00f3 a Efe de que la v\u00edctima mortal es el\" \/>\n\t<meta name=\"robots\" content=\"max-image-preview:large\" \/>\n\t<meta name=\"author\" content=\"El Digital de Asturias\"\/>\n\t<meta name=\"google-site-verification\" content=\"UA-38556648-1\" \/>\n\t<meta name=\"msvalidate.01\" content=\"7dfe9f3f1b24437ab69f4f2559babe99\" \/>\n\t<meta name=\"keywords\" content=\"actualidad\" \/>\n\t<link rel=\"canonical\" href=\"https:\/\/www.eldigitaldeasturias.com\/noticias\/muere-un-oficial-de-la-inteligencia-yemeni-en-un-atentado-en-sana\/\" \/>\n\t<meta name=\"generator\" content=\"All in One SEO Pro (AIOSEO) 5.0.1\" \/>\n\t\t<meta property=\"og:locale\" content=\"es_ES\" \/>\n\t\t<meta property=\"og:site_name\" content=\"El Digital de Asturias\" \/>\n\t\t<meta property=\"og:type\" content=\"article\" \/>\n\t\t<meta property=\"og:title\" content=\"Muere un oficial de la inteligencia yemen\u00ed en un atentado en San\u00e1 - El Digital de Asturias\" \/>\n\t\t<meta property=\"og:description\" content=\"San\u00e1, 9 feb (EFE).- Un oficial de los servicios secretos de Yemen muri\u00f3 hoy y dos civiles resultaron heridos por el estallido de una bomba, colocada en el veh\u00edculo del militar, en las proximidades del Ministerio yemen\u00ed del Petr\u00f3leo, en San\u00e1. Una fuente de seguridad inform\u00f3 a Efe de que la v\u00edctima mortal es el\" \/>\n\t\t<meta property=\"og:url\" content=\"https:\/\/www.eldigitaldeasturias.com\/noticias\/muere-un-oficial-de-la-inteligencia-yemeni-en-un-atentado-en-sana\/\" \/>\n\t\t<meta property=\"article:tag\" content=\"actualidad\" \/>\n\t\t<meta property=\"article:published_time\" content=\"2014-02-09T23:36:06+00:00\" \/>\n\t\t<meta property=\"article:modified_time\" content=\"2014-02-09T23:36:06+00:00\" \/>\n\t\t<meta property=\"article:publisher\" content=\"https:\/\/facebook.com\/eldigitaldeasturias\" \/>\n\t\t<meta name=\"twitter:card\" content=\"summary_large_image\" \/>\n\t\t<meta name=\"twitter:title\" content=\"Muere un oficial de la inteligencia yemen\u00ed en un atentado en San\u00e1 - El Digital de Asturias\" \/>\n\t\t<meta name=\"twitter:description\" content=\"San\u00e1, 9 feb (EFE).- Un oficial de los servicios secretos de Yemen muri\u00f3 hoy y dos civiles resultaron heridos por el estallido de una bomba, colocada en el veh\u00edculo del militar, en las proximidades del Ministerio yemen\u00ed del Petr\u00f3leo, en San\u00e1. Una fuente de seguridad inform\u00f3 a Efe de que la v\u00edctima mortal es el\" \/>\n\t\t<meta name=\"twitter:label1\" content=\"Escrito por\" \/>\n\t\t<meta name=\"twitter:data1\" content=\"El Digital de Asturias\" \/>\n\t\t<meta name=\"twitter:label2\" content=\"Tiempo de lectura estimado\" \/>\n\t\t<meta name=\"twitter:data2\" content=\"1 minuto\" \/>\n\t\t<script type=\"application\/ld+json\" class=\"aioseo-schema\">\n\t\t\t{\"@context\":\"https:\\\/\\\/schema.org\",\"@graph\":[{\"@type\":\"BlogPosting\",\"@id\":\"https:\\\/\\\/www.eldigitaldeasturias.com\\\/noticias\\\/muere-un-oficial-de-la-inteligencia-yemeni-en-un-atentado-en-sana\\\/#blogposting\",\"name\":\"Muere un oficial de la inteligencia yemen\\u00ed en un atentado en San\\u00e1 - El Digital de Asturias\",\"headline\":\"Muere un oficial de la inteligencia yemen\\u00ed en un atentado en San\\u00e1\",\"author\":{\"@id\":\"https:\\\/\\\/www.eldigitaldeasturias.com\\\/noticias\\\/author\\\/admin\\\/#author\"},\"publisher\":{\"@id\":\"https:\\\/\\\/www.eldigitaldeasturias.com\\\/noticias\\\/#organization\"},\"image\":{\"@type\":\"ImageObject\",\"url\":487542},\"datePublished\":\"2014-02-09T22:36:06+01:00\",\"dateModified\":\"2014-02-09T22:36:06+01:00\",\"inLanguage\":\"es-ES\",\"mainEntityOfPage\":{\"@id\":\"https:\\\/\\\/www.eldigitaldeasturias.com\\\/noticias\\\/muere-un-oficial-de-la-inteligencia-yemeni-en-un-atentado-en-sana\\\/#webpage\"},\"isPartOf\":{\"@id\":\"https:\\\/\\\/www.eldigitaldeasturias.com\\\/noticias\\\/muere-un-oficial-de-la-inteligencia-yemeni-en-un-atentado-en-sana\\\/#webpage\"},\"articleSection\":\"Actualidad\"},{\"@type\":\"BreadcrumbList\",\"@id\":\"https:\\\/\\\/www.eldigitaldeasturias.com\\\/noticias\\\/muere-un-oficial-de-la-inteligencia-yemeni-en-un-atentado-en-sana\\\/#breadcrumblist\",\"itemListElement\":[{\"@type\":\"ListItem\",\"@id\":\"https:\\\/\\\/www.eldigitaldeasturias.com\\\/noticias#listItem\",\"position\":1,\"name\":\"Home\",\"item\":\"https:\\\/\\\/www.eldigitaldeasturias.com\\\/noticias\",\"nextItem\":{\"@type\":\"ListItem\",\"@id\":\"https:\\\/\\\/www.eldigitaldeasturias.com\\\/noticias\\\/category\\\/actualidad\\\/#listItem\",\"name\":\"Actualidad\"}},{\"@type\":\"ListItem\",\"@id\":\"https:\\\/\\\/www.eldigitaldeasturias.com\\\/noticias\\\/category\\\/actualidad\\\/#listItem\",\"position\":2,\"name\":\"Actualidad\",\"item\":\"https:\\\/\\\/www.eldigitaldeasturias.com\\\/noticias\\\/category\\\/actualidad\\\/\",\"nextItem\":{\"@type\":\"ListItem\",\"@id\":\"https:\\\/\\\/www.eldigitaldeasturias.com\\\/noticias\\\/muere-un-oficial-de-la-inteligencia-yemeni-en-un-atentado-en-sana\\\/#listItem\",\"name\":\"Muere un oficial de la inteligencia yemen\\u00ed en un atentado en San\\u00e1\"},\"previousItem\":{\"@type\":\"ListItem\",\"@id\":\"https:\\\/\\\/www.eldigitaldeasturias.com\\\/noticias#listItem\",\"name\":\"Home\"}},{\"@type\":\"ListItem\",\"@id\":\"https:\\\/\\\/www.eldigitaldeasturias.com\\\/noticias\\\/muere-un-oficial-de-la-inteligencia-yemeni-en-un-atentado-en-sana\\\/#listItem\",\"position\":3,\"name\":\"Muere un oficial de la inteligencia yemen\\u00ed en un atentado en San\\u00e1\",\"previousItem\":{\"@type\":\"ListItem\",\"@id\":\"https:\\\/\\\/www.eldigitaldeasturias.com\\\/noticias\\\/category\\\/actualidad\\\/#listItem\",\"name\":\"Actualidad\"}}]},{\"@type\":\"Organization\",\"@id\":\"https:\\\/\\\/www.eldigitaldeasturias.com\\\/noticias\\\/#organization\",\"name\":\"El Digital de Asturias\",\"description\":\"Hemeroteca\",\"url\":\"https:\\\/\\\/www.eldigitaldeasturias.com\\\/noticias\\\/\",\"email\":\"info@eldigitaldeasturias.com\",\"telephone\":\"+34652131393\",\"logo\":{\"@type\":\"ImageObject\",\"url\":\"https:\\\/\\\/www.eldigitaldeasturias.com\\\/noticias\\\/wp-content\\\/uploads\\\/2020\\\/12\\\/EDA.jpg\",\"@id\":\"https:\\\/\\\/www.eldigitaldeasturias.com\\\/noticias\\\/muere-un-oficial-de-la-inteligencia-yemeni-en-un-atentado-en-sana\\\/#organizationLogo\"},\"image\":{\"@id\":\"https:\\\/\\\/www.eldigitaldeasturias.com\\\/noticias\\\/muere-un-oficial-de-la-inteligencia-yemeni-en-un-atentado-en-sana\\\/#organizationLogo\"},\"sameAs\":[\"https:\\\/\\\/facebook.com\\\/eldigitaldeasturias\",\"https:\\\/\\\/www.youtube.com\\\/channel\\\/UCZP-2wLEB9Rv6erhFmqVnvg\"],\"address\":{\"@id\":\"https:\\\/\\\/www.eldigitaldeasturias.com\\\/noticias\\\/#postaladdress\",\"@type\":\"PostalAddress\",\"streetAddress\":\"san antonio 4\",\"postalCode\":\"33430\",\"addressLocality\":\"Cand\\u00e1s\",\"addressRegion\":\"Asturias\",\"addressCountry\":\"ES\"}},{\"@type\":\"Person\",\"@id\":\"https:\\\/\\\/www.eldigitaldeasturias.com\\\/noticias\\\/author\\\/admin\\\/#author\",\"url\":\"https:\\\/\\\/www.eldigitaldeasturias.com\\\/noticias\\\/author\\\/admin\\\/\",\"name\":\"El Digital de Asturias\",\"image\":{\"@type\":\"ImageObject\",\"@id\":\"https:\\\/\\\/www.eldigitaldeasturias.com\\\/noticias\\\/muere-un-oficial-de-la-inteligencia-yemeni-en-un-atentado-en-sana\\\/#authorImage\",\"url\":\"https:\\\/\\\/secure.gravatar.com\\\/avatar\\\/df2aeffc32bcd13f8d26072ef8a91b623d677766deac7f97ca815868cd41bf5e?s=96&d=mm&r=g\",\"width\":96,\"height\":96,\"caption\":\"El Digital de Asturias\"}},{\"@type\":\"WebPage\",\"@id\":\"https:\\\/\\\/www.eldigitaldeasturias.com\\\/noticias\\\/muere-un-oficial-de-la-inteligencia-yemeni-en-un-atentado-en-sana\\\/#webpage\",\"url\":\"https:\\\/\\\/www.eldigitaldeasturias.com\\\/noticias\\\/muere-un-oficial-de-la-inteligencia-yemeni-en-un-atentado-en-sana\\\/\",\"name\":\"Muere un oficial de la inteligencia yemen\\u00ed en un atentado en San\\u00e1 - El Digital de Asturias\",\"description\":\"San\\u00e1, 9 feb (EFE).- Un oficial de los servicios secretos de Yemen muri\\u00f3 hoy y dos civiles resultaron heridos por el estallido de una bomba, colocada en el veh\\u00edculo del militar, en las proximidades del Ministerio yemen\\u00ed del Petr\\u00f3leo, en San\\u00e1. Una fuente de seguridad inform\\u00f3 a Efe de que la v\\u00edctima mortal es el\",\"inLanguage\":\"es-ES\",\"isPartOf\":{\"@id\":\"https:\\\/\\\/www.eldigitaldeasturias.com\\\/noticias\\\/#website\"},\"breadcrumb\":{\"@id\":\"https:\\\/\\\/www.eldigitaldeasturias.com\\\/noticias\\\/muere-un-oficial-de-la-inteligencia-yemeni-en-un-atentado-en-sana\\\/#breadcrumblist\"},\"author\":{\"@id\":\"https:\\\/\\\/www.eldigitaldeasturias.com\\\/noticias\\\/author\\\/admin\\\/#author\"},\"creator\":{\"@id\":\"https:\\\/\\\/www.eldigitaldeasturias.com\\\/noticias\\\/author\\\/admin\\\/#author\"},\"image\":{\"@type\":\"ImageObject\",\"url\":487542,\"@id\":\"https:\\\/\\\/www.eldigitaldeasturias.com\\\/noticias\\\/muere-un-oficial-de-la-inteligencia-yemeni-en-un-atentado-en-sana\\\/#mainImage\"},\"primaryImageOfPage\":{\"@id\":\"https:\\\/\\\/www.eldigitaldeasturias.com\\\/noticias\\\/muere-un-oficial-de-la-inteligencia-yemeni-en-un-atentado-en-sana\\\/#mainImage\"},\"datePublished\":\"2014-02-09T22:36:06+01:00\",\"dateModified\":\"2014-02-09T22:36:06+01:00\"},{\"@type\":\"WebSite\",\"@id\":\"https:\\\/\\\/www.eldigitaldeasturias.com\\\/noticias\\\/#website\",\"url\":\"https:\\\/\\\/www.eldigitaldeasturias.com\\\/noticias\\\/\",\"name\":\"El Digital de Asturias - Diario de actualidad y noticias\",\"alternateName\":\"El Digital de Asturias - Diario de actualidad y noticias\",\"description\":\"Hemeroteca\",\"inLanguage\":\"es-ES\",\"publisher\":{\"@id\":\"https:\\\/\\\/www.eldigitaldeasturias.com\\\/noticias\\\/#organization\"}}]}\n\t\t<\/script>\n\t\t<!-- All in One SEO Pro -->\r\n\t\t<title>Muere un oficial de la inteligencia yemen\u00ed en un atentado en San\u00e1 - El Digital de Asturias<\/title>\n\n","aioseo_head_json":{"title":"Muere un oficial de la inteligencia yemen\u00ed en un atentado en San\u00e1 - El Digital de Asturias","description":"San\u00e1, 9 feb (EFE).- Un oficial de los servicios secretos de Yemen muri\u00f3 hoy y dos civiles resultaron heridos por el estallido de una bomba, colocada en el veh\u00edculo del militar, en las proximidades del Ministerio yemen\u00ed del Petr\u00f3leo, en San\u00e1. Una fuente de seguridad inform\u00f3 a Efe de que la v\u00edctima mortal es el","canonical_url":"https:\/\/www.eldigitaldeasturias.com\/noticias\/muere-un-oficial-de-la-inteligencia-yemeni-en-un-atentado-en-sana\/","robots":"max-image-preview:large","keywords":"actualidad","webmasterTools":{"google-site-verification":"UA-38556648-1","msvalidate.01":"7dfe9f3f1b24437ab69f4f2559babe99","miscellaneous":""},"schema":{"@context":"https:\/\/schema.org","@graph":[{"@type":"BlogPosting","@id":"https:\/\/www.eldigitaldeasturias.com\/noticias\/muere-un-oficial-de-la-inteligencia-yemeni-en-un-atentado-en-sana\/#blogposting","name":"Muere un oficial de la inteligencia yemen\u00ed en un atentado en San\u00e1 - El Digital de Asturias","headline":"Muere un oficial de la inteligencia yemen\u00ed en un atentado en San\u00e1","author":{"@id":"https:\/\/www.eldigitaldeasturias.com\/noticias\/author\/admin\/#author"},"publisher":{"@id":"https:\/\/www.eldigitaldeasturias.com\/noticias\/#organization"},"image":{"@type":"ImageObject","url":487542},"datePublished":"2014-02-09T22:36:06+01:00","dateModified":"2014-02-09T22:36:06+01:00","inLanguage":"es-ES","mainEntityOfPage":{"@id":"https:\/\/www.eldigitaldeasturias.com\/noticias\/muere-un-oficial-de-la-inteligencia-yemeni-en-un-atentado-en-sana\/#webpage"},"isPartOf":{"@id":"https:\/\/www.eldigitaldeasturias.com\/noticias\/muere-un-oficial-de-la-inteligencia-yemeni-en-un-atentado-en-sana\/#webpage"},"articleSection":"Actualidad"},{"@type":"BreadcrumbList","@id":"https:\/\/www.eldigitaldeasturias.com\/noticias\/muere-un-oficial-de-la-inteligencia-yemeni-en-un-atentado-en-sana\/#breadcrumblist","itemListElement":[{"@type":"ListItem","@id":"https:\/\/www.eldigitaldeasturias.com\/noticias#listItem","position":1,"name":"Home","item":"https:\/\/www.eldigitaldeasturias.com\/noticias","nextItem":{"@type":"ListItem","@id":"https:\/\/www.eldigitaldeasturias.com\/noticias\/category\/actualidad\/#listItem","name":"Actualidad"}},{"@type":"ListItem","@id":"https:\/\/www.eldigitaldeasturias.com\/noticias\/category\/actualidad\/#listItem","position":2,"name":"Actualidad","item":"https:\/\/www.eldigitaldeasturias.com\/noticias\/category\/actualidad\/","nextItem":{"@type":"ListItem","@id":"https:\/\/www.eldigitaldeasturias.com\/noticias\/muere-un-oficial-de-la-inteligencia-yemeni-en-un-atentado-en-sana\/#listItem","name":"Muere un oficial de la inteligencia yemen\u00ed en un atentado en San\u00e1"},"previousItem":{"@type":"ListItem","@id":"https:\/\/www.eldigitaldeasturias.com\/noticias#listItem","name":"Home"}},{"@type":"ListItem","@id":"https:\/\/www.eldigitaldeasturias.com\/noticias\/muere-un-oficial-de-la-inteligencia-yemeni-en-un-atentado-en-sana\/#listItem","position":3,"name":"Muere un oficial de la inteligencia yemen\u00ed en un atentado en San\u00e1","previousItem":{"@type":"ListItem","@id":"https:\/\/www.eldigitaldeasturias.com\/noticias\/category\/actualidad\/#listItem","name":"Actualidad"}}]},{"@type":"Organization","@id":"https:\/\/www.eldigitaldeasturias.com\/noticias\/#organization","name":"El Digital de Asturias","description":"Hemeroteca","url":"https:\/\/www.eldigitaldeasturias.com\/noticias\/","email":"info@eldigitaldeasturias.com","telephone":"+34652131393","logo":{"@type":"ImageObject","url":"https:\/\/www.eldigitaldeasturias.com\/noticias\/wp-content\/uploads\/2020\/12\/EDA.jpg","@id":"https:\/\/www.eldigitaldeasturias.com\/noticias\/muere-un-oficial-de-la-inteligencia-yemeni-en-un-atentado-en-sana\/#organizationLogo"},"image":{"@id":"https:\/\/www.eldigitaldeasturias.com\/noticias\/muere-un-oficial-de-la-inteligencia-yemeni-en-un-atentado-en-sana\/#organizationLogo"},"sameAs":["https:\/\/facebook.com\/eldigitaldeasturias","https:\/\/www.youtube.com\/channel\/UCZP-2wLEB9Rv6erhFmqVnvg"],"address":{"@id":"https:\/\/www.eldigitaldeasturias.com\/noticias\/#postaladdress","@type":"PostalAddress","streetAddress":"san antonio 4","postalCode":"33430","addressLocality":"Cand\u00e1s","addressRegion":"Asturias","addressCountry":"ES"}},{"@type":"Person","@id":"https:\/\/www.eldigitaldeasturias.com\/noticias\/author\/admin\/#author","url":"https:\/\/www.eldigitaldeasturias.com\/noticias\/author\/admin\/","name":"El Digital de Asturias","image":{"@type":"ImageObject","@id":"https:\/\/www.eldigitaldeasturias.com\/noticias\/muere-un-oficial-de-la-inteligencia-yemeni-en-un-atentado-en-sana\/#authorImage","url":"https:\/\/secure.gravatar.com\/avatar\/df2aeffc32bcd13f8d26072ef8a91b623d677766deac7f97ca815868cd41bf5e?s=96&d=mm&r=g","width":96,"height":96,"caption":"El Digital de Asturias"}},{"@type":"WebPage","@id":"https:\/\/www.eldigitaldeasturias.com\/noticias\/muere-un-oficial-de-la-inteligencia-yemeni-en-un-atentado-en-sana\/#webpage","url":"https:\/\/www.eldigitaldeasturias.com\/noticias\/muere-un-oficial-de-la-inteligencia-yemeni-en-un-atentado-en-sana\/","name":"Muere un oficial de la inteligencia yemen\u00ed en un atentado en San\u00e1 - El Digital de Asturias","description":"San\u00e1, 9 feb (EFE).- Un oficial de los servicios secretos de Yemen muri\u00f3 hoy y dos civiles resultaron heridos por el estallido de una bomba, colocada en el veh\u00edculo del militar, en las proximidades del Ministerio yemen\u00ed del Petr\u00f3leo, en San\u00e1. Una fuente de seguridad inform\u00f3 a Efe de que la v\u00edctima mortal es el","inLanguage":"es-ES","isPartOf":{"@id":"https:\/\/www.eldigitaldeasturias.com\/noticias\/#website"},"breadcrumb":{"@id":"https:\/\/www.eldigitaldeasturias.com\/noticias\/muere-un-oficial-de-la-inteligencia-yemeni-en-un-atentado-en-sana\/#breadcrumblist"},"author":{"@id":"https:\/\/www.eldigitaldeasturias.com\/noticias\/author\/admin\/#author"},"creator":{"@id":"https:\/\/www.eldigitaldeasturias.com\/noticias\/author\/admin\/#author"},"image":{"@type":"ImageObject","url":487542,"@id":"https:\/\/www.eldigitaldeasturias.com\/noticias\/muere-un-oficial-de-la-inteligencia-yemeni-en-un-atentado-en-sana\/#mainImage"},"primaryImageOfPage":{"@id":"https:\/\/www.eldigitaldeasturias.com\/noticias\/muere-un-oficial-de-la-inteligencia-yemeni-en-un-atentado-en-sana\/#mainImage"},"datePublished":"2014-02-09T22:36:06+01:00","dateModified":"2014-02-09T22:36:06+01:00"},{"@type":"WebSite","@id":"https:\/\/www.eldigitaldeasturias.com\/noticias\/#website","url":"https:\/\/www.eldigitaldeasturias.com\/noticias\/","name":"El Digital de Asturias - Diario de actualidad y noticias","alternateName":"El Digital de Asturias - Diario de actualidad y noticias","description":"Hemeroteca","inLanguage":"es-ES","publisher":{"@id":"https:\/\/www.eldigitaldeasturias.com\/noticias\/#organization"}}]},"og:locale":"es_ES","og:site_name":"El Digital de Asturias","og:type":"article","og:title":"Muere un oficial de la inteligencia yemen\u00ed en un atentado en San\u00e1 - El Digital de Asturias","og:description":"San\u00e1, 9 feb (EFE).- Un oficial de los servicios secretos de Yemen muri\u00f3 hoy y dos civiles resultaron heridos por el estallido de una bomba, colocada en el veh\u00edculo del militar, en las proximidades del Ministerio yemen\u00ed del Petr\u00f3leo, en San\u00e1. Una fuente de seguridad inform\u00f3 a Efe de que la v\u00edctima mortal es el","og:url":"https:\/\/www.eldigitaldeasturias.com\/noticias\/muere-un-oficial-de-la-inteligencia-yemeni-en-un-atentado-en-sana\/","article:tag":["actualidad"],"article:published_time":"2014-02-09T23:36:06+00:00","article:modified_time":"2014-02-09T23:36:06+00:00","article:publisher":"https:\/\/facebook.com\/eldigitaldeasturias","twitter:card":"summary_large_image","twitter:title":"Muere un oficial de la inteligencia yemen\u00ed en un atentado en San\u00e1 - El Digital de Asturias","twitter:description":"San\u00e1, 9 feb (EFE).- Un oficial de los servicios secretos de Yemen muri\u00f3 hoy y dos civiles resultaron heridos por el estallido de una bomba, colocada en el veh\u00edculo del militar, en las proximidades del Ministerio yemen\u00ed del Petr\u00f3leo, en San\u00e1. Una fuente de seguridad inform\u00f3 a Efe de que la v\u00edctima mortal es el","twitter:label1":"Escrito por","twitter:data1":"El Digital de Asturias","twitter:label2":"Tiempo de lectura estimado","twitter:data2":"1 minuto"},"aioseo_meta_data":{"post_id":"487541","title":null,"description":null,"keywords":null,"keyphrases":null,"primary_term":null,"canonical_url":null,"og_title":null,"og_description":null,"og_object_type":"default","og_image_type":"default","og_image_url":null,"og_image_width":null,"og_image_height":null,"og_image_custom_url":null,"og_image_custom_fields":null,"og_video":null,"og_custom_url":null,"og_article_section":null,"og_article_tags":null,"twitter_use_og":true,"twitter_card":"default","twitter_image_type":"default","twitter_image_url":null,"twitter_image_custom_url":null,"twitter_image_custom_fields":null,"twitter_title":null,"twitter_description":null,"schema":{"blockGraphs":[],"customGraphs":[],"default":{"data":{"Article":[],"Course":[],"Dataset":[],"FAQPage":[],"Movie":[],"Person":[],"Product":[],"ProductReview":[],"Car":[],"Recipe":[],"Service":[],"SoftwareApplication":[],"WebPage":[]},"graphName":"","isEnabled":true},"graphs":[],"defaultGraph":"","defaultPostTypeGraph":""},"schema_type":null,"schema_type_options":null,"pillar_content":false,"robots_default":true,"robots_noindex":false,"robots_noarchive":false,"robots_nosnippet":false,"robots_nofollow":false,"robots_noimageindex":false,"robots_noodp":false,"robots_notranslate":false,"robots_max_snippet":null,"robots_max_videopreview":null,"robots_max_imagepreview":"none","priority":null,"frequency":null,"local_seo":null,"seo_analyzer_scan_date":"2026-06-03 05:05:39","breadcrumb_settings":null,"limit_modified_date":false,"open_ai":null,"ai":null,"created":"2020-11-14 22:56:26","updated":"2026-06-03 05:05:39","focus_keyword":null,"additional_keywords":null,"truseo_locale":null},"aioseo_breadcrumb":"<div class=\"aioseo-breadcrumbs\"><span class=\"aioseo-breadcrumb\">\n\t<a href=\"https:\/\/www.eldigitaldeasturias.com\/noticias\" title=\"Home\">Home<\/a>\n<\/span><span class=\"aioseo-breadcrumb-separator\">\u2013<\/span><span class=\"aioseo-breadcrumb\">\n\t<a href=\"https:\/\/www.eldigitaldeasturias.com\/noticias\/category\/actualidad\/\" title=\"Actualidad\">Actualidad<\/a>\n<\/span><span class=\"aioseo-breadcrumb-separator\">\u2013<\/span><span class=\"aioseo-breadcrumb\">\n\t<a href=\"https:\/\/www.eldigitaldeasturias.com\/noticias\/muere-un-oficial-de-la-inteligencia-yemeni-en-un-atentado-en-sana\/\" title=\"Muere un oficial de la inteligencia yemen\u00ed en un atentado en San\u00e1\">Muere un oficial de la inteligencia yemen\u00ed en un atentado en San\u00e1<\/a>\n<\/span><\/div>","aioseo_breadcrumb_json":[{"label":"Home","link":"https:\/\/www.eldigitaldeasturias.com\/noticias"},{"label":"Actualidad","link":"https:\/\/www.eldigitaldeasturias.com\/noticias\/category\/actualidad\/"},{"label":"Muere un oficial de la inteligencia yemen\u00ed en un atentado en San\u00e1","link":"https:\/\/www.eldigitaldeasturias.com\/noticias\/muere-un-oficial-de-la-inteligencia-yemeni-en-un-atentado-en-sana\/"}],"_links":{"self":[{"href":"https:\/\/www.eldigitaldeasturias.com\/noticias\/wp-json\/wp\/v2\/posts\/487541","targetHints":{"allow":["GET"]}}],"collection":[{"href":"https:\/\/www.eldigitaldeasturias.com\/noticias\/wp-json\/wp\/v2\/posts"}],"about":[{"href":"https:\/\/www.eldigitaldeasturias.com\/noticias\/wp-json\/wp\/v2\/types\/post"}],"author":[{"embeddable":true,"href":"https:\/\/www.eldigitaldeasturias.com\/noticias\/wp-json\/wp\/v2\/users\/1"}],"replies":[{"embeddable":true,"href":"https:\/\/www.eldigitaldeasturias.com\/noticias\/wp-json\/wp\/v2\/comments?post=487541"}],"version-history":[{"count":0,"href":"https:\/\/www.eldigitaldeasturias.com\/noticias\/wp-json\/wp\/v2\/posts\/487541\/revisions"}],"wp:attachment":[{"href":"https:\/\/www.eldigitaldeasturias.com\/noticias\/wp-json\/wp\/v2\/media?parent=487541"}],"wp:term":[{"taxonomy":"category","embeddable":true,"href":"https:\/\/www.eldigitaldeasturias.com\/noticias\/wp-json\/wp\/v2\/categories?post=487541"},{"taxonomy":"post_tag","embeddable":true,"href":"https:\/\/www.eldigitaldeasturias.com\/noticias\/wp-json\/wp\/v2\/tags?post=487541"}],"curies":[{"name":"wp","href":"https:\/\/api.w.org\/{rel}","templated":true}]}}