{"id":487523,"date":"2014-02-09T22:29:37","date_gmt":"2014-02-09T23:29:37","guid":{"rendered":"http:\/\/www.eldigitaldeasturias.com\/noticias\/?p=487523"},"modified":"2014-02-09T22:29:37","modified_gmt":"2014-02-09T23:29:37","slug":"ciudadano-frances-desaparece-en-conflictiva-zona-mexicana-de-michoacan","status":"publish","type":"post","link":"https:\/\/www.eldigitaldeasturias.com\/noticias\/ciudadano-frances-desaparece-en-conflictiva-zona-mexicana-de-michoacan\/","title":{"rendered":"Ciudadano franc\u00e9s desaparece en conflictiva zona mexicana de Michoac\u00e1n"},"content":{"rendered":"<p><img loading=\"lazy\" decoding=\"async\" class=\"alignleft size-medium wp-image-487524\" alt=\"5925998w\" src=\"https:\/\/www.eldigitaldeasturias.com\/noticias\/wp-content\/uploads\/2014\/02\/5925998w-360x245.jpg\" width=\"360\" height=\"245\" \/>M\u00e9xico, 9 feb (EFE).- Un ciudadanos franc\u00e9s, residente en Estados Unidos, desapareci\u00f3 hace dos semanas en el estado mexicano de Michoac\u00e1n, sometido a la violencia por el enfrentamiento entre el crimen organizado y grupos civiles de autodefensa, donde el Gobierno que ha intervenido con un fuerte dispositivo de seguridad.<\/p>\n<p>Seg\u00fan publica hoy la prensa local, Harry Devert, de 32 a\u00f1os, desapareci\u00f3 al pasar por M\u00e9xico mientras viajaba desde Estados Unidos hacia Brasil en motocicleta, a trav\u00e9s de M\u00e9xico, pa\u00eds que pensaba recorrer en su camino hacia Brasil.<\/p>\n<p>La p\u00e1gina de la red social Facebook que ha creado su familia para encontrarlo asegura que la \u00faltima que supo de \u00e9l fue su novia Sarah, el 25 de enero, cuando recibi\u00f3 un mensaje de texto que dec\u00eda que hab\u00eda sido \u00abescoltado\u00bb durante una hora y media por una zona \u00abque era demasiado peligrosa para m\u00ed\u00bb.<\/p>\n<p>\u00abAparentemente hay otra escolta militar que me espera en otra ciudad&#8230; estoy retras\u00e1ndome por todas estas cosas locas de los militares&#8230; espero tener la oportunidad de hablar con ustedes esta noche cuando (con suerte), finalmente llegue\u00bb, dec\u00eda el mensaje.<\/p>\n<p>Devert, que viaja en una motocicleta Kawasaki de color verde, hab\u00eda estado en una reserva de mariposas monarca en el municipio de Macheros, en el estado de M\u00e9xico, y se dirig\u00eda a la ciudad de Zihuatanejo, donde ten\u00eda previsto visitar la playa donde tuvo lugar la escena final de la pel\u00edcula \u00abShawshank Redemption\u00bb (Cadena perpetua).<\/p>\n<p>La familia asegura adem\u00e1s que la Embajada estadounidense trabaja activamente con las autoridades mexicanas y que la francesa tambi\u00e9n est\u00e1 al tanto, ya que Harry ten\u00eda ciudadan\u00eda francesa.<\/p>\n<p>Michoac\u00e1n vive desde hace casi un a\u00f1o inmerso en una ola de violencia tras la aparici\u00f3n de grupos de autodefensa armados, que luchan contra el c\u00e1rtel de los Caballeros Templarios, una organizaci\u00f3n dedicada al narcotr\u00e1fico, la extorsi\u00f3n, el secuestro y el homicidio.<\/p>\n<p>Ante el deterioro de la situaci\u00f3n y el vac\u00edo de autoridad en Michoac\u00e1n, grupos civiles tomaron las armas para hacer frente a esa organizaci\u00f3n criminal y poco a poco se han extendido a un buen n\u00famero de municipios.<\/p>\n<p>La expansi\u00f3n de las autodefensas y los enfrentamientos con los \u00abtemplarios\u00bb llevaron al Gobierno federal mexicano a iniciar hace tres semanas una vasta operaci\u00f3n militar que trata de poner orden en la zona.<\/p>\n","protected":false},"excerpt":{"rendered":"<p>M\u00e9xico, 9 feb (EFE).- Un ciudadanos franc\u00e9s, residente en Estados Unidos, desapareci\u00f3 hace dos semanas en el estado mexicano de Michoac\u00e1n, sometido a la violencia por el enfrentamiento entre el crimen organizado y grupos civiles de autodefensa, donde el Gobierno que ha intervenido con un fuerte dispositivo de seguridad. Seg\u00fan publica hoy la prensa local, [&hellip;]<\/p>\n","protected":false},"author":1,"featured_media":487524,"comment_status":"open","ping_status":"open","sticky":false,"template":"","format":"standard","meta":{"footnotes":""},"categories":[1],"tags":[],"class_list":["post-487523","post","type-post","status-publish","format-standard","has-post-thumbnail","hentry","category-actualidad"],"aioseo_notices":[],"aioseo_head":"\n\t\t<!-- All in One SEO Pro 5.0.1 - aioseo.com -->\n\t<meta name=\"description\" content=\"M\u00e9xico, 9 feb (EFE).- Un ciudadanos franc\u00e9s, residente en Estados Unidos, desapareci\u00f3 hace dos semanas en el estado mexicano de Michoac\u00e1n, sometido a la violencia por el enfrentamiento entre el crimen organizado y grupos civiles de autodefensa, donde el Gobierno que ha intervenido con un fuerte dispositivo de seguridad. Seg\u00fan publica hoy la prensa local,\" \/>\n\t<meta name=\"robots\" content=\"max-image-preview:large\" \/>\n\t<meta name=\"author\" content=\"El Digital de Asturias\"\/>\n\t<meta name=\"google-site-verification\" content=\"UA-38556648-1\" \/>\n\t<meta name=\"msvalidate.01\" content=\"7dfe9f3f1b24437ab69f4f2559babe99\" \/>\n\t<meta name=\"keywords\" content=\"actualidad\" \/>\n\t<link rel=\"canonical\" href=\"https:\/\/www.eldigitaldeasturias.com\/noticias\/ciudadano-frances-desaparece-en-conflictiva-zona-mexicana-de-michoacan\/\" \/>\n\t<meta name=\"generator\" content=\"All in One SEO Pro (AIOSEO) 5.0.1\" \/>\n\t\t<meta property=\"og:locale\" content=\"es_ES\" \/>\n\t\t<meta property=\"og:site_name\" content=\"El Digital de Asturias\" \/>\n\t\t<meta property=\"og:type\" content=\"article\" \/>\n\t\t<meta property=\"og:title\" content=\"Ciudadano franc\u00e9s desaparece en conflictiva zona mexicana de Michoac\u00e1n - El Digital de Asturias\" \/>\n\t\t<meta property=\"og:description\" content=\"M\u00e9xico, 9 feb (EFE).- Un ciudadanos franc\u00e9s, residente en Estados Unidos, desapareci\u00f3 hace dos semanas en el estado mexicano de Michoac\u00e1n, sometido a la violencia por el enfrentamiento entre el crimen organizado y grupos civiles de autodefensa, donde el Gobierno que ha intervenido con un fuerte dispositivo de seguridad. Seg\u00fan publica hoy la prensa local,\" \/>\n\t\t<meta property=\"og:url\" content=\"https:\/\/www.eldigitaldeasturias.com\/noticias\/ciudadano-frances-desaparece-en-conflictiva-zona-mexicana-de-michoacan\/\" \/>\n\t\t<meta property=\"article:tag\" content=\"actualidad\" \/>\n\t\t<meta property=\"article:published_time\" content=\"2014-02-09T23:29:37+00:00\" \/>\n\t\t<meta property=\"article:modified_time\" content=\"2014-02-09T23:29:37+00:00\" \/>\n\t\t<meta property=\"article:publisher\" content=\"https:\/\/facebook.com\/eldigitaldeasturias\" \/>\n\t\t<meta name=\"twitter:card\" content=\"summary_large_image\" \/>\n\t\t<meta name=\"twitter:title\" content=\"Ciudadano franc\u00e9s desaparece en conflictiva zona mexicana de Michoac\u00e1n - El Digital de Asturias\" \/>\n\t\t<meta name=\"twitter:description\" content=\"M\u00e9xico, 9 feb (EFE).- Un ciudadanos franc\u00e9s, residente en Estados Unidos, desapareci\u00f3 hace dos semanas en el estado mexicano de Michoac\u00e1n, sometido a la violencia por el enfrentamiento entre el crimen organizado y grupos civiles de autodefensa, donde el Gobierno que ha intervenido con un fuerte dispositivo de seguridad. Seg\u00fan publica hoy la prensa local,\" \/>\n\t\t<meta name=\"twitter:label1\" content=\"Escrito por\" \/>\n\t\t<meta name=\"twitter:data1\" content=\"El Digital de Asturias\" \/>\n\t\t<meta name=\"twitter:label2\" content=\"Tiempo de lectura estimado\" \/>\n\t\t<meta name=\"twitter:data2\" content=\"2 minutos\" \/>\n\t\t<script type=\"application\/ld+json\" class=\"aioseo-schema\">\n\t\t\t{\"@context\":\"https:\\\/\\\/schema.org\",\"@graph\":[{\"@type\":\"BlogPosting\",\"@id\":\"https:\\\/\\\/www.eldigitaldeasturias.com\\\/noticias\\\/ciudadano-frances-desaparece-en-conflictiva-zona-mexicana-de-michoacan\\\/#blogposting\",\"name\":\"Ciudadano franc\\u00e9s desaparece en conflictiva zona mexicana de Michoac\\u00e1n - El Digital de Asturias\",\"headline\":\"Ciudadano franc\\u00e9s desaparece en conflictiva zona mexicana de Michoac\\u00e1n\",\"author\":{\"@id\":\"https:\\\/\\\/www.eldigitaldeasturias.com\\\/noticias\\\/author\\\/admin\\\/#author\"},\"publisher\":{\"@id\":\"https:\\\/\\\/www.eldigitaldeasturias.com\\\/noticias\\\/#organization\"},\"image\":{\"@type\":\"ImageObject\",\"url\":487524},\"datePublished\":\"2014-02-09T22:29:37+01:00\",\"dateModified\":\"2014-02-09T22:29:37+01:00\",\"inLanguage\":\"es-ES\",\"mainEntityOfPage\":{\"@id\":\"https:\\\/\\\/www.eldigitaldeasturias.com\\\/noticias\\\/ciudadano-frances-desaparece-en-conflictiva-zona-mexicana-de-michoacan\\\/#webpage\"},\"isPartOf\":{\"@id\":\"https:\\\/\\\/www.eldigitaldeasturias.com\\\/noticias\\\/ciudadano-frances-desaparece-en-conflictiva-zona-mexicana-de-michoacan\\\/#webpage\"},\"articleSection\":\"Actualidad\"},{\"@type\":\"BreadcrumbList\",\"@id\":\"https:\\\/\\\/www.eldigitaldeasturias.com\\\/noticias\\\/ciudadano-frances-desaparece-en-conflictiva-zona-mexicana-de-michoacan\\\/#breadcrumblist\",\"itemListElement\":[{\"@type\":\"ListItem\",\"@id\":\"https:\\\/\\\/www.eldigitaldeasturias.com\\\/noticias#listItem\",\"position\":1,\"name\":\"Home\",\"item\":\"https:\\\/\\\/www.eldigitaldeasturias.com\\\/noticias\",\"nextItem\":{\"@type\":\"ListItem\",\"@id\":\"https:\\\/\\\/www.eldigitaldeasturias.com\\\/noticias\\\/category\\\/actualidad\\\/#listItem\",\"name\":\"Actualidad\"}},{\"@type\":\"ListItem\",\"@id\":\"https:\\\/\\\/www.eldigitaldeasturias.com\\\/noticias\\\/category\\\/actualidad\\\/#listItem\",\"position\":2,\"name\":\"Actualidad\",\"item\":\"https:\\\/\\\/www.eldigitaldeasturias.com\\\/noticias\\\/category\\\/actualidad\\\/\",\"nextItem\":{\"@type\":\"ListItem\",\"@id\":\"https:\\\/\\\/www.eldigitaldeasturias.com\\\/noticias\\\/ciudadano-frances-desaparece-en-conflictiva-zona-mexicana-de-michoacan\\\/#listItem\",\"name\":\"Ciudadano franc\\u00e9s desaparece en conflictiva zona mexicana de Michoac\\u00e1n\"},\"previousItem\":{\"@type\":\"ListItem\",\"@id\":\"https:\\\/\\\/www.eldigitaldeasturias.com\\\/noticias#listItem\",\"name\":\"Home\"}},{\"@type\":\"ListItem\",\"@id\":\"https:\\\/\\\/www.eldigitaldeasturias.com\\\/noticias\\\/ciudadano-frances-desaparece-en-conflictiva-zona-mexicana-de-michoacan\\\/#listItem\",\"position\":3,\"name\":\"Ciudadano franc\\u00e9s desaparece en conflictiva zona mexicana de Michoac\\u00e1n\",\"previousItem\":{\"@type\":\"ListItem\",\"@id\":\"https:\\\/\\\/www.eldigitaldeasturias.com\\\/noticias\\\/category\\\/actualidad\\\/#listItem\",\"name\":\"Actualidad\"}}]},{\"@type\":\"Organization\",\"@id\":\"https:\\\/\\\/www.eldigitaldeasturias.com\\\/noticias\\\/#organization\",\"name\":\"El Digital de Asturias\",\"description\":\"Hemeroteca\",\"url\":\"https:\\\/\\\/www.eldigitaldeasturias.com\\\/noticias\\\/\",\"email\":\"info@eldigitaldeasturias.com\",\"telephone\":\"+34652131393\",\"logo\":{\"@type\":\"ImageObject\",\"url\":\"https:\\\/\\\/www.eldigitaldeasturias.com\\\/noticias\\\/wp-content\\\/uploads\\\/2020\\\/12\\\/EDA.jpg\",\"@id\":\"https:\\\/\\\/www.eldigitaldeasturias.com\\\/noticias\\\/ciudadano-frances-desaparece-en-conflictiva-zona-mexicana-de-michoacan\\\/#organizationLogo\"},\"image\":{\"@id\":\"https:\\\/\\\/www.eldigitaldeasturias.com\\\/noticias\\\/ciudadano-frances-desaparece-en-conflictiva-zona-mexicana-de-michoacan\\\/#organizationLogo\"},\"sameAs\":[\"https:\\\/\\\/facebook.com\\\/eldigitaldeasturias\",\"https:\\\/\\\/www.youtube.com\\\/channel\\\/UCZP-2wLEB9Rv6erhFmqVnvg\"],\"address\":{\"@id\":\"https:\\\/\\\/www.eldigitaldeasturias.com\\\/noticias\\\/#postaladdress\",\"@type\":\"PostalAddress\",\"streetAddress\":\"san antonio 4\",\"postalCode\":\"33430\",\"addressLocality\":\"Cand\\u00e1s\",\"addressRegion\":\"Asturias\",\"addressCountry\":\"ES\"}},{\"@type\":\"Person\",\"@id\":\"https:\\\/\\\/www.eldigitaldeasturias.com\\\/noticias\\\/author\\\/admin\\\/#author\",\"url\":\"https:\\\/\\\/www.eldigitaldeasturias.com\\\/noticias\\\/author\\\/admin\\\/\",\"name\":\"El Digital de Asturias\",\"image\":{\"@type\":\"ImageObject\",\"@id\":\"https:\\\/\\\/www.eldigitaldeasturias.com\\\/noticias\\\/ciudadano-frances-desaparece-en-conflictiva-zona-mexicana-de-michoacan\\\/#authorImage\",\"url\":\"https:\\\/\\\/secure.gravatar.com\\\/avatar\\\/df2aeffc32bcd13f8d26072ef8a91b623d677766deac7f97ca815868cd41bf5e?s=96&d=mm&r=g\",\"width\":96,\"height\":96,\"caption\":\"El Digital de Asturias\"}},{\"@type\":\"WebPage\",\"@id\":\"https:\\\/\\\/www.eldigitaldeasturias.com\\\/noticias\\\/ciudadano-frances-desaparece-en-conflictiva-zona-mexicana-de-michoacan\\\/#webpage\",\"url\":\"https:\\\/\\\/www.eldigitaldeasturias.com\\\/noticias\\\/ciudadano-frances-desaparece-en-conflictiva-zona-mexicana-de-michoacan\\\/\",\"name\":\"Ciudadano franc\\u00e9s desaparece en conflictiva zona mexicana de Michoac\\u00e1n - El Digital de Asturias\",\"description\":\"M\\u00e9xico, 9 feb (EFE).- Un ciudadanos franc\\u00e9s, residente en Estados Unidos, desapareci\\u00f3 hace dos semanas en el estado mexicano de Michoac\\u00e1n, sometido a la violencia por el enfrentamiento entre el crimen organizado y grupos civiles de autodefensa, donde el Gobierno que ha intervenido con un fuerte dispositivo de seguridad. Seg\\u00fan publica hoy la prensa local,\",\"inLanguage\":\"es-ES\",\"isPartOf\":{\"@id\":\"https:\\\/\\\/www.eldigitaldeasturias.com\\\/noticias\\\/#website\"},\"breadcrumb\":{\"@id\":\"https:\\\/\\\/www.eldigitaldeasturias.com\\\/noticias\\\/ciudadano-frances-desaparece-en-conflictiva-zona-mexicana-de-michoacan\\\/#breadcrumblist\"},\"author\":{\"@id\":\"https:\\\/\\\/www.eldigitaldeasturias.com\\\/noticias\\\/author\\\/admin\\\/#author\"},\"creator\":{\"@id\":\"https:\\\/\\\/www.eldigitaldeasturias.com\\\/noticias\\\/author\\\/admin\\\/#author\"},\"image\":{\"@type\":\"ImageObject\",\"url\":487524,\"@id\":\"https:\\\/\\\/www.eldigitaldeasturias.com\\\/noticias\\\/ciudadano-frances-desaparece-en-conflictiva-zona-mexicana-de-michoacan\\\/#mainImage\"},\"primaryImageOfPage\":{\"@id\":\"https:\\\/\\\/www.eldigitaldeasturias.com\\\/noticias\\\/ciudadano-frances-desaparece-en-conflictiva-zona-mexicana-de-michoacan\\\/#mainImage\"},\"datePublished\":\"2014-02-09T22:29:37+01:00\",\"dateModified\":\"2014-02-09T22:29:37+01:00\"},{\"@type\":\"WebSite\",\"@id\":\"https:\\\/\\\/www.eldigitaldeasturias.com\\\/noticias\\\/#website\",\"url\":\"https:\\\/\\\/www.eldigitaldeasturias.com\\\/noticias\\\/\",\"name\":\"El Digital de Asturias - Diario de actualidad y noticias\",\"alternateName\":\"El Digital de Asturias - Diario de actualidad y noticias\",\"description\":\"Hemeroteca\",\"inLanguage\":\"es-ES\",\"publisher\":{\"@id\":\"https:\\\/\\\/www.eldigitaldeasturias.com\\\/noticias\\\/#organization\"}}]}\n\t\t<\/script>\n\t\t<!-- All in One SEO Pro -->\r\n\t\t<title>Ciudadano franc\u00e9s desaparece en conflictiva zona mexicana de Michoac\u00e1n - El Digital de Asturias<\/title>\n\n","aioseo_head_json":{"title":"Ciudadano franc\u00e9s desaparece en conflictiva zona mexicana de Michoac\u00e1n - El Digital de Asturias","description":"M\u00e9xico, 9 feb (EFE).- Un ciudadanos franc\u00e9s, residente en Estados Unidos, desapareci\u00f3 hace dos semanas en el estado mexicano de Michoac\u00e1n, sometido a la violencia por el enfrentamiento entre el crimen organizado y grupos civiles de autodefensa, donde el Gobierno que ha intervenido con un fuerte dispositivo de seguridad. Seg\u00fan publica hoy la prensa local,","canonical_url":"https:\/\/www.eldigitaldeasturias.com\/noticias\/ciudadano-frances-desaparece-en-conflictiva-zona-mexicana-de-michoacan\/","robots":"max-image-preview:large","keywords":"actualidad","webmasterTools":{"google-site-verification":"UA-38556648-1","msvalidate.01":"7dfe9f3f1b24437ab69f4f2559babe99","miscellaneous":""},"schema":{"@context":"https:\/\/schema.org","@graph":[{"@type":"BlogPosting","@id":"https:\/\/www.eldigitaldeasturias.com\/noticias\/ciudadano-frances-desaparece-en-conflictiva-zona-mexicana-de-michoacan\/#blogposting","name":"Ciudadano franc\u00e9s desaparece en conflictiva zona mexicana de Michoac\u00e1n - El Digital de Asturias","headline":"Ciudadano franc\u00e9s desaparece en conflictiva zona mexicana de Michoac\u00e1n","author":{"@id":"https:\/\/www.eldigitaldeasturias.com\/noticias\/author\/admin\/#author"},"publisher":{"@id":"https:\/\/www.eldigitaldeasturias.com\/noticias\/#organization"},"image":{"@type":"ImageObject","url":487524},"datePublished":"2014-02-09T22:29:37+01:00","dateModified":"2014-02-09T22:29:37+01:00","inLanguage":"es-ES","mainEntityOfPage":{"@id":"https:\/\/www.eldigitaldeasturias.com\/noticias\/ciudadano-frances-desaparece-en-conflictiva-zona-mexicana-de-michoacan\/#webpage"},"isPartOf":{"@id":"https:\/\/www.eldigitaldeasturias.com\/noticias\/ciudadano-frances-desaparece-en-conflictiva-zona-mexicana-de-michoacan\/#webpage"},"articleSection":"Actualidad"},{"@type":"BreadcrumbList","@id":"https:\/\/www.eldigitaldeasturias.com\/noticias\/ciudadano-frances-desaparece-en-conflictiva-zona-mexicana-de-michoacan\/#breadcrumblist","itemListElement":[{"@type":"ListItem","@id":"https:\/\/www.eldigitaldeasturias.com\/noticias#listItem","position":1,"name":"Home","item":"https:\/\/www.eldigitaldeasturias.com\/noticias","nextItem":{"@type":"ListItem","@id":"https:\/\/www.eldigitaldeasturias.com\/noticias\/category\/actualidad\/#listItem","name":"Actualidad"}},{"@type":"ListItem","@id":"https:\/\/www.eldigitaldeasturias.com\/noticias\/category\/actualidad\/#listItem","position":2,"name":"Actualidad","item":"https:\/\/www.eldigitaldeasturias.com\/noticias\/category\/actualidad\/","nextItem":{"@type":"ListItem","@id":"https:\/\/www.eldigitaldeasturias.com\/noticias\/ciudadano-frances-desaparece-en-conflictiva-zona-mexicana-de-michoacan\/#listItem","name":"Ciudadano franc\u00e9s desaparece en conflictiva zona mexicana de Michoac\u00e1n"},"previousItem":{"@type":"ListItem","@id":"https:\/\/www.eldigitaldeasturias.com\/noticias#listItem","name":"Home"}},{"@type":"ListItem","@id":"https:\/\/www.eldigitaldeasturias.com\/noticias\/ciudadano-frances-desaparece-en-conflictiva-zona-mexicana-de-michoacan\/#listItem","position":3,"name":"Ciudadano franc\u00e9s desaparece en conflictiva zona mexicana de Michoac\u00e1n","previousItem":{"@type":"ListItem","@id":"https:\/\/www.eldigitaldeasturias.com\/noticias\/category\/actualidad\/#listItem","name":"Actualidad"}}]},{"@type":"Organization","@id":"https:\/\/www.eldigitaldeasturias.com\/noticias\/#organization","name":"El Digital de Asturias","description":"Hemeroteca","url":"https:\/\/www.eldigitaldeasturias.com\/noticias\/","email":"info@eldigitaldeasturias.com","telephone":"+34652131393","logo":{"@type":"ImageObject","url":"https:\/\/www.eldigitaldeasturias.com\/noticias\/wp-content\/uploads\/2020\/12\/EDA.jpg","@id":"https:\/\/www.eldigitaldeasturias.com\/noticias\/ciudadano-frances-desaparece-en-conflictiva-zona-mexicana-de-michoacan\/#organizationLogo"},"image":{"@id":"https:\/\/www.eldigitaldeasturias.com\/noticias\/ciudadano-frances-desaparece-en-conflictiva-zona-mexicana-de-michoacan\/#organizationLogo"},"sameAs":["https:\/\/facebook.com\/eldigitaldeasturias","https:\/\/www.youtube.com\/channel\/UCZP-2wLEB9Rv6erhFmqVnvg"],"address":{"@id":"https:\/\/www.eldigitaldeasturias.com\/noticias\/#postaladdress","@type":"PostalAddress","streetAddress":"san antonio 4","postalCode":"33430","addressLocality":"Cand\u00e1s","addressRegion":"Asturias","addressCountry":"ES"}},{"@type":"Person","@id":"https:\/\/www.eldigitaldeasturias.com\/noticias\/author\/admin\/#author","url":"https:\/\/www.eldigitaldeasturias.com\/noticias\/author\/admin\/","name":"El Digital de Asturias","image":{"@type":"ImageObject","@id":"https:\/\/www.eldigitaldeasturias.com\/noticias\/ciudadano-frances-desaparece-en-conflictiva-zona-mexicana-de-michoacan\/#authorImage","url":"https:\/\/secure.gravatar.com\/avatar\/df2aeffc32bcd13f8d26072ef8a91b623d677766deac7f97ca815868cd41bf5e?s=96&d=mm&r=g","width":96,"height":96,"caption":"El Digital de Asturias"}},{"@type":"WebPage","@id":"https:\/\/www.eldigitaldeasturias.com\/noticias\/ciudadano-frances-desaparece-en-conflictiva-zona-mexicana-de-michoacan\/#webpage","url":"https:\/\/www.eldigitaldeasturias.com\/noticias\/ciudadano-frances-desaparece-en-conflictiva-zona-mexicana-de-michoacan\/","name":"Ciudadano franc\u00e9s desaparece en conflictiva zona mexicana de Michoac\u00e1n - El Digital de Asturias","description":"M\u00e9xico, 9 feb (EFE).- Un ciudadanos franc\u00e9s, residente en Estados Unidos, desapareci\u00f3 hace dos semanas en el estado mexicano de Michoac\u00e1n, sometido a la violencia por el enfrentamiento entre el crimen organizado y grupos civiles de autodefensa, donde el Gobierno que ha intervenido con un fuerte dispositivo de seguridad. Seg\u00fan publica hoy la prensa local,","inLanguage":"es-ES","isPartOf":{"@id":"https:\/\/www.eldigitaldeasturias.com\/noticias\/#website"},"breadcrumb":{"@id":"https:\/\/www.eldigitaldeasturias.com\/noticias\/ciudadano-frances-desaparece-en-conflictiva-zona-mexicana-de-michoacan\/#breadcrumblist"},"author":{"@id":"https:\/\/www.eldigitaldeasturias.com\/noticias\/author\/admin\/#author"},"creator":{"@id":"https:\/\/www.eldigitaldeasturias.com\/noticias\/author\/admin\/#author"},"image":{"@type":"ImageObject","url":487524,"@id":"https:\/\/www.eldigitaldeasturias.com\/noticias\/ciudadano-frances-desaparece-en-conflictiva-zona-mexicana-de-michoacan\/#mainImage"},"primaryImageOfPage":{"@id":"https:\/\/www.eldigitaldeasturias.com\/noticias\/ciudadano-frances-desaparece-en-conflictiva-zona-mexicana-de-michoacan\/#mainImage"},"datePublished":"2014-02-09T22:29:37+01:00","dateModified":"2014-02-09T22:29:37+01:00"},{"@type":"WebSite","@id":"https:\/\/www.eldigitaldeasturias.com\/noticias\/#website","url":"https:\/\/www.eldigitaldeasturias.com\/noticias\/","name":"El Digital de Asturias - Diario de actualidad y noticias","alternateName":"El Digital de Asturias - Diario de actualidad y noticias","description":"Hemeroteca","inLanguage":"es-ES","publisher":{"@id":"https:\/\/www.eldigitaldeasturias.com\/noticias\/#organization"}}]},"og:locale":"es_ES","og:site_name":"El Digital de Asturias","og:type":"article","og:title":"Ciudadano franc\u00e9s desaparece en conflictiva zona mexicana de Michoac\u00e1n - El Digital de Asturias","og:description":"M\u00e9xico, 9 feb (EFE).- Un ciudadanos franc\u00e9s, residente en Estados Unidos, desapareci\u00f3 hace dos semanas en el estado mexicano de Michoac\u00e1n, sometido a la violencia por el enfrentamiento entre el crimen organizado y grupos civiles de autodefensa, donde el Gobierno que ha intervenido con un fuerte dispositivo de seguridad. Seg\u00fan publica hoy la prensa local,","og:url":"https:\/\/www.eldigitaldeasturias.com\/noticias\/ciudadano-frances-desaparece-en-conflictiva-zona-mexicana-de-michoacan\/","article:tag":["actualidad"],"article:published_time":"2014-02-09T23:29:37+00:00","article:modified_time":"2014-02-09T23:29:37+00:00","article:publisher":"https:\/\/facebook.com\/eldigitaldeasturias","twitter:card":"summary_large_image","twitter:title":"Ciudadano franc\u00e9s desaparece en conflictiva zona mexicana de Michoac\u00e1n - El Digital de Asturias","twitter:description":"M\u00e9xico, 9 feb (EFE).- Un ciudadanos franc\u00e9s, residente en Estados Unidos, desapareci\u00f3 hace dos semanas en el estado mexicano de Michoac\u00e1n, sometido a la violencia por el enfrentamiento entre el crimen organizado y grupos civiles de autodefensa, donde el Gobierno que ha intervenido con un fuerte dispositivo de seguridad. Seg\u00fan publica hoy la prensa local,","twitter:label1":"Escrito por","twitter:data1":"El Digital de Asturias","twitter:label2":"Tiempo de lectura estimado","twitter:data2":"2 minutos"},"aioseo_meta_data":{"post_id":"487523","title":null,"description":null,"keywords":null,"keyphrases":null,"primary_term":null,"canonical_url":null,"og_title":null,"og_description":null,"og_object_type":"default","og_image_type":"default","og_image_url":null,"og_image_width":null,"og_image_height":null,"og_image_custom_url":null,"og_image_custom_fields":null,"og_video":null,"og_custom_url":null,"og_article_section":null,"og_article_tags":null,"twitter_use_og":true,"twitter_card":"default","twitter_image_type":"default","twitter_image_url":null,"twitter_image_custom_url":null,"twitter_image_custom_fields":null,"twitter_title":null,"twitter_description":null,"schema":{"blockGraphs":[],"customGraphs":[],"default":{"data":{"Article":[],"Course":[],"Dataset":[],"FAQPage":[],"Movie":[],"Person":[],"Product":[],"ProductReview":[],"Car":[],"Recipe":[],"Service":[],"SoftwareApplication":[],"WebPage":[]},"graphName":"","isEnabled":true},"graphs":[],"defaultGraph":"","defaultPostTypeGraph":""},"schema_type":null,"schema_type_options":null,"pillar_content":false,"robots_default":true,"robots_noindex":false,"robots_noarchive":false,"robots_nosnippet":false,"robots_nofollow":false,"robots_noimageindex":false,"robots_noodp":false,"robots_notranslate":false,"robots_max_snippet":null,"robots_max_videopreview":null,"robots_max_imagepreview":"none","priority":null,"frequency":null,"local_seo":null,"seo_analyzer_scan_date":"2026-06-03 05:01:23","breadcrumb_settings":null,"limit_modified_date":false,"open_ai":null,"ai":null,"created":"2020-11-14 22:56:26","updated":"2026-06-03 05:01:23","focus_keyword":null,"additional_keywords":null,"truseo_locale":null},"aioseo_breadcrumb":"<div class=\"aioseo-breadcrumbs\"><span class=\"aioseo-breadcrumb\">\n\t<a href=\"https:\/\/www.eldigitaldeasturias.com\/noticias\" title=\"Home\">Home<\/a>\n<\/span><span class=\"aioseo-breadcrumb-separator\">\u2013<\/span><span class=\"aioseo-breadcrumb\">\n\t<a href=\"https:\/\/www.eldigitaldeasturias.com\/noticias\/category\/actualidad\/\" title=\"Actualidad\">Actualidad<\/a>\n<\/span><span class=\"aioseo-breadcrumb-separator\">\u2013<\/span><span class=\"aioseo-breadcrumb\">\n\t<a href=\"https:\/\/www.eldigitaldeasturias.com\/noticias\/ciudadano-frances-desaparece-en-conflictiva-zona-mexicana-de-michoacan\/\" title=\"Ciudadano franc\u00e9s desaparece en conflictiva zona mexicana de Michoac\u00e1n\">Ciudadano franc\u00e9s desaparece en conflictiva zona mexicana de Michoac\u00e1n<\/a>\n<\/span><\/div>","aioseo_breadcrumb_json":[{"label":"Home","link":"https:\/\/www.eldigitaldeasturias.com\/noticias"},{"label":"Actualidad","link":"https:\/\/www.eldigitaldeasturias.com\/noticias\/category\/actualidad\/"},{"label":"Ciudadano franc\u00e9s desaparece en conflictiva zona mexicana de Michoac\u00e1n","link":"https:\/\/www.eldigitaldeasturias.com\/noticias\/ciudadano-frances-desaparece-en-conflictiva-zona-mexicana-de-michoacan\/"}],"_links":{"self":[{"href":"https:\/\/www.eldigitaldeasturias.com\/noticias\/wp-json\/wp\/v2\/posts\/487523","targetHints":{"allow":["GET"]}}],"collection":[{"href":"https:\/\/www.eldigitaldeasturias.com\/noticias\/wp-json\/wp\/v2\/posts"}],"about":[{"href":"https:\/\/www.eldigitaldeasturias.com\/noticias\/wp-json\/wp\/v2\/types\/post"}],"author":[{"embeddable":true,"href":"https:\/\/www.eldigitaldeasturias.com\/noticias\/wp-json\/wp\/v2\/users\/1"}],"replies":[{"embeddable":true,"href":"https:\/\/www.eldigitaldeasturias.com\/noticias\/wp-json\/wp\/v2\/comments?post=487523"}],"version-history":[{"count":0,"href":"https:\/\/www.eldigitaldeasturias.com\/noticias\/wp-json\/wp\/v2\/posts\/487523\/revisions"}],"wp:attachment":[{"href":"https:\/\/www.eldigitaldeasturias.com\/noticias\/wp-json\/wp\/v2\/media?parent=487523"}],"wp:term":[{"taxonomy":"category","embeddable":true,"href":"https:\/\/www.eldigitaldeasturias.com\/noticias\/wp-json\/wp\/v2\/categories?post=487523"},{"taxonomy":"post_tag","embeddable":true,"href":"https:\/\/www.eldigitaldeasturias.com\/noticias\/wp-json\/wp\/v2\/tags?post=487523"}],"curies":[{"name":"wp","href":"https:\/\/api.w.org\/{rel}","templated":true}]}}