{"id":487514,"date":"2014-02-09T22:26:05","date_gmt":"2014-02-09T23:26:05","guid":{"rendered":"http:\/\/www.eldigitaldeasturias.com\/noticias\/?p=487514"},"modified":"2014-02-09T22:26:05","modified_gmt":"2014-02-09T23:26:05","slug":"comienza-la-reunion-de-ministros-de-exteriores-y-comercio-de-la-alianza-del-pacifico","status":"publish","type":"post","link":"https:\/\/www.eldigitaldeasturias.com\/noticias\/comienza-la-reunion-de-ministros-de-exteriores-y-comercio-de-la-alianza-del-pacifico\/","title":{"rendered":"Comienza la reuni\u00f3n de ministros de Exteriores y Comercio de la Alianza del Pac\u00edfico"},"content":{"rendered":"<p><img loading=\"lazy\" decoding=\"async\" class=\"alignleft size-medium wp-image-487515\" alt=\"5925977w\" src=\"https:\/\/www.eldigitaldeasturias.com\/noticias\/wp-content\/uploads\/2014\/02\/5925977w-360x220.jpg\" width=\"360\" height=\"220\" \/>Cartagena (Colombia), 9 feb (EFE).- Los ministros de Relaciones Exteriores y de Comercio de la Alianza del Pac\u00edfico, que integran Chile, Colombia, M\u00e9xico y Per\u00fa, iniciaron hoy su jornada de trabajo en el marco de la octava cumbre que celebra este mecanismo en la ciudad colombiana de Cartagena.<\/p>\n<p>La canciller colombiana, Mar\u00eda \u00c1ngela Holgu\u00edn, inaugur\u00f3 el Consejo de Ministros en el Centro de Convenciones de Cartagena de Indias con el prop\u00f3sito de trabajar en el documento final de esta Cumbre, que revisar\u00e1n y firmar\u00e1n ma\u00f1ana los cuatro presidentes.<\/p>\n<p>\u00abHemos cumplido con creces los objetivos con los cuales se cre\u00f3 la Alianza. Hemos dado resultados en materia de integraci\u00f3n, en materia de cooperaci\u00f3n y en el tema comercial\u00bb, afirm\u00f3 Holgu\u00edn.<\/p>\n<p>En la reuni\u00f3n participan por Colombia, adem\u00e1s de Holgu\u00edn, el ministro de Comercio, Industria y Turismo, Santiago Rojas; y por Chile est\u00e1n el ministro de Relaciones Exteriores, Alfredo Moreno, y el viceministro de Comercio, \u00c1lvaro Jana.<\/p>\n<p>La delegaci\u00f3n peruana en el Consejo de Ministros est\u00e1 formada por la canciller, Eda Rivas, y la ministra de Comercio y Turismo, Magal\u00ed Silva, mientras que la mexicana est\u00e1 compuesta por el secretario de Relaciones Exteriores, Jos\u00e9 Antonio Meade, y el vicesecretario de Econom\u00eda, Francisco Rosenzweig.<\/p>\n<p>Los ministros, que se hicieron la foto oficial en la explanada del Centro de Convenciones, trabajar\u00e1n durante todo el domingo mientras llegan los presidentes de Per\u00fa, Ollanta Humala, y de M\u00e9xico, Enrique Pe\u00f1a Nieto, pues el de Chile, Sebasti\u00e1n Pi\u00f1era, est\u00e1 desde el viernes en la caribe\u00f1a Cartagena.<\/p>\n<p>Tambi\u00e9n se espera la llegada de la presidenta de Costa Rica, Laura Chinchilla, que participar\u00e1 en la primera parte de la cumbre presidencial del lunes para firmar la hoja de ruta de adhesi\u00f3n total de su pa\u00eds al joven mecanismo de integraci\u00f3n.<\/p>\n<p>Los pa\u00edses que integran la Alianza del Pac\u00edfico desde su formaci\u00f3n en junio de 2012 son Chile, Colombia, M\u00e9xico y Per\u00fa, pero el mecanismo ha llamado la atenci\u00f3n de 25 pa\u00edses observadores, de los que Costa Rica y Panam\u00e1 son candidatos a convertirse en miembros de pleno derecho.<\/p>\n<p>Los viceministros de Exteriores y Comercio, que integran el llamado Grupo de Alto Nivel de la Alianza del Pac\u00edfico, trabajaron ayer en el borrador de la que ser\u00e1 la Declaraci\u00f3n Final que debaten ahora los ministros.<\/p>\n<p>Est\u00e1 previsto que en esta octava cumbre de la Alianza del Pac\u00edfico se firme el Protocolo Comercial que complementa el Acuerdo Marco y que establece la desgravaci\u00f3n del 92 % del comercio del bloque, mientras que el 8 % restante, en su mayor\u00eda productos agr\u00edcolas, se desmontar\u00e1 en un plazo de hasta 17 a\u00f1os.<\/p>\n","protected":false},"excerpt":{"rendered":"<p>Cartagena (Colombia), 9 feb (EFE).- Los ministros de Relaciones Exteriores y de Comercio de la Alianza del Pac\u00edfico, que integran Chile, Colombia, M\u00e9xico y Per\u00fa, iniciaron hoy su jornada de trabajo en el marco de la octava cumbre que celebra este mecanismo en la ciudad colombiana de Cartagena. La canciller colombiana, Mar\u00eda \u00c1ngela Holgu\u00edn, inaugur\u00f3 [&hellip;]<\/p>\n","protected":false},"author":1,"featured_media":487515,"comment_status":"open","ping_status":"open","sticky":false,"template":"","format":"standard","meta":{"footnotes":""},"categories":[1],"tags":[],"class_list":["post-487514","post","type-post","status-publish","format-standard","has-post-thumbnail","hentry","category-actualidad"],"aioseo_notices":[],"aioseo_head":"\n\t\t<!-- All in One SEO Pro 5.0.1 - aioseo.com -->\n\t<meta name=\"description\" content=\"Cartagena (Colombia), 9 feb (EFE).- Los ministros de Relaciones Exteriores y de Comercio de la Alianza del Pac\u00edfico, que integran Chile, Colombia, M\u00e9xico y Per\u00fa, iniciaron hoy su jornada de trabajo en el marco de la octava cumbre que celebra este mecanismo en la ciudad colombiana de Cartagena. La canciller colombiana, Mar\u00eda \u00c1ngela Holgu\u00edn, inaugur\u00f3\" \/>\n\t<meta name=\"robots\" content=\"max-image-preview:large\" \/>\n\t<meta name=\"author\" content=\"El Digital de Asturias\"\/>\n\t<meta name=\"google-site-verification\" content=\"UA-38556648-1\" \/>\n\t<meta name=\"msvalidate.01\" content=\"7dfe9f3f1b24437ab69f4f2559babe99\" \/>\n\t<meta name=\"keywords\" content=\"actualidad\" \/>\n\t<link rel=\"canonical\" href=\"https:\/\/www.eldigitaldeasturias.com\/noticias\/comienza-la-reunion-de-ministros-de-exteriores-y-comercio-de-la-alianza-del-pacifico\/\" \/>\n\t<meta name=\"generator\" content=\"All in One SEO Pro (AIOSEO) 5.0.1\" \/>\n\t\t<meta property=\"og:locale\" content=\"es_ES\" \/>\n\t\t<meta property=\"og:site_name\" content=\"El Digital de Asturias\" \/>\n\t\t<meta property=\"og:type\" content=\"article\" \/>\n\t\t<meta property=\"og:title\" content=\"Comienza la reuni\u00f3n de ministros de Exteriores y Comercio de la Alianza del Pac\u00edfico - El Digital de Asturias\" \/>\n\t\t<meta property=\"og:description\" content=\"Cartagena (Colombia), 9 feb (EFE).- Los ministros de Relaciones Exteriores y de Comercio de la Alianza del Pac\u00edfico, que integran Chile, Colombia, M\u00e9xico y Per\u00fa, iniciaron hoy su jornada de trabajo en el marco de la octava cumbre que celebra este mecanismo en la ciudad colombiana de Cartagena. La canciller colombiana, Mar\u00eda \u00c1ngela Holgu\u00edn, inaugur\u00f3\" \/>\n\t\t<meta property=\"og:url\" content=\"https:\/\/www.eldigitaldeasturias.com\/noticias\/comienza-la-reunion-de-ministros-de-exteriores-y-comercio-de-la-alianza-del-pacifico\/\" \/>\n\t\t<meta property=\"article:tag\" content=\"actualidad\" \/>\n\t\t<meta property=\"article:published_time\" content=\"2014-02-09T23:26:05+00:00\" \/>\n\t\t<meta property=\"article:modified_time\" content=\"2014-02-09T23:26:05+00:00\" \/>\n\t\t<meta property=\"article:publisher\" content=\"https:\/\/facebook.com\/eldigitaldeasturias\" \/>\n\t\t<meta name=\"twitter:card\" content=\"summary_large_image\" \/>\n\t\t<meta name=\"twitter:title\" content=\"Comienza la reuni\u00f3n de ministros de Exteriores y Comercio de la Alianza del Pac\u00edfico - El Digital de Asturias\" \/>\n\t\t<meta name=\"twitter:description\" content=\"Cartagena (Colombia), 9 feb (EFE).- Los ministros de Relaciones Exteriores y de Comercio de la Alianza del Pac\u00edfico, que integran Chile, Colombia, M\u00e9xico y Per\u00fa, iniciaron hoy su jornada de trabajo en el marco de la octava cumbre que celebra este mecanismo en la ciudad colombiana de Cartagena. La canciller colombiana, Mar\u00eda \u00c1ngela Holgu\u00edn, inaugur\u00f3\" \/>\n\t\t<meta name=\"twitter:label1\" content=\"Escrito por\" \/>\n\t\t<meta name=\"twitter:data1\" content=\"El Digital de Asturias\" \/>\n\t\t<meta name=\"twitter:label2\" content=\"Tiempo de lectura estimado\" \/>\n\t\t<meta name=\"twitter:data2\" content=\"2 minutos\" \/>\n\t\t<script type=\"application\/ld+json\" class=\"aioseo-schema\">\n\t\t\t{\"@context\":\"https:\\\/\\\/schema.org\",\"@graph\":[{\"@type\":\"BlogPosting\",\"@id\":\"https:\\\/\\\/www.eldigitaldeasturias.com\\\/noticias\\\/comienza-la-reunion-de-ministros-de-exteriores-y-comercio-de-la-alianza-del-pacifico\\\/#blogposting\",\"name\":\"Comienza la reuni\\u00f3n de ministros de Exteriores y Comercio de la Alianza del Pac\\u00edfico - El Digital de Asturias\",\"headline\":\"Comienza la reuni\\u00f3n de ministros de Exteriores y Comercio de la Alianza del Pac\\u00edfico\",\"author\":{\"@id\":\"https:\\\/\\\/www.eldigitaldeasturias.com\\\/noticias\\\/author\\\/admin\\\/#author\"},\"publisher\":{\"@id\":\"https:\\\/\\\/www.eldigitaldeasturias.com\\\/noticias\\\/#organization\"},\"image\":{\"@type\":\"ImageObject\",\"url\":487515},\"datePublished\":\"2014-02-09T22:26:05+01:00\",\"dateModified\":\"2014-02-09T22:26:05+01:00\",\"inLanguage\":\"es-ES\",\"mainEntityOfPage\":{\"@id\":\"https:\\\/\\\/www.eldigitaldeasturias.com\\\/noticias\\\/comienza-la-reunion-de-ministros-de-exteriores-y-comercio-de-la-alianza-del-pacifico\\\/#webpage\"},\"isPartOf\":{\"@id\":\"https:\\\/\\\/www.eldigitaldeasturias.com\\\/noticias\\\/comienza-la-reunion-de-ministros-de-exteriores-y-comercio-de-la-alianza-del-pacifico\\\/#webpage\"},\"articleSection\":\"Actualidad\"},{\"@type\":\"BreadcrumbList\",\"@id\":\"https:\\\/\\\/www.eldigitaldeasturias.com\\\/noticias\\\/comienza-la-reunion-de-ministros-de-exteriores-y-comercio-de-la-alianza-del-pacifico\\\/#breadcrumblist\",\"itemListElement\":[{\"@type\":\"ListItem\",\"@id\":\"https:\\\/\\\/www.eldigitaldeasturias.com\\\/noticias#listItem\",\"position\":1,\"name\":\"Home\",\"item\":\"https:\\\/\\\/www.eldigitaldeasturias.com\\\/noticias\",\"nextItem\":{\"@type\":\"ListItem\",\"@id\":\"https:\\\/\\\/www.eldigitaldeasturias.com\\\/noticias\\\/category\\\/actualidad\\\/#listItem\",\"name\":\"Actualidad\"}},{\"@type\":\"ListItem\",\"@id\":\"https:\\\/\\\/www.eldigitaldeasturias.com\\\/noticias\\\/category\\\/actualidad\\\/#listItem\",\"position\":2,\"name\":\"Actualidad\",\"item\":\"https:\\\/\\\/www.eldigitaldeasturias.com\\\/noticias\\\/category\\\/actualidad\\\/\",\"nextItem\":{\"@type\":\"ListItem\",\"@id\":\"https:\\\/\\\/www.eldigitaldeasturias.com\\\/noticias\\\/comienza-la-reunion-de-ministros-de-exteriores-y-comercio-de-la-alianza-del-pacifico\\\/#listItem\",\"name\":\"Comienza la reuni\\u00f3n de ministros de Exteriores y Comercio de la Alianza del Pac\\u00edfico\"},\"previousItem\":{\"@type\":\"ListItem\",\"@id\":\"https:\\\/\\\/www.eldigitaldeasturias.com\\\/noticias#listItem\",\"name\":\"Home\"}},{\"@type\":\"ListItem\",\"@id\":\"https:\\\/\\\/www.eldigitaldeasturias.com\\\/noticias\\\/comienza-la-reunion-de-ministros-de-exteriores-y-comercio-de-la-alianza-del-pacifico\\\/#listItem\",\"position\":3,\"name\":\"Comienza la reuni\\u00f3n de ministros de Exteriores y Comercio de la Alianza del Pac\\u00edfico\",\"previousItem\":{\"@type\":\"ListItem\",\"@id\":\"https:\\\/\\\/www.eldigitaldeasturias.com\\\/noticias\\\/category\\\/actualidad\\\/#listItem\",\"name\":\"Actualidad\"}}]},{\"@type\":\"Organization\",\"@id\":\"https:\\\/\\\/www.eldigitaldeasturias.com\\\/noticias\\\/#organization\",\"name\":\"El Digital de Asturias\",\"description\":\"Hemeroteca\",\"url\":\"https:\\\/\\\/www.eldigitaldeasturias.com\\\/noticias\\\/\",\"email\":\"info@eldigitaldeasturias.com\",\"telephone\":\"+34652131393\",\"logo\":{\"@type\":\"ImageObject\",\"url\":\"https:\\\/\\\/www.eldigitaldeasturias.com\\\/noticias\\\/wp-content\\\/uploads\\\/2020\\\/12\\\/EDA.jpg\",\"@id\":\"https:\\\/\\\/www.eldigitaldeasturias.com\\\/noticias\\\/comienza-la-reunion-de-ministros-de-exteriores-y-comercio-de-la-alianza-del-pacifico\\\/#organizationLogo\"},\"image\":{\"@id\":\"https:\\\/\\\/www.eldigitaldeasturias.com\\\/noticias\\\/comienza-la-reunion-de-ministros-de-exteriores-y-comercio-de-la-alianza-del-pacifico\\\/#organizationLogo\"},\"sameAs\":[\"https:\\\/\\\/facebook.com\\\/eldigitaldeasturias\",\"https:\\\/\\\/www.youtube.com\\\/channel\\\/UCZP-2wLEB9Rv6erhFmqVnvg\"],\"address\":{\"@id\":\"https:\\\/\\\/www.eldigitaldeasturias.com\\\/noticias\\\/#postaladdress\",\"@type\":\"PostalAddress\",\"streetAddress\":\"san antonio 4\",\"postalCode\":\"33430\",\"addressLocality\":\"Cand\\u00e1s\",\"addressRegion\":\"Asturias\",\"addressCountry\":\"ES\"}},{\"@type\":\"Person\",\"@id\":\"https:\\\/\\\/www.eldigitaldeasturias.com\\\/noticias\\\/author\\\/admin\\\/#author\",\"url\":\"https:\\\/\\\/www.eldigitaldeasturias.com\\\/noticias\\\/author\\\/admin\\\/\",\"name\":\"El Digital de Asturias\",\"image\":{\"@type\":\"ImageObject\",\"@id\":\"https:\\\/\\\/www.eldigitaldeasturias.com\\\/noticias\\\/comienza-la-reunion-de-ministros-de-exteriores-y-comercio-de-la-alianza-del-pacifico\\\/#authorImage\",\"url\":\"https:\\\/\\\/secure.gravatar.com\\\/avatar\\\/df2aeffc32bcd13f8d26072ef8a91b623d677766deac7f97ca815868cd41bf5e?s=96&d=mm&r=g\",\"width\":96,\"height\":96,\"caption\":\"El Digital de Asturias\"}},{\"@type\":\"WebPage\",\"@id\":\"https:\\\/\\\/www.eldigitaldeasturias.com\\\/noticias\\\/comienza-la-reunion-de-ministros-de-exteriores-y-comercio-de-la-alianza-del-pacifico\\\/#webpage\",\"url\":\"https:\\\/\\\/www.eldigitaldeasturias.com\\\/noticias\\\/comienza-la-reunion-de-ministros-de-exteriores-y-comercio-de-la-alianza-del-pacifico\\\/\",\"name\":\"Comienza la reuni\\u00f3n de ministros de Exteriores y Comercio de la Alianza del Pac\\u00edfico - El Digital de Asturias\",\"description\":\"Cartagena (Colombia), 9 feb (EFE).- Los ministros de Relaciones Exteriores y de Comercio de la Alianza del Pac\\u00edfico, que integran Chile, Colombia, M\\u00e9xico y Per\\u00fa, iniciaron hoy su jornada de trabajo en el marco de la octava cumbre que celebra este mecanismo en la ciudad colombiana de Cartagena. La canciller colombiana, Mar\\u00eda \\u00c1ngela Holgu\\u00edn, inaugur\\u00f3\",\"inLanguage\":\"es-ES\",\"isPartOf\":{\"@id\":\"https:\\\/\\\/www.eldigitaldeasturias.com\\\/noticias\\\/#website\"},\"breadcrumb\":{\"@id\":\"https:\\\/\\\/www.eldigitaldeasturias.com\\\/noticias\\\/comienza-la-reunion-de-ministros-de-exteriores-y-comercio-de-la-alianza-del-pacifico\\\/#breadcrumblist\"},\"author\":{\"@id\":\"https:\\\/\\\/www.eldigitaldeasturias.com\\\/noticias\\\/author\\\/admin\\\/#author\"},\"creator\":{\"@id\":\"https:\\\/\\\/www.eldigitaldeasturias.com\\\/noticias\\\/author\\\/admin\\\/#author\"},\"image\":{\"@type\":\"ImageObject\",\"url\":487515,\"@id\":\"https:\\\/\\\/www.eldigitaldeasturias.com\\\/noticias\\\/comienza-la-reunion-de-ministros-de-exteriores-y-comercio-de-la-alianza-del-pacifico\\\/#mainImage\"},\"primaryImageOfPage\":{\"@id\":\"https:\\\/\\\/www.eldigitaldeasturias.com\\\/noticias\\\/comienza-la-reunion-de-ministros-de-exteriores-y-comercio-de-la-alianza-del-pacifico\\\/#mainImage\"},\"datePublished\":\"2014-02-09T22:26:05+01:00\",\"dateModified\":\"2014-02-09T22:26:05+01:00\"},{\"@type\":\"WebSite\",\"@id\":\"https:\\\/\\\/www.eldigitaldeasturias.com\\\/noticias\\\/#website\",\"url\":\"https:\\\/\\\/www.eldigitaldeasturias.com\\\/noticias\\\/\",\"name\":\"El Digital de Asturias - Diario de actualidad y noticias\",\"alternateName\":\"El Digital de Asturias - Diario de actualidad y noticias\",\"description\":\"Hemeroteca\",\"inLanguage\":\"es-ES\",\"publisher\":{\"@id\":\"https:\\\/\\\/www.eldigitaldeasturias.com\\\/noticias\\\/#organization\"}}]}\n\t\t<\/script>\n\t\t<!-- All in One SEO Pro -->\r\n\t\t<title>Comienza la reuni\u00f3n de ministros de Exteriores y Comercio de la Alianza del Pac\u00edfico - El Digital de Asturias<\/title>\n\n","aioseo_head_json":{"title":"Comienza la reuni\u00f3n de ministros de Exteriores y Comercio de la Alianza del Pac\u00edfico - El Digital de Asturias","description":"Cartagena (Colombia), 9 feb (EFE).- Los ministros de Relaciones Exteriores y de Comercio de la Alianza del Pac\u00edfico, que integran Chile, Colombia, M\u00e9xico y Per\u00fa, iniciaron hoy su jornada de trabajo en el marco de la octava cumbre que celebra este mecanismo en la ciudad colombiana de Cartagena. La canciller colombiana, Mar\u00eda \u00c1ngela Holgu\u00edn, inaugur\u00f3","canonical_url":"https:\/\/www.eldigitaldeasturias.com\/noticias\/comienza-la-reunion-de-ministros-de-exteriores-y-comercio-de-la-alianza-del-pacifico\/","robots":"max-image-preview:large","keywords":"actualidad","webmasterTools":{"google-site-verification":"UA-38556648-1","msvalidate.01":"7dfe9f3f1b24437ab69f4f2559babe99","miscellaneous":""},"schema":{"@context":"https:\/\/schema.org","@graph":[{"@type":"BlogPosting","@id":"https:\/\/www.eldigitaldeasturias.com\/noticias\/comienza-la-reunion-de-ministros-de-exteriores-y-comercio-de-la-alianza-del-pacifico\/#blogposting","name":"Comienza la reuni\u00f3n de ministros de Exteriores y Comercio de la Alianza del Pac\u00edfico - El Digital de Asturias","headline":"Comienza la reuni\u00f3n de ministros de Exteriores y Comercio de la Alianza del Pac\u00edfico","author":{"@id":"https:\/\/www.eldigitaldeasturias.com\/noticias\/author\/admin\/#author"},"publisher":{"@id":"https:\/\/www.eldigitaldeasturias.com\/noticias\/#organization"},"image":{"@type":"ImageObject","url":487515},"datePublished":"2014-02-09T22:26:05+01:00","dateModified":"2014-02-09T22:26:05+01:00","inLanguage":"es-ES","mainEntityOfPage":{"@id":"https:\/\/www.eldigitaldeasturias.com\/noticias\/comienza-la-reunion-de-ministros-de-exteriores-y-comercio-de-la-alianza-del-pacifico\/#webpage"},"isPartOf":{"@id":"https:\/\/www.eldigitaldeasturias.com\/noticias\/comienza-la-reunion-de-ministros-de-exteriores-y-comercio-de-la-alianza-del-pacifico\/#webpage"},"articleSection":"Actualidad"},{"@type":"BreadcrumbList","@id":"https:\/\/www.eldigitaldeasturias.com\/noticias\/comienza-la-reunion-de-ministros-de-exteriores-y-comercio-de-la-alianza-del-pacifico\/#breadcrumblist","itemListElement":[{"@type":"ListItem","@id":"https:\/\/www.eldigitaldeasturias.com\/noticias#listItem","position":1,"name":"Home","item":"https:\/\/www.eldigitaldeasturias.com\/noticias","nextItem":{"@type":"ListItem","@id":"https:\/\/www.eldigitaldeasturias.com\/noticias\/category\/actualidad\/#listItem","name":"Actualidad"}},{"@type":"ListItem","@id":"https:\/\/www.eldigitaldeasturias.com\/noticias\/category\/actualidad\/#listItem","position":2,"name":"Actualidad","item":"https:\/\/www.eldigitaldeasturias.com\/noticias\/category\/actualidad\/","nextItem":{"@type":"ListItem","@id":"https:\/\/www.eldigitaldeasturias.com\/noticias\/comienza-la-reunion-de-ministros-de-exteriores-y-comercio-de-la-alianza-del-pacifico\/#listItem","name":"Comienza la reuni\u00f3n de ministros de Exteriores y Comercio de la Alianza del Pac\u00edfico"},"previousItem":{"@type":"ListItem","@id":"https:\/\/www.eldigitaldeasturias.com\/noticias#listItem","name":"Home"}},{"@type":"ListItem","@id":"https:\/\/www.eldigitaldeasturias.com\/noticias\/comienza-la-reunion-de-ministros-de-exteriores-y-comercio-de-la-alianza-del-pacifico\/#listItem","position":3,"name":"Comienza la reuni\u00f3n de ministros de Exteriores y Comercio de la Alianza del Pac\u00edfico","previousItem":{"@type":"ListItem","@id":"https:\/\/www.eldigitaldeasturias.com\/noticias\/category\/actualidad\/#listItem","name":"Actualidad"}}]},{"@type":"Organization","@id":"https:\/\/www.eldigitaldeasturias.com\/noticias\/#organization","name":"El Digital de Asturias","description":"Hemeroteca","url":"https:\/\/www.eldigitaldeasturias.com\/noticias\/","email":"info@eldigitaldeasturias.com","telephone":"+34652131393","logo":{"@type":"ImageObject","url":"https:\/\/www.eldigitaldeasturias.com\/noticias\/wp-content\/uploads\/2020\/12\/EDA.jpg","@id":"https:\/\/www.eldigitaldeasturias.com\/noticias\/comienza-la-reunion-de-ministros-de-exteriores-y-comercio-de-la-alianza-del-pacifico\/#organizationLogo"},"image":{"@id":"https:\/\/www.eldigitaldeasturias.com\/noticias\/comienza-la-reunion-de-ministros-de-exteriores-y-comercio-de-la-alianza-del-pacifico\/#organizationLogo"},"sameAs":["https:\/\/facebook.com\/eldigitaldeasturias","https:\/\/www.youtube.com\/channel\/UCZP-2wLEB9Rv6erhFmqVnvg"],"address":{"@id":"https:\/\/www.eldigitaldeasturias.com\/noticias\/#postaladdress","@type":"PostalAddress","streetAddress":"san antonio 4","postalCode":"33430","addressLocality":"Cand\u00e1s","addressRegion":"Asturias","addressCountry":"ES"}},{"@type":"Person","@id":"https:\/\/www.eldigitaldeasturias.com\/noticias\/author\/admin\/#author","url":"https:\/\/www.eldigitaldeasturias.com\/noticias\/author\/admin\/","name":"El Digital de Asturias","image":{"@type":"ImageObject","@id":"https:\/\/www.eldigitaldeasturias.com\/noticias\/comienza-la-reunion-de-ministros-de-exteriores-y-comercio-de-la-alianza-del-pacifico\/#authorImage","url":"https:\/\/secure.gravatar.com\/avatar\/df2aeffc32bcd13f8d26072ef8a91b623d677766deac7f97ca815868cd41bf5e?s=96&d=mm&r=g","width":96,"height":96,"caption":"El Digital de Asturias"}},{"@type":"WebPage","@id":"https:\/\/www.eldigitaldeasturias.com\/noticias\/comienza-la-reunion-de-ministros-de-exteriores-y-comercio-de-la-alianza-del-pacifico\/#webpage","url":"https:\/\/www.eldigitaldeasturias.com\/noticias\/comienza-la-reunion-de-ministros-de-exteriores-y-comercio-de-la-alianza-del-pacifico\/","name":"Comienza la reuni\u00f3n de ministros de Exteriores y Comercio de la Alianza del Pac\u00edfico - El Digital de Asturias","description":"Cartagena (Colombia), 9 feb (EFE).- Los ministros de Relaciones Exteriores y de Comercio de la Alianza del Pac\u00edfico, que integran Chile, Colombia, M\u00e9xico y Per\u00fa, iniciaron hoy su jornada de trabajo en el marco de la octava cumbre que celebra este mecanismo en la ciudad colombiana de Cartagena. La canciller colombiana, Mar\u00eda \u00c1ngela Holgu\u00edn, inaugur\u00f3","inLanguage":"es-ES","isPartOf":{"@id":"https:\/\/www.eldigitaldeasturias.com\/noticias\/#website"},"breadcrumb":{"@id":"https:\/\/www.eldigitaldeasturias.com\/noticias\/comienza-la-reunion-de-ministros-de-exteriores-y-comercio-de-la-alianza-del-pacifico\/#breadcrumblist"},"author":{"@id":"https:\/\/www.eldigitaldeasturias.com\/noticias\/author\/admin\/#author"},"creator":{"@id":"https:\/\/www.eldigitaldeasturias.com\/noticias\/author\/admin\/#author"},"image":{"@type":"ImageObject","url":487515,"@id":"https:\/\/www.eldigitaldeasturias.com\/noticias\/comienza-la-reunion-de-ministros-de-exteriores-y-comercio-de-la-alianza-del-pacifico\/#mainImage"},"primaryImageOfPage":{"@id":"https:\/\/www.eldigitaldeasturias.com\/noticias\/comienza-la-reunion-de-ministros-de-exteriores-y-comercio-de-la-alianza-del-pacifico\/#mainImage"},"datePublished":"2014-02-09T22:26:05+01:00","dateModified":"2014-02-09T22:26:05+01:00"},{"@type":"WebSite","@id":"https:\/\/www.eldigitaldeasturias.com\/noticias\/#website","url":"https:\/\/www.eldigitaldeasturias.com\/noticias\/","name":"El Digital de Asturias - Diario de actualidad y noticias","alternateName":"El Digital de Asturias - Diario de actualidad y noticias","description":"Hemeroteca","inLanguage":"es-ES","publisher":{"@id":"https:\/\/www.eldigitaldeasturias.com\/noticias\/#organization"}}]},"og:locale":"es_ES","og:site_name":"El Digital de Asturias","og:type":"article","og:title":"Comienza la reuni\u00f3n de ministros de Exteriores y Comercio de la Alianza del Pac\u00edfico - El Digital de Asturias","og:description":"Cartagena (Colombia), 9 feb (EFE).- Los ministros de Relaciones Exteriores y de Comercio de la Alianza del Pac\u00edfico, que integran Chile, Colombia, M\u00e9xico y Per\u00fa, iniciaron hoy su jornada de trabajo en el marco de la octava cumbre que celebra este mecanismo en la ciudad colombiana de Cartagena. La canciller colombiana, Mar\u00eda \u00c1ngela Holgu\u00edn, inaugur\u00f3","og:url":"https:\/\/www.eldigitaldeasturias.com\/noticias\/comienza-la-reunion-de-ministros-de-exteriores-y-comercio-de-la-alianza-del-pacifico\/","article:tag":["actualidad"],"article:published_time":"2014-02-09T23:26:05+00:00","article:modified_time":"2014-02-09T23:26:05+00:00","article:publisher":"https:\/\/facebook.com\/eldigitaldeasturias","twitter:card":"summary_large_image","twitter:title":"Comienza la reuni\u00f3n de ministros de Exteriores y Comercio de la Alianza del Pac\u00edfico - El Digital de Asturias","twitter:description":"Cartagena (Colombia), 9 feb (EFE).- Los ministros de Relaciones Exteriores y de Comercio de la Alianza del Pac\u00edfico, que integran Chile, Colombia, M\u00e9xico y Per\u00fa, iniciaron hoy su jornada de trabajo en el marco de la octava cumbre que celebra este mecanismo en la ciudad colombiana de Cartagena. La canciller colombiana, Mar\u00eda \u00c1ngela Holgu\u00edn, inaugur\u00f3","twitter:label1":"Escrito por","twitter:data1":"El Digital de Asturias","twitter:label2":"Tiempo de lectura estimado","twitter:data2":"2 minutos"},"aioseo_meta_data":{"post_id":"487514","title":null,"description":null,"keywords":null,"keyphrases":null,"primary_term":null,"canonical_url":null,"og_title":null,"og_description":null,"og_object_type":"default","og_image_type":"default","og_image_url":null,"og_image_width":null,"og_image_height":null,"og_image_custom_url":null,"og_image_custom_fields":null,"og_video":null,"og_custom_url":null,"og_article_section":null,"og_article_tags":null,"twitter_use_og":true,"twitter_card":"default","twitter_image_type":"default","twitter_image_url":null,"twitter_image_custom_url":null,"twitter_image_custom_fields":null,"twitter_title":null,"twitter_description":null,"schema":{"blockGraphs":[],"customGraphs":[],"default":{"data":{"Article":[],"Course":[],"Dataset":[],"FAQPage":[],"Movie":[],"Person":[],"Product":[],"ProductReview":[],"Car":[],"Recipe":[],"Service":[],"SoftwareApplication":[],"WebPage":[]},"graphName":"","isEnabled":true},"graphs":[],"defaultGraph":"","defaultPostTypeGraph":""},"schema_type":null,"schema_type_options":null,"pillar_content":false,"robots_default":true,"robots_noindex":false,"robots_noarchive":false,"robots_nosnippet":false,"robots_nofollow":false,"robots_noimageindex":false,"robots_noodp":false,"robots_notranslate":false,"robots_max_snippet":null,"robots_max_videopreview":null,"robots_max_imagepreview":"none","priority":null,"frequency":null,"local_seo":null,"seo_analyzer_scan_date":"2026-06-03 04:57:58","breadcrumb_settings":null,"limit_modified_date":false,"open_ai":null,"ai":null,"created":"2020-11-14 22:56:26","updated":"2026-06-03 04:57:58","focus_keyword":null,"additional_keywords":null,"truseo_locale":null},"aioseo_breadcrumb":"<div class=\"aioseo-breadcrumbs\"><span class=\"aioseo-breadcrumb\">\n\t<a href=\"https:\/\/www.eldigitaldeasturias.com\/noticias\" title=\"Home\">Home<\/a>\n<\/span><span class=\"aioseo-breadcrumb-separator\">\u2013<\/span><span class=\"aioseo-breadcrumb\">\n\t<a href=\"https:\/\/www.eldigitaldeasturias.com\/noticias\/category\/actualidad\/\" title=\"Actualidad\">Actualidad<\/a>\n<\/span><span class=\"aioseo-breadcrumb-separator\">\u2013<\/span><span class=\"aioseo-breadcrumb\">\n\t<a href=\"https:\/\/www.eldigitaldeasturias.com\/noticias\/comienza-la-reunion-de-ministros-de-exteriores-y-comercio-de-la-alianza-del-pacifico\/\" title=\"Comienza la reuni\u00f3n de ministros de Exteriores y Comercio de la Alianza del Pac\u00edfico\">Comienza la reuni\u00f3n de ministros de Exteriores y Comercio de la Alianza del Pac\u00edfico<\/a>\n<\/span><\/div>","aioseo_breadcrumb_json":[{"label":"Home","link":"https:\/\/www.eldigitaldeasturias.com\/noticias"},{"label":"Actualidad","link":"https:\/\/www.eldigitaldeasturias.com\/noticias\/category\/actualidad\/"},{"label":"Comienza la reuni\u00f3n de ministros de Exteriores y Comercio de la Alianza del Pac\u00edfico","link":"https:\/\/www.eldigitaldeasturias.com\/noticias\/comienza-la-reunion-de-ministros-de-exteriores-y-comercio-de-la-alianza-del-pacifico\/"}],"_links":{"self":[{"href":"https:\/\/www.eldigitaldeasturias.com\/noticias\/wp-json\/wp\/v2\/posts\/487514","targetHints":{"allow":["GET"]}}],"collection":[{"href":"https:\/\/www.eldigitaldeasturias.com\/noticias\/wp-json\/wp\/v2\/posts"}],"about":[{"href":"https:\/\/www.eldigitaldeasturias.com\/noticias\/wp-json\/wp\/v2\/types\/post"}],"author":[{"embeddable":true,"href":"https:\/\/www.eldigitaldeasturias.com\/noticias\/wp-json\/wp\/v2\/users\/1"}],"replies":[{"embeddable":true,"href":"https:\/\/www.eldigitaldeasturias.com\/noticias\/wp-json\/wp\/v2\/comments?post=487514"}],"version-history":[{"count":0,"href":"https:\/\/www.eldigitaldeasturias.com\/noticias\/wp-json\/wp\/v2\/posts\/487514\/revisions"}],"wp:attachment":[{"href":"https:\/\/www.eldigitaldeasturias.com\/noticias\/wp-json\/wp\/v2\/media?parent=487514"}],"wp:term":[{"taxonomy":"category","embeddable":true,"href":"https:\/\/www.eldigitaldeasturias.com\/noticias\/wp-json\/wp\/v2\/categories?post=487514"},{"taxonomy":"post_tag","embeddable":true,"href":"https:\/\/www.eldigitaldeasturias.com\/noticias\/wp-json\/wp\/v2\/tags?post=487514"}],"curies":[{"name":"wp","href":"https:\/\/api.w.org\/{rel}","templated":true}]}}