{"id":487511,"date":"2014-02-09T22:25:03","date_gmt":"2014-02-09T23:25:03","guid":{"rendered":"http:\/\/www.eldigitaldeasturias.com\/noticias\/?p=487511"},"modified":"2014-02-09T22:25:03","modified_gmt":"2014-02-09T23:25:03","slug":"francisco-cita-en-el-vaticano-al-gobierno-argentino-gremios-y-empresarios","status":"publish","type":"post","link":"https:\/\/www.eldigitaldeasturias.com\/noticias\/francisco-cita-en-el-vaticano-al-gobierno-argentino-gremios-y-empresarios\/","title":{"rendered":"Francisco cita en el Vaticano al Gobierno argentino, gremios y empresarios"},"content":{"rendered":"<p><img loading=\"lazy\" decoding=\"async\" class=\"alignleft size-medium wp-image-487512\" alt=\"5925967w\" src=\"https:\/\/www.eldigitaldeasturias.com\/noticias\/wp-content\/uploads\/2014\/02\/5925967w-360x239.jpg\" width=\"360\" height=\"239\" \/>Buenos Aires, 9 feb (EFE).- El Papa Francisco convoc\u00f3 a funcionarios del Gobierno argentino, a empresarios y a sindicalistas a una reuni\u00f3n en el Vaticano el pr\u00f3ximo 19 de marzo para fomentar la paz social, informaron hoy fuentes gremiales del pa\u00eds.<\/p>\n<p>\u00abSe trata de buscar herramientas para resolver los problemas desde el di\u00e1logo. Su santidad est\u00e1 muy comprometida con esa hoja de ruta\u00bb, dijo a Radio Am\u00e9rica el titular de la Uni\u00f3n Obrera de la Construcci\u00f3n de la Rep\u00fablica Argentina (Uocra), Gerardo Mart\u00ednez, uno de los convocados.<\/p>\n<p>Seg\u00fan anticip\u00f3 hoy el diario bonaerense La Naci\u00f3n, tambi\u00e9n han confirmado su asistencia al encuentro el ministro de Trabajo, Carlos Tomada, el presidente de la Uni\u00f3n Industrial Argentina (UIA), H\u00e9ctor M\u00e9ndez, y el vicepresidente de esa entidad, Daniel Funes de Rioja.<\/p>\n<p>El motivo oficial del encuentro ser\u00e1 una visita al Vaticano de una comitiva de la Organizaci\u00f3n Internacional del Trabajo (OIT), en la que Mart\u00ednez representa al sindicalismo argentino, mientras que Funes de Rioja ocupa ese rol por el empresariado nacional.<\/p>\n<p>\u00abLa convocatoria del Papa es un gesto evidentemente pol\u00edtico y seguramente va ir en el sentido de pedir m\u00e1s unidad y m\u00e1s di\u00e1logo, no s\u00f3lo entre nosotros, sino a todo nivel\u00bb, declararon fuentes del entorno de Mart\u00ednez al rotativo bonaerense.<\/p>\n<p>El encuentro propuesto por el Papa, que no ha sido confirmado ni desmentido oficialmente, llega en medio de un clima tenso en Argentina.<\/p>\n<p>En la \u00faltima semana, el Gobierno ha criticado a los empresarios por el alza de precios y ha mantenido acusaciones cruzadas con los sindicatos oficialistas en v\u00edsperas del inicio de las negociaciones paritarias, en las que se definir\u00e1 la subida salarial para 2014.<\/p>\n<p>El l\u00edder de la Uocra ha propuesto moderar las alzas salariales al 25 % a cambio del compromiso de que no haya despidos, pero la mayor\u00eda de gremios apuesta por exigir subidas de sueldo superiores al 30 %, una cifra cercana a las estimaciones privadas de inflaci\u00f3n para este a\u00f1o.<\/p>\n<p>El sindicato de los docentes, uno de los primeros en sentarse a la mesa de negociaciones paritarias, reclama un salario b\u00e1sico de 5.500 pesos (unos 700 d\u00f3lares), es decir, un aumento del 60 %, que ya ha sido rechazado por las autoridades nacionales y provinciales.<\/p>\n","protected":false},"excerpt":{"rendered":"<p>Buenos Aires, 9 feb (EFE).- El Papa Francisco convoc\u00f3 a funcionarios del Gobierno argentino, a empresarios y a sindicalistas a una reuni\u00f3n en el Vaticano el pr\u00f3ximo 19 de marzo para fomentar la paz social, informaron hoy fuentes gremiales del pa\u00eds. \u00abSe trata de buscar herramientas para resolver los problemas desde el di\u00e1logo. Su santidad [&hellip;]<\/p>\n","protected":false},"author":1,"featured_media":487512,"comment_status":"open","ping_status":"open","sticky":false,"template":"","format":"standard","meta":{"footnotes":""},"categories":[1],"tags":[],"class_list":["post-487511","post","type-post","status-publish","format-standard","has-post-thumbnail","hentry","category-actualidad"],"aioseo_notices":[],"aioseo_head":"\n\t\t<!-- All in One SEO Pro 5.0.1 - aioseo.com -->\n\t<meta name=\"description\" content=\"Buenos Aires, 9 feb (EFE).- El Papa Francisco convoc\u00f3 a funcionarios del Gobierno argentino, a empresarios y a sindicalistas a una reuni\u00f3n en el Vaticano el pr\u00f3ximo 19 de marzo para fomentar la paz social, informaron hoy fuentes gremiales del pa\u00eds. &quot;Se trata de buscar herramientas para resolver los problemas desde el di\u00e1logo. Su santidad\" \/>\n\t<meta name=\"robots\" content=\"max-image-preview:large\" \/>\n\t<meta name=\"author\" content=\"El Digital de Asturias\"\/>\n\t<meta name=\"google-site-verification\" content=\"UA-38556648-1\" \/>\n\t<meta name=\"msvalidate.01\" content=\"7dfe9f3f1b24437ab69f4f2559babe99\" \/>\n\t<meta name=\"keywords\" content=\"actualidad\" \/>\n\t<link rel=\"canonical\" href=\"https:\/\/www.eldigitaldeasturias.com\/noticias\/francisco-cita-en-el-vaticano-al-gobierno-argentino-gremios-y-empresarios\/\" \/>\n\t<meta name=\"generator\" content=\"All in One SEO Pro (AIOSEO) 5.0.1\" \/>\n\t\t<meta property=\"og:locale\" content=\"es_ES\" \/>\n\t\t<meta property=\"og:site_name\" content=\"El Digital de Asturias\" \/>\n\t\t<meta property=\"og:type\" content=\"article\" \/>\n\t\t<meta property=\"og:title\" content=\"Francisco cita en el Vaticano al Gobierno argentino, gremios y empresarios - El Digital de Asturias\" \/>\n\t\t<meta property=\"og:description\" content=\"Buenos Aires, 9 feb (EFE).- El Papa Francisco convoc\u00f3 a funcionarios del Gobierno argentino, a empresarios y a sindicalistas a una reuni\u00f3n en el Vaticano el pr\u00f3ximo 19 de marzo para fomentar la paz social, informaron hoy fuentes gremiales del pa\u00eds. &quot;Se trata de buscar herramientas para resolver los problemas desde el di\u00e1logo. Su santidad\" \/>\n\t\t<meta property=\"og:url\" content=\"https:\/\/www.eldigitaldeasturias.com\/noticias\/francisco-cita-en-el-vaticano-al-gobierno-argentino-gremios-y-empresarios\/\" \/>\n\t\t<meta property=\"article:tag\" content=\"actualidad\" \/>\n\t\t<meta property=\"article:published_time\" content=\"2014-02-09T23:25:03+00:00\" \/>\n\t\t<meta property=\"article:modified_time\" content=\"2014-02-09T23:25:03+00:00\" \/>\n\t\t<meta property=\"article:publisher\" content=\"https:\/\/facebook.com\/eldigitaldeasturias\" \/>\n\t\t<meta name=\"twitter:card\" content=\"summary_large_image\" \/>\n\t\t<meta name=\"twitter:title\" content=\"Francisco cita en el Vaticano al Gobierno argentino, gremios y empresarios - El Digital de Asturias\" \/>\n\t\t<meta name=\"twitter:description\" content=\"Buenos Aires, 9 feb (EFE).- El Papa Francisco convoc\u00f3 a funcionarios del Gobierno argentino, a empresarios y a sindicalistas a una reuni\u00f3n en el Vaticano el pr\u00f3ximo 19 de marzo para fomentar la paz social, informaron hoy fuentes gremiales del pa\u00eds. &quot;Se trata de buscar herramientas para resolver los problemas desde el di\u00e1logo. Su santidad\" \/>\n\t\t<meta name=\"twitter:label1\" content=\"Escrito por\" \/>\n\t\t<meta name=\"twitter:data1\" content=\"El Digital de Asturias\" \/>\n\t\t<meta name=\"twitter:label2\" content=\"Tiempo de lectura estimado\" \/>\n\t\t<meta name=\"twitter:data2\" content=\"2 minutos\" \/>\n\t\t<script type=\"application\/ld+json\" class=\"aioseo-schema\">\n\t\t\t{\"@context\":\"https:\\\/\\\/schema.org\",\"@graph\":[{\"@type\":\"BlogPosting\",\"@id\":\"https:\\\/\\\/www.eldigitaldeasturias.com\\\/noticias\\\/francisco-cita-en-el-vaticano-al-gobierno-argentino-gremios-y-empresarios\\\/#blogposting\",\"name\":\"Francisco cita en el Vaticano al Gobierno argentino, gremios y empresarios - El Digital de Asturias\",\"headline\":\"Francisco cita en el Vaticano al Gobierno argentino, gremios y empresarios\",\"author\":{\"@id\":\"https:\\\/\\\/www.eldigitaldeasturias.com\\\/noticias\\\/author\\\/admin\\\/#author\"},\"publisher\":{\"@id\":\"https:\\\/\\\/www.eldigitaldeasturias.com\\\/noticias\\\/#organization\"},\"image\":{\"@type\":\"ImageObject\",\"url\":487512},\"datePublished\":\"2014-02-09T22:25:03+01:00\",\"dateModified\":\"2014-02-09T22:25:03+01:00\",\"inLanguage\":\"es-ES\",\"mainEntityOfPage\":{\"@id\":\"https:\\\/\\\/www.eldigitaldeasturias.com\\\/noticias\\\/francisco-cita-en-el-vaticano-al-gobierno-argentino-gremios-y-empresarios\\\/#webpage\"},\"isPartOf\":{\"@id\":\"https:\\\/\\\/www.eldigitaldeasturias.com\\\/noticias\\\/francisco-cita-en-el-vaticano-al-gobierno-argentino-gremios-y-empresarios\\\/#webpage\"},\"articleSection\":\"Actualidad\"},{\"@type\":\"BreadcrumbList\",\"@id\":\"https:\\\/\\\/www.eldigitaldeasturias.com\\\/noticias\\\/francisco-cita-en-el-vaticano-al-gobierno-argentino-gremios-y-empresarios\\\/#breadcrumblist\",\"itemListElement\":[{\"@type\":\"ListItem\",\"@id\":\"https:\\\/\\\/www.eldigitaldeasturias.com\\\/noticias#listItem\",\"position\":1,\"name\":\"Home\",\"item\":\"https:\\\/\\\/www.eldigitaldeasturias.com\\\/noticias\",\"nextItem\":{\"@type\":\"ListItem\",\"@id\":\"https:\\\/\\\/www.eldigitaldeasturias.com\\\/noticias\\\/category\\\/actualidad\\\/#listItem\",\"name\":\"Actualidad\"}},{\"@type\":\"ListItem\",\"@id\":\"https:\\\/\\\/www.eldigitaldeasturias.com\\\/noticias\\\/category\\\/actualidad\\\/#listItem\",\"position\":2,\"name\":\"Actualidad\",\"item\":\"https:\\\/\\\/www.eldigitaldeasturias.com\\\/noticias\\\/category\\\/actualidad\\\/\",\"nextItem\":{\"@type\":\"ListItem\",\"@id\":\"https:\\\/\\\/www.eldigitaldeasturias.com\\\/noticias\\\/francisco-cita-en-el-vaticano-al-gobierno-argentino-gremios-y-empresarios\\\/#listItem\",\"name\":\"Francisco cita en el Vaticano al Gobierno argentino, gremios y empresarios\"},\"previousItem\":{\"@type\":\"ListItem\",\"@id\":\"https:\\\/\\\/www.eldigitaldeasturias.com\\\/noticias#listItem\",\"name\":\"Home\"}},{\"@type\":\"ListItem\",\"@id\":\"https:\\\/\\\/www.eldigitaldeasturias.com\\\/noticias\\\/francisco-cita-en-el-vaticano-al-gobierno-argentino-gremios-y-empresarios\\\/#listItem\",\"position\":3,\"name\":\"Francisco cita en el Vaticano al Gobierno argentino, gremios y empresarios\",\"previousItem\":{\"@type\":\"ListItem\",\"@id\":\"https:\\\/\\\/www.eldigitaldeasturias.com\\\/noticias\\\/category\\\/actualidad\\\/#listItem\",\"name\":\"Actualidad\"}}]},{\"@type\":\"Organization\",\"@id\":\"https:\\\/\\\/www.eldigitaldeasturias.com\\\/noticias\\\/#organization\",\"name\":\"El Digital de Asturias\",\"description\":\"Hemeroteca\",\"url\":\"https:\\\/\\\/www.eldigitaldeasturias.com\\\/noticias\\\/\",\"email\":\"info@eldigitaldeasturias.com\",\"telephone\":\"+34652131393\",\"logo\":{\"@type\":\"ImageObject\",\"url\":\"https:\\\/\\\/www.eldigitaldeasturias.com\\\/noticias\\\/wp-content\\\/uploads\\\/2020\\\/12\\\/EDA.jpg\",\"@id\":\"https:\\\/\\\/www.eldigitaldeasturias.com\\\/noticias\\\/francisco-cita-en-el-vaticano-al-gobierno-argentino-gremios-y-empresarios\\\/#organizationLogo\"},\"image\":{\"@id\":\"https:\\\/\\\/www.eldigitaldeasturias.com\\\/noticias\\\/francisco-cita-en-el-vaticano-al-gobierno-argentino-gremios-y-empresarios\\\/#organizationLogo\"},\"sameAs\":[\"https:\\\/\\\/facebook.com\\\/eldigitaldeasturias\",\"https:\\\/\\\/www.youtube.com\\\/channel\\\/UCZP-2wLEB9Rv6erhFmqVnvg\"],\"address\":{\"@id\":\"https:\\\/\\\/www.eldigitaldeasturias.com\\\/noticias\\\/#postaladdress\",\"@type\":\"PostalAddress\",\"streetAddress\":\"san antonio 4\",\"postalCode\":\"33430\",\"addressLocality\":\"Cand\\u00e1s\",\"addressRegion\":\"Asturias\",\"addressCountry\":\"ES\"}},{\"@type\":\"Person\",\"@id\":\"https:\\\/\\\/www.eldigitaldeasturias.com\\\/noticias\\\/author\\\/admin\\\/#author\",\"url\":\"https:\\\/\\\/www.eldigitaldeasturias.com\\\/noticias\\\/author\\\/admin\\\/\",\"name\":\"El Digital de Asturias\",\"image\":{\"@type\":\"ImageObject\",\"@id\":\"https:\\\/\\\/www.eldigitaldeasturias.com\\\/noticias\\\/francisco-cita-en-el-vaticano-al-gobierno-argentino-gremios-y-empresarios\\\/#authorImage\",\"url\":\"https:\\\/\\\/secure.gravatar.com\\\/avatar\\\/df2aeffc32bcd13f8d26072ef8a91b623d677766deac7f97ca815868cd41bf5e?s=96&d=mm&r=g\",\"width\":96,\"height\":96,\"caption\":\"El Digital de Asturias\"}},{\"@type\":\"WebPage\",\"@id\":\"https:\\\/\\\/www.eldigitaldeasturias.com\\\/noticias\\\/francisco-cita-en-el-vaticano-al-gobierno-argentino-gremios-y-empresarios\\\/#webpage\",\"url\":\"https:\\\/\\\/www.eldigitaldeasturias.com\\\/noticias\\\/francisco-cita-en-el-vaticano-al-gobierno-argentino-gremios-y-empresarios\\\/\",\"name\":\"Francisco cita en el Vaticano al Gobierno argentino, gremios y empresarios - El Digital de Asturias\",\"description\":\"Buenos Aires, 9 feb (EFE).- El Papa Francisco convoc\\u00f3 a funcionarios del Gobierno argentino, a empresarios y a sindicalistas a una reuni\\u00f3n en el Vaticano el pr\\u00f3ximo 19 de marzo para fomentar la paz social, informaron hoy fuentes gremiales del pa\\u00eds. \\\"Se trata de buscar herramientas para resolver los problemas desde el di\\u00e1logo. Su santidad\",\"inLanguage\":\"es-ES\",\"isPartOf\":{\"@id\":\"https:\\\/\\\/www.eldigitaldeasturias.com\\\/noticias\\\/#website\"},\"breadcrumb\":{\"@id\":\"https:\\\/\\\/www.eldigitaldeasturias.com\\\/noticias\\\/francisco-cita-en-el-vaticano-al-gobierno-argentino-gremios-y-empresarios\\\/#breadcrumblist\"},\"author\":{\"@id\":\"https:\\\/\\\/www.eldigitaldeasturias.com\\\/noticias\\\/author\\\/admin\\\/#author\"},\"creator\":{\"@id\":\"https:\\\/\\\/www.eldigitaldeasturias.com\\\/noticias\\\/author\\\/admin\\\/#author\"},\"image\":{\"@type\":\"ImageObject\",\"url\":487512,\"@id\":\"https:\\\/\\\/www.eldigitaldeasturias.com\\\/noticias\\\/francisco-cita-en-el-vaticano-al-gobierno-argentino-gremios-y-empresarios\\\/#mainImage\"},\"primaryImageOfPage\":{\"@id\":\"https:\\\/\\\/www.eldigitaldeasturias.com\\\/noticias\\\/francisco-cita-en-el-vaticano-al-gobierno-argentino-gremios-y-empresarios\\\/#mainImage\"},\"datePublished\":\"2014-02-09T22:25:03+01:00\",\"dateModified\":\"2014-02-09T22:25:03+01:00\"},{\"@type\":\"WebSite\",\"@id\":\"https:\\\/\\\/www.eldigitaldeasturias.com\\\/noticias\\\/#website\",\"url\":\"https:\\\/\\\/www.eldigitaldeasturias.com\\\/noticias\\\/\",\"name\":\"El Digital de Asturias - Diario de actualidad y noticias\",\"alternateName\":\"El Digital de Asturias - Diario de actualidad y noticias\",\"description\":\"Hemeroteca\",\"inLanguage\":\"es-ES\",\"publisher\":{\"@id\":\"https:\\\/\\\/www.eldigitaldeasturias.com\\\/noticias\\\/#organization\"}}]}\n\t\t<\/script>\n\t\t<!-- All in One SEO Pro -->\r\n\t\t<title>Francisco cita en el Vaticano al Gobierno argentino, gremios y empresarios - El Digital de Asturias<\/title>\n\n","aioseo_head_json":{"title":"Francisco cita en el Vaticano al Gobierno argentino, gremios y empresarios - El Digital de Asturias","description":"Buenos Aires, 9 feb (EFE).- El Papa Francisco convoc\u00f3 a funcionarios del Gobierno argentino, a empresarios y a sindicalistas a una reuni\u00f3n en el Vaticano el pr\u00f3ximo 19 de marzo para fomentar la paz social, informaron hoy fuentes gremiales del pa\u00eds. \"Se trata de buscar herramientas para resolver los problemas desde el di\u00e1logo. Su santidad","canonical_url":"https:\/\/www.eldigitaldeasturias.com\/noticias\/francisco-cita-en-el-vaticano-al-gobierno-argentino-gremios-y-empresarios\/","robots":"max-image-preview:large","keywords":"actualidad","webmasterTools":{"google-site-verification":"UA-38556648-1","msvalidate.01":"7dfe9f3f1b24437ab69f4f2559babe99","miscellaneous":""},"schema":{"@context":"https:\/\/schema.org","@graph":[{"@type":"BlogPosting","@id":"https:\/\/www.eldigitaldeasturias.com\/noticias\/francisco-cita-en-el-vaticano-al-gobierno-argentino-gremios-y-empresarios\/#blogposting","name":"Francisco cita en el Vaticano al Gobierno argentino, gremios y empresarios - El Digital de Asturias","headline":"Francisco cita en el Vaticano al Gobierno argentino, gremios y empresarios","author":{"@id":"https:\/\/www.eldigitaldeasturias.com\/noticias\/author\/admin\/#author"},"publisher":{"@id":"https:\/\/www.eldigitaldeasturias.com\/noticias\/#organization"},"image":{"@type":"ImageObject","url":487512},"datePublished":"2014-02-09T22:25:03+01:00","dateModified":"2014-02-09T22:25:03+01:00","inLanguage":"es-ES","mainEntityOfPage":{"@id":"https:\/\/www.eldigitaldeasturias.com\/noticias\/francisco-cita-en-el-vaticano-al-gobierno-argentino-gremios-y-empresarios\/#webpage"},"isPartOf":{"@id":"https:\/\/www.eldigitaldeasturias.com\/noticias\/francisco-cita-en-el-vaticano-al-gobierno-argentino-gremios-y-empresarios\/#webpage"},"articleSection":"Actualidad"},{"@type":"BreadcrumbList","@id":"https:\/\/www.eldigitaldeasturias.com\/noticias\/francisco-cita-en-el-vaticano-al-gobierno-argentino-gremios-y-empresarios\/#breadcrumblist","itemListElement":[{"@type":"ListItem","@id":"https:\/\/www.eldigitaldeasturias.com\/noticias#listItem","position":1,"name":"Home","item":"https:\/\/www.eldigitaldeasturias.com\/noticias","nextItem":{"@type":"ListItem","@id":"https:\/\/www.eldigitaldeasturias.com\/noticias\/category\/actualidad\/#listItem","name":"Actualidad"}},{"@type":"ListItem","@id":"https:\/\/www.eldigitaldeasturias.com\/noticias\/category\/actualidad\/#listItem","position":2,"name":"Actualidad","item":"https:\/\/www.eldigitaldeasturias.com\/noticias\/category\/actualidad\/","nextItem":{"@type":"ListItem","@id":"https:\/\/www.eldigitaldeasturias.com\/noticias\/francisco-cita-en-el-vaticano-al-gobierno-argentino-gremios-y-empresarios\/#listItem","name":"Francisco cita en el Vaticano al Gobierno argentino, gremios y empresarios"},"previousItem":{"@type":"ListItem","@id":"https:\/\/www.eldigitaldeasturias.com\/noticias#listItem","name":"Home"}},{"@type":"ListItem","@id":"https:\/\/www.eldigitaldeasturias.com\/noticias\/francisco-cita-en-el-vaticano-al-gobierno-argentino-gremios-y-empresarios\/#listItem","position":3,"name":"Francisco cita en el Vaticano al Gobierno argentino, gremios y empresarios","previousItem":{"@type":"ListItem","@id":"https:\/\/www.eldigitaldeasturias.com\/noticias\/category\/actualidad\/#listItem","name":"Actualidad"}}]},{"@type":"Organization","@id":"https:\/\/www.eldigitaldeasturias.com\/noticias\/#organization","name":"El Digital de Asturias","description":"Hemeroteca","url":"https:\/\/www.eldigitaldeasturias.com\/noticias\/","email":"info@eldigitaldeasturias.com","telephone":"+34652131393","logo":{"@type":"ImageObject","url":"https:\/\/www.eldigitaldeasturias.com\/noticias\/wp-content\/uploads\/2020\/12\/EDA.jpg","@id":"https:\/\/www.eldigitaldeasturias.com\/noticias\/francisco-cita-en-el-vaticano-al-gobierno-argentino-gremios-y-empresarios\/#organizationLogo"},"image":{"@id":"https:\/\/www.eldigitaldeasturias.com\/noticias\/francisco-cita-en-el-vaticano-al-gobierno-argentino-gremios-y-empresarios\/#organizationLogo"},"sameAs":["https:\/\/facebook.com\/eldigitaldeasturias","https:\/\/www.youtube.com\/channel\/UCZP-2wLEB9Rv6erhFmqVnvg"],"address":{"@id":"https:\/\/www.eldigitaldeasturias.com\/noticias\/#postaladdress","@type":"PostalAddress","streetAddress":"san antonio 4","postalCode":"33430","addressLocality":"Cand\u00e1s","addressRegion":"Asturias","addressCountry":"ES"}},{"@type":"Person","@id":"https:\/\/www.eldigitaldeasturias.com\/noticias\/author\/admin\/#author","url":"https:\/\/www.eldigitaldeasturias.com\/noticias\/author\/admin\/","name":"El Digital de Asturias","image":{"@type":"ImageObject","@id":"https:\/\/www.eldigitaldeasturias.com\/noticias\/francisco-cita-en-el-vaticano-al-gobierno-argentino-gremios-y-empresarios\/#authorImage","url":"https:\/\/secure.gravatar.com\/avatar\/df2aeffc32bcd13f8d26072ef8a91b623d677766deac7f97ca815868cd41bf5e?s=96&d=mm&r=g","width":96,"height":96,"caption":"El Digital de Asturias"}},{"@type":"WebPage","@id":"https:\/\/www.eldigitaldeasturias.com\/noticias\/francisco-cita-en-el-vaticano-al-gobierno-argentino-gremios-y-empresarios\/#webpage","url":"https:\/\/www.eldigitaldeasturias.com\/noticias\/francisco-cita-en-el-vaticano-al-gobierno-argentino-gremios-y-empresarios\/","name":"Francisco cita en el Vaticano al Gobierno argentino, gremios y empresarios - El Digital de Asturias","description":"Buenos Aires, 9 feb (EFE).- El Papa Francisco convoc\u00f3 a funcionarios del Gobierno argentino, a empresarios y a sindicalistas a una reuni\u00f3n en el Vaticano el pr\u00f3ximo 19 de marzo para fomentar la paz social, informaron hoy fuentes gremiales del pa\u00eds. \"Se trata de buscar herramientas para resolver los problemas desde el di\u00e1logo. Su santidad","inLanguage":"es-ES","isPartOf":{"@id":"https:\/\/www.eldigitaldeasturias.com\/noticias\/#website"},"breadcrumb":{"@id":"https:\/\/www.eldigitaldeasturias.com\/noticias\/francisco-cita-en-el-vaticano-al-gobierno-argentino-gremios-y-empresarios\/#breadcrumblist"},"author":{"@id":"https:\/\/www.eldigitaldeasturias.com\/noticias\/author\/admin\/#author"},"creator":{"@id":"https:\/\/www.eldigitaldeasturias.com\/noticias\/author\/admin\/#author"},"image":{"@type":"ImageObject","url":487512,"@id":"https:\/\/www.eldigitaldeasturias.com\/noticias\/francisco-cita-en-el-vaticano-al-gobierno-argentino-gremios-y-empresarios\/#mainImage"},"primaryImageOfPage":{"@id":"https:\/\/www.eldigitaldeasturias.com\/noticias\/francisco-cita-en-el-vaticano-al-gobierno-argentino-gremios-y-empresarios\/#mainImage"},"datePublished":"2014-02-09T22:25:03+01:00","dateModified":"2014-02-09T22:25:03+01:00"},{"@type":"WebSite","@id":"https:\/\/www.eldigitaldeasturias.com\/noticias\/#website","url":"https:\/\/www.eldigitaldeasturias.com\/noticias\/","name":"El Digital de Asturias - Diario de actualidad y noticias","alternateName":"El Digital de Asturias - Diario de actualidad y noticias","description":"Hemeroteca","inLanguage":"es-ES","publisher":{"@id":"https:\/\/www.eldigitaldeasturias.com\/noticias\/#organization"}}]},"og:locale":"es_ES","og:site_name":"El Digital de Asturias","og:type":"article","og:title":"Francisco cita en el Vaticano al Gobierno argentino, gremios y empresarios - El Digital de Asturias","og:description":"Buenos Aires, 9 feb (EFE).- El Papa Francisco convoc\u00f3 a funcionarios del Gobierno argentino, a empresarios y a sindicalistas a una reuni\u00f3n en el Vaticano el pr\u00f3ximo 19 de marzo para fomentar la paz social, informaron hoy fuentes gremiales del pa\u00eds. &quot;Se trata de buscar herramientas para resolver los problemas desde el di\u00e1logo. Su santidad","og:url":"https:\/\/www.eldigitaldeasturias.com\/noticias\/francisco-cita-en-el-vaticano-al-gobierno-argentino-gremios-y-empresarios\/","article:tag":["actualidad"],"article:published_time":"2014-02-09T23:25:03+00:00","article:modified_time":"2014-02-09T23:25:03+00:00","article:publisher":"https:\/\/facebook.com\/eldigitaldeasturias","twitter:card":"summary_large_image","twitter:title":"Francisco cita en el Vaticano al Gobierno argentino, gremios y empresarios - El Digital de Asturias","twitter:description":"Buenos Aires, 9 feb (EFE).- El Papa Francisco convoc\u00f3 a funcionarios del Gobierno argentino, a empresarios y a sindicalistas a una reuni\u00f3n en el Vaticano el pr\u00f3ximo 19 de marzo para fomentar la paz social, informaron hoy fuentes gremiales del pa\u00eds. &quot;Se trata de buscar herramientas para resolver los problemas desde el di\u00e1logo. Su santidad","twitter:label1":"Escrito por","twitter:data1":"El Digital de Asturias","twitter:label2":"Tiempo de lectura estimado","twitter:data2":"2 minutos"},"aioseo_meta_data":{"post_id":"487511","title":null,"description":null,"keywords":null,"keyphrases":null,"primary_term":null,"canonical_url":null,"og_title":null,"og_description":null,"og_object_type":"default","og_image_type":"default","og_image_url":null,"og_image_width":null,"og_image_height":null,"og_image_custom_url":null,"og_image_custom_fields":null,"og_video":null,"og_custom_url":null,"og_article_section":null,"og_article_tags":null,"twitter_use_og":true,"twitter_card":"default","twitter_image_type":"default","twitter_image_url":null,"twitter_image_custom_url":null,"twitter_image_custom_fields":null,"twitter_title":null,"twitter_description":null,"schema":{"blockGraphs":[],"customGraphs":[],"default":{"data":{"Article":[],"Course":[],"Dataset":[],"FAQPage":[],"Movie":[],"Person":[],"Product":[],"ProductReview":[],"Car":[],"Recipe":[],"Service":[],"SoftwareApplication":[],"WebPage":[]},"graphName":"","isEnabled":true},"graphs":[],"defaultGraph":"","defaultPostTypeGraph":""},"schema_type":null,"schema_type_options":null,"pillar_content":false,"robots_default":true,"robots_noindex":false,"robots_noarchive":false,"robots_nosnippet":false,"robots_nofollow":false,"robots_noimageindex":false,"robots_noodp":false,"robots_notranslate":false,"robots_max_snippet":null,"robots_max_videopreview":null,"robots_max_imagepreview":"none","priority":null,"frequency":null,"local_seo":null,"seo_analyzer_scan_date":"2026-06-03 04:57:58","breadcrumb_settings":null,"limit_modified_date":false,"open_ai":null,"ai":null,"created":"2020-11-14 22:56:26","updated":"2026-06-03 04:57:58","focus_keyword":null,"additional_keywords":null,"truseo_locale":null},"aioseo_breadcrumb":"<div class=\"aioseo-breadcrumbs\"><span class=\"aioseo-breadcrumb\">\n\t<a href=\"https:\/\/www.eldigitaldeasturias.com\/noticias\" title=\"Home\">Home<\/a>\n<\/span><span class=\"aioseo-breadcrumb-separator\">\u2013<\/span><span class=\"aioseo-breadcrumb\">\n\t<a href=\"https:\/\/www.eldigitaldeasturias.com\/noticias\/category\/actualidad\/\" title=\"Actualidad\">Actualidad<\/a>\n<\/span><span class=\"aioseo-breadcrumb-separator\">\u2013<\/span><span class=\"aioseo-breadcrumb\">\n\t<a href=\"https:\/\/www.eldigitaldeasturias.com\/noticias\/francisco-cita-en-el-vaticano-al-gobierno-argentino-gremios-y-empresarios\/\" title=\"Francisco cita en el Vaticano al Gobierno argentino, gremios y empresarios\">Francisco cita en el Vaticano al Gobierno argentino, gremios y empresarios<\/a>\n<\/span><\/div>","aioseo_breadcrumb_json":[{"label":"Home","link":"https:\/\/www.eldigitaldeasturias.com\/noticias"},{"label":"Actualidad","link":"https:\/\/www.eldigitaldeasturias.com\/noticias\/category\/actualidad\/"},{"label":"Francisco cita en el Vaticano al Gobierno argentino, gremios y empresarios","link":"https:\/\/www.eldigitaldeasturias.com\/noticias\/francisco-cita-en-el-vaticano-al-gobierno-argentino-gremios-y-empresarios\/"}],"_links":{"self":[{"href":"https:\/\/www.eldigitaldeasturias.com\/noticias\/wp-json\/wp\/v2\/posts\/487511","targetHints":{"allow":["GET"]}}],"collection":[{"href":"https:\/\/www.eldigitaldeasturias.com\/noticias\/wp-json\/wp\/v2\/posts"}],"about":[{"href":"https:\/\/www.eldigitaldeasturias.com\/noticias\/wp-json\/wp\/v2\/types\/post"}],"author":[{"embeddable":true,"href":"https:\/\/www.eldigitaldeasturias.com\/noticias\/wp-json\/wp\/v2\/users\/1"}],"replies":[{"embeddable":true,"href":"https:\/\/www.eldigitaldeasturias.com\/noticias\/wp-json\/wp\/v2\/comments?post=487511"}],"version-history":[{"count":0,"href":"https:\/\/www.eldigitaldeasturias.com\/noticias\/wp-json\/wp\/v2\/posts\/487511\/revisions"}],"wp:attachment":[{"href":"https:\/\/www.eldigitaldeasturias.com\/noticias\/wp-json\/wp\/v2\/media?parent=487511"}],"wp:term":[{"taxonomy":"category","embeddable":true,"href":"https:\/\/www.eldigitaldeasturias.com\/noticias\/wp-json\/wp\/v2\/categories?post=487511"},{"taxonomy":"post_tag","embeddable":true,"href":"https:\/\/www.eldigitaldeasturias.com\/noticias\/wp-json\/wp\/v2\/tags?post=487511"}],"curies":[{"name":"wp","href":"https:\/\/api.w.org\/{rel}","templated":true}]}}