{"id":487499,"date":"2014-02-09T22:20:29","date_gmt":"2014-02-09T23:20:29","guid":{"rendered":"http:\/\/www.eldigitaldeasturias.com\/noticias\/?p=487499"},"modified":"2014-02-09T22:20:29","modified_gmt":"2014-02-09T23:20:29","slug":"la-lluvia-aplaza-el-desenlace-del-espana-republica-checa-al-lunes","status":"publish","type":"post","link":"https:\/\/www.eldigitaldeasturias.com\/noticias\/la-lluvia-aplaza-el-desenlace-del-espana-republica-checa-al-lunes\/","title":{"rendered":"La lluvia aplaza el desenlace del Espa\u00f1a-Rep\u00fablica Checa al lunes"},"content":{"rendered":"<p><img loading=\"lazy\" decoding=\"async\" class=\"alignleft size-medium wp-image-487500\" alt=\"5925219w\" src=\"https:\/\/www.eldigitaldeasturias.com\/noticias\/wp-content\/uploads\/2014\/02\/5925219w-360x238.jpg\" width=\"360\" height=\"238\" \/>Sevilla, 9 feb (EFE).- La lluvia ha sido otra vez, la segunda en las dos primeras jornadas, la protagonista en la eliminatoria entre Espa\u00f1a y la Rep\u00fablica Checa, de la Copa Federaci\u00f3n, y ha provocado la suspensi\u00f3n del partido entre Mar\u00eda Teresa Torr\u00f3 y Klara Zakopalova, cuando se jugaba el segundo set, y que ma\u00f1ana lunes se dispute junto a los otros tres encuentros de esta eliminatoria.<\/p>\n<p>La ma\u00f1ana apareci\u00f3 encapotada y con todos los visos de ser pasada por agua. Los augurios se confirmaron conforme se adentraba la jornada y el agua hacia acto de presencia, una vez m\u00e1s, sobre las instalaciones del Centro de Tecnificaci\u00f3n Blas Infante de la capital andaluza.<\/p>\n<p>Este partido, que debi\u00f3 de jugarse el s\u00e1bado y que fue aplazado por la insistente lluvia, qued\u00f3 parado en los albores del segundo set, cuando la jugadora checa venc\u00eda por 2-0.<\/p>\n<p>Ya en la primera manga, Klara Zakopalova (n\u00famero 34 de la WTA), hab\u00eda impuesto su mejor t\u00e9cnica, aunque tambi\u00e9n aprovech\u00f3 los errores de la espa\u00f1ola, para adjudicarse el set despu\u00e9s de 36 minutos.<\/p>\n<p>El partido estuvo interrumpido durante unas cinco horas a la espera de que cesara la lluvia, pese a que los operarios encargados del cuidado y mantenimiento de la pista procedieron a extender las correspondientes lonas para preservarla del agua.<\/p>\n<p>La espera fue infructuosa, porque no dej\u00f3 de llover, aunque a veces no con demasiada intensidad, pero si lo hizo de forma continua, a lo que se uni\u00f3 la bajada de temperatura, otro h\u00e1ndicap m\u00e1s para las jugadoras (tambi\u00e9n para el p\u00fablico que estoicamente aguant\u00f3 en las despobladas gradas).<\/p>\n<p>De esta manera, el segundo partido qued\u00f3 pospuesto para el lunes, por cuanto las previsiones climatol\u00f3gicas se han mantenido adversas y se decidi\u00f3 el aplazamiento. Tambi\u00e9n los otros tres partidos que estaban previstos para la segunda jornada pasan al lunes.<\/p>\n<p>Ya en la primera jornada de esta eliminatoria de los cuartos de final de la Copa Federaci\u00f3n, el \u00fanico enfrentamiento que se jug\u00f3 fue el choque entre Carla Su\u00e1rez y Barbora Zahlavova Strycova, que se decant\u00f3 finalmente para la espa\u00f1ola por 6-1 y 6-4.<\/p>\n<p>Dicho partido se demor\u00f3 casi una hora al comienzo, tambi\u00e9n por la lluvia. Solo se pudieron jugar 23 minutos de la primera manga, en los que la jugadora espa\u00f1ola encauz\u00f3 su triunfo con un 4-1 y un 30-15.<\/p>\n<p>Hubo que esperar hasta cuatro horas para que desapareciera la lluvia y, adem\u00e1s, los servicios de mantenimiento de la pista trabajaran a marchas forzadas y depositaran 200 kilos de ladrillo molido, y pudiera reanudarse el juego.<\/p>\n<p>Sucedi\u00f3 -dej\u00f3 de llover- y Carla Su\u00e1rez aprovech\u00f3 para doblegar a su primera contrincante y con ello dar el primer punto al equipo espa\u00f1ol.<\/p>\n<p>La tercera jornada -el lunes- deparar\u00e1, adem\u00e1s de acabar el choque entre Mar\u00eda Teresa Torr\u00f3 y Klara Zakopalova, los enfrentamientos, seg\u00fan el sorteo, de Carla Su\u00e1rez y Klara Zakopalova; Mar\u00eda Teresa Torr\u00f3 y Barbora Zahlavova-Strycova, y el de dobles entre Lara Arruabarrena y Silvia Soler, y Lucie Safarova y Andrea Hlavacova.<\/p>\n<p>Juanjo Baena<\/p>\n","protected":false},"excerpt":{"rendered":"<p>Sevilla, 9 feb (EFE).- La lluvia ha sido otra vez, la segunda en las dos primeras jornadas, la protagonista en la eliminatoria entre Espa\u00f1a y la Rep\u00fablica Checa, de la Copa Federaci\u00f3n, y ha provocado la suspensi\u00f3n del partido entre Mar\u00eda Teresa Torr\u00f3 y Klara Zakopalova, cuando se jugaba el segundo set, y que ma\u00f1ana [&hellip;]<\/p>\n","protected":false},"author":1,"featured_media":487500,"comment_status":"open","ping_status":"open","sticky":false,"template":"","format":"standard","meta":{"footnotes":""},"categories":[1],"tags":[],"class_list":["post-487499","post","type-post","status-publish","format-standard","has-post-thumbnail","hentry","category-actualidad"],"aioseo_notices":[],"aioseo_head":"\n\t\t<!-- All in One SEO Pro 5.0.1 - aioseo.com -->\n\t<meta name=\"description\" content=\"Sevilla, 9 feb (EFE).- La lluvia ha sido otra vez, la segunda en las dos primeras jornadas, la protagonista en la eliminatoria entre Espa\u00f1a y la Rep\u00fablica Checa, de la Copa Federaci\u00f3n, y ha provocado la suspensi\u00f3n del partido entre Mar\u00eda Teresa Torr\u00f3 y Klara Zakopalova, cuando se jugaba el segundo set, y que ma\u00f1ana\" \/>\n\t<meta name=\"robots\" content=\"max-image-preview:large\" \/>\n\t<meta name=\"author\" content=\"El Digital de Asturias\"\/>\n\t<meta name=\"google-site-verification\" content=\"UA-38556648-1\" \/>\n\t<meta name=\"msvalidate.01\" content=\"7dfe9f3f1b24437ab69f4f2559babe99\" \/>\n\t<meta name=\"keywords\" content=\"actualidad\" \/>\n\t<link rel=\"canonical\" href=\"https:\/\/www.eldigitaldeasturias.com\/noticias\/la-lluvia-aplaza-el-desenlace-del-espana-republica-checa-al-lunes\/\" \/>\n\t<meta name=\"generator\" content=\"All in One SEO Pro (AIOSEO) 5.0.1\" \/>\n\t\t<meta property=\"og:locale\" content=\"es_ES\" \/>\n\t\t<meta property=\"og:site_name\" content=\"El Digital de Asturias\" \/>\n\t\t<meta property=\"og:type\" content=\"article\" \/>\n\t\t<meta property=\"og:title\" content=\"La lluvia aplaza el desenlace del Espa\u00f1a-Rep\u00fablica Checa al lunes - El Digital de Asturias\" \/>\n\t\t<meta property=\"og:description\" content=\"Sevilla, 9 feb (EFE).- La lluvia ha sido otra vez, la segunda en las dos primeras jornadas, la protagonista en la eliminatoria entre Espa\u00f1a y la Rep\u00fablica Checa, de la Copa Federaci\u00f3n, y ha provocado la suspensi\u00f3n del partido entre Mar\u00eda Teresa Torr\u00f3 y Klara Zakopalova, cuando se jugaba el segundo set, y que ma\u00f1ana\" \/>\n\t\t<meta property=\"og:url\" content=\"https:\/\/www.eldigitaldeasturias.com\/noticias\/la-lluvia-aplaza-el-desenlace-del-espana-republica-checa-al-lunes\/\" \/>\n\t\t<meta property=\"article:tag\" content=\"actualidad\" \/>\n\t\t<meta property=\"article:published_time\" content=\"2014-02-09T23:20:29+00:00\" \/>\n\t\t<meta property=\"article:modified_time\" content=\"2014-02-09T23:20:29+00:00\" \/>\n\t\t<meta property=\"article:publisher\" content=\"https:\/\/facebook.com\/eldigitaldeasturias\" \/>\n\t\t<meta name=\"twitter:card\" content=\"summary_large_image\" \/>\n\t\t<meta name=\"twitter:title\" content=\"La lluvia aplaza el desenlace del Espa\u00f1a-Rep\u00fablica Checa al lunes - El Digital de Asturias\" \/>\n\t\t<meta name=\"twitter:description\" content=\"Sevilla, 9 feb (EFE).- La lluvia ha sido otra vez, la segunda en las dos primeras jornadas, la protagonista en la eliminatoria entre Espa\u00f1a y la Rep\u00fablica Checa, de la Copa Federaci\u00f3n, y ha provocado la suspensi\u00f3n del partido entre Mar\u00eda Teresa Torr\u00f3 y Klara Zakopalova, cuando se jugaba el segundo set, y que ma\u00f1ana\" \/>\n\t\t<meta name=\"twitter:label1\" content=\"Escrito por\" \/>\n\t\t<meta name=\"twitter:data1\" content=\"El Digital de Asturias\" \/>\n\t\t<meta name=\"twitter:label2\" content=\"Tiempo de lectura estimado\" \/>\n\t\t<meta name=\"twitter:data2\" content=\"3 minutos\" \/>\n\t\t<script type=\"application\/ld+json\" class=\"aioseo-schema\">\n\t\t\t{\"@context\":\"https:\\\/\\\/schema.org\",\"@graph\":[{\"@type\":\"BlogPosting\",\"@id\":\"https:\\\/\\\/www.eldigitaldeasturias.com\\\/noticias\\\/la-lluvia-aplaza-el-desenlace-del-espana-republica-checa-al-lunes\\\/#blogposting\",\"name\":\"La lluvia aplaza el desenlace del Espa\\u00f1a-Rep\\u00fablica Checa al lunes - El Digital de Asturias\",\"headline\":\"La lluvia aplaza el desenlace del Espa\\u00f1a-Rep\\u00fablica Checa al lunes\",\"author\":{\"@id\":\"https:\\\/\\\/www.eldigitaldeasturias.com\\\/noticias\\\/author\\\/admin\\\/#author\"},\"publisher\":{\"@id\":\"https:\\\/\\\/www.eldigitaldeasturias.com\\\/noticias\\\/#organization\"},\"image\":{\"@type\":\"ImageObject\",\"url\":487500},\"datePublished\":\"2014-02-09T22:20:29+01:00\",\"dateModified\":\"2014-02-09T22:20:29+01:00\",\"inLanguage\":\"es-ES\",\"mainEntityOfPage\":{\"@id\":\"https:\\\/\\\/www.eldigitaldeasturias.com\\\/noticias\\\/la-lluvia-aplaza-el-desenlace-del-espana-republica-checa-al-lunes\\\/#webpage\"},\"isPartOf\":{\"@id\":\"https:\\\/\\\/www.eldigitaldeasturias.com\\\/noticias\\\/la-lluvia-aplaza-el-desenlace-del-espana-republica-checa-al-lunes\\\/#webpage\"},\"articleSection\":\"Actualidad\"},{\"@type\":\"BreadcrumbList\",\"@id\":\"https:\\\/\\\/www.eldigitaldeasturias.com\\\/noticias\\\/la-lluvia-aplaza-el-desenlace-del-espana-republica-checa-al-lunes\\\/#breadcrumblist\",\"itemListElement\":[{\"@type\":\"ListItem\",\"@id\":\"https:\\\/\\\/www.eldigitaldeasturias.com\\\/noticias#listItem\",\"position\":1,\"name\":\"Home\",\"item\":\"https:\\\/\\\/www.eldigitaldeasturias.com\\\/noticias\",\"nextItem\":{\"@type\":\"ListItem\",\"@id\":\"https:\\\/\\\/www.eldigitaldeasturias.com\\\/noticias\\\/category\\\/actualidad\\\/#listItem\",\"name\":\"Actualidad\"}},{\"@type\":\"ListItem\",\"@id\":\"https:\\\/\\\/www.eldigitaldeasturias.com\\\/noticias\\\/category\\\/actualidad\\\/#listItem\",\"position\":2,\"name\":\"Actualidad\",\"item\":\"https:\\\/\\\/www.eldigitaldeasturias.com\\\/noticias\\\/category\\\/actualidad\\\/\",\"nextItem\":{\"@type\":\"ListItem\",\"@id\":\"https:\\\/\\\/www.eldigitaldeasturias.com\\\/noticias\\\/la-lluvia-aplaza-el-desenlace-del-espana-republica-checa-al-lunes\\\/#listItem\",\"name\":\"La lluvia aplaza el desenlace del Espa\\u00f1a-Rep\\u00fablica Checa al lunes\"},\"previousItem\":{\"@type\":\"ListItem\",\"@id\":\"https:\\\/\\\/www.eldigitaldeasturias.com\\\/noticias#listItem\",\"name\":\"Home\"}},{\"@type\":\"ListItem\",\"@id\":\"https:\\\/\\\/www.eldigitaldeasturias.com\\\/noticias\\\/la-lluvia-aplaza-el-desenlace-del-espana-republica-checa-al-lunes\\\/#listItem\",\"position\":3,\"name\":\"La lluvia aplaza el desenlace del Espa\\u00f1a-Rep\\u00fablica Checa al lunes\",\"previousItem\":{\"@type\":\"ListItem\",\"@id\":\"https:\\\/\\\/www.eldigitaldeasturias.com\\\/noticias\\\/category\\\/actualidad\\\/#listItem\",\"name\":\"Actualidad\"}}]},{\"@type\":\"Organization\",\"@id\":\"https:\\\/\\\/www.eldigitaldeasturias.com\\\/noticias\\\/#organization\",\"name\":\"El Digital de Asturias\",\"description\":\"Hemeroteca\",\"url\":\"https:\\\/\\\/www.eldigitaldeasturias.com\\\/noticias\\\/\",\"email\":\"info@eldigitaldeasturias.com\",\"telephone\":\"+34652131393\",\"logo\":{\"@type\":\"ImageObject\",\"url\":\"https:\\\/\\\/www.eldigitaldeasturias.com\\\/noticias\\\/wp-content\\\/uploads\\\/2020\\\/12\\\/EDA.jpg\",\"@id\":\"https:\\\/\\\/www.eldigitaldeasturias.com\\\/noticias\\\/la-lluvia-aplaza-el-desenlace-del-espana-republica-checa-al-lunes\\\/#organizationLogo\"},\"image\":{\"@id\":\"https:\\\/\\\/www.eldigitaldeasturias.com\\\/noticias\\\/la-lluvia-aplaza-el-desenlace-del-espana-republica-checa-al-lunes\\\/#organizationLogo\"},\"sameAs\":[\"https:\\\/\\\/facebook.com\\\/eldigitaldeasturias\",\"https:\\\/\\\/www.youtube.com\\\/channel\\\/UCZP-2wLEB9Rv6erhFmqVnvg\"],\"address\":{\"@id\":\"https:\\\/\\\/www.eldigitaldeasturias.com\\\/noticias\\\/#postaladdress\",\"@type\":\"PostalAddress\",\"streetAddress\":\"san antonio 4\",\"postalCode\":\"33430\",\"addressLocality\":\"Cand\\u00e1s\",\"addressRegion\":\"Asturias\",\"addressCountry\":\"ES\"}},{\"@type\":\"Person\",\"@id\":\"https:\\\/\\\/www.eldigitaldeasturias.com\\\/noticias\\\/author\\\/admin\\\/#author\",\"url\":\"https:\\\/\\\/www.eldigitaldeasturias.com\\\/noticias\\\/author\\\/admin\\\/\",\"name\":\"El Digital de Asturias\",\"image\":{\"@type\":\"ImageObject\",\"@id\":\"https:\\\/\\\/www.eldigitaldeasturias.com\\\/noticias\\\/la-lluvia-aplaza-el-desenlace-del-espana-republica-checa-al-lunes\\\/#authorImage\",\"url\":\"https:\\\/\\\/secure.gravatar.com\\\/avatar\\\/df2aeffc32bcd13f8d26072ef8a91b623d677766deac7f97ca815868cd41bf5e?s=96&d=mm&r=g\",\"width\":96,\"height\":96,\"caption\":\"El Digital de Asturias\"}},{\"@type\":\"WebPage\",\"@id\":\"https:\\\/\\\/www.eldigitaldeasturias.com\\\/noticias\\\/la-lluvia-aplaza-el-desenlace-del-espana-republica-checa-al-lunes\\\/#webpage\",\"url\":\"https:\\\/\\\/www.eldigitaldeasturias.com\\\/noticias\\\/la-lluvia-aplaza-el-desenlace-del-espana-republica-checa-al-lunes\\\/\",\"name\":\"La lluvia aplaza el desenlace del Espa\\u00f1a-Rep\\u00fablica Checa al lunes - El Digital de Asturias\",\"description\":\"Sevilla, 9 feb (EFE).- La lluvia ha sido otra vez, la segunda en las dos primeras jornadas, la protagonista en la eliminatoria entre Espa\\u00f1a y la Rep\\u00fablica Checa, de la Copa Federaci\\u00f3n, y ha provocado la suspensi\\u00f3n del partido entre Mar\\u00eda Teresa Torr\\u00f3 y Klara Zakopalova, cuando se jugaba el segundo set, y que ma\\u00f1ana\",\"inLanguage\":\"es-ES\",\"isPartOf\":{\"@id\":\"https:\\\/\\\/www.eldigitaldeasturias.com\\\/noticias\\\/#website\"},\"breadcrumb\":{\"@id\":\"https:\\\/\\\/www.eldigitaldeasturias.com\\\/noticias\\\/la-lluvia-aplaza-el-desenlace-del-espana-republica-checa-al-lunes\\\/#breadcrumblist\"},\"author\":{\"@id\":\"https:\\\/\\\/www.eldigitaldeasturias.com\\\/noticias\\\/author\\\/admin\\\/#author\"},\"creator\":{\"@id\":\"https:\\\/\\\/www.eldigitaldeasturias.com\\\/noticias\\\/author\\\/admin\\\/#author\"},\"image\":{\"@type\":\"ImageObject\",\"url\":487500,\"@id\":\"https:\\\/\\\/www.eldigitaldeasturias.com\\\/noticias\\\/la-lluvia-aplaza-el-desenlace-del-espana-republica-checa-al-lunes\\\/#mainImage\"},\"primaryImageOfPage\":{\"@id\":\"https:\\\/\\\/www.eldigitaldeasturias.com\\\/noticias\\\/la-lluvia-aplaza-el-desenlace-del-espana-republica-checa-al-lunes\\\/#mainImage\"},\"datePublished\":\"2014-02-09T22:20:29+01:00\",\"dateModified\":\"2014-02-09T22:20:29+01:00\"},{\"@type\":\"WebSite\",\"@id\":\"https:\\\/\\\/www.eldigitaldeasturias.com\\\/noticias\\\/#website\",\"url\":\"https:\\\/\\\/www.eldigitaldeasturias.com\\\/noticias\\\/\",\"name\":\"El Digital de Asturias - Diario de actualidad y noticias\",\"alternateName\":\"El Digital de Asturias - Diario de actualidad y noticias\",\"description\":\"Hemeroteca\",\"inLanguage\":\"es-ES\",\"publisher\":{\"@id\":\"https:\\\/\\\/www.eldigitaldeasturias.com\\\/noticias\\\/#organization\"}}]}\n\t\t<\/script>\n\t\t<!-- All in One SEO Pro -->\r\n\t\t<title>La lluvia aplaza el desenlace del Espa\u00f1a-Rep\u00fablica Checa al lunes - El Digital de Asturias<\/title>\n\n","aioseo_head_json":{"title":"La lluvia aplaza el desenlace del Espa\u00f1a-Rep\u00fablica Checa al lunes - El Digital de Asturias","description":"Sevilla, 9 feb (EFE).- La lluvia ha sido otra vez, la segunda en las dos primeras jornadas, la protagonista en la eliminatoria entre Espa\u00f1a y la Rep\u00fablica Checa, de la Copa Federaci\u00f3n, y ha provocado la suspensi\u00f3n del partido entre Mar\u00eda Teresa Torr\u00f3 y Klara Zakopalova, cuando se jugaba el segundo set, y que ma\u00f1ana","canonical_url":"https:\/\/www.eldigitaldeasturias.com\/noticias\/la-lluvia-aplaza-el-desenlace-del-espana-republica-checa-al-lunes\/","robots":"max-image-preview:large","keywords":"actualidad","webmasterTools":{"google-site-verification":"UA-38556648-1","msvalidate.01":"7dfe9f3f1b24437ab69f4f2559babe99","miscellaneous":""},"schema":{"@context":"https:\/\/schema.org","@graph":[{"@type":"BlogPosting","@id":"https:\/\/www.eldigitaldeasturias.com\/noticias\/la-lluvia-aplaza-el-desenlace-del-espana-republica-checa-al-lunes\/#blogposting","name":"La lluvia aplaza el desenlace del Espa\u00f1a-Rep\u00fablica Checa al lunes - El Digital de Asturias","headline":"La lluvia aplaza el desenlace del Espa\u00f1a-Rep\u00fablica Checa al lunes","author":{"@id":"https:\/\/www.eldigitaldeasturias.com\/noticias\/author\/admin\/#author"},"publisher":{"@id":"https:\/\/www.eldigitaldeasturias.com\/noticias\/#organization"},"image":{"@type":"ImageObject","url":487500},"datePublished":"2014-02-09T22:20:29+01:00","dateModified":"2014-02-09T22:20:29+01:00","inLanguage":"es-ES","mainEntityOfPage":{"@id":"https:\/\/www.eldigitaldeasturias.com\/noticias\/la-lluvia-aplaza-el-desenlace-del-espana-republica-checa-al-lunes\/#webpage"},"isPartOf":{"@id":"https:\/\/www.eldigitaldeasturias.com\/noticias\/la-lluvia-aplaza-el-desenlace-del-espana-republica-checa-al-lunes\/#webpage"},"articleSection":"Actualidad"},{"@type":"BreadcrumbList","@id":"https:\/\/www.eldigitaldeasturias.com\/noticias\/la-lluvia-aplaza-el-desenlace-del-espana-republica-checa-al-lunes\/#breadcrumblist","itemListElement":[{"@type":"ListItem","@id":"https:\/\/www.eldigitaldeasturias.com\/noticias#listItem","position":1,"name":"Home","item":"https:\/\/www.eldigitaldeasturias.com\/noticias","nextItem":{"@type":"ListItem","@id":"https:\/\/www.eldigitaldeasturias.com\/noticias\/category\/actualidad\/#listItem","name":"Actualidad"}},{"@type":"ListItem","@id":"https:\/\/www.eldigitaldeasturias.com\/noticias\/category\/actualidad\/#listItem","position":2,"name":"Actualidad","item":"https:\/\/www.eldigitaldeasturias.com\/noticias\/category\/actualidad\/","nextItem":{"@type":"ListItem","@id":"https:\/\/www.eldigitaldeasturias.com\/noticias\/la-lluvia-aplaza-el-desenlace-del-espana-republica-checa-al-lunes\/#listItem","name":"La lluvia aplaza el desenlace del Espa\u00f1a-Rep\u00fablica Checa al lunes"},"previousItem":{"@type":"ListItem","@id":"https:\/\/www.eldigitaldeasturias.com\/noticias#listItem","name":"Home"}},{"@type":"ListItem","@id":"https:\/\/www.eldigitaldeasturias.com\/noticias\/la-lluvia-aplaza-el-desenlace-del-espana-republica-checa-al-lunes\/#listItem","position":3,"name":"La lluvia aplaza el desenlace del Espa\u00f1a-Rep\u00fablica Checa al lunes","previousItem":{"@type":"ListItem","@id":"https:\/\/www.eldigitaldeasturias.com\/noticias\/category\/actualidad\/#listItem","name":"Actualidad"}}]},{"@type":"Organization","@id":"https:\/\/www.eldigitaldeasturias.com\/noticias\/#organization","name":"El Digital de Asturias","description":"Hemeroteca","url":"https:\/\/www.eldigitaldeasturias.com\/noticias\/","email":"info@eldigitaldeasturias.com","telephone":"+34652131393","logo":{"@type":"ImageObject","url":"https:\/\/www.eldigitaldeasturias.com\/noticias\/wp-content\/uploads\/2020\/12\/EDA.jpg","@id":"https:\/\/www.eldigitaldeasturias.com\/noticias\/la-lluvia-aplaza-el-desenlace-del-espana-republica-checa-al-lunes\/#organizationLogo"},"image":{"@id":"https:\/\/www.eldigitaldeasturias.com\/noticias\/la-lluvia-aplaza-el-desenlace-del-espana-republica-checa-al-lunes\/#organizationLogo"},"sameAs":["https:\/\/facebook.com\/eldigitaldeasturias","https:\/\/www.youtube.com\/channel\/UCZP-2wLEB9Rv6erhFmqVnvg"],"address":{"@id":"https:\/\/www.eldigitaldeasturias.com\/noticias\/#postaladdress","@type":"PostalAddress","streetAddress":"san antonio 4","postalCode":"33430","addressLocality":"Cand\u00e1s","addressRegion":"Asturias","addressCountry":"ES"}},{"@type":"Person","@id":"https:\/\/www.eldigitaldeasturias.com\/noticias\/author\/admin\/#author","url":"https:\/\/www.eldigitaldeasturias.com\/noticias\/author\/admin\/","name":"El Digital de Asturias","image":{"@type":"ImageObject","@id":"https:\/\/www.eldigitaldeasturias.com\/noticias\/la-lluvia-aplaza-el-desenlace-del-espana-republica-checa-al-lunes\/#authorImage","url":"https:\/\/secure.gravatar.com\/avatar\/df2aeffc32bcd13f8d26072ef8a91b623d677766deac7f97ca815868cd41bf5e?s=96&d=mm&r=g","width":96,"height":96,"caption":"El Digital de Asturias"}},{"@type":"WebPage","@id":"https:\/\/www.eldigitaldeasturias.com\/noticias\/la-lluvia-aplaza-el-desenlace-del-espana-republica-checa-al-lunes\/#webpage","url":"https:\/\/www.eldigitaldeasturias.com\/noticias\/la-lluvia-aplaza-el-desenlace-del-espana-republica-checa-al-lunes\/","name":"La lluvia aplaza el desenlace del Espa\u00f1a-Rep\u00fablica Checa al lunes - El Digital de Asturias","description":"Sevilla, 9 feb (EFE).- La lluvia ha sido otra vez, la segunda en las dos primeras jornadas, la protagonista en la eliminatoria entre Espa\u00f1a y la Rep\u00fablica Checa, de la Copa Federaci\u00f3n, y ha provocado la suspensi\u00f3n del partido entre Mar\u00eda Teresa Torr\u00f3 y Klara Zakopalova, cuando se jugaba el segundo set, y que ma\u00f1ana","inLanguage":"es-ES","isPartOf":{"@id":"https:\/\/www.eldigitaldeasturias.com\/noticias\/#website"},"breadcrumb":{"@id":"https:\/\/www.eldigitaldeasturias.com\/noticias\/la-lluvia-aplaza-el-desenlace-del-espana-republica-checa-al-lunes\/#breadcrumblist"},"author":{"@id":"https:\/\/www.eldigitaldeasturias.com\/noticias\/author\/admin\/#author"},"creator":{"@id":"https:\/\/www.eldigitaldeasturias.com\/noticias\/author\/admin\/#author"},"image":{"@type":"ImageObject","url":487500,"@id":"https:\/\/www.eldigitaldeasturias.com\/noticias\/la-lluvia-aplaza-el-desenlace-del-espana-republica-checa-al-lunes\/#mainImage"},"primaryImageOfPage":{"@id":"https:\/\/www.eldigitaldeasturias.com\/noticias\/la-lluvia-aplaza-el-desenlace-del-espana-republica-checa-al-lunes\/#mainImage"},"datePublished":"2014-02-09T22:20:29+01:00","dateModified":"2014-02-09T22:20:29+01:00"},{"@type":"WebSite","@id":"https:\/\/www.eldigitaldeasturias.com\/noticias\/#website","url":"https:\/\/www.eldigitaldeasturias.com\/noticias\/","name":"El Digital de Asturias - Diario de actualidad y noticias","alternateName":"El Digital de Asturias - Diario de actualidad y noticias","description":"Hemeroteca","inLanguage":"es-ES","publisher":{"@id":"https:\/\/www.eldigitaldeasturias.com\/noticias\/#organization"}}]},"og:locale":"es_ES","og:site_name":"El Digital de Asturias","og:type":"article","og:title":"La lluvia aplaza el desenlace del Espa\u00f1a-Rep\u00fablica Checa al lunes - El Digital de Asturias","og:description":"Sevilla, 9 feb (EFE).- La lluvia ha sido otra vez, la segunda en las dos primeras jornadas, la protagonista en la eliminatoria entre Espa\u00f1a y la Rep\u00fablica Checa, de la Copa Federaci\u00f3n, y ha provocado la suspensi\u00f3n del partido entre Mar\u00eda Teresa Torr\u00f3 y Klara Zakopalova, cuando se jugaba el segundo set, y que ma\u00f1ana","og:url":"https:\/\/www.eldigitaldeasturias.com\/noticias\/la-lluvia-aplaza-el-desenlace-del-espana-republica-checa-al-lunes\/","article:tag":["actualidad"],"article:published_time":"2014-02-09T23:20:29+00:00","article:modified_time":"2014-02-09T23:20:29+00:00","article:publisher":"https:\/\/facebook.com\/eldigitaldeasturias","twitter:card":"summary_large_image","twitter:title":"La lluvia aplaza el desenlace del Espa\u00f1a-Rep\u00fablica Checa al lunes - El Digital de Asturias","twitter:description":"Sevilla, 9 feb (EFE).- La lluvia ha sido otra vez, la segunda en las dos primeras jornadas, la protagonista en la eliminatoria entre Espa\u00f1a y la Rep\u00fablica Checa, de la Copa Federaci\u00f3n, y ha provocado la suspensi\u00f3n del partido entre Mar\u00eda Teresa Torr\u00f3 y Klara Zakopalova, cuando se jugaba el segundo set, y que ma\u00f1ana","twitter:label1":"Escrito por","twitter:data1":"El Digital de Asturias","twitter:label2":"Tiempo de lectura estimado","twitter:data2":"3 minutos"},"aioseo_meta_data":{"post_id":"487499","title":null,"description":null,"keywords":null,"keyphrases":null,"primary_term":null,"canonical_url":null,"og_title":null,"og_description":null,"og_object_type":"default","og_image_type":"default","og_image_url":null,"og_image_width":null,"og_image_height":null,"og_image_custom_url":null,"og_image_custom_fields":null,"og_video":null,"og_custom_url":null,"og_article_section":null,"og_article_tags":null,"twitter_use_og":true,"twitter_card":"default","twitter_image_type":"default","twitter_image_url":null,"twitter_image_custom_url":null,"twitter_image_custom_fields":null,"twitter_title":null,"twitter_description":null,"schema":{"blockGraphs":[],"customGraphs":[],"default":{"data":{"Article":[],"Course":[],"Dataset":[],"FAQPage":[],"Movie":[],"Person":[],"Product":[],"ProductReview":[],"Car":[],"Recipe":[],"Service":[],"SoftwareApplication":[],"WebPage":[]},"graphName":"","isEnabled":true},"graphs":[],"defaultGraph":"","defaultPostTypeGraph":""},"schema_type":null,"schema_type_options":null,"pillar_content":false,"robots_default":true,"robots_noindex":false,"robots_noarchive":false,"robots_nosnippet":false,"robots_nofollow":false,"robots_noimageindex":false,"robots_noodp":false,"robots_notranslate":false,"robots_max_snippet":null,"robots_max_videopreview":null,"robots_max_imagepreview":"none","priority":null,"frequency":null,"local_seo":null,"seo_analyzer_scan_date":"2026-06-03 04:55:47","breadcrumb_settings":null,"limit_modified_date":false,"open_ai":null,"ai":null,"created":"2020-11-14 22:56:26","updated":"2026-06-03 04:55:47","focus_keyword":null,"additional_keywords":null,"truseo_locale":null},"aioseo_breadcrumb":"<div class=\"aioseo-breadcrumbs\"><span class=\"aioseo-breadcrumb\">\n\t<a href=\"https:\/\/www.eldigitaldeasturias.com\/noticias\" title=\"Home\">Home<\/a>\n<\/span><span class=\"aioseo-breadcrumb-separator\">\u2013<\/span><span class=\"aioseo-breadcrumb\">\n\t<a href=\"https:\/\/www.eldigitaldeasturias.com\/noticias\/category\/actualidad\/\" title=\"Actualidad\">Actualidad<\/a>\n<\/span><span class=\"aioseo-breadcrumb-separator\">\u2013<\/span><span class=\"aioseo-breadcrumb\">\n\t<a href=\"https:\/\/www.eldigitaldeasturias.com\/noticias\/la-lluvia-aplaza-el-desenlace-del-espana-republica-checa-al-lunes\/\" title=\"La lluvia aplaza el desenlace del Espa\u00f1a-Rep\u00fablica Checa al lunes\">La lluvia aplaza el desenlace del Espa\u00f1a-Rep\u00fablica Checa al lunes<\/a>\n<\/span><\/div>","aioseo_breadcrumb_json":[{"label":"Home","link":"https:\/\/www.eldigitaldeasturias.com\/noticias"},{"label":"Actualidad","link":"https:\/\/www.eldigitaldeasturias.com\/noticias\/category\/actualidad\/"},{"label":"La lluvia aplaza el desenlace del Espa\u00f1a-Rep\u00fablica Checa al lunes","link":"https:\/\/www.eldigitaldeasturias.com\/noticias\/la-lluvia-aplaza-el-desenlace-del-espana-republica-checa-al-lunes\/"}],"_links":{"self":[{"href":"https:\/\/www.eldigitaldeasturias.com\/noticias\/wp-json\/wp\/v2\/posts\/487499","targetHints":{"allow":["GET"]}}],"collection":[{"href":"https:\/\/www.eldigitaldeasturias.com\/noticias\/wp-json\/wp\/v2\/posts"}],"about":[{"href":"https:\/\/www.eldigitaldeasturias.com\/noticias\/wp-json\/wp\/v2\/types\/post"}],"author":[{"embeddable":true,"href":"https:\/\/www.eldigitaldeasturias.com\/noticias\/wp-json\/wp\/v2\/users\/1"}],"replies":[{"embeddable":true,"href":"https:\/\/www.eldigitaldeasturias.com\/noticias\/wp-json\/wp\/v2\/comments?post=487499"}],"version-history":[{"count":0,"href":"https:\/\/www.eldigitaldeasturias.com\/noticias\/wp-json\/wp\/v2\/posts\/487499\/revisions"}],"wp:attachment":[{"href":"https:\/\/www.eldigitaldeasturias.com\/noticias\/wp-json\/wp\/v2\/media?parent=487499"}],"wp:term":[{"taxonomy":"category","embeddable":true,"href":"https:\/\/www.eldigitaldeasturias.com\/noticias\/wp-json\/wp\/v2\/categories?post=487499"},{"taxonomy":"post_tag","embeddable":true,"href":"https:\/\/www.eldigitaldeasturias.com\/noticias\/wp-json\/wp\/v2\/tags?post=487499"}],"curies":[{"name":"wp","href":"https:\/\/api.w.org\/{rel}","templated":true}]}}