{"id":487496,"date":"2014-02-09T22:19:29","date_gmt":"2014-02-09T23:19:29","guid":{"rendered":"http:\/\/www.eldigitaldeasturias.com\/noticias\/?p=487496"},"modified":"2014-02-09T22:19:29","modified_gmt":"2014-02-09T23:19:29","slug":"las-farc-creen-que-el-caso-de-espionaje-evidencia-la-necrosis-institucional-en-colombia","status":"publish","type":"post","link":"https:\/\/www.eldigitaldeasturias.com\/noticias\/las-farc-creen-que-el-caso-de-espionaje-evidencia-la-necrosis-institucional-en-colombia\/","title":{"rendered":"Las FARC creen que el caso de espionaje evidencia la necrosis institucional en Colombia"},"content":{"rendered":"<p><img loading=\"lazy\" decoding=\"async\" class=\"alignleft size-medium wp-image-487497\" alt=\"5925881w\" src=\"https:\/\/www.eldigitaldeasturias.com\/noticias\/wp-content\/uploads\/2014\/02\/5925881w-360x258.jpg\" width=\"360\" height=\"258\" \/>La Habana, 9 feb (EFE).- La guerrilla de FARC atribuy\u00f3 hoy al \u00abestado de necrosis\u00bb de las instituciones en Colombia el episodio de supuestas escuchas ilegales del Ej\u00e9rcito conocido esta semana para el que pide una soluci\u00f3n \u00aburgente\u00bb y volvi\u00f3 a reclamar la convocatoria de una Asamblea Constituyente.<\/p>\n<p>\u00abEl estado de necrosis que tiene la institucionalidad colombiana ha llevado a que dentro del seno de las mismas fuerzas militares ya no se pueda generar confianza ni para el propio Gobierno\u00bb, dijo hoy a los periodistas \u00abJes\u00fas Santrich\u00bb, uno de los negociadores de las Fuerzas Armadas Revolucionarias de Colombia (FARC) en el di\u00e1logo de paz que tiene lugar en La Habana.<\/p>\n<p>El portavoz rebelde inst\u00f3 a \u00abprestar atenci\u00f3n a las complicaciones de fondo\u00bb que implica el caso de las supuestas escuchas ilegales de un sector del Ej\u00e9rcito contra l\u00edderes de izquierda y a los delegados del Gobierno en las negociaciones con el grupo rebelde en Cuba, revelado el martes pasado por la revista colombiana Semana.<\/p>\n<p>\u00abPor un lado, el paramilitar (\u00c1lvaro) Uribe V\u00e9lez (expresidente) controlando hilos, por otro lado las mafias, en la misma situaci\u00f3n. En fin, se requiere una recomposici\u00f3n de la institucionalidad, por eso estamos insistiendo siempre la Asamblea Nacional Constituyente\u00bb, recalc\u00f3 \u00abJes\u00fas Santrich\u00bb, cuyo nombre es Seuxis Paucias Hern\u00e1ndez.<\/p>\n<p>Las FARC han hecho de la Asamblea Constituyente una de sus principales demandas desde el inicio del di\u00e1logo de paz que sostiene en La Habana con el Gobierno del presidente colombiano, Juan Manuel Santos, desde noviembre de 2012 con sede permanente.<\/p>\n<p>Tambi\u00e9n se\u00f1al\u00f3 que el grupo insurgente \u00abno tiene nada que esconder, as\u00ed es que por ese lado no abrigamos preocupaciones\u00bb y consider\u00f3 que \u00aben ning\u00fan escenario, ni en Colombia ni en ninguna otra parte del mundo\u00bb, se est\u00e1 \u00abexento de que esos aparatos oscuros\u00bb de la inteligencia militar quieran intervenir.<\/p>\n<p>Por otra parte, calific\u00f3 de \u00abcrimen permanente\u00bb la decisi\u00f3n del Gobierno de continuar las fumigaciones sobre los cultivos de coca, porque a su juicio se trata de una acci\u00f3n contra la poblaci\u00f3n y el medio ambiente.<\/p>\n<p>\u00abEso hay que pararlo, si estamos en este di\u00e1logo,(&#8230;) si el mismo (presidente de EEUU, Barack) Obama lo dice, si el mismo Santos lo ha reconocido, porqu\u00e9 persistir en estas medidas fracasadas\u00bb, apunt\u00f3.<\/p>\n<p>Las declaraciones del jefe guerrillero se produjeron antes de su entrada en una nueva sesi\u00f3n de las conversaciones de paz con los negociadores del Gobierno, que siguen centradas en el debate del punto sobre drogas y narcotr\u00e1fico.<\/p>\n<p>Actualmente desarrollan el vig\u00e9simo ciclo de conversaciones por la paz que se prev\u00e9 cerrar\u00e1 el pr\u00f3ximo 13 de febrero.<\/p>\n","protected":false},"excerpt":{"rendered":"<p>La Habana, 9 feb (EFE).- La guerrilla de FARC atribuy\u00f3 hoy al \u00abestado de necrosis\u00bb de las instituciones en Colombia el episodio de supuestas escuchas ilegales del Ej\u00e9rcito conocido esta semana para el que pide una soluci\u00f3n \u00aburgente\u00bb y volvi\u00f3 a reclamar la convocatoria de una Asamblea Constituyente. \u00abEl estado de necrosis que tiene la [&hellip;]<\/p>\n","protected":false},"author":1,"featured_media":487497,"comment_status":"open","ping_status":"open","sticky":false,"template":"","format":"standard","meta":{"footnotes":""},"categories":[1],"tags":[],"class_list":["post-487496","post","type-post","status-publish","format-standard","has-post-thumbnail","hentry","category-actualidad"],"aioseo_notices":[],"aioseo_head":"\n\t\t<!-- All in One SEO Pro 5.0.1 - aioseo.com -->\n\t<meta name=\"description\" content=\"La Habana, 9 feb (EFE).- La guerrilla de FARC atribuy\u00f3 hoy al &quot;estado de necrosis&quot; de las instituciones en Colombia el episodio de supuestas escuchas ilegales del Ej\u00e9rcito conocido esta semana para el que pide una soluci\u00f3n &quot;urgente&quot; y volvi\u00f3 a reclamar la convocatoria de una Asamblea Constituyente. &quot;El estado de necrosis que tiene la\" \/>\n\t<meta name=\"robots\" content=\"max-image-preview:large\" \/>\n\t<meta name=\"author\" content=\"El Digital de Asturias\"\/>\n\t<meta name=\"google-site-verification\" content=\"UA-38556648-1\" \/>\n\t<meta name=\"msvalidate.01\" content=\"7dfe9f3f1b24437ab69f4f2559babe99\" \/>\n\t<meta name=\"keywords\" content=\"actualidad\" \/>\n\t<link rel=\"canonical\" href=\"https:\/\/www.eldigitaldeasturias.com\/noticias\/las-farc-creen-que-el-caso-de-espionaje-evidencia-la-necrosis-institucional-en-colombia\/\" \/>\n\t<meta name=\"generator\" content=\"All in One SEO Pro (AIOSEO) 5.0.1\" \/>\n\t\t<meta property=\"og:locale\" content=\"es_ES\" \/>\n\t\t<meta property=\"og:site_name\" content=\"El Digital de Asturias\" \/>\n\t\t<meta property=\"og:type\" content=\"article\" \/>\n\t\t<meta property=\"og:title\" content=\"Las FARC creen que el caso de espionaje evidencia la necrosis institucional en Colombia - El Digital de Asturias\" \/>\n\t\t<meta property=\"og:description\" content=\"La Habana, 9 feb (EFE).- La guerrilla de FARC atribuy\u00f3 hoy al &quot;estado de necrosis&quot; de las instituciones en Colombia el episodio de supuestas escuchas ilegales del Ej\u00e9rcito conocido esta semana para el que pide una soluci\u00f3n &quot;urgente&quot; y volvi\u00f3 a reclamar la convocatoria de una Asamblea Constituyente. &quot;El estado de necrosis que tiene la\" \/>\n\t\t<meta property=\"og:url\" content=\"https:\/\/www.eldigitaldeasturias.com\/noticias\/las-farc-creen-que-el-caso-de-espionaje-evidencia-la-necrosis-institucional-en-colombia\/\" \/>\n\t\t<meta property=\"article:tag\" content=\"actualidad\" \/>\n\t\t<meta property=\"article:published_time\" content=\"2014-02-09T23:19:29+00:00\" \/>\n\t\t<meta property=\"article:modified_time\" content=\"2014-02-09T23:19:29+00:00\" \/>\n\t\t<meta property=\"article:publisher\" content=\"https:\/\/facebook.com\/eldigitaldeasturias\" \/>\n\t\t<meta name=\"twitter:card\" content=\"summary_large_image\" \/>\n\t\t<meta name=\"twitter:title\" content=\"Las FARC creen que el caso de espionaje evidencia la necrosis institucional en Colombia - El Digital de Asturias\" \/>\n\t\t<meta name=\"twitter:description\" content=\"La Habana, 9 feb (EFE).- La guerrilla de FARC atribuy\u00f3 hoy al &quot;estado de necrosis&quot; de las instituciones en Colombia el episodio de supuestas escuchas ilegales del Ej\u00e9rcito conocido esta semana para el que pide una soluci\u00f3n &quot;urgente&quot; y volvi\u00f3 a reclamar la convocatoria de una Asamblea Constituyente. &quot;El estado de necrosis que tiene la\" \/>\n\t\t<meta name=\"twitter:label1\" content=\"Escrito por\" \/>\n\t\t<meta name=\"twitter:data1\" content=\"El Digital de Asturias\" \/>\n\t\t<meta name=\"twitter:label2\" content=\"Tiempo de lectura estimado\" \/>\n\t\t<meta name=\"twitter:data2\" content=\"2 minutos\" \/>\n\t\t<script type=\"application\/ld+json\" class=\"aioseo-schema\">\n\t\t\t{\"@context\":\"https:\\\/\\\/schema.org\",\"@graph\":[{\"@type\":\"BlogPosting\",\"@id\":\"https:\\\/\\\/www.eldigitaldeasturias.com\\\/noticias\\\/las-farc-creen-que-el-caso-de-espionaje-evidencia-la-necrosis-institucional-en-colombia\\\/#blogposting\",\"name\":\"Las FARC creen que el caso de espionaje evidencia la necrosis institucional en Colombia - El Digital de Asturias\",\"headline\":\"Las FARC creen que el caso de espionaje evidencia la necrosis institucional en Colombia\",\"author\":{\"@id\":\"https:\\\/\\\/www.eldigitaldeasturias.com\\\/noticias\\\/author\\\/admin\\\/#author\"},\"publisher\":{\"@id\":\"https:\\\/\\\/www.eldigitaldeasturias.com\\\/noticias\\\/#organization\"},\"image\":{\"@type\":\"ImageObject\",\"url\":487497},\"datePublished\":\"2014-02-09T22:19:29+01:00\",\"dateModified\":\"2014-02-09T22:19:29+01:00\",\"inLanguage\":\"es-ES\",\"mainEntityOfPage\":{\"@id\":\"https:\\\/\\\/www.eldigitaldeasturias.com\\\/noticias\\\/las-farc-creen-que-el-caso-de-espionaje-evidencia-la-necrosis-institucional-en-colombia\\\/#webpage\"},\"isPartOf\":{\"@id\":\"https:\\\/\\\/www.eldigitaldeasturias.com\\\/noticias\\\/las-farc-creen-que-el-caso-de-espionaje-evidencia-la-necrosis-institucional-en-colombia\\\/#webpage\"},\"articleSection\":\"Actualidad\"},{\"@type\":\"BreadcrumbList\",\"@id\":\"https:\\\/\\\/www.eldigitaldeasturias.com\\\/noticias\\\/las-farc-creen-que-el-caso-de-espionaje-evidencia-la-necrosis-institucional-en-colombia\\\/#breadcrumblist\",\"itemListElement\":[{\"@type\":\"ListItem\",\"@id\":\"https:\\\/\\\/www.eldigitaldeasturias.com\\\/noticias#listItem\",\"position\":1,\"name\":\"Home\",\"item\":\"https:\\\/\\\/www.eldigitaldeasturias.com\\\/noticias\",\"nextItem\":{\"@type\":\"ListItem\",\"@id\":\"https:\\\/\\\/www.eldigitaldeasturias.com\\\/noticias\\\/category\\\/actualidad\\\/#listItem\",\"name\":\"Actualidad\"}},{\"@type\":\"ListItem\",\"@id\":\"https:\\\/\\\/www.eldigitaldeasturias.com\\\/noticias\\\/category\\\/actualidad\\\/#listItem\",\"position\":2,\"name\":\"Actualidad\",\"item\":\"https:\\\/\\\/www.eldigitaldeasturias.com\\\/noticias\\\/category\\\/actualidad\\\/\",\"nextItem\":{\"@type\":\"ListItem\",\"@id\":\"https:\\\/\\\/www.eldigitaldeasturias.com\\\/noticias\\\/las-farc-creen-que-el-caso-de-espionaje-evidencia-la-necrosis-institucional-en-colombia\\\/#listItem\",\"name\":\"Las FARC creen que el caso de espionaje evidencia la necrosis institucional en Colombia\"},\"previousItem\":{\"@type\":\"ListItem\",\"@id\":\"https:\\\/\\\/www.eldigitaldeasturias.com\\\/noticias#listItem\",\"name\":\"Home\"}},{\"@type\":\"ListItem\",\"@id\":\"https:\\\/\\\/www.eldigitaldeasturias.com\\\/noticias\\\/las-farc-creen-que-el-caso-de-espionaje-evidencia-la-necrosis-institucional-en-colombia\\\/#listItem\",\"position\":3,\"name\":\"Las FARC creen que el caso de espionaje evidencia la necrosis institucional en Colombia\",\"previousItem\":{\"@type\":\"ListItem\",\"@id\":\"https:\\\/\\\/www.eldigitaldeasturias.com\\\/noticias\\\/category\\\/actualidad\\\/#listItem\",\"name\":\"Actualidad\"}}]},{\"@type\":\"Organization\",\"@id\":\"https:\\\/\\\/www.eldigitaldeasturias.com\\\/noticias\\\/#organization\",\"name\":\"El Digital de Asturias\",\"description\":\"Hemeroteca\",\"url\":\"https:\\\/\\\/www.eldigitaldeasturias.com\\\/noticias\\\/\",\"email\":\"info@eldigitaldeasturias.com\",\"telephone\":\"+34652131393\",\"logo\":{\"@type\":\"ImageObject\",\"url\":\"https:\\\/\\\/www.eldigitaldeasturias.com\\\/noticias\\\/wp-content\\\/uploads\\\/2020\\\/12\\\/EDA.jpg\",\"@id\":\"https:\\\/\\\/www.eldigitaldeasturias.com\\\/noticias\\\/las-farc-creen-que-el-caso-de-espionaje-evidencia-la-necrosis-institucional-en-colombia\\\/#organizationLogo\"},\"image\":{\"@id\":\"https:\\\/\\\/www.eldigitaldeasturias.com\\\/noticias\\\/las-farc-creen-que-el-caso-de-espionaje-evidencia-la-necrosis-institucional-en-colombia\\\/#organizationLogo\"},\"sameAs\":[\"https:\\\/\\\/facebook.com\\\/eldigitaldeasturias\",\"https:\\\/\\\/www.youtube.com\\\/channel\\\/UCZP-2wLEB9Rv6erhFmqVnvg\"],\"address\":{\"@id\":\"https:\\\/\\\/www.eldigitaldeasturias.com\\\/noticias\\\/#postaladdress\",\"@type\":\"PostalAddress\",\"streetAddress\":\"san antonio 4\",\"postalCode\":\"33430\",\"addressLocality\":\"Cand\\u00e1s\",\"addressRegion\":\"Asturias\",\"addressCountry\":\"ES\"}},{\"@type\":\"Person\",\"@id\":\"https:\\\/\\\/www.eldigitaldeasturias.com\\\/noticias\\\/author\\\/admin\\\/#author\",\"url\":\"https:\\\/\\\/www.eldigitaldeasturias.com\\\/noticias\\\/author\\\/admin\\\/\",\"name\":\"El Digital de Asturias\",\"image\":{\"@type\":\"ImageObject\",\"@id\":\"https:\\\/\\\/www.eldigitaldeasturias.com\\\/noticias\\\/las-farc-creen-que-el-caso-de-espionaje-evidencia-la-necrosis-institucional-en-colombia\\\/#authorImage\",\"url\":\"https:\\\/\\\/secure.gravatar.com\\\/avatar\\\/df2aeffc32bcd13f8d26072ef8a91b623d677766deac7f97ca815868cd41bf5e?s=96&d=mm&r=g\",\"width\":96,\"height\":96,\"caption\":\"El Digital de Asturias\"}},{\"@type\":\"WebPage\",\"@id\":\"https:\\\/\\\/www.eldigitaldeasturias.com\\\/noticias\\\/las-farc-creen-que-el-caso-de-espionaje-evidencia-la-necrosis-institucional-en-colombia\\\/#webpage\",\"url\":\"https:\\\/\\\/www.eldigitaldeasturias.com\\\/noticias\\\/las-farc-creen-que-el-caso-de-espionaje-evidencia-la-necrosis-institucional-en-colombia\\\/\",\"name\":\"Las FARC creen que el caso de espionaje evidencia la necrosis institucional en Colombia - El Digital de Asturias\",\"description\":\"La Habana, 9 feb (EFE).- La guerrilla de FARC atribuy\\u00f3 hoy al \\\"estado de necrosis\\\" de las instituciones en Colombia el episodio de supuestas escuchas ilegales del Ej\\u00e9rcito conocido esta semana para el que pide una soluci\\u00f3n \\\"urgente\\\" y volvi\\u00f3 a reclamar la convocatoria de una Asamblea Constituyente. \\\"El estado de necrosis que tiene la\",\"inLanguage\":\"es-ES\",\"isPartOf\":{\"@id\":\"https:\\\/\\\/www.eldigitaldeasturias.com\\\/noticias\\\/#website\"},\"breadcrumb\":{\"@id\":\"https:\\\/\\\/www.eldigitaldeasturias.com\\\/noticias\\\/las-farc-creen-que-el-caso-de-espionaje-evidencia-la-necrosis-institucional-en-colombia\\\/#breadcrumblist\"},\"author\":{\"@id\":\"https:\\\/\\\/www.eldigitaldeasturias.com\\\/noticias\\\/author\\\/admin\\\/#author\"},\"creator\":{\"@id\":\"https:\\\/\\\/www.eldigitaldeasturias.com\\\/noticias\\\/author\\\/admin\\\/#author\"},\"image\":{\"@type\":\"ImageObject\",\"url\":487497,\"@id\":\"https:\\\/\\\/www.eldigitaldeasturias.com\\\/noticias\\\/las-farc-creen-que-el-caso-de-espionaje-evidencia-la-necrosis-institucional-en-colombia\\\/#mainImage\"},\"primaryImageOfPage\":{\"@id\":\"https:\\\/\\\/www.eldigitaldeasturias.com\\\/noticias\\\/las-farc-creen-que-el-caso-de-espionaje-evidencia-la-necrosis-institucional-en-colombia\\\/#mainImage\"},\"datePublished\":\"2014-02-09T22:19:29+01:00\",\"dateModified\":\"2014-02-09T22:19:29+01:00\"},{\"@type\":\"WebSite\",\"@id\":\"https:\\\/\\\/www.eldigitaldeasturias.com\\\/noticias\\\/#website\",\"url\":\"https:\\\/\\\/www.eldigitaldeasturias.com\\\/noticias\\\/\",\"name\":\"El Digital de Asturias - Diario de actualidad y noticias\",\"alternateName\":\"El Digital de Asturias - Diario de actualidad y noticias\",\"description\":\"Hemeroteca\",\"inLanguage\":\"es-ES\",\"publisher\":{\"@id\":\"https:\\\/\\\/www.eldigitaldeasturias.com\\\/noticias\\\/#organization\"}}]}\n\t\t<\/script>\n\t\t<!-- All in One SEO Pro -->\r\n\t\t<title>Las FARC creen que el caso de espionaje evidencia la necrosis institucional en Colombia - El Digital de Asturias<\/title>\n\n","aioseo_head_json":{"title":"Las FARC creen que el caso de espionaje evidencia la necrosis institucional en Colombia - El Digital de Asturias","description":"La Habana, 9 feb (EFE).- La guerrilla de FARC atribuy\u00f3 hoy al \"estado de necrosis\" de las instituciones en Colombia el episodio de supuestas escuchas ilegales del Ej\u00e9rcito conocido esta semana para el que pide una soluci\u00f3n \"urgente\" y volvi\u00f3 a reclamar la convocatoria de una Asamblea Constituyente. \"El estado de necrosis que tiene la","canonical_url":"https:\/\/www.eldigitaldeasturias.com\/noticias\/las-farc-creen-que-el-caso-de-espionaje-evidencia-la-necrosis-institucional-en-colombia\/","robots":"max-image-preview:large","keywords":"actualidad","webmasterTools":{"google-site-verification":"UA-38556648-1","msvalidate.01":"7dfe9f3f1b24437ab69f4f2559babe99","miscellaneous":""},"schema":{"@context":"https:\/\/schema.org","@graph":[{"@type":"BlogPosting","@id":"https:\/\/www.eldigitaldeasturias.com\/noticias\/las-farc-creen-que-el-caso-de-espionaje-evidencia-la-necrosis-institucional-en-colombia\/#blogposting","name":"Las FARC creen que el caso de espionaje evidencia la necrosis institucional en Colombia - El Digital de Asturias","headline":"Las FARC creen que el caso de espionaje evidencia la necrosis institucional en Colombia","author":{"@id":"https:\/\/www.eldigitaldeasturias.com\/noticias\/author\/admin\/#author"},"publisher":{"@id":"https:\/\/www.eldigitaldeasturias.com\/noticias\/#organization"},"image":{"@type":"ImageObject","url":487497},"datePublished":"2014-02-09T22:19:29+01:00","dateModified":"2014-02-09T22:19:29+01:00","inLanguage":"es-ES","mainEntityOfPage":{"@id":"https:\/\/www.eldigitaldeasturias.com\/noticias\/las-farc-creen-que-el-caso-de-espionaje-evidencia-la-necrosis-institucional-en-colombia\/#webpage"},"isPartOf":{"@id":"https:\/\/www.eldigitaldeasturias.com\/noticias\/las-farc-creen-que-el-caso-de-espionaje-evidencia-la-necrosis-institucional-en-colombia\/#webpage"},"articleSection":"Actualidad"},{"@type":"BreadcrumbList","@id":"https:\/\/www.eldigitaldeasturias.com\/noticias\/las-farc-creen-que-el-caso-de-espionaje-evidencia-la-necrosis-institucional-en-colombia\/#breadcrumblist","itemListElement":[{"@type":"ListItem","@id":"https:\/\/www.eldigitaldeasturias.com\/noticias#listItem","position":1,"name":"Home","item":"https:\/\/www.eldigitaldeasturias.com\/noticias","nextItem":{"@type":"ListItem","@id":"https:\/\/www.eldigitaldeasturias.com\/noticias\/category\/actualidad\/#listItem","name":"Actualidad"}},{"@type":"ListItem","@id":"https:\/\/www.eldigitaldeasturias.com\/noticias\/category\/actualidad\/#listItem","position":2,"name":"Actualidad","item":"https:\/\/www.eldigitaldeasturias.com\/noticias\/category\/actualidad\/","nextItem":{"@type":"ListItem","@id":"https:\/\/www.eldigitaldeasturias.com\/noticias\/las-farc-creen-que-el-caso-de-espionaje-evidencia-la-necrosis-institucional-en-colombia\/#listItem","name":"Las FARC creen que el caso de espionaje evidencia la necrosis institucional en Colombia"},"previousItem":{"@type":"ListItem","@id":"https:\/\/www.eldigitaldeasturias.com\/noticias#listItem","name":"Home"}},{"@type":"ListItem","@id":"https:\/\/www.eldigitaldeasturias.com\/noticias\/las-farc-creen-que-el-caso-de-espionaje-evidencia-la-necrosis-institucional-en-colombia\/#listItem","position":3,"name":"Las FARC creen que el caso de espionaje evidencia la necrosis institucional en Colombia","previousItem":{"@type":"ListItem","@id":"https:\/\/www.eldigitaldeasturias.com\/noticias\/category\/actualidad\/#listItem","name":"Actualidad"}}]},{"@type":"Organization","@id":"https:\/\/www.eldigitaldeasturias.com\/noticias\/#organization","name":"El Digital de Asturias","description":"Hemeroteca","url":"https:\/\/www.eldigitaldeasturias.com\/noticias\/","email":"info@eldigitaldeasturias.com","telephone":"+34652131393","logo":{"@type":"ImageObject","url":"https:\/\/www.eldigitaldeasturias.com\/noticias\/wp-content\/uploads\/2020\/12\/EDA.jpg","@id":"https:\/\/www.eldigitaldeasturias.com\/noticias\/las-farc-creen-que-el-caso-de-espionaje-evidencia-la-necrosis-institucional-en-colombia\/#organizationLogo"},"image":{"@id":"https:\/\/www.eldigitaldeasturias.com\/noticias\/las-farc-creen-que-el-caso-de-espionaje-evidencia-la-necrosis-institucional-en-colombia\/#organizationLogo"},"sameAs":["https:\/\/facebook.com\/eldigitaldeasturias","https:\/\/www.youtube.com\/channel\/UCZP-2wLEB9Rv6erhFmqVnvg"],"address":{"@id":"https:\/\/www.eldigitaldeasturias.com\/noticias\/#postaladdress","@type":"PostalAddress","streetAddress":"san antonio 4","postalCode":"33430","addressLocality":"Cand\u00e1s","addressRegion":"Asturias","addressCountry":"ES"}},{"@type":"Person","@id":"https:\/\/www.eldigitaldeasturias.com\/noticias\/author\/admin\/#author","url":"https:\/\/www.eldigitaldeasturias.com\/noticias\/author\/admin\/","name":"El Digital de Asturias","image":{"@type":"ImageObject","@id":"https:\/\/www.eldigitaldeasturias.com\/noticias\/las-farc-creen-que-el-caso-de-espionaje-evidencia-la-necrosis-institucional-en-colombia\/#authorImage","url":"https:\/\/secure.gravatar.com\/avatar\/df2aeffc32bcd13f8d26072ef8a91b623d677766deac7f97ca815868cd41bf5e?s=96&d=mm&r=g","width":96,"height":96,"caption":"El Digital de Asturias"}},{"@type":"WebPage","@id":"https:\/\/www.eldigitaldeasturias.com\/noticias\/las-farc-creen-que-el-caso-de-espionaje-evidencia-la-necrosis-institucional-en-colombia\/#webpage","url":"https:\/\/www.eldigitaldeasturias.com\/noticias\/las-farc-creen-que-el-caso-de-espionaje-evidencia-la-necrosis-institucional-en-colombia\/","name":"Las FARC creen que el caso de espionaje evidencia la necrosis institucional en Colombia - El Digital de Asturias","description":"La Habana, 9 feb (EFE).- La guerrilla de FARC atribuy\u00f3 hoy al \"estado de necrosis\" de las instituciones en Colombia el episodio de supuestas escuchas ilegales del Ej\u00e9rcito conocido esta semana para el que pide una soluci\u00f3n \"urgente\" y volvi\u00f3 a reclamar la convocatoria de una Asamblea Constituyente. \"El estado de necrosis que tiene la","inLanguage":"es-ES","isPartOf":{"@id":"https:\/\/www.eldigitaldeasturias.com\/noticias\/#website"},"breadcrumb":{"@id":"https:\/\/www.eldigitaldeasturias.com\/noticias\/las-farc-creen-que-el-caso-de-espionaje-evidencia-la-necrosis-institucional-en-colombia\/#breadcrumblist"},"author":{"@id":"https:\/\/www.eldigitaldeasturias.com\/noticias\/author\/admin\/#author"},"creator":{"@id":"https:\/\/www.eldigitaldeasturias.com\/noticias\/author\/admin\/#author"},"image":{"@type":"ImageObject","url":487497,"@id":"https:\/\/www.eldigitaldeasturias.com\/noticias\/las-farc-creen-que-el-caso-de-espionaje-evidencia-la-necrosis-institucional-en-colombia\/#mainImage"},"primaryImageOfPage":{"@id":"https:\/\/www.eldigitaldeasturias.com\/noticias\/las-farc-creen-que-el-caso-de-espionaje-evidencia-la-necrosis-institucional-en-colombia\/#mainImage"},"datePublished":"2014-02-09T22:19:29+01:00","dateModified":"2014-02-09T22:19:29+01:00"},{"@type":"WebSite","@id":"https:\/\/www.eldigitaldeasturias.com\/noticias\/#website","url":"https:\/\/www.eldigitaldeasturias.com\/noticias\/","name":"El Digital de Asturias - Diario de actualidad y noticias","alternateName":"El Digital de Asturias - Diario de actualidad y noticias","description":"Hemeroteca","inLanguage":"es-ES","publisher":{"@id":"https:\/\/www.eldigitaldeasturias.com\/noticias\/#organization"}}]},"og:locale":"es_ES","og:site_name":"El Digital de Asturias","og:type":"article","og:title":"Las FARC creen que el caso de espionaje evidencia la necrosis institucional en Colombia - El Digital de Asturias","og:description":"La Habana, 9 feb (EFE).- La guerrilla de FARC atribuy\u00f3 hoy al &quot;estado de necrosis&quot; de las instituciones en Colombia el episodio de supuestas escuchas ilegales del Ej\u00e9rcito conocido esta semana para el que pide una soluci\u00f3n &quot;urgente&quot; y volvi\u00f3 a reclamar la convocatoria de una Asamblea Constituyente. &quot;El estado de necrosis que tiene la","og:url":"https:\/\/www.eldigitaldeasturias.com\/noticias\/las-farc-creen-que-el-caso-de-espionaje-evidencia-la-necrosis-institucional-en-colombia\/","article:tag":["actualidad"],"article:published_time":"2014-02-09T23:19:29+00:00","article:modified_time":"2014-02-09T23:19:29+00:00","article:publisher":"https:\/\/facebook.com\/eldigitaldeasturias","twitter:card":"summary_large_image","twitter:title":"Las FARC creen que el caso de espionaje evidencia la necrosis institucional en Colombia - El Digital de Asturias","twitter:description":"La Habana, 9 feb (EFE).- La guerrilla de FARC atribuy\u00f3 hoy al &quot;estado de necrosis&quot; de las instituciones en Colombia el episodio de supuestas escuchas ilegales del Ej\u00e9rcito conocido esta semana para el que pide una soluci\u00f3n &quot;urgente&quot; y volvi\u00f3 a reclamar la convocatoria de una Asamblea Constituyente. &quot;El estado de necrosis que tiene la","twitter:label1":"Escrito por","twitter:data1":"El Digital de Asturias","twitter:label2":"Tiempo de lectura estimado","twitter:data2":"2 minutos"},"aioseo_meta_data":{"post_id":"487496","title":null,"description":null,"keywords":null,"keyphrases":null,"primary_term":null,"canonical_url":null,"og_title":null,"og_description":null,"og_object_type":"default","og_image_type":"default","og_image_url":null,"og_image_width":null,"og_image_height":null,"og_image_custom_url":null,"og_image_custom_fields":null,"og_video":null,"og_custom_url":null,"og_article_section":null,"og_article_tags":null,"twitter_use_og":true,"twitter_card":"default","twitter_image_type":"default","twitter_image_url":null,"twitter_image_custom_url":null,"twitter_image_custom_fields":null,"twitter_title":null,"twitter_description":null,"schema":{"blockGraphs":[],"customGraphs":[],"default":{"data":{"Article":[],"Course":[],"Dataset":[],"FAQPage":[],"Movie":[],"Person":[],"Product":[],"ProductReview":[],"Car":[],"Recipe":[],"Service":[],"SoftwareApplication":[],"WebPage":[]},"graphName":"","isEnabled":true},"graphs":[],"defaultGraph":"","defaultPostTypeGraph":""},"schema_type":null,"schema_type_options":null,"pillar_content":false,"robots_default":true,"robots_noindex":false,"robots_noarchive":false,"robots_nosnippet":false,"robots_nofollow":false,"robots_noimageindex":false,"robots_noodp":false,"robots_notranslate":false,"robots_max_snippet":null,"robots_max_videopreview":null,"robots_max_imagepreview":"none","priority":null,"frequency":null,"local_seo":null,"seo_analyzer_scan_date":"2026-06-03 04:55:46","breadcrumb_settings":null,"limit_modified_date":false,"open_ai":null,"ai":null,"created":"2020-11-14 22:56:26","updated":"2026-06-03 04:55:46","focus_keyword":null,"additional_keywords":null,"truseo_locale":null},"aioseo_breadcrumb":"<div class=\"aioseo-breadcrumbs\"><span class=\"aioseo-breadcrumb\">\n\t<a href=\"https:\/\/www.eldigitaldeasturias.com\/noticias\" title=\"Home\">Home<\/a>\n<\/span><span class=\"aioseo-breadcrumb-separator\">\u2013<\/span><span class=\"aioseo-breadcrumb\">\n\t<a href=\"https:\/\/www.eldigitaldeasturias.com\/noticias\/category\/actualidad\/\" title=\"Actualidad\">Actualidad<\/a>\n<\/span><span class=\"aioseo-breadcrumb-separator\">\u2013<\/span><span class=\"aioseo-breadcrumb\">\n\t<a href=\"https:\/\/www.eldigitaldeasturias.com\/noticias\/las-farc-creen-que-el-caso-de-espionaje-evidencia-la-necrosis-institucional-en-colombia\/\" title=\"Las FARC creen que el caso de espionaje evidencia la necrosis institucional en Colombia\">Las FARC creen que el caso de espionaje evidencia la necrosis institucional en Colombia<\/a>\n<\/span><\/div>","aioseo_breadcrumb_json":[{"label":"Home","link":"https:\/\/www.eldigitaldeasturias.com\/noticias"},{"label":"Actualidad","link":"https:\/\/www.eldigitaldeasturias.com\/noticias\/category\/actualidad\/"},{"label":"Las FARC creen que el caso de espionaje evidencia la necrosis institucional en Colombia","link":"https:\/\/www.eldigitaldeasturias.com\/noticias\/las-farc-creen-que-el-caso-de-espionaje-evidencia-la-necrosis-institucional-en-colombia\/"}],"_links":{"self":[{"href":"https:\/\/www.eldigitaldeasturias.com\/noticias\/wp-json\/wp\/v2\/posts\/487496","targetHints":{"allow":["GET"]}}],"collection":[{"href":"https:\/\/www.eldigitaldeasturias.com\/noticias\/wp-json\/wp\/v2\/posts"}],"about":[{"href":"https:\/\/www.eldigitaldeasturias.com\/noticias\/wp-json\/wp\/v2\/types\/post"}],"author":[{"embeddable":true,"href":"https:\/\/www.eldigitaldeasturias.com\/noticias\/wp-json\/wp\/v2\/users\/1"}],"replies":[{"embeddable":true,"href":"https:\/\/www.eldigitaldeasturias.com\/noticias\/wp-json\/wp\/v2\/comments?post=487496"}],"version-history":[{"count":0,"href":"https:\/\/www.eldigitaldeasturias.com\/noticias\/wp-json\/wp\/v2\/posts\/487496\/revisions"}],"wp:attachment":[{"href":"https:\/\/www.eldigitaldeasturias.com\/noticias\/wp-json\/wp\/v2\/media?parent=487496"}],"wp:term":[{"taxonomy":"category","embeddable":true,"href":"https:\/\/www.eldigitaldeasturias.com\/noticias\/wp-json\/wp\/v2\/categories?post=487496"},{"taxonomy":"post_tag","embeddable":true,"href":"https:\/\/www.eldigitaldeasturias.com\/noticias\/wp-json\/wp\/v2\/tags?post=487496"}],"curies":[{"name":"wp","href":"https:\/\/api.w.org\/{rel}","templated":true}]}}