{"id":487493,"date":"2014-02-09T22:18:27","date_gmt":"2014-02-09T23:18:27","guid":{"rendered":"http:\/\/www.eldigitaldeasturias.com\/noticias\/?p=487493"},"modified":"2014-02-09T22:18:27","modified_gmt":"2014-02-09T23:18:27","slug":"la-oposicion-ucraniana-creara-unidades-de-autodefensa-popular-en-todo-el-pais","status":"publish","type":"post","link":"https:\/\/www.eldigitaldeasturias.com\/noticias\/la-oposicion-ucraniana-creara-unidades-de-autodefensa-popular-en-todo-el-pais\/","title":{"rendered":"La oposici\u00f3n ucraniana crear\u00e1 unidades de autodefensa popular en todo el pa\u00eds"},"content":{"rendered":"<p><img loading=\"lazy\" decoding=\"async\" class=\"alignleft size-medium wp-image-487494\" alt=\"5925732w\" src=\"https:\/\/www.eldigitaldeasturias.com\/noticias\/wp-content\/uploads\/2014\/02\/5925732w-360x246.jpg\" width=\"360\" height=\"246\" \/>Kiev, 9 feb (EFE).- La oposici\u00f3n ucraniana anunci\u00f3 hoy la creaci\u00f3n de unidades de autodefensa popular en todo el pa\u00eds durante un multitudinario mitin de protesta convocado tras la reuni\u00f3n mantenida entre el presidente, V\u00edktor Yanuk\u00f3vich, y el l\u00edder ruso, Vlad\u00edmir Putin.<\/p>\n<p>\u00ab\u00a1Inscrib\u00edos! La autodefensa del Maid\u00e1n es la guardia que m\u00e1s temen las autoridades. Y esa guardia debe estar en todas partes\u00bb, asegur\u00f3 el dirigente opositor Alexandr Turch\u00ednov, mano derecha de la encarcelada ex primera ministra Yulia Timoshenko.<\/p>\n<p>Unas 70.000 personas se congregaron hoy en la c\u00e9ntrica plaza de la Independencia o Maid\u00e1n, basti\u00f3n de las protestas antigubernamentales desde noviembre pasado.<\/p>\n<p>\u00abDe noche en Kiev arden los coches de los activistas. En las regiones y en la capital matan y secuestran gente \u00bfQui\u00e9n nos defiende? \u00bfLa polic\u00eda? \u00bfLos Berkut (antidisturbios)? S\u00f3lo podemos defendernos nosotros mismos\u00bb, se\u00f1al\u00f3.<\/p>\n<p>En la actualidad, varios miles de personas armadas con palos, bates y escudos, y entrenadas por antiguos militares y veteranos de guerra, integran las unidades de autodefensa en la capital, que se asemejan cada d\u00eda m\u00e1s a milicias populares.<\/p>\n<p>Por su parte, Vitali Klitschk\u00f3, l\u00edder del partido UDAR (Golpe), asegur\u00f3 que cada ciudad, cada barrio en Ucrania debe contar con su destacamento de autodefensa, y anim\u00f3 a los manifestantes a apuntarse en el mismo Maid\u00e1n o a trav\u00e9s de la p\u00e1gina web de su formaci\u00f3n.<\/p>\n<p>\u00abLa gente tiene una sola demanda: un cambio de poder, unas nuevas reglas de juego, elecciones presidenciales anticipadas\u00bb, se\u00f1al\u00f3 y acus\u00f3 a las autoridades de manipular la realidad \u00abcomo si el Euromaid\u00e1n quisiera que todo acabe en una guerra civil\u00bb.<\/p>\n<p>Klitschk\u00f3 tambi\u00e9n propuso convocar este jueves un paro nacional bajo el lema \u00abNo tenemos miedo\u00bb, para lo que recomend\u00f3 crear comit\u00e9s regionales de huelga a los que podr\u00e1n apuntarse personas de todas las profesiones e ideolog\u00edas.<\/p>\n<p>\u00abEl responsable de la crisis es el hombre que concentra en sus manos todo el poder: Yanuk\u00f3vich\u00bb, asegur\u00f3 el boxeador, campe\u00f3n de los pesos pesados, quien invit\u00f3 al presidente a celebrar debates pol\u00edticos en el mismo Maid\u00e1n.<\/p>\n<p>El l\u00edder de la principal formaci\u00f3n opositora (Batkivschina), Arseni Yatseniuk, asegur\u00f3 que con una nueva Constituci\u00f3n el presidente ser\u00e1 privado de poderes dictatoriales y ya no podr\u00e1 nombrar al Gobierno.<\/p>\n<p>El antiguo ministro del Interior, Yuri Lutsenko, pidi\u00f3 un \u00abMaid\u00e1n oriental\u00bb y record\u00f3 que en el Este rusoparlante la oposici\u00f3n cuenta con m\u00e1s del 30 por ciento de apoyos, y anim\u00f3 a los diputados oficialistas a abandonar el \u00abTitanic\u00bb que representa el r\u00e9gimen de Yanuk\u00f3vich.<\/p>\n<p>Mientras, la cantante Ruslana, que gan\u00f3 el certamen de Eurovisi\u00f3n y es una de las estrellas del Euromaid\u00e1n, ley\u00f3 las amenazas de muerte que ha recibido por respaldar p\u00fablicamente las protestas.<\/p>\n<p>Los dirigentes opositores pidieron a Bruselas gestos como la exenci\u00f3n de visados para que el pueblo ucraniano crea en las perspectivas de ingreso de su pa\u00eds en la Uni\u00f3n Europea.<\/p>\n<p>Al respecto, Yatseniuk destac\u00f3 que EEUU y la Uni\u00f3n Europea ya han prometido un paquete concreto de ayudas econ\u00f3micas al nuevo Gobierno ucraniano.<\/p>\n<p>El mitin fue convocado despu\u00e9s de que Yanuk\u00f3vich se reuniera el viernes con el jefe del Kremlin tras asistir a la ceremonia de inauguraci\u00f3n de los Juegos Ol\u00edmpicos de Invierno en Sochi.<\/p>\n<p>La oposici\u00f3n sospecha que Yanuk\u00f3vich viaj\u00f3 a Sochi a consensuar con el Kremlin la formaci\u00f3n del Gobierno tras la dimisi\u00f3n del primer ministro, Nikol\u00e1i Az\u00e1rov, art\u00edfice del restablecimiento de las relaciones comerciales entre ambos pa\u00edses en perjuicio de la UE, ya que de ello depende la concesi\u00f3n de la ayuda econ\u00f3mica rusa.<\/p>\n<p>Seg\u00fan el jefe del Centro de Tecnolog\u00edas Pol\u00edticas de Ucrania, Gueorgui Chizhov, ambos mandatarios abordaron con seguridad la transferencia del cr\u00e9dito de 15.000 millones de d\u00f3lares, cuyo segundo tramo ha sido provisionalmente suspendido.<\/p>\n<p>\u00abYanuk\u00f3vich habr\u00e1 intentado convencer a Putin de que el Gobierno es el mismo, s\u00f3lo ha cambio el primer ministro, y que puede transferir el dinero. De lo contrario, Ucrania entrar\u00e1 en suspensi\u00f3n de pagos\u00bb, se\u00f1al\u00f3 a Efe.<\/p>\n<p>El ministro de Finanzas ruso, Ant\u00f3n Silu\u00e1nov, asegur\u00f3 el s\u00e1bado que Mosc\u00fa reanudar\u00e1 el rescate a la econom\u00eda de Ucrania cuando este pa\u00eds salde sus deudas por el suministro de gas natural en 2013, que asciende a 2.700 millones de d\u00f3lares.<\/p>\n<p>A finales de enero, el primer ministro en funciones de Ucrania, Sergu\u00e9i Arb\u00fazov, asegur\u00f3 que Kiev ya hab\u00eda recibido el primer tramo de 3.000 millones de d\u00f3lares y espera recibir en breve un segundo por valor de 2.000 millones.<\/p>\n<p>Algunos analistas opinan que Rusia ha decidido retener el segundo tramo del rescate por motivos pol\u00edticos ante el temor de que la oposici\u00f3n europe\u00edsta asuma el poder en el pa\u00eds vecino.<\/p>\n<p>Bor\u00eds Klimenko<\/p>\n","protected":false},"excerpt":{"rendered":"<p>Kiev, 9 feb (EFE).- La oposici\u00f3n ucraniana anunci\u00f3 hoy la creaci\u00f3n de unidades de autodefensa popular en todo el pa\u00eds durante un multitudinario mitin de protesta convocado tras la reuni\u00f3n mantenida entre el presidente, V\u00edktor Yanuk\u00f3vich, y el l\u00edder ruso, Vlad\u00edmir Putin. \u00ab\u00a1Inscrib\u00edos! La autodefensa del Maid\u00e1n es la guardia que m\u00e1s temen las autoridades. [&hellip;]<\/p>\n","protected":false},"author":1,"featured_media":487494,"comment_status":"open","ping_status":"open","sticky":false,"template":"","format":"standard","meta":{"footnotes":""},"categories":[1],"tags":[],"class_list":["post-487493","post","type-post","status-publish","format-standard","has-post-thumbnail","hentry","category-actualidad"],"aioseo_notices":[],"aioseo_head":"\n\t\t<!-- All in One SEO Pro 5.0.1 - aioseo.com -->\n\t<meta name=\"description\" content=\"Kiev, 9 feb (EFE).- La oposici\u00f3n ucraniana anunci\u00f3 hoy la creaci\u00f3n de unidades de autodefensa popular en todo el pa\u00eds durante un multitudinario mitin de protesta convocado tras la reuni\u00f3n mantenida entre el presidente, V\u00edktor Yanuk\u00f3vich, y el l\u00edder ruso, Vlad\u00edmir Putin. &quot;\u00a1Inscrib\u00edos! La autodefensa del Maid\u00e1n es la guardia que m\u00e1s temen las autoridades.\" \/>\n\t<meta name=\"robots\" content=\"max-image-preview:large\" \/>\n\t<meta name=\"author\" content=\"El Digital de Asturias\"\/>\n\t<meta name=\"google-site-verification\" content=\"UA-38556648-1\" \/>\n\t<meta name=\"msvalidate.01\" content=\"7dfe9f3f1b24437ab69f4f2559babe99\" \/>\n\t<meta name=\"keywords\" content=\"actualidad\" \/>\n\t<link rel=\"canonical\" href=\"https:\/\/www.eldigitaldeasturias.com\/noticias\/la-oposicion-ucraniana-creara-unidades-de-autodefensa-popular-en-todo-el-pais\/\" \/>\n\t<meta name=\"generator\" content=\"All in One SEO Pro (AIOSEO) 5.0.1\" \/>\n\t\t<meta property=\"og:locale\" content=\"es_ES\" \/>\n\t\t<meta property=\"og:site_name\" content=\"El Digital de Asturias\" \/>\n\t\t<meta property=\"og:type\" content=\"article\" \/>\n\t\t<meta property=\"og:title\" content=\"La oposici\u00f3n ucraniana crear\u00e1 unidades de autodefensa popular en todo el pa\u00eds - El Digital de Asturias\" \/>\n\t\t<meta property=\"og:description\" content=\"Kiev, 9 feb (EFE).- La oposici\u00f3n ucraniana anunci\u00f3 hoy la creaci\u00f3n de unidades de autodefensa popular en todo el pa\u00eds durante un multitudinario mitin de protesta convocado tras la reuni\u00f3n mantenida entre el presidente, V\u00edktor Yanuk\u00f3vich, y el l\u00edder ruso, Vlad\u00edmir Putin. &quot;\u00a1Inscrib\u00edos! La autodefensa del Maid\u00e1n es la guardia que m\u00e1s temen las autoridades.\" \/>\n\t\t<meta property=\"og:url\" content=\"https:\/\/www.eldigitaldeasturias.com\/noticias\/la-oposicion-ucraniana-creara-unidades-de-autodefensa-popular-en-todo-el-pais\/\" \/>\n\t\t<meta property=\"article:tag\" content=\"actualidad\" \/>\n\t\t<meta property=\"article:published_time\" content=\"2014-02-09T23:18:27+00:00\" \/>\n\t\t<meta property=\"article:modified_time\" content=\"2014-02-09T23:18:27+00:00\" \/>\n\t\t<meta property=\"article:publisher\" content=\"https:\/\/facebook.com\/eldigitaldeasturias\" \/>\n\t\t<meta name=\"twitter:card\" content=\"summary_large_image\" \/>\n\t\t<meta name=\"twitter:title\" content=\"La oposici\u00f3n ucraniana crear\u00e1 unidades de autodefensa popular en todo el pa\u00eds - El Digital de Asturias\" \/>\n\t\t<meta name=\"twitter:description\" content=\"Kiev, 9 feb (EFE).- La oposici\u00f3n ucraniana anunci\u00f3 hoy la creaci\u00f3n de unidades de autodefensa popular en todo el pa\u00eds durante un multitudinario mitin de protesta convocado tras la reuni\u00f3n mantenida entre el presidente, V\u00edktor Yanuk\u00f3vich, y el l\u00edder ruso, Vlad\u00edmir Putin. &quot;\u00a1Inscrib\u00edos! La autodefensa del Maid\u00e1n es la guardia que m\u00e1s temen las autoridades.\" \/>\n\t\t<meta name=\"twitter:label1\" content=\"Escrito por\" \/>\n\t\t<meta name=\"twitter:data1\" content=\"El Digital de Asturias\" \/>\n\t\t<meta name=\"twitter:label2\" content=\"Tiempo de lectura estimado\" \/>\n\t\t<meta name=\"twitter:data2\" content=\"4 minutos\" \/>\n\t\t<script type=\"application\/ld+json\" class=\"aioseo-schema\">\n\t\t\t{\"@context\":\"https:\\\/\\\/schema.org\",\"@graph\":[{\"@type\":\"BlogPosting\",\"@id\":\"https:\\\/\\\/www.eldigitaldeasturias.com\\\/noticias\\\/la-oposicion-ucraniana-creara-unidades-de-autodefensa-popular-en-todo-el-pais\\\/#blogposting\",\"name\":\"La oposici\\u00f3n ucraniana crear\\u00e1 unidades de autodefensa popular en todo el pa\\u00eds - El Digital de Asturias\",\"headline\":\"La oposici\\u00f3n ucraniana crear\\u00e1 unidades de autodefensa popular en todo el pa\\u00eds\",\"author\":{\"@id\":\"https:\\\/\\\/www.eldigitaldeasturias.com\\\/noticias\\\/author\\\/admin\\\/#author\"},\"publisher\":{\"@id\":\"https:\\\/\\\/www.eldigitaldeasturias.com\\\/noticias\\\/#organization\"},\"image\":{\"@type\":\"ImageObject\",\"url\":487494},\"datePublished\":\"2014-02-09T22:18:27+01:00\",\"dateModified\":\"2014-02-09T22:18:27+01:00\",\"inLanguage\":\"es-ES\",\"mainEntityOfPage\":{\"@id\":\"https:\\\/\\\/www.eldigitaldeasturias.com\\\/noticias\\\/la-oposicion-ucraniana-creara-unidades-de-autodefensa-popular-en-todo-el-pais\\\/#webpage\"},\"isPartOf\":{\"@id\":\"https:\\\/\\\/www.eldigitaldeasturias.com\\\/noticias\\\/la-oposicion-ucraniana-creara-unidades-de-autodefensa-popular-en-todo-el-pais\\\/#webpage\"},\"articleSection\":\"Actualidad\"},{\"@type\":\"BreadcrumbList\",\"@id\":\"https:\\\/\\\/www.eldigitaldeasturias.com\\\/noticias\\\/la-oposicion-ucraniana-creara-unidades-de-autodefensa-popular-en-todo-el-pais\\\/#breadcrumblist\",\"itemListElement\":[{\"@type\":\"ListItem\",\"@id\":\"https:\\\/\\\/www.eldigitaldeasturias.com\\\/noticias#listItem\",\"position\":1,\"name\":\"Home\",\"item\":\"https:\\\/\\\/www.eldigitaldeasturias.com\\\/noticias\",\"nextItem\":{\"@type\":\"ListItem\",\"@id\":\"https:\\\/\\\/www.eldigitaldeasturias.com\\\/noticias\\\/category\\\/actualidad\\\/#listItem\",\"name\":\"Actualidad\"}},{\"@type\":\"ListItem\",\"@id\":\"https:\\\/\\\/www.eldigitaldeasturias.com\\\/noticias\\\/category\\\/actualidad\\\/#listItem\",\"position\":2,\"name\":\"Actualidad\",\"item\":\"https:\\\/\\\/www.eldigitaldeasturias.com\\\/noticias\\\/category\\\/actualidad\\\/\",\"nextItem\":{\"@type\":\"ListItem\",\"@id\":\"https:\\\/\\\/www.eldigitaldeasturias.com\\\/noticias\\\/la-oposicion-ucraniana-creara-unidades-de-autodefensa-popular-en-todo-el-pais\\\/#listItem\",\"name\":\"La oposici\\u00f3n ucraniana crear\\u00e1 unidades de autodefensa popular en todo el pa\\u00eds\"},\"previousItem\":{\"@type\":\"ListItem\",\"@id\":\"https:\\\/\\\/www.eldigitaldeasturias.com\\\/noticias#listItem\",\"name\":\"Home\"}},{\"@type\":\"ListItem\",\"@id\":\"https:\\\/\\\/www.eldigitaldeasturias.com\\\/noticias\\\/la-oposicion-ucraniana-creara-unidades-de-autodefensa-popular-en-todo-el-pais\\\/#listItem\",\"position\":3,\"name\":\"La oposici\\u00f3n ucraniana crear\\u00e1 unidades de autodefensa popular en todo el pa\\u00eds\",\"previousItem\":{\"@type\":\"ListItem\",\"@id\":\"https:\\\/\\\/www.eldigitaldeasturias.com\\\/noticias\\\/category\\\/actualidad\\\/#listItem\",\"name\":\"Actualidad\"}}]},{\"@type\":\"Organization\",\"@id\":\"https:\\\/\\\/www.eldigitaldeasturias.com\\\/noticias\\\/#organization\",\"name\":\"El Digital de Asturias\",\"description\":\"Hemeroteca\",\"url\":\"https:\\\/\\\/www.eldigitaldeasturias.com\\\/noticias\\\/\",\"email\":\"info@eldigitaldeasturias.com\",\"telephone\":\"+34652131393\",\"logo\":{\"@type\":\"ImageObject\",\"url\":\"https:\\\/\\\/www.eldigitaldeasturias.com\\\/noticias\\\/wp-content\\\/uploads\\\/2020\\\/12\\\/EDA.jpg\",\"@id\":\"https:\\\/\\\/www.eldigitaldeasturias.com\\\/noticias\\\/la-oposicion-ucraniana-creara-unidades-de-autodefensa-popular-en-todo-el-pais\\\/#organizationLogo\"},\"image\":{\"@id\":\"https:\\\/\\\/www.eldigitaldeasturias.com\\\/noticias\\\/la-oposicion-ucraniana-creara-unidades-de-autodefensa-popular-en-todo-el-pais\\\/#organizationLogo\"},\"sameAs\":[\"https:\\\/\\\/facebook.com\\\/eldigitaldeasturias\",\"https:\\\/\\\/www.youtube.com\\\/channel\\\/UCZP-2wLEB9Rv6erhFmqVnvg\"],\"address\":{\"@id\":\"https:\\\/\\\/www.eldigitaldeasturias.com\\\/noticias\\\/#postaladdress\",\"@type\":\"PostalAddress\",\"streetAddress\":\"san antonio 4\",\"postalCode\":\"33430\",\"addressLocality\":\"Cand\\u00e1s\",\"addressRegion\":\"Asturias\",\"addressCountry\":\"ES\"}},{\"@type\":\"Person\",\"@id\":\"https:\\\/\\\/www.eldigitaldeasturias.com\\\/noticias\\\/author\\\/admin\\\/#author\",\"url\":\"https:\\\/\\\/www.eldigitaldeasturias.com\\\/noticias\\\/author\\\/admin\\\/\",\"name\":\"El Digital de Asturias\",\"image\":{\"@type\":\"ImageObject\",\"@id\":\"https:\\\/\\\/www.eldigitaldeasturias.com\\\/noticias\\\/la-oposicion-ucraniana-creara-unidades-de-autodefensa-popular-en-todo-el-pais\\\/#authorImage\",\"url\":\"https:\\\/\\\/secure.gravatar.com\\\/avatar\\\/df2aeffc32bcd13f8d26072ef8a91b623d677766deac7f97ca815868cd41bf5e?s=96&d=mm&r=g\",\"width\":96,\"height\":96,\"caption\":\"El Digital de Asturias\"}},{\"@type\":\"WebPage\",\"@id\":\"https:\\\/\\\/www.eldigitaldeasturias.com\\\/noticias\\\/la-oposicion-ucraniana-creara-unidades-de-autodefensa-popular-en-todo-el-pais\\\/#webpage\",\"url\":\"https:\\\/\\\/www.eldigitaldeasturias.com\\\/noticias\\\/la-oposicion-ucraniana-creara-unidades-de-autodefensa-popular-en-todo-el-pais\\\/\",\"name\":\"La oposici\\u00f3n ucraniana crear\\u00e1 unidades de autodefensa popular en todo el pa\\u00eds - El Digital de Asturias\",\"description\":\"Kiev, 9 feb (EFE).- La oposici\\u00f3n ucraniana anunci\\u00f3 hoy la creaci\\u00f3n de unidades de autodefensa popular en todo el pa\\u00eds durante un multitudinario mitin de protesta convocado tras la reuni\\u00f3n mantenida entre el presidente, V\\u00edktor Yanuk\\u00f3vich, y el l\\u00edder ruso, Vlad\\u00edmir Putin. \\\"\\u00a1Inscrib\\u00edos! La autodefensa del Maid\\u00e1n es la guardia que m\\u00e1s temen las autoridades.\",\"inLanguage\":\"es-ES\",\"isPartOf\":{\"@id\":\"https:\\\/\\\/www.eldigitaldeasturias.com\\\/noticias\\\/#website\"},\"breadcrumb\":{\"@id\":\"https:\\\/\\\/www.eldigitaldeasturias.com\\\/noticias\\\/la-oposicion-ucraniana-creara-unidades-de-autodefensa-popular-en-todo-el-pais\\\/#breadcrumblist\"},\"author\":{\"@id\":\"https:\\\/\\\/www.eldigitaldeasturias.com\\\/noticias\\\/author\\\/admin\\\/#author\"},\"creator\":{\"@id\":\"https:\\\/\\\/www.eldigitaldeasturias.com\\\/noticias\\\/author\\\/admin\\\/#author\"},\"image\":{\"@type\":\"ImageObject\",\"url\":487494,\"@id\":\"https:\\\/\\\/www.eldigitaldeasturias.com\\\/noticias\\\/la-oposicion-ucraniana-creara-unidades-de-autodefensa-popular-en-todo-el-pais\\\/#mainImage\"},\"primaryImageOfPage\":{\"@id\":\"https:\\\/\\\/www.eldigitaldeasturias.com\\\/noticias\\\/la-oposicion-ucraniana-creara-unidades-de-autodefensa-popular-en-todo-el-pais\\\/#mainImage\"},\"datePublished\":\"2014-02-09T22:18:27+01:00\",\"dateModified\":\"2014-02-09T22:18:27+01:00\"},{\"@type\":\"WebSite\",\"@id\":\"https:\\\/\\\/www.eldigitaldeasturias.com\\\/noticias\\\/#website\",\"url\":\"https:\\\/\\\/www.eldigitaldeasturias.com\\\/noticias\\\/\",\"name\":\"El Digital de Asturias - Diario de actualidad y noticias\",\"alternateName\":\"El Digital de Asturias - Diario de actualidad y noticias\",\"description\":\"Hemeroteca\",\"inLanguage\":\"es-ES\",\"publisher\":{\"@id\":\"https:\\\/\\\/www.eldigitaldeasturias.com\\\/noticias\\\/#organization\"}}]}\n\t\t<\/script>\n\t\t<!-- All in One SEO Pro -->\r\n\t\t<title>La oposici\u00f3n ucraniana crear\u00e1 unidades de autodefensa popular en todo el pa\u00eds - El Digital de Asturias<\/title>\n\n","aioseo_head_json":{"title":"La oposici\u00f3n ucraniana crear\u00e1 unidades de autodefensa popular en todo el pa\u00eds - El Digital de Asturias","description":"Kiev, 9 feb (EFE).- La oposici\u00f3n ucraniana anunci\u00f3 hoy la creaci\u00f3n de unidades de autodefensa popular en todo el pa\u00eds durante un multitudinario mitin de protesta convocado tras la reuni\u00f3n mantenida entre el presidente, V\u00edktor Yanuk\u00f3vich, y el l\u00edder ruso, Vlad\u00edmir Putin. \"\u00a1Inscrib\u00edos! La autodefensa del Maid\u00e1n es la guardia que m\u00e1s temen las autoridades.","canonical_url":"https:\/\/www.eldigitaldeasturias.com\/noticias\/la-oposicion-ucraniana-creara-unidades-de-autodefensa-popular-en-todo-el-pais\/","robots":"max-image-preview:large","keywords":"actualidad","webmasterTools":{"google-site-verification":"UA-38556648-1","msvalidate.01":"7dfe9f3f1b24437ab69f4f2559babe99","miscellaneous":""},"schema":{"@context":"https:\/\/schema.org","@graph":[{"@type":"BlogPosting","@id":"https:\/\/www.eldigitaldeasturias.com\/noticias\/la-oposicion-ucraniana-creara-unidades-de-autodefensa-popular-en-todo-el-pais\/#blogposting","name":"La oposici\u00f3n ucraniana crear\u00e1 unidades de autodefensa popular en todo el pa\u00eds - El Digital de Asturias","headline":"La oposici\u00f3n ucraniana crear\u00e1 unidades de autodefensa popular en todo el pa\u00eds","author":{"@id":"https:\/\/www.eldigitaldeasturias.com\/noticias\/author\/admin\/#author"},"publisher":{"@id":"https:\/\/www.eldigitaldeasturias.com\/noticias\/#organization"},"image":{"@type":"ImageObject","url":487494},"datePublished":"2014-02-09T22:18:27+01:00","dateModified":"2014-02-09T22:18:27+01:00","inLanguage":"es-ES","mainEntityOfPage":{"@id":"https:\/\/www.eldigitaldeasturias.com\/noticias\/la-oposicion-ucraniana-creara-unidades-de-autodefensa-popular-en-todo-el-pais\/#webpage"},"isPartOf":{"@id":"https:\/\/www.eldigitaldeasturias.com\/noticias\/la-oposicion-ucraniana-creara-unidades-de-autodefensa-popular-en-todo-el-pais\/#webpage"},"articleSection":"Actualidad"},{"@type":"BreadcrumbList","@id":"https:\/\/www.eldigitaldeasturias.com\/noticias\/la-oposicion-ucraniana-creara-unidades-de-autodefensa-popular-en-todo-el-pais\/#breadcrumblist","itemListElement":[{"@type":"ListItem","@id":"https:\/\/www.eldigitaldeasturias.com\/noticias#listItem","position":1,"name":"Home","item":"https:\/\/www.eldigitaldeasturias.com\/noticias","nextItem":{"@type":"ListItem","@id":"https:\/\/www.eldigitaldeasturias.com\/noticias\/category\/actualidad\/#listItem","name":"Actualidad"}},{"@type":"ListItem","@id":"https:\/\/www.eldigitaldeasturias.com\/noticias\/category\/actualidad\/#listItem","position":2,"name":"Actualidad","item":"https:\/\/www.eldigitaldeasturias.com\/noticias\/category\/actualidad\/","nextItem":{"@type":"ListItem","@id":"https:\/\/www.eldigitaldeasturias.com\/noticias\/la-oposicion-ucraniana-creara-unidades-de-autodefensa-popular-en-todo-el-pais\/#listItem","name":"La oposici\u00f3n ucraniana crear\u00e1 unidades de autodefensa popular en todo el pa\u00eds"},"previousItem":{"@type":"ListItem","@id":"https:\/\/www.eldigitaldeasturias.com\/noticias#listItem","name":"Home"}},{"@type":"ListItem","@id":"https:\/\/www.eldigitaldeasturias.com\/noticias\/la-oposicion-ucraniana-creara-unidades-de-autodefensa-popular-en-todo-el-pais\/#listItem","position":3,"name":"La oposici\u00f3n ucraniana crear\u00e1 unidades de autodefensa popular en todo el pa\u00eds","previousItem":{"@type":"ListItem","@id":"https:\/\/www.eldigitaldeasturias.com\/noticias\/category\/actualidad\/#listItem","name":"Actualidad"}}]},{"@type":"Organization","@id":"https:\/\/www.eldigitaldeasturias.com\/noticias\/#organization","name":"El Digital de Asturias","description":"Hemeroteca","url":"https:\/\/www.eldigitaldeasturias.com\/noticias\/","email":"info@eldigitaldeasturias.com","telephone":"+34652131393","logo":{"@type":"ImageObject","url":"https:\/\/www.eldigitaldeasturias.com\/noticias\/wp-content\/uploads\/2020\/12\/EDA.jpg","@id":"https:\/\/www.eldigitaldeasturias.com\/noticias\/la-oposicion-ucraniana-creara-unidades-de-autodefensa-popular-en-todo-el-pais\/#organizationLogo"},"image":{"@id":"https:\/\/www.eldigitaldeasturias.com\/noticias\/la-oposicion-ucraniana-creara-unidades-de-autodefensa-popular-en-todo-el-pais\/#organizationLogo"},"sameAs":["https:\/\/facebook.com\/eldigitaldeasturias","https:\/\/www.youtube.com\/channel\/UCZP-2wLEB9Rv6erhFmqVnvg"],"address":{"@id":"https:\/\/www.eldigitaldeasturias.com\/noticias\/#postaladdress","@type":"PostalAddress","streetAddress":"san antonio 4","postalCode":"33430","addressLocality":"Cand\u00e1s","addressRegion":"Asturias","addressCountry":"ES"}},{"@type":"Person","@id":"https:\/\/www.eldigitaldeasturias.com\/noticias\/author\/admin\/#author","url":"https:\/\/www.eldigitaldeasturias.com\/noticias\/author\/admin\/","name":"El Digital de Asturias","image":{"@type":"ImageObject","@id":"https:\/\/www.eldigitaldeasturias.com\/noticias\/la-oposicion-ucraniana-creara-unidades-de-autodefensa-popular-en-todo-el-pais\/#authorImage","url":"https:\/\/secure.gravatar.com\/avatar\/df2aeffc32bcd13f8d26072ef8a91b623d677766deac7f97ca815868cd41bf5e?s=96&d=mm&r=g","width":96,"height":96,"caption":"El Digital de Asturias"}},{"@type":"WebPage","@id":"https:\/\/www.eldigitaldeasturias.com\/noticias\/la-oposicion-ucraniana-creara-unidades-de-autodefensa-popular-en-todo-el-pais\/#webpage","url":"https:\/\/www.eldigitaldeasturias.com\/noticias\/la-oposicion-ucraniana-creara-unidades-de-autodefensa-popular-en-todo-el-pais\/","name":"La oposici\u00f3n ucraniana crear\u00e1 unidades de autodefensa popular en todo el pa\u00eds - El Digital de Asturias","description":"Kiev, 9 feb (EFE).- La oposici\u00f3n ucraniana anunci\u00f3 hoy la creaci\u00f3n de unidades de autodefensa popular en todo el pa\u00eds durante un multitudinario mitin de protesta convocado tras la reuni\u00f3n mantenida entre el presidente, V\u00edktor Yanuk\u00f3vich, y el l\u00edder ruso, Vlad\u00edmir Putin. \"\u00a1Inscrib\u00edos! La autodefensa del Maid\u00e1n es la guardia que m\u00e1s temen las autoridades.","inLanguage":"es-ES","isPartOf":{"@id":"https:\/\/www.eldigitaldeasturias.com\/noticias\/#website"},"breadcrumb":{"@id":"https:\/\/www.eldigitaldeasturias.com\/noticias\/la-oposicion-ucraniana-creara-unidades-de-autodefensa-popular-en-todo-el-pais\/#breadcrumblist"},"author":{"@id":"https:\/\/www.eldigitaldeasturias.com\/noticias\/author\/admin\/#author"},"creator":{"@id":"https:\/\/www.eldigitaldeasturias.com\/noticias\/author\/admin\/#author"},"image":{"@type":"ImageObject","url":487494,"@id":"https:\/\/www.eldigitaldeasturias.com\/noticias\/la-oposicion-ucraniana-creara-unidades-de-autodefensa-popular-en-todo-el-pais\/#mainImage"},"primaryImageOfPage":{"@id":"https:\/\/www.eldigitaldeasturias.com\/noticias\/la-oposicion-ucraniana-creara-unidades-de-autodefensa-popular-en-todo-el-pais\/#mainImage"},"datePublished":"2014-02-09T22:18:27+01:00","dateModified":"2014-02-09T22:18:27+01:00"},{"@type":"WebSite","@id":"https:\/\/www.eldigitaldeasturias.com\/noticias\/#website","url":"https:\/\/www.eldigitaldeasturias.com\/noticias\/","name":"El Digital de Asturias - Diario de actualidad y noticias","alternateName":"El Digital de Asturias - Diario de actualidad y noticias","description":"Hemeroteca","inLanguage":"es-ES","publisher":{"@id":"https:\/\/www.eldigitaldeasturias.com\/noticias\/#organization"}}]},"og:locale":"es_ES","og:site_name":"El Digital de Asturias","og:type":"article","og:title":"La oposici\u00f3n ucraniana crear\u00e1 unidades de autodefensa popular en todo el pa\u00eds - El Digital de Asturias","og:description":"Kiev, 9 feb (EFE).- La oposici\u00f3n ucraniana anunci\u00f3 hoy la creaci\u00f3n de unidades de autodefensa popular en todo el pa\u00eds durante un multitudinario mitin de protesta convocado tras la reuni\u00f3n mantenida entre el presidente, V\u00edktor Yanuk\u00f3vich, y el l\u00edder ruso, Vlad\u00edmir Putin. &quot;\u00a1Inscrib\u00edos! La autodefensa del Maid\u00e1n es la guardia que m\u00e1s temen las autoridades.","og:url":"https:\/\/www.eldigitaldeasturias.com\/noticias\/la-oposicion-ucraniana-creara-unidades-de-autodefensa-popular-en-todo-el-pais\/","article:tag":["actualidad"],"article:published_time":"2014-02-09T23:18:27+00:00","article:modified_time":"2014-02-09T23:18:27+00:00","article:publisher":"https:\/\/facebook.com\/eldigitaldeasturias","twitter:card":"summary_large_image","twitter:title":"La oposici\u00f3n ucraniana crear\u00e1 unidades de autodefensa popular en todo el pa\u00eds - El Digital de Asturias","twitter:description":"Kiev, 9 feb (EFE).- La oposici\u00f3n ucraniana anunci\u00f3 hoy la creaci\u00f3n de unidades de autodefensa popular en todo el pa\u00eds durante un multitudinario mitin de protesta convocado tras la reuni\u00f3n mantenida entre el presidente, V\u00edktor Yanuk\u00f3vich, y el l\u00edder ruso, Vlad\u00edmir Putin. &quot;\u00a1Inscrib\u00edos! La autodefensa del Maid\u00e1n es la guardia que m\u00e1s temen las autoridades.","twitter:label1":"Escrito por","twitter:data1":"El Digital de Asturias","twitter:label2":"Tiempo de lectura estimado","twitter:data2":"4 minutos"},"aioseo_meta_data":{"post_id":"487493","title":null,"description":null,"keywords":null,"keyphrases":null,"primary_term":null,"canonical_url":null,"og_title":null,"og_description":null,"og_object_type":"default","og_image_type":"default","og_image_url":null,"og_image_width":null,"og_image_height":null,"og_image_custom_url":null,"og_image_custom_fields":null,"og_video":null,"og_custom_url":null,"og_article_section":null,"og_article_tags":null,"twitter_use_og":true,"twitter_card":"default","twitter_image_type":"default","twitter_image_url":null,"twitter_image_custom_url":null,"twitter_image_custom_fields":null,"twitter_title":null,"twitter_description":null,"schema":{"blockGraphs":[],"customGraphs":[],"default":{"data":{"Article":[],"Course":[],"Dataset":[],"FAQPage":[],"Movie":[],"Person":[],"Product":[],"ProductReview":[],"Car":[],"Recipe":[],"Service":[],"SoftwareApplication":[],"WebPage":[]},"graphName":"","isEnabled":true},"graphs":[],"defaultGraph":"","defaultPostTypeGraph":""},"schema_type":null,"schema_type_options":null,"pillar_content":false,"robots_default":true,"robots_noindex":false,"robots_noarchive":false,"robots_nosnippet":false,"robots_nofollow":false,"robots_noimageindex":false,"robots_noodp":false,"robots_notranslate":false,"robots_max_snippet":null,"robots_max_videopreview":null,"robots_max_imagepreview":"none","priority":null,"frequency":null,"local_seo":null,"seo_analyzer_scan_date":"2026-06-03 04:55:46","breadcrumb_settings":null,"limit_modified_date":false,"open_ai":null,"ai":null,"created":"2020-11-14 22:56:26","updated":"2026-06-03 04:55:46","focus_keyword":null,"additional_keywords":null,"truseo_locale":null},"aioseo_breadcrumb":"<div class=\"aioseo-breadcrumbs\"><span class=\"aioseo-breadcrumb\">\n\t<a href=\"https:\/\/www.eldigitaldeasturias.com\/noticias\" title=\"Home\">Home<\/a>\n<\/span><span class=\"aioseo-breadcrumb-separator\">\u2013<\/span><span class=\"aioseo-breadcrumb\">\n\t<a href=\"https:\/\/www.eldigitaldeasturias.com\/noticias\/category\/actualidad\/\" title=\"Actualidad\">Actualidad<\/a>\n<\/span><span class=\"aioseo-breadcrumb-separator\">\u2013<\/span><span class=\"aioseo-breadcrumb\">\n\t<a href=\"https:\/\/www.eldigitaldeasturias.com\/noticias\/la-oposicion-ucraniana-creara-unidades-de-autodefensa-popular-en-todo-el-pais\/\" title=\"La oposici\u00f3n ucraniana crear\u00e1 unidades de autodefensa popular en todo el pa\u00eds\">La oposici\u00f3n ucraniana crear\u00e1 unidades de autodefensa popular en todo el pa\u00eds<\/a>\n<\/span><\/div>","aioseo_breadcrumb_json":[{"label":"Home","link":"https:\/\/www.eldigitaldeasturias.com\/noticias"},{"label":"Actualidad","link":"https:\/\/www.eldigitaldeasturias.com\/noticias\/category\/actualidad\/"},{"label":"La oposici\u00f3n ucraniana crear\u00e1 unidades de autodefensa popular en todo el pa\u00eds","link":"https:\/\/www.eldigitaldeasturias.com\/noticias\/la-oposicion-ucraniana-creara-unidades-de-autodefensa-popular-en-todo-el-pais\/"}],"_links":{"self":[{"href":"https:\/\/www.eldigitaldeasturias.com\/noticias\/wp-json\/wp\/v2\/posts\/487493","targetHints":{"allow":["GET"]}}],"collection":[{"href":"https:\/\/www.eldigitaldeasturias.com\/noticias\/wp-json\/wp\/v2\/posts"}],"about":[{"href":"https:\/\/www.eldigitaldeasturias.com\/noticias\/wp-json\/wp\/v2\/types\/post"}],"author":[{"embeddable":true,"href":"https:\/\/www.eldigitaldeasturias.com\/noticias\/wp-json\/wp\/v2\/users\/1"}],"replies":[{"embeddable":true,"href":"https:\/\/www.eldigitaldeasturias.com\/noticias\/wp-json\/wp\/v2\/comments?post=487493"}],"version-history":[{"count":0,"href":"https:\/\/www.eldigitaldeasturias.com\/noticias\/wp-json\/wp\/v2\/posts\/487493\/revisions"}],"wp:attachment":[{"href":"https:\/\/www.eldigitaldeasturias.com\/noticias\/wp-json\/wp\/v2\/media?parent=487493"}],"wp:term":[{"taxonomy":"category","embeddable":true,"href":"https:\/\/www.eldigitaldeasturias.com\/noticias\/wp-json\/wp\/v2\/categories?post=487493"},{"taxonomy":"post_tag","embeddable":true,"href":"https:\/\/www.eldigitaldeasturias.com\/noticias\/wp-json\/wp\/v2\/tags?post=487493"}],"curies":[{"name":"wp","href":"https:\/\/api.w.org\/{rel}","templated":true}]}}