{"id":487481,"date":"2014-02-09T22:09:09","date_gmt":"2014-02-09T23:09:09","guid":{"rendered":"http:\/\/www.eldigitaldeasturias.com\/noticias\/?p=487481"},"modified":"2014-02-09T22:09:09","modified_gmt":"2014-02-09T23:09:09","slug":"el-oiea-confirma-que-iran-cumple-lo-acordado-y-detalla-siete-nuevas-medidas","status":"publish","type":"post","link":"https:\/\/www.eldigitaldeasturias.com\/noticias\/el-oiea-confirma-que-iran-cumple-lo-acordado-y-detalla-siete-nuevas-medidas\/","title":{"rendered":"El OIEA confirma que Ir\u00e1n cumple lo acordado y detalla siete nuevas medidas"},"content":{"rendered":"<p><img loading=\"lazy\" decoding=\"async\" class=\"alignleft size-medium wp-image-487482\" alt=\"5925137w\" src=\"https:\/\/www.eldigitaldeasturias.com\/noticias\/wp-content\/uploads\/2014\/02\/5925137w-360x256.jpg\" width=\"360\" height=\"256\" \/>Viena, 9 feb (EFE).- El OIEA confirm\u00f3 hoy, tras dos d\u00edas de negociaciones con las autoridades de Teher\u00e1n, que Ir\u00e1n ha cumplido las seis medidas de cooperaci\u00f3n pactadas el a\u00f1o pasado, al tiempo que anunci\u00f3 siete nuevos pasos que la Rep\u00fablica Isl\u00e1mica debe tomar de aqu\u00ed al 15 de mayo.<\/p>\n<p>\u00abIr\u00e1n ha aplicado las medidas pr\u00e1cticas que estaban inicialmente previstas\u00bb, indica el Organismo Internacional de Energ\u00eda At\u00f3mica (OIEA) en un comunicado emitido en Viena.<\/p>\n<p>Las partes han mantenido, entre ayer y hoy, lo que el OIEA califica como \u00abreuniones t\u00e9cnicas constructivas en el marco de la cooperaci\u00f3n acordada el pasado (11 de) noviembre\u00bb.<\/p>\n<p>Las dos partes \u00abrevisaron el progreso en la aplicaci\u00f3n de seis medidas pr\u00e1cticas acordadas hace tres meses\u00bb, se\u00f1ala el comunicado, que apunta que las siete nueve medidas pactadas incluyen entregar informaci\u00f3n \u00abmutuamente acordada\u00bb y \u00abacceso controlado\u00bb a la mina de uranio Saghand, situada en Yazd, en el centro de Ir\u00e1n.<\/p>\n<p>Adem\u00e1s, los iran\u00edes entregar\u00e1n al OIEA m\u00e1s informaci\u00f3n y acceso a la planta de concentraci\u00f3n de Ardakan, una instalaci\u00f3n de procesamiento de \u00f3xido de uranio, conocido como \u00abtorta amarilla\u00bb.<\/p>\n<p>Por otra parte, Ir\u00e1n deber\u00e1 presentar una versi\u00f3n actualizada del cuestionario sobre la informaci\u00f3n de dise\u00f1o del reactor de agua pesada de Arak.<\/p>\n<p>Esa planta, que a\u00fan no est\u00e1 en funcionamiento, es especialmente delicada porque tiene la capacidad de producir plutonio, un material que se puede utilizar para fabricaci\u00f3n de bombas nucleares.<\/p>\n<p>En ese sentido, el OIEA e Ir\u00e1n acordaron que se tomen las medidas necesarias para concluir un acuerdo de salvaguardas (controles) para el reactor de Arak.<\/p>\n<p>Ir\u00e1n deber\u00e1 ofrecer informaci\u00f3n y organizar una visita t\u00e9cnica del OIEA al laboratorio Lashkar Abad, un centro cient\u00edfico con capacidad para enriquecer uranio con tecnolog\u00eda l\u00e1ser.<\/p>\n<p>Asimismo, la Rep\u00fablica Isl\u00e1mica deber\u00e1 ofrecer informaci\u00f3n sobre materiales fisibles que a\u00fan no tienen ni la composici\u00f3n ni la pureza necesaria para fabricar combustible nuclear.<\/p>\n<p>Eso incluye materiales importados o procedentes de extracciones de uranio de fosfatos.<\/p>\n<p>Finalmente, el acuerdo apunta que Ir\u00e1n informe y d\u00e9 explicaciones sobre la necesidad y la aplicaci\u00f3n del desarrollo de ciertos explosivos utilizados como detonadores especiales.<\/p>\n<p>El equipo negociador del OIEA, liderado por el director adjunto de salvaguardas del organismo, el finland\u00e9s Tero Varjoranta, tiene previsto llegara ma\u00f1ana a primera hora a Viena.<\/p>\n<p>Este proceso negociador entre Ir\u00e1n y el OIEA se produce de forma paralela a los contactos entre Teher\u00e1n y el Grupo 5+1, compuesto por los cinco miembros permanentes del Consejo de Seguridad de la ONU m\u00e1s Alemania.<\/p>\n<p>Ese di\u00e1logo multilateral condujo en noviembre a la firma de un acuerdo nuclear interino, seg\u00fan el cual Estados Unidos y la Uni\u00f3n Europea levantan algunas sanciones impuestas a Ir\u00e1n a cambio de que la Rep\u00fablica Isl\u00e1mica suspenda ciertas actividades nucleares.<\/p>\n<p>Despu\u00e9s de que ambas partes dieran los pasos iniciales, el acuerdo entr\u00f3 en vigor el pasado 20 de enero y la pr\u00f3xima reuni\u00f3n del di\u00e1logo multilateral se ha fijado para el 18 de febrero en Viena.<\/p>\n<p>Ese encuentro, del que no se esperan resultados concretos a\u00fan, ser\u00e1 el primero en el per\u00edodo transitorio de seis meses en el que Ir\u00e1n y el P5+1 se han propuesto llegar a un acuerdo general m\u00e1s amplio, que ponga fin al conflicto nuclear que dura una d\u00e9cada.<\/p>\n","protected":false},"excerpt":{"rendered":"<p>Viena, 9 feb (EFE).- El OIEA confirm\u00f3 hoy, tras dos d\u00edas de negociaciones con las autoridades de Teher\u00e1n, que Ir\u00e1n ha cumplido las seis medidas de cooperaci\u00f3n pactadas el a\u00f1o pasado, al tiempo que anunci\u00f3 siete nuevos pasos que la Rep\u00fablica Isl\u00e1mica debe tomar de aqu\u00ed al 15 de mayo. \u00abIr\u00e1n ha aplicado las medidas [&hellip;]<\/p>\n","protected":false},"author":1,"featured_media":487482,"comment_status":"open","ping_status":"open","sticky":false,"template":"","format":"standard","meta":{"footnotes":""},"categories":[1],"tags":[],"class_list":["post-487481","post","type-post","status-publish","format-standard","has-post-thumbnail","hentry","category-actualidad"],"aioseo_notices":[],"aioseo_head":"\n\t\t<!-- All in One SEO Pro 5.0.1 - aioseo.com -->\n\t<meta name=\"description\" content=\"Viena, 9 feb (EFE).- El OIEA confirm\u00f3 hoy, tras dos d\u00edas de negociaciones con las autoridades de Teher\u00e1n, que Ir\u00e1n ha cumplido las seis medidas de cooperaci\u00f3n pactadas el a\u00f1o pasado, al tiempo que anunci\u00f3 siete nuevos pasos que la Rep\u00fablica Isl\u00e1mica debe tomar de aqu\u00ed al 15 de mayo. &quot;Ir\u00e1n ha aplicado las medidas\" \/>\n\t<meta name=\"robots\" content=\"max-image-preview:large\" \/>\n\t<meta name=\"author\" content=\"El Digital de Asturias\"\/>\n\t<meta name=\"google-site-verification\" content=\"UA-38556648-1\" \/>\n\t<meta name=\"msvalidate.01\" content=\"7dfe9f3f1b24437ab69f4f2559babe99\" \/>\n\t<meta name=\"keywords\" content=\"actualidad\" \/>\n\t<link rel=\"canonical\" href=\"https:\/\/www.eldigitaldeasturias.com\/noticias\/el-oiea-confirma-que-iran-cumple-lo-acordado-y-detalla-siete-nuevas-medidas\/\" \/>\n\t<meta name=\"generator\" content=\"All in One SEO Pro (AIOSEO) 5.0.1\" \/>\n\t\t<meta property=\"og:locale\" content=\"es_ES\" \/>\n\t\t<meta property=\"og:site_name\" content=\"El Digital de Asturias\" \/>\n\t\t<meta property=\"og:type\" content=\"article\" \/>\n\t\t<meta property=\"og:title\" content=\"El OIEA confirma que Ir\u00e1n cumple lo acordado y detalla siete nuevas medidas - El Digital de Asturias\" \/>\n\t\t<meta property=\"og:description\" content=\"Viena, 9 feb (EFE).- El OIEA confirm\u00f3 hoy, tras dos d\u00edas de negociaciones con las autoridades de Teher\u00e1n, que Ir\u00e1n ha cumplido las seis medidas de cooperaci\u00f3n pactadas el a\u00f1o pasado, al tiempo que anunci\u00f3 siete nuevos pasos que la Rep\u00fablica Isl\u00e1mica debe tomar de aqu\u00ed al 15 de mayo. &quot;Ir\u00e1n ha aplicado las medidas\" \/>\n\t\t<meta property=\"og:url\" content=\"https:\/\/www.eldigitaldeasturias.com\/noticias\/el-oiea-confirma-que-iran-cumple-lo-acordado-y-detalla-siete-nuevas-medidas\/\" \/>\n\t\t<meta property=\"article:tag\" content=\"actualidad\" \/>\n\t\t<meta property=\"article:published_time\" content=\"2014-02-09T23:09:09+00:00\" \/>\n\t\t<meta property=\"article:modified_time\" content=\"2014-02-09T23:09:09+00:00\" \/>\n\t\t<meta property=\"article:publisher\" content=\"https:\/\/facebook.com\/eldigitaldeasturias\" \/>\n\t\t<meta name=\"twitter:card\" content=\"summary_large_image\" \/>\n\t\t<meta name=\"twitter:title\" content=\"El OIEA confirma que Ir\u00e1n cumple lo acordado y detalla siete nuevas medidas - El Digital de Asturias\" \/>\n\t\t<meta name=\"twitter:description\" content=\"Viena, 9 feb (EFE).- El OIEA confirm\u00f3 hoy, tras dos d\u00edas de negociaciones con las autoridades de Teher\u00e1n, que Ir\u00e1n ha cumplido las seis medidas de cooperaci\u00f3n pactadas el a\u00f1o pasado, al tiempo que anunci\u00f3 siete nuevos pasos que la Rep\u00fablica Isl\u00e1mica debe tomar de aqu\u00ed al 15 de mayo. &quot;Ir\u00e1n ha aplicado las medidas\" \/>\n\t\t<meta name=\"twitter:label1\" content=\"Escrito por\" \/>\n\t\t<meta name=\"twitter:data1\" content=\"El Digital de Asturias\" \/>\n\t\t<meta name=\"twitter:label2\" content=\"Tiempo de lectura estimado\" \/>\n\t\t<meta name=\"twitter:data2\" content=\"3 minutos\" \/>\n\t\t<script type=\"application\/ld+json\" class=\"aioseo-schema\">\n\t\t\t{\"@context\":\"https:\\\/\\\/schema.org\",\"@graph\":[{\"@type\":\"BlogPosting\",\"@id\":\"https:\\\/\\\/www.eldigitaldeasturias.com\\\/noticias\\\/el-oiea-confirma-que-iran-cumple-lo-acordado-y-detalla-siete-nuevas-medidas\\\/#blogposting\",\"name\":\"El OIEA confirma que Ir\\u00e1n cumple lo acordado y detalla siete nuevas medidas - El Digital de Asturias\",\"headline\":\"El OIEA confirma que Ir\\u00e1n cumple lo acordado y detalla siete nuevas medidas\",\"author\":{\"@id\":\"https:\\\/\\\/www.eldigitaldeasturias.com\\\/noticias\\\/author\\\/admin\\\/#author\"},\"publisher\":{\"@id\":\"https:\\\/\\\/www.eldigitaldeasturias.com\\\/noticias\\\/#organization\"},\"image\":{\"@type\":\"ImageObject\",\"url\":487482},\"datePublished\":\"2014-02-09T22:09:09+01:00\",\"dateModified\":\"2014-02-09T22:09:09+01:00\",\"inLanguage\":\"es-ES\",\"mainEntityOfPage\":{\"@id\":\"https:\\\/\\\/www.eldigitaldeasturias.com\\\/noticias\\\/el-oiea-confirma-que-iran-cumple-lo-acordado-y-detalla-siete-nuevas-medidas\\\/#webpage\"},\"isPartOf\":{\"@id\":\"https:\\\/\\\/www.eldigitaldeasturias.com\\\/noticias\\\/el-oiea-confirma-que-iran-cumple-lo-acordado-y-detalla-siete-nuevas-medidas\\\/#webpage\"},\"articleSection\":\"Actualidad\"},{\"@type\":\"BreadcrumbList\",\"@id\":\"https:\\\/\\\/www.eldigitaldeasturias.com\\\/noticias\\\/el-oiea-confirma-que-iran-cumple-lo-acordado-y-detalla-siete-nuevas-medidas\\\/#breadcrumblist\",\"itemListElement\":[{\"@type\":\"ListItem\",\"@id\":\"https:\\\/\\\/www.eldigitaldeasturias.com\\\/noticias#listItem\",\"position\":1,\"name\":\"Home\",\"item\":\"https:\\\/\\\/www.eldigitaldeasturias.com\\\/noticias\",\"nextItem\":{\"@type\":\"ListItem\",\"@id\":\"https:\\\/\\\/www.eldigitaldeasturias.com\\\/noticias\\\/category\\\/actualidad\\\/#listItem\",\"name\":\"Actualidad\"}},{\"@type\":\"ListItem\",\"@id\":\"https:\\\/\\\/www.eldigitaldeasturias.com\\\/noticias\\\/category\\\/actualidad\\\/#listItem\",\"position\":2,\"name\":\"Actualidad\",\"item\":\"https:\\\/\\\/www.eldigitaldeasturias.com\\\/noticias\\\/category\\\/actualidad\\\/\",\"nextItem\":{\"@type\":\"ListItem\",\"@id\":\"https:\\\/\\\/www.eldigitaldeasturias.com\\\/noticias\\\/el-oiea-confirma-que-iran-cumple-lo-acordado-y-detalla-siete-nuevas-medidas\\\/#listItem\",\"name\":\"El OIEA confirma que Ir\\u00e1n cumple lo acordado y detalla siete nuevas medidas\"},\"previousItem\":{\"@type\":\"ListItem\",\"@id\":\"https:\\\/\\\/www.eldigitaldeasturias.com\\\/noticias#listItem\",\"name\":\"Home\"}},{\"@type\":\"ListItem\",\"@id\":\"https:\\\/\\\/www.eldigitaldeasturias.com\\\/noticias\\\/el-oiea-confirma-que-iran-cumple-lo-acordado-y-detalla-siete-nuevas-medidas\\\/#listItem\",\"position\":3,\"name\":\"El OIEA confirma que Ir\\u00e1n cumple lo acordado y detalla siete nuevas medidas\",\"previousItem\":{\"@type\":\"ListItem\",\"@id\":\"https:\\\/\\\/www.eldigitaldeasturias.com\\\/noticias\\\/category\\\/actualidad\\\/#listItem\",\"name\":\"Actualidad\"}}]},{\"@type\":\"Organization\",\"@id\":\"https:\\\/\\\/www.eldigitaldeasturias.com\\\/noticias\\\/#organization\",\"name\":\"El Digital de Asturias\",\"description\":\"Hemeroteca\",\"url\":\"https:\\\/\\\/www.eldigitaldeasturias.com\\\/noticias\\\/\",\"email\":\"info@eldigitaldeasturias.com\",\"telephone\":\"+34652131393\",\"logo\":{\"@type\":\"ImageObject\",\"url\":\"https:\\\/\\\/www.eldigitaldeasturias.com\\\/noticias\\\/wp-content\\\/uploads\\\/2020\\\/12\\\/EDA.jpg\",\"@id\":\"https:\\\/\\\/www.eldigitaldeasturias.com\\\/noticias\\\/el-oiea-confirma-que-iran-cumple-lo-acordado-y-detalla-siete-nuevas-medidas\\\/#organizationLogo\"},\"image\":{\"@id\":\"https:\\\/\\\/www.eldigitaldeasturias.com\\\/noticias\\\/el-oiea-confirma-que-iran-cumple-lo-acordado-y-detalla-siete-nuevas-medidas\\\/#organizationLogo\"},\"sameAs\":[\"https:\\\/\\\/facebook.com\\\/eldigitaldeasturias\",\"https:\\\/\\\/www.youtube.com\\\/channel\\\/UCZP-2wLEB9Rv6erhFmqVnvg\"],\"address\":{\"@id\":\"https:\\\/\\\/www.eldigitaldeasturias.com\\\/noticias\\\/#postaladdress\",\"@type\":\"PostalAddress\",\"streetAddress\":\"san antonio 4\",\"postalCode\":\"33430\",\"addressLocality\":\"Cand\\u00e1s\",\"addressRegion\":\"Asturias\",\"addressCountry\":\"ES\"}},{\"@type\":\"Person\",\"@id\":\"https:\\\/\\\/www.eldigitaldeasturias.com\\\/noticias\\\/author\\\/admin\\\/#author\",\"url\":\"https:\\\/\\\/www.eldigitaldeasturias.com\\\/noticias\\\/author\\\/admin\\\/\",\"name\":\"El Digital de Asturias\",\"image\":{\"@type\":\"ImageObject\",\"@id\":\"https:\\\/\\\/www.eldigitaldeasturias.com\\\/noticias\\\/el-oiea-confirma-que-iran-cumple-lo-acordado-y-detalla-siete-nuevas-medidas\\\/#authorImage\",\"url\":\"https:\\\/\\\/secure.gravatar.com\\\/avatar\\\/df2aeffc32bcd13f8d26072ef8a91b623d677766deac7f97ca815868cd41bf5e?s=96&d=mm&r=g\",\"width\":96,\"height\":96,\"caption\":\"El Digital de Asturias\"}},{\"@type\":\"WebPage\",\"@id\":\"https:\\\/\\\/www.eldigitaldeasturias.com\\\/noticias\\\/el-oiea-confirma-que-iran-cumple-lo-acordado-y-detalla-siete-nuevas-medidas\\\/#webpage\",\"url\":\"https:\\\/\\\/www.eldigitaldeasturias.com\\\/noticias\\\/el-oiea-confirma-que-iran-cumple-lo-acordado-y-detalla-siete-nuevas-medidas\\\/\",\"name\":\"El OIEA confirma que Ir\\u00e1n cumple lo acordado y detalla siete nuevas medidas - El Digital de Asturias\",\"description\":\"Viena, 9 feb (EFE).- El OIEA confirm\\u00f3 hoy, tras dos d\\u00edas de negociaciones con las autoridades de Teher\\u00e1n, que Ir\\u00e1n ha cumplido las seis medidas de cooperaci\\u00f3n pactadas el a\\u00f1o pasado, al tiempo que anunci\\u00f3 siete nuevos pasos que la Rep\\u00fablica Isl\\u00e1mica debe tomar de aqu\\u00ed al 15 de mayo. \\\"Ir\\u00e1n ha aplicado las medidas\",\"inLanguage\":\"es-ES\",\"isPartOf\":{\"@id\":\"https:\\\/\\\/www.eldigitaldeasturias.com\\\/noticias\\\/#website\"},\"breadcrumb\":{\"@id\":\"https:\\\/\\\/www.eldigitaldeasturias.com\\\/noticias\\\/el-oiea-confirma-que-iran-cumple-lo-acordado-y-detalla-siete-nuevas-medidas\\\/#breadcrumblist\"},\"author\":{\"@id\":\"https:\\\/\\\/www.eldigitaldeasturias.com\\\/noticias\\\/author\\\/admin\\\/#author\"},\"creator\":{\"@id\":\"https:\\\/\\\/www.eldigitaldeasturias.com\\\/noticias\\\/author\\\/admin\\\/#author\"},\"image\":{\"@type\":\"ImageObject\",\"url\":487482,\"@id\":\"https:\\\/\\\/www.eldigitaldeasturias.com\\\/noticias\\\/el-oiea-confirma-que-iran-cumple-lo-acordado-y-detalla-siete-nuevas-medidas\\\/#mainImage\"},\"primaryImageOfPage\":{\"@id\":\"https:\\\/\\\/www.eldigitaldeasturias.com\\\/noticias\\\/el-oiea-confirma-que-iran-cumple-lo-acordado-y-detalla-siete-nuevas-medidas\\\/#mainImage\"},\"datePublished\":\"2014-02-09T22:09:09+01:00\",\"dateModified\":\"2014-02-09T22:09:09+01:00\"},{\"@type\":\"WebSite\",\"@id\":\"https:\\\/\\\/www.eldigitaldeasturias.com\\\/noticias\\\/#website\",\"url\":\"https:\\\/\\\/www.eldigitaldeasturias.com\\\/noticias\\\/\",\"name\":\"El Digital de Asturias - Diario de actualidad y noticias\",\"alternateName\":\"El Digital de Asturias - Diario de actualidad y noticias\",\"description\":\"Hemeroteca\",\"inLanguage\":\"es-ES\",\"publisher\":{\"@id\":\"https:\\\/\\\/www.eldigitaldeasturias.com\\\/noticias\\\/#organization\"}}]}\n\t\t<\/script>\n\t\t<!-- All in One SEO Pro -->\r\n\t\t<title>El OIEA confirma que Ir\u00e1n cumple lo acordado y detalla siete nuevas medidas - El Digital de Asturias<\/title>\n\n","aioseo_head_json":{"title":"El OIEA confirma que Ir\u00e1n cumple lo acordado y detalla siete nuevas medidas - El Digital de Asturias","description":"Viena, 9 feb (EFE).- El OIEA confirm\u00f3 hoy, tras dos d\u00edas de negociaciones con las autoridades de Teher\u00e1n, que Ir\u00e1n ha cumplido las seis medidas de cooperaci\u00f3n pactadas el a\u00f1o pasado, al tiempo que anunci\u00f3 siete nuevos pasos que la Rep\u00fablica Isl\u00e1mica debe tomar de aqu\u00ed al 15 de mayo. \"Ir\u00e1n ha aplicado las medidas","canonical_url":"https:\/\/www.eldigitaldeasturias.com\/noticias\/el-oiea-confirma-que-iran-cumple-lo-acordado-y-detalla-siete-nuevas-medidas\/","robots":"max-image-preview:large","keywords":"actualidad","webmasterTools":{"google-site-verification":"UA-38556648-1","msvalidate.01":"7dfe9f3f1b24437ab69f4f2559babe99","miscellaneous":""},"schema":{"@context":"https:\/\/schema.org","@graph":[{"@type":"BlogPosting","@id":"https:\/\/www.eldigitaldeasturias.com\/noticias\/el-oiea-confirma-que-iran-cumple-lo-acordado-y-detalla-siete-nuevas-medidas\/#blogposting","name":"El OIEA confirma que Ir\u00e1n cumple lo acordado y detalla siete nuevas medidas - El Digital de Asturias","headline":"El OIEA confirma que Ir\u00e1n cumple lo acordado y detalla siete nuevas medidas","author":{"@id":"https:\/\/www.eldigitaldeasturias.com\/noticias\/author\/admin\/#author"},"publisher":{"@id":"https:\/\/www.eldigitaldeasturias.com\/noticias\/#organization"},"image":{"@type":"ImageObject","url":487482},"datePublished":"2014-02-09T22:09:09+01:00","dateModified":"2014-02-09T22:09:09+01:00","inLanguage":"es-ES","mainEntityOfPage":{"@id":"https:\/\/www.eldigitaldeasturias.com\/noticias\/el-oiea-confirma-que-iran-cumple-lo-acordado-y-detalla-siete-nuevas-medidas\/#webpage"},"isPartOf":{"@id":"https:\/\/www.eldigitaldeasturias.com\/noticias\/el-oiea-confirma-que-iran-cumple-lo-acordado-y-detalla-siete-nuevas-medidas\/#webpage"},"articleSection":"Actualidad"},{"@type":"BreadcrumbList","@id":"https:\/\/www.eldigitaldeasturias.com\/noticias\/el-oiea-confirma-que-iran-cumple-lo-acordado-y-detalla-siete-nuevas-medidas\/#breadcrumblist","itemListElement":[{"@type":"ListItem","@id":"https:\/\/www.eldigitaldeasturias.com\/noticias#listItem","position":1,"name":"Home","item":"https:\/\/www.eldigitaldeasturias.com\/noticias","nextItem":{"@type":"ListItem","@id":"https:\/\/www.eldigitaldeasturias.com\/noticias\/category\/actualidad\/#listItem","name":"Actualidad"}},{"@type":"ListItem","@id":"https:\/\/www.eldigitaldeasturias.com\/noticias\/category\/actualidad\/#listItem","position":2,"name":"Actualidad","item":"https:\/\/www.eldigitaldeasturias.com\/noticias\/category\/actualidad\/","nextItem":{"@type":"ListItem","@id":"https:\/\/www.eldigitaldeasturias.com\/noticias\/el-oiea-confirma-que-iran-cumple-lo-acordado-y-detalla-siete-nuevas-medidas\/#listItem","name":"El OIEA confirma que Ir\u00e1n cumple lo acordado y detalla siete nuevas medidas"},"previousItem":{"@type":"ListItem","@id":"https:\/\/www.eldigitaldeasturias.com\/noticias#listItem","name":"Home"}},{"@type":"ListItem","@id":"https:\/\/www.eldigitaldeasturias.com\/noticias\/el-oiea-confirma-que-iran-cumple-lo-acordado-y-detalla-siete-nuevas-medidas\/#listItem","position":3,"name":"El OIEA confirma que Ir\u00e1n cumple lo acordado y detalla siete nuevas medidas","previousItem":{"@type":"ListItem","@id":"https:\/\/www.eldigitaldeasturias.com\/noticias\/category\/actualidad\/#listItem","name":"Actualidad"}}]},{"@type":"Organization","@id":"https:\/\/www.eldigitaldeasturias.com\/noticias\/#organization","name":"El Digital de Asturias","description":"Hemeroteca","url":"https:\/\/www.eldigitaldeasturias.com\/noticias\/","email":"info@eldigitaldeasturias.com","telephone":"+34652131393","logo":{"@type":"ImageObject","url":"https:\/\/www.eldigitaldeasturias.com\/noticias\/wp-content\/uploads\/2020\/12\/EDA.jpg","@id":"https:\/\/www.eldigitaldeasturias.com\/noticias\/el-oiea-confirma-que-iran-cumple-lo-acordado-y-detalla-siete-nuevas-medidas\/#organizationLogo"},"image":{"@id":"https:\/\/www.eldigitaldeasturias.com\/noticias\/el-oiea-confirma-que-iran-cumple-lo-acordado-y-detalla-siete-nuevas-medidas\/#organizationLogo"},"sameAs":["https:\/\/facebook.com\/eldigitaldeasturias","https:\/\/www.youtube.com\/channel\/UCZP-2wLEB9Rv6erhFmqVnvg"],"address":{"@id":"https:\/\/www.eldigitaldeasturias.com\/noticias\/#postaladdress","@type":"PostalAddress","streetAddress":"san antonio 4","postalCode":"33430","addressLocality":"Cand\u00e1s","addressRegion":"Asturias","addressCountry":"ES"}},{"@type":"Person","@id":"https:\/\/www.eldigitaldeasturias.com\/noticias\/author\/admin\/#author","url":"https:\/\/www.eldigitaldeasturias.com\/noticias\/author\/admin\/","name":"El Digital de Asturias","image":{"@type":"ImageObject","@id":"https:\/\/www.eldigitaldeasturias.com\/noticias\/el-oiea-confirma-que-iran-cumple-lo-acordado-y-detalla-siete-nuevas-medidas\/#authorImage","url":"https:\/\/secure.gravatar.com\/avatar\/df2aeffc32bcd13f8d26072ef8a91b623d677766deac7f97ca815868cd41bf5e?s=96&d=mm&r=g","width":96,"height":96,"caption":"El Digital de Asturias"}},{"@type":"WebPage","@id":"https:\/\/www.eldigitaldeasturias.com\/noticias\/el-oiea-confirma-que-iran-cumple-lo-acordado-y-detalla-siete-nuevas-medidas\/#webpage","url":"https:\/\/www.eldigitaldeasturias.com\/noticias\/el-oiea-confirma-que-iran-cumple-lo-acordado-y-detalla-siete-nuevas-medidas\/","name":"El OIEA confirma que Ir\u00e1n cumple lo acordado y detalla siete nuevas medidas - El Digital de Asturias","description":"Viena, 9 feb (EFE).- El OIEA confirm\u00f3 hoy, tras dos d\u00edas de negociaciones con las autoridades de Teher\u00e1n, que Ir\u00e1n ha cumplido las seis medidas de cooperaci\u00f3n pactadas el a\u00f1o pasado, al tiempo que anunci\u00f3 siete nuevos pasos que la Rep\u00fablica Isl\u00e1mica debe tomar de aqu\u00ed al 15 de mayo. \"Ir\u00e1n ha aplicado las medidas","inLanguage":"es-ES","isPartOf":{"@id":"https:\/\/www.eldigitaldeasturias.com\/noticias\/#website"},"breadcrumb":{"@id":"https:\/\/www.eldigitaldeasturias.com\/noticias\/el-oiea-confirma-que-iran-cumple-lo-acordado-y-detalla-siete-nuevas-medidas\/#breadcrumblist"},"author":{"@id":"https:\/\/www.eldigitaldeasturias.com\/noticias\/author\/admin\/#author"},"creator":{"@id":"https:\/\/www.eldigitaldeasturias.com\/noticias\/author\/admin\/#author"},"image":{"@type":"ImageObject","url":487482,"@id":"https:\/\/www.eldigitaldeasturias.com\/noticias\/el-oiea-confirma-que-iran-cumple-lo-acordado-y-detalla-siete-nuevas-medidas\/#mainImage"},"primaryImageOfPage":{"@id":"https:\/\/www.eldigitaldeasturias.com\/noticias\/el-oiea-confirma-que-iran-cumple-lo-acordado-y-detalla-siete-nuevas-medidas\/#mainImage"},"datePublished":"2014-02-09T22:09:09+01:00","dateModified":"2014-02-09T22:09:09+01:00"},{"@type":"WebSite","@id":"https:\/\/www.eldigitaldeasturias.com\/noticias\/#website","url":"https:\/\/www.eldigitaldeasturias.com\/noticias\/","name":"El Digital de Asturias - Diario de actualidad y noticias","alternateName":"El Digital de Asturias - Diario de actualidad y noticias","description":"Hemeroteca","inLanguage":"es-ES","publisher":{"@id":"https:\/\/www.eldigitaldeasturias.com\/noticias\/#organization"}}]},"og:locale":"es_ES","og:site_name":"El Digital de Asturias","og:type":"article","og:title":"El OIEA confirma que Ir\u00e1n cumple lo acordado y detalla siete nuevas medidas - El Digital de Asturias","og:description":"Viena, 9 feb (EFE).- El OIEA confirm\u00f3 hoy, tras dos d\u00edas de negociaciones con las autoridades de Teher\u00e1n, que Ir\u00e1n ha cumplido las seis medidas de cooperaci\u00f3n pactadas el a\u00f1o pasado, al tiempo que anunci\u00f3 siete nuevos pasos que la Rep\u00fablica Isl\u00e1mica debe tomar de aqu\u00ed al 15 de mayo. &quot;Ir\u00e1n ha aplicado las medidas","og:url":"https:\/\/www.eldigitaldeasturias.com\/noticias\/el-oiea-confirma-que-iran-cumple-lo-acordado-y-detalla-siete-nuevas-medidas\/","article:tag":["actualidad"],"article:published_time":"2014-02-09T23:09:09+00:00","article:modified_time":"2014-02-09T23:09:09+00:00","article:publisher":"https:\/\/facebook.com\/eldigitaldeasturias","twitter:card":"summary_large_image","twitter:title":"El OIEA confirma que Ir\u00e1n cumple lo acordado y detalla siete nuevas medidas - El Digital de Asturias","twitter:description":"Viena, 9 feb (EFE).- El OIEA confirm\u00f3 hoy, tras dos d\u00edas de negociaciones con las autoridades de Teher\u00e1n, que Ir\u00e1n ha cumplido las seis medidas de cooperaci\u00f3n pactadas el a\u00f1o pasado, al tiempo que anunci\u00f3 siete nuevos pasos que la Rep\u00fablica Isl\u00e1mica debe tomar de aqu\u00ed al 15 de mayo. &quot;Ir\u00e1n ha aplicado las medidas","twitter:label1":"Escrito por","twitter:data1":"El Digital de Asturias","twitter:label2":"Tiempo de lectura estimado","twitter:data2":"3 minutos"},"aioseo_meta_data":{"post_id":"487481","title":null,"description":null,"keywords":null,"keyphrases":null,"primary_term":null,"canonical_url":null,"og_title":null,"og_description":null,"og_object_type":"default","og_image_type":"default","og_image_url":null,"og_image_width":null,"og_image_height":null,"og_image_custom_url":null,"og_image_custom_fields":null,"og_video":null,"og_custom_url":null,"og_article_section":null,"og_article_tags":null,"twitter_use_og":true,"twitter_card":"default","twitter_image_type":"default","twitter_image_url":null,"twitter_image_custom_url":null,"twitter_image_custom_fields":null,"twitter_title":null,"twitter_description":null,"schema":{"blockGraphs":[],"customGraphs":[],"default":{"data":{"Article":[],"Course":[],"Dataset":[],"FAQPage":[],"Movie":[],"Person":[],"Product":[],"ProductReview":[],"Car":[],"Recipe":[],"Service":[],"SoftwareApplication":[],"WebPage":[]},"graphName":"","isEnabled":true},"graphs":[],"defaultGraph":"","defaultPostTypeGraph":""},"schema_type":null,"schema_type_options":null,"pillar_content":false,"robots_default":true,"robots_noindex":false,"robots_noarchive":false,"robots_nosnippet":false,"robots_nofollow":false,"robots_noimageindex":false,"robots_noodp":false,"robots_notranslate":false,"robots_max_snippet":null,"robots_max_videopreview":null,"robots_max_imagepreview":"none","priority":null,"frequency":null,"local_seo":null,"seo_analyzer_scan_date":"2026-06-03 04:53:49","breadcrumb_settings":null,"limit_modified_date":false,"open_ai":null,"ai":null,"created":"2020-11-14 22:56:22","updated":"2026-06-03 04:53:49","focus_keyword":null,"additional_keywords":null,"truseo_locale":null},"aioseo_breadcrumb":"<div class=\"aioseo-breadcrumbs\"><span class=\"aioseo-breadcrumb\">\n\t<a href=\"https:\/\/www.eldigitaldeasturias.com\/noticias\" title=\"Home\">Home<\/a>\n<\/span><span class=\"aioseo-breadcrumb-separator\">\u2013<\/span><span class=\"aioseo-breadcrumb\">\n\t<a href=\"https:\/\/www.eldigitaldeasturias.com\/noticias\/category\/actualidad\/\" title=\"Actualidad\">Actualidad<\/a>\n<\/span><span class=\"aioseo-breadcrumb-separator\">\u2013<\/span><span class=\"aioseo-breadcrumb\">\n\t<a href=\"https:\/\/www.eldigitaldeasturias.com\/noticias\/el-oiea-confirma-que-iran-cumple-lo-acordado-y-detalla-siete-nuevas-medidas\/\" title=\"El OIEA confirma que Ir\u00e1n cumple lo acordado y detalla siete nuevas medidas\">El OIEA confirma que Ir\u00e1n cumple lo acordado y detalla siete nuevas medidas<\/a>\n<\/span><\/div>","aioseo_breadcrumb_json":[{"label":"Home","link":"https:\/\/www.eldigitaldeasturias.com\/noticias"},{"label":"Actualidad","link":"https:\/\/www.eldigitaldeasturias.com\/noticias\/category\/actualidad\/"},{"label":"El OIEA confirma que Ir\u00e1n cumple lo acordado y detalla siete nuevas medidas","link":"https:\/\/www.eldigitaldeasturias.com\/noticias\/el-oiea-confirma-que-iran-cumple-lo-acordado-y-detalla-siete-nuevas-medidas\/"}],"_links":{"self":[{"href":"https:\/\/www.eldigitaldeasturias.com\/noticias\/wp-json\/wp\/v2\/posts\/487481","targetHints":{"allow":["GET"]}}],"collection":[{"href":"https:\/\/www.eldigitaldeasturias.com\/noticias\/wp-json\/wp\/v2\/posts"}],"about":[{"href":"https:\/\/www.eldigitaldeasturias.com\/noticias\/wp-json\/wp\/v2\/types\/post"}],"author":[{"embeddable":true,"href":"https:\/\/www.eldigitaldeasturias.com\/noticias\/wp-json\/wp\/v2\/users\/1"}],"replies":[{"embeddable":true,"href":"https:\/\/www.eldigitaldeasturias.com\/noticias\/wp-json\/wp\/v2\/comments?post=487481"}],"version-history":[{"count":0,"href":"https:\/\/www.eldigitaldeasturias.com\/noticias\/wp-json\/wp\/v2\/posts\/487481\/revisions"}],"wp:attachment":[{"href":"https:\/\/www.eldigitaldeasturias.com\/noticias\/wp-json\/wp\/v2\/media?parent=487481"}],"wp:term":[{"taxonomy":"category","embeddable":true,"href":"https:\/\/www.eldigitaldeasturias.com\/noticias\/wp-json\/wp\/v2\/categories?post=487481"},{"taxonomy":"post_tag","embeddable":true,"href":"https:\/\/www.eldigitaldeasturias.com\/noticias\/wp-json\/wp\/v2\/tags?post=487481"}],"curies":[{"name":"wp","href":"https:\/\/api.w.org\/{rel}","templated":true}]}}