{"id":487474,"date":"2014-02-09T22:06:56","date_gmt":"2014-02-09T23:06:56","guid":{"rendered":"http:\/\/www.eldigitaldeasturias.com\/noticias\/?p=487474"},"modified":"2014-02-09T22:07:19","modified_gmt":"2014-02-09T23:07:19","slug":"el-pt-brasileno-cumple-34-anos-centrado-en-la-reeleccion-de-rousseff","status":"publish","type":"post","link":"https:\/\/www.eldigitaldeasturias.com\/noticias\/el-pt-brasileno-cumple-34-anos-centrado-en-la-reeleccion-de-rousseff\/","title":{"rendered":"El PT brasile\u00f1o cumple 34 a\u00f1os centrado en la reelecci\u00f3n de Rousseff"},"content":{"rendered":"<p><img loading=\"lazy\" decoding=\"async\" class=\"alignleft size-medium wp-image-487475\" alt=\"5925831w\" src=\"https:\/\/www.eldigitaldeasturias.com\/noticias\/wp-content\/uploads\/2014\/02\/5925831w-360x221.jpg\" width=\"360\" height=\"221\" \/>Sao Paulo, 9 feb (EFE).- El oficialista Partido de los Trabajadores (PT) cumple ma\u00f1ana 34 a\u00f1os centrado en la reelecci\u00f3n de la presidenta brasile\u00f1a, Dilma Rousseff, de cara a las elecciones que se celebrar\u00e1n el pr\u00f3ximo octubre.<\/p>\n<p>Para conmemorar el aniversario de la formaci\u00f3n, el PT ha convocado un acto nacional en Sao Paulo en el que espera la presencia de m\u00e1s de 2.500 afiliados de esta formaci\u00f3n de centro izquierda, entre ellos la propia Rousseff.<\/p>\n<p>El expresidente Luiz In\u00e1cio Lula da Silva, uno de los fundadores de la formaci\u00f3n, no asistir\u00e1 al acto debido a que viaja a Nueva York para reunirse con el exmandatario estadounidense Bill Clinton, inform\u00f3 hoy el Instituto Lula.<\/p>\n<p>Seg\u00fan el presidente del PT, Rui Falc\u00e3o, la formaci\u00f3n aprovechar\u00e1 el encuentro del lunes para realizar un \u00abllamamiento a la militancia\u00bb a favor de la reelecci\u00f3n de Rousseff en los comicios de octubre, pese a que la jefa de Estado todav\u00eda no ha confirmado oficialmente si aspirar\u00e1 a su reelecci\u00f3n.<\/p>\n<p>\u00abVamos a aprovechar este momento para hacer un llamamiento a los directorios de los diferentes estados y municipales para promover debates, m\u00edtines, encuentros, fiestas y cenas para celebrar los 34 a\u00f1os de nuestro partido, los 11 a\u00f1os de la conquista de nuestro Gobierno y para transformar ese momento en una corriente nacional a favor de la reelecci\u00f3n de Dila\u00bb, afirm\u00f3 Falc\u00e3o.<\/p>\n<p>El presidente del PT, reelegido el pasado noviembre con cerca del 70 % de votos, precis\u00f3 que el acto no supone el lanzamiento de la campa\u00f1a de Rousseff, como se hab\u00eda dado a entender semanas anteriores.<\/p>\n<p>Aunque Rousseff todav\u00eda no se ha pronunciado sobre si volver\u00e1 a ser candidata del PT en las elecciones presidenciales, los sondeos apuntan que en caso de aspirar al cargo, la mandataria contar\u00eda con una intenci\u00f3n de voto que le permitir\u00eda ser reelegida sin necesidad de disputar una segunda vuelta.<\/p>\n<p>Las encuestas le otorgan a Rousseff una intenci\u00f3n de voto cercana del 50 %, mientras que ninguno de sus posibles rivales superar\u00eda el 20 %, excepto la ecologista Marina Silva, que en caso de ser candidata del Partido Socialista Brasile\u00f1o (PSB), formaci\u00f3n a la que se afili\u00f3 recientemente, alcanzar\u00eda cerca de un 25 %.<\/p>\n<p>A pesar de que Falc\u00e3o ha pedido el apoyo a Rousseff, el objetivo central del acto ser\u00e1 recordar, en la misma ciudad donde fue creada, los 34 a\u00f1os de la formaci\u00f3n.<\/p>\n<p>El PT fue fundado en un colegio de Sao Paulo el 10 de febrero de 1980, en plena dictadura militar, por un grupo de intelectuales, obreros y militantes de izquierda entre quienes destacaba Lula, entonces un aguerrido dirigente sindical que lideraba las huelgas de los trabajadores metal\u00fargicos en Sao Bernardo do Campo, el cintur\u00f3n industrial de esa ciudad.<\/p>\n<p>Veintid\u00f3s a\u00f1os despu\u00e9s, en las elecciones de octubre de 2002, el PT lleg\u00f3 al poder con Lula, quien fue reelegido en 2006 y sucedido en 2010 por Rousseff.<\/p>\n","protected":false},"excerpt":{"rendered":"<p>Sao Paulo, 9 feb (EFE).- El oficialista Partido de los Trabajadores (PT) cumple ma\u00f1ana 34 a\u00f1os centrado en la reelecci\u00f3n de la presidenta brasile\u00f1a, Dilma Rousseff, de cara a las elecciones que se celebrar\u00e1n el pr\u00f3ximo octubre. Para conmemorar el aniversario de la formaci\u00f3n, el PT ha convocado un acto nacional en Sao Paulo en [&hellip;]<\/p>\n","protected":false},"author":1,"featured_media":487475,"comment_status":"open","ping_status":"open","sticky":false,"template":"","format":"standard","meta":{"footnotes":""},"categories":[1],"tags":[],"class_list":["post-487474","post","type-post","status-publish","format-standard","has-post-thumbnail","hentry","category-actualidad"],"aioseo_notices":[],"aioseo_head":"\n\t\t<!-- All in One SEO Pro 5.0.1 - aioseo.com -->\n\t<meta name=\"description\" content=\"Sao Paulo, 9 feb (EFE).- El oficialista Partido de los Trabajadores (PT) cumple ma\u00f1ana 34 a\u00f1os centrado en la reelecci\u00f3n de la presidenta brasile\u00f1a, Dilma Rousseff, de cara a las elecciones que se celebrar\u00e1n el pr\u00f3ximo octubre. Para conmemorar el aniversario de la formaci\u00f3n, el PT ha convocado un acto nacional en Sao Paulo en\" \/>\n\t<meta name=\"robots\" content=\"max-image-preview:large\" \/>\n\t<meta name=\"author\" content=\"El Digital de Asturias\"\/>\n\t<meta name=\"google-site-verification\" content=\"UA-38556648-1\" \/>\n\t<meta name=\"msvalidate.01\" content=\"7dfe9f3f1b24437ab69f4f2559babe99\" \/>\n\t<meta name=\"keywords\" content=\"actualidad\" \/>\n\t<link rel=\"canonical\" href=\"https:\/\/www.eldigitaldeasturias.com\/noticias\/el-pt-brasileno-cumple-34-anos-centrado-en-la-reeleccion-de-rousseff\/\" \/>\n\t<meta name=\"generator\" content=\"All in One SEO Pro (AIOSEO) 5.0.1\" \/>\n\t\t<meta property=\"og:locale\" content=\"es_ES\" \/>\n\t\t<meta property=\"og:site_name\" content=\"El Digital de Asturias\" \/>\n\t\t<meta property=\"og:type\" content=\"article\" \/>\n\t\t<meta property=\"og:title\" content=\"El PT brasile\u00f1o cumple 34 a\u00f1os centrado en la reelecci\u00f3n de Rousseff - El Digital de Asturias\" \/>\n\t\t<meta property=\"og:description\" content=\"Sao Paulo, 9 feb (EFE).- El oficialista Partido de los Trabajadores (PT) cumple ma\u00f1ana 34 a\u00f1os centrado en la reelecci\u00f3n de la presidenta brasile\u00f1a, Dilma Rousseff, de cara a las elecciones que se celebrar\u00e1n el pr\u00f3ximo octubre. Para conmemorar el aniversario de la formaci\u00f3n, el PT ha convocado un acto nacional en Sao Paulo en\" \/>\n\t\t<meta property=\"og:url\" content=\"https:\/\/www.eldigitaldeasturias.com\/noticias\/el-pt-brasileno-cumple-34-anos-centrado-en-la-reeleccion-de-rousseff\/\" \/>\n\t\t<meta property=\"article:tag\" content=\"actualidad\" \/>\n\t\t<meta property=\"article:published_time\" content=\"2014-02-09T23:06:56+00:00\" \/>\n\t\t<meta property=\"article:modified_time\" content=\"2014-02-09T23:07:19+00:00\" \/>\n\t\t<meta property=\"article:publisher\" content=\"https:\/\/facebook.com\/eldigitaldeasturias\" \/>\n\t\t<meta name=\"twitter:card\" content=\"summary_large_image\" \/>\n\t\t<meta name=\"twitter:title\" content=\"El PT brasile\u00f1o cumple 34 a\u00f1os centrado en la reelecci\u00f3n de Rousseff - El Digital de Asturias\" \/>\n\t\t<meta name=\"twitter:description\" content=\"Sao Paulo, 9 feb (EFE).- El oficialista Partido de los Trabajadores (PT) cumple ma\u00f1ana 34 a\u00f1os centrado en la reelecci\u00f3n de la presidenta brasile\u00f1a, Dilma Rousseff, de cara a las elecciones que se celebrar\u00e1n el pr\u00f3ximo octubre. Para conmemorar el aniversario de la formaci\u00f3n, el PT ha convocado un acto nacional en Sao Paulo en\" \/>\n\t\t<meta name=\"twitter:label1\" content=\"Escrito por\" \/>\n\t\t<meta name=\"twitter:data1\" content=\"El Digital de Asturias\" \/>\n\t\t<meta name=\"twitter:label2\" content=\"Tiempo de lectura estimado\" \/>\n\t\t<meta name=\"twitter:data2\" content=\"3 minutos\" \/>\n\t\t<script type=\"application\/ld+json\" class=\"aioseo-schema\">\n\t\t\t{\"@context\":\"https:\\\/\\\/schema.org\",\"@graph\":[{\"@type\":\"BlogPosting\",\"@id\":\"https:\\\/\\\/www.eldigitaldeasturias.com\\\/noticias\\\/el-pt-brasileno-cumple-34-anos-centrado-en-la-reeleccion-de-rousseff\\\/#blogposting\",\"name\":\"El PT brasile\\u00f1o cumple 34 a\\u00f1os centrado en la reelecci\\u00f3n de Rousseff - El Digital de Asturias\",\"headline\":\"El PT brasile\\u00f1o cumple 34 a\\u00f1os centrado en la reelecci\\u00f3n de Rousseff\",\"author\":{\"@id\":\"https:\\\/\\\/www.eldigitaldeasturias.com\\\/noticias\\\/author\\\/admin\\\/#author\"},\"publisher\":{\"@id\":\"https:\\\/\\\/www.eldigitaldeasturias.com\\\/noticias\\\/#organization\"},\"image\":{\"@type\":\"ImageObject\",\"url\":487475},\"datePublished\":\"2014-02-09T22:06:56+01:00\",\"dateModified\":\"2014-02-09T22:07:19+01:00\",\"inLanguage\":\"es-ES\",\"mainEntityOfPage\":{\"@id\":\"https:\\\/\\\/www.eldigitaldeasturias.com\\\/noticias\\\/el-pt-brasileno-cumple-34-anos-centrado-en-la-reeleccion-de-rousseff\\\/#webpage\"},\"isPartOf\":{\"@id\":\"https:\\\/\\\/www.eldigitaldeasturias.com\\\/noticias\\\/el-pt-brasileno-cumple-34-anos-centrado-en-la-reeleccion-de-rousseff\\\/#webpage\"},\"articleSection\":\"Actualidad\"},{\"@type\":\"BreadcrumbList\",\"@id\":\"https:\\\/\\\/www.eldigitaldeasturias.com\\\/noticias\\\/el-pt-brasileno-cumple-34-anos-centrado-en-la-reeleccion-de-rousseff\\\/#breadcrumblist\",\"itemListElement\":[{\"@type\":\"ListItem\",\"@id\":\"https:\\\/\\\/www.eldigitaldeasturias.com\\\/noticias#listItem\",\"position\":1,\"name\":\"Home\",\"item\":\"https:\\\/\\\/www.eldigitaldeasturias.com\\\/noticias\",\"nextItem\":{\"@type\":\"ListItem\",\"@id\":\"https:\\\/\\\/www.eldigitaldeasturias.com\\\/noticias\\\/category\\\/actualidad\\\/#listItem\",\"name\":\"Actualidad\"}},{\"@type\":\"ListItem\",\"@id\":\"https:\\\/\\\/www.eldigitaldeasturias.com\\\/noticias\\\/category\\\/actualidad\\\/#listItem\",\"position\":2,\"name\":\"Actualidad\",\"item\":\"https:\\\/\\\/www.eldigitaldeasturias.com\\\/noticias\\\/category\\\/actualidad\\\/\",\"nextItem\":{\"@type\":\"ListItem\",\"@id\":\"https:\\\/\\\/www.eldigitaldeasturias.com\\\/noticias\\\/el-pt-brasileno-cumple-34-anos-centrado-en-la-reeleccion-de-rousseff\\\/#listItem\",\"name\":\"El PT brasile\\u00f1o cumple 34 a\\u00f1os centrado en la reelecci\\u00f3n de Rousseff\"},\"previousItem\":{\"@type\":\"ListItem\",\"@id\":\"https:\\\/\\\/www.eldigitaldeasturias.com\\\/noticias#listItem\",\"name\":\"Home\"}},{\"@type\":\"ListItem\",\"@id\":\"https:\\\/\\\/www.eldigitaldeasturias.com\\\/noticias\\\/el-pt-brasileno-cumple-34-anos-centrado-en-la-reeleccion-de-rousseff\\\/#listItem\",\"position\":3,\"name\":\"El PT brasile\\u00f1o cumple 34 a\\u00f1os centrado en la reelecci\\u00f3n de Rousseff\",\"previousItem\":{\"@type\":\"ListItem\",\"@id\":\"https:\\\/\\\/www.eldigitaldeasturias.com\\\/noticias\\\/category\\\/actualidad\\\/#listItem\",\"name\":\"Actualidad\"}}]},{\"@type\":\"Organization\",\"@id\":\"https:\\\/\\\/www.eldigitaldeasturias.com\\\/noticias\\\/#organization\",\"name\":\"El Digital de Asturias\",\"description\":\"Hemeroteca\",\"url\":\"https:\\\/\\\/www.eldigitaldeasturias.com\\\/noticias\\\/\",\"email\":\"info@eldigitaldeasturias.com\",\"telephone\":\"+34652131393\",\"logo\":{\"@type\":\"ImageObject\",\"url\":\"https:\\\/\\\/www.eldigitaldeasturias.com\\\/noticias\\\/wp-content\\\/uploads\\\/2020\\\/12\\\/EDA.jpg\",\"@id\":\"https:\\\/\\\/www.eldigitaldeasturias.com\\\/noticias\\\/el-pt-brasileno-cumple-34-anos-centrado-en-la-reeleccion-de-rousseff\\\/#organizationLogo\"},\"image\":{\"@id\":\"https:\\\/\\\/www.eldigitaldeasturias.com\\\/noticias\\\/el-pt-brasileno-cumple-34-anos-centrado-en-la-reeleccion-de-rousseff\\\/#organizationLogo\"},\"sameAs\":[\"https:\\\/\\\/facebook.com\\\/eldigitaldeasturias\",\"https:\\\/\\\/www.youtube.com\\\/channel\\\/UCZP-2wLEB9Rv6erhFmqVnvg\"],\"address\":{\"@id\":\"https:\\\/\\\/www.eldigitaldeasturias.com\\\/noticias\\\/#postaladdress\",\"@type\":\"PostalAddress\",\"streetAddress\":\"san antonio 4\",\"postalCode\":\"33430\",\"addressLocality\":\"Cand\\u00e1s\",\"addressRegion\":\"Asturias\",\"addressCountry\":\"ES\"}},{\"@type\":\"Person\",\"@id\":\"https:\\\/\\\/www.eldigitaldeasturias.com\\\/noticias\\\/author\\\/admin\\\/#author\",\"url\":\"https:\\\/\\\/www.eldigitaldeasturias.com\\\/noticias\\\/author\\\/admin\\\/\",\"name\":\"El Digital de Asturias\",\"image\":{\"@type\":\"ImageObject\",\"@id\":\"https:\\\/\\\/www.eldigitaldeasturias.com\\\/noticias\\\/el-pt-brasileno-cumple-34-anos-centrado-en-la-reeleccion-de-rousseff\\\/#authorImage\",\"url\":\"https:\\\/\\\/secure.gravatar.com\\\/avatar\\\/df2aeffc32bcd13f8d26072ef8a91b623d677766deac7f97ca815868cd41bf5e?s=96&d=mm&r=g\",\"width\":96,\"height\":96,\"caption\":\"El Digital de Asturias\"}},{\"@type\":\"WebPage\",\"@id\":\"https:\\\/\\\/www.eldigitaldeasturias.com\\\/noticias\\\/el-pt-brasileno-cumple-34-anos-centrado-en-la-reeleccion-de-rousseff\\\/#webpage\",\"url\":\"https:\\\/\\\/www.eldigitaldeasturias.com\\\/noticias\\\/el-pt-brasileno-cumple-34-anos-centrado-en-la-reeleccion-de-rousseff\\\/\",\"name\":\"El PT brasile\\u00f1o cumple 34 a\\u00f1os centrado en la reelecci\\u00f3n de Rousseff - El Digital de Asturias\",\"description\":\"Sao Paulo, 9 feb (EFE).- El oficialista Partido de los Trabajadores (PT) cumple ma\\u00f1ana 34 a\\u00f1os centrado en la reelecci\\u00f3n de la presidenta brasile\\u00f1a, Dilma Rousseff, de cara a las elecciones que se celebrar\\u00e1n el pr\\u00f3ximo octubre. Para conmemorar el aniversario de la formaci\\u00f3n, el PT ha convocado un acto nacional en Sao Paulo en\",\"inLanguage\":\"es-ES\",\"isPartOf\":{\"@id\":\"https:\\\/\\\/www.eldigitaldeasturias.com\\\/noticias\\\/#website\"},\"breadcrumb\":{\"@id\":\"https:\\\/\\\/www.eldigitaldeasturias.com\\\/noticias\\\/el-pt-brasileno-cumple-34-anos-centrado-en-la-reeleccion-de-rousseff\\\/#breadcrumblist\"},\"author\":{\"@id\":\"https:\\\/\\\/www.eldigitaldeasturias.com\\\/noticias\\\/author\\\/admin\\\/#author\"},\"creator\":{\"@id\":\"https:\\\/\\\/www.eldigitaldeasturias.com\\\/noticias\\\/author\\\/admin\\\/#author\"},\"image\":{\"@type\":\"ImageObject\",\"url\":487475,\"@id\":\"https:\\\/\\\/www.eldigitaldeasturias.com\\\/noticias\\\/el-pt-brasileno-cumple-34-anos-centrado-en-la-reeleccion-de-rousseff\\\/#mainImage\"},\"primaryImageOfPage\":{\"@id\":\"https:\\\/\\\/www.eldigitaldeasturias.com\\\/noticias\\\/el-pt-brasileno-cumple-34-anos-centrado-en-la-reeleccion-de-rousseff\\\/#mainImage\"},\"datePublished\":\"2014-02-09T22:06:56+01:00\",\"dateModified\":\"2014-02-09T22:07:19+01:00\"},{\"@type\":\"WebSite\",\"@id\":\"https:\\\/\\\/www.eldigitaldeasturias.com\\\/noticias\\\/#website\",\"url\":\"https:\\\/\\\/www.eldigitaldeasturias.com\\\/noticias\\\/\",\"name\":\"El Digital de Asturias - Diario de actualidad y noticias\",\"alternateName\":\"El Digital de Asturias - Diario de actualidad y noticias\",\"description\":\"Hemeroteca\",\"inLanguage\":\"es-ES\",\"publisher\":{\"@id\":\"https:\\\/\\\/www.eldigitaldeasturias.com\\\/noticias\\\/#organization\"}}]}\n\t\t<\/script>\n\t\t<!-- All in One SEO Pro -->\r\n\t\t<title>El PT brasile\u00f1o cumple 34 a\u00f1os centrado en la reelecci\u00f3n de Rousseff - El Digital de Asturias<\/title>\n\n","aioseo_head_json":{"title":"El PT brasile\u00f1o cumple 34 a\u00f1os centrado en la reelecci\u00f3n de Rousseff - El Digital de Asturias","description":"Sao Paulo, 9 feb (EFE).- El oficialista Partido de los Trabajadores (PT) cumple ma\u00f1ana 34 a\u00f1os centrado en la reelecci\u00f3n de la presidenta brasile\u00f1a, Dilma Rousseff, de cara a las elecciones que se celebrar\u00e1n el pr\u00f3ximo octubre. Para conmemorar el aniversario de la formaci\u00f3n, el PT ha convocado un acto nacional en Sao Paulo en","canonical_url":"https:\/\/www.eldigitaldeasturias.com\/noticias\/el-pt-brasileno-cumple-34-anos-centrado-en-la-reeleccion-de-rousseff\/","robots":"max-image-preview:large","keywords":"actualidad","webmasterTools":{"google-site-verification":"UA-38556648-1","msvalidate.01":"7dfe9f3f1b24437ab69f4f2559babe99","miscellaneous":""},"schema":{"@context":"https:\/\/schema.org","@graph":[{"@type":"BlogPosting","@id":"https:\/\/www.eldigitaldeasturias.com\/noticias\/el-pt-brasileno-cumple-34-anos-centrado-en-la-reeleccion-de-rousseff\/#blogposting","name":"El PT brasile\u00f1o cumple 34 a\u00f1os centrado en la reelecci\u00f3n de Rousseff - El Digital de Asturias","headline":"El PT brasile\u00f1o cumple 34 a\u00f1os centrado en la reelecci\u00f3n de Rousseff","author":{"@id":"https:\/\/www.eldigitaldeasturias.com\/noticias\/author\/admin\/#author"},"publisher":{"@id":"https:\/\/www.eldigitaldeasturias.com\/noticias\/#organization"},"image":{"@type":"ImageObject","url":487475},"datePublished":"2014-02-09T22:06:56+01:00","dateModified":"2014-02-09T22:07:19+01:00","inLanguage":"es-ES","mainEntityOfPage":{"@id":"https:\/\/www.eldigitaldeasturias.com\/noticias\/el-pt-brasileno-cumple-34-anos-centrado-en-la-reeleccion-de-rousseff\/#webpage"},"isPartOf":{"@id":"https:\/\/www.eldigitaldeasturias.com\/noticias\/el-pt-brasileno-cumple-34-anos-centrado-en-la-reeleccion-de-rousseff\/#webpage"},"articleSection":"Actualidad"},{"@type":"BreadcrumbList","@id":"https:\/\/www.eldigitaldeasturias.com\/noticias\/el-pt-brasileno-cumple-34-anos-centrado-en-la-reeleccion-de-rousseff\/#breadcrumblist","itemListElement":[{"@type":"ListItem","@id":"https:\/\/www.eldigitaldeasturias.com\/noticias#listItem","position":1,"name":"Home","item":"https:\/\/www.eldigitaldeasturias.com\/noticias","nextItem":{"@type":"ListItem","@id":"https:\/\/www.eldigitaldeasturias.com\/noticias\/category\/actualidad\/#listItem","name":"Actualidad"}},{"@type":"ListItem","@id":"https:\/\/www.eldigitaldeasturias.com\/noticias\/category\/actualidad\/#listItem","position":2,"name":"Actualidad","item":"https:\/\/www.eldigitaldeasturias.com\/noticias\/category\/actualidad\/","nextItem":{"@type":"ListItem","@id":"https:\/\/www.eldigitaldeasturias.com\/noticias\/el-pt-brasileno-cumple-34-anos-centrado-en-la-reeleccion-de-rousseff\/#listItem","name":"El PT brasile\u00f1o cumple 34 a\u00f1os centrado en la reelecci\u00f3n de Rousseff"},"previousItem":{"@type":"ListItem","@id":"https:\/\/www.eldigitaldeasturias.com\/noticias#listItem","name":"Home"}},{"@type":"ListItem","@id":"https:\/\/www.eldigitaldeasturias.com\/noticias\/el-pt-brasileno-cumple-34-anos-centrado-en-la-reeleccion-de-rousseff\/#listItem","position":3,"name":"El PT brasile\u00f1o cumple 34 a\u00f1os centrado en la reelecci\u00f3n de Rousseff","previousItem":{"@type":"ListItem","@id":"https:\/\/www.eldigitaldeasturias.com\/noticias\/category\/actualidad\/#listItem","name":"Actualidad"}}]},{"@type":"Organization","@id":"https:\/\/www.eldigitaldeasturias.com\/noticias\/#organization","name":"El Digital de Asturias","description":"Hemeroteca","url":"https:\/\/www.eldigitaldeasturias.com\/noticias\/","email":"info@eldigitaldeasturias.com","telephone":"+34652131393","logo":{"@type":"ImageObject","url":"https:\/\/www.eldigitaldeasturias.com\/noticias\/wp-content\/uploads\/2020\/12\/EDA.jpg","@id":"https:\/\/www.eldigitaldeasturias.com\/noticias\/el-pt-brasileno-cumple-34-anos-centrado-en-la-reeleccion-de-rousseff\/#organizationLogo"},"image":{"@id":"https:\/\/www.eldigitaldeasturias.com\/noticias\/el-pt-brasileno-cumple-34-anos-centrado-en-la-reeleccion-de-rousseff\/#organizationLogo"},"sameAs":["https:\/\/facebook.com\/eldigitaldeasturias","https:\/\/www.youtube.com\/channel\/UCZP-2wLEB9Rv6erhFmqVnvg"],"address":{"@id":"https:\/\/www.eldigitaldeasturias.com\/noticias\/#postaladdress","@type":"PostalAddress","streetAddress":"san antonio 4","postalCode":"33430","addressLocality":"Cand\u00e1s","addressRegion":"Asturias","addressCountry":"ES"}},{"@type":"Person","@id":"https:\/\/www.eldigitaldeasturias.com\/noticias\/author\/admin\/#author","url":"https:\/\/www.eldigitaldeasturias.com\/noticias\/author\/admin\/","name":"El Digital de Asturias","image":{"@type":"ImageObject","@id":"https:\/\/www.eldigitaldeasturias.com\/noticias\/el-pt-brasileno-cumple-34-anos-centrado-en-la-reeleccion-de-rousseff\/#authorImage","url":"https:\/\/secure.gravatar.com\/avatar\/df2aeffc32bcd13f8d26072ef8a91b623d677766deac7f97ca815868cd41bf5e?s=96&d=mm&r=g","width":96,"height":96,"caption":"El Digital de Asturias"}},{"@type":"WebPage","@id":"https:\/\/www.eldigitaldeasturias.com\/noticias\/el-pt-brasileno-cumple-34-anos-centrado-en-la-reeleccion-de-rousseff\/#webpage","url":"https:\/\/www.eldigitaldeasturias.com\/noticias\/el-pt-brasileno-cumple-34-anos-centrado-en-la-reeleccion-de-rousseff\/","name":"El PT brasile\u00f1o cumple 34 a\u00f1os centrado en la reelecci\u00f3n de Rousseff - El Digital de Asturias","description":"Sao Paulo, 9 feb (EFE).- El oficialista Partido de los Trabajadores (PT) cumple ma\u00f1ana 34 a\u00f1os centrado en la reelecci\u00f3n de la presidenta brasile\u00f1a, Dilma Rousseff, de cara a las elecciones que se celebrar\u00e1n el pr\u00f3ximo octubre. Para conmemorar el aniversario de la formaci\u00f3n, el PT ha convocado un acto nacional en Sao Paulo en","inLanguage":"es-ES","isPartOf":{"@id":"https:\/\/www.eldigitaldeasturias.com\/noticias\/#website"},"breadcrumb":{"@id":"https:\/\/www.eldigitaldeasturias.com\/noticias\/el-pt-brasileno-cumple-34-anos-centrado-en-la-reeleccion-de-rousseff\/#breadcrumblist"},"author":{"@id":"https:\/\/www.eldigitaldeasturias.com\/noticias\/author\/admin\/#author"},"creator":{"@id":"https:\/\/www.eldigitaldeasturias.com\/noticias\/author\/admin\/#author"},"image":{"@type":"ImageObject","url":487475,"@id":"https:\/\/www.eldigitaldeasturias.com\/noticias\/el-pt-brasileno-cumple-34-anos-centrado-en-la-reeleccion-de-rousseff\/#mainImage"},"primaryImageOfPage":{"@id":"https:\/\/www.eldigitaldeasturias.com\/noticias\/el-pt-brasileno-cumple-34-anos-centrado-en-la-reeleccion-de-rousseff\/#mainImage"},"datePublished":"2014-02-09T22:06:56+01:00","dateModified":"2014-02-09T22:07:19+01:00"},{"@type":"WebSite","@id":"https:\/\/www.eldigitaldeasturias.com\/noticias\/#website","url":"https:\/\/www.eldigitaldeasturias.com\/noticias\/","name":"El Digital de Asturias - Diario de actualidad y noticias","alternateName":"El Digital de Asturias - Diario de actualidad y noticias","description":"Hemeroteca","inLanguage":"es-ES","publisher":{"@id":"https:\/\/www.eldigitaldeasturias.com\/noticias\/#organization"}}]},"og:locale":"es_ES","og:site_name":"El Digital de Asturias","og:type":"article","og:title":"El PT brasile\u00f1o cumple 34 a\u00f1os centrado en la reelecci\u00f3n de Rousseff - El Digital de Asturias","og:description":"Sao Paulo, 9 feb (EFE).- El oficialista Partido de los Trabajadores (PT) cumple ma\u00f1ana 34 a\u00f1os centrado en la reelecci\u00f3n de la presidenta brasile\u00f1a, Dilma Rousseff, de cara a las elecciones que se celebrar\u00e1n el pr\u00f3ximo octubre. Para conmemorar el aniversario de la formaci\u00f3n, el PT ha convocado un acto nacional en Sao Paulo en","og:url":"https:\/\/www.eldigitaldeasturias.com\/noticias\/el-pt-brasileno-cumple-34-anos-centrado-en-la-reeleccion-de-rousseff\/","article:tag":["actualidad"],"article:published_time":"2014-02-09T23:06:56+00:00","article:modified_time":"2014-02-09T23:07:19+00:00","article:publisher":"https:\/\/facebook.com\/eldigitaldeasturias","twitter:card":"summary_large_image","twitter:title":"El PT brasile\u00f1o cumple 34 a\u00f1os centrado en la reelecci\u00f3n de Rousseff - El Digital de Asturias","twitter:description":"Sao Paulo, 9 feb (EFE).- El oficialista Partido de los Trabajadores (PT) cumple ma\u00f1ana 34 a\u00f1os centrado en la reelecci\u00f3n de la presidenta brasile\u00f1a, Dilma Rousseff, de cara a las elecciones que se celebrar\u00e1n el pr\u00f3ximo octubre. Para conmemorar el aniversario de la formaci\u00f3n, el PT ha convocado un acto nacional en Sao Paulo en","twitter:label1":"Escrito por","twitter:data1":"El Digital de Asturias","twitter:label2":"Tiempo de lectura estimado","twitter:data2":"3 minutos"},"aioseo_meta_data":{"post_id":"487474","title":null,"description":null,"keywords":null,"keyphrases":null,"primary_term":null,"canonical_url":null,"og_title":null,"og_description":null,"og_object_type":"default","og_image_type":"default","og_image_url":null,"og_image_width":null,"og_image_height":null,"og_image_custom_url":null,"og_image_custom_fields":null,"og_video":null,"og_custom_url":null,"og_article_section":null,"og_article_tags":null,"twitter_use_og":true,"twitter_card":"default","twitter_image_type":"default","twitter_image_url":null,"twitter_image_custom_url":null,"twitter_image_custom_fields":null,"twitter_title":null,"twitter_description":null,"schema":{"blockGraphs":[],"customGraphs":[],"default":{"data":{"Article":[],"Course":[],"Dataset":[],"FAQPage":[],"Movie":[],"Person":[],"Product":[],"ProductReview":[],"Car":[],"Recipe":[],"Service":[],"SoftwareApplication":[],"WebPage":[]},"graphName":"","isEnabled":true},"graphs":[],"defaultGraph":"","defaultPostTypeGraph":""},"schema_type":null,"schema_type_options":null,"pillar_content":false,"robots_default":true,"robots_noindex":false,"robots_noarchive":false,"robots_nosnippet":false,"robots_nofollow":false,"robots_noimageindex":false,"robots_noodp":false,"robots_notranslate":false,"robots_max_snippet":null,"robots_max_videopreview":null,"robots_max_imagepreview":"none","priority":null,"frequency":null,"local_seo":null,"seo_analyzer_scan_date":"2026-06-03 04:51:47","breadcrumb_settings":null,"limit_modified_date":false,"open_ai":null,"ai":null,"created":"2020-11-14 22:56:22","updated":"2026-06-03 04:51:47","focus_keyword":null,"additional_keywords":null,"truseo_locale":null},"aioseo_breadcrumb":"<div class=\"aioseo-breadcrumbs\"><span class=\"aioseo-breadcrumb\">\n\t<a href=\"https:\/\/www.eldigitaldeasturias.com\/noticias\" title=\"Home\">Home<\/a>\n<\/span><span class=\"aioseo-breadcrumb-separator\">\u2013<\/span><span class=\"aioseo-breadcrumb\">\n\t<a href=\"https:\/\/www.eldigitaldeasturias.com\/noticias\/category\/actualidad\/\" title=\"Actualidad\">Actualidad<\/a>\n<\/span><span class=\"aioseo-breadcrumb-separator\">\u2013<\/span><span class=\"aioseo-breadcrumb\">\n\t<a href=\"https:\/\/www.eldigitaldeasturias.com\/noticias\/el-pt-brasileno-cumple-34-anos-centrado-en-la-reeleccion-de-rousseff\/\" title=\"El PT brasile\u00f1o cumple 34 a\u00f1os centrado en la reelecci\u00f3n de Rousseff\">El PT brasile\u00f1o cumple 34 a\u00f1os centrado en la reelecci\u00f3n de Rousseff<\/a>\n<\/span><\/div>","aioseo_breadcrumb_json":[{"label":"Home","link":"https:\/\/www.eldigitaldeasturias.com\/noticias"},{"label":"Actualidad","link":"https:\/\/www.eldigitaldeasturias.com\/noticias\/category\/actualidad\/"},{"label":"El PT brasile\u00f1o cumple 34 a\u00f1os centrado en la reelecci\u00f3n de Rousseff","link":"https:\/\/www.eldigitaldeasturias.com\/noticias\/el-pt-brasileno-cumple-34-anos-centrado-en-la-reeleccion-de-rousseff\/"}],"_links":{"self":[{"href":"https:\/\/www.eldigitaldeasturias.com\/noticias\/wp-json\/wp\/v2\/posts\/487474","targetHints":{"allow":["GET"]}}],"collection":[{"href":"https:\/\/www.eldigitaldeasturias.com\/noticias\/wp-json\/wp\/v2\/posts"}],"about":[{"href":"https:\/\/www.eldigitaldeasturias.com\/noticias\/wp-json\/wp\/v2\/types\/post"}],"author":[{"embeddable":true,"href":"https:\/\/www.eldigitaldeasturias.com\/noticias\/wp-json\/wp\/v2\/users\/1"}],"replies":[{"embeddable":true,"href":"https:\/\/www.eldigitaldeasturias.com\/noticias\/wp-json\/wp\/v2\/comments?post=487474"}],"version-history":[{"count":0,"href":"https:\/\/www.eldigitaldeasturias.com\/noticias\/wp-json\/wp\/v2\/posts\/487474\/revisions"}],"wp:attachment":[{"href":"https:\/\/www.eldigitaldeasturias.com\/noticias\/wp-json\/wp\/v2\/media?parent=487474"}],"wp:term":[{"taxonomy":"category","embeddable":true,"href":"https:\/\/www.eldigitaldeasturias.com\/noticias\/wp-json\/wp\/v2\/categories?post=487474"},{"taxonomy":"post_tag","embeddable":true,"href":"https:\/\/www.eldigitaldeasturias.com\/noticias\/wp-json\/wp\/v2\/tags?post=487474"}],"curies":[{"name":"wp","href":"https:\/\/api.w.org\/{rel}","templated":true}]}}