{"id":487468,"date":"2014-02-09T22:00:13","date_gmt":"2014-02-09T23:00:13","guid":{"rendered":"http:\/\/www.eldigitaldeasturias.com\/noticias\/?p=487468"},"modified":"2014-02-09T22:00:13","modified_gmt":"2014-02-09T23:00:13","slug":"bolivia-renegociara-el-ano-que-viene-la-venta-de-gas-a-brasil","status":"publish","type":"post","link":"https:\/\/www.eldigitaldeasturias.com\/noticias\/bolivia-renegociara-el-ano-que-viene-la-venta-de-gas-a-brasil\/","title":{"rendered":"Bolivia renegociar\u00e1 el a\u00f1o que viene la venta de gas a Brasil"},"content":{"rendered":"<p><img loading=\"lazy\" decoding=\"async\" class=\"alignleft size-medium wp-image-487469\" alt=\"5925805w\" src=\"https:\/\/www.eldigitaldeasturias.com\/noticias\/wp-content\/uploads\/2014\/02\/5925805w-360x239.jpg\" width=\"360\" height=\"239\" \/>La Paz, 9 feb (EFE).- Bolivia pospondr\u00e1 a 2015 la renegociaci\u00f3n de la venta de gas al vecino Brasil, al considerar que no es aconsejable iniciar las conversaciones este a\u00f1o debido a que el pa\u00eds andino celebra elecciones presidenciales en octubre, afirm\u00f3 el presidente de la petrolera estatal YPFB, Carlos Villegas.<\/p>\n<p>\u00abVamos a iniciar las negociaciones el pr\u00f3ximo a\u00f1o. Este a\u00f1o no es aconsejable. Es un a\u00f1o electoral, pero s\u00ed el pr\u00f3ximo a\u00f1o se tiene que empezar\u00bb, declar\u00f3 el responsable de Yacimientos Petrol\u00edferos Fiscales Bolivianos (YPFB) en una entrevista que publica hoy el diario El Deber.<\/p>\n<p>Seg\u00fan Villegas, la petrolera estatal brasile\u00f1a Petrobras ya ha expresado formalmente a YPFB \u00abel inter\u00e9s de negociar\u00bb.<\/p>\n<p>En la actualidad, Bolivia exporta a Brasil 31 millones de metros c\u00fabicos diarios de gas<\/p>\n<p>Los temas que se abordar\u00e1n en la negociaci\u00f3n ser\u00e1n el volumen y precio del energ\u00e9tico a exportar, \u00abun tema delicado y que tiene que ver con el futuro del pa\u00eds\u00bb, apunt\u00f3 Villegas.<\/p>\n<p>\u00abTenemos que hacer inversiones en Bolivia y Brasil para ampliar los vol\u00famenes\u00bb, abund\u00f3.<\/p>\n<p>Sobre la futura elaboraci\u00f3n de una nueva ley de Hidrocarburos, se\u00f1al\u00f3 que \u00abel Ministerio de Hidrocarburos tiene esa responsabilidad, pero por el momento no hay nada\u00bb.<\/p>\n<p>Esa norma, precis\u00f3, no cambiar\u00eda las condiciones actuales ni introducir\u00eda cambios destacados, sino que servir\u00eda para dar estatus de ley a \u00abtodas las disposiciones legales\u00bb promulgadas desde 2006, cuando, poco despu\u00e9s de su llegada al poder, el Gobierno de Evo Morales nacionaliz\u00f3 los hidrocarburos.<\/p>\n<p>Seg\u00fan el ejecutivo, a las empresas del sector que ya operan o se plantean trabajar en Bolivia no les asusta la Ley de Hidrocarburos, sino que \u00abquieren que les aseguremos que todas las normas vigentes no cambien\u00bb.<\/p>\n<p>Record\u00f3 que el a\u00f1o pasado entraron al sector la rusa Gazprom y la china Sinopec, y avanz\u00f3 que ahora se negocia con la firma BGP, tambi\u00e9n del pa\u00eds asi\u00e1tico.<\/p>\n<p>El responsable de YPFB subray\u00f3 que las empresas siguen obteniendo ganancias a pesar de la nacionalizaci\u00f3n del sector.<\/p>\n<p>\u00abEn los megacampos, la negociaci\u00f3n del 2007 deriv\u00f3 en que el Estado tiene un 85 % de los ingresos brutos y el 15 % es para la empresa privada; de este 15 %, el 8 % significa la recuperaci\u00f3n de sus costos y el 7 % las ganancias\u00bb, sostuvo.<\/p>\n<p>Villegas se refiri\u00f3 asimismo a las reservas hidrocarbur\u00edferas del pa\u00eds, de cuya certificaci\u00f3n se encarga la empresa canadiense GLJ Petroleum, que emitir\u00e1 un informe en torno a julio pr\u00f3ximo.<\/p>\n<p>\u00abEstoy optimista. No vamos a tener un aumento significativo, pero por lo menos hemos cuantificado reservas al 2012 m\u00e1s o menos en 11,2 trillones de pies c\u00fabicos (TCF)\u00bb, agreg\u00f3.<\/p>\n<p>La \u00faltima auditor\u00eda de reservas la realiz\u00f3 la compa\u00f1\u00eda estadounidense Ryder Scott, con un resultado de 9,9 billones de pies c\u00fabicos a 31 de diciembre de 2009.<\/p>\n","protected":false},"excerpt":{"rendered":"<p>La Paz, 9 feb (EFE).- Bolivia pospondr\u00e1 a 2015 la renegociaci\u00f3n de la venta de gas al vecino Brasil, al considerar que no es aconsejable iniciar las conversaciones este a\u00f1o debido a que el pa\u00eds andino celebra elecciones presidenciales en octubre, afirm\u00f3 el presidente de la petrolera estatal YPFB, Carlos Villegas. \u00abVamos a iniciar las [&hellip;]<\/p>\n","protected":false},"author":1,"featured_media":487469,"comment_status":"open","ping_status":"open","sticky":false,"template":"","format":"standard","meta":{"footnotes":""},"categories":[1],"tags":[],"class_list":["post-487468","post","type-post","status-publish","format-standard","has-post-thumbnail","hentry","category-actualidad"],"aioseo_notices":[],"aioseo_head":"\n\t\t<!-- All in One SEO Pro 5.0.1 - aioseo.com -->\n\t<meta name=\"description\" content=\"La Paz, 9 feb (EFE).- Bolivia pospondr\u00e1 a 2015 la renegociaci\u00f3n de la venta de gas al vecino Brasil, al considerar que no es aconsejable iniciar las conversaciones este a\u00f1o debido a que el pa\u00eds andino celebra elecciones presidenciales en octubre, afirm\u00f3 el presidente de la petrolera estatal YPFB, Carlos Villegas. &quot;Vamos a iniciar las\" \/>\n\t<meta name=\"robots\" content=\"max-image-preview:large\" \/>\n\t<meta name=\"author\" content=\"El Digital de Asturias\"\/>\n\t<meta name=\"google-site-verification\" content=\"UA-38556648-1\" \/>\n\t<meta name=\"msvalidate.01\" content=\"7dfe9f3f1b24437ab69f4f2559babe99\" \/>\n\t<meta name=\"keywords\" content=\"actualidad\" \/>\n\t<link rel=\"canonical\" href=\"https:\/\/www.eldigitaldeasturias.com\/noticias\/bolivia-renegociara-el-ano-que-viene-la-venta-de-gas-a-brasil\/\" \/>\n\t<meta name=\"generator\" content=\"All in One SEO Pro (AIOSEO) 5.0.1\" \/>\n\t\t<meta property=\"og:locale\" content=\"es_ES\" \/>\n\t\t<meta property=\"og:site_name\" content=\"El Digital de Asturias\" \/>\n\t\t<meta property=\"og:type\" content=\"article\" \/>\n\t\t<meta property=\"og:title\" content=\"Bolivia renegociar\u00e1 el a\u00f1o que viene la venta de gas a Brasil - El Digital de Asturias\" \/>\n\t\t<meta property=\"og:description\" content=\"La Paz, 9 feb (EFE).- Bolivia pospondr\u00e1 a 2015 la renegociaci\u00f3n de la venta de gas al vecino Brasil, al considerar que no es aconsejable iniciar las conversaciones este a\u00f1o debido a que el pa\u00eds andino celebra elecciones presidenciales en octubre, afirm\u00f3 el presidente de la petrolera estatal YPFB, Carlos Villegas. &quot;Vamos a iniciar las\" \/>\n\t\t<meta property=\"og:url\" content=\"https:\/\/www.eldigitaldeasturias.com\/noticias\/bolivia-renegociara-el-ano-que-viene-la-venta-de-gas-a-brasil\/\" \/>\n\t\t<meta property=\"article:tag\" content=\"actualidad\" \/>\n\t\t<meta property=\"article:published_time\" content=\"2014-02-09T23:00:13+00:00\" \/>\n\t\t<meta property=\"article:modified_time\" content=\"2014-02-09T23:00:13+00:00\" \/>\n\t\t<meta property=\"article:publisher\" content=\"https:\/\/facebook.com\/eldigitaldeasturias\" \/>\n\t\t<meta name=\"twitter:card\" content=\"summary_large_image\" \/>\n\t\t<meta name=\"twitter:title\" content=\"Bolivia renegociar\u00e1 el a\u00f1o que viene la venta de gas a Brasil - El Digital de Asturias\" \/>\n\t\t<meta name=\"twitter:description\" content=\"La Paz, 9 feb (EFE).- Bolivia pospondr\u00e1 a 2015 la renegociaci\u00f3n de la venta de gas al vecino Brasil, al considerar que no es aconsejable iniciar las conversaciones este a\u00f1o debido a que el pa\u00eds andino celebra elecciones presidenciales en octubre, afirm\u00f3 el presidente de la petrolera estatal YPFB, Carlos Villegas. &quot;Vamos a iniciar las\" \/>\n\t\t<meta name=\"twitter:label1\" content=\"Escrito por\" \/>\n\t\t<meta name=\"twitter:data1\" content=\"El Digital de Asturias\" \/>\n\t\t<meta name=\"twitter:label2\" content=\"Tiempo de lectura estimado\" \/>\n\t\t<meta name=\"twitter:data2\" content=\"2 minutos\" \/>\n\t\t<script type=\"application\/ld+json\" class=\"aioseo-schema\">\n\t\t\t{\"@context\":\"https:\\\/\\\/schema.org\",\"@graph\":[{\"@type\":\"BlogPosting\",\"@id\":\"https:\\\/\\\/www.eldigitaldeasturias.com\\\/noticias\\\/bolivia-renegociara-el-ano-que-viene-la-venta-de-gas-a-brasil\\\/#blogposting\",\"name\":\"Bolivia renegociar\\u00e1 el a\\u00f1o que viene la venta de gas a Brasil - El Digital de Asturias\",\"headline\":\"Bolivia renegociar\\u00e1 el a\\u00f1o que viene la venta de gas a Brasil\",\"author\":{\"@id\":\"https:\\\/\\\/www.eldigitaldeasturias.com\\\/noticias\\\/author\\\/admin\\\/#author\"},\"publisher\":{\"@id\":\"https:\\\/\\\/www.eldigitaldeasturias.com\\\/noticias\\\/#organization\"},\"image\":{\"@type\":\"ImageObject\",\"url\":487469},\"datePublished\":\"2014-02-09T22:00:13+01:00\",\"dateModified\":\"2014-02-09T22:00:13+01:00\",\"inLanguage\":\"es-ES\",\"mainEntityOfPage\":{\"@id\":\"https:\\\/\\\/www.eldigitaldeasturias.com\\\/noticias\\\/bolivia-renegociara-el-ano-que-viene-la-venta-de-gas-a-brasil\\\/#webpage\"},\"isPartOf\":{\"@id\":\"https:\\\/\\\/www.eldigitaldeasturias.com\\\/noticias\\\/bolivia-renegociara-el-ano-que-viene-la-venta-de-gas-a-brasil\\\/#webpage\"},\"articleSection\":\"Actualidad\"},{\"@type\":\"BreadcrumbList\",\"@id\":\"https:\\\/\\\/www.eldigitaldeasturias.com\\\/noticias\\\/bolivia-renegociara-el-ano-que-viene-la-venta-de-gas-a-brasil\\\/#breadcrumblist\",\"itemListElement\":[{\"@type\":\"ListItem\",\"@id\":\"https:\\\/\\\/www.eldigitaldeasturias.com\\\/noticias#listItem\",\"position\":1,\"name\":\"Home\",\"item\":\"https:\\\/\\\/www.eldigitaldeasturias.com\\\/noticias\",\"nextItem\":{\"@type\":\"ListItem\",\"@id\":\"https:\\\/\\\/www.eldigitaldeasturias.com\\\/noticias\\\/category\\\/actualidad\\\/#listItem\",\"name\":\"Actualidad\"}},{\"@type\":\"ListItem\",\"@id\":\"https:\\\/\\\/www.eldigitaldeasturias.com\\\/noticias\\\/category\\\/actualidad\\\/#listItem\",\"position\":2,\"name\":\"Actualidad\",\"item\":\"https:\\\/\\\/www.eldigitaldeasturias.com\\\/noticias\\\/category\\\/actualidad\\\/\",\"nextItem\":{\"@type\":\"ListItem\",\"@id\":\"https:\\\/\\\/www.eldigitaldeasturias.com\\\/noticias\\\/bolivia-renegociara-el-ano-que-viene-la-venta-de-gas-a-brasil\\\/#listItem\",\"name\":\"Bolivia renegociar\\u00e1 el a\\u00f1o que viene la venta de gas a Brasil\"},\"previousItem\":{\"@type\":\"ListItem\",\"@id\":\"https:\\\/\\\/www.eldigitaldeasturias.com\\\/noticias#listItem\",\"name\":\"Home\"}},{\"@type\":\"ListItem\",\"@id\":\"https:\\\/\\\/www.eldigitaldeasturias.com\\\/noticias\\\/bolivia-renegociara-el-ano-que-viene-la-venta-de-gas-a-brasil\\\/#listItem\",\"position\":3,\"name\":\"Bolivia renegociar\\u00e1 el a\\u00f1o que viene la venta de gas a Brasil\",\"previousItem\":{\"@type\":\"ListItem\",\"@id\":\"https:\\\/\\\/www.eldigitaldeasturias.com\\\/noticias\\\/category\\\/actualidad\\\/#listItem\",\"name\":\"Actualidad\"}}]},{\"@type\":\"Organization\",\"@id\":\"https:\\\/\\\/www.eldigitaldeasturias.com\\\/noticias\\\/#organization\",\"name\":\"El Digital de Asturias\",\"description\":\"Hemeroteca\",\"url\":\"https:\\\/\\\/www.eldigitaldeasturias.com\\\/noticias\\\/\",\"email\":\"info@eldigitaldeasturias.com\",\"telephone\":\"+34652131393\",\"logo\":{\"@type\":\"ImageObject\",\"url\":\"https:\\\/\\\/www.eldigitaldeasturias.com\\\/noticias\\\/wp-content\\\/uploads\\\/2020\\\/12\\\/EDA.jpg\",\"@id\":\"https:\\\/\\\/www.eldigitaldeasturias.com\\\/noticias\\\/bolivia-renegociara-el-ano-que-viene-la-venta-de-gas-a-brasil\\\/#organizationLogo\"},\"image\":{\"@id\":\"https:\\\/\\\/www.eldigitaldeasturias.com\\\/noticias\\\/bolivia-renegociara-el-ano-que-viene-la-venta-de-gas-a-brasil\\\/#organizationLogo\"},\"sameAs\":[\"https:\\\/\\\/facebook.com\\\/eldigitaldeasturias\",\"https:\\\/\\\/www.youtube.com\\\/channel\\\/UCZP-2wLEB9Rv6erhFmqVnvg\"],\"address\":{\"@id\":\"https:\\\/\\\/www.eldigitaldeasturias.com\\\/noticias\\\/#postaladdress\",\"@type\":\"PostalAddress\",\"streetAddress\":\"san antonio 4\",\"postalCode\":\"33430\",\"addressLocality\":\"Cand\\u00e1s\",\"addressRegion\":\"Asturias\",\"addressCountry\":\"ES\"}},{\"@type\":\"Person\",\"@id\":\"https:\\\/\\\/www.eldigitaldeasturias.com\\\/noticias\\\/author\\\/admin\\\/#author\",\"url\":\"https:\\\/\\\/www.eldigitaldeasturias.com\\\/noticias\\\/author\\\/admin\\\/\",\"name\":\"El Digital de Asturias\",\"image\":{\"@type\":\"ImageObject\",\"@id\":\"https:\\\/\\\/www.eldigitaldeasturias.com\\\/noticias\\\/bolivia-renegociara-el-ano-que-viene-la-venta-de-gas-a-brasil\\\/#authorImage\",\"url\":\"https:\\\/\\\/secure.gravatar.com\\\/avatar\\\/df2aeffc32bcd13f8d26072ef8a91b623d677766deac7f97ca815868cd41bf5e?s=96&d=mm&r=g\",\"width\":96,\"height\":96,\"caption\":\"El Digital de Asturias\"}},{\"@type\":\"WebPage\",\"@id\":\"https:\\\/\\\/www.eldigitaldeasturias.com\\\/noticias\\\/bolivia-renegociara-el-ano-que-viene-la-venta-de-gas-a-brasil\\\/#webpage\",\"url\":\"https:\\\/\\\/www.eldigitaldeasturias.com\\\/noticias\\\/bolivia-renegociara-el-ano-que-viene-la-venta-de-gas-a-brasil\\\/\",\"name\":\"Bolivia renegociar\\u00e1 el a\\u00f1o que viene la venta de gas a Brasil - El Digital de Asturias\",\"description\":\"La Paz, 9 feb (EFE).- Bolivia pospondr\\u00e1 a 2015 la renegociaci\\u00f3n de la venta de gas al vecino Brasil, al considerar que no es aconsejable iniciar las conversaciones este a\\u00f1o debido a que el pa\\u00eds andino celebra elecciones presidenciales en octubre, afirm\\u00f3 el presidente de la petrolera estatal YPFB, Carlos Villegas. \\\"Vamos a iniciar las\",\"inLanguage\":\"es-ES\",\"isPartOf\":{\"@id\":\"https:\\\/\\\/www.eldigitaldeasturias.com\\\/noticias\\\/#website\"},\"breadcrumb\":{\"@id\":\"https:\\\/\\\/www.eldigitaldeasturias.com\\\/noticias\\\/bolivia-renegociara-el-ano-que-viene-la-venta-de-gas-a-brasil\\\/#breadcrumblist\"},\"author\":{\"@id\":\"https:\\\/\\\/www.eldigitaldeasturias.com\\\/noticias\\\/author\\\/admin\\\/#author\"},\"creator\":{\"@id\":\"https:\\\/\\\/www.eldigitaldeasturias.com\\\/noticias\\\/author\\\/admin\\\/#author\"},\"image\":{\"@type\":\"ImageObject\",\"url\":487469,\"@id\":\"https:\\\/\\\/www.eldigitaldeasturias.com\\\/noticias\\\/bolivia-renegociara-el-ano-que-viene-la-venta-de-gas-a-brasil\\\/#mainImage\"},\"primaryImageOfPage\":{\"@id\":\"https:\\\/\\\/www.eldigitaldeasturias.com\\\/noticias\\\/bolivia-renegociara-el-ano-que-viene-la-venta-de-gas-a-brasil\\\/#mainImage\"},\"datePublished\":\"2014-02-09T22:00:13+01:00\",\"dateModified\":\"2014-02-09T22:00:13+01:00\"},{\"@type\":\"WebSite\",\"@id\":\"https:\\\/\\\/www.eldigitaldeasturias.com\\\/noticias\\\/#website\",\"url\":\"https:\\\/\\\/www.eldigitaldeasturias.com\\\/noticias\\\/\",\"name\":\"El Digital de Asturias - Diario de actualidad y noticias\",\"alternateName\":\"El Digital de Asturias - Diario de actualidad y noticias\",\"description\":\"Hemeroteca\",\"inLanguage\":\"es-ES\",\"publisher\":{\"@id\":\"https:\\\/\\\/www.eldigitaldeasturias.com\\\/noticias\\\/#organization\"}}]}\n\t\t<\/script>\n\t\t<!-- All in One SEO Pro -->\r\n\t\t<title>Bolivia renegociar\u00e1 el a\u00f1o que viene la venta de gas a Brasil - El Digital de Asturias<\/title>\n\n","aioseo_head_json":{"title":"Bolivia renegociar\u00e1 el a\u00f1o que viene la venta de gas a Brasil - El Digital de Asturias","description":"La Paz, 9 feb (EFE).- Bolivia pospondr\u00e1 a 2015 la renegociaci\u00f3n de la venta de gas al vecino Brasil, al considerar que no es aconsejable iniciar las conversaciones este a\u00f1o debido a que el pa\u00eds andino celebra elecciones presidenciales en octubre, afirm\u00f3 el presidente de la petrolera estatal YPFB, Carlos Villegas. \"Vamos a iniciar las","canonical_url":"https:\/\/www.eldigitaldeasturias.com\/noticias\/bolivia-renegociara-el-ano-que-viene-la-venta-de-gas-a-brasil\/","robots":"max-image-preview:large","keywords":"actualidad","webmasterTools":{"google-site-verification":"UA-38556648-1","msvalidate.01":"7dfe9f3f1b24437ab69f4f2559babe99","miscellaneous":""},"schema":{"@context":"https:\/\/schema.org","@graph":[{"@type":"BlogPosting","@id":"https:\/\/www.eldigitaldeasturias.com\/noticias\/bolivia-renegociara-el-ano-que-viene-la-venta-de-gas-a-brasil\/#blogposting","name":"Bolivia renegociar\u00e1 el a\u00f1o que viene la venta de gas a Brasil - El Digital de Asturias","headline":"Bolivia renegociar\u00e1 el a\u00f1o que viene la venta de gas a Brasil","author":{"@id":"https:\/\/www.eldigitaldeasturias.com\/noticias\/author\/admin\/#author"},"publisher":{"@id":"https:\/\/www.eldigitaldeasturias.com\/noticias\/#organization"},"image":{"@type":"ImageObject","url":487469},"datePublished":"2014-02-09T22:00:13+01:00","dateModified":"2014-02-09T22:00:13+01:00","inLanguage":"es-ES","mainEntityOfPage":{"@id":"https:\/\/www.eldigitaldeasturias.com\/noticias\/bolivia-renegociara-el-ano-que-viene-la-venta-de-gas-a-brasil\/#webpage"},"isPartOf":{"@id":"https:\/\/www.eldigitaldeasturias.com\/noticias\/bolivia-renegociara-el-ano-que-viene-la-venta-de-gas-a-brasil\/#webpage"},"articleSection":"Actualidad"},{"@type":"BreadcrumbList","@id":"https:\/\/www.eldigitaldeasturias.com\/noticias\/bolivia-renegociara-el-ano-que-viene-la-venta-de-gas-a-brasil\/#breadcrumblist","itemListElement":[{"@type":"ListItem","@id":"https:\/\/www.eldigitaldeasturias.com\/noticias#listItem","position":1,"name":"Home","item":"https:\/\/www.eldigitaldeasturias.com\/noticias","nextItem":{"@type":"ListItem","@id":"https:\/\/www.eldigitaldeasturias.com\/noticias\/category\/actualidad\/#listItem","name":"Actualidad"}},{"@type":"ListItem","@id":"https:\/\/www.eldigitaldeasturias.com\/noticias\/category\/actualidad\/#listItem","position":2,"name":"Actualidad","item":"https:\/\/www.eldigitaldeasturias.com\/noticias\/category\/actualidad\/","nextItem":{"@type":"ListItem","@id":"https:\/\/www.eldigitaldeasturias.com\/noticias\/bolivia-renegociara-el-ano-que-viene-la-venta-de-gas-a-brasil\/#listItem","name":"Bolivia renegociar\u00e1 el a\u00f1o que viene la venta de gas a Brasil"},"previousItem":{"@type":"ListItem","@id":"https:\/\/www.eldigitaldeasturias.com\/noticias#listItem","name":"Home"}},{"@type":"ListItem","@id":"https:\/\/www.eldigitaldeasturias.com\/noticias\/bolivia-renegociara-el-ano-que-viene-la-venta-de-gas-a-brasil\/#listItem","position":3,"name":"Bolivia renegociar\u00e1 el a\u00f1o que viene la venta de gas a Brasil","previousItem":{"@type":"ListItem","@id":"https:\/\/www.eldigitaldeasturias.com\/noticias\/category\/actualidad\/#listItem","name":"Actualidad"}}]},{"@type":"Organization","@id":"https:\/\/www.eldigitaldeasturias.com\/noticias\/#organization","name":"El Digital de Asturias","description":"Hemeroteca","url":"https:\/\/www.eldigitaldeasturias.com\/noticias\/","email":"info@eldigitaldeasturias.com","telephone":"+34652131393","logo":{"@type":"ImageObject","url":"https:\/\/www.eldigitaldeasturias.com\/noticias\/wp-content\/uploads\/2020\/12\/EDA.jpg","@id":"https:\/\/www.eldigitaldeasturias.com\/noticias\/bolivia-renegociara-el-ano-que-viene-la-venta-de-gas-a-brasil\/#organizationLogo"},"image":{"@id":"https:\/\/www.eldigitaldeasturias.com\/noticias\/bolivia-renegociara-el-ano-que-viene-la-venta-de-gas-a-brasil\/#organizationLogo"},"sameAs":["https:\/\/facebook.com\/eldigitaldeasturias","https:\/\/www.youtube.com\/channel\/UCZP-2wLEB9Rv6erhFmqVnvg"],"address":{"@id":"https:\/\/www.eldigitaldeasturias.com\/noticias\/#postaladdress","@type":"PostalAddress","streetAddress":"san antonio 4","postalCode":"33430","addressLocality":"Cand\u00e1s","addressRegion":"Asturias","addressCountry":"ES"}},{"@type":"Person","@id":"https:\/\/www.eldigitaldeasturias.com\/noticias\/author\/admin\/#author","url":"https:\/\/www.eldigitaldeasturias.com\/noticias\/author\/admin\/","name":"El Digital de Asturias","image":{"@type":"ImageObject","@id":"https:\/\/www.eldigitaldeasturias.com\/noticias\/bolivia-renegociara-el-ano-que-viene-la-venta-de-gas-a-brasil\/#authorImage","url":"https:\/\/secure.gravatar.com\/avatar\/df2aeffc32bcd13f8d26072ef8a91b623d677766deac7f97ca815868cd41bf5e?s=96&d=mm&r=g","width":96,"height":96,"caption":"El Digital de Asturias"}},{"@type":"WebPage","@id":"https:\/\/www.eldigitaldeasturias.com\/noticias\/bolivia-renegociara-el-ano-que-viene-la-venta-de-gas-a-brasil\/#webpage","url":"https:\/\/www.eldigitaldeasturias.com\/noticias\/bolivia-renegociara-el-ano-que-viene-la-venta-de-gas-a-brasil\/","name":"Bolivia renegociar\u00e1 el a\u00f1o que viene la venta de gas a Brasil - El Digital de Asturias","description":"La Paz, 9 feb (EFE).- Bolivia pospondr\u00e1 a 2015 la renegociaci\u00f3n de la venta de gas al vecino Brasil, al considerar que no es aconsejable iniciar las conversaciones este a\u00f1o debido a que el pa\u00eds andino celebra elecciones presidenciales en octubre, afirm\u00f3 el presidente de la petrolera estatal YPFB, Carlos Villegas. \"Vamos a iniciar las","inLanguage":"es-ES","isPartOf":{"@id":"https:\/\/www.eldigitaldeasturias.com\/noticias\/#website"},"breadcrumb":{"@id":"https:\/\/www.eldigitaldeasturias.com\/noticias\/bolivia-renegociara-el-ano-que-viene-la-venta-de-gas-a-brasil\/#breadcrumblist"},"author":{"@id":"https:\/\/www.eldigitaldeasturias.com\/noticias\/author\/admin\/#author"},"creator":{"@id":"https:\/\/www.eldigitaldeasturias.com\/noticias\/author\/admin\/#author"},"image":{"@type":"ImageObject","url":487469,"@id":"https:\/\/www.eldigitaldeasturias.com\/noticias\/bolivia-renegociara-el-ano-que-viene-la-venta-de-gas-a-brasil\/#mainImage"},"primaryImageOfPage":{"@id":"https:\/\/www.eldigitaldeasturias.com\/noticias\/bolivia-renegociara-el-ano-que-viene-la-venta-de-gas-a-brasil\/#mainImage"},"datePublished":"2014-02-09T22:00:13+01:00","dateModified":"2014-02-09T22:00:13+01:00"},{"@type":"WebSite","@id":"https:\/\/www.eldigitaldeasturias.com\/noticias\/#website","url":"https:\/\/www.eldigitaldeasturias.com\/noticias\/","name":"El Digital de Asturias - Diario de actualidad y noticias","alternateName":"El Digital de Asturias - Diario de actualidad y noticias","description":"Hemeroteca","inLanguage":"es-ES","publisher":{"@id":"https:\/\/www.eldigitaldeasturias.com\/noticias\/#organization"}}]},"og:locale":"es_ES","og:site_name":"El Digital de Asturias","og:type":"article","og:title":"Bolivia renegociar\u00e1 el a\u00f1o que viene la venta de gas a Brasil - El Digital de Asturias","og:description":"La Paz, 9 feb (EFE).- Bolivia pospondr\u00e1 a 2015 la renegociaci\u00f3n de la venta de gas al vecino Brasil, al considerar que no es aconsejable iniciar las conversaciones este a\u00f1o debido a que el pa\u00eds andino celebra elecciones presidenciales en octubre, afirm\u00f3 el presidente de la petrolera estatal YPFB, Carlos Villegas. &quot;Vamos a iniciar las","og:url":"https:\/\/www.eldigitaldeasturias.com\/noticias\/bolivia-renegociara-el-ano-que-viene-la-venta-de-gas-a-brasil\/","article:tag":["actualidad"],"article:published_time":"2014-02-09T23:00:13+00:00","article:modified_time":"2014-02-09T23:00:13+00:00","article:publisher":"https:\/\/facebook.com\/eldigitaldeasturias","twitter:card":"summary_large_image","twitter:title":"Bolivia renegociar\u00e1 el a\u00f1o que viene la venta de gas a Brasil - El Digital de Asturias","twitter:description":"La Paz, 9 feb (EFE).- Bolivia pospondr\u00e1 a 2015 la renegociaci\u00f3n de la venta de gas al vecino Brasil, al considerar que no es aconsejable iniciar las conversaciones este a\u00f1o debido a que el pa\u00eds andino celebra elecciones presidenciales en octubre, afirm\u00f3 el presidente de la petrolera estatal YPFB, Carlos Villegas. &quot;Vamos a iniciar las","twitter:label1":"Escrito por","twitter:data1":"El Digital de Asturias","twitter:label2":"Tiempo de lectura estimado","twitter:data2":"2 minutos"},"aioseo_meta_data":{"post_id":"487468","title":null,"description":null,"keywords":null,"keyphrases":null,"primary_term":null,"canonical_url":null,"og_title":null,"og_description":null,"og_object_type":"default","og_image_type":"default","og_image_url":null,"og_image_width":null,"og_image_height":null,"og_image_custom_url":null,"og_image_custom_fields":null,"og_video":null,"og_custom_url":null,"og_article_section":null,"og_article_tags":null,"twitter_use_og":true,"twitter_card":"default","twitter_image_type":"default","twitter_image_url":null,"twitter_image_custom_url":null,"twitter_image_custom_fields":null,"twitter_title":null,"twitter_description":null,"schema":{"blockGraphs":[],"customGraphs":[],"default":{"data":{"Article":[],"Course":[],"Dataset":[],"FAQPage":[],"Movie":[],"Person":[],"Product":[],"ProductReview":[],"Car":[],"Recipe":[],"Service":[],"SoftwareApplication":[],"WebPage":[]},"graphName":"","isEnabled":true},"graphs":[],"defaultGraph":"","defaultPostTypeGraph":""},"schema_type":null,"schema_type_options":null,"pillar_content":false,"robots_default":true,"robots_noindex":false,"robots_noarchive":false,"robots_nosnippet":false,"robots_nofollow":false,"robots_noimageindex":false,"robots_noodp":false,"robots_notranslate":false,"robots_max_snippet":null,"robots_max_videopreview":null,"robots_max_imagepreview":"none","priority":null,"frequency":null,"local_seo":null,"seo_analyzer_scan_date":"2026-06-03 04:51:46","breadcrumb_settings":null,"limit_modified_date":false,"open_ai":null,"ai":null,"created":"2020-11-14 22:56:22","updated":"2026-06-03 04:51:46","focus_keyword":null,"additional_keywords":null,"truseo_locale":null},"aioseo_breadcrumb":"<div class=\"aioseo-breadcrumbs\"><span class=\"aioseo-breadcrumb\">\n\t<a href=\"https:\/\/www.eldigitaldeasturias.com\/noticias\" title=\"Home\">Home<\/a>\n<\/span><span class=\"aioseo-breadcrumb-separator\">\u2013<\/span><span class=\"aioseo-breadcrumb\">\n\t<a href=\"https:\/\/www.eldigitaldeasturias.com\/noticias\/category\/actualidad\/\" title=\"Actualidad\">Actualidad<\/a>\n<\/span><span class=\"aioseo-breadcrumb-separator\">\u2013<\/span><span class=\"aioseo-breadcrumb\">\n\t<a href=\"https:\/\/www.eldigitaldeasturias.com\/noticias\/bolivia-renegociara-el-ano-que-viene-la-venta-de-gas-a-brasil\/\" title=\"Bolivia renegociar\u00e1 el a\u00f1o que viene la venta de gas a Brasil\">Bolivia renegociar\u00e1 el a\u00f1o que viene la venta de gas a Brasil<\/a>\n<\/span><\/div>","aioseo_breadcrumb_json":[{"label":"Home","link":"https:\/\/www.eldigitaldeasturias.com\/noticias"},{"label":"Actualidad","link":"https:\/\/www.eldigitaldeasturias.com\/noticias\/category\/actualidad\/"},{"label":"Bolivia renegociar\u00e1 el a\u00f1o que viene la venta de gas a Brasil","link":"https:\/\/www.eldigitaldeasturias.com\/noticias\/bolivia-renegociara-el-ano-que-viene-la-venta-de-gas-a-brasil\/"}],"_links":{"self":[{"href":"https:\/\/www.eldigitaldeasturias.com\/noticias\/wp-json\/wp\/v2\/posts\/487468","targetHints":{"allow":["GET"]}}],"collection":[{"href":"https:\/\/www.eldigitaldeasturias.com\/noticias\/wp-json\/wp\/v2\/posts"}],"about":[{"href":"https:\/\/www.eldigitaldeasturias.com\/noticias\/wp-json\/wp\/v2\/types\/post"}],"author":[{"embeddable":true,"href":"https:\/\/www.eldigitaldeasturias.com\/noticias\/wp-json\/wp\/v2\/users\/1"}],"replies":[{"embeddable":true,"href":"https:\/\/www.eldigitaldeasturias.com\/noticias\/wp-json\/wp\/v2\/comments?post=487468"}],"version-history":[{"count":0,"href":"https:\/\/www.eldigitaldeasturias.com\/noticias\/wp-json\/wp\/v2\/posts\/487468\/revisions"}],"wp:attachment":[{"href":"https:\/\/www.eldigitaldeasturias.com\/noticias\/wp-json\/wp\/v2\/media?parent=487468"}],"wp:term":[{"taxonomy":"category","embeddable":true,"href":"https:\/\/www.eldigitaldeasturias.com\/noticias\/wp-json\/wp\/v2\/categories?post=487468"},{"taxonomy":"post_tag","embeddable":true,"href":"https:\/\/www.eldigitaldeasturias.com\/noticias\/wp-json\/wp\/v2\/tags?post=487468"}],"curies":[{"name":"wp","href":"https:\/\/api.w.org\/{rel}","templated":true}]}}