{"id":487462,"date":"2014-02-09T21:58:20","date_gmt":"2014-02-09T22:58:20","guid":{"rendered":"http:\/\/www.eldigitaldeasturias.com\/noticias\/?p=487462"},"modified":"2014-02-09T21:58:20","modified_gmt":"2014-02-09T22:58:20","slug":"miles-de-personas-se-manifiestan-en-vigo-por-el-indulto-a-dos-sindicalistas","status":"publish","type":"post","link":"https:\/\/www.eldigitaldeasturias.com\/noticias\/miles-de-personas-se-manifiestan-en-vigo-por-el-indulto-a-dos-sindicalistas\/","title":{"rendered":"Miles de personas se manifiestan en Vigo por el indulto a dos sindicalistas"},"content":{"rendered":"<p><img loading=\"lazy\" decoding=\"async\" class=\"alignleft size-medium wp-image-487463\" alt=\"5925779w\" src=\"https:\/\/www.eldigitaldeasturias.com\/noticias\/wp-content\/uploads\/2014\/02\/5925779w-360x180.jpg\" width=\"360\" height=\"180\" \/>Vigo, 9 feb (EFE).- Miembros de los sindicatos UGT, CCOO y CIG junto con varios miles de ciudadanos vigueses han recorrido hoy las calles de la ciudad para solicitar el indulto de los sindicalistas Seraf\u00edn Rodr\u00edguez (CIG) y Carlos Rivas (UGT), condenados a tres a\u00f1os de c\u00e1rcel por su participaci\u00f3n en un piquete informativo durante la huelga de transporte en 2008.<\/p>\n<p>A pesar de la fuerte lluvia alrededor de 2.000 personas, seg\u00fan los convocantes, acompa\u00f1aron a los afectados al grito de \u00ablibertad para Seraf\u00edn y Carlos\u00bb desde Plaza de Espa\u00f1a hasta la c\u00e9ntrica calle Pr\u00edncipe.<\/p>\n<p>Seg\u00fan, la Polic\u00eda Local, el n\u00famero de asistentes a la marcha fue de 5.000 personas.<\/p>\n<p>A la manifestaci\u00f3n tambi\u00e9n han acudido representantes de diversos grupos pol\u00edticos, como Carmen Gallego (PSdeG) y el portavoz nacional del BNG, Xavier Vence, entre otros.<\/p>\n<p>Vence criticado lo \u00abdesproporcionado\u00bb de la condena y la injusticia cometida con trabajadores que ejerc\u00edan su derecho a informar al tiempo que \u00abse conceden indultos a amigos de pol\u00edticos\u00bb.<\/p>\n<p>Seraf\u00edn Rodr\u00edguez ha dirigido unas palabras a los asistentes en las cuales ha recordado que, como resultado del procedimiento judicial realizado en mayo de 2011, qued\u00f3 \u00ababsuelto de realizar cualquier da\u00f1o a nada ni a nadie\u00bb siendo condenado \u00abpor ejercer el derecho a huelga y entender la Justicia que ese derecho pod\u00eda entorpecer el derecho a trabajar de los que no la secundaban\u00bb.<\/p>\n<p>Durante su discurso, ha expresado emocionado como una sentencia \u00abinjusta y desproporcionada\u00bb va a condicionar su vida \u00abtotalmente normalizada\u00bb y va a afectar a su \u00abestabilidad\u00bb as\u00ed como a la de su mujer y sus dos hijas que \u00abdependen econ\u00f3micamente\u00bb de sus ingresos y se enfrentar\u00e1n a \u00abuna situaci\u00f3n precaria\u00bb al no poder hacer frente \u00abdel pago de la hipoteca y los gastos propios de una familia\u00bb.<\/p>\n<p>Es por ello que ha solicitado que su petici\u00f3n de indulto \u00absea escuchada y finalmente concedida\u00bb por ser consciente de que \u00abtodos los actos tienen consecuencias\u00bb pero, en este caso, \u00ablas consecuencias son totalmente desproporcionadas\u00bb, algo que ha considerado \u00abparad\u00f3jico\u00bb en la actual situaci\u00f3n de \u00abconvulsi\u00f3n social\u00bb que vive el pa\u00eds y que obliga a los ciudadanos \u00aba salir a la calle para reivindicar nuestros derechos\u00bb.<\/p>\n<p>Carlos Rivas ha continuado con el alegato agradeciendo a los asistentes su apoyo y ha recordado que el objetivo de las c\u00e1rceles en Espa\u00f1a es \u00abrehabilitar a los delincuentes\u00bb algo que en este caso no es necesario.<\/p>\n<p>\u00abNi Seraf\u00edn ni yo cometimos ning\u00fan delito\u00bb, ha proclamado, por lo que se ha preguntado si es punible defender \u00abel derecho de los trabajadores a estar informados del transcurso de las negociaciones de un convenio\u00bb.<\/p>\n<p>La secretaria comarcal de CCOO, Amelia P\u00e9rez, ha destacado durante la lectura del manifiesto que los piquetes informativos son un \u00abinstrumento leg\u00edtimo que forma parte de la historia del movimiento obrero\u00bb y que, en muchos casos, \u00abpermiten liberar a los trabajadores de las amenazas de la patronal\u00bb.<\/p>\n<p>Es por ello que ha denunciado que, durante la huelga convocada por CIG, UGT y CCOO en 2008, con motivo de la negociaci\u00f3n del convenio provincial del transporte, piquetes informativos \u00abfueron identificados por la Polic\u00eda y posteriormente denunciados\u00bb en lo que ha definido como \u00abuna criminalizaci\u00f3n de la respuesta social, singularmente la de car\u00e1cter sindical\u00bb.<\/p>\n<p>Con todo ello, P\u00e9rez ha evidenciado la \u00abrepresi\u00f3n contra los que se revuelven para exigir, pacifica y democr\u00e1ticamente, un cambio de rumbo que mejore las condiciones de vida\u00bb.<\/p>\n<p>A estas declaraciones se han sumado adem\u00e1s el secretario comarcal de CIG, Seraf\u00edn Otero y su hom\u00f3logo de UGT, Jos\u00e9 Domingo Barros, que han subrayado adem\u00e1s que ninguna empresa ni trabajador \u00abpresentara cargos\u00bb contra los sindicalistas que fueron condenados \u00aba la pena m\u00e1xima posible\u00bb a pesar de \u00abdemostrarse que eran inocentes de lo que se les acusaba\u00bb.<\/p>\n<p>Han considerado as\u00ed que la sentencia es \u00ababusiva y solo pretende castigar para debilitar la capacidad de la clase obrera, ejerciendo la m\u00e1s brutal represi\u00f3n sindical\u00bb.<\/p>\n","protected":false},"excerpt":{"rendered":"<p>Vigo, 9 feb (EFE).- Miembros de los sindicatos UGT, CCOO y CIG junto con varios miles de ciudadanos vigueses han recorrido hoy las calles de la ciudad para solicitar el indulto de los sindicalistas Seraf\u00edn Rodr\u00edguez (CIG) y Carlos Rivas (UGT), condenados a tres a\u00f1os de c\u00e1rcel por su participaci\u00f3n en un piquete informativo durante [&hellip;]<\/p>\n","protected":false},"author":1,"featured_media":487463,"comment_status":"open","ping_status":"open","sticky":false,"template":"","format":"standard","meta":{"footnotes":""},"categories":[1],"tags":[],"class_list":["post-487462","post","type-post","status-publish","format-standard","has-post-thumbnail","hentry","category-actualidad"],"aioseo_notices":[],"aioseo_head":"\n\t\t<!-- All in One SEO Pro 5.0.1 - aioseo.com -->\n\t<meta name=\"description\" content=\"Vigo, 9 feb (EFE).- Miembros de los sindicatos UGT, CCOO y CIG junto con varios miles de ciudadanos vigueses han recorrido hoy las calles de la ciudad para solicitar el indulto de los sindicalistas Seraf\u00edn Rodr\u00edguez (CIG) y Carlos Rivas (UGT), condenados a tres a\u00f1os de c\u00e1rcel por su participaci\u00f3n en un piquete informativo durante\" \/>\n\t<meta name=\"robots\" content=\"max-image-preview:large\" \/>\n\t<meta name=\"author\" content=\"El Digital de Asturias\"\/>\n\t<meta name=\"google-site-verification\" content=\"UA-38556648-1\" \/>\n\t<meta name=\"msvalidate.01\" content=\"7dfe9f3f1b24437ab69f4f2559babe99\" \/>\n\t<meta name=\"keywords\" content=\"actualidad\" \/>\n\t<link rel=\"canonical\" href=\"https:\/\/www.eldigitaldeasturias.com\/noticias\/miles-de-personas-se-manifiestan-en-vigo-por-el-indulto-a-dos-sindicalistas\/\" \/>\n\t<meta name=\"generator\" content=\"All in One SEO Pro (AIOSEO) 5.0.1\" \/>\n\t\t<meta property=\"og:locale\" content=\"es_ES\" \/>\n\t\t<meta property=\"og:site_name\" content=\"El Digital de Asturias\" \/>\n\t\t<meta property=\"og:type\" content=\"article\" \/>\n\t\t<meta property=\"og:title\" content=\"Miles de personas se manifiestan en Vigo por el indulto a dos sindicalistas - El Digital de Asturias\" \/>\n\t\t<meta property=\"og:description\" content=\"Vigo, 9 feb (EFE).- Miembros de los sindicatos UGT, CCOO y CIG junto con varios miles de ciudadanos vigueses han recorrido hoy las calles de la ciudad para solicitar el indulto de los sindicalistas Seraf\u00edn Rodr\u00edguez (CIG) y Carlos Rivas (UGT), condenados a tres a\u00f1os de c\u00e1rcel por su participaci\u00f3n en un piquete informativo durante\" \/>\n\t\t<meta property=\"og:url\" content=\"https:\/\/www.eldigitaldeasturias.com\/noticias\/miles-de-personas-se-manifiestan-en-vigo-por-el-indulto-a-dos-sindicalistas\/\" \/>\n\t\t<meta property=\"article:tag\" content=\"actualidad\" \/>\n\t\t<meta property=\"article:published_time\" content=\"2014-02-09T22:58:20+00:00\" \/>\n\t\t<meta property=\"article:modified_time\" content=\"2014-02-09T22:58:20+00:00\" \/>\n\t\t<meta property=\"article:publisher\" content=\"https:\/\/facebook.com\/eldigitaldeasturias\" \/>\n\t\t<meta name=\"twitter:card\" content=\"summary_large_image\" \/>\n\t\t<meta name=\"twitter:title\" content=\"Miles de personas se manifiestan en Vigo por el indulto a dos sindicalistas - El Digital de Asturias\" \/>\n\t\t<meta name=\"twitter:description\" content=\"Vigo, 9 feb (EFE).- Miembros de los sindicatos UGT, CCOO y CIG junto con varios miles de ciudadanos vigueses han recorrido hoy las calles de la ciudad para solicitar el indulto de los sindicalistas Seraf\u00edn Rodr\u00edguez (CIG) y Carlos Rivas (UGT), condenados a tres a\u00f1os de c\u00e1rcel por su participaci\u00f3n en un piquete informativo durante\" \/>\n\t\t<meta name=\"twitter:label1\" content=\"Escrito por\" \/>\n\t\t<meta name=\"twitter:data1\" content=\"El Digital de Asturias\" \/>\n\t\t<meta name=\"twitter:label2\" content=\"Tiempo de lectura estimado\" \/>\n\t\t<meta name=\"twitter:data2\" content=\"3 minutos\" \/>\n\t\t<script type=\"application\/ld+json\" class=\"aioseo-schema\">\n\t\t\t{\"@context\":\"https:\\\/\\\/schema.org\",\"@graph\":[{\"@type\":\"BlogPosting\",\"@id\":\"https:\\\/\\\/www.eldigitaldeasturias.com\\\/noticias\\\/miles-de-personas-se-manifiestan-en-vigo-por-el-indulto-a-dos-sindicalistas\\\/#blogposting\",\"name\":\"Miles de personas se manifiestan en Vigo por el indulto a dos sindicalistas - El Digital de Asturias\",\"headline\":\"Miles de personas se manifiestan en Vigo por el indulto a dos sindicalistas\",\"author\":{\"@id\":\"https:\\\/\\\/www.eldigitaldeasturias.com\\\/noticias\\\/author\\\/admin\\\/#author\"},\"publisher\":{\"@id\":\"https:\\\/\\\/www.eldigitaldeasturias.com\\\/noticias\\\/#organization\"},\"image\":{\"@type\":\"ImageObject\",\"url\":487463},\"datePublished\":\"2014-02-09T21:58:20+01:00\",\"dateModified\":\"2014-02-09T21:58:20+01:00\",\"inLanguage\":\"es-ES\",\"mainEntityOfPage\":{\"@id\":\"https:\\\/\\\/www.eldigitaldeasturias.com\\\/noticias\\\/miles-de-personas-se-manifiestan-en-vigo-por-el-indulto-a-dos-sindicalistas\\\/#webpage\"},\"isPartOf\":{\"@id\":\"https:\\\/\\\/www.eldigitaldeasturias.com\\\/noticias\\\/miles-de-personas-se-manifiestan-en-vigo-por-el-indulto-a-dos-sindicalistas\\\/#webpage\"},\"articleSection\":\"Actualidad\"},{\"@type\":\"BreadcrumbList\",\"@id\":\"https:\\\/\\\/www.eldigitaldeasturias.com\\\/noticias\\\/miles-de-personas-se-manifiestan-en-vigo-por-el-indulto-a-dos-sindicalistas\\\/#breadcrumblist\",\"itemListElement\":[{\"@type\":\"ListItem\",\"@id\":\"https:\\\/\\\/www.eldigitaldeasturias.com\\\/noticias#listItem\",\"position\":1,\"name\":\"Home\",\"item\":\"https:\\\/\\\/www.eldigitaldeasturias.com\\\/noticias\",\"nextItem\":{\"@type\":\"ListItem\",\"@id\":\"https:\\\/\\\/www.eldigitaldeasturias.com\\\/noticias\\\/category\\\/actualidad\\\/#listItem\",\"name\":\"Actualidad\"}},{\"@type\":\"ListItem\",\"@id\":\"https:\\\/\\\/www.eldigitaldeasturias.com\\\/noticias\\\/category\\\/actualidad\\\/#listItem\",\"position\":2,\"name\":\"Actualidad\",\"item\":\"https:\\\/\\\/www.eldigitaldeasturias.com\\\/noticias\\\/category\\\/actualidad\\\/\",\"nextItem\":{\"@type\":\"ListItem\",\"@id\":\"https:\\\/\\\/www.eldigitaldeasturias.com\\\/noticias\\\/miles-de-personas-se-manifiestan-en-vigo-por-el-indulto-a-dos-sindicalistas\\\/#listItem\",\"name\":\"Miles de personas se manifiestan en Vigo por el indulto a dos sindicalistas\"},\"previousItem\":{\"@type\":\"ListItem\",\"@id\":\"https:\\\/\\\/www.eldigitaldeasturias.com\\\/noticias#listItem\",\"name\":\"Home\"}},{\"@type\":\"ListItem\",\"@id\":\"https:\\\/\\\/www.eldigitaldeasturias.com\\\/noticias\\\/miles-de-personas-se-manifiestan-en-vigo-por-el-indulto-a-dos-sindicalistas\\\/#listItem\",\"position\":3,\"name\":\"Miles de personas se manifiestan en Vigo por el indulto a dos sindicalistas\",\"previousItem\":{\"@type\":\"ListItem\",\"@id\":\"https:\\\/\\\/www.eldigitaldeasturias.com\\\/noticias\\\/category\\\/actualidad\\\/#listItem\",\"name\":\"Actualidad\"}}]},{\"@type\":\"Organization\",\"@id\":\"https:\\\/\\\/www.eldigitaldeasturias.com\\\/noticias\\\/#organization\",\"name\":\"El Digital de Asturias\",\"description\":\"Hemeroteca\",\"url\":\"https:\\\/\\\/www.eldigitaldeasturias.com\\\/noticias\\\/\",\"email\":\"info@eldigitaldeasturias.com\",\"telephone\":\"+34652131393\",\"logo\":{\"@type\":\"ImageObject\",\"url\":\"https:\\\/\\\/www.eldigitaldeasturias.com\\\/noticias\\\/wp-content\\\/uploads\\\/2020\\\/12\\\/EDA.jpg\",\"@id\":\"https:\\\/\\\/www.eldigitaldeasturias.com\\\/noticias\\\/miles-de-personas-se-manifiestan-en-vigo-por-el-indulto-a-dos-sindicalistas\\\/#organizationLogo\"},\"image\":{\"@id\":\"https:\\\/\\\/www.eldigitaldeasturias.com\\\/noticias\\\/miles-de-personas-se-manifiestan-en-vigo-por-el-indulto-a-dos-sindicalistas\\\/#organizationLogo\"},\"sameAs\":[\"https:\\\/\\\/facebook.com\\\/eldigitaldeasturias\",\"https:\\\/\\\/www.youtube.com\\\/channel\\\/UCZP-2wLEB9Rv6erhFmqVnvg\"],\"address\":{\"@id\":\"https:\\\/\\\/www.eldigitaldeasturias.com\\\/noticias\\\/#postaladdress\",\"@type\":\"PostalAddress\",\"streetAddress\":\"san antonio 4\",\"postalCode\":\"33430\",\"addressLocality\":\"Cand\\u00e1s\",\"addressRegion\":\"Asturias\",\"addressCountry\":\"ES\"}},{\"@type\":\"Person\",\"@id\":\"https:\\\/\\\/www.eldigitaldeasturias.com\\\/noticias\\\/author\\\/admin\\\/#author\",\"url\":\"https:\\\/\\\/www.eldigitaldeasturias.com\\\/noticias\\\/author\\\/admin\\\/\",\"name\":\"El Digital de Asturias\",\"image\":{\"@type\":\"ImageObject\",\"@id\":\"https:\\\/\\\/www.eldigitaldeasturias.com\\\/noticias\\\/miles-de-personas-se-manifiestan-en-vigo-por-el-indulto-a-dos-sindicalistas\\\/#authorImage\",\"url\":\"https:\\\/\\\/secure.gravatar.com\\\/avatar\\\/df2aeffc32bcd13f8d26072ef8a91b623d677766deac7f97ca815868cd41bf5e?s=96&d=mm&r=g\",\"width\":96,\"height\":96,\"caption\":\"El Digital de Asturias\"}},{\"@type\":\"WebPage\",\"@id\":\"https:\\\/\\\/www.eldigitaldeasturias.com\\\/noticias\\\/miles-de-personas-se-manifiestan-en-vigo-por-el-indulto-a-dos-sindicalistas\\\/#webpage\",\"url\":\"https:\\\/\\\/www.eldigitaldeasturias.com\\\/noticias\\\/miles-de-personas-se-manifiestan-en-vigo-por-el-indulto-a-dos-sindicalistas\\\/\",\"name\":\"Miles de personas se manifiestan en Vigo por el indulto a dos sindicalistas - El Digital de Asturias\",\"description\":\"Vigo, 9 feb (EFE).- Miembros de los sindicatos UGT, CCOO y CIG junto con varios miles de ciudadanos vigueses han recorrido hoy las calles de la ciudad para solicitar el indulto de los sindicalistas Seraf\\u00edn Rodr\\u00edguez (CIG) y Carlos Rivas (UGT), condenados a tres a\\u00f1os de c\\u00e1rcel por su participaci\\u00f3n en un piquete informativo durante\",\"inLanguage\":\"es-ES\",\"isPartOf\":{\"@id\":\"https:\\\/\\\/www.eldigitaldeasturias.com\\\/noticias\\\/#website\"},\"breadcrumb\":{\"@id\":\"https:\\\/\\\/www.eldigitaldeasturias.com\\\/noticias\\\/miles-de-personas-se-manifiestan-en-vigo-por-el-indulto-a-dos-sindicalistas\\\/#breadcrumblist\"},\"author\":{\"@id\":\"https:\\\/\\\/www.eldigitaldeasturias.com\\\/noticias\\\/author\\\/admin\\\/#author\"},\"creator\":{\"@id\":\"https:\\\/\\\/www.eldigitaldeasturias.com\\\/noticias\\\/author\\\/admin\\\/#author\"},\"image\":{\"@type\":\"ImageObject\",\"url\":487463,\"@id\":\"https:\\\/\\\/www.eldigitaldeasturias.com\\\/noticias\\\/miles-de-personas-se-manifiestan-en-vigo-por-el-indulto-a-dos-sindicalistas\\\/#mainImage\"},\"primaryImageOfPage\":{\"@id\":\"https:\\\/\\\/www.eldigitaldeasturias.com\\\/noticias\\\/miles-de-personas-se-manifiestan-en-vigo-por-el-indulto-a-dos-sindicalistas\\\/#mainImage\"},\"datePublished\":\"2014-02-09T21:58:20+01:00\",\"dateModified\":\"2014-02-09T21:58:20+01:00\"},{\"@type\":\"WebSite\",\"@id\":\"https:\\\/\\\/www.eldigitaldeasturias.com\\\/noticias\\\/#website\",\"url\":\"https:\\\/\\\/www.eldigitaldeasturias.com\\\/noticias\\\/\",\"name\":\"El Digital de Asturias - Diario de actualidad y noticias\",\"alternateName\":\"El Digital de Asturias - Diario de actualidad y noticias\",\"description\":\"Hemeroteca\",\"inLanguage\":\"es-ES\",\"publisher\":{\"@id\":\"https:\\\/\\\/www.eldigitaldeasturias.com\\\/noticias\\\/#organization\"}}]}\n\t\t<\/script>\n\t\t<!-- All in One SEO Pro -->\r\n\t\t<title>Miles de personas se manifiestan en Vigo por el indulto a dos sindicalistas - El Digital de Asturias<\/title>\n\n","aioseo_head_json":{"title":"Miles de personas se manifiestan en Vigo por el indulto a dos sindicalistas - El Digital de Asturias","description":"Vigo, 9 feb (EFE).- Miembros de los sindicatos UGT, CCOO y CIG junto con varios miles de ciudadanos vigueses han recorrido hoy las calles de la ciudad para solicitar el indulto de los sindicalistas Seraf\u00edn Rodr\u00edguez (CIG) y Carlos Rivas (UGT), condenados a tres a\u00f1os de c\u00e1rcel por su participaci\u00f3n en un piquete informativo durante","canonical_url":"https:\/\/www.eldigitaldeasturias.com\/noticias\/miles-de-personas-se-manifiestan-en-vigo-por-el-indulto-a-dos-sindicalistas\/","robots":"max-image-preview:large","keywords":"actualidad","webmasterTools":{"google-site-verification":"UA-38556648-1","msvalidate.01":"7dfe9f3f1b24437ab69f4f2559babe99","miscellaneous":""},"schema":{"@context":"https:\/\/schema.org","@graph":[{"@type":"BlogPosting","@id":"https:\/\/www.eldigitaldeasturias.com\/noticias\/miles-de-personas-se-manifiestan-en-vigo-por-el-indulto-a-dos-sindicalistas\/#blogposting","name":"Miles de personas se manifiestan en Vigo por el indulto a dos sindicalistas - El Digital de Asturias","headline":"Miles de personas se manifiestan en Vigo por el indulto a dos sindicalistas","author":{"@id":"https:\/\/www.eldigitaldeasturias.com\/noticias\/author\/admin\/#author"},"publisher":{"@id":"https:\/\/www.eldigitaldeasturias.com\/noticias\/#organization"},"image":{"@type":"ImageObject","url":487463},"datePublished":"2014-02-09T21:58:20+01:00","dateModified":"2014-02-09T21:58:20+01:00","inLanguage":"es-ES","mainEntityOfPage":{"@id":"https:\/\/www.eldigitaldeasturias.com\/noticias\/miles-de-personas-se-manifiestan-en-vigo-por-el-indulto-a-dos-sindicalistas\/#webpage"},"isPartOf":{"@id":"https:\/\/www.eldigitaldeasturias.com\/noticias\/miles-de-personas-se-manifiestan-en-vigo-por-el-indulto-a-dos-sindicalistas\/#webpage"},"articleSection":"Actualidad"},{"@type":"BreadcrumbList","@id":"https:\/\/www.eldigitaldeasturias.com\/noticias\/miles-de-personas-se-manifiestan-en-vigo-por-el-indulto-a-dos-sindicalistas\/#breadcrumblist","itemListElement":[{"@type":"ListItem","@id":"https:\/\/www.eldigitaldeasturias.com\/noticias#listItem","position":1,"name":"Home","item":"https:\/\/www.eldigitaldeasturias.com\/noticias","nextItem":{"@type":"ListItem","@id":"https:\/\/www.eldigitaldeasturias.com\/noticias\/category\/actualidad\/#listItem","name":"Actualidad"}},{"@type":"ListItem","@id":"https:\/\/www.eldigitaldeasturias.com\/noticias\/category\/actualidad\/#listItem","position":2,"name":"Actualidad","item":"https:\/\/www.eldigitaldeasturias.com\/noticias\/category\/actualidad\/","nextItem":{"@type":"ListItem","@id":"https:\/\/www.eldigitaldeasturias.com\/noticias\/miles-de-personas-se-manifiestan-en-vigo-por-el-indulto-a-dos-sindicalistas\/#listItem","name":"Miles de personas se manifiestan en Vigo por el indulto a dos sindicalistas"},"previousItem":{"@type":"ListItem","@id":"https:\/\/www.eldigitaldeasturias.com\/noticias#listItem","name":"Home"}},{"@type":"ListItem","@id":"https:\/\/www.eldigitaldeasturias.com\/noticias\/miles-de-personas-se-manifiestan-en-vigo-por-el-indulto-a-dos-sindicalistas\/#listItem","position":3,"name":"Miles de personas se manifiestan en Vigo por el indulto a dos sindicalistas","previousItem":{"@type":"ListItem","@id":"https:\/\/www.eldigitaldeasturias.com\/noticias\/category\/actualidad\/#listItem","name":"Actualidad"}}]},{"@type":"Organization","@id":"https:\/\/www.eldigitaldeasturias.com\/noticias\/#organization","name":"El Digital de Asturias","description":"Hemeroteca","url":"https:\/\/www.eldigitaldeasturias.com\/noticias\/","email":"info@eldigitaldeasturias.com","telephone":"+34652131393","logo":{"@type":"ImageObject","url":"https:\/\/www.eldigitaldeasturias.com\/noticias\/wp-content\/uploads\/2020\/12\/EDA.jpg","@id":"https:\/\/www.eldigitaldeasturias.com\/noticias\/miles-de-personas-se-manifiestan-en-vigo-por-el-indulto-a-dos-sindicalistas\/#organizationLogo"},"image":{"@id":"https:\/\/www.eldigitaldeasturias.com\/noticias\/miles-de-personas-se-manifiestan-en-vigo-por-el-indulto-a-dos-sindicalistas\/#organizationLogo"},"sameAs":["https:\/\/facebook.com\/eldigitaldeasturias","https:\/\/www.youtube.com\/channel\/UCZP-2wLEB9Rv6erhFmqVnvg"],"address":{"@id":"https:\/\/www.eldigitaldeasturias.com\/noticias\/#postaladdress","@type":"PostalAddress","streetAddress":"san antonio 4","postalCode":"33430","addressLocality":"Cand\u00e1s","addressRegion":"Asturias","addressCountry":"ES"}},{"@type":"Person","@id":"https:\/\/www.eldigitaldeasturias.com\/noticias\/author\/admin\/#author","url":"https:\/\/www.eldigitaldeasturias.com\/noticias\/author\/admin\/","name":"El Digital de Asturias","image":{"@type":"ImageObject","@id":"https:\/\/www.eldigitaldeasturias.com\/noticias\/miles-de-personas-se-manifiestan-en-vigo-por-el-indulto-a-dos-sindicalistas\/#authorImage","url":"https:\/\/secure.gravatar.com\/avatar\/df2aeffc32bcd13f8d26072ef8a91b623d677766deac7f97ca815868cd41bf5e?s=96&d=mm&r=g","width":96,"height":96,"caption":"El Digital de Asturias"}},{"@type":"WebPage","@id":"https:\/\/www.eldigitaldeasturias.com\/noticias\/miles-de-personas-se-manifiestan-en-vigo-por-el-indulto-a-dos-sindicalistas\/#webpage","url":"https:\/\/www.eldigitaldeasturias.com\/noticias\/miles-de-personas-se-manifiestan-en-vigo-por-el-indulto-a-dos-sindicalistas\/","name":"Miles de personas se manifiestan en Vigo por el indulto a dos sindicalistas - El Digital de Asturias","description":"Vigo, 9 feb (EFE).- Miembros de los sindicatos UGT, CCOO y CIG junto con varios miles de ciudadanos vigueses han recorrido hoy las calles de la ciudad para solicitar el indulto de los sindicalistas Seraf\u00edn Rodr\u00edguez (CIG) y Carlos Rivas (UGT), condenados a tres a\u00f1os de c\u00e1rcel por su participaci\u00f3n en un piquete informativo durante","inLanguage":"es-ES","isPartOf":{"@id":"https:\/\/www.eldigitaldeasturias.com\/noticias\/#website"},"breadcrumb":{"@id":"https:\/\/www.eldigitaldeasturias.com\/noticias\/miles-de-personas-se-manifiestan-en-vigo-por-el-indulto-a-dos-sindicalistas\/#breadcrumblist"},"author":{"@id":"https:\/\/www.eldigitaldeasturias.com\/noticias\/author\/admin\/#author"},"creator":{"@id":"https:\/\/www.eldigitaldeasturias.com\/noticias\/author\/admin\/#author"},"image":{"@type":"ImageObject","url":487463,"@id":"https:\/\/www.eldigitaldeasturias.com\/noticias\/miles-de-personas-se-manifiestan-en-vigo-por-el-indulto-a-dos-sindicalistas\/#mainImage"},"primaryImageOfPage":{"@id":"https:\/\/www.eldigitaldeasturias.com\/noticias\/miles-de-personas-se-manifiestan-en-vigo-por-el-indulto-a-dos-sindicalistas\/#mainImage"},"datePublished":"2014-02-09T21:58:20+01:00","dateModified":"2014-02-09T21:58:20+01:00"},{"@type":"WebSite","@id":"https:\/\/www.eldigitaldeasturias.com\/noticias\/#website","url":"https:\/\/www.eldigitaldeasturias.com\/noticias\/","name":"El Digital de Asturias - Diario de actualidad y noticias","alternateName":"El Digital de Asturias - Diario de actualidad y noticias","description":"Hemeroteca","inLanguage":"es-ES","publisher":{"@id":"https:\/\/www.eldigitaldeasturias.com\/noticias\/#organization"}}]},"og:locale":"es_ES","og:site_name":"El Digital de Asturias","og:type":"article","og:title":"Miles de personas se manifiestan en Vigo por el indulto a dos sindicalistas - El Digital de Asturias","og:description":"Vigo, 9 feb (EFE).- Miembros de los sindicatos UGT, CCOO y CIG junto con varios miles de ciudadanos vigueses han recorrido hoy las calles de la ciudad para solicitar el indulto de los sindicalistas Seraf\u00edn Rodr\u00edguez (CIG) y Carlos Rivas (UGT), condenados a tres a\u00f1os de c\u00e1rcel por su participaci\u00f3n en un piquete informativo durante","og:url":"https:\/\/www.eldigitaldeasturias.com\/noticias\/miles-de-personas-se-manifiestan-en-vigo-por-el-indulto-a-dos-sindicalistas\/","article:tag":["actualidad"],"article:published_time":"2014-02-09T22:58:20+00:00","article:modified_time":"2014-02-09T22:58:20+00:00","article:publisher":"https:\/\/facebook.com\/eldigitaldeasturias","twitter:card":"summary_large_image","twitter:title":"Miles de personas se manifiestan en Vigo por el indulto a dos sindicalistas - El Digital de Asturias","twitter:description":"Vigo, 9 feb (EFE).- Miembros de los sindicatos UGT, CCOO y CIG junto con varios miles de ciudadanos vigueses han recorrido hoy las calles de la ciudad para solicitar el indulto de los sindicalistas Seraf\u00edn Rodr\u00edguez (CIG) y Carlos Rivas (UGT), condenados a tres a\u00f1os de c\u00e1rcel por su participaci\u00f3n en un piquete informativo durante","twitter:label1":"Escrito por","twitter:data1":"El Digital de Asturias","twitter:label2":"Tiempo de lectura estimado","twitter:data2":"3 minutos"},"aioseo_meta_data":{"post_id":"487462","title":null,"description":null,"keywords":null,"keyphrases":null,"primary_term":null,"canonical_url":null,"og_title":null,"og_description":null,"og_object_type":"default","og_image_type":"default","og_image_url":null,"og_image_width":null,"og_image_height":null,"og_image_custom_url":null,"og_image_custom_fields":null,"og_video":null,"og_custom_url":null,"og_article_section":null,"og_article_tags":null,"twitter_use_og":true,"twitter_card":"default","twitter_image_type":"default","twitter_image_url":null,"twitter_image_custom_url":null,"twitter_image_custom_fields":null,"twitter_title":null,"twitter_description":null,"schema":{"blockGraphs":[],"customGraphs":[],"default":{"data":{"Article":[],"Course":[],"Dataset":[],"FAQPage":[],"Movie":[],"Person":[],"Product":[],"ProductReview":[],"Car":[],"Recipe":[],"Service":[],"SoftwareApplication":[],"WebPage":[]},"graphName":"","isEnabled":true},"graphs":[],"defaultGraph":"","defaultPostTypeGraph":""},"schema_type":null,"schema_type_options":null,"pillar_content":false,"robots_default":true,"robots_noindex":false,"robots_noarchive":false,"robots_nosnippet":false,"robots_nofollow":false,"robots_noimageindex":false,"robots_noodp":false,"robots_notranslate":false,"robots_max_snippet":null,"robots_max_videopreview":null,"robots_max_imagepreview":"none","priority":null,"frequency":null,"local_seo":null,"seo_analyzer_scan_date":"2026-06-03 04:48:24","breadcrumb_settings":null,"limit_modified_date":false,"open_ai":null,"ai":null,"created":"2020-11-14 22:56:22","updated":"2026-06-03 04:48:24","focus_keyword":null,"additional_keywords":null,"truseo_locale":null},"aioseo_breadcrumb":"<div class=\"aioseo-breadcrumbs\"><span class=\"aioseo-breadcrumb\">\n\t<a href=\"https:\/\/www.eldigitaldeasturias.com\/noticias\" title=\"Home\">Home<\/a>\n<\/span><span class=\"aioseo-breadcrumb-separator\">\u2013<\/span><span class=\"aioseo-breadcrumb\">\n\t<a href=\"https:\/\/www.eldigitaldeasturias.com\/noticias\/category\/actualidad\/\" title=\"Actualidad\">Actualidad<\/a>\n<\/span><span class=\"aioseo-breadcrumb-separator\">\u2013<\/span><span class=\"aioseo-breadcrumb\">\n\t<a href=\"https:\/\/www.eldigitaldeasturias.com\/noticias\/miles-de-personas-se-manifiestan-en-vigo-por-el-indulto-a-dos-sindicalistas\/\" title=\"Miles de personas se manifiestan en Vigo por el indulto a dos sindicalistas\">Miles de personas se manifiestan en Vigo por el indulto a dos sindicalistas<\/a>\n<\/span><\/div>","aioseo_breadcrumb_json":[{"label":"Home","link":"https:\/\/www.eldigitaldeasturias.com\/noticias"},{"label":"Actualidad","link":"https:\/\/www.eldigitaldeasturias.com\/noticias\/category\/actualidad\/"},{"label":"Miles de personas se manifiestan en Vigo por el indulto a dos sindicalistas","link":"https:\/\/www.eldigitaldeasturias.com\/noticias\/miles-de-personas-se-manifiestan-en-vigo-por-el-indulto-a-dos-sindicalistas\/"}],"_links":{"self":[{"href":"https:\/\/www.eldigitaldeasturias.com\/noticias\/wp-json\/wp\/v2\/posts\/487462","targetHints":{"allow":["GET"]}}],"collection":[{"href":"https:\/\/www.eldigitaldeasturias.com\/noticias\/wp-json\/wp\/v2\/posts"}],"about":[{"href":"https:\/\/www.eldigitaldeasturias.com\/noticias\/wp-json\/wp\/v2\/types\/post"}],"author":[{"embeddable":true,"href":"https:\/\/www.eldigitaldeasturias.com\/noticias\/wp-json\/wp\/v2\/users\/1"}],"replies":[{"embeddable":true,"href":"https:\/\/www.eldigitaldeasturias.com\/noticias\/wp-json\/wp\/v2\/comments?post=487462"}],"version-history":[{"count":0,"href":"https:\/\/www.eldigitaldeasturias.com\/noticias\/wp-json\/wp\/v2\/posts\/487462\/revisions"}],"wp:attachment":[{"href":"https:\/\/www.eldigitaldeasturias.com\/noticias\/wp-json\/wp\/v2\/media?parent=487462"}],"wp:term":[{"taxonomy":"category","embeddable":true,"href":"https:\/\/www.eldigitaldeasturias.com\/noticias\/wp-json\/wp\/v2\/categories?post=487462"},{"taxonomy":"post_tag","embeddable":true,"href":"https:\/\/www.eldigitaldeasturias.com\/noticias\/wp-json\/wp\/v2\/tags?post=487462"}],"curies":[{"name":"wp","href":"https:\/\/api.w.org\/{rel}","templated":true}]}}