{"id":487459,"date":"2014-02-09T21:56:56","date_gmt":"2014-02-09T22:56:56","guid":{"rendered":"http:\/\/www.eldigitaldeasturias.com\/noticias\/?p=487459"},"modified":"2014-02-09T21:56:56","modified_gmt":"2014-02-09T22:56:56","slug":"obama-y-hollande-refrendaran-con-una-visita-de-estado-el-buen-momento-de-su-alianza","status":"publish","type":"post","link":"https:\/\/www.eldigitaldeasturias.com\/noticias\/obama-y-hollande-refrendaran-con-una-visita-de-estado-el-buen-momento-de-su-alianza\/","title":{"rendered":"Obama y Hollande refrendar\u00e1n con una visita de Estado el buen momento de su alianza"},"content":{"rendered":"<p><img loading=\"lazy\" decoding=\"async\" class=\"alignleft size-medium wp-image-487460\" alt=\"5925139w\" src=\"https:\/\/www.eldigitaldeasturias.com\/noticias\/wp-content\/uploads\/2014\/02\/5925139w-360x274.jpg\" width=\"360\" height=\"274\" \/>Washington, 9 feb (EFE).- Estados Unidos y Francia refrendar\u00e1n esta semana el buen momento de su alianza con la visita de Estado del gobernante galo, Fran\u00e7ois Hollande, a Washington, donde ser\u00e1 agasajado por el presidente Barack Obama con una cena de gala y una visita a la residencia de Thomas Jefferson, un declarado franc\u00f3filo.<\/p>\n<p>Hollande estar\u00e1 lunes y martes en Washington para pasar el mi\u00e9rcoles en San Francisco, en la que ser\u00e1 la primera visita de Estado de un presidente franc\u00e9s a EEUU desde 1996.<\/p>\n<p>Desde que Obama lleg\u00f3 a la Casa Blanca en 2009, s\u00f3lo ha agasajado con cenas de Estado a los gobernantes de seis pa\u00edses: India, M\u00e9xico, China, Alemania, Corea del Sur y Reino Unido, y Hollande ser\u00e1 el s\u00e9ptimo.<\/p>\n<p>Altos cargos de la Casa Blanca no se han cansado de enfatizar la importancia de la visita de Hollande para Obama, distanciado en los \u00faltimos tiempos de otros importantes aliados europeos como la canciller alemana, Angela Merkel, sobre todo a causa del espionaje de la Agencia de Seguridad Nacional (NSA) estadounidense.<\/p>\n<p>El resurgir del \u00abromance\u00bb con Francia se produjo en agosto del a\u00f1o pasado, cuando Obama evaluaba una acci\u00f3n militar contra el r\u00e9gimen sirio en represalia por el supuesto uso de armas qu\u00edmicas y se encontr\u00f3 con que \u00fanicamente Hollande estaba dispuesto a darle apoyo tras el \u00abno\u00bb del Reino Unido.<\/p>\n<p>El secretario de Estado de EEUU, John Kerry, se refiri\u00f3 entonces a Francia como \u00abel m\u00e1s viejo aliado\u00bb de Washington, en un gui\u00f1o a la guerra de independencia contra la corona brit\u00e1nica.<\/p>\n<p>Si Hollande estaba dispuesto a acompa\u00f1ar a Obama en el ataque contra Siria, a comienzos de 2013 fue EEUU el que proporcion\u00f3 una ayuda econ\u00f3mica de 50 millones de d\u00f3lares y aviones no tripulados para apoyar las operaciones militares de Francia en el norte de Mali contra grupos armados integristas isl\u00e1micos radicales.<\/p>\n<p>Ahora ambos pa\u00edses tienen la vista puesta en el sur de Libia y consideran esa zona como un peligroso foco de inestabilidad, seg\u00fan indicaron a finales de enero en Washington el ministro franc\u00e9s de Defensa, Jean-Yves Le Drian, y el responsable del mismo Departamento de EEUU, Chuck Hagel.<\/p>\n<p>Washington y Par\u00eds estudian planes para entrenar a tropas del Gobierno libio surgido tras la ca\u00edda del r\u00e9gimen de Muamar al Gadafi, muerto a manos de rebeldes el 20 de octubre de 2011.<\/p>\n<p>Las \u00fanicas desavenencias recientes se produjeron durante las negociaciones nucleares del Grupo 5+1, del que ambos pa\u00edses forman parte, con Ir\u00e1n, puesto que Francia defend\u00eda imponer a Teher\u00e1n unos compromisos m\u00e1s duros que los exigidos por EEUU.<\/p>\n<p>Las banderas de Francia ya engalanan la Casa Blanca y sus alrededores desde hace algunos d\u00edas, y antes de su reuni\u00f3n m\u00e1s formal en el Despacho Oval Obama y Hollande se desplazar\u00e1n ma\u00f1ana al estado de Virginia para visitar Monticello, que fue la residencia del presidente estadounidense Thomas Jefferson.<\/p>\n<p>Monticello \u00abrefleja el afecto de Jefferson por el pueblo de Francia\u00bb, donde fue embajador entre 1785 y 1789, al igual que valores compartidos como \u00abla vida, la libertad y la b\u00fasqueda de la felicidad\u00bb, seg\u00fan la Casa Blanca.<\/p>\n<p>El martes ser\u00e1 el d\u00eda m\u00e1s se\u00f1alado de la visita de Estado de Hollande, con un recibimiento con honores en la Casa Blanca, reuni\u00f3n en el Despacho Oval, conferencia de prensa conjunta y por \u00faltimo la cena de gala.<\/p>\n<p>Con mucha prudencia y sin entrar en detalles, el portavoz de la Casa Blanca, Jay Carney, aclar\u00f3 hace algunos d\u00edas que la separaci\u00f3n de Hollande y la que era hasta hace poco su pareja, Val\u00e9rie Trierweiler, no representa ning\u00fan problema log\u00edstico para la visita de Estado.<\/p>\n<p>Durante su estancia en Washington Hollande se reunir\u00e1 tambi\u00e9n con la directora del Fondo Monetario Internacional, la francesa Christine Lagarde, y con el presidente del Banco Mundial, Jim Yong Kim.<\/p>\n<p>Mientras, en San Francisco, el presidente franc\u00e9s prev\u00e9 entrevistarse con directivos de compa\u00f1\u00edas tecnol\u00f3gicas como Google, Twitter y Facebook.<\/p>\n<p>Miriam Burgu\u00e9s<\/p>\n","protected":false},"excerpt":{"rendered":"<p>Washington, 9 feb (EFE).- Estados Unidos y Francia refrendar\u00e1n esta semana el buen momento de su alianza con la visita de Estado del gobernante galo, Fran\u00e7ois Hollande, a Washington, donde ser\u00e1 agasajado por el presidente Barack Obama con una cena de gala y una visita a la residencia de Thomas Jefferson, un declarado franc\u00f3filo. Hollande [&hellip;]<\/p>\n","protected":false},"author":1,"featured_media":487460,"comment_status":"open","ping_status":"open","sticky":false,"template":"","format":"standard","meta":{"footnotes":""},"categories":[1],"tags":[],"class_list":["post-487459","post","type-post","status-publish","format-standard","has-post-thumbnail","hentry","category-actualidad"],"aioseo_notices":[],"aioseo_head":"\n\t\t<!-- All in One SEO Pro 5.0.1 - aioseo.com -->\n\t<meta name=\"description\" content=\"Washington, 9 feb (EFE).- Estados Unidos y Francia refrendar\u00e1n esta semana el buen momento de su alianza con la visita de Estado del gobernante galo, Fran\u00e7ois Hollande, a Washington, donde ser\u00e1 agasajado por el presidente Barack Obama con una cena de gala y una visita a la residencia de Thomas Jefferson, un declarado franc\u00f3filo. Hollande\" \/>\n\t<meta name=\"robots\" content=\"max-image-preview:large\" \/>\n\t<meta name=\"author\" content=\"El Digital de Asturias\"\/>\n\t<meta name=\"google-site-verification\" content=\"UA-38556648-1\" \/>\n\t<meta name=\"msvalidate.01\" content=\"7dfe9f3f1b24437ab69f4f2559babe99\" \/>\n\t<meta name=\"keywords\" content=\"actualidad\" \/>\n\t<link rel=\"canonical\" href=\"https:\/\/www.eldigitaldeasturias.com\/noticias\/obama-y-hollande-refrendaran-con-una-visita-de-estado-el-buen-momento-de-su-alianza\/\" \/>\n\t<meta name=\"generator\" content=\"All in One SEO Pro (AIOSEO) 5.0.1\" \/>\n\t\t<meta property=\"og:locale\" content=\"es_ES\" \/>\n\t\t<meta property=\"og:site_name\" content=\"El Digital de Asturias\" \/>\n\t\t<meta property=\"og:type\" content=\"article\" \/>\n\t\t<meta property=\"og:title\" content=\"Obama y Hollande refrendar\u00e1n con una visita de Estado el buen momento de su alianza - El Digital de Asturias\" \/>\n\t\t<meta property=\"og:description\" content=\"Washington, 9 feb (EFE).- Estados Unidos y Francia refrendar\u00e1n esta semana el buen momento de su alianza con la visita de Estado del gobernante galo, Fran\u00e7ois Hollande, a Washington, donde ser\u00e1 agasajado por el presidente Barack Obama con una cena de gala y una visita a la residencia de Thomas Jefferson, un declarado franc\u00f3filo. Hollande\" \/>\n\t\t<meta property=\"og:url\" content=\"https:\/\/www.eldigitaldeasturias.com\/noticias\/obama-y-hollande-refrendaran-con-una-visita-de-estado-el-buen-momento-de-su-alianza\/\" \/>\n\t\t<meta property=\"article:tag\" content=\"actualidad\" \/>\n\t\t<meta property=\"article:published_time\" content=\"2014-02-09T22:56:56+00:00\" \/>\n\t\t<meta property=\"article:modified_time\" content=\"2014-02-09T22:56:56+00:00\" \/>\n\t\t<meta property=\"article:publisher\" content=\"https:\/\/facebook.com\/eldigitaldeasturias\" \/>\n\t\t<meta name=\"twitter:card\" content=\"summary_large_image\" \/>\n\t\t<meta name=\"twitter:title\" content=\"Obama y Hollande refrendar\u00e1n con una visita de Estado el buen momento de su alianza - El Digital de Asturias\" \/>\n\t\t<meta name=\"twitter:description\" content=\"Washington, 9 feb (EFE).- Estados Unidos y Francia refrendar\u00e1n esta semana el buen momento de su alianza con la visita de Estado del gobernante galo, Fran\u00e7ois Hollande, a Washington, donde ser\u00e1 agasajado por el presidente Barack Obama con una cena de gala y una visita a la residencia de Thomas Jefferson, un declarado franc\u00f3filo. Hollande\" \/>\n\t\t<meta name=\"twitter:label1\" content=\"Escrito por\" \/>\n\t\t<meta name=\"twitter:data1\" content=\"El Digital de Asturias\" \/>\n\t\t<meta name=\"twitter:label2\" content=\"Tiempo de lectura estimado\" \/>\n\t\t<meta name=\"twitter:data2\" content=\"3 minutos\" \/>\n\t\t<script type=\"application\/ld+json\" class=\"aioseo-schema\">\n\t\t\t{\"@context\":\"https:\\\/\\\/schema.org\",\"@graph\":[{\"@type\":\"BlogPosting\",\"@id\":\"https:\\\/\\\/www.eldigitaldeasturias.com\\\/noticias\\\/obama-y-hollande-refrendaran-con-una-visita-de-estado-el-buen-momento-de-su-alianza\\\/#blogposting\",\"name\":\"Obama y Hollande refrendar\\u00e1n con una visita de Estado el buen momento de su alianza - El Digital de Asturias\",\"headline\":\"Obama y Hollande refrendar\\u00e1n con una visita de Estado el buen momento de su alianza\",\"author\":{\"@id\":\"https:\\\/\\\/www.eldigitaldeasturias.com\\\/noticias\\\/author\\\/admin\\\/#author\"},\"publisher\":{\"@id\":\"https:\\\/\\\/www.eldigitaldeasturias.com\\\/noticias\\\/#organization\"},\"image\":{\"@type\":\"ImageObject\",\"url\":487460},\"datePublished\":\"2014-02-09T21:56:56+01:00\",\"dateModified\":\"2014-02-09T21:56:56+01:00\",\"inLanguage\":\"es-ES\",\"mainEntityOfPage\":{\"@id\":\"https:\\\/\\\/www.eldigitaldeasturias.com\\\/noticias\\\/obama-y-hollande-refrendaran-con-una-visita-de-estado-el-buen-momento-de-su-alianza\\\/#webpage\"},\"isPartOf\":{\"@id\":\"https:\\\/\\\/www.eldigitaldeasturias.com\\\/noticias\\\/obama-y-hollande-refrendaran-con-una-visita-de-estado-el-buen-momento-de-su-alianza\\\/#webpage\"},\"articleSection\":\"Actualidad\"},{\"@type\":\"BreadcrumbList\",\"@id\":\"https:\\\/\\\/www.eldigitaldeasturias.com\\\/noticias\\\/obama-y-hollande-refrendaran-con-una-visita-de-estado-el-buen-momento-de-su-alianza\\\/#breadcrumblist\",\"itemListElement\":[{\"@type\":\"ListItem\",\"@id\":\"https:\\\/\\\/www.eldigitaldeasturias.com\\\/noticias#listItem\",\"position\":1,\"name\":\"Home\",\"item\":\"https:\\\/\\\/www.eldigitaldeasturias.com\\\/noticias\",\"nextItem\":{\"@type\":\"ListItem\",\"@id\":\"https:\\\/\\\/www.eldigitaldeasturias.com\\\/noticias\\\/category\\\/actualidad\\\/#listItem\",\"name\":\"Actualidad\"}},{\"@type\":\"ListItem\",\"@id\":\"https:\\\/\\\/www.eldigitaldeasturias.com\\\/noticias\\\/category\\\/actualidad\\\/#listItem\",\"position\":2,\"name\":\"Actualidad\",\"item\":\"https:\\\/\\\/www.eldigitaldeasturias.com\\\/noticias\\\/category\\\/actualidad\\\/\",\"nextItem\":{\"@type\":\"ListItem\",\"@id\":\"https:\\\/\\\/www.eldigitaldeasturias.com\\\/noticias\\\/obama-y-hollande-refrendaran-con-una-visita-de-estado-el-buen-momento-de-su-alianza\\\/#listItem\",\"name\":\"Obama y Hollande refrendar\\u00e1n con una visita de Estado el buen momento de su alianza\"},\"previousItem\":{\"@type\":\"ListItem\",\"@id\":\"https:\\\/\\\/www.eldigitaldeasturias.com\\\/noticias#listItem\",\"name\":\"Home\"}},{\"@type\":\"ListItem\",\"@id\":\"https:\\\/\\\/www.eldigitaldeasturias.com\\\/noticias\\\/obama-y-hollande-refrendaran-con-una-visita-de-estado-el-buen-momento-de-su-alianza\\\/#listItem\",\"position\":3,\"name\":\"Obama y Hollande refrendar\\u00e1n con una visita de Estado el buen momento de su alianza\",\"previousItem\":{\"@type\":\"ListItem\",\"@id\":\"https:\\\/\\\/www.eldigitaldeasturias.com\\\/noticias\\\/category\\\/actualidad\\\/#listItem\",\"name\":\"Actualidad\"}}]},{\"@type\":\"Organization\",\"@id\":\"https:\\\/\\\/www.eldigitaldeasturias.com\\\/noticias\\\/#organization\",\"name\":\"El Digital de Asturias\",\"description\":\"Hemeroteca\",\"url\":\"https:\\\/\\\/www.eldigitaldeasturias.com\\\/noticias\\\/\",\"email\":\"info@eldigitaldeasturias.com\",\"telephone\":\"+34652131393\",\"logo\":{\"@type\":\"ImageObject\",\"url\":\"https:\\\/\\\/www.eldigitaldeasturias.com\\\/noticias\\\/wp-content\\\/uploads\\\/2020\\\/12\\\/EDA.jpg\",\"@id\":\"https:\\\/\\\/www.eldigitaldeasturias.com\\\/noticias\\\/obama-y-hollande-refrendaran-con-una-visita-de-estado-el-buen-momento-de-su-alianza\\\/#organizationLogo\"},\"image\":{\"@id\":\"https:\\\/\\\/www.eldigitaldeasturias.com\\\/noticias\\\/obama-y-hollande-refrendaran-con-una-visita-de-estado-el-buen-momento-de-su-alianza\\\/#organizationLogo\"},\"sameAs\":[\"https:\\\/\\\/facebook.com\\\/eldigitaldeasturias\",\"https:\\\/\\\/www.youtube.com\\\/channel\\\/UCZP-2wLEB9Rv6erhFmqVnvg\"],\"address\":{\"@id\":\"https:\\\/\\\/www.eldigitaldeasturias.com\\\/noticias\\\/#postaladdress\",\"@type\":\"PostalAddress\",\"streetAddress\":\"san antonio 4\",\"postalCode\":\"33430\",\"addressLocality\":\"Cand\\u00e1s\",\"addressRegion\":\"Asturias\",\"addressCountry\":\"ES\"}},{\"@type\":\"Person\",\"@id\":\"https:\\\/\\\/www.eldigitaldeasturias.com\\\/noticias\\\/author\\\/admin\\\/#author\",\"url\":\"https:\\\/\\\/www.eldigitaldeasturias.com\\\/noticias\\\/author\\\/admin\\\/\",\"name\":\"El Digital de Asturias\",\"image\":{\"@type\":\"ImageObject\",\"@id\":\"https:\\\/\\\/www.eldigitaldeasturias.com\\\/noticias\\\/obama-y-hollande-refrendaran-con-una-visita-de-estado-el-buen-momento-de-su-alianza\\\/#authorImage\",\"url\":\"https:\\\/\\\/secure.gravatar.com\\\/avatar\\\/df2aeffc32bcd13f8d26072ef8a91b623d677766deac7f97ca815868cd41bf5e?s=96&d=mm&r=g\",\"width\":96,\"height\":96,\"caption\":\"El Digital de Asturias\"}},{\"@type\":\"WebPage\",\"@id\":\"https:\\\/\\\/www.eldigitaldeasturias.com\\\/noticias\\\/obama-y-hollande-refrendaran-con-una-visita-de-estado-el-buen-momento-de-su-alianza\\\/#webpage\",\"url\":\"https:\\\/\\\/www.eldigitaldeasturias.com\\\/noticias\\\/obama-y-hollande-refrendaran-con-una-visita-de-estado-el-buen-momento-de-su-alianza\\\/\",\"name\":\"Obama y Hollande refrendar\\u00e1n con una visita de Estado el buen momento de su alianza - El Digital de Asturias\",\"description\":\"Washington, 9 feb (EFE).- Estados Unidos y Francia refrendar\\u00e1n esta semana el buen momento de su alianza con la visita de Estado del gobernante galo, Fran\\u00e7ois Hollande, a Washington, donde ser\\u00e1 agasajado por el presidente Barack Obama con una cena de gala y una visita a la residencia de Thomas Jefferson, un declarado franc\\u00f3filo. Hollande\",\"inLanguage\":\"es-ES\",\"isPartOf\":{\"@id\":\"https:\\\/\\\/www.eldigitaldeasturias.com\\\/noticias\\\/#website\"},\"breadcrumb\":{\"@id\":\"https:\\\/\\\/www.eldigitaldeasturias.com\\\/noticias\\\/obama-y-hollande-refrendaran-con-una-visita-de-estado-el-buen-momento-de-su-alianza\\\/#breadcrumblist\"},\"author\":{\"@id\":\"https:\\\/\\\/www.eldigitaldeasturias.com\\\/noticias\\\/author\\\/admin\\\/#author\"},\"creator\":{\"@id\":\"https:\\\/\\\/www.eldigitaldeasturias.com\\\/noticias\\\/author\\\/admin\\\/#author\"},\"image\":{\"@type\":\"ImageObject\",\"url\":487460,\"@id\":\"https:\\\/\\\/www.eldigitaldeasturias.com\\\/noticias\\\/obama-y-hollande-refrendaran-con-una-visita-de-estado-el-buen-momento-de-su-alianza\\\/#mainImage\"},\"primaryImageOfPage\":{\"@id\":\"https:\\\/\\\/www.eldigitaldeasturias.com\\\/noticias\\\/obama-y-hollande-refrendaran-con-una-visita-de-estado-el-buen-momento-de-su-alianza\\\/#mainImage\"},\"datePublished\":\"2014-02-09T21:56:56+01:00\",\"dateModified\":\"2014-02-09T21:56:56+01:00\"},{\"@type\":\"WebSite\",\"@id\":\"https:\\\/\\\/www.eldigitaldeasturias.com\\\/noticias\\\/#website\",\"url\":\"https:\\\/\\\/www.eldigitaldeasturias.com\\\/noticias\\\/\",\"name\":\"El Digital de Asturias - Diario de actualidad y noticias\",\"alternateName\":\"El Digital de Asturias - Diario de actualidad y noticias\",\"description\":\"Hemeroteca\",\"inLanguage\":\"es-ES\",\"publisher\":{\"@id\":\"https:\\\/\\\/www.eldigitaldeasturias.com\\\/noticias\\\/#organization\"}}]}\n\t\t<\/script>\n\t\t<!-- All in One SEO Pro -->\r\n\t\t<title>Obama y Hollande refrendar\u00e1n con una visita de Estado el buen momento de su alianza - El Digital de Asturias<\/title>\n\n","aioseo_head_json":{"title":"Obama y Hollande refrendar\u00e1n con una visita de Estado el buen momento de su alianza - El Digital de Asturias","description":"Washington, 9 feb (EFE).- Estados Unidos y Francia refrendar\u00e1n esta semana el buen momento de su alianza con la visita de Estado del gobernante galo, Fran\u00e7ois Hollande, a Washington, donde ser\u00e1 agasajado por el presidente Barack Obama con una cena de gala y una visita a la residencia de Thomas Jefferson, un declarado franc\u00f3filo. Hollande","canonical_url":"https:\/\/www.eldigitaldeasturias.com\/noticias\/obama-y-hollande-refrendaran-con-una-visita-de-estado-el-buen-momento-de-su-alianza\/","robots":"max-image-preview:large","keywords":"actualidad","webmasterTools":{"google-site-verification":"UA-38556648-1","msvalidate.01":"7dfe9f3f1b24437ab69f4f2559babe99","miscellaneous":""},"schema":{"@context":"https:\/\/schema.org","@graph":[{"@type":"BlogPosting","@id":"https:\/\/www.eldigitaldeasturias.com\/noticias\/obama-y-hollande-refrendaran-con-una-visita-de-estado-el-buen-momento-de-su-alianza\/#blogposting","name":"Obama y Hollande refrendar\u00e1n con una visita de Estado el buen momento de su alianza - El Digital de Asturias","headline":"Obama y Hollande refrendar\u00e1n con una visita de Estado el buen momento de su alianza","author":{"@id":"https:\/\/www.eldigitaldeasturias.com\/noticias\/author\/admin\/#author"},"publisher":{"@id":"https:\/\/www.eldigitaldeasturias.com\/noticias\/#organization"},"image":{"@type":"ImageObject","url":487460},"datePublished":"2014-02-09T21:56:56+01:00","dateModified":"2014-02-09T21:56:56+01:00","inLanguage":"es-ES","mainEntityOfPage":{"@id":"https:\/\/www.eldigitaldeasturias.com\/noticias\/obama-y-hollande-refrendaran-con-una-visita-de-estado-el-buen-momento-de-su-alianza\/#webpage"},"isPartOf":{"@id":"https:\/\/www.eldigitaldeasturias.com\/noticias\/obama-y-hollande-refrendaran-con-una-visita-de-estado-el-buen-momento-de-su-alianza\/#webpage"},"articleSection":"Actualidad"},{"@type":"BreadcrumbList","@id":"https:\/\/www.eldigitaldeasturias.com\/noticias\/obama-y-hollande-refrendaran-con-una-visita-de-estado-el-buen-momento-de-su-alianza\/#breadcrumblist","itemListElement":[{"@type":"ListItem","@id":"https:\/\/www.eldigitaldeasturias.com\/noticias#listItem","position":1,"name":"Home","item":"https:\/\/www.eldigitaldeasturias.com\/noticias","nextItem":{"@type":"ListItem","@id":"https:\/\/www.eldigitaldeasturias.com\/noticias\/category\/actualidad\/#listItem","name":"Actualidad"}},{"@type":"ListItem","@id":"https:\/\/www.eldigitaldeasturias.com\/noticias\/category\/actualidad\/#listItem","position":2,"name":"Actualidad","item":"https:\/\/www.eldigitaldeasturias.com\/noticias\/category\/actualidad\/","nextItem":{"@type":"ListItem","@id":"https:\/\/www.eldigitaldeasturias.com\/noticias\/obama-y-hollande-refrendaran-con-una-visita-de-estado-el-buen-momento-de-su-alianza\/#listItem","name":"Obama y Hollande refrendar\u00e1n con una visita de Estado el buen momento de su alianza"},"previousItem":{"@type":"ListItem","@id":"https:\/\/www.eldigitaldeasturias.com\/noticias#listItem","name":"Home"}},{"@type":"ListItem","@id":"https:\/\/www.eldigitaldeasturias.com\/noticias\/obama-y-hollande-refrendaran-con-una-visita-de-estado-el-buen-momento-de-su-alianza\/#listItem","position":3,"name":"Obama y Hollande refrendar\u00e1n con una visita de Estado el buen momento de su alianza","previousItem":{"@type":"ListItem","@id":"https:\/\/www.eldigitaldeasturias.com\/noticias\/category\/actualidad\/#listItem","name":"Actualidad"}}]},{"@type":"Organization","@id":"https:\/\/www.eldigitaldeasturias.com\/noticias\/#organization","name":"El Digital de Asturias","description":"Hemeroteca","url":"https:\/\/www.eldigitaldeasturias.com\/noticias\/","email":"info@eldigitaldeasturias.com","telephone":"+34652131393","logo":{"@type":"ImageObject","url":"https:\/\/www.eldigitaldeasturias.com\/noticias\/wp-content\/uploads\/2020\/12\/EDA.jpg","@id":"https:\/\/www.eldigitaldeasturias.com\/noticias\/obama-y-hollande-refrendaran-con-una-visita-de-estado-el-buen-momento-de-su-alianza\/#organizationLogo"},"image":{"@id":"https:\/\/www.eldigitaldeasturias.com\/noticias\/obama-y-hollande-refrendaran-con-una-visita-de-estado-el-buen-momento-de-su-alianza\/#organizationLogo"},"sameAs":["https:\/\/facebook.com\/eldigitaldeasturias","https:\/\/www.youtube.com\/channel\/UCZP-2wLEB9Rv6erhFmqVnvg"],"address":{"@id":"https:\/\/www.eldigitaldeasturias.com\/noticias\/#postaladdress","@type":"PostalAddress","streetAddress":"san antonio 4","postalCode":"33430","addressLocality":"Cand\u00e1s","addressRegion":"Asturias","addressCountry":"ES"}},{"@type":"Person","@id":"https:\/\/www.eldigitaldeasturias.com\/noticias\/author\/admin\/#author","url":"https:\/\/www.eldigitaldeasturias.com\/noticias\/author\/admin\/","name":"El Digital de Asturias","image":{"@type":"ImageObject","@id":"https:\/\/www.eldigitaldeasturias.com\/noticias\/obama-y-hollande-refrendaran-con-una-visita-de-estado-el-buen-momento-de-su-alianza\/#authorImage","url":"https:\/\/secure.gravatar.com\/avatar\/df2aeffc32bcd13f8d26072ef8a91b623d677766deac7f97ca815868cd41bf5e?s=96&d=mm&r=g","width":96,"height":96,"caption":"El Digital de Asturias"}},{"@type":"WebPage","@id":"https:\/\/www.eldigitaldeasturias.com\/noticias\/obama-y-hollande-refrendaran-con-una-visita-de-estado-el-buen-momento-de-su-alianza\/#webpage","url":"https:\/\/www.eldigitaldeasturias.com\/noticias\/obama-y-hollande-refrendaran-con-una-visita-de-estado-el-buen-momento-de-su-alianza\/","name":"Obama y Hollande refrendar\u00e1n con una visita de Estado el buen momento de su alianza - El Digital de Asturias","description":"Washington, 9 feb (EFE).- Estados Unidos y Francia refrendar\u00e1n esta semana el buen momento de su alianza con la visita de Estado del gobernante galo, Fran\u00e7ois Hollande, a Washington, donde ser\u00e1 agasajado por el presidente Barack Obama con una cena de gala y una visita a la residencia de Thomas Jefferson, un declarado franc\u00f3filo. Hollande","inLanguage":"es-ES","isPartOf":{"@id":"https:\/\/www.eldigitaldeasturias.com\/noticias\/#website"},"breadcrumb":{"@id":"https:\/\/www.eldigitaldeasturias.com\/noticias\/obama-y-hollande-refrendaran-con-una-visita-de-estado-el-buen-momento-de-su-alianza\/#breadcrumblist"},"author":{"@id":"https:\/\/www.eldigitaldeasturias.com\/noticias\/author\/admin\/#author"},"creator":{"@id":"https:\/\/www.eldigitaldeasturias.com\/noticias\/author\/admin\/#author"},"image":{"@type":"ImageObject","url":487460,"@id":"https:\/\/www.eldigitaldeasturias.com\/noticias\/obama-y-hollande-refrendaran-con-una-visita-de-estado-el-buen-momento-de-su-alianza\/#mainImage"},"primaryImageOfPage":{"@id":"https:\/\/www.eldigitaldeasturias.com\/noticias\/obama-y-hollande-refrendaran-con-una-visita-de-estado-el-buen-momento-de-su-alianza\/#mainImage"},"datePublished":"2014-02-09T21:56:56+01:00","dateModified":"2014-02-09T21:56:56+01:00"},{"@type":"WebSite","@id":"https:\/\/www.eldigitaldeasturias.com\/noticias\/#website","url":"https:\/\/www.eldigitaldeasturias.com\/noticias\/","name":"El Digital de Asturias - Diario de actualidad y noticias","alternateName":"El Digital de Asturias - Diario de actualidad y noticias","description":"Hemeroteca","inLanguage":"es-ES","publisher":{"@id":"https:\/\/www.eldigitaldeasturias.com\/noticias\/#organization"}}]},"og:locale":"es_ES","og:site_name":"El Digital de Asturias","og:type":"article","og:title":"Obama y Hollande refrendar\u00e1n con una visita de Estado el buen momento de su alianza - El Digital de Asturias","og:description":"Washington, 9 feb (EFE).- Estados Unidos y Francia refrendar\u00e1n esta semana el buen momento de su alianza con la visita de Estado del gobernante galo, Fran\u00e7ois Hollande, a Washington, donde ser\u00e1 agasajado por el presidente Barack Obama con una cena de gala y una visita a la residencia de Thomas Jefferson, un declarado franc\u00f3filo. Hollande","og:url":"https:\/\/www.eldigitaldeasturias.com\/noticias\/obama-y-hollande-refrendaran-con-una-visita-de-estado-el-buen-momento-de-su-alianza\/","article:tag":["actualidad"],"article:published_time":"2014-02-09T22:56:56+00:00","article:modified_time":"2014-02-09T22:56:56+00:00","article:publisher":"https:\/\/facebook.com\/eldigitaldeasturias","twitter:card":"summary_large_image","twitter:title":"Obama y Hollande refrendar\u00e1n con una visita de Estado el buen momento de su alianza - El Digital de Asturias","twitter:description":"Washington, 9 feb (EFE).- Estados Unidos y Francia refrendar\u00e1n esta semana el buen momento de su alianza con la visita de Estado del gobernante galo, Fran\u00e7ois Hollande, a Washington, donde ser\u00e1 agasajado por el presidente Barack Obama con una cena de gala y una visita a la residencia de Thomas Jefferson, un declarado franc\u00f3filo. Hollande","twitter:label1":"Escrito por","twitter:data1":"El Digital de Asturias","twitter:label2":"Tiempo de lectura estimado","twitter:data2":"3 minutos"},"aioseo_meta_data":{"post_id":"487459","title":null,"description":null,"keywords":null,"keyphrases":null,"primary_term":null,"canonical_url":null,"og_title":null,"og_description":null,"og_object_type":"default","og_image_type":"default","og_image_url":null,"og_image_width":null,"og_image_height":null,"og_image_custom_url":null,"og_image_custom_fields":null,"og_video":null,"og_custom_url":null,"og_article_section":null,"og_article_tags":null,"twitter_use_og":true,"twitter_card":"default","twitter_image_type":"default","twitter_image_url":null,"twitter_image_custom_url":null,"twitter_image_custom_fields":null,"twitter_title":null,"twitter_description":null,"schema":{"blockGraphs":[],"customGraphs":[],"default":{"data":{"Article":[],"Course":[],"Dataset":[],"FAQPage":[],"Movie":[],"Person":[],"Product":[],"ProductReview":[],"Car":[],"Recipe":[],"Service":[],"SoftwareApplication":[],"WebPage":[]},"graphName":"","isEnabled":true},"graphs":[],"defaultGraph":"","defaultPostTypeGraph":""},"schema_type":null,"schema_type_options":null,"pillar_content":false,"robots_default":true,"robots_noindex":false,"robots_noarchive":false,"robots_nosnippet":false,"robots_nofollow":false,"robots_noimageindex":false,"robots_noodp":false,"robots_notranslate":false,"robots_max_snippet":null,"robots_max_videopreview":null,"robots_max_imagepreview":"none","priority":null,"frequency":null,"local_seo":null,"seo_analyzer_scan_date":"2026-06-03 04:48:23","breadcrumb_settings":null,"limit_modified_date":false,"open_ai":null,"ai":null,"created":"2020-11-14 22:56:22","updated":"2026-06-03 04:48:23","focus_keyword":null,"additional_keywords":null,"truseo_locale":null},"aioseo_breadcrumb":"<div class=\"aioseo-breadcrumbs\"><span class=\"aioseo-breadcrumb\">\n\t<a href=\"https:\/\/www.eldigitaldeasturias.com\/noticias\" title=\"Home\">Home<\/a>\n<\/span><span class=\"aioseo-breadcrumb-separator\">\u2013<\/span><span class=\"aioseo-breadcrumb\">\n\t<a href=\"https:\/\/www.eldigitaldeasturias.com\/noticias\/category\/actualidad\/\" title=\"Actualidad\">Actualidad<\/a>\n<\/span><span class=\"aioseo-breadcrumb-separator\">\u2013<\/span><span class=\"aioseo-breadcrumb\">\n\t<a href=\"https:\/\/www.eldigitaldeasturias.com\/noticias\/obama-y-hollande-refrendaran-con-una-visita-de-estado-el-buen-momento-de-su-alianza\/\" title=\"Obama y Hollande refrendar\u00e1n con una visita de Estado el buen momento de su alianza\">Obama y Hollande refrendar\u00e1n con una visita de Estado el buen momento de su alianza<\/a>\n<\/span><\/div>","aioseo_breadcrumb_json":[{"label":"Home","link":"https:\/\/www.eldigitaldeasturias.com\/noticias"},{"label":"Actualidad","link":"https:\/\/www.eldigitaldeasturias.com\/noticias\/category\/actualidad\/"},{"label":"Obama y Hollande refrendar\u00e1n con una visita de Estado el buen momento de su alianza","link":"https:\/\/www.eldigitaldeasturias.com\/noticias\/obama-y-hollande-refrendaran-con-una-visita-de-estado-el-buen-momento-de-su-alianza\/"}],"_links":{"self":[{"href":"https:\/\/www.eldigitaldeasturias.com\/noticias\/wp-json\/wp\/v2\/posts\/487459","targetHints":{"allow":["GET"]}}],"collection":[{"href":"https:\/\/www.eldigitaldeasturias.com\/noticias\/wp-json\/wp\/v2\/posts"}],"about":[{"href":"https:\/\/www.eldigitaldeasturias.com\/noticias\/wp-json\/wp\/v2\/types\/post"}],"author":[{"embeddable":true,"href":"https:\/\/www.eldigitaldeasturias.com\/noticias\/wp-json\/wp\/v2\/users\/1"}],"replies":[{"embeddable":true,"href":"https:\/\/www.eldigitaldeasturias.com\/noticias\/wp-json\/wp\/v2\/comments?post=487459"}],"version-history":[{"count":0,"href":"https:\/\/www.eldigitaldeasturias.com\/noticias\/wp-json\/wp\/v2\/posts\/487459\/revisions"}],"wp:attachment":[{"href":"https:\/\/www.eldigitaldeasturias.com\/noticias\/wp-json\/wp\/v2\/media?parent=487459"}],"wp:term":[{"taxonomy":"category","embeddable":true,"href":"https:\/\/www.eldigitaldeasturias.com\/noticias\/wp-json\/wp\/v2\/categories?post=487459"},{"taxonomy":"post_tag","embeddable":true,"href":"https:\/\/www.eldigitaldeasturias.com\/noticias\/wp-json\/wp\/v2\/tags?post=487459"}],"curies":[{"name":"wp","href":"https:\/\/api.w.org\/{rel}","templated":true}]}}