{"id":487450,"date":"2014-02-09T21:53:23","date_gmt":"2014-02-09T22:53:23","guid":{"rendered":"http:\/\/www.eldigitaldeasturias.com\/noticias\/?p=487450"},"modified":"2014-02-09T21:53:23","modified_gmt":"2014-02-09T22:53:23","slug":"ortega-buscara-el-dialogo-con-el-sucesor-de-chinchilla-para-mejorar-las-relaciones","status":"publish","type":"post","link":"https:\/\/www.eldigitaldeasturias.com\/noticias\/ortega-buscara-el-dialogo-con-el-sucesor-de-chinchilla-para-mejorar-las-relaciones\/","title":{"rendered":"Ortega buscar\u00e1 el di\u00e1logo con el sucesor de Chinchilla para mejorar las relaciones"},"content":{"rendered":"<p><img loading=\"lazy\" decoding=\"async\" class=\"alignleft size-medium wp-image-487451\" alt=\"5925770w\" src=\"https:\/\/www.eldigitaldeasturias.com\/noticias\/wp-content\/uploads\/2014\/02\/5925770w-360x232.jpg\" width=\"360\" height=\"232\" \/>Managua, 9 feb (EFE).- El presidente de Nicaragua, Daniel Ortega, buscar\u00e1 retomar la senda del di\u00e1logo con quien suceda en la Presidencia de Costa Rica a Laura Chinchilla y mejorar una relaci\u00f3n muy deteriorada a causa de un litigio territorial que dirime la Corte Internacional de Justicia (CIJ).<\/p>\n<p>El mandatario nicarag\u00fcense hizo un gui\u00f1o este semana, en ese sentido, al centro izquierdista Luis Guillermo Sol\u00eds y al oficialista y socialdem\u00f3crata Johnny Araya, quienes disputar\u00e1n la Presidencia de Costa Rica en una segunda vuelta el pr\u00f3ximo 6 de abril.<\/p>\n<p>Costa Rica y Nicaragua, que comparten una frontera terrestre de unos 300 kil\u00f3metros, mantienen una larga historia de rencillas, y en la actualidad tienen en proceso dos demandas en la CIJ, con sede en La Haya, precisamente por diferencias lim\u00edtrofes.<\/p>\n<p>El \u00faltimo cap\u00edtulo de sus enfrentamientos se dio esta semana cuando el canciller costarricense, Enrique Castillo, calific\u00f3 como \u00abcuentos\u00bb los llamados al di\u00e1logo que ha realizado Nicaragua.<\/p>\n<p>Hablan de di\u00e1logo y hermandad, \u00abpero en la realidad, en el terreno, siguen siendo hostiles, agresivos y prepotentes\u00bb, se\u00f1al\u00f3 el canciller costarricense, lo que motiv\u00f3 una nota de protesta de Managua.<\/p>\n<p>El Gobierno de Chinchilla, que deja el poder el 8 de mayo pr\u00f3ximo, tambi\u00e9n anunci\u00f3 que demandar\u00e1 a Nicaragua ante la CIJ por ofertar bloques marinos para explotaci\u00f3n petrolera en territorio que ambos consideran suyos, una actitud calificada como \u00abponzo\u00f1osa\u00bb por el secretario de relaciones internacionales del gobernante Frente Sandinista de Liberaci\u00f3n Nacional (FSLN), Jacinto Su\u00e1rez.<\/p>\n<p>Seg\u00fan analistas nicarag\u00fcenses consultados por Efe, Ortega apostar\u00e1 al di\u00e1logo con el nuevo gobernante de Costa Rica y tratar\u00e1 de encontrar eco con quien suceda en la Presidencia a Chinchilla -y que han mostrado mayor apertura-, para resolver por la negociaci\u00f3n bilateral el conflicto fronterizo entre ambos pa\u00edses fuera de la CIJ.<\/p>\n<p>El objetivo, de acuerdo a los analistas, es que Ortega querr\u00e1 enviar un mensaje de unidad y de integraci\u00f3n centroamericana en momentos en que Nicaragua tambi\u00e9n dirime otro conflicto por l\u00edmites con Colombia, del que Costa Rica ha tomado parte.<\/p>\n<p>Colombia, Costa Rica y Panam\u00e1 anunciaron hace unos d\u00edas que presentar\u00e1n una \u00abnota tripartita\u00bb ante una comisi\u00f3n de la ONU, en la que expresan su posici\u00f3n sobre el pedido nicarag\u00fcense de extender su plataforma continental, lo que \u00abafecta los l\u00edmites de los tres pa\u00edses\u00bb.<\/p>\n<p>Nicaragua pidi\u00f3 en junio pasado a la Comisi\u00f3n de L\u00edmites de la Plataforma Continental de la Convenci\u00f3n de la ONU sobre el Derecho del Mar extender su plataforma continental m\u00e1s all\u00e1 de las 200 millas n\u00e1uticas, meses despu\u00e9s de que un fallo de la CIJ le otorg\u00f3 una porci\u00f3n del mar Caribe que estuvo bajo administraci\u00f3n colombiana desde 1928.<\/p>\n<p>El 19 de noviembre de 2012, la CIJ defini\u00f3 los l\u00edmites en el Caribe entre Bogot\u00e1 y Managua y dej\u00f3 en manos de Colombia siete cayos del archipi\u00e9lago de San Andr\u00e9s, cuyas islas mayores ya se hab\u00edan concedido a esta naci\u00f3n en 2007.<\/p>\n<p>Tambi\u00e9n otorg\u00f3 a Nicaragua una franja marina en esa zona que Colombia calcula en unos 70.000 kil\u00f3metros cuadrados y el pa\u00eds centroamericano en m\u00e1s de 90.000 kil\u00f3metros cuadrados.<\/p>\n<p>Por tanto, seg\u00fan los analistas, la estrategia de Nicaragua ser\u00e1 la de buscar acuerdos bilaterales tanto con Costa Rica y con Panam\u00e1, y disputar con Colombia, en la CIJ, una plataforma extendida m\u00e1s all\u00e1 de las 200 millas n\u00e1uticas.<\/p>\n<p>En efecto, el agente nicarag\u00fcense ante la CIJ, Carlos Arg\u00fcello, ha sugerido a Costa Rica definir sus l\u00edmites mar\u00edtimos en el Caribe \u00abporque no existe\u00bb y retomar las negociaciones, suspendidas desde 2005.<\/p>\n<p>Seg\u00fan Nicaragua, Costa Rica ten\u00eda una delimitaci\u00f3n con base en un tratado con Colombia, en alusi\u00f3n al Facio-Fern\u00e1ndez de 1977, que reconoc\u00eda como frontera el meridiano 82, que la CIJ determin\u00f3 no lo era en la disputa entre Managua y Bogot\u00e1.<\/p>\n<p>Durante los \u00faltimos a\u00f1os, las relaciones internacionales de Costa Rica se han centrado en su conflicto con Nicaragua, y de acuerdo al candidato presidencial m\u00e1s votado en la primera vuelta, Luis Guillermo Sol\u00eds, no pueden \u00abseguir nicaraguanizando nuestra pol\u00edtica exterior\u00bb.<\/p>\n<p>En la actualidad, la CIJ tramita en un solo caso una demanda de Costa Rica contra Nicaragua por invasi\u00f3n de territorio y da\u00f1os ambientales en una zona que ambos reclaman como propia, y otra en la que Managua acusa a San Jos\u00e9 de causar da\u00f1os ambientales al fronterizo r\u00edo San Juan, de soberan\u00eda nicarag\u00fcense.<\/p>\n","protected":false},"excerpt":{"rendered":"<p>Managua, 9 feb (EFE).- El presidente de Nicaragua, Daniel Ortega, buscar\u00e1 retomar la senda del di\u00e1logo con quien suceda en la Presidencia de Costa Rica a Laura Chinchilla y mejorar una relaci\u00f3n muy deteriorada a causa de un litigio territorial que dirime la Corte Internacional de Justicia (CIJ). El mandatario nicarag\u00fcense hizo un gui\u00f1o este [&hellip;]<\/p>\n","protected":false},"author":1,"featured_media":487451,"comment_status":"open","ping_status":"open","sticky":false,"template":"","format":"standard","meta":{"footnotes":""},"categories":[1],"tags":[],"class_list":["post-487450","post","type-post","status-publish","format-standard","has-post-thumbnail","hentry","category-actualidad"],"aioseo_notices":[],"aioseo_head":"\n\t\t<!-- All in One SEO Pro 5.0.1 - aioseo.com -->\n\t<meta name=\"description\" content=\"Managua, 9 feb (EFE).- El presidente de Nicaragua, Daniel Ortega, buscar\u00e1 retomar la senda del di\u00e1logo con quien suceda en la Presidencia de Costa Rica a Laura Chinchilla y mejorar una relaci\u00f3n muy deteriorada a causa de un litigio territorial que dirime la Corte Internacional de Justicia (CIJ). El mandatario nicarag\u00fcense hizo un gui\u00f1o este\" \/>\n\t<meta name=\"robots\" content=\"max-image-preview:large\" \/>\n\t<meta name=\"author\" content=\"El Digital de Asturias\"\/>\n\t<meta name=\"google-site-verification\" content=\"UA-38556648-1\" \/>\n\t<meta name=\"msvalidate.01\" content=\"7dfe9f3f1b24437ab69f4f2559babe99\" \/>\n\t<meta name=\"keywords\" content=\"actualidad\" \/>\n\t<link rel=\"canonical\" href=\"https:\/\/www.eldigitaldeasturias.com\/noticias\/ortega-buscara-el-dialogo-con-el-sucesor-de-chinchilla-para-mejorar-las-relaciones\/\" \/>\n\t<meta name=\"generator\" content=\"All in One SEO Pro (AIOSEO) 5.0.1\" \/>\n\t\t<meta property=\"og:locale\" content=\"es_ES\" \/>\n\t\t<meta property=\"og:site_name\" content=\"El Digital de Asturias\" \/>\n\t\t<meta property=\"og:type\" content=\"article\" \/>\n\t\t<meta property=\"og:title\" content=\"Ortega buscar\u00e1 el di\u00e1logo con el sucesor de Chinchilla para mejorar las relaciones - El Digital de Asturias\" \/>\n\t\t<meta property=\"og:description\" content=\"Managua, 9 feb (EFE).- El presidente de Nicaragua, Daniel Ortega, buscar\u00e1 retomar la senda del di\u00e1logo con quien suceda en la Presidencia de Costa Rica a Laura Chinchilla y mejorar una relaci\u00f3n muy deteriorada a causa de un litigio territorial que dirime la Corte Internacional de Justicia (CIJ). El mandatario nicarag\u00fcense hizo un gui\u00f1o este\" \/>\n\t\t<meta property=\"og:url\" content=\"https:\/\/www.eldigitaldeasturias.com\/noticias\/ortega-buscara-el-dialogo-con-el-sucesor-de-chinchilla-para-mejorar-las-relaciones\/\" \/>\n\t\t<meta property=\"article:tag\" content=\"actualidad\" \/>\n\t\t<meta property=\"article:published_time\" content=\"2014-02-09T22:53:23+00:00\" \/>\n\t\t<meta property=\"article:modified_time\" content=\"2014-02-09T22:53:23+00:00\" \/>\n\t\t<meta property=\"article:publisher\" content=\"https:\/\/facebook.com\/eldigitaldeasturias\" \/>\n\t\t<meta name=\"twitter:card\" content=\"summary_large_image\" \/>\n\t\t<meta name=\"twitter:title\" content=\"Ortega buscar\u00e1 el di\u00e1logo con el sucesor de Chinchilla para mejorar las relaciones - El Digital de Asturias\" \/>\n\t\t<meta name=\"twitter:description\" content=\"Managua, 9 feb (EFE).- El presidente de Nicaragua, Daniel Ortega, buscar\u00e1 retomar la senda del di\u00e1logo con quien suceda en la Presidencia de Costa Rica a Laura Chinchilla y mejorar una relaci\u00f3n muy deteriorada a causa de un litigio territorial que dirime la Corte Internacional de Justicia (CIJ). El mandatario nicarag\u00fcense hizo un gui\u00f1o este\" \/>\n\t\t<meta name=\"twitter:label1\" content=\"Escrito por\" \/>\n\t\t<meta name=\"twitter:data1\" content=\"El Digital de Asturias\" \/>\n\t\t<meta name=\"twitter:label2\" content=\"Tiempo de lectura estimado\" \/>\n\t\t<meta name=\"twitter:data2\" content=\"4 minutos\" \/>\n\t\t<script type=\"application\/ld+json\" class=\"aioseo-schema\">\n\t\t\t{\"@context\":\"https:\\\/\\\/schema.org\",\"@graph\":[{\"@type\":\"BlogPosting\",\"@id\":\"https:\\\/\\\/www.eldigitaldeasturias.com\\\/noticias\\\/ortega-buscara-el-dialogo-con-el-sucesor-de-chinchilla-para-mejorar-las-relaciones\\\/#blogposting\",\"name\":\"Ortega buscar\\u00e1 el di\\u00e1logo con el sucesor de Chinchilla para mejorar las relaciones - El Digital de Asturias\",\"headline\":\"Ortega buscar\\u00e1 el di\\u00e1logo con el sucesor de Chinchilla para mejorar las relaciones\",\"author\":{\"@id\":\"https:\\\/\\\/www.eldigitaldeasturias.com\\\/noticias\\\/author\\\/admin\\\/#author\"},\"publisher\":{\"@id\":\"https:\\\/\\\/www.eldigitaldeasturias.com\\\/noticias\\\/#organization\"},\"image\":{\"@type\":\"ImageObject\",\"url\":487451},\"datePublished\":\"2014-02-09T21:53:23+01:00\",\"dateModified\":\"2014-02-09T21:53:23+01:00\",\"inLanguage\":\"es-ES\",\"mainEntityOfPage\":{\"@id\":\"https:\\\/\\\/www.eldigitaldeasturias.com\\\/noticias\\\/ortega-buscara-el-dialogo-con-el-sucesor-de-chinchilla-para-mejorar-las-relaciones\\\/#webpage\"},\"isPartOf\":{\"@id\":\"https:\\\/\\\/www.eldigitaldeasturias.com\\\/noticias\\\/ortega-buscara-el-dialogo-con-el-sucesor-de-chinchilla-para-mejorar-las-relaciones\\\/#webpage\"},\"articleSection\":\"Actualidad\"},{\"@type\":\"BreadcrumbList\",\"@id\":\"https:\\\/\\\/www.eldigitaldeasturias.com\\\/noticias\\\/ortega-buscara-el-dialogo-con-el-sucesor-de-chinchilla-para-mejorar-las-relaciones\\\/#breadcrumblist\",\"itemListElement\":[{\"@type\":\"ListItem\",\"@id\":\"https:\\\/\\\/www.eldigitaldeasturias.com\\\/noticias#listItem\",\"position\":1,\"name\":\"Home\",\"item\":\"https:\\\/\\\/www.eldigitaldeasturias.com\\\/noticias\",\"nextItem\":{\"@type\":\"ListItem\",\"@id\":\"https:\\\/\\\/www.eldigitaldeasturias.com\\\/noticias\\\/category\\\/actualidad\\\/#listItem\",\"name\":\"Actualidad\"}},{\"@type\":\"ListItem\",\"@id\":\"https:\\\/\\\/www.eldigitaldeasturias.com\\\/noticias\\\/category\\\/actualidad\\\/#listItem\",\"position\":2,\"name\":\"Actualidad\",\"item\":\"https:\\\/\\\/www.eldigitaldeasturias.com\\\/noticias\\\/category\\\/actualidad\\\/\",\"nextItem\":{\"@type\":\"ListItem\",\"@id\":\"https:\\\/\\\/www.eldigitaldeasturias.com\\\/noticias\\\/ortega-buscara-el-dialogo-con-el-sucesor-de-chinchilla-para-mejorar-las-relaciones\\\/#listItem\",\"name\":\"Ortega buscar\\u00e1 el di\\u00e1logo con el sucesor de Chinchilla para mejorar las relaciones\"},\"previousItem\":{\"@type\":\"ListItem\",\"@id\":\"https:\\\/\\\/www.eldigitaldeasturias.com\\\/noticias#listItem\",\"name\":\"Home\"}},{\"@type\":\"ListItem\",\"@id\":\"https:\\\/\\\/www.eldigitaldeasturias.com\\\/noticias\\\/ortega-buscara-el-dialogo-con-el-sucesor-de-chinchilla-para-mejorar-las-relaciones\\\/#listItem\",\"position\":3,\"name\":\"Ortega buscar\\u00e1 el di\\u00e1logo con el sucesor de Chinchilla para mejorar las relaciones\",\"previousItem\":{\"@type\":\"ListItem\",\"@id\":\"https:\\\/\\\/www.eldigitaldeasturias.com\\\/noticias\\\/category\\\/actualidad\\\/#listItem\",\"name\":\"Actualidad\"}}]},{\"@type\":\"Organization\",\"@id\":\"https:\\\/\\\/www.eldigitaldeasturias.com\\\/noticias\\\/#organization\",\"name\":\"El Digital de Asturias\",\"description\":\"Hemeroteca\",\"url\":\"https:\\\/\\\/www.eldigitaldeasturias.com\\\/noticias\\\/\",\"email\":\"info@eldigitaldeasturias.com\",\"telephone\":\"+34652131393\",\"logo\":{\"@type\":\"ImageObject\",\"url\":\"https:\\\/\\\/www.eldigitaldeasturias.com\\\/noticias\\\/wp-content\\\/uploads\\\/2020\\\/12\\\/EDA.jpg\",\"@id\":\"https:\\\/\\\/www.eldigitaldeasturias.com\\\/noticias\\\/ortega-buscara-el-dialogo-con-el-sucesor-de-chinchilla-para-mejorar-las-relaciones\\\/#organizationLogo\"},\"image\":{\"@id\":\"https:\\\/\\\/www.eldigitaldeasturias.com\\\/noticias\\\/ortega-buscara-el-dialogo-con-el-sucesor-de-chinchilla-para-mejorar-las-relaciones\\\/#organizationLogo\"},\"sameAs\":[\"https:\\\/\\\/facebook.com\\\/eldigitaldeasturias\",\"https:\\\/\\\/www.youtube.com\\\/channel\\\/UCZP-2wLEB9Rv6erhFmqVnvg\"],\"address\":{\"@id\":\"https:\\\/\\\/www.eldigitaldeasturias.com\\\/noticias\\\/#postaladdress\",\"@type\":\"PostalAddress\",\"streetAddress\":\"san antonio 4\",\"postalCode\":\"33430\",\"addressLocality\":\"Cand\\u00e1s\",\"addressRegion\":\"Asturias\",\"addressCountry\":\"ES\"}},{\"@type\":\"Person\",\"@id\":\"https:\\\/\\\/www.eldigitaldeasturias.com\\\/noticias\\\/author\\\/admin\\\/#author\",\"url\":\"https:\\\/\\\/www.eldigitaldeasturias.com\\\/noticias\\\/author\\\/admin\\\/\",\"name\":\"El Digital de Asturias\",\"image\":{\"@type\":\"ImageObject\",\"@id\":\"https:\\\/\\\/www.eldigitaldeasturias.com\\\/noticias\\\/ortega-buscara-el-dialogo-con-el-sucesor-de-chinchilla-para-mejorar-las-relaciones\\\/#authorImage\",\"url\":\"https:\\\/\\\/secure.gravatar.com\\\/avatar\\\/df2aeffc32bcd13f8d26072ef8a91b623d677766deac7f97ca815868cd41bf5e?s=96&d=mm&r=g\",\"width\":96,\"height\":96,\"caption\":\"El Digital de Asturias\"}},{\"@type\":\"WebPage\",\"@id\":\"https:\\\/\\\/www.eldigitaldeasturias.com\\\/noticias\\\/ortega-buscara-el-dialogo-con-el-sucesor-de-chinchilla-para-mejorar-las-relaciones\\\/#webpage\",\"url\":\"https:\\\/\\\/www.eldigitaldeasturias.com\\\/noticias\\\/ortega-buscara-el-dialogo-con-el-sucesor-de-chinchilla-para-mejorar-las-relaciones\\\/\",\"name\":\"Ortega buscar\\u00e1 el di\\u00e1logo con el sucesor de Chinchilla para mejorar las relaciones - El Digital de Asturias\",\"description\":\"Managua, 9 feb (EFE).- El presidente de Nicaragua, Daniel Ortega, buscar\\u00e1 retomar la senda del di\\u00e1logo con quien suceda en la Presidencia de Costa Rica a Laura Chinchilla y mejorar una relaci\\u00f3n muy deteriorada a causa de un litigio territorial que dirime la Corte Internacional de Justicia (CIJ). El mandatario nicarag\\u00fcense hizo un gui\\u00f1o este\",\"inLanguage\":\"es-ES\",\"isPartOf\":{\"@id\":\"https:\\\/\\\/www.eldigitaldeasturias.com\\\/noticias\\\/#website\"},\"breadcrumb\":{\"@id\":\"https:\\\/\\\/www.eldigitaldeasturias.com\\\/noticias\\\/ortega-buscara-el-dialogo-con-el-sucesor-de-chinchilla-para-mejorar-las-relaciones\\\/#breadcrumblist\"},\"author\":{\"@id\":\"https:\\\/\\\/www.eldigitaldeasturias.com\\\/noticias\\\/author\\\/admin\\\/#author\"},\"creator\":{\"@id\":\"https:\\\/\\\/www.eldigitaldeasturias.com\\\/noticias\\\/author\\\/admin\\\/#author\"},\"image\":{\"@type\":\"ImageObject\",\"url\":487451,\"@id\":\"https:\\\/\\\/www.eldigitaldeasturias.com\\\/noticias\\\/ortega-buscara-el-dialogo-con-el-sucesor-de-chinchilla-para-mejorar-las-relaciones\\\/#mainImage\"},\"primaryImageOfPage\":{\"@id\":\"https:\\\/\\\/www.eldigitaldeasturias.com\\\/noticias\\\/ortega-buscara-el-dialogo-con-el-sucesor-de-chinchilla-para-mejorar-las-relaciones\\\/#mainImage\"},\"datePublished\":\"2014-02-09T21:53:23+01:00\",\"dateModified\":\"2014-02-09T21:53:23+01:00\"},{\"@type\":\"WebSite\",\"@id\":\"https:\\\/\\\/www.eldigitaldeasturias.com\\\/noticias\\\/#website\",\"url\":\"https:\\\/\\\/www.eldigitaldeasturias.com\\\/noticias\\\/\",\"name\":\"El Digital de Asturias - Diario de actualidad y noticias\",\"alternateName\":\"El Digital de Asturias - Diario de actualidad y noticias\",\"description\":\"Hemeroteca\",\"inLanguage\":\"es-ES\",\"publisher\":{\"@id\":\"https:\\\/\\\/www.eldigitaldeasturias.com\\\/noticias\\\/#organization\"}}]}\n\t\t<\/script>\n\t\t<!-- All in One SEO Pro -->\r\n\t\t<title>Ortega buscar\u00e1 el di\u00e1logo con el sucesor de Chinchilla para mejorar las relaciones - El Digital de Asturias<\/title>\n\n","aioseo_head_json":{"title":"Ortega buscar\u00e1 el di\u00e1logo con el sucesor de Chinchilla para mejorar las relaciones - El Digital de Asturias","description":"Managua, 9 feb (EFE).- El presidente de Nicaragua, Daniel Ortega, buscar\u00e1 retomar la senda del di\u00e1logo con quien suceda en la Presidencia de Costa Rica a Laura Chinchilla y mejorar una relaci\u00f3n muy deteriorada a causa de un litigio territorial que dirime la Corte Internacional de Justicia (CIJ). El mandatario nicarag\u00fcense hizo un gui\u00f1o este","canonical_url":"https:\/\/www.eldigitaldeasturias.com\/noticias\/ortega-buscara-el-dialogo-con-el-sucesor-de-chinchilla-para-mejorar-las-relaciones\/","robots":"max-image-preview:large","keywords":"actualidad","webmasterTools":{"google-site-verification":"UA-38556648-1","msvalidate.01":"7dfe9f3f1b24437ab69f4f2559babe99","miscellaneous":""},"schema":{"@context":"https:\/\/schema.org","@graph":[{"@type":"BlogPosting","@id":"https:\/\/www.eldigitaldeasturias.com\/noticias\/ortega-buscara-el-dialogo-con-el-sucesor-de-chinchilla-para-mejorar-las-relaciones\/#blogposting","name":"Ortega buscar\u00e1 el di\u00e1logo con el sucesor de Chinchilla para mejorar las relaciones - El Digital de Asturias","headline":"Ortega buscar\u00e1 el di\u00e1logo con el sucesor de Chinchilla para mejorar las relaciones","author":{"@id":"https:\/\/www.eldigitaldeasturias.com\/noticias\/author\/admin\/#author"},"publisher":{"@id":"https:\/\/www.eldigitaldeasturias.com\/noticias\/#organization"},"image":{"@type":"ImageObject","url":487451},"datePublished":"2014-02-09T21:53:23+01:00","dateModified":"2014-02-09T21:53:23+01:00","inLanguage":"es-ES","mainEntityOfPage":{"@id":"https:\/\/www.eldigitaldeasturias.com\/noticias\/ortega-buscara-el-dialogo-con-el-sucesor-de-chinchilla-para-mejorar-las-relaciones\/#webpage"},"isPartOf":{"@id":"https:\/\/www.eldigitaldeasturias.com\/noticias\/ortega-buscara-el-dialogo-con-el-sucesor-de-chinchilla-para-mejorar-las-relaciones\/#webpage"},"articleSection":"Actualidad"},{"@type":"BreadcrumbList","@id":"https:\/\/www.eldigitaldeasturias.com\/noticias\/ortega-buscara-el-dialogo-con-el-sucesor-de-chinchilla-para-mejorar-las-relaciones\/#breadcrumblist","itemListElement":[{"@type":"ListItem","@id":"https:\/\/www.eldigitaldeasturias.com\/noticias#listItem","position":1,"name":"Home","item":"https:\/\/www.eldigitaldeasturias.com\/noticias","nextItem":{"@type":"ListItem","@id":"https:\/\/www.eldigitaldeasturias.com\/noticias\/category\/actualidad\/#listItem","name":"Actualidad"}},{"@type":"ListItem","@id":"https:\/\/www.eldigitaldeasturias.com\/noticias\/category\/actualidad\/#listItem","position":2,"name":"Actualidad","item":"https:\/\/www.eldigitaldeasturias.com\/noticias\/category\/actualidad\/","nextItem":{"@type":"ListItem","@id":"https:\/\/www.eldigitaldeasturias.com\/noticias\/ortega-buscara-el-dialogo-con-el-sucesor-de-chinchilla-para-mejorar-las-relaciones\/#listItem","name":"Ortega buscar\u00e1 el di\u00e1logo con el sucesor de Chinchilla para mejorar las relaciones"},"previousItem":{"@type":"ListItem","@id":"https:\/\/www.eldigitaldeasturias.com\/noticias#listItem","name":"Home"}},{"@type":"ListItem","@id":"https:\/\/www.eldigitaldeasturias.com\/noticias\/ortega-buscara-el-dialogo-con-el-sucesor-de-chinchilla-para-mejorar-las-relaciones\/#listItem","position":3,"name":"Ortega buscar\u00e1 el di\u00e1logo con el sucesor de Chinchilla para mejorar las relaciones","previousItem":{"@type":"ListItem","@id":"https:\/\/www.eldigitaldeasturias.com\/noticias\/category\/actualidad\/#listItem","name":"Actualidad"}}]},{"@type":"Organization","@id":"https:\/\/www.eldigitaldeasturias.com\/noticias\/#organization","name":"El Digital de Asturias","description":"Hemeroteca","url":"https:\/\/www.eldigitaldeasturias.com\/noticias\/","email":"info@eldigitaldeasturias.com","telephone":"+34652131393","logo":{"@type":"ImageObject","url":"https:\/\/www.eldigitaldeasturias.com\/noticias\/wp-content\/uploads\/2020\/12\/EDA.jpg","@id":"https:\/\/www.eldigitaldeasturias.com\/noticias\/ortega-buscara-el-dialogo-con-el-sucesor-de-chinchilla-para-mejorar-las-relaciones\/#organizationLogo"},"image":{"@id":"https:\/\/www.eldigitaldeasturias.com\/noticias\/ortega-buscara-el-dialogo-con-el-sucesor-de-chinchilla-para-mejorar-las-relaciones\/#organizationLogo"},"sameAs":["https:\/\/facebook.com\/eldigitaldeasturias","https:\/\/www.youtube.com\/channel\/UCZP-2wLEB9Rv6erhFmqVnvg"],"address":{"@id":"https:\/\/www.eldigitaldeasturias.com\/noticias\/#postaladdress","@type":"PostalAddress","streetAddress":"san antonio 4","postalCode":"33430","addressLocality":"Cand\u00e1s","addressRegion":"Asturias","addressCountry":"ES"}},{"@type":"Person","@id":"https:\/\/www.eldigitaldeasturias.com\/noticias\/author\/admin\/#author","url":"https:\/\/www.eldigitaldeasturias.com\/noticias\/author\/admin\/","name":"El Digital de Asturias","image":{"@type":"ImageObject","@id":"https:\/\/www.eldigitaldeasturias.com\/noticias\/ortega-buscara-el-dialogo-con-el-sucesor-de-chinchilla-para-mejorar-las-relaciones\/#authorImage","url":"https:\/\/secure.gravatar.com\/avatar\/df2aeffc32bcd13f8d26072ef8a91b623d677766deac7f97ca815868cd41bf5e?s=96&d=mm&r=g","width":96,"height":96,"caption":"El Digital de Asturias"}},{"@type":"WebPage","@id":"https:\/\/www.eldigitaldeasturias.com\/noticias\/ortega-buscara-el-dialogo-con-el-sucesor-de-chinchilla-para-mejorar-las-relaciones\/#webpage","url":"https:\/\/www.eldigitaldeasturias.com\/noticias\/ortega-buscara-el-dialogo-con-el-sucesor-de-chinchilla-para-mejorar-las-relaciones\/","name":"Ortega buscar\u00e1 el di\u00e1logo con el sucesor de Chinchilla para mejorar las relaciones - El Digital de Asturias","description":"Managua, 9 feb (EFE).- El presidente de Nicaragua, Daniel Ortega, buscar\u00e1 retomar la senda del di\u00e1logo con quien suceda en la Presidencia de Costa Rica a Laura Chinchilla y mejorar una relaci\u00f3n muy deteriorada a causa de un litigio territorial que dirime la Corte Internacional de Justicia (CIJ). El mandatario nicarag\u00fcense hizo un gui\u00f1o este","inLanguage":"es-ES","isPartOf":{"@id":"https:\/\/www.eldigitaldeasturias.com\/noticias\/#website"},"breadcrumb":{"@id":"https:\/\/www.eldigitaldeasturias.com\/noticias\/ortega-buscara-el-dialogo-con-el-sucesor-de-chinchilla-para-mejorar-las-relaciones\/#breadcrumblist"},"author":{"@id":"https:\/\/www.eldigitaldeasturias.com\/noticias\/author\/admin\/#author"},"creator":{"@id":"https:\/\/www.eldigitaldeasturias.com\/noticias\/author\/admin\/#author"},"image":{"@type":"ImageObject","url":487451,"@id":"https:\/\/www.eldigitaldeasturias.com\/noticias\/ortega-buscara-el-dialogo-con-el-sucesor-de-chinchilla-para-mejorar-las-relaciones\/#mainImage"},"primaryImageOfPage":{"@id":"https:\/\/www.eldigitaldeasturias.com\/noticias\/ortega-buscara-el-dialogo-con-el-sucesor-de-chinchilla-para-mejorar-las-relaciones\/#mainImage"},"datePublished":"2014-02-09T21:53:23+01:00","dateModified":"2014-02-09T21:53:23+01:00"},{"@type":"WebSite","@id":"https:\/\/www.eldigitaldeasturias.com\/noticias\/#website","url":"https:\/\/www.eldigitaldeasturias.com\/noticias\/","name":"El Digital de Asturias - Diario de actualidad y noticias","alternateName":"El Digital de Asturias - Diario de actualidad y noticias","description":"Hemeroteca","inLanguage":"es-ES","publisher":{"@id":"https:\/\/www.eldigitaldeasturias.com\/noticias\/#organization"}}]},"og:locale":"es_ES","og:site_name":"El Digital de Asturias","og:type":"article","og:title":"Ortega buscar\u00e1 el di\u00e1logo con el sucesor de Chinchilla para mejorar las relaciones - El Digital de Asturias","og:description":"Managua, 9 feb (EFE).- El presidente de Nicaragua, Daniel Ortega, buscar\u00e1 retomar la senda del di\u00e1logo con quien suceda en la Presidencia de Costa Rica a Laura Chinchilla y mejorar una relaci\u00f3n muy deteriorada a causa de un litigio territorial que dirime la Corte Internacional de Justicia (CIJ). El mandatario nicarag\u00fcense hizo un gui\u00f1o este","og:url":"https:\/\/www.eldigitaldeasturias.com\/noticias\/ortega-buscara-el-dialogo-con-el-sucesor-de-chinchilla-para-mejorar-las-relaciones\/","article:tag":["actualidad"],"article:published_time":"2014-02-09T22:53:23+00:00","article:modified_time":"2014-02-09T22:53:23+00:00","article:publisher":"https:\/\/facebook.com\/eldigitaldeasturias","twitter:card":"summary_large_image","twitter:title":"Ortega buscar\u00e1 el di\u00e1logo con el sucesor de Chinchilla para mejorar las relaciones - El Digital de Asturias","twitter:description":"Managua, 9 feb (EFE).- El presidente de Nicaragua, Daniel Ortega, buscar\u00e1 retomar la senda del di\u00e1logo con quien suceda en la Presidencia de Costa Rica a Laura Chinchilla y mejorar una relaci\u00f3n muy deteriorada a causa de un litigio territorial que dirime la Corte Internacional de Justicia (CIJ). El mandatario nicarag\u00fcense hizo un gui\u00f1o este","twitter:label1":"Escrito por","twitter:data1":"El Digital de Asturias","twitter:label2":"Tiempo de lectura estimado","twitter:data2":"4 minutos"},"aioseo_meta_data":{"post_id":"487450","title":null,"description":null,"keywords":null,"keyphrases":null,"primary_term":null,"canonical_url":null,"og_title":null,"og_description":null,"og_object_type":"default","og_image_type":"default","og_image_url":null,"og_image_width":null,"og_image_height":null,"og_image_custom_url":null,"og_image_custom_fields":null,"og_video":null,"og_custom_url":null,"og_article_section":null,"og_article_tags":null,"twitter_use_og":true,"twitter_card":"default","twitter_image_type":"default","twitter_image_url":null,"twitter_image_custom_url":null,"twitter_image_custom_fields":null,"twitter_title":null,"twitter_description":null,"schema":{"blockGraphs":[],"customGraphs":[],"default":{"data":{"Article":[],"Course":[],"Dataset":[],"FAQPage":[],"Movie":[],"Person":[],"Product":[],"ProductReview":[],"Car":[],"Recipe":[],"Service":[],"SoftwareApplication":[],"WebPage":[]},"graphName":"","isEnabled":true},"graphs":[],"defaultGraph":"","defaultPostTypeGraph":""},"schema_type":null,"schema_type_options":null,"pillar_content":false,"robots_default":true,"robots_noindex":false,"robots_noarchive":false,"robots_nosnippet":false,"robots_nofollow":false,"robots_noimageindex":false,"robots_noodp":false,"robots_notranslate":false,"robots_max_snippet":null,"robots_max_videopreview":null,"robots_max_imagepreview":"none","priority":null,"frequency":null,"local_seo":null,"seo_analyzer_scan_date":"2026-06-03 04:46:12","breadcrumb_settings":null,"limit_modified_date":false,"open_ai":null,"ai":null,"created":"2020-11-14 22:56:22","updated":"2026-06-03 04:46:12","focus_keyword":null,"additional_keywords":null,"truseo_locale":null},"aioseo_breadcrumb":"<div class=\"aioseo-breadcrumbs\"><span class=\"aioseo-breadcrumb\">\n\t<a href=\"https:\/\/www.eldigitaldeasturias.com\/noticias\" title=\"Home\">Home<\/a>\n<\/span><span class=\"aioseo-breadcrumb-separator\">\u2013<\/span><span class=\"aioseo-breadcrumb\">\n\t<a href=\"https:\/\/www.eldigitaldeasturias.com\/noticias\/category\/actualidad\/\" title=\"Actualidad\">Actualidad<\/a>\n<\/span><span class=\"aioseo-breadcrumb-separator\">\u2013<\/span><span class=\"aioseo-breadcrumb\">\n\t<a href=\"https:\/\/www.eldigitaldeasturias.com\/noticias\/ortega-buscara-el-dialogo-con-el-sucesor-de-chinchilla-para-mejorar-las-relaciones\/\" title=\"Ortega buscar\u00e1 el di\u00e1logo con el sucesor de Chinchilla para mejorar las relaciones\">Ortega buscar\u00e1 el di\u00e1logo con el sucesor de Chinchilla para mejorar las relaciones<\/a>\n<\/span><\/div>","aioseo_breadcrumb_json":[{"label":"Home","link":"https:\/\/www.eldigitaldeasturias.com\/noticias"},{"label":"Actualidad","link":"https:\/\/www.eldigitaldeasturias.com\/noticias\/category\/actualidad\/"},{"label":"Ortega buscar\u00e1 el di\u00e1logo con el sucesor de Chinchilla para mejorar las relaciones","link":"https:\/\/www.eldigitaldeasturias.com\/noticias\/ortega-buscara-el-dialogo-con-el-sucesor-de-chinchilla-para-mejorar-las-relaciones\/"}],"_links":{"self":[{"href":"https:\/\/www.eldigitaldeasturias.com\/noticias\/wp-json\/wp\/v2\/posts\/487450","targetHints":{"allow":["GET"]}}],"collection":[{"href":"https:\/\/www.eldigitaldeasturias.com\/noticias\/wp-json\/wp\/v2\/posts"}],"about":[{"href":"https:\/\/www.eldigitaldeasturias.com\/noticias\/wp-json\/wp\/v2\/types\/post"}],"author":[{"embeddable":true,"href":"https:\/\/www.eldigitaldeasturias.com\/noticias\/wp-json\/wp\/v2\/users\/1"}],"replies":[{"embeddable":true,"href":"https:\/\/www.eldigitaldeasturias.com\/noticias\/wp-json\/wp\/v2\/comments?post=487450"}],"version-history":[{"count":0,"href":"https:\/\/www.eldigitaldeasturias.com\/noticias\/wp-json\/wp\/v2\/posts\/487450\/revisions"}],"wp:attachment":[{"href":"https:\/\/www.eldigitaldeasturias.com\/noticias\/wp-json\/wp\/v2\/media?parent=487450"}],"wp:term":[{"taxonomy":"category","embeddable":true,"href":"https:\/\/www.eldigitaldeasturias.com\/noticias\/wp-json\/wp\/v2\/categories?post=487450"},{"taxonomy":"post_tag","embeddable":true,"href":"https:\/\/www.eldigitaldeasturias.com\/noticias\/wp-json\/wp\/v2\/tags?post=487450"}],"curies":[{"name":"wp","href":"https:\/\/api.w.org\/{rel}","templated":true}]}}