{"id":487435,"date":"2014-02-09T21:47:33","date_gmt":"2014-02-09T22:47:33","guid":{"rendered":"http:\/\/www.eldigitaldeasturias.com\/noticias\/?p=487435"},"modified":"2014-02-09T21:47:33","modified_gmt":"2014-02-09T22:47:33","slug":"celta-y-athletic-miden-sus-rachas-positivas-en-balaidos","status":"publish","type":"post","link":"https:\/\/www.eldigitaldeasturias.com\/noticias\/celta-y-athletic-miden-sus-rachas-positivas-en-balaidos\/","title":{"rendered":"Celta y Athletic miden sus rachas positivas en Bala\u00eddos"},"content":{"rendered":"<p><img loading=\"lazy\" decoding=\"async\" class=\"alignleft size-medium wp-image-487436\" alt=\"5925572w\" src=\"https:\/\/www.eldigitaldeasturias.com\/noticias\/wp-content\/uploads\/2014\/02\/5925572w-360x239.jpg\" width=\"360\" height=\"239\" \/>Vigo\/Bilbao, 9 feb (EFE).- Celta de Vigo y Athletic Club pondr\u00e1n a prueba sus rachas positivas en Bala\u00eddos, con el objetivo de lograr la salvaci\u00f3n cuanto antes para los locales, y de afianzarse en la \u00faltima plaza de Liga de Campeones para los visitantes.<\/p>\n<p>Despu\u00e9s de cuatro meses de sufrimiento, el Celta de Luis Enrique ha logrado tomarle el pulso a la categor\u00eda. Se ha hecho fuerte en su estadio, donde no pierde desde el pasado mes de noviembre, y ha conseguido encadenar dos triunfos consecutivos, ante Betis y Granada.<\/p>\n<p>La mejor\u00eda experimentada por el Celta desde que empez\u00f3 el nuevo a\u00f1o hace pensar que la tercera victoria consecutiva es posible, aunque esta vez el examen es mucho m\u00e1s exigente porque enfrente tendr\u00e1 a un rival que llegar\u00e1 a Vigo lanzado, despu\u00e9s de sumar 23 de los \u00faltimos 30 puntos en juego.<\/p>\n<p>Esta temporada ambos equipos se han enfrentado tres veces, con dos triunfos para el Athletic, ambos en San Mames, y uno para el equipo gallego, en la ida de los octavos de final de la Copa del Rey que jugaron en Bala\u00eddos, eliminatoria que los rojiblancos remontaron despu\u00e9s en su estadio.<\/p>\n<p>Luis Enrique ha elogiado este mediod\u00eda al Athletic, al que calific\u00f3 como \u00abuno de los mejores equipos\u00bb del campeonato. Adelant\u00f3 adem\u00e1s que tiene decidido el once que alinear\u00e1 ma\u00f1ana, aunque al mismo tiempo confes\u00f3 que el mal estado del c\u00e9sped por las fuertes lluvias puede hacerle cambiar ese equipo.<\/p>\n<p>Ese once pod\u00eda parecerse mucho al que form\u00f3 el pasado viernes en Los C\u00e1rmenes ante el Granada, con una l\u00ednea defensiva formada por Hugo Mallo y Jonny en los laterales y el argentino Cabral y Font\u00e1s en el centro del eje, por lo que \u00cd\u00f1igo L\u00f3pez, uno de los refuerzos invernales, tendr\u00eda que seguir esperando por su oportunidad.<\/p>\n<p>Por delante, Borja Oubi\u00f1a, Alex L\u00f3pez y Augusto Fern\u00e1ndez parecen fijos en el centro del campo, al igual que Rafinha y Charles en la l\u00ednea m\u00e1s ofensiva, por lo que la \u00faltima plaza se la juegan Nolito, Krohn-Dehli y Orellana, con ventaja para \u00e9ste \u00faltimo, quien ha pasado de ser declarado transferible a indiscutible para su entrenador.<\/p>\n<p>El Athletic Club intentar\u00e1 aprovechar su gran momento de juego y resultados para fortalecer la cuarta posici\u00f3n en la que est\u00e1 instalado desde comienzos de diciembre.<\/p>\n<p>Si gana en Bala\u00eddos, la derrota del Villarreal en el Bernab\u00e9u le da la opci\u00f3n al equipo rojiblanco de ampliar a seis su renta respecto al &#8216;Submarino Amarillo&#8217; y de al menos mantener los siete que ahora tiene con la Real Sociedad, el otro gran rival por el momento por esa \u00faltima plaza de &#8216;Champions&#8217;.<\/p>\n<p>A pesar de no ganar en ninguna de las dos, el alto nivel alcanzado la pasada semana en San Mam\u00e9s en dos citas de la m\u00e1xima exigencia como las del Atl\u00e9tico de Madrid, en Copa, y el Real Madrid, en Liga, ha reforzado la autoestima de un grupo que se ve capacitado para competir de t\u00fa a t\u00fa con cualquier rival.<\/p>\n<p>El t\u00e9cnico del equipo rojiblanco, Ernesto Valverde, podr\u00e1 alinear a su equipo de gala en Bala\u00eddos, con el probable regreso de Andoni Iraola al lateral derecho en lugar de \u00d3scar de Marcos y la opci\u00f3n de que Ibai G\u00f3mez, m\u00e1ximo goleador del equipo y en buena forma, pueda ser titular en detrimento de Iker Muniain o Ander Herrera.<\/p>\n<p>Las dos \u00fanicas bajas del Athletic para este encuentro son las de los lesionados Gaizka Toquero y Be\u00f1at Etxebarria. El delantero est\u00e1 fuera del equipo desde hace tres semanas por una contusi\u00f3n en el muslo izquierdo, mientras que el centrocampista internacional se encuentra aquejado desde el jueves de una lumbalgia aguda.<\/p>\n<p>Alineaciones probables<\/p>\n<p>Celta: Yoel; Hugo Mallo, Cabral, Font\u00e1s, Jonny; Borja Oubi\u00f1a, Augusto Fern\u00e1ndez, Alex L\u00f3pez; Orellana, Nolito y Charles.<\/p>\n<p>Athletic: Iraizoz; Iraola, Gurpegui, Laporte, Balenziaga; Iturraspe, Rico, Herrera; Susaeta, Aduriz y Muniain.<\/p>\n<p>Estadio: Bala\u00eddos (22.00 horas)<\/p>\n<p>\u00c1rbitro: Del Cerro Grande (colegio madrile\u00f1o).<\/p>\n","protected":false},"excerpt":{"rendered":"<p>Vigo\/Bilbao, 9 feb (EFE).- Celta de Vigo y Athletic Club pondr\u00e1n a prueba sus rachas positivas en Bala\u00eddos, con el objetivo de lograr la salvaci\u00f3n cuanto antes para los locales, y de afianzarse en la \u00faltima plaza de Liga de Campeones para los visitantes. Despu\u00e9s de cuatro meses de sufrimiento, el Celta de Luis Enrique [&hellip;]<\/p>\n","protected":false},"author":1,"featured_media":487436,"comment_status":"open","ping_status":"open","sticky":false,"template":"","format":"standard","meta":{"footnotes":""},"categories":[1],"tags":[],"class_list":["post-487435","post","type-post","status-publish","format-standard","has-post-thumbnail","hentry","category-actualidad"],"aioseo_notices":[],"aioseo_head":"\n\t\t<!-- All in One SEO Pro 5.0.1 - aioseo.com -->\n\t<meta name=\"description\" content=\"Vigo\/Bilbao, 9 feb (EFE).- Celta de Vigo y Athletic Club pondr\u00e1n a prueba sus rachas positivas en Bala\u00eddos, con el objetivo de lograr la salvaci\u00f3n cuanto antes para los locales, y de afianzarse en la \u00faltima plaza de Liga de Campeones para los visitantes. Despu\u00e9s de cuatro meses de sufrimiento, el Celta de Luis Enrique\" \/>\n\t<meta name=\"robots\" content=\"max-image-preview:large\" \/>\n\t<meta name=\"author\" content=\"El Digital de Asturias\"\/>\n\t<meta name=\"google-site-verification\" content=\"UA-38556648-1\" \/>\n\t<meta name=\"msvalidate.01\" content=\"7dfe9f3f1b24437ab69f4f2559babe99\" \/>\n\t<meta name=\"keywords\" content=\"actualidad\" \/>\n\t<link rel=\"canonical\" href=\"https:\/\/www.eldigitaldeasturias.com\/noticias\/celta-y-athletic-miden-sus-rachas-positivas-en-balaidos\/\" \/>\n\t<meta name=\"generator\" content=\"All in One SEO Pro (AIOSEO) 5.0.1\" \/>\n\t\t<meta property=\"og:locale\" content=\"es_ES\" \/>\n\t\t<meta property=\"og:site_name\" content=\"El Digital de Asturias\" \/>\n\t\t<meta property=\"og:type\" content=\"article\" \/>\n\t\t<meta property=\"og:title\" content=\"Celta y Athletic miden sus rachas positivas en Bala\u00eddos - El Digital de Asturias\" \/>\n\t\t<meta property=\"og:description\" content=\"Vigo\/Bilbao, 9 feb (EFE).- Celta de Vigo y Athletic Club pondr\u00e1n a prueba sus rachas positivas en Bala\u00eddos, con el objetivo de lograr la salvaci\u00f3n cuanto antes para los locales, y de afianzarse en la \u00faltima plaza de Liga de Campeones para los visitantes. Despu\u00e9s de cuatro meses de sufrimiento, el Celta de Luis Enrique\" \/>\n\t\t<meta property=\"og:url\" content=\"https:\/\/www.eldigitaldeasturias.com\/noticias\/celta-y-athletic-miden-sus-rachas-positivas-en-balaidos\/\" \/>\n\t\t<meta property=\"article:tag\" content=\"actualidad\" \/>\n\t\t<meta property=\"article:published_time\" content=\"2014-02-09T22:47:33+00:00\" \/>\n\t\t<meta property=\"article:modified_time\" content=\"2014-02-09T22:47:33+00:00\" \/>\n\t\t<meta property=\"article:publisher\" content=\"https:\/\/facebook.com\/eldigitaldeasturias\" \/>\n\t\t<meta name=\"twitter:card\" content=\"summary_large_image\" \/>\n\t\t<meta name=\"twitter:title\" content=\"Celta y Athletic miden sus rachas positivas en Bala\u00eddos - El Digital de Asturias\" \/>\n\t\t<meta name=\"twitter:description\" content=\"Vigo\/Bilbao, 9 feb (EFE).- Celta de Vigo y Athletic Club pondr\u00e1n a prueba sus rachas positivas en Bala\u00eddos, con el objetivo de lograr la salvaci\u00f3n cuanto antes para los locales, y de afianzarse en la \u00faltima plaza de Liga de Campeones para los visitantes. Despu\u00e9s de cuatro meses de sufrimiento, el Celta de Luis Enrique\" \/>\n\t\t<meta name=\"twitter:label1\" content=\"Escrito por\" \/>\n\t\t<meta name=\"twitter:data1\" content=\"El Digital de Asturias\" \/>\n\t\t<meta name=\"twitter:label2\" content=\"Tiempo de lectura estimado\" \/>\n\t\t<meta name=\"twitter:data2\" content=\"3 minutos\" \/>\n\t\t<script type=\"application\/ld+json\" class=\"aioseo-schema\">\n\t\t\t{\"@context\":\"https:\\\/\\\/schema.org\",\"@graph\":[{\"@type\":\"BlogPosting\",\"@id\":\"https:\\\/\\\/www.eldigitaldeasturias.com\\\/noticias\\\/celta-y-athletic-miden-sus-rachas-positivas-en-balaidos\\\/#blogposting\",\"name\":\"Celta y Athletic miden sus rachas positivas en Bala\\u00eddos - El Digital de Asturias\",\"headline\":\"Celta y Athletic miden sus rachas positivas en Bala\\u00eddos\",\"author\":{\"@id\":\"https:\\\/\\\/www.eldigitaldeasturias.com\\\/noticias\\\/author\\\/admin\\\/#author\"},\"publisher\":{\"@id\":\"https:\\\/\\\/www.eldigitaldeasturias.com\\\/noticias\\\/#organization\"},\"image\":{\"@type\":\"ImageObject\",\"url\":487436},\"datePublished\":\"2014-02-09T21:47:33+01:00\",\"dateModified\":\"2014-02-09T21:47:33+01:00\",\"inLanguage\":\"es-ES\",\"mainEntityOfPage\":{\"@id\":\"https:\\\/\\\/www.eldigitaldeasturias.com\\\/noticias\\\/celta-y-athletic-miden-sus-rachas-positivas-en-balaidos\\\/#webpage\"},\"isPartOf\":{\"@id\":\"https:\\\/\\\/www.eldigitaldeasturias.com\\\/noticias\\\/celta-y-athletic-miden-sus-rachas-positivas-en-balaidos\\\/#webpage\"},\"articleSection\":\"Actualidad\"},{\"@type\":\"BreadcrumbList\",\"@id\":\"https:\\\/\\\/www.eldigitaldeasturias.com\\\/noticias\\\/celta-y-athletic-miden-sus-rachas-positivas-en-balaidos\\\/#breadcrumblist\",\"itemListElement\":[{\"@type\":\"ListItem\",\"@id\":\"https:\\\/\\\/www.eldigitaldeasturias.com\\\/noticias#listItem\",\"position\":1,\"name\":\"Home\",\"item\":\"https:\\\/\\\/www.eldigitaldeasturias.com\\\/noticias\",\"nextItem\":{\"@type\":\"ListItem\",\"@id\":\"https:\\\/\\\/www.eldigitaldeasturias.com\\\/noticias\\\/category\\\/actualidad\\\/#listItem\",\"name\":\"Actualidad\"}},{\"@type\":\"ListItem\",\"@id\":\"https:\\\/\\\/www.eldigitaldeasturias.com\\\/noticias\\\/category\\\/actualidad\\\/#listItem\",\"position\":2,\"name\":\"Actualidad\",\"item\":\"https:\\\/\\\/www.eldigitaldeasturias.com\\\/noticias\\\/category\\\/actualidad\\\/\",\"nextItem\":{\"@type\":\"ListItem\",\"@id\":\"https:\\\/\\\/www.eldigitaldeasturias.com\\\/noticias\\\/celta-y-athletic-miden-sus-rachas-positivas-en-balaidos\\\/#listItem\",\"name\":\"Celta y Athletic miden sus rachas positivas en Bala\\u00eddos\"},\"previousItem\":{\"@type\":\"ListItem\",\"@id\":\"https:\\\/\\\/www.eldigitaldeasturias.com\\\/noticias#listItem\",\"name\":\"Home\"}},{\"@type\":\"ListItem\",\"@id\":\"https:\\\/\\\/www.eldigitaldeasturias.com\\\/noticias\\\/celta-y-athletic-miden-sus-rachas-positivas-en-balaidos\\\/#listItem\",\"position\":3,\"name\":\"Celta y Athletic miden sus rachas positivas en Bala\\u00eddos\",\"previousItem\":{\"@type\":\"ListItem\",\"@id\":\"https:\\\/\\\/www.eldigitaldeasturias.com\\\/noticias\\\/category\\\/actualidad\\\/#listItem\",\"name\":\"Actualidad\"}}]},{\"@type\":\"Organization\",\"@id\":\"https:\\\/\\\/www.eldigitaldeasturias.com\\\/noticias\\\/#organization\",\"name\":\"El Digital de Asturias\",\"description\":\"Hemeroteca\",\"url\":\"https:\\\/\\\/www.eldigitaldeasturias.com\\\/noticias\\\/\",\"email\":\"info@eldigitaldeasturias.com\",\"telephone\":\"+34652131393\",\"logo\":{\"@type\":\"ImageObject\",\"url\":\"https:\\\/\\\/www.eldigitaldeasturias.com\\\/noticias\\\/wp-content\\\/uploads\\\/2020\\\/12\\\/EDA.jpg\",\"@id\":\"https:\\\/\\\/www.eldigitaldeasturias.com\\\/noticias\\\/celta-y-athletic-miden-sus-rachas-positivas-en-balaidos\\\/#organizationLogo\"},\"image\":{\"@id\":\"https:\\\/\\\/www.eldigitaldeasturias.com\\\/noticias\\\/celta-y-athletic-miden-sus-rachas-positivas-en-balaidos\\\/#organizationLogo\"},\"sameAs\":[\"https:\\\/\\\/facebook.com\\\/eldigitaldeasturias\",\"https:\\\/\\\/www.youtube.com\\\/channel\\\/UCZP-2wLEB9Rv6erhFmqVnvg\"],\"address\":{\"@id\":\"https:\\\/\\\/www.eldigitaldeasturias.com\\\/noticias\\\/#postaladdress\",\"@type\":\"PostalAddress\",\"streetAddress\":\"san antonio 4\",\"postalCode\":\"33430\",\"addressLocality\":\"Cand\\u00e1s\",\"addressRegion\":\"Asturias\",\"addressCountry\":\"ES\"}},{\"@type\":\"Person\",\"@id\":\"https:\\\/\\\/www.eldigitaldeasturias.com\\\/noticias\\\/author\\\/admin\\\/#author\",\"url\":\"https:\\\/\\\/www.eldigitaldeasturias.com\\\/noticias\\\/author\\\/admin\\\/\",\"name\":\"El Digital de Asturias\",\"image\":{\"@type\":\"ImageObject\",\"@id\":\"https:\\\/\\\/www.eldigitaldeasturias.com\\\/noticias\\\/celta-y-athletic-miden-sus-rachas-positivas-en-balaidos\\\/#authorImage\",\"url\":\"https:\\\/\\\/secure.gravatar.com\\\/avatar\\\/df2aeffc32bcd13f8d26072ef8a91b623d677766deac7f97ca815868cd41bf5e?s=96&d=mm&r=g\",\"width\":96,\"height\":96,\"caption\":\"El Digital de Asturias\"}},{\"@type\":\"WebPage\",\"@id\":\"https:\\\/\\\/www.eldigitaldeasturias.com\\\/noticias\\\/celta-y-athletic-miden-sus-rachas-positivas-en-balaidos\\\/#webpage\",\"url\":\"https:\\\/\\\/www.eldigitaldeasturias.com\\\/noticias\\\/celta-y-athletic-miden-sus-rachas-positivas-en-balaidos\\\/\",\"name\":\"Celta y Athletic miden sus rachas positivas en Bala\\u00eddos - El Digital de Asturias\",\"description\":\"Vigo\\\/Bilbao, 9 feb (EFE).- Celta de Vigo y Athletic Club pondr\\u00e1n a prueba sus rachas positivas en Bala\\u00eddos, con el objetivo de lograr la salvaci\\u00f3n cuanto antes para los locales, y de afianzarse en la \\u00faltima plaza de Liga de Campeones para los visitantes. Despu\\u00e9s de cuatro meses de sufrimiento, el Celta de Luis Enrique\",\"inLanguage\":\"es-ES\",\"isPartOf\":{\"@id\":\"https:\\\/\\\/www.eldigitaldeasturias.com\\\/noticias\\\/#website\"},\"breadcrumb\":{\"@id\":\"https:\\\/\\\/www.eldigitaldeasturias.com\\\/noticias\\\/celta-y-athletic-miden-sus-rachas-positivas-en-balaidos\\\/#breadcrumblist\"},\"author\":{\"@id\":\"https:\\\/\\\/www.eldigitaldeasturias.com\\\/noticias\\\/author\\\/admin\\\/#author\"},\"creator\":{\"@id\":\"https:\\\/\\\/www.eldigitaldeasturias.com\\\/noticias\\\/author\\\/admin\\\/#author\"},\"image\":{\"@type\":\"ImageObject\",\"url\":487436,\"@id\":\"https:\\\/\\\/www.eldigitaldeasturias.com\\\/noticias\\\/celta-y-athletic-miden-sus-rachas-positivas-en-balaidos\\\/#mainImage\"},\"primaryImageOfPage\":{\"@id\":\"https:\\\/\\\/www.eldigitaldeasturias.com\\\/noticias\\\/celta-y-athletic-miden-sus-rachas-positivas-en-balaidos\\\/#mainImage\"},\"datePublished\":\"2014-02-09T21:47:33+01:00\",\"dateModified\":\"2014-02-09T21:47:33+01:00\"},{\"@type\":\"WebSite\",\"@id\":\"https:\\\/\\\/www.eldigitaldeasturias.com\\\/noticias\\\/#website\",\"url\":\"https:\\\/\\\/www.eldigitaldeasturias.com\\\/noticias\\\/\",\"name\":\"El Digital de Asturias - Diario de actualidad y noticias\",\"alternateName\":\"El Digital de Asturias - Diario de actualidad y noticias\",\"description\":\"Hemeroteca\",\"inLanguage\":\"es-ES\",\"publisher\":{\"@id\":\"https:\\\/\\\/www.eldigitaldeasturias.com\\\/noticias\\\/#organization\"}}]}\n\t\t<\/script>\n\t\t<!-- All in One SEO Pro -->\r\n\t\t<title>Celta y Athletic miden sus rachas positivas en Bala\u00eddos - El Digital de Asturias<\/title>\n\n","aioseo_head_json":{"title":"Celta y Athletic miden sus rachas positivas en Bala\u00eddos - El Digital de Asturias","description":"Vigo\/Bilbao, 9 feb (EFE).- Celta de Vigo y Athletic Club pondr\u00e1n a prueba sus rachas positivas en Bala\u00eddos, con el objetivo de lograr la salvaci\u00f3n cuanto antes para los locales, y de afianzarse en la \u00faltima plaza de Liga de Campeones para los visitantes. Despu\u00e9s de cuatro meses de sufrimiento, el Celta de Luis Enrique","canonical_url":"https:\/\/www.eldigitaldeasturias.com\/noticias\/celta-y-athletic-miden-sus-rachas-positivas-en-balaidos\/","robots":"max-image-preview:large","keywords":"actualidad","webmasterTools":{"google-site-verification":"UA-38556648-1","msvalidate.01":"7dfe9f3f1b24437ab69f4f2559babe99","miscellaneous":""},"schema":{"@context":"https:\/\/schema.org","@graph":[{"@type":"BlogPosting","@id":"https:\/\/www.eldigitaldeasturias.com\/noticias\/celta-y-athletic-miden-sus-rachas-positivas-en-balaidos\/#blogposting","name":"Celta y Athletic miden sus rachas positivas en Bala\u00eddos - El Digital de Asturias","headline":"Celta y Athletic miden sus rachas positivas en Bala\u00eddos","author":{"@id":"https:\/\/www.eldigitaldeasturias.com\/noticias\/author\/admin\/#author"},"publisher":{"@id":"https:\/\/www.eldigitaldeasturias.com\/noticias\/#organization"},"image":{"@type":"ImageObject","url":487436},"datePublished":"2014-02-09T21:47:33+01:00","dateModified":"2014-02-09T21:47:33+01:00","inLanguage":"es-ES","mainEntityOfPage":{"@id":"https:\/\/www.eldigitaldeasturias.com\/noticias\/celta-y-athletic-miden-sus-rachas-positivas-en-balaidos\/#webpage"},"isPartOf":{"@id":"https:\/\/www.eldigitaldeasturias.com\/noticias\/celta-y-athletic-miden-sus-rachas-positivas-en-balaidos\/#webpage"},"articleSection":"Actualidad"},{"@type":"BreadcrumbList","@id":"https:\/\/www.eldigitaldeasturias.com\/noticias\/celta-y-athletic-miden-sus-rachas-positivas-en-balaidos\/#breadcrumblist","itemListElement":[{"@type":"ListItem","@id":"https:\/\/www.eldigitaldeasturias.com\/noticias#listItem","position":1,"name":"Home","item":"https:\/\/www.eldigitaldeasturias.com\/noticias","nextItem":{"@type":"ListItem","@id":"https:\/\/www.eldigitaldeasturias.com\/noticias\/category\/actualidad\/#listItem","name":"Actualidad"}},{"@type":"ListItem","@id":"https:\/\/www.eldigitaldeasturias.com\/noticias\/category\/actualidad\/#listItem","position":2,"name":"Actualidad","item":"https:\/\/www.eldigitaldeasturias.com\/noticias\/category\/actualidad\/","nextItem":{"@type":"ListItem","@id":"https:\/\/www.eldigitaldeasturias.com\/noticias\/celta-y-athletic-miden-sus-rachas-positivas-en-balaidos\/#listItem","name":"Celta y Athletic miden sus rachas positivas en Bala\u00eddos"},"previousItem":{"@type":"ListItem","@id":"https:\/\/www.eldigitaldeasturias.com\/noticias#listItem","name":"Home"}},{"@type":"ListItem","@id":"https:\/\/www.eldigitaldeasturias.com\/noticias\/celta-y-athletic-miden-sus-rachas-positivas-en-balaidos\/#listItem","position":3,"name":"Celta y Athletic miden sus rachas positivas en Bala\u00eddos","previousItem":{"@type":"ListItem","@id":"https:\/\/www.eldigitaldeasturias.com\/noticias\/category\/actualidad\/#listItem","name":"Actualidad"}}]},{"@type":"Organization","@id":"https:\/\/www.eldigitaldeasturias.com\/noticias\/#organization","name":"El Digital de Asturias","description":"Hemeroteca","url":"https:\/\/www.eldigitaldeasturias.com\/noticias\/","email":"info@eldigitaldeasturias.com","telephone":"+34652131393","logo":{"@type":"ImageObject","url":"https:\/\/www.eldigitaldeasturias.com\/noticias\/wp-content\/uploads\/2020\/12\/EDA.jpg","@id":"https:\/\/www.eldigitaldeasturias.com\/noticias\/celta-y-athletic-miden-sus-rachas-positivas-en-balaidos\/#organizationLogo"},"image":{"@id":"https:\/\/www.eldigitaldeasturias.com\/noticias\/celta-y-athletic-miden-sus-rachas-positivas-en-balaidos\/#organizationLogo"},"sameAs":["https:\/\/facebook.com\/eldigitaldeasturias","https:\/\/www.youtube.com\/channel\/UCZP-2wLEB9Rv6erhFmqVnvg"],"address":{"@id":"https:\/\/www.eldigitaldeasturias.com\/noticias\/#postaladdress","@type":"PostalAddress","streetAddress":"san antonio 4","postalCode":"33430","addressLocality":"Cand\u00e1s","addressRegion":"Asturias","addressCountry":"ES"}},{"@type":"Person","@id":"https:\/\/www.eldigitaldeasturias.com\/noticias\/author\/admin\/#author","url":"https:\/\/www.eldigitaldeasturias.com\/noticias\/author\/admin\/","name":"El Digital de Asturias","image":{"@type":"ImageObject","@id":"https:\/\/www.eldigitaldeasturias.com\/noticias\/celta-y-athletic-miden-sus-rachas-positivas-en-balaidos\/#authorImage","url":"https:\/\/secure.gravatar.com\/avatar\/df2aeffc32bcd13f8d26072ef8a91b623d677766deac7f97ca815868cd41bf5e?s=96&d=mm&r=g","width":96,"height":96,"caption":"El Digital de Asturias"}},{"@type":"WebPage","@id":"https:\/\/www.eldigitaldeasturias.com\/noticias\/celta-y-athletic-miden-sus-rachas-positivas-en-balaidos\/#webpage","url":"https:\/\/www.eldigitaldeasturias.com\/noticias\/celta-y-athletic-miden-sus-rachas-positivas-en-balaidos\/","name":"Celta y Athletic miden sus rachas positivas en Bala\u00eddos - El Digital de Asturias","description":"Vigo\/Bilbao, 9 feb (EFE).- Celta de Vigo y Athletic Club pondr\u00e1n a prueba sus rachas positivas en Bala\u00eddos, con el objetivo de lograr la salvaci\u00f3n cuanto antes para los locales, y de afianzarse en la \u00faltima plaza de Liga de Campeones para los visitantes. Despu\u00e9s de cuatro meses de sufrimiento, el Celta de Luis Enrique","inLanguage":"es-ES","isPartOf":{"@id":"https:\/\/www.eldigitaldeasturias.com\/noticias\/#website"},"breadcrumb":{"@id":"https:\/\/www.eldigitaldeasturias.com\/noticias\/celta-y-athletic-miden-sus-rachas-positivas-en-balaidos\/#breadcrumblist"},"author":{"@id":"https:\/\/www.eldigitaldeasturias.com\/noticias\/author\/admin\/#author"},"creator":{"@id":"https:\/\/www.eldigitaldeasturias.com\/noticias\/author\/admin\/#author"},"image":{"@type":"ImageObject","url":487436,"@id":"https:\/\/www.eldigitaldeasturias.com\/noticias\/celta-y-athletic-miden-sus-rachas-positivas-en-balaidos\/#mainImage"},"primaryImageOfPage":{"@id":"https:\/\/www.eldigitaldeasturias.com\/noticias\/celta-y-athletic-miden-sus-rachas-positivas-en-balaidos\/#mainImage"},"datePublished":"2014-02-09T21:47:33+01:00","dateModified":"2014-02-09T21:47:33+01:00"},{"@type":"WebSite","@id":"https:\/\/www.eldigitaldeasturias.com\/noticias\/#website","url":"https:\/\/www.eldigitaldeasturias.com\/noticias\/","name":"El Digital de Asturias - Diario de actualidad y noticias","alternateName":"El Digital de Asturias - Diario de actualidad y noticias","description":"Hemeroteca","inLanguage":"es-ES","publisher":{"@id":"https:\/\/www.eldigitaldeasturias.com\/noticias\/#organization"}}]},"og:locale":"es_ES","og:site_name":"El Digital de Asturias","og:type":"article","og:title":"Celta y Athletic miden sus rachas positivas en Bala\u00eddos - El Digital de Asturias","og:description":"Vigo\/Bilbao, 9 feb (EFE).- Celta de Vigo y Athletic Club pondr\u00e1n a prueba sus rachas positivas en Bala\u00eddos, con el objetivo de lograr la salvaci\u00f3n cuanto antes para los locales, y de afianzarse en la \u00faltima plaza de Liga de Campeones para los visitantes. Despu\u00e9s de cuatro meses de sufrimiento, el Celta de Luis Enrique","og:url":"https:\/\/www.eldigitaldeasturias.com\/noticias\/celta-y-athletic-miden-sus-rachas-positivas-en-balaidos\/","article:tag":["actualidad"],"article:published_time":"2014-02-09T22:47:33+00:00","article:modified_time":"2014-02-09T22:47:33+00:00","article:publisher":"https:\/\/facebook.com\/eldigitaldeasturias","twitter:card":"summary_large_image","twitter:title":"Celta y Athletic miden sus rachas positivas en Bala\u00eddos - El Digital de Asturias","twitter:description":"Vigo\/Bilbao, 9 feb (EFE).- Celta de Vigo y Athletic Club pondr\u00e1n a prueba sus rachas positivas en Bala\u00eddos, con el objetivo de lograr la salvaci\u00f3n cuanto antes para los locales, y de afianzarse en la \u00faltima plaza de Liga de Campeones para los visitantes. Despu\u00e9s de cuatro meses de sufrimiento, el Celta de Luis Enrique","twitter:label1":"Escrito por","twitter:data1":"El Digital de Asturias","twitter:label2":"Tiempo de lectura estimado","twitter:data2":"3 minutos"},"aioseo_meta_data":{"post_id":"487435","title":null,"description":null,"keywords":null,"keyphrases":null,"primary_term":null,"canonical_url":null,"og_title":null,"og_description":null,"og_object_type":"default","og_image_type":"default","og_image_url":null,"og_image_width":null,"og_image_height":null,"og_image_custom_url":null,"og_image_custom_fields":null,"og_video":null,"og_custom_url":null,"og_article_section":null,"og_article_tags":null,"twitter_use_og":true,"twitter_card":"default","twitter_image_type":"default","twitter_image_url":null,"twitter_image_custom_url":null,"twitter_image_custom_fields":null,"twitter_title":null,"twitter_description":null,"schema":{"blockGraphs":[],"customGraphs":[],"default":{"data":{"Article":[],"Course":[],"Dataset":[],"FAQPage":[],"Movie":[],"Person":[],"Product":[],"ProductReview":[],"Car":[],"Recipe":[],"Service":[],"SoftwareApplication":[],"WebPage":[]},"graphName":"","isEnabled":true},"graphs":[],"defaultGraph":"","defaultPostTypeGraph":""},"schema_type":null,"schema_type_options":null,"pillar_content":false,"robots_default":true,"robots_noindex":false,"robots_noarchive":false,"robots_nosnippet":false,"robots_nofollow":false,"robots_noimageindex":false,"robots_noodp":false,"robots_notranslate":false,"robots_max_snippet":null,"robots_max_videopreview":null,"robots_max_imagepreview":"none","priority":null,"frequency":null,"local_seo":null,"seo_analyzer_scan_date":"2026-06-03 04:42:47","breadcrumb_settings":null,"limit_modified_date":false,"open_ai":null,"ai":null,"created":"2020-11-14 22:56:22","updated":"2026-06-03 04:42:47","focus_keyword":null,"additional_keywords":null,"truseo_locale":null},"aioseo_breadcrumb":"<div class=\"aioseo-breadcrumbs\"><span class=\"aioseo-breadcrumb\">\n\t<a href=\"https:\/\/www.eldigitaldeasturias.com\/noticias\" title=\"Home\">Home<\/a>\n<\/span><span class=\"aioseo-breadcrumb-separator\">\u2013<\/span><span class=\"aioseo-breadcrumb\">\n\t<a href=\"https:\/\/www.eldigitaldeasturias.com\/noticias\/category\/actualidad\/\" title=\"Actualidad\">Actualidad<\/a>\n<\/span><span class=\"aioseo-breadcrumb-separator\">\u2013<\/span><span class=\"aioseo-breadcrumb\">\n\t<a href=\"https:\/\/www.eldigitaldeasturias.com\/noticias\/celta-y-athletic-miden-sus-rachas-positivas-en-balaidos\/\" title=\"Celta y Athletic miden sus rachas positivas en Bala\u00eddos\">Celta y Athletic miden sus rachas positivas en Bala\u00eddos<\/a>\n<\/span><\/div>","aioseo_breadcrumb_json":[{"label":"Home","link":"https:\/\/www.eldigitaldeasturias.com\/noticias"},{"label":"Actualidad","link":"https:\/\/www.eldigitaldeasturias.com\/noticias\/category\/actualidad\/"},{"label":"Celta y Athletic miden sus rachas positivas en Bala\u00eddos","link":"https:\/\/www.eldigitaldeasturias.com\/noticias\/celta-y-athletic-miden-sus-rachas-positivas-en-balaidos\/"}],"_links":{"self":[{"href":"https:\/\/www.eldigitaldeasturias.com\/noticias\/wp-json\/wp\/v2\/posts\/487435","targetHints":{"allow":["GET"]}}],"collection":[{"href":"https:\/\/www.eldigitaldeasturias.com\/noticias\/wp-json\/wp\/v2\/posts"}],"about":[{"href":"https:\/\/www.eldigitaldeasturias.com\/noticias\/wp-json\/wp\/v2\/types\/post"}],"author":[{"embeddable":true,"href":"https:\/\/www.eldigitaldeasturias.com\/noticias\/wp-json\/wp\/v2\/users\/1"}],"replies":[{"embeddable":true,"href":"https:\/\/www.eldigitaldeasturias.com\/noticias\/wp-json\/wp\/v2\/comments?post=487435"}],"version-history":[{"count":0,"href":"https:\/\/www.eldigitaldeasturias.com\/noticias\/wp-json\/wp\/v2\/posts\/487435\/revisions"}],"wp:attachment":[{"href":"https:\/\/www.eldigitaldeasturias.com\/noticias\/wp-json\/wp\/v2\/media?parent=487435"}],"wp:term":[{"taxonomy":"category","embeddable":true,"href":"https:\/\/www.eldigitaldeasturias.com\/noticias\/wp-json\/wp\/v2\/categories?post=487435"},{"taxonomy":"post_tag","embeddable":true,"href":"https:\/\/www.eldigitaldeasturias.com\/noticias\/wp-json\/wp\/v2\/tags?post=487435"}],"curies":[{"name":"wp","href":"https:\/\/api.w.org\/{rel}","templated":true}]}}